{"id":1004,"date":"2024-01-17T08:24:06","date_gmt":"2024-01-17T08:24:06","guid":{"rendered":"https:\/\/gavri.es\/blog\/?p=1004"},"modified":"2024-01-17T08:25:22","modified_gmt":"2024-01-17T08:25:22","slug":"momentos-gloria-casafan-ventiladores-techo-eco-neo","status":"publish","type":"post","link":"https:\/\/gavri-src.addisnetwork.es\/blog\/momentos-gloria-casafan-ventiladores-techo-eco-neo.html","title":{"rendered":"Momentos de gloria para Casafan: Ventiladores de techo Eco Neo"},"content":{"rendered":"\n<p>\u00a1Bienvenidos al blog de Gavri! Hoy queremos hablarles de un verdadero \u00edcono en el mundo de la climatizaci\u00f3n del hogar: los ventiladores de techo Eco Neo de Casafan. Si est\u00e1s buscando la combinaci\u00f3n perfecta de estilo, eficiencia y funcionalidad en un ventilador de techo, est\u00e1s en el lugar correcto. Acomp\u00e1\u00f1anos mientras exploramos todas las caracter\u00edsticas y ventajas que hacen que estos ventiladores de techo destaquen.<\/p>\n\n\n\n<!--more-->\n\n\n\n<h2 class=\"wp-block-heading\"><strong>Descubriendo los Ventiladores de techo Eco Neo<\/strong><\/h2>\n\n\n\n<p>Los <a href=\"https:\/\/gavri.es\/busqueda?controller=search&amp;s=eco+neo\"><strong>ventiladores de techo Eco Neo<\/strong><\/a> son mucho m\u00e1s que simples dispositivos para mantener tu hogar fresco. Son obras maestras de la ingenier\u00eda dise\u00f1adas para brindarte comodidad, luz y estilo al mismo tiempo. Hablamos de luz puesto que tienen la posibilidad de a\u00f1adir el <a href=\"https:\/\/gavri.es\/accesorios-para-ventiladores-de-techo\/kit-de-luz-blanco-en5r-led-we-2686-para-ventiladores-de-techo-casafan-eco-neo-iii\"><strong>kit de luz<\/strong><\/a> a parte.<\/p>\n\n\n\n<h3 class=\"wp-block-heading\"><strong>Personaliza tu espacio con ventiladores de techo Eco Neo<\/strong><\/h3>\n\n\n\n<p>Una de las caracter\u00edsticas m\u00e1s destacadas de los ventiladores de techo Eco Neo es la posibilidad de <strong>personalizar tu espacio<\/strong>. Con una gran variedad de colores de aspas disponibles, puedes elegir el que mejor se adapte a la decoraci\u00f3n de tu hogar. Desde <a href=\"https:\/\/gavri.es\/inicio\/ventilador-de-techo-casafan-943131-eco-neo-iii-103cm-blanco\"><strong>blanco<\/strong><\/a> hasta <a href=\"https:\/\/gavri.es\/ventiladores-de-techo\/ventilador-de-techo-casafan-eco-neo-iii-103cm-943121-blanco-arce-o-haya\"><strong>arce o haya<\/strong><\/a>, la elecci\u00f3n es tuya. Adem\u00e1s, con opciones de tama\u00f1o de aspas que van <strong>desde 92 cm hasta 180 cm<\/strong>, pasando por 103, 132 y 152cm, puedes encontrar el tama\u00f1o perfecto para tu habitaci\u00f3n.<\/p>\n\n\n\n<p><strong>Lo m\u00e1s sorprendente es que las aspas de estos ventiladores son reversibles<\/strong>, lo que significa que puedes comprar un color diferente para cada cara. Esto te permite cambiar el aspecto de tu ventilador de techo seg\u00fan tu estado de \u00e1nimo o la temporada del a\u00f1o. \u00a1<strong>Imagina las posibilidades de dise\u00f1o que esto te ofrece<\/strong>!<\/p>\n\n\n\n<h4 class=\"wp-block-heading\"><strong>Eficiencia energ\u00e9tica y silencio absoluto con el motor DC<\/strong><\/h4>\n\n\n\n<p>Cuando se trata de eficiencia energ\u00e9tica y tranquilidad, los ventiladores de techo Eco Neo de Casafan se destacan con su motor DC de bajo consumo y ruido inexistente. <strong>El motor DC no solo consume menos energ\u00eda, lo que es amigable con tu bolsillo y el medio ambiente, sino que tambi\u00e9n funciona de manera incre\u00edblemente silenciosa<\/strong>. Puedes disfrutar de un ambiente fresco y relajante sin ser molestado por ruidos molestos.<\/p>\n\n\n\n<p>En nuestro blog, hemos profundizado en el tema del motor DC en los ventiladores de techo. Si deseas obtener m\u00e1s informaci\u00f3n sobre esta tecnolog\u00eda, te invitamos a leer nuestro art\u00edculo <a href=\"https:\/\/gavri.es\/blog\/conoce-ventiladores-techo-motor-dc-ec-casafan.html\">aqu\u00ed<\/a>.<\/p>\n\n\n\n<h4 class=\"wp-block-heading\"><strong>Experimenta la suavidad con la funci\u00f3n Slow Motion<\/strong><\/h4>\n\n\n\n<p>Otra caracter\u00edstica que hace que los ventiladores de techo Eco Neo sean excepcionales es su funci\u00f3n Slow Motion. <strong>Esta funci\u00f3n te permite experimentar una brisa suave y relajante que simula la sensaci\u00f3n de un suave viento natural<\/strong>. Ideal para relajarte despu\u00e9s de un largo d\u00eda o para crear un ambiente tranquilo en tu hogar.<\/p>\n\n\n\n<p>Si quieres saber m\u00e1s sobre c\u00f3mo funciona la funci\u00f3n Slow Motion en los ventiladores de techo, puedes leer nuestro art\u00edculo dedicado <a href=\"https:\/\/gavri.es\/blog\/que-ventilador-techo-funcionsow-motion.html\"><strong>aqu\u00ed<\/strong><\/a>.<\/p>\n\n\n\n<h4 class=\"wp-block-heading\"><strong>Conectividad y control desde cualquier lugar<\/strong><\/h4>\n\n\n\n<p>En un mundo cada vez m\u00e1s conectado, los ventiladores de techo Eco Neo tambi\u00e9n han evolucionado. <strong>Ahora ofrecen la posibilidad de compatibilidad WIFI, lo que significa que puedes controlar tu ventilador desde tu dispositivo m\u00f3vil<\/strong>. \u00bfQuieres encenderlo o apagarlo antes de llegar a casa? \u00bfAjustar la velocidad desde el sof\u00e1? <strong>Con la compatibilidad WIFI, todo esto es posible<\/strong>.<\/p>\n\n\n\n<p>Si deseas obtener m\u00e1s informaci\u00f3n sobre la compatibilidad WIFI y c\u00f3mo funciona, te recomendamos echar un vistazo a nuestro <a href=\"https:\/\/gavri.es\/ventiladores-de-techo\/ventilador-de-techo-casafan-eco-neo-iii-103cm-943121w-blanco-arce-o-haya-con-wifi\"><strong>ejemplo aqu\u00ed<\/strong><\/a>.<\/p>\n\n\n\n<h4 class=\"wp-block-heading\"><strong>Adaptable a tu hogar<\/strong><\/h4>\n\n\n\n<p>Los ventiladores de techo Eco Neo de Casafan son incre\u00edblemente vers\u00e1tiles. Son compatibles con techos con inclinaci\u00f3n de hasta 16 grados, lo que significa que se pueden instalar en una amplia variedad de espacios. <strong>Ya sea que tengas techos inclinados en tu sala de estar o en tu dormitorio, estos ventiladores se adaptar\u00e1n perfectamente.<\/strong><\/p>\n\n\n\n<h4 class=\"wp-block-heading\"><strong>El aliado perfecto durante todo el a\u00f1o<\/strong><\/h4>\n\n\n\n<p>Adem\u00e1s de mantener tu hogar fresco en verano, los Eco Neo tambi\u00e9n son ideales para el invierno. <strong>Gracias a su funci\u00f3n verano\/invierno, puedes utilizarlos para distribuir el aire caliente de tu calefacci\u00f3n de manera uniforme en toda la habitaci\u00f3n<\/strong>. Esto te ayudar\u00e1 a ahorrar energ\u00eda y a mantener una temperatura agradable durante los meses m\u00e1s fr\u00edos.<\/p>\n\n\n\n<p>Si quieres aprender m\u00e1s sobre c\u00f3mo utilizar la funci\u00f3n verano\/invierno de tu ventilador de techo para ahorrar energ\u00eda en invierno, te invitamos a leer nuestro art\u00edculo explicativo <a href=\"https:\/\/gavri.es\/blog\/como-usar-ventilador-techo-ahorrar-energia-invierno.html\"><strong>aqu\u00ed<\/strong><\/a>.<\/p>\n\n\n\n<h4 class=\"wp-block-heading\"><strong>Personaliza a\u00fan m\u00e1s con el n\u00famero de aspas<\/strong><\/h4>\n\n\n\n<p>Por \u00faltimo, pero no menos importante, te ofrecen la posibilidad de elegir entre 3 o 4 aspas seg\u00fan tus preferencias personales. <strong>Esto te permite adaptar a\u00fan m\u00e1s el aspecto y el rendimiento de tu ventilador a tu estilo y necesidades espec\u00edficas<\/strong>.<\/p>\n\n\n\n<p>En resumen, los ventiladores de techo Eco Neo de Casafan son una elecci\u00f3n excepcional para climatizar tu hogar de manera eficiente, elegante y personalizada. Ofrecen todo lo que necesitas para disfrutar de momentos de gloria en tu espacio. Personaliza tu hogar, ahorra energ\u00eda y mantente c\u00f3modo durante todo el a\u00f1o con estos incre\u00edbles ventiladores de techo.<\/p>\n\n\n\n<p>Si est\u00e1s listo para darle a tu hogar frescura y estilo, \u00a1no busques m\u00e1s all\u00e1 de <a href=\"https:\/\/gavri.es\/\"><strong>Gavri<\/strong><\/a><strong>! Aqu\u00ed encontrar\u00e1s todo lo que necesitas; \u00a1<\/strong>los ventiladores de techo Eco Neo!<\/p>\n","protected":false},"excerpt":{"rendered":"<p>\u00a1Bienvenidos al blog de Gavri! Hoy queremos hablarles de un verdadero \u00edcono en el mundo de la climatizaci\u00f3n del hogar: los ventiladores de techo Eco Neo de Casafan. Si est\u00e1s buscando la combinaci\u00f3n perfecta de estilo, &#8230; <a title=\"Momentos de gloria para Casafan: Ventiladores de techo Eco Neo\" class=\"read-more\" href=\"https:\/\/gavri-src.addisnetwork.es\/blog\/momentos-gloria-casafan-ventiladores-techo-eco-neo.html\" aria-label=\"M\u00e1s en Momentos de gloria para Casafan: Ventiladores de techo Eco Neo\">Leer m\u00e1s<\/a><\/p>\n","protected":false},"author":2,"featured_media":1005,"comment_status":"open","ping_status":"closed","sticky":false,"template":"","format":"standard","meta":{"footnotes":""},"categories":[24],"tags":[39,171,4,9],"class_list":["post-1004","post","type-post","status-publish","format-standard","has-post-thumbnail","hentry","category-ventiladores-de-techo","tag-casafan","tag-eco-neo","tag-hogar","tag-ventiladores-de-techo","generate-columns","tablet-grid-50","mobile-grid-100","grid-parent","grid-50","no-featured-image-padding"],"yoast_head":"<!-- This site is optimized with the Yoast SEO plugin v27.5 - https:\/\/yoast.com\/product\/yoast-seo-wordpress\/ -->\n<title>Momentos de gloria para Casafan: Ventiladores de techo Eco Neo<\/title>\n<meta name=\"description\" content=\"Descubre de la mano de Gavri, los ventiladores de techo Eco Neo de Casafan: estilo, eficiencia y personalizaci\u00f3n en climatizaci\u00f3n del hogar.\" \/>\n<meta name=\"robots\" content=\"index, follow, max-snippet:-1, max-image-preview:large, max-video-preview:-1\" \/>\n<link rel=\"canonical\" href=\"https:\/\/gavri-src.addisnetwork.es\/blog\/momentos-gloria-casafan-ventiladores-techo-eco-neo.html\" \/>\n<meta property=\"og:locale\" content=\"es_ES\" \/>\n<meta property=\"og:type\" content=\"article\" \/>\n<meta property=\"og:title\" content=\"Momentos de gloria para Casafan: Ventiladores de techo Eco Neo\" \/>\n<meta property=\"og:description\" content=\"Descubre de la mano de Gavri, los ventiladores de techo Eco Neo de Casafan: estilo, eficiencia y personalizaci\u00f3n en climatizaci\u00f3n del hogar.\" \/>\n<meta property=\"og:url\" content=\"https:\/\/gavri-src.addisnetwork.es\/blog\/momentos-gloria-casafan-ventiladores-techo-eco-neo.html\" \/>\n<meta property=\"og:site_name\" content=\"Blog de Gavri.es\" \/>\n<meta property=\"article:published_time\" content=\"2024-01-17T08:24:06+00:00\" \/>\n<meta property=\"article:modified_time\" content=\"2024-01-17T08:25:22+00:00\" \/>\n<meta property=\"og:image\" content=\"https:\/\/gavri-src.addisnetwork.es\/blog\/wp-content\/uploads\/2024\/01\/Momentos-de-gloria-para-Casafan-Ventiladores-de-techo-Eco-Neo-1.png\" \/>\n\t<meta property=\"og:image:width\" content=\"632\" \/>\n\t<meta property=\"og:image:height\" content=\"610\" \/>\n\t<meta property=\"og:image:type\" content=\"image\/png\" \/>\n<meta name=\"author\" content=\"T\u00e9cnico Gavri\" \/>\n<meta name=\"twitter:card\" content=\"summary_large_image\" \/>\n<meta name=\"twitter:label1\" content=\"Escrito por\" \/>\n\t<meta name=\"twitter:data1\" content=\"T\u00e9cnico Gavri\" \/>\n\t<meta name=\"twitter:label2\" content=\"Tiempo de lectura\" \/>\n\t<meta name=\"twitter:data2\" content=\"4 minutos\" \/>\n<script type=\"application\/ld+json\" class=\"yoast-schema-graph\">{\"@context\":\"https:\\\/\\\/schema.org\",\"@graph\":[{\"@type\":\"Article\",\"@id\":\"https:\\\/\\\/gavri-src.addisnetwork.es\\\/blog\\\/momentos-gloria-casafan-ventiladores-techo-eco-neo.html#article\",\"isPartOf\":{\"@id\":\"https:\\\/\\\/gavri-src.addisnetwork.es\\\/blog\\\/momentos-gloria-casafan-ventiladores-techo-eco-neo.html\"},\"author\":{\"name\":\"T\u00e9cnico Gavri\",\"@id\":\"https:\\\/\\\/gavri-src.addisnetwork.es\\\/blog\\\/#\\\/schema\\\/person\\\/587329a98b34cfdbbfd1e7fbe7b65296\"},\"headline\":\"Momentos de gloria para Casafan: Ventiladores de techo Eco Neo\",\"datePublished\":\"2024-01-17T08:24:06+00:00\",\"dateModified\":\"2024-01-17T08:25:22+00:00\",\"mainEntityOfPage\":{\"@id\":\"https:\\\/\\\/gavri-src.addisnetwork.es\\\/blog\\\/momentos-gloria-casafan-ventiladores-techo-eco-neo.html\"},\"wordCount\":912,\"commentCount\":0,\"publisher\":{\"@id\":\"https:\\\/\\\/gavri-src.addisnetwork.es\\\/blog\\\/#organization\"},\"image\":{\"@id\":\"https:\\\/\\\/gavri-src.addisnetwork.es\\\/blog\\\/momentos-gloria-casafan-ventiladores-techo-eco-neo.html#primaryimage\"},\"thumbnailUrl\":\"https:\\\/\\\/gavri-src.addisnetwork.es\\\/blog\\\/wp-content\\\/uploads\\\/2024\\\/01\\\/Momentos-de-gloria-para-Casafan-Ventiladores-de-techo-Eco-Neo-1.png\",\"keywords\":[\"casafan\",\"Eco Neo\",\"hogar\",\"ventiladores de techo\"],\"articleSection\":[\"Ventiladores de techo\"],\"inLanguage\":\"es\",\"potentialAction\":[{\"@type\":\"CommentAction\",\"name\":\"Comment\",\"target\":[\"https:\\\/\\\/gavri-src.addisnetwork.es\\\/blog\\\/momentos-gloria-casafan-ventiladores-techo-eco-neo.html#respond\"]}]},{\"@type\":\"WebPage\",\"@id\":\"https:\\\/\\\/gavri-src.addisnetwork.es\\\/blog\\\/momentos-gloria-casafan-ventiladores-techo-eco-neo.html\",\"url\":\"https:\\\/\\\/gavri-src.addisnetwork.es\\\/blog\\\/momentos-gloria-casafan-ventiladores-techo-eco-neo.html\",\"name\":\"Momentos de gloria para Casafan: Ventiladores de techo Eco Neo\",\"isPartOf\":{\"@id\":\"https:\\\/\\\/gavri-src.addisnetwork.es\\\/blog\\\/#website\"},\"primaryImageOfPage\":{\"@id\":\"https:\\\/\\\/gavri-src.addisnetwork.es\\\/blog\\\/momentos-gloria-casafan-ventiladores-techo-eco-neo.html#primaryimage\"},\"image\":{\"@id\":\"https:\\\/\\\/gavri-src.addisnetwork.es\\\/blog\\\/momentos-gloria-casafan-ventiladores-techo-eco-neo.html#primaryimage\"},\"thumbnailUrl\":\"https:\\\/\\\/gavri-src.addisnetwork.es\\\/blog\\\/wp-content\\\/uploads\\\/2024\\\/01\\\/Momentos-de-gloria-para-Casafan-Ventiladores-de-techo-Eco-Neo-1.png\",\"datePublished\":\"2024-01-17T08:24:06+00:00\",\"dateModified\":\"2024-01-17T08:25:22+00:00\",\"description\":\"Descubre de la mano de Gavri, los ventiladores de techo Eco Neo de Casafan: estilo, eficiencia y personalizaci\u00f3n en climatizaci\u00f3n del hogar.\",\"breadcrumb\":{\"@id\":\"https:\\\/\\\/gavri-src.addisnetwork.es\\\/blog\\\/momentos-gloria-casafan-ventiladores-techo-eco-neo.html#breadcrumb\"},\"inLanguage\":\"es\",\"potentialAction\":[{\"@type\":\"ReadAction\",\"target\":[\"https:\\\/\\\/gavri-src.addisnetwork.es\\\/blog\\\/momentos-gloria-casafan-ventiladores-techo-eco-neo.html\"]}]},{\"@type\":\"ImageObject\",\"inLanguage\":\"es\",\"@id\":\"https:\\\/\\\/gavri-src.addisnetwork.es\\\/blog\\\/momentos-gloria-casafan-ventiladores-techo-eco-neo.html#primaryimage\",\"url\":\"https:\\\/\\\/gavri-src.addisnetwork.es\\\/blog\\\/wp-content\\\/uploads\\\/2024\\\/01\\\/Momentos-de-gloria-para-Casafan-Ventiladores-de-techo-Eco-Neo-1.png\",\"contentUrl\":\"https:\\\/\\\/gavri-src.addisnetwork.es\\\/blog\\\/wp-content\\\/uploads\\\/2024\\\/01\\\/Momentos-de-gloria-para-Casafan-Ventiladores-de-techo-Eco-Neo-1.png\",\"width\":632,\"height\":610,\"caption\":\"Momentos de gloria para Casafan Ventiladores de techo Eco Neo (1)\"},{\"@type\":\"BreadcrumbList\",\"@id\":\"https:\\\/\\\/gavri-src.addisnetwork.es\\\/blog\\\/momentos-gloria-casafan-ventiladores-techo-eco-neo.html#breadcrumb\",\"itemListElement\":[{\"@type\":\"ListItem\",\"position\":1,\"name\":\"Portada\",\"item\":\"https:\\\/\\\/gavri-src.addisnetwork.es\\\/blog\"},{\"@type\":\"ListItem\",\"position\":2,\"name\":\"Momentos de gloria para Casafan: Ventiladores de techo Eco Neo\"}]},{\"@type\":\"WebSite\",\"@id\":\"https:\\\/\\\/gavri-src.addisnetwork.es\\\/blog\\\/#website\",\"url\":\"https:\\\/\\\/gavri-src.addisnetwork.es\\\/blog\\\/\",\"name\":\"Blog de Gavri.es\",\"description\":\"Blog de Gavri.es\",\"publisher\":{\"@id\":\"https:\\\/\\\/gavri-src.addisnetwork.es\\\/blog\\\/#organization\"},\"potentialAction\":[{\"@type\":\"SearchAction\",\"target\":{\"@type\":\"EntryPoint\",\"urlTemplate\":\"https:\\\/\\\/gavri-src.addisnetwork.es\\\/blog\\\/?s={search_term_string}\"},\"query-input\":{\"@type\":\"PropertyValueSpecification\",\"valueRequired\":true,\"valueName\":\"search_term_string\"}}],\"inLanguage\":\"es\"},{\"@type\":\"Organization\",\"@id\":\"https:\\\/\\\/gavri-src.addisnetwork.es\\\/blog\\\/#organization\",\"name\":\"Blog de Gavri.es\",\"url\":\"https:\\\/\\\/gavri-src.addisnetwork.es\\\/blog\\\/\",\"logo\":{\"@type\":\"ImageObject\",\"inLanguage\":\"es\",\"@id\":\"https:\\\/\\\/gavri-src.addisnetwork.es\\\/blog\\\/#\\\/schema\\\/logo\\\/image\\\/\",\"url\":\"https:\\\/\\\/gavri-src.addisnetwork.es\\\/blog\\\/wp-content\\\/uploads\\\/2021\\\/01\\\/cropped-LOGO-gavries-blog-1.png\",\"contentUrl\":\"https:\\\/\\\/gavri-src.addisnetwork.es\\\/blog\\\/wp-content\\\/uploads\\\/2021\\\/01\\\/cropped-LOGO-gavries-blog-1.png\",\"width\":520,\"height\":104,\"caption\":\"Blog de Gavri.es\"},\"image\":{\"@id\":\"https:\\\/\\\/gavri-src.addisnetwork.es\\\/blog\\\/#\\\/schema\\\/logo\\\/image\\\/\"}},{\"@type\":\"Person\",\"@id\":\"https:\\\/\\\/gavri-src.addisnetwork.es\\\/blog\\\/#\\\/schema\\\/person\\\/587329a98b34cfdbbfd1e7fbe7b65296\",\"name\":\"T\u00e9cnico Gavri\",\"image\":{\"@type\":\"ImageObject\",\"inLanguage\":\"es\",\"@id\":\"https:\\\/\\\/secure.gravatar.com\\\/avatar\\\/05be1fcb2076939c113859ec2cf09bc4b6b366950c2e7c2d51962780ab5e6d80?s=96&d=mm&r=g\",\"url\":\"https:\\\/\\\/secure.gravatar.com\\\/avatar\\\/05be1fcb2076939c113859ec2cf09bc4b6b366950c2e7c2d51962780ab5e6d80?s=96&d=mm&r=g\",\"contentUrl\":\"https:\\\/\\\/secure.gravatar.com\\\/avatar\\\/05be1fcb2076939c113859ec2cf09bc4b6b366950c2e7c2d51962780ab5e6d80?s=96&d=mm&r=g\",\"caption\":\"T\u00e9cnico Gavri\"}}]}<\/script>\n<!-- \/ Yoast SEO plugin. -->","yoast_head_json":{"title":"Momentos de gloria para Casafan: Ventiladores de techo Eco Neo","description":"Descubre de la mano de Gavri, los ventiladores de techo Eco Neo de Casafan: estilo, eficiencia y personalizaci\u00f3n en climatizaci\u00f3n del hogar.","robots":{"index":"index","follow":"follow","max-snippet":"max-snippet:-1","max-image-preview":"max-image-preview:large","max-video-preview":"max-video-preview:-1"},"canonical":"https:\/\/gavri-src.addisnetwork.es\/blog\/momentos-gloria-casafan-ventiladores-techo-eco-neo.html","og_locale":"es_ES","og_type":"article","og_title":"Momentos de gloria para Casafan: Ventiladores de techo Eco Neo","og_description":"Descubre de la mano de Gavri, los ventiladores de techo Eco Neo de Casafan: estilo, eficiencia y personalizaci\u00f3n en climatizaci\u00f3n del hogar.","og_url":"https:\/\/gavri-src.addisnetwork.es\/blog\/momentos-gloria-casafan-ventiladores-techo-eco-neo.html","og_site_name":"Blog de Gavri.es","article_published_time":"2024-01-17T08:24:06+00:00","article_modified_time":"2024-01-17T08:25:22+00:00","og_image":[{"width":632,"height":610,"url":"https:\/\/gavri-src.addisnetwork.es\/blog\/wp-content\/uploads\/2024\/01\/Momentos-de-gloria-para-Casafan-Ventiladores-de-techo-Eco-Neo-1.png","type":"image\/png"}],"author":"T\u00e9cnico Gavri","twitter_card":"summary_large_image","twitter_misc":{"Escrito por":"T\u00e9cnico Gavri","Tiempo de lectura":"4 minutos"},"schema":{"@context":"https:\/\/schema.org","@graph":[{"@type":"Article","@id":"https:\/\/gavri-src.addisnetwork.es\/blog\/momentos-gloria-casafan-ventiladores-techo-eco-neo.html#article","isPartOf":{"@id":"https:\/\/gavri-src.addisnetwork.es\/blog\/momentos-gloria-casafan-ventiladores-techo-eco-neo.html"},"author":{"name":"T\u00e9cnico Gavri","@id":"https:\/\/gavri-src.addisnetwork.es\/blog\/#\/schema\/person\/587329a98b34cfdbbfd1e7fbe7b65296"},"headline":"Momentos de gloria para Casafan: Ventiladores de techo Eco Neo","datePublished":"2024-01-17T08:24:06+00:00","dateModified":"2024-01-17T08:25:22+00:00","mainEntityOfPage":{"@id":"https:\/\/gavri-src.addisnetwork.es\/blog\/momentos-gloria-casafan-ventiladores-techo-eco-neo.html"},"wordCount":912,"commentCount":0,"publisher":{"@id":"https:\/\/gavri-src.addisnetwork.es\/blog\/#organization"},"image":{"@id":"https:\/\/gavri-src.addisnetwork.es\/blog\/momentos-gloria-casafan-ventiladores-techo-eco-neo.html#primaryimage"},"thumbnailUrl":"https:\/\/gavri-src.addisnetwork.es\/blog\/wp-content\/uploads\/2024\/01\/Momentos-de-gloria-para-Casafan-Ventiladores-de-techo-Eco-Neo-1.png","keywords":["casafan","Eco Neo","hogar","ventiladores de techo"],"articleSection":["Ventiladores de techo"],"inLanguage":"es","potentialAction":[{"@type":"CommentAction","name":"Comment","target":["https:\/\/gavri-src.addisnetwork.es\/blog\/momentos-gloria-casafan-ventiladores-techo-eco-neo.html#respond"]}]},{"@type":"WebPage","@id":"https:\/\/gavri-src.addisnetwork.es\/blog\/momentos-gloria-casafan-ventiladores-techo-eco-neo.html","url":"https:\/\/gavri-src.addisnetwork.es\/blog\/momentos-gloria-casafan-ventiladores-techo-eco-neo.html","name":"Momentos de gloria para Casafan: Ventiladores de techo Eco Neo","isPartOf":{"@id":"https:\/\/gavri-src.addisnetwork.es\/blog\/#website"},"primaryImageOfPage":{"@id":"https:\/\/gavri-src.addisnetwork.es\/blog\/momentos-gloria-casafan-ventiladores-techo-eco-neo.html#primaryimage"},"image":{"@id":"https:\/\/gavri-src.addisnetwork.es\/blog\/momentos-gloria-casafan-ventiladores-techo-eco-neo.html#primaryimage"},"thumbnailUrl":"https:\/\/gavri-src.addisnetwork.es\/blog\/wp-content\/uploads\/2024\/01\/Momentos-de-gloria-para-Casafan-Ventiladores-de-techo-Eco-Neo-1.png","datePublished":"2024-01-17T08:24:06+00:00","dateModified":"2024-01-17T08:25:22+00:00","description":"Descubre de la mano de Gavri, los ventiladores de techo Eco Neo de Casafan: estilo, eficiencia y personalizaci\u00f3n en climatizaci\u00f3n del hogar.","breadcrumb":{"@id":"https:\/\/gavri-src.addisnetwork.es\/blog\/momentos-gloria-casafan-ventiladores-techo-eco-neo.html#breadcrumb"},"inLanguage":"es","potentialAction":[{"@type":"ReadAction","target":["https:\/\/gavri-src.addisnetwork.es\/blog\/momentos-gloria-casafan-ventiladores-techo-eco-neo.html"]}]},{"@type":"ImageObject","inLanguage":"es","@id":"https:\/\/gavri-src.addisnetwork.es\/blog\/momentos-gloria-casafan-ventiladores-techo-eco-neo.html#primaryimage","url":"https:\/\/gavri-src.addisnetwork.es\/blog\/wp-content\/uploads\/2024\/01\/Momentos-de-gloria-para-Casafan-Ventiladores-de-techo-Eco-Neo-1.png","contentUrl":"https:\/\/gavri-src.addisnetwork.es\/blog\/wp-content\/uploads\/2024\/01\/Momentos-de-gloria-para-Casafan-Ventiladores-de-techo-Eco-Neo-1.png","width":632,"height":610,"caption":"Momentos de gloria para Casafan Ventiladores de techo Eco Neo (1)"},{"@type":"BreadcrumbList","@id":"https:\/\/gavri-src.addisnetwork.es\/blog\/momentos-gloria-casafan-ventiladores-techo-eco-neo.html#breadcrumb","itemListElement":[{"@type":"ListItem","position":1,"name":"Portada","item":"https:\/\/gavri-src.addisnetwork.es\/blog"},{"@type":"ListItem","position":2,"name":"Momentos de gloria para Casafan: Ventiladores de techo Eco Neo"}]},{"@type":"WebSite","@id":"https:\/\/gavri-src.addisnetwork.es\/blog\/#website","url":"https:\/\/gavri-src.addisnetwork.es\/blog\/","name":"Blog de Gavri.es","description":"Blog de Gavri.es","publisher":{"@id":"https:\/\/gavri-src.addisnetwork.es\/blog\/#organization"},"potentialAction":[{"@type":"SearchAction","target":{"@type":"EntryPoint","urlTemplate":"https:\/\/gavri-src.addisnetwork.es\/blog\/?s={search_term_string}"},"query-input":{"@type":"PropertyValueSpecification","valueRequired":true,"valueName":"search_term_string"}}],"inLanguage":"es"},{"@type":"Organization","@id":"https:\/\/gavri-src.addisnetwork.es\/blog\/#organization","name":"Blog de Gavri.es","url":"https:\/\/gavri-src.addisnetwork.es\/blog\/","logo":{"@type":"ImageObject","inLanguage":"es","@id":"https:\/\/gavri-src.addisnetwork.es\/blog\/#\/schema\/logo\/image\/","url":"https:\/\/gavri-src.addisnetwork.es\/blog\/wp-content\/uploads\/2021\/01\/cropped-LOGO-gavries-blog-1.png","contentUrl":"https:\/\/gavri-src.addisnetwork.es\/blog\/wp-content\/uploads\/2021\/01\/cropped-LOGO-gavries-blog-1.png","width":520,"height":104,"caption":"Blog de Gavri.es"},"image":{"@id":"https:\/\/gavri-src.addisnetwork.es\/blog\/#\/schema\/logo\/image\/"}},{"@type":"Person","@id":"https:\/\/gavri-src.addisnetwork.es\/blog\/#\/schema\/person\/587329a98b34cfdbbfd1e7fbe7b65296","name":"T\u00e9cnico Gavri","image":{"@type":"ImageObject","inLanguage":"es","@id":"https:\/\/secure.gravatar.com\/avatar\/05be1fcb2076939c113859ec2cf09bc4b6b366950c2e7c2d51962780ab5e6d80?s=96&d=mm&r=g","url":"https:\/\/secure.gravatar.com\/avatar\/05be1fcb2076939c113859ec2cf09bc4b6b366950c2e7c2d51962780ab5e6d80?s=96&d=mm&r=g","contentUrl":"https:\/\/secure.gravatar.com\/avatar\/05be1fcb2076939c113859ec2cf09bc4b6b366950c2e7c2d51962780ab5e6d80?s=96&d=mm&r=g","caption":"T\u00e9cnico Gavri"}}]}},"_links":{"self":[{"href":"https:\/\/gavri-src.addisnetwork.es\/blog\/wp-json\/wp\/v2\/posts\/1004","targetHints":{"allow":["GET"]}}],"collection":[{"href":"https:\/\/gavri-src.addisnetwork.es\/blog\/wp-json\/wp\/v2\/posts"}],"about":[{"href":"https:\/\/gavri-src.addisnetwork.es\/blog\/wp-json\/wp\/v2\/types\/post"}],"author":[{"embeddable":true,"href":"https:\/\/gavri-src.addisnetwork.es\/blog\/wp-json\/wp\/v2\/users\/2"}],"replies":[{"embeddable":true,"href":"https:\/\/gavri-src.addisnetwork.es\/blog\/wp-json\/wp\/v2\/comments?post=1004"}],"version-history":[{"count":1,"href":"https:\/\/gavri-src.addisnetwork.es\/blog\/wp-json\/wp\/v2\/posts\/1004\/revisions"}],"predecessor-version":[{"id":1006,"href":"https:\/\/gavri-src.addisnetwork.es\/blog\/wp-json\/wp\/v2\/posts\/1004\/revisions\/1006"}],"wp:featuredmedia":[{"embeddable":true,"href":"https:\/\/gavri-src.addisnetwork.es\/blog\/wp-json\/wp\/v2\/media\/1005"}],"wp:attachment":[{"href":"https:\/\/gavri-src.addisnetwork.es\/blog\/wp-json\/wp\/v2\/media?parent=1004"}],"wp:term":[{"taxonomy":"category","embeddable":true,"href":"https:\/\/gavri-src.addisnetwork.es\/blog\/wp-json\/wp\/v2\/categories?post=1004"},{"taxonomy":"post_tag","embeddable":true,"href":"https:\/\/gavri-src.addisnetwork.es\/blog\/wp-json\/wp\/v2\/tags?post=1004"}],"curies":[{"name":"wp","href":"https:\/\/api.w.org\/{rel}","templated":true}]}}