{"id":1008,"date":"2024-01-24T09:15:52","date_gmt":"2024-01-24T09:15:52","guid":{"rendered":"https:\/\/gavri.es\/blog\/?p=1008"},"modified":"2024-01-24T09:15:52","modified_gmt":"2024-01-24T09:15:52","slug":"ventiladores-de-techo-vortice-para-usos-especiales-todo-en-uno","status":"publish","type":"post","link":"https:\/\/gavri-src.addisnetwork.es\/blog\/ventiladores-de-techo-vortice-para-usos-especiales-todo-en-uno.html","title":{"rendered":"Ventiladores de techo Vortice para usos especiales \u00a1Todo en uno!"},"content":{"rendered":"\n<p>Si est\u00e1s en busca de soluciones de climatizaci\u00f3n para entornos especiales como la producci\u00f3n, la agricultura, naves industriales o invernaderos, has llegado al lugar adecuado. En este art\u00edculo, desde <strong>Gavri<\/strong>, te presentamos una opci\u00f3n de ventiladores para usos especiales que te sorprender\u00e1n. Descubre c\u00f3mo los ventiladores de techo pueden hacer la diferencia en estos entornos exigentes.<\/p>\n\n\n\n<!--more-->\n\n\n\n<h2 class=\"wp-block-heading\"><strong>Ventiladores de techo Vortice para usos especiales: Dise\u00f1o y funcionalidad italiana<\/strong><\/h2>\n\n\n\n<p>Los ventiladores de techo Vortice son una verdadera obra maestra de dise\u00f1o italiano que aportan aire fresco de manera eficiente y elegante. No solo cumplen con su funci\u00f3n de ventilaci\u00f3n, sino que tambi\u00e9n se destacan visualmente en cualquier espacio. Est\u00e1n equipados con motores y aspas fabricados con materiales de alto rendimiento, similares a los utilizados en equipamiento deportivo de alta gama.<\/p>\n\n\n\n<p>La empresa detr\u00e1s de estos ventiladores, Vortice Elettrosociali S.p.A., es uno de los principales proveedores de sistemas de ventilaci\u00f3n a nivel mundial. Con m\u00e1s de seis d\u00e9cadas de experiencia, <a href=\"https:\/\/gavri.es\/#\/dfclassic\/query=VORTICE&amp;filter%5Bbrand%5D%5B0%5D=Vortice&amp;session_id=fa99d908c96c3c52e57b102d3d503fe9&amp;query_name=match_and\"><strong>Vortice<\/strong><\/a> ha establecido su presencia en m\u00e1s de 90 pa\u00edses y cuenta con plantas de producci\u00f3n en Europa, Asia y Am\u00e9rica del Sur.<\/p>\n\n\n\n<h3 class=\"wp-block-heading\"><strong>Aire fresco en espacios p\u00fablicos y privados<\/strong><\/h3>\n\n\n\n<p>La versatilidad de los ventiladores de techo Vortice los convierte en la elecci\u00f3n perfecta tanto para espacios p\u00fablicos como privados. Si buscas soluciones de ventilaci\u00f3n silenciosa para habitaciones peque\u00f1as, como ba\u00f1os o salas de servicio, Vortice tiene opciones ideales para ti. Adem\u00e1s, tambi\u00e9n ofrecen secadores de manos ecol\u00f3gicos para instalaciones p\u00fablicas.<\/p>\n\n\n\n<p>En el \u00e1mbito industrial, los ventiladores de techo Vortice se destacan en pabellones deportivos, edificios de recepci\u00f3n, naves industriales y almacenes. El modelo NORDIK HVLS SUPERBLADE, con aspas de hasta 7 metros de di\u00e1metro, garantiza una potente circulaci\u00f3n de aire a una sorprendente velocidad de tan solo 38 revoluciones por minuto. Adem\u00e1s, cuentan con altos niveles de protecci\u00f3n seg\u00fan EN 60529, lo que los hace adecuados para una amplia variedad de entornos.<\/p>\n\n\n\n<h4 class=\"wp-block-heading\"><strong>Ahorro de Costos de Energ\u00eda<\/strong><\/h4>\n\n\n\n<p>Uno de los aspectos m\u00e1s destacados de la gama de ventiladores Vortice es su enfoque en la eficiencia energ\u00e9tica. El modelo <a href=\"https:\/\/gavri.es\/inicio\/ventilador-de-techo-vortice-61742-nordik-tropical-ipx5-gris-claro\"><strong>NORDIK TROPICAL IPx5<\/strong><\/a> es una innovaci\u00f3n que permite la climatizaci\u00f3n en espacios h\u00famedos, incluyendo invernaderos y jardines de invierno. <strong>Esta caracter\u00edstica es especialmente valiosa en entornos sensibles donde la temperatura y la humedad son cr\u00edticas<\/strong>.<\/p>\n\n\n\n<p>Los ventiladores de techo Vortice NORDIK tambi\u00e9n ofrecen la posibilidad de instalar controles TDA para retorno de calor, lo que facilita un intercambio de aire eficiente tanto en verano como en invierno. <strong>Esta versatilidad contribuye significativamente al ahorro de costos de energ\u00eda a lo largo del a\u00f1o.<\/strong><\/p>\n\n\n\n<h4 class=\"wp-block-heading\"><strong>Conoce los Modelos Destacados<\/strong><\/h4>\n\n\n\n<p>Para que puedas apreciar mejor las opciones disponibles, aqu\u00ed te presentamos dos modelos destacados de ventiladores de techo Vortice:<\/p>\n\n\n\n<p>El <strong>Nordik Heavy Duty Base<\/strong> es un ventilador de techo de alto rendimiento con un di\u00e1metro de aspas de 120 cm. Su carcasa de aluminio fundido a presi\u00f3n y las 3 aspas de chapa de acero galvanizada electrol\u00edticamente con revestimiento anticorrosi\u00f3n lo hacen ideal para entornos exigentes. Con una protecci\u00f3n IP55 y una clase de aislamiento H, este ventilador puede funcionar incluso en condiciones de alta humedad, polvo y altas temperaturas. \u00a1<strong>Descubre m\u00e1s <\/strong><a href=\"https:\/\/gavri.es\/inicio\/ventilador-de-techo-vortice-61020-nordik-heavy-duty-base-120cm-gris\"><strong>aqu\u00ed<\/strong><\/a>!<\/p>\n\n\n\n<p>El <strong>Nordik Tropical IPX5<\/strong> es un ventilador de techo dise\u00f1ado para entornos h\u00famedos y hostiles. Con un acabado en gris claro y 3 aspas met\u00e1licas de alto rendimiento, este modelo tiene un di\u00e1metro de 142 cm y una protecci\u00f3n IPX5 que lo hace resistente a los chorros de agua. Ideal para invernaderos y lugares donde la humedad es una constante, este ventilador ofrece una soluci\u00f3n confiable. \u00a1<strong>Conoce m\u00e1s detalles <\/strong><a href=\"https:\/\/gavri.es\/inicio\/ventilador-de-techo-vortice-61742-nordik-tropical-ipx5-gris-claro\"><strong>aqu\u00ed<\/strong><\/a>!<\/p>\n\n\n\n<p>Si buscas un ventilador resistente y duradero para entornos de agricultura y producci\u00f3n, el <a href=\"https:\/\/gavri.es\/busqueda?controller=search&amp;s=NORDIK+HEAVY+DUTY\"><strong>Nordik Heavy Duty<\/strong><\/a> es tu mejor opci\u00f3n. Su encapsulado especial del motor y el tratamiento anticorrosivo de los componentes garantizan la m\u00e1xima calidad y durabilidad. <strong>Est\u00e1 dise\u00f1ado para enfrentar desaf\u00edos como la suciedad, el polvo y la humedad que son comunes en la vida cotidiana de estos sectores<\/strong>.<\/p>\n\n\n\n<p>En resumen, <strong>los ventiladores de techo Vortice son una elecci\u00f3n inteligente para entornos especiales donde la climatizaci\u00f3n y la ventilaci\u00f3n son fundamentales<\/strong>. Con su dise\u00f1o italiano, eficiencia energ\u00e9tica y durabilidad, marcan la diferencia en la calidad del aire y el confort en cualquier espacio. \u00a1No dudes en explorar en <a href=\"https:\/\/gavri.es\/\"><strong>Gavri<\/strong><\/a> todas las opciones que Vortice tiene para ofrecer y <strong>lleva la climatizaci\u00f3n de tu hogar o negocio al siguiente nivel<\/strong>!<\/p>\n","protected":false},"excerpt":{"rendered":"<p>Si est\u00e1s en busca de soluciones de climatizaci\u00f3n para entornos especiales como la producci\u00f3n, la agricultura, naves industriales o invernaderos, has llegado al lugar adecuado. En este art\u00edculo, desde Gavri, te presentamos una opci\u00f3n de ventiladores &#8230; <a title=\"Ventiladores de techo Vortice para usos especiales \u00a1Todo en uno!\" class=\"read-more\" href=\"https:\/\/gavri-src.addisnetwork.es\/blog\/ventiladores-de-techo-vortice-para-usos-especiales-todo-en-uno.html\" aria-label=\"M\u00e1s en Ventiladores de techo Vortice para usos especiales \u00a1Todo en uno!\">Leer m\u00e1s<\/a><\/p>\n","protected":false},"author":2,"featured_media":1009,"comment_status":"open","ping_status":"closed","sticky":false,"template":"","format":"standard","meta":{"footnotes":""},"categories":[24],"tags":[148,173,152,9,172],"class_list":["post-1008","post","type-post","status-publish","format-standard","has-post-thumbnail","hentry","category-ventiladores-de-techo","tag-ahorro","tag-energia","tag-espacios","tag-ventiladores-de-techo","tag-vortice","generate-columns","tablet-grid-50","mobile-grid-100","grid-parent","grid-50","no-featured-image-padding"],"yoast_head":"<!-- This site is optimized with the Yoast SEO plugin v27.5 - https:\/\/yoast.com\/product\/yoast-seo-wordpress\/ -->\n<title>Ventiladores de techo Vortice para usos especiales \u00a1Todo en uno!<\/title>\n<meta name=\"description\" content=\"Descubre ventiladores de techo Vortice para usos especiales en agricultura, producci\u00f3n y m\u00e1s. Eficiencia y dise\u00f1o italiano en climatizaci\u00f3n.\" \/>\n<meta name=\"robots\" content=\"index, follow, max-snippet:-1, max-image-preview:large, max-video-preview:-1\" \/>\n<link rel=\"canonical\" href=\"https:\/\/gavri-src.addisnetwork.es\/blog\/ventiladores-de-techo-vortice-para-usos-especiales-todo-en-uno.html\" \/>\n<meta property=\"og:locale\" content=\"es_ES\" \/>\n<meta property=\"og:type\" content=\"article\" \/>\n<meta property=\"og:title\" content=\"Ventiladores de techo Vortice para usos especiales \u00a1Todo en uno!\" \/>\n<meta property=\"og:description\" content=\"Descubre ventiladores de techo Vortice para usos especiales en agricultura, producci\u00f3n y m\u00e1s. Eficiencia y dise\u00f1o italiano en climatizaci\u00f3n.\" \/>\n<meta property=\"og:url\" content=\"https:\/\/gavri-src.addisnetwork.es\/blog\/ventiladores-de-techo-vortice-para-usos-especiales-todo-en-uno.html\" \/>\n<meta property=\"og:site_name\" content=\"Blog de Gavri.es\" \/>\n<meta property=\"article:published_time\" content=\"2024-01-24T09:15:52+00:00\" \/>\n<meta property=\"og:image\" content=\"https:\/\/gavri-src.addisnetwork.es\/blog\/wp-content\/uploads\/2024\/01\/Ventiladores-de-techo-Vortice-para-usos-especiales-\u00a1Todo-en-uno-1.png\" \/>\n\t<meta property=\"og:image:width\" content=\"633\" \/>\n\t<meta property=\"og:image:height\" content=\"614\" \/>\n\t<meta property=\"og:image:type\" content=\"image\/png\" \/>\n<meta name=\"author\" content=\"T\u00e9cnico Gavri\" \/>\n<meta name=\"twitter:card\" content=\"summary_large_image\" \/>\n<meta name=\"twitter:label1\" content=\"Escrito por\" \/>\n\t<meta name=\"twitter:data1\" content=\"T\u00e9cnico Gavri\" \/>\n\t<meta name=\"twitter:label2\" content=\"Tiempo de lectura\" \/>\n\t<meta name=\"twitter:data2\" content=\"4 minutos\" \/>\n<script type=\"application\/ld+json\" class=\"yoast-schema-graph\">{\"@context\":\"https:\\\/\\\/schema.org\",\"@graph\":[{\"@type\":\"Article\",\"@id\":\"https:\\\/\\\/gavri-src.addisnetwork.es\\\/blog\\\/ventiladores-de-techo-vortice-para-usos-especiales-todo-en-uno.html#article\",\"isPartOf\":{\"@id\":\"https:\\\/\\\/gavri-src.addisnetwork.es\\\/blog\\\/ventiladores-de-techo-vortice-para-usos-especiales-todo-en-uno.html\"},\"author\":{\"name\":\"T\u00e9cnico Gavri\",\"@id\":\"https:\\\/\\\/gavri-src.addisnetwork.es\\\/blog\\\/#\\\/schema\\\/person\\\/587329a98b34cfdbbfd1e7fbe7b65296\"},\"headline\":\"Ventiladores de techo Vortice para usos especiales \u00a1Todo en uno!\",\"datePublished\":\"2024-01-24T09:15:52+00:00\",\"mainEntityOfPage\":{\"@id\":\"https:\\\/\\\/gavri-src.addisnetwork.es\\\/blog\\\/ventiladores-de-techo-vortice-para-usos-especiales-todo-en-uno.html\"},\"wordCount\":793,\"commentCount\":0,\"publisher\":{\"@id\":\"https:\\\/\\\/gavri-src.addisnetwork.es\\\/blog\\\/#organization\"},\"image\":{\"@id\":\"https:\\\/\\\/gavri-src.addisnetwork.es\\\/blog\\\/ventiladores-de-techo-vortice-para-usos-especiales-todo-en-uno.html#primaryimage\"},\"thumbnailUrl\":\"https:\\\/\\\/gavri-src.addisnetwork.es\\\/blog\\\/wp-content\\\/uploads\\\/2024\\\/01\\\/Ventiladores-de-techo-Vortice-para-usos-especiales-\u00a1Todo-en-uno-1.png\",\"keywords\":[\"ahorro\",\"energ\u00eda\",\"espacios\",\"ventiladores de techo\",\"Vortice\"],\"articleSection\":[\"Ventiladores de techo\"],\"inLanguage\":\"es\",\"potentialAction\":[{\"@type\":\"CommentAction\",\"name\":\"Comment\",\"target\":[\"https:\\\/\\\/gavri-src.addisnetwork.es\\\/blog\\\/ventiladores-de-techo-vortice-para-usos-especiales-todo-en-uno.html#respond\"]}]},{\"@type\":\"WebPage\",\"@id\":\"https:\\\/\\\/gavri-src.addisnetwork.es\\\/blog\\\/ventiladores-de-techo-vortice-para-usos-especiales-todo-en-uno.html\",\"url\":\"https:\\\/\\\/gavri-src.addisnetwork.es\\\/blog\\\/ventiladores-de-techo-vortice-para-usos-especiales-todo-en-uno.html\",\"name\":\"Ventiladores de techo Vortice para usos especiales \u00a1Todo en uno!\",\"isPartOf\":{\"@id\":\"https:\\\/\\\/gavri-src.addisnetwork.es\\\/blog\\\/#website\"},\"primaryImageOfPage\":{\"@id\":\"https:\\\/\\\/gavri-src.addisnetwork.es\\\/blog\\\/ventiladores-de-techo-vortice-para-usos-especiales-todo-en-uno.html#primaryimage\"},\"image\":{\"@id\":\"https:\\\/\\\/gavri-src.addisnetwork.es\\\/blog\\\/ventiladores-de-techo-vortice-para-usos-especiales-todo-en-uno.html#primaryimage\"},\"thumbnailUrl\":\"https:\\\/\\\/gavri-src.addisnetwork.es\\\/blog\\\/wp-content\\\/uploads\\\/2024\\\/01\\\/Ventiladores-de-techo-Vortice-para-usos-especiales-\u00a1Todo-en-uno-1.png\",\"datePublished\":\"2024-01-24T09:15:52+00:00\",\"description\":\"Descubre ventiladores de techo Vortice para usos especiales en agricultura, producci\u00f3n y m\u00e1s. Eficiencia y dise\u00f1o italiano en climatizaci\u00f3n.\",\"breadcrumb\":{\"@id\":\"https:\\\/\\\/gavri-src.addisnetwork.es\\\/blog\\\/ventiladores-de-techo-vortice-para-usos-especiales-todo-en-uno.html#breadcrumb\"},\"inLanguage\":\"es\",\"potentialAction\":[{\"@type\":\"ReadAction\",\"target\":[\"https:\\\/\\\/gavri-src.addisnetwork.es\\\/blog\\\/ventiladores-de-techo-vortice-para-usos-especiales-todo-en-uno.html\"]}]},{\"@type\":\"ImageObject\",\"inLanguage\":\"es\",\"@id\":\"https:\\\/\\\/gavri-src.addisnetwork.es\\\/blog\\\/ventiladores-de-techo-vortice-para-usos-especiales-todo-en-uno.html#primaryimage\",\"url\":\"https:\\\/\\\/gavri-src.addisnetwork.es\\\/blog\\\/wp-content\\\/uploads\\\/2024\\\/01\\\/Ventiladores-de-techo-Vortice-para-usos-especiales-\u00a1Todo-en-uno-1.png\",\"contentUrl\":\"https:\\\/\\\/gavri-src.addisnetwork.es\\\/blog\\\/wp-content\\\/uploads\\\/2024\\\/01\\\/Ventiladores-de-techo-Vortice-para-usos-especiales-\u00a1Todo-en-uno-1.png\",\"width\":633,\"height\":614,\"caption\":\"Ventiladores de techo Vortice para usos especiales \u00a1Todo en uno! (1)\"},{\"@type\":\"BreadcrumbList\",\"@id\":\"https:\\\/\\\/gavri-src.addisnetwork.es\\\/blog\\\/ventiladores-de-techo-vortice-para-usos-especiales-todo-en-uno.html#breadcrumb\",\"itemListElement\":[{\"@type\":\"ListItem\",\"position\":1,\"name\":\"Portada\",\"item\":\"https:\\\/\\\/gavri-src.addisnetwork.es\\\/blog\"},{\"@type\":\"ListItem\",\"position\":2,\"name\":\"Ventiladores de techo Vortice para usos especiales \u00a1Todo en uno!\"}]},{\"@type\":\"WebSite\",\"@id\":\"https:\\\/\\\/gavri-src.addisnetwork.es\\\/blog\\\/#website\",\"url\":\"https:\\\/\\\/gavri-src.addisnetwork.es\\\/blog\\\/\",\"name\":\"Blog de Gavri.es\",\"description\":\"Blog de Gavri.es\",\"publisher\":{\"@id\":\"https:\\\/\\\/gavri-src.addisnetwork.es\\\/blog\\\/#organization\"},\"potentialAction\":[{\"@type\":\"SearchAction\",\"target\":{\"@type\":\"EntryPoint\",\"urlTemplate\":\"https:\\\/\\\/gavri-src.addisnetwork.es\\\/blog\\\/?s={search_term_string}\"},\"query-input\":{\"@type\":\"PropertyValueSpecification\",\"valueRequired\":true,\"valueName\":\"search_term_string\"}}],\"inLanguage\":\"es\"},{\"@type\":\"Organization\",\"@id\":\"https:\\\/\\\/gavri-src.addisnetwork.es\\\/blog\\\/#organization\",\"name\":\"Blog de Gavri.es\",\"url\":\"https:\\\/\\\/gavri-src.addisnetwork.es\\\/blog\\\/\",\"logo\":{\"@type\":\"ImageObject\",\"inLanguage\":\"es\",\"@id\":\"https:\\\/\\\/gavri-src.addisnetwork.es\\\/blog\\\/#\\\/schema\\\/logo\\\/image\\\/\",\"url\":\"https:\\\/\\\/gavri-src.addisnetwork.es\\\/blog\\\/wp-content\\\/uploads\\\/2021\\\/01\\\/cropped-LOGO-gavries-blog-1.png\",\"contentUrl\":\"https:\\\/\\\/gavri-src.addisnetwork.es\\\/blog\\\/wp-content\\\/uploads\\\/2021\\\/01\\\/cropped-LOGO-gavries-blog-1.png\",\"width\":520,\"height\":104,\"caption\":\"Blog de Gavri.es\"},\"image\":{\"@id\":\"https:\\\/\\\/gavri-src.addisnetwork.es\\\/blog\\\/#\\\/schema\\\/logo\\\/image\\\/\"}},{\"@type\":\"Person\",\"@id\":\"https:\\\/\\\/gavri-src.addisnetwork.es\\\/blog\\\/#\\\/schema\\\/person\\\/587329a98b34cfdbbfd1e7fbe7b65296\",\"name\":\"T\u00e9cnico Gavri\",\"image\":{\"@type\":\"ImageObject\",\"inLanguage\":\"es\",\"@id\":\"https:\\\/\\\/secure.gravatar.com\\\/avatar\\\/05be1fcb2076939c113859ec2cf09bc4b6b366950c2e7c2d51962780ab5e6d80?s=96&d=mm&r=g\",\"url\":\"https:\\\/\\\/secure.gravatar.com\\\/avatar\\\/05be1fcb2076939c113859ec2cf09bc4b6b366950c2e7c2d51962780ab5e6d80?s=96&d=mm&r=g\",\"contentUrl\":\"https:\\\/\\\/secure.gravatar.com\\\/avatar\\\/05be1fcb2076939c113859ec2cf09bc4b6b366950c2e7c2d51962780ab5e6d80?s=96&d=mm&r=g\",\"caption\":\"T\u00e9cnico Gavri\"}}]}<\/script>\n<!-- \/ Yoast SEO plugin. -->","yoast_head_json":{"title":"Ventiladores de techo Vortice para usos especiales \u00a1Todo en uno!","description":"Descubre ventiladores de techo Vortice para usos especiales en agricultura, producci\u00f3n y m\u00e1s. Eficiencia y dise\u00f1o italiano en climatizaci\u00f3n.","robots":{"index":"index","follow":"follow","max-snippet":"max-snippet:-1","max-image-preview":"max-image-preview:large","max-video-preview":"max-video-preview:-1"},"canonical":"https:\/\/gavri-src.addisnetwork.es\/blog\/ventiladores-de-techo-vortice-para-usos-especiales-todo-en-uno.html","og_locale":"es_ES","og_type":"article","og_title":"Ventiladores de techo Vortice para usos especiales \u00a1Todo en uno!","og_description":"Descubre ventiladores de techo Vortice para usos especiales en agricultura, producci\u00f3n y m\u00e1s. Eficiencia y dise\u00f1o italiano en climatizaci\u00f3n.","og_url":"https:\/\/gavri-src.addisnetwork.es\/blog\/ventiladores-de-techo-vortice-para-usos-especiales-todo-en-uno.html","og_site_name":"Blog de Gavri.es","article_published_time":"2024-01-24T09:15:52+00:00","og_image":[{"width":633,"height":614,"url":"https:\/\/gavri-src.addisnetwork.es\/blog\/wp-content\/uploads\/2024\/01\/Ventiladores-de-techo-Vortice-para-usos-especiales-\u00a1Todo-en-uno-1.png","type":"image\/png"}],"author":"T\u00e9cnico Gavri","twitter_card":"summary_large_image","twitter_misc":{"Escrito por":"T\u00e9cnico Gavri","Tiempo de lectura":"4 minutos"},"schema":{"@context":"https:\/\/schema.org","@graph":[{"@type":"Article","@id":"https:\/\/gavri-src.addisnetwork.es\/blog\/ventiladores-de-techo-vortice-para-usos-especiales-todo-en-uno.html#article","isPartOf":{"@id":"https:\/\/gavri-src.addisnetwork.es\/blog\/ventiladores-de-techo-vortice-para-usos-especiales-todo-en-uno.html"},"author":{"name":"T\u00e9cnico Gavri","@id":"https:\/\/gavri-src.addisnetwork.es\/blog\/#\/schema\/person\/587329a98b34cfdbbfd1e7fbe7b65296"},"headline":"Ventiladores de techo Vortice para usos especiales \u00a1Todo en uno!","datePublished":"2024-01-24T09:15:52+00:00","mainEntityOfPage":{"@id":"https:\/\/gavri-src.addisnetwork.es\/blog\/ventiladores-de-techo-vortice-para-usos-especiales-todo-en-uno.html"},"wordCount":793,"commentCount":0,"publisher":{"@id":"https:\/\/gavri-src.addisnetwork.es\/blog\/#organization"},"image":{"@id":"https:\/\/gavri-src.addisnetwork.es\/blog\/ventiladores-de-techo-vortice-para-usos-especiales-todo-en-uno.html#primaryimage"},"thumbnailUrl":"https:\/\/gavri-src.addisnetwork.es\/blog\/wp-content\/uploads\/2024\/01\/Ventiladores-de-techo-Vortice-para-usos-especiales-\u00a1Todo-en-uno-1.png","keywords":["ahorro","energ\u00eda","espacios","ventiladores de techo","Vortice"],"articleSection":["Ventiladores de techo"],"inLanguage":"es","potentialAction":[{"@type":"CommentAction","name":"Comment","target":["https:\/\/gavri-src.addisnetwork.es\/blog\/ventiladores-de-techo-vortice-para-usos-especiales-todo-en-uno.html#respond"]}]},{"@type":"WebPage","@id":"https:\/\/gavri-src.addisnetwork.es\/blog\/ventiladores-de-techo-vortice-para-usos-especiales-todo-en-uno.html","url":"https:\/\/gavri-src.addisnetwork.es\/blog\/ventiladores-de-techo-vortice-para-usos-especiales-todo-en-uno.html","name":"Ventiladores de techo Vortice para usos especiales \u00a1Todo en uno!","isPartOf":{"@id":"https:\/\/gavri-src.addisnetwork.es\/blog\/#website"},"primaryImageOfPage":{"@id":"https:\/\/gavri-src.addisnetwork.es\/blog\/ventiladores-de-techo-vortice-para-usos-especiales-todo-en-uno.html#primaryimage"},"image":{"@id":"https:\/\/gavri-src.addisnetwork.es\/blog\/ventiladores-de-techo-vortice-para-usos-especiales-todo-en-uno.html#primaryimage"},"thumbnailUrl":"https:\/\/gavri-src.addisnetwork.es\/blog\/wp-content\/uploads\/2024\/01\/Ventiladores-de-techo-Vortice-para-usos-especiales-\u00a1Todo-en-uno-1.png","datePublished":"2024-01-24T09:15:52+00:00","description":"Descubre ventiladores de techo Vortice para usos especiales en agricultura, producci\u00f3n y m\u00e1s. Eficiencia y dise\u00f1o italiano en climatizaci\u00f3n.","breadcrumb":{"@id":"https:\/\/gavri-src.addisnetwork.es\/blog\/ventiladores-de-techo-vortice-para-usos-especiales-todo-en-uno.html#breadcrumb"},"inLanguage":"es","potentialAction":[{"@type":"ReadAction","target":["https:\/\/gavri-src.addisnetwork.es\/blog\/ventiladores-de-techo-vortice-para-usos-especiales-todo-en-uno.html"]}]},{"@type":"ImageObject","inLanguage":"es","@id":"https:\/\/gavri-src.addisnetwork.es\/blog\/ventiladores-de-techo-vortice-para-usos-especiales-todo-en-uno.html#primaryimage","url":"https:\/\/gavri-src.addisnetwork.es\/blog\/wp-content\/uploads\/2024\/01\/Ventiladores-de-techo-Vortice-para-usos-especiales-\u00a1Todo-en-uno-1.png","contentUrl":"https:\/\/gavri-src.addisnetwork.es\/blog\/wp-content\/uploads\/2024\/01\/Ventiladores-de-techo-Vortice-para-usos-especiales-\u00a1Todo-en-uno-1.png","width":633,"height":614,"caption":"Ventiladores de techo Vortice para usos especiales \u00a1Todo en uno! (1)"},{"@type":"BreadcrumbList","@id":"https:\/\/gavri-src.addisnetwork.es\/blog\/ventiladores-de-techo-vortice-para-usos-especiales-todo-en-uno.html#breadcrumb","itemListElement":[{"@type":"ListItem","position":1,"name":"Portada","item":"https:\/\/gavri-src.addisnetwork.es\/blog"},{"@type":"ListItem","position":2,"name":"Ventiladores de techo Vortice para usos especiales \u00a1Todo en uno!"}]},{"@type":"WebSite","@id":"https:\/\/gavri-src.addisnetwork.es\/blog\/#website","url":"https:\/\/gavri-src.addisnetwork.es\/blog\/","name":"Blog de Gavri.es","description":"Blog de Gavri.es","publisher":{"@id":"https:\/\/gavri-src.addisnetwork.es\/blog\/#organization"},"potentialAction":[{"@type":"SearchAction","target":{"@type":"EntryPoint","urlTemplate":"https:\/\/gavri-src.addisnetwork.es\/blog\/?s={search_term_string}"},"query-input":{"@type":"PropertyValueSpecification","valueRequired":true,"valueName":"search_term_string"}}],"inLanguage":"es"},{"@type":"Organization","@id":"https:\/\/gavri-src.addisnetwork.es\/blog\/#organization","name":"Blog de Gavri.es","url":"https:\/\/gavri-src.addisnetwork.es\/blog\/","logo":{"@type":"ImageObject","inLanguage":"es","@id":"https:\/\/gavri-src.addisnetwork.es\/blog\/#\/schema\/logo\/image\/","url":"https:\/\/gavri-src.addisnetwork.es\/blog\/wp-content\/uploads\/2021\/01\/cropped-LOGO-gavries-blog-1.png","contentUrl":"https:\/\/gavri-src.addisnetwork.es\/blog\/wp-content\/uploads\/2021\/01\/cropped-LOGO-gavries-blog-1.png","width":520,"height":104,"caption":"Blog de Gavri.es"},"image":{"@id":"https:\/\/gavri-src.addisnetwork.es\/blog\/#\/schema\/logo\/image\/"}},{"@type":"Person","@id":"https:\/\/gavri-src.addisnetwork.es\/blog\/#\/schema\/person\/587329a98b34cfdbbfd1e7fbe7b65296","name":"T\u00e9cnico Gavri","image":{"@type":"ImageObject","inLanguage":"es","@id":"https:\/\/secure.gravatar.com\/avatar\/05be1fcb2076939c113859ec2cf09bc4b6b366950c2e7c2d51962780ab5e6d80?s=96&d=mm&r=g","url":"https:\/\/secure.gravatar.com\/avatar\/05be1fcb2076939c113859ec2cf09bc4b6b366950c2e7c2d51962780ab5e6d80?s=96&d=mm&r=g","contentUrl":"https:\/\/secure.gravatar.com\/avatar\/05be1fcb2076939c113859ec2cf09bc4b6b366950c2e7c2d51962780ab5e6d80?s=96&d=mm&r=g","caption":"T\u00e9cnico Gavri"}}]}},"_links":{"self":[{"href":"https:\/\/gavri-src.addisnetwork.es\/blog\/wp-json\/wp\/v2\/posts\/1008","targetHints":{"allow":["GET"]}}],"collection":[{"href":"https:\/\/gavri-src.addisnetwork.es\/blog\/wp-json\/wp\/v2\/posts"}],"about":[{"href":"https:\/\/gavri-src.addisnetwork.es\/blog\/wp-json\/wp\/v2\/types\/post"}],"author":[{"embeddable":true,"href":"https:\/\/gavri-src.addisnetwork.es\/blog\/wp-json\/wp\/v2\/users\/2"}],"replies":[{"embeddable":true,"href":"https:\/\/gavri-src.addisnetwork.es\/blog\/wp-json\/wp\/v2\/comments?post=1008"}],"version-history":[{"count":1,"href":"https:\/\/gavri-src.addisnetwork.es\/blog\/wp-json\/wp\/v2\/posts\/1008\/revisions"}],"predecessor-version":[{"id":1010,"href":"https:\/\/gavri-src.addisnetwork.es\/blog\/wp-json\/wp\/v2\/posts\/1008\/revisions\/1010"}],"wp:featuredmedia":[{"embeddable":true,"href":"https:\/\/gavri-src.addisnetwork.es\/blog\/wp-json\/wp\/v2\/media\/1009"}],"wp:attachment":[{"href":"https:\/\/gavri-src.addisnetwork.es\/blog\/wp-json\/wp\/v2\/media?parent=1008"}],"wp:term":[{"taxonomy":"category","embeddable":true,"href":"https:\/\/gavri-src.addisnetwork.es\/blog\/wp-json\/wp\/v2\/categories?post=1008"},{"taxonomy":"post_tag","embeddable":true,"href":"https:\/\/gavri-src.addisnetwork.es\/blog\/wp-json\/wp\/v2\/tags?post=1008"}],"curies":[{"name":"wp","href":"https:\/\/api.w.org\/{rel}","templated":true}]}}