{"id":1012,"date":"2024-02-01T09:03:55","date_gmt":"2024-02-01T09:03:55","guid":{"rendered":"https:\/\/gavri.es\/blog\/?p=1012"},"modified":"2024-06-05T14:46:04","modified_gmt":"2024-06-05T14:46:04","slug":"ventiladores-industriales-ventilacion-negocio-necesita","status":"publish","type":"post","link":"https:\/\/gavri-src.addisnetwork.es\/blog\/ventiladores-industriales-ventilacion-negocio-necesita.html","title":{"rendered":"Ventiladores industriales: La ventilaci\u00f3n que tu negocio necesita"},"content":{"rendered":"\n<p>Si eres due\u00f1o de un negocio, sabes lo importante que es mantener un ambiente c\u00f3modo y saludable para tus empleados y clientes. La ventilaci\u00f3n adecuada es esencial para lograrlo, y es aqu\u00ed donde los <strong>ventiladores industriales<\/strong> entran en juego. En este art\u00edculo, exploraremos c\u00f3mo los ventiladores industriales pueden marcar la diferencia en tu negocio y te presentaremos opciones destacadas que ofrecemos en <strong>Gavri<\/strong>.<\/p>\n\n\n\n<!--more-->\n\n\n\n<h2 class=\"wp-block-heading\"><strong>\u00bfPor qu\u00e9 necesitas ventiladores industriales?<\/strong><\/h2>\n\n\n\n<p>La ventilaci\u00f3n adecuada es clave en cualquier entorno comercial. Ya sea que tengas un restaurante, una tienda minorista, una f\u00e1brica o cualquier otro tipo de negocio, los ventiladores industriales pueden proporcionar una serie de beneficios cruciales:<\/p>\n\n\n\n<ul class=\"wp-block-list\">\n<li><strong>Los ventiladores industriales ayudan a circular el aire<\/strong>, lo que significa que el aire fresco se mezcla con el aire viciado, mejorando la calidad del aire en tu negocio. Esto es especialmente importante para lugares con alta afluencia de personas.<\/li>\n\n\n\n<li>Mantener una temperatura agradable es esencial tanto para tus empleados como para tus clientes. <strong>Los ventiladores industriales pueden ayudar a distribuir el aire fr\u00edo o caliente de manera m\u00e1s uniforme<\/strong>, lo que reduce la necesidad de sistemas de calefacci\u00f3n o aire acondicionado m\u00e1s costosos.<\/li>\n\n\n\n<li>Hablando de costos, los ventiladores industriales son una opci\u00f3n econ\u00f3mica para mejorar la ventilaci\u00f3n y la temperatura en tu negocio. <strong>Son mucho m\u00e1s eficientes energ\u00e9ticamente en comparaci\u00f3n con otros sistemas.<\/strong><\/li>\n\n\n\n<li>Un ambiente c\u00f3modo y bien ventilado crea un entorno m\u00e1s agradable para trabajar y comprar. <strong>Tus empleados estar\u00e1n m\u00e1s contentos, y los clientes se sentir\u00e1n m\u00e1s a gusto en tu negocio<\/strong>, lo que puede aumentar la retenci\u00f3n y las ventas.<\/li>\n<\/ul>\n\n\n\n<h3 class=\"wp-block-heading\"><strong>Explorando las opciones de ventiladores industriales<\/strong><\/h3>\n\n\n\n<p>Ahora que comprendes por qu\u00e9 los ventiladores industriales son esenciales, veamos <strong>algunas opciones<\/strong> destacadas disponibles en Gavri:<\/p>\n\n\n\n<ol class=\"wp-block-list\">\n<li><strong><\/strong><strong>Ventilador de Pared MW2 &#8211; Elegancia y Eficiencia: <\/strong>Si buscas un ventilador de pared que combine estilo y rendimiento, el <a href=\"https:\/\/gavri.es\/inicio\/ventilador-de-pared-casafan-207512-wm2-wall-eco-gris-plateado\"><strong>Ventilador de Pared MW2<\/strong><\/a> de Casafan es una excelente elecci\u00f3n. Su dise\u00f1o moderno en gris plateado se adapta a cualquier entorno comercial.<\/li>\n\n\n\n<li><strong><\/strong><strong>Ventilador de Pie MW2 Stand Eco &#8211; Comodidad y Versatilidad:<\/strong> El <a href=\"https:\/\/gavri.es\/inicio\/ventilador-de-pie-casafan-207503-wm2-stand-eco-gris-plateado\"><strong>Ventilador de Pie MW2 Stand Eco<\/strong><\/a> es perfecto si deseas una soluci\u00f3n vers\u00e1til. Puedes ubicarlo f\u00e1cilmente en diferentes \u00e1reas de tu negocio, gracias a su dise\u00f1o de pie.<\/li>\n\n\n\n<li><strong><\/strong><strong>Ventilador de Pie WM3 &#8211; Potencia y Elegancia:<\/strong> Para un toque de elegancia en tu establecimiento, considera el <a href=\"https:\/\/gavri.es\/inicio\/ventilador-de-pie-casafan-307501-wm3-stand-eco-negro-mate\"><strong>Ventilador de Pie WM3 307501<\/strong><\/a>. Su dise\u00f1o en negro mate agrega un aspecto sofisticado a tu espacio mientras proporciona una potente circulaci\u00f3n de aire.<\/li>\n\n\n\n<li><strong><\/strong><strong>Ventilador de Pared WM3 &#8211; Estilo y Rendimiento en la Pared:<\/strong> Si deseas aprovechar el espacio en la pared, el <a href=\"https:\/\/gavri.es\/inicio\/ventilador-de-pared-casafan-307502-wm3-wall-eco-sl-negro-mate\"><strong>Ventilador de Pared WM3 307502<\/strong><\/a> es una excelente elecci\u00f3n. Combina estilo y rendimiento para mejorar la ventilaci\u00f3n en tu negocio.<\/li>\n\n\n\n<li><strong><\/strong><strong>Ventilador de Pie DF600 &#8211; Eficiencia con Sistema TDA <\/strong>Si est\u00e1s interesado en una soluci\u00f3n a\u00fan m\u00e1s eficiente, el <strong>Ventilador de Pie DF600 con sistema TDA (colgado del techo)<\/strong> es una opci\u00f3n a considerar. Este ventilador puede colgarse del techo y utiliza un sistema TDA para una circulaci\u00f3n de aire altamente eficiente.<\/li>\n\n\n\n<li><strong><\/strong><strong>Ventilador de Pie DF800 &#8211; Mayor Potencia con Sistema TDA: <\/strong>Para un rendimiento a\u00fan m\u00e1s potente, el <strong>Ventilador de Pie DF800 con sistema TDA (colgado del techo)<\/strong> es una excelente elecci\u00f3n. Con su sistema TDA, garantiza una circulaci\u00f3n de aire \u00f3ptima.<\/li>\n<\/ol>\n\n\n\n<h4 class=\"wp-block-heading\"><strong>\u00bfPor qu\u00e9 elegir Gavri.es para tus ventiladores industriales?<\/strong><\/h4>\n\n\n\n<p>En Gavri, nos enorgullece ofrecer una amplia gama de opciones de ventiladores industriales que se adaptan a las necesidades de tu negocio. Nuestros productos est\u00e1n dise\u00f1ados para brindar eficiencia, estilo y rendimiento. Adem\u00e1s, <strong>ofrecemos ventiladores industriales con resistencia IP y certificados para uso comercia<\/strong>l, lo que garantiza que est\u00e1s invirtiendo en productos de calidad.<\/p>\n\n\n\n<p>Cuando eliges Gavri, eliges la experiencia y el compromiso con la satisfacci\u00f3n del cliente. <strong>Nuestro equipo est\u00e1 listo para ayudarte a encontrar la soluci\u00f3n de ventilaci\u00f3n perfecta para tu negocio y proporcionarte el soporte necesario<\/strong>. En resumen, los <strong>ventiladores industriales<\/strong> son una inversi\u00f3n valiosa para cualquier negocio que busque mejorar la calidad del aire, controlar la temperatura y crear un ambiente m\u00e1s c\u00f3modo. Con las opciones que ofrecemos en <a href=\"https:\/\/gavri.es\/\"><strong>Gavri<\/strong><\/a>, puedes estar seguro de que est\u00e1s obteniendo calidad y rendimiento excepcionales. \u00a1<strong>No esperes m\u00e1s para mejorar la ventilaci\u00f3n de tu negocio y crear un entorno m\u00e1s agradable para todos<\/strong>!<\/p>\n","protected":false},"excerpt":{"rendered":"<p>Si eres due\u00f1o de un negocio, sabes lo importante que es mantener un ambiente c\u00f3modo y saludable para tus empleados y clientes. La ventilaci\u00f3n adecuada es esencial para lograrlo, y es aqu\u00ed donde los ventiladores industriales &#8230; <a title=\"Ventiladores industriales: La ventilaci\u00f3n que tu negocio necesita\" class=\"read-more\" href=\"https:\/\/gavri-src.addisnetwork.es\/blog\/ventiladores-industriales-ventilacion-negocio-necesita.html\" aria-label=\"M\u00e1s en Ventiladores industriales: La ventilaci\u00f3n que tu negocio necesita\">Leer m\u00e1s<\/a><\/p>\n","protected":false},"author":3,"featured_media":1013,"comment_status":"open","ping_status":"closed","sticky":false,"template":"","format":"standard","meta":{"footnotes":""},"categories":[24],"tags":[118,28,9,166],"class_list":["post-1012","post","type-post","status-publish","format-standard","has-post-thumbnail","hentry","category-ventiladores-de-techo","tag-eficiencia","tag-negocios","tag-ventiladores-de-techo","tag-ventiladores-industriales","generate-columns","tablet-grid-50","mobile-grid-100","grid-parent","grid-50","no-featured-image-padding"],"yoast_head":"<!-- This site is optimized with the Yoast SEO plugin v27.5 - https:\/\/yoast.com\/product\/yoast-seo-wordpress\/ -->\n<title>Ventiladores industriales: La ventilaci\u00f3n que tu negocio necesita<\/title>\n<meta name=\"description\" content=\"Mejora la calidad del aire y la comodidad en tu negocio con nuestros ventiladores industriales de alta eficiencia. \u00a1Desc\u00fabrelos ahora en Gavri!\" \/>\n<meta name=\"robots\" content=\"index, follow, max-snippet:-1, max-image-preview:large, max-video-preview:-1\" \/>\n<link rel=\"canonical\" href=\"https:\/\/gavri-src.addisnetwork.es\/blog\/ventiladores-industriales-ventilacion-negocio-necesita.html\" \/>\n<meta property=\"og:locale\" content=\"es_ES\" \/>\n<meta property=\"og:type\" content=\"article\" \/>\n<meta property=\"og:title\" content=\"Ventiladores industriales: La ventilaci\u00f3n que tu negocio necesita\" \/>\n<meta property=\"og:description\" content=\"Mejora la calidad del aire y la comodidad en tu negocio con nuestros ventiladores industriales de alta eficiencia. \u00a1Desc\u00fabrelos ahora en Gavri!\" \/>\n<meta property=\"og:url\" content=\"https:\/\/gavri-src.addisnetwork.es\/blog\/ventiladores-industriales-ventilacion-negocio-necesita.html\" \/>\n<meta property=\"og:site_name\" content=\"Blog de Gavri.es\" \/>\n<meta property=\"article:published_time\" content=\"2024-02-01T09:03:55+00:00\" \/>\n<meta property=\"article:modified_time\" content=\"2024-06-05T14:46:04+00:00\" \/>\n<meta property=\"og:image\" content=\"https:\/\/gavri-src.addisnetwork.es\/blog\/wp-content\/uploads\/2024\/02\/Ventiladores-industriales-La-ventilacion-que-tu-negocio-necesita-1.png\" \/>\n\t<meta property=\"og:image:width\" content=\"571\" \/>\n\t<meta property=\"og:image:height\" content=\"491\" \/>\n\t<meta property=\"og:image:type\" content=\"image\/png\" \/>\n<meta name=\"author\" content=\"David Pesquer Morgadanes\" \/>\n<meta name=\"twitter:card\" content=\"summary_large_image\" \/>\n<meta name=\"twitter:label1\" content=\"Escrito por\" \/>\n\t<meta name=\"twitter:data1\" content=\"David Pesquer Morgadanes\" \/>\n\t<meta name=\"twitter:label2\" content=\"Tiempo de lectura\" \/>\n\t<meta name=\"twitter:data2\" content=\"4 minutos\" \/>\n<script type=\"application\/ld+json\" class=\"yoast-schema-graph\">{\"@context\":\"https:\\\/\\\/schema.org\",\"@graph\":[{\"@type\":\"Article\",\"@id\":\"https:\\\/\\\/gavri-src.addisnetwork.es\\\/blog\\\/ventiladores-industriales-ventilacion-negocio-necesita.html#article\",\"isPartOf\":{\"@id\":\"https:\\\/\\\/gavri-src.addisnetwork.es\\\/blog\\\/ventiladores-industriales-ventilacion-negocio-necesita.html\"},\"author\":{\"name\":\"David Pesquer Morgadanes\",\"@id\":\"https:\\\/\\\/gavri-src.addisnetwork.es\\\/blog\\\/#\\\/schema\\\/person\\\/203269397f8e8ab2f6fe3edc5e623fcf\"},\"headline\":\"Ventiladores industriales: La ventilaci\u00f3n que tu negocio necesita\",\"datePublished\":\"2024-02-01T09:03:55+00:00\",\"dateModified\":\"2024-06-05T14:46:04+00:00\",\"mainEntityOfPage\":{\"@id\":\"https:\\\/\\\/gavri-src.addisnetwork.es\\\/blog\\\/ventiladores-industriales-ventilacion-negocio-necesita.html\"},\"wordCount\":764,\"commentCount\":2,\"publisher\":{\"@id\":\"https:\\\/\\\/gavri-src.addisnetwork.es\\\/blog\\\/#organization\"},\"image\":{\"@id\":\"https:\\\/\\\/gavri-src.addisnetwork.es\\\/blog\\\/ventiladores-industriales-ventilacion-negocio-necesita.html#primaryimage\"},\"thumbnailUrl\":\"https:\\\/\\\/gavri-src.addisnetwork.es\\\/blog\\\/wp-content\\\/uploads\\\/2024\\\/02\\\/Ventiladores-industriales-La-ventilacion-que-tu-negocio-necesita-1.png\",\"keywords\":[\"eficiencia\",\"negocios\",\"ventiladores de techo\",\"ventiladores industriales\"],\"articleSection\":[\"Ventiladores de techo\"],\"inLanguage\":\"es\",\"potentialAction\":[{\"@type\":\"CommentAction\",\"name\":\"Comment\",\"target\":[\"https:\\\/\\\/gavri-src.addisnetwork.es\\\/blog\\\/ventiladores-industriales-ventilacion-negocio-necesita.html#respond\"]}]},{\"@type\":\"WebPage\",\"@id\":\"https:\\\/\\\/gavri-src.addisnetwork.es\\\/blog\\\/ventiladores-industriales-ventilacion-negocio-necesita.html\",\"url\":\"https:\\\/\\\/gavri-src.addisnetwork.es\\\/blog\\\/ventiladores-industriales-ventilacion-negocio-necesita.html\",\"name\":\"Ventiladores industriales: La ventilaci\u00f3n que tu negocio necesita\",\"isPartOf\":{\"@id\":\"https:\\\/\\\/gavri-src.addisnetwork.es\\\/blog\\\/#website\"},\"primaryImageOfPage\":{\"@id\":\"https:\\\/\\\/gavri-src.addisnetwork.es\\\/blog\\\/ventiladores-industriales-ventilacion-negocio-necesita.html#primaryimage\"},\"image\":{\"@id\":\"https:\\\/\\\/gavri-src.addisnetwork.es\\\/blog\\\/ventiladores-industriales-ventilacion-negocio-necesita.html#primaryimage\"},\"thumbnailUrl\":\"https:\\\/\\\/gavri-src.addisnetwork.es\\\/blog\\\/wp-content\\\/uploads\\\/2024\\\/02\\\/Ventiladores-industriales-La-ventilacion-que-tu-negocio-necesita-1.png\",\"datePublished\":\"2024-02-01T09:03:55+00:00\",\"dateModified\":\"2024-06-05T14:46:04+00:00\",\"description\":\"Mejora la calidad del aire y la comodidad en tu negocio con nuestros ventiladores industriales de alta eficiencia. \u00a1Desc\u00fabrelos ahora en Gavri!\",\"breadcrumb\":{\"@id\":\"https:\\\/\\\/gavri-src.addisnetwork.es\\\/blog\\\/ventiladores-industriales-ventilacion-negocio-necesita.html#breadcrumb\"},\"inLanguage\":\"es\",\"potentialAction\":[{\"@type\":\"ReadAction\",\"target\":[\"https:\\\/\\\/gavri-src.addisnetwork.es\\\/blog\\\/ventiladores-industriales-ventilacion-negocio-necesita.html\"]}]},{\"@type\":\"ImageObject\",\"inLanguage\":\"es\",\"@id\":\"https:\\\/\\\/gavri-src.addisnetwork.es\\\/blog\\\/ventiladores-industriales-ventilacion-negocio-necesita.html#primaryimage\",\"url\":\"https:\\\/\\\/gavri-src.addisnetwork.es\\\/blog\\\/wp-content\\\/uploads\\\/2024\\\/02\\\/Ventiladores-industriales-La-ventilacion-que-tu-negocio-necesita-1.png\",\"contentUrl\":\"https:\\\/\\\/gavri-src.addisnetwork.es\\\/blog\\\/wp-content\\\/uploads\\\/2024\\\/02\\\/Ventiladores-industriales-La-ventilacion-que-tu-negocio-necesita-1.png\",\"width\":571,\"height\":491,\"caption\":\"Ventiladores industriales La ventilaci\u00f3n que tu negocio necesita (1)\"},{\"@type\":\"BreadcrumbList\",\"@id\":\"https:\\\/\\\/gavri-src.addisnetwork.es\\\/blog\\\/ventiladores-industriales-ventilacion-negocio-necesita.html#breadcrumb\",\"itemListElement\":[{\"@type\":\"ListItem\",\"position\":1,\"name\":\"Portada\",\"item\":\"https:\\\/\\\/gavri-src.addisnetwork.es\\\/blog\"},{\"@type\":\"ListItem\",\"position\":2,\"name\":\"Ventiladores industriales: La ventilaci\u00f3n que tu negocio necesita\"}]},{\"@type\":\"WebSite\",\"@id\":\"https:\\\/\\\/gavri-src.addisnetwork.es\\\/blog\\\/#website\",\"url\":\"https:\\\/\\\/gavri-src.addisnetwork.es\\\/blog\\\/\",\"name\":\"Blog de Gavri.es\",\"description\":\"Blog de Gavri.es\",\"publisher\":{\"@id\":\"https:\\\/\\\/gavri-src.addisnetwork.es\\\/blog\\\/#organization\"},\"potentialAction\":[{\"@type\":\"SearchAction\",\"target\":{\"@type\":\"EntryPoint\",\"urlTemplate\":\"https:\\\/\\\/gavri-src.addisnetwork.es\\\/blog\\\/?s={search_term_string}\"},\"query-input\":{\"@type\":\"PropertyValueSpecification\",\"valueRequired\":true,\"valueName\":\"search_term_string\"}}],\"inLanguage\":\"es\"},{\"@type\":\"Organization\",\"@id\":\"https:\\\/\\\/gavri-src.addisnetwork.es\\\/blog\\\/#organization\",\"name\":\"Blog de Gavri.es\",\"url\":\"https:\\\/\\\/gavri-src.addisnetwork.es\\\/blog\\\/\",\"logo\":{\"@type\":\"ImageObject\",\"inLanguage\":\"es\",\"@id\":\"https:\\\/\\\/gavri-src.addisnetwork.es\\\/blog\\\/#\\\/schema\\\/logo\\\/image\\\/\",\"url\":\"https:\\\/\\\/gavri-src.addisnetwork.es\\\/blog\\\/wp-content\\\/uploads\\\/2021\\\/01\\\/cropped-LOGO-gavries-blog-1.png\",\"contentUrl\":\"https:\\\/\\\/gavri-src.addisnetwork.es\\\/blog\\\/wp-content\\\/uploads\\\/2021\\\/01\\\/cropped-LOGO-gavries-blog-1.png\",\"width\":520,\"height\":104,\"caption\":\"Blog de Gavri.es\"},\"image\":{\"@id\":\"https:\\\/\\\/gavri-src.addisnetwork.es\\\/blog\\\/#\\\/schema\\\/logo\\\/image\\\/\"}},{\"@type\":\"Person\",\"@id\":\"https:\\\/\\\/gavri-src.addisnetwork.es\\\/blog\\\/#\\\/schema\\\/person\\\/203269397f8e8ab2f6fe3edc5e623fcf\",\"name\":\"David Pesquer Morgadanes\",\"image\":{\"@type\":\"ImageObject\",\"inLanguage\":\"es\",\"@id\":\"https:\\\/\\\/secure.gravatar.com\\\/avatar\\\/e3e68089201f2a6dc0ddee931fcd69093f0aa9b360e73d4ac77353e6a01f3aed?s=96&d=mm&r=g\",\"url\":\"https:\\\/\\\/secure.gravatar.com\\\/avatar\\\/e3e68089201f2a6dc0ddee931fcd69093f0aa9b360e73d4ac77353e6a01f3aed?s=96&d=mm&r=g\",\"contentUrl\":\"https:\\\/\\\/secure.gravatar.com\\\/avatar\\\/e3e68089201f2a6dc0ddee931fcd69093f0aa9b360e73d4ac77353e6a01f3aed?s=96&d=mm&r=g\",\"caption\":\"David Pesquer Morgadanes\"},\"description\":\"Especialista en climatizaci\u00f3n, ventiladores de techo, deshumidificadores y purificadores de aire. Licenciado en Marketing y comunicaci\u00f3n digital por la EAE Business School (Universidad Polit\u00e9cnica de Barcelona) y con un master oficial en Direcci\u00f3n de Marketing digital y gesti\u00f3n comercial por la Universidad Internacional de Valencia (VIU).\",\"sameAs\":[\"http:\\\/\\\/gavri.es\"]}]}<\/script>\n<!-- \/ Yoast SEO plugin. -->","yoast_head_json":{"title":"Ventiladores industriales: La ventilaci\u00f3n que tu negocio necesita","description":"Mejora la calidad del aire y la comodidad en tu negocio con nuestros ventiladores industriales de alta eficiencia. \u00a1Desc\u00fabrelos ahora en Gavri!","robots":{"index":"index","follow":"follow","max-snippet":"max-snippet:-1","max-image-preview":"max-image-preview:large","max-video-preview":"max-video-preview:-1"},"canonical":"https:\/\/gavri-src.addisnetwork.es\/blog\/ventiladores-industriales-ventilacion-negocio-necesita.html","og_locale":"es_ES","og_type":"article","og_title":"Ventiladores industriales: La ventilaci\u00f3n que tu negocio necesita","og_description":"Mejora la calidad del aire y la comodidad en tu negocio con nuestros ventiladores industriales de alta eficiencia. \u00a1Desc\u00fabrelos ahora en Gavri!","og_url":"https:\/\/gavri-src.addisnetwork.es\/blog\/ventiladores-industriales-ventilacion-negocio-necesita.html","og_site_name":"Blog de Gavri.es","article_published_time":"2024-02-01T09:03:55+00:00","article_modified_time":"2024-06-05T14:46:04+00:00","og_image":[{"width":571,"height":491,"url":"https:\/\/gavri-src.addisnetwork.es\/blog\/wp-content\/uploads\/2024\/02\/Ventiladores-industriales-La-ventilacion-que-tu-negocio-necesita-1.png","type":"image\/png"}],"author":"David Pesquer Morgadanes","twitter_card":"summary_large_image","twitter_misc":{"Escrito por":"David Pesquer Morgadanes","Tiempo de lectura":"4 minutos"},"schema":{"@context":"https:\/\/schema.org","@graph":[{"@type":"Article","@id":"https:\/\/gavri-src.addisnetwork.es\/blog\/ventiladores-industriales-ventilacion-negocio-necesita.html#article","isPartOf":{"@id":"https:\/\/gavri-src.addisnetwork.es\/blog\/ventiladores-industriales-ventilacion-negocio-necesita.html"},"author":{"name":"David Pesquer Morgadanes","@id":"https:\/\/gavri-src.addisnetwork.es\/blog\/#\/schema\/person\/203269397f8e8ab2f6fe3edc5e623fcf"},"headline":"Ventiladores industriales: La ventilaci\u00f3n que tu negocio necesita","datePublished":"2024-02-01T09:03:55+00:00","dateModified":"2024-06-05T14:46:04+00:00","mainEntityOfPage":{"@id":"https:\/\/gavri-src.addisnetwork.es\/blog\/ventiladores-industriales-ventilacion-negocio-necesita.html"},"wordCount":764,"commentCount":2,"publisher":{"@id":"https:\/\/gavri-src.addisnetwork.es\/blog\/#organization"},"image":{"@id":"https:\/\/gavri-src.addisnetwork.es\/blog\/ventiladores-industriales-ventilacion-negocio-necesita.html#primaryimage"},"thumbnailUrl":"https:\/\/gavri-src.addisnetwork.es\/blog\/wp-content\/uploads\/2024\/02\/Ventiladores-industriales-La-ventilacion-que-tu-negocio-necesita-1.png","keywords":["eficiencia","negocios","ventiladores de techo","ventiladores industriales"],"articleSection":["Ventiladores de techo"],"inLanguage":"es","potentialAction":[{"@type":"CommentAction","name":"Comment","target":["https:\/\/gavri-src.addisnetwork.es\/blog\/ventiladores-industriales-ventilacion-negocio-necesita.html#respond"]}]},{"@type":"WebPage","@id":"https:\/\/gavri-src.addisnetwork.es\/blog\/ventiladores-industriales-ventilacion-negocio-necesita.html","url":"https:\/\/gavri-src.addisnetwork.es\/blog\/ventiladores-industriales-ventilacion-negocio-necesita.html","name":"Ventiladores industriales: La ventilaci\u00f3n que tu negocio necesita","isPartOf":{"@id":"https:\/\/gavri-src.addisnetwork.es\/blog\/#website"},"primaryImageOfPage":{"@id":"https:\/\/gavri-src.addisnetwork.es\/blog\/ventiladores-industriales-ventilacion-negocio-necesita.html#primaryimage"},"image":{"@id":"https:\/\/gavri-src.addisnetwork.es\/blog\/ventiladores-industriales-ventilacion-negocio-necesita.html#primaryimage"},"thumbnailUrl":"https:\/\/gavri-src.addisnetwork.es\/blog\/wp-content\/uploads\/2024\/02\/Ventiladores-industriales-La-ventilacion-que-tu-negocio-necesita-1.png","datePublished":"2024-02-01T09:03:55+00:00","dateModified":"2024-06-05T14:46:04+00:00","description":"Mejora la calidad del aire y la comodidad en tu negocio con nuestros ventiladores industriales de alta eficiencia. \u00a1Desc\u00fabrelos ahora en Gavri!","breadcrumb":{"@id":"https:\/\/gavri-src.addisnetwork.es\/blog\/ventiladores-industriales-ventilacion-negocio-necesita.html#breadcrumb"},"inLanguage":"es","potentialAction":[{"@type":"ReadAction","target":["https:\/\/gavri-src.addisnetwork.es\/blog\/ventiladores-industriales-ventilacion-negocio-necesita.html"]}]},{"@type":"ImageObject","inLanguage":"es","@id":"https:\/\/gavri-src.addisnetwork.es\/blog\/ventiladores-industriales-ventilacion-negocio-necesita.html#primaryimage","url":"https:\/\/gavri-src.addisnetwork.es\/blog\/wp-content\/uploads\/2024\/02\/Ventiladores-industriales-La-ventilacion-que-tu-negocio-necesita-1.png","contentUrl":"https:\/\/gavri-src.addisnetwork.es\/blog\/wp-content\/uploads\/2024\/02\/Ventiladores-industriales-La-ventilacion-que-tu-negocio-necesita-1.png","width":571,"height":491,"caption":"Ventiladores industriales La ventilaci\u00f3n que tu negocio necesita (1)"},{"@type":"BreadcrumbList","@id":"https:\/\/gavri-src.addisnetwork.es\/blog\/ventiladores-industriales-ventilacion-negocio-necesita.html#breadcrumb","itemListElement":[{"@type":"ListItem","position":1,"name":"Portada","item":"https:\/\/gavri-src.addisnetwork.es\/blog"},{"@type":"ListItem","position":2,"name":"Ventiladores industriales: La ventilaci\u00f3n que tu negocio necesita"}]},{"@type":"WebSite","@id":"https:\/\/gavri-src.addisnetwork.es\/blog\/#website","url":"https:\/\/gavri-src.addisnetwork.es\/blog\/","name":"Blog de Gavri.es","description":"Blog de Gavri.es","publisher":{"@id":"https:\/\/gavri-src.addisnetwork.es\/blog\/#organization"},"potentialAction":[{"@type":"SearchAction","target":{"@type":"EntryPoint","urlTemplate":"https:\/\/gavri-src.addisnetwork.es\/blog\/?s={search_term_string}"},"query-input":{"@type":"PropertyValueSpecification","valueRequired":true,"valueName":"search_term_string"}}],"inLanguage":"es"},{"@type":"Organization","@id":"https:\/\/gavri-src.addisnetwork.es\/blog\/#organization","name":"Blog de Gavri.es","url":"https:\/\/gavri-src.addisnetwork.es\/blog\/","logo":{"@type":"ImageObject","inLanguage":"es","@id":"https:\/\/gavri-src.addisnetwork.es\/blog\/#\/schema\/logo\/image\/","url":"https:\/\/gavri-src.addisnetwork.es\/blog\/wp-content\/uploads\/2021\/01\/cropped-LOGO-gavries-blog-1.png","contentUrl":"https:\/\/gavri-src.addisnetwork.es\/blog\/wp-content\/uploads\/2021\/01\/cropped-LOGO-gavries-blog-1.png","width":520,"height":104,"caption":"Blog de Gavri.es"},"image":{"@id":"https:\/\/gavri-src.addisnetwork.es\/blog\/#\/schema\/logo\/image\/"}},{"@type":"Person","@id":"https:\/\/gavri-src.addisnetwork.es\/blog\/#\/schema\/person\/203269397f8e8ab2f6fe3edc5e623fcf","name":"David Pesquer Morgadanes","image":{"@type":"ImageObject","inLanguage":"es","@id":"https:\/\/secure.gravatar.com\/avatar\/e3e68089201f2a6dc0ddee931fcd69093f0aa9b360e73d4ac77353e6a01f3aed?s=96&d=mm&r=g","url":"https:\/\/secure.gravatar.com\/avatar\/e3e68089201f2a6dc0ddee931fcd69093f0aa9b360e73d4ac77353e6a01f3aed?s=96&d=mm&r=g","contentUrl":"https:\/\/secure.gravatar.com\/avatar\/e3e68089201f2a6dc0ddee931fcd69093f0aa9b360e73d4ac77353e6a01f3aed?s=96&d=mm&r=g","caption":"David Pesquer Morgadanes"},"description":"Especialista en climatizaci\u00f3n, ventiladores de techo, deshumidificadores y purificadores de aire. Licenciado en Marketing y comunicaci\u00f3n digital por la EAE Business School (Universidad Polit\u00e9cnica de Barcelona) y con un master oficial en Direcci\u00f3n de Marketing digital y gesti\u00f3n comercial por la Universidad Internacional de Valencia (VIU).","sameAs":["http:\/\/gavri.es"]}]}},"_links":{"self":[{"href":"https:\/\/gavri-src.addisnetwork.es\/blog\/wp-json\/wp\/v2\/posts\/1012","targetHints":{"allow":["GET"]}}],"collection":[{"href":"https:\/\/gavri-src.addisnetwork.es\/blog\/wp-json\/wp\/v2\/posts"}],"about":[{"href":"https:\/\/gavri-src.addisnetwork.es\/blog\/wp-json\/wp\/v2\/types\/post"}],"author":[{"embeddable":true,"href":"https:\/\/gavri-src.addisnetwork.es\/blog\/wp-json\/wp\/v2\/users\/3"}],"replies":[{"embeddable":true,"href":"https:\/\/gavri-src.addisnetwork.es\/blog\/wp-json\/wp\/v2\/comments?post=1012"}],"version-history":[{"count":1,"href":"https:\/\/gavri-src.addisnetwork.es\/blog\/wp-json\/wp\/v2\/posts\/1012\/revisions"}],"predecessor-version":[{"id":1014,"href":"https:\/\/gavri-src.addisnetwork.es\/blog\/wp-json\/wp\/v2\/posts\/1012\/revisions\/1014"}],"wp:featuredmedia":[{"embeddable":true,"href":"https:\/\/gavri-src.addisnetwork.es\/blog\/wp-json\/wp\/v2\/media\/1013"}],"wp:attachment":[{"href":"https:\/\/gavri-src.addisnetwork.es\/blog\/wp-json\/wp\/v2\/media?parent=1012"}],"wp:term":[{"taxonomy":"category","embeddable":true,"href":"https:\/\/gavri-src.addisnetwork.es\/blog\/wp-json\/wp\/v2\/categories?post=1012"},{"taxonomy":"post_tag","embeddable":true,"href":"https:\/\/gavri-src.addisnetwork.es\/blog\/wp-json\/wp\/v2\/tags?post=1012"}],"curies":[{"name":"wp","href":"https:\/\/api.w.org\/{rel}","templated":true}]}}