{"id":1076,"date":"2024-06-12T10:21:07","date_gmt":"2024-06-12T10:21:07","guid":{"rendered":"https:\/\/gavri.es\/blog\/?p=1076"},"modified":"2024-06-12T10:21:08","modified_gmt":"2024-06-12T10:21:08","slug":"5-motivos-para-comprar-un-ventilador-de-techo-para-el-verano","status":"publish","type":"post","link":"https:\/\/gavri-src.addisnetwork.es\/blog\/5-motivos-para-comprar-un-ventilador-de-techo-para-el-verano.html","title":{"rendered":"5 Motivos para comprar un Ventilador de Techo para el Verano"},"content":{"rendered":"\n<p>Con la llegada del verano, mantener nuestro hogar fresco y c\u00f3modo se convierte en una prioridad. Los ventiladores de techo son una excelente opci\u00f3n para lograr esto de manera eficiente y estilizada. En este art\u00edculo, exploraremos cinco motivos por los que deber\u00edas considerar la compra de un ventilador de techo este verano, destacando tres modelos excepcionales: el Eco Neo III Wifi, el Eco Genuino y el Eco Plano Wifi.<\/p>\n\n\n\n<h2 class=\"wp-block-heading\">1. Eficiencia Energ\u00e9tica y Ahorro Econ\u00f3mico<\/h2>\n\n\n\n<p>Uno de los principales beneficios de los ventiladores de techo es su eficiencia energ\u00e9tica. Comparados con los aires acondicionados, los ventiladores de techo consumen significativamente menos energ\u00eda. Esto se traduce en un ahorro considerable en la factura el\u00e9ctrica, especialmente durante los meses m\u00e1s calurosos.<\/p>\n\n\n<div class=\"wp-block-image\">\n<figure class=\"aligncenter size-full\"><a href=\"https:\/\/gavri.es\/ventiladores-de-techo\/ventiladores-de-techo-casafan-eco-neo-iii-wifi-152cm#\/160-econeo152-motor_cromo_brillante_aspas_blanco_gris\"><img loading=\"lazy\" decoding=\"async\" width=\"633\" height=\"278\" src=\"https:\/\/gavri.es\/blog\/wp-content\/uploads\/2024\/06\/ventiladores-de-techo-casafan-eco-neo-iii-wifi-152cm.jpg\" alt=\"\" class=\"wp-image-1081\" srcset=\"https:\/\/gavri-src.addisnetwork.es\/blog\/wp-content\/uploads\/2024\/06\/ventiladores-de-techo-casafan-eco-neo-iii-wifi-152cm.jpg 633w, https:\/\/gavri-src.addisnetwork.es\/blog\/wp-content\/uploads\/2024\/06\/ventiladores-de-techo-casafan-eco-neo-iii-wifi-152cm-300x132.jpg 300w\" sizes=\"auto, (max-width: 633px) 100vw, 633px\" \/><\/a><\/figure>\n<\/div>\n\n\n<p>El modelo <strong><a href=\"https:\/\/gavri.es\/busqueda?controller=search&amp;s=eco+neo+wifi\">Eco Neo III Wifi<\/a><\/strong> es una opci\u00f3n destacada en este aspecto, ya que no solo es eficiente sino que tambi\u00e9n ofrece una gran versatilidad en t\u00e9rminos de tama\u00f1os de aspas, adapt\u00e1ndose a habitaciones de diferentes dimensiones, desde 5 m\u00b2 hasta 50 m\u00b2. Esta adaptabilidad permite optimizar el consumo energ\u00e9tico seg\u00fan el tama\u00f1o de la habitaci\u00f3n.<\/p>\n\n\n\n<h2 class=\"wp-block-heading\">2. Confort y Mejor Distribuci\u00f3n del Aire<\/h2>\n\n\n\n<p>Los ventiladores de techo proporcionan una circulaci\u00f3n de aire constante y uniforme, lo que mejora la sensaci\u00f3n de frescura en la habitaci\u00f3n. Esta circulaci\u00f3n ayuda a reducir la sensaci\u00f3n de bochorno sin necesidad de bajar dr\u00e1sticamente la temperatura del ambiente, lo que puede ser m\u00e1s saludable y c\u00f3modo.<\/p>\n\n\n<div class=\"wp-block-image\">\n<figure class=\"aligncenter size-full\"><a href=\"https:\/\/gavri.es\/inicio\/ventilador-de-techo-casafan-eco-genuino-l-con-luz\"><img loading=\"lazy\" decoding=\"async\" width=\"633\" height=\"314\" src=\"https:\/\/gavri.es\/blog\/wp-content\/uploads\/2024\/06\/ventilador-de-techo-casafan-eco-genuino-l-con-luz.jpg\" alt=\"\" class=\"wp-image-1082\" srcset=\"https:\/\/gavri-src.addisnetwork.es\/blog\/wp-content\/uploads\/2024\/06\/ventilador-de-techo-casafan-eco-genuino-l-con-luz.jpg 633w, https:\/\/gavri-src.addisnetwork.es\/blog\/wp-content\/uploads\/2024\/06\/ventilador-de-techo-casafan-eco-genuino-l-con-luz-300x149.jpg 300w\" sizes=\"auto, (max-width: 633px) 100vw, 633px\" \/><\/a><\/figure>\n<\/div>\n\n\n<p>El <strong><a href=\"https:\/\/gavri.es\/ventiladores-de-techo\/ventilador-de-techo-casafan-eco-genuino#\/60-tamano_del_ventilador-152_cm\/91-genuino_motor_y_aspas-cromo_cepillado_madera_natural\">Eco Genuino<\/a><\/strong>, con sus aspas de madera maciza, no solo a\u00f1ade un toque est\u00e9tico elegante sino que tambi\u00e9n ofrece una excelente distribuci\u00f3n del aire. Las aspas de madera son robustas y eficientes, proporcionando un flujo de aire potente y constante.<\/p>\n\n\n\n<h2 class=\"wp-block-heading\">3. Integraci\u00f3n de Tecnolog\u00eda Moderna<\/h2>\n\n\n\n<p>La incorporaci\u00f3n de tecnolog\u00eda moderna en los ventiladores de techo ha revolucionado su funcionalidad. Modelos como el <strong>Eco Neo III Wifi<\/strong> y el <strong>Eco Plano Wifi<\/strong> vienen equipados con compatibilidad WiFi, lo que permite controlar el ventilador desde tu smartphone o dispositivo inteligente. Esta caracter\u00edstica es particularmente \u00fatil para ajustar la velocidad del ventilador, programar horarios y encender o apagar el dispositivo sin necesidad de moverte.<\/p>\n\n\n<div class=\"wp-block-image\">\n<figure class=\"aligncenter size-full\"><a href=\"https:\/\/gavri.es\/inicio\/ventilador-de-techo-eco-plano-ii\"><img loading=\"lazy\" decoding=\"async\" width=\"631\" height=\"265\" src=\"https:\/\/gavri.es\/blog\/wp-content\/uploads\/2024\/06\/ventilador-de-techo-eco-plano-ii.jpg\" alt=\"\" class=\"wp-image-1083\" srcset=\"https:\/\/gavri-src.addisnetwork.es\/blog\/wp-content\/uploads\/2024\/06\/ventilador-de-techo-eco-plano-ii.jpg 631w, https:\/\/gavri-src.addisnetwork.es\/blog\/wp-content\/uploads\/2024\/06\/ventilador-de-techo-eco-plano-ii-300x126.jpg 300w\" sizes=\"auto, (max-width: 631px) 100vw, 631px\" \/><\/a><\/figure>\n<\/div>\n\n\n<p>El <strong><a href=\"https:\/\/gavri.es\/inicio\/ventilador-de-techo-eco-plano-ii#\/84-tamano_del_ventilador-112_cm\/85-motor_y_aspas-blanco_blanco\">Eco Plano Wifi<\/a><\/strong>, adem\u00e1s, est\u00e1 dise\u00f1ado espec\u00edficamente para techos bajos, ofreciendo una soluci\u00f3n pr\u00e1ctica y eficiente sin comprometer la est\u00e9tica o la funcionalidad.<\/p>\n\n\n\n<h2 class=\"wp-block-heading\">4. Flexibilidad y Personalizaci\u00f3n<\/h2>\n\n\n\n<p>La posibilidad de personalizar tu ventilador de techo seg\u00fan tus necesidades es otro motivo para considerar su compra. Muchos modelos permiten a\u00f1adir kits de luz, convirtiendo al ventilador en una soluci\u00f3n dos en uno que no solo refresca el ambiente sino que tambi\u00e9n proporciona iluminaci\u00f3n.<\/p>\n\n\n<div class=\"wp-block-image\">\n<figure class=\"aligncenter size-full\"><a href=\"https:\/\/gavri.es\/ventiladores-de-techo\/ventilador-de-techo-con-luz-casafan-311283-eco-plano-ii-112cm-blanco-kit-de-luz-ep-led-we-\"><img loading=\"lazy\" decoding=\"async\" width=\"480\" height=\"227\" src=\"https:\/\/gavri.es\/blog\/wp-content\/uploads\/2024\/06\/ventilador-de-techo-con-luz-casafan-311283-eco-plano-ii-112cm-blanco-kit-de-luz-ep-led-we-1-1.jpg\" alt=\"\" class=\"wp-image-1079\" srcset=\"https:\/\/gavri-src.addisnetwork.es\/blog\/wp-content\/uploads\/2024\/06\/ventilador-de-techo-con-luz-casafan-311283-eco-plano-ii-112cm-blanco-kit-de-luz-ep-led-we-1-1.jpg 480w, https:\/\/gavri-src.addisnetwork.es\/blog\/wp-content\/uploads\/2024\/06\/ventilador-de-techo-con-luz-casafan-311283-eco-plano-ii-112cm-blanco-kit-de-luz-ep-led-we-1-1-300x142.jpg 300w\" sizes=\"auto, (max-width: 480px) 100vw, 480px\" \/><\/a><figcaption class=\"wp-element-caption\">Eco Plano II 112 cm motor blanco y aspas blancas<\/figcaption><\/figure>\n<\/div>\n\n\n<p>Tanto el <a href=\"https:\/\/gavri.es\/busqueda?controller=search&amp;s=eco+neo+wifi\"><strong>Eco Neo III Wifi<\/strong> <\/a>como el <strong><a href=\"https:\/\/gavri.es\/ventiladores-de-techo\/ventilador-de-techo-con-luz-casafan-311283-eco-plano-ii-112cm-blanco-kit-de-luz-ep-led-we-\">Eco Plano Wifi<\/a><\/strong> permiten la adici\u00f3n de kits de luz, ofreciendo una mayor versatilidad y funcionalidad. Esta opci\u00f3n es ideal para habitaciones donde el espacio es limitado y cada elemento debe cumplir m\u00faltiples funciones.<\/p>\n\n\n\n<h2 class=\"wp-block-heading\">5. Est\u00e9tica y Decoraci\u00f3n<\/h2>\n\n\n\n<p>Los ventiladores de techo no solo son pr\u00e1cticos, sino que tambi\u00e9n pueden ser un elemento decorativo clave en cualquier habitaci\u00f3n. Los dise\u00f1os modernos y elegantes pueden complementar y mejorar la est\u00e9tica de tu hogar.<\/p>\n\n\n<div class=\"wp-block-image\">\n<figure class=\"aligncenter size-full\"><a href=\"https:\/\/gavri.es\/ventiladores-de-techo\/ventilador-de-techo-casafan-eco-genuino#\/91-genuino_motor_y_aspas-cromo_cepillado_madera_natural\/94-tamano_del_ventilador-122_cm\"><img loading=\"lazy\" decoding=\"async\" width=\"633\" height=\"252\" src=\"https:\/\/gavri.es\/blog\/wp-content\/uploads\/2024\/06\/ventilador-de-techo-casafan-eco-genuino.jpg\" alt=\"\" class=\"wp-image-1080\" srcset=\"https:\/\/gavri-src.addisnetwork.es\/blog\/wp-content\/uploads\/2024\/06\/ventilador-de-techo-casafan-eco-genuino.jpg 633w, https:\/\/gavri-src.addisnetwork.es\/blog\/wp-content\/uploads\/2024\/06\/ventilador-de-techo-casafan-eco-genuino-300x119.jpg 300w\" sizes=\"auto, (max-width: 633px) 100vw, 633px\" \/><\/a><\/figure>\n<\/div>\n\n\n<p>El <strong>Eco Genuino<\/strong> destaca en este aspecto con sus hermosas aspas de madera maciza. Este modelo no solo proporciona un rendimiento excelente sino que tambi\u00e9n a\u00f1ade un toque natural y sofisticado a la decoraci\u00f3n de cualquier habitaci\u00f3n.<\/p>\n\n\n\n<h2 class=\"wp-block-heading\">Conclusi\u00f3n<\/h2>\n\n\n\n<p>Invertir en un ventilador de techo este verano es una decisi\u00f3n inteligente que combina eficiencia energ\u00e9tica, confort, tecnolog\u00eda moderna, flexibilidad y est\u00e9tica. Los modelos <strong>Eco Neo III Wifi<\/strong>, <strong>Eco Genuino<\/strong> y <strong>Eco Plano Wifi<\/strong> ofrecen soluciones variadas que se adaptan a diferentes necesidades y estilos de vida, asegurando que encontrar\u00e1s el ventilador perfecto para tu hogar. Disfruta de un verano fresco y c\u00f3modo con la elecci\u00f3n adecuada de ventilador de techo.<\/p>\n","protected":false},"excerpt":{"rendered":"<p>Con la llegada del verano, mantener nuestro hogar fresco y c\u00f3modo se convierte en una prioridad. Los ventiladores de techo son una excelente opci\u00f3n para lograr esto de manera eficiente y estilizada. <\/p>\n","protected":false},"author":3,"featured_media":1084,"comment_status":"open","ping_status":"closed","sticky":false,"template":"","format":"standard","meta":{"footnotes":""},"categories":[24],"tags":[4,7,9],"class_list":["post-1076","post","type-post","status-publish","format-standard","has-post-thumbnail","hentry","category-ventiladores-de-techo","tag-hogar","tag-ventilacion","tag-ventiladores-de-techo","generate-columns","tablet-grid-50","mobile-grid-100","grid-parent","grid-50","no-featured-image-padding"],"yoast_head":"<!-- This site is optimized with the Yoast SEO plugin v27.5 - https:\/\/yoast.com\/product\/yoast-seo-wordpress\/ -->\n<title>5 Motivos para comprar un Ventilador de Techo para el Verano - Blog de Gavri.es<\/title>\n<meta name=\"description\" content=\"Con la llegada del verano tambi\u00e9n viene el calor. A continuaci\u00f3n, te damos algunos motivos por los que instalar un ventilador de techo.\" \/>\n<meta name=\"robots\" content=\"index, follow, max-snippet:-1, max-image-preview:large, max-video-preview:-1\" \/>\n<link rel=\"canonical\" href=\"https:\/\/gavri-src.addisnetwork.es\/blog\/5-motivos-para-comprar-un-ventilador-de-techo-para-el-verano.html\" \/>\n<meta property=\"og:locale\" content=\"es_ES\" \/>\n<meta property=\"og:type\" content=\"article\" \/>\n<meta property=\"og:title\" content=\"5 Motivos para comprar un Ventilador de Techo para el Verano - Blog de Gavri.es\" \/>\n<meta property=\"og:description\" content=\"Con la llegada del verano tambi\u00e9n viene el calor. A continuaci\u00f3n, te damos algunos motivos por los que instalar un ventilador de techo.\" \/>\n<meta property=\"og:url\" content=\"https:\/\/gavri-src.addisnetwork.es\/blog\/5-motivos-para-comprar-un-ventilador-de-techo-para-el-verano.html\" \/>\n<meta property=\"og:site_name\" content=\"Blog de Gavri.es\" \/>\n<meta property=\"article:published_time\" content=\"2024-06-12T10:21:07+00:00\" \/>\n<meta property=\"article:modified_time\" content=\"2024-06-12T10:21:08+00:00\" \/>\n<meta property=\"og:image\" content=\"https:\/\/gavri-src.addisnetwork.es\/blog\/wp-content\/uploads\/2024\/06\/ventilador-de-techo-casafan-eco-genuino-1.jpg\" \/>\n\t<meta property=\"og:image:width\" content=\"633\" \/>\n\t<meta property=\"og:image:height\" content=\"252\" \/>\n\t<meta property=\"og:image:type\" content=\"image\/jpeg\" \/>\n<meta name=\"author\" content=\"David Pesquer Morgadanes\" \/>\n<meta name=\"twitter:card\" content=\"summary_large_image\" \/>\n<meta name=\"twitter:label1\" content=\"Escrito por\" \/>\n\t<meta name=\"twitter:data1\" content=\"David Pesquer Morgadanes\" \/>\n\t<meta name=\"twitter:label2\" content=\"Tiempo de lectura\" \/>\n\t<meta name=\"twitter:data2\" content=\"4 minutos\" \/>\n<script type=\"application\/ld+json\" class=\"yoast-schema-graph\">{\"@context\":\"https:\\\/\\\/schema.org\",\"@graph\":[{\"@type\":\"Article\",\"@id\":\"https:\\\/\\\/gavri-src.addisnetwork.es\\\/blog\\\/5-motivos-para-comprar-un-ventilador-de-techo-para-el-verano.html#article\",\"isPartOf\":{\"@id\":\"https:\\\/\\\/gavri-src.addisnetwork.es\\\/blog\\\/5-motivos-para-comprar-un-ventilador-de-techo-para-el-verano.html\"},\"author\":{\"name\":\"David Pesquer Morgadanes\",\"@id\":\"https:\\\/\\\/gavri-src.addisnetwork.es\\\/blog\\\/#\\\/schema\\\/person\\\/203269397f8e8ab2f6fe3edc5e623fcf\"},\"headline\":\"5 Motivos para comprar un Ventilador de Techo para el Verano\",\"datePublished\":\"2024-06-12T10:21:07+00:00\",\"dateModified\":\"2024-06-12T10:21:08+00:00\",\"mainEntityOfPage\":{\"@id\":\"https:\\\/\\\/gavri-src.addisnetwork.es\\\/blog\\\/5-motivos-para-comprar-un-ventilador-de-techo-para-el-verano.html\"},\"wordCount\":688,\"commentCount\":0,\"publisher\":{\"@id\":\"https:\\\/\\\/gavri-src.addisnetwork.es\\\/blog\\\/#organization\"},\"image\":{\"@id\":\"https:\\\/\\\/gavri-src.addisnetwork.es\\\/blog\\\/5-motivos-para-comprar-un-ventilador-de-techo-para-el-verano.html#primaryimage\"},\"thumbnailUrl\":\"https:\\\/\\\/gavri-src.addisnetwork.es\\\/blog\\\/wp-content\\\/uploads\\\/2024\\\/06\\\/ventilador-de-techo-casafan-eco-genuino-1.jpg\",\"keywords\":[\"hogar\",\"ventilacion\",\"ventiladores de techo\"],\"articleSection\":[\"Ventiladores de techo\"],\"inLanguage\":\"es\",\"potentialAction\":[{\"@type\":\"CommentAction\",\"name\":\"Comment\",\"target\":[\"https:\\\/\\\/gavri-src.addisnetwork.es\\\/blog\\\/5-motivos-para-comprar-un-ventilador-de-techo-para-el-verano.html#respond\"]}]},{\"@type\":\"WebPage\",\"@id\":\"https:\\\/\\\/gavri-src.addisnetwork.es\\\/blog\\\/5-motivos-para-comprar-un-ventilador-de-techo-para-el-verano.html\",\"url\":\"https:\\\/\\\/gavri-src.addisnetwork.es\\\/blog\\\/5-motivos-para-comprar-un-ventilador-de-techo-para-el-verano.html\",\"name\":\"5 Motivos para comprar un Ventilador de Techo para el Verano - Blog de Gavri.es\",\"isPartOf\":{\"@id\":\"https:\\\/\\\/gavri-src.addisnetwork.es\\\/blog\\\/#website\"},\"primaryImageOfPage\":{\"@id\":\"https:\\\/\\\/gavri-src.addisnetwork.es\\\/blog\\\/5-motivos-para-comprar-un-ventilador-de-techo-para-el-verano.html#primaryimage\"},\"image\":{\"@id\":\"https:\\\/\\\/gavri-src.addisnetwork.es\\\/blog\\\/5-motivos-para-comprar-un-ventilador-de-techo-para-el-verano.html#primaryimage\"},\"thumbnailUrl\":\"https:\\\/\\\/gavri-src.addisnetwork.es\\\/blog\\\/wp-content\\\/uploads\\\/2024\\\/06\\\/ventilador-de-techo-casafan-eco-genuino-1.jpg\",\"datePublished\":\"2024-06-12T10:21:07+00:00\",\"dateModified\":\"2024-06-12T10:21:08+00:00\",\"description\":\"Con la llegada del verano tambi\u00e9n viene el calor. A continuaci\u00f3n, te damos algunos motivos por los que instalar un ventilador de techo.\",\"breadcrumb\":{\"@id\":\"https:\\\/\\\/gavri-src.addisnetwork.es\\\/blog\\\/5-motivos-para-comprar-un-ventilador-de-techo-para-el-verano.html#breadcrumb\"},\"inLanguage\":\"es\",\"potentialAction\":[{\"@type\":\"ReadAction\",\"target\":[\"https:\\\/\\\/gavri-src.addisnetwork.es\\\/blog\\\/5-motivos-para-comprar-un-ventilador-de-techo-para-el-verano.html\"]}]},{\"@type\":\"ImageObject\",\"inLanguage\":\"es\",\"@id\":\"https:\\\/\\\/gavri-src.addisnetwork.es\\\/blog\\\/5-motivos-para-comprar-un-ventilador-de-techo-para-el-verano.html#primaryimage\",\"url\":\"https:\\\/\\\/gavri-src.addisnetwork.es\\\/blog\\\/wp-content\\\/uploads\\\/2024\\\/06\\\/ventilador-de-techo-casafan-eco-genuino-1.jpg\",\"contentUrl\":\"https:\\\/\\\/gavri-src.addisnetwork.es\\\/blog\\\/wp-content\\\/uploads\\\/2024\\\/06\\\/ventilador-de-techo-casafan-eco-genuino-1.jpg\",\"width\":633,\"height\":252,\"caption\":\"ventilador de techo\"},{\"@type\":\"BreadcrumbList\",\"@id\":\"https:\\\/\\\/gavri-src.addisnetwork.es\\\/blog\\\/5-motivos-para-comprar-un-ventilador-de-techo-para-el-verano.html#breadcrumb\",\"itemListElement\":[{\"@type\":\"ListItem\",\"position\":1,\"name\":\"Portada\",\"item\":\"https:\\\/\\\/gavri-src.addisnetwork.es\\\/blog\"},{\"@type\":\"ListItem\",\"position\":2,\"name\":\"5 Motivos para comprar un Ventilador de Techo para el Verano\"}]},{\"@type\":\"WebSite\",\"@id\":\"https:\\\/\\\/gavri-src.addisnetwork.es\\\/blog\\\/#website\",\"url\":\"https:\\\/\\\/gavri-src.addisnetwork.es\\\/blog\\\/\",\"name\":\"Blog de Gavri.es\",\"description\":\"Blog de Gavri.es\",\"publisher\":{\"@id\":\"https:\\\/\\\/gavri-src.addisnetwork.es\\\/blog\\\/#organization\"},\"potentialAction\":[{\"@type\":\"SearchAction\",\"target\":{\"@type\":\"EntryPoint\",\"urlTemplate\":\"https:\\\/\\\/gavri-src.addisnetwork.es\\\/blog\\\/?s={search_term_string}\"},\"query-input\":{\"@type\":\"PropertyValueSpecification\",\"valueRequired\":true,\"valueName\":\"search_term_string\"}}],\"inLanguage\":\"es\"},{\"@type\":\"Organization\",\"@id\":\"https:\\\/\\\/gavri-src.addisnetwork.es\\\/blog\\\/#organization\",\"name\":\"Blog de Gavri.es\",\"url\":\"https:\\\/\\\/gavri-src.addisnetwork.es\\\/blog\\\/\",\"logo\":{\"@type\":\"ImageObject\",\"inLanguage\":\"es\",\"@id\":\"https:\\\/\\\/gavri-src.addisnetwork.es\\\/blog\\\/#\\\/schema\\\/logo\\\/image\\\/\",\"url\":\"https:\\\/\\\/gavri-src.addisnetwork.es\\\/blog\\\/wp-content\\\/uploads\\\/2021\\\/01\\\/cropped-LOGO-gavries-blog-1.png\",\"contentUrl\":\"https:\\\/\\\/gavri-src.addisnetwork.es\\\/blog\\\/wp-content\\\/uploads\\\/2021\\\/01\\\/cropped-LOGO-gavries-blog-1.png\",\"width\":520,\"height\":104,\"caption\":\"Blog de Gavri.es\"},\"image\":{\"@id\":\"https:\\\/\\\/gavri-src.addisnetwork.es\\\/blog\\\/#\\\/schema\\\/logo\\\/image\\\/\"}},{\"@type\":\"Person\",\"@id\":\"https:\\\/\\\/gavri-src.addisnetwork.es\\\/blog\\\/#\\\/schema\\\/person\\\/203269397f8e8ab2f6fe3edc5e623fcf\",\"name\":\"David Pesquer Morgadanes\",\"image\":{\"@type\":\"ImageObject\",\"inLanguage\":\"es\",\"@id\":\"https:\\\/\\\/secure.gravatar.com\\\/avatar\\\/e3e68089201f2a6dc0ddee931fcd69093f0aa9b360e73d4ac77353e6a01f3aed?s=96&d=mm&r=g\",\"url\":\"https:\\\/\\\/secure.gravatar.com\\\/avatar\\\/e3e68089201f2a6dc0ddee931fcd69093f0aa9b360e73d4ac77353e6a01f3aed?s=96&d=mm&r=g\",\"contentUrl\":\"https:\\\/\\\/secure.gravatar.com\\\/avatar\\\/e3e68089201f2a6dc0ddee931fcd69093f0aa9b360e73d4ac77353e6a01f3aed?s=96&d=mm&r=g\",\"caption\":\"David Pesquer Morgadanes\"},\"description\":\"Especialista en climatizaci\u00f3n, ventiladores de techo, deshumidificadores y purificadores de aire. Licenciado en Marketing y comunicaci\u00f3n digital por la EAE Business School (Universidad Polit\u00e9cnica de Barcelona) y con un master oficial en Direcci\u00f3n de Marketing digital y gesti\u00f3n comercial por la Universidad Internacional de Valencia (VIU).\",\"sameAs\":[\"http:\\\/\\\/gavri.es\"]}]}<\/script>\n<!-- \/ Yoast SEO plugin. -->","yoast_head_json":{"title":"5 Motivos para comprar un Ventilador de Techo para el Verano - Blog de Gavri.es","description":"Con la llegada del verano tambi\u00e9n viene el calor. A continuaci\u00f3n, te damos algunos motivos por los que instalar un ventilador de techo.","robots":{"index":"index","follow":"follow","max-snippet":"max-snippet:-1","max-image-preview":"max-image-preview:large","max-video-preview":"max-video-preview:-1"},"canonical":"https:\/\/gavri-src.addisnetwork.es\/blog\/5-motivos-para-comprar-un-ventilador-de-techo-para-el-verano.html","og_locale":"es_ES","og_type":"article","og_title":"5 Motivos para comprar un Ventilador de Techo para el Verano - Blog de Gavri.es","og_description":"Con la llegada del verano tambi\u00e9n viene el calor. A continuaci\u00f3n, te damos algunos motivos por los que instalar un ventilador de techo.","og_url":"https:\/\/gavri-src.addisnetwork.es\/blog\/5-motivos-para-comprar-un-ventilador-de-techo-para-el-verano.html","og_site_name":"Blog de Gavri.es","article_published_time":"2024-06-12T10:21:07+00:00","article_modified_time":"2024-06-12T10:21:08+00:00","og_image":[{"width":633,"height":252,"url":"https:\/\/gavri-src.addisnetwork.es\/blog\/wp-content\/uploads\/2024\/06\/ventilador-de-techo-casafan-eco-genuino-1.jpg","type":"image\/jpeg"}],"author":"David Pesquer Morgadanes","twitter_card":"summary_large_image","twitter_misc":{"Escrito por":"David Pesquer Morgadanes","Tiempo de lectura":"4 minutos"},"schema":{"@context":"https:\/\/schema.org","@graph":[{"@type":"Article","@id":"https:\/\/gavri-src.addisnetwork.es\/blog\/5-motivos-para-comprar-un-ventilador-de-techo-para-el-verano.html#article","isPartOf":{"@id":"https:\/\/gavri-src.addisnetwork.es\/blog\/5-motivos-para-comprar-un-ventilador-de-techo-para-el-verano.html"},"author":{"name":"David Pesquer Morgadanes","@id":"https:\/\/gavri-src.addisnetwork.es\/blog\/#\/schema\/person\/203269397f8e8ab2f6fe3edc5e623fcf"},"headline":"5 Motivos para comprar un Ventilador de Techo para el Verano","datePublished":"2024-06-12T10:21:07+00:00","dateModified":"2024-06-12T10:21:08+00:00","mainEntityOfPage":{"@id":"https:\/\/gavri-src.addisnetwork.es\/blog\/5-motivos-para-comprar-un-ventilador-de-techo-para-el-verano.html"},"wordCount":688,"commentCount":0,"publisher":{"@id":"https:\/\/gavri-src.addisnetwork.es\/blog\/#organization"},"image":{"@id":"https:\/\/gavri-src.addisnetwork.es\/blog\/5-motivos-para-comprar-un-ventilador-de-techo-para-el-verano.html#primaryimage"},"thumbnailUrl":"https:\/\/gavri-src.addisnetwork.es\/blog\/wp-content\/uploads\/2024\/06\/ventilador-de-techo-casafan-eco-genuino-1.jpg","keywords":["hogar","ventilacion","ventiladores de techo"],"articleSection":["Ventiladores de techo"],"inLanguage":"es","potentialAction":[{"@type":"CommentAction","name":"Comment","target":["https:\/\/gavri-src.addisnetwork.es\/blog\/5-motivos-para-comprar-un-ventilador-de-techo-para-el-verano.html#respond"]}]},{"@type":"WebPage","@id":"https:\/\/gavri-src.addisnetwork.es\/blog\/5-motivos-para-comprar-un-ventilador-de-techo-para-el-verano.html","url":"https:\/\/gavri-src.addisnetwork.es\/blog\/5-motivos-para-comprar-un-ventilador-de-techo-para-el-verano.html","name":"5 Motivos para comprar un Ventilador de Techo para el Verano - Blog de Gavri.es","isPartOf":{"@id":"https:\/\/gavri-src.addisnetwork.es\/blog\/#website"},"primaryImageOfPage":{"@id":"https:\/\/gavri-src.addisnetwork.es\/blog\/5-motivos-para-comprar-un-ventilador-de-techo-para-el-verano.html#primaryimage"},"image":{"@id":"https:\/\/gavri-src.addisnetwork.es\/blog\/5-motivos-para-comprar-un-ventilador-de-techo-para-el-verano.html#primaryimage"},"thumbnailUrl":"https:\/\/gavri-src.addisnetwork.es\/blog\/wp-content\/uploads\/2024\/06\/ventilador-de-techo-casafan-eco-genuino-1.jpg","datePublished":"2024-06-12T10:21:07+00:00","dateModified":"2024-06-12T10:21:08+00:00","description":"Con la llegada del verano tambi\u00e9n viene el calor. A continuaci\u00f3n, te damos algunos motivos por los que instalar un ventilador de techo.","breadcrumb":{"@id":"https:\/\/gavri-src.addisnetwork.es\/blog\/5-motivos-para-comprar-un-ventilador-de-techo-para-el-verano.html#breadcrumb"},"inLanguage":"es","potentialAction":[{"@type":"ReadAction","target":["https:\/\/gavri-src.addisnetwork.es\/blog\/5-motivos-para-comprar-un-ventilador-de-techo-para-el-verano.html"]}]},{"@type":"ImageObject","inLanguage":"es","@id":"https:\/\/gavri-src.addisnetwork.es\/blog\/5-motivos-para-comprar-un-ventilador-de-techo-para-el-verano.html#primaryimage","url":"https:\/\/gavri-src.addisnetwork.es\/blog\/wp-content\/uploads\/2024\/06\/ventilador-de-techo-casafan-eco-genuino-1.jpg","contentUrl":"https:\/\/gavri-src.addisnetwork.es\/blog\/wp-content\/uploads\/2024\/06\/ventilador-de-techo-casafan-eco-genuino-1.jpg","width":633,"height":252,"caption":"ventilador de techo"},{"@type":"BreadcrumbList","@id":"https:\/\/gavri-src.addisnetwork.es\/blog\/5-motivos-para-comprar-un-ventilador-de-techo-para-el-verano.html#breadcrumb","itemListElement":[{"@type":"ListItem","position":1,"name":"Portada","item":"https:\/\/gavri-src.addisnetwork.es\/blog"},{"@type":"ListItem","position":2,"name":"5 Motivos para comprar un Ventilador de Techo para el Verano"}]},{"@type":"WebSite","@id":"https:\/\/gavri-src.addisnetwork.es\/blog\/#website","url":"https:\/\/gavri-src.addisnetwork.es\/blog\/","name":"Blog de Gavri.es","description":"Blog de Gavri.es","publisher":{"@id":"https:\/\/gavri-src.addisnetwork.es\/blog\/#organization"},"potentialAction":[{"@type":"SearchAction","target":{"@type":"EntryPoint","urlTemplate":"https:\/\/gavri-src.addisnetwork.es\/blog\/?s={search_term_string}"},"query-input":{"@type":"PropertyValueSpecification","valueRequired":true,"valueName":"search_term_string"}}],"inLanguage":"es"},{"@type":"Organization","@id":"https:\/\/gavri-src.addisnetwork.es\/blog\/#organization","name":"Blog de Gavri.es","url":"https:\/\/gavri-src.addisnetwork.es\/blog\/","logo":{"@type":"ImageObject","inLanguage":"es","@id":"https:\/\/gavri-src.addisnetwork.es\/blog\/#\/schema\/logo\/image\/","url":"https:\/\/gavri-src.addisnetwork.es\/blog\/wp-content\/uploads\/2021\/01\/cropped-LOGO-gavries-blog-1.png","contentUrl":"https:\/\/gavri-src.addisnetwork.es\/blog\/wp-content\/uploads\/2021\/01\/cropped-LOGO-gavries-blog-1.png","width":520,"height":104,"caption":"Blog de Gavri.es"},"image":{"@id":"https:\/\/gavri-src.addisnetwork.es\/blog\/#\/schema\/logo\/image\/"}},{"@type":"Person","@id":"https:\/\/gavri-src.addisnetwork.es\/blog\/#\/schema\/person\/203269397f8e8ab2f6fe3edc5e623fcf","name":"David Pesquer Morgadanes","image":{"@type":"ImageObject","inLanguage":"es","@id":"https:\/\/secure.gravatar.com\/avatar\/e3e68089201f2a6dc0ddee931fcd69093f0aa9b360e73d4ac77353e6a01f3aed?s=96&d=mm&r=g","url":"https:\/\/secure.gravatar.com\/avatar\/e3e68089201f2a6dc0ddee931fcd69093f0aa9b360e73d4ac77353e6a01f3aed?s=96&d=mm&r=g","contentUrl":"https:\/\/secure.gravatar.com\/avatar\/e3e68089201f2a6dc0ddee931fcd69093f0aa9b360e73d4ac77353e6a01f3aed?s=96&d=mm&r=g","caption":"David Pesquer Morgadanes"},"description":"Especialista en climatizaci\u00f3n, ventiladores de techo, deshumidificadores y purificadores de aire. Licenciado en Marketing y comunicaci\u00f3n digital por la EAE Business School (Universidad Polit\u00e9cnica de Barcelona) y con un master oficial en Direcci\u00f3n de Marketing digital y gesti\u00f3n comercial por la Universidad Internacional de Valencia (VIU).","sameAs":["http:\/\/gavri.es"]}]}},"_links":{"self":[{"href":"https:\/\/gavri-src.addisnetwork.es\/blog\/wp-json\/wp\/v2\/posts\/1076","targetHints":{"allow":["GET"]}}],"collection":[{"href":"https:\/\/gavri-src.addisnetwork.es\/blog\/wp-json\/wp\/v2\/posts"}],"about":[{"href":"https:\/\/gavri-src.addisnetwork.es\/blog\/wp-json\/wp\/v2\/types\/post"}],"author":[{"embeddable":true,"href":"https:\/\/gavri-src.addisnetwork.es\/blog\/wp-json\/wp\/v2\/users\/3"}],"replies":[{"embeddable":true,"href":"https:\/\/gavri-src.addisnetwork.es\/blog\/wp-json\/wp\/v2\/comments?post=1076"}],"version-history":[{"count":1,"href":"https:\/\/gavri-src.addisnetwork.es\/blog\/wp-json\/wp\/v2\/posts\/1076\/revisions"}],"predecessor-version":[{"id":1085,"href":"https:\/\/gavri-src.addisnetwork.es\/blog\/wp-json\/wp\/v2\/posts\/1076\/revisions\/1085"}],"wp:featuredmedia":[{"embeddable":true,"href":"https:\/\/gavri-src.addisnetwork.es\/blog\/wp-json\/wp\/v2\/media\/1084"}],"wp:attachment":[{"href":"https:\/\/gavri-src.addisnetwork.es\/blog\/wp-json\/wp\/v2\/media?parent=1076"}],"wp:term":[{"taxonomy":"category","embeddable":true,"href":"https:\/\/gavri-src.addisnetwork.es\/blog\/wp-json\/wp\/v2\/categories?post=1076"},{"taxonomy":"post_tag","embeddable":true,"href":"https:\/\/gavri-src.addisnetwork.es\/blog\/wp-json\/wp\/v2\/tags?post=1076"}],"curies":[{"name":"wp","href":"https:\/\/api.w.org\/{rel}","templated":true}]}}