{"id":1092,"date":"2024-07-12T09:00:00","date_gmt":"2024-07-12T09:00:00","guid":{"rendered":"https:\/\/gavri.es\/blog\/?p=1092"},"modified":"2024-11-08T12:09:50","modified_gmt":"2024-11-08T12:09:50","slug":"por-que-elegir-un-ventilador-de-techo-sobre-un-aire-acondicionado","status":"publish","type":"post","link":"https:\/\/gavri-src.addisnetwork.es\/blog\/por-que-elegir-un-ventilador-de-techo-sobre-un-aire-acondicionado.html","title":{"rendered":"\u00bfPor Qu\u00e9 Elegir un Ventilador de Techo sobre un Aire Acondicionado?"},"content":{"rendered":"\n<p>Autor:&nbsp;<a href=\"https:\/\/ventiladordetechoinfo.com\/author\/david-pesquer\/\">David Pesquer<\/a><\/p>\n\n\n\n<p>Miembro del Equipo de&nbsp;<a href=\"http:\/\/gavri.es\/\">Gavri.es<\/a><\/p>\n\n\n\n<p>Con la llegada del calor, mantener nuestro <strong>hogar fresco y c\u00f3modo<\/strong> se convierte en una prioridad. A la hora de elegir un sistema de refrigeraci\u00f3n, muchos se enfrentan a la decisi\u00f3n de optar por un <strong>ventilador de techo<\/strong> o un aire acondicionado. A menudo es complicado saber por qu\u00e9 elegir un ventilador de techo sobre un aire acondicionado. Aunque ambos tienen sus ventajas, los ventiladores de techo ofrecen<strong> una serie de beneficios<\/strong> que pueden hacerlos la opci\u00f3n ideal para muchos hogares. En este art\u00edculo, exploraremos las razones por las que deber\u00edas considerar elegir un ventilador de techo sobre un aire acondicionado.<\/p>\n\n\n\n<h2 class=\"wp-block-heading\">1. Eficiencia Energ\u00e9tica y Ahorro Econ\u00f3mico<\/h2>\n\n\n\n<h3 class=\"wp-block-heading\">Menor Consumo Energ\u00e9tico<\/h3>\n\n\n\n<p>Los ventiladores de techo consumen significativamente menos energ\u00eda que los aires acondicionados. Mientras que un <strong>aire acondicionado <\/strong>puede consumir entre <strong>2000W y 5000W<\/strong> por hora, un <strong>ventilador de techo<\/strong> con motor DC consume solo entre<strong> 1 W y 35W<\/strong> por hora. Este menor consumo energ\u00e9tico se traduce en ahorros sustanciales en la factura de electricidad, especialmente durante los meses de verano.<\/p>\n\n\n\n<h3 class=\"wp-block-heading\">Reducci\u00f3n de Costos Operativos<\/h3>\n\n\n\n<p>El menor consumo energ\u00e9tico de los ventiladores de techo tambi\u00e9n se refleja en menores costos operativos. Esto significa que puedes mantener tu hogar fresco sin preocuparte por un incremento dr\u00e1stico en tu factura de electricidad. Adem\u00e1s, los ventiladores de techo suelen tener menores costos de mantenimiento en comparaci\u00f3n con los sistemas de aire acondicionado.<\/p>\n\n\n\n<h2 class=\"wp-block-heading\">Menor coste de instalaci\u00f3n<\/h2>\n\n\n\n<p>Instalar un ventilador de techo es muy f\u00e1cil. Cualquier persona puede conseguirlo. Se trata de un punto de luz, dos cables, y cuatro tornillos para fijarlo en el techo. Cualquier persona un poco manitas puede conseguirlo. Si no tienes tiempo ni ganas, puedes llamar a un electricista. Los precios no superan los 50 euros por hora. Y ya lo tendr\u00edas instalado. <\/p>\n\n\n\n<p><strong>Instalar un aire acondicionado oscila es de los 300\u20ac hasta los 800\u20ac<\/strong>, sin tener en cuenta el coste del equipo y todo el material (soportes, desag\u00fce, embellecedores, conexi\u00f3n el\u00e9ctrica, conexi\u00f3n frigor\u00edfica y dem\u00e1s) (<a href=\"https:\/\/www.climamania.com\/blog\/precio-instalacion-aire-acondicionado\/\">Consultar Fuente<\/a>).<\/p>\n\n\n\n<h2 class=\"wp-block-heading\">2. Confort y Circulaci\u00f3n de Aire<\/h2>\n\n\n\n<h3 class=\"wp-block-heading\">Mejora del Flujo de Aire<\/h3>\n\n\n\n<p>Los ventiladores de techo no solo enfr\u00edan el aire, sino que tambi\u00e9n <strong>mejoran la circulaci\u00f3n del mismo<\/strong>. Esto ayuda a crear una sensaci\u00f3n de frescura m\u00e1s natural y uniforme en toda la habitaci\u00f3n. A diferencia de los aires acondicionados, que pueden crear corrientes de aire fr\u00edo, los ventiladores de techo proporcionan <strong>una brisa constante<\/strong> que resulta m\u00e1s <strong>agradable<\/strong>.<\/p>\n\n\n\n<h3 class=\"wp-block-heading\">Reducci\u00f3n de la Sensaci\u00f3n de Bochorno<\/h3>\n\n\n\n<p>Un ventilador de techo puede <strong>reducir la sensaci\u00f3n de bochorno<\/strong> al evaporar el sudor de la piel, lo que <strong>te hace sentir m\u00e1s fresco<\/strong>. Esto es especialmente \u00fatil en climas h\u00famedos donde el aire acondicionado puede hacer que el ambiente se sienta seco e inc\u00f3modo.<\/p>\n\n\n\n<h2 class=\"wp-block-heading\">3. Impacto Ambiental<\/h2>\n\n\n\n<h3 class=\"wp-block-heading\">Menor Huella de Carbono<\/h3>\n\n\n\n<p>Debido a su menor consumo energ\u00e9tico, los ventiladores de techo tienen una <strong>huella de carbono mucho m\u00e1s baja<\/strong> que los aires acondicionados. Esto los convierte en una opci\u00f3n m\u00e1s sostenible y ecol\u00f3gica para mantener tu hogar fresco.<\/p>\n\n\n\n<h3 class=\"wp-block-heading\">Uso de Materiales Sostenibles<\/h3>\n\n\n\n<p>Muchos ventiladores de techo, como el modelo <a href=\"https:\/\/gavri.es\/ventiladores-de-techo\/ventilador-de-techo-casafan-eco-genuino#\/90-genuino_motor_y_aspas-cromo_cepillado_nogal\/94-tamano_del_ventilador-122_cm\"><strong>Eco Genuino<\/strong>,<\/a> est\u00e1n fabricados con materiales sostenibles como la madera maciza. Esto no solo reduce el impacto ambiental, sino que tambi\u00e9n a\u00f1ade un toque de elegancia natural a tu hogar.<\/p>\n\n\n\n<h2 class=\"wp-block-heading\">4. Costo Inicial y Mantenimiento<\/h2>\n\n\n\n<h3 class=\"wp-block-heading\">Menor Costo de Adquisici\u00f3n<\/h3>\n\n\n\n<p>El costo inicial de un ventilador de techo es generalmente mucho menor que el de un sistema de aire acondicionado. El precio de un ventilador de muy buena calidad se acercar\u00e1 a un Split de calidad muy baja.<\/p>\n\n\n\n<h3 class=\"wp-block-heading\">F\u00e1cil Mantenimiento<\/h3>\n\n\n\n<p>Los ventiladores de techo requieren menos mantenimiento que los aires acondicionados. Mientras que los aires acondicionados necesitan revisiones regulares, recargas de refrigerante y limpiezas de filtros, los ventiladores de techo solo necesitan una limpieza ocasional de las aspas y ajustes menores como comprobar que las aspas est\u00e9n correctamente colocadas.<\/p>\n\n\n\n<h2 class=\"wp-block-heading\">5. Est\u00e9tica y Decoraci\u00f3n<\/h2>\n\n\n\n<h3 class=\"wp-block-heading\">Variedad de Dise\u00f1os<\/h3>\n\n\n\n<p>Los ventiladores de techo est\u00e1n disponibles en una amplia variedad de estilos y dise\u00f1os que pueden complementar cualquier decoraci\u00f3n. Desde dise\u00f1os modernos y minimalistas hasta modelos con aspas de madera elegante, como el <strong>Eco Genuino<\/strong>, hay un ventilador de techo para cada gusto y estilo.<\/p>\n\n\n\n<figure class=\"wp-block-image size-large\"><a href=\"https:\/\/gavri.es\/busqueda?controller=search&amp;s=eco+genuino\"><img loading=\"lazy\" decoding=\"async\" width=\"1024\" height=\"1024\" src=\"https:\/\/gavri.es\/blog\/wp-content\/uploads\/2024\/07\/CASAFAN_ECOGENUINO180BN-NB_318015_ROOM-1-1024x1024.jpg\" alt=\"\" class=\"wp-image-1094\" srcset=\"https:\/\/gavri-src.addisnetwork.es\/blog\/wp-content\/uploads\/2024\/07\/CASAFAN_ECOGENUINO180BN-NB_318015_ROOM-1-1024x1024.jpg 1024w, https:\/\/gavri-src.addisnetwork.es\/blog\/wp-content\/uploads\/2024\/07\/CASAFAN_ECOGENUINO180BN-NB_318015_ROOM-1-300x300.jpg 300w, https:\/\/gavri-src.addisnetwork.es\/blog\/wp-content\/uploads\/2024\/07\/CASAFAN_ECOGENUINO180BN-NB_318015_ROOM-1-150x150.jpg 150w, https:\/\/gavri-src.addisnetwork.es\/blog\/wp-content\/uploads\/2024\/07\/CASAFAN_ECOGENUINO180BN-NB_318015_ROOM-1-768x769.jpg 768w, https:\/\/gavri-src.addisnetwork.es\/blog\/wp-content\/uploads\/2024\/07\/CASAFAN_ECOGENUINO180BN-NB_318015_ROOM-1-1536x1536.jpg 1536w, https:\/\/gavri-src.addisnetwork.es\/blog\/wp-content\/uploads\/2024\/07\/CASAFAN_ECOGENUINO180BN-NB_318015_ROOM-1-2046x2048.jpg 2046w\" sizes=\"auto, (max-width: 1024px) 100vw, 1024px\" \/><\/a><\/figure>\n\n\n\n<h3 class=\"wp-block-heading\">A\u00f1adir Funcionalidad con Kits de Luz<\/h3>\n\n\n\n<p>Muchos ventiladores de techo, como el <strong>Eco Neo III Wifi<\/strong> y el <strong>Eco Plano Wifi<\/strong>, vienen con la opci\u00f3n de a\u00f1adir kits de luz. Esto permite combinar la funci\u00f3n de enfriamiento con iluminaci\u00f3n, optimizando el espacio y a\u00f1adiendo funcionalidad a la habitaci\u00f3n.<\/p>\n\n\n\n<figure class=\"wp-block-image size-large\"><a href=\"https:\/\/gavri.es\/inicio\/ventilador-de-techo-casafan-eco-genuino-l-con-luz#\/94-tamano_del_ventilador-122_cm\/231-eco_genuino_l-motor_cromo_cepillado_aspas_nogal\"><img loading=\"lazy\" decoding=\"async\" width=\"1024\" height=\"539\" src=\"https:\/\/gavri.es\/blog\/wp-content\/uploads\/2024\/07\/CASAFAN_ECOGENUINO-L122MS-NB_312266_3-1-1024x539.jpg\" alt=\"Eco genuino L ventilador de techo\" class=\"wp-image-1095\" srcset=\"https:\/\/gavri-src.addisnetwork.es\/blog\/wp-content\/uploads\/2024\/07\/CASAFAN_ECOGENUINO-L122MS-NB_312266_3-1-1024x539.jpg 1024w, https:\/\/gavri-src.addisnetwork.es\/blog\/wp-content\/uploads\/2024\/07\/CASAFAN_ECOGENUINO-L122MS-NB_312266_3-1-300x158.jpg 300w, https:\/\/gavri-src.addisnetwork.es\/blog\/wp-content\/uploads\/2024\/07\/CASAFAN_ECOGENUINO-L122MS-NB_312266_3-1-768x404.jpg 768w, https:\/\/gavri-src.addisnetwork.es\/blog\/wp-content\/uploads\/2024\/07\/CASAFAN_ECOGENUINO-L122MS-NB_312266_3-1-1536x809.jpg 1536w, https:\/\/gavri-src.addisnetwork.es\/blog\/wp-content\/uploads\/2024\/07\/CASAFAN_ECOGENUINO-L122MS-NB_312266_3-1-2048x1078.jpg 2048w\" sizes=\"auto, (max-width: 1024px) 100vw, 1024px\" \/><\/a><\/figure>\n\n\n\n<h2 class=\"wp-block-heading\">Conclusi\u00f3n<\/h2>\n\n\n\n<p>Elegir un ventilador de techo sobre un aire acondicionado puede ofrecer m\u00faltiples beneficios, incluyendo eficiencia energ\u00e9tica, ahorro econ\u00f3mico, mejora del confort, menor impacto ambiental, menor costo inicial y mantenimiento, y una est\u00e9tica adaptable a cualquier estilo de decoraci\u00f3n. Los modelos avanzados como el <strong><a href=\"https:\/\/gavri.es\/busqueda?controller=search&amp;s=eco+neo+wifi\">Eco Neo III Wifi<\/a><\/strong>, <strong><a href=\"https:\/\/gavri.es\/ventiladores-de-techo\/ventilador-de-techo-casafan-eco-genuino#\/90-genuino_motor_y_aspas-cromo_cepillado_nogal\/94-tamano_del_ventilador-122_cm\">Eco Genuino<\/a><\/strong> y <a href=\"https:\/\/gavri.es\/inicio\/ventilador-de-techo-eco-plano-ii#\/84-tamano_del_ventilador-112_cm\/85-motor_y_aspas-blanco_blanco\"><strong>Eco Plano Wifi<\/strong> <\/a>ofrecen caracter\u00edsticas adicionales como compatibilidad WiFi y opciones de personalizaci\u00f3n que los hacen a\u00fan m\u00e1s atractivos.<\/p>\n\n\n\n<p>Si buscas una soluci\u00f3n de refrigeraci\u00f3n que combine eficiencia, sostenibilidad y estilo, un ventilador de techo puede ser la elecci\u00f3n perfecta para tu hogar. Disfruta de un ambiente fresco y confortable este verano sin sacrificar tu econom\u00eda ni el medio ambiente.<\/p>\n\n\n\n<p>Ahora ya sabes por qu\u00e9 elegir un ventilador de techo sobre un aire acondicionado.<\/p>\n","protected":false},"excerpt":{"rendered":"<p>Autor:&nbsp;David Pesquer Miembro del Equipo de&nbsp;Gavri.es Con la llegada del calor, mantener nuestro hogar fresco y c\u00f3modo se convierte en una prioridad. A la hora de elegir un sistema de refrigeraci\u00f3n, muchos se enfrentan a la &#8230; <a title=\"\u00bfPor Qu\u00e9 Elegir un Ventilador de Techo sobre un Aire Acondicionado?\" class=\"read-more\" href=\"https:\/\/gavri-src.addisnetwork.es\/blog\/por-que-elegir-un-ventilador-de-techo-sobre-un-aire-acondicionado.html\" aria-label=\"M\u00e1s en \u00bfPor Qu\u00e9 Elegir un Ventilador de Techo sobre un Aire Acondicionado?\">Leer m\u00e1s<\/a><\/p>\n","protected":false},"author":3,"featured_media":1093,"comment_status":"open","ping_status":"closed","sticky":false,"template":"","format":"standard","meta":{"footnotes":""},"categories":[24],"tags":[4,9],"class_list":["post-1092","post","type-post","status-publish","format-standard","has-post-thumbnail","hentry","category-ventiladores-de-techo","tag-hogar","tag-ventiladores-de-techo","generate-columns","tablet-grid-50","mobile-grid-100","grid-parent","grid-50","no-featured-image-padding"],"yoast_head":"<!-- This site is optimized with the Yoast SEO plugin v27.5 - https:\/\/yoast.com\/product\/yoast-seo-wordpress\/ -->\n<title>\u00bfPor Qu\u00e9 Elegir un Ventilador de Techo sobre un Aire Acondicionado? Gavri.es<\/title>\n<meta name=\"description\" content=\"En el siguiente art\u00edculo redactado, te mostramos los motivos sobre por qu\u00e9 elegir un ventilador de techo sobre un aire acondicionado.\" \/>\n<meta name=\"robots\" content=\"index, follow, max-snippet:-1, max-image-preview:large, max-video-preview:-1\" \/>\n<link rel=\"canonical\" href=\"https:\/\/gavri-src.addisnetwork.es\/blog\/por-que-elegir-un-ventilador-de-techo-sobre-un-aire-acondicionado.html\" \/>\n<meta property=\"og:locale\" content=\"es_ES\" \/>\n<meta property=\"og:type\" content=\"article\" \/>\n<meta property=\"og:title\" content=\"\u00bfPor Qu\u00e9 Elegir un Ventilador de Techo sobre un Aire Acondicionado? Gavri.es\" \/>\n<meta property=\"og:description\" content=\"En el siguiente art\u00edculo redactado, te mostramos los motivos sobre por qu\u00e9 elegir un ventilador de techo sobre un aire acondicionado.\" \/>\n<meta property=\"og:url\" content=\"https:\/\/gavri-src.addisnetwork.es\/blog\/por-que-elegir-un-ventilador-de-techo-sobre-un-aire-acondicionado.html\" \/>\n<meta property=\"og:site_name\" content=\"Blog de Gavri.es\" \/>\n<meta property=\"article:published_time\" content=\"2024-07-12T09:00:00+00:00\" \/>\n<meta property=\"article:modified_time\" content=\"2024-11-08T12:09:50+00:00\" \/>\n<meta property=\"og:image\" content=\"https:\/\/gavri-src.addisnetwork.es\/blog\/wp-content\/uploads\/2024\/07\/CASAFAN_ECOGENUINO152BN-NT_315216_ROOM-1-1-scaled.jpg\" \/>\n\t<meta property=\"og:image:width\" content=\"2560\" \/>\n\t<meta property=\"og:image:height\" content=\"1709\" \/>\n\t<meta property=\"og:image:type\" content=\"image\/jpeg\" \/>\n<meta name=\"author\" content=\"David Pesquer Morgadanes\" \/>\n<meta name=\"twitter:card\" content=\"summary_large_image\" \/>\n<meta name=\"twitter:label1\" content=\"Escrito por\" \/>\n\t<meta name=\"twitter:data1\" content=\"David Pesquer Morgadanes\" \/>\n\t<meta name=\"twitter:label2\" content=\"Tiempo de lectura\" \/>\n\t<meta name=\"twitter:data2\" content=\"5 minutos\" \/>\n<script type=\"application\/ld+json\" class=\"yoast-schema-graph\">{\"@context\":\"https:\\\/\\\/schema.org\",\"@graph\":[{\"@type\":\"Article\",\"@id\":\"https:\\\/\\\/gavri-src.addisnetwork.es\\\/blog\\\/por-que-elegir-un-ventilador-de-techo-sobre-un-aire-acondicionado.html#article\",\"isPartOf\":{\"@id\":\"https:\\\/\\\/gavri-src.addisnetwork.es\\\/blog\\\/por-que-elegir-un-ventilador-de-techo-sobre-un-aire-acondicionado.html\"},\"author\":{\"name\":\"David Pesquer Morgadanes\",\"@id\":\"https:\\\/\\\/gavri-src.addisnetwork.es\\\/blog\\\/#\\\/schema\\\/person\\\/203269397f8e8ab2f6fe3edc5e623fcf\"},\"headline\":\"\u00bfPor Qu\u00e9 Elegir un Ventilador de Techo sobre un Aire Acondicionado?\",\"datePublished\":\"2024-07-12T09:00:00+00:00\",\"dateModified\":\"2024-11-08T12:09:50+00:00\",\"mainEntityOfPage\":{\"@id\":\"https:\\\/\\\/gavri-src.addisnetwork.es\\\/blog\\\/por-que-elegir-un-ventilador-de-techo-sobre-un-aire-acondicionado.html\"},\"wordCount\":950,\"commentCount\":2,\"publisher\":{\"@id\":\"https:\\\/\\\/gavri-src.addisnetwork.es\\\/blog\\\/#organization\"},\"image\":{\"@id\":\"https:\\\/\\\/gavri-src.addisnetwork.es\\\/blog\\\/por-que-elegir-un-ventilador-de-techo-sobre-un-aire-acondicionado.html#primaryimage\"},\"thumbnailUrl\":\"https:\\\/\\\/gavri-src.addisnetwork.es\\\/blog\\\/wp-content\\\/uploads\\\/2024\\\/07\\\/CASAFAN_ECOGENUINO152BN-NT_315216_ROOM-1-1-scaled.jpg\",\"keywords\":[\"hogar\",\"ventiladores de techo\"],\"articleSection\":[\"Ventiladores de techo\"],\"inLanguage\":\"es\",\"potentialAction\":[{\"@type\":\"CommentAction\",\"name\":\"Comment\",\"target\":[\"https:\\\/\\\/gavri-src.addisnetwork.es\\\/blog\\\/por-que-elegir-un-ventilador-de-techo-sobre-un-aire-acondicionado.html#respond\"]}]},{\"@type\":\"WebPage\",\"@id\":\"https:\\\/\\\/gavri-src.addisnetwork.es\\\/blog\\\/por-que-elegir-un-ventilador-de-techo-sobre-un-aire-acondicionado.html\",\"url\":\"https:\\\/\\\/gavri-src.addisnetwork.es\\\/blog\\\/por-que-elegir-un-ventilador-de-techo-sobre-un-aire-acondicionado.html\",\"name\":\"\u00bfPor Qu\u00e9 Elegir un Ventilador de Techo sobre un Aire Acondicionado? Gavri.es\",\"isPartOf\":{\"@id\":\"https:\\\/\\\/gavri-src.addisnetwork.es\\\/blog\\\/#website\"},\"primaryImageOfPage\":{\"@id\":\"https:\\\/\\\/gavri-src.addisnetwork.es\\\/blog\\\/por-que-elegir-un-ventilador-de-techo-sobre-un-aire-acondicionado.html#primaryimage\"},\"image\":{\"@id\":\"https:\\\/\\\/gavri-src.addisnetwork.es\\\/blog\\\/por-que-elegir-un-ventilador-de-techo-sobre-un-aire-acondicionado.html#primaryimage\"},\"thumbnailUrl\":\"https:\\\/\\\/gavri-src.addisnetwork.es\\\/blog\\\/wp-content\\\/uploads\\\/2024\\\/07\\\/CASAFAN_ECOGENUINO152BN-NT_315216_ROOM-1-1-scaled.jpg\",\"datePublished\":\"2024-07-12T09:00:00+00:00\",\"dateModified\":\"2024-11-08T12:09:50+00:00\",\"description\":\"En el siguiente art\u00edculo redactado, te mostramos los motivos sobre por qu\u00e9 elegir un ventilador de techo sobre un aire acondicionado.\",\"breadcrumb\":{\"@id\":\"https:\\\/\\\/gavri-src.addisnetwork.es\\\/blog\\\/por-que-elegir-un-ventilador-de-techo-sobre-un-aire-acondicionado.html#breadcrumb\"},\"inLanguage\":\"es\",\"potentialAction\":[{\"@type\":\"ReadAction\",\"target\":[\"https:\\\/\\\/gavri-src.addisnetwork.es\\\/blog\\\/por-que-elegir-un-ventilador-de-techo-sobre-un-aire-acondicionado.html\"]}]},{\"@type\":\"ImageObject\",\"inLanguage\":\"es\",\"@id\":\"https:\\\/\\\/gavri-src.addisnetwork.es\\\/blog\\\/por-que-elegir-un-ventilador-de-techo-sobre-un-aire-acondicionado.html#primaryimage\",\"url\":\"https:\\\/\\\/gavri-src.addisnetwork.es\\\/blog\\\/wp-content\\\/uploads\\\/2024\\\/07\\\/CASAFAN_ECOGENUINO152BN-NT_315216_ROOM-1-1-scaled.jpg\",\"contentUrl\":\"https:\\\/\\\/gavri-src.addisnetwork.es\\\/blog\\\/wp-content\\\/uploads\\\/2024\\\/07\\\/CASAFAN_ECOGENUINO152BN-NT_315216_ROOM-1-1-scaled.jpg\",\"width\":2560,\"height\":1709,\"caption\":\"ventilador de techo en una sala\"},{\"@type\":\"BreadcrumbList\",\"@id\":\"https:\\\/\\\/gavri-src.addisnetwork.es\\\/blog\\\/por-que-elegir-un-ventilador-de-techo-sobre-un-aire-acondicionado.html#breadcrumb\",\"itemListElement\":[{\"@type\":\"ListItem\",\"position\":1,\"name\":\"Portada\",\"item\":\"https:\\\/\\\/gavri-src.addisnetwork.es\\\/blog\"},{\"@type\":\"ListItem\",\"position\":2,\"name\":\"\u00bfPor Qu\u00e9 Elegir un Ventilador de Techo sobre un Aire Acondicionado?\"}]},{\"@type\":\"WebSite\",\"@id\":\"https:\\\/\\\/gavri-src.addisnetwork.es\\\/blog\\\/#website\",\"url\":\"https:\\\/\\\/gavri-src.addisnetwork.es\\\/blog\\\/\",\"name\":\"Blog de Gavri.es\",\"description\":\"Blog de Gavri.es\",\"publisher\":{\"@id\":\"https:\\\/\\\/gavri-src.addisnetwork.es\\\/blog\\\/#organization\"},\"potentialAction\":[{\"@type\":\"SearchAction\",\"target\":{\"@type\":\"EntryPoint\",\"urlTemplate\":\"https:\\\/\\\/gavri-src.addisnetwork.es\\\/blog\\\/?s={search_term_string}\"},\"query-input\":{\"@type\":\"PropertyValueSpecification\",\"valueRequired\":true,\"valueName\":\"search_term_string\"}}],\"inLanguage\":\"es\"},{\"@type\":\"Organization\",\"@id\":\"https:\\\/\\\/gavri-src.addisnetwork.es\\\/blog\\\/#organization\",\"name\":\"Blog de Gavri.es\",\"url\":\"https:\\\/\\\/gavri-src.addisnetwork.es\\\/blog\\\/\",\"logo\":{\"@type\":\"ImageObject\",\"inLanguage\":\"es\",\"@id\":\"https:\\\/\\\/gavri-src.addisnetwork.es\\\/blog\\\/#\\\/schema\\\/logo\\\/image\\\/\",\"url\":\"https:\\\/\\\/gavri-src.addisnetwork.es\\\/blog\\\/wp-content\\\/uploads\\\/2021\\\/01\\\/cropped-LOGO-gavries-blog-1.png\",\"contentUrl\":\"https:\\\/\\\/gavri-src.addisnetwork.es\\\/blog\\\/wp-content\\\/uploads\\\/2021\\\/01\\\/cropped-LOGO-gavries-blog-1.png\",\"width\":520,\"height\":104,\"caption\":\"Blog de Gavri.es\"},\"image\":{\"@id\":\"https:\\\/\\\/gavri-src.addisnetwork.es\\\/blog\\\/#\\\/schema\\\/logo\\\/image\\\/\"}},{\"@type\":\"Person\",\"@id\":\"https:\\\/\\\/gavri-src.addisnetwork.es\\\/blog\\\/#\\\/schema\\\/person\\\/203269397f8e8ab2f6fe3edc5e623fcf\",\"name\":\"David Pesquer Morgadanes\",\"image\":{\"@type\":\"ImageObject\",\"inLanguage\":\"es\",\"@id\":\"https:\\\/\\\/secure.gravatar.com\\\/avatar\\\/e3e68089201f2a6dc0ddee931fcd69093f0aa9b360e73d4ac77353e6a01f3aed?s=96&d=mm&r=g\",\"url\":\"https:\\\/\\\/secure.gravatar.com\\\/avatar\\\/e3e68089201f2a6dc0ddee931fcd69093f0aa9b360e73d4ac77353e6a01f3aed?s=96&d=mm&r=g\",\"contentUrl\":\"https:\\\/\\\/secure.gravatar.com\\\/avatar\\\/e3e68089201f2a6dc0ddee931fcd69093f0aa9b360e73d4ac77353e6a01f3aed?s=96&d=mm&r=g\",\"caption\":\"David Pesquer Morgadanes\"},\"description\":\"Especialista en climatizaci\u00f3n, ventiladores de techo, deshumidificadores y purificadores de aire. Licenciado en Marketing y comunicaci\u00f3n digital por la EAE Business School (Universidad Polit\u00e9cnica de Barcelona) y con un master oficial en Direcci\u00f3n de Marketing digital y gesti\u00f3n comercial por la Universidad Internacional de Valencia (VIU).\",\"sameAs\":[\"http:\\\/\\\/gavri.es\"]}]}<\/script>\n<!-- \/ Yoast SEO plugin. -->","yoast_head_json":{"title":"\u00bfPor Qu\u00e9 Elegir un Ventilador de Techo sobre un Aire Acondicionado? Gavri.es","description":"En el siguiente art\u00edculo redactado, te mostramos los motivos sobre por qu\u00e9 elegir un ventilador de techo sobre un aire acondicionado.","robots":{"index":"index","follow":"follow","max-snippet":"max-snippet:-1","max-image-preview":"max-image-preview:large","max-video-preview":"max-video-preview:-1"},"canonical":"https:\/\/gavri-src.addisnetwork.es\/blog\/por-que-elegir-un-ventilador-de-techo-sobre-un-aire-acondicionado.html","og_locale":"es_ES","og_type":"article","og_title":"\u00bfPor Qu\u00e9 Elegir un Ventilador de Techo sobre un Aire Acondicionado? Gavri.es","og_description":"En el siguiente art\u00edculo redactado, te mostramos los motivos sobre por qu\u00e9 elegir un ventilador de techo sobre un aire acondicionado.","og_url":"https:\/\/gavri-src.addisnetwork.es\/blog\/por-que-elegir-un-ventilador-de-techo-sobre-un-aire-acondicionado.html","og_site_name":"Blog de Gavri.es","article_published_time":"2024-07-12T09:00:00+00:00","article_modified_time":"2024-11-08T12:09:50+00:00","og_image":[{"width":2560,"height":1709,"url":"https:\/\/gavri-src.addisnetwork.es\/blog\/wp-content\/uploads\/2024\/07\/CASAFAN_ECOGENUINO152BN-NT_315216_ROOM-1-1-scaled.jpg","type":"image\/jpeg"}],"author":"David Pesquer Morgadanes","twitter_card":"summary_large_image","twitter_misc":{"Escrito por":"David Pesquer Morgadanes","Tiempo de lectura":"5 minutos"},"schema":{"@context":"https:\/\/schema.org","@graph":[{"@type":"Article","@id":"https:\/\/gavri-src.addisnetwork.es\/blog\/por-que-elegir-un-ventilador-de-techo-sobre-un-aire-acondicionado.html#article","isPartOf":{"@id":"https:\/\/gavri-src.addisnetwork.es\/blog\/por-que-elegir-un-ventilador-de-techo-sobre-un-aire-acondicionado.html"},"author":{"name":"David Pesquer Morgadanes","@id":"https:\/\/gavri-src.addisnetwork.es\/blog\/#\/schema\/person\/203269397f8e8ab2f6fe3edc5e623fcf"},"headline":"\u00bfPor Qu\u00e9 Elegir un Ventilador de Techo sobre un Aire Acondicionado?","datePublished":"2024-07-12T09:00:00+00:00","dateModified":"2024-11-08T12:09:50+00:00","mainEntityOfPage":{"@id":"https:\/\/gavri-src.addisnetwork.es\/blog\/por-que-elegir-un-ventilador-de-techo-sobre-un-aire-acondicionado.html"},"wordCount":950,"commentCount":2,"publisher":{"@id":"https:\/\/gavri-src.addisnetwork.es\/blog\/#organization"},"image":{"@id":"https:\/\/gavri-src.addisnetwork.es\/blog\/por-que-elegir-un-ventilador-de-techo-sobre-un-aire-acondicionado.html#primaryimage"},"thumbnailUrl":"https:\/\/gavri-src.addisnetwork.es\/blog\/wp-content\/uploads\/2024\/07\/CASAFAN_ECOGENUINO152BN-NT_315216_ROOM-1-1-scaled.jpg","keywords":["hogar","ventiladores de techo"],"articleSection":["Ventiladores de techo"],"inLanguage":"es","potentialAction":[{"@type":"CommentAction","name":"Comment","target":["https:\/\/gavri-src.addisnetwork.es\/blog\/por-que-elegir-un-ventilador-de-techo-sobre-un-aire-acondicionado.html#respond"]}]},{"@type":"WebPage","@id":"https:\/\/gavri-src.addisnetwork.es\/blog\/por-que-elegir-un-ventilador-de-techo-sobre-un-aire-acondicionado.html","url":"https:\/\/gavri-src.addisnetwork.es\/blog\/por-que-elegir-un-ventilador-de-techo-sobre-un-aire-acondicionado.html","name":"\u00bfPor Qu\u00e9 Elegir un Ventilador de Techo sobre un Aire Acondicionado? Gavri.es","isPartOf":{"@id":"https:\/\/gavri-src.addisnetwork.es\/blog\/#website"},"primaryImageOfPage":{"@id":"https:\/\/gavri-src.addisnetwork.es\/blog\/por-que-elegir-un-ventilador-de-techo-sobre-un-aire-acondicionado.html#primaryimage"},"image":{"@id":"https:\/\/gavri-src.addisnetwork.es\/blog\/por-que-elegir-un-ventilador-de-techo-sobre-un-aire-acondicionado.html#primaryimage"},"thumbnailUrl":"https:\/\/gavri-src.addisnetwork.es\/blog\/wp-content\/uploads\/2024\/07\/CASAFAN_ECOGENUINO152BN-NT_315216_ROOM-1-1-scaled.jpg","datePublished":"2024-07-12T09:00:00+00:00","dateModified":"2024-11-08T12:09:50+00:00","description":"En el siguiente art\u00edculo redactado, te mostramos los motivos sobre por qu\u00e9 elegir un ventilador de techo sobre un aire acondicionado.","breadcrumb":{"@id":"https:\/\/gavri-src.addisnetwork.es\/blog\/por-que-elegir-un-ventilador-de-techo-sobre-un-aire-acondicionado.html#breadcrumb"},"inLanguage":"es","potentialAction":[{"@type":"ReadAction","target":["https:\/\/gavri-src.addisnetwork.es\/blog\/por-que-elegir-un-ventilador-de-techo-sobre-un-aire-acondicionado.html"]}]},{"@type":"ImageObject","inLanguage":"es","@id":"https:\/\/gavri-src.addisnetwork.es\/blog\/por-que-elegir-un-ventilador-de-techo-sobre-un-aire-acondicionado.html#primaryimage","url":"https:\/\/gavri-src.addisnetwork.es\/blog\/wp-content\/uploads\/2024\/07\/CASAFAN_ECOGENUINO152BN-NT_315216_ROOM-1-1-scaled.jpg","contentUrl":"https:\/\/gavri-src.addisnetwork.es\/blog\/wp-content\/uploads\/2024\/07\/CASAFAN_ECOGENUINO152BN-NT_315216_ROOM-1-1-scaled.jpg","width":2560,"height":1709,"caption":"ventilador de techo en una sala"},{"@type":"BreadcrumbList","@id":"https:\/\/gavri-src.addisnetwork.es\/blog\/por-que-elegir-un-ventilador-de-techo-sobre-un-aire-acondicionado.html#breadcrumb","itemListElement":[{"@type":"ListItem","position":1,"name":"Portada","item":"https:\/\/gavri-src.addisnetwork.es\/blog"},{"@type":"ListItem","position":2,"name":"\u00bfPor Qu\u00e9 Elegir un Ventilador de Techo sobre un Aire Acondicionado?"}]},{"@type":"WebSite","@id":"https:\/\/gavri-src.addisnetwork.es\/blog\/#website","url":"https:\/\/gavri-src.addisnetwork.es\/blog\/","name":"Blog de Gavri.es","description":"Blog de Gavri.es","publisher":{"@id":"https:\/\/gavri-src.addisnetwork.es\/blog\/#organization"},"potentialAction":[{"@type":"SearchAction","target":{"@type":"EntryPoint","urlTemplate":"https:\/\/gavri-src.addisnetwork.es\/blog\/?s={search_term_string}"},"query-input":{"@type":"PropertyValueSpecification","valueRequired":true,"valueName":"search_term_string"}}],"inLanguage":"es"},{"@type":"Organization","@id":"https:\/\/gavri-src.addisnetwork.es\/blog\/#organization","name":"Blog de Gavri.es","url":"https:\/\/gavri-src.addisnetwork.es\/blog\/","logo":{"@type":"ImageObject","inLanguage":"es","@id":"https:\/\/gavri-src.addisnetwork.es\/blog\/#\/schema\/logo\/image\/","url":"https:\/\/gavri-src.addisnetwork.es\/blog\/wp-content\/uploads\/2021\/01\/cropped-LOGO-gavries-blog-1.png","contentUrl":"https:\/\/gavri-src.addisnetwork.es\/blog\/wp-content\/uploads\/2021\/01\/cropped-LOGO-gavries-blog-1.png","width":520,"height":104,"caption":"Blog de Gavri.es"},"image":{"@id":"https:\/\/gavri-src.addisnetwork.es\/blog\/#\/schema\/logo\/image\/"}},{"@type":"Person","@id":"https:\/\/gavri-src.addisnetwork.es\/blog\/#\/schema\/person\/203269397f8e8ab2f6fe3edc5e623fcf","name":"David Pesquer Morgadanes","image":{"@type":"ImageObject","inLanguage":"es","@id":"https:\/\/secure.gravatar.com\/avatar\/e3e68089201f2a6dc0ddee931fcd69093f0aa9b360e73d4ac77353e6a01f3aed?s=96&d=mm&r=g","url":"https:\/\/secure.gravatar.com\/avatar\/e3e68089201f2a6dc0ddee931fcd69093f0aa9b360e73d4ac77353e6a01f3aed?s=96&d=mm&r=g","contentUrl":"https:\/\/secure.gravatar.com\/avatar\/e3e68089201f2a6dc0ddee931fcd69093f0aa9b360e73d4ac77353e6a01f3aed?s=96&d=mm&r=g","caption":"David Pesquer Morgadanes"},"description":"Especialista en climatizaci\u00f3n, ventiladores de techo, deshumidificadores y purificadores de aire. Licenciado en Marketing y comunicaci\u00f3n digital por la EAE Business School (Universidad Polit\u00e9cnica de Barcelona) y con un master oficial en Direcci\u00f3n de Marketing digital y gesti\u00f3n comercial por la Universidad Internacional de Valencia (VIU).","sameAs":["http:\/\/gavri.es"]}]}},"_links":{"self":[{"href":"https:\/\/gavri-src.addisnetwork.es\/blog\/wp-json\/wp\/v2\/posts\/1092","targetHints":{"allow":["GET"]}}],"collection":[{"href":"https:\/\/gavri-src.addisnetwork.es\/blog\/wp-json\/wp\/v2\/posts"}],"about":[{"href":"https:\/\/gavri-src.addisnetwork.es\/blog\/wp-json\/wp\/v2\/types\/post"}],"author":[{"embeddable":true,"href":"https:\/\/gavri-src.addisnetwork.es\/blog\/wp-json\/wp\/v2\/users\/3"}],"replies":[{"embeddable":true,"href":"https:\/\/gavri-src.addisnetwork.es\/blog\/wp-json\/wp\/v2\/comments?post=1092"}],"version-history":[{"count":3,"href":"https:\/\/gavri-src.addisnetwork.es\/blog\/wp-json\/wp\/v2\/posts\/1092\/revisions"}],"predecessor-version":[{"id":1111,"href":"https:\/\/gavri-src.addisnetwork.es\/blog\/wp-json\/wp\/v2\/posts\/1092\/revisions\/1111"}],"wp:featuredmedia":[{"embeddable":true,"href":"https:\/\/gavri-src.addisnetwork.es\/blog\/wp-json\/wp\/v2\/media\/1093"}],"wp:attachment":[{"href":"https:\/\/gavri-src.addisnetwork.es\/blog\/wp-json\/wp\/v2\/media?parent=1092"}],"wp:term":[{"taxonomy":"category","embeddable":true,"href":"https:\/\/gavri-src.addisnetwork.es\/blog\/wp-json\/wp\/v2\/categories?post=1092"},{"taxonomy":"post_tag","embeddable":true,"href":"https:\/\/gavri-src.addisnetwork.es\/blog\/wp-json\/wp\/v2\/tags?post=1092"}],"curies":[{"name":"wp","href":"https:\/\/api.w.org\/{rel}","templated":true}]}}