{"id":1098,"date":"2024-07-05T09:00:00","date_gmt":"2024-07-05T09:00:00","guid":{"rendered":"https:\/\/gavri.es\/blog\/?p=1098"},"modified":"2024-11-08T12:09:56","modified_gmt":"2024-11-08T12:09:56","slug":"ventiladores-de-techo-para-habitaciones-pequenas-soluciones-eficientes","status":"publish","type":"post","link":"https:\/\/gavri-src.addisnetwork.es\/blog\/ventiladores-de-techo-para-habitaciones-pequenas-soluciones-eficientes.html","title":{"rendered":"Ventiladores de Techo para Habitaciones Peque\u00f1as: Soluciones Eficientes"},"content":{"rendered":"\n<p>Autor:&nbsp;<a href=\"https:\/\/ventiladordetechoinfo.com\/author\/david-pesquer\/\">David Pesquer<\/a><\/p>\n\n\n\n<p>Miembro del Equipo de&nbsp;<a href=\"http:\/\/gavri.es\/\">Gavri.es<\/a><\/p>\n\n\n\n<p>En espacios reducidos, es crucial encontrar soluciones de ventilaci\u00f3n que sean efectivas y est\u00e9ticamente agradables. Los ventiladores de techo son una excelente opci\u00f3n, proporcionando una brisa refrescante y mejorando la circulaci\u00f3n del aire sin ocupar espacio en el suelo. En este art\u00edculo, exploraremos algunos de los mejores modelos de ventiladores de techo dise\u00f1ados espec\u00edficamente para habitaciones peque\u00f1as, destacando sus caracter\u00edsticas y beneficios.<\/p>\n\n\n\n<h2 class=\"wp-block-heading\">Eco Neo III 92 cm: Ideal para Habitaciones de Hasta 9 m\u00b2<\/h2>\n\n\n<div class=\"wp-block-image\">\n<figure class=\"aligncenter size-full\"><a href=\"https:\/\/gavri.es\/inicio\/ventilador-de-techo-casafan-eco-neo-iii-wifi-92-cm\"><img loading=\"lazy\" decoding=\"async\" width=\"633\" height=\"357\" src=\"https:\/\/gavri.es\/blog\/wp-content\/uploads\/2024\/07\/ventilador-de-techo-casafan-942021w-eco-neo-iii-92cm-haya-y-arce-con-wifi-1.jpg\" alt=\"\" class=\"wp-image-1100\" srcset=\"https:\/\/gavri-src.addisnetwork.es\/blog\/wp-content\/uploads\/2024\/07\/ventilador-de-techo-casafan-942021w-eco-neo-iii-92cm-haya-y-arce-con-wifi-1.jpg 633w, https:\/\/gavri-src.addisnetwork.es\/blog\/wp-content\/uploads\/2024\/07\/ventilador-de-techo-casafan-942021w-eco-neo-iii-92cm-haya-y-arce-con-wifi-1-300x169.jpg 300w\" sizes=\"auto, (max-width: 633px) 100vw, 633px\" \/><\/a><\/figure>\n<\/div>\n\n\n<p>El <strong><a href=\"https:\/\/gavri.es\/inicio\/ventilador-de-techo-casafan-eco-neo-iii-wifi-92-cm\">Eco Neo III 92 cm<\/a><\/strong> es una opci\u00f3n fant\u00e1stica para habitaciones de hasta 9 m\u00b2. Este modelo combina eficiencia energ\u00e9tica con un dise\u00f1o moderno y vers\u00e1til, adapt\u00e1ndose a diversas necesidades y estilos de decoraci\u00f3n.<\/p>\n\n\n\n<h3 class=\"wp-block-heading\">Caracter\u00edsticas Destacadas:<\/h3>\n\n\n\n<ul class=\"wp-block-list\">\n<li><strong>Tama\u00f1o \u00d8 (cm):<\/strong> 92<\/li>\n\n\n\n<li><strong>Colores de la carcasa:<\/strong> Cromo cepillado, cromo brillante, lat\u00f3n, blanco, negro y bronce.<\/li>\n\n\n\n<li><strong>Decoraci\u00f3n del ala:<\/strong> Muchas opciones con aspas reversibles.<\/li>\n\n\n\n<li><strong>N\u00famero de aspas:<\/strong> 2, 3, 4 (con posibilidad de hoja intercambiable y hoja reversible).<\/li>\n\n\n\n<li><strong>Control y direcci\u00f3n:<\/strong> 6 niveles con control remoto, WiFi incluido, avance\/retroceso, nivel de c\u00e1mara lenta y temporizador de apagado.<\/li>\n\n\n\n<li><strong>Potencia del motor:<\/strong> M\u00edn. 1,1 W, m\u00e1x. 8,3 W.<\/li>\n\n\n\n<li><strong>Motor DC <\/strong>ultra silencioso y de bajo consumo.<\/li>\n\n\n\n<li><strong>Velocidad m\u00e1xima:<\/strong> 209 rpm.<\/li>\n\n\n\n<li><strong>Voltaje (V\/Hz):<\/strong> 100-240\/50-60.<\/li>\n\n\n\n<li><strong>Particularidades:<\/strong> Ahorro de energ\u00eda, posible barra de techo m\u00e1s larga, adecuada para techos inclinados.<\/li>\n\n\n\n<li><strong>Estilo:<\/strong> Moderno.<\/li>\n\n\n\n<li><strong>Luz:<\/strong> Posible pero no incluida. <\/li>\n\n\n\n<li>Descubre el <a href=\"https:\/\/gavri.es\/accesorios-para-ventiladores-de-techo\/kit-de-luz-cromo-brillante-en5r-led-ch-2690-para-ventiladores-de-techo-casafan-eco-neo-iii\">Kit de luz compatible con ECO NEO.<\/a><\/li>\n<\/ul>\n\n\n\n<h3 class=\"wp-block-heading\">Ventajas y Desventajas<\/h3>\n\n\n\n<p><strong>Ventajas:<\/strong><\/p>\n\n\n\n<ul class=\"wp-block-list\">\n<li>Bajo consumo energ\u00e9tico.<\/li>\n\n\n\n<li>Amplia gama de colores y estilos de aspas.<\/li>\n\n\n\n<li>Control remoto y WiFi incluidos para mayor comodidad.<\/li>\n\n\n\n<li>El motor es compatible con todos los tama\u00f1os de aspas. Es decir, si en un futuro necesitas unas aspas m\u00e1s grandes, puedes adquirirlas. El ventilador pesa autom\u00e1ticamente las aspas y configura la potencia y velocidad de giro \u00f3ptima.<\/li>\n<\/ul>\n\n\n\n<p><strong>Desventajas:<\/strong><\/p>\n\n\n\n<ul class=\"wp-block-list\">\n<li>Ninguna.<\/li>\n<\/ul>\n\n\n\n<p><strong>Dato llamativo:<\/strong> Su capacidad de funcionar en modo c\u00e1mara lenta y la compatibilidad con techos inclinados lo hacen extremadamente vers\u00e1til.<\/p>\n\n\n\n<h2 class=\"wp-block-heading\">Eco Neo III 103 cm: Para Habitaciones de Hasta 13 m\u00b2<\/h2>\n\n\n<div class=\"wp-block-image\">\n<figure class=\"aligncenter size-full\"><a href=\"https:\/\/gavri.es\/ventiladores-de-techo\/ventilador-de-techo-casafan-eco-neo-iii-wifi-103cm#\/117-econeo103-motor_blanco_aspas_arce_haya\"><img loading=\"lazy\" decoding=\"async\" width=\"457\" height=\"249\" src=\"https:\/\/gavri.es\/blog\/wp-content\/uploads\/2024\/07\/ventilador-de-techo-casafan-eco-neo-iii-wifi-103cm-1.jpg\" alt=\"ventilador eco neo III motor color blanco y aspas color haya\" class=\"wp-image-1101\" srcset=\"https:\/\/gavri-src.addisnetwork.es\/blog\/wp-content\/uploads\/2024\/07\/ventilador-de-techo-casafan-eco-neo-iii-wifi-103cm-1.jpg 457w, https:\/\/gavri-src.addisnetwork.es\/blog\/wp-content\/uploads\/2024\/07\/ventilador-de-techo-casafan-eco-neo-iii-wifi-103cm-1-300x163.jpg 300w\" sizes=\"auto, (max-width: 457px) 100vw, 457px\" \/><\/a><\/figure>\n<\/div>\n\n\n<p>Para habitaciones un poco m\u00e1s grandes, el <strong><a href=\"https:\/\/gavri.es\/ventiladores-de-techo\/ventilador-de-techo-casafan-eco-neo-iii-wifi-103cm#\/117-econeo103-motor_blanco_aspas_arce_haya\">Eco Neo III 103 cm<\/a><\/strong> es una excelente elecci\u00f3n, ofreciendo las mismas ventajas que su hermano menor pero con una mayor cobertura.<\/p>\n\n\n\n<h3 class=\"wp-block-heading\">Caracter\u00edsticas Destacadas:<\/h3>\n\n\n\n<ul class=\"wp-block-list\">\n<li><strong>Tama\u00f1o \u00d8 (cm):<\/strong> 103<\/li>\n\n\n\n<li><strong>Colores del motor:<\/strong> Cromo cepillado, cromo brillante, lat\u00f3n, blanco, negro y bronce.<\/li>\n\n\n\n<li><strong>N\u00famero de aspas:<\/strong> 2, 3, 4 (con posibilidad de hoja intercambiable y hoja reversible).<\/li>\n\n\n\n<li><strong>Control y direcci\u00f3n:<\/strong> 6 velocidades con control remoto, WiFi incluido, avance\/retroceso, temporizador de apagado. Funci\u00f3n <strong>Slow Motion<\/strong> (Crea una suave brisa perfecta para dormir).<\/li>\n\n\n\n<li><strong>Potencia del motor:<\/strong> M\u00edn. 2,5 W, m\u00e1x. 16 W.<\/li>\n\n\n\n<li><strong>Motor DC <\/strong>ultra silencioso y de bajo consumo.<\/li>\n\n\n\n<li><strong>Velocidad m\u00e1xima:<\/strong> 208 rpm.<\/li>\n\n\n\n<li><strong>Voltaje (V\/Hz):<\/strong> 100-240\/50-60.<\/li>\n\n\n\n<li><strong>Particularidades:<\/strong> Ahorro de energ\u00eda, posible barra de techo m\u00e1s larga, adecuada para techos inclinados.<\/li>\n\n\n\n<li><strong>Estilo:<\/strong> Moderno.<\/li>\n\n\n\n<li><strong>Luz:<\/strong> Posible pero no incluida.<\/li>\n\n\n\n<li>Descubre el <a href=\"https:\/\/gavri.es\/accesorios-para-ventiladores-de-techo\/kit-de-luz-blanco-en5r-led-we-2686-para-ventiladores-de-techo-casafan-eco-neo-iii\">Kit de luz<\/a> compatible con el motor Eco Neo III blanco.<\/li>\n<\/ul>\n\n\n\n<h3 class=\"wp-block-heading\">Ventajas y Desventajas<\/h3>\n\n\n\n<p><strong>Ventajas:<\/strong><\/p>\n\n\n\n<ul class=\"wp-block-list\">\n<li>Mayor cobertura de espacio.<\/li>\n\n\n\n<li>Misma funcionalidad avanzada que el modelo de 92 cm.<\/li>\n\n\n\n<li>Bajo consumo energ\u00e9tico.<\/li>\n\n\n\n<li>El motor es compatible con todos los tama\u00f1os de aspas. Es decir, si en un futuro necesitas unas aspas m\u00e1s grandes, puedes adquirirlas. El ventilador pesa autom\u00e1ticamente las aspas y configura la potencia y velocidad de giro \u00f3ptima.<\/li>\n<\/ul>\n\n\n\n<p><strong>Desventajas:<\/strong><\/p>\n\n\n\n<ul class=\"wp-block-list\">\n<li>Al igual que el modelo m\u00e1s peque\u00f1o, la luz debe comprarse por separado.<\/li>\n<\/ul>\n\n\n\n<p><strong>Dato llamativo:<\/strong> La opci\u00f3n de cambiar entre m\u00faltiples estilos de aspas permite personalizarlo completamente para cualquier decoraci\u00f3n.<\/p>\n\n\n\n<h2 class=\"wp-block-heading\">Eco Plano II 112 cm: Eficiencia en Espacios de Hasta 15 m\u00b2<\/h2>\n\n\n<div class=\"wp-block-image\">\n<figure class=\"aligncenter size-full\"><a href=\"https:\/\/gavri.es\/inicio\/ventilador-de-techo-eco-plano-ii\"><img loading=\"lazy\" decoding=\"async\" width=\"630\" height=\"257\" src=\"https:\/\/gavri.es\/blog\/wp-content\/uploads\/2024\/07\/ventilador-de-techo-eco-plano-ii.jpg\" alt=\"\" class=\"wp-image-1102\" srcset=\"https:\/\/gavri-src.addisnetwork.es\/blog\/wp-content\/uploads\/2024\/07\/ventilador-de-techo-eco-plano-ii.jpg 630w, https:\/\/gavri-src.addisnetwork.es\/blog\/wp-content\/uploads\/2024\/07\/ventilador-de-techo-eco-plano-ii-300x122.jpg 300w\" sizes=\"auto, (max-width: 630px) 100vw, 630px\" \/><\/a><\/figure>\n<\/div>\n\n\n<p>El <strong><a href=\"https:\/\/gavri.es\/inicio\/ventilador-de-techo-eco-plano-ii\">Eco Plano II 112 cm<\/a><\/strong> es perfecto para habitaciones de hasta 15 m\u00b2, combinando un dise\u00f1o compacto con un rendimiento eficiente.<\/p>\n\n\n\n<h3 class=\"wp-block-heading\">Caracter\u00edsticas Destacadas:<\/h3>\n\n\n\n<ul class=\"wp-block-list\">\n<li><strong>Tama\u00f1o \u00d8 (cm):<\/strong> 112<\/li>\n\n\n\n<li><strong>Colores disponibles:<\/strong> Blanco, bronce, nogal, Plata, gris basalto y motor cromo con aspas gris claro.<\/li>\n\n\n\n<li><strong>N\u00famero de aspas:<\/strong> Vienen 4 pero se pueden instalar 2,3 o 4. Nuestra recomendaci\u00f3n es instalar 3 o 4 aspas en funci\u00f3n de la est\u00e9tica que se busque ya que el flujo de aire es similar.<\/li>\n\n\n\n<li><strong>Motor DC <\/strong>ultra silencioso y de bajo consumo.<\/li>\n\n\n\n<li><strong>Control y direcci\u00f3n:<\/strong> 6 velocidades con control remoto, WiFi incluido, avance\/retroceso, temporizador de apagado. Funci\u00f3n <strong>Slow Motion<\/strong> (Crea una suave brisa perfecta para dormir).<\/li>\n\n\n\n<li><strong>Control y direcci\u00f3n:<\/strong> Control remoto y opciones de personalizaci\u00f3n avanzadas.<\/li>\n\n\n\n<li><strong>Estilo:<\/strong> Moderno.<\/li>\n\n\n\n<li><strong>Particularidades:<\/strong> Compatible con techos bajos y opciones de instalaci\u00f3n vers\u00e1tiles. Es el Eco Neo pero para techos bajos y rectos. De ah\u00ed su nombre ECO PLANO.<\/li>\n<\/ul>\n\n\n\n<h3 class=\"wp-block-heading\">Ventajas y Desventajas<\/h3>\n\n\n\n<p><strong>Ventajas:<\/strong><\/p>\n\n\n\n<ul class=\"wp-block-list\">\n<li>Ideal para techos bajos.<\/li>\n\n\n\n<li>Dise\u00f1o compacto y moderno.<\/li>\n\n\n\n<li>Funcionalidades avanzadas y eficientes.<\/li>\n\n\n\n<li>Compatible con <a href=\"https:\/\/gavri.es\/accesorios-para-ventiladores-de-techo\/kit-de-luz-ep-led-we-2762-para-ventiladores-de-techo-eco-plano-ii-blanco\">Kit de Luz <\/a>del modelo Eco Plano.<\/li>\n<\/ul>\n\n\n\n<p><strong>Desventajas:<\/strong><\/p>\n\n\n\n<ul class=\"wp-block-list\">\n<li>Solo recomendable para techos que no llegan a 2,5 metros de altura.<\/li>\n<\/ul>\n\n\n\n<p><strong>Dato llamativo:<\/strong> Su dise\u00f1o delgado y moderno es perfecto para espacios con techos bajos, ofreciendo una soluci\u00f3n elegante y funcional.<\/p>\n\n\n\n<h2 class=\"wp-block-heading\">Classic Flat 75 cm: Para Habitaciones de Hasta 6 m\u00b2<\/h2>\n\n\n\n<p>Para los espacios m\u00e1s peque\u00f1os, el <strong><a href=\"https:\/\/gavri.es\/inicio\/ventilador-de-techo-casafan-5075041-classic-flat-75cm-ma-aeek\">Classic Flat 75 cm<\/a><\/strong> es una soluci\u00f3n eficiente y estilizada, especialmente dise\u00f1ada para habitaciones de hasta 6 m\u00b2.<\/p>\n\n\n\n<h3 class=\"wp-block-heading\">Caracter\u00edsticas Destacadas:<\/h3>\n\n\n\n<figure class=\"wp-block-image size-large\"><a href=\"https:\/\/gavri.es\/inicio\/ventilador-de-techo-casafan-5075041-classic-flat-75cm-ma-aeek\"><img loading=\"lazy\" decoding=\"async\" width=\"1024\" height=\"446\" src=\"https:\/\/gavri.es\/blog\/wp-content\/uploads\/2024\/07\/CASAFAN_FLAT75IIIMA-AE-EK_5075041_2-1-1024x446.jpg\" alt=\"\" class=\"wp-image-1103\" srcset=\"https:\/\/gavri-src.addisnetwork.es\/blog\/wp-content\/uploads\/2024\/07\/CASAFAN_FLAT75IIIMA-AE-EK_5075041_2-1-1024x446.jpg 1024w, https:\/\/gavri-src.addisnetwork.es\/blog\/wp-content\/uploads\/2024\/07\/CASAFAN_FLAT75IIIMA-AE-EK_5075041_2-1-300x131.jpg 300w, https:\/\/gavri-src.addisnetwork.es\/blog\/wp-content\/uploads\/2024\/07\/CASAFAN_FLAT75IIIMA-AE-EK_5075041_2-1-768x335.jpg 768w, https:\/\/gavri-src.addisnetwork.es\/blog\/wp-content\/uploads\/2024\/07\/CASAFAN_FLAT75IIIMA-AE-EK_5075041_2-1-1536x669.jpg 1536w, https:\/\/gavri-src.addisnetwork.es\/blog\/wp-content\/uploads\/2024\/07\/CASAFAN_FLAT75IIIMA-AE-EK_5075041_2-1-2048x892.jpg 2048w\" sizes=\"auto, (max-width: 1024px) 100vw, 1024px\" \/><\/a><\/figure>\n\n\n\n<ul class=\"wp-block-list\">\n<li><strong>Tama\u00f1o \u00d8 (cm):<\/strong> 79,2<\/li>\n\n\n\n<li><strong>Color de la carcasa:<\/strong> Cromo cepillado.<\/li>\n\n\n\n<li><strong>Decoraci\u00f3n del ala:<\/strong> Haya, nogal.<\/li>\n\n\n\n<li><strong>N\u00famero de aspas:<\/strong> 5 (con posibilidad de hoja intercambiable y hoja reversible).<\/li>\n\n\n\n<li><strong>Control y direcci\u00f3n:<\/strong> 3 niveles con interruptor de tiro, posibilidad de control remoto y operaci\u00f3n hacia adelante\/atr\u00e1s.<\/li>\n\n\n\n<li><strong>Potencia del motor:<\/strong> M\u00e1x. 63 W.<\/li>\n\n\n\n<li><strong>Motor AC.<\/strong><\/li>\n\n\n\n<li><strong>Velocidad m\u00e1xima:<\/strong> 315 rpm.<\/li>\n\n\n\n<li><strong>Voltaje (V\/Hz):<\/strong> 220-240\/50.<\/li>\n\n\n\n<li><strong>Particularidades:<\/strong> Extraplano, solo para techos rectos.<\/li>\n\n\n\n<li><strong>Estilo:<\/strong> Cl\u00e1sico.<\/li>\n\n\n\n<li><strong>Luz:<\/strong> No es compatible con ning\u00fan Kit de luz.<\/li>\n<\/ul>\n\n\n\n<h3 class=\"wp-block-heading\">Ventajas y Desventajas<\/h3>\n\n\n\n<p><strong>Ventajas:<\/strong><\/p>\n\n\n\n<ul class=\"wp-block-list\">\n<li>Dise\u00f1o extraplano ideal para techos bajos.<\/li>\n\n\n\n<li>Variedad de decoraciones de aspas.<\/li>\n\n\n\n<li>Alto rendimiento con velocidad m\u00e1xima de 315 rpm.<\/li>\n<\/ul>\n\n\n\n<p><strong>Desventajas:<\/strong><\/p>\n\n\n\n<ul class=\"wp-block-list\">\n<li>No incluye mando a distancia.<\/li>\n\n\n\n<li>No es motor DC pero es funcional.<\/li>\n<\/ul>\n\n\n\n<p><strong>Dato llamativo:<\/strong> Su dise\u00f1o extraplano lo hace ideal para habitaciones con techos bajos, ofreciendo una soluci\u00f3n discreta y eficiente.<\/p>\n\n\n\n<h2 class=\"wp-block-heading\">Classic Royal 75 cm: Elegancia y Funcionalidad en Espacios de Hasta 8 m\u00b2<\/h2>\n\n\n<div class=\"wp-block-image\">\n<figure class=\"aligncenter size-large\"><a href=\"https:\/\/gavri.es\/inicio\/ventilador-de-techo-casafan-507515-classic-royal-75cm-haya-o-mimbre-cromo-satinado\"><img loading=\"lazy\" decoding=\"async\" width=\"1024\" height=\"504\" src=\"https:\/\/gavri.es\/blog\/wp-content\/uploads\/2024\/07\/CASAFAN_ROYAL75BN_507515_1-1-1024x504.jpg\" alt=\"\" class=\"wp-image-1104\" srcset=\"https:\/\/gavri-src.addisnetwork.es\/blog\/wp-content\/uploads\/2024\/07\/CASAFAN_ROYAL75BN_507515_1-1-1024x504.jpg 1024w, https:\/\/gavri-src.addisnetwork.es\/blog\/wp-content\/uploads\/2024\/07\/CASAFAN_ROYAL75BN_507515_1-1-300x148.jpg 300w, https:\/\/gavri-src.addisnetwork.es\/blog\/wp-content\/uploads\/2024\/07\/CASAFAN_ROYAL75BN_507515_1-1-768x378.jpg 768w, https:\/\/gavri-src.addisnetwork.es\/blog\/wp-content\/uploads\/2024\/07\/CASAFAN_ROYAL75BN_507515_1-1-1536x756.jpg 1536w, https:\/\/gavri-src.addisnetwork.es\/blog\/wp-content\/uploads\/2024\/07\/CASAFAN_ROYAL75BN_507515_1-1-2048x1008.jpg 2048w\" sizes=\"auto, (max-width: 1024px) 100vw, 1024px\" \/><\/a><\/figure>\n<\/div>\n\n\n<p>El <strong><a href=\"https:\/\/gavri.es\/inicio\/ventilador-de-techo-casafan-507515-classic-royal-75cm-haya-o-mimbre-cromo-satinado\">Classic Royal 75 cm<\/a><\/strong> es ideal para habitaciones de hasta 8 m\u00b2, combinando elegancia y eficiencia en un dise\u00f1o cl\u00e1sico.<\/p>\n\n\n\n<h3 class=\"wp-block-heading\">Caracter\u00edsticas Destacadas:<\/h3>\n\n\n\n<ul class=\"wp-block-list\">\n<li><strong>Color de la carcasa:<\/strong> Varias opciones disponibles.<\/li>\n\n\n\n<li><strong>Decoraci\u00f3n del ala:<\/strong> Roble antiguo, roble salvaje, blanco, haya, teca, nogal y otros marrones.<\/li>\n\n\n\n<li><strong>N\u00famero de aspas:<\/strong> 5 (con posibilidad de hoja intercambiable y hoja reversible).<\/li>\n\n\n\n<li><strong>Control y direcci\u00f3n:<\/strong> 3 niveles con interruptor de tiro, posibilidad de control remoto y operaci\u00f3n hacia adelante\/atr\u00e1s.<\/li>\n\n\n\n<li><strong>Potencia del motor:<\/strong> M\u00e1x. 48 W.<\/li>\n\n\n\n<li><strong>Velocidad m\u00e1xima:<\/strong> 287 rpm.<\/li>\n\n\n\n<li><strong>Voltaje (V\/Hz):<\/strong> 220-240\/50.<\/li>\n\n\n\n<li><strong>Particularidades:<\/strong> Especialmente plano sin barra de techo, posible barra de techo m\u00e1s larga, adecuado para techos inclinados.<\/li>\n\n\n\n<li><strong>Estilo:<\/strong> Cl\u00e1sico.<\/li>\n\n\n\n<li><strong>Luz:<\/strong> Posible. <a href=\"https:\/\/gavri.es\/luces-para-ventiladores-de-techo\/kit-de-luz-14-para-ventiladores-de-techo-casafan\">Kit compatible 1<\/a> \/<a href=\"https:\/\/gavri.es\/accesorios-para-ventiladores-de-techo\/kit-de-luz-4-bn-ventilador-de-techo\"> Kit compatible 2<\/a> (Escribe o ll\u00e1manos  para m\u00e1s modelos de luz <a href=\"tel:+34 934 613 072\">934 613 072<\/a>)<\/li>\n<\/ul>\n\n\n\n<h3 class=\"wp-block-heading\">Ventajas y Desventajas<\/h3>\n\n\n\n<p><strong>Ventajas:<\/strong><\/p>\n\n\n\n<ul class=\"wp-block-list\">\n<li>Dise\u00f1o elegante y cl\u00e1sico.<\/li>\n\n\n\n<li>Opciones de decoraci\u00f3n de aspas variadas.<\/li>\n\n\n\n<li>Adaptable a techos inclinados.<\/li>\n<\/ul>\n\n\n\n<p><strong>Desventajas:<\/strong><\/p>\n\n\n\n<ul class=\"wp-block-list\">\n<li>Requiere un interruptor de tiro para el control b\u00e1sico.<\/li>\n\n\n\n<li>La luz es opcional y no est\u00e1 incluida.<\/li>\n<\/ul>\n\n\n\n<p><strong>Dato llamativo: <\/strong>Su dise\u00f1o elegante y variedad de opciones de aspas lo hacen una excelente adici\u00f3n para habitaciones con decoraci\u00f3n cl\u00e1sica.<\/p>\n\n\n\n<h2 class=\"wp-block-heading\">Tristar 90 cm: Versatilidad para Habitaciones de Hasta 10 m\u00b2<\/h2>\n\n\n\n<figure class=\"wp-block-image size-full\"><a href=\"https:\/\/gavri.es\/inicio\/ventilador-de-techo-casafan-309004-tristar-ii-90-we-blanco\"><img loading=\"lazy\" decoding=\"async\" width=\"724\" height=\"399\" src=\"https:\/\/gavri.es\/blog\/wp-content\/uploads\/2024\/07\/CASAFAN_TRISTAR-II90_WE_309004-1-1-1.jpg\" alt=\"\" class=\"wp-image-1106\" srcset=\"https:\/\/gavri-src.addisnetwork.es\/blog\/wp-content\/uploads\/2024\/07\/CASAFAN_TRISTAR-II90_WE_309004-1-1-1.jpg 724w, https:\/\/gavri-src.addisnetwork.es\/blog\/wp-content\/uploads\/2024\/07\/CASAFAN_TRISTAR-II90_WE_309004-1-1-1-300x165.jpg 300w\" sizes=\"auto, (max-width: 724px) 100vw, 724px\" \/><\/a><\/figure>\n\n\n\n<p>El <strong><a href=\"https:\/\/gavri.es\/inicio\/ventilador-de-techo-casafan-309004-tristar-ii-90-we-blanco\">Tristar 90 cm<\/a><\/strong> es una opci\u00f3n vers\u00e1til y eficiente para habitaciones de hasta 10 m\u00b2, ofreciendo un rendimiento s\u00f3lido y un dise\u00f1o compacto.<\/p>\n\n\n\n<h3 class=\"wp-block-heading\">Caracter\u00edsticas Destacadas:<\/h3>\n\n\n\n<ul class=\"wp-block-list\">\n<li><strong>Modelo:<\/strong> CasaFan TRISTAR II 90 WE<\/li>\n\n\n\n<li><strong>Tama\u00f1o \u00d8 (cm):<\/strong> 92<\/li>\n\n\n\n<li><strong>Color de la carcasa:<\/strong> Lacada en blanco.<\/li>\n\n\n\n<li><strong>N\u00famero de aspas:<\/strong> 3 lacadas en blanco.<\/li>\n\n\n\n<li><strong>Control y direcci\u00f3n:<\/strong> 3-5 niveles posibles mediante control opcional (pedir por separado), solo marcha hacia adelante (es posible marcha atr\u00e1s conectando).<\/li>\n\n\n\n<li><strong>Potencia del motor:<\/strong> M\u00e1x. 52 W.<\/li>\n\n\n\n<li>Motor AC.<\/li>\n\n\n\n<li><strong>Velocidad m\u00e1xima:<\/strong> 364 rpm.<\/li>\n\n\n\n<li><strong>Voltaje (V\/Hz):<\/strong> 220-240\/50.<\/li>\n\n\n\n<li><strong>Particularidades:<\/strong> Incluye 1 barra de techo (165 mm), instalaci\u00f3n en pendientes de hasta 18\u00b0, motor equilibrado y hoja.<\/li>\n\n\n\n<li><strong>Estilo:<\/strong> Moderno.<\/li>\n\n\n\n<li><strong>Luz:<\/strong> Posible mediante accesorios disponibles por separado.<\/li>\n\n\n\n<li>Si lo quieres con mando a distancia <a href=\"https:\/\/gavri.es\/ventiladores-de-techo-sin-luz\/ventilador-de-techo-con-mando-casafan-309004-tristar-ii-90cm-we-blanco\">haz clic aqu\u00ed.<\/a><\/li>\n<\/ul>\n\n\n\n<h3 class=\"wp-block-heading\">Ventajas y Desventajas<\/h3>\n\n\n\n<p><strong>Ventajas:<\/strong><\/p>\n\n\n\n<ul class=\"wp-block-list\">\n<li>Alta velocidad de rotaci\u00f3n.<\/li>\n\n\n\n<li>Instalaci\u00f3n en techos inclinados.<\/li>\n\n\n\n<li>Vers\u00e1til y eficiente.<\/li>\n<\/ul>\n\n\n\n<p><strong>Desventajas:<\/strong><\/p>\n\n\n\n<ul class=\"wp-block-list\">\n<li>Control remoto no incluido de serie pero es compatible.<\/li>\n\n\n\n<li>Recomendable para almacenes, empresas y dem\u00e1s. No para dormir porque es demasiado potente y no tiene motor DC.<\/li>\n<\/ul>\n\n\n\n<p><strong>Dato llamativo:<\/strong> Su velocidad m\u00e1xima de 364 rpm lo convierte en una opci\u00f3n extremadamente eficiente para una ventilaci\u00f3n r\u00e1pida y efectiva.<\/p>\n\n\n\n<h2 class=\"wp-block-heading\">Conclusi\u00f3n<\/h2>\n\n\n\n<p>Elegir el ventilador de techo adecuado para una habitaci\u00f3n peque\u00f1a puede marcar una gran diferencia en t\u00e9rminos de confort y eficiencia. Todo depende de las caracter\u00edsticas que requieras. Si debe ser silencioso ha de tener motor DC. Si lo quieres con luz, debes a\u00f1adir un kit de luz si es compatible y sobre todo debes informarte si tiene un control remoto incluido. Esperamos haber resulto las posibles dudas que se presentan sobre los ventiladores de techo para habitaciones peque\u00f1as.<\/p>\n","protected":false},"excerpt":{"rendered":"<p>En este art\u00edculo, exploramos las mejores opciones de ventiladores de techo dise\u00f1ados espec\u00edficamente para habitaciones peque\u00f1as. Desde el vers\u00e1til Eco Neo III 92 cm para espacios de hasta 9 m\u00b2, que combina eficiencia energ\u00e9tica y dise\u00f1o moderno, hasta el Tristar 90 cm que destaca por su alta velocidad de rotaci\u00f3n y capacidad de instalaci\u00f3n en techos inclinados. Cada modelo ofrece caracter\u00edsticas \u00fanicas como controles remotos, compatibilidad WiFi, y opciones de aspas reversibles, asegurando que hay una soluci\u00f3n perfecta para cada necesidad y estilo de decoraci\u00f3n. Descubre c\u00f3mo estos ventiladores pueden proporcionar una brisa refrescante y mejorar la circulaci\u00f3n del aire en tu hogar sin ocupar espacio en el suelo.<\/p>\n","protected":false},"author":3,"featured_media":1100,"comment_status":"open","ping_status":"closed","sticky":false,"template":"","format":"standard","meta":{"footnotes":""},"categories":[24],"tags":[178,177,9],"class_list":["post-1098","post","type-post","status-publish","format-standard","has-post-thumbnail","hentry","category-ventiladores-de-techo","tag-espacio-pequeno","tag-habitacion-pequena","tag-ventiladores-de-techo","generate-columns","tablet-grid-50","mobile-grid-100","grid-parent","grid-50","no-featured-image-padding"],"yoast_head":"<!-- This site is optimized with the Yoast SEO plugin v27.5 - https:\/\/yoast.com\/product\/yoast-seo-wordpress\/ -->\n<title>Ventiladores de techo para habitaciones peque\u00f1as - Gavri.es<\/title>\n<meta name=\"description\" content=\"Todo lo que necesitas saber sobre los ventiladores de techo para habitaciones peque\u00f1as. Des de los metro cuadrados hasta diferentes modelos.\" \/>\n<meta name=\"robots\" content=\"index, follow, max-snippet:-1, max-image-preview:large, max-video-preview:-1\" \/>\n<link rel=\"canonical\" href=\"https:\/\/gavri-src.addisnetwork.es\/blog\/ventiladores-de-techo-para-habitaciones-pequenas-soluciones-eficientes.html\" \/>\n<meta property=\"og:locale\" content=\"es_ES\" \/>\n<meta property=\"og:type\" content=\"article\" \/>\n<meta property=\"og:title\" content=\"Ventiladores de techo para habitaciones peque\u00f1as - Gavri.es\" \/>\n<meta property=\"og:description\" content=\"Todo lo que necesitas saber sobre los ventiladores de techo para habitaciones peque\u00f1as. Des de los metro cuadrados hasta diferentes modelos.\" \/>\n<meta property=\"og:url\" content=\"https:\/\/gavri-src.addisnetwork.es\/blog\/ventiladores-de-techo-para-habitaciones-pequenas-soluciones-eficientes.html\" \/>\n<meta property=\"og:site_name\" content=\"Blog de Gavri.es\" \/>\n<meta property=\"article:published_time\" content=\"2024-07-05T09:00:00+00:00\" \/>\n<meta property=\"article:modified_time\" content=\"2024-11-08T12:09:56+00:00\" \/>\n<meta property=\"og:image\" content=\"https:\/\/gavri-src.addisnetwork.es\/blog\/wp-content\/uploads\/2024\/07\/ventilador-de-techo-casafan-942021w-eco-neo-iii-92cm-haya-y-arce-con-wifi-1.jpg\" \/>\n\t<meta property=\"og:image:width\" content=\"633\" \/>\n\t<meta property=\"og:image:height\" content=\"357\" \/>\n\t<meta property=\"og:image:type\" content=\"image\/jpeg\" \/>\n<meta name=\"author\" content=\"David Pesquer Morgadanes\" \/>\n<meta name=\"twitter:card\" content=\"summary_large_image\" \/>\n<meta name=\"twitter:label1\" content=\"Escrito por\" \/>\n\t<meta name=\"twitter:data1\" content=\"David Pesquer Morgadanes\" \/>\n\t<meta name=\"twitter:label2\" content=\"Tiempo de lectura\" \/>\n\t<meta name=\"twitter:data2\" content=\"8 minutos\" \/>\n<script type=\"application\/ld+json\" class=\"yoast-schema-graph\">{\"@context\":\"https:\\\/\\\/schema.org\",\"@graph\":[{\"@type\":\"Article\",\"@id\":\"https:\\\/\\\/gavri-src.addisnetwork.es\\\/blog\\\/ventiladores-de-techo-para-habitaciones-pequenas-soluciones-eficientes.html#article\",\"isPartOf\":{\"@id\":\"https:\\\/\\\/gavri-src.addisnetwork.es\\\/blog\\\/ventiladores-de-techo-para-habitaciones-pequenas-soluciones-eficientes.html\"},\"author\":{\"name\":\"David Pesquer Morgadanes\",\"@id\":\"https:\\\/\\\/gavri-src.addisnetwork.es\\\/blog\\\/#\\\/schema\\\/person\\\/203269397f8e8ab2f6fe3edc5e623fcf\"},\"headline\":\"Ventiladores de Techo para Habitaciones Peque\u00f1as: Soluciones Eficientes\",\"datePublished\":\"2024-07-05T09:00:00+00:00\",\"dateModified\":\"2024-11-08T12:09:56+00:00\",\"mainEntityOfPage\":{\"@id\":\"https:\\\/\\\/gavri-src.addisnetwork.es\\\/blog\\\/ventiladores-de-techo-para-habitaciones-pequenas-soluciones-eficientes.html\"},\"wordCount\":1501,\"commentCount\":0,\"publisher\":{\"@id\":\"https:\\\/\\\/gavri-src.addisnetwork.es\\\/blog\\\/#organization\"},\"image\":{\"@id\":\"https:\\\/\\\/gavri-src.addisnetwork.es\\\/blog\\\/ventiladores-de-techo-para-habitaciones-pequenas-soluciones-eficientes.html#primaryimage\"},\"thumbnailUrl\":\"https:\\\/\\\/gavri-src.addisnetwork.es\\\/blog\\\/wp-content\\\/uploads\\\/2024\\\/07\\\/ventilador-de-techo-casafan-942021w-eco-neo-iii-92cm-haya-y-arce-con-wifi-1.jpg\",\"keywords\":[\"espacio peque\u00f1o\",\"habitaci\u00f3n peque\u00f1a\",\"ventiladores de techo\"],\"articleSection\":[\"Ventiladores de techo\"],\"inLanguage\":\"es\",\"potentialAction\":[{\"@type\":\"CommentAction\",\"name\":\"Comment\",\"target\":[\"https:\\\/\\\/gavri-src.addisnetwork.es\\\/blog\\\/ventiladores-de-techo-para-habitaciones-pequenas-soluciones-eficientes.html#respond\"]}]},{\"@type\":\"WebPage\",\"@id\":\"https:\\\/\\\/gavri-src.addisnetwork.es\\\/blog\\\/ventiladores-de-techo-para-habitaciones-pequenas-soluciones-eficientes.html\",\"url\":\"https:\\\/\\\/gavri-src.addisnetwork.es\\\/blog\\\/ventiladores-de-techo-para-habitaciones-pequenas-soluciones-eficientes.html\",\"name\":\"Ventiladores de techo para habitaciones peque\u00f1as - Gavri.es\",\"isPartOf\":{\"@id\":\"https:\\\/\\\/gavri-src.addisnetwork.es\\\/blog\\\/#website\"},\"primaryImageOfPage\":{\"@id\":\"https:\\\/\\\/gavri-src.addisnetwork.es\\\/blog\\\/ventiladores-de-techo-para-habitaciones-pequenas-soluciones-eficientes.html#primaryimage\"},\"image\":{\"@id\":\"https:\\\/\\\/gavri-src.addisnetwork.es\\\/blog\\\/ventiladores-de-techo-para-habitaciones-pequenas-soluciones-eficientes.html#primaryimage\"},\"thumbnailUrl\":\"https:\\\/\\\/gavri-src.addisnetwork.es\\\/blog\\\/wp-content\\\/uploads\\\/2024\\\/07\\\/ventilador-de-techo-casafan-942021w-eco-neo-iii-92cm-haya-y-arce-con-wifi-1.jpg\",\"datePublished\":\"2024-07-05T09:00:00+00:00\",\"dateModified\":\"2024-11-08T12:09:56+00:00\",\"description\":\"Todo lo que necesitas saber sobre los ventiladores de techo para habitaciones peque\u00f1as. Des de los metro cuadrados hasta diferentes modelos.\",\"breadcrumb\":{\"@id\":\"https:\\\/\\\/gavri-src.addisnetwork.es\\\/blog\\\/ventiladores-de-techo-para-habitaciones-pequenas-soluciones-eficientes.html#breadcrumb\"},\"inLanguage\":\"es\",\"potentialAction\":[{\"@type\":\"ReadAction\",\"target\":[\"https:\\\/\\\/gavri-src.addisnetwork.es\\\/blog\\\/ventiladores-de-techo-para-habitaciones-pequenas-soluciones-eficientes.html\"]}]},{\"@type\":\"ImageObject\",\"inLanguage\":\"es\",\"@id\":\"https:\\\/\\\/gavri-src.addisnetwork.es\\\/blog\\\/ventiladores-de-techo-para-habitaciones-pequenas-soluciones-eficientes.html#primaryimage\",\"url\":\"https:\\\/\\\/gavri-src.addisnetwork.es\\\/blog\\\/wp-content\\\/uploads\\\/2024\\\/07\\\/ventilador-de-techo-casafan-942021w-eco-neo-iii-92cm-haya-y-arce-con-wifi-1.jpg\",\"contentUrl\":\"https:\\\/\\\/gavri-src.addisnetwork.es\\\/blog\\\/wp-content\\\/uploads\\\/2024\\\/07\\\/ventilador-de-techo-casafan-942021w-eco-neo-iii-92cm-haya-y-arce-con-wifi-1.jpg\",\"width\":633,\"height\":357,\"caption\":\"ventiladores de techo habitaci\u00f3n peque\u00f1a\"},{\"@type\":\"BreadcrumbList\",\"@id\":\"https:\\\/\\\/gavri-src.addisnetwork.es\\\/blog\\\/ventiladores-de-techo-para-habitaciones-pequenas-soluciones-eficientes.html#breadcrumb\",\"itemListElement\":[{\"@type\":\"ListItem\",\"position\":1,\"name\":\"Portada\",\"item\":\"https:\\\/\\\/gavri-src.addisnetwork.es\\\/blog\"},{\"@type\":\"ListItem\",\"position\":2,\"name\":\"Ventiladores de Techo para Habitaciones Peque\u00f1as: Soluciones Eficientes\"}]},{\"@type\":\"WebSite\",\"@id\":\"https:\\\/\\\/gavri-src.addisnetwork.es\\\/blog\\\/#website\",\"url\":\"https:\\\/\\\/gavri-src.addisnetwork.es\\\/blog\\\/\",\"name\":\"Blog de Gavri.es\",\"description\":\"Blog de Gavri.es\",\"publisher\":{\"@id\":\"https:\\\/\\\/gavri-src.addisnetwork.es\\\/blog\\\/#organization\"},\"potentialAction\":[{\"@type\":\"SearchAction\",\"target\":{\"@type\":\"EntryPoint\",\"urlTemplate\":\"https:\\\/\\\/gavri-src.addisnetwork.es\\\/blog\\\/?s={search_term_string}\"},\"query-input\":{\"@type\":\"PropertyValueSpecification\",\"valueRequired\":true,\"valueName\":\"search_term_string\"}}],\"inLanguage\":\"es\"},{\"@type\":\"Organization\",\"@id\":\"https:\\\/\\\/gavri-src.addisnetwork.es\\\/blog\\\/#organization\",\"name\":\"Blog de Gavri.es\",\"url\":\"https:\\\/\\\/gavri-src.addisnetwork.es\\\/blog\\\/\",\"logo\":{\"@type\":\"ImageObject\",\"inLanguage\":\"es\",\"@id\":\"https:\\\/\\\/gavri-src.addisnetwork.es\\\/blog\\\/#\\\/schema\\\/logo\\\/image\\\/\",\"url\":\"https:\\\/\\\/gavri-src.addisnetwork.es\\\/blog\\\/wp-content\\\/uploads\\\/2021\\\/01\\\/cropped-LOGO-gavries-blog-1.png\",\"contentUrl\":\"https:\\\/\\\/gavri-src.addisnetwork.es\\\/blog\\\/wp-content\\\/uploads\\\/2021\\\/01\\\/cropped-LOGO-gavries-blog-1.png\",\"width\":520,\"height\":104,\"caption\":\"Blog de Gavri.es\"},\"image\":{\"@id\":\"https:\\\/\\\/gavri-src.addisnetwork.es\\\/blog\\\/#\\\/schema\\\/logo\\\/image\\\/\"}},{\"@type\":\"Person\",\"@id\":\"https:\\\/\\\/gavri-src.addisnetwork.es\\\/blog\\\/#\\\/schema\\\/person\\\/203269397f8e8ab2f6fe3edc5e623fcf\",\"name\":\"David Pesquer Morgadanes\",\"image\":{\"@type\":\"ImageObject\",\"inLanguage\":\"es\",\"@id\":\"https:\\\/\\\/secure.gravatar.com\\\/avatar\\\/e3e68089201f2a6dc0ddee931fcd69093f0aa9b360e73d4ac77353e6a01f3aed?s=96&d=mm&r=g\",\"url\":\"https:\\\/\\\/secure.gravatar.com\\\/avatar\\\/e3e68089201f2a6dc0ddee931fcd69093f0aa9b360e73d4ac77353e6a01f3aed?s=96&d=mm&r=g\",\"contentUrl\":\"https:\\\/\\\/secure.gravatar.com\\\/avatar\\\/e3e68089201f2a6dc0ddee931fcd69093f0aa9b360e73d4ac77353e6a01f3aed?s=96&d=mm&r=g\",\"caption\":\"David Pesquer Morgadanes\"},\"description\":\"Especialista en climatizaci\u00f3n, ventiladores de techo, deshumidificadores y purificadores de aire. Licenciado en Marketing y comunicaci\u00f3n digital por la EAE Business School (Universidad Polit\u00e9cnica de Barcelona) y con un master oficial en Direcci\u00f3n de Marketing digital y gesti\u00f3n comercial por la Universidad Internacional de Valencia (VIU).\",\"sameAs\":[\"http:\\\/\\\/gavri.es\"]}]}<\/script>\n<!-- \/ Yoast SEO plugin. -->","yoast_head_json":{"title":"Ventiladores de techo para habitaciones peque\u00f1as - Gavri.es","description":"Todo lo que necesitas saber sobre los ventiladores de techo para habitaciones peque\u00f1as. Des de los metro cuadrados hasta diferentes modelos.","robots":{"index":"index","follow":"follow","max-snippet":"max-snippet:-1","max-image-preview":"max-image-preview:large","max-video-preview":"max-video-preview:-1"},"canonical":"https:\/\/gavri-src.addisnetwork.es\/blog\/ventiladores-de-techo-para-habitaciones-pequenas-soluciones-eficientes.html","og_locale":"es_ES","og_type":"article","og_title":"Ventiladores de techo para habitaciones peque\u00f1as - Gavri.es","og_description":"Todo lo que necesitas saber sobre los ventiladores de techo para habitaciones peque\u00f1as. Des de los metro cuadrados hasta diferentes modelos.","og_url":"https:\/\/gavri-src.addisnetwork.es\/blog\/ventiladores-de-techo-para-habitaciones-pequenas-soluciones-eficientes.html","og_site_name":"Blog de Gavri.es","article_published_time":"2024-07-05T09:00:00+00:00","article_modified_time":"2024-11-08T12:09:56+00:00","og_image":[{"width":633,"height":357,"url":"https:\/\/gavri-src.addisnetwork.es\/blog\/wp-content\/uploads\/2024\/07\/ventilador-de-techo-casafan-942021w-eco-neo-iii-92cm-haya-y-arce-con-wifi-1.jpg","type":"image\/jpeg"}],"author":"David Pesquer Morgadanes","twitter_card":"summary_large_image","twitter_misc":{"Escrito por":"David Pesquer Morgadanes","Tiempo de lectura":"8 minutos"},"schema":{"@context":"https:\/\/schema.org","@graph":[{"@type":"Article","@id":"https:\/\/gavri-src.addisnetwork.es\/blog\/ventiladores-de-techo-para-habitaciones-pequenas-soluciones-eficientes.html#article","isPartOf":{"@id":"https:\/\/gavri-src.addisnetwork.es\/blog\/ventiladores-de-techo-para-habitaciones-pequenas-soluciones-eficientes.html"},"author":{"name":"David Pesquer Morgadanes","@id":"https:\/\/gavri-src.addisnetwork.es\/blog\/#\/schema\/person\/203269397f8e8ab2f6fe3edc5e623fcf"},"headline":"Ventiladores de Techo para Habitaciones Peque\u00f1as: Soluciones Eficientes","datePublished":"2024-07-05T09:00:00+00:00","dateModified":"2024-11-08T12:09:56+00:00","mainEntityOfPage":{"@id":"https:\/\/gavri-src.addisnetwork.es\/blog\/ventiladores-de-techo-para-habitaciones-pequenas-soluciones-eficientes.html"},"wordCount":1501,"commentCount":0,"publisher":{"@id":"https:\/\/gavri-src.addisnetwork.es\/blog\/#organization"},"image":{"@id":"https:\/\/gavri-src.addisnetwork.es\/blog\/ventiladores-de-techo-para-habitaciones-pequenas-soluciones-eficientes.html#primaryimage"},"thumbnailUrl":"https:\/\/gavri-src.addisnetwork.es\/blog\/wp-content\/uploads\/2024\/07\/ventilador-de-techo-casafan-942021w-eco-neo-iii-92cm-haya-y-arce-con-wifi-1.jpg","keywords":["espacio peque\u00f1o","habitaci\u00f3n peque\u00f1a","ventiladores de techo"],"articleSection":["Ventiladores de techo"],"inLanguage":"es","potentialAction":[{"@type":"CommentAction","name":"Comment","target":["https:\/\/gavri-src.addisnetwork.es\/blog\/ventiladores-de-techo-para-habitaciones-pequenas-soluciones-eficientes.html#respond"]}]},{"@type":"WebPage","@id":"https:\/\/gavri-src.addisnetwork.es\/blog\/ventiladores-de-techo-para-habitaciones-pequenas-soluciones-eficientes.html","url":"https:\/\/gavri-src.addisnetwork.es\/blog\/ventiladores-de-techo-para-habitaciones-pequenas-soluciones-eficientes.html","name":"Ventiladores de techo para habitaciones peque\u00f1as - Gavri.es","isPartOf":{"@id":"https:\/\/gavri-src.addisnetwork.es\/blog\/#website"},"primaryImageOfPage":{"@id":"https:\/\/gavri-src.addisnetwork.es\/blog\/ventiladores-de-techo-para-habitaciones-pequenas-soluciones-eficientes.html#primaryimage"},"image":{"@id":"https:\/\/gavri-src.addisnetwork.es\/blog\/ventiladores-de-techo-para-habitaciones-pequenas-soluciones-eficientes.html#primaryimage"},"thumbnailUrl":"https:\/\/gavri-src.addisnetwork.es\/blog\/wp-content\/uploads\/2024\/07\/ventilador-de-techo-casafan-942021w-eco-neo-iii-92cm-haya-y-arce-con-wifi-1.jpg","datePublished":"2024-07-05T09:00:00+00:00","dateModified":"2024-11-08T12:09:56+00:00","description":"Todo lo que necesitas saber sobre los ventiladores de techo para habitaciones peque\u00f1as. Des de los metro cuadrados hasta diferentes modelos.","breadcrumb":{"@id":"https:\/\/gavri-src.addisnetwork.es\/blog\/ventiladores-de-techo-para-habitaciones-pequenas-soluciones-eficientes.html#breadcrumb"},"inLanguage":"es","potentialAction":[{"@type":"ReadAction","target":["https:\/\/gavri-src.addisnetwork.es\/blog\/ventiladores-de-techo-para-habitaciones-pequenas-soluciones-eficientes.html"]}]},{"@type":"ImageObject","inLanguage":"es","@id":"https:\/\/gavri-src.addisnetwork.es\/blog\/ventiladores-de-techo-para-habitaciones-pequenas-soluciones-eficientes.html#primaryimage","url":"https:\/\/gavri-src.addisnetwork.es\/blog\/wp-content\/uploads\/2024\/07\/ventilador-de-techo-casafan-942021w-eco-neo-iii-92cm-haya-y-arce-con-wifi-1.jpg","contentUrl":"https:\/\/gavri-src.addisnetwork.es\/blog\/wp-content\/uploads\/2024\/07\/ventilador-de-techo-casafan-942021w-eco-neo-iii-92cm-haya-y-arce-con-wifi-1.jpg","width":633,"height":357,"caption":"ventiladores de techo habitaci\u00f3n peque\u00f1a"},{"@type":"BreadcrumbList","@id":"https:\/\/gavri-src.addisnetwork.es\/blog\/ventiladores-de-techo-para-habitaciones-pequenas-soluciones-eficientes.html#breadcrumb","itemListElement":[{"@type":"ListItem","position":1,"name":"Portada","item":"https:\/\/gavri-src.addisnetwork.es\/blog"},{"@type":"ListItem","position":2,"name":"Ventiladores de Techo para Habitaciones Peque\u00f1as: Soluciones Eficientes"}]},{"@type":"WebSite","@id":"https:\/\/gavri-src.addisnetwork.es\/blog\/#website","url":"https:\/\/gavri-src.addisnetwork.es\/blog\/","name":"Blog de Gavri.es","description":"Blog de Gavri.es","publisher":{"@id":"https:\/\/gavri-src.addisnetwork.es\/blog\/#organization"},"potentialAction":[{"@type":"SearchAction","target":{"@type":"EntryPoint","urlTemplate":"https:\/\/gavri-src.addisnetwork.es\/blog\/?s={search_term_string}"},"query-input":{"@type":"PropertyValueSpecification","valueRequired":true,"valueName":"search_term_string"}}],"inLanguage":"es"},{"@type":"Organization","@id":"https:\/\/gavri-src.addisnetwork.es\/blog\/#organization","name":"Blog de Gavri.es","url":"https:\/\/gavri-src.addisnetwork.es\/blog\/","logo":{"@type":"ImageObject","inLanguage":"es","@id":"https:\/\/gavri-src.addisnetwork.es\/blog\/#\/schema\/logo\/image\/","url":"https:\/\/gavri-src.addisnetwork.es\/blog\/wp-content\/uploads\/2021\/01\/cropped-LOGO-gavries-blog-1.png","contentUrl":"https:\/\/gavri-src.addisnetwork.es\/blog\/wp-content\/uploads\/2021\/01\/cropped-LOGO-gavries-blog-1.png","width":520,"height":104,"caption":"Blog de Gavri.es"},"image":{"@id":"https:\/\/gavri-src.addisnetwork.es\/blog\/#\/schema\/logo\/image\/"}},{"@type":"Person","@id":"https:\/\/gavri-src.addisnetwork.es\/blog\/#\/schema\/person\/203269397f8e8ab2f6fe3edc5e623fcf","name":"David Pesquer Morgadanes","image":{"@type":"ImageObject","inLanguage":"es","@id":"https:\/\/secure.gravatar.com\/avatar\/e3e68089201f2a6dc0ddee931fcd69093f0aa9b360e73d4ac77353e6a01f3aed?s=96&d=mm&r=g","url":"https:\/\/secure.gravatar.com\/avatar\/e3e68089201f2a6dc0ddee931fcd69093f0aa9b360e73d4ac77353e6a01f3aed?s=96&d=mm&r=g","contentUrl":"https:\/\/secure.gravatar.com\/avatar\/e3e68089201f2a6dc0ddee931fcd69093f0aa9b360e73d4ac77353e6a01f3aed?s=96&d=mm&r=g","caption":"David Pesquer Morgadanes"},"description":"Especialista en climatizaci\u00f3n, ventiladores de techo, deshumidificadores y purificadores de aire. Licenciado en Marketing y comunicaci\u00f3n digital por la EAE Business School (Universidad Polit\u00e9cnica de Barcelona) y con un master oficial en Direcci\u00f3n de Marketing digital y gesti\u00f3n comercial por la Universidad Internacional de Valencia (VIU).","sameAs":["http:\/\/gavri.es"]}]}},"_links":{"self":[{"href":"https:\/\/gavri-src.addisnetwork.es\/blog\/wp-json\/wp\/v2\/posts\/1098","targetHints":{"allow":["GET"]}}],"collection":[{"href":"https:\/\/gavri-src.addisnetwork.es\/blog\/wp-json\/wp\/v2\/posts"}],"about":[{"href":"https:\/\/gavri-src.addisnetwork.es\/blog\/wp-json\/wp\/v2\/types\/post"}],"author":[{"embeddable":true,"href":"https:\/\/gavri-src.addisnetwork.es\/blog\/wp-json\/wp\/v2\/users\/3"}],"replies":[{"embeddable":true,"href":"https:\/\/gavri-src.addisnetwork.es\/blog\/wp-json\/wp\/v2\/comments?post=1098"}],"version-history":[{"count":4,"href":"https:\/\/gavri-src.addisnetwork.es\/blog\/wp-json\/wp\/v2\/posts\/1098\/revisions"}],"predecessor-version":[{"id":1110,"href":"https:\/\/gavri-src.addisnetwork.es\/blog\/wp-json\/wp\/v2\/posts\/1098\/revisions\/1110"}],"wp:featuredmedia":[{"embeddable":true,"href":"https:\/\/gavri-src.addisnetwork.es\/blog\/wp-json\/wp\/v2\/media\/1100"}],"wp:attachment":[{"href":"https:\/\/gavri-src.addisnetwork.es\/blog\/wp-json\/wp\/v2\/media?parent=1098"}],"wp:term":[{"taxonomy":"category","embeddable":true,"href":"https:\/\/gavri-src.addisnetwork.es\/blog\/wp-json\/wp\/v2\/categories?post=1098"},{"taxonomy":"post_tag","embeddable":true,"href":"https:\/\/gavri-src.addisnetwork.es\/blog\/wp-json\/wp\/v2\/tags?post=1098"}],"curies":[{"name":"wp","href":"https:\/\/api.w.org\/{rel}","templated":true}]}}