{"id":1154,"date":"2024-08-09T09:00:00","date_gmt":"2024-08-09T09:00:00","guid":{"rendered":"https:\/\/gavri.es\/blog\/?p=1154"},"modified":"2025-04-02T13:23:48","modified_gmt":"2025-04-02T13:23:48","slug":"como-mejorar-la-circulacion-del-aire-en-tu-casa-con-ventiladores-de-techo","status":"publish","type":"post","link":"https:\/\/gavri-src.addisnetwork.es\/blog\/como-mejorar-la-circulacion-del-aire-en-tu-casa-con-ventiladores-de-techo.html","title":{"rendered":"C\u00f3mo Mejorar la Circulaci\u00f3n del Aire en tu Casa con Ventiladores de Techo"},"content":{"rendered":"\n<p>Autor:\u00a0David Pesquer<\/p>\n\n\n\n<p>Miembro del Equipo de&nbsp;<a href=\"http:\/\/gavri.es\/\">Gavri.es<\/a><\/p>\n\n\n\n<p>La circulaci\u00f3n adecuada del aire en el hogar es esencial para mantener un ambiente confortable y saludable. Los ventiladores de techo son una herramienta eficiente y econ\u00f3mica para mejorar esta circulaci\u00f3n. Aqu\u00ed te mostramos c\u00f3mo aprovechar al m\u00e1ximo tu ventilador de techo para optimizar la circulaci\u00f3n del aire en tu casa.<\/p>\n\n\n\n<h2 class=\"wp-block-heading\">1. Elige el Tama\u00f1o y Ubicaci\u00f3n Adecuados<\/h2>\n\n\n\n<h3 class=\"wp-block-heading\">Tama\u00f1o del Ventilador<\/h3>\n\n\n\n<p>El tama\u00f1o del ventilador de techo es crucial para asegurar una buena circulaci\u00f3n del aire. Aqu\u00ed tienes una gu\u00eda b\u00e1sica:<\/p>\n\n\n\n<ul class=\"wp-block-list\">\n<li>Habitaciones peque\u00f1as (menos de 10 m\u00b2): Ventilador de 76 cm a 91 cm.<\/li>\n\n\n\n<li>Habitaciones medianas (10-20 m\u00b2): Ventilador de 91 cm a 107 cm.<\/li>\n\n\n\n<li>Habitaciones grandes (m\u00e1s de 20 m\u00b2): Ventilador de 122 cm o m\u00e1s.<\/li>\n<\/ul>\n\n\n\n<h3 class=\"wp-block-heading\">Ubicaci\u00f3n del Ventilador<\/h3>\n\n\n\n<p>Coloca el ventilador en el centro de la habitaci\u00f3n para una distribuci\u00f3n uniforme del aire. En habitaciones grandes o de forma irregular, considera instalar varios ventiladores.<\/p>\n\n\n\n<h2 class=\"wp-block-heading\">2. Ajusta la Direcci\u00f3n de Rotaci\u00f3n Seg\u00fan la Estaci\u00f3n<\/h2>\n\n\n\n<h3 class=\"wp-block-heading\">Verano<\/h3>\n\n\n\n<p>En verano, configura el ventilador para que gire en sentido antihorario. Esto crea una brisa fresca que ayuda a enfriar la habitaci\u00f3n. La sensaci\u00f3n de aire en movimiento puede hacer que la temperatura percibida baje varios grados, permitiendo que uses menos el aire acondicionado.<\/p>\n\n\n\n<h3 class=\"wp-block-heading\">Invierno<\/h3>\n\n\n\n<p>En invierno, ajusta el ventilador para que gire en sentido horario a baja velocidad. Esto empuja el aire caliente que se acumula en el techo hacia abajo, mezcl\u00e1ndolo con el aire fr\u00edo y distribuyendo el calor de manera uniforme en la habitaci\u00f3n.<\/p>\n\n\n\n<figure class=\"wp-block-image size-large\"><img loading=\"lazy\" decoding=\"async\" width=\"1024\" height=\"476\" src=\"https:\/\/gavri.es\/blog\/wp-content\/uploads\/2024\/07\/Modo-vernao-modo-invierno-1024x476.png\" alt=\"funci\u00f3n verano\/invierno\" class=\"wp-image-1155\" srcset=\"https:\/\/gavri-src.addisnetwork.es\/blog\/wp-content\/uploads\/2024\/07\/Modo-vernao-modo-invierno-1024x476.png 1024w, https:\/\/gavri-src.addisnetwork.es\/blog\/wp-content\/uploads\/2024\/07\/Modo-vernao-modo-invierno-300x139.png 300w, https:\/\/gavri-src.addisnetwork.es\/blog\/wp-content\/uploads\/2024\/07\/Modo-vernao-modo-invierno-768x357.png 768w, https:\/\/gavri-src.addisnetwork.es\/blog\/wp-content\/uploads\/2024\/07\/Modo-vernao-modo-invierno.png 1490w\" sizes=\"auto, (max-width: 1024px) 100vw, 1024px\" \/><\/figure>\n\n\n\n<h2 class=\"wp-block-heading\">3. Utiliza la Velocidad Correcta<\/h2>\n\n\n\n<p>Los ventiladores de techo vienen con diferentes velocidades que pueden ajustarse seg\u00fan tus necesidades:<\/p>\n\n\n\n<ul class=\"wp-block-list\">\n<li><strong>Alta velocidad<\/strong>: Ideal para d\u00edas calurosos o cuando necesitas enfriar r\u00e1pidamente una habitaci\u00f3n.<\/li>\n\n\n\n<li><strong>Media velocidad<\/strong>: Perfecta para mantener una circulaci\u00f3n de aire constante durante el d\u00eda.<\/li>\n\n\n\n<li><strong>Baja velocidad<\/strong>: \u00datil en invierno o durante la noche para una circulaci\u00f3n suave sin crear una corriente de aire fuerte.<\/li>\n<\/ul>\n\n\n<div class=\"wp-block-image\">\n<figure class=\"aligncenter size-full is-resized\"><a href=\"https:\/\/gavri.es\/accesorios-para-ventiladores-de-techo\/mando-a-distancia-de-reemplazo-para-ventiladores-de-techo-casafan-eco-ver-modelos\"><img loading=\"lazy\" decoding=\"async\" width=\"633\" height=\"800\" src=\"https:\/\/gavri.es\/blog\/wp-content\/uploads\/2024\/07\/mando-a-distancia-ventilador-techojpg.jpg\" alt=\"\" class=\"wp-image-1156\" style=\"width:214px;height:auto\" srcset=\"https:\/\/gavri-src.addisnetwork.es\/blog\/wp-content\/uploads\/2024\/07\/mando-a-distancia-ventilador-techojpg.jpg 633w, https:\/\/gavri-src.addisnetwork.es\/blog\/wp-content\/uploads\/2024\/07\/mando-a-distancia-ventilador-techojpg-237x300.jpg 237w\" sizes=\"auto, (max-width: 633px) 100vw, 633px\" \/><\/a><\/figure>\n<\/div>\n\n\n<h2 class=\"wp-block-heading\">4. Complementa con Ventanas y Puertas<\/h2>\n\n\n\n<p>Mejora la circulaci\u00f3n del aire utilizando tu ventilador de techo junto con ventanas y puertas:<\/p>\n\n\n\n<ul class=\"wp-block-list\">\n<li><strong>Abre ventanas y puertas<\/strong>: Crea corrientes cruzadas abriendo ventanas y puertas en lados opuestos de la habitaci\u00f3n para que el aire fresco entre y el aire caliente salga.<\/li>\n\n\n\n<li><strong>Posiciona estrat\u00e9gicamente<\/strong>: Coloca ventiladores adicionales cerca de puertas y ventanas para ayudar a dirigir el flujo de aire y mejorar la ventilaci\u00f3n natural.<\/li>\n<\/ul>\n\n\n\n<h2 class=\"wp-block-heading\">5. Mantenimiento Regular<\/h2>\n\n\n\n<p>Un ventilador limpio y bien mantenido funciona de manera m\u00e1s eficiente:<\/p>\n\n\n\n<ul class=\"wp-block-list\">\n<li><strong>Limpia las aspas regularmente<\/strong>: El polvo y la suciedad pueden reducir la eficacia del ventilador.<\/li>\n\n\n\n<li><strong>Verifica y aprieta los tornillos<\/strong>: Aseg\u00farate de que las aspas est\u00e9n bien sujetas y que el ventilador est\u00e9 firmemente instalado.<\/li>\n\n\n\n<li><strong>Lubrica si es necesario<\/strong>: Consulta el manual del usuario para ver si tu ventilador necesita lubricaci\u00f3n peri\u00f3dica.<\/li>\n\n\n\n<li>Aqu\u00ed encontrar\u00e1s otro art\u00edculo sobre <a href=\"https:\/\/gavri.es\/blog\/consejos-para-el-mantenimiento-y-limpieza-de-tu-ventilador-de-techo.html\">c\u00f3mo limpiar un ventilador de techo<\/a><\/li>\n<\/ul>\n\n\n\n<h2 class=\"wp-block-heading\">6. Uso Inteligente de Tecnolog\u00eda<\/h2>\n\n\n\n<p>Algunos ventiladores de techo modernos vienen con funciones avanzadas que pueden mejorar la circulaci\u00f3n del aire:<\/p>\n\n\n\n<ul class=\"wp-block-list\">\n<li><strong>Ventiladores con temporizador<\/strong>: Programa tu ventilador para que funcione en intervalos espec\u00edficos, optimizando el uso de energ\u00eda.<\/li>\n\n\n\n<li><strong>Control remoto y aplicaciones<\/strong>: Ajusta la velocidad y la direcci\u00f3n desde la comodidad de tu sof\u00e1 utilizando un control remoto o una aplicaci\u00f3n m\u00f3vil. <\/li>\n<\/ul>\n\n\n<div class=\"wp-block-image\">\n<figure class=\"aligncenter size-full\"><a href=\"https:\/\/gavri.es\/ventiladores-de-techo\/ventilador-de-techo-casafan-eco-neo-iii-wifi-132cm\"><img loading=\"lazy\" decoding=\"async\" width=\"636\" height=\"281\" src=\"https:\/\/gavri.es\/blog\/wp-content\/uploads\/2024\/07\/ventilador-de-techo-con-wifi.png\" alt=\"\" class=\"wp-image-1158\" srcset=\"https:\/\/gavri-src.addisnetwork.es\/blog\/wp-content\/uploads\/2024\/07\/ventilador-de-techo-con-wifi.png 636w, https:\/\/gavri-src.addisnetwork.es\/blog\/wp-content\/uploads\/2024\/07\/ventilador-de-techo-con-wifi-300x133.png 300w\" sizes=\"auto, (max-width: 636px) 100vw, 636px\" \/><\/a><\/figure>\n<\/div>\n\n\n<h2 class=\"wp-block-heading\">7. Optimiza el Dise\u00f1o de tu Hogar<\/h2>\n\n\n\n<p>Considera el dise\u00f1o de tu hogar para maximizar la eficacia de los ventiladores de techo:<\/p>\n\n\n\n<ul class=\"wp-block-list\">\n<li><strong>Muebles<\/strong>: Aseg\u00farate de que los muebles no bloqueen el flujo de aire. Mant\u00e9n las \u00e1reas alrededor del ventilador despejadas.<\/li>\n\n\n\n<li><strong>Altura del techo<\/strong>: Si tienes techos altos, usa una varilla de extensi\u00f3n para bajar el ventilador y mejorar su rendimiento.<\/li>\n<\/ul>\n\n\n\n<h2 class=\"wp-block-heading\">Conclusi\u00f3n<\/h2>\n\n\n\n<p>Mejorar la circulaci\u00f3n del aire en tu hogar con ventiladores de techo es una manera eficiente y econ\u00f3mica de mantener un ambiente confortable durante todo el a\u00f1o. Siguiendo estos consejos, no solo optimizar\u00e1s el uso de tu ventilador, sino que tambi\u00e9n contribuir\u00e1s a un hogar m\u00e1s saludable y energ\u00e9ticamente eficiente. \u00a1Disfruta de un aire fresco y bien distribuido en cada rinc\u00f3n de tu casa!<\/p>\n","protected":false},"excerpt":{"rendered":"<p>Autor:\u00a0David Pesquer Miembro del Equipo de&nbsp;Gavri.es La circulaci\u00f3n adecuada del aire en el hogar es esencial para mantener un ambiente confortable y saludable. Los ventiladores de techo son una herramienta eficiente y econ\u00f3mica para mejorar esta &#8230; <a title=\"C\u00f3mo Mejorar la Circulaci\u00f3n del Aire en tu Casa con Ventiladores de Techo\" class=\"read-more\" href=\"https:\/\/gavri-src.addisnetwork.es\/blog\/como-mejorar-la-circulacion-del-aire-en-tu-casa-con-ventiladores-de-techo.html\" aria-label=\"M\u00e1s en C\u00f3mo Mejorar la Circulaci\u00f3n del Aire en tu Casa con Ventiladores de Techo\">Leer m\u00e1s<\/a><\/p>\n","protected":false},"author":3,"featured_media":1155,"comment_status":"open","ping_status":"closed","sticky":false,"template":"","format":"standard","meta":{"footnotes":""},"categories":[24],"tags":[7,8,9],"class_list":["post-1154","post","type-post","status-publish","format-standard","has-post-thumbnail","hentry","category-ventiladores-de-techo","tag-ventilacion","tag-ventiladores","tag-ventiladores-de-techo","generate-columns","tablet-grid-50","mobile-grid-100","grid-parent","grid-50","no-featured-image-padding"],"yoast_head":"<!-- This site is optimized with the Yoast SEO plugin v27.5 - https:\/\/yoast.com\/product\/yoast-seo-wordpress\/ -->\n<title>C\u00f3mo mejorar la circulaci\u00f3n del aire en casa - Gavri.es<\/title>\n<meta name=\"description\" content=\"Descubre las mejores t\u00e9cnicas y consejos para ventilar tu casa de la forma m\u00e1s optimizada posible. \u00a1Desc\u00fabrelo ahora! \u263a\" \/>\n<meta name=\"robots\" content=\"index, follow, max-snippet:-1, max-image-preview:large, max-video-preview:-1\" \/>\n<link rel=\"canonical\" href=\"https:\/\/gavri-src.addisnetwork.es\/blog\/como-mejorar-la-circulacion-del-aire-en-tu-casa-con-ventiladores-de-techo.html\" \/>\n<meta property=\"og:locale\" content=\"es_ES\" \/>\n<meta property=\"og:type\" content=\"article\" \/>\n<meta property=\"og:title\" content=\"C\u00f3mo mejorar la circulaci\u00f3n del aire en casa - Gavri.es\" \/>\n<meta property=\"og:description\" content=\"Descubre las mejores t\u00e9cnicas y consejos para ventilar tu casa de la forma m\u00e1s optimizada posible. \u00a1Desc\u00fabrelo ahora! \u263a\" \/>\n<meta property=\"og:url\" content=\"https:\/\/gavri-src.addisnetwork.es\/blog\/como-mejorar-la-circulacion-del-aire-en-tu-casa-con-ventiladores-de-techo.html\" \/>\n<meta property=\"og:site_name\" content=\"Blog de Gavri.es\" \/>\n<meta property=\"article:published_time\" content=\"2024-08-09T09:00:00+00:00\" \/>\n<meta property=\"article:modified_time\" content=\"2025-04-02T13:23:48+00:00\" \/>\n<meta property=\"og:image\" content=\"https:\/\/gavri-src.addisnetwork.es\/blog\/wp-content\/uploads\/2024\/07\/Modo-vernao-modo-invierno.png\" \/>\n\t<meta property=\"og:image:width\" content=\"1490\" \/>\n\t<meta property=\"og:image:height\" content=\"692\" \/>\n\t<meta property=\"og:image:type\" content=\"image\/png\" \/>\n<meta name=\"author\" content=\"David Pesquer Morgadanes\" \/>\n<meta name=\"twitter:card\" content=\"summary_large_image\" \/>\n<meta name=\"twitter:label1\" content=\"Escrito por\" \/>\n\t<meta name=\"twitter:data1\" content=\"David Pesquer Morgadanes\" \/>\n\t<meta name=\"twitter:label2\" content=\"Tiempo de lectura\" \/>\n\t<meta name=\"twitter:data2\" content=\"4 minutos\" \/>\n<script type=\"application\/ld+json\" class=\"yoast-schema-graph\">{\"@context\":\"https:\\\/\\\/schema.org\",\"@graph\":[{\"@type\":\"Article\",\"@id\":\"https:\\\/\\\/gavri-src.addisnetwork.es\\\/blog\\\/como-mejorar-la-circulacion-del-aire-en-tu-casa-con-ventiladores-de-techo.html#article\",\"isPartOf\":{\"@id\":\"https:\\\/\\\/gavri-src.addisnetwork.es\\\/blog\\\/como-mejorar-la-circulacion-del-aire-en-tu-casa-con-ventiladores-de-techo.html\"},\"author\":{\"name\":\"David Pesquer Morgadanes\",\"@id\":\"https:\\\/\\\/gavri-src.addisnetwork.es\\\/blog\\\/#\\\/schema\\\/person\\\/203269397f8e8ab2f6fe3edc5e623fcf\"},\"headline\":\"C\u00f3mo Mejorar la Circulaci\u00f3n del Aire en tu Casa con Ventiladores de Techo\",\"datePublished\":\"2024-08-09T09:00:00+00:00\",\"dateModified\":\"2025-04-02T13:23:48+00:00\",\"mainEntityOfPage\":{\"@id\":\"https:\\\/\\\/gavri-src.addisnetwork.es\\\/blog\\\/como-mejorar-la-circulacion-del-aire-en-tu-casa-con-ventiladores-de-techo.html\"},\"wordCount\":725,\"commentCount\":0,\"publisher\":{\"@id\":\"https:\\\/\\\/gavri-src.addisnetwork.es\\\/blog\\\/#organization\"},\"image\":{\"@id\":\"https:\\\/\\\/gavri-src.addisnetwork.es\\\/blog\\\/como-mejorar-la-circulacion-del-aire-en-tu-casa-con-ventiladores-de-techo.html#primaryimage\"},\"thumbnailUrl\":\"https:\\\/\\\/gavri-src.addisnetwork.es\\\/blog\\\/wp-content\\\/uploads\\\/2024\\\/07\\\/Modo-vernao-modo-invierno.png\",\"keywords\":[\"ventilacion\",\"ventiladores\",\"ventiladores de techo\"],\"articleSection\":[\"Ventiladores de techo\"],\"inLanguage\":\"es\",\"potentialAction\":[{\"@type\":\"CommentAction\",\"name\":\"Comment\",\"target\":[\"https:\\\/\\\/gavri-src.addisnetwork.es\\\/blog\\\/como-mejorar-la-circulacion-del-aire-en-tu-casa-con-ventiladores-de-techo.html#respond\"]}]},{\"@type\":\"WebPage\",\"@id\":\"https:\\\/\\\/gavri-src.addisnetwork.es\\\/blog\\\/como-mejorar-la-circulacion-del-aire-en-tu-casa-con-ventiladores-de-techo.html\",\"url\":\"https:\\\/\\\/gavri-src.addisnetwork.es\\\/blog\\\/como-mejorar-la-circulacion-del-aire-en-tu-casa-con-ventiladores-de-techo.html\",\"name\":\"C\u00f3mo mejorar la circulaci\u00f3n del aire en casa - Gavri.es\",\"isPartOf\":{\"@id\":\"https:\\\/\\\/gavri-src.addisnetwork.es\\\/blog\\\/#website\"},\"primaryImageOfPage\":{\"@id\":\"https:\\\/\\\/gavri-src.addisnetwork.es\\\/blog\\\/como-mejorar-la-circulacion-del-aire-en-tu-casa-con-ventiladores-de-techo.html#primaryimage\"},\"image\":{\"@id\":\"https:\\\/\\\/gavri-src.addisnetwork.es\\\/blog\\\/como-mejorar-la-circulacion-del-aire-en-tu-casa-con-ventiladores-de-techo.html#primaryimage\"},\"thumbnailUrl\":\"https:\\\/\\\/gavri-src.addisnetwork.es\\\/blog\\\/wp-content\\\/uploads\\\/2024\\\/07\\\/Modo-vernao-modo-invierno.png\",\"datePublished\":\"2024-08-09T09:00:00+00:00\",\"dateModified\":\"2025-04-02T13:23:48+00:00\",\"description\":\"Descubre las mejores t\u00e9cnicas y consejos para ventilar tu casa de la forma m\u00e1s optimizada posible. \u00a1Desc\u00fabrelo ahora! \u263a\",\"breadcrumb\":{\"@id\":\"https:\\\/\\\/gavri-src.addisnetwork.es\\\/blog\\\/como-mejorar-la-circulacion-del-aire-en-tu-casa-con-ventiladores-de-techo.html#breadcrumb\"},\"inLanguage\":\"es\",\"potentialAction\":[{\"@type\":\"ReadAction\",\"target\":[\"https:\\\/\\\/gavri-src.addisnetwork.es\\\/blog\\\/como-mejorar-la-circulacion-del-aire-en-tu-casa-con-ventiladores-de-techo.html\"]}]},{\"@type\":\"ImageObject\",\"inLanguage\":\"es\",\"@id\":\"https:\\\/\\\/gavri-src.addisnetwork.es\\\/blog\\\/como-mejorar-la-circulacion-del-aire-en-tu-casa-con-ventiladores-de-techo.html#primaryimage\",\"url\":\"https:\\\/\\\/gavri-src.addisnetwork.es\\\/blog\\\/wp-content\\\/uploads\\\/2024\\\/07\\\/Modo-vernao-modo-invierno.png\",\"contentUrl\":\"https:\\\/\\\/gavri-src.addisnetwork.es\\\/blog\\\/wp-content\\\/uploads\\\/2024\\\/07\\\/Modo-vernao-modo-invierno.png\",\"width\":1490,\"height\":692,\"caption\":\"funci\u00f3n verano\\\/invierno\"},{\"@type\":\"BreadcrumbList\",\"@id\":\"https:\\\/\\\/gavri-src.addisnetwork.es\\\/blog\\\/como-mejorar-la-circulacion-del-aire-en-tu-casa-con-ventiladores-de-techo.html#breadcrumb\",\"itemListElement\":[{\"@type\":\"ListItem\",\"position\":1,\"name\":\"Portada\",\"item\":\"https:\\\/\\\/gavri-src.addisnetwork.es\\\/blog\"},{\"@type\":\"ListItem\",\"position\":2,\"name\":\"C\u00f3mo Mejorar la Circulaci\u00f3n del Aire en tu Casa con Ventiladores de Techo\"}]},{\"@type\":\"WebSite\",\"@id\":\"https:\\\/\\\/gavri-src.addisnetwork.es\\\/blog\\\/#website\",\"url\":\"https:\\\/\\\/gavri-src.addisnetwork.es\\\/blog\\\/\",\"name\":\"Blog de Gavri.es\",\"description\":\"Blog de Gavri.es\",\"publisher\":{\"@id\":\"https:\\\/\\\/gavri-src.addisnetwork.es\\\/blog\\\/#organization\"},\"potentialAction\":[{\"@type\":\"SearchAction\",\"target\":{\"@type\":\"EntryPoint\",\"urlTemplate\":\"https:\\\/\\\/gavri-src.addisnetwork.es\\\/blog\\\/?s={search_term_string}\"},\"query-input\":{\"@type\":\"PropertyValueSpecification\",\"valueRequired\":true,\"valueName\":\"search_term_string\"}}],\"inLanguage\":\"es\"},{\"@type\":\"Organization\",\"@id\":\"https:\\\/\\\/gavri-src.addisnetwork.es\\\/blog\\\/#organization\",\"name\":\"Blog de Gavri.es\",\"url\":\"https:\\\/\\\/gavri-src.addisnetwork.es\\\/blog\\\/\",\"logo\":{\"@type\":\"ImageObject\",\"inLanguage\":\"es\",\"@id\":\"https:\\\/\\\/gavri-src.addisnetwork.es\\\/blog\\\/#\\\/schema\\\/logo\\\/image\\\/\",\"url\":\"https:\\\/\\\/gavri-src.addisnetwork.es\\\/blog\\\/wp-content\\\/uploads\\\/2021\\\/01\\\/cropped-LOGO-gavries-blog-1.png\",\"contentUrl\":\"https:\\\/\\\/gavri-src.addisnetwork.es\\\/blog\\\/wp-content\\\/uploads\\\/2021\\\/01\\\/cropped-LOGO-gavries-blog-1.png\",\"width\":520,\"height\":104,\"caption\":\"Blog de Gavri.es\"},\"image\":{\"@id\":\"https:\\\/\\\/gavri-src.addisnetwork.es\\\/blog\\\/#\\\/schema\\\/logo\\\/image\\\/\"}},{\"@type\":\"Person\",\"@id\":\"https:\\\/\\\/gavri-src.addisnetwork.es\\\/blog\\\/#\\\/schema\\\/person\\\/203269397f8e8ab2f6fe3edc5e623fcf\",\"name\":\"David Pesquer Morgadanes\",\"image\":{\"@type\":\"ImageObject\",\"inLanguage\":\"es\",\"@id\":\"https:\\\/\\\/secure.gravatar.com\\\/avatar\\\/e3e68089201f2a6dc0ddee931fcd69093f0aa9b360e73d4ac77353e6a01f3aed?s=96&d=mm&r=g\",\"url\":\"https:\\\/\\\/secure.gravatar.com\\\/avatar\\\/e3e68089201f2a6dc0ddee931fcd69093f0aa9b360e73d4ac77353e6a01f3aed?s=96&d=mm&r=g\",\"contentUrl\":\"https:\\\/\\\/secure.gravatar.com\\\/avatar\\\/e3e68089201f2a6dc0ddee931fcd69093f0aa9b360e73d4ac77353e6a01f3aed?s=96&d=mm&r=g\",\"caption\":\"David Pesquer Morgadanes\"},\"description\":\"Especialista en climatizaci\u00f3n, ventiladores de techo, deshumidificadores y purificadores de aire. Licenciado en Marketing y comunicaci\u00f3n digital por la EAE Business School (Universidad Polit\u00e9cnica de Barcelona) y con un master oficial en Direcci\u00f3n de Marketing digital y gesti\u00f3n comercial por la Universidad Internacional de Valencia (VIU).\",\"sameAs\":[\"http:\\\/\\\/gavri.es\"]}]}<\/script>\n<!-- \/ Yoast SEO plugin. -->","yoast_head_json":{"title":"C\u00f3mo mejorar la circulaci\u00f3n del aire en casa - Gavri.es","description":"Descubre las mejores t\u00e9cnicas y consejos para ventilar tu casa de la forma m\u00e1s optimizada posible. \u00a1Desc\u00fabrelo ahora! \u263a","robots":{"index":"index","follow":"follow","max-snippet":"max-snippet:-1","max-image-preview":"max-image-preview:large","max-video-preview":"max-video-preview:-1"},"canonical":"https:\/\/gavri-src.addisnetwork.es\/blog\/como-mejorar-la-circulacion-del-aire-en-tu-casa-con-ventiladores-de-techo.html","og_locale":"es_ES","og_type":"article","og_title":"C\u00f3mo mejorar la circulaci\u00f3n del aire en casa - Gavri.es","og_description":"Descubre las mejores t\u00e9cnicas y consejos para ventilar tu casa de la forma m\u00e1s optimizada posible. \u00a1Desc\u00fabrelo ahora! \u263a","og_url":"https:\/\/gavri-src.addisnetwork.es\/blog\/como-mejorar-la-circulacion-del-aire-en-tu-casa-con-ventiladores-de-techo.html","og_site_name":"Blog de Gavri.es","article_published_time":"2024-08-09T09:00:00+00:00","article_modified_time":"2025-04-02T13:23:48+00:00","og_image":[{"width":1490,"height":692,"url":"https:\/\/gavri-src.addisnetwork.es\/blog\/wp-content\/uploads\/2024\/07\/Modo-vernao-modo-invierno.png","type":"image\/png"}],"author":"David Pesquer Morgadanes","twitter_card":"summary_large_image","twitter_misc":{"Escrito por":"David Pesquer Morgadanes","Tiempo de lectura":"4 minutos"},"schema":{"@context":"https:\/\/schema.org","@graph":[{"@type":"Article","@id":"https:\/\/gavri-src.addisnetwork.es\/blog\/como-mejorar-la-circulacion-del-aire-en-tu-casa-con-ventiladores-de-techo.html#article","isPartOf":{"@id":"https:\/\/gavri-src.addisnetwork.es\/blog\/como-mejorar-la-circulacion-del-aire-en-tu-casa-con-ventiladores-de-techo.html"},"author":{"name":"David Pesquer Morgadanes","@id":"https:\/\/gavri-src.addisnetwork.es\/blog\/#\/schema\/person\/203269397f8e8ab2f6fe3edc5e623fcf"},"headline":"C\u00f3mo Mejorar la Circulaci\u00f3n del Aire en tu Casa con Ventiladores de Techo","datePublished":"2024-08-09T09:00:00+00:00","dateModified":"2025-04-02T13:23:48+00:00","mainEntityOfPage":{"@id":"https:\/\/gavri-src.addisnetwork.es\/blog\/como-mejorar-la-circulacion-del-aire-en-tu-casa-con-ventiladores-de-techo.html"},"wordCount":725,"commentCount":0,"publisher":{"@id":"https:\/\/gavri-src.addisnetwork.es\/blog\/#organization"},"image":{"@id":"https:\/\/gavri-src.addisnetwork.es\/blog\/como-mejorar-la-circulacion-del-aire-en-tu-casa-con-ventiladores-de-techo.html#primaryimage"},"thumbnailUrl":"https:\/\/gavri-src.addisnetwork.es\/blog\/wp-content\/uploads\/2024\/07\/Modo-vernao-modo-invierno.png","keywords":["ventilacion","ventiladores","ventiladores de techo"],"articleSection":["Ventiladores de techo"],"inLanguage":"es","potentialAction":[{"@type":"CommentAction","name":"Comment","target":["https:\/\/gavri-src.addisnetwork.es\/blog\/como-mejorar-la-circulacion-del-aire-en-tu-casa-con-ventiladores-de-techo.html#respond"]}]},{"@type":"WebPage","@id":"https:\/\/gavri-src.addisnetwork.es\/blog\/como-mejorar-la-circulacion-del-aire-en-tu-casa-con-ventiladores-de-techo.html","url":"https:\/\/gavri-src.addisnetwork.es\/blog\/como-mejorar-la-circulacion-del-aire-en-tu-casa-con-ventiladores-de-techo.html","name":"C\u00f3mo mejorar la circulaci\u00f3n del aire en casa - Gavri.es","isPartOf":{"@id":"https:\/\/gavri-src.addisnetwork.es\/blog\/#website"},"primaryImageOfPage":{"@id":"https:\/\/gavri-src.addisnetwork.es\/blog\/como-mejorar-la-circulacion-del-aire-en-tu-casa-con-ventiladores-de-techo.html#primaryimage"},"image":{"@id":"https:\/\/gavri-src.addisnetwork.es\/blog\/como-mejorar-la-circulacion-del-aire-en-tu-casa-con-ventiladores-de-techo.html#primaryimage"},"thumbnailUrl":"https:\/\/gavri-src.addisnetwork.es\/blog\/wp-content\/uploads\/2024\/07\/Modo-vernao-modo-invierno.png","datePublished":"2024-08-09T09:00:00+00:00","dateModified":"2025-04-02T13:23:48+00:00","description":"Descubre las mejores t\u00e9cnicas y consejos para ventilar tu casa de la forma m\u00e1s optimizada posible. \u00a1Desc\u00fabrelo ahora! \u263a","breadcrumb":{"@id":"https:\/\/gavri-src.addisnetwork.es\/blog\/como-mejorar-la-circulacion-del-aire-en-tu-casa-con-ventiladores-de-techo.html#breadcrumb"},"inLanguage":"es","potentialAction":[{"@type":"ReadAction","target":["https:\/\/gavri-src.addisnetwork.es\/blog\/como-mejorar-la-circulacion-del-aire-en-tu-casa-con-ventiladores-de-techo.html"]}]},{"@type":"ImageObject","inLanguage":"es","@id":"https:\/\/gavri-src.addisnetwork.es\/blog\/como-mejorar-la-circulacion-del-aire-en-tu-casa-con-ventiladores-de-techo.html#primaryimage","url":"https:\/\/gavri-src.addisnetwork.es\/blog\/wp-content\/uploads\/2024\/07\/Modo-vernao-modo-invierno.png","contentUrl":"https:\/\/gavri-src.addisnetwork.es\/blog\/wp-content\/uploads\/2024\/07\/Modo-vernao-modo-invierno.png","width":1490,"height":692,"caption":"funci\u00f3n verano\/invierno"},{"@type":"BreadcrumbList","@id":"https:\/\/gavri-src.addisnetwork.es\/blog\/como-mejorar-la-circulacion-del-aire-en-tu-casa-con-ventiladores-de-techo.html#breadcrumb","itemListElement":[{"@type":"ListItem","position":1,"name":"Portada","item":"https:\/\/gavri-src.addisnetwork.es\/blog"},{"@type":"ListItem","position":2,"name":"C\u00f3mo Mejorar la Circulaci\u00f3n del Aire en tu Casa con Ventiladores de Techo"}]},{"@type":"WebSite","@id":"https:\/\/gavri-src.addisnetwork.es\/blog\/#website","url":"https:\/\/gavri-src.addisnetwork.es\/blog\/","name":"Blog de Gavri.es","description":"Blog de Gavri.es","publisher":{"@id":"https:\/\/gavri-src.addisnetwork.es\/blog\/#organization"},"potentialAction":[{"@type":"SearchAction","target":{"@type":"EntryPoint","urlTemplate":"https:\/\/gavri-src.addisnetwork.es\/blog\/?s={search_term_string}"},"query-input":{"@type":"PropertyValueSpecification","valueRequired":true,"valueName":"search_term_string"}}],"inLanguage":"es"},{"@type":"Organization","@id":"https:\/\/gavri-src.addisnetwork.es\/blog\/#organization","name":"Blog de Gavri.es","url":"https:\/\/gavri-src.addisnetwork.es\/blog\/","logo":{"@type":"ImageObject","inLanguage":"es","@id":"https:\/\/gavri-src.addisnetwork.es\/blog\/#\/schema\/logo\/image\/","url":"https:\/\/gavri-src.addisnetwork.es\/blog\/wp-content\/uploads\/2021\/01\/cropped-LOGO-gavries-blog-1.png","contentUrl":"https:\/\/gavri-src.addisnetwork.es\/blog\/wp-content\/uploads\/2021\/01\/cropped-LOGO-gavries-blog-1.png","width":520,"height":104,"caption":"Blog de Gavri.es"},"image":{"@id":"https:\/\/gavri-src.addisnetwork.es\/blog\/#\/schema\/logo\/image\/"}},{"@type":"Person","@id":"https:\/\/gavri-src.addisnetwork.es\/blog\/#\/schema\/person\/203269397f8e8ab2f6fe3edc5e623fcf","name":"David Pesquer Morgadanes","image":{"@type":"ImageObject","inLanguage":"es","@id":"https:\/\/secure.gravatar.com\/avatar\/e3e68089201f2a6dc0ddee931fcd69093f0aa9b360e73d4ac77353e6a01f3aed?s=96&d=mm&r=g","url":"https:\/\/secure.gravatar.com\/avatar\/e3e68089201f2a6dc0ddee931fcd69093f0aa9b360e73d4ac77353e6a01f3aed?s=96&d=mm&r=g","contentUrl":"https:\/\/secure.gravatar.com\/avatar\/e3e68089201f2a6dc0ddee931fcd69093f0aa9b360e73d4ac77353e6a01f3aed?s=96&d=mm&r=g","caption":"David Pesquer Morgadanes"},"description":"Especialista en climatizaci\u00f3n, ventiladores de techo, deshumidificadores y purificadores de aire. Licenciado en Marketing y comunicaci\u00f3n digital por la EAE Business School (Universidad Polit\u00e9cnica de Barcelona) y con un master oficial en Direcci\u00f3n de Marketing digital y gesti\u00f3n comercial por la Universidad Internacional de Valencia (VIU).","sameAs":["http:\/\/gavri.es"]}]}},"_links":{"self":[{"href":"https:\/\/gavri-src.addisnetwork.es\/blog\/wp-json\/wp\/v2\/posts\/1154","targetHints":{"allow":["GET"]}}],"collection":[{"href":"https:\/\/gavri-src.addisnetwork.es\/blog\/wp-json\/wp\/v2\/posts"}],"about":[{"href":"https:\/\/gavri-src.addisnetwork.es\/blog\/wp-json\/wp\/v2\/types\/post"}],"author":[{"embeddable":true,"href":"https:\/\/gavri-src.addisnetwork.es\/blog\/wp-json\/wp\/v2\/users\/3"}],"replies":[{"embeddable":true,"href":"https:\/\/gavri-src.addisnetwork.es\/blog\/wp-json\/wp\/v2\/comments?post=1154"}],"version-history":[{"count":2,"href":"https:\/\/gavri-src.addisnetwork.es\/blog\/wp-json\/wp\/v2\/posts\/1154\/revisions"}],"predecessor-version":[{"id":1163,"href":"https:\/\/gavri-src.addisnetwork.es\/blog\/wp-json\/wp\/v2\/posts\/1154\/revisions\/1163"}],"wp:featuredmedia":[{"embeddable":true,"href":"https:\/\/gavri-src.addisnetwork.es\/blog\/wp-json\/wp\/v2\/media\/1155"}],"wp:attachment":[{"href":"https:\/\/gavri-src.addisnetwork.es\/blog\/wp-json\/wp\/v2\/media?parent=1154"}],"wp:term":[{"taxonomy":"category","embeddable":true,"href":"https:\/\/gavri-src.addisnetwork.es\/blog\/wp-json\/wp\/v2\/categories?post=1154"},{"taxonomy":"post_tag","embeddable":true,"href":"https:\/\/gavri-src.addisnetwork.es\/blog\/wp-json\/wp\/v2\/tags?post=1154"}],"curies":[{"name":"wp","href":"https:\/\/api.w.org\/{rel}","templated":true}]}}