{"id":1160,"date":"2024-08-16T09:00:00","date_gmt":"2024-08-16T09:00:00","guid":{"rendered":"https:\/\/gavri.es\/blog\/?p=1160"},"modified":"2024-07-25T12:59:57","modified_gmt":"2024-07-25T12:59:57","slug":"como-reducir-tu-factura-de-electricidad-con-ventiladores-de-techo-eficientes","status":"publish","type":"post","link":"https:\/\/gavri-src.addisnetwork.es\/blog\/como-reducir-tu-factura-de-electricidad-con-ventiladores-de-techo-eficientes.html","title":{"rendered":"C\u00f3mo Reducir tu Factura de Electricidad con Ventiladores de Techo Eficientes"},"content":{"rendered":"\n<p>Autor:\u00a0David Pesquer<\/p>\n\n\n\n<p>Miembro del Equipo de&nbsp;<a href=\"http:\/\/gavri.es\/\">Gavri.es<\/a><\/p>\n\n\n\n<p>Reducir el consumo de electricidad es una prioridad para muchos hogares, no solo por razones econ\u00f3micas, sino tambi\u00e9n por el impacto ambiental. Los ventiladores de techo eficientes pueden ser una soluci\u00f3n efectiva para mantener tu hogar fresco y confortable sin disparar tu factura de electricidad. A continuaci\u00f3n, te ofrecemos una gu\u00eda completa para maximizar el ahorro de energ\u00eda utilizando ventiladores de techo.<\/p>\n\n\n\n<h2 class=\"wp-block-heading\">1. Elige Ventiladores de Techo de Alta Eficiencia Energ\u00e9tica<\/h2>\n\n\n\n<h3 class=\"wp-block-heading\">Busca la Etiqueta de Energ\u00eda<\/h3>\n\n\n\n<p>Al comprar un ventilador de techo, busca aquellos con etiquetas de eficiencia energ\u00e9tica, como el sello Energy Star. Estos ventiladores est\u00e1n dise\u00f1ados para consumir menos energ\u00eda mientras proporcionan un rendimiento \u00f3ptimo.<\/p>\n\n\n\n<h3 class=\"wp-block-heading\">Motores de Corriente Continua (DC)<\/h3>\n\n\n\n<p>Opta por ventiladores con motores de corriente continua (DC) en lugar de motores de corriente alterna (AC). Los motores DC son m\u00e1s eficientes energ\u00e9ticamente y suelen ser m\u00e1s silenciosos y duraderos.<\/p>\n\n\n\n<div class=\"wp-block-buttons alignwide is-content-justification-center is-layout-flex wp-container-core-buttons-is-layout-16018d1d wp-block-buttons-is-layout-flex\">\n<div class=\"wp-block-button\"><a class=\"wp-block-button__link has-text-align-center wp-element-button\" href=\"https:\/\/gavri.es\/ventiladores-de-techo-con-motor-dc\">VER MODELOS<\/a><\/div>\n<\/div>\n\n\n\n<h2 class=\"wp-block-heading\">2. Tama\u00f1o y Ubicaci\u00f3n Adecuados<\/h2>\n\n\n\n<h3 class=\"wp-block-heading\">Selecciona el Tama\u00f1o Correcto<\/h3>\n\n\n\n<p>El tama\u00f1o del ventilador debe ser adecuado para la habitaci\u00f3n en la que se va a instalar. Un ventilador demasiado peque\u00f1o no mover\u00e1 suficiente aire, mientras que uno demasiado grande puede ser ineficiente. Aqu\u00ed tienes una gu\u00eda b\u00e1sica:<\/p>\n\n\n\n<ul class=\"wp-block-list\">\n<li>Habitaciones peque\u00f1as (menos de 10 m\u00b2): Ventilador de 76 cm a 91 cm.<\/li>\n\n\n\n<li>Habitaciones medianas (10-20 m\u00b2): Ventilador de 91 cm a 107 cm.<\/li>\n\n\n\n<li>Habitaciones grandes (m\u00e1s de 20 m\u00b2): Ventilador de 122 cm o m\u00e1s.<\/li>\n<\/ul>\n\n\n\n<h3 class=\"wp-block-heading\">Colocaci\u00f3n Estrat\u00e9gica<\/h3>\n\n\n\n<p>Instala el ventilador en el centro de la habitaci\u00f3n y aseg\u00farate de que las aspas est\u00e9n a una altura de unos 2,4 a 2,7 metros del suelo para una circulaci\u00f3n de aire \u00f3ptima.<\/p>\n\n\n\n<p>Si tu techo es de 3m de altura o m\u00e1s, necesitar\u00e1s una barra extensora m\u00e1s grande que la que viene de f\u00e1brica. Esto es debido a que el ventilador queda demasiado elevado y no ventila correctamente.<\/p>\n\n\n\n<div class=\"wp-block-buttons is-content-justification-center is-layout-flex wp-container-core-buttons-is-layout-16018d1d wp-block-buttons-is-layout-flex\">\n<div class=\"wp-block-button\"><a class=\"wp-block-button__link wp-element-button\" href=\"https:\/\/gavri.es\/busqueda?controller=search&amp;s=BARRA\">Barras extensoras<\/a><\/div>\n<\/div>\n\n\n\n<h2 class=\"wp-block-heading\">3. Utiliza el Ventilador en Combinaci\u00f3n con el Aire Acondicionado<\/h2>\n\n\n\n<h3 class=\"wp-block-heading\">Temperatura del Termostato<\/h3>\n\n\n\n<p>Utiliza el ventilador de techo junto con el aire acondicionado para mejorar la circulaci\u00f3n del aire y permitir que el termostato se ajuste a una temperatura m\u00e1s alta. Un ajuste de solo 2-4 grados m\u00e1s puede resultar en ahorros significativos en la factura de electricidad.<\/p>\n\n\n\n<h3 class=\"wp-block-heading\">Modo de Enfriamiento<\/h3>\n\n\n\n<p>En verano, configura el ventilador para que gire en sentido antihorario, creando una brisa que mejora la sensaci\u00f3n de frescura. Esto te permite depender menos del aire acondicionado.<\/p>\n\n\n\n<h2 class=\"wp-block-heading\">4. Ajusta la Direcci\u00f3n de Rotaci\u00f3n Seg\u00fan la Temporada<\/h2>\n\n\n\n<h3 class=\"wp-block-heading\">Verano: Sentido Antihorario<\/h3>\n\n\n\n<p>En verano, las aspas deben girar en sentido antihorario para crear una corriente descendente que genera una brisa fresca.<\/p>\n\n\n\n<h3 class=\"wp-block-heading\">Invierno: Sentido Horario<\/h3>\n\n\n\n<p>En invierno, ajusta el ventilador para que gire en sentido horario a baja velocidad. Esto empuja el aire caliente que se acumula en el techo hacia abajo, distribuyendo el calor de manera m\u00e1s uniforme y permitiendo reducir el uso de calefacci\u00f3n.<\/p>\n\n\n\n<h2 class=\"wp-block-heading\">5. Aprovecha la Tecnolog\u00eda de Control<\/h2>\n\n\n\n<h3 class=\"wp-block-heading\">Controles Remotos y Temporizadores<\/h3>\n\n\n\n<p>Utiliza ventiladores con controles remotos y temporizadores para ajustar la velocidad y la duraci\u00f3n del funcionamiento seg\u00fan sea necesario, optimizando el consumo de energ\u00eda.<\/p>\n\n\n\n<h3 class=\"wp-block-heading\">Sensores de Movimiento<\/h3>\n\n\n\n<p>Algunos ventiladores modernos est\u00e1n equipados con sensores de movimiento que activan o desactivan el ventilador autom\u00e1ticamente seg\u00fan la presencia de personas en la habitaci\u00f3n.<\/p>\n\n\n\n<h2 class=\"wp-block-heading\">6. Mantenimiento Regular<\/h2>\n\n\n\n<h3 class=\"wp-block-heading\">Limpieza de Aspas<\/h3>\n\n\n\n<p>Mant\u00e9n las aspas limpias de polvo y suciedad para asegurar que el ventilador funcione de manera eficiente.<\/p>\n\n\n\n<h3 class=\"wp-block-heading\">Verificaci\u00f3n de Componentes<\/h3>\n\n\n\n<p>Revisa regularmente que todos los componentes est\u00e9n en buen estado y aprieta cualquier tornillo o pieza suelta para evitar que el ventilador trabaje m\u00e1s de lo necesario.<\/p>\n\n\n\n<h2 class=\"wp-block-heading\">7. Uso Inteligente de la Iluminaci\u00f3n<\/h2>\n\n\n\n<h3 class=\"wp-block-heading\">Bombillas LED<\/h3>\n\n\n\n<p>Si tu ventilador de techo tiene luces, reemplaza las bombillas tradicionales por bombillas LED de bajo consumo. Las bombillas LED consumen menos energ\u00eda y tienen una vida \u00fatil m\u00e1s larga.<\/p>\n\n\n\n<h3 class=\"wp-block-heading\">Uso Eficiente<\/h3>\n\n\n\n<p>Apaga las luces del ventilador cuando no sean necesarias y aprovecha la luz natural durante el d\u00eda.<\/p>\n\n\n\n<h2 class=\"wp-block-heading\">Conclusi\u00f3n<\/h2>\n\n\n\n<p>Utilizar ventiladores de techo eficientes es una excelente manera de reducir tu factura de electricidad mientras mantienes tu hogar confortable. Al elegir ventiladores de alta eficiencia, ajustar la direcci\u00f3n de rotaci\u00f3n seg\u00fan la temporada, y realizar un mantenimiento regular, puedes maximizar el ahorro de energ\u00eda y contribuir a un entorno m\u00e1s sostenible. Implementa estos consejos y disfruta de un hogar fresco y econ\u00f3mico. Ahora ya sabes  C\u00f3mo Reducir tu Factura de Electricidad con Ventiladores de Techo Eficientes<\/p>\n","protected":false},"excerpt":{"rendered":"<p>Autor:\u00a0David Pesquer Miembro del Equipo de&nbsp;Gavri.es Reducir el consumo de electricidad es una prioridad para muchos hogares, no solo por razones econ\u00f3micas, sino tambi\u00e9n por el impacto ambiental. Los ventiladores de techo eficientes pueden ser una &#8230; <a title=\"C\u00f3mo Reducir tu Factura de Electricidad con Ventiladores de Techo Eficientes\" class=\"read-more\" href=\"https:\/\/gavri-src.addisnetwork.es\/blog\/como-reducir-tu-factura-de-electricidad-con-ventiladores-de-techo-eficientes.html\" aria-label=\"M\u00e1s en C\u00f3mo Reducir tu Factura de Electricidad con Ventiladores de Techo Eficientes\">Leer m\u00e1s<\/a><\/p>\n","protected":false},"author":3,"featured_media":1161,"comment_status":"open","ping_status":"closed","sticky":false,"template":"","format":"standard","meta":{"footnotes":""},"categories":[24],"tags":[149,4,7,9],"class_list":["post-1160","post","type-post","status-publish","format-standard","has-post-thumbnail","hentry","category-ventiladores-de-techo","tag-ahorro-energia","tag-hogar","tag-ventilacion","tag-ventiladores-de-techo","generate-columns","tablet-grid-50","mobile-grid-100","grid-parent","grid-50","no-featured-image-padding"],"yoast_head":"<!-- This site is optimized with the Yoast SEO plugin v27.5 - https:\/\/yoast.com\/product\/yoast-seo-wordpress\/ -->\n<title>Reducir la factura el\u00e9ctrica con ventiladores de techo | Gavri.es<\/title>\n<meta name=\"description\" content=\"\u00bfQuieres saber c\u00f3mo reducir la factura de la electricidad con ventiladores de techo? Pues s\u00ed, es posible. Y es muy f\u00e1cil. \u00a1Lee ahora!\" \/>\n<meta name=\"robots\" content=\"index, follow, max-snippet:-1, max-image-preview:large, max-video-preview:-1\" \/>\n<link rel=\"canonical\" href=\"https:\/\/gavri-src.addisnetwork.es\/blog\/como-reducir-tu-factura-de-electricidad-con-ventiladores-de-techo-eficientes.html\" \/>\n<meta property=\"og:locale\" content=\"es_ES\" \/>\n<meta property=\"og:type\" content=\"article\" \/>\n<meta property=\"og:title\" content=\"Los mejores consejos para ahorrar electricidad con ventiladores de techo\" \/>\n<meta property=\"og:description\" content=\"Es posible s\u00ed. \u00bfQuieres saber c\u00f3mo hacerlo? Pues es muy sencillo. Desc\u00fabrelo ahora. Lee.\" \/>\n<meta property=\"og:url\" content=\"https:\/\/gavri-src.addisnetwork.es\/blog\/como-reducir-tu-factura-de-electricidad-con-ventiladores-de-techo-eficientes.html\" \/>\n<meta property=\"og:site_name\" content=\"Blog de Gavri.es\" \/>\n<meta property=\"article:published_time\" content=\"2024-08-16T09:00:00+00:00\" \/>\n<meta property=\"og:image\" content=\"https:\/\/gavri-src.addisnetwork.es\/blog\/wp-content\/uploads\/2024\/07\/Ahorro-de-energia-con-ventiladores-de-techo.png\" \/>\n\t<meta property=\"og:image:width\" content=\"1200\" \/>\n\t<meta property=\"og:image:height\" content=\"740\" \/>\n\t<meta property=\"og:image:type\" content=\"image\/png\" \/>\n<meta name=\"author\" content=\"David Pesquer Morgadanes\" \/>\n<meta name=\"twitter:card\" content=\"summary_large_image\" \/>\n<meta name=\"twitter:label1\" content=\"Escrito por\" \/>\n\t<meta name=\"twitter:data1\" content=\"David Pesquer Morgadanes\" \/>\n\t<meta name=\"twitter:label2\" content=\"Tiempo de lectura\" \/>\n\t<meta name=\"twitter:data2\" content=\"4 minutos\" \/>\n<script type=\"application\/ld+json\" class=\"yoast-schema-graph\">{\"@context\":\"https:\\\/\\\/schema.org\",\"@graph\":[{\"@type\":\"Article\",\"@id\":\"https:\\\/\\\/gavri-src.addisnetwork.es\\\/blog\\\/como-reducir-tu-factura-de-electricidad-con-ventiladores-de-techo-eficientes.html#article\",\"isPartOf\":{\"@id\":\"https:\\\/\\\/gavri-src.addisnetwork.es\\\/blog\\\/como-reducir-tu-factura-de-electricidad-con-ventiladores-de-techo-eficientes.html\"},\"author\":{\"name\":\"David Pesquer Morgadanes\",\"@id\":\"https:\\\/\\\/gavri-src.addisnetwork.es\\\/blog\\\/#\\\/schema\\\/person\\\/203269397f8e8ab2f6fe3edc5e623fcf\"},\"headline\":\"C\u00f3mo Reducir tu Factura de Electricidad con Ventiladores de Techo Eficientes\",\"datePublished\":\"2024-08-16T09:00:00+00:00\",\"mainEntityOfPage\":{\"@id\":\"https:\\\/\\\/gavri-src.addisnetwork.es\\\/blog\\\/como-reducir-tu-factura-de-electricidad-con-ventiladores-de-techo-eficientes.html\"},\"wordCount\":790,\"commentCount\":0,\"publisher\":{\"@id\":\"https:\\\/\\\/gavri-src.addisnetwork.es\\\/blog\\\/#organization\"},\"image\":{\"@id\":\"https:\\\/\\\/gavri-src.addisnetwork.es\\\/blog\\\/como-reducir-tu-factura-de-electricidad-con-ventiladores-de-techo-eficientes.html#primaryimage\"},\"thumbnailUrl\":\"https:\\\/\\\/gavri-src.addisnetwork.es\\\/blog\\\/wp-content\\\/uploads\\\/2024\\\/07\\\/Ahorro-de-energia-con-ventiladores-de-techo.png\",\"keywords\":[\"ahorro energ\u00eda\",\"hogar\",\"ventilacion\",\"ventiladores de techo\"],\"articleSection\":[\"Ventiladores de techo\"],\"inLanguage\":\"es\",\"potentialAction\":[{\"@type\":\"CommentAction\",\"name\":\"Comment\",\"target\":[\"https:\\\/\\\/gavri-src.addisnetwork.es\\\/blog\\\/como-reducir-tu-factura-de-electricidad-con-ventiladores-de-techo-eficientes.html#respond\"]}]},{\"@type\":\"WebPage\",\"@id\":\"https:\\\/\\\/gavri-src.addisnetwork.es\\\/blog\\\/como-reducir-tu-factura-de-electricidad-con-ventiladores-de-techo-eficientes.html\",\"url\":\"https:\\\/\\\/gavri-src.addisnetwork.es\\\/blog\\\/como-reducir-tu-factura-de-electricidad-con-ventiladores-de-techo-eficientes.html\",\"name\":\"Reducir la factura el\u00e9ctrica con ventiladores de techo | Gavri.es\",\"isPartOf\":{\"@id\":\"https:\\\/\\\/gavri-src.addisnetwork.es\\\/blog\\\/#website\"},\"primaryImageOfPage\":{\"@id\":\"https:\\\/\\\/gavri-src.addisnetwork.es\\\/blog\\\/como-reducir-tu-factura-de-electricidad-con-ventiladores-de-techo-eficientes.html#primaryimage\"},\"image\":{\"@id\":\"https:\\\/\\\/gavri-src.addisnetwork.es\\\/blog\\\/como-reducir-tu-factura-de-electricidad-con-ventiladores-de-techo-eficientes.html#primaryimage\"},\"thumbnailUrl\":\"https:\\\/\\\/gavri-src.addisnetwork.es\\\/blog\\\/wp-content\\\/uploads\\\/2024\\\/07\\\/Ahorro-de-energia-con-ventiladores-de-techo.png\",\"datePublished\":\"2024-08-16T09:00:00+00:00\",\"description\":\"\u00bfQuieres saber c\u00f3mo reducir la factura de la electricidad con ventiladores de techo? Pues s\u00ed, es posible. Y es muy f\u00e1cil. \u00a1Lee ahora!\",\"breadcrumb\":{\"@id\":\"https:\\\/\\\/gavri-src.addisnetwork.es\\\/blog\\\/como-reducir-tu-factura-de-electricidad-con-ventiladores-de-techo-eficientes.html#breadcrumb\"},\"inLanguage\":\"es\",\"potentialAction\":[{\"@type\":\"ReadAction\",\"target\":[\"https:\\\/\\\/gavri-src.addisnetwork.es\\\/blog\\\/como-reducir-tu-factura-de-electricidad-con-ventiladores-de-techo-eficientes.html\"]}]},{\"@type\":\"ImageObject\",\"inLanguage\":\"es\",\"@id\":\"https:\\\/\\\/gavri-src.addisnetwork.es\\\/blog\\\/como-reducir-tu-factura-de-electricidad-con-ventiladores-de-techo-eficientes.html#primaryimage\",\"url\":\"https:\\\/\\\/gavri-src.addisnetwork.es\\\/blog\\\/wp-content\\\/uploads\\\/2024\\\/07\\\/Ahorro-de-energia-con-ventiladores-de-techo.png\",\"contentUrl\":\"https:\\\/\\\/gavri-src.addisnetwork.es\\\/blog\\\/wp-content\\\/uploads\\\/2024\\\/07\\\/Ahorro-de-energia-con-ventiladores-de-techo.png\",\"width\":1200,\"height\":740,\"caption\":\"ahorro de factura de la luz con ventiladores de techo\"},{\"@type\":\"BreadcrumbList\",\"@id\":\"https:\\\/\\\/gavri-src.addisnetwork.es\\\/blog\\\/como-reducir-tu-factura-de-electricidad-con-ventiladores-de-techo-eficientes.html#breadcrumb\",\"itemListElement\":[{\"@type\":\"ListItem\",\"position\":1,\"name\":\"Portada\",\"item\":\"https:\\\/\\\/gavri-src.addisnetwork.es\\\/blog\"},{\"@type\":\"ListItem\",\"position\":2,\"name\":\"C\u00f3mo Reducir tu Factura de Electricidad con Ventiladores de Techo Eficientes\"}]},{\"@type\":\"WebSite\",\"@id\":\"https:\\\/\\\/gavri-src.addisnetwork.es\\\/blog\\\/#website\",\"url\":\"https:\\\/\\\/gavri-src.addisnetwork.es\\\/blog\\\/\",\"name\":\"Blog de Gavri.es\",\"description\":\"Blog de Gavri.es\",\"publisher\":{\"@id\":\"https:\\\/\\\/gavri-src.addisnetwork.es\\\/blog\\\/#organization\"},\"potentialAction\":[{\"@type\":\"SearchAction\",\"target\":{\"@type\":\"EntryPoint\",\"urlTemplate\":\"https:\\\/\\\/gavri-src.addisnetwork.es\\\/blog\\\/?s={search_term_string}\"},\"query-input\":{\"@type\":\"PropertyValueSpecification\",\"valueRequired\":true,\"valueName\":\"search_term_string\"}}],\"inLanguage\":\"es\"},{\"@type\":\"Organization\",\"@id\":\"https:\\\/\\\/gavri-src.addisnetwork.es\\\/blog\\\/#organization\",\"name\":\"Blog de Gavri.es\",\"url\":\"https:\\\/\\\/gavri-src.addisnetwork.es\\\/blog\\\/\",\"logo\":{\"@type\":\"ImageObject\",\"inLanguage\":\"es\",\"@id\":\"https:\\\/\\\/gavri-src.addisnetwork.es\\\/blog\\\/#\\\/schema\\\/logo\\\/image\\\/\",\"url\":\"https:\\\/\\\/gavri-src.addisnetwork.es\\\/blog\\\/wp-content\\\/uploads\\\/2021\\\/01\\\/cropped-LOGO-gavries-blog-1.png\",\"contentUrl\":\"https:\\\/\\\/gavri-src.addisnetwork.es\\\/blog\\\/wp-content\\\/uploads\\\/2021\\\/01\\\/cropped-LOGO-gavries-blog-1.png\",\"width\":520,\"height\":104,\"caption\":\"Blog de Gavri.es\"},\"image\":{\"@id\":\"https:\\\/\\\/gavri-src.addisnetwork.es\\\/blog\\\/#\\\/schema\\\/logo\\\/image\\\/\"}},{\"@type\":\"Person\",\"@id\":\"https:\\\/\\\/gavri-src.addisnetwork.es\\\/blog\\\/#\\\/schema\\\/person\\\/203269397f8e8ab2f6fe3edc5e623fcf\",\"name\":\"David Pesquer Morgadanes\",\"image\":{\"@type\":\"ImageObject\",\"inLanguage\":\"es\",\"@id\":\"https:\\\/\\\/secure.gravatar.com\\\/avatar\\\/e3e68089201f2a6dc0ddee931fcd69093f0aa9b360e73d4ac77353e6a01f3aed?s=96&d=mm&r=g\",\"url\":\"https:\\\/\\\/secure.gravatar.com\\\/avatar\\\/e3e68089201f2a6dc0ddee931fcd69093f0aa9b360e73d4ac77353e6a01f3aed?s=96&d=mm&r=g\",\"contentUrl\":\"https:\\\/\\\/secure.gravatar.com\\\/avatar\\\/e3e68089201f2a6dc0ddee931fcd69093f0aa9b360e73d4ac77353e6a01f3aed?s=96&d=mm&r=g\",\"caption\":\"David Pesquer Morgadanes\"},\"description\":\"Especialista en climatizaci\u00f3n, ventiladores de techo, deshumidificadores y purificadores de aire. Licenciado en Marketing y comunicaci\u00f3n digital por la EAE Business School (Universidad Polit\u00e9cnica de Barcelona) y con un master oficial en Direcci\u00f3n de Marketing digital y gesti\u00f3n comercial por la Universidad Internacional de Valencia (VIU).\",\"sameAs\":[\"http:\\\/\\\/gavri.es\"]}]}<\/script>\n<!-- \/ Yoast SEO plugin. -->","yoast_head_json":{"title":"Reducir la factura el\u00e9ctrica con ventiladores de techo | Gavri.es","description":"\u00bfQuieres saber c\u00f3mo reducir la factura de la electricidad con ventiladores de techo? Pues s\u00ed, es posible. Y es muy f\u00e1cil. \u00a1Lee ahora!","robots":{"index":"index","follow":"follow","max-snippet":"max-snippet:-1","max-image-preview":"max-image-preview:large","max-video-preview":"max-video-preview:-1"},"canonical":"https:\/\/gavri-src.addisnetwork.es\/blog\/como-reducir-tu-factura-de-electricidad-con-ventiladores-de-techo-eficientes.html","og_locale":"es_ES","og_type":"article","og_title":"Los mejores consejos para ahorrar electricidad con ventiladores de techo","og_description":"Es posible s\u00ed. \u00bfQuieres saber c\u00f3mo hacerlo? Pues es muy sencillo. Desc\u00fabrelo ahora. Lee.","og_url":"https:\/\/gavri-src.addisnetwork.es\/blog\/como-reducir-tu-factura-de-electricidad-con-ventiladores-de-techo-eficientes.html","og_site_name":"Blog de Gavri.es","article_published_time":"2024-08-16T09:00:00+00:00","og_image":[{"width":1200,"height":740,"url":"https:\/\/gavri-src.addisnetwork.es\/blog\/wp-content\/uploads\/2024\/07\/Ahorro-de-energia-con-ventiladores-de-techo.png","type":"image\/png"}],"author":"David Pesquer Morgadanes","twitter_card":"summary_large_image","twitter_misc":{"Escrito por":"David Pesquer Morgadanes","Tiempo de lectura":"4 minutos"},"schema":{"@context":"https:\/\/schema.org","@graph":[{"@type":"Article","@id":"https:\/\/gavri-src.addisnetwork.es\/blog\/como-reducir-tu-factura-de-electricidad-con-ventiladores-de-techo-eficientes.html#article","isPartOf":{"@id":"https:\/\/gavri-src.addisnetwork.es\/blog\/como-reducir-tu-factura-de-electricidad-con-ventiladores-de-techo-eficientes.html"},"author":{"name":"David Pesquer Morgadanes","@id":"https:\/\/gavri-src.addisnetwork.es\/blog\/#\/schema\/person\/203269397f8e8ab2f6fe3edc5e623fcf"},"headline":"C\u00f3mo Reducir tu Factura de Electricidad con Ventiladores de Techo Eficientes","datePublished":"2024-08-16T09:00:00+00:00","mainEntityOfPage":{"@id":"https:\/\/gavri-src.addisnetwork.es\/blog\/como-reducir-tu-factura-de-electricidad-con-ventiladores-de-techo-eficientes.html"},"wordCount":790,"commentCount":0,"publisher":{"@id":"https:\/\/gavri-src.addisnetwork.es\/blog\/#organization"},"image":{"@id":"https:\/\/gavri-src.addisnetwork.es\/blog\/como-reducir-tu-factura-de-electricidad-con-ventiladores-de-techo-eficientes.html#primaryimage"},"thumbnailUrl":"https:\/\/gavri-src.addisnetwork.es\/blog\/wp-content\/uploads\/2024\/07\/Ahorro-de-energia-con-ventiladores-de-techo.png","keywords":["ahorro energ\u00eda","hogar","ventilacion","ventiladores de techo"],"articleSection":["Ventiladores de techo"],"inLanguage":"es","potentialAction":[{"@type":"CommentAction","name":"Comment","target":["https:\/\/gavri-src.addisnetwork.es\/blog\/como-reducir-tu-factura-de-electricidad-con-ventiladores-de-techo-eficientes.html#respond"]}]},{"@type":"WebPage","@id":"https:\/\/gavri-src.addisnetwork.es\/blog\/como-reducir-tu-factura-de-electricidad-con-ventiladores-de-techo-eficientes.html","url":"https:\/\/gavri-src.addisnetwork.es\/blog\/como-reducir-tu-factura-de-electricidad-con-ventiladores-de-techo-eficientes.html","name":"Reducir la factura el\u00e9ctrica con ventiladores de techo | Gavri.es","isPartOf":{"@id":"https:\/\/gavri-src.addisnetwork.es\/blog\/#website"},"primaryImageOfPage":{"@id":"https:\/\/gavri-src.addisnetwork.es\/blog\/como-reducir-tu-factura-de-electricidad-con-ventiladores-de-techo-eficientes.html#primaryimage"},"image":{"@id":"https:\/\/gavri-src.addisnetwork.es\/blog\/como-reducir-tu-factura-de-electricidad-con-ventiladores-de-techo-eficientes.html#primaryimage"},"thumbnailUrl":"https:\/\/gavri-src.addisnetwork.es\/blog\/wp-content\/uploads\/2024\/07\/Ahorro-de-energia-con-ventiladores-de-techo.png","datePublished":"2024-08-16T09:00:00+00:00","description":"\u00bfQuieres saber c\u00f3mo reducir la factura de la electricidad con ventiladores de techo? Pues s\u00ed, es posible. Y es muy f\u00e1cil. \u00a1Lee ahora!","breadcrumb":{"@id":"https:\/\/gavri-src.addisnetwork.es\/blog\/como-reducir-tu-factura-de-electricidad-con-ventiladores-de-techo-eficientes.html#breadcrumb"},"inLanguage":"es","potentialAction":[{"@type":"ReadAction","target":["https:\/\/gavri-src.addisnetwork.es\/blog\/como-reducir-tu-factura-de-electricidad-con-ventiladores-de-techo-eficientes.html"]}]},{"@type":"ImageObject","inLanguage":"es","@id":"https:\/\/gavri-src.addisnetwork.es\/blog\/como-reducir-tu-factura-de-electricidad-con-ventiladores-de-techo-eficientes.html#primaryimage","url":"https:\/\/gavri-src.addisnetwork.es\/blog\/wp-content\/uploads\/2024\/07\/Ahorro-de-energia-con-ventiladores-de-techo.png","contentUrl":"https:\/\/gavri-src.addisnetwork.es\/blog\/wp-content\/uploads\/2024\/07\/Ahorro-de-energia-con-ventiladores-de-techo.png","width":1200,"height":740,"caption":"ahorro de factura de la luz con ventiladores de techo"},{"@type":"BreadcrumbList","@id":"https:\/\/gavri-src.addisnetwork.es\/blog\/como-reducir-tu-factura-de-electricidad-con-ventiladores-de-techo-eficientes.html#breadcrumb","itemListElement":[{"@type":"ListItem","position":1,"name":"Portada","item":"https:\/\/gavri-src.addisnetwork.es\/blog"},{"@type":"ListItem","position":2,"name":"C\u00f3mo Reducir tu Factura de Electricidad con Ventiladores de Techo Eficientes"}]},{"@type":"WebSite","@id":"https:\/\/gavri-src.addisnetwork.es\/blog\/#website","url":"https:\/\/gavri-src.addisnetwork.es\/blog\/","name":"Blog de Gavri.es","description":"Blog de Gavri.es","publisher":{"@id":"https:\/\/gavri-src.addisnetwork.es\/blog\/#organization"},"potentialAction":[{"@type":"SearchAction","target":{"@type":"EntryPoint","urlTemplate":"https:\/\/gavri-src.addisnetwork.es\/blog\/?s={search_term_string}"},"query-input":{"@type":"PropertyValueSpecification","valueRequired":true,"valueName":"search_term_string"}}],"inLanguage":"es"},{"@type":"Organization","@id":"https:\/\/gavri-src.addisnetwork.es\/blog\/#organization","name":"Blog de Gavri.es","url":"https:\/\/gavri-src.addisnetwork.es\/blog\/","logo":{"@type":"ImageObject","inLanguage":"es","@id":"https:\/\/gavri-src.addisnetwork.es\/blog\/#\/schema\/logo\/image\/","url":"https:\/\/gavri-src.addisnetwork.es\/blog\/wp-content\/uploads\/2021\/01\/cropped-LOGO-gavries-blog-1.png","contentUrl":"https:\/\/gavri-src.addisnetwork.es\/blog\/wp-content\/uploads\/2021\/01\/cropped-LOGO-gavries-blog-1.png","width":520,"height":104,"caption":"Blog de Gavri.es"},"image":{"@id":"https:\/\/gavri-src.addisnetwork.es\/blog\/#\/schema\/logo\/image\/"}},{"@type":"Person","@id":"https:\/\/gavri-src.addisnetwork.es\/blog\/#\/schema\/person\/203269397f8e8ab2f6fe3edc5e623fcf","name":"David Pesquer Morgadanes","image":{"@type":"ImageObject","inLanguage":"es","@id":"https:\/\/secure.gravatar.com\/avatar\/e3e68089201f2a6dc0ddee931fcd69093f0aa9b360e73d4ac77353e6a01f3aed?s=96&d=mm&r=g","url":"https:\/\/secure.gravatar.com\/avatar\/e3e68089201f2a6dc0ddee931fcd69093f0aa9b360e73d4ac77353e6a01f3aed?s=96&d=mm&r=g","contentUrl":"https:\/\/secure.gravatar.com\/avatar\/e3e68089201f2a6dc0ddee931fcd69093f0aa9b360e73d4ac77353e6a01f3aed?s=96&d=mm&r=g","caption":"David Pesquer Morgadanes"},"description":"Especialista en climatizaci\u00f3n, ventiladores de techo, deshumidificadores y purificadores de aire. Licenciado en Marketing y comunicaci\u00f3n digital por la EAE Business School (Universidad Polit\u00e9cnica de Barcelona) y con un master oficial en Direcci\u00f3n de Marketing digital y gesti\u00f3n comercial por la Universidad Internacional de Valencia (VIU).","sameAs":["http:\/\/gavri.es"]}]}},"_links":{"self":[{"href":"https:\/\/gavri-src.addisnetwork.es\/blog\/wp-json\/wp\/v2\/posts\/1160","targetHints":{"allow":["GET"]}}],"collection":[{"href":"https:\/\/gavri-src.addisnetwork.es\/blog\/wp-json\/wp\/v2\/posts"}],"about":[{"href":"https:\/\/gavri-src.addisnetwork.es\/blog\/wp-json\/wp\/v2\/types\/post"}],"author":[{"embeddable":true,"href":"https:\/\/gavri-src.addisnetwork.es\/blog\/wp-json\/wp\/v2\/users\/3"}],"replies":[{"embeddable":true,"href":"https:\/\/gavri-src.addisnetwork.es\/blog\/wp-json\/wp\/v2\/comments?post=1160"}],"version-history":[{"count":1,"href":"https:\/\/gavri-src.addisnetwork.es\/blog\/wp-json\/wp\/v2\/posts\/1160\/revisions"}],"predecessor-version":[{"id":1162,"href":"https:\/\/gavri-src.addisnetwork.es\/blog\/wp-json\/wp\/v2\/posts\/1160\/revisions\/1162"}],"wp:featuredmedia":[{"embeddable":true,"href":"https:\/\/gavri-src.addisnetwork.es\/blog\/wp-json\/wp\/v2\/media\/1161"}],"wp:attachment":[{"href":"https:\/\/gavri-src.addisnetwork.es\/blog\/wp-json\/wp\/v2\/media?parent=1160"}],"wp:term":[{"taxonomy":"category","embeddable":true,"href":"https:\/\/gavri-src.addisnetwork.es\/blog\/wp-json\/wp\/v2\/categories?post=1160"},{"taxonomy":"post_tag","embeddable":true,"href":"https:\/\/gavri-src.addisnetwork.es\/blog\/wp-json\/wp\/v2\/tags?post=1160"}],"curies":[{"name":"wp","href":"https:\/\/api.w.org\/{rel}","templated":true}]}}