{"id":1191,"date":"2025-02-26T15:34:18","date_gmt":"2025-02-26T15:34:18","guid":{"rendered":"https:\/\/gavri.es\/blog\/?p=1191"},"modified":"2025-04-02T13:26:38","modified_gmt":"2025-04-02T13:26:38","slug":"ventiladores-de-techo-para-exteriores-los-mejores-modelos-para-terrazas-y-jardines","status":"publish","type":"post","link":"https:\/\/gavri-src.addisnetwork.es\/blog\/ventiladores-de-techo-para-exteriores-los-mejores-modelos-para-terrazas-y-jardines.html","title":{"rendered":"Ventiladores de techo para exteriores: los mejores modelos para terrazas y jardines"},"content":{"rendered":"\n<p>Autor:&nbsp;<a href=\"https:\/\/ventiladordetechoinfo.com\/author\/david-pesquer\/\">David Pesquer<\/a><\/p>\n\n\n\n<p>Miembro del Equipo de&nbsp;<a href=\"http:\/\/gavri.es\/\">Gavri.es<\/a><\/p>\n\n\n\n<p>Los <strong>ventiladores de techo para exteriores<\/strong> son la mejor soluci\u00f3n para mantener una ventilaci\u00f3n \u00f3ptima en terrazas, porches y jardines. Gracias a su resistencia a la humedad y sus motores de bajo consumo, permiten disfrutar de un ambiente fresco sin necesidad de recurrir al aire acondicionado. En este art\u00edculo, analizaremos los mejores modelos para exteriores y destacaremos la \u00faltima novedad de <a href=\"https:\/\/gavri.es\/fabricantes\/casafan\">Casafan<\/a>: <strong>ECO Ventos<\/strong>, que ofrece dos versiones con aspas de <strong>102 cm y 132 cm<\/strong>.<\/p>\n\n\n\n<h2 class=\"wp-block-heading\">\u00bfPor qu\u00e9 elegir un ventilador de techo para exteriores?<\/h2>\n\n\n\n<p>Los ventiladores de techo dise\u00f1ados para exteriores tienen caracter\u00edsticas espec\u00edficas que los hacen resistentes a la humedad y al polvo. Entre sus ventajas destacan:<\/p>\n\n\n\n<ul class=\"wp-block-list\">\n<li><strong>Eficiencia energ\u00e9tica<\/strong>: Motores de bajo consumo que reducen el gasto el\u00e9ctrico.<\/li>\n\n\n\n<li><strong>Mayor durabilidad<\/strong>: Dise\u00f1ados para soportar condiciones clim\u00e1ticas adversas.<\/li>\n\n\n\n<li><strong>Confort t\u00e9rmico<\/strong>: Mantienen el flujo de aire en zonas al aire libre, evitando el calor acumulado.<\/li>\n\n\n\n<li><strong>Opciones con luz<\/strong>: Algunos modelos permiten la instalaci\u00f3n de una l\u00e1mpara para iluminaci\u00f3n extra.<\/li>\n<\/ul>\n\n\n\n<h2 class=\"wp-block-heading\">Nueva gama ECO Ventos: dise\u00f1o, eficiencia y tecnolog\u00eda avanzada<\/h2>\n\n\n\n<p>La nueva serie de ventiladores de techo para exteriores <strong>ECO Ventos IP44<\/strong> es una de las opciones m\u00e1s completas del mercado. Su motor de <strong>bajo consumo DC\/EC<\/strong> ofrece un rendimiento eficiente con un consumo m\u00ednimo de <strong>1,2 W<\/strong> y un m\u00e1ximo de <strong>26 W<\/strong> en su versi\u00f3n m\u00e1s potente. Disponible en <strong>dos tama\u00f1os<\/strong> (102 cm y 132 cm), este ventilador se adapta tanto a espacios peque\u00f1os como a terrazas m\u00e1s amplias.<\/p>\n\n\n\n<h3 class=\"wp-block-heading\">Caracter\u00edsticas principales de ECO Ventos:<\/h3>\n\n\n\n<ul class=\"wp-block-list\">\n<li><strong>Disponible en dos tama\u00f1os<\/strong>: \u00d8 <strong>102 cm<\/strong> (habitaciones hasta 13 m\u00b2) y \u00d8 <strong>132 cm<\/strong> (habitaciones hasta 25 m\u00b2).<\/li>\n\n\n\n<li><strong>Potencia del motor<\/strong>: 18 W en el modelo de 102 cm y 26 W en el de 132 cm.<\/li>\n\n\n\n<li><strong>Colores<\/strong>: Bronce, blanco y gris basalto.<\/li>\n\n\n\n<li><strong>Control avanzado<\/strong>: Mando a distancia por radio con <strong>6 velocidades, temporizador, regulaci\u00f3n de luz y funci\u00f3n verano\/invierno<\/strong>.<\/li>\n\n\n\n<li><strong>Apto para techos inclinados<\/strong> de hasta <strong>23\u00b0<\/strong>.<\/li>\n\n\n\n<li><strong>Funci\u00f3n de c\u00e1mara lenta (slow motion)<\/strong> para una brisa suave y constante.<\/li>\n\n\n\n<li><strong>Compatible con WIFI<\/strong> para un control inteligente desde el m\u00f3vil.<\/li>\n<\/ul>\n\n\n<div class=\"wp-block-image\">\n<figure class=\"aligncenter size-full\"><a href=\"https:\/\/gavri.es\/ventiladores-de-techo\/ventilador-de-techo-413263-eco-ventos-ip44-132-blanco-con-wifi\"><img loading=\"lazy\" decoding=\"async\" width=\"633\" height=\"274\" src=\"https:\/\/gavri.es\/blog\/wp-content\/uploads\/2025\/02\/ventilador-de-techo-413263-eco-ventos-ip44-132-blanco-con-wifi-1-1.jpg\" alt=\"\" class=\"wp-image-1198\" srcset=\"https:\/\/gavri-src.addisnetwork.es\/blog\/wp-content\/uploads\/2025\/02\/ventilador-de-techo-413263-eco-ventos-ip44-132-blanco-con-wifi-1-1.jpg 633w, https:\/\/gavri-src.addisnetwork.es\/blog\/wp-content\/uploads\/2025\/02\/ventilador-de-techo-413263-eco-ventos-ip44-132-blanco-con-wifi-1-1-300x130.jpg 300w\" sizes=\"auto, (max-width: 633px) 100vw, 633px\" \/><\/a><\/figure>\n<\/div>\n\n\n<h3 class=\"wp-block-heading\">Comparativa de los dos modelos ECO Ventos<\/h3>\n\n\n\n<figure class=\"wp-block-table\"><table class=\"has-fixed-layout\"><tbody><tr><th>Caracter\u00edstica<\/th><th><strong>ECO Ventos 102 cm<\/strong><\/th><th><strong>ECO Ventos 132 cm<\/strong><\/th><\/tr><tr><td><strong>Di\u00e1metro de aspas<\/strong><\/td><td>102 cm<\/td><td>132 cm<\/td><\/tr><tr><td><strong>Tama\u00f1o recomendado de habitaci\u00f3n<\/strong><\/td><td>Hasta 13 m\u00b2<\/td><td>Hasta 25 m\u00b2<\/td><\/tr><tr><td><strong>Potencia m\u00e1xima del motor<\/strong><\/td><td>18 W<\/td><td>26 W<\/td><\/tr><tr><td><strong>Colores disponibles<\/strong><\/td><td>Bronce, blanco, gris basalto<\/td><td>Bronce, blanco, gris basalto<\/td><\/tr><tr><td><strong>Apto para techos inclinados<\/strong><\/td><td>S\u00ed, hasta 23\u00b0<\/td><td>S\u00ed, hasta 23\u00b0<\/td><\/tr><tr><td><strong>Control remoto y WIFI<\/strong><\/td><td>S\u00ed<\/td><td>S\u00ed<\/td><\/tr><\/tbody><\/table><\/figure>\n\n\n\n<h4 class=\"wp-block-heading\">Modelos disponibles de ECO Ventos:<\/h4>\n\n\n\n<ul class=\"wp-block-list\">\n<li><strong>\u00d8 132 cm:<\/strong>\n<ul class=\"wp-block-list\">\n<li><a href=\"https:\/\/gavri.es\/ventiladores-de-techo\/ventilador-de-techo-413260-eco-ventos-ip44-132-bronce-con-wifi\">Eco Ventos IP44 132 Bronce con WIFI<\/a><\/li>\n\n\n\n<li><a href=\"https:\/\/gavri.es\/ventiladores-de-techo\/ventilador-de-techo-413263-eco-ventos-ip44-132-blanco-con-wifi\">Eco Ventos IP44 132 Blanco con WIFI<\/a><\/li>\n\n\n\n<li><a href=\"https:\/\/gavri.es\/ventiladores-de-techo\/ventilador-de-techo-413261-eco-ventos-ip44-132-gris-basalto-con-wifi\">Eco Ventos IP44 132 Gris Basalto con WIFI<\/a><\/li>\n<\/ul>\n<\/li>\n\n\n\n<li><strong>\u00d8 102 cm:<\/strong>\n<ul class=\"wp-block-list\">\n<li><a href=\"https:\/\/gavri.es\/ventiladores-de-techo\/ventilador-de-techo-410260-eco-ventos-ip44-102-bronce-con-wifi\">Eco Ventos IP44 102 Bronce con WIFI<\/a><\/li>\n\n\n\n<li><a href=\"https:\/\/gavri.es\/ventiladores-de-techo\/ventilador-de-techo-410263-eco-ventos-ip44-102-blanco-con-wifi\">Eco Ventos IP44 102 Blanco con WIFI<\/a><\/li>\n\n\n\n<li><a href=\"https:\/\/gavri.es\/ventilador-de-techo-para-exteriores\/ventilador-de-techo-410261-eco-ventos-ip44-102-gris-basalto-con-wifi\">Eco Ventos IP44 102 Gris Basalto con WIFI<\/a><\/li>\n<\/ul>\n<\/li>\n<\/ul>\n\n\n\n<h2 class=\"wp-block-heading\">Gama Outdoor Classic de CasaFan: ventiladores de exterior resistentes y funcionales<\/h2>\n\n\n\n<p>Otra excelente opci\u00f3n para terrazas y jardines es la <strong>serie Outdoor Classic de CasaFan<\/strong>. Estos ventiladores cuentan con una construcci\u00f3n robusta y un dise\u00f1o elegante que los hace ideales para espacios al aire libre.<\/p>\n\n\n\n<h3 class=\"wp-block-heading\">Modelos destacados de la gama Outdoor Classic:<\/h3>\n\n\n\n<figure class=\"wp-block-gallery has-nested-images columns-default is-cropped wp-block-gallery-1 is-layout-flex wp-block-gallery-is-layout-flex\">\n<figure class=\"wp-block-image size-large\"><a href=\"https:\/\/gavri.es\/inicio\/ventilador-de-techo-outdoor-classic-bz-pr\"><img loading=\"lazy\" decoding=\"async\" width=\"632\" height=\"306\" data-id=\"1199\" src=\"https:\/\/gavri.es\/blog\/wp-content\/uploads\/2025\/02\/ventilador-de-techo-outdoor-classic-bz-pr-1.jpg\" alt=\"\" class=\"wp-image-1199\" srcset=\"https:\/\/gavri-src.addisnetwork.es\/blog\/wp-content\/uploads\/2025\/02\/ventilador-de-techo-outdoor-classic-bz-pr-1.jpg 632w, https:\/\/gavri-src.addisnetwork.es\/blog\/wp-content\/uploads\/2025\/02\/ventilador-de-techo-outdoor-classic-bz-pr-1-300x145.jpg 300w\" sizes=\"auto, (max-width: 632px) 100vw, 632px\" \/><\/a><\/figure>\n\n\n\n<figure class=\"wp-block-image size-large\"><a href=\"https:\/\/gavri.es\/inicio\/ventilador-de-techo-outdoor-classic-we-ew\"><img loading=\"lazy\" decoding=\"async\" width=\"633\" height=\"264\" data-id=\"1200\" src=\"https:\/\/gavri.es\/blog\/wp-content\/uploads\/2025\/02\/ventilador-de-techo-outdoor-classic-we-ew-1.jpg\" alt=\"\" class=\"wp-image-1200\" srcset=\"https:\/\/gavri-src.addisnetwork.es\/blog\/wp-content\/uploads\/2025\/02\/ventilador-de-techo-outdoor-classic-we-ew-1.jpg 633w, https:\/\/gavri-src.addisnetwork.es\/blog\/wp-content\/uploads\/2025\/02\/ventilador-de-techo-outdoor-classic-we-ew-1-300x125.jpg 300w\" sizes=\"auto, (max-width: 633px) 100vw, 633px\" \/><\/a><\/figure>\n\n\n\n<figure class=\"wp-block-image size-large\"><a href=\"https:\/\/gavri.es\/inicio\/ventilador-de-techo-outdoor-classic-bz-eb\"><img loading=\"lazy\" decoding=\"async\" width=\"632\" height=\"300\" data-id=\"1201\" src=\"https:\/\/gavri.es\/blog\/wp-content\/uploads\/2025\/02\/ventilador-de-techo-outdoor-classic-bz-eb-1.jpg\" alt=\"\" class=\"wp-image-1201\" srcset=\"https:\/\/gavri-src.addisnetwork.es\/blog\/wp-content\/uploads\/2025\/02\/ventilador-de-techo-outdoor-classic-bz-eb-1.jpg 632w, https:\/\/gavri-src.addisnetwork.es\/blog\/wp-content\/uploads\/2025\/02\/ventilador-de-techo-outdoor-classic-bz-eb-1-300x142.jpg 300w\" sizes=\"auto, (max-width: 632px) 100vw, 632px\" \/><\/a><\/figure>\n\n\n\n<figure class=\"wp-block-image size-large\"><a href=\"https:\/\/gavri.es\/inicio\/ventilador-de-techo-513293-outdoor-classic-132-we-ew\"><img loading=\"lazy\" decoding=\"async\" width=\"627\" height=\"297\" data-id=\"1202\" src=\"https:\/\/gavri.es\/blog\/wp-content\/uploads\/2025\/02\/ventilador-de-techo-513293-outdoor-classic-132-we-ew-1.jpg\" alt=\"\" class=\"wp-image-1202\" srcset=\"https:\/\/gavri-src.addisnetwork.es\/blog\/wp-content\/uploads\/2025\/02\/ventilador-de-techo-513293-outdoor-classic-132-we-ew-1.jpg 627w, https:\/\/gavri-src.addisnetwork.es\/blog\/wp-content\/uploads\/2025\/02\/ventilador-de-techo-513293-outdoor-classic-132-we-ew-1-300x142.jpg 300w\" sizes=\"auto, (max-width: 627px) 100vw, 627px\" \/><\/a><\/figure>\n\n\n\n<figure class=\"wp-block-image size-large\"><a href=\"https:\/\/gavri.es\/inicio\/ventilador-de-techo-513295-outdoor-classic-we-pr\"><img loading=\"lazy\" decoding=\"async\" width=\"633\" height=\"311\" data-id=\"1203\" src=\"https:\/\/gavri.es\/blog\/wp-content\/uploads\/2025\/02\/ventilador-de-techo-513295-outdoor-classic-we-pr-1.jpg\" alt=\"\" class=\"wp-image-1203\" srcset=\"https:\/\/gavri-src.addisnetwork.es\/blog\/wp-content\/uploads\/2025\/02\/ventilador-de-techo-513295-outdoor-classic-we-pr-1.jpg 633w, https:\/\/gavri-src.addisnetwork.es\/blog\/wp-content\/uploads\/2025\/02\/ventilador-de-techo-513295-outdoor-classic-we-pr-1-300x147.jpg 300w\" sizes=\"auto, (max-width: 633px) 100vw, 633px\" \/><\/a><\/figure>\n<\/figure>\n\n\n\n<ul class=\"wp-block-list\">\n<li><a href=\"https:\/\/gavri.es\/inicio\/ventilador-de-techo-outdoor-classic-we-ew\"><strong>Outdoor Classic WE-EW<\/strong><\/a><\/li>\n\n\n\n<li><a href=\"https:\/\/gavri.es\/inicio\/ventilador-de-techo-513293-outdoor-classic-132-we-ew\"><strong>Outdoor Classic 132 WE-EW<\/strong><\/a><\/li>\n\n\n\n<li><a href=\"https:\/\/gavri.es\/inicio\/ventilador-de-techo-outdoor-classic-bz-eb\"><strong>Outdoor Classic BZ-EB<\/strong><\/a><\/li>\n\n\n\n<li><a href=\"https:\/\/gavri.es\/inicio\/ventilador-de-techo-outdoor-classic-bz-pr\"><strong>Outdoor Classic BZ-PR<\/strong><\/a><\/li>\n\n\n\n<li><a href=\"https:\/\/gavri.es\/inicio\/ventilador-de-techo-513295-outdoor-classic-we-pr\"><strong>Outdoor Classic WE-PR<\/strong><\/a><\/li>\n<\/ul>\n\n\n\n<h3 class=\"wp-block-heading\">\u00bfCu\u00e1l es la mejor opci\u00f3n para tu espacio exterior?<\/h3>\n\n\n\n<ul class=\"wp-block-list\">\n<li>Si buscas <strong>tecnolog\u00eda avanzada<\/strong>, control remoto, WIFI y eficiencia energ\u00e9tica, los <strong>ECO Ventos IP44<\/strong> son la mejor elecci\u00f3n.<\/li>\n\n\n\n<li>Si prefieres un dise\u00f1o m\u00e1s cl\u00e1sico y robusto para exteriores sin tantas funciones digitales, los <strong>Outdoor Classic de CasaFan<\/strong> son una excelente alternativa.<\/li>\n<\/ul>\n\n\n\n<h2 class=\"wp-block-heading\">Conclusi\u00f3n<\/h2>\n\n\n\n<p>Elegir el <strong>ventilador de techo adecuado<\/strong> para exteriores depende del tama\u00f1o de la terraza o jard\u00edn, el consumo energ\u00e9tico y las funciones adicionales que se necesiten. Tanto la <strong>gama ECO Ventos<\/strong> como los modelos <strong>Outdoor Classic de CasaFan<\/strong> ofrecen soluciones eficientes, duraderas y est\u00e9ticas para cualquier espacio exterior.<\/p>\n\n\n\n<p>Si quieres m\u00e1s informaci\u00f3n o asesoramiento personalizado, visita nuestra web <a href=\"https:\/\/gavri.es\"><strong>Gavri.es<\/strong><\/a> y encuentra el modelo perfecto para tu hogar. \ud83c\udf2c\ufe0f<\/p>\n","protected":false},"excerpt":{"rendered":"<p>Autor:&nbsp;David Pesquer Miembro del Equipo de&nbsp;Gavri.es Los ventiladores de techo para exteriores son la mejor soluci\u00f3n para mantener una ventilaci\u00f3n \u00f3ptima en terrazas, porches y jardines. Gracias a su resistencia a la humedad y sus motores &#8230; <a title=\"Ventiladores de techo para exteriores: los mejores modelos para terrazas y jardines\" class=\"read-more\" href=\"https:\/\/gavri-src.addisnetwork.es\/blog\/ventiladores-de-techo-para-exteriores-los-mejores-modelos-para-terrazas-y-jardines.html\" aria-label=\"M\u00e1s en Ventiladores de techo para exteriores: los mejores modelos para terrazas y jardines\">Leer m\u00e1s<\/a><\/p>\n","protected":false},"author":3,"featured_media":0,"comment_status":"open","ping_status":"closed","sticky":true,"template":"","format":"standard","meta":{"footnotes":""},"categories":[24],"tags":[184,183,9],"class_list":["post-1191","post","type-post","status-publish","format-standard","hentry","category-ventiladores-de-techo","tag-jardin","tag-ventiladores-de-exterior","tag-ventiladores-de-techo","generate-columns","tablet-grid-50","mobile-grid-100","grid-parent","grid-50","no-featured-image-padding"],"yoast_head":"<!-- This site is optimized with the Yoast SEO plugin v27.5 - https:\/\/yoast.com\/product\/yoast-seo-wordpress\/ -->\n<title>Ventiladores para exteriores - Todo lo que necesitas saber - Gavri.es<\/title>\n<meta name=\"description\" content=\"Descubre los mejores ventiladores de techo para exteriores. \u00a1Compara los mejores modelos y elige el tuyo en Gavri.es!\" \/>\n<meta name=\"robots\" content=\"index, follow, max-snippet:-1, max-image-preview:large, max-video-preview:-1\" \/>\n<link rel=\"canonical\" href=\"https:\/\/gavri-src.addisnetwork.es\/blog\/ventiladores-de-techo-para-exteriores-los-mejores-modelos-para-terrazas-y-jardines.html\" \/>\n<meta property=\"og:locale\" content=\"es_ES\" \/>\n<meta property=\"og:type\" content=\"article\" \/>\n<meta property=\"og:title\" content=\"Ventiladores para exteriores - Todo lo que necesitas saber - Gavri.es\" \/>\n<meta property=\"og:description\" content=\"Descubre los mejores ventiladores de techo para exteriores. \u00a1Compara los mejores modelos y elige el tuyo en Gavri.es!\" \/>\n<meta property=\"og:url\" content=\"https:\/\/gavri-src.addisnetwork.es\/blog\/ventiladores-de-techo-para-exteriores-los-mejores-modelos-para-terrazas-y-jardines.html\" \/>\n<meta property=\"og:site_name\" content=\"Blog de Gavri.es\" \/>\n<meta property=\"article:published_time\" content=\"2025-02-26T15:34:18+00:00\" \/>\n<meta property=\"article:modified_time\" content=\"2025-04-02T13:26:38+00:00\" \/>\n<meta property=\"og:image\" content=\"https:\/\/gavri.es\/blog\/wp-content\/uploads\/2025\/02\/ventilador-de-techo-413263-eco-ventos-ip44-132-blanco-con-wifi-1-1.jpg\" \/>\n<meta name=\"author\" content=\"David Pesquer Morgadanes\" \/>\n<meta name=\"twitter:card\" content=\"summary_large_image\" \/>\n<meta name=\"twitter:label1\" content=\"Escrito por\" \/>\n\t<meta name=\"twitter:data1\" content=\"David Pesquer Morgadanes\" \/>\n\t<meta name=\"twitter:label2\" content=\"Tiempo de lectura\" \/>\n\t<meta name=\"twitter:data2\" content=\"5 minutos\" \/>\n<script type=\"application\/ld+json\" class=\"yoast-schema-graph\">{\"@context\":\"https:\\\/\\\/schema.org\",\"@graph\":[{\"@type\":\"Article\",\"@id\":\"https:\\\/\\\/gavri-src.addisnetwork.es\\\/blog\\\/ventiladores-de-techo-para-exteriores-los-mejores-modelos-para-terrazas-y-jardines.html#article\",\"isPartOf\":{\"@id\":\"https:\\\/\\\/gavri-src.addisnetwork.es\\\/blog\\\/ventiladores-de-techo-para-exteriores-los-mejores-modelos-para-terrazas-y-jardines.html\"},\"author\":{\"name\":\"David Pesquer Morgadanes\",\"@id\":\"https:\\\/\\\/gavri-src.addisnetwork.es\\\/blog\\\/#\\\/schema\\\/person\\\/203269397f8e8ab2f6fe3edc5e623fcf\"},\"headline\":\"Ventiladores de techo para exteriores: los mejores modelos para terrazas y jardines\",\"datePublished\":\"2025-02-26T15:34:18+00:00\",\"dateModified\":\"2025-04-02T13:26:38+00:00\",\"mainEntityOfPage\":{\"@id\":\"https:\\\/\\\/gavri-src.addisnetwork.es\\\/blog\\\/ventiladores-de-techo-para-exteriores-los-mejores-modelos-para-terrazas-y-jardines.html\"},\"wordCount\":682,\"commentCount\":0,\"publisher\":{\"@id\":\"https:\\\/\\\/gavri-src.addisnetwork.es\\\/blog\\\/#organization\"},\"image\":{\"@id\":\"https:\\\/\\\/gavri-src.addisnetwork.es\\\/blog\\\/ventiladores-de-techo-para-exteriores-los-mejores-modelos-para-terrazas-y-jardines.html#primaryimage\"},\"thumbnailUrl\":\"https:\\\/\\\/gavri.es\\\/blog\\\/wp-content\\\/uploads\\\/2025\\\/02\\\/ventilador-de-techo-413263-eco-ventos-ip44-132-blanco-con-wifi-1-1.jpg\",\"keywords\":[\"jard\u00edn\",\"ventiladores de exterior\",\"ventiladores de techo\"],\"articleSection\":[\"Ventiladores de techo\"],\"inLanguage\":\"es\",\"potentialAction\":[{\"@type\":\"CommentAction\",\"name\":\"Comment\",\"target\":[\"https:\\\/\\\/gavri-src.addisnetwork.es\\\/blog\\\/ventiladores-de-techo-para-exteriores-los-mejores-modelos-para-terrazas-y-jardines.html#respond\"]}]},{\"@type\":\"WebPage\",\"@id\":\"https:\\\/\\\/gavri-src.addisnetwork.es\\\/blog\\\/ventiladores-de-techo-para-exteriores-los-mejores-modelos-para-terrazas-y-jardines.html\",\"url\":\"https:\\\/\\\/gavri-src.addisnetwork.es\\\/blog\\\/ventiladores-de-techo-para-exteriores-los-mejores-modelos-para-terrazas-y-jardines.html\",\"name\":\"Ventiladores para exteriores - Todo lo que necesitas saber - Gavri.es\",\"isPartOf\":{\"@id\":\"https:\\\/\\\/gavri-src.addisnetwork.es\\\/blog\\\/#website\"},\"primaryImageOfPage\":{\"@id\":\"https:\\\/\\\/gavri-src.addisnetwork.es\\\/blog\\\/ventiladores-de-techo-para-exteriores-los-mejores-modelos-para-terrazas-y-jardines.html#primaryimage\"},\"image\":{\"@id\":\"https:\\\/\\\/gavri-src.addisnetwork.es\\\/blog\\\/ventiladores-de-techo-para-exteriores-los-mejores-modelos-para-terrazas-y-jardines.html#primaryimage\"},\"thumbnailUrl\":\"https:\\\/\\\/gavri.es\\\/blog\\\/wp-content\\\/uploads\\\/2025\\\/02\\\/ventilador-de-techo-413263-eco-ventos-ip44-132-blanco-con-wifi-1-1.jpg\",\"datePublished\":\"2025-02-26T15:34:18+00:00\",\"dateModified\":\"2025-04-02T13:26:38+00:00\",\"description\":\"Descubre los mejores ventiladores de techo para exteriores. \u00a1Compara los mejores modelos y elige el tuyo en Gavri.es!\",\"breadcrumb\":{\"@id\":\"https:\\\/\\\/gavri-src.addisnetwork.es\\\/blog\\\/ventiladores-de-techo-para-exteriores-los-mejores-modelos-para-terrazas-y-jardines.html#breadcrumb\"},\"inLanguage\":\"es\",\"potentialAction\":[{\"@type\":\"ReadAction\",\"target\":[\"https:\\\/\\\/gavri-src.addisnetwork.es\\\/blog\\\/ventiladores-de-techo-para-exteriores-los-mejores-modelos-para-terrazas-y-jardines.html\"]}]},{\"@type\":\"ImageObject\",\"inLanguage\":\"es\",\"@id\":\"https:\\\/\\\/gavri-src.addisnetwork.es\\\/blog\\\/ventiladores-de-techo-para-exteriores-los-mejores-modelos-para-terrazas-y-jardines.html#primaryimage\",\"url\":\"https:\\\/\\\/gavri.es\\\/blog\\\/wp-content\\\/uploads\\\/2025\\\/02\\\/ventilador-de-techo-413263-eco-ventos-ip44-132-blanco-con-wifi-1-1.jpg\",\"contentUrl\":\"https:\\\/\\\/gavri.es\\\/blog\\\/wp-content\\\/uploads\\\/2025\\\/02\\\/ventilador-de-techo-413263-eco-ventos-ip44-132-blanco-con-wifi-1-1.jpg\"},{\"@type\":\"BreadcrumbList\",\"@id\":\"https:\\\/\\\/gavri-src.addisnetwork.es\\\/blog\\\/ventiladores-de-techo-para-exteriores-los-mejores-modelos-para-terrazas-y-jardines.html#breadcrumb\",\"itemListElement\":[{\"@type\":\"ListItem\",\"position\":1,\"name\":\"Portada\",\"item\":\"https:\\\/\\\/gavri-src.addisnetwork.es\\\/blog\"},{\"@type\":\"ListItem\",\"position\":2,\"name\":\"Ventiladores de techo para exteriores: los mejores modelos para terrazas y jardines\"}]},{\"@type\":\"WebSite\",\"@id\":\"https:\\\/\\\/gavri-src.addisnetwork.es\\\/blog\\\/#website\",\"url\":\"https:\\\/\\\/gavri-src.addisnetwork.es\\\/blog\\\/\",\"name\":\"Blog de Gavri.es\",\"description\":\"Blog de Gavri.es\",\"publisher\":{\"@id\":\"https:\\\/\\\/gavri-src.addisnetwork.es\\\/blog\\\/#organization\"},\"potentialAction\":[{\"@type\":\"SearchAction\",\"target\":{\"@type\":\"EntryPoint\",\"urlTemplate\":\"https:\\\/\\\/gavri-src.addisnetwork.es\\\/blog\\\/?s={search_term_string}\"},\"query-input\":{\"@type\":\"PropertyValueSpecification\",\"valueRequired\":true,\"valueName\":\"search_term_string\"}}],\"inLanguage\":\"es\"},{\"@type\":\"Organization\",\"@id\":\"https:\\\/\\\/gavri-src.addisnetwork.es\\\/blog\\\/#organization\",\"name\":\"Blog de Gavri.es\",\"url\":\"https:\\\/\\\/gavri-src.addisnetwork.es\\\/blog\\\/\",\"logo\":{\"@type\":\"ImageObject\",\"inLanguage\":\"es\",\"@id\":\"https:\\\/\\\/gavri-src.addisnetwork.es\\\/blog\\\/#\\\/schema\\\/logo\\\/image\\\/\",\"url\":\"https:\\\/\\\/gavri-src.addisnetwork.es\\\/blog\\\/wp-content\\\/uploads\\\/2021\\\/01\\\/cropped-LOGO-gavries-blog-1.png\",\"contentUrl\":\"https:\\\/\\\/gavri-src.addisnetwork.es\\\/blog\\\/wp-content\\\/uploads\\\/2021\\\/01\\\/cropped-LOGO-gavries-blog-1.png\",\"width\":520,\"height\":104,\"caption\":\"Blog de Gavri.es\"},\"image\":{\"@id\":\"https:\\\/\\\/gavri-src.addisnetwork.es\\\/blog\\\/#\\\/schema\\\/logo\\\/image\\\/\"}},{\"@type\":\"Person\",\"@id\":\"https:\\\/\\\/gavri-src.addisnetwork.es\\\/blog\\\/#\\\/schema\\\/person\\\/203269397f8e8ab2f6fe3edc5e623fcf\",\"name\":\"David Pesquer Morgadanes\",\"image\":{\"@type\":\"ImageObject\",\"inLanguage\":\"es\",\"@id\":\"https:\\\/\\\/secure.gravatar.com\\\/avatar\\\/e3e68089201f2a6dc0ddee931fcd69093f0aa9b360e73d4ac77353e6a01f3aed?s=96&d=mm&r=g\",\"url\":\"https:\\\/\\\/secure.gravatar.com\\\/avatar\\\/e3e68089201f2a6dc0ddee931fcd69093f0aa9b360e73d4ac77353e6a01f3aed?s=96&d=mm&r=g\",\"contentUrl\":\"https:\\\/\\\/secure.gravatar.com\\\/avatar\\\/e3e68089201f2a6dc0ddee931fcd69093f0aa9b360e73d4ac77353e6a01f3aed?s=96&d=mm&r=g\",\"caption\":\"David Pesquer Morgadanes\"},\"description\":\"Especialista en climatizaci\u00f3n, ventiladores de techo, deshumidificadores y purificadores de aire. Licenciado en Marketing y comunicaci\u00f3n digital por la EAE Business School (Universidad Polit\u00e9cnica de Barcelona) y con un master oficial en Direcci\u00f3n de Marketing digital y gesti\u00f3n comercial por la Universidad Internacional de Valencia (VIU).\",\"sameAs\":[\"http:\\\/\\\/gavri.es\"]}]}<\/script>\n<!-- \/ Yoast SEO plugin. -->","yoast_head_json":{"title":"Ventiladores para exteriores - Todo lo que necesitas saber - Gavri.es","description":"Descubre los mejores ventiladores de techo para exteriores. \u00a1Compara los mejores modelos y elige el tuyo en Gavri.es!","robots":{"index":"index","follow":"follow","max-snippet":"max-snippet:-1","max-image-preview":"max-image-preview:large","max-video-preview":"max-video-preview:-1"},"canonical":"https:\/\/gavri-src.addisnetwork.es\/blog\/ventiladores-de-techo-para-exteriores-los-mejores-modelos-para-terrazas-y-jardines.html","og_locale":"es_ES","og_type":"article","og_title":"Ventiladores para exteriores - Todo lo que necesitas saber - Gavri.es","og_description":"Descubre los mejores ventiladores de techo para exteriores. \u00a1Compara los mejores modelos y elige el tuyo en Gavri.es!","og_url":"https:\/\/gavri-src.addisnetwork.es\/blog\/ventiladores-de-techo-para-exteriores-los-mejores-modelos-para-terrazas-y-jardines.html","og_site_name":"Blog de Gavri.es","article_published_time":"2025-02-26T15:34:18+00:00","article_modified_time":"2025-04-02T13:26:38+00:00","og_image":[{"url":"https:\/\/gavri.es\/blog\/wp-content\/uploads\/2025\/02\/ventilador-de-techo-413263-eco-ventos-ip44-132-blanco-con-wifi-1-1.jpg","type":"","width":"","height":""}],"author":"David Pesquer Morgadanes","twitter_card":"summary_large_image","twitter_misc":{"Escrito por":"David Pesquer Morgadanes","Tiempo de lectura":"5 minutos"},"schema":{"@context":"https:\/\/schema.org","@graph":[{"@type":"Article","@id":"https:\/\/gavri-src.addisnetwork.es\/blog\/ventiladores-de-techo-para-exteriores-los-mejores-modelos-para-terrazas-y-jardines.html#article","isPartOf":{"@id":"https:\/\/gavri-src.addisnetwork.es\/blog\/ventiladores-de-techo-para-exteriores-los-mejores-modelos-para-terrazas-y-jardines.html"},"author":{"name":"David Pesquer Morgadanes","@id":"https:\/\/gavri-src.addisnetwork.es\/blog\/#\/schema\/person\/203269397f8e8ab2f6fe3edc5e623fcf"},"headline":"Ventiladores de techo para exteriores: los mejores modelos para terrazas y jardines","datePublished":"2025-02-26T15:34:18+00:00","dateModified":"2025-04-02T13:26:38+00:00","mainEntityOfPage":{"@id":"https:\/\/gavri-src.addisnetwork.es\/blog\/ventiladores-de-techo-para-exteriores-los-mejores-modelos-para-terrazas-y-jardines.html"},"wordCount":682,"commentCount":0,"publisher":{"@id":"https:\/\/gavri-src.addisnetwork.es\/blog\/#organization"},"image":{"@id":"https:\/\/gavri-src.addisnetwork.es\/blog\/ventiladores-de-techo-para-exteriores-los-mejores-modelos-para-terrazas-y-jardines.html#primaryimage"},"thumbnailUrl":"https:\/\/gavri.es\/blog\/wp-content\/uploads\/2025\/02\/ventilador-de-techo-413263-eco-ventos-ip44-132-blanco-con-wifi-1-1.jpg","keywords":["jard\u00edn","ventiladores de exterior","ventiladores de techo"],"articleSection":["Ventiladores de techo"],"inLanguage":"es","potentialAction":[{"@type":"CommentAction","name":"Comment","target":["https:\/\/gavri-src.addisnetwork.es\/blog\/ventiladores-de-techo-para-exteriores-los-mejores-modelos-para-terrazas-y-jardines.html#respond"]}]},{"@type":"WebPage","@id":"https:\/\/gavri-src.addisnetwork.es\/blog\/ventiladores-de-techo-para-exteriores-los-mejores-modelos-para-terrazas-y-jardines.html","url":"https:\/\/gavri-src.addisnetwork.es\/blog\/ventiladores-de-techo-para-exteriores-los-mejores-modelos-para-terrazas-y-jardines.html","name":"Ventiladores para exteriores - Todo lo que necesitas saber - Gavri.es","isPartOf":{"@id":"https:\/\/gavri-src.addisnetwork.es\/blog\/#website"},"primaryImageOfPage":{"@id":"https:\/\/gavri-src.addisnetwork.es\/blog\/ventiladores-de-techo-para-exteriores-los-mejores-modelos-para-terrazas-y-jardines.html#primaryimage"},"image":{"@id":"https:\/\/gavri-src.addisnetwork.es\/blog\/ventiladores-de-techo-para-exteriores-los-mejores-modelos-para-terrazas-y-jardines.html#primaryimage"},"thumbnailUrl":"https:\/\/gavri.es\/blog\/wp-content\/uploads\/2025\/02\/ventilador-de-techo-413263-eco-ventos-ip44-132-blanco-con-wifi-1-1.jpg","datePublished":"2025-02-26T15:34:18+00:00","dateModified":"2025-04-02T13:26:38+00:00","description":"Descubre los mejores ventiladores de techo para exteriores. \u00a1Compara los mejores modelos y elige el tuyo en Gavri.es!","breadcrumb":{"@id":"https:\/\/gavri-src.addisnetwork.es\/blog\/ventiladores-de-techo-para-exteriores-los-mejores-modelos-para-terrazas-y-jardines.html#breadcrumb"},"inLanguage":"es","potentialAction":[{"@type":"ReadAction","target":["https:\/\/gavri-src.addisnetwork.es\/blog\/ventiladores-de-techo-para-exteriores-los-mejores-modelos-para-terrazas-y-jardines.html"]}]},{"@type":"ImageObject","inLanguage":"es","@id":"https:\/\/gavri-src.addisnetwork.es\/blog\/ventiladores-de-techo-para-exteriores-los-mejores-modelos-para-terrazas-y-jardines.html#primaryimage","url":"https:\/\/gavri.es\/blog\/wp-content\/uploads\/2025\/02\/ventilador-de-techo-413263-eco-ventos-ip44-132-blanco-con-wifi-1-1.jpg","contentUrl":"https:\/\/gavri.es\/blog\/wp-content\/uploads\/2025\/02\/ventilador-de-techo-413263-eco-ventos-ip44-132-blanco-con-wifi-1-1.jpg"},{"@type":"BreadcrumbList","@id":"https:\/\/gavri-src.addisnetwork.es\/blog\/ventiladores-de-techo-para-exteriores-los-mejores-modelos-para-terrazas-y-jardines.html#breadcrumb","itemListElement":[{"@type":"ListItem","position":1,"name":"Portada","item":"https:\/\/gavri-src.addisnetwork.es\/blog"},{"@type":"ListItem","position":2,"name":"Ventiladores de techo para exteriores: los mejores modelos para terrazas y jardines"}]},{"@type":"WebSite","@id":"https:\/\/gavri-src.addisnetwork.es\/blog\/#website","url":"https:\/\/gavri-src.addisnetwork.es\/blog\/","name":"Blog de Gavri.es","description":"Blog de Gavri.es","publisher":{"@id":"https:\/\/gavri-src.addisnetwork.es\/blog\/#organization"},"potentialAction":[{"@type":"SearchAction","target":{"@type":"EntryPoint","urlTemplate":"https:\/\/gavri-src.addisnetwork.es\/blog\/?s={search_term_string}"},"query-input":{"@type":"PropertyValueSpecification","valueRequired":true,"valueName":"search_term_string"}}],"inLanguage":"es"},{"@type":"Organization","@id":"https:\/\/gavri-src.addisnetwork.es\/blog\/#organization","name":"Blog de Gavri.es","url":"https:\/\/gavri-src.addisnetwork.es\/blog\/","logo":{"@type":"ImageObject","inLanguage":"es","@id":"https:\/\/gavri-src.addisnetwork.es\/blog\/#\/schema\/logo\/image\/","url":"https:\/\/gavri-src.addisnetwork.es\/blog\/wp-content\/uploads\/2021\/01\/cropped-LOGO-gavries-blog-1.png","contentUrl":"https:\/\/gavri-src.addisnetwork.es\/blog\/wp-content\/uploads\/2021\/01\/cropped-LOGO-gavries-blog-1.png","width":520,"height":104,"caption":"Blog de Gavri.es"},"image":{"@id":"https:\/\/gavri-src.addisnetwork.es\/blog\/#\/schema\/logo\/image\/"}},{"@type":"Person","@id":"https:\/\/gavri-src.addisnetwork.es\/blog\/#\/schema\/person\/203269397f8e8ab2f6fe3edc5e623fcf","name":"David Pesquer Morgadanes","image":{"@type":"ImageObject","inLanguage":"es","@id":"https:\/\/secure.gravatar.com\/avatar\/e3e68089201f2a6dc0ddee931fcd69093f0aa9b360e73d4ac77353e6a01f3aed?s=96&d=mm&r=g","url":"https:\/\/secure.gravatar.com\/avatar\/e3e68089201f2a6dc0ddee931fcd69093f0aa9b360e73d4ac77353e6a01f3aed?s=96&d=mm&r=g","contentUrl":"https:\/\/secure.gravatar.com\/avatar\/e3e68089201f2a6dc0ddee931fcd69093f0aa9b360e73d4ac77353e6a01f3aed?s=96&d=mm&r=g","caption":"David Pesquer Morgadanes"},"description":"Especialista en climatizaci\u00f3n, ventiladores de techo, deshumidificadores y purificadores de aire. Licenciado en Marketing y comunicaci\u00f3n digital por la EAE Business School (Universidad Polit\u00e9cnica de Barcelona) y con un master oficial en Direcci\u00f3n de Marketing digital y gesti\u00f3n comercial por la Universidad Internacional de Valencia (VIU).","sameAs":["http:\/\/gavri.es"]}]}},"_links":{"self":[{"href":"https:\/\/gavri-src.addisnetwork.es\/blog\/wp-json\/wp\/v2\/posts\/1191","targetHints":{"allow":["GET"]}}],"collection":[{"href":"https:\/\/gavri-src.addisnetwork.es\/blog\/wp-json\/wp\/v2\/posts"}],"about":[{"href":"https:\/\/gavri-src.addisnetwork.es\/blog\/wp-json\/wp\/v2\/types\/post"}],"author":[{"embeddable":true,"href":"https:\/\/gavri-src.addisnetwork.es\/blog\/wp-json\/wp\/v2\/users\/3"}],"replies":[{"embeddable":true,"href":"https:\/\/gavri-src.addisnetwork.es\/blog\/wp-json\/wp\/v2\/comments?post=1191"}],"version-history":[{"count":1,"href":"https:\/\/gavri-src.addisnetwork.es\/blog\/wp-json\/wp\/v2\/posts\/1191\/revisions"}],"predecessor-version":[{"id":1204,"href":"https:\/\/gavri-src.addisnetwork.es\/blog\/wp-json\/wp\/v2\/posts\/1191\/revisions\/1204"}],"wp:attachment":[{"href":"https:\/\/gavri-src.addisnetwork.es\/blog\/wp-json\/wp\/v2\/media?parent=1191"}],"wp:term":[{"taxonomy":"category","embeddable":true,"href":"https:\/\/gavri-src.addisnetwork.es\/blog\/wp-json\/wp\/v2\/categories?post=1191"},{"taxonomy":"post_tag","embeddable":true,"href":"https:\/\/gavri-src.addisnetwork.es\/blog\/wp-json\/wp\/v2\/tags?post=1191"}],"curies":[{"name":"wp","href":"https:\/\/api.w.org\/{rel}","templated":true}]}}