{"id":1257,"date":"2025-08-04T15:01:46","date_gmt":"2025-08-04T15:01:46","guid":{"rendered":"https:\/\/gavri.es\/blog\/?p=1257"},"modified":"2025-08-04T15:02:45","modified_gmt":"2025-08-04T15:02:45","slug":"como-elegir-el-ventilador-de-techo-ideal-segun-cada-habitacion-de-tu-casa","status":"publish","type":"post","link":"https:\/\/gavri-src.addisnetwork.es\/blog\/como-elegir-el-ventilador-de-techo-ideal-segun-cada-habitacion-de-tu-casa.html","title":{"rendered":"C\u00f3mo elegir el ventilador de techo ideal seg\u00fan cada habitaci\u00f3n de tu casa"},"content":{"rendered":"\n<p>Autor:&nbsp;<a href=\"https:\/\/ventiladordetechoinfo.com\/author\/david-pesquer\/\">David Pesquer<\/a><\/p>\n\n\n\n<p>Miembro del Equipo de&nbsp;<a href=\"http:\/\/gavri.es\/\">Gavri.es<\/a><\/p>\n\n\n\n<p>Elegir un ventilador de techo no es solo una cuesti\u00f3n de tama\u00f1o o potencia. Cada habitaci\u00f3n tiene unas necesidades distintas: el sal\u00f3n pide dise\u00f1o y amplitud, el dormitorio silencio absoluto, y la cocina resistencia y limpieza f\u00e1cil. En este art\u00edculo te guiamos para que aciertes eligiendo el ventilador de techo perfecto seg\u00fan la estancia donde lo vayas a instalar.<\/p>\n\n\n\n<h2 class=\"wp-block-heading\">\ud83d\udecb\ufe0f Sal\u00f3n: El equilibrio entre potencia y dise\u00f1o<\/h2>\n\n\n\n<ul class=\"wp-block-list\">\n<li>Para espacios grandes, se recomienda un di\u00e1metro m\u00ednimo de 132 cm, pudiendo llegar hasta 180 cm. Todo depende de los m2 de la estancia.<\/li>\n\n\n\n<li>Opci\u00f3n con luz integrada si no hay otra fuente de iluminaci\u00f3n.<\/li>\n\n\n\n<li>Estilo decorativo: madera, moderno, blanco, industrial\u2026<\/li>\n\n\n\n<li>Recomendaci\u00f3n: <strong><a href=\"https:\/\/gavri.es\/ventiladores-de-techo\/ventilador-de-techo-casafan-eco-genuino\">Eco genuino<\/a> de Gavri.es<\/strong><\/li>\n<\/ul>\n\n\n\n<figure class=\"wp-block-image size-large\"><img loading=\"lazy\" decoding=\"async\" width=\"1024\" height=\"683\" src=\"https:\/\/gavri.es\/blog\/wp-content\/uploads\/2025\/08\/315214-CasaFan-Deckenventilator-Eco-Genuino-152-MW-NT-Raumszene-4024397376087-1024x683.png\" alt=\"\" class=\"wp-image-1258\" srcset=\"https:\/\/gavri-src.addisnetwork.es\/blog\/wp-content\/uploads\/2025\/08\/315214-CasaFan-Deckenventilator-Eco-Genuino-152-MW-NT-Raumszene-4024397376087-1024x683.png 1024w, https:\/\/gavri-src.addisnetwork.es\/blog\/wp-content\/uploads\/2025\/08\/315214-CasaFan-Deckenventilator-Eco-Genuino-152-MW-NT-Raumszene-4024397376087-300x200.png 300w, https:\/\/gavri-src.addisnetwork.es\/blog\/wp-content\/uploads\/2025\/08\/315214-CasaFan-Deckenventilator-Eco-Genuino-152-MW-NT-Raumszene-4024397376087-768x512.png 768w, https:\/\/gavri-src.addisnetwork.es\/blog\/wp-content\/uploads\/2025\/08\/315214-CasaFan-Deckenventilator-Eco-Genuino-152-MW-NT-Raumszene-4024397376087-1536x1024.png 1536w, https:\/\/gavri-src.addisnetwork.es\/blog\/wp-content\/uploads\/2025\/08\/315214-CasaFan-Deckenventilator-Eco-Genuino-152-MW-NT-Raumszene-4024397376087-2048x1366.png 2048w\" sizes=\"auto, (max-width: 1024px) 100vw, 1024px\" \/><\/figure>\n\n\n\n<p><em>Eco genuino de 152 cm instalado en un sal\u00f3n.<\/em><\/p>\n\n\n\n<h2 class=\"wp-block-heading\">\ud83d\udecf\ufe0f Dormitorio: Silencio, eficiencia y comodidad<\/h2>\n\n\n\n<ul class=\"wp-block-list\">\n<li>Prioriza modelos con <strong>bajo nivel sonoro<\/strong>.<\/li>\n\n\n\n<li>Motor DC: m\u00e1s silencioso y eficiente.<\/li>\n\n\n\n<li>Temporizador y mando a distancia para mayor comodidad.<\/li>\n\n\n\n<li>Funci\u00f3n de giro inverso para invierno.<\/li>\n\n\n\n<li>Recomendaci\u00f3n: <strong><a href=\"https:\/\/gavri.es\/ventiladores-de-techo\/ventilador-de-techo-casafan-eco-neo-iii-wifi-103cm\">Eco Neo III  <\/a>Con motor DC y temporizador<\/strong><\/li>\n<\/ul>\n\n\n<div class=\"wp-block-image\">\n<figure class=\"aligncenter size-full\"><img loading=\"lazy\" decoding=\"async\" width=\"631\" height=\"351\" src=\"https:\/\/gavri.es\/blog\/wp-content\/uploads\/2025\/08\/ventilador-de-techo-con-wifi-casafan-942131w-eco-neo-iii-103cm-cromo-blanco-y-gris.jpg\" alt=\"\" class=\"wp-image-1260\" srcset=\"https:\/\/gavri-src.addisnetwork.es\/blog\/wp-content\/uploads\/2025\/08\/ventilador-de-techo-con-wifi-casafan-942131w-eco-neo-iii-103cm-cromo-blanco-y-gris.jpg 631w, https:\/\/gavri-src.addisnetwork.es\/blog\/wp-content\/uploads\/2025\/08\/ventilador-de-techo-con-wifi-casafan-942131w-eco-neo-iii-103cm-cromo-blanco-y-gris-300x167.jpg 300w\" sizes=\"auto, (max-width: 631px) 100vw, 631px\" \/><\/figure>\n<\/div>\n\n\n<p><em>Eco Neo III, disponible en m\u00faltiples colores.<\/em><\/p>\n\n\n\n<h2 class=\"wp-block-heading\">\ud83c\udf73 Cocina: Compacto, resistente y f\u00e1cil de limpiar<\/h2>\n\n\n\n<ul class=\"wp-block-list\">\n<li>Elige ventiladores sin luz o con luz LED protegida.<\/li>\n\n\n\n<li>Palas de ABS, met\u00e1licas o materiales lavables.<\/li>\n\n\n\n<li>Evita modelos con palas de madera natural.<\/li>\n\n\n\n<li>Ideal: ventiladores de 76 a 106 cm.<\/li>\n\n\n\n<li>Recomendaci\u00f3n: <strong><a href=\"https:\/\/gavri.es\/ventiladores-de-techo\/ventilador-de-techo-casafan-312010-tristar-z-120-we\">Tristar Z<\/a> con dise\u00f1o compacto y palas met\u00e1licas.<\/strong><\/li>\n<\/ul>\n\n\n<div class=\"wp-block-image\">\n<figure class=\"aligncenter size-full\"><img loading=\"lazy\" decoding=\"async\" width=\"616\" height=\"280\" src=\"https:\/\/gavri.es\/blog\/wp-content\/uploads\/2025\/08\/ventilador-de-techo-casafan-312010-tristar-z-120-we.jpg\" alt=\"\" class=\"wp-image-1261\" srcset=\"https:\/\/gavri-src.addisnetwork.es\/blog\/wp-content\/uploads\/2025\/08\/ventilador-de-techo-casafan-312010-tristar-z-120-we.jpg 616w, https:\/\/gavri-src.addisnetwork.es\/blog\/wp-content\/uploads\/2025\/08\/ventilador-de-techo-casafan-312010-tristar-z-120-we-300x136.jpg 300w\" sizes=\"auto, (max-width: 616px) 100vw, 616px\" \/><\/figure>\n<\/div>\n\n\n<p><em>Tristar Z y Tristar II, modelos parecidos.<\/em><\/p>\n\n\n\n<h2 class=\"wp-block-heading\">\ud83d\udcbb Despacho o oficina en casa: silencio + eficiencia<\/h2>\n\n\n\n<ul class=\"wp-block-list\">\n<li>Para espacios m\u00e1s peque\u00f1os.<\/li>\n\n\n\n<li>Dise\u00f1o discreto o minimalista.<\/li>\n\n\n\n<li>Salida de aire focalizado.<\/li>\n\n\n\n<li>Recomendaci\u00f3n 1: <strong><a href=\"https:\/\/gavri.es\/busqueda?controller=search&amp;s=vega\">VEGA<\/a> de bajo consumo y estilo neutro<\/strong><\/li>\n\n\n\n<li>Recomendaci\u00f3n 2:<a href=\"https:\/\/gavri.es\/inicio\/ventilador-de-techo-casafan-eco-neo-iii-wifi-92-cm\"> <strong>Eco Neo III 92 cm<\/strong><\/a>, silencioso y de dise\u00f1o. <\/li>\n<\/ul>\n\n\n\n<figure class=\"wp-block-image size-full\"><img loading=\"lazy\" decoding=\"async\" width=\"1024\" height=\"768\" src=\"https:\/\/gavri.es\/blog\/wp-content\/uploads\/2025\/08\/7205_noaton-vega-11056gr-stropni-ventilator-se-svetlem-a-dalkovym-ovladanim.png\" alt=\"\" class=\"wp-image-1262\" srcset=\"https:\/\/gavri-src.addisnetwork.es\/blog\/wp-content\/uploads\/2025\/08\/7205_noaton-vega-11056gr-stropni-ventilator-se-svetlem-a-dalkovym-ovladanim.png 1024w, https:\/\/gavri-src.addisnetwork.es\/blog\/wp-content\/uploads\/2025\/08\/7205_noaton-vega-11056gr-stropni-ventilator-se-svetlem-a-dalkovym-ovladanim-300x225.png 300w, https:\/\/gavri-src.addisnetwork.es\/blog\/wp-content\/uploads\/2025\/08\/7205_noaton-vega-11056gr-stropni-ventilator-se-svetlem-a-dalkovym-ovladanim-768x576.png 768w\" sizes=\"auto, (max-width: 1024px) 100vw, 1024px\" \/><\/figure>\n\n\n\n<p><em>Modelo Vega disponible en gris, oro y negro.<\/em><\/p>\n\n\n\n<h2 class=\"wp-block-heading\">\ud83d\udcd0 Tabla resumen por tipo de habitaci\u00f3n<\/h2>\n\n\n\n<figure class=\"wp-block-table\"><table class=\"has-fixed-layout\"><thead><tr><th>Habitaci\u00f3n<\/th><th>Tama\u00f1o recomendado<\/th><th>Caracter\u00edstica clave<\/th><th class=\"has-text-align-center\" data-align=\"center\">Tipo de motor<\/th><\/tr><\/thead><tbody><tr><td>Sal\u00f3n<\/td><td>132 cm o m\u00e1s<\/td><td>Potencia + dise\u00f1o<\/td><td class=\"has-text-align-center\" data-align=\"center\">DC<\/td><\/tr><tr><td>Dormitorio<\/td><td>92-132 cm<\/td><td>Silencioso + temporizador<\/td><td class=\"has-text-align-center\" data-align=\"center\">DC<\/td><\/tr><tr><td>Cocina<\/td><td>76-103 cm<\/td><td>Material lavable<\/td><td class=\"has-text-align-center\" data-align=\"center\">AC o DC<\/td><\/tr><tr><td>Despacho<\/td><td>76-106 cm<\/td><td>Bajo ruido + eficiencia<\/td><td class=\"has-text-align-center\" data-align=\"center\">DC<\/td><\/tr><\/tbody><\/table><\/figure>\n\n\n\n<h2 class=\"wp-block-heading\">\ud83d\udee0\ufe0f Consejos finales antes de comprar<\/h2>\n\n\n\n<ul class=\"wp-block-list\">\n<li>Comprueba la <strong>altura del techo<\/strong>.<\/li>\n\n\n\n<li>Aseg\u00farate de que tiene <strong>modo verano\/invierno<\/strong>.<\/li>\n\n\n\n<li>Revisa si incluye <strong>mando a distancia<\/strong>.<\/li>\n\n\n\n<li>\u00bfTiene luz? \u00bfEs regulable?<\/li>\n<\/ul>\n\n\n\n<h2 class=\"wp-block-heading\">\u2705 Encuentra el tuyo en Gavri.es<\/h2>\n\n\n\n<p>\u00bfListo para encontrar el ventilador perfecto para tu casa? En <strong>Gavri.es<\/strong> tenemos una selecci\u00f3n para cada estilo, estancia y necesidad. <a href=\"#\">Vis\u00edtanos aqu\u00ed<\/a> y elige confort con estilo.<\/p>\n","protected":false},"excerpt":{"rendered":"<p>Elegir un ventilador de techo no es solo una cuesti\u00f3n de tama\u00f1o o potencia. Cada habitaci\u00f3n tiene unas necesidades distintas: el sal\u00f3n pide dise\u00f1o y amplitud, el dormitorio silencio absoluto, y la cocina resistencia y limpieza f\u00e1cil. En este art\u00edculo te guiamos para que aciertes eligiendo el ventilador de techo perfecto seg\u00fan la estancia donde lo vayas a instalar.<\/p>\n","protected":false},"author":3,"featured_media":1263,"comment_status":"open","ping_status":"closed","sticky":true,"template":"","format":"standard","meta":{"footnotes":""},"categories":[24],"tags":[4,9],"class_list":["post-1257","post","type-post","status-publish","format-standard","has-post-thumbnail","hentry","category-ventiladores-de-techo","tag-hogar","tag-ventiladores-de-techo","generate-columns","tablet-grid-50","mobile-grid-100","grid-parent","grid-50","no-featured-image-padding"],"yoast_head":"<!-- This site is optimized with the Yoast SEO plugin v27.5 - https:\/\/yoast.com\/product\/yoast-seo-wordpress\/ -->\n<title>Elegir el ventilador ideal por estancia - Blog de Gavri.es<\/title>\n<meta name=\"description\" content=\"Descubre qu\u00e9 tipo de ventilador de techo necesitas para el sal\u00f3n, dormitorio, cocina o despacho. Consejos pr\u00e1cticos, estilo y confort en cada estancia.\" \/>\n<meta name=\"robots\" content=\"index, follow, max-snippet:-1, max-image-preview:large, max-video-preview:-1\" \/>\n<link rel=\"canonical\" href=\"https:\/\/gavri-src.addisnetwork.es\/blog\/como-elegir-el-ventilador-de-techo-ideal-segun-cada-habitacion-de-tu-casa.html\" \/>\n<meta property=\"og:locale\" content=\"es_ES\" \/>\n<meta property=\"og:type\" content=\"article\" \/>\n<meta property=\"og:title\" content=\"Elegir el ventilador ideal por estancia - Blog de Gavri.es\" \/>\n<meta property=\"og:description\" content=\"Descubre qu\u00e9 tipo de ventilador de techo necesitas para el sal\u00f3n, dormitorio, cocina o despacho. Consejos pr\u00e1cticos, estilo y confort en cada estancia.\" \/>\n<meta property=\"og:url\" content=\"https:\/\/gavri-src.addisnetwork.es\/blog\/como-elegir-el-ventilador-de-techo-ideal-segun-cada-habitacion-de-tu-casa.html\" \/>\n<meta property=\"og:site_name\" content=\"Blog de Gavri.es\" \/>\n<meta property=\"article:published_time\" content=\"2025-08-04T15:01:46+00:00\" \/>\n<meta property=\"article:modified_time\" content=\"2025-08-04T15:02:45+00:00\" \/>\n<meta property=\"og:image\" content=\"https:\/\/gavri-src.addisnetwork.es\/blog\/wp-content\/uploads\/2025\/08\/como_elegir_ventilador_de_techo.png\" \/>\n\t<meta property=\"og:image:width\" content=\"1024\" \/>\n\t<meta property=\"og:image:height\" content=\"1024\" \/>\n\t<meta property=\"og:image:type\" content=\"image\/png\" \/>\n<meta name=\"author\" content=\"David Pesquer Morgadanes\" \/>\n<meta name=\"twitter:card\" content=\"summary_large_image\" \/>\n<meta name=\"twitter:label1\" content=\"Escrito por\" \/>\n\t<meta name=\"twitter:data1\" content=\"David Pesquer Morgadanes\" \/>\n\t<meta name=\"twitter:label2\" content=\"Tiempo de lectura\" \/>\n\t<meta name=\"twitter:data2\" content=\"3 minutos\" \/>\n<script type=\"application\/ld+json\" class=\"yoast-schema-graph\">{\"@context\":\"https:\\\/\\\/schema.org\",\"@graph\":[{\"@type\":\"Article\",\"@id\":\"https:\\\/\\\/gavri-src.addisnetwork.es\\\/blog\\\/como-elegir-el-ventilador-de-techo-ideal-segun-cada-habitacion-de-tu-casa.html#article\",\"isPartOf\":{\"@id\":\"https:\\\/\\\/gavri-src.addisnetwork.es\\\/blog\\\/como-elegir-el-ventilador-de-techo-ideal-segun-cada-habitacion-de-tu-casa.html\"},\"author\":{\"name\":\"David Pesquer Morgadanes\",\"@id\":\"https:\\\/\\\/gavri-src.addisnetwork.es\\\/blog\\\/#\\\/schema\\\/person\\\/203269397f8e8ab2f6fe3edc5e623fcf\"},\"headline\":\"C\u00f3mo elegir el ventilador de techo ideal seg\u00fan cada habitaci\u00f3n de tu casa\",\"datePublished\":\"2025-08-04T15:01:46+00:00\",\"dateModified\":\"2025-08-04T15:02:45+00:00\",\"mainEntityOfPage\":{\"@id\":\"https:\\\/\\\/gavri-src.addisnetwork.es\\\/blog\\\/como-elegir-el-ventilador-de-techo-ideal-segun-cada-habitacion-de-tu-casa.html\"},\"wordCount\":432,\"commentCount\":0,\"publisher\":{\"@id\":\"https:\\\/\\\/gavri-src.addisnetwork.es\\\/blog\\\/#organization\"},\"image\":{\"@id\":\"https:\\\/\\\/gavri-src.addisnetwork.es\\\/blog\\\/como-elegir-el-ventilador-de-techo-ideal-segun-cada-habitacion-de-tu-casa.html#primaryimage\"},\"thumbnailUrl\":\"https:\\\/\\\/gavri-src.addisnetwork.es\\\/blog\\\/wp-content\\\/uploads\\\/2025\\\/08\\\/como_elegir_ventilador_de_techo.png\",\"keywords\":[\"hogar\",\"ventiladores de techo\"],\"articleSection\":[\"Ventiladores de techo\"],\"inLanguage\":\"es\",\"potentialAction\":[{\"@type\":\"CommentAction\",\"name\":\"Comment\",\"target\":[\"https:\\\/\\\/gavri-src.addisnetwork.es\\\/blog\\\/como-elegir-el-ventilador-de-techo-ideal-segun-cada-habitacion-de-tu-casa.html#respond\"]}]},{\"@type\":\"WebPage\",\"@id\":\"https:\\\/\\\/gavri-src.addisnetwork.es\\\/blog\\\/como-elegir-el-ventilador-de-techo-ideal-segun-cada-habitacion-de-tu-casa.html\",\"url\":\"https:\\\/\\\/gavri-src.addisnetwork.es\\\/blog\\\/como-elegir-el-ventilador-de-techo-ideal-segun-cada-habitacion-de-tu-casa.html\",\"name\":\"Elegir el ventilador ideal por estancia - Blog de Gavri.es\",\"isPartOf\":{\"@id\":\"https:\\\/\\\/gavri-src.addisnetwork.es\\\/blog\\\/#website\"},\"primaryImageOfPage\":{\"@id\":\"https:\\\/\\\/gavri-src.addisnetwork.es\\\/blog\\\/como-elegir-el-ventilador-de-techo-ideal-segun-cada-habitacion-de-tu-casa.html#primaryimage\"},\"image\":{\"@id\":\"https:\\\/\\\/gavri-src.addisnetwork.es\\\/blog\\\/como-elegir-el-ventilador-de-techo-ideal-segun-cada-habitacion-de-tu-casa.html#primaryimage\"},\"thumbnailUrl\":\"https:\\\/\\\/gavri-src.addisnetwork.es\\\/blog\\\/wp-content\\\/uploads\\\/2025\\\/08\\\/como_elegir_ventilador_de_techo.png\",\"datePublished\":\"2025-08-04T15:01:46+00:00\",\"dateModified\":\"2025-08-04T15:02:45+00:00\",\"description\":\"Descubre qu\u00e9 tipo de ventilador de techo necesitas para el sal\u00f3n, dormitorio, cocina o despacho. Consejos pr\u00e1cticos, estilo y confort en cada estancia.\",\"breadcrumb\":{\"@id\":\"https:\\\/\\\/gavri-src.addisnetwork.es\\\/blog\\\/como-elegir-el-ventilador-de-techo-ideal-segun-cada-habitacion-de-tu-casa.html#breadcrumb\"},\"inLanguage\":\"es\",\"potentialAction\":[{\"@type\":\"ReadAction\",\"target\":[\"https:\\\/\\\/gavri-src.addisnetwork.es\\\/blog\\\/como-elegir-el-ventilador-de-techo-ideal-segun-cada-habitacion-de-tu-casa.html\"]}]},{\"@type\":\"ImageObject\",\"inLanguage\":\"es\",\"@id\":\"https:\\\/\\\/gavri-src.addisnetwork.es\\\/blog\\\/como-elegir-el-ventilador-de-techo-ideal-segun-cada-habitacion-de-tu-casa.html#primaryimage\",\"url\":\"https:\\\/\\\/gavri-src.addisnetwork.es\\\/blog\\\/wp-content\\\/uploads\\\/2025\\\/08\\\/como_elegir_ventilador_de_techo.png\",\"contentUrl\":\"https:\\\/\\\/gavri-src.addisnetwork.es\\\/blog\\\/wp-content\\\/uploads\\\/2025\\\/08\\\/como_elegir_ventilador_de_techo.png\",\"width\":1024,\"height\":1024,\"caption\":\"como elegir un ventilador de techo\"},{\"@type\":\"BreadcrumbList\",\"@id\":\"https:\\\/\\\/gavri-src.addisnetwork.es\\\/blog\\\/como-elegir-el-ventilador-de-techo-ideal-segun-cada-habitacion-de-tu-casa.html#breadcrumb\",\"itemListElement\":[{\"@type\":\"ListItem\",\"position\":1,\"name\":\"Portada\",\"item\":\"https:\\\/\\\/gavri-src.addisnetwork.es\\\/blog\"},{\"@type\":\"ListItem\",\"position\":2,\"name\":\"C\u00f3mo elegir el ventilador de techo ideal seg\u00fan cada habitaci\u00f3n de tu casa\"}]},{\"@type\":\"WebSite\",\"@id\":\"https:\\\/\\\/gavri-src.addisnetwork.es\\\/blog\\\/#website\",\"url\":\"https:\\\/\\\/gavri-src.addisnetwork.es\\\/blog\\\/\",\"name\":\"Blog de Gavri.es\",\"description\":\"Blog de Gavri.es\",\"publisher\":{\"@id\":\"https:\\\/\\\/gavri-src.addisnetwork.es\\\/blog\\\/#organization\"},\"potentialAction\":[{\"@type\":\"SearchAction\",\"target\":{\"@type\":\"EntryPoint\",\"urlTemplate\":\"https:\\\/\\\/gavri-src.addisnetwork.es\\\/blog\\\/?s={search_term_string}\"},\"query-input\":{\"@type\":\"PropertyValueSpecification\",\"valueRequired\":true,\"valueName\":\"search_term_string\"}}],\"inLanguage\":\"es\"},{\"@type\":\"Organization\",\"@id\":\"https:\\\/\\\/gavri-src.addisnetwork.es\\\/blog\\\/#organization\",\"name\":\"Blog de Gavri.es\",\"url\":\"https:\\\/\\\/gavri-src.addisnetwork.es\\\/blog\\\/\",\"logo\":{\"@type\":\"ImageObject\",\"inLanguage\":\"es\",\"@id\":\"https:\\\/\\\/gavri-src.addisnetwork.es\\\/blog\\\/#\\\/schema\\\/logo\\\/image\\\/\",\"url\":\"https:\\\/\\\/gavri-src.addisnetwork.es\\\/blog\\\/wp-content\\\/uploads\\\/2021\\\/01\\\/cropped-LOGO-gavries-blog-1.png\",\"contentUrl\":\"https:\\\/\\\/gavri-src.addisnetwork.es\\\/blog\\\/wp-content\\\/uploads\\\/2021\\\/01\\\/cropped-LOGO-gavries-blog-1.png\",\"width\":520,\"height\":104,\"caption\":\"Blog de Gavri.es\"},\"image\":{\"@id\":\"https:\\\/\\\/gavri-src.addisnetwork.es\\\/blog\\\/#\\\/schema\\\/logo\\\/image\\\/\"}},{\"@type\":\"Person\",\"@id\":\"https:\\\/\\\/gavri-src.addisnetwork.es\\\/blog\\\/#\\\/schema\\\/person\\\/203269397f8e8ab2f6fe3edc5e623fcf\",\"name\":\"David Pesquer Morgadanes\",\"image\":{\"@type\":\"ImageObject\",\"inLanguage\":\"es\",\"@id\":\"https:\\\/\\\/secure.gravatar.com\\\/avatar\\\/e3e68089201f2a6dc0ddee931fcd69093f0aa9b360e73d4ac77353e6a01f3aed?s=96&d=mm&r=g\",\"url\":\"https:\\\/\\\/secure.gravatar.com\\\/avatar\\\/e3e68089201f2a6dc0ddee931fcd69093f0aa9b360e73d4ac77353e6a01f3aed?s=96&d=mm&r=g\",\"contentUrl\":\"https:\\\/\\\/secure.gravatar.com\\\/avatar\\\/e3e68089201f2a6dc0ddee931fcd69093f0aa9b360e73d4ac77353e6a01f3aed?s=96&d=mm&r=g\",\"caption\":\"David Pesquer Morgadanes\"},\"description\":\"Especialista en climatizaci\u00f3n, ventiladores de techo, deshumidificadores y purificadores de aire. Licenciado en Marketing y comunicaci\u00f3n digital por la EAE Business School (Universidad Polit\u00e9cnica de Barcelona) y con un master oficial en Direcci\u00f3n de Marketing digital y gesti\u00f3n comercial por la Universidad Internacional de Valencia (VIU).\",\"sameAs\":[\"http:\\\/\\\/gavri.es\"]}]}<\/script>\n<!-- \/ Yoast SEO plugin. -->","yoast_head_json":{"title":"Elegir el ventilador ideal por estancia - Blog de Gavri.es","description":"Descubre qu\u00e9 tipo de ventilador de techo necesitas para el sal\u00f3n, dormitorio, cocina o despacho. Consejos pr\u00e1cticos, estilo y confort en cada estancia.","robots":{"index":"index","follow":"follow","max-snippet":"max-snippet:-1","max-image-preview":"max-image-preview:large","max-video-preview":"max-video-preview:-1"},"canonical":"https:\/\/gavri-src.addisnetwork.es\/blog\/como-elegir-el-ventilador-de-techo-ideal-segun-cada-habitacion-de-tu-casa.html","og_locale":"es_ES","og_type":"article","og_title":"Elegir el ventilador ideal por estancia - Blog de Gavri.es","og_description":"Descubre qu\u00e9 tipo de ventilador de techo necesitas para el sal\u00f3n, dormitorio, cocina o despacho. Consejos pr\u00e1cticos, estilo y confort en cada estancia.","og_url":"https:\/\/gavri-src.addisnetwork.es\/blog\/como-elegir-el-ventilador-de-techo-ideal-segun-cada-habitacion-de-tu-casa.html","og_site_name":"Blog de Gavri.es","article_published_time":"2025-08-04T15:01:46+00:00","article_modified_time":"2025-08-04T15:02:45+00:00","og_image":[{"width":1024,"height":1024,"url":"https:\/\/gavri-src.addisnetwork.es\/blog\/wp-content\/uploads\/2025\/08\/como_elegir_ventilador_de_techo.png","type":"image\/png"}],"author":"David Pesquer Morgadanes","twitter_card":"summary_large_image","twitter_misc":{"Escrito por":"David Pesquer Morgadanes","Tiempo de lectura":"3 minutos"},"schema":{"@context":"https:\/\/schema.org","@graph":[{"@type":"Article","@id":"https:\/\/gavri-src.addisnetwork.es\/blog\/como-elegir-el-ventilador-de-techo-ideal-segun-cada-habitacion-de-tu-casa.html#article","isPartOf":{"@id":"https:\/\/gavri-src.addisnetwork.es\/blog\/como-elegir-el-ventilador-de-techo-ideal-segun-cada-habitacion-de-tu-casa.html"},"author":{"name":"David Pesquer Morgadanes","@id":"https:\/\/gavri-src.addisnetwork.es\/blog\/#\/schema\/person\/203269397f8e8ab2f6fe3edc5e623fcf"},"headline":"C\u00f3mo elegir el ventilador de techo ideal seg\u00fan cada habitaci\u00f3n de tu casa","datePublished":"2025-08-04T15:01:46+00:00","dateModified":"2025-08-04T15:02:45+00:00","mainEntityOfPage":{"@id":"https:\/\/gavri-src.addisnetwork.es\/blog\/como-elegir-el-ventilador-de-techo-ideal-segun-cada-habitacion-de-tu-casa.html"},"wordCount":432,"commentCount":0,"publisher":{"@id":"https:\/\/gavri-src.addisnetwork.es\/blog\/#organization"},"image":{"@id":"https:\/\/gavri-src.addisnetwork.es\/blog\/como-elegir-el-ventilador-de-techo-ideal-segun-cada-habitacion-de-tu-casa.html#primaryimage"},"thumbnailUrl":"https:\/\/gavri-src.addisnetwork.es\/blog\/wp-content\/uploads\/2025\/08\/como_elegir_ventilador_de_techo.png","keywords":["hogar","ventiladores de techo"],"articleSection":["Ventiladores de techo"],"inLanguage":"es","potentialAction":[{"@type":"CommentAction","name":"Comment","target":["https:\/\/gavri-src.addisnetwork.es\/blog\/como-elegir-el-ventilador-de-techo-ideal-segun-cada-habitacion-de-tu-casa.html#respond"]}]},{"@type":"WebPage","@id":"https:\/\/gavri-src.addisnetwork.es\/blog\/como-elegir-el-ventilador-de-techo-ideal-segun-cada-habitacion-de-tu-casa.html","url":"https:\/\/gavri-src.addisnetwork.es\/blog\/como-elegir-el-ventilador-de-techo-ideal-segun-cada-habitacion-de-tu-casa.html","name":"Elegir el ventilador ideal por estancia - Blog de Gavri.es","isPartOf":{"@id":"https:\/\/gavri-src.addisnetwork.es\/blog\/#website"},"primaryImageOfPage":{"@id":"https:\/\/gavri-src.addisnetwork.es\/blog\/como-elegir-el-ventilador-de-techo-ideal-segun-cada-habitacion-de-tu-casa.html#primaryimage"},"image":{"@id":"https:\/\/gavri-src.addisnetwork.es\/blog\/como-elegir-el-ventilador-de-techo-ideal-segun-cada-habitacion-de-tu-casa.html#primaryimage"},"thumbnailUrl":"https:\/\/gavri-src.addisnetwork.es\/blog\/wp-content\/uploads\/2025\/08\/como_elegir_ventilador_de_techo.png","datePublished":"2025-08-04T15:01:46+00:00","dateModified":"2025-08-04T15:02:45+00:00","description":"Descubre qu\u00e9 tipo de ventilador de techo necesitas para el sal\u00f3n, dormitorio, cocina o despacho. Consejos pr\u00e1cticos, estilo y confort en cada estancia.","breadcrumb":{"@id":"https:\/\/gavri-src.addisnetwork.es\/blog\/como-elegir-el-ventilador-de-techo-ideal-segun-cada-habitacion-de-tu-casa.html#breadcrumb"},"inLanguage":"es","potentialAction":[{"@type":"ReadAction","target":["https:\/\/gavri-src.addisnetwork.es\/blog\/como-elegir-el-ventilador-de-techo-ideal-segun-cada-habitacion-de-tu-casa.html"]}]},{"@type":"ImageObject","inLanguage":"es","@id":"https:\/\/gavri-src.addisnetwork.es\/blog\/como-elegir-el-ventilador-de-techo-ideal-segun-cada-habitacion-de-tu-casa.html#primaryimage","url":"https:\/\/gavri-src.addisnetwork.es\/blog\/wp-content\/uploads\/2025\/08\/como_elegir_ventilador_de_techo.png","contentUrl":"https:\/\/gavri-src.addisnetwork.es\/blog\/wp-content\/uploads\/2025\/08\/como_elegir_ventilador_de_techo.png","width":1024,"height":1024,"caption":"como elegir un ventilador de techo"},{"@type":"BreadcrumbList","@id":"https:\/\/gavri-src.addisnetwork.es\/blog\/como-elegir-el-ventilador-de-techo-ideal-segun-cada-habitacion-de-tu-casa.html#breadcrumb","itemListElement":[{"@type":"ListItem","position":1,"name":"Portada","item":"https:\/\/gavri-src.addisnetwork.es\/blog"},{"@type":"ListItem","position":2,"name":"C\u00f3mo elegir el ventilador de techo ideal seg\u00fan cada habitaci\u00f3n de tu casa"}]},{"@type":"WebSite","@id":"https:\/\/gavri-src.addisnetwork.es\/blog\/#website","url":"https:\/\/gavri-src.addisnetwork.es\/blog\/","name":"Blog de Gavri.es","description":"Blog de Gavri.es","publisher":{"@id":"https:\/\/gavri-src.addisnetwork.es\/blog\/#organization"},"potentialAction":[{"@type":"SearchAction","target":{"@type":"EntryPoint","urlTemplate":"https:\/\/gavri-src.addisnetwork.es\/blog\/?s={search_term_string}"},"query-input":{"@type":"PropertyValueSpecification","valueRequired":true,"valueName":"search_term_string"}}],"inLanguage":"es"},{"@type":"Organization","@id":"https:\/\/gavri-src.addisnetwork.es\/blog\/#organization","name":"Blog de Gavri.es","url":"https:\/\/gavri-src.addisnetwork.es\/blog\/","logo":{"@type":"ImageObject","inLanguage":"es","@id":"https:\/\/gavri-src.addisnetwork.es\/blog\/#\/schema\/logo\/image\/","url":"https:\/\/gavri-src.addisnetwork.es\/blog\/wp-content\/uploads\/2021\/01\/cropped-LOGO-gavries-blog-1.png","contentUrl":"https:\/\/gavri-src.addisnetwork.es\/blog\/wp-content\/uploads\/2021\/01\/cropped-LOGO-gavries-blog-1.png","width":520,"height":104,"caption":"Blog de Gavri.es"},"image":{"@id":"https:\/\/gavri-src.addisnetwork.es\/blog\/#\/schema\/logo\/image\/"}},{"@type":"Person","@id":"https:\/\/gavri-src.addisnetwork.es\/blog\/#\/schema\/person\/203269397f8e8ab2f6fe3edc5e623fcf","name":"David Pesquer Morgadanes","image":{"@type":"ImageObject","inLanguage":"es","@id":"https:\/\/secure.gravatar.com\/avatar\/e3e68089201f2a6dc0ddee931fcd69093f0aa9b360e73d4ac77353e6a01f3aed?s=96&d=mm&r=g","url":"https:\/\/secure.gravatar.com\/avatar\/e3e68089201f2a6dc0ddee931fcd69093f0aa9b360e73d4ac77353e6a01f3aed?s=96&d=mm&r=g","contentUrl":"https:\/\/secure.gravatar.com\/avatar\/e3e68089201f2a6dc0ddee931fcd69093f0aa9b360e73d4ac77353e6a01f3aed?s=96&d=mm&r=g","caption":"David Pesquer Morgadanes"},"description":"Especialista en climatizaci\u00f3n, ventiladores de techo, deshumidificadores y purificadores de aire. Licenciado en Marketing y comunicaci\u00f3n digital por la EAE Business School (Universidad Polit\u00e9cnica de Barcelona) y con un master oficial en Direcci\u00f3n de Marketing digital y gesti\u00f3n comercial por la Universidad Internacional de Valencia (VIU).","sameAs":["http:\/\/gavri.es"]}]}},"_links":{"self":[{"href":"https:\/\/gavri-src.addisnetwork.es\/blog\/wp-json\/wp\/v2\/posts\/1257","targetHints":{"allow":["GET"]}}],"collection":[{"href":"https:\/\/gavri-src.addisnetwork.es\/blog\/wp-json\/wp\/v2\/posts"}],"about":[{"href":"https:\/\/gavri-src.addisnetwork.es\/blog\/wp-json\/wp\/v2\/types\/post"}],"author":[{"embeddable":true,"href":"https:\/\/gavri-src.addisnetwork.es\/blog\/wp-json\/wp\/v2\/users\/3"}],"replies":[{"embeddable":true,"href":"https:\/\/gavri-src.addisnetwork.es\/blog\/wp-json\/wp\/v2\/comments?post=1257"}],"version-history":[{"count":1,"href":"https:\/\/gavri-src.addisnetwork.es\/blog\/wp-json\/wp\/v2\/posts\/1257\/revisions"}],"predecessor-version":[{"id":1264,"href":"https:\/\/gavri-src.addisnetwork.es\/blog\/wp-json\/wp\/v2\/posts\/1257\/revisions\/1264"}],"wp:featuredmedia":[{"embeddable":true,"href":"https:\/\/gavri-src.addisnetwork.es\/blog\/wp-json\/wp\/v2\/media\/1263"}],"wp:attachment":[{"href":"https:\/\/gavri-src.addisnetwork.es\/blog\/wp-json\/wp\/v2\/media?parent=1257"}],"wp:term":[{"taxonomy":"category","embeddable":true,"href":"https:\/\/gavri-src.addisnetwork.es\/blog\/wp-json\/wp\/v2\/categories?post=1257"},{"taxonomy":"post_tag","embeddable":true,"href":"https:\/\/gavri-src.addisnetwork.es\/blog\/wp-json\/wp\/v2\/tags?post=1257"}],"curies":[{"name":"wp","href":"https:\/\/api.w.org\/{rel}","templated":true}]}}