{"id":303,"date":"2021-03-22T12:37:00","date_gmt":"2021-03-22T12:37:00","guid":{"rendered":"https:\/\/gavri.es\/blog\/?p=303"},"modified":"2021-04-30T14:34:51","modified_gmt":"2021-04-30T14:34:51","slug":"ventiladores-de-techo-adelante-o-hacia-atras","status":"publish","type":"post","link":"https:\/\/gavri-src.addisnetwork.es\/blog\/ventiladores-de-techo-adelante-o-hacia-atras.html","title":{"rendered":"C\u00f3mo usar correctamente los modos de los ventiladores de techo \u00bfAdelante o hacia atr\u00e1s?"},"content":{"rendered":"\n<p>Dependiendo de la posici\u00f3n de las aspas y del sentido en qu\u00e9 giran las aspas del ventilador, se habla de sentido hacia adelante o hacia atr\u00e1s, o lo que com\u00fanmente tambi\u00e9n se le llama modos invierno o verano. Algunos fabricantes incluso lo pueden llamar tambi\u00e9n modos en sentido horario o anti-horario.<\/p>\n\n\n\n<p>Pues bien, \u00bfQu\u00e9 son estos modos? \u00bfEs importante saberlo antes de comprar un ventilador de techo?<\/p>\n\n\n\n<h2 class=\"wp-block-heading\">Modo invierno o reverso: rotaci\u00f3n hacia la izquierda<\/h2>\n\n\n\n<p>En invierno, el aire caliente se dirige hacia el techo y se queda ah\u00ed, de forma que existe estratificaci\u00f3n y una diferencia importante entre la temperatura que hace en la parte superior e inferior de la estancia. Por ello se aconseja usar los ventiladores de techo en modo <a href=\"https:\/\/arteluz.es\/blog\/ventiladores-de-techo-verano-e-invierno\/\" rel=\"nofollow\">invierno <\/a>para contrarrestar esta diferencia t\u00e9rmica.<\/p>\n\n\n\n<pre class=\"wp-block-preformatted\"><strong>Para techos de hasta 2.6 metros de altura<\/strong>: El funcionamiento inverso o el funcionamiento en invierno significa que el aire se empuja hacia el techo, rebota y baja a lo largo de las paredes, desciendo hasta el suelo. Dependiendo de la diferencia de temperatura, esto solo tiene sentido para una altura de habitaci\u00f3n de hasta 2,6m.<\/pre>\n\n\n\n<p>Esto solo funciona para estancias que no tiene los techos muy altos (hasta 2,6m). Dado que el aire pierde velocidad r\u00e1pidamente, la energ\u00eda cin\u00e9tica ya no es suficiente para llevar el aire al suelo si los techos son muy altos. Como este aire es m\u00e1s c\u00e1lido y, por lo tanto, m\u00e1s ligero que el aire de la habitaci\u00f3n, est\u00e1 sujeto a una flotabilidad natural y vuelve a subir, de ah\u00ed que no funcione.<\/p>\n\n\n\n<pre class=\"wp-block-preformatted\"><strong>Para techos de m\u00e1s de 2.6 metros de altura<\/strong>: En espacios con techos altos siempre se recomienda usar los ventiladores de techo en modo verano o \u201chacia delante\u201d. Sin embargo, aqu\u00ed es importante, para evitar corrientes de aire, vigilar la velocidad a la que van a funcionar. Es importante que funcione lo m\u00e1s lento posible en invierno. As\u00ed pues, no es aconsejable cambiar al funcionamiento en invierno o al funcionamiento inverso para techos de 2,60 m o m\u00e1s.<\/pre>\n\n\n\n<h2 class=\"wp-block-heading\">En verano hacia adelante, en el sentido de las agujas del reloj<\/h2>\n\n\n\n<p>En verano, el flujo de aire se dirige <a href=\"https:\/\/www.zonahogar.es\/que-es-la-posicion-de-invierno-de-un-ventilador-y-para-que-sirve\/\" rel=\"nofollow\">hacia abajo<\/a>. Como resultado, la velocidad del aire en el \u00e1rea ocupada es mayor y proporciona enfriamiento al usuario.<\/p>\n\n\n\n<p>Todo el mundo conoce la situaci\u00f3n: en los d\u00edas c\u00e1lidos de verano, el aire est\u00e1 en las habitaciones sin aire acondicionado, es sofocante. La disminuci\u00f3n de la concentraci\u00f3n, el malestar y la disminuci\u00f3n del rendimiento son las consecuencias; un ventilador de techo lo previene.<\/p>\n\n\n\n<p>\u00bfUn ventilador de techo realmente funciona? s\u00ed: el flujo de aire dirigido directamente hacia abajo (marcha hacia adelante) asegura el enfriamiento evaporativo para el usuario.<\/p>\n\n\n\n<p>El flujo de aire acelera la evaporaci\u00f3n de la humedad en la piel y, por lo tanto, elimina el calor del cuerpo. Con un controlador de velocidad o un transformador de 5 pasos para el ventilador, esta funci\u00f3n se puede dosificar con precisi\u00f3n para evitar corrientes de aire.<\/p>\n\n\n\n<blockquote class=\"wp-block-quote is-layout-flow wp-block-quote-is-layout-flow\"><p>En GAVRI.es la gran mayor\u00eda de nuestros ventiladores de techo disponen de modo verano\/invierno. Cons\u00faltanos si tienes cualquier duda al respecto.<\/p><\/blockquote>\n","protected":false},"excerpt":{"rendered":"<p>Dependiendo de la posici\u00f3n de las aspas y del sentido en qu\u00e9 giran las aspas del ventilador, se habla de sentido hacia adelante o hacia atr\u00e1s, o lo que com\u00fanmente tambi\u00e9n se le llama modos invierno &#8230; <a title=\"C\u00f3mo usar correctamente los modos de los ventiladores de techo \u00bfAdelante o hacia atr\u00e1s?\" class=\"read-more\" href=\"https:\/\/gavri-src.addisnetwork.es\/blog\/ventiladores-de-techo-adelante-o-hacia-atras.html\" aria-label=\"M\u00e1s en C\u00f3mo usar correctamente los modos de los ventiladores de techo \u00bfAdelante o hacia atr\u00e1s?\">Leer m\u00e1s<\/a><\/p>\n","protected":false},"author":1,"featured_media":298,"comment_status":"open","ping_status":"closed","sticky":false,"template":"","format":"standard","meta":{"footnotes":""},"categories":[1],"tags":[],"class_list":["post-303","post","type-post","status-publish","format-standard","has-post-thumbnail","hentry","category-sin-categoria","generate-columns","tablet-grid-50","mobile-grid-100","grid-parent","grid-50","no-featured-image-padding"],"yoast_head":"<!-- This site is optimized with the Yoast SEO plugin v27.5 - https:\/\/yoast.com\/product\/yoast-seo-wordpress\/ -->\n<title>C\u00f3mo usar los modos verano invierno de los ventiladores de techo<\/title>\n<meta name=\"description\" content=\"En invierno el aire caliente se dirige hacia arribe y se queda ah\u00ed, de forma que existe estratificaci\u00f3n entre la parte superior e inferior.\" \/>\n<meta name=\"robots\" content=\"index, follow, max-snippet:-1, max-image-preview:large, max-video-preview:-1\" \/>\n<link rel=\"canonical\" href=\"https:\/\/gavri-src.addisnetwork.es\/blog\/ventiladores-de-techo-adelante-o-hacia-atras.html\" \/>\n<meta property=\"og:locale\" content=\"es_ES\" \/>\n<meta property=\"og:type\" content=\"article\" \/>\n<meta property=\"og:title\" content=\"C\u00f3mo usar los modos verano invierno de los ventiladores de techo\" \/>\n<meta property=\"og:description\" content=\"En invierno el aire caliente se dirige hacia arribe y se queda ah\u00ed, de forma que existe estratificaci\u00f3n entre la parte superior e inferior.\" \/>\n<meta property=\"og:url\" content=\"https:\/\/gavri-src.addisnetwork.es\/blog\/ventiladores-de-techo-adelante-o-hacia-atras.html\" \/>\n<meta property=\"og:site_name\" content=\"Blog de Gavri.es\" \/>\n<meta property=\"article:published_time\" content=\"2021-03-22T12:37:00+00:00\" \/>\n<meta property=\"article:modified_time\" content=\"2021-04-30T14:34:51+00:00\" \/>\n<meta property=\"og:image\" content=\"https:\/\/gavri-src.addisnetwork.es\/blog\/wp-content\/uploads\/2021\/03\/ventilador-de-techo-modo-invierno-verano.jpg\" \/>\n\t<meta property=\"og:image:width\" content=\"1900\" \/>\n\t<meta property=\"og:image:height\" content=\"781\" \/>\n\t<meta property=\"og:image:type\" content=\"image\/jpeg\" \/>\n<meta name=\"author\" content=\"Gavri\" \/>\n<meta name=\"twitter:card\" content=\"summary_large_image\" \/>\n<meta name=\"twitter:label1\" content=\"Escrito por\" \/>\n\t<meta name=\"twitter:data1\" content=\"Gavri\" \/>\n\t<meta name=\"twitter:label2\" content=\"Tiempo de lectura\" \/>\n\t<meta name=\"twitter:data2\" content=\"3 minutos\" \/>\n<script type=\"application\/ld+json\" class=\"yoast-schema-graph\">{\"@context\":\"https:\\\/\\\/schema.org\",\"@graph\":[{\"@type\":\"Article\",\"@id\":\"https:\\\/\\\/gavri-src.addisnetwork.es\\\/blog\\\/ventiladores-de-techo-adelante-o-hacia-atras.html#article\",\"isPartOf\":{\"@id\":\"https:\\\/\\\/gavri-src.addisnetwork.es\\\/blog\\\/ventiladores-de-techo-adelante-o-hacia-atras.html\"},\"author\":{\"name\":\"Gavri\",\"@id\":\"https:\\\/\\\/gavri-src.addisnetwork.es\\\/blog\\\/#\\\/schema\\\/person\\\/3df0699bd314187860df00e3b73fbf75\"},\"headline\":\"C\u00f3mo usar correctamente los modos de los ventiladores de techo \u00bfAdelante o hacia atr\u00e1s?\",\"datePublished\":\"2021-03-22T12:37:00+00:00\",\"dateModified\":\"2021-04-30T14:34:51+00:00\",\"mainEntityOfPage\":{\"@id\":\"https:\\\/\\\/gavri-src.addisnetwork.es\\\/blog\\\/ventiladores-de-techo-adelante-o-hacia-atras.html\"},\"wordCount\":422,\"commentCount\":0,\"publisher\":{\"@id\":\"https:\\\/\\\/gavri-src.addisnetwork.es\\\/blog\\\/#organization\"},\"image\":{\"@id\":\"https:\\\/\\\/gavri-src.addisnetwork.es\\\/blog\\\/ventiladores-de-techo-adelante-o-hacia-atras.html#primaryimage\"},\"thumbnailUrl\":\"https:\\\/\\\/gavri-src.addisnetwork.es\\\/blog\\\/wp-content\\\/uploads\\\/2021\\\/03\\\/ventilador-de-techo-modo-invierno-verano.jpg\",\"inLanguage\":\"es\",\"potentialAction\":[{\"@type\":\"CommentAction\",\"name\":\"Comment\",\"target\":[\"https:\\\/\\\/gavri-src.addisnetwork.es\\\/blog\\\/ventiladores-de-techo-adelante-o-hacia-atras.html#respond\"]}]},{\"@type\":\"WebPage\",\"@id\":\"https:\\\/\\\/gavri-src.addisnetwork.es\\\/blog\\\/ventiladores-de-techo-adelante-o-hacia-atras.html\",\"url\":\"https:\\\/\\\/gavri-src.addisnetwork.es\\\/blog\\\/ventiladores-de-techo-adelante-o-hacia-atras.html\",\"name\":\"C\u00f3mo usar los modos verano invierno de los ventiladores de techo\",\"isPartOf\":{\"@id\":\"https:\\\/\\\/gavri-src.addisnetwork.es\\\/blog\\\/#website\"},\"primaryImageOfPage\":{\"@id\":\"https:\\\/\\\/gavri-src.addisnetwork.es\\\/blog\\\/ventiladores-de-techo-adelante-o-hacia-atras.html#primaryimage\"},\"image\":{\"@id\":\"https:\\\/\\\/gavri-src.addisnetwork.es\\\/blog\\\/ventiladores-de-techo-adelante-o-hacia-atras.html#primaryimage\"},\"thumbnailUrl\":\"https:\\\/\\\/gavri-src.addisnetwork.es\\\/blog\\\/wp-content\\\/uploads\\\/2021\\\/03\\\/ventilador-de-techo-modo-invierno-verano.jpg\",\"datePublished\":\"2021-03-22T12:37:00+00:00\",\"dateModified\":\"2021-04-30T14:34:51+00:00\",\"description\":\"En invierno el aire caliente se dirige hacia arribe y se queda ah\u00ed, de forma que existe estratificaci\u00f3n entre la parte superior e inferior.\",\"breadcrumb\":{\"@id\":\"https:\\\/\\\/gavri-src.addisnetwork.es\\\/blog\\\/ventiladores-de-techo-adelante-o-hacia-atras.html#breadcrumb\"},\"inLanguage\":\"es\",\"potentialAction\":[{\"@type\":\"ReadAction\",\"target\":[\"https:\\\/\\\/gavri-src.addisnetwork.es\\\/blog\\\/ventiladores-de-techo-adelante-o-hacia-atras.html\"]}]},{\"@type\":\"ImageObject\",\"inLanguage\":\"es\",\"@id\":\"https:\\\/\\\/gavri-src.addisnetwork.es\\\/blog\\\/ventiladores-de-techo-adelante-o-hacia-atras.html#primaryimage\",\"url\":\"https:\\\/\\\/gavri-src.addisnetwork.es\\\/blog\\\/wp-content\\\/uploads\\\/2021\\\/03\\\/ventilador-de-techo-modo-invierno-verano.jpg\",\"contentUrl\":\"https:\\\/\\\/gavri-src.addisnetwork.es\\\/blog\\\/wp-content\\\/uploads\\\/2021\\\/03\\\/ventilador-de-techo-modo-invierno-verano.jpg\",\"width\":1900,\"height\":781},{\"@type\":\"BreadcrumbList\",\"@id\":\"https:\\\/\\\/gavri-src.addisnetwork.es\\\/blog\\\/ventiladores-de-techo-adelante-o-hacia-atras.html#breadcrumb\",\"itemListElement\":[{\"@type\":\"ListItem\",\"position\":1,\"name\":\"Portada\",\"item\":\"https:\\\/\\\/gavri-src.addisnetwork.es\\\/blog\"},{\"@type\":\"ListItem\",\"position\":2,\"name\":\"C\u00f3mo usar correctamente los modos de los ventiladores de techo \u00bfAdelante o hacia atr\u00e1s?\"}]},{\"@type\":\"WebSite\",\"@id\":\"https:\\\/\\\/gavri-src.addisnetwork.es\\\/blog\\\/#website\",\"url\":\"https:\\\/\\\/gavri-src.addisnetwork.es\\\/blog\\\/\",\"name\":\"Blog de Gavri.es\",\"description\":\"Blog de Gavri.es\",\"publisher\":{\"@id\":\"https:\\\/\\\/gavri-src.addisnetwork.es\\\/blog\\\/#organization\"},\"potentialAction\":[{\"@type\":\"SearchAction\",\"target\":{\"@type\":\"EntryPoint\",\"urlTemplate\":\"https:\\\/\\\/gavri-src.addisnetwork.es\\\/blog\\\/?s={search_term_string}\"},\"query-input\":{\"@type\":\"PropertyValueSpecification\",\"valueRequired\":true,\"valueName\":\"search_term_string\"}}],\"inLanguage\":\"es\"},{\"@type\":\"Organization\",\"@id\":\"https:\\\/\\\/gavri-src.addisnetwork.es\\\/blog\\\/#organization\",\"name\":\"Blog de Gavri.es\",\"url\":\"https:\\\/\\\/gavri-src.addisnetwork.es\\\/blog\\\/\",\"logo\":{\"@type\":\"ImageObject\",\"inLanguage\":\"es\",\"@id\":\"https:\\\/\\\/gavri-src.addisnetwork.es\\\/blog\\\/#\\\/schema\\\/logo\\\/image\\\/\",\"url\":\"https:\\\/\\\/gavri-src.addisnetwork.es\\\/blog\\\/wp-content\\\/uploads\\\/2021\\\/01\\\/cropped-LOGO-gavries-blog-1.png\",\"contentUrl\":\"https:\\\/\\\/gavri-src.addisnetwork.es\\\/blog\\\/wp-content\\\/uploads\\\/2021\\\/01\\\/cropped-LOGO-gavries-blog-1.png\",\"width\":520,\"height\":104,\"caption\":\"Blog de Gavri.es\"},\"image\":{\"@id\":\"https:\\\/\\\/gavri-src.addisnetwork.es\\\/blog\\\/#\\\/schema\\\/logo\\\/image\\\/\"}},{\"@type\":\"Person\",\"@id\":\"https:\\\/\\\/gavri-src.addisnetwork.es\\\/blog\\\/#\\\/schema\\\/person\\\/3df0699bd314187860df00e3b73fbf75\",\"name\":\"Gavri\",\"image\":{\"@type\":\"ImageObject\",\"inLanguage\":\"es\",\"@id\":\"https:\\\/\\\/secure.gravatar.com\\\/avatar\\\/6fc6afbbb919cee1ae64c74ed55bf75da72aade68e84f27c0a3a05bd98ccf2a0?s=96&d=mm&r=g\",\"url\":\"https:\\\/\\\/secure.gravatar.com\\\/avatar\\\/6fc6afbbb919cee1ae64c74ed55bf75da72aade68e84f27c0a3a05bd98ccf2a0?s=96&d=mm&r=g\",\"contentUrl\":\"https:\\\/\\\/secure.gravatar.com\\\/avatar\\\/6fc6afbbb919cee1ae64c74ed55bf75da72aade68e84f27c0a3a05bd98ccf2a0?s=96&d=mm&r=g\",\"caption\":\"Gavri\"},\"sameAs\":[\"https:\\\/\\\/gavri.es\\\/blog\"]}]}<\/script>\n<!-- \/ Yoast SEO plugin. -->","yoast_head_json":{"title":"C\u00f3mo usar los modos verano invierno de los ventiladores de techo","description":"En invierno el aire caliente se dirige hacia arribe y se queda ah\u00ed, de forma que existe estratificaci\u00f3n entre la parte superior e inferior.","robots":{"index":"index","follow":"follow","max-snippet":"max-snippet:-1","max-image-preview":"max-image-preview:large","max-video-preview":"max-video-preview:-1"},"canonical":"https:\/\/gavri-src.addisnetwork.es\/blog\/ventiladores-de-techo-adelante-o-hacia-atras.html","og_locale":"es_ES","og_type":"article","og_title":"C\u00f3mo usar los modos verano invierno de los ventiladores de techo","og_description":"En invierno el aire caliente se dirige hacia arribe y se queda ah\u00ed, de forma que existe estratificaci\u00f3n entre la parte superior e inferior.","og_url":"https:\/\/gavri-src.addisnetwork.es\/blog\/ventiladores-de-techo-adelante-o-hacia-atras.html","og_site_name":"Blog de Gavri.es","article_published_time":"2021-03-22T12:37:00+00:00","article_modified_time":"2021-04-30T14:34:51+00:00","og_image":[{"width":1900,"height":781,"url":"https:\/\/gavri-src.addisnetwork.es\/blog\/wp-content\/uploads\/2021\/03\/ventilador-de-techo-modo-invierno-verano.jpg","type":"image\/jpeg"}],"author":"Gavri","twitter_card":"summary_large_image","twitter_misc":{"Escrito por":"Gavri","Tiempo de lectura":"3 minutos"},"schema":{"@context":"https:\/\/schema.org","@graph":[{"@type":"Article","@id":"https:\/\/gavri-src.addisnetwork.es\/blog\/ventiladores-de-techo-adelante-o-hacia-atras.html#article","isPartOf":{"@id":"https:\/\/gavri-src.addisnetwork.es\/blog\/ventiladores-de-techo-adelante-o-hacia-atras.html"},"author":{"name":"Gavri","@id":"https:\/\/gavri-src.addisnetwork.es\/blog\/#\/schema\/person\/3df0699bd314187860df00e3b73fbf75"},"headline":"C\u00f3mo usar correctamente los modos de los ventiladores de techo \u00bfAdelante o hacia atr\u00e1s?","datePublished":"2021-03-22T12:37:00+00:00","dateModified":"2021-04-30T14:34:51+00:00","mainEntityOfPage":{"@id":"https:\/\/gavri-src.addisnetwork.es\/blog\/ventiladores-de-techo-adelante-o-hacia-atras.html"},"wordCount":422,"commentCount":0,"publisher":{"@id":"https:\/\/gavri-src.addisnetwork.es\/blog\/#organization"},"image":{"@id":"https:\/\/gavri-src.addisnetwork.es\/blog\/ventiladores-de-techo-adelante-o-hacia-atras.html#primaryimage"},"thumbnailUrl":"https:\/\/gavri-src.addisnetwork.es\/blog\/wp-content\/uploads\/2021\/03\/ventilador-de-techo-modo-invierno-verano.jpg","inLanguage":"es","potentialAction":[{"@type":"CommentAction","name":"Comment","target":["https:\/\/gavri-src.addisnetwork.es\/blog\/ventiladores-de-techo-adelante-o-hacia-atras.html#respond"]}]},{"@type":"WebPage","@id":"https:\/\/gavri-src.addisnetwork.es\/blog\/ventiladores-de-techo-adelante-o-hacia-atras.html","url":"https:\/\/gavri-src.addisnetwork.es\/blog\/ventiladores-de-techo-adelante-o-hacia-atras.html","name":"C\u00f3mo usar los modos verano invierno de los ventiladores de techo","isPartOf":{"@id":"https:\/\/gavri-src.addisnetwork.es\/blog\/#website"},"primaryImageOfPage":{"@id":"https:\/\/gavri-src.addisnetwork.es\/blog\/ventiladores-de-techo-adelante-o-hacia-atras.html#primaryimage"},"image":{"@id":"https:\/\/gavri-src.addisnetwork.es\/blog\/ventiladores-de-techo-adelante-o-hacia-atras.html#primaryimage"},"thumbnailUrl":"https:\/\/gavri-src.addisnetwork.es\/blog\/wp-content\/uploads\/2021\/03\/ventilador-de-techo-modo-invierno-verano.jpg","datePublished":"2021-03-22T12:37:00+00:00","dateModified":"2021-04-30T14:34:51+00:00","description":"En invierno el aire caliente se dirige hacia arribe y se queda ah\u00ed, de forma que existe estratificaci\u00f3n entre la parte superior e inferior.","breadcrumb":{"@id":"https:\/\/gavri-src.addisnetwork.es\/blog\/ventiladores-de-techo-adelante-o-hacia-atras.html#breadcrumb"},"inLanguage":"es","potentialAction":[{"@type":"ReadAction","target":["https:\/\/gavri-src.addisnetwork.es\/blog\/ventiladores-de-techo-adelante-o-hacia-atras.html"]}]},{"@type":"ImageObject","inLanguage":"es","@id":"https:\/\/gavri-src.addisnetwork.es\/blog\/ventiladores-de-techo-adelante-o-hacia-atras.html#primaryimage","url":"https:\/\/gavri-src.addisnetwork.es\/blog\/wp-content\/uploads\/2021\/03\/ventilador-de-techo-modo-invierno-verano.jpg","contentUrl":"https:\/\/gavri-src.addisnetwork.es\/blog\/wp-content\/uploads\/2021\/03\/ventilador-de-techo-modo-invierno-verano.jpg","width":1900,"height":781},{"@type":"BreadcrumbList","@id":"https:\/\/gavri-src.addisnetwork.es\/blog\/ventiladores-de-techo-adelante-o-hacia-atras.html#breadcrumb","itemListElement":[{"@type":"ListItem","position":1,"name":"Portada","item":"https:\/\/gavri-src.addisnetwork.es\/blog"},{"@type":"ListItem","position":2,"name":"C\u00f3mo usar correctamente los modos de los ventiladores de techo \u00bfAdelante o hacia atr\u00e1s?"}]},{"@type":"WebSite","@id":"https:\/\/gavri-src.addisnetwork.es\/blog\/#website","url":"https:\/\/gavri-src.addisnetwork.es\/blog\/","name":"Blog de Gavri.es","description":"Blog de Gavri.es","publisher":{"@id":"https:\/\/gavri-src.addisnetwork.es\/blog\/#organization"},"potentialAction":[{"@type":"SearchAction","target":{"@type":"EntryPoint","urlTemplate":"https:\/\/gavri-src.addisnetwork.es\/blog\/?s={search_term_string}"},"query-input":{"@type":"PropertyValueSpecification","valueRequired":true,"valueName":"search_term_string"}}],"inLanguage":"es"},{"@type":"Organization","@id":"https:\/\/gavri-src.addisnetwork.es\/blog\/#organization","name":"Blog de Gavri.es","url":"https:\/\/gavri-src.addisnetwork.es\/blog\/","logo":{"@type":"ImageObject","inLanguage":"es","@id":"https:\/\/gavri-src.addisnetwork.es\/blog\/#\/schema\/logo\/image\/","url":"https:\/\/gavri-src.addisnetwork.es\/blog\/wp-content\/uploads\/2021\/01\/cropped-LOGO-gavries-blog-1.png","contentUrl":"https:\/\/gavri-src.addisnetwork.es\/blog\/wp-content\/uploads\/2021\/01\/cropped-LOGO-gavries-blog-1.png","width":520,"height":104,"caption":"Blog de Gavri.es"},"image":{"@id":"https:\/\/gavri-src.addisnetwork.es\/blog\/#\/schema\/logo\/image\/"}},{"@type":"Person","@id":"https:\/\/gavri-src.addisnetwork.es\/blog\/#\/schema\/person\/3df0699bd314187860df00e3b73fbf75","name":"Gavri","image":{"@type":"ImageObject","inLanguage":"es","@id":"https:\/\/secure.gravatar.com\/avatar\/6fc6afbbb919cee1ae64c74ed55bf75da72aade68e84f27c0a3a05bd98ccf2a0?s=96&d=mm&r=g","url":"https:\/\/secure.gravatar.com\/avatar\/6fc6afbbb919cee1ae64c74ed55bf75da72aade68e84f27c0a3a05bd98ccf2a0?s=96&d=mm&r=g","contentUrl":"https:\/\/secure.gravatar.com\/avatar\/6fc6afbbb919cee1ae64c74ed55bf75da72aade68e84f27c0a3a05bd98ccf2a0?s=96&d=mm&r=g","caption":"Gavri"},"sameAs":["https:\/\/gavri.es\/blog"]}]}},"_links":{"self":[{"href":"https:\/\/gavri-src.addisnetwork.es\/blog\/wp-json\/wp\/v2\/posts\/303","targetHints":{"allow":["GET"]}}],"collection":[{"href":"https:\/\/gavri-src.addisnetwork.es\/blog\/wp-json\/wp\/v2\/posts"}],"about":[{"href":"https:\/\/gavri-src.addisnetwork.es\/blog\/wp-json\/wp\/v2\/types\/post"}],"author":[{"embeddable":true,"href":"https:\/\/gavri-src.addisnetwork.es\/blog\/wp-json\/wp\/v2\/users\/1"}],"replies":[{"embeddable":true,"href":"https:\/\/gavri-src.addisnetwork.es\/blog\/wp-json\/wp\/v2\/comments?post=303"}],"version-history":[{"count":7,"href":"https:\/\/gavri-src.addisnetwork.es\/blog\/wp-json\/wp\/v2\/posts\/303\/revisions"}],"predecessor-version":[{"id":462,"href":"https:\/\/gavri-src.addisnetwork.es\/blog\/wp-json\/wp\/v2\/posts\/303\/revisions\/462"}],"wp:featuredmedia":[{"embeddable":true,"href":"https:\/\/gavri-src.addisnetwork.es\/blog\/wp-json\/wp\/v2\/media\/298"}],"wp:attachment":[{"href":"https:\/\/gavri-src.addisnetwork.es\/blog\/wp-json\/wp\/v2\/media?parent=303"}],"wp:term":[{"taxonomy":"category","embeddable":true,"href":"https:\/\/gavri-src.addisnetwork.es\/blog\/wp-json\/wp\/v2\/categories?post=303"},{"taxonomy":"post_tag","embeddable":true,"href":"https:\/\/gavri-src.addisnetwork.es\/blog\/wp-json\/wp\/v2\/tags?post=303"}],"curies":[{"name":"wp","href":"https:\/\/api.w.org\/{rel}","templated":true}]}}