{"id":310,"date":"2021-03-25T13:44:00","date_gmt":"2021-03-25T13:44:00","guid":{"rendered":"https:\/\/gavri.es\/blog\/?p=310"},"modified":"2021-04-30T14:34:32","modified_gmt":"2021-04-30T14:34:32","slug":"como-regular-correctamente-la-velocidad-de-un-ventilador-de-techo","status":"publish","type":"post","link":"https:\/\/gavri-src.addisnetwork.es\/blog\/como-regular-correctamente-la-velocidad-de-un-ventilador-de-techo.html","title":{"rendered":"\u00bfC\u00f3mo regular correctamente la velocidad de un ventilador de techo?"},"content":{"rendered":"\n<p>Ya sea por mando a distancia, cadena o interruptor de pared los ventiladores de techo pueden regularse de m\u00faltiples formas. La gran mayor\u00eda de los ventiladores de techo incluyen mandos a distancia (especialmente todos los modelos ECO), aun as\u00ed hay modelos que se pueden usar tambi\u00e9n con interruptor de pared.<\/p>\n\n\n\n<p>Los modelos econ\u00f3micos suelen funcionar por cadenas aunque se le pueden acoplar mando a distancia o interruptor de pared.<\/p>\n\n\n\n<h2 class=\"wp-block-heading\">\u00bfCu\u00e1ntas velocidades tiene un ventilador de techo?<\/h2>\n\n\n\n<p>Los modelos est\u00e1ndar, es decir, los que incorporan motores AC de corriente alterna, suelen disponer de las 3 velocidades est\u00e1ndar (alta, media o baja). Aun as\u00ed, los modelos \u201cECO\u201d con motores de bajo consumo incorporan hasta 6 velocidades que se controlan mediante el mando a distancia, siendo la <a href=\"https:\/\/www.electronicafacil.net\/foros\/PNphpBB2-viewtopic-t-7934.html\" rel=\"nofollow\">m\u00e1s baja<\/a> de todas las velocidades, la \u201cslow motion\u201d, ideal para usarla para ir a dormir.<\/p>\n\n\n\n<h2 class=\"wp-block-heading\">\u00bfC\u00f3mo se controla un ventilador? \u00bfEn qu\u00e9 modelos se puede usar un mando a distancia?<\/h2>\n\n\n\n<p>Como dec\u00edamos, se pueden usar con cadenas, mando a distancia o interruptor de pared. Cons\u00falta la ficha de producto para ver si el modelo es susceptible para comprar mando a distancia o interruptor de pared por separado. Estos se encuentran en <strong><u><a href=\"https:\/\/gavri.es\/mandos-a-distancia-e-interruptores-de-pared\">esta secci\u00f3n<\/a><\/u><\/strong> de nuestra web.<\/p>\n\n\n\n<h2 class=\"wp-block-heading\">\u00bfA qu\u00e9 velocidad debe funcionar un ventilador de techo en invierno?<\/h2>\n\n\n\n<p>En invierno es particularmente importante controlar la velocidad de un ventilador de techo. El aire a altas velocidades del aire provoca un enfriamiento por evaporaci\u00f3n en el cuerpo, lo que hace que tengamos sensaci\u00f3n de calor. Se invierte la direcci\u00f3n del viento con el modo invierno para que el aire vaya hacia arribe, haga que el aire caliente rebote, y sobretodo que no nos cree sensaci\u00f3n de fr\u00edo. Aun as\u00ed, esto debe de hacerse a velocidades bajas para que no moleste ni se cree sensaci\u00f3n de fr\u00edo.<\/p>\n\n\n\n<h2 class=\"wp-block-heading\">\u00bfA qu\u00e9 velocidad debe funcionar un ventilador de techo en verano?<\/h2>\n\n\n\n<p>En verano, debido a las altas temperaturas, es importante que el ventilador cree suficiente aire fresco\/ fr\u00edo. Para ello se requiere que el ventilador funcione a velocidades m\u00e1s altas.<\/p>\n\n\n\n<p>El aire que fluye sobre la piel asegura que la humedad se evapore en la superficie de la piel y se enfr\u00ede. Pero tenga cuidado: es muy f\u00e1cil poner los ventiladores demasiado altos y acabar en un un resfriado.<\/p>\n\n\n\n<p>Generalmente existen las siguientes opciones para regular la velocidad de un ventilador de techo: mediante control remoto por radio o infrarrojos, mediante un transformador o con control de velocidad continuo. Cada uno de estos tipos de control tiene sus ventajas y desventajas, dependiendo de la zona en la que se utilice el ventilador.<\/p>\n\n\n\n<p>Para cualquier otra duda al respecto por favor ponte en contacto con nosotros, en <a href=\"https:\/\/gavri.es\/contactenos\">https:\/\/gavri.es\/contactenos<\/a><\/p>\n","protected":false},"excerpt":{"rendered":"<p>Ya sea por mando a distancia, cadena o interruptor de pared los ventiladores de techo pueden regularse de m\u00faltiples formas. La gran mayor\u00eda de los ventiladores de techo incluyen mandos a distancia (especialmente todos los modelos &#8230; <a title=\"\u00bfC\u00f3mo regular correctamente la velocidad de un ventilador de techo?\" class=\"read-more\" href=\"https:\/\/gavri-src.addisnetwork.es\/blog\/como-regular-correctamente-la-velocidad-de-un-ventilador-de-techo.html\" aria-label=\"M\u00e1s en \u00bfC\u00f3mo regular correctamente la velocidad de un ventilador de techo?\">Leer m\u00e1s<\/a><\/p>\n","protected":false},"author":1,"featured_media":296,"comment_status":"open","ping_status":"closed","sticky":false,"template":"","format":"standard","meta":{"footnotes":""},"categories":[1],"tags":[],"class_list":["post-310","post","type-post","status-publish","format-standard","has-post-thumbnail","hentry","category-sin-categoria","generate-columns","tablet-grid-50","mobile-grid-100","grid-parent","grid-50","no-featured-image-padding"],"yoast_head":"<!-- This site is optimized with the Yoast SEO plugin v27.4 - https:\/\/yoast.com\/product\/yoast-seo-wordpress\/ -->\n<title>\u00bfC\u00f3mo regular correctamente la velocidad de un ventilador de techo?<\/title>\n<meta name=\"description\" content=\"Los modelos est\u00e1ndar, es decir, los que incorporan motores AC de corriente alterna, suelen disponer de las 3 velocidades est\u00e1ndar.\" \/>\n<meta name=\"robots\" content=\"index, follow, max-snippet:-1, max-image-preview:large, max-video-preview:-1\" \/>\n<link rel=\"canonical\" href=\"https:\/\/gavri-src.addisnetwork.es\/blog\/como-regular-correctamente-la-velocidad-de-un-ventilador-de-techo.html\" \/>\n<meta property=\"og:locale\" content=\"es_ES\" \/>\n<meta property=\"og:type\" content=\"article\" \/>\n<meta property=\"og:title\" content=\"\u00bfC\u00f3mo regular correctamente la velocidad de un ventilador de techo?\" \/>\n<meta property=\"og:description\" content=\"Los modelos est\u00e1ndar, es decir, los que incorporan motores AC de corriente alterna, suelen disponer de las 3 velocidades est\u00e1ndar.\" \/>\n<meta property=\"og:url\" content=\"https:\/\/gavri-src.addisnetwork.es\/blog\/como-regular-correctamente-la-velocidad-de-un-ventilador-de-techo.html\" \/>\n<meta property=\"og:site_name\" content=\"Blog de Gavri.es\" \/>\n<meta property=\"article:published_time\" content=\"2021-03-25T13:44:00+00:00\" \/>\n<meta property=\"article:modified_time\" content=\"2021-04-30T14:34:32+00:00\" \/>\n<meta property=\"og:image\" content=\"https:\/\/gavri-src.addisnetwork.es\/blog\/wp-content\/uploads\/2021\/03\/como-controlar-ventilador-de-tech.jpg\" \/>\n\t<meta property=\"og:image:width\" content=\"1900\" \/>\n\t<meta property=\"og:image:height\" content=\"781\" \/>\n\t<meta property=\"og:image:type\" content=\"image\/jpeg\" \/>\n<meta name=\"author\" content=\"Gavri\" \/>\n<meta name=\"twitter:card\" content=\"summary_large_image\" \/>\n<meta name=\"twitter:label1\" content=\"Escrito por\" \/>\n\t<meta name=\"twitter:data1\" content=\"Gavri\" \/>\n\t<meta name=\"twitter:label2\" content=\"Tiempo de lectura\" \/>\n\t<meta name=\"twitter:data2\" content=\"2 minutos\" \/>\n<script type=\"application\/ld+json\" class=\"yoast-schema-graph\">{\"@context\":\"https:\\\/\\\/schema.org\",\"@graph\":[{\"@type\":\"Article\",\"@id\":\"https:\\\/\\\/gavri-src.addisnetwork.es\\\/blog\\\/como-regular-correctamente-la-velocidad-de-un-ventilador-de-techo.html#article\",\"isPartOf\":{\"@id\":\"https:\\\/\\\/gavri-src.addisnetwork.es\\\/blog\\\/como-regular-correctamente-la-velocidad-de-un-ventilador-de-techo.html\"},\"author\":{\"name\":\"Gavri\",\"@id\":\"https:\\\/\\\/gavri-src.addisnetwork.es\\\/blog\\\/#\\\/schema\\\/person\\\/3df0699bd314187860df00e3b73fbf75\"},\"headline\":\"\u00bfC\u00f3mo regular correctamente la velocidad de un ventilador de techo?\",\"datePublished\":\"2021-03-25T13:44:00+00:00\",\"dateModified\":\"2021-04-30T14:34:32+00:00\",\"mainEntityOfPage\":{\"@id\":\"https:\\\/\\\/gavri-src.addisnetwork.es\\\/blog\\\/como-regular-correctamente-la-velocidad-de-un-ventilador-de-techo.html\"},\"wordCount\":481,\"commentCount\":0,\"publisher\":{\"@id\":\"https:\\\/\\\/gavri-src.addisnetwork.es\\\/blog\\\/#organization\"},\"image\":{\"@id\":\"https:\\\/\\\/gavri-src.addisnetwork.es\\\/blog\\\/como-regular-correctamente-la-velocidad-de-un-ventilador-de-techo.html#primaryimage\"},\"thumbnailUrl\":\"https:\\\/\\\/gavri-src.addisnetwork.es\\\/blog\\\/wp-content\\\/uploads\\\/2021\\\/03\\\/como-controlar-ventilador-de-tech.jpg\",\"inLanguage\":\"es\",\"potentialAction\":[{\"@type\":\"CommentAction\",\"name\":\"Comment\",\"target\":[\"https:\\\/\\\/gavri-src.addisnetwork.es\\\/blog\\\/como-regular-correctamente-la-velocidad-de-un-ventilador-de-techo.html#respond\"]}]},{\"@type\":\"WebPage\",\"@id\":\"https:\\\/\\\/gavri-src.addisnetwork.es\\\/blog\\\/como-regular-correctamente-la-velocidad-de-un-ventilador-de-techo.html\",\"url\":\"https:\\\/\\\/gavri-src.addisnetwork.es\\\/blog\\\/como-regular-correctamente-la-velocidad-de-un-ventilador-de-techo.html\",\"name\":\"\u00bfC\u00f3mo regular correctamente la velocidad de un ventilador de techo?\",\"isPartOf\":{\"@id\":\"https:\\\/\\\/gavri-src.addisnetwork.es\\\/blog\\\/#website\"},\"primaryImageOfPage\":{\"@id\":\"https:\\\/\\\/gavri-src.addisnetwork.es\\\/blog\\\/como-regular-correctamente-la-velocidad-de-un-ventilador-de-techo.html#primaryimage\"},\"image\":{\"@id\":\"https:\\\/\\\/gavri-src.addisnetwork.es\\\/blog\\\/como-regular-correctamente-la-velocidad-de-un-ventilador-de-techo.html#primaryimage\"},\"thumbnailUrl\":\"https:\\\/\\\/gavri-src.addisnetwork.es\\\/blog\\\/wp-content\\\/uploads\\\/2021\\\/03\\\/como-controlar-ventilador-de-tech.jpg\",\"datePublished\":\"2021-03-25T13:44:00+00:00\",\"dateModified\":\"2021-04-30T14:34:32+00:00\",\"description\":\"Los modelos est\u00e1ndar, es decir, los que incorporan motores AC de corriente alterna, suelen disponer de las 3 velocidades est\u00e1ndar.\",\"breadcrumb\":{\"@id\":\"https:\\\/\\\/gavri-src.addisnetwork.es\\\/blog\\\/como-regular-correctamente-la-velocidad-de-un-ventilador-de-techo.html#breadcrumb\"},\"inLanguage\":\"es\",\"potentialAction\":[{\"@type\":\"ReadAction\",\"target\":[\"https:\\\/\\\/gavri-src.addisnetwork.es\\\/blog\\\/como-regular-correctamente-la-velocidad-de-un-ventilador-de-techo.html\"]}]},{\"@type\":\"ImageObject\",\"inLanguage\":\"es\",\"@id\":\"https:\\\/\\\/gavri-src.addisnetwork.es\\\/blog\\\/como-regular-correctamente-la-velocidad-de-un-ventilador-de-techo.html#primaryimage\",\"url\":\"https:\\\/\\\/gavri-src.addisnetwork.es\\\/blog\\\/wp-content\\\/uploads\\\/2021\\\/03\\\/como-controlar-ventilador-de-tech.jpg\",\"contentUrl\":\"https:\\\/\\\/gavri-src.addisnetwork.es\\\/blog\\\/wp-content\\\/uploads\\\/2021\\\/03\\\/como-controlar-ventilador-de-tech.jpg\",\"width\":1900,\"height\":781},{\"@type\":\"BreadcrumbList\",\"@id\":\"https:\\\/\\\/gavri-src.addisnetwork.es\\\/blog\\\/como-regular-correctamente-la-velocidad-de-un-ventilador-de-techo.html#breadcrumb\",\"itemListElement\":[{\"@type\":\"ListItem\",\"position\":1,\"name\":\"Portada\",\"item\":\"https:\\\/\\\/gavri-src.addisnetwork.es\\\/blog\"},{\"@type\":\"ListItem\",\"position\":2,\"name\":\"\u00bfC\u00f3mo regular correctamente la velocidad de un ventilador de techo?\"}]},{\"@type\":\"WebSite\",\"@id\":\"https:\\\/\\\/gavri-src.addisnetwork.es\\\/blog\\\/#website\",\"url\":\"https:\\\/\\\/gavri-src.addisnetwork.es\\\/blog\\\/\",\"name\":\"Blog de Gavri.es\",\"description\":\"Blog de Gavri.es\",\"publisher\":{\"@id\":\"https:\\\/\\\/gavri-src.addisnetwork.es\\\/blog\\\/#organization\"},\"potentialAction\":[{\"@type\":\"SearchAction\",\"target\":{\"@type\":\"EntryPoint\",\"urlTemplate\":\"https:\\\/\\\/gavri-src.addisnetwork.es\\\/blog\\\/?s={search_term_string}\"},\"query-input\":{\"@type\":\"PropertyValueSpecification\",\"valueRequired\":true,\"valueName\":\"search_term_string\"}}],\"inLanguage\":\"es\"},{\"@type\":\"Organization\",\"@id\":\"https:\\\/\\\/gavri-src.addisnetwork.es\\\/blog\\\/#organization\",\"name\":\"Blog de Gavri.es\",\"url\":\"https:\\\/\\\/gavri-src.addisnetwork.es\\\/blog\\\/\",\"logo\":{\"@type\":\"ImageObject\",\"inLanguage\":\"es\",\"@id\":\"https:\\\/\\\/gavri-src.addisnetwork.es\\\/blog\\\/#\\\/schema\\\/logo\\\/image\\\/\",\"url\":\"https:\\\/\\\/gavri-src.addisnetwork.es\\\/blog\\\/wp-content\\\/uploads\\\/2021\\\/01\\\/cropped-LOGO-gavries-blog-1.png\",\"contentUrl\":\"https:\\\/\\\/gavri-src.addisnetwork.es\\\/blog\\\/wp-content\\\/uploads\\\/2021\\\/01\\\/cropped-LOGO-gavries-blog-1.png\",\"width\":520,\"height\":104,\"caption\":\"Blog de Gavri.es\"},\"image\":{\"@id\":\"https:\\\/\\\/gavri-src.addisnetwork.es\\\/blog\\\/#\\\/schema\\\/logo\\\/image\\\/\"}},{\"@type\":\"Person\",\"@id\":\"https:\\\/\\\/gavri-src.addisnetwork.es\\\/blog\\\/#\\\/schema\\\/person\\\/3df0699bd314187860df00e3b73fbf75\",\"name\":\"Gavri\",\"image\":{\"@type\":\"ImageObject\",\"inLanguage\":\"es\",\"@id\":\"https:\\\/\\\/secure.gravatar.com\\\/avatar\\\/6fc6afbbb919cee1ae64c74ed55bf75da72aade68e84f27c0a3a05bd98ccf2a0?s=96&d=mm&r=g\",\"url\":\"https:\\\/\\\/secure.gravatar.com\\\/avatar\\\/6fc6afbbb919cee1ae64c74ed55bf75da72aade68e84f27c0a3a05bd98ccf2a0?s=96&d=mm&r=g\",\"contentUrl\":\"https:\\\/\\\/secure.gravatar.com\\\/avatar\\\/6fc6afbbb919cee1ae64c74ed55bf75da72aade68e84f27c0a3a05bd98ccf2a0?s=96&d=mm&r=g\",\"caption\":\"Gavri\"},\"sameAs\":[\"https:\\\/\\\/gavri.es\\\/blog\"]}]}<\/script>\n<!-- \/ Yoast SEO plugin. -->","yoast_head_json":{"title":"\u00bfC\u00f3mo regular correctamente la velocidad de un ventilador de techo?","description":"Los modelos est\u00e1ndar, es decir, los que incorporan motores AC de corriente alterna, suelen disponer de las 3 velocidades est\u00e1ndar.","robots":{"index":"index","follow":"follow","max-snippet":"max-snippet:-1","max-image-preview":"max-image-preview:large","max-video-preview":"max-video-preview:-1"},"canonical":"https:\/\/gavri-src.addisnetwork.es\/blog\/como-regular-correctamente-la-velocidad-de-un-ventilador-de-techo.html","og_locale":"es_ES","og_type":"article","og_title":"\u00bfC\u00f3mo regular correctamente la velocidad de un ventilador de techo?","og_description":"Los modelos est\u00e1ndar, es decir, los que incorporan motores AC de corriente alterna, suelen disponer de las 3 velocidades est\u00e1ndar.","og_url":"https:\/\/gavri-src.addisnetwork.es\/blog\/como-regular-correctamente-la-velocidad-de-un-ventilador-de-techo.html","og_site_name":"Blog de Gavri.es","article_published_time":"2021-03-25T13:44:00+00:00","article_modified_time":"2021-04-30T14:34:32+00:00","og_image":[{"width":1900,"height":781,"url":"https:\/\/gavri-src.addisnetwork.es\/blog\/wp-content\/uploads\/2021\/03\/como-controlar-ventilador-de-tech.jpg","type":"image\/jpeg"}],"author":"Gavri","twitter_card":"summary_large_image","twitter_misc":{"Escrito por":"Gavri","Tiempo de lectura":"2 minutos"},"schema":{"@context":"https:\/\/schema.org","@graph":[{"@type":"Article","@id":"https:\/\/gavri-src.addisnetwork.es\/blog\/como-regular-correctamente-la-velocidad-de-un-ventilador-de-techo.html#article","isPartOf":{"@id":"https:\/\/gavri-src.addisnetwork.es\/blog\/como-regular-correctamente-la-velocidad-de-un-ventilador-de-techo.html"},"author":{"name":"Gavri","@id":"https:\/\/gavri-src.addisnetwork.es\/blog\/#\/schema\/person\/3df0699bd314187860df00e3b73fbf75"},"headline":"\u00bfC\u00f3mo regular correctamente la velocidad de un ventilador de techo?","datePublished":"2021-03-25T13:44:00+00:00","dateModified":"2021-04-30T14:34:32+00:00","mainEntityOfPage":{"@id":"https:\/\/gavri-src.addisnetwork.es\/blog\/como-regular-correctamente-la-velocidad-de-un-ventilador-de-techo.html"},"wordCount":481,"commentCount":0,"publisher":{"@id":"https:\/\/gavri-src.addisnetwork.es\/blog\/#organization"},"image":{"@id":"https:\/\/gavri-src.addisnetwork.es\/blog\/como-regular-correctamente-la-velocidad-de-un-ventilador-de-techo.html#primaryimage"},"thumbnailUrl":"https:\/\/gavri-src.addisnetwork.es\/blog\/wp-content\/uploads\/2021\/03\/como-controlar-ventilador-de-tech.jpg","inLanguage":"es","potentialAction":[{"@type":"CommentAction","name":"Comment","target":["https:\/\/gavri-src.addisnetwork.es\/blog\/como-regular-correctamente-la-velocidad-de-un-ventilador-de-techo.html#respond"]}]},{"@type":"WebPage","@id":"https:\/\/gavri-src.addisnetwork.es\/blog\/como-regular-correctamente-la-velocidad-de-un-ventilador-de-techo.html","url":"https:\/\/gavri-src.addisnetwork.es\/blog\/como-regular-correctamente-la-velocidad-de-un-ventilador-de-techo.html","name":"\u00bfC\u00f3mo regular correctamente la velocidad de un ventilador de techo?","isPartOf":{"@id":"https:\/\/gavri-src.addisnetwork.es\/blog\/#website"},"primaryImageOfPage":{"@id":"https:\/\/gavri-src.addisnetwork.es\/blog\/como-regular-correctamente-la-velocidad-de-un-ventilador-de-techo.html#primaryimage"},"image":{"@id":"https:\/\/gavri-src.addisnetwork.es\/blog\/como-regular-correctamente-la-velocidad-de-un-ventilador-de-techo.html#primaryimage"},"thumbnailUrl":"https:\/\/gavri-src.addisnetwork.es\/blog\/wp-content\/uploads\/2021\/03\/como-controlar-ventilador-de-tech.jpg","datePublished":"2021-03-25T13:44:00+00:00","dateModified":"2021-04-30T14:34:32+00:00","description":"Los modelos est\u00e1ndar, es decir, los que incorporan motores AC de corriente alterna, suelen disponer de las 3 velocidades est\u00e1ndar.","breadcrumb":{"@id":"https:\/\/gavri-src.addisnetwork.es\/blog\/como-regular-correctamente-la-velocidad-de-un-ventilador-de-techo.html#breadcrumb"},"inLanguage":"es","potentialAction":[{"@type":"ReadAction","target":["https:\/\/gavri-src.addisnetwork.es\/blog\/como-regular-correctamente-la-velocidad-de-un-ventilador-de-techo.html"]}]},{"@type":"ImageObject","inLanguage":"es","@id":"https:\/\/gavri-src.addisnetwork.es\/blog\/como-regular-correctamente-la-velocidad-de-un-ventilador-de-techo.html#primaryimage","url":"https:\/\/gavri-src.addisnetwork.es\/blog\/wp-content\/uploads\/2021\/03\/como-controlar-ventilador-de-tech.jpg","contentUrl":"https:\/\/gavri-src.addisnetwork.es\/blog\/wp-content\/uploads\/2021\/03\/como-controlar-ventilador-de-tech.jpg","width":1900,"height":781},{"@type":"BreadcrumbList","@id":"https:\/\/gavri-src.addisnetwork.es\/blog\/como-regular-correctamente-la-velocidad-de-un-ventilador-de-techo.html#breadcrumb","itemListElement":[{"@type":"ListItem","position":1,"name":"Portada","item":"https:\/\/gavri-src.addisnetwork.es\/blog"},{"@type":"ListItem","position":2,"name":"\u00bfC\u00f3mo regular correctamente la velocidad de un ventilador de techo?"}]},{"@type":"WebSite","@id":"https:\/\/gavri-src.addisnetwork.es\/blog\/#website","url":"https:\/\/gavri-src.addisnetwork.es\/blog\/","name":"Blog de Gavri.es","description":"Blog de Gavri.es","publisher":{"@id":"https:\/\/gavri-src.addisnetwork.es\/blog\/#organization"},"potentialAction":[{"@type":"SearchAction","target":{"@type":"EntryPoint","urlTemplate":"https:\/\/gavri-src.addisnetwork.es\/blog\/?s={search_term_string}"},"query-input":{"@type":"PropertyValueSpecification","valueRequired":true,"valueName":"search_term_string"}}],"inLanguage":"es"},{"@type":"Organization","@id":"https:\/\/gavri-src.addisnetwork.es\/blog\/#organization","name":"Blog de Gavri.es","url":"https:\/\/gavri-src.addisnetwork.es\/blog\/","logo":{"@type":"ImageObject","inLanguage":"es","@id":"https:\/\/gavri-src.addisnetwork.es\/blog\/#\/schema\/logo\/image\/","url":"https:\/\/gavri-src.addisnetwork.es\/blog\/wp-content\/uploads\/2021\/01\/cropped-LOGO-gavries-blog-1.png","contentUrl":"https:\/\/gavri-src.addisnetwork.es\/blog\/wp-content\/uploads\/2021\/01\/cropped-LOGO-gavries-blog-1.png","width":520,"height":104,"caption":"Blog de Gavri.es"},"image":{"@id":"https:\/\/gavri-src.addisnetwork.es\/blog\/#\/schema\/logo\/image\/"}},{"@type":"Person","@id":"https:\/\/gavri-src.addisnetwork.es\/blog\/#\/schema\/person\/3df0699bd314187860df00e3b73fbf75","name":"Gavri","image":{"@type":"ImageObject","inLanguage":"es","@id":"https:\/\/secure.gravatar.com\/avatar\/6fc6afbbb919cee1ae64c74ed55bf75da72aade68e84f27c0a3a05bd98ccf2a0?s=96&d=mm&r=g","url":"https:\/\/secure.gravatar.com\/avatar\/6fc6afbbb919cee1ae64c74ed55bf75da72aade68e84f27c0a3a05bd98ccf2a0?s=96&d=mm&r=g","contentUrl":"https:\/\/secure.gravatar.com\/avatar\/6fc6afbbb919cee1ae64c74ed55bf75da72aade68e84f27c0a3a05bd98ccf2a0?s=96&d=mm&r=g","caption":"Gavri"},"sameAs":["https:\/\/gavri.es\/blog"]}]}},"_links":{"self":[{"href":"https:\/\/gavri-src.addisnetwork.es\/blog\/wp-json\/wp\/v2\/posts\/310","targetHints":{"allow":["GET"]}}],"collection":[{"href":"https:\/\/gavri-src.addisnetwork.es\/blog\/wp-json\/wp\/v2\/posts"}],"about":[{"href":"https:\/\/gavri-src.addisnetwork.es\/blog\/wp-json\/wp\/v2\/types\/post"}],"author":[{"embeddable":true,"href":"https:\/\/gavri-src.addisnetwork.es\/blog\/wp-json\/wp\/v2\/users\/1"}],"replies":[{"embeddable":true,"href":"https:\/\/gavri-src.addisnetwork.es\/blog\/wp-json\/wp\/v2\/comments?post=310"}],"version-history":[{"count":3,"href":"https:\/\/gavri-src.addisnetwork.es\/blog\/wp-json\/wp\/v2\/posts\/310\/revisions"}],"predecessor-version":[{"id":460,"href":"https:\/\/gavri-src.addisnetwork.es\/blog\/wp-json\/wp\/v2\/posts\/310\/revisions\/460"}],"wp:featuredmedia":[{"embeddable":true,"href":"https:\/\/gavri-src.addisnetwork.es\/blog\/wp-json\/wp\/v2\/media\/296"}],"wp:attachment":[{"href":"https:\/\/gavri-src.addisnetwork.es\/blog\/wp-json\/wp\/v2\/media?parent=310"}],"wp:term":[{"taxonomy":"category","embeddable":true,"href":"https:\/\/gavri-src.addisnetwork.es\/blog\/wp-json\/wp\/v2\/categories?post=310"},{"taxonomy":"post_tag","embeddable":true,"href":"https:\/\/gavri-src.addisnetwork.es\/blog\/wp-json\/wp\/v2\/tags?post=310"}],"curies":[{"name":"wp","href":"https:\/\/api.w.org\/{rel}","templated":true}]}}