{"id":328,"date":"2021-04-28T13:04:42","date_gmt":"2021-04-28T13:04:42","guid":{"rendered":"https:\/\/gavri.es\/blog\/?p=328"},"modified":"2021-04-28T13:22:57","modified_gmt":"2021-04-28T13:22:57","slug":"instalacion-ventiladores-en-techos-muy-inclinados","status":"publish","type":"post","link":"https:\/\/gavri-src.addisnetwork.es\/blog\/instalacion-ventiladores-en-techos-muy-inclinados.html","title":{"rendered":"Gu\u00eda de Instalaci\u00f3n de ventiladores de techo en techos muy inclinados"},"content":{"rendered":"\n<p>Casi todos nuestros ventiladores de techo con barras de extensi\u00f3n (com\u00fanmente tambi\u00e9n llamadas varillas o tijas) se pueden <a href=\"https:\/\/gavri.es\/blog\/como-instalar-un-ventilador-en-un-techo-inclinado-b67.html\">instalar en techos inclinados.<\/a> La mayor\u00eda de los ventiladores de techo del fabricante CasaFan se pueden montar en techo con una inclinaci\u00f3n de hasta 16\u00ba sin problemas.<\/p>\n\n\n\n<p>En el caso de que la inclinaci\u00f3n del techo sea muy alta, en el mejor de los casos solo necesita una barra de techo m\u00e1s larga para que las aspas con el toquen con el techo inclinado o haya suficiente espacio para que corra el aire.<\/p>\n\n\n\n<p>Sin embargo, esto solo es posible hasta cierto grado de inclinaci\u00f3n (que var\u00eda seg\u00fan el modelo). Puede encontrar la informaci\u00f3n al respecto en la descripci\u00f3n de cada producto en <a href=\"https:\/\/gavri.es\/ventiladores-de-techo\">nuestra web<\/a>.<\/p>\n\n\n\n<hr class=\"wp-block-separator\"\/>\n\n\n\n<h2 class=\"wp-block-heading\"><strong>Mi techo es muy inclinado (m\u00e1s de 16\u00ba)<\/strong><\/h2>\n\n\n\n<p>Si el \u00e1ngulo de la pendiente de su techo excede la pendiente m\u00e1xima posible, existe la opci\u00f3n de utilizar una construcci\u00f3n auxiliar en el sitio. En este caso lo que vas a necesitar es una <strong>cu\u00f1a de madera<\/strong>, como se muestra en la siguiente imagen:<\/p>\n\n\n\n<figure class=\"wp-block-image size-large is-style-default\"><img loading=\"lazy\" decoding=\"async\" width=\"664\" height=\"472\" src=\"https:\/\/gavri.es\/blog\/wp-content\/uploads\/2021\/04\/ventiladoreds-de-techo-en-techo-muy-inclinado-edited.jpg\" alt=\"\" class=\"wp-image-330\" srcset=\"https:\/\/gavri-src.addisnetwork.es\/blog\/wp-content\/uploads\/2021\/04\/ventiladoreds-de-techo-en-techo-muy-inclinado-edited.jpg 664w, https:\/\/gavri-src.addisnetwork.es\/blog\/wp-content\/uploads\/2021\/04\/ventiladoreds-de-techo-en-techo-muy-inclinado-edited-300x213.jpg 300w\" sizes=\"auto, (max-width: 664px) 100vw, 664px\" \/><\/figure>\n\n\n\n<p><strong>\u00bfD\u00f3nde puedo conseguir una cu\u00f1a de madera?<\/strong><\/p>\n\n\n\n<p>Cuando nos referimos a una cu\u00f1a hablamos de un trozo de madera triangular hecho personalizable seg\u00fan la inclinaci\u00f3n del techo de cada casa. Esto es algo muy sencillo de conseguir a trav\u00e9s de un carpintero, de una forma r\u00e1pida y sencilla. Nuestra recomendaci\u00f3n para los techos muy altos es ponerse en contacto con un carpintero para que haga una cu\u00f1a para contrarestar la inclinaci\u00f3n de tu casa seg\u00fan los grados de pendiente de tu caso. Dependiendo de la naturaleza del techo, una construcci\u00f3n de metal tambi\u00e9n puede ser \u00fatil.<\/p>\n\n\n\n<p>Independientemente de que sea de madera o de metal, la construcci\u00f3n auxiliar (cu\u00f1a) debe fijarse a la pendiente de forma segura y sin resonancia. Adem\u00e1s, el soporte del ventilador de techo debe atornillarse de forma segura y firme a la estructura auxiliar.<\/p>\n\n\n\n<hr class=\"wp-block-separator\"\/>\n\n\n\n<h2 class=\"wp-block-heading\"><strong>Ventiladores de techo aptos para instalar en techos inclinados hasta 16\u00ba<\/strong><\/h2>\n\n\n\n<p>Para ver nuestra gama de modelos que pueden ser compatibles para techos inclinados haz clic en <a href=\"https:\/\/gavri.es\/ventiladores-de-techo?q=Instalaci%C3%B3n+en+techo+inclinado+-S%C3%AD\">este enlace. <\/a><\/p>\n\n\n\n<p><\/p>\n\n\n\n<p><\/p>\n","protected":false},"excerpt":{"rendered":"<p>Casi todos nuestros ventiladores de techo con barras de extensi\u00f3n (com\u00fanmente tambi\u00e9n llamadas varillas o tijas) se pueden instalar en techos inclinados. La mayor\u00eda de los ventiladores de techo del fabricante CasaFan se pueden montar en &#8230; <a title=\"Gu\u00eda de Instalaci\u00f3n de ventiladores de techo en techos muy inclinados\" class=\"read-more\" href=\"https:\/\/gavri-src.addisnetwork.es\/blog\/instalacion-ventiladores-en-techos-muy-inclinados.html\" aria-label=\"M\u00e1s en Gu\u00eda de Instalaci\u00f3n de ventiladores de techo en techos muy inclinados\">Leer m\u00e1s<\/a><\/p>\n","protected":false},"author":1,"featured_media":332,"comment_status":"open","ping_status":"closed","sticky":false,"template":"","format":"standard","meta":{"footnotes":""},"categories":[1],"tags":[],"class_list":["post-328","post","type-post","status-publish","format-standard","has-post-thumbnail","hentry","category-sin-categoria","generate-columns","tablet-grid-50","mobile-grid-100","grid-parent","grid-50","no-featured-image-padding"],"yoast_head":"<!-- This site is optimized with the Yoast SEO plugin v27.5 - https:\/\/yoast.com\/product\/yoast-seo-wordpress\/ -->\n<title>Gu\u00eda de Instalaci\u00f3n de ventiladores de techo en techos muy inclinados<\/title>\n<meta name=\"description\" content=\"Si tienes un techo de m\u00e1s de 16\u00ba de inclinaci\u00f3n te contamos c\u00f3mo montarlo para que te funcione correctamente.\" \/>\n<meta name=\"robots\" content=\"index, follow, max-snippet:-1, max-image-preview:large, max-video-preview:-1\" \/>\n<link rel=\"canonical\" href=\"https:\/\/gavri-src.addisnetwork.es\/blog\/instalacion-ventiladores-en-techos-muy-inclinados.html\" \/>\n<meta property=\"og:locale\" content=\"es_ES\" \/>\n<meta property=\"og:type\" content=\"article\" \/>\n<meta property=\"og:title\" content=\"Gu\u00eda de Instalaci\u00f3n de ventiladores de techo en techos muy inclinados\" \/>\n<meta property=\"og:description\" content=\"Si tienes un techo de m\u00e1s de 16\u00ba de inclinaci\u00f3n te contamos c\u00f3mo montarlo para que te funcione correctamente.\" \/>\n<meta property=\"og:url\" content=\"https:\/\/gavri-src.addisnetwork.es\/blog\/instalacion-ventiladores-en-techos-muy-inclinados.html\" \/>\n<meta property=\"og:site_name\" content=\"Blog de Gavri.es\" \/>\n<meta property=\"article:published_time\" content=\"2021-04-28T13:04:42+00:00\" \/>\n<meta property=\"article:modified_time\" content=\"2021-04-28T13:22:57+00:00\" \/>\n<meta property=\"og:image\" content=\"https:\/\/gavri-src.addisnetwork.es\/blog\/wp-content\/uploads\/2021\/04\/ventiladoreds-de-techo-en-techo-muy-inclinado-blog.jpg\" \/>\n\t<meta property=\"og:image:width\" content=\"1900\" \/>\n\t<meta property=\"og:image:height\" content=\"781\" \/>\n\t<meta property=\"og:image:type\" content=\"image\/jpeg\" \/>\n<meta name=\"author\" content=\"Gavri\" \/>\n<meta name=\"twitter:card\" content=\"summary_large_image\" \/>\n<meta name=\"twitter:label1\" content=\"Escrito por\" \/>\n\t<meta name=\"twitter:data1\" content=\"Gavri\" \/>\n\t<meta name=\"twitter:label2\" content=\"Tiempo de lectura\" \/>\n\t<meta name=\"twitter:data2\" content=\"2 minutos\" \/>\n<script type=\"application\/ld+json\" class=\"yoast-schema-graph\">{\"@context\":\"https:\\\/\\\/schema.org\",\"@graph\":[{\"@type\":\"Article\",\"@id\":\"https:\\\/\\\/gavri-src.addisnetwork.es\\\/blog\\\/instalacion-ventiladores-en-techos-muy-inclinados.html#article\",\"isPartOf\":{\"@id\":\"https:\\\/\\\/gavri-src.addisnetwork.es\\\/blog\\\/instalacion-ventiladores-en-techos-muy-inclinados.html\"},\"author\":{\"name\":\"Gavri\",\"@id\":\"https:\\\/\\\/gavri-src.addisnetwork.es\\\/blog\\\/#\\\/schema\\\/person\\\/3df0699bd314187860df00e3b73fbf75\"},\"headline\":\"Gu\u00eda de Instalaci\u00f3n de ventiladores de techo en techos muy inclinados\",\"datePublished\":\"2021-04-28T13:04:42+00:00\",\"dateModified\":\"2021-04-28T13:22:57+00:00\",\"mainEntityOfPage\":{\"@id\":\"https:\\\/\\\/gavri-src.addisnetwork.es\\\/blog\\\/instalacion-ventiladores-en-techos-muy-inclinados.html\"},\"wordCount\":385,\"commentCount\":0,\"publisher\":{\"@id\":\"https:\\\/\\\/gavri-src.addisnetwork.es\\\/blog\\\/#organization\"},\"image\":{\"@id\":\"https:\\\/\\\/gavri-src.addisnetwork.es\\\/blog\\\/instalacion-ventiladores-en-techos-muy-inclinados.html#primaryimage\"},\"thumbnailUrl\":\"https:\\\/\\\/gavri-src.addisnetwork.es\\\/blog\\\/wp-content\\\/uploads\\\/2021\\\/04\\\/ventiladoreds-de-techo-en-techo-muy-inclinado-blog.jpg\",\"inLanguage\":\"es\",\"potentialAction\":[{\"@type\":\"CommentAction\",\"name\":\"Comment\",\"target\":[\"https:\\\/\\\/gavri-src.addisnetwork.es\\\/blog\\\/instalacion-ventiladores-en-techos-muy-inclinados.html#respond\"]}]},{\"@type\":\"WebPage\",\"@id\":\"https:\\\/\\\/gavri-src.addisnetwork.es\\\/blog\\\/instalacion-ventiladores-en-techos-muy-inclinados.html\",\"url\":\"https:\\\/\\\/gavri-src.addisnetwork.es\\\/blog\\\/instalacion-ventiladores-en-techos-muy-inclinados.html\",\"name\":\"Gu\u00eda de Instalaci\u00f3n de ventiladores de techo en techos muy inclinados\",\"isPartOf\":{\"@id\":\"https:\\\/\\\/gavri-src.addisnetwork.es\\\/blog\\\/#website\"},\"primaryImageOfPage\":{\"@id\":\"https:\\\/\\\/gavri-src.addisnetwork.es\\\/blog\\\/instalacion-ventiladores-en-techos-muy-inclinados.html#primaryimage\"},\"image\":{\"@id\":\"https:\\\/\\\/gavri-src.addisnetwork.es\\\/blog\\\/instalacion-ventiladores-en-techos-muy-inclinados.html#primaryimage\"},\"thumbnailUrl\":\"https:\\\/\\\/gavri-src.addisnetwork.es\\\/blog\\\/wp-content\\\/uploads\\\/2021\\\/04\\\/ventiladoreds-de-techo-en-techo-muy-inclinado-blog.jpg\",\"datePublished\":\"2021-04-28T13:04:42+00:00\",\"dateModified\":\"2021-04-28T13:22:57+00:00\",\"description\":\"Si tienes un techo de m\u00e1s de 16\u00ba de inclinaci\u00f3n te contamos c\u00f3mo montarlo para que te funcione correctamente.\",\"breadcrumb\":{\"@id\":\"https:\\\/\\\/gavri-src.addisnetwork.es\\\/blog\\\/instalacion-ventiladores-en-techos-muy-inclinados.html#breadcrumb\"},\"inLanguage\":\"es\",\"potentialAction\":[{\"@type\":\"ReadAction\",\"target\":[\"https:\\\/\\\/gavri-src.addisnetwork.es\\\/blog\\\/instalacion-ventiladores-en-techos-muy-inclinados.html\"]}]},{\"@type\":\"ImageObject\",\"inLanguage\":\"es\",\"@id\":\"https:\\\/\\\/gavri-src.addisnetwork.es\\\/blog\\\/instalacion-ventiladores-en-techos-muy-inclinados.html#primaryimage\",\"url\":\"https:\\\/\\\/gavri-src.addisnetwork.es\\\/blog\\\/wp-content\\\/uploads\\\/2021\\\/04\\\/ventiladoreds-de-techo-en-techo-muy-inclinado-blog.jpg\",\"contentUrl\":\"https:\\\/\\\/gavri-src.addisnetwork.es\\\/blog\\\/wp-content\\\/uploads\\\/2021\\\/04\\\/ventiladoreds-de-techo-en-techo-muy-inclinado-blog.jpg\",\"width\":1900,\"height\":781},{\"@type\":\"BreadcrumbList\",\"@id\":\"https:\\\/\\\/gavri-src.addisnetwork.es\\\/blog\\\/instalacion-ventiladores-en-techos-muy-inclinados.html#breadcrumb\",\"itemListElement\":[{\"@type\":\"ListItem\",\"position\":1,\"name\":\"Portada\",\"item\":\"https:\\\/\\\/gavri-src.addisnetwork.es\\\/blog\"},{\"@type\":\"ListItem\",\"position\":2,\"name\":\"Gu\u00eda de Instalaci\u00f3n de ventiladores de techo en techos muy inclinados\"}]},{\"@type\":\"WebSite\",\"@id\":\"https:\\\/\\\/gavri-src.addisnetwork.es\\\/blog\\\/#website\",\"url\":\"https:\\\/\\\/gavri-src.addisnetwork.es\\\/blog\\\/\",\"name\":\"Blog de Gavri.es\",\"description\":\"Blog de Gavri.es\",\"publisher\":{\"@id\":\"https:\\\/\\\/gavri-src.addisnetwork.es\\\/blog\\\/#organization\"},\"potentialAction\":[{\"@type\":\"SearchAction\",\"target\":{\"@type\":\"EntryPoint\",\"urlTemplate\":\"https:\\\/\\\/gavri-src.addisnetwork.es\\\/blog\\\/?s={search_term_string}\"},\"query-input\":{\"@type\":\"PropertyValueSpecification\",\"valueRequired\":true,\"valueName\":\"search_term_string\"}}],\"inLanguage\":\"es\"},{\"@type\":\"Organization\",\"@id\":\"https:\\\/\\\/gavri-src.addisnetwork.es\\\/blog\\\/#organization\",\"name\":\"Blog de Gavri.es\",\"url\":\"https:\\\/\\\/gavri-src.addisnetwork.es\\\/blog\\\/\",\"logo\":{\"@type\":\"ImageObject\",\"inLanguage\":\"es\",\"@id\":\"https:\\\/\\\/gavri-src.addisnetwork.es\\\/blog\\\/#\\\/schema\\\/logo\\\/image\\\/\",\"url\":\"https:\\\/\\\/gavri-src.addisnetwork.es\\\/blog\\\/wp-content\\\/uploads\\\/2021\\\/01\\\/cropped-LOGO-gavries-blog-1.png\",\"contentUrl\":\"https:\\\/\\\/gavri-src.addisnetwork.es\\\/blog\\\/wp-content\\\/uploads\\\/2021\\\/01\\\/cropped-LOGO-gavries-blog-1.png\",\"width\":520,\"height\":104,\"caption\":\"Blog de Gavri.es\"},\"image\":{\"@id\":\"https:\\\/\\\/gavri-src.addisnetwork.es\\\/blog\\\/#\\\/schema\\\/logo\\\/image\\\/\"}},{\"@type\":\"Person\",\"@id\":\"https:\\\/\\\/gavri-src.addisnetwork.es\\\/blog\\\/#\\\/schema\\\/person\\\/3df0699bd314187860df00e3b73fbf75\",\"name\":\"Gavri\",\"image\":{\"@type\":\"ImageObject\",\"inLanguage\":\"es\",\"@id\":\"https:\\\/\\\/secure.gravatar.com\\\/avatar\\\/6fc6afbbb919cee1ae64c74ed55bf75da72aade68e84f27c0a3a05bd98ccf2a0?s=96&d=mm&r=g\",\"url\":\"https:\\\/\\\/secure.gravatar.com\\\/avatar\\\/6fc6afbbb919cee1ae64c74ed55bf75da72aade68e84f27c0a3a05bd98ccf2a0?s=96&d=mm&r=g\",\"contentUrl\":\"https:\\\/\\\/secure.gravatar.com\\\/avatar\\\/6fc6afbbb919cee1ae64c74ed55bf75da72aade68e84f27c0a3a05bd98ccf2a0?s=96&d=mm&r=g\",\"caption\":\"Gavri\"},\"sameAs\":[\"https:\\\/\\\/gavri.es\\\/blog\"]}]}<\/script>\n<!-- \/ Yoast SEO plugin. -->","yoast_head_json":{"title":"Gu\u00eda de Instalaci\u00f3n de ventiladores de techo en techos muy inclinados","description":"Si tienes un techo de m\u00e1s de 16\u00ba de inclinaci\u00f3n te contamos c\u00f3mo montarlo para que te funcione correctamente.","robots":{"index":"index","follow":"follow","max-snippet":"max-snippet:-1","max-image-preview":"max-image-preview:large","max-video-preview":"max-video-preview:-1"},"canonical":"https:\/\/gavri-src.addisnetwork.es\/blog\/instalacion-ventiladores-en-techos-muy-inclinados.html","og_locale":"es_ES","og_type":"article","og_title":"Gu\u00eda de Instalaci\u00f3n de ventiladores de techo en techos muy inclinados","og_description":"Si tienes un techo de m\u00e1s de 16\u00ba de inclinaci\u00f3n te contamos c\u00f3mo montarlo para que te funcione correctamente.","og_url":"https:\/\/gavri-src.addisnetwork.es\/blog\/instalacion-ventiladores-en-techos-muy-inclinados.html","og_site_name":"Blog de Gavri.es","article_published_time":"2021-04-28T13:04:42+00:00","article_modified_time":"2021-04-28T13:22:57+00:00","og_image":[{"width":1900,"height":781,"url":"https:\/\/gavri-src.addisnetwork.es\/blog\/wp-content\/uploads\/2021\/04\/ventiladoreds-de-techo-en-techo-muy-inclinado-blog.jpg","type":"image\/jpeg"}],"author":"Gavri","twitter_card":"summary_large_image","twitter_misc":{"Escrito por":"Gavri","Tiempo de lectura":"2 minutos"},"schema":{"@context":"https:\/\/schema.org","@graph":[{"@type":"Article","@id":"https:\/\/gavri-src.addisnetwork.es\/blog\/instalacion-ventiladores-en-techos-muy-inclinados.html#article","isPartOf":{"@id":"https:\/\/gavri-src.addisnetwork.es\/blog\/instalacion-ventiladores-en-techos-muy-inclinados.html"},"author":{"name":"Gavri","@id":"https:\/\/gavri-src.addisnetwork.es\/blog\/#\/schema\/person\/3df0699bd314187860df00e3b73fbf75"},"headline":"Gu\u00eda de Instalaci\u00f3n de ventiladores de techo en techos muy inclinados","datePublished":"2021-04-28T13:04:42+00:00","dateModified":"2021-04-28T13:22:57+00:00","mainEntityOfPage":{"@id":"https:\/\/gavri-src.addisnetwork.es\/blog\/instalacion-ventiladores-en-techos-muy-inclinados.html"},"wordCount":385,"commentCount":0,"publisher":{"@id":"https:\/\/gavri-src.addisnetwork.es\/blog\/#organization"},"image":{"@id":"https:\/\/gavri-src.addisnetwork.es\/blog\/instalacion-ventiladores-en-techos-muy-inclinados.html#primaryimage"},"thumbnailUrl":"https:\/\/gavri-src.addisnetwork.es\/blog\/wp-content\/uploads\/2021\/04\/ventiladoreds-de-techo-en-techo-muy-inclinado-blog.jpg","inLanguage":"es","potentialAction":[{"@type":"CommentAction","name":"Comment","target":["https:\/\/gavri-src.addisnetwork.es\/blog\/instalacion-ventiladores-en-techos-muy-inclinados.html#respond"]}]},{"@type":"WebPage","@id":"https:\/\/gavri-src.addisnetwork.es\/blog\/instalacion-ventiladores-en-techos-muy-inclinados.html","url":"https:\/\/gavri-src.addisnetwork.es\/blog\/instalacion-ventiladores-en-techos-muy-inclinados.html","name":"Gu\u00eda de Instalaci\u00f3n de ventiladores de techo en techos muy inclinados","isPartOf":{"@id":"https:\/\/gavri-src.addisnetwork.es\/blog\/#website"},"primaryImageOfPage":{"@id":"https:\/\/gavri-src.addisnetwork.es\/blog\/instalacion-ventiladores-en-techos-muy-inclinados.html#primaryimage"},"image":{"@id":"https:\/\/gavri-src.addisnetwork.es\/blog\/instalacion-ventiladores-en-techos-muy-inclinados.html#primaryimage"},"thumbnailUrl":"https:\/\/gavri-src.addisnetwork.es\/blog\/wp-content\/uploads\/2021\/04\/ventiladoreds-de-techo-en-techo-muy-inclinado-blog.jpg","datePublished":"2021-04-28T13:04:42+00:00","dateModified":"2021-04-28T13:22:57+00:00","description":"Si tienes un techo de m\u00e1s de 16\u00ba de inclinaci\u00f3n te contamos c\u00f3mo montarlo para que te funcione correctamente.","breadcrumb":{"@id":"https:\/\/gavri-src.addisnetwork.es\/blog\/instalacion-ventiladores-en-techos-muy-inclinados.html#breadcrumb"},"inLanguage":"es","potentialAction":[{"@type":"ReadAction","target":["https:\/\/gavri-src.addisnetwork.es\/blog\/instalacion-ventiladores-en-techos-muy-inclinados.html"]}]},{"@type":"ImageObject","inLanguage":"es","@id":"https:\/\/gavri-src.addisnetwork.es\/blog\/instalacion-ventiladores-en-techos-muy-inclinados.html#primaryimage","url":"https:\/\/gavri-src.addisnetwork.es\/blog\/wp-content\/uploads\/2021\/04\/ventiladoreds-de-techo-en-techo-muy-inclinado-blog.jpg","contentUrl":"https:\/\/gavri-src.addisnetwork.es\/blog\/wp-content\/uploads\/2021\/04\/ventiladoreds-de-techo-en-techo-muy-inclinado-blog.jpg","width":1900,"height":781},{"@type":"BreadcrumbList","@id":"https:\/\/gavri-src.addisnetwork.es\/blog\/instalacion-ventiladores-en-techos-muy-inclinados.html#breadcrumb","itemListElement":[{"@type":"ListItem","position":1,"name":"Portada","item":"https:\/\/gavri-src.addisnetwork.es\/blog"},{"@type":"ListItem","position":2,"name":"Gu\u00eda de Instalaci\u00f3n de ventiladores de techo en techos muy inclinados"}]},{"@type":"WebSite","@id":"https:\/\/gavri-src.addisnetwork.es\/blog\/#website","url":"https:\/\/gavri-src.addisnetwork.es\/blog\/","name":"Blog de Gavri.es","description":"Blog de Gavri.es","publisher":{"@id":"https:\/\/gavri-src.addisnetwork.es\/blog\/#organization"},"potentialAction":[{"@type":"SearchAction","target":{"@type":"EntryPoint","urlTemplate":"https:\/\/gavri-src.addisnetwork.es\/blog\/?s={search_term_string}"},"query-input":{"@type":"PropertyValueSpecification","valueRequired":true,"valueName":"search_term_string"}}],"inLanguage":"es"},{"@type":"Organization","@id":"https:\/\/gavri-src.addisnetwork.es\/blog\/#organization","name":"Blog de Gavri.es","url":"https:\/\/gavri-src.addisnetwork.es\/blog\/","logo":{"@type":"ImageObject","inLanguage":"es","@id":"https:\/\/gavri-src.addisnetwork.es\/blog\/#\/schema\/logo\/image\/","url":"https:\/\/gavri-src.addisnetwork.es\/blog\/wp-content\/uploads\/2021\/01\/cropped-LOGO-gavries-blog-1.png","contentUrl":"https:\/\/gavri-src.addisnetwork.es\/blog\/wp-content\/uploads\/2021\/01\/cropped-LOGO-gavries-blog-1.png","width":520,"height":104,"caption":"Blog de Gavri.es"},"image":{"@id":"https:\/\/gavri-src.addisnetwork.es\/blog\/#\/schema\/logo\/image\/"}},{"@type":"Person","@id":"https:\/\/gavri-src.addisnetwork.es\/blog\/#\/schema\/person\/3df0699bd314187860df00e3b73fbf75","name":"Gavri","image":{"@type":"ImageObject","inLanguage":"es","@id":"https:\/\/secure.gravatar.com\/avatar\/6fc6afbbb919cee1ae64c74ed55bf75da72aade68e84f27c0a3a05bd98ccf2a0?s=96&d=mm&r=g","url":"https:\/\/secure.gravatar.com\/avatar\/6fc6afbbb919cee1ae64c74ed55bf75da72aade68e84f27c0a3a05bd98ccf2a0?s=96&d=mm&r=g","contentUrl":"https:\/\/secure.gravatar.com\/avatar\/6fc6afbbb919cee1ae64c74ed55bf75da72aade68e84f27c0a3a05bd98ccf2a0?s=96&d=mm&r=g","caption":"Gavri"},"sameAs":["https:\/\/gavri.es\/blog"]}]}},"_links":{"self":[{"href":"https:\/\/gavri-src.addisnetwork.es\/blog\/wp-json\/wp\/v2\/posts\/328","targetHints":{"allow":["GET"]}}],"collection":[{"href":"https:\/\/gavri-src.addisnetwork.es\/blog\/wp-json\/wp\/v2\/posts"}],"about":[{"href":"https:\/\/gavri-src.addisnetwork.es\/blog\/wp-json\/wp\/v2\/types\/post"}],"author":[{"embeddable":true,"href":"https:\/\/gavri-src.addisnetwork.es\/blog\/wp-json\/wp\/v2\/users\/1"}],"replies":[{"embeddable":true,"href":"https:\/\/gavri-src.addisnetwork.es\/blog\/wp-json\/wp\/v2\/comments?post=328"}],"version-history":[{"count":8,"href":"https:\/\/gavri-src.addisnetwork.es\/blog\/wp-json\/wp\/v2\/posts\/328\/revisions"}],"predecessor-version":[{"id":344,"href":"https:\/\/gavri-src.addisnetwork.es\/blog\/wp-json\/wp\/v2\/posts\/328\/revisions\/344"}],"wp:featuredmedia":[{"embeddable":true,"href":"https:\/\/gavri-src.addisnetwork.es\/blog\/wp-json\/wp\/v2\/media\/332"}],"wp:attachment":[{"href":"https:\/\/gavri-src.addisnetwork.es\/blog\/wp-json\/wp\/v2\/media?parent=328"}],"wp:term":[{"taxonomy":"category","embeddable":true,"href":"https:\/\/gavri-src.addisnetwork.es\/blog\/wp-json\/wp\/v2\/categories?post=328"},{"taxonomy":"post_tag","embeddable":true,"href":"https:\/\/gavri-src.addisnetwork.es\/blog\/wp-json\/wp\/v2\/tags?post=328"}],"curies":[{"name":"wp","href":"https:\/\/api.w.org\/{rel}","templated":true}]}}