{"id":42,"date":"2020-09-12T18:55:00","date_gmt":"2020-09-12T18:55:00","guid":{"rendered":"https:\/\/gavri.ivansol.com\/blog\/?p=42"},"modified":"2021-04-29T11:14:46","modified_gmt":"2021-04-29T11:14:46","slug":"la-eleccion-del-ventilador-de-techo-es-ahora-el-doble-de-facil-b42","status":"publish","type":"post","link":"https:\/\/gavri-src.addisnetwork.es\/blog\/la-eleccion-del-ventilador-de-techo-es-ahora-el-doble-de-facil-b42.html","title":{"rendered":"La elecci\u00f3n del ventilador de techo es ahora el doble de f\u00e1cil"},"content":{"rendered":"<h1 style=\"text-align:justify;\"><span style=\"font-size:14pt;\">\u00bfAspas reversibles? \u00bfQu\u00e9 significa eso? <\/span><strong><span style=\"font-size:14pt;\"><em>Solo tiene que girar la hoja y tiene un \u00abnuevo\u00bb ventilador.<\/em><\/span><\/strong><\/h1>\n<div style=\"text-align:justify;\"><span style=\"font-size:14pt;\"> Esto es, en resumen, la idea de las aspas de doble cara. Tienen un lado de color diferente de la otra y se pueden usar cualquiera de ellos. Ambos colores se corresponden con el cuerpo del ventilador. De esta manera, usted puede conseguir crear 2 combinaciones de colores a partir del mismo ventilador.<\/span><\/p>\n<p><span style=\"font-size:14pt;\"> Como ejemplo, a continuaci\u00f3n ver\u00e1n dos fotograf\u00edas del ventilador AireRyder Fresco FN52238 con aspas reversibles en la combinaci\u00f3n blanco \/ pino y n\u00edquel satinado.<\/span><\/p>\n<\/div>\n<div style=\"text-align:justify;\"><span style=\"font-size:14pt;\">&nbsp;<\/span><\/div>\n<div style=\"text-align:justify;\"><span style=\"font-size:14pt;\"><em><img loading=\"lazy\" decoding=\"async\" src=\"https:\/\/gavri.es\/img\/cms\/ventiladores-de-techo-aireryder\/ventilador_de_techo_aireryder_fn52217_fresco-con_luz-aspas_reversibles.jpg\" title=\"Ventilador de techo AireRyder FN52238 Fresco con aspas reversibles\" alt=\"Ventilador de techo AireRyder FN52238 Fresco con aspas reversibles\" width=\"500\" height=\"484\"><br \/>\n<\/em><\/span><\/div>\n<div style=\"text-align:justify;\"><span style=\"font-size:14pt;\"> 1) El lado blanco de las aspas de cara abajo, de lado pino hacia arriba.<\/p>\n<p>2) El lado blanco mirando hacia el techo, laterales de pino hacia abajo.<\/p>\n<p><span style=\"font-size:14pt;\"> Despu\u00e9s de la inversi\u00f3n de las aspas del ventilador, el producto se ve significativamente diferente.<\/span><\/p>\n<p><span style=\"font-size:14pt;\"> Si observamos detenidamente los bordes de las hojas en el caso, se pone de manifiesto que los bordes son del mismo color que en la primera fotograf\u00eda.<\/span><\/p>\n<p><span style=\"font-size:14pt;\"> &nbsp;<\/span><\/p>\n<p><\/span><\/div>\n<div style=\"text-align:justify;\"><span style=\"font-size:14pt;\">La selecci\u00f3n del ventilador de interior es ahora m\u00e1s f\u00e1cil<\/span><\/div>\n<div style=\"text-align:justify;\">\n<p><span style=\"font-size:14pt;\"> Los ventiladores con aspas reversibles son productos pr\u00e1cticos que duplican la funci\u00f3n est\u00e9tica del ventilador. Son juguetones y pragm\u00e1ticos, sin embargo, gracias a su \u201cdisfraz\u201d puede combinar dos estilos diferentes.<\/span><\/p>\n<p><span style=\"font-size:14pt;\"> La mejor parte es que puede tener dos ventiladores de techo en uno.<\/span><\/p>\n<p><span style=\"font-size:14pt;\"> Es la soluci\u00f3n perfecta para personas indecisas: \u00bfduda de que en su hogar encaje mejor el color pino o el color blanco neutro? Compre un ventilador con aspas reversibles y el problema se resuelve.<\/span><\/p>\n<p><span style=\"font-size:14pt;\"> \u00bfCansado ya de ver el color pino? No hay problema, solo tiene que girar las aspas para disfrutar del color blanco neutro. Puede convertirse en un experto en menos de media hora.<\/span><\/p>\n<p><span style=\"font-size:14pt;\"> Estos ventiladores son simplemente m\u00e1s divertidos y funcionales que sus hom\u00f3logos monocromo, y cumple su funci\u00f3n accesoria de doble dise\u00f1o tambi\u00e9n.<\/span><\/p>\n<p><span style=\"font-size:14pt;\"> &nbsp;<\/span><\/p>\n<\/div>\n<div style=\"text-align:justify;\"><span style=\"font-size:14pt;\">Con la compra de un ventilador de doble cara est\u00e1 invirtiendo en el futuro.<\/span><\/div>\n<div style=\"text-align:justify;\">\n<p><span style=\"font-size:14pt;\"> Las aspas de doble cara son, a menudo, una combinaci\u00f3n de madera con motivos de color neutro y uniforme, tal como blanco o negro, que se ajusta a todos los colores.<\/span><\/p>\n<p><span style=\"font-size:14pt;\"> Es por eso que&nbsp; incluso despu\u00e9s de un cambio de motor tu ventilador de techo interior se ver\u00e1 igualmente elegante.<\/span><\/p>\n<p><span style=\"font-size:14pt;\"> Teniendo en cuenta que el fabricante CasaFan tiene motores con una garant\u00eda de hasta 25 a\u00f1os de edad, las aspas de color variable ser\u00e1n muy \u00fatiles en el futuro.<\/span><br \/>\n<span style=\"font-size:14pt;\">&nbsp;<\/span><\/p>\n<\/div>\n<div style=\"text-align:justify;\"><strong><span style=\"font-size:14pt;\">\u00a1Lo quiero! \u00bfD\u00f3nde puedo encontrar ventiladores con aspas reversibles?<\/span><\/strong><\/div>\n<div style=\"text-align:justify;\">\n<p><span style=\"font-size:14pt;\"> Los ventiladores seleccionados que tienen esta caracter\u00edstica de modo de color se encuentran en Gavri.es. S\u00f3lo tiene que seleccionar \u00abreversibles\u00bb en nuestros filtros de b\u00fasqueda.<\/span><\/p>\n<\/div>\n","protected":false},"excerpt":{"rendered":"<p>\u00bfAspas reversibles? \u00bfQu\u00e9 significa eso? Solo tiene que girar la hoja y tiene un \u00abnuevo\u00bb ventilador. Esto es, en resumen, la idea de las aspas de doble cara. Tienen un lado de color diferente de la &#8230; <a title=\"La elecci\u00f3n del ventilador de techo es ahora el doble de f\u00e1cil\" class=\"read-more\" href=\"https:\/\/gavri-src.addisnetwork.es\/blog\/la-eleccion-del-ventilador-de-techo-es-ahora-el-doble-de-facil-b42.html\" aria-label=\"M\u00e1s en La elecci\u00f3n del ventilador de techo es ahora el doble de f\u00e1cil\">Leer m\u00e1s<\/a><\/p>\n","protected":false},"author":1,"featured_media":412,"comment_status":"open","ping_status":"closed","sticky":false,"template":"","format":"standard","meta":{"footnotes":""},"categories":[1],"tags":[],"class_list":["post-42","post","type-post","status-publish","format-standard","has-post-thumbnail","hentry","category-sin-categoria","generate-columns","tablet-grid-50","mobile-grid-100","grid-parent","grid-50","no-featured-image-padding"],"yoast_head":"<!-- This site is optimized with the Yoast SEO plugin v27.5 - https:\/\/yoast.com\/product\/yoast-seo-wordpress\/ -->\n<title>La elecci\u00f3n del ventilador de techo es ahora el doble de f\u00e1cil - Blog de Gavri.es<\/title>\n<meta name=\"description\" content=\"Muchos ventiladores de techo disponen de aspas reversibles, lo que permite m\u00e1s opciones a la hora de combinarlos en tu casa.\" \/>\n<meta name=\"robots\" content=\"index, follow, max-snippet:-1, max-image-preview:large, max-video-preview:-1\" \/>\n<link rel=\"canonical\" href=\"https:\/\/gavri-src.addisnetwork.es\/blog\/la-eleccion-del-ventilador-de-techo-es-ahora-el-doble-de-facil-b42.html\" \/>\n<meta property=\"og:locale\" content=\"es_ES\" \/>\n<meta property=\"og:type\" content=\"article\" \/>\n<meta property=\"og:title\" content=\"La elecci\u00f3n del ventilador de techo es ahora el doble de f\u00e1cil - Blog de Gavri.es\" \/>\n<meta property=\"og:description\" content=\"Muchos ventiladores de techo disponen de aspas reversibles, lo que permite m\u00e1s opciones a la hora de combinarlos en tu casa.\" \/>\n<meta property=\"og:url\" content=\"https:\/\/gavri-src.addisnetwork.es\/blog\/la-eleccion-del-ventilador-de-techo-es-ahora-el-doble-de-facil-b42.html\" \/>\n<meta property=\"og:site_name\" content=\"Blog de Gavri.es\" \/>\n<meta property=\"article:published_time\" content=\"2020-09-12T18:55:00+00:00\" \/>\n<meta property=\"article:modified_time\" content=\"2021-04-29T11:14:46+00:00\" \/>\n<meta property=\"og:image\" content=\"https:\/\/gavri-src.addisnetwork.es\/blog\/wp-content\/uploads\/2020\/09\/ventiladores-de-techo-todo-lo-que-necesitas-saber.jpg\" \/>\n\t<meta property=\"og:image:width\" content=\"1900\" \/>\n\t<meta property=\"og:image:height\" content=\"781\" \/>\n\t<meta property=\"og:image:type\" content=\"image\/jpeg\" \/>\n<meta name=\"author\" content=\"Gavri\" \/>\n<meta name=\"twitter:card\" content=\"summary_large_image\" \/>\n<meta name=\"twitter:label1\" content=\"Escrito por\" \/>\n\t<meta name=\"twitter:data1\" content=\"Gavri\" \/>\n\t<meta name=\"twitter:label2\" content=\"Tiempo de lectura\" \/>\n\t<meta name=\"twitter:data2\" content=\"3 minutos\" \/>\n<script type=\"application\/ld+json\" class=\"yoast-schema-graph\">{\"@context\":\"https:\\\/\\\/schema.org\",\"@graph\":[{\"@type\":\"Article\",\"@id\":\"https:\\\/\\\/gavri-src.addisnetwork.es\\\/blog\\\/la-eleccion-del-ventilador-de-techo-es-ahora-el-doble-de-facil-b42.html#article\",\"isPartOf\":{\"@id\":\"https:\\\/\\\/gavri-src.addisnetwork.es\\\/blog\\\/la-eleccion-del-ventilador-de-techo-es-ahora-el-doble-de-facil-b42.html\"},\"author\":{\"name\":\"Gavri\",\"@id\":\"https:\\\/\\\/gavri-src.addisnetwork.es\\\/blog\\\/#\\\/schema\\\/person\\\/3df0699bd314187860df00e3b73fbf75\"},\"headline\":\"La elecci\u00f3n del ventilador de techo es ahora el doble de f\u00e1cil\",\"datePublished\":\"2020-09-12T18:55:00+00:00\",\"dateModified\":\"2021-04-29T11:14:46+00:00\",\"mainEntityOfPage\":{\"@id\":\"https:\\\/\\\/gavri-src.addisnetwork.es\\\/blog\\\/la-eleccion-del-ventilador-de-techo-es-ahora-el-doble-de-facil-b42.html\"},\"wordCount\":476,\"commentCount\":0,\"publisher\":{\"@id\":\"https:\\\/\\\/gavri-src.addisnetwork.es\\\/blog\\\/#organization\"},\"image\":{\"@id\":\"https:\\\/\\\/gavri-src.addisnetwork.es\\\/blog\\\/la-eleccion-del-ventilador-de-techo-es-ahora-el-doble-de-facil-b42.html#primaryimage\"},\"thumbnailUrl\":\"https:\\\/\\\/gavri-src.addisnetwork.es\\\/blog\\\/wp-content\\\/uploads\\\/2020\\\/09\\\/ventiladores-de-techo-todo-lo-que-necesitas-saber.jpg\",\"inLanguage\":\"es\",\"potentialAction\":[{\"@type\":\"CommentAction\",\"name\":\"Comment\",\"target\":[\"https:\\\/\\\/gavri-src.addisnetwork.es\\\/blog\\\/la-eleccion-del-ventilador-de-techo-es-ahora-el-doble-de-facil-b42.html#respond\"]}]},{\"@type\":\"WebPage\",\"@id\":\"https:\\\/\\\/gavri-src.addisnetwork.es\\\/blog\\\/la-eleccion-del-ventilador-de-techo-es-ahora-el-doble-de-facil-b42.html\",\"url\":\"https:\\\/\\\/gavri-src.addisnetwork.es\\\/blog\\\/la-eleccion-del-ventilador-de-techo-es-ahora-el-doble-de-facil-b42.html\",\"name\":\"La elecci\u00f3n del ventilador de techo es ahora el doble de f\u00e1cil - Blog de Gavri.es\",\"isPartOf\":{\"@id\":\"https:\\\/\\\/gavri-src.addisnetwork.es\\\/blog\\\/#website\"},\"primaryImageOfPage\":{\"@id\":\"https:\\\/\\\/gavri-src.addisnetwork.es\\\/blog\\\/la-eleccion-del-ventilador-de-techo-es-ahora-el-doble-de-facil-b42.html#primaryimage\"},\"image\":{\"@id\":\"https:\\\/\\\/gavri-src.addisnetwork.es\\\/blog\\\/la-eleccion-del-ventilador-de-techo-es-ahora-el-doble-de-facil-b42.html#primaryimage\"},\"thumbnailUrl\":\"https:\\\/\\\/gavri-src.addisnetwork.es\\\/blog\\\/wp-content\\\/uploads\\\/2020\\\/09\\\/ventiladores-de-techo-todo-lo-que-necesitas-saber.jpg\",\"datePublished\":\"2020-09-12T18:55:00+00:00\",\"dateModified\":\"2021-04-29T11:14:46+00:00\",\"description\":\"Muchos ventiladores de techo disponen de aspas reversibles, lo que permite m\u00e1s opciones a la hora de combinarlos en tu casa.\",\"breadcrumb\":{\"@id\":\"https:\\\/\\\/gavri-src.addisnetwork.es\\\/blog\\\/la-eleccion-del-ventilador-de-techo-es-ahora-el-doble-de-facil-b42.html#breadcrumb\"},\"inLanguage\":\"es\",\"potentialAction\":[{\"@type\":\"ReadAction\",\"target\":[\"https:\\\/\\\/gavri-src.addisnetwork.es\\\/blog\\\/la-eleccion-del-ventilador-de-techo-es-ahora-el-doble-de-facil-b42.html\"]}]},{\"@type\":\"ImageObject\",\"inLanguage\":\"es\",\"@id\":\"https:\\\/\\\/gavri-src.addisnetwork.es\\\/blog\\\/la-eleccion-del-ventilador-de-techo-es-ahora-el-doble-de-facil-b42.html#primaryimage\",\"url\":\"https:\\\/\\\/gavri-src.addisnetwork.es\\\/blog\\\/wp-content\\\/uploads\\\/2020\\\/09\\\/ventiladores-de-techo-todo-lo-que-necesitas-saber.jpg\",\"contentUrl\":\"https:\\\/\\\/gavri-src.addisnetwork.es\\\/blog\\\/wp-content\\\/uploads\\\/2020\\\/09\\\/ventiladores-de-techo-todo-lo-que-necesitas-saber.jpg\",\"width\":1900,\"height\":781},{\"@type\":\"BreadcrumbList\",\"@id\":\"https:\\\/\\\/gavri-src.addisnetwork.es\\\/blog\\\/la-eleccion-del-ventilador-de-techo-es-ahora-el-doble-de-facil-b42.html#breadcrumb\",\"itemListElement\":[{\"@type\":\"ListItem\",\"position\":1,\"name\":\"Portada\",\"item\":\"https:\\\/\\\/gavri-src.addisnetwork.es\\\/blog\"},{\"@type\":\"ListItem\",\"position\":2,\"name\":\"La elecci\u00f3n del ventilador de techo es ahora el doble de f\u00e1cil\"}]},{\"@type\":\"WebSite\",\"@id\":\"https:\\\/\\\/gavri-src.addisnetwork.es\\\/blog\\\/#website\",\"url\":\"https:\\\/\\\/gavri-src.addisnetwork.es\\\/blog\\\/\",\"name\":\"Blog de Gavri.es\",\"description\":\"Blog de Gavri.es\",\"publisher\":{\"@id\":\"https:\\\/\\\/gavri-src.addisnetwork.es\\\/blog\\\/#organization\"},\"potentialAction\":[{\"@type\":\"SearchAction\",\"target\":{\"@type\":\"EntryPoint\",\"urlTemplate\":\"https:\\\/\\\/gavri-src.addisnetwork.es\\\/blog\\\/?s={search_term_string}\"},\"query-input\":{\"@type\":\"PropertyValueSpecification\",\"valueRequired\":true,\"valueName\":\"search_term_string\"}}],\"inLanguage\":\"es\"},{\"@type\":\"Organization\",\"@id\":\"https:\\\/\\\/gavri-src.addisnetwork.es\\\/blog\\\/#organization\",\"name\":\"Blog de Gavri.es\",\"url\":\"https:\\\/\\\/gavri-src.addisnetwork.es\\\/blog\\\/\",\"logo\":{\"@type\":\"ImageObject\",\"inLanguage\":\"es\",\"@id\":\"https:\\\/\\\/gavri-src.addisnetwork.es\\\/blog\\\/#\\\/schema\\\/logo\\\/image\\\/\",\"url\":\"https:\\\/\\\/gavri-src.addisnetwork.es\\\/blog\\\/wp-content\\\/uploads\\\/2021\\\/01\\\/cropped-LOGO-gavries-blog-1.png\",\"contentUrl\":\"https:\\\/\\\/gavri-src.addisnetwork.es\\\/blog\\\/wp-content\\\/uploads\\\/2021\\\/01\\\/cropped-LOGO-gavries-blog-1.png\",\"width\":520,\"height\":104,\"caption\":\"Blog de Gavri.es\"},\"image\":{\"@id\":\"https:\\\/\\\/gavri-src.addisnetwork.es\\\/blog\\\/#\\\/schema\\\/logo\\\/image\\\/\"}},{\"@type\":\"Person\",\"@id\":\"https:\\\/\\\/gavri-src.addisnetwork.es\\\/blog\\\/#\\\/schema\\\/person\\\/3df0699bd314187860df00e3b73fbf75\",\"name\":\"Gavri\",\"image\":{\"@type\":\"ImageObject\",\"inLanguage\":\"es\",\"@id\":\"https:\\\/\\\/secure.gravatar.com\\\/avatar\\\/6fc6afbbb919cee1ae64c74ed55bf75da72aade68e84f27c0a3a05bd98ccf2a0?s=96&d=mm&r=g\",\"url\":\"https:\\\/\\\/secure.gravatar.com\\\/avatar\\\/6fc6afbbb919cee1ae64c74ed55bf75da72aade68e84f27c0a3a05bd98ccf2a0?s=96&d=mm&r=g\",\"contentUrl\":\"https:\\\/\\\/secure.gravatar.com\\\/avatar\\\/6fc6afbbb919cee1ae64c74ed55bf75da72aade68e84f27c0a3a05bd98ccf2a0?s=96&d=mm&r=g\",\"caption\":\"Gavri\"},\"sameAs\":[\"https:\\\/\\\/gavri.es\\\/blog\"]}]}<\/script>\n<!-- \/ Yoast SEO plugin. -->","yoast_head_json":{"title":"La elecci\u00f3n del ventilador de techo es ahora el doble de f\u00e1cil - Blog de Gavri.es","description":"Muchos ventiladores de techo disponen de aspas reversibles, lo que permite m\u00e1s opciones a la hora de combinarlos en tu casa.","robots":{"index":"index","follow":"follow","max-snippet":"max-snippet:-1","max-image-preview":"max-image-preview:large","max-video-preview":"max-video-preview:-1"},"canonical":"https:\/\/gavri-src.addisnetwork.es\/blog\/la-eleccion-del-ventilador-de-techo-es-ahora-el-doble-de-facil-b42.html","og_locale":"es_ES","og_type":"article","og_title":"La elecci\u00f3n del ventilador de techo es ahora el doble de f\u00e1cil - Blog de Gavri.es","og_description":"Muchos ventiladores de techo disponen de aspas reversibles, lo que permite m\u00e1s opciones a la hora de combinarlos en tu casa.","og_url":"https:\/\/gavri-src.addisnetwork.es\/blog\/la-eleccion-del-ventilador-de-techo-es-ahora-el-doble-de-facil-b42.html","og_site_name":"Blog de Gavri.es","article_published_time":"2020-09-12T18:55:00+00:00","article_modified_time":"2021-04-29T11:14:46+00:00","og_image":[{"width":1900,"height":781,"url":"https:\/\/gavri-src.addisnetwork.es\/blog\/wp-content\/uploads\/2020\/09\/ventiladores-de-techo-todo-lo-que-necesitas-saber.jpg","type":"image\/jpeg"}],"author":"Gavri","twitter_card":"summary_large_image","twitter_misc":{"Escrito por":"Gavri","Tiempo de lectura":"3 minutos"},"schema":{"@context":"https:\/\/schema.org","@graph":[{"@type":"Article","@id":"https:\/\/gavri-src.addisnetwork.es\/blog\/la-eleccion-del-ventilador-de-techo-es-ahora-el-doble-de-facil-b42.html#article","isPartOf":{"@id":"https:\/\/gavri-src.addisnetwork.es\/blog\/la-eleccion-del-ventilador-de-techo-es-ahora-el-doble-de-facil-b42.html"},"author":{"name":"Gavri","@id":"https:\/\/gavri-src.addisnetwork.es\/blog\/#\/schema\/person\/3df0699bd314187860df00e3b73fbf75"},"headline":"La elecci\u00f3n del ventilador de techo es ahora el doble de f\u00e1cil","datePublished":"2020-09-12T18:55:00+00:00","dateModified":"2021-04-29T11:14:46+00:00","mainEntityOfPage":{"@id":"https:\/\/gavri-src.addisnetwork.es\/blog\/la-eleccion-del-ventilador-de-techo-es-ahora-el-doble-de-facil-b42.html"},"wordCount":476,"commentCount":0,"publisher":{"@id":"https:\/\/gavri-src.addisnetwork.es\/blog\/#organization"},"image":{"@id":"https:\/\/gavri-src.addisnetwork.es\/blog\/la-eleccion-del-ventilador-de-techo-es-ahora-el-doble-de-facil-b42.html#primaryimage"},"thumbnailUrl":"https:\/\/gavri-src.addisnetwork.es\/blog\/wp-content\/uploads\/2020\/09\/ventiladores-de-techo-todo-lo-que-necesitas-saber.jpg","inLanguage":"es","potentialAction":[{"@type":"CommentAction","name":"Comment","target":["https:\/\/gavri-src.addisnetwork.es\/blog\/la-eleccion-del-ventilador-de-techo-es-ahora-el-doble-de-facil-b42.html#respond"]}]},{"@type":"WebPage","@id":"https:\/\/gavri-src.addisnetwork.es\/blog\/la-eleccion-del-ventilador-de-techo-es-ahora-el-doble-de-facil-b42.html","url":"https:\/\/gavri-src.addisnetwork.es\/blog\/la-eleccion-del-ventilador-de-techo-es-ahora-el-doble-de-facil-b42.html","name":"La elecci\u00f3n del ventilador de techo es ahora el doble de f\u00e1cil - Blog de Gavri.es","isPartOf":{"@id":"https:\/\/gavri-src.addisnetwork.es\/blog\/#website"},"primaryImageOfPage":{"@id":"https:\/\/gavri-src.addisnetwork.es\/blog\/la-eleccion-del-ventilador-de-techo-es-ahora-el-doble-de-facil-b42.html#primaryimage"},"image":{"@id":"https:\/\/gavri-src.addisnetwork.es\/blog\/la-eleccion-del-ventilador-de-techo-es-ahora-el-doble-de-facil-b42.html#primaryimage"},"thumbnailUrl":"https:\/\/gavri-src.addisnetwork.es\/blog\/wp-content\/uploads\/2020\/09\/ventiladores-de-techo-todo-lo-que-necesitas-saber.jpg","datePublished":"2020-09-12T18:55:00+00:00","dateModified":"2021-04-29T11:14:46+00:00","description":"Muchos ventiladores de techo disponen de aspas reversibles, lo que permite m\u00e1s opciones a la hora de combinarlos en tu casa.","breadcrumb":{"@id":"https:\/\/gavri-src.addisnetwork.es\/blog\/la-eleccion-del-ventilador-de-techo-es-ahora-el-doble-de-facil-b42.html#breadcrumb"},"inLanguage":"es","potentialAction":[{"@type":"ReadAction","target":["https:\/\/gavri-src.addisnetwork.es\/blog\/la-eleccion-del-ventilador-de-techo-es-ahora-el-doble-de-facil-b42.html"]}]},{"@type":"ImageObject","inLanguage":"es","@id":"https:\/\/gavri-src.addisnetwork.es\/blog\/la-eleccion-del-ventilador-de-techo-es-ahora-el-doble-de-facil-b42.html#primaryimage","url":"https:\/\/gavri-src.addisnetwork.es\/blog\/wp-content\/uploads\/2020\/09\/ventiladores-de-techo-todo-lo-que-necesitas-saber.jpg","contentUrl":"https:\/\/gavri-src.addisnetwork.es\/blog\/wp-content\/uploads\/2020\/09\/ventiladores-de-techo-todo-lo-que-necesitas-saber.jpg","width":1900,"height":781},{"@type":"BreadcrumbList","@id":"https:\/\/gavri-src.addisnetwork.es\/blog\/la-eleccion-del-ventilador-de-techo-es-ahora-el-doble-de-facil-b42.html#breadcrumb","itemListElement":[{"@type":"ListItem","position":1,"name":"Portada","item":"https:\/\/gavri-src.addisnetwork.es\/blog"},{"@type":"ListItem","position":2,"name":"La elecci\u00f3n del ventilador de techo es ahora el doble de f\u00e1cil"}]},{"@type":"WebSite","@id":"https:\/\/gavri-src.addisnetwork.es\/blog\/#website","url":"https:\/\/gavri-src.addisnetwork.es\/blog\/","name":"Blog de Gavri.es","description":"Blog de Gavri.es","publisher":{"@id":"https:\/\/gavri-src.addisnetwork.es\/blog\/#organization"},"potentialAction":[{"@type":"SearchAction","target":{"@type":"EntryPoint","urlTemplate":"https:\/\/gavri-src.addisnetwork.es\/blog\/?s={search_term_string}"},"query-input":{"@type":"PropertyValueSpecification","valueRequired":true,"valueName":"search_term_string"}}],"inLanguage":"es"},{"@type":"Organization","@id":"https:\/\/gavri-src.addisnetwork.es\/blog\/#organization","name":"Blog de Gavri.es","url":"https:\/\/gavri-src.addisnetwork.es\/blog\/","logo":{"@type":"ImageObject","inLanguage":"es","@id":"https:\/\/gavri-src.addisnetwork.es\/blog\/#\/schema\/logo\/image\/","url":"https:\/\/gavri-src.addisnetwork.es\/blog\/wp-content\/uploads\/2021\/01\/cropped-LOGO-gavries-blog-1.png","contentUrl":"https:\/\/gavri-src.addisnetwork.es\/blog\/wp-content\/uploads\/2021\/01\/cropped-LOGO-gavries-blog-1.png","width":520,"height":104,"caption":"Blog de Gavri.es"},"image":{"@id":"https:\/\/gavri-src.addisnetwork.es\/blog\/#\/schema\/logo\/image\/"}},{"@type":"Person","@id":"https:\/\/gavri-src.addisnetwork.es\/blog\/#\/schema\/person\/3df0699bd314187860df00e3b73fbf75","name":"Gavri","image":{"@type":"ImageObject","inLanguage":"es","@id":"https:\/\/secure.gravatar.com\/avatar\/6fc6afbbb919cee1ae64c74ed55bf75da72aade68e84f27c0a3a05bd98ccf2a0?s=96&d=mm&r=g","url":"https:\/\/secure.gravatar.com\/avatar\/6fc6afbbb919cee1ae64c74ed55bf75da72aade68e84f27c0a3a05bd98ccf2a0?s=96&d=mm&r=g","contentUrl":"https:\/\/secure.gravatar.com\/avatar\/6fc6afbbb919cee1ae64c74ed55bf75da72aade68e84f27c0a3a05bd98ccf2a0?s=96&d=mm&r=g","caption":"Gavri"},"sameAs":["https:\/\/gavri.es\/blog"]}]}},"_links":{"self":[{"href":"https:\/\/gavri-src.addisnetwork.es\/blog\/wp-json\/wp\/v2\/posts\/42","targetHints":{"allow":["GET"]}}],"collection":[{"href":"https:\/\/gavri-src.addisnetwork.es\/blog\/wp-json\/wp\/v2\/posts"}],"about":[{"href":"https:\/\/gavri-src.addisnetwork.es\/blog\/wp-json\/wp\/v2\/types\/post"}],"author":[{"embeddable":true,"href":"https:\/\/gavri-src.addisnetwork.es\/blog\/wp-json\/wp\/v2\/users\/1"}],"replies":[{"embeddable":true,"href":"https:\/\/gavri-src.addisnetwork.es\/blog\/wp-json\/wp\/v2\/comments?post=42"}],"version-history":[{"count":1,"href":"https:\/\/gavri-src.addisnetwork.es\/blog\/wp-json\/wp\/v2\/posts\/42\/revisions"}],"predecessor-version":[{"id":124,"href":"https:\/\/gavri-src.addisnetwork.es\/blog\/wp-json\/wp\/v2\/posts\/42\/revisions\/124"}],"wp:featuredmedia":[{"embeddable":true,"href":"https:\/\/gavri-src.addisnetwork.es\/blog\/wp-json\/wp\/v2\/media\/412"}],"wp:attachment":[{"href":"https:\/\/gavri-src.addisnetwork.es\/blog\/wp-json\/wp\/v2\/media?parent=42"}],"wp:term":[{"taxonomy":"category","embeddable":true,"href":"https:\/\/gavri-src.addisnetwork.es\/blog\/wp-json\/wp\/v2\/categories?post=42"},{"taxonomy":"post_tag","embeddable":true,"href":"https:\/\/gavri-src.addisnetwork.es\/blog\/wp-json\/wp\/v2\/tags?post=42"}],"curies":[{"name":"wp","href":"https:\/\/api.w.org\/{rel}","templated":true}]}}