{"id":423,"date":"2021-04-30T11:40:36","date_gmt":"2021-04-30T11:40:36","guid":{"rendered":"https:\/\/gavri.es\/blog\/?p=423"},"modified":"2021-06-08T17:56:34","modified_gmt":"2021-06-08T17:56:34","slug":"top-10-mejores-ventiladores-de-techo-para-2021%e2%9c%85","status":"publish","type":"post","link":"https:\/\/gavri-src.addisnetwork.es\/blog\/top-10-mejores-ventiladores-de-techo-para-2021%e2%9c%85.html","title":{"rendered":"TOP 10 mejores ventiladores de techo para 2021"},"content":{"rendered":"\n<p>En este post te contamos cu\u00e1les son los mejores modelos de ventiladores de techo de este 2021.<\/p>\n\n\n\n<p>\u00bfCu\u00e1les son los mejores ventiladores de techo DC?<\/p>\n\n\n\n<p>Los models del fabricante alem\u00e1n CasaFan<\/p>\n\n\n\n<h2 class=\"wp-block-heading\"><strong>Mejores ventiladores de techo para hogares y residencias<\/strong><\/h2>\n\n\n\n<pre class=\"wp-block-preformatted\"><strong>Modelos de CasaFan 2021<\/strong><\/pre>\n\n\n\n<p><strong>Ventilador de techo Eco Interior 142cm, del fabricante alem\u00e1n CasaFan <\/strong><\/p>\n\n\n\n<figure class=\"wp-block-image is-resized is-style-default\"><img loading=\"lazy\" decoding=\"async\" src=\"https:\/\/www.ventilator.de\/media\/image\/83\/87\/2c\/CASAFAN_ECOINTERIOR142BN-NT_314230_4.jpg\" alt=\"\" width=\"782\" height=\"343\"\/><figcaption>\u00f1lkpok\u00f1lk\u00f1l<\/figcaption><\/figure>\n\n\n\n<p>El modelo Eco Interior de CasaFan tiene un tama\u00f1a de <strong>\u00d8 142cm<\/strong> de di\u00e1metro, y est\u00e1 pensado para habitaciones o estancias hasta los <strong>30 m2<\/strong>. Las aspas son de madera maciza encolada por capas, ultraligeras, y dispone de mando a distancia con <strong>6 velocidades<\/strong> y regulador de intensidad de la luz, as\u00ed como temporizador. \u00a1Todo un tope de gama! Pero d\u00f3nde destaca es gracias a los <strong>Motor DC<\/strong> que incorporan todos los ventiladores de la gama ECO de CasaFan, ultrasilenciosos y con un consumo pr\u00e1cticamete nulo.<\/p>\n\n\n\n<p>Puedes ver este ventilador de techo en<a href=\"https:\/\/gavri.es\/ventiladores-de-techo\/ventilador-de-techo-casafan-314230-eco-interior-142cm-madera-natural-cromo-cepillado\"> este enlace<\/a><\/p>\n\n\n\n<p><strong>Ventilador de techo Eco Pallas 142cm, del fabricante alem\u00e1n CasaFan<\/strong><\/p>\n\n\n\n<figure class=\"wp-block-image is-resized\"><img loading=\"lazy\" decoding=\"async\" src=\"https:\/\/www.ventilator.de\/media\/image\/b9\/90\/28\/CASAFAN_ECOPALLAS142BN-EA-NB_314271_2_2.jpg\" alt=\"\" width=\"816\" height=\"413\"\/><\/figure>\n\n\n\n<p>Otro de los ventiladores TOP para esta a\u00f1o 2021 es el Eco Pallas, que tambi\u00e9n incluye el motor DC del fabricante alem\u00e1n CasFan. En este caso este modelo est\u00e1 disponible en 116cm y en 142cm. El modelo de 116cm es ideal para espacios hasta los 15m2, mientras que el modelo de 142cm est\u00e1 pensado para estancias hasta los 30m2. Este modelo, al igual que el Eco Plano II que ver\u00e1s a continuaci\u00f3n, es ideal para techos bajos pues no dispone de tija o barra de extensi\u00f3n, por lo que est\u00e1 pensado para techos que no son muy altos (Dise\u00f1o simple de una pieza, sin barra). Solo <strong>24cm entre las aspas y el techo.<\/strong> Incluye mando a distancia con 6 velocidades , temporizador, verano\/invierno y atenuador de la luz (la luz se puede comprar por separado, Kit de Luz PR-LED).<\/p>\n\n\n\n<p>Encontrar\u00e1s el Eco Pallas en <a href=\"https:\/\/gavri.es\/ventiladores-de-techo\/ventilador-de-techo-casafan-314271-eco-pallas-142cm-roble-antiguo-nogal\">este enlace.<\/a><\/p>\n\n\n\n<p><strong>Ventilador de techo para techos bajos Eco Plano II 112cm, del fabricante alem\u00e1n CasaFan<\/strong><\/p>\n\n\n\n<figure class=\"wp-block-image is-resized\"><img loading=\"lazy\" decoding=\"async\" src=\"https:\/\/www.ventilator.de\/media\/image\/c1\/b7\/01\/CASAFAN_ECOPLANOII112WE-WE_3_311283_3.jpg\" alt=\"\" width=\"810\" height=\"335\"\/><\/figure>\n\n\n\n<p>El ventilador de techo Eco Plano de 112cm (tambi\u00e9n en 132cm) se trata del ventilador TOP del fabricante alem\u00e1n CasaFan, pues es una de sus modelos m\u00e1s famosos y vendidos. Se trata de un modelo muy ligero y sencillo, a la vez que completo y robusto gracias al motor DC ultrasilencioso y de bajo consumo, con hasta 25 a\u00f1os de garant\u00eda. Todo un equipo portento de dise\u00f1o,  sencillez y eficacia, con sello alem\u00e1n, que est\u00e1 disponible en varios colores (blanco, gris, marr\u00f3n, cromado o negro). Destaca tambi\u00e9n su mando a distancia, que incluye 6 velocidades, funci\u00f3n verano\/invierno, temporizador hasta 9h y encidado y apagado de la luz (el kit de luz no se incluye pero est\u00e1 disponible por separado.<\/p>\n\n\n\n<p>Haz la compra del modelo TOP m\u00e1s vendido de este a\u00f1o en <a href=\"https:\/\/gavri.es\/ventiladores-de-techo-sin-luz\/ventilador-de-techo-casafan-311283-eco-plano-ii-112cm-blanco\">este enlace<\/a>.<\/p>\n\n\n\n<pre class=\"wp-block-preformatted\"><strong>Modelos de Hunter 2021<\/strong><\/pre>\n\n\n\n<p><strong>Ventilador de techo Hunter con luz 50629 DANTE<\/strong><\/p>\n\n\n\n<figure class=\"wp-block-image is-resized\"><img loading=\"lazy\" decoding=\"async\" src=\"https:\/\/www.ventilator.de\/media\/image\/ee\/5d\/d6\/50629_1_Light_Fresh_White_Blonde_Oak_11-6-15.png\" alt=\"\" width=\"825\" height=\"471\"\/><\/figure>\n\n\n\n<p>Por la parte del fabricante estadounidense Hunter, el modelo Dante destaca de entre sus ventiladores de techo por su tama\u00f1o compacto de 112cm (ideal para las estancias medias en Espa\u00f1a) y por disponer de un gran foto de luz y mando a distancia a un precio competitivo. El Huner Dante incluye 20 a\u00f1os de garant\u00eda respecto al motor, por lo que es una compra segura de alta calidad. <\/p>\n\n\n\n<p>Concoe m\u00e1s sobre este modelo en <a href=\"https:\/\/gavri.es\/ventiladores-de-techo\/ventilador-de-techo-hunter-con-luz-50629-dante-madera-clara-blanco\">este link.<\/a><\/p>\n\n\n\n<pre class=\"wp-block-preformatted\"><strong>Modelos de Fanimation 2021<\/strong><\/pre>\n\n\n\n<p><strong>Ventilador de techo Fanimation Hugh 112cm<\/strong><\/p>\n\n\n\n<figure class=\"wp-block-image is-resized\"><img loading=\"lazy\" decoding=\"async\" src=\"https:\/\/www.ventilator.de\/media\/image\/78\/c2\/d8\/FPS8355MW.jpg\" alt=\"\" width=\"669\" height=\"446\"\/><\/figure>\n\n\n\n<p>El fabricante Fanimation (EE.UU.), que aunque lleva ya varios a\u00f1os en Europa, no se trata de una marca tan reconocida como en su pa\u00eds. Disponen de ventiladores de techo muy especiales y reconocidos, que es lo que les hxo un gran nombre en su pa\u00eds. En este caso el ventilador de techo Fanimation Hugh destaca por ser capaz de resistir adversidades del clima (<strong>Aspas con protecci\u00f3n IP21<\/strong>), por lo que lo hacen ideal para lugares h\u00fameros como porches o terrazas. Disponible en 112cm o 132cm , se controla mediante interruptor y se puede usar con o sin luz (ya viene inclu\u00edda). Desc\u00fabrelo en <a href=\"https:\/\/gavri.es\/ventiladores-de-techo\/ventilador-de-techo-con-luz-fanimation-fps8332mww-hugh-112-wet-blanco-mate#\/dfclassic\/query=dante&amp;query_name=match_and\">este link.<\/a><\/p>\n\n\n\n<h2 class=\"wp-block-heading\"><strong>Mejores modelos para exteriores o lugares abiertos  (com terrazas o balcones)<\/strong><\/h2>\n\n\n\n<p>\u00bfBuscas un ventilador de techo para exteriores? Ten en cuenta que no es para nada recomendable usar un ventilador est\u00e1ndard, pues no est\u00e1n pensados para aguantar la humedad y es muy com\u00fan que acaben oxidados o estropeados much\u00edsimo antes de lo que deber\u00edan. Para ello son necesarios los<a href=\"https:\/\/gavri.es\/ventilador-de-techo-para-exteriores\"> Ventilador de techo para exteriores<\/a>.<\/p>\n\n\n\n<p>Estos modelos de ventiladores de techo disponen de resistencia al agua (var\u00eda seg\u00fan el modelo). Estan pensados para usarse en el exteriores con techo cubierto.<\/p>\n\n\n\n<p><strong>Ventilador de techo para exterior IPX3 Hunter MARIBEL<\/strong><\/p>\n\n\n\n<figure class=\"wp-block-image is-resized\"><img loading=\"lazy\" decoding=\"async\" src=\"https:\/\/www.ventilator.de\/media\/image\/42\/a9\/7e\/50555_MARIBEL_NBOD_FLUEGEL_KUNSTSTOFF_NUSSBAUM_DUNKEL.jpg\" alt=\"\" width=\"797\" height=\"387\"\/><\/figure>\n\n\n\n<p>Cuando se trasta de ventilado de techo para exteriores, uno de los m\u00e1s famosos y conocidos es el Hunter MARIBEL, con Certificado IP44 \u2013 Resistente a rociadura de agua. Tambi\u00e9n est\u00e1 disponible en color blanco.<\/p>\n\n\n\n<p>Di\u00e1metro<strong> 132 cm<\/strong>, <strong>posibilidad de luz<\/strong> (<a href=\"https:\/\/gavri.es\/buscar?controller=search&amp;s=luzouthunter\" target=\"_blank\" rel=\"noreferrer noopener\">kit de luz para exterior<\/a>) y control por<strong> cadena.<\/strong><\/p>\n\n\n\n<p>Puedes ver m\u00e1s sobre este modelo en <a href=\"https:\/\/gavri.es\/ventiladores-de-techo-sin-luz\/ventilador-de-techo-para-exterior-ipx3-hunter-50555-maribel-nogal-nuevo-bronce\">este enlace.<\/a><\/p>\n\n\n\n<p><strong>Ventilador de techo para exterior IPX4 Hunter OUTDOOR ELEMENTS<\/strong><\/p>\n\n\n\n<figure class=\"wp-block-image is-resized\"><img loading=\"lazy\" decoding=\"async\" src=\"https:\/\/www.ventilator.de\/media\/image\/c4\/bb\/b7\/HUNTER_OUTDOOR_ELEMENTS_WB_24324.jpg\" alt=\"\" width=\"781\" height=\"354\"\/><\/figure>\n\n\n\n<p>Otrodelos modelos <strong><em>para exteriores<\/em>  es el Hunter Outdoor Elements 24324<\/strong>, que&nbsp;se distingue por tener una resistencia al agua IPX 4 d\u00e1ndole la posibilidad de una <strong>instalaci\u00f3n en exteriores<\/strong>. Tiene un tama\u00f1o de <strong>132 cm <\/strong>de di\u00e1metro. Sus <strong>5 aspas<\/strong> fabricadas en teca solida y su cuerpo de aluminio inoxidable lo hacen ideal para exteriores, espacios al aire libre, terrazas o balcones. Dise\u00f1ado para ambientes con un tama\u00f1o de <strong>25 m2<\/strong>.<\/p>\n\n\n\n<p>Puedes informarte m\u00e1s sobre este ventilador en <a href=\"https:\/\/gavri.es\/ventiladores-de-techo-sin-luz\/ventilador-de-techo-para-exterior-ipx4-hunter-24324-outdoor-elements-teca-solida-ladrillo\">este link.<\/a><\/p>\n\n\n\n<p><strong>Ventilador de techo Hunter CABO FRIO<\/strong><\/p>\n\n\n\n<figure class=\"wp-block-image is-resized\"><img loading=\"lazy\" decoding=\"async\" src=\"https:\/\/www.ventilator.de\/media\/image\/dd\/2e\/fd\/HUNTER_CABO_FRIO_NB_24235.jpg\" alt=\"\" width=\"616\" height=\"372\"\/><\/figure>\n\n\n\n<p>Otro de los ventiladores de techo para exterior de Hunter es el modelo Cabo Fr\u00edo. Dispone de 3 aspas color marr\u00f3n\/caf\u00e9, hechas de pl\u00e1stico. Esto permite que se trate de un <strong>modelo resistente a la humedad<\/strong>, siendo tambi\u00e9n <strong>apto para <a href=\"https:\/\/ynstala.es\/ventiladores-de-techo-para-exteriores\/\">exteriores<\/a><\/strong>. El motor, por su parte, es de color bronce. Accionamiento:<strong> panel a pared<\/strong>.<\/p>\n\n\n\n<p>Tambi\u00e9n disponible en blanco y en cromado con aspas negras. Para verlo, haz <a href=\"https:\/\/gavri.es\/ventiladores-de-techo\/ventilador-de-techo-hunter-50635-cabo-frio-nb-cafe-bronze\">click aqu\u00ed.<\/a><\/p>\n\n\n\n<h2 class=\"wp-block-heading\"><strong>Mejores modelos sin Aspas (aspas escondidas)<\/strong><\/h2>\n\n\n\n<p><strong>Ventilador de techo sin aspas Noaton NEBULA<\/strong><\/p>\n\n\n\n<figure class=\"wp-block-image size-large is-resized\"><img loading=\"lazy\" decoding=\"async\" src=\"https:\/\/gavri.es\/blog\/wp-content\/uploads\/2021\/04\/Noaton_11060W_Nebula.png\" alt=\"\" class=\"wp-image-431\" width=\"463\" height=\"463\" srcset=\"https:\/\/gavri-src.addisnetwork.es\/blog\/wp-content\/uploads\/2021\/04\/Noaton_11060W_Nebula.png 800w, https:\/\/gavri-src.addisnetwork.es\/blog\/wp-content\/uploads\/2021\/04\/Noaton_11060W_Nebula-300x300.png 300w, https:\/\/gavri-src.addisnetwork.es\/blog\/wp-content\/uploads\/2021\/04\/Noaton_11060W_Nebula-150x150.png 150w, https:\/\/gavri-src.addisnetwork.es\/blog\/wp-content\/uploads\/2021\/04\/Noaton_11060W_Nebula-768x768.png 768w\" sizes=\"auto, (max-width: 463px) 100vw, 463px\" \/><\/figure>\n\n\n\n<p>El ventilador con luz Noaton Nebula es un pr\u00e1ctico ayudante no s\u00f3lo en los calurosos d\u00edas de verano. Cuenta con 5 palas (material ABS) accionables en 3 velocidades, una luz controlable (con un flujo luminoso de 100 lm\/W) y una funci\u00f3n de temporizador. Todo ello en un aparato que no s\u00f3lo es econ\u00f3mico (la potencia m\u00e1xima del motor es de 26 W), sino que tambi\u00e9n es ligero y, por tanto, puede colocarse pr\u00e1cticamente en cualquier lugar (incluso en la pared, es decir, en un \u00e1ngulo de 90\u00b0).<\/p>\n\n\n\n<p><strong>Ventilador de techo sin aspas Noaton TRITON<\/strong><\/p>\n\n\n\n<figure class=\"wp-block-image size-large is-resized\"><img loading=\"lazy\" decoding=\"async\" src=\"https:\/\/gavri.es\/blog\/wp-content\/uploads\/2021\/04\/Noaton_12058W_Triton.png\" alt=\"\" class=\"wp-image-430\" width=\"449\" height=\"449\" srcset=\"https:\/\/gavri-src.addisnetwork.es\/blog\/wp-content\/uploads\/2021\/04\/Noaton_12058W_Triton.png 800w, https:\/\/gavri-src.addisnetwork.es\/blog\/wp-content\/uploads\/2021\/04\/Noaton_12058W_Triton-300x300.png 300w, https:\/\/gavri-src.addisnetwork.es\/blog\/wp-content\/uploads\/2021\/04\/Noaton_12058W_Triton-150x150.png 150w, https:\/\/gavri-src.addisnetwork.es\/blog\/wp-content\/uploads\/2021\/04\/Noaton_12058W_Triton-768x768.png 768w\" sizes=\"auto, (max-width: 449px) 100vw, 449px\" \/><\/figure>\n\n\n\n<p>Al igual que el modelo de Noaton TRITON, el ventilador de techo sin aspas Noaton TRITON es perfecto para estancias peque\u00f1as que requieran algo de ventilaci\u00f3n. Se coloca justo d\u00f3nde iba la luz, y permite ventilar al mismo tiempo que ilumina la habitaci\u00f3n. Para habitaciones de 10m2 y con un precio muy reducido, de solo 129\u20ac (con ahorro de 20\u20ac en promoci\u00f3n).<\/p>\n\n\n\n<p>Puedes ver m\u00e1s acerca de este modelo en este enlace.<\/p>\n\n\n\n<p><\/p>\n\n\n\n<p><\/p>\n","protected":false},"excerpt":{"rendered":"<p>En este post te contamos cu\u00e1les son los mejores modelos de ventiladores de techo de este 2021. \u00bfCu\u00e1les son los mejores ventiladores de techo DC? Los models del fabricante alem\u00e1n CasaFan Mejores ventiladores de techo para &#8230; <a title=\"TOP 10 mejores ventiladores de techo para 2021\" class=\"read-more\" href=\"https:\/\/gavri-src.addisnetwork.es\/blog\/top-10-mejores-ventiladores-de-techo-para-2021%e2%9c%85.html\" aria-label=\"M\u00e1s en TOP 10 mejores ventiladores de techo para 2021\">Leer m\u00e1s<\/a><\/p>\n","protected":false},"author":1,"featured_media":424,"comment_status":"open","ping_status":"closed","sticky":false,"template":"","format":"standard","meta":{"footnotes":""},"categories":[1],"tags":[],"class_list":["post-423","post","type-post","status-publish","format-standard","has-post-thumbnail","hentry","category-sin-categoria","generate-columns","tablet-grid-50","mobile-grid-100","grid-parent","grid-50","no-featured-image-padding"],"yoast_head":"<!-- This site is optimized with the Yoast SEO plugin v27.5 - https:\/\/yoast.com\/product\/yoast-seo-wordpress\/ -->\n<title>TOP 10 mejores ventiladores de techo para 2021 - Blog de Gavri.es<\/title>\n<meta name=\"description\" content=\"En este post con te contamos los mejores ventiladores de techo para este verano 2021. \u00a1No los dejes escapar!.\" \/>\n<meta name=\"robots\" content=\"index, follow, max-snippet:-1, max-image-preview:large, max-video-preview:-1\" \/>\n<link rel=\"canonical\" href=\"https:\/\/gavri-src.addisnetwork.es\/blog\/top-10-mejores-ventiladores-de-techo-para-2021\u2705.html\" \/>\n<meta property=\"og:locale\" content=\"es_ES\" \/>\n<meta property=\"og:type\" content=\"article\" \/>\n<meta property=\"og:title\" content=\"TOP 10 mejores ventiladores de techo para 2021 - Blog de Gavri.es\" \/>\n<meta property=\"og:description\" content=\"En este post con te contamos los mejores ventiladores de techo para este verano 2021. \u00a1No los dejes escapar!.\" \/>\n<meta property=\"og:url\" content=\"https:\/\/gavri-src.addisnetwork.es\/blog\/top-10-mejores-ventiladores-de-techo-para-2021\u2705.html\" \/>\n<meta property=\"og:site_name\" content=\"Blog de Gavri.es\" \/>\n<meta property=\"article:published_time\" content=\"2021-04-30T11:40:36+00:00\" \/>\n<meta property=\"article:modified_time\" content=\"2021-06-08T17:56:34+00:00\" \/>\n<meta property=\"og:image\" content=\"https:\/\/gavri-src.addisnetwork.es\/blog\/wp-content\/uploads\/2021\/04\/TOP-ventiladores-de-techo-2021.jpg\" \/>\n\t<meta property=\"og:image:width\" content=\"1900\" \/>\n\t<meta property=\"og:image:height\" content=\"781\" \/>\n\t<meta property=\"og:image:type\" content=\"image\/jpeg\" \/>\n<meta name=\"author\" content=\"Gavri\" \/>\n<meta name=\"twitter:card\" content=\"summary_large_image\" \/>\n<meta name=\"twitter:label1\" content=\"Escrito por\" \/>\n\t<meta name=\"twitter:data1\" content=\"Gavri\" \/>\n\t<meta name=\"twitter:label2\" content=\"Tiempo de lectura\" \/>\n\t<meta name=\"twitter:data2\" content=\"8 minutos\" \/>\n<script type=\"application\/ld+json\" class=\"yoast-schema-graph\">{\"@context\":\"https:\\\/\\\/schema.org\",\"@graph\":[{\"@type\":\"Article\",\"@id\":\"https:\\\/\\\/gavri-src.addisnetwork.es\\\/blog\\\/top-10-mejores-ventiladores-de-techo-para-2021%e2%9c%85.html#article\",\"isPartOf\":{\"@id\":\"https:\\\/\\\/gavri-src.addisnetwork.es\\\/blog\\\/top-10-mejores-ventiladores-de-techo-para-2021%e2%9c%85.html\"},\"author\":{\"name\":\"Gavri\",\"@id\":\"https:\\\/\\\/gavri-src.addisnetwork.es\\\/blog\\\/#\\\/schema\\\/person\\\/3df0699bd314187860df00e3b73fbf75\"},\"headline\":\"TOP 10 mejores ventiladores de techo para 2021\",\"datePublished\":\"2021-04-30T11:40:36+00:00\",\"dateModified\":\"2021-06-08T17:56:34+00:00\",\"mainEntityOfPage\":{\"@id\":\"https:\\\/\\\/gavri-src.addisnetwork.es\\\/blog\\\/top-10-mejores-ventiladores-de-techo-para-2021%e2%9c%85.html\"},\"wordCount\":1209,\"commentCount\":0,\"publisher\":{\"@id\":\"https:\\\/\\\/gavri-src.addisnetwork.es\\\/blog\\\/#organization\"},\"image\":{\"@id\":\"https:\\\/\\\/gavri-src.addisnetwork.es\\\/blog\\\/top-10-mejores-ventiladores-de-techo-para-2021%e2%9c%85.html#primaryimage\"},\"thumbnailUrl\":\"https:\\\/\\\/gavri-src.addisnetwork.es\\\/blog\\\/wp-content\\\/uploads\\\/2021\\\/04\\\/TOP-ventiladores-de-techo-2021.jpg\",\"inLanguage\":\"es\",\"potentialAction\":[{\"@type\":\"CommentAction\",\"name\":\"Comment\",\"target\":[\"https:\\\/\\\/gavri-src.addisnetwork.es\\\/blog\\\/top-10-mejores-ventiladores-de-techo-para-2021%e2%9c%85.html#respond\"]}]},{\"@type\":\"WebPage\",\"@id\":\"https:\\\/\\\/gavri-src.addisnetwork.es\\\/blog\\\/top-10-mejores-ventiladores-de-techo-para-2021%e2%9c%85.html\",\"url\":\"https:\\\/\\\/gavri-src.addisnetwork.es\\\/blog\\\/top-10-mejores-ventiladores-de-techo-para-2021%e2%9c%85.html\",\"name\":\"TOP 10 mejores ventiladores de techo para 2021 - Blog de Gavri.es\",\"isPartOf\":{\"@id\":\"https:\\\/\\\/gavri-src.addisnetwork.es\\\/blog\\\/#website\"},\"primaryImageOfPage\":{\"@id\":\"https:\\\/\\\/gavri-src.addisnetwork.es\\\/blog\\\/top-10-mejores-ventiladores-de-techo-para-2021%e2%9c%85.html#primaryimage\"},\"image\":{\"@id\":\"https:\\\/\\\/gavri-src.addisnetwork.es\\\/blog\\\/top-10-mejores-ventiladores-de-techo-para-2021%e2%9c%85.html#primaryimage\"},\"thumbnailUrl\":\"https:\\\/\\\/gavri-src.addisnetwork.es\\\/blog\\\/wp-content\\\/uploads\\\/2021\\\/04\\\/TOP-ventiladores-de-techo-2021.jpg\",\"datePublished\":\"2021-04-30T11:40:36+00:00\",\"dateModified\":\"2021-06-08T17:56:34+00:00\",\"description\":\"En este post con te contamos los mejores ventiladores de techo para este verano 2021. \u00a1No los dejes escapar!.\",\"breadcrumb\":{\"@id\":\"https:\\\/\\\/gavri-src.addisnetwork.es\\\/blog\\\/top-10-mejores-ventiladores-de-techo-para-2021%e2%9c%85.html#breadcrumb\"},\"inLanguage\":\"es\",\"potentialAction\":[{\"@type\":\"ReadAction\",\"target\":[\"https:\\\/\\\/gavri-src.addisnetwork.es\\\/blog\\\/top-10-mejores-ventiladores-de-techo-para-2021%e2%9c%85.html\"]}]},{\"@type\":\"ImageObject\",\"inLanguage\":\"es\",\"@id\":\"https:\\\/\\\/gavri-src.addisnetwork.es\\\/blog\\\/top-10-mejores-ventiladores-de-techo-para-2021%e2%9c%85.html#primaryimage\",\"url\":\"https:\\\/\\\/gavri-src.addisnetwork.es\\\/blog\\\/wp-content\\\/uploads\\\/2021\\\/04\\\/TOP-ventiladores-de-techo-2021.jpg\",\"contentUrl\":\"https:\\\/\\\/gavri-src.addisnetwork.es\\\/blog\\\/wp-content\\\/uploads\\\/2021\\\/04\\\/TOP-ventiladores-de-techo-2021.jpg\",\"width\":1900,\"height\":781},{\"@type\":\"BreadcrumbList\",\"@id\":\"https:\\\/\\\/gavri-src.addisnetwork.es\\\/blog\\\/top-10-mejores-ventiladores-de-techo-para-2021%e2%9c%85.html#breadcrumb\",\"itemListElement\":[{\"@type\":\"ListItem\",\"position\":1,\"name\":\"Portada\",\"item\":\"https:\\\/\\\/gavri-src.addisnetwork.es\\\/blog\"},{\"@type\":\"ListItem\",\"position\":2,\"name\":\"TOP 10 mejores ventiladores de techo para 2021\"}]},{\"@type\":\"WebSite\",\"@id\":\"https:\\\/\\\/gavri-src.addisnetwork.es\\\/blog\\\/#website\",\"url\":\"https:\\\/\\\/gavri-src.addisnetwork.es\\\/blog\\\/\",\"name\":\"Blog de Gavri.es\",\"description\":\"Blog de Gavri.es\",\"publisher\":{\"@id\":\"https:\\\/\\\/gavri-src.addisnetwork.es\\\/blog\\\/#organization\"},\"potentialAction\":[{\"@type\":\"SearchAction\",\"target\":{\"@type\":\"EntryPoint\",\"urlTemplate\":\"https:\\\/\\\/gavri-src.addisnetwork.es\\\/blog\\\/?s={search_term_string}\"},\"query-input\":{\"@type\":\"PropertyValueSpecification\",\"valueRequired\":true,\"valueName\":\"search_term_string\"}}],\"inLanguage\":\"es\"},{\"@type\":\"Organization\",\"@id\":\"https:\\\/\\\/gavri-src.addisnetwork.es\\\/blog\\\/#organization\",\"name\":\"Blog de Gavri.es\",\"url\":\"https:\\\/\\\/gavri-src.addisnetwork.es\\\/blog\\\/\",\"logo\":{\"@type\":\"ImageObject\",\"inLanguage\":\"es\",\"@id\":\"https:\\\/\\\/gavri-src.addisnetwork.es\\\/blog\\\/#\\\/schema\\\/logo\\\/image\\\/\",\"url\":\"https:\\\/\\\/gavri-src.addisnetwork.es\\\/blog\\\/wp-content\\\/uploads\\\/2021\\\/01\\\/cropped-LOGO-gavries-blog-1.png\",\"contentUrl\":\"https:\\\/\\\/gavri-src.addisnetwork.es\\\/blog\\\/wp-content\\\/uploads\\\/2021\\\/01\\\/cropped-LOGO-gavries-blog-1.png\",\"width\":520,\"height\":104,\"caption\":\"Blog de Gavri.es\"},\"image\":{\"@id\":\"https:\\\/\\\/gavri-src.addisnetwork.es\\\/blog\\\/#\\\/schema\\\/logo\\\/image\\\/\"}},{\"@type\":\"Person\",\"@id\":\"https:\\\/\\\/gavri-src.addisnetwork.es\\\/blog\\\/#\\\/schema\\\/person\\\/3df0699bd314187860df00e3b73fbf75\",\"name\":\"Gavri\",\"image\":{\"@type\":\"ImageObject\",\"inLanguage\":\"es\",\"@id\":\"https:\\\/\\\/secure.gravatar.com\\\/avatar\\\/6fc6afbbb919cee1ae64c74ed55bf75da72aade68e84f27c0a3a05bd98ccf2a0?s=96&d=mm&r=g\",\"url\":\"https:\\\/\\\/secure.gravatar.com\\\/avatar\\\/6fc6afbbb919cee1ae64c74ed55bf75da72aade68e84f27c0a3a05bd98ccf2a0?s=96&d=mm&r=g\",\"contentUrl\":\"https:\\\/\\\/secure.gravatar.com\\\/avatar\\\/6fc6afbbb919cee1ae64c74ed55bf75da72aade68e84f27c0a3a05bd98ccf2a0?s=96&d=mm&r=g\",\"caption\":\"Gavri\"},\"sameAs\":[\"https:\\\/\\\/gavri.es\\\/blog\"]}]}<\/script>\n<!-- \/ Yoast SEO plugin. -->","yoast_head_json":{"title":"TOP 10 mejores ventiladores de techo para 2021 - Blog de Gavri.es","description":"En este post con te contamos los mejores ventiladores de techo para este verano 2021. \u00a1No los dejes escapar!.","robots":{"index":"index","follow":"follow","max-snippet":"max-snippet:-1","max-image-preview":"max-image-preview:large","max-video-preview":"max-video-preview:-1"},"canonical":"https:\/\/gavri-src.addisnetwork.es\/blog\/top-10-mejores-ventiladores-de-techo-para-2021\u2705.html","og_locale":"es_ES","og_type":"article","og_title":"TOP 10 mejores ventiladores de techo para 2021 - Blog de Gavri.es","og_description":"En este post con te contamos los mejores ventiladores de techo para este verano 2021. \u00a1No los dejes escapar!.","og_url":"https:\/\/gavri-src.addisnetwork.es\/blog\/top-10-mejores-ventiladores-de-techo-para-2021\u2705.html","og_site_name":"Blog de Gavri.es","article_published_time":"2021-04-30T11:40:36+00:00","article_modified_time":"2021-06-08T17:56:34+00:00","og_image":[{"width":1900,"height":781,"url":"https:\/\/gavri-src.addisnetwork.es\/blog\/wp-content\/uploads\/2021\/04\/TOP-ventiladores-de-techo-2021.jpg","type":"image\/jpeg"}],"author":"Gavri","twitter_card":"summary_large_image","twitter_misc":{"Escrito por":"Gavri","Tiempo de lectura":"8 minutos"},"schema":{"@context":"https:\/\/schema.org","@graph":[{"@type":"Article","@id":"https:\/\/gavri-src.addisnetwork.es\/blog\/top-10-mejores-ventiladores-de-techo-para-2021%e2%9c%85.html#article","isPartOf":{"@id":"https:\/\/gavri-src.addisnetwork.es\/blog\/top-10-mejores-ventiladores-de-techo-para-2021%e2%9c%85.html"},"author":{"name":"Gavri","@id":"https:\/\/gavri-src.addisnetwork.es\/blog\/#\/schema\/person\/3df0699bd314187860df00e3b73fbf75"},"headline":"TOP 10 mejores ventiladores de techo para 2021","datePublished":"2021-04-30T11:40:36+00:00","dateModified":"2021-06-08T17:56:34+00:00","mainEntityOfPage":{"@id":"https:\/\/gavri-src.addisnetwork.es\/blog\/top-10-mejores-ventiladores-de-techo-para-2021%e2%9c%85.html"},"wordCount":1209,"commentCount":0,"publisher":{"@id":"https:\/\/gavri-src.addisnetwork.es\/blog\/#organization"},"image":{"@id":"https:\/\/gavri-src.addisnetwork.es\/blog\/top-10-mejores-ventiladores-de-techo-para-2021%e2%9c%85.html#primaryimage"},"thumbnailUrl":"https:\/\/gavri-src.addisnetwork.es\/blog\/wp-content\/uploads\/2021\/04\/TOP-ventiladores-de-techo-2021.jpg","inLanguage":"es","potentialAction":[{"@type":"CommentAction","name":"Comment","target":["https:\/\/gavri-src.addisnetwork.es\/blog\/top-10-mejores-ventiladores-de-techo-para-2021%e2%9c%85.html#respond"]}]},{"@type":"WebPage","@id":"https:\/\/gavri-src.addisnetwork.es\/blog\/top-10-mejores-ventiladores-de-techo-para-2021%e2%9c%85.html","url":"https:\/\/gavri-src.addisnetwork.es\/blog\/top-10-mejores-ventiladores-de-techo-para-2021%e2%9c%85.html","name":"TOP 10 mejores ventiladores de techo para 2021 - Blog de Gavri.es","isPartOf":{"@id":"https:\/\/gavri-src.addisnetwork.es\/blog\/#website"},"primaryImageOfPage":{"@id":"https:\/\/gavri-src.addisnetwork.es\/blog\/top-10-mejores-ventiladores-de-techo-para-2021%e2%9c%85.html#primaryimage"},"image":{"@id":"https:\/\/gavri-src.addisnetwork.es\/blog\/top-10-mejores-ventiladores-de-techo-para-2021%e2%9c%85.html#primaryimage"},"thumbnailUrl":"https:\/\/gavri-src.addisnetwork.es\/blog\/wp-content\/uploads\/2021\/04\/TOP-ventiladores-de-techo-2021.jpg","datePublished":"2021-04-30T11:40:36+00:00","dateModified":"2021-06-08T17:56:34+00:00","description":"En este post con te contamos los mejores ventiladores de techo para este verano 2021. \u00a1No los dejes escapar!.","breadcrumb":{"@id":"https:\/\/gavri-src.addisnetwork.es\/blog\/top-10-mejores-ventiladores-de-techo-para-2021%e2%9c%85.html#breadcrumb"},"inLanguage":"es","potentialAction":[{"@type":"ReadAction","target":["https:\/\/gavri-src.addisnetwork.es\/blog\/top-10-mejores-ventiladores-de-techo-para-2021%e2%9c%85.html"]}]},{"@type":"ImageObject","inLanguage":"es","@id":"https:\/\/gavri-src.addisnetwork.es\/blog\/top-10-mejores-ventiladores-de-techo-para-2021%e2%9c%85.html#primaryimage","url":"https:\/\/gavri-src.addisnetwork.es\/blog\/wp-content\/uploads\/2021\/04\/TOP-ventiladores-de-techo-2021.jpg","contentUrl":"https:\/\/gavri-src.addisnetwork.es\/blog\/wp-content\/uploads\/2021\/04\/TOP-ventiladores-de-techo-2021.jpg","width":1900,"height":781},{"@type":"BreadcrumbList","@id":"https:\/\/gavri-src.addisnetwork.es\/blog\/top-10-mejores-ventiladores-de-techo-para-2021%e2%9c%85.html#breadcrumb","itemListElement":[{"@type":"ListItem","position":1,"name":"Portada","item":"https:\/\/gavri-src.addisnetwork.es\/blog"},{"@type":"ListItem","position":2,"name":"TOP 10 mejores ventiladores de techo para 2021"}]},{"@type":"WebSite","@id":"https:\/\/gavri-src.addisnetwork.es\/blog\/#website","url":"https:\/\/gavri-src.addisnetwork.es\/blog\/","name":"Blog de Gavri.es","description":"Blog de Gavri.es","publisher":{"@id":"https:\/\/gavri-src.addisnetwork.es\/blog\/#organization"},"potentialAction":[{"@type":"SearchAction","target":{"@type":"EntryPoint","urlTemplate":"https:\/\/gavri-src.addisnetwork.es\/blog\/?s={search_term_string}"},"query-input":{"@type":"PropertyValueSpecification","valueRequired":true,"valueName":"search_term_string"}}],"inLanguage":"es"},{"@type":"Organization","@id":"https:\/\/gavri-src.addisnetwork.es\/blog\/#organization","name":"Blog de Gavri.es","url":"https:\/\/gavri-src.addisnetwork.es\/blog\/","logo":{"@type":"ImageObject","inLanguage":"es","@id":"https:\/\/gavri-src.addisnetwork.es\/blog\/#\/schema\/logo\/image\/","url":"https:\/\/gavri-src.addisnetwork.es\/blog\/wp-content\/uploads\/2021\/01\/cropped-LOGO-gavries-blog-1.png","contentUrl":"https:\/\/gavri-src.addisnetwork.es\/blog\/wp-content\/uploads\/2021\/01\/cropped-LOGO-gavries-blog-1.png","width":520,"height":104,"caption":"Blog de Gavri.es"},"image":{"@id":"https:\/\/gavri-src.addisnetwork.es\/blog\/#\/schema\/logo\/image\/"}},{"@type":"Person","@id":"https:\/\/gavri-src.addisnetwork.es\/blog\/#\/schema\/person\/3df0699bd314187860df00e3b73fbf75","name":"Gavri","image":{"@type":"ImageObject","inLanguage":"es","@id":"https:\/\/secure.gravatar.com\/avatar\/6fc6afbbb919cee1ae64c74ed55bf75da72aade68e84f27c0a3a05bd98ccf2a0?s=96&d=mm&r=g","url":"https:\/\/secure.gravatar.com\/avatar\/6fc6afbbb919cee1ae64c74ed55bf75da72aade68e84f27c0a3a05bd98ccf2a0?s=96&d=mm&r=g","contentUrl":"https:\/\/secure.gravatar.com\/avatar\/6fc6afbbb919cee1ae64c74ed55bf75da72aade68e84f27c0a3a05bd98ccf2a0?s=96&d=mm&r=g","caption":"Gavri"},"sameAs":["https:\/\/gavri.es\/blog"]}]}},"_links":{"self":[{"href":"https:\/\/gavri-src.addisnetwork.es\/blog\/wp-json\/wp\/v2\/posts\/423","targetHints":{"allow":["GET"]}}],"collection":[{"href":"https:\/\/gavri-src.addisnetwork.es\/blog\/wp-json\/wp\/v2\/posts"}],"about":[{"href":"https:\/\/gavri-src.addisnetwork.es\/blog\/wp-json\/wp\/v2\/types\/post"}],"author":[{"embeddable":true,"href":"https:\/\/gavri-src.addisnetwork.es\/blog\/wp-json\/wp\/v2\/users\/1"}],"replies":[{"embeddable":true,"href":"https:\/\/gavri-src.addisnetwork.es\/blog\/wp-json\/wp\/v2\/comments?post=423"}],"version-history":[{"count":23,"href":"https:\/\/gavri-src.addisnetwork.es\/blog\/wp-json\/wp\/v2\/posts\/423\/revisions"}],"predecessor-version":[{"id":583,"href":"https:\/\/gavri-src.addisnetwork.es\/blog\/wp-json\/wp\/v2\/posts\/423\/revisions\/583"}],"wp:featuredmedia":[{"embeddable":true,"href":"https:\/\/gavri-src.addisnetwork.es\/blog\/wp-json\/wp\/v2\/media\/424"}],"wp:attachment":[{"href":"https:\/\/gavri-src.addisnetwork.es\/blog\/wp-json\/wp\/v2\/media?parent=423"}],"wp:term":[{"taxonomy":"category","embeddable":true,"href":"https:\/\/gavri-src.addisnetwork.es\/blog\/wp-json\/wp\/v2\/categories?post=423"},{"taxonomy":"post_tag","embeddable":true,"href":"https:\/\/gavri-src.addisnetwork.es\/blog\/wp-json\/wp\/v2\/tags?post=423"}],"curies":[{"name":"wp","href":"https:\/\/api.w.org\/{rel}","templated":true}]}}