{"id":43,"date":"2020-09-15T18:55:00","date_gmt":"2020-09-15T18:55:00","guid":{"rendered":"https:\/\/gavri.ivansol.com\/blog\/?p=43"},"modified":"2021-04-29T09:48:17","modified_gmt":"2021-04-29T09:48:17","slug":"ventiladores-de-techo-sabes-todo-lo-que-necesitas-gavries-b43","status":"publish","type":"post","link":"https:\/\/gavri-src.addisnetwork.es\/blog\/ventiladores-de-techo-sabes-todo-lo-que-necesitas-gavries-b43.html","title":{"rendered":"Ventiladores de techo: \u00bfSabes todo lo que necesitas? | Gavri.es"},"content":{"rendered":"<div style=\"text-align: justify;\"><span style=\"font-size: 14pt; color: #000000;\"><span style=\"font-size: 14pt; color: #000000;\">\u00bfEst\u00e1s pensando en comprar una l\u00e1mpara con ventilador pero no te decides? \u00bfCon luz, sin luz, de madera&#8230;?<\/span><\/span><\/p>\n<p>Antes de realizar cualquier compra siempre tenemos nuestras dudas. Es lo normal. Por ello, aqu\u00ed te hemos dejado un listado con 10 cosas a tener en cuenta para elegir correctamente tu ventilador:<\/p>\n<p><strong><br \/>\n<\/strong><strong><span style=\"color: #2445a2;\">\u00bfC\u00f3mo decidir que ventilador de techo es el adecuado para m\u00ed?<\/span><\/strong><\/p>\n<ol>\n<li><span style=\"font-size: 14pt; color: #000000;\">&nbsp;Considera el tama\u00f1o de la habitaci\u00f3n<\/span><\/li>\n<li><span style=\"font-size: 14pt; color: #000000;\">&nbsp;Altura del techo<\/span><\/li>\n<li><span style=\"font-size: 14pt; color: #000000;\">&nbsp;Decide el color y el dise\u00f1o<\/span><\/li>\n<li><span style=\"font-size: 14pt; color: #000000;\">&nbsp;Considera la tecnolog\u00eda inversa para el invierno<\/span><\/li>\n<li><span style=\"font-size: 14pt; color: #000000;\">&nbsp;\u00bfQuieres que el ventilador tenga luz?<\/span><\/li>\n<li><span style=\"font-size: 14pt; color: #000000;\">&nbsp;\u00bfQuieres que tenga mando a distancia?<\/span><\/li>\n<li><span style=\"font-size: 14pt; color: #000000;\">&nbsp;\u00bfQuieres que tenga panel de control en la pared?<\/span><\/li>\n<li><span style=\"font-size: 14pt; color: #000000;\">&nbsp;Considera si vas a ponerlo en un techo inclinado<\/span><\/li>\n<li><span style=\"font-size: 14pt; color: #000000;\">&nbsp;Revisa si el material de tu techo puede soportar el ventilador<\/span><\/li>\n<li><span style=\"font-size: 14pt; color: #000000;\">&nbsp;Revisa que tu cableado el\u00e9ctrico sea compatible<\/span><\/li>\n<\/ol>\n<\/div>\n<div style=\"text-align: justify;\"><\/div>\n<div style=\"text-align: justify;\"><span style=\"font-size: 14pt; color: #000000;\">&nbsp;<\/span><\/div>\n<div style=\"text-align: justify;\"><span style=\"font-size: 14pt; color: #2445a2;\"><strong>Considera el tama\u00f1o de la habitaci\u00f3n<\/strong><\/span><\/div>\n<div style=\"text-align: justify;\"><span style=\"font-size: 14pt; color: #000000;\">El tama\u00f1o de la habitaci\u00f3n es muy importante para elegir un ventilador, la fuerza del ventilador de techo ha de ser acorde a las medidas de la habitaci\u00f3n. Si compras un ventilador demasiado potente para un cuarto peque\u00f1o puede ser incomodo. Si por el contrario, eliges un ventilador para techo peque\u00f1o para una habitaci\u00f3n demasiado grande ser\u00e1 demasiado d\u00e9bil y no conseguir\u00e1 mejorar el ambiente. La fuerza del motor es tambi\u00e9n muy importante.<\/span><\/div>\n<div style=\"text-align: justify;\"><span style=\"font-size: 14pt; color: #000000;\"><strong><br \/>\n<span style=\"color: #2445a2;\">Altura del techo<\/span><\/strong><\/span><\/div>\n<div style=\"text-align: justify;\"><span style=\"font-size: 14pt; color: #000000;\"><span style=\"font-size: 14pt; color: #000000;\">La mayor\u00eda de los pisos tienen las medidas de altura del techo necesarias (sobre 2,5m). Cuando recomendamos ventiladores de techo, pensamos en una habitaci\u00f3n con techos altos. Revisa si tu techo es m\u00e1s alto o mas bajo que el est\u00e1ndar.&nbsp; En este caso, deber\u00e1s medir el volumen de la habitaci\u00f3n (m3) en vez del tama\u00f1o del suelo (m2). Por ejemplo, si recomendamos un ventilador para una habitaci\u00f3n de 20m2, significa un volumen de 50m3 (20m2 x 2,5m = 50m3).<\/span><\/span><\/p>\n<\/div>\n<div style=\"text-align: justify;\"><span style=\"font-size: 14pt; color: #2445a2;\"><strong>Mando a distancia y panel de control en la pared<\/strong><\/span><\/div>\n<div style=\"text-align: justify;\"><span style=\"font-size: 14pt; color: #000000;\">Tener un mando a distancia est\u00e1 lleno de ventajas, con \u00e9l, puedes controlar el ventilador a distancia. Sin mando a distancia, necesitas utilizar la cadena que esta adherida al cuerpo del ventilador de techo. Esto significa que tendr\u00e1s que levantarte de tu asiento para alcanzar la cadena, que est\u00e1 a una altura aproximada de 2m. El mando a distancia es mucho m\u00e1s confortable, y no tendr\u00edas que llegar a dicha altura. Tambi\u00e9n el panel de control puede fijarse a la pared y sirve de control remoto, esta posibilidad solo est\u00e1 disponible en algunos ventiladores.<\/span><\/div>\n<div style=\"text-align: justify;\"><span style=\"font-size: 14pt; color: #000000;\"><strong><br \/>\n<span style=\"color: #2445a2;\">Tecnolog\u00eda inversa<\/span><\/strong><\/span><\/div>\n<div style=\"text-align: justify;\"><span style=\"font-size: 14pt; color: #000000;\">\u00bfSabes que el ventilador tambi\u00e9n puede ser utilizado en invierno? Si invertimos la direcci\u00f3n de las aspas, empujamos el aire caliente hacia abajo ayudando a ahorrar costes en calefacci\u00f3n. El \u00abmodo invierno\u00bb consigue mover las capas de aire calientes, que est\u00e1n en la parte alta de la habitaci\u00f3n, y las empuja hacia abajo consiguiendo mediante la circulaci\u00f3n de aire que el frio suba a la parte alta para crear una temperatura mucho m\u00e1s agradable. Hemos calculado que con esta tecnolog\u00eda puedes ahorrar hasta un 20% de tu gasto en calefacci\u00f3n (dependiendo del tama\u00f1o de la habitaci\u00f3n y de otros factores).<\/span><\/div>\n<div style=\"text-align: justify;\"><span style=\"font-size: 14pt; color: #000000;\"><strong><br \/>\n<span style=\"color: #2445a2;\">Color y dise\u00f1o<\/span><\/strong><\/span><\/div>\n<div style=\"text-align: justify;\"><span style=\"font-size: 14pt; color: #000000;\">Los ventiladores de techo pueden ser una decoraci\u00f3n elegante para tu habitaci\u00f3n, ademas de ser \u00fatiles. Busca un color que encaje con el color de tus paredes y muebles. Los ventiladores cuentan con diferentes materiales y formas de aspas, para dar un aspecto lujoso a tu comedor, tu oficina, tu habitaci\u00f3n, etc&#8230; Puedes encontrar ventiladores de dise\u00f1o amigable, elegante, vintage y moderno, depende de ti y de tus gustos. Ofrecemos una amplia selecci\u00f3n de ventiladores de los mejores dise\u00f1adores europeos y americanos.<br \/>\n<\/span><\/div>\n<div style=\"text-align: justify;\"><span style=\"font-size: 14pt; color: #000000;\"><strong><br \/>\n<span style=\"color: #2445a2;\">Ventiladores de techo con luz<\/span><\/strong><\/span><\/div>\n<div style=\"text-align: justify;\"><span style=\"font-size: 14pt; color: #000000;\"><span style=\"font-size: 14pt; color: #000000;\">Algunos ventiladores llevan una luz incorporada, que puede ser utilizada para remplazar la l\u00e1mpara principal de la habitaci\u00f3n, o como una luz adicional. Si te decides&nbsp; por un ventilador de techo con luz, fijate en la potencia de la bombilla y si utiliza mando a distancia para controlar el encendido y el apagado de la luz, tambien hay modelos de ventiladores de techo con luz led o hal\u00f3gena.<\/span><\/span><\/p>\n<\/div>\n<div style=\"text-align: justify;\"><span style=\"font-size: 14pt; color: #2445a2;\"><strong>Ventiladores para techos inclinados<\/strong><\/span><\/div>\n<div style=\"text-align: justify;\"><span style=\"font-size: 14pt; color: #000000;\">Los ventiladores pueden ser instalados en techos inclinados. Algunos pueden instalarse en techos de hasta 30\u00ba de inclinaci\u00f3n. Revisa las especificaciones del ventilador para comprobar si es compatible con tu techo inclinado.&nbsp; Algunos ventiladores como el AireRyder TOLEDO tienen un brazo articulado que es muy \u00fatil para techos curvados de hasta 27\u00ba de inclinaci\u00f3n. El ventilador AireRyder ZEPHYR puede ser instalado en techos inclinados hasta 30\u00ba.<\/span><\/div>\n<div style=\"text-align: justify;\"><span style=\"font-size: 14pt; color: #000000;\"><strong><br \/>\n<span style=\"color: #2445a2;\">Peso del ventilador y material del techo<\/span><\/strong><\/span><\/div>\n<div style=\"text-align: justify;\"><span style=\"font-size: 14pt; color: #000000;\">Los ventiladores de techo son f\u00e1ciles de instalar, pero tienes que adelantarte y pensar si es posible. El techo tiene que estar preparado para soportar un peso entre 5 y 15 kg. Antes de comprar recuerda comprobar que tu techo es suficientemente fuerte para soportar el ventilador.<\/span><\/div>\n<div style=\"text-align: justify;\"><span style=\"font-size: 14pt; color: #000000;\">Los materiales que habitualmente son adecuados: ladrillo, madera de calidad&#8230;<\/span><\/div>\n<div style=\"text-align: justify;\"><span style=\"font-size: 14pt; color: #000000;\"><span style=\"font-size: 14pt; color: #000000;\">Los materiales que no son adecuados: madera contrachapada, yeso&#8230;<\/span><\/span><\/p>\n<\/div>\n<div style=\"text-align: justify;\"><span style=\"font-size: 14pt; color: #2445a2;\"><strong>Cableado el\u00e9ctrico<\/strong><\/span><\/div>\n<div style=\"text-align: justify;\"><span style=\"font-size: 14pt; color: #000000;\">Los ventiladores de techo necesitan corriente el\u00e9ctrica para funcionar. Instalarlos es muy sencillo. Revisa que tu techo tenga los cables necesarios en su interior, y revisa que la tensi\u00f3n sea compatible. Normalmente no hay problema, pero es recomendable que una persona responsable se haga cargo de la instalaci\u00f3n. En el manual de cada ventilador encontrar\u00e1s como conectarlo. Para nuestros clientes, ofrecemos un servicio de soporte y atenci\u00f3n telef\u00f3nico.<\/span><\/div>\n<div style=\"text-align: justify;\"><span style=\"font-size: 14pt; color: #000000;\"><span style=\"font-size: 14pt; color: #000000;\"><span style=\"font-size: 14pt; color: #000000;\">&nbsp;<\/span><\/span><\/span><\/p>\n<hr>\n<\/div>\n<div style=\"text-align: justify;\"><span style=\"font-size: 14pt; color: #000000;\">\u00bfD\u00f3nde mirar despu\u00e9s? Si quieres saber m\u00e1s sobre los ventiladores de techo puedes encontrar <span style=\"text-decoration: underline; color: #0000ff;\"><a title=\"Blog de Gavri.es\" href=\"https:\/\/gavri.es\/blog\/\" target=\"_blank\" rel=\"noopener\"><span style=\"color: #0000ff; text-decoration: underline;\">toda la informaci\u00f3n en nuestro blog<\/span><\/a><\/span>.<\/span><\/div>\n<div style=\"text-align: justify;\"><span style=\"font-size: 14pt; color: #000000;\">Si ya tienes todo claro, puedes ver todo nuestro&nbsp;<span style=\"text-decoration: underline;\"><span style=\"color: #0000ff;\"><a title=\"Selecci\u00f3n de ventiladores de techo Gavri.es\" href=\"https:\/\/gavri.es\/ventiladores-de-techo\"><span style=\"color: #0000ff; text-decoration: underline;\">cat\u00e1logo de ventiladores de techo<\/span><\/a><\/span><\/span> con los mejores precios.<\/span><\/div>\n<p><span style=\"font-size: 14pt;\">&nbsp;<\/span><\/p>\n","protected":false},"excerpt":{"rendered":"<p>\u00bfEst\u00e1s pensando en comprar una l\u00e1mpara con ventilador pero no te decides? \u00bfCon luz, sin luz, de madera&#8230;? Antes de realizar cualquier compra siempre tenemos nuestras dudas. Es lo normal. Por ello, aqu\u00ed te hemos dejado &#8230; <a title=\"Ventiladores de techo: \u00bfSabes todo lo que necesitas? | Gavri.es\" class=\"read-more\" href=\"https:\/\/gavri-src.addisnetwork.es\/blog\/ventiladores-de-techo-sabes-todo-lo-que-necesitas-gavries-b43.html\" aria-label=\"M\u00e1s en Ventiladores de techo: \u00bfSabes todo lo que necesitas? | Gavri.es\">Leer m\u00e1s<\/a><\/p>\n","protected":false},"author":1,"featured_media":142,"comment_status":"open","ping_status":"closed","sticky":false,"template":"","format":"standard","meta":{"footnotes":""},"categories":[1],"tags":[],"class_list":["post-43","post","type-post","status-publish","format-standard","has-post-thumbnail","hentry","category-sin-categoria","generate-columns","tablet-grid-50","mobile-grid-100","grid-parent","grid-50","no-featured-image-padding"],"yoast_head":"<!-- This site is optimized with the Yoast SEO plugin v27.5 - https:\/\/yoast.com\/product\/yoast-seo-wordpress\/ -->\n<title>Ventiladores de techo: \u00bfSabes todo lo que necesitas? | Gavri.es - Blog de Gavri.es<\/title>\n<meta name=\"description\" content=\"Antes de adquirir un ventilador de techo es importante tener en cuenta varias cosas, com el cableado, el peso del mismo o el tipo de motor.\" \/>\n<meta name=\"robots\" content=\"index, follow, max-snippet:-1, max-image-preview:large, max-video-preview:-1\" \/>\n<link rel=\"canonical\" href=\"https:\/\/gavri-src.addisnetwork.es\/blog\/ventiladores-de-techo-sabes-todo-lo-que-necesitas-gavries-b43.html\" \/>\n<meta property=\"og:locale\" content=\"es_ES\" \/>\n<meta property=\"og:type\" content=\"article\" \/>\n<meta property=\"og:title\" content=\"Ventiladores de techo: \u00bfSabes todo lo que necesitas? | Gavri.es - Blog de Gavri.es\" \/>\n<meta property=\"og:description\" content=\"Antes de adquirir un ventilador de techo es importante tener en cuenta varias cosas, com el cableado, el peso del mismo o el tipo de motor.\" \/>\n<meta property=\"og:url\" content=\"https:\/\/gavri-src.addisnetwork.es\/blog\/ventiladores-de-techo-sabes-todo-lo-que-necesitas-gavries-b43.html\" \/>\n<meta property=\"og:site_name\" content=\"Blog de Gavri.es\" \/>\n<meta property=\"article:published_time\" content=\"2020-09-15T18:55:00+00:00\" \/>\n<meta property=\"article:modified_time\" content=\"2021-04-29T09:48:17+00:00\" \/>\n<meta property=\"og:image\" content=\"https:\/\/gavri-src.addisnetwork.es\/blog\/wp-content\/uploads\/2020\/12\/lg-b-ventiladoresloquenecesitassaber.jpg\" \/>\n\t<meta property=\"og:image:width\" content=\"1900\" \/>\n\t<meta property=\"og:image:height\" content=\"781\" \/>\n\t<meta property=\"og:image:type\" content=\"image\/jpeg\" \/>\n<meta name=\"author\" content=\"Gavri\" \/>\n<meta name=\"twitter:card\" content=\"summary_large_image\" \/>\n<meta name=\"twitter:label1\" content=\"Escrito por\" \/>\n\t<meta name=\"twitter:data1\" content=\"Gavri\" \/>\n\t<meta name=\"twitter:label2\" content=\"Tiempo de lectura\" \/>\n\t<meta name=\"twitter:data2\" content=\"4 minutos\" \/>\n<script type=\"application\/ld+json\" class=\"yoast-schema-graph\">{\"@context\":\"https:\\\/\\\/schema.org\",\"@graph\":[{\"@type\":\"Article\",\"@id\":\"https:\\\/\\\/gavri-src.addisnetwork.es\\\/blog\\\/ventiladores-de-techo-sabes-todo-lo-que-necesitas-gavries-b43.html#article\",\"isPartOf\":{\"@id\":\"https:\\\/\\\/gavri-src.addisnetwork.es\\\/blog\\\/ventiladores-de-techo-sabes-todo-lo-que-necesitas-gavries-b43.html\"},\"author\":{\"name\":\"Gavri\",\"@id\":\"https:\\\/\\\/gavri-src.addisnetwork.es\\\/blog\\\/#\\\/schema\\\/person\\\/3df0699bd314187860df00e3b73fbf75\"},\"headline\":\"Ventiladores de techo: \u00bfSabes todo lo que necesitas? | Gavri.es\",\"datePublished\":\"2020-09-15T18:55:00+00:00\",\"dateModified\":\"2021-04-29T09:48:17+00:00\",\"mainEntityOfPage\":{\"@id\":\"https:\\\/\\\/gavri-src.addisnetwork.es\\\/blog\\\/ventiladores-de-techo-sabes-todo-lo-que-necesitas-gavries-b43.html\"},\"wordCount\":993,\"commentCount\":3,\"publisher\":{\"@id\":\"https:\\\/\\\/gavri-src.addisnetwork.es\\\/blog\\\/#organization\"},\"image\":{\"@id\":\"https:\\\/\\\/gavri-src.addisnetwork.es\\\/blog\\\/ventiladores-de-techo-sabes-todo-lo-que-necesitas-gavries-b43.html#primaryimage\"},\"thumbnailUrl\":\"https:\\\/\\\/gavri-src.addisnetwork.es\\\/blog\\\/wp-content\\\/uploads\\\/2020\\\/12\\\/lg-b-ventiladoresloquenecesitassaber.jpg\",\"inLanguage\":\"es\",\"potentialAction\":[{\"@type\":\"CommentAction\",\"name\":\"Comment\",\"target\":[\"https:\\\/\\\/gavri-src.addisnetwork.es\\\/blog\\\/ventiladores-de-techo-sabes-todo-lo-que-necesitas-gavries-b43.html#respond\"]}]},{\"@type\":\"WebPage\",\"@id\":\"https:\\\/\\\/gavri-src.addisnetwork.es\\\/blog\\\/ventiladores-de-techo-sabes-todo-lo-que-necesitas-gavries-b43.html\",\"url\":\"https:\\\/\\\/gavri-src.addisnetwork.es\\\/blog\\\/ventiladores-de-techo-sabes-todo-lo-que-necesitas-gavries-b43.html\",\"name\":\"Ventiladores de techo: \u00bfSabes todo lo que necesitas? | Gavri.es - Blog de Gavri.es\",\"isPartOf\":{\"@id\":\"https:\\\/\\\/gavri-src.addisnetwork.es\\\/blog\\\/#website\"},\"primaryImageOfPage\":{\"@id\":\"https:\\\/\\\/gavri-src.addisnetwork.es\\\/blog\\\/ventiladores-de-techo-sabes-todo-lo-que-necesitas-gavries-b43.html#primaryimage\"},\"image\":{\"@id\":\"https:\\\/\\\/gavri-src.addisnetwork.es\\\/blog\\\/ventiladores-de-techo-sabes-todo-lo-que-necesitas-gavries-b43.html#primaryimage\"},\"thumbnailUrl\":\"https:\\\/\\\/gavri-src.addisnetwork.es\\\/blog\\\/wp-content\\\/uploads\\\/2020\\\/12\\\/lg-b-ventiladoresloquenecesitassaber.jpg\",\"datePublished\":\"2020-09-15T18:55:00+00:00\",\"dateModified\":\"2021-04-29T09:48:17+00:00\",\"description\":\"Antes de adquirir un ventilador de techo es importante tener en cuenta varias cosas, com el cableado, el peso del mismo o el tipo de motor.\",\"breadcrumb\":{\"@id\":\"https:\\\/\\\/gavri-src.addisnetwork.es\\\/blog\\\/ventiladores-de-techo-sabes-todo-lo-que-necesitas-gavries-b43.html#breadcrumb\"},\"inLanguage\":\"es\",\"potentialAction\":[{\"@type\":\"ReadAction\",\"target\":[\"https:\\\/\\\/gavri-src.addisnetwork.es\\\/blog\\\/ventiladores-de-techo-sabes-todo-lo-que-necesitas-gavries-b43.html\"]}]},{\"@type\":\"ImageObject\",\"inLanguage\":\"es\",\"@id\":\"https:\\\/\\\/gavri-src.addisnetwork.es\\\/blog\\\/ventiladores-de-techo-sabes-todo-lo-que-necesitas-gavries-b43.html#primaryimage\",\"url\":\"https:\\\/\\\/gavri-src.addisnetwork.es\\\/blog\\\/wp-content\\\/uploads\\\/2020\\\/12\\\/lg-b-ventiladoresloquenecesitassaber.jpg\",\"contentUrl\":\"https:\\\/\\\/gavri-src.addisnetwork.es\\\/blog\\\/wp-content\\\/uploads\\\/2020\\\/12\\\/lg-b-ventiladoresloquenecesitassaber.jpg\",\"width\":1900,\"height\":781},{\"@type\":\"BreadcrumbList\",\"@id\":\"https:\\\/\\\/gavri-src.addisnetwork.es\\\/blog\\\/ventiladores-de-techo-sabes-todo-lo-que-necesitas-gavries-b43.html#breadcrumb\",\"itemListElement\":[{\"@type\":\"ListItem\",\"position\":1,\"name\":\"Portada\",\"item\":\"https:\\\/\\\/gavri-src.addisnetwork.es\\\/blog\"},{\"@type\":\"ListItem\",\"position\":2,\"name\":\"Ventiladores de techo: \u00bfSabes todo lo que necesitas? | Gavri.es\"}]},{\"@type\":\"WebSite\",\"@id\":\"https:\\\/\\\/gavri-src.addisnetwork.es\\\/blog\\\/#website\",\"url\":\"https:\\\/\\\/gavri-src.addisnetwork.es\\\/blog\\\/\",\"name\":\"Blog de Gavri.es\",\"description\":\"Blog de Gavri.es\",\"publisher\":{\"@id\":\"https:\\\/\\\/gavri-src.addisnetwork.es\\\/blog\\\/#organization\"},\"potentialAction\":[{\"@type\":\"SearchAction\",\"target\":{\"@type\":\"EntryPoint\",\"urlTemplate\":\"https:\\\/\\\/gavri-src.addisnetwork.es\\\/blog\\\/?s={search_term_string}\"},\"query-input\":{\"@type\":\"PropertyValueSpecification\",\"valueRequired\":true,\"valueName\":\"search_term_string\"}}],\"inLanguage\":\"es\"},{\"@type\":\"Organization\",\"@id\":\"https:\\\/\\\/gavri-src.addisnetwork.es\\\/blog\\\/#organization\",\"name\":\"Blog de Gavri.es\",\"url\":\"https:\\\/\\\/gavri-src.addisnetwork.es\\\/blog\\\/\",\"logo\":{\"@type\":\"ImageObject\",\"inLanguage\":\"es\",\"@id\":\"https:\\\/\\\/gavri-src.addisnetwork.es\\\/blog\\\/#\\\/schema\\\/logo\\\/image\\\/\",\"url\":\"https:\\\/\\\/gavri-src.addisnetwork.es\\\/blog\\\/wp-content\\\/uploads\\\/2021\\\/01\\\/cropped-LOGO-gavries-blog-1.png\",\"contentUrl\":\"https:\\\/\\\/gavri-src.addisnetwork.es\\\/blog\\\/wp-content\\\/uploads\\\/2021\\\/01\\\/cropped-LOGO-gavries-blog-1.png\",\"width\":520,\"height\":104,\"caption\":\"Blog de Gavri.es\"},\"image\":{\"@id\":\"https:\\\/\\\/gavri-src.addisnetwork.es\\\/blog\\\/#\\\/schema\\\/logo\\\/image\\\/\"}},{\"@type\":\"Person\",\"@id\":\"https:\\\/\\\/gavri-src.addisnetwork.es\\\/blog\\\/#\\\/schema\\\/person\\\/3df0699bd314187860df00e3b73fbf75\",\"name\":\"Gavri\",\"image\":{\"@type\":\"ImageObject\",\"inLanguage\":\"es\",\"@id\":\"https:\\\/\\\/secure.gravatar.com\\\/avatar\\\/6fc6afbbb919cee1ae64c74ed55bf75da72aade68e84f27c0a3a05bd98ccf2a0?s=96&d=mm&r=g\",\"url\":\"https:\\\/\\\/secure.gravatar.com\\\/avatar\\\/6fc6afbbb919cee1ae64c74ed55bf75da72aade68e84f27c0a3a05bd98ccf2a0?s=96&d=mm&r=g\",\"contentUrl\":\"https:\\\/\\\/secure.gravatar.com\\\/avatar\\\/6fc6afbbb919cee1ae64c74ed55bf75da72aade68e84f27c0a3a05bd98ccf2a0?s=96&d=mm&r=g\",\"caption\":\"Gavri\"},\"sameAs\":[\"https:\\\/\\\/gavri.es\\\/blog\"]}]}<\/script>\n<!-- \/ Yoast SEO plugin. -->","yoast_head_json":{"title":"Ventiladores de techo: \u00bfSabes todo lo que necesitas? | Gavri.es - Blog de Gavri.es","description":"Antes de adquirir un ventilador de techo es importante tener en cuenta varias cosas, com el cableado, el peso del mismo o el tipo de motor.","robots":{"index":"index","follow":"follow","max-snippet":"max-snippet:-1","max-image-preview":"max-image-preview:large","max-video-preview":"max-video-preview:-1"},"canonical":"https:\/\/gavri-src.addisnetwork.es\/blog\/ventiladores-de-techo-sabes-todo-lo-que-necesitas-gavries-b43.html","og_locale":"es_ES","og_type":"article","og_title":"Ventiladores de techo: \u00bfSabes todo lo que necesitas? | Gavri.es - Blog de Gavri.es","og_description":"Antes de adquirir un ventilador de techo es importante tener en cuenta varias cosas, com el cableado, el peso del mismo o el tipo de motor.","og_url":"https:\/\/gavri-src.addisnetwork.es\/blog\/ventiladores-de-techo-sabes-todo-lo-que-necesitas-gavries-b43.html","og_site_name":"Blog de Gavri.es","article_published_time":"2020-09-15T18:55:00+00:00","article_modified_time":"2021-04-29T09:48:17+00:00","og_image":[{"width":1900,"height":781,"url":"https:\/\/gavri-src.addisnetwork.es\/blog\/wp-content\/uploads\/2020\/12\/lg-b-ventiladoresloquenecesitassaber.jpg","type":"image\/jpeg"}],"author":"Gavri","twitter_card":"summary_large_image","twitter_misc":{"Escrito por":"Gavri","Tiempo de lectura":"4 minutos"},"schema":{"@context":"https:\/\/schema.org","@graph":[{"@type":"Article","@id":"https:\/\/gavri-src.addisnetwork.es\/blog\/ventiladores-de-techo-sabes-todo-lo-que-necesitas-gavries-b43.html#article","isPartOf":{"@id":"https:\/\/gavri-src.addisnetwork.es\/blog\/ventiladores-de-techo-sabes-todo-lo-que-necesitas-gavries-b43.html"},"author":{"name":"Gavri","@id":"https:\/\/gavri-src.addisnetwork.es\/blog\/#\/schema\/person\/3df0699bd314187860df00e3b73fbf75"},"headline":"Ventiladores de techo: \u00bfSabes todo lo que necesitas? | Gavri.es","datePublished":"2020-09-15T18:55:00+00:00","dateModified":"2021-04-29T09:48:17+00:00","mainEntityOfPage":{"@id":"https:\/\/gavri-src.addisnetwork.es\/blog\/ventiladores-de-techo-sabes-todo-lo-que-necesitas-gavries-b43.html"},"wordCount":993,"commentCount":3,"publisher":{"@id":"https:\/\/gavri-src.addisnetwork.es\/blog\/#organization"},"image":{"@id":"https:\/\/gavri-src.addisnetwork.es\/blog\/ventiladores-de-techo-sabes-todo-lo-que-necesitas-gavries-b43.html#primaryimage"},"thumbnailUrl":"https:\/\/gavri-src.addisnetwork.es\/blog\/wp-content\/uploads\/2020\/12\/lg-b-ventiladoresloquenecesitassaber.jpg","inLanguage":"es","potentialAction":[{"@type":"CommentAction","name":"Comment","target":["https:\/\/gavri-src.addisnetwork.es\/blog\/ventiladores-de-techo-sabes-todo-lo-que-necesitas-gavries-b43.html#respond"]}]},{"@type":"WebPage","@id":"https:\/\/gavri-src.addisnetwork.es\/blog\/ventiladores-de-techo-sabes-todo-lo-que-necesitas-gavries-b43.html","url":"https:\/\/gavri-src.addisnetwork.es\/blog\/ventiladores-de-techo-sabes-todo-lo-que-necesitas-gavries-b43.html","name":"Ventiladores de techo: \u00bfSabes todo lo que necesitas? | Gavri.es - Blog de Gavri.es","isPartOf":{"@id":"https:\/\/gavri-src.addisnetwork.es\/blog\/#website"},"primaryImageOfPage":{"@id":"https:\/\/gavri-src.addisnetwork.es\/blog\/ventiladores-de-techo-sabes-todo-lo-que-necesitas-gavries-b43.html#primaryimage"},"image":{"@id":"https:\/\/gavri-src.addisnetwork.es\/blog\/ventiladores-de-techo-sabes-todo-lo-que-necesitas-gavries-b43.html#primaryimage"},"thumbnailUrl":"https:\/\/gavri-src.addisnetwork.es\/blog\/wp-content\/uploads\/2020\/12\/lg-b-ventiladoresloquenecesitassaber.jpg","datePublished":"2020-09-15T18:55:00+00:00","dateModified":"2021-04-29T09:48:17+00:00","description":"Antes de adquirir un ventilador de techo es importante tener en cuenta varias cosas, com el cableado, el peso del mismo o el tipo de motor.","breadcrumb":{"@id":"https:\/\/gavri-src.addisnetwork.es\/blog\/ventiladores-de-techo-sabes-todo-lo-que-necesitas-gavries-b43.html#breadcrumb"},"inLanguage":"es","potentialAction":[{"@type":"ReadAction","target":["https:\/\/gavri-src.addisnetwork.es\/blog\/ventiladores-de-techo-sabes-todo-lo-que-necesitas-gavries-b43.html"]}]},{"@type":"ImageObject","inLanguage":"es","@id":"https:\/\/gavri-src.addisnetwork.es\/blog\/ventiladores-de-techo-sabes-todo-lo-que-necesitas-gavries-b43.html#primaryimage","url":"https:\/\/gavri-src.addisnetwork.es\/blog\/wp-content\/uploads\/2020\/12\/lg-b-ventiladoresloquenecesitassaber.jpg","contentUrl":"https:\/\/gavri-src.addisnetwork.es\/blog\/wp-content\/uploads\/2020\/12\/lg-b-ventiladoresloquenecesitassaber.jpg","width":1900,"height":781},{"@type":"BreadcrumbList","@id":"https:\/\/gavri-src.addisnetwork.es\/blog\/ventiladores-de-techo-sabes-todo-lo-que-necesitas-gavries-b43.html#breadcrumb","itemListElement":[{"@type":"ListItem","position":1,"name":"Portada","item":"https:\/\/gavri-src.addisnetwork.es\/blog"},{"@type":"ListItem","position":2,"name":"Ventiladores de techo: \u00bfSabes todo lo que necesitas? | Gavri.es"}]},{"@type":"WebSite","@id":"https:\/\/gavri-src.addisnetwork.es\/blog\/#website","url":"https:\/\/gavri-src.addisnetwork.es\/blog\/","name":"Blog de Gavri.es","description":"Blog de Gavri.es","publisher":{"@id":"https:\/\/gavri-src.addisnetwork.es\/blog\/#organization"},"potentialAction":[{"@type":"SearchAction","target":{"@type":"EntryPoint","urlTemplate":"https:\/\/gavri-src.addisnetwork.es\/blog\/?s={search_term_string}"},"query-input":{"@type":"PropertyValueSpecification","valueRequired":true,"valueName":"search_term_string"}}],"inLanguage":"es"},{"@type":"Organization","@id":"https:\/\/gavri-src.addisnetwork.es\/blog\/#organization","name":"Blog de Gavri.es","url":"https:\/\/gavri-src.addisnetwork.es\/blog\/","logo":{"@type":"ImageObject","inLanguage":"es","@id":"https:\/\/gavri-src.addisnetwork.es\/blog\/#\/schema\/logo\/image\/","url":"https:\/\/gavri-src.addisnetwork.es\/blog\/wp-content\/uploads\/2021\/01\/cropped-LOGO-gavries-blog-1.png","contentUrl":"https:\/\/gavri-src.addisnetwork.es\/blog\/wp-content\/uploads\/2021\/01\/cropped-LOGO-gavries-blog-1.png","width":520,"height":104,"caption":"Blog de Gavri.es"},"image":{"@id":"https:\/\/gavri-src.addisnetwork.es\/blog\/#\/schema\/logo\/image\/"}},{"@type":"Person","@id":"https:\/\/gavri-src.addisnetwork.es\/blog\/#\/schema\/person\/3df0699bd314187860df00e3b73fbf75","name":"Gavri","image":{"@type":"ImageObject","inLanguage":"es","@id":"https:\/\/secure.gravatar.com\/avatar\/6fc6afbbb919cee1ae64c74ed55bf75da72aade68e84f27c0a3a05bd98ccf2a0?s=96&d=mm&r=g","url":"https:\/\/secure.gravatar.com\/avatar\/6fc6afbbb919cee1ae64c74ed55bf75da72aade68e84f27c0a3a05bd98ccf2a0?s=96&d=mm&r=g","contentUrl":"https:\/\/secure.gravatar.com\/avatar\/6fc6afbbb919cee1ae64c74ed55bf75da72aade68e84f27c0a3a05bd98ccf2a0?s=96&d=mm&r=g","caption":"Gavri"},"sameAs":["https:\/\/gavri.es\/blog"]}]}},"_links":{"self":[{"href":"https:\/\/gavri-src.addisnetwork.es\/blog\/wp-json\/wp\/v2\/posts\/43","targetHints":{"allow":["GET"]}}],"collection":[{"href":"https:\/\/gavri-src.addisnetwork.es\/blog\/wp-json\/wp\/v2\/posts"}],"about":[{"href":"https:\/\/gavri-src.addisnetwork.es\/blog\/wp-json\/wp\/v2\/types\/post"}],"author":[{"embeddable":true,"href":"https:\/\/gavri-src.addisnetwork.es\/blog\/wp-json\/wp\/v2\/users\/1"}],"replies":[{"embeddable":true,"href":"https:\/\/gavri-src.addisnetwork.es\/blog\/wp-json\/wp\/v2\/comments?post=43"}],"version-history":[{"count":3,"href":"https:\/\/gavri-src.addisnetwork.es\/blog\/wp-json\/wp\/v2\/posts\/43\/revisions"}],"predecessor-version":[{"id":393,"href":"https:\/\/gavri-src.addisnetwork.es\/blog\/wp-json\/wp\/v2\/posts\/43\/revisions\/393"}],"wp:featuredmedia":[{"embeddable":true,"href":"https:\/\/gavri-src.addisnetwork.es\/blog\/wp-json\/wp\/v2\/media\/142"}],"wp:attachment":[{"href":"https:\/\/gavri-src.addisnetwork.es\/blog\/wp-json\/wp\/v2\/media?parent=43"}],"wp:term":[{"taxonomy":"category","embeddable":true,"href":"https:\/\/gavri-src.addisnetwork.es\/blog\/wp-json\/wp\/v2\/categories?post=43"},{"taxonomy":"post_tag","embeddable":true,"href":"https:\/\/gavri-src.addisnetwork.es\/blog\/wp-json\/wp\/v2\/tags?post=43"}],"curies":[{"name":"wp","href":"https:\/\/api.w.org\/{rel}","templated":true}]}}