{"id":45,"date":"2020-09-17T18:55:00","date_gmt":"2020-09-17T18:55:00","guid":{"rendered":"https:\/\/gavri.ivansol.com\/blog\/?p=45"},"modified":"2021-04-29T09:48:03","modified_gmt":"2021-04-29T09:48:03","slug":"casafan-eco-neo-ii-personaliza-tu-ventilador-b45","status":"publish","type":"post","link":"https:\/\/gavri-src.addisnetwork.es\/blog\/casafan-eco-neo-ii-personaliza-tu-ventilador-b45.html","title":{"rendered":"Personaliza tu ventilador de techo CasaFan Eco Neo II | Gavri.es"},"content":{"rendered":"<h2>Un ventilador de techo a tu gusto<\/h2>\n<p style=\"text-align: justify;\"><span style=\"font-size: 14pt;\">Puedes escoger entre cualquier combinaci\u00f3n de 6 acabados diferentes del motor, 4 tama\u00f1os y 10 acabados diferentes de aspas reversibles, varias medidas de barras de extensi\u00f3n para techos altos y tantos colores como en los motores, y la posibilidad de elegir entre 4 kits de luz para a\u00f1adir al ventilador. \u00a1Deja que tu ventilador brille con luces LED y bombillas de bajo consumo!<\/span><\/p>\n<div><iframe loading=\"lazy\" src=\"https:\/\/www.youtube.com\/embed\/QLwMWmevGB4\" width=\"100%\" height=\"360\" frameborder=\"0\"><\/iframe><\/div>\n<p><span style=\"font-size: 14pt;\">Motores:<\/span><\/p>\n<table style=\"height: 300px;\" width=\"648\">\n<tbody>\n<tr>\n<td><img loading=\"lazy\" decoding=\"async\" title=\"motor_eco_neo_II_ba_413229-marron_antiguo\" src=\"https:\/\/gavri.es\/img\/cms\/ventiladores-de-techo-casafan\/casafan_motor_eco_neo_II_ba_413229-marron_antiguo.png\" alt=\"casafan_motor_eco_neo_II_ba_413229-marron_antiguo\" width=\"100\" height=\"186\"><\/td>\n<td><img loading=\"lazy\" decoding=\"async\" title=\"motor_eco_neo_II_bn_413222-cromo_cepillado\" src=\"https:\/\/gavri.es\/img\/cms\/ventiladores-de-techo-casafan\/casafan_motor_eco_neo_II_bn_413222-cromo_cepillado.png\" alt=\"casafan_motor_eco_neo_II_bn_413222-cromo_cepillado\" width=\"100\" height=\"186\"><\/td>\n<td><img loading=\"lazy\" decoding=\"async\" title=\"motor_eco_neo_II_bg_413232-gris_basalto\" src=\"https:\/\/gavri.es\/img\/cms\/ventiladores-de-techo-casafan\/casafan_motor_eco_neo_II_bg_413232-gris_basalto.png\" alt=\"casafan_motor_eco_neo_II_bg_413232-gris_basalto\" width=\"100\" height=\"186\"><\/td>\n<td><img loading=\"lazy\" decoding=\"async\" title=\"motor_eco_neo_II_ch_413228-cromo_pulido\" src=\"https:\/\/gavri.es\/img\/cms\/ventiladores-de-techo-casafan\/casafan_motor_eco_neo_II_ch_413228-cromo_pulido.png\" alt=\"casafan_motor_eco_neo_II_ch_413228-cromo_pulido\" width=\"100\" height=\"186\"><\/td>\n<td><img loading=\"lazy\" decoding=\"async\" title=\"motor_eco_neo_II_ma_413224-laton_antiguo\" src=\"https:\/\/gavri.es\/img\/cms\/ventiladores-de-techo-casafan\/casafan_motor_eco_neo_II_ma_413224-laton_antiguo.png\" alt=\"casafan_motor_eco_neo_II_ma_413224-laton_antiguo\" width=\"100\" height=\"186\"><\/td>\n<td><img loading=\"lazy\" decoding=\"async\" title=\"motor_eco_neo_II_we_413223-blanco\" src=\"https:\/\/gavri.es\/img\/cms\/ventiladores-de-techo-casafan\/casafan_motor_eco_neo_II_we_413223-blanco.png\" alt=\"casafan_motor_eco_neo_II_we_413223-blanco\" width=\"100\" height=\"186\"><\/td>\n<\/tr>\n<tr>\n<td>Eco Neo II BA Marr\u00f3n Antiguo<\/p>\n<p>(413229)<\/td>\n<td>Eco Neo II BN Cromo Satinado<\/p>\n<p>(413222)<\/td>\n<td>Eco Neo II BG Gris Basalto<\/p>\n<p>(413232)<\/td>\n<td>Eco Neo II CH Cromo Pulido<\/p>\n<p>(413228)<\/td>\n<td>Eco Neo II MA Lat\u00f3n Antiguo<\/p>\n<p>(413224)<\/td>\n<td>Eco Neo II WE Blanco<\/p>\n<p>(413223)<\/td>\n<\/tr>\n<\/tbody>\n<\/table>\n<p><span style=\"font-size: 14pt;\">Aspas:<\/span><br \/>\n<img loading=\"lazy\" decoding=\"async\" title=\"eco_neo_II_aspas-wengue-gris_plata\" src=\"https:\/\/gavri.es\/img\/cms\/ventiladores-de-techo-casafan\/Ventilador_de_techo_eco_neo_II_aspas-wengue-gris_plata.png\" alt=\"Ventilador_de_techo_eco_neo_II_aspas-nogal-wengu\u00e9\" width=\"200\" height=\"133\"><img loading=\"lazy\" decoding=\"async\" title=\"eco_neo_II_aspas-nogal-wengue\" src=\"https:\/\/gavri.es\/img\/cms\/ventiladores-de-techo-casafan\/Ventilador_de_techo_eco_neo_II_aspas-nogal-wengue.png\" alt=\"ventiladores-de-techo-casafan\/Ventilador_de_techo_eco_neo_II_aspas-nogal-wengue\" width=\"200\" height=\"133\"><img loading=\"lazy\" decoding=\"async\" title=\"eco_neo_II_aspas-nogal-cereza\" src=\"https:\/\/gavri.es\/img\/cms\/ventiladores-de-techo-casafan\/Ventilador_de_techo_eco_neo_II_aspas-nogal-cereza.png\" alt=\"ventiladores-de-techo-casafan\/Ventilador_de_techo_eco_neo_II_aspas-nogal-cereza\" width=\"200\" height=\"133\"><img loading=\"lazy\" decoding=\"async\" title=\"eco_neo_II_aspas-negro -teca\" src=\"https:\/\/gavri.es\/img\/cms\/ventiladores-de-techo-casafan\/Ventilador_de_techo_eco_neo_II_aspas-negro%20-teca.png\" alt=\"ventiladores-de-techo-casafan\/Ventilador_de_techo_eco_neo_II_aspas-negro -teca\" width=\"200\" height=\"133\"><img loading=\"lazy\" decoding=\"async\" title=\"eco_neo_II_aspas-blanco_gris-claro\" src=\"https:\/\/gavri.es\/img\/cms\/ventiladores-de-techo-casafan\/Ventilador_de_techo_eco_neo_II_aspas-blanco_gris-claro.png\" alt=\"ventiladores-de-techo-casafan\/Ventilador_de_techo_eco_neo_II_aspas-blanco_gris-claro\" width=\"200\" height=\"133\"><img loading=\"lazy\" decoding=\"async\" title=\"eco_neo_II_aspas-arce -haya\" src=\"https:\/\/gavri.es\/img\/cms\/ventiladores-de-techo-casafan\/Ventilador_de_techo_eco_neo_II_aspas-arce%20-haya.png\" alt=\"ventiladores-de-techo-casafan\/Ventilador_de_techo_eco_neo_II_aspas-arce -haya\" width=\"200\" height=\"133\"><\/p>\n<p><span style=\"font-size: 14pt;\">Barras de extensi\u00f3n:<\/span><\/p>\n<p><img loading=\"lazy\" decoding=\"async\" title=\"eco_neo_II-colores_barras-extension\" src=\"https:\/\/gavri.es\/img\/cms\/ventiladores-de-techo-casafan\/Ventilador_de_techo_casafan-eco_neo_II-colores_barras-extension.png\" alt=\"casafan-eco_neo_II-colores_barras-extension\" width=\"200\" height=\"359\"><\/p>\n<p><span style=\"font-size: 14pt;\">Luces:<\/span><\/p>\n<p><img loading=\"lazy\" decoding=\"async\" title=\"casafan-eco_neo_II-luz_en1\" src=\"https:\/\/gavri.es\/img\/cms\/ventiladores-de-techo-casafan\/Ventilador_de_techo_casafan-eco_neo_II-luz_en1.jpg\" alt=\"casafan-eco_neo_II-luz_en\" width=\"100\" height=\"72\">&nbsp;&nbsp; <img loading=\"lazy\" decoding=\"async\" title=\"casafan-eco_neo_II-luz_en2\" src=\"https:\/\/gavri.es\/img\/cms\/ventiladores-de-techo-casafan\/Ventilador_de_techo_casafan-eco_neo_II-luz_en2.jpg\" alt=\"casafan-eco_neo_II-luz_en2\" width=\"100\" height=\"51\">&nbsp;&nbsp;&nbsp; <img loading=\"lazy\" decoding=\"async\" title=\"casafan-eco_neo_II-luz_en3r\" src=\"https:\/\/gavri.es\/img\/cms\/ventiladores-de-techo-casafan\/Ventilador_de_techo_casafan-eco_neo_II-luz_en3r.jpg\" alt=\"casafan-eco_neo_II-luz_en3r\" width=\"100\" height=\"57\">&nbsp;&nbsp;&nbsp;&nbsp;&nbsp;&nbsp;&nbsp;&nbsp;&nbsp; <img loading=\"lazy\" decoding=\"async\" title=\"casafan-eco_neo_II-luz_en3z\" src=\"https:\/\/gavri.es\/img\/cms\/ventiladores-de-techo-casafan\/Ventilador_de_techo_casafan-eco_neo_II-luz_en3z.jpg\" alt=\"casafan-eco_neo_II-luz_en3z\" width=\"100\" height=\"49\"><\/p>\n<p><span style=\"font-size: 14pt;\">Ll\u00e1manos al 934613072 o escribe a contacto@gavri.es, estaremos encantados de ayudarte.<\/span><\/p>\n","protected":false},"excerpt":{"rendered":"<p>Un ventilador de techo a tu gusto Puedes escoger entre cualquier combinaci\u00f3n de 6 acabados diferentes del motor, 4 tama\u00f1os y 10 acabados diferentes de aspas reversibles, varias medidas de barras de extensi\u00f3n para techos altos &#8230; <a title=\"Personaliza tu ventilador de techo CasaFan Eco Neo II | Gavri.es\" class=\"read-more\" href=\"https:\/\/gavri-src.addisnetwork.es\/blog\/casafan-eco-neo-ii-personaliza-tu-ventilador-b45.html\" aria-label=\"M\u00e1s en Personaliza tu ventilador de techo CasaFan Eco Neo II | Gavri.es\">Leer m\u00e1s<\/a><\/p>\n","protected":false},"author":1,"featured_media":138,"comment_status":"open","ping_status":"closed","sticky":false,"template":"","format":"standard","meta":{"footnotes":""},"categories":[1],"tags":[],"class_list":["post-45","post","type-post","status-publish","format-standard","has-post-thumbnail","hentry","category-sin-categoria","generate-columns","tablet-grid-50","mobile-grid-100","grid-parent","grid-50","no-featured-image-padding"],"yoast_head":"<!-- This site is optimized with the Yoast SEO plugin v27.5 - https:\/\/yoast.com\/product\/yoast-seo-wordpress\/ -->\n<title>Personaliza tu ventilador de techo CasaFan Eco Neo II | Gavri.es - Blog de Gavri.es<\/title>\n<meta name=\"description\" content=\"Es posible personalizar el ventilador de techo Eco Neo a tu gusto. Elige el color del motor, de las aspas as\u00ed como el tama\u00f1o a tu gusto.\" \/>\n<meta name=\"robots\" content=\"index, follow, max-snippet:-1, max-image-preview:large, max-video-preview:-1\" \/>\n<link rel=\"canonical\" href=\"https:\/\/gavri-src.addisnetwork.es\/blog\/casafan-eco-neo-ii-personaliza-tu-ventilador-b45.html\" \/>\n<meta property=\"og:locale\" content=\"es_ES\" \/>\n<meta property=\"og:type\" content=\"article\" \/>\n<meta property=\"og:title\" content=\"Personaliza tu ventilador de techo CasaFan Eco Neo II | Gavri.es - Blog de Gavri.es\" \/>\n<meta property=\"og:description\" content=\"Es posible personalizar el ventilador de techo Eco Neo a tu gusto. Elige el color del motor, de las aspas as\u00ed como el tama\u00f1o a tu gusto.\" \/>\n<meta property=\"og:url\" content=\"https:\/\/gavri-src.addisnetwork.es\/blog\/casafan-eco-neo-ii-personaliza-tu-ventilador-b45.html\" \/>\n<meta property=\"og:site_name\" content=\"Blog de Gavri.es\" \/>\n<meta property=\"article:published_time\" content=\"2020-09-17T18:55:00+00:00\" \/>\n<meta property=\"article:modified_time\" content=\"2021-04-29T09:48:03+00:00\" \/>\n<meta property=\"og:image\" content=\"https:\/\/gavri-src.addisnetwork.es\/blog\/wp-content\/uploads\/2020\/12\/lg-b-portadaeco-neo-ii.jpg\" \/>\n\t<meta property=\"og:image:width\" content=\"1900\" \/>\n\t<meta property=\"og:image:height\" content=\"781\" \/>\n\t<meta property=\"og:image:type\" content=\"image\/jpeg\" \/>\n<meta name=\"author\" content=\"Gavri\" \/>\n<meta name=\"twitter:card\" content=\"summary_large_image\" \/>\n<meta name=\"twitter:label1\" content=\"Escrito por\" \/>\n\t<meta name=\"twitter:data1\" content=\"Gavri\" \/>\n\t<meta name=\"twitter:label2\" content=\"Tiempo de lectura\" \/>\n\t<meta name=\"twitter:data2\" content=\"4 minutos\" \/>\n<script type=\"application\/ld+json\" class=\"yoast-schema-graph\">{\"@context\":\"https:\\\/\\\/schema.org\",\"@graph\":[{\"@type\":\"Article\",\"@id\":\"https:\\\/\\\/gavri-src.addisnetwork.es\\\/blog\\\/casafan-eco-neo-ii-personaliza-tu-ventilador-b45.html#article\",\"isPartOf\":{\"@id\":\"https:\\\/\\\/gavri-src.addisnetwork.es\\\/blog\\\/casafan-eco-neo-ii-personaliza-tu-ventilador-b45.html\"},\"author\":{\"name\":\"Gavri\",\"@id\":\"https:\\\/\\\/gavri-src.addisnetwork.es\\\/blog\\\/#\\\/schema\\\/person\\\/3df0699bd314187860df00e3b73fbf75\"},\"headline\":\"Personaliza tu ventilador de techo CasaFan Eco Neo II | Gavri.es\",\"datePublished\":\"2020-09-17T18:55:00+00:00\",\"dateModified\":\"2021-04-29T09:48:03+00:00\",\"mainEntityOfPage\":{\"@id\":\"https:\\\/\\\/gavri-src.addisnetwork.es\\\/blog\\\/casafan-eco-neo-ii-personaliza-tu-ventilador-b45.html\"},\"wordCount\":152,\"commentCount\":0,\"publisher\":{\"@id\":\"https:\\\/\\\/gavri-src.addisnetwork.es\\\/blog\\\/#organization\"},\"image\":{\"@id\":\"https:\\\/\\\/gavri-src.addisnetwork.es\\\/blog\\\/casafan-eco-neo-ii-personaliza-tu-ventilador-b45.html#primaryimage\"},\"thumbnailUrl\":\"https:\\\/\\\/gavri-src.addisnetwork.es\\\/blog\\\/wp-content\\\/uploads\\\/2020\\\/12\\\/lg-b-portadaeco-neo-ii.jpg\",\"inLanguage\":\"es\",\"potentialAction\":[{\"@type\":\"CommentAction\",\"name\":\"Comment\",\"target\":[\"https:\\\/\\\/gavri-src.addisnetwork.es\\\/blog\\\/casafan-eco-neo-ii-personaliza-tu-ventilador-b45.html#respond\"]}]},{\"@type\":\"WebPage\",\"@id\":\"https:\\\/\\\/gavri-src.addisnetwork.es\\\/blog\\\/casafan-eco-neo-ii-personaliza-tu-ventilador-b45.html\",\"url\":\"https:\\\/\\\/gavri-src.addisnetwork.es\\\/blog\\\/casafan-eco-neo-ii-personaliza-tu-ventilador-b45.html\",\"name\":\"Personaliza tu ventilador de techo CasaFan Eco Neo II | Gavri.es - Blog de Gavri.es\",\"isPartOf\":{\"@id\":\"https:\\\/\\\/gavri-src.addisnetwork.es\\\/blog\\\/#website\"},\"primaryImageOfPage\":{\"@id\":\"https:\\\/\\\/gavri-src.addisnetwork.es\\\/blog\\\/casafan-eco-neo-ii-personaliza-tu-ventilador-b45.html#primaryimage\"},\"image\":{\"@id\":\"https:\\\/\\\/gavri-src.addisnetwork.es\\\/blog\\\/casafan-eco-neo-ii-personaliza-tu-ventilador-b45.html#primaryimage\"},\"thumbnailUrl\":\"https:\\\/\\\/gavri-src.addisnetwork.es\\\/blog\\\/wp-content\\\/uploads\\\/2020\\\/12\\\/lg-b-portadaeco-neo-ii.jpg\",\"datePublished\":\"2020-09-17T18:55:00+00:00\",\"dateModified\":\"2021-04-29T09:48:03+00:00\",\"description\":\"Es posible personalizar el ventilador de techo Eco Neo a tu gusto. Elige el color del motor, de las aspas as\u00ed como el tama\u00f1o a tu gusto.\",\"breadcrumb\":{\"@id\":\"https:\\\/\\\/gavri-src.addisnetwork.es\\\/blog\\\/casafan-eco-neo-ii-personaliza-tu-ventilador-b45.html#breadcrumb\"},\"inLanguage\":\"es\",\"potentialAction\":[{\"@type\":\"ReadAction\",\"target\":[\"https:\\\/\\\/gavri-src.addisnetwork.es\\\/blog\\\/casafan-eco-neo-ii-personaliza-tu-ventilador-b45.html\"]}]},{\"@type\":\"ImageObject\",\"inLanguage\":\"es\",\"@id\":\"https:\\\/\\\/gavri-src.addisnetwork.es\\\/blog\\\/casafan-eco-neo-ii-personaliza-tu-ventilador-b45.html#primaryimage\",\"url\":\"https:\\\/\\\/gavri-src.addisnetwork.es\\\/blog\\\/wp-content\\\/uploads\\\/2020\\\/12\\\/lg-b-portadaeco-neo-ii.jpg\",\"contentUrl\":\"https:\\\/\\\/gavri-src.addisnetwork.es\\\/blog\\\/wp-content\\\/uploads\\\/2020\\\/12\\\/lg-b-portadaeco-neo-ii.jpg\",\"width\":1900,\"height\":781},{\"@type\":\"BreadcrumbList\",\"@id\":\"https:\\\/\\\/gavri-src.addisnetwork.es\\\/blog\\\/casafan-eco-neo-ii-personaliza-tu-ventilador-b45.html#breadcrumb\",\"itemListElement\":[{\"@type\":\"ListItem\",\"position\":1,\"name\":\"Portada\",\"item\":\"https:\\\/\\\/gavri-src.addisnetwork.es\\\/blog\"},{\"@type\":\"ListItem\",\"position\":2,\"name\":\"Personaliza tu ventilador de techo CasaFan Eco Neo II | Gavri.es\"}]},{\"@type\":\"WebSite\",\"@id\":\"https:\\\/\\\/gavri-src.addisnetwork.es\\\/blog\\\/#website\",\"url\":\"https:\\\/\\\/gavri-src.addisnetwork.es\\\/blog\\\/\",\"name\":\"Blog de Gavri.es\",\"description\":\"Blog de Gavri.es\",\"publisher\":{\"@id\":\"https:\\\/\\\/gavri-src.addisnetwork.es\\\/blog\\\/#organization\"},\"potentialAction\":[{\"@type\":\"SearchAction\",\"target\":{\"@type\":\"EntryPoint\",\"urlTemplate\":\"https:\\\/\\\/gavri-src.addisnetwork.es\\\/blog\\\/?s={search_term_string}\"},\"query-input\":{\"@type\":\"PropertyValueSpecification\",\"valueRequired\":true,\"valueName\":\"search_term_string\"}}],\"inLanguage\":\"es\"},{\"@type\":\"Organization\",\"@id\":\"https:\\\/\\\/gavri-src.addisnetwork.es\\\/blog\\\/#organization\",\"name\":\"Blog de Gavri.es\",\"url\":\"https:\\\/\\\/gavri-src.addisnetwork.es\\\/blog\\\/\",\"logo\":{\"@type\":\"ImageObject\",\"inLanguage\":\"es\",\"@id\":\"https:\\\/\\\/gavri-src.addisnetwork.es\\\/blog\\\/#\\\/schema\\\/logo\\\/image\\\/\",\"url\":\"https:\\\/\\\/gavri-src.addisnetwork.es\\\/blog\\\/wp-content\\\/uploads\\\/2021\\\/01\\\/cropped-LOGO-gavries-blog-1.png\",\"contentUrl\":\"https:\\\/\\\/gavri-src.addisnetwork.es\\\/blog\\\/wp-content\\\/uploads\\\/2021\\\/01\\\/cropped-LOGO-gavries-blog-1.png\",\"width\":520,\"height\":104,\"caption\":\"Blog de Gavri.es\"},\"image\":{\"@id\":\"https:\\\/\\\/gavri-src.addisnetwork.es\\\/blog\\\/#\\\/schema\\\/logo\\\/image\\\/\"}},{\"@type\":\"Person\",\"@id\":\"https:\\\/\\\/gavri-src.addisnetwork.es\\\/blog\\\/#\\\/schema\\\/person\\\/3df0699bd314187860df00e3b73fbf75\",\"name\":\"Gavri\",\"image\":{\"@type\":\"ImageObject\",\"inLanguage\":\"es\",\"@id\":\"https:\\\/\\\/secure.gravatar.com\\\/avatar\\\/6fc6afbbb919cee1ae64c74ed55bf75da72aade68e84f27c0a3a05bd98ccf2a0?s=96&d=mm&r=g\",\"url\":\"https:\\\/\\\/secure.gravatar.com\\\/avatar\\\/6fc6afbbb919cee1ae64c74ed55bf75da72aade68e84f27c0a3a05bd98ccf2a0?s=96&d=mm&r=g\",\"contentUrl\":\"https:\\\/\\\/secure.gravatar.com\\\/avatar\\\/6fc6afbbb919cee1ae64c74ed55bf75da72aade68e84f27c0a3a05bd98ccf2a0?s=96&d=mm&r=g\",\"caption\":\"Gavri\"},\"sameAs\":[\"https:\\\/\\\/gavri.es\\\/blog\"]}]}<\/script>\n<!-- \/ Yoast SEO plugin. -->","yoast_head_json":{"title":"Personaliza tu ventilador de techo CasaFan Eco Neo II | Gavri.es - Blog de Gavri.es","description":"Es posible personalizar el ventilador de techo Eco Neo a tu gusto. Elige el color del motor, de las aspas as\u00ed como el tama\u00f1o a tu gusto.","robots":{"index":"index","follow":"follow","max-snippet":"max-snippet:-1","max-image-preview":"max-image-preview:large","max-video-preview":"max-video-preview:-1"},"canonical":"https:\/\/gavri-src.addisnetwork.es\/blog\/casafan-eco-neo-ii-personaliza-tu-ventilador-b45.html","og_locale":"es_ES","og_type":"article","og_title":"Personaliza tu ventilador de techo CasaFan Eco Neo II | Gavri.es - Blog de Gavri.es","og_description":"Es posible personalizar el ventilador de techo Eco Neo a tu gusto. Elige el color del motor, de las aspas as\u00ed como el tama\u00f1o a tu gusto.","og_url":"https:\/\/gavri-src.addisnetwork.es\/blog\/casafan-eco-neo-ii-personaliza-tu-ventilador-b45.html","og_site_name":"Blog de Gavri.es","article_published_time":"2020-09-17T18:55:00+00:00","article_modified_time":"2021-04-29T09:48:03+00:00","og_image":[{"width":1900,"height":781,"url":"https:\/\/gavri-src.addisnetwork.es\/blog\/wp-content\/uploads\/2020\/12\/lg-b-portadaeco-neo-ii.jpg","type":"image\/jpeg"}],"author":"Gavri","twitter_card":"summary_large_image","twitter_misc":{"Escrito por":"Gavri","Tiempo de lectura":"4 minutos"},"schema":{"@context":"https:\/\/schema.org","@graph":[{"@type":"Article","@id":"https:\/\/gavri-src.addisnetwork.es\/blog\/casafan-eco-neo-ii-personaliza-tu-ventilador-b45.html#article","isPartOf":{"@id":"https:\/\/gavri-src.addisnetwork.es\/blog\/casafan-eco-neo-ii-personaliza-tu-ventilador-b45.html"},"author":{"name":"Gavri","@id":"https:\/\/gavri-src.addisnetwork.es\/blog\/#\/schema\/person\/3df0699bd314187860df00e3b73fbf75"},"headline":"Personaliza tu ventilador de techo CasaFan Eco Neo II | Gavri.es","datePublished":"2020-09-17T18:55:00+00:00","dateModified":"2021-04-29T09:48:03+00:00","mainEntityOfPage":{"@id":"https:\/\/gavri-src.addisnetwork.es\/blog\/casafan-eco-neo-ii-personaliza-tu-ventilador-b45.html"},"wordCount":152,"commentCount":0,"publisher":{"@id":"https:\/\/gavri-src.addisnetwork.es\/blog\/#organization"},"image":{"@id":"https:\/\/gavri-src.addisnetwork.es\/blog\/casafan-eco-neo-ii-personaliza-tu-ventilador-b45.html#primaryimage"},"thumbnailUrl":"https:\/\/gavri-src.addisnetwork.es\/blog\/wp-content\/uploads\/2020\/12\/lg-b-portadaeco-neo-ii.jpg","inLanguage":"es","potentialAction":[{"@type":"CommentAction","name":"Comment","target":["https:\/\/gavri-src.addisnetwork.es\/blog\/casafan-eco-neo-ii-personaliza-tu-ventilador-b45.html#respond"]}]},{"@type":"WebPage","@id":"https:\/\/gavri-src.addisnetwork.es\/blog\/casafan-eco-neo-ii-personaliza-tu-ventilador-b45.html","url":"https:\/\/gavri-src.addisnetwork.es\/blog\/casafan-eco-neo-ii-personaliza-tu-ventilador-b45.html","name":"Personaliza tu ventilador de techo CasaFan Eco Neo II | Gavri.es - Blog de Gavri.es","isPartOf":{"@id":"https:\/\/gavri-src.addisnetwork.es\/blog\/#website"},"primaryImageOfPage":{"@id":"https:\/\/gavri-src.addisnetwork.es\/blog\/casafan-eco-neo-ii-personaliza-tu-ventilador-b45.html#primaryimage"},"image":{"@id":"https:\/\/gavri-src.addisnetwork.es\/blog\/casafan-eco-neo-ii-personaliza-tu-ventilador-b45.html#primaryimage"},"thumbnailUrl":"https:\/\/gavri-src.addisnetwork.es\/blog\/wp-content\/uploads\/2020\/12\/lg-b-portadaeco-neo-ii.jpg","datePublished":"2020-09-17T18:55:00+00:00","dateModified":"2021-04-29T09:48:03+00:00","description":"Es posible personalizar el ventilador de techo Eco Neo a tu gusto. Elige el color del motor, de las aspas as\u00ed como el tama\u00f1o a tu gusto.","breadcrumb":{"@id":"https:\/\/gavri-src.addisnetwork.es\/blog\/casafan-eco-neo-ii-personaliza-tu-ventilador-b45.html#breadcrumb"},"inLanguage":"es","potentialAction":[{"@type":"ReadAction","target":["https:\/\/gavri-src.addisnetwork.es\/blog\/casafan-eco-neo-ii-personaliza-tu-ventilador-b45.html"]}]},{"@type":"ImageObject","inLanguage":"es","@id":"https:\/\/gavri-src.addisnetwork.es\/blog\/casafan-eco-neo-ii-personaliza-tu-ventilador-b45.html#primaryimage","url":"https:\/\/gavri-src.addisnetwork.es\/blog\/wp-content\/uploads\/2020\/12\/lg-b-portadaeco-neo-ii.jpg","contentUrl":"https:\/\/gavri-src.addisnetwork.es\/blog\/wp-content\/uploads\/2020\/12\/lg-b-portadaeco-neo-ii.jpg","width":1900,"height":781},{"@type":"BreadcrumbList","@id":"https:\/\/gavri-src.addisnetwork.es\/blog\/casafan-eco-neo-ii-personaliza-tu-ventilador-b45.html#breadcrumb","itemListElement":[{"@type":"ListItem","position":1,"name":"Portada","item":"https:\/\/gavri-src.addisnetwork.es\/blog"},{"@type":"ListItem","position":2,"name":"Personaliza tu ventilador de techo CasaFan Eco Neo II | Gavri.es"}]},{"@type":"WebSite","@id":"https:\/\/gavri-src.addisnetwork.es\/blog\/#website","url":"https:\/\/gavri-src.addisnetwork.es\/blog\/","name":"Blog de Gavri.es","description":"Blog de Gavri.es","publisher":{"@id":"https:\/\/gavri-src.addisnetwork.es\/blog\/#organization"},"potentialAction":[{"@type":"SearchAction","target":{"@type":"EntryPoint","urlTemplate":"https:\/\/gavri-src.addisnetwork.es\/blog\/?s={search_term_string}"},"query-input":{"@type":"PropertyValueSpecification","valueRequired":true,"valueName":"search_term_string"}}],"inLanguage":"es"},{"@type":"Organization","@id":"https:\/\/gavri-src.addisnetwork.es\/blog\/#organization","name":"Blog de Gavri.es","url":"https:\/\/gavri-src.addisnetwork.es\/blog\/","logo":{"@type":"ImageObject","inLanguage":"es","@id":"https:\/\/gavri-src.addisnetwork.es\/blog\/#\/schema\/logo\/image\/","url":"https:\/\/gavri-src.addisnetwork.es\/blog\/wp-content\/uploads\/2021\/01\/cropped-LOGO-gavries-blog-1.png","contentUrl":"https:\/\/gavri-src.addisnetwork.es\/blog\/wp-content\/uploads\/2021\/01\/cropped-LOGO-gavries-blog-1.png","width":520,"height":104,"caption":"Blog de Gavri.es"},"image":{"@id":"https:\/\/gavri-src.addisnetwork.es\/blog\/#\/schema\/logo\/image\/"}},{"@type":"Person","@id":"https:\/\/gavri-src.addisnetwork.es\/blog\/#\/schema\/person\/3df0699bd314187860df00e3b73fbf75","name":"Gavri","image":{"@type":"ImageObject","inLanguage":"es","@id":"https:\/\/secure.gravatar.com\/avatar\/6fc6afbbb919cee1ae64c74ed55bf75da72aade68e84f27c0a3a05bd98ccf2a0?s=96&d=mm&r=g","url":"https:\/\/secure.gravatar.com\/avatar\/6fc6afbbb919cee1ae64c74ed55bf75da72aade68e84f27c0a3a05bd98ccf2a0?s=96&d=mm&r=g","contentUrl":"https:\/\/secure.gravatar.com\/avatar\/6fc6afbbb919cee1ae64c74ed55bf75da72aade68e84f27c0a3a05bd98ccf2a0?s=96&d=mm&r=g","caption":"Gavri"},"sameAs":["https:\/\/gavri.es\/blog"]}]}},"_links":{"self":[{"href":"https:\/\/gavri-src.addisnetwork.es\/blog\/wp-json\/wp\/v2\/posts\/45","targetHints":{"allow":["GET"]}}],"collection":[{"href":"https:\/\/gavri-src.addisnetwork.es\/blog\/wp-json\/wp\/v2\/posts"}],"about":[{"href":"https:\/\/gavri-src.addisnetwork.es\/blog\/wp-json\/wp\/v2\/types\/post"}],"author":[{"embeddable":true,"href":"https:\/\/gavri-src.addisnetwork.es\/blog\/wp-json\/wp\/v2\/users\/1"}],"replies":[{"embeddable":true,"href":"https:\/\/gavri-src.addisnetwork.es\/blog\/wp-json\/wp\/v2\/comments?post=45"}],"version-history":[{"count":4,"href":"https:\/\/gavri-src.addisnetwork.es\/blog\/wp-json\/wp\/v2\/posts\/45\/revisions"}],"predecessor-version":[{"id":250,"href":"https:\/\/gavri-src.addisnetwork.es\/blog\/wp-json\/wp\/v2\/posts\/45\/revisions\/250"}],"wp:featuredmedia":[{"embeddable":true,"href":"https:\/\/gavri-src.addisnetwork.es\/blog\/wp-json\/wp\/v2\/media\/138"}],"wp:attachment":[{"href":"https:\/\/gavri-src.addisnetwork.es\/blog\/wp-json\/wp\/v2\/media?parent=45"}],"wp:term":[{"taxonomy":"category","embeddable":true,"href":"https:\/\/gavri-src.addisnetwork.es\/blog\/wp-json\/wp\/v2\/categories?post=45"},{"taxonomy":"post_tag","embeddable":true,"href":"https:\/\/gavri-src.addisnetwork.es\/blog\/wp-json\/wp\/v2\/tags?post=45"}],"curies":[{"name":"wp","href":"https:\/\/api.w.org\/{rel}","templated":true}]}}