{"id":451,"date":"2021-05-05T13:21:15","date_gmt":"2021-05-05T13:21:15","guid":{"rendered":"https:\/\/gavri.es\/blog\/?p=451"},"modified":"2021-05-05T13:27:31","modified_gmt":"2021-05-05T13:27:31","slug":"guia-de-compra-ventiladores-de-techo-dc-bajo-consumo-2021","status":"publish","type":"post","link":"https:\/\/gavri-src.addisnetwork.es\/blog\/guia-de-compra-ventiladores-de-techo-dc-bajo-consumo-2021.html","title":{"rendered":"Gu\u00eda de compra ventiladores de techo DC bajo consumo 2021"},"content":{"rendered":"\n<p>en este post<\/p>\n\n\n\n<h2 class=\"wp-block-heading\">\u00bfCu\u00e1nto consume un motor de DC?<\/h2>\n\n\n\n<p>Los\u00a0<a href=\"https:\/\/gavri.es\/ventiladores-de-techo-con-motor-dc\">ventiladores de techo con motores DC<\/a> (corriente continua) son a\u00fan m\u00e1s silenciosos que los ventiladores convencionales hechos motores AC (corriente alterna). Este tipo de motores son la elecci\u00f3n perfecta para dormitorios\u00a0o habitaciones en las que se requiera de un silencio absoluto, adem\u00e1s de consumir menos electricidad.<\/p>\n\n\n\n<p>Los motores DC consumen tan s\u00f3lo entre un m\u00e1ximo de 32 W y un m\u00ednimo de hasta 6 W. Para hacernos una idea una bombilla incandescente de toda la vida consuma hasta 60W, mientras que el consumo medio de un aire acondicionado puede estar en tornos a los 1000W. Se trata de un ahorro m\u00e1s que considerable. <\/p>\n\n\n\n<p>La corriente que tenemos en casa es alterna (AC), pero no es necesario hacer nada al respecto pues los propios motores de los ventiladores de techo hace este mismo cambio.<\/p>\n\n\n\n<h2 class=\"wp-block-heading\">CasaFan, fabricante alem\u00e1n con 25 a\u00f1os de garant\u00eda<\/h2>\n\n\n\n<p>Casfan es un fabricante con sede en Hasselroth (Alemania) y se dedica exclusicamente a la fabricaci\u00f3n y distribuci\u00f3n de ventiladores de techo, as\u00ed como otros productos pensados para la climatizaci\u00f3n de hogares. Es uno de los fabricantes europeos m\u00e1s longevos y de mayor renombre. En GAVRI.es distribuimos en exclusiva sus productos para los mercados de Espa\u00f1a y Portugal.<\/p>\n\n\n\n<hr class=\"wp-block-separator\"\/>\n\n\n\n<h2 class=\"wp-block-heading\">Ventialdor de techo seg\u00fan m2<\/h2>\n\n\n\n<p>Ten en cuenta que para elegir un ventilador de techo u otro deber\u00e1s de elegirlos acorde a los metros cuadrados de tu habitaci\u00f3n. Es decir, deber\u00e1s de elegirlo m\u00e1s o menos grande (el tama\u00f1o del ventilador de techo se mide seg\u00fan el di\u00e1metro de las aspas) seg\u00fan el espacio en el que se vaya a poner. Puedes seguir esta regla que se muestra en esta imagen:<\/p>\n\n\n\n<div class=\"wp-block-image is-style-default\"><figure class=\"aligncenter size-large is-resized\"><img loading=\"lazy\" decoding=\"async\" src=\"https:\/\/gavri.es\/blog\/wp-content\/uploads\/2021\/05\/Tamano-espacio-aspas-diametro.png\" alt=\"\" class=\"wp-image-508\" width=\"685\" height=\"347\" srcset=\"https:\/\/gavri-src.addisnetwork.es\/blog\/wp-content\/uploads\/2021\/05\/Tamano-espacio-aspas-diametro.png 627w, https:\/\/gavri-src.addisnetwork.es\/blog\/wp-content\/uploads\/2021\/05\/Tamano-espacio-aspas-diametro-300x152.png 300w\" sizes=\"auto, (max-width: 685px) 100vw, 685px\" \/><\/figure><\/div>\n\n\n\n<hr class=\"wp-block-separator\"\/>\n\n\n\n<h2 class=\"wp-block-heading\">Mejores Ventiladores de techo modelos DC 2021<\/h2>\n\n\n\n<p>\u00bfNo sabes qu\u00e9 modelo de ventilador de techo DC elegir? \u00c9cha un vistazo entre algunos de los modelos TOP para este 2021:<\/p>\n\n\n\n<p><strong>Ventilador de techo CasaFan ECO GENUINO 312222 122cm lat\u00f3n antiguo \/ madera natural<\/strong><\/p>\n\n\n\n<figure class=\"wp-block-image\"><img decoding=\"async\" src=\"https:\/\/www.ventilator.de\/media\/image\/ca\/ee\/f2\/CASAFAN_ECOGENUINO122MG-NT_312222_2.jpg\" alt=\"\"\/><\/figure>\n\n\n\n<div class=\"wp-block-buttons is-content-justification-center is-layout-flex wp-block-buttons-is-layout-flex\">\n<div class=\"wp-block-button is-style-outline is-style-outline--1\"><a class=\"wp-block-button__link\" href=\"https:\/\/gavri.es\/ventilador-de-techo\/ventilador-de-techo-casafan-eco-genuino-312222-122cm-laton-antiguo-madera-natural\" style=\"border-radius:50px\">Eco Genuino desde 459\u20ac con Env\u00edo 24H<\/a><\/div>\n<\/div>\n\n\n\n<p>Di\u00e1metro de las aspas: \u00d8 152 cm. Tama\u00f1o de la habitaci\u00f3n: superiores a 17,6 m2. Aspas de madera maciza. Color de las aspas: madera clara natural. Accionamiento: mando a distancia.<br>Funci\u00f3n \u00abslow motion speed\u00bb. Instalaci\u00f3n en techo inclinado: hasta 16\u00b0. Motor bajo consumo DC.<br>Funci\u00f3n verano\/invierno.<\/p>\n\n\n\n<p><strong>Ventilador de techo CasaFan ECO NEO III 103cm 948131 cromo brillante \/ blanco o gris claro<\/strong><\/p>\n\n\n\n<figure class=\"wp-block-image\"><img decoding=\"async\" src=\"https:\/\/www.ventilator.de\/media\/image\/40\/a2\/67\/CASAFAN_ECONEOIII103CH-WE-LG_948131_1.jpg\" alt=\"\"\/><\/figure>\n\n\n\n<div class=\"wp-block-buttons is-content-justification-center is-layout-flex wp-block-buttons-is-layout-flex\">\n<div class=\"wp-block-button has-custom-width wp-block-button__width-50 is-style-outline is-style-outline--2\"><a class=\"wp-block-button__link\" href=\"https:\/\/gavri.es\/ventiladores-de-techo\/ventilador-de-techo-casafan-eco-neo-iii-103cm-948131-cromo-brillante-blanco-o-gris-claro\" style=\"border-radius:50px\">Comprar Eco Neo III 103 desde 306\u20ac<\/a><\/div>\n<\/div>\n\n\n\n<p>Di\u00e1metro de las aspas: \u00d8 103 cm. Tama\u00f1o de la habitaci\u00f3n: hasta a 12 m2. Color de las aspas: blanco o gris claro. Accionamiento: mando a distancia con 6 velocidades. Posibilidad de instalar una l\u00e1mpara en el ventilador. Instalaci\u00f3n en techo inclinado: hasta 16\u00b0. Motor de bajo consumo DC con ahorro energ\u00e9tico. Velocidad \u00abSlow Motion\u00bb. Funci\u00f3n verano\/invierno (aspas giran en la direcci\u00f3n opuesta). Funci\u00f3n de temporizador: Puedes elegir que el ventilador se apague automaticamente tras unas horas.<\/p>\n\n\n\n<p>El modelo Eco Neo est\u00e1 disponible en varios tama\u00f1o 103cm, 132cm, 152cm y 180cm. Puedes ver las combinacinoes en <a href=\"https:\/\/gavri.es\/crea-tu-ventilador-de-techo-eco-neo-a-la-carta\">este link. <\/a><\/p>\n\n\n\n<p><strong>Ventilador de techo CasaFan ECO AIRSCREW 315251 152cm blanco \/ madera natural<\/strong><\/p>\n\n\n\n<figure class=\"wp-block-image\"><img decoding=\"async\" src=\"https:\/\/www.ventilator.de\/media\/image\/57\/0e\/a9\/CASAFAN_ECOAIRSCREW152MW-NT_315251_2.jpg\" alt=\"\"\/><\/figure>\n\n\n\n<div class=\"wp-block-buttons is-content-justification-center is-layout-flex wp-block-buttons-is-layout-flex\">\n<div class=\"wp-block-button has-custom-width wp-block-button__width-50 is-style-outline is-style-outline--3\"><a class=\"wp-block-button__link\" href=\"https:\/\/gavri.es\/ventiladores-de-techo\/ventilador-de-techo-casafan-eco-airscrew-315251-152cm-blanco-madera-natural\" style=\"border-radius:50px\">En oferta por s\u00f3lo por 523\u20ac<\/a><\/div>\n<\/div>\n\n\n\n<p>Di\u00e1metro de las aspas: \u00d8 152 cm. Tama\u00f1o de la habitaci\u00f3n: superiores a 17,6 m2. Aspas de madera maciza con forma de h\u00e9lice. Color de las aspas: madera natural clara. Accionamiento: mando a distancia. Funci\u00f3n \u00abslow motion speed\u00bb. Instalaci\u00f3n en techo inclinado: hasta 16\u00b0. Motor bajo consumo DC. Funci\u00f3n verano\/invierno.<\/p>\n\n\n\n<p><strong>Ventilador de techo con luz CasaFan 93132313 AERODYNAMIX ECO 132 madera natural\/ cromo brillante<\/strong><\/p>\n\n\n\n<figure class=\"wp-block-image\"><img decoding=\"async\" src=\"https:\/\/www.ventilator.de\/media\/image\/b8\/2d\/d4\/CASAFAN_AERODYNAMIXECO132CH-NT_93132313_1.jpg\" alt=\"\"\/><\/figure>\n\n\n\n<div class=\"wp-block-buttons is-content-justification-center is-layout-flex wp-block-buttons-is-layout-flex\">\n<div class=\"wp-block-button is-style-outline is-style-outline--4\"><a class=\"wp-block-button__link\" href=\"https:\/\/gavri.es\/ventiladores-de-techo\/ventilador-de-techo-con-luz-casafan-93132313-aerodynamix-eco-132-ch-madera-natural-cromo-brillante\">Desde solo 411\u20ac con Env\u00edo Gratuito<\/a><\/div>\n<\/div>\n\n\n\n<p>Ventilador de techo AERODYNAMIX ECO 132. Di\u00e1metro de las aspas: \u00d8 132 cm. Tama\u00f1o de la habitaci\u00f3n: hasta a 20 m2. Estilo moderno. Color de las aspas: madera natural. Accionamiento: mando a distancia (incluido). Motor de bajo consumo DC\/EC (corriente continua). Luz incluida: 2 rosquilla E14 de 40 watts cada una. Se puede controlar con el mando a distancia<\/p>\n\n\n\n<p><strong>Ventilador de techo CasaFan 311283 ECO PLANO II 112cm blanco<\/strong><\/p>\n\n\n\n<figure class=\"wp-block-image\"><img decoding=\"async\" src=\"https:\/\/www.ventilator.de\/media\/image\/c1\/b7\/01\/CASAFAN_ECOPLANOII112WE-WE_3_311283_3.jpg\" alt=\"\"\/><\/figure>\n\n\n\n<div class=\"wp-block-buttons is-content-justification-center is-layout-flex wp-block-buttons-is-layout-flex\">\n<div class=\"wp-block-button is-style-outline is-style-outline--5\"><a class=\"wp-block-button__link\" href=\"https:\/\/gavri.es\/ventiladores-de-techo-para-techos-bajos\">Eco Plano II 132cm &#8211; Ventilador TOP ventas 2021 ECO <\/a><\/div>\n<\/div>\n\n\n\n<p>Dise\u00f1o plano y delgado; ideal para techo bajos. Di\u00e1metro de las aspas: \u00d8 112 o 132cm (seg\u00fan modelo). Accionamiento: mando a distancia con 6 velocidades. Motor de bajo consumo DC con ahorro energ\u00e9tico. El modelo Eco Plano est\u00e1 pensado especialmente para habitaciones con techos bajos.<\/p>\n\n\n\n<hr class=\"wp-block-separator\"\/>\n\n\n\n<p>Puedes ver m\u00e1s modelos de ventiladores de techo DC en este enlace:<\/p>\n\n\n\n<div class=\"wp-block-buttons is-layout-flex wp-block-buttons-is-layout-flex\">\n<div class=\"wp-block-button is-style-outline is-style-outline--6\"><a class=\"wp-block-button__link\" href=\"https:\/\/gavri.es\/ventiladores-de-techo-con-motor-dc\">Ver m\u00e1s modelos de ventiladores de techo DC<\/a><\/div>\n<\/div>\n","protected":false},"excerpt":{"rendered":"<p>en este post \u00bfCu\u00e1nto consume un motor de DC? Los\u00a0ventiladores de techo con motores DC (corriente continua) son a\u00fan m\u00e1s silenciosos que los ventiladores convencionales hechos motores AC (corriente alterna). Este tipo de motores son la &#8230; <a title=\"Gu\u00eda de compra ventiladores de techo DC bajo consumo 2021\" class=\"read-more\" href=\"https:\/\/gavri-src.addisnetwork.es\/blog\/guia-de-compra-ventiladores-de-techo-dc-bajo-consumo-2021.html\" aria-label=\"M\u00e1s en Gu\u00eda de compra ventiladores de techo DC bajo consumo 2021\">Leer m\u00e1s<\/a><\/p>\n","protected":false},"author":1,"featured_media":504,"comment_status":"open","ping_status":"closed","sticky":false,"template":"","format":"standard","meta":{"footnotes":""},"categories":[1],"tags":[],"class_list":["post-451","post","type-post","status-publish","format-standard","has-post-thumbnail","hentry","category-sin-categoria","generate-columns","tablet-grid-50","mobile-grid-100","grid-parent","grid-50","no-featured-image-padding"],"yoast_head":"<!-- This site is optimized with the Yoast SEO plugin v27.5 - https:\/\/yoast.com\/product\/yoast-seo-wordpress\/ -->\n<title>Gu\u00eda de compra ventiladores de techo DC bajo consumo 2021<\/title>\n<meta name=\"description\" content=\"Mejores ventiladores co corriente continua para este verano. TOP 5 modelos que no puedes perderte. Consumo desde 3W hasta m\u00e1x. 30 (ECO).\" \/>\n<meta name=\"robots\" content=\"index, follow, max-snippet:-1, max-image-preview:large, max-video-preview:-1\" \/>\n<link rel=\"canonical\" href=\"https:\/\/gavri-src.addisnetwork.es\/blog\/guia-de-compra-ventiladores-de-techo-dc-bajo-consumo-2021.html\" \/>\n<meta property=\"og:locale\" content=\"es_ES\" \/>\n<meta property=\"og:type\" content=\"article\" \/>\n<meta property=\"og:title\" content=\"Gu\u00eda de compra ventiladores de techo DC bajo consumo 2021\" \/>\n<meta property=\"og:description\" content=\"Mejores ventiladores co corriente continua para este verano. TOP 5 modelos que no puedes perderte. Consumo desde 3W hasta m\u00e1x. 30 (ECO).\" \/>\n<meta property=\"og:url\" content=\"https:\/\/gavri-src.addisnetwork.es\/blog\/guia-de-compra-ventiladores-de-techo-dc-bajo-consumo-2021.html\" \/>\n<meta property=\"og:site_name\" content=\"Blog de Gavri.es\" \/>\n<meta property=\"article:published_time\" content=\"2021-05-05T13:21:15+00:00\" \/>\n<meta property=\"article:modified_time\" content=\"2021-05-05T13:27:31+00:00\" \/>\n<meta property=\"og:image\" content=\"https:\/\/gavri-src.addisnetwork.es\/blog\/wp-content\/uploads\/2021\/05\/ventiladores-techo-con-motores-DC.jpg\" \/>\n\t<meta property=\"og:image:width\" content=\"1900\" \/>\n\t<meta property=\"og:image:height\" content=\"781\" \/>\n\t<meta property=\"og:image:type\" content=\"image\/jpeg\" \/>\n<meta name=\"author\" content=\"Gavri\" \/>\n<meta name=\"twitter:card\" content=\"summary_large_image\" \/>\n<meta name=\"twitter:label1\" content=\"Escrito por\" \/>\n\t<meta name=\"twitter:data1\" content=\"Gavri\" \/>\n\t<meta name=\"twitter:label2\" content=\"Tiempo de lectura\" \/>\n\t<meta name=\"twitter:data2\" content=\"5 minutos\" \/>\n<script type=\"application\/ld+json\" class=\"yoast-schema-graph\">{\"@context\":\"https:\\\/\\\/schema.org\",\"@graph\":[{\"@type\":\"Article\",\"@id\":\"https:\\\/\\\/gavri-src.addisnetwork.es\\\/blog\\\/guia-de-compra-ventiladores-de-techo-dc-bajo-consumo-2021.html#article\",\"isPartOf\":{\"@id\":\"https:\\\/\\\/gavri-src.addisnetwork.es\\\/blog\\\/guia-de-compra-ventiladores-de-techo-dc-bajo-consumo-2021.html\"},\"author\":{\"name\":\"Gavri\",\"@id\":\"https:\\\/\\\/gavri-src.addisnetwork.es\\\/blog\\\/#\\\/schema\\\/person\\\/3df0699bd314187860df00e3b73fbf75\"},\"headline\":\"Gu\u00eda de compra ventiladores de techo DC bajo consumo 2021\",\"datePublished\":\"2021-05-05T13:21:15+00:00\",\"dateModified\":\"2021-05-05T13:27:31+00:00\",\"mainEntityOfPage\":{\"@id\":\"https:\\\/\\\/gavri-src.addisnetwork.es\\\/blog\\\/guia-de-compra-ventiladores-de-techo-dc-bajo-consumo-2021.html\"},\"wordCount\":764,\"commentCount\":0,\"publisher\":{\"@id\":\"https:\\\/\\\/gavri-src.addisnetwork.es\\\/blog\\\/#organization\"},\"image\":{\"@id\":\"https:\\\/\\\/gavri-src.addisnetwork.es\\\/blog\\\/guia-de-compra-ventiladores-de-techo-dc-bajo-consumo-2021.html#primaryimage\"},\"thumbnailUrl\":\"https:\\\/\\\/gavri-src.addisnetwork.es\\\/blog\\\/wp-content\\\/uploads\\\/2021\\\/05\\\/ventiladores-techo-con-motores-DC.jpg\",\"inLanguage\":\"es\",\"potentialAction\":[{\"@type\":\"CommentAction\",\"name\":\"Comment\",\"target\":[\"https:\\\/\\\/gavri-src.addisnetwork.es\\\/blog\\\/guia-de-compra-ventiladores-de-techo-dc-bajo-consumo-2021.html#respond\"]}]},{\"@type\":\"WebPage\",\"@id\":\"https:\\\/\\\/gavri-src.addisnetwork.es\\\/blog\\\/guia-de-compra-ventiladores-de-techo-dc-bajo-consumo-2021.html\",\"url\":\"https:\\\/\\\/gavri-src.addisnetwork.es\\\/blog\\\/guia-de-compra-ventiladores-de-techo-dc-bajo-consumo-2021.html\",\"name\":\"Gu\u00eda de compra ventiladores de techo DC bajo consumo 2021\",\"isPartOf\":{\"@id\":\"https:\\\/\\\/gavri-src.addisnetwork.es\\\/blog\\\/#website\"},\"primaryImageOfPage\":{\"@id\":\"https:\\\/\\\/gavri-src.addisnetwork.es\\\/blog\\\/guia-de-compra-ventiladores-de-techo-dc-bajo-consumo-2021.html#primaryimage\"},\"image\":{\"@id\":\"https:\\\/\\\/gavri-src.addisnetwork.es\\\/blog\\\/guia-de-compra-ventiladores-de-techo-dc-bajo-consumo-2021.html#primaryimage\"},\"thumbnailUrl\":\"https:\\\/\\\/gavri-src.addisnetwork.es\\\/blog\\\/wp-content\\\/uploads\\\/2021\\\/05\\\/ventiladores-techo-con-motores-DC.jpg\",\"datePublished\":\"2021-05-05T13:21:15+00:00\",\"dateModified\":\"2021-05-05T13:27:31+00:00\",\"description\":\"Mejores ventiladores co corriente continua para este verano. TOP 5 modelos que no puedes perderte. Consumo desde 3W hasta m\u00e1x. 30 (ECO).\",\"breadcrumb\":{\"@id\":\"https:\\\/\\\/gavri-src.addisnetwork.es\\\/blog\\\/guia-de-compra-ventiladores-de-techo-dc-bajo-consumo-2021.html#breadcrumb\"},\"inLanguage\":\"es\",\"potentialAction\":[{\"@type\":\"ReadAction\",\"target\":[\"https:\\\/\\\/gavri-src.addisnetwork.es\\\/blog\\\/guia-de-compra-ventiladores-de-techo-dc-bajo-consumo-2021.html\"]}]},{\"@type\":\"ImageObject\",\"inLanguage\":\"es\",\"@id\":\"https:\\\/\\\/gavri-src.addisnetwork.es\\\/blog\\\/guia-de-compra-ventiladores-de-techo-dc-bajo-consumo-2021.html#primaryimage\",\"url\":\"https:\\\/\\\/gavri-src.addisnetwork.es\\\/blog\\\/wp-content\\\/uploads\\\/2021\\\/05\\\/ventiladores-techo-con-motores-DC.jpg\",\"contentUrl\":\"https:\\\/\\\/gavri-src.addisnetwork.es\\\/blog\\\/wp-content\\\/uploads\\\/2021\\\/05\\\/ventiladores-techo-con-motores-DC.jpg\",\"width\":1900,\"height\":781},{\"@type\":\"BreadcrumbList\",\"@id\":\"https:\\\/\\\/gavri-src.addisnetwork.es\\\/blog\\\/guia-de-compra-ventiladores-de-techo-dc-bajo-consumo-2021.html#breadcrumb\",\"itemListElement\":[{\"@type\":\"ListItem\",\"position\":1,\"name\":\"Portada\",\"item\":\"https:\\\/\\\/gavri-src.addisnetwork.es\\\/blog\"},{\"@type\":\"ListItem\",\"position\":2,\"name\":\"Gu\u00eda de compra ventiladores de techo DC bajo consumo 2021\"}]},{\"@type\":\"WebSite\",\"@id\":\"https:\\\/\\\/gavri-src.addisnetwork.es\\\/blog\\\/#website\",\"url\":\"https:\\\/\\\/gavri-src.addisnetwork.es\\\/blog\\\/\",\"name\":\"Blog de Gavri.es\",\"description\":\"Blog de Gavri.es\",\"publisher\":{\"@id\":\"https:\\\/\\\/gavri-src.addisnetwork.es\\\/blog\\\/#organization\"},\"potentialAction\":[{\"@type\":\"SearchAction\",\"target\":{\"@type\":\"EntryPoint\",\"urlTemplate\":\"https:\\\/\\\/gavri-src.addisnetwork.es\\\/blog\\\/?s={search_term_string}\"},\"query-input\":{\"@type\":\"PropertyValueSpecification\",\"valueRequired\":true,\"valueName\":\"search_term_string\"}}],\"inLanguage\":\"es\"},{\"@type\":\"Organization\",\"@id\":\"https:\\\/\\\/gavri-src.addisnetwork.es\\\/blog\\\/#organization\",\"name\":\"Blog de Gavri.es\",\"url\":\"https:\\\/\\\/gavri-src.addisnetwork.es\\\/blog\\\/\",\"logo\":{\"@type\":\"ImageObject\",\"inLanguage\":\"es\",\"@id\":\"https:\\\/\\\/gavri-src.addisnetwork.es\\\/blog\\\/#\\\/schema\\\/logo\\\/image\\\/\",\"url\":\"https:\\\/\\\/gavri-src.addisnetwork.es\\\/blog\\\/wp-content\\\/uploads\\\/2021\\\/01\\\/cropped-LOGO-gavries-blog-1.png\",\"contentUrl\":\"https:\\\/\\\/gavri-src.addisnetwork.es\\\/blog\\\/wp-content\\\/uploads\\\/2021\\\/01\\\/cropped-LOGO-gavries-blog-1.png\",\"width\":520,\"height\":104,\"caption\":\"Blog de Gavri.es\"},\"image\":{\"@id\":\"https:\\\/\\\/gavri-src.addisnetwork.es\\\/blog\\\/#\\\/schema\\\/logo\\\/image\\\/\"}},{\"@type\":\"Person\",\"@id\":\"https:\\\/\\\/gavri-src.addisnetwork.es\\\/blog\\\/#\\\/schema\\\/person\\\/3df0699bd314187860df00e3b73fbf75\",\"name\":\"Gavri\",\"image\":{\"@type\":\"ImageObject\",\"inLanguage\":\"es\",\"@id\":\"https:\\\/\\\/secure.gravatar.com\\\/avatar\\\/6fc6afbbb919cee1ae64c74ed55bf75da72aade68e84f27c0a3a05bd98ccf2a0?s=96&d=mm&r=g\",\"url\":\"https:\\\/\\\/secure.gravatar.com\\\/avatar\\\/6fc6afbbb919cee1ae64c74ed55bf75da72aade68e84f27c0a3a05bd98ccf2a0?s=96&d=mm&r=g\",\"contentUrl\":\"https:\\\/\\\/secure.gravatar.com\\\/avatar\\\/6fc6afbbb919cee1ae64c74ed55bf75da72aade68e84f27c0a3a05bd98ccf2a0?s=96&d=mm&r=g\",\"caption\":\"Gavri\"},\"sameAs\":[\"https:\\\/\\\/gavri.es\\\/blog\"]}]}<\/script>\n<!-- \/ Yoast SEO plugin. -->","yoast_head_json":{"title":"Gu\u00eda de compra ventiladores de techo DC bajo consumo 2021","description":"Mejores ventiladores co corriente continua para este verano. TOP 5 modelos que no puedes perderte. Consumo desde 3W hasta m\u00e1x. 30 (ECO).","robots":{"index":"index","follow":"follow","max-snippet":"max-snippet:-1","max-image-preview":"max-image-preview:large","max-video-preview":"max-video-preview:-1"},"canonical":"https:\/\/gavri-src.addisnetwork.es\/blog\/guia-de-compra-ventiladores-de-techo-dc-bajo-consumo-2021.html","og_locale":"es_ES","og_type":"article","og_title":"Gu\u00eda de compra ventiladores de techo DC bajo consumo 2021","og_description":"Mejores ventiladores co corriente continua para este verano. TOP 5 modelos que no puedes perderte. Consumo desde 3W hasta m\u00e1x. 30 (ECO).","og_url":"https:\/\/gavri-src.addisnetwork.es\/blog\/guia-de-compra-ventiladores-de-techo-dc-bajo-consumo-2021.html","og_site_name":"Blog de Gavri.es","article_published_time":"2021-05-05T13:21:15+00:00","article_modified_time":"2021-05-05T13:27:31+00:00","og_image":[{"width":1900,"height":781,"url":"https:\/\/gavri-src.addisnetwork.es\/blog\/wp-content\/uploads\/2021\/05\/ventiladores-techo-con-motores-DC.jpg","type":"image\/jpeg"}],"author":"Gavri","twitter_card":"summary_large_image","twitter_misc":{"Escrito por":"Gavri","Tiempo de lectura":"5 minutos"},"schema":{"@context":"https:\/\/schema.org","@graph":[{"@type":"Article","@id":"https:\/\/gavri-src.addisnetwork.es\/blog\/guia-de-compra-ventiladores-de-techo-dc-bajo-consumo-2021.html#article","isPartOf":{"@id":"https:\/\/gavri-src.addisnetwork.es\/blog\/guia-de-compra-ventiladores-de-techo-dc-bajo-consumo-2021.html"},"author":{"name":"Gavri","@id":"https:\/\/gavri-src.addisnetwork.es\/blog\/#\/schema\/person\/3df0699bd314187860df00e3b73fbf75"},"headline":"Gu\u00eda de compra ventiladores de techo DC bajo consumo 2021","datePublished":"2021-05-05T13:21:15+00:00","dateModified":"2021-05-05T13:27:31+00:00","mainEntityOfPage":{"@id":"https:\/\/gavri-src.addisnetwork.es\/blog\/guia-de-compra-ventiladores-de-techo-dc-bajo-consumo-2021.html"},"wordCount":764,"commentCount":0,"publisher":{"@id":"https:\/\/gavri-src.addisnetwork.es\/blog\/#organization"},"image":{"@id":"https:\/\/gavri-src.addisnetwork.es\/blog\/guia-de-compra-ventiladores-de-techo-dc-bajo-consumo-2021.html#primaryimage"},"thumbnailUrl":"https:\/\/gavri-src.addisnetwork.es\/blog\/wp-content\/uploads\/2021\/05\/ventiladores-techo-con-motores-DC.jpg","inLanguage":"es","potentialAction":[{"@type":"CommentAction","name":"Comment","target":["https:\/\/gavri-src.addisnetwork.es\/blog\/guia-de-compra-ventiladores-de-techo-dc-bajo-consumo-2021.html#respond"]}]},{"@type":"WebPage","@id":"https:\/\/gavri-src.addisnetwork.es\/blog\/guia-de-compra-ventiladores-de-techo-dc-bajo-consumo-2021.html","url":"https:\/\/gavri-src.addisnetwork.es\/blog\/guia-de-compra-ventiladores-de-techo-dc-bajo-consumo-2021.html","name":"Gu\u00eda de compra ventiladores de techo DC bajo consumo 2021","isPartOf":{"@id":"https:\/\/gavri-src.addisnetwork.es\/blog\/#website"},"primaryImageOfPage":{"@id":"https:\/\/gavri-src.addisnetwork.es\/blog\/guia-de-compra-ventiladores-de-techo-dc-bajo-consumo-2021.html#primaryimage"},"image":{"@id":"https:\/\/gavri-src.addisnetwork.es\/blog\/guia-de-compra-ventiladores-de-techo-dc-bajo-consumo-2021.html#primaryimage"},"thumbnailUrl":"https:\/\/gavri-src.addisnetwork.es\/blog\/wp-content\/uploads\/2021\/05\/ventiladores-techo-con-motores-DC.jpg","datePublished":"2021-05-05T13:21:15+00:00","dateModified":"2021-05-05T13:27:31+00:00","description":"Mejores ventiladores co corriente continua para este verano. TOP 5 modelos que no puedes perderte. Consumo desde 3W hasta m\u00e1x. 30 (ECO).","breadcrumb":{"@id":"https:\/\/gavri-src.addisnetwork.es\/blog\/guia-de-compra-ventiladores-de-techo-dc-bajo-consumo-2021.html#breadcrumb"},"inLanguage":"es","potentialAction":[{"@type":"ReadAction","target":["https:\/\/gavri-src.addisnetwork.es\/blog\/guia-de-compra-ventiladores-de-techo-dc-bajo-consumo-2021.html"]}]},{"@type":"ImageObject","inLanguage":"es","@id":"https:\/\/gavri-src.addisnetwork.es\/blog\/guia-de-compra-ventiladores-de-techo-dc-bajo-consumo-2021.html#primaryimage","url":"https:\/\/gavri-src.addisnetwork.es\/blog\/wp-content\/uploads\/2021\/05\/ventiladores-techo-con-motores-DC.jpg","contentUrl":"https:\/\/gavri-src.addisnetwork.es\/blog\/wp-content\/uploads\/2021\/05\/ventiladores-techo-con-motores-DC.jpg","width":1900,"height":781},{"@type":"BreadcrumbList","@id":"https:\/\/gavri-src.addisnetwork.es\/blog\/guia-de-compra-ventiladores-de-techo-dc-bajo-consumo-2021.html#breadcrumb","itemListElement":[{"@type":"ListItem","position":1,"name":"Portada","item":"https:\/\/gavri-src.addisnetwork.es\/blog"},{"@type":"ListItem","position":2,"name":"Gu\u00eda de compra ventiladores de techo DC bajo consumo 2021"}]},{"@type":"WebSite","@id":"https:\/\/gavri-src.addisnetwork.es\/blog\/#website","url":"https:\/\/gavri-src.addisnetwork.es\/blog\/","name":"Blog de Gavri.es","description":"Blog de Gavri.es","publisher":{"@id":"https:\/\/gavri-src.addisnetwork.es\/blog\/#organization"},"potentialAction":[{"@type":"SearchAction","target":{"@type":"EntryPoint","urlTemplate":"https:\/\/gavri-src.addisnetwork.es\/blog\/?s={search_term_string}"},"query-input":{"@type":"PropertyValueSpecification","valueRequired":true,"valueName":"search_term_string"}}],"inLanguage":"es"},{"@type":"Organization","@id":"https:\/\/gavri-src.addisnetwork.es\/blog\/#organization","name":"Blog de Gavri.es","url":"https:\/\/gavri-src.addisnetwork.es\/blog\/","logo":{"@type":"ImageObject","inLanguage":"es","@id":"https:\/\/gavri-src.addisnetwork.es\/blog\/#\/schema\/logo\/image\/","url":"https:\/\/gavri-src.addisnetwork.es\/blog\/wp-content\/uploads\/2021\/01\/cropped-LOGO-gavries-blog-1.png","contentUrl":"https:\/\/gavri-src.addisnetwork.es\/blog\/wp-content\/uploads\/2021\/01\/cropped-LOGO-gavries-blog-1.png","width":520,"height":104,"caption":"Blog de Gavri.es"},"image":{"@id":"https:\/\/gavri-src.addisnetwork.es\/blog\/#\/schema\/logo\/image\/"}},{"@type":"Person","@id":"https:\/\/gavri-src.addisnetwork.es\/blog\/#\/schema\/person\/3df0699bd314187860df00e3b73fbf75","name":"Gavri","image":{"@type":"ImageObject","inLanguage":"es","@id":"https:\/\/secure.gravatar.com\/avatar\/6fc6afbbb919cee1ae64c74ed55bf75da72aade68e84f27c0a3a05bd98ccf2a0?s=96&d=mm&r=g","url":"https:\/\/secure.gravatar.com\/avatar\/6fc6afbbb919cee1ae64c74ed55bf75da72aade68e84f27c0a3a05bd98ccf2a0?s=96&d=mm&r=g","contentUrl":"https:\/\/secure.gravatar.com\/avatar\/6fc6afbbb919cee1ae64c74ed55bf75da72aade68e84f27c0a3a05bd98ccf2a0?s=96&d=mm&r=g","caption":"Gavri"},"sameAs":["https:\/\/gavri.es\/blog"]}]}},"_links":{"self":[{"href":"https:\/\/gavri-src.addisnetwork.es\/blog\/wp-json\/wp\/v2\/posts\/451","targetHints":{"allow":["GET"]}}],"collection":[{"href":"https:\/\/gavri-src.addisnetwork.es\/blog\/wp-json\/wp\/v2\/posts"}],"about":[{"href":"https:\/\/gavri-src.addisnetwork.es\/blog\/wp-json\/wp\/v2\/types\/post"}],"author":[{"embeddable":true,"href":"https:\/\/gavri-src.addisnetwork.es\/blog\/wp-json\/wp\/v2\/users\/1"}],"replies":[{"embeddable":true,"href":"https:\/\/gavri-src.addisnetwork.es\/blog\/wp-json\/wp\/v2\/comments?post=451"}],"version-history":[{"count":10,"href":"https:\/\/gavri-src.addisnetwork.es\/blog\/wp-json\/wp\/v2\/posts\/451\/revisions"}],"predecessor-version":[{"id":513,"href":"https:\/\/gavri-src.addisnetwork.es\/blog\/wp-json\/wp\/v2\/posts\/451\/revisions\/513"}],"wp:featuredmedia":[{"embeddable":true,"href":"https:\/\/gavri-src.addisnetwork.es\/blog\/wp-json\/wp\/v2\/media\/504"}],"wp:attachment":[{"href":"https:\/\/gavri-src.addisnetwork.es\/blog\/wp-json\/wp\/v2\/media?parent=451"}],"wp:term":[{"taxonomy":"category","embeddable":true,"href":"https:\/\/gavri-src.addisnetwork.es\/blog\/wp-json\/wp\/v2\/categories?post=451"},{"taxonomy":"post_tag","embeddable":true,"href":"https:\/\/gavri-src.addisnetwork.es\/blog\/wp-json\/wp\/v2\/tags?post=451"}],"curies":[{"name":"wp","href":"https:\/\/api.w.org\/{rel}","templated":true}]}}