{"id":541,"date":"2021-05-14T13:27:19","date_gmt":"2021-05-14T13:27:19","guid":{"rendered":"https:\/\/gavri.es\/blog\/?p=541"},"modified":"2025-04-02T11:16:03","modified_gmt":"2025-04-02T11:16:03","slug":"como-reparar-un-ventilador-de-techo-que-gira-lento-o-no-gira","status":"publish","type":"post","link":"https:\/\/gavri-src.addisnetwork.es\/blog\/como-reparar-un-ventilador-de-techo-que-gira-lento-o-no-gira.html","title":{"rendered":"C\u00f3mo reparar un ventilador de techo que gira lento o no gira"},"content":{"rendered":"\n<p>Si tienes un ventilador de techo pero no consigues hacerlo funcionar correctamente, en este post te guiamos un poco sobre c\u00f3mo proceder.<\/p>\n\n\n\n<h2 class=\"wp-block-heading\">\u00bfTe acabas de comprar el ventilador y no funciona?<\/h2>\n\n\n\n<p>Si se trata de un ventilador que has comprado recientemente, lo has instalado y no consigues hacerlo funcionar, es posible que sea uno de estos casos:<\/p>\n\n\n\n<ol class=\"wp-block-list\">\n<li>La instalaci\u00f3n no se ha hecho correctamente. Es posible que no se haya sincronizado correctamente el mando o el cableado no est\u00e9 bien empalmado.<\/li>\n\n\n\n<li>El ventilador de techo est\u00e1 defectuoso.<\/li>\n\n\n\n<li>Debes sincronizar el control remoto con el motor.<\/li>\n<\/ol>\n\n\n\n<p>En el primer caso te recomendar\u00edamos que revisaras la instalaci\u00f3n de nuevo. Si ya lo has revisado y est\u00e1 todo OK; entonces deber\u00edas ponerte en contacto con el servicio de atenci\u00f3 al consumidor del establecimiento en el que lo adquiriste.<\/p>\n\n\n\n<h2 class=\"wp-block-heading\">Tengo un ventilador desde hace tiempo, y de repente ya no gira bien<\/h2>\n\n\n\n<p>En el caso que tengas un ventilador de techo y necesitas repararlo puesto la garant\u00eda ya se venci\u00f3 o no consigues contactar con tu vendedor, en este caso debes de diferenciar entre uno de estos dos casos:<\/p>\n\n\n\n<pre class=\"wp-block-preformatted\"><strong>A) El ventilador gira, pero muy lento<\/strong><\/pre>\n\n\n\n<p>En el caso de que gire pero de una forma muy lenta, o bien hay alg\u00fan peque\u00f1o objeto f\u00edsico que haya entrado en el motor, o bien es posible que se haya quemado o malgastado el motor. En ese caso no hay mucho m\u00e1s que hacer a parte de contactar directamente con el fabricante.<\/p>\n\n\n\n<pre class=\"wp-block-preformatted\"><strong>B) El ventilador no funciona, no consigo encenderlo<\/strong><\/pre>\n\n\n\n<p>Si de repente no lo puedes encender, te aconsejamos revisar que las pilas del mando a distancia o (si ya las has cambiado o est\u00e1s funcionan),<strong> volver a sincronizar el mando con el motor.<\/strong> Tambi\u00e9n es posible que alg\u00fan interruptor (que le d\u00e9 corriente al ventilador) est\u00e9 apagado y no le est\u00e9 llegando la corriente.<\/p>\n\n\n\n<p>A\u00fan as\u00ed, si nada de esto funciona, te recomendamos contactar directamente con el fabricante.<\/p>\n\n\n\n<h2 class=\"wp-block-heading\">Contacta con tu vendedor<\/h2>\n\n\n\n<p>Los productos como los ventiladores de techo disponen de una garant\u00eda general de 2 a\u00f1os en Espa\u00f1a. Por lo general si estos sucede dentro de ese per\u00edodo siempre deber\u00edas de contactar tu vendedor. Pasado ese tiempo no siempre podr\u00e1s conseguir una atenci\u00f3n o servicio profesional. A\u00fan as\u00ed, hay fabricantes que ofrecen hasta 25 a\u00f1os de reemplazos para el motor asegurados, como el fabricante alem\u00e1n CasaFan.<\/p>\n\n\n\n<blockquote class=\"wp-block-quote is-layout-flow wp-block-quote-is-layout-flow\">\n<p><strong>CasaFan GmbH<\/strong>, fabricante alem\u00e1n de Ventiladores de techo con garant\u00eda de 25 a\u00f1os sobre el motor<\/p>\n<cite><img loading=\"lazy\" decoding=\"async\" src=\"https:\/\/gavri.es\/img\/cms\/ventiladores-de-techo-casafan\/ventiladores_de_techo_casafan-logo.png\" alt=\"\" width=\"140\" height=\"63\"><\/cite><\/blockquote>\n\n\n\n<div class=\"wp-block-buttons is-layout-flex wp-block-buttons-is-layout-flex\">\n<div class=\"wp-block-button\"><a class=\"wp-block-button__link wp-element-button\" href=\"https:\/\/gavri.es\/fabricantes\/casafan\">Ventiladores de techo CasaFan<\/a><\/div>\n\n\n\n<div class=\"wp-block-button\"><a class=\"wp-block-button__link wp-element-button\" href=\"https:\/\/gavri.es\/ventiladores-de-techo\">Ver modelos de ventiladores de techo<\/a><\/div>\n<\/div>\n\n\n\n<h2 class=\"wp-block-heading\">Servicio de Reparaci\u00f3n de ventiladores de techo<\/h2>\n\n\n\n<p>Si est\u00e1s interesado en un servici\u00f3 de reparaci\u00f3n, en GAVRI.es solo ofrecemos reemplazos para las marcas de confianza con las que trabajamos, como CasaFan, Hunter, Vortice o Noaton. Escr\u00edbenos a contacto@gavri.es<\/p>\n\n\n\n<h2 class=\"wp-block-heading\">C\u00f3mo reparar un ventilador de techo<\/h2>\n\n\n\n<p>Si necesitas una gu\u00eda de <a href=\"https:\/\/ventiladordetechoinfo.com\/como-reparar-un-ventilador-de-techo\/\">c\u00f3mo reparar un ventilador de techo<\/a>, te dejamos este art\u00edculo donde se explica en profundidad.<\/p>\n\n\n\n<div class=\"wp-block-buttons is-content-justification-center is-layout-flex wp-container-core-buttons-is-layout-16018d1d wp-block-buttons-is-layout-flex\">\n<div class=\"wp-block-button\"><a class=\"wp-block-button__link has-text-align-center wp-element-button\" href=\"https:\/\/ventiladordetechoinfo.com\/como-reparar-un-ventilador-de-techo\/\">C\u00f3mo arreglar<\/a><\/div>\n<\/div>\n","protected":false},"excerpt":{"rendered":"<p>Si tienes un ventilador de techo pero no consigues hacerlo funcionar correctamente, en este post te guiamos un poco sobre c\u00f3mo proceder. \u00bfTe acabas de comprar el ventilador y no funciona? Si se trata de un &#8230; <a title=\"C\u00f3mo reparar un ventilador de techo que gira lento o no gira\" class=\"read-more\" href=\"https:\/\/gavri-src.addisnetwork.es\/blog\/como-reparar-un-ventilador-de-techo-que-gira-lento-o-no-gira.html\" aria-label=\"M\u00e1s en C\u00f3mo reparar un ventilador de techo que gira lento o no gira\">Leer m\u00e1s<\/a><\/p>\n","protected":false},"author":1,"featured_media":561,"comment_status":"open","ping_status":"closed","sticky":false,"template":"","format":"standard","meta":{"footnotes":""},"categories":[1],"tags":[],"class_list":["post-541","post","type-post","status-publish","format-standard","has-post-thumbnail","hentry","category-sin-categoria","generate-columns","tablet-grid-50","mobile-grid-100","grid-parent","grid-50","no-featured-image-padding"],"yoast_head":"<!-- This site is optimized with the Yoast SEO plugin v27.5 - https:\/\/yoast.com\/product\/yoast-seo-wordpress\/ -->\n<title>C\u00f3mo reparar un ventilador de techo que gira lento o no gira<\/title>\n<meta name=\"robots\" content=\"index, follow, max-snippet:-1, max-image-preview:large, max-video-preview:-1\" \/>\n<link rel=\"canonical\" href=\"https:\/\/gavri-src.addisnetwork.es\/blog\/como-reparar-un-ventilador-de-techo-que-gira-lento-o-no-gira.html\" \/>\n<meta property=\"og:locale\" content=\"es_ES\" \/>\n<meta property=\"og:type\" content=\"article\" \/>\n<meta property=\"og:title\" content=\"C\u00f3mo reparar un ventilador de techo que gira lento o no gira\" \/>\n<meta property=\"og:description\" content=\"Si tienes un ventilador de techo pero no consigues hacerlo funcionar correctamente, en este post te guiamos un poco sobre c\u00f3mo proceder. \u00bfTe acabas de comprar el ventilador y no funciona? Si se trata de un ... Leer m\u00e1s\" \/>\n<meta property=\"og:url\" content=\"https:\/\/gavri-src.addisnetwork.es\/blog\/como-reparar-un-ventilador-de-techo-que-gira-lento-o-no-gira.html\" \/>\n<meta property=\"og:site_name\" content=\"Blog de Gavri.es\" \/>\n<meta property=\"article:published_time\" content=\"2021-05-14T13:27:19+00:00\" \/>\n<meta property=\"article:modified_time\" content=\"2025-04-02T11:16:03+00:00\" \/>\n<meta property=\"og:image\" content=\"https:\/\/gavri-src.addisnetwork.es\/blog\/wp-content\/uploads\/2021\/05\/Como-reparar-un-ventilador-de-techo-que-gira-lento-o-no-gira.jpg\" \/>\n\t<meta property=\"og:image:width\" content=\"1900\" \/>\n\t<meta property=\"og:image:height\" content=\"781\" \/>\n\t<meta property=\"og:image:type\" content=\"image\/jpeg\" \/>\n<meta name=\"author\" content=\"Gavri\" \/>\n<meta name=\"twitter:card\" content=\"summary_large_image\" \/>\n<meta name=\"twitter:label1\" content=\"Escrito por\" \/>\n\t<meta name=\"twitter:data1\" content=\"Gavri\" \/>\n\t<meta name=\"twitter:label2\" content=\"Tiempo de lectura\" \/>\n\t<meta name=\"twitter:data2\" content=\"3 minutos\" \/>\n<script type=\"application\/ld+json\" class=\"yoast-schema-graph\">{\"@context\":\"https:\\\/\\\/schema.org\",\"@graph\":[{\"@type\":\"Article\",\"@id\":\"https:\\\/\\\/gavri-src.addisnetwork.es\\\/blog\\\/como-reparar-un-ventilador-de-techo-que-gira-lento-o-no-gira.html#article\",\"isPartOf\":{\"@id\":\"https:\\\/\\\/gavri-src.addisnetwork.es\\\/blog\\\/como-reparar-un-ventilador-de-techo-que-gira-lento-o-no-gira.html\"},\"author\":{\"name\":\"Gavri\",\"@id\":\"https:\\\/\\\/gavri-src.addisnetwork.es\\\/blog\\\/#\\\/schema\\\/person\\\/3df0699bd314187860df00e3b73fbf75\"},\"headline\":\"C\u00f3mo reparar un ventilador de techo que gira lento o no gira\",\"datePublished\":\"2021-05-14T13:27:19+00:00\",\"dateModified\":\"2025-04-02T11:16:03+00:00\",\"mainEntityOfPage\":{\"@id\":\"https:\\\/\\\/gavri-src.addisnetwork.es\\\/blog\\\/como-reparar-un-ventilador-de-techo-que-gira-lento-o-no-gira.html\"},\"wordCount\":518,\"commentCount\":17,\"publisher\":{\"@id\":\"https:\\\/\\\/gavri-src.addisnetwork.es\\\/blog\\\/#organization\"},\"image\":{\"@id\":\"https:\\\/\\\/gavri-src.addisnetwork.es\\\/blog\\\/como-reparar-un-ventilador-de-techo-que-gira-lento-o-no-gira.html#primaryimage\"},\"thumbnailUrl\":\"https:\\\/\\\/gavri-src.addisnetwork.es\\\/blog\\\/wp-content\\\/uploads\\\/2021\\\/05\\\/Como-reparar-un-ventilador-de-techo-que-gira-lento-o-no-gira.jpg\",\"inLanguage\":\"es\",\"potentialAction\":[{\"@type\":\"CommentAction\",\"name\":\"Comment\",\"target\":[\"https:\\\/\\\/gavri-src.addisnetwork.es\\\/blog\\\/como-reparar-un-ventilador-de-techo-que-gira-lento-o-no-gira.html#respond\"]}]},{\"@type\":\"WebPage\",\"@id\":\"https:\\\/\\\/gavri-src.addisnetwork.es\\\/blog\\\/como-reparar-un-ventilador-de-techo-que-gira-lento-o-no-gira.html\",\"url\":\"https:\\\/\\\/gavri-src.addisnetwork.es\\\/blog\\\/como-reparar-un-ventilador-de-techo-que-gira-lento-o-no-gira.html\",\"name\":\"C\u00f3mo reparar un ventilador de techo que gira lento o no gira\",\"isPartOf\":{\"@id\":\"https:\\\/\\\/gavri-src.addisnetwork.es\\\/blog\\\/#website\"},\"primaryImageOfPage\":{\"@id\":\"https:\\\/\\\/gavri-src.addisnetwork.es\\\/blog\\\/como-reparar-un-ventilador-de-techo-que-gira-lento-o-no-gira.html#primaryimage\"},\"image\":{\"@id\":\"https:\\\/\\\/gavri-src.addisnetwork.es\\\/blog\\\/como-reparar-un-ventilador-de-techo-que-gira-lento-o-no-gira.html#primaryimage\"},\"thumbnailUrl\":\"https:\\\/\\\/gavri-src.addisnetwork.es\\\/blog\\\/wp-content\\\/uploads\\\/2021\\\/05\\\/Como-reparar-un-ventilador-de-techo-que-gira-lento-o-no-gira.jpg\",\"datePublished\":\"2021-05-14T13:27:19+00:00\",\"dateModified\":\"2025-04-02T11:16:03+00:00\",\"breadcrumb\":{\"@id\":\"https:\\\/\\\/gavri-src.addisnetwork.es\\\/blog\\\/como-reparar-un-ventilador-de-techo-que-gira-lento-o-no-gira.html#breadcrumb\"},\"inLanguage\":\"es\",\"potentialAction\":[{\"@type\":\"ReadAction\",\"target\":[\"https:\\\/\\\/gavri-src.addisnetwork.es\\\/blog\\\/como-reparar-un-ventilador-de-techo-que-gira-lento-o-no-gira.html\"]}]},{\"@type\":\"ImageObject\",\"inLanguage\":\"es\",\"@id\":\"https:\\\/\\\/gavri-src.addisnetwork.es\\\/blog\\\/como-reparar-un-ventilador-de-techo-que-gira-lento-o-no-gira.html#primaryimage\",\"url\":\"https:\\\/\\\/gavri-src.addisnetwork.es\\\/blog\\\/wp-content\\\/uploads\\\/2021\\\/05\\\/Como-reparar-un-ventilador-de-techo-que-gira-lento-o-no-gira.jpg\",\"contentUrl\":\"https:\\\/\\\/gavri-src.addisnetwork.es\\\/blog\\\/wp-content\\\/uploads\\\/2021\\\/05\\\/Como-reparar-un-ventilador-de-techo-que-gira-lento-o-no-gira.jpg\",\"width\":1900,\"height\":781},{\"@type\":\"BreadcrumbList\",\"@id\":\"https:\\\/\\\/gavri-src.addisnetwork.es\\\/blog\\\/como-reparar-un-ventilador-de-techo-que-gira-lento-o-no-gira.html#breadcrumb\",\"itemListElement\":[{\"@type\":\"ListItem\",\"position\":1,\"name\":\"Portada\",\"item\":\"https:\\\/\\\/gavri-src.addisnetwork.es\\\/blog\"},{\"@type\":\"ListItem\",\"position\":2,\"name\":\"C\u00f3mo reparar un ventilador de techo que gira lento o no gira\"}]},{\"@type\":\"WebSite\",\"@id\":\"https:\\\/\\\/gavri-src.addisnetwork.es\\\/blog\\\/#website\",\"url\":\"https:\\\/\\\/gavri-src.addisnetwork.es\\\/blog\\\/\",\"name\":\"Blog de Gavri.es\",\"description\":\"Blog de Gavri.es\",\"publisher\":{\"@id\":\"https:\\\/\\\/gavri-src.addisnetwork.es\\\/blog\\\/#organization\"},\"potentialAction\":[{\"@type\":\"SearchAction\",\"target\":{\"@type\":\"EntryPoint\",\"urlTemplate\":\"https:\\\/\\\/gavri-src.addisnetwork.es\\\/blog\\\/?s={search_term_string}\"},\"query-input\":{\"@type\":\"PropertyValueSpecification\",\"valueRequired\":true,\"valueName\":\"search_term_string\"}}],\"inLanguage\":\"es\"},{\"@type\":\"Organization\",\"@id\":\"https:\\\/\\\/gavri-src.addisnetwork.es\\\/blog\\\/#organization\",\"name\":\"Blog de Gavri.es\",\"url\":\"https:\\\/\\\/gavri-src.addisnetwork.es\\\/blog\\\/\",\"logo\":{\"@type\":\"ImageObject\",\"inLanguage\":\"es\",\"@id\":\"https:\\\/\\\/gavri-src.addisnetwork.es\\\/blog\\\/#\\\/schema\\\/logo\\\/image\\\/\",\"url\":\"https:\\\/\\\/gavri-src.addisnetwork.es\\\/blog\\\/wp-content\\\/uploads\\\/2021\\\/01\\\/cropped-LOGO-gavries-blog-1.png\",\"contentUrl\":\"https:\\\/\\\/gavri-src.addisnetwork.es\\\/blog\\\/wp-content\\\/uploads\\\/2021\\\/01\\\/cropped-LOGO-gavries-blog-1.png\",\"width\":520,\"height\":104,\"caption\":\"Blog de Gavri.es\"},\"image\":{\"@id\":\"https:\\\/\\\/gavri-src.addisnetwork.es\\\/blog\\\/#\\\/schema\\\/logo\\\/image\\\/\"}},{\"@type\":\"Person\",\"@id\":\"https:\\\/\\\/gavri-src.addisnetwork.es\\\/blog\\\/#\\\/schema\\\/person\\\/3df0699bd314187860df00e3b73fbf75\",\"name\":\"Gavri\",\"image\":{\"@type\":\"ImageObject\",\"inLanguage\":\"es\",\"@id\":\"https:\\\/\\\/secure.gravatar.com\\\/avatar\\\/6fc6afbbb919cee1ae64c74ed55bf75da72aade68e84f27c0a3a05bd98ccf2a0?s=96&d=mm&r=g\",\"url\":\"https:\\\/\\\/secure.gravatar.com\\\/avatar\\\/6fc6afbbb919cee1ae64c74ed55bf75da72aade68e84f27c0a3a05bd98ccf2a0?s=96&d=mm&r=g\",\"contentUrl\":\"https:\\\/\\\/secure.gravatar.com\\\/avatar\\\/6fc6afbbb919cee1ae64c74ed55bf75da72aade68e84f27c0a3a05bd98ccf2a0?s=96&d=mm&r=g\",\"caption\":\"Gavri\"},\"sameAs\":[\"https:\\\/\\\/gavri.es\\\/blog\"]}]}<\/script>\n<!-- \/ Yoast SEO plugin. -->","yoast_head_json":{"title":"C\u00f3mo reparar un ventilador de techo que gira lento o no gira","robots":{"index":"index","follow":"follow","max-snippet":"max-snippet:-1","max-image-preview":"max-image-preview:large","max-video-preview":"max-video-preview:-1"},"canonical":"https:\/\/gavri-src.addisnetwork.es\/blog\/como-reparar-un-ventilador-de-techo-que-gira-lento-o-no-gira.html","og_locale":"es_ES","og_type":"article","og_title":"C\u00f3mo reparar un ventilador de techo que gira lento o no gira","og_description":"Si tienes un ventilador de techo pero no consigues hacerlo funcionar correctamente, en este post te guiamos un poco sobre c\u00f3mo proceder. \u00bfTe acabas de comprar el ventilador y no funciona? Si se trata de un ... Leer m\u00e1s","og_url":"https:\/\/gavri-src.addisnetwork.es\/blog\/como-reparar-un-ventilador-de-techo-que-gira-lento-o-no-gira.html","og_site_name":"Blog de Gavri.es","article_published_time":"2021-05-14T13:27:19+00:00","article_modified_time":"2025-04-02T11:16:03+00:00","og_image":[{"width":1900,"height":781,"url":"https:\/\/gavri-src.addisnetwork.es\/blog\/wp-content\/uploads\/2021\/05\/Como-reparar-un-ventilador-de-techo-que-gira-lento-o-no-gira.jpg","type":"image\/jpeg"}],"author":"Gavri","twitter_card":"summary_large_image","twitter_misc":{"Escrito por":"Gavri","Tiempo de lectura":"3 minutos"},"schema":{"@context":"https:\/\/schema.org","@graph":[{"@type":"Article","@id":"https:\/\/gavri-src.addisnetwork.es\/blog\/como-reparar-un-ventilador-de-techo-que-gira-lento-o-no-gira.html#article","isPartOf":{"@id":"https:\/\/gavri-src.addisnetwork.es\/blog\/como-reparar-un-ventilador-de-techo-que-gira-lento-o-no-gira.html"},"author":{"name":"Gavri","@id":"https:\/\/gavri-src.addisnetwork.es\/blog\/#\/schema\/person\/3df0699bd314187860df00e3b73fbf75"},"headline":"C\u00f3mo reparar un ventilador de techo que gira lento o no gira","datePublished":"2021-05-14T13:27:19+00:00","dateModified":"2025-04-02T11:16:03+00:00","mainEntityOfPage":{"@id":"https:\/\/gavri-src.addisnetwork.es\/blog\/como-reparar-un-ventilador-de-techo-que-gira-lento-o-no-gira.html"},"wordCount":518,"commentCount":17,"publisher":{"@id":"https:\/\/gavri-src.addisnetwork.es\/blog\/#organization"},"image":{"@id":"https:\/\/gavri-src.addisnetwork.es\/blog\/como-reparar-un-ventilador-de-techo-que-gira-lento-o-no-gira.html#primaryimage"},"thumbnailUrl":"https:\/\/gavri-src.addisnetwork.es\/blog\/wp-content\/uploads\/2021\/05\/Como-reparar-un-ventilador-de-techo-que-gira-lento-o-no-gira.jpg","inLanguage":"es","potentialAction":[{"@type":"CommentAction","name":"Comment","target":["https:\/\/gavri-src.addisnetwork.es\/blog\/como-reparar-un-ventilador-de-techo-que-gira-lento-o-no-gira.html#respond"]}]},{"@type":"WebPage","@id":"https:\/\/gavri-src.addisnetwork.es\/blog\/como-reparar-un-ventilador-de-techo-que-gira-lento-o-no-gira.html","url":"https:\/\/gavri-src.addisnetwork.es\/blog\/como-reparar-un-ventilador-de-techo-que-gira-lento-o-no-gira.html","name":"C\u00f3mo reparar un ventilador de techo que gira lento o no gira","isPartOf":{"@id":"https:\/\/gavri-src.addisnetwork.es\/blog\/#website"},"primaryImageOfPage":{"@id":"https:\/\/gavri-src.addisnetwork.es\/blog\/como-reparar-un-ventilador-de-techo-que-gira-lento-o-no-gira.html#primaryimage"},"image":{"@id":"https:\/\/gavri-src.addisnetwork.es\/blog\/como-reparar-un-ventilador-de-techo-que-gira-lento-o-no-gira.html#primaryimage"},"thumbnailUrl":"https:\/\/gavri-src.addisnetwork.es\/blog\/wp-content\/uploads\/2021\/05\/Como-reparar-un-ventilador-de-techo-que-gira-lento-o-no-gira.jpg","datePublished":"2021-05-14T13:27:19+00:00","dateModified":"2025-04-02T11:16:03+00:00","breadcrumb":{"@id":"https:\/\/gavri-src.addisnetwork.es\/blog\/como-reparar-un-ventilador-de-techo-que-gira-lento-o-no-gira.html#breadcrumb"},"inLanguage":"es","potentialAction":[{"@type":"ReadAction","target":["https:\/\/gavri-src.addisnetwork.es\/blog\/como-reparar-un-ventilador-de-techo-que-gira-lento-o-no-gira.html"]}]},{"@type":"ImageObject","inLanguage":"es","@id":"https:\/\/gavri-src.addisnetwork.es\/blog\/como-reparar-un-ventilador-de-techo-que-gira-lento-o-no-gira.html#primaryimage","url":"https:\/\/gavri-src.addisnetwork.es\/blog\/wp-content\/uploads\/2021\/05\/Como-reparar-un-ventilador-de-techo-que-gira-lento-o-no-gira.jpg","contentUrl":"https:\/\/gavri-src.addisnetwork.es\/blog\/wp-content\/uploads\/2021\/05\/Como-reparar-un-ventilador-de-techo-que-gira-lento-o-no-gira.jpg","width":1900,"height":781},{"@type":"BreadcrumbList","@id":"https:\/\/gavri-src.addisnetwork.es\/blog\/como-reparar-un-ventilador-de-techo-que-gira-lento-o-no-gira.html#breadcrumb","itemListElement":[{"@type":"ListItem","position":1,"name":"Portada","item":"https:\/\/gavri-src.addisnetwork.es\/blog"},{"@type":"ListItem","position":2,"name":"C\u00f3mo reparar un ventilador de techo que gira lento o no gira"}]},{"@type":"WebSite","@id":"https:\/\/gavri-src.addisnetwork.es\/blog\/#website","url":"https:\/\/gavri-src.addisnetwork.es\/blog\/","name":"Blog de Gavri.es","description":"Blog de Gavri.es","publisher":{"@id":"https:\/\/gavri-src.addisnetwork.es\/blog\/#organization"},"potentialAction":[{"@type":"SearchAction","target":{"@type":"EntryPoint","urlTemplate":"https:\/\/gavri-src.addisnetwork.es\/blog\/?s={search_term_string}"},"query-input":{"@type":"PropertyValueSpecification","valueRequired":true,"valueName":"search_term_string"}}],"inLanguage":"es"},{"@type":"Organization","@id":"https:\/\/gavri-src.addisnetwork.es\/blog\/#organization","name":"Blog de Gavri.es","url":"https:\/\/gavri-src.addisnetwork.es\/blog\/","logo":{"@type":"ImageObject","inLanguage":"es","@id":"https:\/\/gavri-src.addisnetwork.es\/blog\/#\/schema\/logo\/image\/","url":"https:\/\/gavri-src.addisnetwork.es\/blog\/wp-content\/uploads\/2021\/01\/cropped-LOGO-gavries-blog-1.png","contentUrl":"https:\/\/gavri-src.addisnetwork.es\/blog\/wp-content\/uploads\/2021\/01\/cropped-LOGO-gavries-blog-1.png","width":520,"height":104,"caption":"Blog de Gavri.es"},"image":{"@id":"https:\/\/gavri-src.addisnetwork.es\/blog\/#\/schema\/logo\/image\/"}},{"@type":"Person","@id":"https:\/\/gavri-src.addisnetwork.es\/blog\/#\/schema\/person\/3df0699bd314187860df00e3b73fbf75","name":"Gavri","image":{"@type":"ImageObject","inLanguage":"es","@id":"https:\/\/secure.gravatar.com\/avatar\/6fc6afbbb919cee1ae64c74ed55bf75da72aade68e84f27c0a3a05bd98ccf2a0?s=96&d=mm&r=g","url":"https:\/\/secure.gravatar.com\/avatar\/6fc6afbbb919cee1ae64c74ed55bf75da72aade68e84f27c0a3a05bd98ccf2a0?s=96&d=mm&r=g","contentUrl":"https:\/\/secure.gravatar.com\/avatar\/6fc6afbbb919cee1ae64c74ed55bf75da72aade68e84f27c0a3a05bd98ccf2a0?s=96&d=mm&r=g","caption":"Gavri"},"sameAs":["https:\/\/gavri.es\/blog"]}]}},"_links":{"self":[{"href":"https:\/\/gavri-src.addisnetwork.es\/blog\/wp-json\/wp\/v2\/posts\/541","targetHints":{"allow":["GET"]}}],"collection":[{"href":"https:\/\/gavri-src.addisnetwork.es\/blog\/wp-json\/wp\/v2\/posts"}],"about":[{"href":"https:\/\/gavri-src.addisnetwork.es\/blog\/wp-json\/wp\/v2\/types\/post"}],"author":[{"embeddable":true,"href":"https:\/\/gavri-src.addisnetwork.es\/blog\/wp-json\/wp\/v2\/users\/1"}],"replies":[{"embeddable":true,"href":"https:\/\/gavri-src.addisnetwork.es\/blog\/wp-json\/wp\/v2\/comments?post=541"}],"version-history":[{"count":8,"href":"https:\/\/gavri-src.addisnetwork.es\/blog\/wp-json\/wp\/v2\/posts\/541\/revisions"}],"predecessor-version":[{"id":1237,"href":"https:\/\/gavri-src.addisnetwork.es\/blog\/wp-json\/wp\/v2\/posts\/541\/revisions\/1237"}],"wp:featuredmedia":[{"embeddable":true,"href":"https:\/\/gavri-src.addisnetwork.es\/blog\/wp-json\/wp\/v2\/media\/561"}],"wp:attachment":[{"href":"https:\/\/gavri-src.addisnetwork.es\/blog\/wp-json\/wp\/v2\/media?parent=541"}],"wp:term":[{"taxonomy":"category","embeddable":true,"href":"https:\/\/gavri-src.addisnetwork.es\/blog\/wp-json\/wp\/v2\/categories?post=541"},{"taxonomy":"post_tag","embeddable":true,"href":"https:\/\/gavri-src.addisnetwork.es\/blog\/wp-json\/wp\/v2\/tags?post=541"}],"curies":[{"name":"wp","href":"https:\/\/api.w.org\/{rel}","templated":true}]}}