{"id":599,"date":"2021-12-02T12:43:50","date_gmt":"2021-12-02T12:43:50","guid":{"rendered":"https:\/\/gavri.es\/blog\/?p=599"},"modified":"2021-12-02T12:43:54","modified_gmt":"2021-12-02T12:43:54","slug":"calefactores-bano-normas","status":"publish","type":"post","link":"https:\/\/gavri-src.addisnetwork.es\/blog\/calefactores-bano-normas.html","title":{"rendered":"Calefactores de ba\u00f1o: las normas que no debes perder de vista"},"content":{"rendered":"\n<p class=\"has-drop-cap\">Los calefactores de ba\u00f1o son un accesorio imprescindible durante los meses de invierno, calentando la estancia de forma r\u00e1pida y consiguiendo crear una atm\u00f3sfera agradable durante el aseo. Pero, \u00bfconoces las principales normas para aprovechar su eficacia con total seguridad? En el nuevo post de <a href=\"https:\/\/gavri.es\/\">Gavri<\/a> te lo contamos todo. \u00a1No te lo pierdas!<\/p>\n\n\n\n<!--more-->\n\n\n\n<h2 class=\"wp-block-heading\"><strong>Calefactores para ba\u00f1o, \u00bfqu\u00e9 tener en cuenta sobre la potencia?<\/strong><\/h2>\n\n\n\n<p>Con el fin de calcular la potencia que necesitaremos, lo ideal es que calcules las dimensiones del espacio. Lo m\u00e1s recomendable es barajar unos 80 w por metro cuadrado en ba\u00f1os bien aislados y unos 100 w en aquellos con un aislamiento m\u00e1s deficiente.<\/p>\n\n\n\n<p>No obstante, la mayor parte de los aparatos incluyen varias posiciones de potencia, adapt\u00e1ndose a la perfecci\u00f3n a las necesidades de confort t\u00e9rmico. Un ejemplo de ello es nuestro <strong><a href=\"https:\/\/gavri.es\/calefactores\/calefactor-de-cuarzo-por-infrarrojo-casafan-70007-casatherm-thermologika-design-blanco\">calefactor de cuarzo por infrarrojo Vortice<\/a>.<\/strong><\/p>\n\n\n\n<h3 class=\"wp-block-heading\"><strong>Calefactores para el ba\u00f1o seg\u00fan su nivel de protecci\u00f3n<\/strong><\/h3>\n\n\n\n<p>Esta caracter\u00edstica viene referida a la <strong>norma internacional CEI 60529 Degrees of Protection 1<\/strong>, empleada frecuentemente en los datos t\u00e9cnicos del producto. En este sentido, consiste en un est\u00e1ndar destinado a calificar de una manera alfanum\u00e9rica a art\u00edculos seg\u00fan el nivel de protecci\u00f3n que sus materiales contenedores proporcionan frente a agentes extra\u00f1os.<\/p>\n\n\n\n<p>En lo que se refiere a los calefactores para ba\u00f1o, la nomenclatura IP-24 indicar\u00eda el grado o nivel de protecci\u00f3n contra el ingreso de agua.<\/p>\n\n\n\n<h4 class=\"wp-block-heading\"><strong>\u00bfCu\u00e1les son los mejores calefactores de aire para ba\u00f1o?<\/strong><\/h4>\n\n\n\n<p>Si bien es cierto que en el mercado podemos encontrar diferentes posibilidades para mantener bien calentito el ba\u00f1o cuando el fr\u00edo aprieta, desde Gavri te recomendamos especialmente los <strong>calefactores por infrarrojos<\/strong>. \u00bfLos motivos?<\/p>\n\n\n\n<p>Este tipo de productos, que funcionan mediante unas resistencias infrarrojas, act\u00faan a partir de la llamada tecnolog\u00eda de emisi\u00f3n t\u00e9rmica. Es decir, <strong>no se encargan de calentar el aire, sino las paredes, muebles y personas que en ese momento ocupan el ba\u00f1o.<\/strong><\/p>\n\n\n\n<p>De este modo, la radiaci\u00f3n es absorbida por los elementos presentes en el espacio, creando as\u00ed una agradable sensaci\u00f3n de calor. \u00a1Especialmente recomendados en cuartos de ba\u00f1os peque\u00f1os!<\/p>\n\n\n\n<h4 class=\"wp-block-heading\"><strong>Aspectos de seguridad sobre calefactores de ba\u00f1o<\/strong><\/h4>\n\n\n\n<p>Por supuesto, no hay que olvidar que los calefactores para ba\u00f1o son productos el\u00e9ctricos que <strong>deben mantenerse lejos del agua<\/strong>, siendo instalados o a\u00f1adidos en zonas libres de salpicaduras. Por otro lado, <strong>nunca pueden cubrirse<\/strong> con toallas u otros objetos presentes.<\/p>\n\n\n\n<p>En cuanto a la manipulaci\u00f3n del calefactor, <strong>siempre recomendamos tener las manos secas y utilizar calzado.<\/strong> Para garantizar esto, un buen consejo es dejar un metro de distancia m\u00ednimo entre este aparato y la zona de la ducha o ba\u00f1era.<\/p>\n\n\n\n<p>Desde Gavri esperamos haberte sido de ayuda e inter\u00e9s con las normas que no debes perder de vista en calefactores de ba\u00f1o y nuestros consejos para tu hogar. \u00a1Entra en nuestro cat\u00e1logo y encuentra el tuyo!<\/p>\n","protected":false},"excerpt":{"rendered":"<p>Los calefactores de ba\u00f1o son un accesorio imprescindible durante los meses de invierno, calentando la estancia de forma r\u00e1pida y consiguiendo crear una atm\u00f3sfera agradable durante el aseo. Pero, \u00bfconoces las principales normas para aprovechar su &#8230; <a title=\"Calefactores de ba\u00f1o: las normas que no debes perder de vista\" class=\"read-more\" href=\"https:\/\/gavri-src.addisnetwork.es\/blog\/calefactores-bano-normas.html\" aria-label=\"M\u00e1s en Calefactores de ba\u00f1o: las normas que no debes perder de vista\">Leer m\u00e1s<\/a><\/p>\n","protected":false},"author":2,"featured_media":600,"comment_status":"open","ping_status":"closed","sticky":false,"template":"","format":"standard","meta":{"footnotes":""},"categories":[10],"tags":[13,11,12],"class_list":["post-599","post","type-post","status-publish","format-standard","has-post-thumbnail","hentry","category-calefactores","tag-bano","tag-calefactores","tag-calefactores-infrarrojos","generate-columns","tablet-grid-50","mobile-grid-100","grid-parent","grid-50","no-featured-image-padding"],"yoast_head":"<!-- This site is optimized with the Yoast SEO plugin v27.4 - https:\/\/yoast.com\/product\/yoast-seo-wordpress\/ -->\n<title>Calefactores de ba\u00f1o: las normas que no debes perder de vista<\/title>\n<meta name=\"description\" content=\"Si quieres descubrir todo sobre calefactores de ba\u00f1o, est\u00e1s en la tienda correcta. \u00a1En Gavri te contamos c\u00f3mo acertar este invierno!\" \/>\n<meta name=\"robots\" content=\"index, follow, max-snippet:-1, max-image-preview:large, max-video-preview:-1\" \/>\n<link rel=\"canonical\" href=\"https:\/\/gavri-src.addisnetwork.es\/blog\/calefactores-bano-normas.html\" \/>\n<meta property=\"og:locale\" content=\"es_ES\" \/>\n<meta property=\"og:type\" content=\"article\" \/>\n<meta property=\"og:title\" content=\"Calefactores de ba\u00f1o: las normas que no debes perder de vista\" \/>\n<meta property=\"og:description\" content=\"Si quieres descubrir todo sobre calefactores de ba\u00f1o, est\u00e1s en la tienda correcta. \u00a1En Gavri te contamos c\u00f3mo acertar este invierno!\" \/>\n<meta property=\"og:url\" content=\"https:\/\/gavri-src.addisnetwork.es\/blog\/calefactores-bano-normas.html\" \/>\n<meta property=\"og:site_name\" content=\"Blog de Gavri.es\" \/>\n<meta property=\"article:published_time\" content=\"2021-12-02T12:43:50+00:00\" \/>\n<meta property=\"article:modified_time\" content=\"2021-12-02T12:43:54+00:00\" \/>\n<meta property=\"og:image\" content=\"https:\/\/gavri-src.addisnetwork.es\/blog\/wp-content\/uploads\/2021\/12\/Calefactores-de-bano-las-normas-que-no-puedes-perder-de-vista.jpg\" \/>\n\t<meta property=\"og:image:width\" content=\"1200\" \/>\n\t<meta property=\"og:image:height\" content=\"900\" \/>\n\t<meta property=\"og:image:type\" content=\"image\/jpeg\" \/>\n<meta name=\"author\" content=\"T\u00e9cnico Gavri\" \/>\n<meta name=\"twitter:card\" content=\"summary_large_image\" \/>\n<meta name=\"twitter:label1\" content=\"Escrito por\" \/>\n\t<meta name=\"twitter:data1\" content=\"T\u00e9cnico Gavri\" \/>\n\t<meta name=\"twitter:label2\" content=\"Tiempo de lectura\" \/>\n\t<meta name=\"twitter:data2\" content=\"3 minutos\" \/>\n<script type=\"application\/ld+json\" class=\"yoast-schema-graph\">{\"@context\":\"https:\\\/\\\/schema.org\",\"@graph\":[{\"@type\":\"Article\",\"@id\":\"https:\\\/\\\/gavri-src.addisnetwork.es\\\/blog\\\/calefactores-bano-normas.html#article\",\"isPartOf\":{\"@id\":\"https:\\\/\\\/gavri-src.addisnetwork.es\\\/blog\\\/calefactores-bano-normas.html\"},\"author\":{\"name\":\"T\u00e9cnico Gavri\",\"@id\":\"https:\\\/\\\/gavri-src.addisnetwork.es\\\/blog\\\/#\\\/schema\\\/person\\\/587329a98b34cfdbbfd1e7fbe7b65296\"},\"headline\":\"Calefactores de ba\u00f1o: las normas que no debes perder de vista\",\"datePublished\":\"2021-12-02T12:43:50+00:00\",\"dateModified\":\"2021-12-02T12:43:54+00:00\",\"mainEntityOfPage\":{\"@id\":\"https:\\\/\\\/gavri-src.addisnetwork.es\\\/blog\\\/calefactores-bano-normas.html\"},\"wordCount\":520,\"commentCount\":0,\"publisher\":{\"@id\":\"https:\\\/\\\/gavri-src.addisnetwork.es\\\/blog\\\/#organization\"},\"image\":{\"@id\":\"https:\\\/\\\/gavri-src.addisnetwork.es\\\/blog\\\/calefactores-bano-normas.html#primaryimage\"},\"thumbnailUrl\":\"https:\\\/\\\/gavri-src.addisnetwork.es\\\/blog\\\/wp-content\\\/uploads\\\/2021\\\/12\\\/Calefactores-de-bano-las-normas-que-no-puedes-perder-de-vista.jpg\",\"keywords\":[\"ba\u00f1o\",\"calefactores\",\"calefactores infrarrojos\"],\"articleSection\":[\"Calefactores\"],\"inLanguage\":\"es\",\"potentialAction\":[{\"@type\":\"CommentAction\",\"name\":\"Comment\",\"target\":[\"https:\\\/\\\/gavri-src.addisnetwork.es\\\/blog\\\/calefactores-bano-normas.html#respond\"]}]},{\"@type\":\"WebPage\",\"@id\":\"https:\\\/\\\/gavri-src.addisnetwork.es\\\/blog\\\/calefactores-bano-normas.html\",\"url\":\"https:\\\/\\\/gavri-src.addisnetwork.es\\\/blog\\\/calefactores-bano-normas.html\",\"name\":\"Calefactores de ba\u00f1o: las normas que no debes perder de vista\",\"isPartOf\":{\"@id\":\"https:\\\/\\\/gavri-src.addisnetwork.es\\\/blog\\\/#website\"},\"primaryImageOfPage\":{\"@id\":\"https:\\\/\\\/gavri-src.addisnetwork.es\\\/blog\\\/calefactores-bano-normas.html#primaryimage\"},\"image\":{\"@id\":\"https:\\\/\\\/gavri-src.addisnetwork.es\\\/blog\\\/calefactores-bano-normas.html#primaryimage\"},\"thumbnailUrl\":\"https:\\\/\\\/gavri-src.addisnetwork.es\\\/blog\\\/wp-content\\\/uploads\\\/2021\\\/12\\\/Calefactores-de-bano-las-normas-que-no-puedes-perder-de-vista.jpg\",\"datePublished\":\"2021-12-02T12:43:50+00:00\",\"dateModified\":\"2021-12-02T12:43:54+00:00\",\"description\":\"Si quieres descubrir todo sobre calefactores de ba\u00f1o, est\u00e1s en la tienda correcta. \u00a1En Gavri te contamos c\u00f3mo acertar este invierno!\",\"breadcrumb\":{\"@id\":\"https:\\\/\\\/gavri-src.addisnetwork.es\\\/blog\\\/calefactores-bano-normas.html#breadcrumb\"},\"inLanguage\":\"es\",\"potentialAction\":[{\"@type\":\"ReadAction\",\"target\":[\"https:\\\/\\\/gavri-src.addisnetwork.es\\\/blog\\\/calefactores-bano-normas.html\"]}]},{\"@type\":\"ImageObject\",\"inLanguage\":\"es\",\"@id\":\"https:\\\/\\\/gavri-src.addisnetwork.es\\\/blog\\\/calefactores-bano-normas.html#primaryimage\",\"url\":\"https:\\\/\\\/gavri-src.addisnetwork.es\\\/blog\\\/wp-content\\\/uploads\\\/2021\\\/12\\\/Calefactores-de-bano-las-normas-que-no-puedes-perder-de-vista.jpg\",\"contentUrl\":\"https:\\\/\\\/gavri-src.addisnetwork.es\\\/blog\\\/wp-content\\\/uploads\\\/2021\\\/12\\\/Calefactores-de-bano-las-normas-que-no-puedes-perder-de-vista.jpg\",\"width\":1200,\"height\":900,\"caption\":\"Calefactores de ba\u00f1o, las normas que no puedes perder de vista\"},{\"@type\":\"BreadcrumbList\",\"@id\":\"https:\\\/\\\/gavri-src.addisnetwork.es\\\/blog\\\/calefactores-bano-normas.html#breadcrumb\",\"itemListElement\":[{\"@type\":\"ListItem\",\"position\":1,\"name\":\"Portada\",\"item\":\"https:\\\/\\\/gavri-src.addisnetwork.es\\\/blog\"},{\"@type\":\"ListItem\",\"position\":2,\"name\":\"Calefactores de ba\u00f1o: las normas que no debes perder de vista\"}]},{\"@type\":\"WebSite\",\"@id\":\"https:\\\/\\\/gavri-src.addisnetwork.es\\\/blog\\\/#website\",\"url\":\"https:\\\/\\\/gavri-src.addisnetwork.es\\\/blog\\\/\",\"name\":\"Blog de Gavri.es\",\"description\":\"Blog de Gavri.es\",\"publisher\":{\"@id\":\"https:\\\/\\\/gavri-src.addisnetwork.es\\\/blog\\\/#organization\"},\"potentialAction\":[{\"@type\":\"SearchAction\",\"target\":{\"@type\":\"EntryPoint\",\"urlTemplate\":\"https:\\\/\\\/gavri-src.addisnetwork.es\\\/blog\\\/?s={search_term_string}\"},\"query-input\":{\"@type\":\"PropertyValueSpecification\",\"valueRequired\":true,\"valueName\":\"search_term_string\"}}],\"inLanguage\":\"es\"},{\"@type\":\"Organization\",\"@id\":\"https:\\\/\\\/gavri-src.addisnetwork.es\\\/blog\\\/#organization\",\"name\":\"Blog de Gavri.es\",\"url\":\"https:\\\/\\\/gavri-src.addisnetwork.es\\\/blog\\\/\",\"logo\":{\"@type\":\"ImageObject\",\"inLanguage\":\"es\",\"@id\":\"https:\\\/\\\/gavri-src.addisnetwork.es\\\/blog\\\/#\\\/schema\\\/logo\\\/image\\\/\",\"url\":\"https:\\\/\\\/gavri-src.addisnetwork.es\\\/blog\\\/wp-content\\\/uploads\\\/2021\\\/01\\\/cropped-LOGO-gavries-blog-1.png\",\"contentUrl\":\"https:\\\/\\\/gavri-src.addisnetwork.es\\\/blog\\\/wp-content\\\/uploads\\\/2021\\\/01\\\/cropped-LOGO-gavries-blog-1.png\",\"width\":520,\"height\":104,\"caption\":\"Blog de Gavri.es\"},\"image\":{\"@id\":\"https:\\\/\\\/gavri-src.addisnetwork.es\\\/blog\\\/#\\\/schema\\\/logo\\\/image\\\/\"}},{\"@type\":\"Person\",\"@id\":\"https:\\\/\\\/gavri-src.addisnetwork.es\\\/blog\\\/#\\\/schema\\\/person\\\/587329a98b34cfdbbfd1e7fbe7b65296\",\"name\":\"T\u00e9cnico Gavri\",\"image\":{\"@type\":\"ImageObject\",\"inLanguage\":\"es\",\"@id\":\"https:\\\/\\\/secure.gravatar.com\\\/avatar\\\/05be1fcb2076939c113859ec2cf09bc4b6b366950c2e7c2d51962780ab5e6d80?s=96&d=mm&r=g\",\"url\":\"https:\\\/\\\/secure.gravatar.com\\\/avatar\\\/05be1fcb2076939c113859ec2cf09bc4b6b366950c2e7c2d51962780ab5e6d80?s=96&d=mm&r=g\",\"contentUrl\":\"https:\\\/\\\/secure.gravatar.com\\\/avatar\\\/05be1fcb2076939c113859ec2cf09bc4b6b366950c2e7c2d51962780ab5e6d80?s=96&d=mm&r=g\",\"caption\":\"T\u00e9cnico Gavri\"}}]}<\/script>\n<!-- \/ Yoast SEO plugin. -->","yoast_head_json":{"title":"Calefactores de ba\u00f1o: las normas que no debes perder de vista","description":"Si quieres descubrir todo sobre calefactores de ba\u00f1o, est\u00e1s en la tienda correcta. \u00a1En Gavri te contamos c\u00f3mo acertar este invierno!","robots":{"index":"index","follow":"follow","max-snippet":"max-snippet:-1","max-image-preview":"max-image-preview:large","max-video-preview":"max-video-preview:-1"},"canonical":"https:\/\/gavri-src.addisnetwork.es\/blog\/calefactores-bano-normas.html","og_locale":"es_ES","og_type":"article","og_title":"Calefactores de ba\u00f1o: las normas que no debes perder de vista","og_description":"Si quieres descubrir todo sobre calefactores de ba\u00f1o, est\u00e1s en la tienda correcta. \u00a1En Gavri te contamos c\u00f3mo acertar este invierno!","og_url":"https:\/\/gavri-src.addisnetwork.es\/blog\/calefactores-bano-normas.html","og_site_name":"Blog de Gavri.es","article_published_time":"2021-12-02T12:43:50+00:00","article_modified_time":"2021-12-02T12:43:54+00:00","og_image":[{"width":1200,"height":900,"url":"https:\/\/gavri-src.addisnetwork.es\/blog\/wp-content\/uploads\/2021\/12\/Calefactores-de-bano-las-normas-que-no-puedes-perder-de-vista.jpg","type":"image\/jpeg"}],"author":"T\u00e9cnico Gavri","twitter_card":"summary_large_image","twitter_misc":{"Escrito por":"T\u00e9cnico Gavri","Tiempo de lectura":"3 minutos"},"schema":{"@context":"https:\/\/schema.org","@graph":[{"@type":"Article","@id":"https:\/\/gavri-src.addisnetwork.es\/blog\/calefactores-bano-normas.html#article","isPartOf":{"@id":"https:\/\/gavri-src.addisnetwork.es\/blog\/calefactores-bano-normas.html"},"author":{"name":"T\u00e9cnico Gavri","@id":"https:\/\/gavri-src.addisnetwork.es\/blog\/#\/schema\/person\/587329a98b34cfdbbfd1e7fbe7b65296"},"headline":"Calefactores de ba\u00f1o: las normas que no debes perder de vista","datePublished":"2021-12-02T12:43:50+00:00","dateModified":"2021-12-02T12:43:54+00:00","mainEntityOfPage":{"@id":"https:\/\/gavri-src.addisnetwork.es\/blog\/calefactores-bano-normas.html"},"wordCount":520,"commentCount":0,"publisher":{"@id":"https:\/\/gavri-src.addisnetwork.es\/blog\/#organization"},"image":{"@id":"https:\/\/gavri-src.addisnetwork.es\/blog\/calefactores-bano-normas.html#primaryimage"},"thumbnailUrl":"https:\/\/gavri-src.addisnetwork.es\/blog\/wp-content\/uploads\/2021\/12\/Calefactores-de-bano-las-normas-que-no-puedes-perder-de-vista.jpg","keywords":["ba\u00f1o","calefactores","calefactores infrarrojos"],"articleSection":["Calefactores"],"inLanguage":"es","potentialAction":[{"@type":"CommentAction","name":"Comment","target":["https:\/\/gavri-src.addisnetwork.es\/blog\/calefactores-bano-normas.html#respond"]}]},{"@type":"WebPage","@id":"https:\/\/gavri-src.addisnetwork.es\/blog\/calefactores-bano-normas.html","url":"https:\/\/gavri-src.addisnetwork.es\/blog\/calefactores-bano-normas.html","name":"Calefactores de ba\u00f1o: las normas que no debes perder de vista","isPartOf":{"@id":"https:\/\/gavri-src.addisnetwork.es\/blog\/#website"},"primaryImageOfPage":{"@id":"https:\/\/gavri-src.addisnetwork.es\/blog\/calefactores-bano-normas.html#primaryimage"},"image":{"@id":"https:\/\/gavri-src.addisnetwork.es\/blog\/calefactores-bano-normas.html#primaryimage"},"thumbnailUrl":"https:\/\/gavri-src.addisnetwork.es\/blog\/wp-content\/uploads\/2021\/12\/Calefactores-de-bano-las-normas-que-no-puedes-perder-de-vista.jpg","datePublished":"2021-12-02T12:43:50+00:00","dateModified":"2021-12-02T12:43:54+00:00","description":"Si quieres descubrir todo sobre calefactores de ba\u00f1o, est\u00e1s en la tienda correcta. \u00a1En Gavri te contamos c\u00f3mo acertar este invierno!","breadcrumb":{"@id":"https:\/\/gavri-src.addisnetwork.es\/blog\/calefactores-bano-normas.html#breadcrumb"},"inLanguage":"es","potentialAction":[{"@type":"ReadAction","target":["https:\/\/gavri-src.addisnetwork.es\/blog\/calefactores-bano-normas.html"]}]},{"@type":"ImageObject","inLanguage":"es","@id":"https:\/\/gavri-src.addisnetwork.es\/blog\/calefactores-bano-normas.html#primaryimage","url":"https:\/\/gavri-src.addisnetwork.es\/blog\/wp-content\/uploads\/2021\/12\/Calefactores-de-bano-las-normas-que-no-puedes-perder-de-vista.jpg","contentUrl":"https:\/\/gavri-src.addisnetwork.es\/blog\/wp-content\/uploads\/2021\/12\/Calefactores-de-bano-las-normas-que-no-puedes-perder-de-vista.jpg","width":1200,"height":900,"caption":"Calefactores de ba\u00f1o, las normas que no puedes perder de vista"},{"@type":"BreadcrumbList","@id":"https:\/\/gavri-src.addisnetwork.es\/blog\/calefactores-bano-normas.html#breadcrumb","itemListElement":[{"@type":"ListItem","position":1,"name":"Portada","item":"https:\/\/gavri-src.addisnetwork.es\/blog"},{"@type":"ListItem","position":2,"name":"Calefactores de ba\u00f1o: las normas que no debes perder de vista"}]},{"@type":"WebSite","@id":"https:\/\/gavri-src.addisnetwork.es\/blog\/#website","url":"https:\/\/gavri-src.addisnetwork.es\/blog\/","name":"Blog de Gavri.es","description":"Blog de Gavri.es","publisher":{"@id":"https:\/\/gavri-src.addisnetwork.es\/blog\/#organization"},"potentialAction":[{"@type":"SearchAction","target":{"@type":"EntryPoint","urlTemplate":"https:\/\/gavri-src.addisnetwork.es\/blog\/?s={search_term_string}"},"query-input":{"@type":"PropertyValueSpecification","valueRequired":true,"valueName":"search_term_string"}}],"inLanguage":"es"},{"@type":"Organization","@id":"https:\/\/gavri-src.addisnetwork.es\/blog\/#organization","name":"Blog de Gavri.es","url":"https:\/\/gavri-src.addisnetwork.es\/blog\/","logo":{"@type":"ImageObject","inLanguage":"es","@id":"https:\/\/gavri-src.addisnetwork.es\/blog\/#\/schema\/logo\/image\/","url":"https:\/\/gavri-src.addisnetwork.es\/blog\/wp-content\/uploads\/2021\/01\/cropped-LOGO-gavries-blog-1.png","contentUrl":"https:\/\/gavri-src.addisnetwork.es\/blog\/wp-content\/uploads\/2021\/01\/cropped-LOGO-gavries-blog-1.png","width":520,"height":104,"caption":"Blog de Gavri.es"},"image":{"@id":"https:\/\/gavri-src.addisnetwork.es\/blog\/#\/schema\/logo\/image\/"}},{"@type":"Person","@id":"https:\/\/gavri-src.addisnetwork.es\/blog\/#\/schema\/person\/587329a98b34cfdbbfd1e7fbe7b65296","name":"T\u00e9cnico Gavri","image":{"@type":"ImageObject","inLanguage":"es","@id":"https:\/\/secure.gravatar.com\/avatar\/05be1fcb2076939c113859ec2cf09bc4b6b366950c2e7c2d51962780ab5e6d80?s=96&d=mm&r=g","url":"https:\/\/secure.gravatar.com\/avatar\/05be1fcb2076939c113859ec2cf09bc4b6b366950c2e7c2d51962780ab5e6d80?s=96&d=mm&r=g","contentUrl":"https:\/\/secure.gravatar.com\/avatar\/05be1fcb2076939c113859ec2cf09bc4b6b366950c2e7c2d51962780ab5e6d80?s=96&d=mm&r=g","caption":"T\u00e9cnico Gavri"}}]}},"_links":{"self":[{"href":"https:\/\/gavri-src.addisnetwork.es\/blog\/wp-json\/wp\/v2\/posts\/599","targetHints":{"allow":["GET"]}}],"collection":[{"href":"https:\/\/gavri-src.addisnetwork.es\/blog\/wp-json\/wp\/v2\/posts"}],"about":[{"href":"https:\/\/gavri-src.addisnetwork.es\/blog\/wp-json\/wp\/v2\/types\/post"}],"author":[{"embeddable":true,"href":"https:\/\/gavri-src.addisnetwork.es\/blog\/wp-json\/wp\/v2\/users\/2"}],"replies":[{"embeddable":true,"href":"https:\/\/gavri-src.addisnetwork.es\/blog\/wp-json\/wp\/v2\/comments?post=599"}],"version-history":[{"count":1,"href":"https:\/\/gavri-src.addisnetwork.es\/blog\/wp-json\/wp\/v2\/posts\/599\/revisions"}],"predecessor-version":[{"id":601,"href":"https:\/\/gavri-src.addisnetwork.es\/blog\/wp-json\/wp\/v2\/posts\/599\/revisions\/601"}],"wp:featuredmedia":[{"embeddable":true,"href":"https:\/\/gavri-src.addisnetwork.es\/blog\/wp-json\/wp\/v2\/media\/600"}],"wp:attachment":[{"href":"https:\/\/gavri-src.addisnetwork.es\/blog\/wp-json\/wp\/v2\/media?parent=599"}],"wp:term":[{"taxonomy":"category","embeddable":true,"href":"https:\/\/gavri-src.addisnetwork.es\/blog\/wp-json\/wp\/v2\/categories?post=599"},{"taxonomy":"post_tag","embeddable":true,"href":"https:\/\/gavri-src.addisnetwork.es\/blog\/wp-json\/wp\/v2\/tags?post=599"}],"curies":[{"name":"wp","href":"https:\/\/api.w.org\/{rel}","templated":true}]}}