{"id":618,"date":"2022-01-26T13:07:08","date_gmt":"2022-01-26T13:07:08","guid":{"rendered":"https:\/\/gavri.es\/blog\/?p=618"},"modified":"2022-01-26T13:07:10","modified_gmt":"2022-01-26T13:07:10","slug":"calefaccion-infrarrojos-alternativa-ecologica","status":"publish","type":"post","link":"https:\/\/gavri-src.addisnetwork.es\/blog\/calefaccion-infrarrojos-alternativa-ecologica.html","title":{"rendered":"\u00bfLa calefacci\u00f3n por infrarrojos es una alternativa ecol\u00f3gica?"},"content":{"rendered":"\n<p>\u00bfLa calefacci\u00f3n por infrarrojos es realmente una alternativa ecol\u00f3gica? Hoy en d\u00eda, se ha convertido en una de las principales opciones tanto para interiores como para exteriores. De hecho, los calefactores tradicionales est\u00e1n pasando a la historia debido a este novedoso sistema capaz de aunar confort, ahorro y \u00bfsostenibilidad? \u00a1Te lo contamos todo en lo nuevo de <a href=\"https:\/\/gavri.es\/\">Gavri<\/a>!<\/p>\n\n\n\n<!--more-->\n\n\n\n<h2 class=\"wp-block-heading\" id=\"como-funciona-la-calefaccion-infrarrojos\"><strong>\u00bfC\u00f3mo funciona la calefacci\u00f3n infrarrojos?<\/strong><strong><\/strong><\/h2>\n\n\n\n<p>La <strong><a href=\"https:\/\/gavri.es\/calefactores-infrarrojos\">calefacci\u00f3n por infrarrojos<\/a><\/strong> est\u00e1 dise\u00f1ada para <strong>emitir calor mediante radiaci\u00f3n<\/strong>. Es decir, al igual que los rayos del sol, utilizan la misma forma de energ\u00eda para calentarnos. De este modo, son <strong>una alternativa segura para nuestra salud.<\/strong><\/p>\n\n\n\n<p>En este sentido, se trata de un sistema que se retroalimenta. Con esto queremos decir que, una vez que la superficie est\u00e1 caliente, \u00e9sta ofrece m\u00e1s calor al ambiente, creando as\u00ed <strong>una atm\u00f3sfera m\u00e1s confortable de forma natural y con un aire fresco.<\/strong><\/p>\n\n\n\n<h3 class=\"wp-block-heading\" id=\"los-calefactores-de-infrarrojos-son-muy-beneficiosos\"><strong>Los calefactores de infrarrojos son muy beneficiosos<\/strong><\/h3>\n\n\n\n<p>Si hay algo que diferencia a este tipo de calefacci\u00f3n del resto es por ser <strong>especialmente econ\u00f3mica, con un bajo consumo y alta eficiencia energ\u00e9tica<\/strong>. Todo ello sin perder de vista la sencilla instalaci\u00f3n y el m\u00ednimo mantenimiento que requiere para prolongar su uso en el tiempo.<\/p>\n\n\n\n<p>De este modo, si est\u00e1s buscando una forma de<a href=\"https:\/\/gavri.es\/blog\/razones-invertir-calefactores-terrazas.html\"> <strong>brindar calor tanto en interiores como exteriores con un m\u00ednimo gasto de dinero<\/strong><\/a> (una decisi\u00f3n muy importante hoy en d\u00eda), esta es la alternativa que tanto deseas. \u00a1Y todo ello con <strong>una atm\u00f3sfera de lo m\u00e1s agradable<\/strong>!<\/p>\n\n\n\n<h4 class=\"wp-block-heading\" id=\"economicos-si-pero-son-los-calefactores-infrarrojos-sostenibles\"><strong>Econ\u00f3micos s\u00ed, \u00bfpero son los calefactores infrarrojos sostenibles?<\/strong><\/h4>\n\n\n\n<p>Tal y como hemos comentado, el gran ahorro en el consumo de energ\u00eda se traduce en una calefacci\u00f3n m\u00e1s ecol\u00f3gica.<\/p>\n\n\n\n<p>De hecho, <strong>los expertos afirman que los calefactores infrarrojos se tratan de las opciones m\u00e1s ecol\u00f3gicas existentes<\/strong>, pues <strong>no generan emisiones de CO2 a la atm\u00f3sfera<\/strong>.<\/p>\n\n\n\n<h4 class=\"wp-block-heading\" id=\"los-calefactores-por-infrarrojos-son-respetuosos-con-todos\"><strong>Los calefactores por infrarrojos son respetuosos con todos<\/strong><\/h4>\n\n\n\n<p>Como puedes comprobar, concluimos que la calefacci\u00f3n de infrarrojos es completamente sostenible y respetuosa con nuestras estancias y el planeta.<\/p>\n\n\n\n<p>\u00a1Y la historia no acaba aqu\u00ed! Tampoco podemos dejar de lado que se trata de un sistema de radiaci\u00f3n que no calienta el aire, como hac\u00edan los sistemas tradicionales. <strong>De este modo, no resecan las v\u00edas respiratorias, siendo adecuados para ni\u00f1os, ancianos e incluso personas con problemas respiratorios<\/strong>.<\/p>\n\n\n\n<p>En Gavri somos expertos en este tipo de calefactores, ofreci\u00e9ndote una amplia variedad de modelos que se adec\u00faan a todas tus necesidades. Si tienes dudas sobre ellos, cont\u00e1ctanos. \u00a1Estaremos encantados de atenderte!<\/p>\n","protected":false},"excerpt":{"rendered":"<p>\u00bfLa calefacci\u00f3n por infrarrojos es realmente una alternativa ecol\u00f3gica? Hoy en d\u00eda, se ha convertido en una de las principales opciones tanto para interiores como para exteriores. De hecho, los calefactores tradicionales est\u00e1n pasando a la &#8230; <a title=\"\u00bfLa calefacci\u00f3n por infrarrojos es una alternativa ecol\u00f3gica?\" class=\"read-more\" href=\"https:\/\/gavri-src.addisnetwork.es\/blog\/calefaccion-infrarrojos-alternativa-ecologica.html\" aria-label=\"M\u00e1s en \u00bfLa calefacci\u00f3n por infrarrojos es una alternativa ecol\u00f3gica?\">Leer m\u00e1s<\/a><\/p>\n","protected":false},"author":2,"featured_media":620,"comment_status":"open","ping_status":"closed","sticky":false,"template":"","format":"standard","meta":{"footnotes":""},"categories":[10],"tags":[11,12],"class_list":["post-618","post","type-post","status-publish","format-standard","has-post-thumbnail","hentry","category-calefactores","tag-calefactores","tag-calefactores-infrarrojos","generate-columns","tablet-grid-50","mobile-grid-100","grid-parent","grid-50","no-featured-image-padding"],"yoast_head":"<!-- This site is optimized with the Yoast SEO plugin v27.5 - https:\/\/yoast.com\/product\/yoast-seo-wordpress\/ -->\n<title>\u00bfLa calefacci\u00f3n por infrarrojos es una alternativa ecol\u00f3gica?<\/title>\n<meta name=\"description\" content=\"La calefacci\u00f3n por infrarrojos trae numerosos beneficios, \u00bfpero es realmente una alternativa ecol\u00f3gica? \u00a1En Gavri te lo contamos!\" \/>\n<meta name=\"robots\" content=\"index, follow, max-snippet:-1, max-image-preview:large, max-video-preview:-1\" \/>\n<link rel=\"canonical\" href=\"https:\/\/gavri-src.addisnetwork.es\/blog\/calefaccion-infrarrojos-alternativa-ecologica.html\" \/>\n<meta property=\"og:locale\" content=\"es_ES\" \/>\n<meta property=\"og:type\" content=\"article\" \/>\n<meta property=\"og:title\" content=\"\u00bfLa calefacci\u00f3n por infrarrojos es una alternativa ecol\u00f3gica?\" \/>\n<meta property=\"og:description\" content=\"La calefacci\u00f3n por infrarrojos trae numerosos beneficios, \u00bfpero es realmente una alternativa ecol\u00f3gica? \u00a1En Gavri te lo contamos!\" \/>\n<meta property=\"og:url\" content=\"https:\/\/gavri-src.addisnetwork.es\/blog\/calefaccion-infrarrojos-alternativa-ecologica.html\" \/>\n<meta property=\"og:site_name\" content=\"Blog de Gavri.es\" \/>\n<meta property=\"article:published_time\" content=\"2022-01-26T13:07:08+00:00\" \/>\n<meta property=\"article:modified_time\" content=\"2022-01-26T13:07:10+00:00\" \/>\n<meta property=\"og:image\" content=\"https:\/\/gavri-src.addisnetwork.es\/blog\/wp-content\/uploads\/2022\/01\/La-calefaccion-por-infrarrojos-es-una-alternativa-ecologica.jpeg\" \/>\n\t<meta property=\"og:image:width\" content=\"1024\" \/>\n\t<meta property=\"og:image:height\" content=\"683\" \/>\n\t<meta property=\"og:image:type\" content=\"image\/jpeg\" \/>\n<meta name=\"author\" content=\"T\u00e9cnico Gavri\" \/>\n<meta name=\"twitter:card\" content=\"summary_large_image\" \/>\n<meta name=\"twitter:label1\" content=\"Escrito por\" \/>\n\t<meta name=\"twitter:data1\" content=\"T\u00e9cnico Gavri\" \/>\n\t<meta name=\"twitter:label2\" content=\"Tiempo de lectura\" \/>\n\t<meta name=\"twitter:data2\" content=\"2 minutos\" \/>\n<script type=\"application\/ld+json\" class=\"yoast-schema-graph\">{\"@context\":\"https:\\\/\\\/schema.org\",\"@graph\":[{\"@type\":\"Article\",\"@id\":\"https:\\\/\\\/gavri-src.addisnetwork.es\\\/blog\\\/calefaccion-infrarrojos-alternativa-ecologica.html#article\",\"isPartOf\":{\"@id\":\"https:\\\/\\\/gavri-src.addisnetwork.es\\\/blog\\\/calefaccion-infrarrojos-alternativa-ecologica.html\"},\"author\":{\"name\":\"T\u00e9cnico Gavri\",\"@id\":\"https:\\\/\\\/gavri-src.addisnetwork.es\\\/blog\\\/#\\\/schema\\\/person\\\/587329a98b34cfdbbfd1e7fbe7b65296\"},\"headline\":\"\u00bfLa calefacci\u00f3n por infrarrojos es una alternativa ecol\u00f3gica?\",\"datePublished\":\"2022-01-26T13:07:08+00:00\",\"dateModified\":\"2022-01-26T13:07:10+00:00\",\"mainEntityOfPage\":{\"@id\":\"https:\\\/\\\/gavri-src.addisnetwork.es\\\/blog\\\/calefaccion-infrarrojos-alternativa-ecologica.html\"},\"wordCount\":456,\"commentCount\":0,\"publisher\":{\"@id\":\"https:\\\/\\\/gavri-src.addisnetwork.es\\\/blog\\\/#organization\"},\"image\":{\"@id\":\"https:\\\/\\\/gavri-src.addisnetwork.es\\\/blog\\\/calefaccion-infrarrojos-alternativa-ecologica.html#primaryimage\"},\"thumbnailUrl\":\"https:\\\/\\\/gavri-src.addisnetwork.es\\\/blog\\\/wp-content\\\/uploads\\\/2022\\\/01\\\/La-calefaccion-por-infrarrojos-es-una-alternativa-ecologica.jpeg\",\"keywords\":[\"calefactores\",\"calefactores infrarrojos\"],\"articleSection\":[\"Calefactores\"],\"inLanguage\":\"es\",\"potentialAction\":[{\"@type\":\"CommentAction\",\"name\":\"Comment\",\"target\":[\"https:\\\/\\\/gavri-src.addisnetwork.es\\\/blog\\\/calefaccion-infrarrojos-alternativa-ecologica.html#respond\"]}]},{\"@type\":\"WebPage\",\"@id\":\"https:\\\/\\\/gavri-src.addisnetwork.es\\\/blog\\\/calefaccion-infrarrojos-alternativa-ecologica.html\",\"url\":\"https:\\\/\\\/gavri-src.addisnetwork.es\\\/blog\\\/calefaccion-infrarrojos-alternativa-ecologica.html\",\"name\":\"\u00bfLa calefacci\u00f3n por infrarrojos es una alternativa ecol\u00f3gica?\",\"isPartOf\":{\"@id\":\"https:\\\/\\\/gavri-src.addisnetwork.es\\\/blog\\\/#website\"},\"primaryImageOfPage\":{\"@id\":\"https:\\\/\\\/gavri-src.addisnetwork.es\\\/blog\\\/calefaccion-infrarrojos-alternativa-ecologica.html#primaryimage\"},\"image\":{\"@id\":\"https:\\\/\\\/gavri-src.addisnetwork.es\\\/blog\\\/calefaccion-infrarrojos-alternativa-ecologica.html#primaryimage\"},\"thumbnailUrl\":\"https:\\\/\\\/gavri-src.addisnetwork.es\\\/blog\\\/wp-content\\\/uploads\\\/2022\\\/01\\\/La-calefaccion-por-infrarrojos-es-una-alternativa-ecologica.jpeg\",\"datePublished\":\"2022-01-26T13:07:08+00:00\",\"dateModified\":\"2022-01-26T13:07:10+00:00\",\"description\":\"La calefacci\u00f3n por infrarrojos trae numerosos beneficios, \u00bfpero es realmente una alternativa ecol\u00f3gica? \u00a1En Gavri te lo contamos!\",\"breadcrumb\":{\"@id\":\"https:\\\/\\\/gavri-src.addisnetwork.es\\\/blog\\\/calefaccion-infrarrojos-alternativa-ecologica.html#breadcrumb\"},\"inLanguage\":\"es\",\"potentialAction\":[{\"@type\":\"ReadAction\",\"target\":[\"https:\\\/\\\/gavri-src.addisnetwork.es\\\/blog\\\/calefaccion-infrarrojos-alternativa-ecologica.html\"]}]},{\"@type\":\"ImageObject\",\"inLanguage\":\"es\",\"@id\":\"https:\\\/\\\/gavri-src.addisnetwork.es\\\/blog\\\/calefaccion-infrarrojos-alternativa-ecologica.html#primaryimage\",\"url\":\"https:\\\/\\\/gavri-src.addisnetwork.es\\\/blog\\\/wp-content\\\/uploads\\\/2022\\\/01\\\/La-calefaccion-por-infrarrojos-es-una-alternativa-ecologica.jpeg\",\"contentUrl\":\"https:\\\/\\\/gavri-src.addisnetwork.es\\\/blog\\\/wp-content\\\/uploads\\\/2022\\\/01\\\/La-calefaccion-por-infrarrojos-es-una-alternativa-ecologica.jpeg\",\"width\":1024,\"height\":683,\"caption\":\"La calefacci\u00f3n por infrarrojos es una alternativa ecol\u00f3gica\"},{\"@type\":\"BreadcrumbList\",\"@id\":\"https:\\\/\\\/gavri-src.addisnetwork.es\\\/blog\\\/calefaccion-infrarrojos-alternativa-ecologica.html#breadcrumb\",\"itemListElement\":[{\"@type\":\"ListItem\",\"position\":1,\"name\":\"Portada\",\"item\":\"https:\\\/\\\/gavri-src.addisnetwork.es\\\/blog\"},{\"@type\":\"ListItem\",\"position\":2,\"name\":\"\u00bfLa calefacci\u00f3n por infrarrojos es una alternativa ecol\u00f3gica?\"}]},{\"@type\":\"WebSite\",\"@id\":\"https:\\\/\\\/gavri-src.addisnetwork.es\\\/blog\\\/#website\",\"url\":\"https:\\\/\\\/gavri-src.addisnetwork.es\\\/blog\\\/\",\"name\":\"Blog de Gavri.es\",\"description\":\"Blog de Gavri.es\",\"publisher\":{\"@id\":\"https:\\\/\\\/gavri-src.addisnetwork.es\\\/blog\\\/#organization\"},\"potentialAction\":[{\"@type\":\"SearchAction\",\"target\":{\"@type\":\"EntryPoint\",\"urlTemplate\":\"https:\\\/\\\/gavri-src.addisnetwork.es\\\/blog\\\/?s={search_term_string}\"},\"query-input\":{\"@type\":\"PropertyValueSpecification\",\"valueRequired\":true,\"valueName\":\"search_term_string\"}}],\"inLanguage\":\"es\"},{\"@type\":\"Organization\",\"@id\":\"https:\\\/\\\/gavri-src.addisnetwork.es\\\/blog\\\/#organization\",\"name\":\"Blog de Gavri.es\",\"url\":\"https:\\\/\\\/gavri-src.addisnetwork.es\\\/blog\\\/\",\"logo\":{\"@type\":\"ImageObject\",\"inLanguage\":\"es\",\"@id\":\"https:\\\/\\\/gavri-src.addisnetwork.es\\\/blog\\\/#\\\/schema\\\/logo\\\/image\\\/\",\"url\":\"https:\\\/\\\/gavri-src.addisnetwork.es\\\/blog\\\/wp-content\\\/uploads\\\/2021\\\/01\\\/cropped-LOGO-gavries-blog-1.png\",\"contentUrl\":\"https:\\\/\\\/gavri-src.addisnetwork.es\\\/blog\\\/wp-content\\\/uploads\\\/2021\\\/01\\\/cropped-LOGO-gavries-blog-1.png\",\"width\":520,\"height\":104,\"caption\":\"Blog de Gavri.es\"},\"image\":{\"@id\":\"https:\\\/\\\/gavri-src.addisnetwork.es\\\/blog\\\/#\\\/schema\\\/logo\\\/image\\\/\"}},{\"@type\":\"Person\",\"@id\":\"https:\\\/\\\/gavri-src.addisnetwork.es\\\/blog\\\/#\\\/schema\\\/person\\\/587329a98b34cfdbbfd1e7fbe7b65296\",\"name\":\"T\u00e9cnico Gavri\",\"image\":{\"@type\":\"ImageObject\",\"inLanguage\":\"es\",\"@id\":\"https:\\\/\\\/secure.gravatar.com\\\/avatar\\\/05be1fcb2076939c113859ec2cf09bc4b6b366950c2e7c2d51962780ab5e6d80?s=96&d=mm&r=g\",\"url\":\"https:\\\/\\\/secure.gravatar.com\\\/avatar\\\/05be1fcb2076939c113859ec2cf09bc4b6b366950c2e7c2d51962780ab5e6d80?s=96&d=mm&r=g\",\"contentUrl\":\"https:\\\/\\\/secure.gravatar.com\\\/avatar\\\/05be1fcb2076939c113859ec2cf09bc4b6b366950c2e7c2d51962780ab5e6d80?s=96&d=mm&r=g\",\"caption\":\"T\u00e9cnico Gavri\"}}]}<\/script>\n<!-- \/ Yoast SEO plugin. -->","yoast_head_json":{"title":"\u00bfLa calefacci\u00f3n por infrarrojos es una alternativa ecol\u00f3gica?","description":"La calefacci\u00f3n por infrarrojos trae numerosos beneficios, \u00bfpero es realmente una alternativa ecol\u00f3gica? \u00a1En Gavri te lo contamos!","robots":{"index":"index","follow":"follow","max-snippet":"max-snippet:-1","max-image-preview":"max-image-preview:large","max-video-preview":"max-video-preview:-1"},"canonical":"https:\/\/gavri-src.addisnetwork.es\/blog\/calefaccion-infrarrojos-alternativa-ecologica.html","og_locale":"es_ES","og_type":"article","og_title":"\u00bfLa calefacci\u00f3n por infrarrojos es una alternativa ecol\u00f3gica?","og_description":"La calefacci\u00f3n por infrarrojos trae numerosos beneficios, \u00bfpero es realmente una alternativa ecol\u00f3gica? \u00a1En Gavri te lo contamos!","og_url":"https:\/\/gavri-src.addisnetwork.es\/blog\/calefaccion-infrarrojos-alternativa-ecologica.html","og_site_name":"Blog de Gavri.es","article_published_time":"2022-01-26T13:07:08+00:00","article_modified_time":"2022-01-26T13:07:10+00:00","og_image":[{"width":1024,"height":683,"url":"https:\/\/gavri-src.addisnetwork.es\/blog\/wp-content\/uploads\/2022\/01\/La-calefaccion-por-infrarrojos-es-una-alternativa-ecologica.jpeg","type":"image\/jpeg"}],"author":"T\u00e9cnico Gavri","twitter_card":"summary_large_image","twitter_misc":{"Escrito por":"T\u00e9cnico Gavri","Tiempo de lectura":"2 minutos"},"schema":{"@context":"https:\/\/schema.org","@graph":[{"@type":"Article","@id":"https:\/\/gavri-src.addisnetwork.es\/blog\/calefaccion-infrarrojos-alternativa-ecologica.html#article","isPartOf":{"@id":"https:\/\/gavri-src.addisnetwork.es\/blog\/calefaccion-infrarrojos-alternativa-ecologica.html"},"author":{"name":"T\u00e9cnico Gavri","@id":"https:\/\/gavri-src.addisnetwork.es\/blog\/#\/schema\/person\/587329a98b34cfdbbfd1e7fbe7b65296"},"headline":"\u00bfLa calefacci\u00f3n por infrarrojos es una alternativa ecol\u00f3gica?","datePublished":"2022-01-26T13:07:08+00:00","dateModified":"2022-01-26T13:07:10+00:00","mainEntityOfPage":{"@id":"https:\/\/gavri-src.addisnetwork.es\/blog\/calefaccion-infrarrojos-alternativa-ecologica.html"},"wordCount":456,"commentCount":0,"publisher":{"@id":"https:\/\/gavri-src.addisnetwork.es\/blog\/#organization"},"image":{"@id":"https:\/\/gavri-src.addisnetwork.es\/blog\/calefaccion-infrarrojos-alternativa-ecologica.html#primaryimage"},"thumbnailUrl":"https:\/\/gavri-src.addisnetwork.es\/blog\/wp-content\/uploads\/2022\/01\/La-calefaccion-por-infrarrojos-es-una-alternativa-ecologica.jpeg","keywords":["calefactores","calefactores infrarrojos"],"articleSection":["Calefactores"],"inLanguage":"es","potentialAction":[{"@type":"CommentAction","name":"Comment","target":["https:\/\/gavri-src.addisnetwork.es\/blog\/calefaccion-infrarrojos-alternativa-ecologica.html#respond"]}]},{"@type":"WebPage","@id":"https:\/\/gavri-src.addisnetwork.es\/blog\/calefaccion-infrarrojos-alternativa-ecologica.html","url":"https:\/\/gavri-src.addisnetwork.es\/blog\/calefaccion-infrarrojos-alternativa-ecologica.html","name":"\u00bfLa calefacci\u00f3n por infrarrojos es una alternativa ecol\u00f3gica?","isPartOf":{"@id":"https:\/\/gavri-src.addisnetwork.es\/blog\/#website"},"primaryImageOfPage":{"@id":"https:\/\/gavri-src.addisnetwork.es\/blog\/calefaccion-infrarrojos-alternativa-ecologica.html#primaryimage"},"image":{"@id":"https:\/\/gavri-src.addisnetwork.es\/blog\/calefaccion-infrarrojos-alternativa-ecologica.html#primaryimage"},"thumbnailUrl":"https:\/\/gavri-src.addisnetwork.es\/blog\/wp-content\/uploads\/2022\/01\/La-calefaccion-por-infrarrojos-es-una-alternativa-ecologica.jpeg","datePublished":"2022-01-26T13:07:08+00:00","dateModified":"2022-01-26T13:07:10+00:00","description":"La calefacci\u00f3n por infrarrojos trae numerosos beneficios, \u00bfpero es realmente una alternativa ecol\u00f3gica? \u00a1En Gavri te lo contamos!","breadcrumb":{"@id":"https:\/\/gavri-src.addisnetwork.es\/blog\/calefaccion-infrarrojos-alternativa-ecologica.html#breadcrumb"},"inLanguage":"es","potentialAction":[{"@type":"ReadAction","target":["https:\/\/gavri-src.addisnetwork.es\/blog\/calefaccion-infrarrojos-alternativa-ecologica.html"]}]},{"@type":"ImageObject","inLanguage":"es","@id":"https:\/\/gavri-src.addisnetwork.es\/blog\/calefaccion-infrarrojos-alternativa-ecologica.html#primaryimage","url":"https:\/\/gavri-src.addisnetwork.es\/blog\/wp-content\/uploads\/2022\/01\/La-calefaccion-por-infrarrojos-es-una-alternativa-ecologica.jpeg","contentUrl":"https:\/\/gavri-src.addisnetwork.es\/blog\/wp-content\/uploads\/2022\/01\/La-calefaccion-por-infrarrojos-es-una-alternativa-ecologica.jpeg","width":1024,"height":683,"caption":"La calefacci\u00f3n por infrarrojos es una alternativa ecol\u00f3gica"},{"@type":"BreadcrumbList","@id":"https:\/\/gavri-src.addisnetwork.es\/blog\/calefaccion-infrarrojos-alternativa-ecologica.html#breadcrumb","itemListElement":[{"@type":"ListItem","position":1,"name":"Portada","item":"https:\/\/gavri-src.addisnetwork.es\/blog"},{"@type":"ListItem","position":2,"name":"\u00bfLa calefacci\u00f3n por infrarrojos es una alternativa ecol\u00f3gica?"}]},{"@type":"WebSite","@id":"https:\/\/gavri-src.addisnetwork.es\/blog\/#website","url":"https:\/\/gavri-src.addisnetwork.es\/blog\/","name":"Blog de Gavri.es","description":"Blog de Gavri.es","publisher":{"@id":"https:\/\/gavri-src.addisnetwork.es\/blog\/#organization"},"potentialAction":[{"@type":"SearchAction","target":{"@type":"EntryPoint","urlTemplate":"https:\/\/gavri-src.addisnetwork.es\/blog\/?s={search_term_string}"},"query-input":{"@type":"PropertyValueSpecification","valueRequired":true,"valueName":"search_term_string"}}],"inLanguage":"es"},{"@type":"Organization","@id":"https:\/\/gavri-src.addisnetwork.es\/blog\/#organization","name":"Blog de Gavri.es","url":"https:\/\/gavri-src.addisnetwork.es\/blog\/","logo":{"@type":"ImageObject","inLanguage":"es","@id":"https:\/\/gavri-src.addisnetwork.es\/blog\/#\/schema\/logo\/image\/","url":"https:\/\/gavri-src.addisnetwork.es\/blog\/wp-content\/uploads\/2021\/01\/cropped-LOGO-gavries-blog-1.png","contentUrl":"https:\/\/gavri-src.addisnetwork.es\/blog\/wp-content\/uploads\/2021\/01\/cropped-LOGO-gavries-blog-1.png","width":520,"height":104,"caption":"Blog de Gavri.es"},"image":{"@id":"https:\/\/gavri-src.addisnetwork.es\/blog\/#\/schema\/logo\/image\/"}},{"@type":"Person","@id":"https:\/\/gavri-src.addisnetwork.es\/blog\/#\/schema\/person\/587329a98b34cfdbbfd1e7fbe7b65296","name":"T\u00e9cnico Gavri","image":{"@type":"ImageObject","inLanguage":"es","@id":"https:\/\/secure.gravatar.com\/avatar\/05be1fcb2076939c113859ec2cf09bc4b6b366950c2e7c2d51962780ab5e6d80?s=96&d=mm&r=g","url":"https:\/\/secure.gravatar.com\/avatar\/05be1fcb2076939c113859ec2cf09bc4b6b366950c2e7c2d51962780ab5e6d80?s=96&d=mm&r=g","contentUrl":"https:\/\/secure.gravatar.com\/avatar\/05be1fcb2076939c113859ec2cf09bc4b6b366950c2e7c2d51962780ab5e6d80?s=96&d=mm&r=g","caption":"T\u00e9cnico Gavri"}}]}},"_links":{"self":[{"href":"https:\/\/gavri-src.addisnetwork.es\/blog\/wp-json\/wp\/v2\/posts\/618","targetHints":{"allow":["GET"]}}],"collection":[{"href":"https:\/\/gavri-src.addisnetwork.es\/blog\/wp-json\/wp\/v2\/posts"}],"about":[{"href":"https:\/\/gavri-src.addisnetwork.es\/blog\/wp-json\/wp\/v2\/types\/post"}],"author":[{"embeddable":true,"href":"https:\/\/gavri-src.addisnetwork.es\/blog\/wp-json\/wp\/v2\/users\/2"}],"replies":[{"embeddable":true,"href":"https:\/\/gavri-src.addisnetwork.es\/blog\/wp-json\/wp\/v2\/comments?post=618"}],"version-history":[{"count":1,"href":"https:\/\/gavri-src.addisnetwork.es\/blog\/wp-json\/wp\/v2\/posts\/618\/revisions"}],"predecessor-version":[{"id":621,"href":"https:\/\/gavri-src.addisnetwork.es\/blog\/wp-json\/wp\/v2\/posts\/618\/revisions\/621"}],"wp:featuredmedia":[{"embeddable":true,"href":"https:\/\/gavri-src.addisnetwork.es\/blog\/wp-json\/wp\/v2\/media\/620"}],"wp:attachment":[{"href":"https:\/\/gavri-src.addisnetwork.es\/blog\/wp-json\/wp\/v2\/media?parent=618"}],"wp:term":[{"taxonomy":"category","embeddable":true,"href":"https:\/\/gavri-src.addisnetwork.es\/blog\/wp-json\/wp\/v2\/categories?post=618"},{"taxonomy":"post_tag","embeddable":true,"href":"https:\/\/gavri-src.addisnetwork.es\/blog\/wp-json\/wp\/v2\/tags?post=618"}],"curies":[{"name":"wp","href":"https:\/\/api.w.org\/{rel}","templated":true}]}}