{"id":634,"date":"2022-03-03T15:25:10","date_gmt":"2022-03-03T15:25:10","guid":{"rendered":"https:\/\/gavri.es\/blog\/?p=634"},"modified":"2022-03-03T15:25:13","modified_gmt":"2022-03-03T15:25:13","slug":"primavera-purificador-aire-alergias","status":"publish","type":"post","link":"https:\/\/gavri-src.addisnetwork.es\/blog\/primavera-purificador-aire-alergias.html","title":{"rendered":"Esta primavera no te quedes sin un purificador de aire para alergias"},"content":{"rendered":"\n<p>La llegada de la primavera est\u00e1 a la vuelta de la esquina y todav\u00eda est\u00e1s a tiempo de conseguir un purificador de aire para alergias. \u00a1Date prisa!<\/p>\n\n\n\n<p>Con el inicio de la estaci\u00f3n de las flores viene el buen tiempo, pero tambi\u00e9n el goteo nasal, el enrojecimiento de ojos, lagrimeo\u2026 En definitiva, \u00a1comienza la temporada de alergias! Y, como desde <a href=\"https:\/\/gavri.es\/\">Gavri <\/a>no queremos que te pille desprevenido, te contamos por qu\u00e9 es momento de hacerse con uno. \u00a1Sigue leyendo!<\/p>\n\n\n\n<!--more-->\n\n\n\n<h2 class=\"wp-block-heading\"><strong>Purificador de aire para la alergia, \u00bfes efectivo?<\/strong><\/h2>\n\n\n\n<p>Los purificadores de aire se encargan de <a href=\"https:\/\/gavri.es\/blog\/comienza-2022-aire-puro-limpio-casa.html\"><strong>mejorar la calidad del aire de forma significativa<\/strong> <\/a>en cualquier espacio interior, pero, si padeces alergia primaveral, este aparato realmente te interesa.<\/p>\n\n\n\n<p>Estos dispositivos se encargan de filtrar el aire eliminando cualquier tipo de part\u00edcula, entre las que se encuentra el polen, para despu\u00e9s, devolver el aire completamente limpio al ambiente. De este modo, <strong>evitar\u00e1 que respires part\u00edculas de polen y estas te produzcan alergia<\/strong>.<\/p>\n\n\n\n<p>Si bien es cierto que, en funci\u00f3n del tama\u00f1o de la casa y de las caracter\u00edsticas del purificador, ser\u00e1 mejor uno u otro dependiendo de estas condiciones. <strong>\u00a1As\u00ed que presta mucha atenci\u00f3n!<\/strong><\/p>\n\n\n\n<h3 class=\"wp-block-heading\"><strong>Purificador de aire para alergias al polen con ionizador<\/strong><\/h3>\n\n\n\n<p>El purificador <strong><a href=\"https:\/\/gavri.es\/purificadores-de-aire-con-filtro-hepa\/purificador-de-aire-con-ionizador-clean-air-optima-ca-506-2-set-de-filtros\">Clean Air Optima CA-506<\/a><\/strong> est\u00e1 completamente equipado y dise\u00f1ado para combatir cualquier tipo de alergia. Lleva incluido un <strong>filtro HEPA<\/strong>, un prefiltros, un filtro de carb\u00f3n y un filtro de di\u00f3xido de titanio. \u00a1Todo en uno!<\/p>\n\n\n\n<p>Tambi\u00e9n cuenta con un ventilador con varias velocidades y <strong>un temporizador para configurar el flujo de funcionamiento a tu medida<\/strong>. Este purificador de aire tiene un dise\u00f1o elegante y estrecho que le permite adaptarse sin problema a lugares como oficinas o recepciones. <strong>\u00a1Evita ya las alergias en tu trabajo!<\/strong><\/p>\n\n\n\n<h4 class=\"wp-block-heading\"><strong>El purificador de aire ideal para evitar la alergia<\/strong><\/h4>\n\n\n\n<p>Se trata del <strong><a href=\"https:\/\/gavri.es\/purificadores-de-aire\/purificador-de-aire-con-ionizador-comedes-lavaero-280-filtro-hepacarbon-uv-c-55m2\">purificador de aire HEPA Lavaero 280<\/a><\/strong> de la marca Comedes. Este dispositivo incluye ionizador, <strong>filtro especial para al\u00e9rgicos<\/strong>, control remoto y \u00a1mucho m\u00e1s!<\/p>\n\n\n\n<p>Incluye un filtro de carb\u00f3n activo de mayor tama\u00f1o para filtrar un mayor n\u00famero de micropart\u00edculas entre las que se encuentra el polen. Con toda su tecnolog\u00eda podr\u00e1 <strong>eliminar hasta el 99,9% de part\u00edculas<\/strong> garantiz\u00e1ndote un aire completamente limpio y libre de al\u00e9rgenos. \u00a1Desc\u00fabrelo ya!<\/p>\n\n\n\n<h4 class=\"wp-block-heading\"><strong>La mejor tecnolog\u00eda en el purificador de aire inteligente para la alergia<\/strong><\/h4>\n\n\n\n<p>El <strong><a href=\"https:\/\/gavri.es\/purificadores-de-aire\/purificador-de-aire-inteligente-comedes-lavaero-900\">purificador de aire inteligente Comedes Lavaero 900<\/a><\/strong> es mucho m\u00e1s que un simple purificador. Este purificador est\u00e1 especialmente <strong>preparado para uso dom\u00e9stico<\/strong>, evitar\u00e1 cualquier tipo de alergenos, as\u00ed como humo, malos olores u otros contaminantes.<\/p>\n\n\n\n<p>Cuenta con filtro 3 en 1 y un indicador inteligente que te mantendr\u00e1 informado de la calidad del aire en ese momento exacto. <strong>\u00a1Todo lo que buscas est\u00e1 en Gavri!<\/strong><\/p>\n\n\n\n<p>Ahora que ya conoces mejor algunos de nuestros purificadores de aire para alergias, es momento de echarles un vistazo en nuestra web y escoger el que mejor se adapte a nuestro entorno. \u00a1No lo dejes escapar!<\/p>\n","protected":false},"excerpt":{"rendered":"<p>La llegada de la primavera est\u00e1 a la vuelta de la esquina y todav\u00eda est\u00e1s a tiempo de conseguir un purificador de aire para alergias. \u00a1Date prisa! Con el inicio de la estaci\u00f3n de las flores &#8230; <a title=\"Esta primavera no te quedes sin un purificador de aire para alergias\" class=\"read-more\" href=\"https:\/\/gavri-src.addisnetwork.es\/blog\/primavera-purificador-aire-alergias.html\" aria-label=\"M\u00e1s en Esta primavera no te quedes sin un purificador de aire para alergias\">Leer m\u00e1s<\/a><\/p>\n","protected":false},"author":2,"featured_media":635,"comment_status":"open","ping_status":"closed","sticky":false,"template":"","format":"standard","meta":{"footnotes":""},"categories":[5],"tags":[23,21,4,6],"class_list":["post-634","post","type-post","status-publish","format-standard","has-post-thumbnail","hentry","category-purificadores-de-aire","tag-alergias","tag-filtros-purificadores-de-aire","tag-hogar","tag-purificadores-de-aire","generate-columns","tablet-grid-50","mobile-grid-100","grid-parent","grid-50","no-featured-image-padding"],"yoast_head":"<!-- This site is optimized with the Yoast SEO plugin v27.4 - https:\/\/yoast.com\/product\/yoast-seo-wordpress\/ -->\n<title>Esta primavera no te quedes sin un purificador de aire para alergias<\/title>\n<meta name=\"description\" content=\"En Gavri te ayudamos a prepararte para la llegada de la primavera recomend\u00e1ndote un purificador de aire para alergias. \u00a1No te lo pierdas!\" \/>\n<meta name=\"robots\" content=\"index, follow, max-snippet:-1, max-image-preview:large, max-video-preview:-1\" \/>\n<link rel=\"canonical\" href=\"https:\/\/gavri-src.addisnetwork.es\/blog\/primavera-purificador-aire-alergias.html\" \/>\n<meta property=\"og:locale\" content=\"es_ES\" \/>\n<meta property=\"og:type\" content=\"article\" \/>\n<meta property=\"og:title\" content=\"Esta primavera no te quedes sin un purificador de aire para alergias\" \/>\n<meta property=\"og:description\" content=\"En Gavri te ayudamos a prepararte para la llegada de la primavera recomend\u00e1ndote un purificador de aire para alergias. \u00a1No te lo pierdas!\" \/>\n<meta property=\"og:url\" content=\"https:\/\/gavri-src.addisnetwork.es\/blog\/primavera-purificador-aire-alergias.html\" \/>\n<meta property=\"og:site_name\" content=\"Blog de Gavri.es\" \/>\n<meta property=\"article:published_time\" content=\"2022-03-03T15:25:10+00:00\" \/>\n<meta property=\"article:modified_time\" content=\"2022-03-03T15:25:13+00:00\" \/>\n<meta property=\"og:image\" content=\"https:\/\/gavri-src.addisnetwork.es\/blog\/wp-content\/uploads\/2022\/03\/Esta-primavera-no-te-quedes-sin-un-purificador-de-aire-para-alergias-scaled.jpg\" \/>\n\t<meta property=\"og:image:width\" content=\"2560\" \/>\n\t<meta property=\"og:image:height\" content=\"1707\" \/>\n\t<meta property=\"og:image:type\" content=\"image\/jpeg\" \/>\n<meta name=\"author\" content=\"T\u00e9cnico Gavri\" \/>\n<meta name=\"twitter:card\" content=\"summary_large_image\" \/>\n<meta name=\"twitter:label1\" content=\"Escrito por\" \/>\n\t<meta name=\"twitter:data1\" content=\"T\u00e9cnico Gavri\" \/>\n\t<meta name=\"twitter:label2\" content=\"Tiempo de lectura\" \/>\n\t<meta name=\"twitter:data2\" content=\"3 minutos\" \/>\n<script type=\"application\/ld+json\" class=\"yoast-schema-graph\">{\"@context\":\"https:\\\/\\\/schema.org\",\"@graph\":[{\"@type\":\"Article\",\"@id\":\"https:\\\/\\\/gavri-src.addisnetwork.es\\\/blog\\\/primavera-purificador-aire-alergias.html#article\",\"isPartOf\":{\"@id\":\"https:\\\/\\\/gavri-src.addisnetwork.es\\\/blog\\\/primavera-purificador-aire-alergias.html\"},\"author\":{\"name\":\"T\u00e9cnico Gavri\",\"@id\":\"https:\\\/\\\/gavri-src.addisnetwork.es\\\/blog\\\/#\\\/schema\\\/person\\\/587329a98b34cfdbbfd1e7fbe7b65296\"},\"headline\":\"Esta primavera no te quedes sin un purificador de aire para alergias\",\"datePublished\":\"2022-03-03T15:25:10+00:00\",\"dateModified\":\"2022-03-03T15:25:13+00:00\",\"mainEntityOfPage\":{\"@id\":\"https:\\\/\\\/gavri-src.addisnetwork.es\\\/blog\\\/primavera-purificador-aire-alergias.html\"},\"wordCount\":518,\"commentCount\":0,\"publisher\":{\"@id\":\"https:\\\/\\\/gavri-src.addisnetwork.es\\\/blog\\\/#organization\"},\"image\":{\"@id\":\"https:\\\/\\\/gavri-src.addisnetwork.es\\\/blog\\\/primavera-purificador-aire-alergias.html#primaryimage\"},\"thumbnailUrl\":\"https:\\\/\\\/gavri-src.addisnetwork.es\\\/blog\\\/wp-content\\\/uploads\\\/2022\\\/03\\\/Esta-primavera-no-te-quedes-sin-un-purificador-de-aire-para-alergias-scaled.jpg\",\"keywords\":[\"alergias\",\"filtros purificadores de aire\",\"hogar\",\"purificadores de aire\"],\"articleSection\":[\"Purificadores de aire\"],\"inLanguage\":\"es\",\"potentialAction\":[{\"@type\":\"CommentAction\",\"name\":\"Comment\",\"target\":[\"https:\\\/\\\/gavri-src.addisnetwork.es\\\/blog\\\/primavera-purificador-aire-alergias.html#respond\"]}]},{\"@type\":\"WebPage\",\"@id\":\"https:\\\/\\\/gavri-src.addisnetwork.es\\\/blog\\\/primavera-purificador-aire-alergias.html\",\"url\":\"https:\\\/\\\/gavri-src.addisnetwork.es\\\/blog\\\/primavera-purificador-aire-alergias.html\",\"name\":\"Esta primavera no te quedes sin un purificador de aire para alergias\",\"isPartOf\":{\"@id\":\"https:\\\/\\\/gavri-src.addisnetwork.es\\\/blog\\\/#website\"},\"primaryImageOfPage\":{\"@id\":\"https:\\\/\\\/gavri-src.addisnetwork.es\\\/blog\\\/primavera-purificador-aire-alergias.html#primaryimage\"},\"image\":{\"@id\":\"https:\\\/\\\/gavri-src.addisnetwork.es\\\/blog\\\/primavera-purificador-aire-alergias.html#primaryimage\"},\"thumbnailUrl\":\"https:\\\/\\\/gavri-src.addisnetwork.es\\\/blog\\\/wp-content\\\/uploads\\\/2022\\\/03\\\/Esta-primavera-no-te-quedes-sin-un-purificador-de-aire-para-alergias-scaled.jpg\",\"datePublished\":\"2022-03-03T15:25:10+00:00\",\"dateModified\":\"2022-03-03T15:25:13+00:00\",\"description\":\"En Gavri te ayudamos a prepararte para la llegada de la primavera recomend\u00e1ndote un purificador de aire para alergias. \u00a1No te lo pierdas!\",\"breadcrumb\":{\"@id\":\"https:\\\/\\\/gavri-src.addisnetwork.es\\\/blog\\\/primavera-purificador-aire-alergias.html#breadcrumb\"},\"inLanguage\":\"es\",\"potentialAction\":[{\"@type\":\"ReadAction\",\"target\":[\"https:\\\/\\\/gavri-src.addisnetwork.es\\\/blog\\\/primavera-purificador-aire-alergias.html\"]}]},{\"@type\":\"ImageObject\",\"inLanguage\":\"es\",\"@id\":\"https:\\\/\\\/gavri-src.addisnetwork.es\\\/blog\\\/primavera-purificador-aire-alergias.html#primaryimage\",\"url\":\"https:\\\/\\\/gavri-src.addisnetwork.es\\\/blog\\\/wp-content\\\/uploads\\\/2022\\\/03\\\/Esta-primavera-no-te-quedes-sin-un-purificador-de-aire-para-alergias-scaled.jpg\",\"contentUrl\":\"https:\\\/\\\/gavri-src.addisnetwork.es\\\/blog\\\/wp-content\\\/uploads\\\/2022\\\/03\\\/Esta-primavera-no-te-quedes-sin-un-purificador-de-aire-para-alergias-scaled.jpg\",\"width\":2560,\"height\":1707,\"caption\":\"Esta primavera no te quedes sin un purificador de aire para alergias\"},{\"@type\":\"BreadcrumbList\",\"@id\":\"https:\\\/\\\/gavri-src.addisnetwork.es\\\/blog\\\/primavera-purificador-aire-alergias.html#breadcrumb\",\"itemListElement\":[{\"@type\":\"ListItem\",\"position\":1,\"name\":\"Portada\",\"item\":\"https:\\\/\\\/gavri-src.addisnetwork.es\\\/blog\"},{\"@type\":\"ListItem\",\"position\":2,\"name\":\"Esta primavera no te quedes sin un purificador de aire para alergias\"}]},{\"@type\":\"WebSite\",\"@id\":\"https:\\\/\\\/gavri-src.addisnetwork.es\\\/blog\\\/#website\",\"url\":\"https:\\\/\\\/gavri-src.addisnetwork.es\\\/blog\\\/\",\"name\":\"Blog de Gavri.es\",\"description\":\"Blog de Gavri.es\",\"publisher\":{\"@id\":\"https:\\\/\\\/gavri-src.addisnetwork.es\\\/blog\\\/#organization\"},\"potentialAction\":[{\"@type\":\"SearchAction\",\"target\":{\"@type\":\"EntryPoint\",\"urlTemplate\":\"https:\\\/\\\/gavri-src.addisnetwork.es\\\/blog\\\/?s={search_term_string}\"},\"query-input\":{\"@type\":\"PropertyValueSpecification\",\"valueRequired\":true,\"valueName\":\"search_term_string\"}}],\"inLanguage\":\"es\"},{\"@type\":\"Organization\",\"@id\":\"https:\\\/\\\/gavri-src.addisnetwork.es\\\/blog\\\/#organization\",\"name\":\"Blog de Gavri.es\",\"url\":\"https:\\\/\\\/gavri-src.addisnetwork.es\\\/blog\\\/\",\"logo\":{\"@type\":\"ImageObject\",\"inLanguage\":\"es\",\"@id\":\"https:\\\/\\\/gavri-src.addisnetwork.es\\\/blog\\\/#\\\/schema\\\/logo\\\/image\\\/\",\"url\":\"https:\\\/\\\/gavri-src.addisnetwork.es\\\/blog\\\/wp-content\\\/uploads\\\/2021\\\/01\\\/cropped-LOGO-gavries-blog-1.png\",\"contentUrl\":\"https:\\\/\\\/gavri-src.addisnetwork.es\\\/blog\\\/wp-content\\\/uploads\\\/2021\\\/01\\\/cropped-LOGO-gavries-blog-1.png\",\"width\":520,\"height\":104,\"caption\":\"Blog de Gavri.es\"},\"image\":{\"@id\":\"https:\\\/\\\/gavri-src.addisnetwork.es\\\/blog\\\/#\\\/schema\\\/logo\\\/image\\\/\"}},{\"@type\":\"Person\",\"@id\":\"https:\\\/\\\/gavri-src.addisnetwork.es\\\/blog\\\/#\\\/schema\\\/person\\\/587329a98b34cfdbbfd1e7fbe7b65296\",\"name\":\"T\u00e9cnico Gavri\",\"image\":{\"@type\":\"ImageObject\",\"inLanguage\":\"es\",\"@id\":\"https:\\\/\\\/secure.gravatar.com\\\/avatar\\\/05be1fcb2076939c113859ec2cf09bc4b6b366950c2e7c2d51962780ab5e6d80?s=96&d=mm&r=g\",\"url\":\"https:\\\/\\\/secure.gravatar.com\\\/avatar\\\/05be1fcb2076939c113859ec2cf09bc4b6b366950c2e7c2d51962780ab5e6d80?s=96&d=mm&r=g\",\"contentUrl\":\"https:\\\/\\\/secure.gravatar.com\\\/avatar\\\/05be1fcb2076939c113859ec2cf09bc4b6b366950c2e7c2d51962780ab5e6d80?s=96&d=mm&r=g\",\"caption\":\"T\u00e9cnico Gavri\"}}]}<\/script>\n<!-- \/ Yoast SEO plugin. -->","yoast_head_json":{"title":"Esta primavera no te quedes sin un purificador de aire para alergias","description":"En Gavri te ayudamos a prepararte para la llegada de la primavera recomend\u00e1ndote un purificador de aire para alergias. \u00a1No te lo pierdas!","robots":{"index":"index","follow":"follow","max-snippet":"max-snippet:-1","max-image-preview":"max-image-preview:large","max-video-preview":"max-video-preview:-1"},"canonical":"https:\/\/gavri-src.addisnetwork.es\/blog\/primavera-purificador-aire-alergias.html","og_locale":"es_ES","og_type":"article","og_title":"Esta primavera no te quedes sin un purificador de aire para alergias","og_description":"En Gavri te ayudamos a prepararte para la llegada de la primavera recomend\u00e1ndote un purificador de aire para alergias. \u00a1No te lo pierdas!","og_url":"https:\/\/gavri-src.addisnetwork.es\/blog\/primavera-purificador-aire-alergias.html","og_site_name":"Blog de Gavri.es","article_published_time":"2022-03-03T15:25:10+00:00","article_modified_time":"2022-03-03T15:25:13+00:00","og_image":[{"width":2560,"height":1707,"url":"https:\/\/gavri-src.addisnetwork.es\/blog\/wp-content\/uploads\/2022\/03\/Esta-primavera-no-te-quedes-sin-un-purificador-de-aire-para-alergias-scaled.jpg","type":"image\/jpeg"}],"author":"T\u00e9cnico Gavri","twitter_card":"summary_large_image","twitter_misc":{"Escrito por":"T\u00e9cnico Gavri","Tiempo de lectura":"3 minutos"},"schema":{"@context":"https:\/\/schema.org","@graph":[{"@type":"Article","@id":"https:\/\/gavri-src.addisnetwork.es\/blog\/primavera-purificador-aire-alergias.html#article","isPartOf":{"@id":"https:\/\/gavri-src.addisnetwork.es\/blog\/primavera-purificador-aire-alergias.html"},"author":{"name":"T\u00e9cnico Gavri","@id":"https:\/\/gavri-src.addisnetwork.es\/blog\/#\/schema\/person\/587329a98b34cfdbbfd1e7fbe7b65296"},"headline":"Esta primavera no te quedes sin un purificador de aire para alergias","datePublished":"2022-03-03T15:25:10+00:00","dateModified":"2022-03-03T15:25:13+00:00","mainEntityOfPage":{"@id":"https:\/\/gavri-src.addisnetwork.es\/blog\/primavera-purificador-aire-alergias.html"},"wordCount":518,"commentCount":0,"publisher":{"@id":"https:\/\/gavri-src.addisnetwork.es\/blog\/#organization"},"image":{"@id":"https:\/\/gavri-src.addisnetwork.es\/blog\/primavera-purificador-aire-alergias.html#primaryimage"},"thumbnailUrl":"https:\/\/gavri-src.addisnetwork.es\/blog\/wp-content\/uploads\/2022\/03\/Esta-primavera-no-te-quedes-sin-un-purificador-de-aire-para-alergias-scaled.jpg","keywords":["alergias","filtros purificadores de aire","hogar","purificadores de aire"],"articleSection":["Purificadores de aire"],"inLanguage":"es","potentialAction":[{"@type":"CommentAction","name":"Comment","target":["https:\/\/gavri-src.addisnetwork.es\/blog\/primavera-purificador-aire-alergias.html#respond"]}]},{"@type":"WebPage","@id":"https:\/\/gavri-src.addisnetwork.es\/blog\/primavera-purificador-aire-alergias.html","url":"https:\/\/gavri-src.addisnetwork.es\/blog\/primavera-purificador-aire-alergias.html","name":"Esta primavera no te quedes sin un purificador de aire para alergias","isPartOf":{"@id":"https:\/\/gavri-src.addisnetwork.es\/blog\/#website"},"primaryImageOfPage":{"@id":"https:\/\/gavri-src.addisnetwork.es\/blog\/primavera-purificador-aire-alergias.html#primaryimage"},"image":{"@id":"https:\/\/gavri-src.addisnetwork.es\/blog\/primavera-purificador-aire-alergias.html#primaryimage"},"thumbnailUrl":"https:\/\/gavri-src.addisnetwork.es\/blog\/wp-content\/uploads\/2022\/03\/Esta-primavera-no-te-quedes-sin-un-purificador-de-aire-para-alergias-scaled.jpg","datePublished":"2022-03-03T15:25:10+00:00","dateModified":"2022-03-03T15:25:13+00:00","description":"En Gavri te ayudamos a prepararte para la llegada de la primavera recomend\u00e1ndote un purificador de aire para alergias. \u00a1No te lo pierdas!","breadcrumb":{"@id":"https:\/\/gavri-src.addisnetwork.es\/blog\/primavera-purificador-aire-alergias.html#breadcrumb"},"inLanguage":"es","potentialAction":[{"@type":"ReadAction","target":["https:\/\/gavri-src.addisnetwork.es\/blog\/primavera-purificador-aire-alergias.html"]}]},{"@type":"ImageObject","inLanguage":"es","@id":"https:\/\/gavri-src.addisnetwork.es\/blog\/primavera-purificador-aire-alergias.html#primaryimage","url":"https:\/\/gavri-src.addisnetwork.es\/blog\/wp-content\/uploads\/2022\/03\/Esta-primavera-no-te-quedes-sin-un-purificador-de-aire-para-alergias-scaled.jpg","contentUrl":"https:\/\/gavri-src.addisnetwork.es\/blog\/wp-content\/uploads\/2022\/03\/Esta-primavera-no-te-quedes-sin-un-purificador-de-aire-para-alergias-scaled.jpg","width":2560,"height":1707,"caption":"Esta primavera no te quedes sin un purificador de aire para alergias"},{"@type":"BreadcrumbList","@id":"https:\/\/gavri-src.addisnetwork.es\/blog\/primavera-purificador-aire-alergias.html#breadcrumb","itemListElement":[{"@type":"ListItem","position":1,"name":"Portada","item":"https:\/\/gavri-src.addisnetwork.es\/blog"},{"@type":"ListItem","position":2,"name":"Esta primavera no te quedes sin un purificador de aire para alergias"}]},{"@type":"WebSite","@id":"https:\/\/gavri-src.addisnetwork.es\/blog\/#website","url":"https:\/\/gavri-src.addisnetwork.es\/blog\/","name":"Blog de Gavri.es","description":"Blog de Gavri.es","publisher":{"@id":"https:\/\/gavri-src.addisnetwork.es\/blog\/#organization"},"potentialAction":[{"@type":"SearchAction","target":{"@type":"EntryPoint","urlTemplate":"https:\/\/gavri-src.addisnetwork.es\/blog\/?s={search_term_string}"},"query-input":{"@type":"PropertyValueSpecification","valueRequired":true,"valueName":"search_term_string"}}],"inLanguage":"es"},{"@type":"Organization","@id":"https:\/\/gavri-src.addisnetwork.es\/blog\/#organization","name":"Blog de Gavri.es","url":"https:\/\/gavri-src.addisnetwork.es\/blog\/","logo":{"@type":"ImageObject","inLanguage":"es","@id":"https:\/\/gavri-src.addisnetwork.es\/blog\/#\/schema\/logo\/image\/","url":"https:\/\/gavri-src.addisnetwork.es\/blog\/wp-content\/uploads\/2021\/01\/cropped-LOGO-gavries-blog-1.png","contentUrl":"https:\/\/gavri-src.addisnetwork.es\/blog\/wp-content\/uploads\/2021\/01\/cropped-LOGO-gavries-blog-1.png","width":520,"height":104,"caption":"Blog de Gavri.es"},"image":{"@id":"https:\/\/gavri-src.addisnetwork.es\/blog\/#\/schema\/logo\/image\/"}},{"@type":"Person","@id":"https:\/\/gavri-src.addisnetwork.es\/blog\/#\/schema\/person\/587329a98b34cfdbbfd1e7fbe7b65296","name":"T\u00e9cnico Gavri","image":{"@type":"ImageObject","inLanguage":"es","@id":"https:\/\/secure.gravatar.com\/avatar\/05be1fcb2076939c113859ec2cf09bc4b6b366950c2e7c2d51962780ab5e6d80?s=96&d=mm&r=g","url":"https:\/\/secure.gravatar.com\/avatar\/05be1fcb2076939c113859ec2cf09bc4b6b366950c2e7c2d51962780ab5e6d80?s=96&d=mm&r=g","contentUrl":"https:\/\/secure.gravatar.com\/avatar\/05be1fcb2076939c113859ec2cf09bc4b6b366950c2e7c2d51962780ab5e6d80?s=96&d=mm&r=g","caption":"T\u00e9cnico Gavri"}}]}},"_links":{"self":[{"href":"https:\/\/gavri-src.addisnetwork.es\/blog\/wp-json\/wp\/v2\/posts\/634","targetHints":{"allow":["GET"]}}],"collection":[{"href":"https:\/\/gavri-src.addisnetwork.es\/blog\/wp-json\/wp\/v2\/posts"}],"about":[{"href":"https:\/\/gavri-src.addisnetwork.es\/blog\/wp-json\/wp\/v2\/types\/post"}],"author":[{"embeddable":true,"href":"https:\/\/gavri-src.addisnetwork.es\/blog\/wp-json\/wp\/v2\/users\/2"}],"replies":[{"embeddable":true,"href":"https:\/\/gavri-src.addisnetwork.es\/blog\/wp-json\/wp\/v2\/comments?post=634"}],"version-history":[{"count":1,"href":"https:\/\/gavri-src.addisnetwork.es\/blog\/wp-json\/wp\/v2\/posts\/634\/revisions"}],"predecessor-version":[{"id":636,"href":"https:\/\/gavri-src.addisnetwork.es\/blog\/wp-json\/wp\/v2\/posts\/634\/revisions\/636"}],"wp:featuredmedia":[{"embeddable":true,"href":"https:\/\/gavri-src.addisnetwork.es\/blog\/wp-json\/wp\/v2\/media\/635"}],"wp:attachment":[{"href":"https:\/\/gavri-src.addisnetwork.es\/blog\/wp-json\/wp\/v2\/media?parent=634"}],"wp:term":[{"taxonomy":"category","embeddable":true,"href":"https:\/\/gavri-src.addisnetwork.es\/blog\/wp-json\/wp\/v2\/categories?post=634"},{"taxonomy":"post_tag","embeddable":true,"href":"https:\/\/gavri-src.addisnetwork.es\/blog\/wp-json\/wp\/v2\/tags?post=634"}],"curies":[{"name":"wp","href":"https:\/\/api.w.org\/{rel}","templated":true}]}}