{"id":65,"date":"2020-10-13T18:55:00","date_gmt":"2020-10-13T18:55:00","guid":{"rendered":"https:\/\/gavri.ivansol.com\/blog\/?p=65"},"modified":"2021-04-29T09:43:11","modified_gmt":"2021-04-29T09:43:11","slug":"tips-para-ahorrar-en-tu-factura-de-la-luz-con-ventiladores-de-techo-b65","status":"publish","type":"post","link":"https:\/\/gavri-src.addisnetwork.es\/blog\/tips-para-ahorrar-en-tu-factura-de-la-luz-con-ventiladores-de-techo-b65.html","title":{"rendered":"Tips para ahorrar en tu factura de la luz con ventiladores de techo"},"content":{"rendered":"<div style=\"text-align: justify;\"><span style=\"font-size: 12pt;\">En verano la factura de la luz se dispara (\u00a1y mucho!) en parte por culpa del aire acondicionado. Hay veces en las que quiz\u00e1s no hace falta encender el aire acondicionado, pero aun as\u00ed lo encendemos de todas formas. Y es que este tipo de aparatos consumen de media nada m\u00e1s ni nada menos que \u00a12,000 watts!.<\/span><\/div>\n<div style=\"text-align: justify;\"><span style=\"font-size: 12pt;\">Por ello hoy os traemos una serie de consejos para ahorrar en tu factura de la luz gracias a los <strong>ventiladores de techo<\/strong>. Si bien no reducen la temperatura como los aires acondicionados, si que ayudan, entre otras cosas, a reducir la sensaci\u00f3n de calor, as\u00ed como a mover el aire caliente hacia fuera de la habitaci\u00f3n.<\/span><\/div>\n<div style=\"text-align: justify;\"><span style=\"font-size: 12pt;\">Pero lo m\u00e1s importante es que los ventiladores de techo consumen mucho (\u00a1much\u00edsimo!) menos electricidad que los aires acondicionados. La mayor\u00eda de ventiladores <strong>no superan los 70W<\/strong> al d\u00eda, mientras que los modelos de bajo consumo rondan un m\u00e1ximo de 30W al d\u00eda. Nada si lo comparamos con los 2,000W del aire acondicionado. Todo ello gracias a los motodres DC\/EC patentados del <span style=\"text-decoration: underline;\"><a href=\"https:\/\/gavri.es\/blog\/casafan-marca-alemana-con-30-anos-de-experiencia-en-ventiladores-de-techo-gavries-b44.html\" target=\"_blank\" rel=\"noopener\">fabricante alem\u00e1n Casafan<\/a><\/span>.<\/span><\/div>\n<div style=\"text-align: justify;\">\n<hr>\n<\/div>\n<h2 style=\"text-align: justify;\"><span style=\"color: #3498db; font-size: 18pt;\">1. Reduce el consumo del aire acondicionado en verano<\/span><\/h2>\n<div style=\"text-align: justify;\"><span style=\"font-size: 12pt;\">Hay veces en las que hace calor, pero encendemos el aire acondicionado puesto que no tenemos alternativas. Los ventiladores de techo son m\u00e1s que suficientes en muchas veces en las que no hace ese calor intenso de verano, sobretodo en meses como junio o setiembre.<\/span><\/div>\n<div style=\"text-align: justify;\"><span style=\"font-size: 12pt;\">Por otro lado, adem\u00e1s, los ventiladores de techo se complementan perfectamente con los aires acondicionados. Gracias a que mueven constantemente el aire, ayudan a qu\u00e9 las masas de aire fr\u00edo que expulsa el aire acondicionado lleguen antes a toda la habitaci\u00f3n. De esta forma el aire acondicionado permanece encendido menos tiempo.<\/span><\/div>\n<div style=\"text-align: justify;\"><span style=\"color: #000000; font-size: 12pt;\"><strong><br \/>\n\u00bfC\u00f3mo debe funcionar un ventilador en verano?<\/strong><\/span><br \/>\n<span style=\"font-size: 12pt;\"> Durante los meses m\u00e1s c\u00e1lidos, un ventilador debe funcionar siempre hacia delante a una velocidad alta. Junto con la transpiraci\u00f3n natural del cuerpo, se crea una forma de enfriamiento evaporativo que reduce la sensaci\u00f3n de calor. Sucede lo mismo que en un coche con las ventanas abiertas, que tenemos una agradable sensaci\u00f3n refrescante.<\/span><\/p>\n<p><span style=\"font-size: 12pt;\"> Aun as\u00ed, deber ser usado con moderaci\u00f3n. Si dejamos el ventilador a toda velocidad en dormitorio encendido durante toda la noche, puede acelerar el enfriamiento del cuerpo y, en el peor de los casos, incluso traer un resfriado.<\/span><\/p>\n<\/div>\n<div style=\"text-align: justify;\">\n<hr>\n<\/div>\n<h2 style=\"text-align: justify;\"><span style=\"color: #3498db; font-size: 18pt;\">2. Ahorra en calefacci\u00f3n en invierno<\/span><\/h2>\n<div style=\"text-align: justify;\"><span style=\"font-size: 12pt;\">\u00bfLos ventiladores para el techo tambi\u00e9n permiten ahorra en calefacci\u00f3n invierno? \u00a1Pues si! Puesto que el aire caliente pesa menos que el aire fr\u00edo, este se sit\u00faa en la parte de arriba de una habitaci\u00f3n. Esto hace que exista una diferencia importante de temperatura entre el techo y el suelo. Y cu\u00e1nto m\u00e1s alta sea la habitaci\u00f3n, mayor es la diferencia<\/span><\/div>\n<div style=\"text-align: justify;\"><span style=\"font-size: 12pt;\">Un ventilador puede girar hacia adelante o hacia atr\u00e1s. En verano girar\u00e1 hacia delante, dirigiendo de esta forma el aire caliente hacia el suelo. En modo inverso, o modo invierno, el ventilador empuja el aire caliente contra el techo, lo que esto hace que rebote y encuentre su camino de regreso por el paredes a trav\u00e9s del suelo debajo del ventilador donde es absorbido de nuevo. De esta forma el aire caliente queda m\u00e1s distribuido en la habitaci\u00f3n, y se reduce parcialmente la sensaci\u00f3n de fr\u00edo (como por ejemplo la sensaci\u00f3n de tener los pies mucho m\u00e1s fr\u00edos).<\/span><\/div>\n<div style=\"text-align: justify;\"><span style=\"color: #000000; font-size: 12pt;\"><span style=\"color: #000000; font-size: 12pt;\"><strong><img loading=\"lazy\" decoding=\"async\" style=\"margin-left: auto; margin-right: auto;\" src=\"https:\/\/gavri.es\/img\/cms\/Blog\/funcionamiento%20ahorro%20modo%20invierno%20ventiladores%20para%20el%20techo.PNG\" alt=\"Ahorro en invierno con los ventiladores para el techo\" width=\"500\" height=\"245\"><\/strong><\/span><\/span><\/p>\n<p><strong>\u00bfEn invierno a qu\u00e9 velocidad se usa?<\/strong><br \/>\n<span style=\"font-size: 12pt;\"> En inverno la velocidad a la que deber\u00edamos usar el ventilador es algo complicado. A una velocidad demasiado alta revierte los ciclos de calor. Mientras que a una velocidad demasiado lenta, la penetraci\u00f3n y el efecto del ventilador es muy baja y el aire caliente no llega al suelo.<\/span><\/p>\n<\/div>\n<div style=\"text-align: justify;\"><span style=\"font-size: 12pt;\">Por esta raz\u00f3n,&nbsp;<span style=\"text-decoration: underline;\"><a href=\"https:\/\/gavri.es\/ventiladores-de-techo\" target=\"_blank\" rel=\"noopener\">todos nuestros ventiladores<\/a><\/span> tienen controladores de velocidad, con hasta 6 velocidades en muchos modelos. Ofrecemos ventiladores con hasta 10 tama\u00f1os diferentes, con di\u00e1metros que van de los 75cm hasta lsos 212 cm. Podr\u00e1s encontrar el tama\u00f1o correcto para su casa. Ten en cuenta que cuanto mayor es el ventilador, m\u00e1s lento necesita rotar para mover la misma cantidad de aire.<\/span><\/div>\n<div style=\"text-align: justify;\"><\/div>\n<div style=\"text-align: justify;\">\n<hr>\n<\/div>\n<h2 style=\"text-align: justify;\"><span style=\"color: #3498db; font-size: 18pt;\">3. Calcula el ahorro de tu casa<\/span><\/h2>\n<div style=\"text-align: justify;\"><span style=\"font-size: 12pt;\"><span style=\"font-size: 12pt;\">Usando la regla general en la que un aumento de 1\u00b0C en la temperatura de casa equivale (aprox.) a un 6% de aumento en los costos de calefacci\u00f3n, se puede llegar a ahorrar mucho dinero. La temperatura promedio del aire en el techo se calcula usando lo siguiente f\u00f3rmula (simplificada):<\/span><\/span><\/p>\n<\/div>\n<div style=\"text-align: justify;\">\n<blockquote>\n<pre><span style=\"font-size: 12pt;\">T ventilador = T del suelo * (1+(0.115 * H))<\/span><\/pre>\n<\/blockquote>\n<\/div>\n<div style=\"text-align: justify;\">\n<ul>\n<li><span style=\"font-size: 12pt;\">T ventilador = Temperatura del techo<\/span><\/li>\n<li><span style=\"font-size: 12pt;\">T suelo = temperatura del suelo<\/span><\/li>\n<li><span style=\"font-size: 12pt;\">h = Altura del techo<\/span><\/li>\n<\/ul>\n<\/div>\n<div style=\"text-align: justify;\"><span style=\"font-size: 12pt;\">Esto es v\u00e1lido independientemente de factores externos como el aislamiento t\u00e9rmico, solar radiaci\u00f3n, etc. En cada habitaci\u00f3n, una capa c\u00e1lida se acumula debajo del techo. A nivel del piso, la temperatura baja importantemente. El calor \u00abse pega\u00bb al techo.<\/span><\/div>\n<div style=\"text-align: justify;\"><span style=\"font-size: 12pt;\"><strong><br \/>\n<span style=\"color: #000000;\">Pong\u00e1moslo en un ejemplo<\/span><\/strong><\/span><\/div>\n<div style=\"text-align: justify;\"><span style=\"font-size: 12pt;\">En una habitaci\u00f3n de 3 metros de alto, la temperatura del piso es de 18\u00b0C. La temperatura en el techo se calcula de la siguiente manera:<\/span><\/div>\n<div style=\"text-align: justify;\">\n<blockquote>\n<pre><span style=\"font-size: 12pt;\">\n18 * (1+(0.115 * 3)) = 24.21 \u00b0C<\/span><\/pre>\n<\/blockquote>\n<\/div>\n<div style=\"text-align: justify;\"><span style=\"font-size: 12pt;\">En nuestro ejemplo, la <strong>diferencia de temperatura es de m\u00e1s de 6\u00b0C*<\/strong>. Como resultado, se produce un ahorro muy significativo en la factura de la luz.<\/span><span style=\"font-size: 12pt;\"><span style=\"font-size: 10pt;\">* sin corriente de aire, cambios de aire y en precio razonable de tiempo*-<\/span><\/span><\/p>\n<\/div>\n<div style=\"text-align: justify;\">\n<hr>\n<\/div>\n<h2 style=\"text-align: justify;\"><span style=\"color: #3498db; font-size: 18pt;\">4. Ahorro de energ\u00eda en ambas direcciones<\/span><\/h2>\n<div style=\"text-align: justify;\"><span style=\"font-size: 12pt;\">Con una altura de techo de m\u00e1s de 2.6m, un ventilador de techo debe girar siempre hacia adelante, incluso en invierno; de lo contrario, la corriente de aire que se sit\u00faa en la parte superior de la habitaci\u00f3n no llegar\u00e1 a mezclarse de forma \u00f3ptima. La altura del techo y la velocidad de rotaci\u00f3n determinar la direcci\u00f3n de rotaci\u00f3n de un ventilador de techo para devolver el calor al nivel del piso. Aun as\u00ed, en cualquiera de las direcciones en la que gire el ventilador, se producir\u00e1 un ahorro de energ\u00eda debido al intercambio de masas de aire que produce cualquiera de las dos direcciones.<\/span><\/p>\n<\/div>\n","protected":false},"excerpt":{"rendered":"<p>En verano la factura de la luz se dispara (\u00a1y mucho!) en parte por culpa del aire acondicionado. Hay veces en las que quiz\u00e1s no hace falta encender el aire acondicionado, pero aun as\u00ed lo encendemos &#8230; <a title=\"Tips para ahorrar en tu factura de la luz con ventiladores de techo\" class=\"read-more\" href=\"https:\/\/gavri-src.addisnetwork.es\/blog\/tips-para-ahorrar-en-tu-factura-de-la-luz-con-ventiladores-de-techo-b65.html\" aria-label=\"M\u00e1s en Tips para ahorrar en tu factura de la luz con ventiladores de techo\">Leer m\u00e1s<\/a><\/p>\n","protected":false},"author":1,"featured_media":105,"comment_status":"open","ping_status":"closed","sticky":false,"template":"","format":"standard","meta":{"footnotes":""},"categories":[1],"tags":[],"class_list":["post-65","post","type-post","status-publish","format-standard","has-post-thumbnail","hentry","category-sin-categoria","generate-columns","tablet-grid-50","mobile-grid-100","grid-parent","grid-50","no-featured-image-padding"],"yoast_head":"<!-- This site is optimized with the Yoast SEO plugin v27.5 - https:\/\/yoast.com\/product\/yoast-seo-wordpress\/ -->\n<title>Tips para ahorrar en tu factura de la luz con ventiladores de techo - Blog de Gavri.es<\/title>\n<meta name=\"robots\" content=\"index, follow, max-snippet:-1, max-image-preview:large, max-video-preview:-1\" \/>\n<link rel=\"canonical\" href=\"https:\/\/gavri-src.addisnetwork.es\/blog\/tips-para-ahorrar-en-tu-factura-de-la-luz-con-ventiladores-de-techo-b65.html\" \/>\n<meta property=\"og:locale\" content=\"es_ES\" \/>\n<meta property=\"og:type\" content=\"article\" \/>\n<meta property=\"og:title\" content=\"Tips para ahorrar en tu factura de la luz con ventiladores de techo - Blog de Gavri.es\" \/>\n<meta property=\"og:description\" content=\"En verano la factura de la luz se dispara (\u00a1y mucho!) en parte por culpa del aire acondicionado. Hay veces en las que quiz\u00e1s no hace falta encender el aire acondicionado, pero aun as\u00ed lo encendemos ... Leer m\u00e1s\" \/>\n<meta property=\"og:url\" content=\"https:\/\/gavri-src.addisnetwork.es\/blog\/tips-para-ahorrar-en-tu-factura-de-la-luz-con-ventiladores-de-techo-b65.html\" \/>\n<meta property=\"og:site_name\" content=\"Blog de Gavri.es\" \/>\n<meta property=\"article:published_time\" content=\"2020-10-13T18:55:00+00:00\" \/>\n<meta property=\"article:modified_time\" content=\"2021-04-29T09:43:11+00:00\" \/>\n<meta property=\"og:image\" content=\"https:\/\/gavri-src.addisnetwork.es\/blog\/wp-content\/uploads\/2020\/12\/lg-b-tips-ahorra-con-ventiladores.jpg\" \/>\n\t<meta property=\"og:image:width\" content=\"1900\" \/>\n\t<meta property=\"og:image:height\" content=\"781\" \/>\n\t<meta property=\"og:image:type\" content=\"image\/jpeg\" \/>\n<meta name=\"author\" content=\"Gavri\" \/>\n<meta name=\"twitter:card\" content=\"summary_large_image\" \/>\n<meta name=\"twitter:label1\" content=\"Escrito por\" \/>\n\t<meta name=\"twitter:data1\" content=\"Gavri\" \/>\n\t<meta name=\"twitter:label2\" content=\"Tiempo de lectura\" \/>\n\t<meta name=\"twitter:data2\" content=\"5 minutos\" \/>\n<script type=\"application\/ld+json\" class=\"yoast-schema-graph\">{\"@context\":\"https:\\\/\\\/schema.org\",\"@graph\":[{\"@type\":\"Article\",\"@id\":\"https:\\\/\\\/gavri-src.addisnetwork.es\\\/blog\\\/tips-para-ahorrar-en-tu-factura-de-la-luz-con-ventiladores-de-techo-b65.html#article\",\"isPartOf\":{\"@id\":\"https:\\\/\\\/gavri-src.addisnetwork.es\\\/blog\\\/tips-para-ahorrar-en-tu-factura-de-la-luz-con-ventiladores-de-techo-b65.html\"},\"author\":{\"name\":\"Gavri\",\"@id\":\"https:\\\/\\\/gavri-src.addisnetwork.es\\\/blog\\\/#\\\/schema\\\/person\\\/3df0699bd314187860df00e3b73fbf75\"},\"headline\":\"Tips para ahorrar en tu factura de la luz con ventiladores de techo\",\"datePublished\":\"2020-10-13T18:55:00+00:00\",\"dateModified\":\"2021-04-29T09:43:11+00:00\",\"mainEntityOfPage\":{\"@id\":\"https:\\\/\\\/gavri-src.addisnetwork.es\\\/blog\\\/tips-para-ahorrar-en-tu-factura-de-la-luz-con-ventiladores-de-techo-b65.html\"},\"wordCount\":1029,\"commentCount\":0,\"publisher\":{\"@id\":\"https:\\\/\\\/gavri-src.addisnetwork.es\\\/blog\\\/#organization\"},\"image\":{\"@id\":\"https:\\\/\\\/gavri-src.addisnetwork.es\\\/blog\\\/tips-para-ahorrar-en-tu-factura-de-la-luz-con-ventiladores-de-techo-b65.html#primaryimage\"},\"thumbnailUrl\":\"https:\\\/\\\/gavri-src.addisnetwork.es\\\/blog\\\/wp-content\\\/uploads\\\/2020\\\/12\\\/lg-b-tips-ahorra-con-ventiladores.jpg\",\"inLanguage\":\"es\",\"potentialAction\":[{\"@type\":\"CommentAction\",\"name\":\"Comment\",\"target\":[\"https:\\\/\\\/gavri-src.addisnetwork.es\\\/blog\\\/tips-para-ahorrar-en-tu-factura-de-la-luz-con-ventiladores-de-techo-b65.html#respond\"]}]},{\"@type\":\"WebPage\",\"@id\":\"https:\\\/\\\/gavri-src.addisnetwork.es\\\/blog\\\/tips-para-ahorrar-en-tu-factura-de-la-luz-con-ventiladores-de-techo-b65.html\",\"url\":\"https:\\\/\\\/gavri-src.addisnetwork.es\\\/blog\\\/tips-para-ahorrar-en-tu-factura-de-la-luz-con-ventiladores-de-techo-b65.html\",\"name\":\"Tips para ahorrar en tu factura de la luz con ventiladores de techo - Blog de Gavri.es\",\"isPartOf\":{\"@id\":\"https:\\\/\\\/gavri-src.addisnetwork.es\\\/blog\\\/#website\"},\"primaryImageOfPage\":{\"@id\":\"https:\\\/\\\/gavri-src.addisnetwork.es\\\/blog\\\/tips-para-ahorrar-en-tu-factura-de-la-luz-con-ventiladores-de-techo-b65.html#primaryimage\"},\"image\":{\"@id\":\"https:\\\/\\\/gavri-src.addisnetwork.es\\\/blog\\\/tips-para-ahorrar-en-tu-factura-de-la-luz-con-ventiladores-de-techo-b65.html#primaryimage\"},\"thumbnailUrl\":\"https:\\\/\\\/gavri-src.addisnetwork.es\\\/blog\\\/wp-content\\\/uploads\\\/2020\\\/12\\\/lg-b-tips-ahorra-con-ventiladores.jpg\",\"datePublished\":\"2020-10-13T18:55:00+00:00\",\"dateModified\":\"2021-04-29T09:43:11+00:00\",\"breadcrumb\":{\"@id\":\"https:\\\/\\\/gavri-src.addisnetwork.es\\\/blog\\\/tips-para-ahorrar-en-tu-factura-de-la-luz-con-ventiladores-de-techo-b65.html#breadcrumb\"},\"inLanguage\":\"es\",\"potentialAction\":[{\"@type\":\"ReadAction\",\"target\":[\"https:\\\/\\\/gavri-src.addisnetwork.es\\\/blog\\\/tips-para-ahorrar-en-tu-factura-de-la-luz-con-ventiladores-de-techo-b65.html\"]}]},{\"@type\":\"ImageObject\",\"inLanguage\":\"es\",\"@id\":\"https:\\\/\\\/gavri-src.addisnetwork.es\\\/blog\\\/tips-para-ahorrar-en-tu-factura-de-la-luz-con-ventiladores-de-techo-b65.html#primaryimage\",\"url\":\"https:\\\/\\\/gavri-src.addisnetwork.es\\\/blog\\\/wp-content\\\/uploads\\\/2020\\\/12\\\/lg-b-tips-ahorra-con-ventiladores.jpg\",\"contentUrl\":\"https:\\\/\\\/gavri-src.addisnetwork.es\\\/blog\\\/wp-content\\\/uploads\\\/2020\\\/12\\\/lg-b-tips-ahorra-con-ventiladores.jpg\",\"width\":1900,\"height\":781},{\"@type\":\"BreadcrumbList\",\"@id\":\"https:\\\/\\\/gavri-src.addisnetwork.es\\\/blog\\\/tips-para-ahorrar-en-tu-factura-de-la-luz-con-ventiladores-de-techo-b65.html#breadcrumb\",\"itemListElement\":[{\"@type\":\"ListItem\",\"position\":1,\"name\":\"Portada\",\"item\":\"https:\\\/\\\/gavri-src.addisnetwork.es\\\/blog\"},{\"@type\":\"ListItem\",\"position\":2,\"name\":\"Tips para ahorrar en tu factura de la luz con ventiladores de techo\"}]},{\"@type\":\"WebSite\",\"@id\":\"https:\\\/\\\/gavri-src.addisnetwork.es\\\/blog\\\/#website\",\"url\":\"https:\\\/\\\/gavri-src.addisnetwork.es\\\/blog\\\/\",\"name\":\"Blog de Gavri.es\",\"description\":\"Blog de Gavri.es\",\"publisher\":{\"@id\":\"https:\\\/\\\/gavri-src.addisnetwork.es\\\/blog\\\/#organization\"},\"potentialAction\":[{\"@type\":\"SearchAction\",\"target\":{\"@type\":\"EntryPoint\",\"urlTemplate\":\"https:\\\/\\\/gavri-src.addisnetwork.es\\\/blog\\\/?s={search_term_string}\"},\"query-input\":{\"@type\":\"PropertyValueSpecification\",\"valueRequired\":true,\"valueName\":\"search_term_string\"}}],\"inLanguage\":\"es\"},{\"@type\":\"Organization\",\"@id\":\"https:\\\/\\\/gavri-src.addisnetwork.es\\\/blog\\\/#organization\",\"name\":\"Blog de Gavri.es\",\"url\":\"https:\\\/\\\/gavri-src.addisnetwork.es\\\/blog\\\/\",\"logo\":{\"@type\":\"ImageObject\",\"inLanguage\":\"es\",\"@id\":\"https:\\\/\\\/gavri-src.addisnetwork.es\\\/blog\\\/#\\\/schema\\\/logo\\\/image\\\/\",\"url\":\"https:\\\/\\\/gavri-src.addisnetwork.es\\\/blog\\\/wp-content\\\/uploads\\\/2021\\\/01\\\/cropped-LOGO-gavries-blog-1.png\",\"contentUrl\":\"https:\\\/\\\/gavri-src.addisnetwork.es\\\/blog\\\/wp-content\\\/uploads\\\/2021\\\/01\\\/cropped-LOGO-gavries-blog-1.png\",\"width\":520,\"height\":104,\"caption\":\"Blog de Gavri.es\"},\"image\":{\"@id\":\"https:\\\/\\\/gavri-src.addisnetwork.es\\\/blog\\\/#\\\/schema\\\/logo\\\/image\\\/\"}},{\"@type\":\"Person\",\"@id\":\"https:\\\/\\\/gavri-src.addisnetwork.es\\\/blog\\\/#\\\/schema\\\/person\\\/3df0699bd314187860df00e3b73fbf75\",\"name\":\"Gavri\",\"image\":{\"@type\":\"ImageObject\",\"inLanguage\":\"es\",\"@id\":\"https:\\\/\\\/secure.gravatar.com\\\/avatar\\\/6fc6afbbb919cee1ae64c74ed55bf75da72aade68e84f27c0a3a05bd98ccf2a0?s=96&d=mm&r=g\",\"url\":\"https:\\\/\\\/secure.gravatar.com\\\/avatar\\\/6fc6afbbb919cee1ae64c74ed55bf75da72aade68e84f27c0a3a05bd98ccf2a0?s=96&d=mm&r=g\",\"contentUrl\":\"https:\\\/\\\/secure.gravatar.com\\\/avatar\\\/6fc6afbbb919cee1ae64c74ed55bf75da72aade68e84f27c0a3a05bd98ccf2a0?s=96&d=mm&r=g\",\"caption\":\"Gavri\"},\"sameAs\":[\"https:\\\/\\\/gavri.es\\\/blog\"]}]}<\/script>\n<!-- \/ Yoast SEO plugin. -->","yoast_head_json":{"title":"Tips para ahorrar en tu factura de la luz con ventiladores de techo - Blog de Gavri.es","robots":{"index":"index","follow":"follow","max-snippet":"max-snippet:-1","max-image-preview":"max-image-preview:large","max-video-preview":"max-video-preview:-1"},"canonical":"https:\/\/gavri-src.addisnetwork.es\/blog\/tips-para-ahorrar-en-tu-factura-de-la-luz-con-ventiladores-de-techo-b65.html","og_locale":"es_ES","og_type":"article","og_title":"Tips para ahorrar en tu factura de la luz con ventiladores de techo - Blog de Gavri.es","og_description":"En verano la factura de la luz se dispara (\u00a1y mucho!) en parte por culpa del aire acondicionado. Hay veces en las que quiz\u00e1s no hace falta encender el aire acondicionado, pero aun as\u00ed lo encendemos ... Leer m\u00e1s","og_url":"https:\/\/gavri-src.addisnetwork.es\/blog\/tips-para-ahorrar-en-tu-factura-de-la-luz-con-ventiladores-de-techo-b65.html","og_site_name":"Blog de Gavri.es","article_published_time":"2020-10-13T18:55:00+00:00","article_modified_time":"2021-04-29T09:43:11+00:00","og_image":[{"width":1900,"height":781,"url":"https:\/\/gavri-src.addisnetwork.es\/blog\/wp-content\/uploads\/2020\/12\/lg-b-tips-ahorra-con-ventiladores.jpg","type":"image\/jpeg"}],"author":"Gavri","twitter_card":"summary_large_image","twitter_misc":{"Escrito por":"Gavri","Tiempo de lectura":"5 minutos"},"schema":{"@context":"https:\/\/schema.org","@graph":[{"@type":"Article","@id":"https:\/\/gavri-src.addisnetwork.es\/blog\/tips-para-ahorrar-en-tu-factura-de-la-luz-con-ventiladores-de-techo-b65.html#article","isPartOf":{"@id":"https:\/\/gavri-src.addisnetwork.es\/blog\/tips-para-ahorrar-en-tu-factura-de-la-luz-con-ventiladores-de-techo-b65.html"},"author":{"name":"Gavri","@id":"https:\/\/gavri-src.addisnetwork.es\/blog\/#\/schema\/person\/3df0699bd314187860df00e3b73fbf75"},"headline":"Tips para ahorrar en tu factura de la luz con ventiladores de techo","datePublished":"2020-10-13T18:55:00+00:00","dateModified":"2021-04-29T09:43:11+00:00","mainEntityOfPage":{"@id":"https:\/\/gavri-src.addisnetwork.es\/blog\/tips-para-ahorrar-en-tu-factura-de-la-luz-con-ventiladores-de-techo-b65.html"},"wordCount":1029,"commentCount":0,"publisher":{"@id":"https:\/\/gavri-src.addisnetwork.es\/blog\/#organization"},"image":{"@id":"https:\/\/gavri-src.addisnetwork.es\/blog\/tips-para-ahorrar-en-tu-factura-de-la-luz-con-ventiladores-de-techo-b65.html#primaryimage"},"thumbnailUrl":"https:\/\/gavri-src.addisnetwork.es\/blog\/wp-content\/uploads\/2020\/12\/lg-b-tips-ahorra-con-ventiladores.jpg","inLanguage":"es","potentialAction":[{"@type":"CommentAction","name":"Comment","target":["https:\/\/gavri-src.addisnetwork.es\/blog\/tips-para-ahorrar-en-tu-factura-de-la-luz-con-ventiladores-de-techo-b65.html#respond"]}]},{"@type":"WebPage","@id":"https:\/\/gavri-src.addisnetwork.es\/blog\/tips-para-ahorrar-en-tu-factura-de-la-luz-con-ventiladores-de-techo-b65.html","url":"https:\/\/gavri-src.addisnetwork.es\/blog\/tips-para-ahorrar-en-tu-factura-de-la-luz-con-ventiladores-de-techo-b65.html","name":"Tips para ahorrar en tu factura de la luz con ventiladores de techo - Blog de Gavri.es","isPartOf":{"@id":"https:\/\/gavri-src.addisnetwork.es\/blog\/#website"},"primaryImageOfPage":{"@id":"https:\/\/gavri-src.addisnetwork.es\/blog\/tips-para-ahorrar-en-tu-factura-de-la-luz-con-ventiladores-de-techo-b65.html#primaryimage"},"image":{"@id":"https:\/\/gavri-src.addisnetwork.es\/blog\/tips-para-ahorrar-en-tu-factura-de-la-luz-con-ventiladores-de-techo-b65.html#primaryimage"},"thumbnailUrl":"https:\/\/gavri-src.addisnetwork.es\/blog\/wp-content\/uploads\/2020\/12\/lg-b-tips-ahorra-con-ventiladores.jpg","datePublished":"2020-10-13T18:55:00+00:00","dateModified":"2021-04-29T09:43:11+00:00","breadcrumb":{"@id":"https:\/\/gavri-src.addisnetwork.es\/blog\/tips-para-ahorrar-en-tu-factura-de-la-luz-con-ventiladores-de-techo-b65.html#breadcrumb"},"inLanguage":"es","potentialAction":[{"@type":"ReadAction","target":["https:\/\/gavri-src.addisnetwork.es\/blog\/tips-para-ahorrar-en-tu-factura-de-la-luz-con-ventiladores-de-techo-b65.html"]}]},{"@type":"ImageObject","inLanguage":"es","@id":"https:\/\/gavri-src.addisnetwork.es\/blog\/tips-para-ahorrar-en-tu-factura-de-la-luz-con-ventiladores-de-techo-b65.html#primaryimage","url":"https:\/\/gavri-src.addisnetwork.es\/blog\/wp-content\/uploads\/2020\/12\/lg-b-tips-ahorra-con-ventiladores.jpg","contentUrl":"https:\/\/gavri-src.addisnetwork.es\/blog\/wp-content\/uploads\/2020\/12\/lg-b-tips-ahorra-con-ventiladores.jpg","width":1900,"height":781},{"@type":"BreadcrumbList","@id":"https:\/\/gavri-src.addisnetwork.es\/blog\/tips-para-ahorrar-en-tu-factura-de-la-luz-con-ventiladores-de-techo-b65.html#breadcrumb","itemListElement":[{"@type":"ListItem","position":1,"name":"Portada","item":"https:\/\/gavri-src.addisnetwork.es\/blog"},{"@type":"ListItem","position":2,"name":"Tips para ahorrar en tu factura de la luz con ventiladores de techo"}]},{"@type":"WebSite","@id":"https:\/\/gavri-src.addisnetwork.es\/blog\/#website","url":"https:\/\/gavri-src.addisnetwork.es\/blog\/","name":"Blog de Gavri.es","description":"Blog de Gavri.es","publisher":{"@id":"https:\/\/gavri-src.addisnetwork.es\/blog\/#organization"},"potentialAction":[{"@type":"SearchAction","target":{"@type":"EntryPoint","urlTemplate":"https:\/\/gavri-src.addisnetwork.es\/blog\/?s={search_term_string}"},"query-input":{"@type":"PropertyValueSpecification","valueRequired":true,"valueName":"search_term_string"}}],"inLanguage":"es"},{"@type":"Organization","@id":"https:\/\/gavri-src.addisnetwork.es\/blog\/#organization","name":"Blog de Gavri.es","url":"https:\/\/gavri-src.addisnetwork.es\/blog\/","logo":{"@type":"ImageObject","inLanguage":"es","@id":"https:\/\/gavri-src.addisnetwork.es\/blog\/#\/schema\/logo\/image\/","url":"https:\/\/gavri-src.addisnetwork.es\/blog\/wp-content\/uploads\/2021\/01\/cropped-LOGO-gavries-blog-1.png","contentUrl":"https:\/\/gavri-src.addisnetwork.es\/blog\/wp-content\/uploads\/2021\/01\/cropped-LOGO-gavries-blog-1.png","width":520,"height":104,"caption":"Blog de Gavri.es"},"image":{"@id":"https:\/\/gavri-src.addisnetwork.es\/blog\/#\/schema\/logo\/image\/"}},{"@type":"Person","@id":"https:\/\/gavri-src.addisnetwork.es\/blog\/#\/schema\/person\/3df0699bd314187860df00e3b73fbf75","name":"Gavri","image":{"@type":"ImageObject","inLanguage":"es","@id":"https:\/\/secure.gravatar.com\/avatar\/6fc6afbbb919cee1ae64c74ed55bf75da72aade68e84f27c0a3a05bd98ccf2a0?s=96&d=mm&r=g","url":"https:\/\/secure.gravatar.com\/avatar\/6fc6afbbb919cee1ae64c74ed55bf75da72aade68e84f27c0a3a05bd98ccf2a0?s=96&d=mm&r=g","contentUrl":"https:\/\/secure.gravatar.com\/avatar\/6fc6afbbb919cee1ae64c74ed55bf75da72aade68e84f27c0a3a05bd98ccf2a0?s=96&d=mm&r=g","caption":"Gavri"},"sameAs":["https:\/\/gavri.es\/blog"]}]}},"_links":{"self":[{"href":"https:\/\/gavri-src.addisnetwork.es\/blog\/wp-json\/wp\/v2\/posts\/65","targetHints":{"allow":["GET"]}}],"collection":[{"href":"https:\/\/gavri-src.addisnetwork.es\/blog\/wp-json\/wp\/v2\/posts"}],"about":[{"href":"https:\/\/gavri-src.addisnetwork.es\/blog\/wp-json\/wp\/v2\/types\/post"}],"author":[{"embeddable":true,"href":"https:\/\/gavri-src.addisnetwork.es\/blog\/wp-json\/wp\/v2\/users\/1"}],"replies":[{"embeddable":true,"href":"https:\/\/gavri-src.addisnetwork.es\/blog\/wp-json\/wp\/v2\/comments?post=65"}],"version-history":[{"count":3,"href":"https:\/\/gavri-src.addisnetwork.es\/blog\/wp-json\/wp\/v2\/posts\/65\/revisions"}],"predecessor-version":[{"id":388,"href":"https:\/\/gavri-src.addisnetwork.es\/blog\/wp-json\/wp\/v2\/posts\/65\/revisions\/388"}],"wp:featuredmedia":[{"embeddable":true,"href":"https:\/\/gavri-src.addisnetwork.es\/blog\/wp-json\/wp\/v2\/media\/105"}],"wp:attachment":[{"href":"https:\/\/gavri-src.addisnetwork.es\/blog\/wp-json\/wp\/v2\/media?parent=65"}],"wp:term":[{"taxonomy":"category","embeddable":true,"href":"https:\/\/gavri-src.addisnetwork.es\/blog\/wp-json\/wp\/v2\/categories?post=65"},{"taxonomy":"post_tag","embeddable":true,"href":"https:\/\/gavri-src.addisnetwork.es\/blog\/wp-json\/wp\/v2\/tags?post=65"}],"curies":[{"name":"wp","href":"https:\/\/api.w.org\/{rel}","templated":true}]}}