{"id":66,"date":"2020-10-10T18:55:00","date_gmt":"2020-10-10T18:55:00","guid":{"rendered":"https:\/\/gavri.ivansol.com\/blog\/?p=66"},"modified":"2025-03-19T12:59:41","modified_gmt":"2025-03-19T12:59:41","slug":"elige-el-ventilador-de-techo-segun-el-tamano-de-tu-habitacion-b66","status":"publish","type":"post","link":"https:\/\/gavri-src.addisnetwork.es\/blog\/elige-el-ventilador-de-techo-segun-el-tamano-de-tu-habitacion-b66.html","title":{"rendered":"Elige el ventilador de techo seg\u00fan el tama\u00f1o de tu habitaci\u00f3n"},"content":{"rendered":"\n<p>Autor:&nbsp;<a href=\"https:\/\/ventiladordetechoinfo.com\/author\/david-pesquer\/\">David Pesquer<\/a><\/p>\n\n\n\n<p>Miembro del Equipo de&nbsp;<a href=\"http:\/\/gavri.es\/\">Gavri.es<\/a><\/p>\n\n\n\n<p><span style=\"font-size: 12pt;\">A veces cuando nos disponemos a comprar un ventilador no sabemos muy bien qu\u00e9 tama\u00f1o es el m\u00e1s indicado para nuestra casa. A priori los 132cm de di\u00e1metro de la mayor\u00eda de ventiladores nos pueden parecer excesivos.<\/span><\/p>\n\n\n\n<p><span style=\"font-size: 12pt;\">Aun as\u00ed, si nos imaginamos un disco con un di\u00e1metro de 132cm en el techo, entonces si es realmente grande. Pero lo cierto es que el motor del ventilador mide solo 30cm de di\u00e1metro. As\u00ed que si bien son 132cm de di\u00e1metro, la mayor parte del \u201cespacio de la circunferencia\u201d se encuentra vac\u00edo. Adem\u00e1s, dependiente del modelo, los ventiladores pueden tener de <strong>2 a 5 aspas<\/strong>, as\u00ed que estas pueden ser realmente estrechas.<\/span><\/p>\n\n\n\n<p><span style=\"font-size: 18pt;\"><strong><span style=\"color: #3498db;\">Pero\u2026 \u00bfQu\u00e9 tama\u00f1o elijo para mi hogar?<\/span><\/strong><\/span><\/p>\n\n\n\n<p><span style=\"font-size: 12pt;\">Para elegir el tama\u00f1o correcto de un ventilador, en lo que nos tenemos que fijar es en el <strong>tama\u00f1o de la habitaci\u00f3n<\/strong> en metros cuadrados en la que se pondr\u00e1. La tabla que se muestra a continuaci\u00f3n nos da una indicaci\u00f3n de qu\u00e9 ventilador de di\u00e1metro es recomendable para cada tama\u00f1o de <a href=\"https:\/\/ynstala.es\/ventiladores-de-techo-para-dormitorios\/\">habitaci\u00f3n<\/a>:<\/span><\/p>\n\n\n<div class=\"wp-block-image\">\n<figure class=\"aligncenter size-large is-resized\"><img loading=\"lazy\" decoding=\"async\" width=\"981\" height=\"782\" src=\"https:\/\/gavri.es\/blog\/wp-content\/uploads\/2021\/04\/Tamano-habitacion.png\" alt=\"\" class=\"wp-image-483\" style=\"width:553px;height:440px\" srcset=\"https:\/\/gavri-src.addisnetwork.es\/blog\/wp-content\/uploads\/2021\/04\/Tamano-habitacion.png 981w, https:\/\/gavri-src.addisnetwork.es\/blog\/wp-content\/uploads\/2021\/04\/Tamano-habitacion-300x239.png 300w, https:\/\/gavri-src.addisnetwork.es\/blog\/wp-content\/uploads\/2021\/04\/Tamano-habitacion-768x612.png 768w\" sizes=\"auto, (max-width: 981px) 100vw, 981px\" \/><\/figure>\n<\/div>\n\n\n<p><span style=\"font-size: 12pt;\">Aun as\u00ed, debemos tener en cuenta muchos m\u00e1s factores. Por ejemplo, los tama\u00f1os que se muestran en la tabla anterior son para habitaciones cuadradas con un <strong>techo entre 2.30m y 3.30 metro de altura.<\/strong><\/span><\/p>\n\n\n\n<h2 class=\"wp-block-heading\"><span style=\"color: #3498db; font-size: 18pt;\">\u00bfY si tengo techos altos?<\/span><\/h2>\n\n\n\n<p><span style=\"font-size: 12pt;\">Si el techo es algo m\u00e1s alto, recomendamos escoger el siguiente ventilador que se muestra en la tabla. Por otro lado, si el techo es muy alto, es recomendable usar una <strong>barra de extensi\u00f3n<\/strong> que baje el ventilador del techo, de esta forma se notar\u00e1 mejor el aire. Hasta una altura de techo de aproximadamente 4.0 m, es recomendable usar una varilla de extensi\u00f3n de 60 cm. Alternativamente, se puede usar una varilla de 120 cm.<\/span><\/p>\n\n\n\n<p><span style=\"font-size: 12pt;\">Si deseas adquirir una barra de extensi\u00f3n, en este enlace encontrar\u00e1s todas las barras de las que disponemos. Te recomendamos consultarnos antes la compatibilidad de la barra con tu ventilador de techo. Cabe recordar que se pueden acortar manualmente sin perder la garant\u00eda del motor.<\/span><\/p>\n\n\n\n<div class=\"wp-block-buttons is-content-justification-center is-layout-flex wp-container-core-buttons-is-layout-16018d1d wp-block-buttons-is-layout-flex\">\n<div class=\"wp-block-button\"><a class=\"wp-block-button__link has-text-align-center wp-element-button\" href=\"https:\/\/gavri.es\/busqueda?controller=search&amp;s=barra+extensi%C3%B3n\">VER BARRAS DE EXTENSI\u00d3N<\/a><\/div>\n<\/div>\n\n\n<div class=\"wp-block-image\">\n<figure class=\"aligncenter size-large is-resized\"><img loading=\"lazy\" decoding=\"async\" width=\"1009\" height=\"679\" src=\"https:\/\/gavri.es\/blog\/wp-content\/uploads\/2021\/04\/barras-de-extension-segun-el-techo.png\" alt=\"\" class=\"wp-image-484\" style=\"aspect-ratio:1.4891891891891893;width:551px;height:auto\" srcset=\"https:\/\/gavri-src.addisnetwork.es\/blog\/wp-content\/uploads\/2021\/04\/barras-de-extension-segun-el-techo.png 1009w, https:\/\/gavri-src.addisnetwork.es\/blog\/wp-content\/uploads\/2021\/04\/barras-de-extension-segun-el-techo-300x202.png 300w, https:\/\/gavri-src.addisnetwork.es\/blog\/wp-content\/uploads\/2021\/04\/barras-de-extension-segun-el-techo-768x517.png 768w\" sizes=\"auto, (max-width: 1009px) 100vw, 1009px\" \/><\/figure>\n<\/div>\n\n\n<h2 class=\"wp-block-heading\"><span style=\"color: #3498db; font-size: 18pt;\">\u00bfY si tengo el techo muy bajo?<\/span><\/h2>\n\n\n\n<p><span style=\"font-size: 12pt;\">Hoy en d\u00eda muchos pisos tienen techos bajos, ya sea por falsos techos o por la propia distribuci\u00f3n del piso. Para que puedan disfrutar de la comodidad de un ventilador de techo en tales habitaciones, disponemos de ventiladores \u00ab<em>ultraslim<\/em>\u00bb (tambi\u00e9n llamados <em>planos<\/em>). Son modelos con una distancia entre el techo y las aspas menor de lo normal. Por ello se ha modificado la suspensi\u00f3n de muchos de los ventiladores para que puedan ser montados sin una varilla. Por ejemplo el modelo <a href=\"https:\/\/gavri.es\/buscar?controller=search&amp;s=titanium\">TITANIUM<\/a> mide solo 190 mm desde el techo a las aspas, con una reducci\u00f3n m\u00ednima del flujo del aire.<\/span> Tambi\u00e9n tenemos nuestro top ventas disponible en muchos colores, con Wi-Fi, con y sin luz. El modelo <a href=\"https:\/\/gavri.es\/busqueda?controller=search&amp;s=eco+plano\">ECO PLANO<\/a><\/p>\n\n\n\n<div class=\"wp-block-buttons is-content-justification-center is-layout-flex wp-container-core-buttons-is-layout-16018d1d wp-block-buttons-is-layout-flex\">\n<div class=\"wp-block-button\"><a class=\"wp-block-button__link has-text-align-center wp-element-button\" href=\"https:\/\/gavri.es\/ventiladores-para-techos-bajos\">VER MODELOS PARA TECHOS BAJOS<\/a><\/div>\n<\/div>\n\n\n\n<p><span style=\"font-size: 12pt;\">As\u00ed pues, ahora ya sabes qu\u00e9 ventilador poner seg\u00fan el tama\u00f1o de la habitaci\u00f3n. Tambi\u00e9n te recomendamos leer este post, en el que te contamos por encima&nbsp;<a href=\"https:\/\/gavri.es\/blog\/ventiladores-de-techo-sabes-todo-lo-que-necesitas-gavries-b43.html\" target=\"_blank\" rel=\"noopener\">todo lo que deber\u00edas aprender<\/a> antes de hacerte con un ventilador para el techo. Y si tienes cualquier otras consulta, no dudes en ponerte en contacto con nuestro equipo t\u00e9cnico.<\/span><\/p>\n","protected":false},"excerpt":{"rendered":"<p>Autor:&nbsp;David Pesquer Miembro del Equipo de&nbsp;Gavri.es A veces cuando nos disponemos a comprar un ventilador no sabemos muy bien qu\u00e9 tama\u00f1o es el m\u00e1s indicado para nuestra casa. A priori los 132cm de di\u00e1metro de la &#8230; <a title=\"Elige el ventilador de techo seg\u00fan el tama\u00f1o de tu habitaci\u00f3n\" class=\"read-more\" href=\"https:\/\/gavri-src.addisnetwork.es\/blog\/elige-el-ventilador-de-techo-segun-el-tamano-de-tu-habitacion-b66.html\" aria-label=\"M\u00e1s en Elige el ventilador de techo seg\u00fan el tama\u00f1o de tu habitaci\u00f3n\">Leer m\u00e1s<\/a><\/p>\n","protected":false},"author":1,"featured_media":103,"comment_status":"open","ping_status":"closed","sticky":false,"template":"","format":"standard","meta":{"footnotes":""},"categories":[1],"tags":[],"class_list":["post-66","post","type-post","status-publish","format-standard","has-post-thumbnail","hentry","category-sin-categoria","generate-columns","tablet-grid-50","mobile-grid-100","grid-parent","grid-50","no-featured-image-padding"],"yoast_head":"<!-- This site is optimized with the Yoast SEO plugin v27.5 - https:\/\/yoast.com\/product\/yoast-seo-wordpress\/ -->\n<title>Elige el ventilador de techo seg\u00fan el tama\u00f1o de tu habitaci\u00f3n - Blog de Gavri.es<\/title>\n<meta name=\"description\" content=\"No vas a necesitar el mismo tama\u00f1o de ventilador si tienes una estancia grande o peque\u00f1a. Te ense\u00f1amos cu\u00e1l te puede ir mejor.\" \/>\n<meta name=\"robots\" content=\"index, follow, max-snippet:-1, max-image-preview:large, max-video-preview:-1\" \/>\n<link rel=\"canonical\" href=\"https:\/\/gavri-src.addisnetwork.es\/blog\/elige-el-ventilador-de-techo-segun-el-tamano-de-tu-habitacion-b66.html\" \/>\n<meta property=\"og:locale\" content=\"es_ES\" \/>\n<meta property=\"og:type\" content=\"article\" \/>\n<meta property=\"og:title\" content=\"Elige el ventilador de techo seg\u00fan el tama\u00f1o de tu habitaci\u00f3n - Blog de Gavri.es\" \/>\n<meta property=\"og:description\" content=\"No vas a necesitar el mismo tama\u00f1o de ventilador si tienes una estancia grande o peque\u00f1a. Te ense\u00f1amos cu\u00e1l te puede ir mejor.\" \/>\n<meta property=\"og:url\" content=\"https:\/\/gavri-src.addisnetwork.es\/blog\/elige-el-ventilador-de-techo-segun-el-tamano-de-tu-habitacion-b66.html\" \/>\n<meta property=\"og:site_name\" content=\"Blog de Gavri.es\" \/>\n<meta property=\"article:published_time\" content=\"2020-10-10T18:55:00+00:00\" \/>\n<meta property=\"article:modified_time\" content=\"2025-03-19T12:59:41+00:00\" \/>\n<meta property=\"og:image\" content=\"https:\/\/gavri-src.addisnetwork.es\/blog\/wp-content\/uploads\/2020\/12\/lg-b-ventilador-segun-tamano-habitacion.jpg\" \/>\n\t<meta property=\"og:image:width\" content=\"1900\" \/>\n\t<meta property=\"og:image:height\" content=\"781\" \/>\n\t<meta property=\"og:image:type\" content=\"image\/jpeg\" \/>\n<meta name=\"author\" content=\"Gavri\" \/>\n<meta name=\"twitter:card\" content=\"summary_large_image\" \/>\n<meta name=\"twitter:label1\" content=\"Escrito por\" \/>\n\t<meta name=\"twitter:data1\" content=\"Gavri\" \/>\n\t<meta name=\"twitter:label2\" content=\"Tiempo de lectura\" \/>\n\t<meta name=\"twitter:data2\" content=\"4 minutos\" \/>\n<script type=\"application\/ld+json\" class=\"yoast-schema-graph\">{\"@context\":\"https:\\\/\\\/schema.org\",\"@graph\":[{\"@type\":\"Article\",\"@id\":\"https:\\\/\\\/gavri-src.addisnetwork.es\\\/blog\\\/elige-el-ventilador-de-techo-segun-el-tamano-de-tu-habitacion-b66.html#article\",\"isPartOf\":{\"@id\":\"https:\\\/\\\/gavri-src.addisnetwork.es\\\/blog\\\/elige-el-ventilador-de-techo-segun-el-tamano-de-tu-habitacion-b66.html\"},\"author\":{\"name\":\"Gavri\",\"@id\":\"https:\\\/\\\/gavri-src.addisnetwork.es\\\/blog\\\/#\\\/schema\\\/person\\\/3df0699bd314187860df00e3b73fbf75\"},\"headline\":\"Elige el ventilador de techo seg\u00fan el tama\u00f1o de tu habitaci\u00f3n\",\"datePublished\":\"2020-10-10T18:55:00+00:00\",\"dateModified\":\"2025-03-19T12:59:41+00:00\",\"mainEntityOfPage\":{\"@id\":\"https:\\\/\\\/gavri-src.addisnetwork.es\\\/blog\\\/elige-el-ventilador-de-techo-segun-el-tamano-de-tu-habitacion-b66.html\"},\"wordCount\":581,\"commentCount\":15,\"publisher\":{\"@id\":\"https:\\\/\\\/gavri-src.addisnetwork.es\\\/blog\\\/#organization\"},\"image\":{\"@id\":\"https:\\\/\\\/gavri-src.addisnetwork.es\\\/blog\\\/elige-el-ventilador-de-techo-segun-el-tamano-de-tu-habitacion-b66.html#primaryimage\"},\"thumbnailUrl\":\"https:\\\/\\\/gavri-src.addisnetwork.es\\\/blog\\\/wp-content\\\/uploads\\\/2020\\\/12\\\/lg-b-ventilador-segun-tamano-habitacion.jpg\",\"inLanguage\":\"es\",\"potentialAction\":[{\"@type\":\"CommentAction\",\"name\":\"Comment\",\"target\":[\"https:\\\/\\\/gavri-src.addisnetwork.es\\\/blog\\\/elige-el-ventilador-de-techo-segun-el-tamano-de-tu-habitacion-b66.html#respond\"]}]},{\"@type\":\"WebPage\",\"@id\":\"https:\\\/\\\/gavri-src.addisnetwork.es\\\/blog\\\/elige-el-ventilador-de-techo-segun-el-tamano-de-tu-habitacion-b66.html\",\"url\":\"https:\\\/\\\/gavri-src.addisnetwork.es\\\/blog\\\/elige-el-ventilador-de-techo-segun-el-tamano-de-tu-habitacion-b66.html\",\"name\":\"Elige el ventilador de techo seg\u00fan el tama\u00f1o de tu habitaci\u00f3n - Blog de Gavri.es\",\"isPartOf\":{\"@id\":\"https:\\\/\\\/gavri-src.addisnetwork.es\\\/blog\\\/#website\"},\"primaryImageOfPage\":{\"@id\":\"https:\\\/\\\/gavri-src.addisnetwork.es\\\/blog\\\/elige-el-ventilador-de-techo-segun-el-tamano-de-tu-habitacion-b66.html#primaryimage\"},\"image\":{\"@id\":\"https:\\\/\\\/gavri-src.addisnetwork.es\\\/blog\\\/elige-el-ventilador-de-techo-segun-el-tamano-de-tu-habitacion-b66.html#primaryimage\"},\"thumbnailUrl\":\"https:\\\/\\\/gavri-src.addisnetwork.es\\\/blog\\\/wp-content\\\/uploads\\\/2020\\\/12\\\/lg-b-ventilador-segun-tamano-habitacion.jpg\",\"datePublished\":\"2020-10-10T18:55:00+00:00\",\"dateModified\":\"2025-03-19T12:59:41+00:00\",\"description\":\"No vas a necesitar el mismo tama\u00f1o de ventilador si tienes una estancia grande o peque\u00f1a. Te ense\u00f1amos cu\u00e1l te puede ir mejor.\",\"breadcrumb\":{\"@id\":\"https:\\\/\\\/gavri-src.addisnetwork.es\\\/blog\\\/elige-el-ventilador-de-techo-segun-el-tamano-de-tu-habitacion-b66.html#breadcrumb\"},\"inLanguage\":\"es\",\"potentialAction\":[{\"@type\":\"ReadAction\",\"target\":[\"https:\\\/\\\/gavri-src.addisnetwork.es\\\/blog\\\/elige-el-ventilador-de-techo-segun-el-tamano-de-tu-habitacion-b66.html\"]}]},{\"@type\":\"ImageObject\",\"inLanguage\":\"es\",\"@id\":\"https:\\\/\\\/gavri-src.addisnetwork.es\\\/blog\\\/elige-el-ventilador-de-techo-segun-el-tamano-de-tu-habitacion-b66.html#primaryimage\",\"url\":\"https:\\\/\\\/gavri-src.addisnetwork.es\\\/blog\\\/wp-content\\\/uploads\\\/2020\\\/12\\\/lg-b-ventilador-segun-tamano-habitacion.jpg\",\"contentUrl\":\"https:\\\/\\\/gavri-src.addisnetwork.es\\\/blog\\\/wp-content\\\/uploads\\\/2020\\\/12\\\/lg-b-ventilador-segun-tamano-habitacion.jpg\",\"width\":1900,\"height\":781},{\"@type\":\"BreadcrumbList\",\"@id\":\"https:\\\/\\\/gavri-src.addisnetwork.es\\\/blog\\\/elige-el-ventilador-de-techo-segun-el-tamano-de-tu-habitacion-b66.html#breadcrumb\",\"itemListElement\":[{\"@type\":\"ListItem\",\"position\":1,\"name\":\"Portada\",\"item\":\"https:\\\/\\\/gavri-src.addisnetwork.es\\\/blog\"},{\"@type\":\"ListItem\",\"position\":2,\"name\":\"Elige el ventilador de techo seg\u00fan el tama\u00f1o de tu habitaci\u00f3n\"}]},{\"@type\":\"WebSite\",\"@id\":\"https:\\\/\\\/gavri-src.addisnetwork.es\\\/blog\\\/#website\",\"url\":\"https:\\\/\\\/gavri-src.addisnetwork.es\\\/blog\\\/\",\"name\":\"Blog de Gavri.es\",\"description\":\"Blog de Gavri.es\",\"publisher\":{\"@id\":\"https:\\\/\\\/gavri-src.addisnetwork.es\\\/blog\\\/#organization\"},\"potentialAction\":[{\"@type\":\"SearchAction\",\"target\":{\"@type\":\"EntryPoint\",\"urlTemplate\":\"https:\\\/\\\/gavri-src.addisnetwork.es\\\/blog\\\/?s={search_term_string}\"},\"query-input\":{\"@type\":\"PropertyValueSpecification\",\"valueRequired\":true,\"valueName\":\"search_term_string\"}}],\"inLanguage\":\"es\"},{\"@type\":\"Organization\",\"@id\":\"https:\\\/\\\/gavri-src.addisnetwork.es\\\/blog\\\/#organization\",\"name\":\"Blog de Gavri.es\",\"url\":\"https:\\\/\\\/gavri-src.addisnetwork.es\\\/blog\\\/\",\"logo\":{\"@type\":\"ImageObject\",\"inLanguage\":\"es\",\"@id\":\"https:\\\/\\\/gavri-src.addisnetwork.es\\\/blog\\\/#\\\/schema\\\/logo\\\/image\\\/\",\"url\":\"https:\\\/\\\/gavri-src.addisnetwork.es\\\/blog\\\/wp-content\\\/uploads\\\/2021\\\/01\\\/cropped-LOGO-gavries-blog-1.png\",\"contentUrl\":\"https:\\\/\\\/gavri-src.addisnetwork.es\\\/blog\\\/wp-content\\\/uploads\\\/2021\\\/01\\\/cropped-LOGO-gavries-blog-1.png\",\"width\":520,\"height\":104,\"caption\":\"Blog de Gavri.es\"},\"image\":{\"@id\":\"https:\\\/\\\/gavri-src.addisnetwork.es\\\/blog\\\/#\\\/schema\\\/logo\\\/image\\\/\"}},{\"@type\":\"Person\",\"@id\":\"https:\\\/\\\/gavri-src.addisnetwork.es\\\/blog\\\/#\\\/schema\\\/person\\\/3df0699bd314187860df00e3b73fbf75\",\"name\":\"Gavri\",\"image\":{\"@type\":\"ImageObject\",\"inLanguage\":\"es\",\"@id\":\"https:\\\/\\\/secure.gravatar.com\\\/avatar\\\/6fc6afbbb919cee1ae64c74ed55bf75da72aade68e84f27c0a3a05bd98ccf2a0?s=96&d=mm&r=g\",\"url\":\"https:\\\/\\\/secure.gravatar.com\\\/avatar\\\/6fc6afbbb919cee1ae64c74ed55bf75da72aade68e84f27c0a3a05bd98ccf2a0?s=96&d=mm&r=g\",\"contentUrl\":\"https:\\\/\\\/secure.gravatar.com\\\/avatar\\\/6fc6afbbb919cee1ae64c74ed55bf75da72aade68e84f27c0a3a05bd98ccf2a0?s=96&d=mm&r=g\",\"caption\":\"Gavri\"},\"sameAs\":[\"https:\\\/\\\/gavri.es\\\/blog\"]}]}<\/script>\n<!-- \/ Yoast SEO plugin. -->","yoast_head_json":{"title":"Elige el ventilador de techo seg\u00fan el tama\u00f1o de tu habitaci\u00f3n - Blog de Gavri.es","description":"No vas a necesitar el mismo tama\u00f1o de ventilador si tienes una estancia grande o peque\u00f1a. Te ense\u00f1amos cu\u00e1l te puede ir mejor.","robots":{"index":"index","follow":"follow","max-snippet":"max-snippet:-1","max-image-preview":"max-image-preview:large","max-video-preview":"max-video-preview:-1"},"canonical":"https:\/\/gavri-src.addisnetwork.es\/blog\/elige-el-ventilador-de-techo-segun-el-tamano-de-tu-habitacion-b66.html","og_locale":"es_ES","og_type":"article","og_title":"Elige el ventilador de techo seg\u00fan el tama\u00f1o de tu habitaci\u00f3n - Blog de Gavri.es","og_description":"No vas a necesitar el mismo tama\u00f1o de ventilador si tienes una estancia grande o peque\u00f1a. Te ense\u00f1amos cu\u00e1l te puede ir mejor.","og_url":"https:\/\/gavri-src.addisnetwork.es\/blog\/elige-el-ventilador-de-techo-segun-el-tamano-de-tu-habitacion-b66.html","og_site_name":"Blog de Gavri.es","article_published_time":"2020-10-10T18:55:00+00:00","article_modified_time":"2025-03-19T12:59:41+00:00","og_image":[{"width":1900,"height":781,"url":"https:\/\/gavri-src.addisnetwork.es\/blog\/wp-content\/uploads\/2020\/12\/lg-b-ventilador-segun-tamano-habitacion.jpg","type":"image\/jpeg"}],"author":"Gavri","twitter_card":"summary_large_image","twitter_misc":{"Escrito por":"Gavri","Tiempo de lectura":"4 minutos"},"schema":{"@context":"https:\/\/schema.org","@graph":[{"@type":"Article","@id":"https:\/\/gavri-src.addisnetwork.es\/blog\/elige-el-ventilador-de-techo-segun-el-tamano-de-tu-habitacion-b66.html#article","isPartOf":{"@id":"https:\/\/gavri-src.addisnetwork.es\/blog\/elige-el-ventilador-de-techo-segun-el-tamano-de-tu-habitacion-b66.html"},"author":{"name":"Gavri","@id":"https:\/\/gavri-src.addisnetwork.es\/blog\/#\/schema\/person\/3df0699bd314187860df00e3b73fbf75"},"headline":"Elige el ventilador de techo seg\u00fan el tama\u00f1o de tu habitaci\u00f3n","datePublished":"2020-10-10T18:55:00+00:00","dateModified":"2025-03-19T12:59:41+00:00","mainEntityOfPage":{"@id":"https:\/\/gavri-src.addisnetwork.es\/blog\/elige-el-ventilador-de-techo-segun-el-tamano-de-tu-habitacion-b66.html"},"wordCount":581,"commentCount":15,"publisher":{"@id":"https:\/\/gavri-src.addisnetwork.es\/blog\/#organization"},"image":{"@id":"https:\/\/gavri-src.addisnetwork.es\/blog\/elige-el-ventilador-de-techo-segun-el-tamano-de-tu-habitacion-b66.html#primaryimage"},"thumbnailUrl":"https:\/\/gavri-src.addisnetwork.es\/blog\/wp-content\/uploads\/2020\/12\/lg-b-ventilador-segun-tamano-habitacion.jpg","inLanguage":"es","potentialAction":[{"@type":"CommentAction","name":"Comment","target":["https:\/\/gavri-src.addisnetwork.es\/blog\/elige-el-ventilador-de-techo-segun-el-tamano-de-tu-habitacion-b66.html#respond"]}]},{"@type":"WebPage","@id":"https:\/\/gavri-src.addisnetwork.es\/blog\/elige-el-ventilador-de-techo-segun-el-tamano-de-tu-habitacion-b66.html","url":"https:\/\/gavri-src.addisnetwork.es\/blog\/elige-el-ventilador-de-techo-segun-el-tamano-de-tu-habitacion-b66.html","name":"Elige el ventilador de techo seg\u00fan el tama\u00f1o de tu habitaci\u00f3n - Blog de Gavri.es","isPartOf":{"@id":"https:\/\/gavri-src.addisnetwork.es\/blog\/#website"},"primaryImageOfPage":{"@id":"https:\/\/gavri-src.addisnetwork.es\/blog\/elige-el-ventilador-de-techo-segun-el-tamano-de-tu-habitacion-b66.html#primaryimage"},"image":{"@id":"https:\/\/gavri-src.addisnetwork.es\/blog\/elige-el-ventilador-de-techo-segun-el-tamano-de-tu-habitacion-b66.html#primaryimage"},"thumbnailUrl":"https:\/\/gavri-src.addisnetwork.es\/blog\/wp-content\/uploads\/2020\/12\/lg-b-ventilador-segun-tamano-habitacion.jpg","datePublished":"2020-10-10T18:55:00+00:00","dateModified":"2025-03-19T12:59:41+00:00","description":"No vas a necesitar el mismo tama\u00f1o de ventilador si tienes una estancia grande o peque\u00f1a. Te ense\u00f1amos cu\u00e1l te puede ir mejor.","breadcrumb":{"@id":"https:\/\/gavri-src.addisnetwork.es\/blog\/elige-el-ventilador-de-techo-segun-el-tamano-de-tu-habitacion-b66.html#breadcrumb"},"inLanguage":"es","potentialAction":[{"@type":"ReadAction","target":["https:\/\/gavri-src.addisnetwork.es\/blog\/elige-el-ventilador-de-techo-segun-el-tamano-de-tu-habitacion-b66.html"]}]},{"@type":"ImageObject","inLanguage":"es","@id":"https:\/\/gavri-src.addisnetwork.es\/blog\/elige-el-ventilador-de-techo-segun-el-tamano-de-tu-habitacion-b66.html#primaryimage","url":"https:\/\/gavri-src.addisnetwork.es\/blog\/wp-content\/uploads\/2020\/12\/lg-b-ventilador-segun-tamano-habitacion.jpg","contentUrl":"https:\/\/gavri-src.addisnetwork.es\/blog\/wp-content\/uploads\/2020\/12\/lg-b-ventilador-segun-tamano-habitacion.jpg","width":1900,"height":781},{"@type":"BreadcrumbList","@id":"https:\/\/gavri-src.addisnetwork.es\/blog\/elige-el-ventilador-de-techo-segun-el-tamano-de-tu-habitacion-b66.html#breadcrumb","itemListElement":[{"@type":"ListItem","position":1,"name":"Portada","item":"https:\/\/gavri-src.addisnetwork.es\/blog"},{"@type":"ListItem","position":2,"name":"Elige el ventilador de techo seg\u00fan el tama\u00f1o de tu habitaci\u00f3n"}]},{"@type":"WebSite","@id":"https:\/\/gavri-src.addisnetwork.es\/blog\/#website","url":"https:\/\/gavri-src.addisnetwork.es\/blog\/","name":"Blog de Gavri.es","description":"Blog de Gavri.es","publisher":{"@id":"https:\/\/gavri-src.addisnetwork.es\/blog\/#organization"},"potentialAction":[{"@type":"SearchAction","target":{"@type":"EntryPoint","urlTemplate":"https:\/\/gavri-src.addisnetwork.es\/blog\/?s={search_term_string}"},"query-input":{"@type":"PropertyValueSpecification","valueRequired":true,"valueName":"search_term_string"}}],"inLanguage":"es"},{"@type":"Organization","@id":"https:\/\/gavri-src.addisnetwork.es\/blog\/#organization","name":"Blog de Gavri.es","url":"https:\/\/gavri-src.addisnetwork.es\/blog\/","logo":{"@type":"ImageObject","inLanguage":"es","@id":"https:\/\/gavri-src.addisnetwork.es\/blog\/#\/schema\/logo\/image\/","url":"https:\/\/gavri-src.addisnetwork.es\/blog\/wp-content\/uploads\/2021\/01\/cropped-LOGO-gavries-blog-1.png","contentUrl":"https:\/\/gavri-src.addisnetwork.es\/blog\/wp-content\/uploads\/2021\/01\/cropped-LOGO-gavries-blog-1.png","width":520,"height":104,"caption":"Blog de Gavri.es"},"image":{"@id":"https:\/\/gavri-src.addisnetwork.es\/blog\/#\/schema\/logo\/image\/"}},{"@type":"Person","@id":"https:\/\/gavri-src.addisnetwork.es\/blog\/#\/schema\/person\/3df0699bd314187860df00e3b73fbf75","name":"Gavri","image":{"@type":"ImageObject","inLanguage":"es","@id":"https:\/\/secure.gravatar.com\/avatar\/6fc6afbbb919cee1ae64c74ed55bf75da72aade68e84f27c0a3a05bd98ccf2a0?s=96&d=mm&r=g","url":"https:\/\/secure.gravatar.com\/avatar\/6fc6afbbb919cee1ae64c74ed55bf75da72aade68e84f27c0a3a05bd98ccf2a0?s=96&d=mm&r=g","contentUrl":"https:\/\/secure.gravatar.com\/avatar\/6fc6afbbb919cee1ae64c74ed55bf75da72aade68e84f27c0a3a05bd98ccf2a0?s=96&d=mm&r=g","caption":"Gavri"},"sameAs":["https:\/\/gavri.es\/blog"]}]}},"_links":{"self":[{"href":"https:\/\/gavri-src.addisnetwork.es\/blog\/wp-json\/wp\/v2\/posts\/66","targetHints":{"allow":["GET"]}}],"collection":[{"href":"https:\/\/gavri-src.addisnetwork.es\/blog\/wp-json\/wp\/v2\/posts"}],"about":[{"href":"https:\/\/gavri-src.addisnetwork.es\/blog\/wp-json\/wp\/v2\/types\/post"}],"author":[{"embeddable":true,"href":"https:\/\/gavri-src.addisnetwork.es\/blog\/wp-json\/wp\/v2\/users\/1"}],"replies":[{"embeddable":true,"href":"https:\/\/gavri-src.addisnetwork.es\/blog\/wp-json\/wp\/v2\/comments?post=66"}],"version-history":[{"count":4,"href":"https:\/\/gavri-src.addisnetwork.es\/blog\/wp-json\/wp\/v2\/posts\/66\/revisions"}],"predecessor-version":[{"id":1219,"href":"https:\/\/gavri-src.addisnetwork.es\/blog\/wp-json\/wp\/v2\/posts\/66\/revisions\/1219"}],"wp:featuredmedia":[{"embeddable":true,"href":"https:\/\/gavri-src.addisnetwork.es\/blog\/wp-json\/wp\/v2\/media\/103"}],"wp:attachment":[{"href":"https:\/\/gavri-src.addisnetwork.es\/blog\/wp-json\/wp\/v2\/media?parent=66"}],"wp:term":[{"taxonomy":"category","embeddable":true,"href":"https:\/\/gavri-src.addisnetwork.es\/blog\/wp-json\/wp\/v2\/categories?post=66"},{"taxonomy":"post_tag","embeddable":true,"href":"https:\/\/gavri-src.addisnetwork.es\/blog\/wp-json\/wp\/v2\/tags?post=66"}],"curies":[{"name":"wp","href":"https:\/\/api.w.org\/{rel}","templated":true}]}}