{"id":67,"date":"2020-11-25T18:55:00","date_gmt":"2020-11-25T18:55:00","guid":{"rendered":"https:\/\/gavri.ivansol.com\/blog\/?p=67"},"modified":"2025-04-03T14:03:27","modified_gmt":"2025-04-03T14:03:27","slug":"como-instalar-un-ventilador-en-un-techo-inclinado-b67","status":"publish","type":"post","link":"https:\/\/gavri-src.addisnetwork.es\/blog\/como-instalar-un-ventilador-en-un-techo-inclinado-b67.html","title":{"rendered":"C\u00f3mo instalar un ventilador en un techo inclinado"},"content":{"rendered":"\n<p><span style=\"font-size: 14pt;\"><br>Los ventiladores est\u00e1n pensados para ser instalados en techos planos, s\u00f3lidos y libres de vibraciones. Aun as\u00ed, gracias al fabricante alem\u00e1n <a href=\"https:\/\/gavri.es\/fabricantes\/casafan\" target=\"_blank\" rel=\"noopener\"><span style=\"text-decoration: underline;\">CasaFan<\/span><\/a>, existen una serie de modelos que si permiten est\u00e1 opci\u00f3n. Ahora tenemos modelos que pueden funcionar perfectamente en techos inclinados sin perder alguna de sus funciones, o sin perjudicar la garant\u00eda.<\/span><\/p>\n\n\n\n<p><span style=\"font-size: 14pt; color: #3498db;\"><strong>\u00bfQu\u00e9 debo tener en cuenta?<\/strong><\/span><\/p>\n\n\n\n<p><span style=\"font-size: 14pt;\">Antes que nada, aseg\u00farate que se trata de un modelo compatible. En la p\u00e1gina de cada producto encontrar\u00e1s el icono en el cu\u00e1l se especifica si el modelo en cuesti\u00f3n es, o no es, susceptible de poder instalarse en techos inclinados o con pendientes. Tambi\u00e9n te especifica el \u00e1ngulo m\u00e1ximo de instalaci\u00f3n.<br><img loading=\"lazy\" decoding=\"async\" class=\"alignnone size-medium wp-image-258\" src=\"https:\/\/gavri.es\/blog\/wp-content\/uploads\/2020\/12\/instalacion-techo-inclinado-si-no-300x225.png\" alt=\"\" width=\"300\" height=\"225\" srcset=\"https:\/\/gavri-src.addisnetwork.es\/blog\/wp-content\/uploads\/2020\/12\/instalacion-techo-inclinado-si-no-300x225.png 300w, https:\/\/gavri-src.addisnetwork.es\/blog\/wp-content\/uploads\/2020\/12\/instalacion-techo-inclinado-si-no.png 400w\" sizes=\"auto, (max-width: 300px) 100vw, 300px\" \/><br><\/span><\/p>\n\n\n\n<p><span style=\"font-size: 14pt; color: #3498db;\"><strong>Antes de instalar\u2026 un par de precauciones<\/strong><\/span><\/p>\n\n\n\n<p><span style=\"font-size: 14pt;\">Debes asegurarte que los tornillos y los tacos sean los apropiados. No uses tornillos u cualquier otro material que no sea el que viene incluido de serie en el ventilador. Aseg\u00farate tambi\u00e9n de que cualquier objeto (l\u00e1mparas, cables, etc.) no pueda ser golpeado por las aspas el lugar en el que se instalar\u00e1.<\/span><\/p>\n\n\n\n<p><span style=\"font-size: 14pt;\">Cabe tener en cuenta que cualquier resonancia o temblor en el techo puede dar lugar a ruido en el ventilador. Y si te dispones a montar el ventilador en&nbsp;<span style=\"text-decoration: underline;\"><a href=\"https:\/\/gavri.es\/blog\/soportes-para-montar-tu-ventilador-en-un-falso-techo-b47.html\" target=\"_blank\" rel=\"noopener\">falsos techos<\/a><\/span> (ya sea de madera o cart\u00f3n yeso), aseg\u00farese de que el ventilador est\u00e9 bien fijo en una viga, viga o similar. Puedes usar tambi\u00e9n <a href=\"https:\/\/gavri.es\/buscar?controller=search&amp;s=SST\" target=\"_blank\" rel=\"noopener\"><span style=\"text-decoration: underline;\">soportes para falsos techos.<\/span><\/a><br><\/span><\/p>\n\n\n\n<p><span style=\"font-size: 14pt;\">Si no est\u00e1 seguro de c\u00f3mo instalar el <a href=\"https:\/\/gavri.es\/ventiladores-de-techo\">ventilador<\/a>, o de si tu techo puede soportar el peso de un ventilador, o consulte un profesional.<\/span><\/p>\n\n\n\n<p><img loading=\"lazy\" decoding=\"async\" class=\"alignnone wp-image-259 size-full\" src=\"https:\/\/gavri.es\/blog\/wp-content\/uploads\/2020\/12\/instalacion-techo-inclinado-esquema.png\" alt=\"\" width=\"912\" height=\"677\" srcset=\"https:\/\/gavri-src.addisnetwork.es\/blog\/wp-content\/uploads\/2020\/12\/instalacion-techo-inclinado-esquema.png 912w, https:\/\/gavri-src.addisnetwork.es\/blog\/wp-content\/uploads\/2020\/12\/instalacion-techo-inclinado-esquema-300x223.png 300w, https:\/\/gavri-src.addisnetwork.es\/blog\/wp-content\/uploads\/2020\/12\/instalacion-techo-inclinado-esquema-768x570.png 768w\" sizes=\"auto, (max-width: 912px) 100vw, 912px\" \/><br><span style=\"font-size: 14pt; color: #3498db;\"><strong>Motores aptos para techo inclinados<\/strong><\/span><\/p>\n\n\n\n<p><span style=\"font-size: 14pt;\">Gracias a los motores adaptables de CasaFan, el motor se adapta a la inclinaci\u00f3n del techo, tal y como se muestra en la imagen. Aseg\u00farate de que la inclinaci\u00f3n del techo no sea superior a la inclinaci\u00f3n m\u00e1xima soportada por el motor en cuesti\u00f3n.<\/span><\/p>\n\n\n\n<p><span style=\"font-size: 14pt;\">Dependiendo de techo y su inclinaci\u00f3n, se puede requerir una varilla de extensi\u00f3n m\u00e1s o menos larga (ver tabla a continuaci\u00f3n). Si la inclinaci\u00f3n es superior a los 20\u00ba, se recomienda usar una cu\u00f1a (como en el caso B). Hay que destacar que las varillas CasaFan se pueden recortar hasta cierta distancia.<\/span><\/p>\n\n\n\n<figure class=\"wp-block-image\"><img loading=\"lazy\" decoding=\"async\" width=\"923\" height=\"575\" src=\"https:\/\/gavri.es\/blog\/wp-content\/uploads\/2020\/12\/instalacion-techo-inclinado-esquema-barra-exension.png\" alt=\"\" class=\"wp-image-261\" srcset=\"https:\/\/gavri-src.addisnetwork.es\/blog\/wp-content\/uploads\/2020\/12\/instalacion-techo-inclinado-esquema-barra-exension.png 923w, https:\/\/gavri-src.addisnetwork.es\/blog\/wp-content\/uploads\/2020\/12\/instalacion-techo-inclinado-esquema-barra-exension-300x187.png 300w, https:\/\/gavri-src.addisnetwork.es\/blog\/wp-content\/uploads\/2020\/12\/instalacion-techo-inclinado-esquema-barra-exension-768x478.png 768w\" sizes=\"auto, (max-width: 923px) 100vw, 923px\" \/><\/figure>\n","protected":false},"excerpt":{"rendered":"<p>Los ventiladores est\u00e1n pensados para ser instalados en techos planos, s\u00f3lidos y libres de vibraciones. Aun as\u00ed, gracias al fabricante alem\u00e1n CasaFan, existen una serie de modelos que si permiten est\u00e1 opci\u00f3n. Ahora tenemos modelos que &#8230; <a title=\"C\u00f3mo instalar un ventilador en un techo inclinado\" class=\"read-more\" href=\"https:\/\/gavri-src.addisnetwork.es\/blog\/como-instalar-un-ventilador-en-un-techo-inclinado-b67.html\" aria-label=\"M\u00e1s en C\u00f3mo instalar un ventilador en un techo inclinado\">Leer m\u00e1s<\/a><\/p>\n","protected":false},"author":1,"featured_media":166,"comment_status":"open","ping_status":"closed","sticky":false,"template":"","format":"standard","meta":{"footnotes":""},"categories":[1],"tags":[],"class_list":["post-67","post","type-post","status-publish","format-standard","has-post-thumbnail","hentry","category-sin-categoria","generate-columns","tablet-grid-50","mobile-grid-100","grid-parent","grid-50","no-featured-image-padding"],"yoast_head":"<!-- This site is optimized with the Yoast SEO plugin v27.5 - https:\/\/yoast.com\/product\/yoast-seo-wordpress\/ -->\n<title>C\u00f3mo instalar un ventilador en un techo inclinado - Blog de Gavri.es<\/title>\n<meta name=\"description\" content=\"Aunque tengas el techo inclinado puedes instalar ventiladores en \u00e9l. Existen varios modelos que admiten hasta 16\u00ba de inclinaci\u00f3n de serie.\" \/>\n<meta name=\"robots\" content=\"index, follow, max-snippet:-1, max-image-preview:large, max-video-preview:-1\" \/>\n<link rel=\"canonical\" href=\"https:\/\/gavri-src.addisnetwork.es\/blog\/como-instalar-un-ventilador-en-un-techo-inclinado-b67.html\" \/>\n<meta property=\"og:locale\" content=\"es_ES\" \/>\n<meta property=\"og:type\" content=\"article\" \/>\n<meta property=\"og:title\" content=\"C\u00f3mo instalar un ventilador en un techo inclinado - Blog de Gavri.es\" \/>\n<meta property=\"og:description\" content=\"Aunque tengas el techo inclinado puedes instalar ventiladores en \u00e9l. Existen varios modelos que admiten hasta 16\u00ba de inclinaci\u00f3n de serie.\" \/>\n<meta property=\"og:url\" content=\"https:\/\/gavri-src.addisnetwork.es\/blog\/como-instalar-un-ventilador-en-un-techo-inclinado-b67.html\" \/>\n<meta property=\"og:site_name\" content=\"Blog de Gavri.es\" \/>\n<meta property=\"article:published_time\" content=\"2020-11-25T18:55:00+00:00\" \/>\n<meta property=\"article:modified_time\" content=\"2025-04-03T14:03:27+00:00\" \/>\n<meta property=\"og:image\" content=\"https:\/\/gavri-src.addisnetwork.es\/blog\/wp-content\/uploads\/2020\/12\/lg-b-instalacion-techo-inclinado.jpg\" \/>\n\t<meta property=\"og:image:width\" content=\"1900\" \/>\n\t<meta property=\"og:image:height\" content=\"781\" \/>\n\t<meta property=\"og:image:type\" content=\"image\/jpeg\" \/>\n<meta name=\"author\" content=\"Gavri\" \/>\n<meta name=\"twitter:card\" content=\"summary_large_image\" \/>\n<meta name=\"twitter:label1\" content=\"Escrito por\" \/>\n\t<meta name=\"twitter:data1\" content=\"Gavri\" \/>\n\t<meta name=\"twitter:label2\" content=\"Tiempo de lectura\" \/>\n\t<meta name=\"twitter:data2\" content=\"3 minutos\" \/>\n<script type=\"application\/ld+json\" class=\"yoast-schema-graph\">{\"@context\":\"https:\\\/\\\/schema.org\",\"@graph\":[{\"@type\":\"Article\",\"@id\":\"https:\\\/\\\/gavri-src.addisnetwork.es\\\/blog\\\/como-instalar-un-ventilador-en-un-techo-inclinado-b67.html#article\",\"isPartOf\":{\"@id\":\"https:\\\/\\\/gavri-src.addisnetwork.es\\\/blog\\\/como-instalar-un-ventilador-en-un-techo-inclinado-b67.html\"},\"author\":{\"name\":\"Gavri\",\"@id\":\"https:\\\/\\\/gavri-src.addisnetwork.es\\\/blog\\\/#\\\/schema\\\/person\\\/3df0699bd314187860df00e3b73fbf75\"},\"headline\":\"C\u00f3mo instalar un ventilador en un techo inclinado\",\"datePublished\":\"2020-11-25T18:55:00+00:00\",\"dateModified\":\"2025-04-03T14:03:27+00:00\",\"mainEntityOfPage\":{\"@id\":\"https:\\\/\\\/gavri-src.addisnetwork.es\\\/blog\\\/como-instalar-un-ventilador-en-un-techo-inclinado-b67.html\"},\"wordCount\":396,\"commentCount\":2,\"publisher\":{\"@id\":\"https:\\\/\\\/gavri-src.addisnetwork.es\\\/blog\\\/#organization\"},\"image\":{\"@id\":\"https:\\\/\\\/gavri-src.addisnetwork.es\\\/blog\\\/como-instalar-un-ventilador-en-un-techo-inclinado-b67.html#primaryimage\"},\"thumbnailUrl\":\"https:\\\/\\\/gavri-src.addisnetwork.es\\\/blog\\\/wp-content\\\/uploads\\\/2020\\\/12\\\/lg-b-instalacion-techo-inclinado.jpg\",\"inLanguage\":\"es\",\"potentialAction\":[{\"@type\":\"CommentAction\",\"name\":\"Comment\",\"target\":[\"https:\\\/\\\/gavri-src.addisnetwork.es\\\/blog\\\/como-instalar-un-ventilador-en-un-techo-inclinado-b67.html#respond\"]}]},{\"@type\":\"WebPage\",\"@id\":\"https:\\\/\\\/gavri-src.addisnetwork.es\\\/blog\\\/como-instalar-un-ventilador-en-un-techo-inclinado-b67.html\",\"url\":\"https:\\\/\\\/gavri-src.addisnetwork.es\\\/blog\\\/como-instalar-un-ventilador-en-un-techo-inclinado-b67.html\",\"name\":\"C\u00f3mo instalar un ventilador en un techo inclinado - Blog de Gavri.es\",\"isPartOf\":{\"@id\":\"https:\\\/\\\/gavri-src.addisnetwork.es\\\/blog\\\/#website\"},\"primaryImageOfPage\":{\"@id\":\"https:\\\/\\\/gavri-src.addisnetwork.es\\\/blog\\\/como-instalar-un-ventilador-en-un-techo-inclinado-b67.html#primaryimage\"},\"image\":{\"@id\":\"https:\\\/\\\/gavri-src.addisnetwork.es\\\/blog\\\/como-instalar-un-ventilador-en-un-techo-inclinado-b67.html#primaryimage\"},\"thumbnailUrl\":\"https:\\\/\\\/gavri-src.addisnetwork.es\\\/blog\\\/wp-content\\\/uploads\\\/2020\\\/12\\\/lg-b-instalacion-techo-inclinado.jpg\",\"datePublished\":\"2020-11-25T18:55:00+00:00\",\"dateModified\":\"2025-04-03T14:03:27+00:00\",\"description\":\"Aunque tengas el techo inclinado puedes instalar ventiladores en \u00e9l. Existen varios modelos que admiten hasta 16\u00ba de inclinaci\u00f3n de serie.\",\"breadcrumb\":{\"@id\":\"https:\\\/\\\/gavri-src.addisnetwork.es\\\/blog\\\/como-instalar-un-ventilador-en-un-techo-inclinado-b67.html#breadcrumb\"},\"inLanguage\":\"es\",\"potentialAction\":[{\"@type\":\"ReadAction\",\"target\":[\"https:\\\/\\\/gavri-src.addisnetwork.es\\\/blog\\\/como-instalar-un-ventilador-en-un-techo-inclinado-b67.html\"]}]},{\"@type\":\"ImageObject\",\"inLanguage\":\"es\",\"@id\":\"https:\\\/\\\/gavri-src.addisnetwork.es\\\/blog\\\/como-instalar-un-ventilador-en-un-techo-inclinado-b67.html#primaryimage\",\"url\":\"https:\\\/\\\/gavri-src.addisnetwork.es\\\/blog\\\/wp-content\\\/uploads\\\/2020\\\/12\\\/lg-b-instalacion-techo-inclinado.jpg\",\"contentUrl\":\"https:\\\/\\\/gavri-src.addisnetwork.es\\\/blog\\\/wp-content\\\/uploads\\\/2020\\\/12\\\/lg-b-instalacion-techo-inclinado.jpg\",\"width\":1900,\"height\":781},{\"@type\":\"BreadcrumbList\",\"@id\":\"https:\\\/\\\/gavri-src.addisnetwork.es\\\/blog\\\/como-instalar-un-ventilador-en-un-techo-inclinado-b67.html#breadcrumb\",\"itemListElement\":[{\"@type\":\"ListItem\",\"position\":1,\"name\":\"Portada\",\"item\":\"https:\\\/\\\/gavri-src.addisnetwork.es\\\/blog\"},{\"@type\":\"ListItem\",\"position\":2,\"name\":\"C\u00f3mo instalar un ventilador en un techo inclinado\"}]},{\"@type\":\"WebSite\",\"@id\":\"https:\\\/\\\/gavri-src.addisnetwork.es\\\/blog\\\/#website\",\"url\":\"https:\\\/\\\/gavri-src.addisnetwork.es\\\/blog\\\/\",\"name\":\"Blog de Gavri.es\",\"description\":\"Blog de Gavri.es\",\"publisher\":{\"@id\":\"https:\\\/\\\/gavri-src.addisnetwork.es\\\/blog\\\/#organization\"},\"potentialAction\":[{\"@type\":\"SearchAction\",\"target\":{\"@type\":\"EntryPoint\",\"urlTemplate\":\"https:\\\/\\\/gavri-src.addisnetwork.es\\\/blog\\\/?s={search_term_string}\"},\"query-input\":{\"@type\":\"PropertyValueSpecification\",\"valueRequired\":true,\"valueName\":\"search_term_string\"}}],\"inLanguage\":\"es\"},{\"@type\":\"Organization\",\"@id\":\"https:\\\/\\\/gavri-src.addisnetwork.es\\\/blog\\\/#organization\",\"name\":\"Blog de Gavri.es\",\"url\":\"https:\\\/\\\/gavri-src.addisnetwork.es\\\/blog\\\/\",\"logo\":{\"@type\":\"ImageObject\",\"inLanguage\":\"es\",\"@id\":\"https:\\\/\\\/gavri-src.addisnetwork.es\\\/blog\\\/#\\\/schema\\\/logo\\\/image\\\/\",\"url\":\"https:\\\/\\\/gavri-src.addisnetwork.es\\\/blog\\\/wp-content\\\/uploads\\\/2021\\\/01\\\/cropped-LOGO-gavries-blog-1.png\",\"contentUrl\":\"https:\\\/\\\/gavri-src.addisnetwork.es\\\/blog\\\/wp-content\\\/uploads\\\/2021\\\/01\\\/cropped-LOGO-gavries-blog-1.png\",\"width\":520,\"height\":104,\"caption\":\"Blog de Gavri.es\"},\"image\":{\"@id\":\"https:\\\/\\\/gavri-src.addisnetwork.es\\\/blog\\\/#\\\/schema\\\/logo\\\/image\\\/\"}},{\"@type\":\"Person\",\"@id\":\"https:\\\/\\\/gavri-src.addisnetwork.es\\\/blog\\\/#\\\/schema\\\/person\\\/3df0699bd314187860df00e3b73fbf75\",\"name\":\"Gavri\",\"image\":{\"@type\":\"ImageObject\",\"inLanguage\":\"es\",\"@id\":\"https:\\\/\\\/secure.gravatar.com\\\/avatar\\\/6fc6afbbb919cee1ae64c74ed55bf75da72aade68e84f27c0a3a05bd98ccf2a0?s=96&d=mm&r=g\",\"url\":\"https:\\\/\\\/secure.gravatar.com\\\/avatar\\\/6fc6afbbb919cee1ae64c74ed55bf75da72aade68e84f27c0a3a05bd98ccf2a0?s=96&d=mm&r=g\",\"contentUrl\":\"https:\\\/\\\/secure.gravatar.com\\\/avatar\\\/6fc6afbbb919cee1ae64c74ed55bf75da72aade68e84f27c0a3a05bd98ccf2a0?s=96&d=mm&r=g\",\"caption\":\"Gavri\"},\"sameAs\":[\"https:\\\/\\\/gavri.es\\\/blog\"]}]}<\/script>\n<!-- \/ Yoast SEO plugin. -->","yoast_head_json":{"title":"C\u00f3mo instalar un ventilador en un techo inclinado - Blog de Gavri.es","description":"Aunque tengas el techo inclinado puedes instalar ventiladores en \u00e9l. Existen varios modelos que admiten hasta 16\u00ba de inclinaci\u00f3n de serie.","robots":{"index":"index","follow":"follow","max-snippet":"max-snippet:-1","max-image-preview":"max-image-preview:large","max-video-preview":"max-video-preview:-1"},"canonical":"https:\/\/gavri-src.addisnetwork.es\/blog\/como-instalar-un-ventilador-en-un-techo-inclinado-b67.html","og_locale":"es_ES","og_type":"article","og_title":"C\u00f3mo instalar un ventilador en un techo inclinado - Blog de Gavri.es","og_description":"Aunque tengas el techo inclinado puedes instalar ventiladores en \u00e9l. Existen varios modelos que admiten hasta 16\u00ba de inclinaci\u00f3n de serie.","og_url":"https:\/\/gavri-src.addisnetwork.es\/blog\/como-instalar-un-ventilador-en-un-techo-inclinado-b67.html","og_site_name":"Blog de Gavri.es","article_published_time":"2020-11-25T18:55:00+00:00","article_modified_time":"2025-04-03T14:03:27+00:00","og_image":[{"width":1900,"height":781,"url":"https:\/\/gavri-src.addisnetwork.es\/blog\/wp-content\/uploads\/2020\/12\/lg-b-instalacion-techo-inclinado.jpg","type":"image\/jpeg"}],"author":"Gavri","twitter_card":"summary_large_image","twitter_misc":{"Escrito por":"Gavri","Tiempo de lectura":"3 minutos"},"schema":{"@context":"https:\/\/schema.org","@graph":[{"@type":"Article","@id":"https:\/\/gavri-src.addisnetwork.es\/blog\/como-instalar-un-ventilador-en-un-techo-inclinado-b67.html#article","isPartOf":{"@id":"https:\/\/gavri-src.addisnetwork.es\/blog\/como-instalar-un-ventilador-en-un-techo-inclinado-b67.html"},"author":{"name":"Gavri","@id":"https:\/\/gavri-src.addisnetwork.es\/blog\/#\/schema\/person\/3df0699bd314187860df00e3b73fbf75"},"headline":"C\u00f3mo instalar un ventilador en un techo inclinado","datePublished":"2020-11-25T18:55:00+00:00","dateModified":"2025-04-03T14:03:27+00:00","mainEntityOfPage":{"@id":"https:\/\/gavri-src.addisnetwork.es\/blog\/como-instalar-un-ventilador-en-un-techo-inclinado-b67.html"},"wordCount":396,"commentCount":2,"publisher":{"@id":"https:\/\/gavri-src.addisnetwork.es\/blog\/#organization"},"image":{"@id":"https:\/\/gavri-src.addisnetwork.es\/blog\/como-instalar-un-ventilador-en-un-techo-inclinado-b67.html#primaryimage"},"thumbnailUrl":"https:\/\/gavri-src.addisnetwork.es\/blog\/wp-content\/uploads\/2020\/12\/lg-b-instalacion-techo-inclinado.jpg","inLanguage":"es","potentialAction":[{"@type":"CommentAction","name":"Comment","target":["https:\/\/gavri-src.addisnetwork.es\/blog\/como-instalar-un-ventilador-en-un-techo-inclinado-b67.html#respond"]}]},{"@type":"WebPage","@id":"https:\/\/gavri-src.addisnetwork.es\/blog\/como-instalar-un-ventilador-en-un-techo-inclinado-b67.html","url":"https:\/\/gavri-src.addisnetwork.es\/blog\/como-instalar-un-ventilador-en-un-techo-inclinado-b67.html","name":"C\u00f3mo instalar un ventilador en un techo inclinado - Blog de Gavri.es","isPartOf":{"@id":"https:\/\/gavri-src.addisnetwork.es\/blog\/#website"},"primaryImageOfPage":{"@id":"https:\/\/gavri-src.addisnetwork.es\/blog\/como-instalar-un-ventilador-en-un-techo-inclinado-b67.html#primaryimage"},"image":{"@id":"https:\/\/gavri-src.addisnetwork.es\/blog\/como-instalar-un-ventilador-en-un-techo-inclinado-b67.html#primaryimage"},"thumbnailUrl":"https:\/\/gavri-src.addisnetwork.es\/blog\/wp-content\/uploads\/2020\/12\/lg-b-instalacion-techo-inclinado.jpg","datePublished":"2020-11-25T18:55:00+00:00","dateModified":"2025-04-03T14:03:27+00:00","description":"Aunque tengas el techo inclinado puedes instalar ventiladores en \u00e9l. Existen varios modelos que admiten hasta 16\u00ba de inclinaci\u00f3n de serie.","breadcrumb":{"@id":"https:\/\/gavri-src.addisnetwork.es\/blog\/como-instalar-un-ventilador-en-un-techo-inclinado-b67.html#breadcrumb"},"inLanguage":"es","potentialAction":[{"@type":"ReadAction","target":["https:\/\/gavri-src.addisnetwork.es\/blog\/como-instalar-un-ventilador-en-un-techo-inclinado-b67.html"]}]},{"@type":"ImageObject","inLanguage":"es","@id":"https:\/\/gavri-src.addisnetwork.es\/blog\/como-instalar-un-ventilador-en-un-techo-inclinado-b67.html#primaryimage","url":"https:\/\/gavri-src.addisnetwork.es\/blog\/wp-content\/uploads\/2020\/12\/lg-b-instalacion-techo-inclinado.jpg","contentUrl":"https:\/\/gavri-src.addisnetwork.es\/blog\/wp-content\/uploads\/2020\/12\/lg-b-instalacion-techo-inclinado.jpg","width":1900,"height":781},{"@type":"BreadcrumbList","@id":"https:\/\/gavri-src.addisnetwork.es\/blog\/como-instalar-un-ventilador-en-un-techo-inclinado-b67.html#breadcrumb","itemListElement":[{"@type":"ListItem","position":1,"name":"Portada","item":"https:\/\/gavri-src.addisnetwork.es\/blog"},{"@type":"ListItem","position":2,"name":"C\u00f3mo instalar un ventilador en un techo inclinado"}]},{"@type":"WebSite","@id":"https:\/\/gavri-src.addisnetwork.es\/blog\/#website","url":"https:\/\/gavri-src.addisnetwork.es\/blog\/","name":"Blog de Gavri.es","description":"Blog de Gavri.es","publisher":{"@id":"https:\/\/gavri-src.addisnetwork.es\/blog\/#organization"},"potentialAction":[{"@type":"SearchAction","target":{"@type":"EntryPoint","urlTemplate":"https:\/\/gavri-src.addisnetwork.es\/blog\/?s={search_term_string}"},"query-input":{"@type":"PropertyValueSpecification","valueRequired":true,"valueName":"search_term_string"}}],"inLanguage":"es"},{"@type":"Organization","@id":"https:\/\/gavri-src.addisnetwork.es\/blog\/#organization","name":"Blog de Gavri.es","url":"https:\/\/gavri-src.addisnetwork.es\/blog\/","logo":{"@type":"ImageObject","inLanguage":"es","@id":"https:\/\/gavri-src.addisnetwork.es\/blog\/#\/schema\/logo\/image\/","url":"https:\/\/gavri-src.addisnetwork.es\/blog\/wp-content\/uploads\/2021\/01\/cropped-LOGO-gavries-blog-1.png","contentUrl":"https:\/\/gavri-src.addisnetwork.es\/blog\/wp-content\/uploads\/2021\/01\/cropped-LOGO-gavries-blog-1.png","width":520,"height":104,"caption":"Blog de Gavri.es"},"image":{"@id":"https:\/\/gavri-src.addisnetwork.es\/blog\/#\/schema\/logo\/image\/"}},{"@type":"Person","@id":"https:\/\/gavri-src.addisnetwork.es\/blog\/#\/schema\/person\/3df0699bd314187860df00e3b73fbf75","name":"Gavri","image":{"@type":"ImageObject","inLanguage":"es","@id":"https:\/\/secure.gravatar.com\/avatar\/6fc6afbbb919cee1ae64c74ed55bf75da72aade68e84f27c0a3a05bd98ccf2a0?s=96&d=mm&r=g","url":"https:\/\/secure.gravatar.com\/avatar\/6fc6afbbb919cee1ae64c74ed55bf75da72aade68e84f27c0a3a05bd98ccf2a0?s=96&d=mm&r=g","contentUrl":"https:\/\/secure.gravatar.com\/avatar\/6fc6afbbb919cee1ae64c74ed55bf75da72aade68e84f27c0a3a05bd98ccf2a0?s=96&d=mm&r=g","caption":"Gavri"},"sameAs":["https:\/\/gavri.es\/blog"]}]}},"_links":{"self":[{"href":"https:\/\/gavri-src.addisnetwork.es\/blog\/wp-json\/wp\/v2\/posts\/67","targetHints":{"allow":["GET"]}}],"collection":[{"href":"https:\/\/gavri-src.addisnetwork.es\/blog\/wp-json\/wp\/v2\/posts"}],"about":[{"href":"https:\/\/gavri-src.addisnetwork.es\/blog\/wp-json\/wp\/v2\/types\/post"}],"author":[{"embeddable":true,"href":"https:\/\/gavri-src.addisnetwork.es\/blog\/wp-json\/wp\/v2\/users\/1"}],"replies":[{"embeddable":true,"href":"https:\/\/gavri-src.addisnetwork.es\/blog\/wp-json\/wp\/v2\/comments?post=67"}],"version-history":[{"count":6,"href":"https:\/\/gavri-src.addisnetwork.es\/blog\/wp-json\/wp\/v2\/posts\/67\/revisions"}],"predecessor-version":[{"id":1242,"href":"https:\/\/gavri-src.addisnetwork.es\/blog\/wp-json\/wp\/v2\/posts\/67\/revisions\/1242"}],"wp:featuredmedia":[{"embeddable":true,"href":"https:\/\/gavri-src.addisnetwork.es\/blog\/wp-json\/wp\/v2\/media\/166"}],"wp:attachment":[{"href":"https:\/\/gavri-src.addisnetwork.es\/blog\/wp-json\/wp\/v2\/media?parent=67"}],"wp:term":[{"taxonomy":"category","embeddable":true,"href":"https:\/\/gavri-src.addisnetwork.es\/blog\/wp-json\/wp\/v2\/categories?post=67"},{"taxonomy":"post_tag","embeddable":true,"href":"https:\/\/gavri-src.addisnetwork.es\/blog\/wp-json\/wp\/v2\/tags?post=67"}],"curies":[{"name":"wp","href":"https:\/\/api.w.org\/{rel}","templated":true}]}}