{"id":68,"date":"2020-11-27T18:55:00","date_gmt":"2020-11-27T18:55:00","guid":{"rendered":"https:\/\/gavri.ivansol.com\/blog\/?p=68"},"modified":"2021-04-29T09:40:54","modified_gmt":"2021-04-29T09:40:54","slug":"tengo-la-instalacion-electrica-necesaria-para-poner-un-ventilador-de-techo-b68","status":"publish","type":"post","link":"https:\/\/gavri-src.addisnetwork.es\/blog\/tengo-la-instalacion-electrica-necesaria-para-poner-un-ventilador-de-techo-b68.html","title":{"rendered":"\u00bfTengo la instalaci\u00f3n el\u00e9ctrica necesaria para poner un ventilador de techo?"},"content":{"rendered":"<p><span style=\"font-size:12pt;\">\u00bfPuedo poner un ventilador en mi techo? \u00bfDispongo de la instalaci\u00f3n el\u00e9ctrica adecuada? \u00bfNecesito hacer obras? En este post intentaremos despejarte algunas dudas y asesorarte sobre los diferentes tipos de instalaciones el\u00e9ctricas que se para montar e instalar los ventiladores de techo.<\/span><\/p>\n<h2><span style=\"font-size:18pt;color:#3498db;\"><strong><br \/>\nTengo la luz, pero sin interruptor<\/strong><\/span><\/h2>\n<p><span style=\"font-size:12pt;\">Si tienes toma de corriente en el techo pero no interruptor (es decir, tienes electricidad pero el interruptor no est\u00e1 conectado a la luz), puedes instalar de todas formas cualquier modelo de ventilador de techo con o sin luz. Esto es gracias a la cuerda que lleva incorporada. Para ello, simplemente tire del cable para encender o apagar la l\u00e1mpara o el motor (1).<\/span><\/p>\n<p><span style=\"font-size:12pt;\"> El interruptor de cuerda de tracci\u00f3n tambi\u00e9n sirve para controlar la velocidad del ventilador. As\u00ed mismo, puedes usar uno de nuestros controles remotos para controlar la velocidad y la luz (5, 6). En esta p\u00e1gina encontrar\u00e1s varios modelos. Y si tienes una toma de corriente el\u00e9ctrica en el techo controlada por un interruptor de luz de encendido\/apagado, tambi\u00e9n puede usar cualquier modelo con un interruptor de cuerda incorporado (1). Puedes establecer la velocidad que guste usando el interruptor de la cuerda.<\/span><\/p>\n<p><span style=\"font-size:12pt;\">Y para cambiar la direcci\u00f3n de rotaci\u00f3n del ventilador, esto se hace gracias al interruptor deslizante que se encuentra en el motor del ventilador (es decir, en modo normal hacia delante, o en modo inverso\/invierno).<\/span><\/p>\n<p><span style=\"font-size:12pt;color:#3498db;\"><strong><span style=\"font-size:18pt;\"><br \/>\nQuiero cambiar una l\u00e1mpara por un ventilador de techo con luz<\/span><\/strong><\/span><span style=\"font-size:12pt;\"><br \/>\nSi deseas reemplazar la luz del techo por un ventilador de techo con luz, \u00a1No te preocupes! Es muy f\u00e1cil. De hecho, puedes usar el mismo interruptor que usabas para la l\u00e1mpara que ya ten\u00edas instalada en la habitaci\u00f3n.<\/span><\/p>\n<p><span style=\"font-size:12pt;\">Para poder usar el mismo interruptor, debes poner el interruptor el ventilador APAGADO, y el la luz ENCENDIDA. De esta forma, al entrar en la habitaci\u00f3n, puedes encender y apagar la luz como sol\u00edas hacerlo, con el mismo interruptor. Si necesario, enciende el ventilador usando la cuerda de tracci\u00f3n (1). Si quieres, puedes usar interruptores de luz adicionales, como el SCNR5 de 5 velocidades o 4 velocidades ST4 \/ 150 II (2). <span style=\"text-decoration:underline;\"><a href=\"https:\/\/gavri.es\/accesorios-para-ventiladores-de-techo\" target=\"_blank\" rel=\"noopener\">Aqu\u00ed encontrar\u00e1s m\u00e1s modelos.<\/a><\/span><br \/>\n<\/span><\/p>\n<p><span style=\"font-size:18pt;color:#3498db;\"><strong><br \/>\nTengo un interruptor bipolar<\/strong><\/span><span style=\"font-size:12pt;\"><br \/>\nY, en caso de tener un interruptor bipolar (L1, L2, N, E), puedes encender y apagar el motor y la luz de forma independiente. Para ello, use un controlador SCNRL de 5 velocidades o un ST4-400 con un interruptor de luz incorporado (3).<\/span><\/p>\n<p><span style=\"font-size:12pt;color:#3498db;\"><strong><span style=\"font-size:18pt;\">\u00bfY si tengo un difusor de luz?<\/span><\/strong><\/span><br \/>\n<span style=\"font-size:12pt;\"> La conexi\u00f3n de un difusor para la l\u00e1mpara es posible usando una fase separada, en combinaci\u00f3n con uno de nuestros controladores de velocidad. Si no est\u00e1 seguro de qu\u00e9 control debe usar en su aplicaci\u00f3n, debe contactar tu electricista. \u00c9l te aconsejar\u00e1 profesionalmente. Tambi\u00e9n le informar\u00e1 sobre las diversas formas en que se pueden instalar nuestros ventiladores.<\/span><\/p>\n<p><span style=\"font-size:12pt;\">Para cualquier otra consulta sobre ventiladores, accesorios o cualquier otro tema, no dudes en ponerte en contacto con nosotros. <span style=\"text-decoration:underline;\"><a href=\"https:\/\/gavri.es\/ventiladores-de-techo\" target=\"_blank\" rel=\"noopener\">En este enlace <\/a><\/span>encontrar\u00e1s, adem\u00e1s, toda nuestra amplia oferta de ventiladores de techo.<\/span><\/p>\n<p>&nbsp;<img loading=\"lazy\" decoding=\"async\" src=\"https:\/\/gavri.es\/img\/cms\/Blog\/Esquema%20sistema%20electricidad%20ventiladores%20de%20techo.PNG\" alt=\"Instalaci\u00f3n el\u00e9ctrica necesaria para poner un ventilador de techo\" width=\"1000\" height=\"826\"><\/p>\n","protected":false},"excerpt":{"rendered":"<p>\u00bfPuedo poner un ventilador en mi techo? \u00bfDispongo de la instalaci\u00f3n el\u00e9ctrica adecuada? \u00bfNecesito hacer obras? En este post intentaremos despejarte algunas dudas y asesorarte sobre los diferentes tipos de instalaciones el\u00e9ctricas que se para montar &#8230; <a title=\"\u00bfTengo la instalaci\u00f3n el\u00e9ctrica necesaria para poner un ventilador de techo?\" class=\"read-more\" href=\"https:\/\/gavri-src.addisnetwork.es\/blog\/tengo-la-instalacion-electrica-necesaria-para-poner-un-ventilador-de-techo-b68.html\" aria-label=\"M\u00e1s en \u00bfTengo la instalaci\u00f3n el\u00e9ctrica necesaria para poner un ventilador de techo?\">Leer m\u00e1s<\/a><\/p>\n","protected":false},"author":1,"featured_media":188,"comment_status":"open","ping_status":"closed","sticky":false,"template":"","format":"standard","meta":{"footnotes":""},"categories":[1],"tags":[],"class_list":["post-68","post","type-post","status-publish","format-standard","has-post-thumbnail","hentry","category-sin-categoria","generate-columns","tablet-grid-50","mobile-grid-100","grid-parent","grid-50","no-featured-image-padding"],"yoast_head":"<!-- This site is optimized with the Yoast SEO plugin v27.5 - https:\/\/yoast.com\/product\/yoast-seo-wordpress\/ -->\n<title>\u00bfTengo la instalaci\u00f3n el\u00e9ctrica necesaria para poner un ventilador de techo? - Blog de Gavri.es<\/title>\n<meta name=\"description\" content=\"Si no sabes como instalar un ventilador de techo, en este post te contamos qu\u00e9 instalaci\u00f3n el\u00e9ctrica necesitas.\" \/>\n<meta name=\"robots\" content=\"index, follow, max-snippet:-1, max-image-preview:large, max-video-preview:-1\" \/>\n<link rel=\"canonical\" href=\"https:\/\/gavri-src.addisnetwork.es\/blog\/tengo-la-instalacion-electrica-necesaria-para-poner-un-ventilador-de-techo-b68.html\" \/>\n<meta property=\"og:locale\" content=\"es_ES\" \/>\n<meta property=\"og:type\" content=\"article\" \/>\n<meta property=\"og:title\" content=\"\u00bfTengo la instalaci\u00f3n el\u00e9ctrica necesaria para poner un ventilador de techo? - Blog de Gavri.es\" \/>\n<meta property=\"og:description\" content=\"Si no sabes como instalar un ventilador de techo, en este post te contamos qu\u00e9 instalaci\u00f3n el\u00e9ctrica necesitas.\" \/>\n<meta property=\"og:url\" content=\"https:\/\/gavri-src.addisnetwork.es\/blog\/tengo-la-instalacion-electrica-necesaria-para-poner-un-ventilador-de-techo-b68.html\" \/>\n<meta property=\"og:site_name\" content=\"Blog de Gavri.es\" \/>\n<meta property=\"article:published_time\" content=\"2020-11-27T18:55:00+00:00\" \/>\n<meta property=\"article:modified_time\" content=\"2021-04-29T09:40:54+00:00\" \/>\n<meta property=\"og:image\" content=\"https:\/\/gavri-src.addisnetwork.es\/blog\/wp-content\/uploads\/2020\/12\/lg-b-instalacion-electrica.jpg\" \/>\n\t<meta property=\"og:image:width\" content=\"1900\" \/>\n\t<meta property=\"og:image:height\" content=\"781\" \/>\n\t<meta property=\"og:image:type\" content=\"image\/jpeg\" \/>\n<meta name=\"author\" content=\"Gavri\" \/>\n<meta name=\"twitter:card\" content=\"summary_large_image\" \/>\n<meta name=\"twitter:label1\" content=\"Escrito por\" \/>\n\t<meta name=\"twitter:data1\" content=\"Gavri\" \/>\n\t<meta name=\"twitter:label2\" content=\"Tiempo de lectura\" \/>\n\t<meta name=\"twitter:data2\" content=\"3 minutos\" \/>\n<script type=\"application\/ld+json\" class=\"yoast-schema-graph\">{\"@context\":\"https:\\\/\\\/schema.org\",\"@graph\":[{\"@type\":\"Article\",\"@id\":\"https:\\\/\\\/gavri-src.addisnetwork.es\\\/blog\\\/tengo-la-instalacion-electrica-necesaria-para-poner-un-ventilador-de-techo-b68.html#article\",\"isPartOf\":{\"@id\":\"https:\\\/\\\/gavri-src.addisnetwork.es\\\/blog\\\/tengo-la-instalacion-electrica-necesaria-para-poner-un-ventilador-de-techo-b68.html\"},\"author\":{\"name\":\"Gavri\",\"@id\":\"https:\\\/\\\/gavri-src.addisnetwork.es\\\/blog\\\/#\\\/schema\\\/person\\\/3df0699bd314187860df00e3b73fbf75\"},\"headline\":\"\u00bfTengo la instalaci\u00f3n el\u00e9ctrica necesaria para poner un ventilador de techo?\",\"datePublished\":\"2020-11-27T18:55:00+00:00\",\"dateModified\":\"2021-04-29T09:40:54+00:00\",\"mainEntityOfPage\":{\"@id\":\"https:\\\/\\\/gavri-src.addisnetwork.es\\\/blog\\\/tengo-la-instalacion-electrica-necesaria-para-poner-un-ventilador-de-techo-b68.html\"},\"wordCount\":531,\"commentCount\":7,\"publisher\":{\"@id\":\"https:\\\/\\\/gavri-src.addisnetwork.es\\\/blog\\\/#organization\"},\"image\":{\"@id\":\"https:\\\/\\\/gavri-src.addisnetwork.es\\\/blog\\\/tengo-la-instalacion-electrica-necesaria-para-poner-un-ventilador-de-techo-b68.html#primaryimage\"},\"thumbnailUrl\":\"https:\\\/\\\/gavri-src.addisnetwork.es\\\/blog\\\/wp-content\\\/uploads\\\/2020\\\/12\\\/lg-b-instalacion-electrica.jpg\",\"inLanguage\":\"es\",\"potentialAction\":[{\"@type\":\"CommentAction\",\"name\":\"Comment\",\"target\":[\"https:\\\/\\\/gavri-src.addisnetwork.es\\\/blog\\\/tengo-la-instalacion-electrica-necesaria-para-poner-un-ventilador-de-techo-b68.html#respond\"]}]},{\"@type\":\"WebPage\",\"@id\":\"https:\\\/\\\/gavri-src.addisnetwork.es\\\/blog\\\/tengo-la-instalacion-electrica-necesaria-para-poner-un-ventilador-de-techo-b68.html\",\"url\":\"https:\\\/\\\/gavri-src.addisnetwork.es\\\/blog\\\/tengo-la-instalacion-electrica-necesaria-para-poner-un-ventilador-de-techo-b68.html\",\"name\":\"\u00bfTengo la instalaci\u00f3n el\u00e9ctrica necesaria para poner un ventilador de techo? - Blog de Gavri.es\",\"isPartOf\":{\"@id\":\"https:\\\/\\\/gavri-src.addisnetwork.es\\\/blog\\\/#website\"},\"primaryImageOfPage\":{\"@id\":\"https:\\\/\\\/gavri-src.addisnetwork.es\\\/blog\\\/tengo-la-instalacion-electrica-necesaria-para-poner-un-ventilador-de-techo-b68.html#primaryimage\"},\"image\":{\"@id\":\"https:\\\/\\\/gavri-src.addisnetwork.es\\\/blog\\\/tengo-la-instalacion-electrica-necesaria-para-poner-un-ventilador-de-techo-b68.html#primaryimage\"},\"thumbnailUrl\":\"https:\\\/\\\/gavri-src.addisnetwork.es\\\/blog\\\/wp-content\\\/uploads\\\/2020\\\/12\\\/lg-b-instalacion-electrica.jpg\",\"datePublished\":\"2020-11-27T18:55:00+00:00\",\"dateModified\":\"2021-04-29T09:40:54+00:00\",\"description\":\"Si no sabes como instalar un ventilador de techo, en este post te contamos qu\u00e9 instalaci\u00f3n el\u00e9ctrica necesitas.\",\"breadcrumb\":{\"@id\":\"https:\\\/\\\/gavri-src.addisnetwork.es\\\/blog\\\/tengo-la-instalacion-electrica-necesaria-para-poner-un-ventilador-de-techo-b68.html#breadcrumb\"},\"inLanguage\":\"es\",\"potentialAction\":[{\"@type\":\"ReadAction\",\"target\":[\"https:\\\/\\\/gavri-src.addisnetwork.es\\\/blog\\\/tengo-la-instalacion-electrica-necesaria-para-poner-un-ventilador-de-techo-b68.html\"]}]},{\"@type\":\"ImageObject\",\"inLanguage\":\"es\",\"@id\":\"https:\\\/\\\/gavri-src.addisnetwork.es\\\/blog\\\/tengo-la-instalacion-electrica-necesaria-para-poner-un-ventilador-de-techo-b68.html#primaryimage\",\"url\":\"https:\\\/\\\/gavri-src.addisnetwork.es\\\/blog\\\/wp-content\\\/uploads\\\/2020\\\/12\\\/lg-b-instalacion-electrica.jpg\",\"contentUrl\":\"https:\\\/\\\/gavri-src.addisnetwork.es\\\/blog\\\/wp-content\\\/uploads\\\/2020\\\/12\\\/lg-b-instalacion-electrica.jpg\",\"width\":1900,\"height\":781},{\"@type\":\"BreadcrumbList\",\"@id\":\"https:\\\/\\\/gavri-src.addisnetwork.es\\\/blog\\\/tengo-la-instalacion-electrica-necesaria-para-poner-un-ventilador-de-techo-b68.html#breadcrumb\",\"itemListElement\":[{\"@type\":\"ListItem\",\"position\":1,\"name\":\"Portada\",\"item\":\"https:\\\/\\\/gavri-src.addisnetwork.es\\\/blog\"},{\"@type\":\"ListItem\",\"position\":2,\"name\":\"\u00bfTengo la instalaci\u00f3n el\u00e9ctrica necesaria para poner un ventilador de techo?\"}]},{\"@type\":\"WebSite\",\"@id\":\"https:\\\/\\\/gavri-src.addisnetwork.es\\\/blog\\\/#website\",\"url\":\"https:\\\/\\\/gavri-src.addisnetwork.es\\\/blog\\\/\",\"name\":\"Blog de Gavri.es\",\"description\":\"Blog de Gavri.es\",\"publisher\":{\"@id\":\"https:\\\/\\\/gavri-src.addisnetwork.es\\\/blog\\\/#organization\"},\"potentialAction\":[{\"@type\":\"SearchAction\",\"target\":{\"@type\":\"EntryPoint\",\"urlTemplate\":\"https:\\\/\\\/gavri-src.addisnetwork.es\\\/blog\\\/?s={search_term_string}\"},\"query-input\":{\"@type\":\"PropertyValueSpecification\",\"valueRequired\":true,\"valueName\":\"search_term_string\"}}],\"inLanguage\":\"es\"},{\"@type\":\"Organization\",\"@id\":\"https:\\\/\\\/gavri-src.addisnetwork.es\\\/blog\\\/#organization\",\"name\":\"Blog de Gavri.es\",\"url\":\"https:\\\/\\\/gavri-src.addisnetwork.es\\\/blog\\\/\",\"logo\":{\"@type\":\"ImageObject\",\"inLanguage\":\"es\",\"@id\":\"https:\\\/\\\/gavri-src.addisnetwork.es\\\/blog\\\/#\\\/schema\\\/logo\\\/image\\\/\",\"url\":\"https:\\\/\\\/gavri-src.addisnetwork.es\\\/blog\\\/wp-content\\\/uploads\\\/2021\\\/01\\\/cropped-LOGO-gavries-blog-1.png\",\"contentUrl\":\"https:\\\/\\\/gavri-src.addisnetwork.es\\\/blog\\\/wp-content\\\/uploads\\\/2021\\\/01\\\/cropped-LOGO-gavries-blog-1.png\",\"width\":520,\"height\":104,\"caption\":\"Blog de Gavri.es\"},\"image\":{\"@id\":\"https:\\\/\\\/gavri-src.addisnetwork.es\\\/blog\\\/#\\\/schema\\\/logo\\\/image\\\/\"}},{\"@type\":\"Person\",\"@id\":\"https:\\\/\\\/gavri-src.addisnetwork.es\\\/blog\\\/#\\\/schema\\\/person\\\/3df0699bd314187860df00e3b73fbf75\",\"name\":\"Gavri\",\"image\":{\"@type\":\"ImageObject\",\"inLanguage\":\"es\",\"@id\":\"https:\\\/\\\/secure.gravatar.com\\\/avatar\\\/6fc6afbbb919cee1ae64c74ed55bf75da72aade68e84f27c0a3a05bd98ccf2a0?s=96&d=mm&r=g\",\"url\":\"https:\\\/\\\/secure.gravatar.com\\\/avatar\\\/6fc6afbbb919cee1ae64c74ed55bf75da72aade68e84f27c0a3a05bd98ccf2a0?s=96&d=mm&r=g\",\"contentUrl\":\"https:\\\/\\\/secure.gravatar.com\\\/avatar\\\/6fc6afbbb919cee1ae64c74ed55bf75da72aade68e84f27c0a3a05bd98ccf2a0?s=96&d=mm&r=g\",\"caption\":\"Gavri\"},\"sameAs\":[\"https:\\\/\\\/gavri.es\\\/blog\"]}]}<\/script>\n<!-- \/ Yoast SEO plugin. -->","yoast_head_json":{"title":"\u00bfTengo la instalaci\u00f3n el\u00e9ctrica necesaria para poner un ventilador de techo? - Blog de Gavri.es","description":"Si no sabes como instalar un ventilador de techo, en este post te contamos qu\u00e9 instalaci\u00f3n el\u00e9ctrica necesitas.","robots":{"index":"index","follow":"follow","max-snippet":"max-snippet:-1","max-image-preview":"max-image-preview:large","max-video-preview":"max-video-preview:-1"},"canonical":"https:\/\/gavri-src.addisnetwork.es\/blog\/tengo-la-instalacion-electrica-necesaria-para-poner-un-ventilador-de-techo-b68.html","og_locale":"es_ES","og_type":"article","og_title":"\u00bfTengo la instalaci\u00f3n el\u00e9ctrica necesaria para poner un ventilador de techo? - Blog de Gavri.es","og_description":"Si no sabes como instalar un ventilador de techo, en este post te contamos qu\u00e9 instalaci\u00f3n el\u00e9ctrica necesitas.","og_url":"https:\/\/gavri-src.addisnetwork.es\/blog\/tengo-la-instalacion-electrica-necesaria-para-poner-un-ventilador-de-techo-b68.html","og_site_name":"Blog de Gavri.es","article_published_time":"2020-11-27T18:55:00+00:00","article_modified_time":"2021-04-29T09:40:54+00:00","og_image":[{"width":1900,"height":781,"url":"https:\/\/gavri-src.addisnetwork.es\/blog\/wp-content\/uploads\/2020\/12\/lg-b-instalacion-electrica.jpg","type":"image\/jpeg"}],"author":"Gavri","twitter_card":"summary_large_image","twitter_misc":{"Escrito por":"Gavri","Tiempo de lectura":"3 minutos"},"schema":{"@context":"https:\/\/schema.org","@graph":[{"@type":"Article","@id":"https:\/\/gavri-src.addisnetwork.es\/blog\/tengo-la-instalacion-electrica-necesaria-para-poner-un-ventilador-de-techo-b68.html#article","isPartOf":{"@id":"https:\/\/gavri-src.addisnetwork.es\/blog\/tengo-la-instalacion-electrica-necesaria-para-poner-un-ventilador-de-techo-b68.html"},"author":{"name":"Gavri","@id":"https:\/\/gavri-src.addisnetwork.es\/blog\/#\/schema\/person\/3df0699bd314187860df00e3b73fbf75"},"headline":"\u00bfTengo la instalaci\u00f3n el\u00e9ctrica necesaria para poner un ventilador de techo?","datePublished":"2020-11-27T18:55:00+00:00","dateModified":"2021-04-29T09:40:54+00:00","mainEntityOfPage":{"@id":"https:\/\/gavri-src.addisnetwork.es\/blog\/tengo-la-instalacion-electrica-necesaria-para-poner-un-ventilador-de-techo-b68.html"},"wordCount":531,"commentCount":7,"publisher":{"@id":"https:\/\/gavri-src.addisnetwork.es\/blog\/#organization"},"image":{"@id":"https:\/\/gavri-src.addisnetwork.es\/blog\/tengo-la-instalacion-electrica-necesaria-para-poner-un-ventilador-de-techo-b68.html#primaryimage"},"thumbnailUrl":"https:\/\/gavri-src.addisnetwork.es\/blog\/wp-content\/uploads\/2020\/12\/lg-b-instalacion-electrica.jpg","inLanguage":"es","potentialAction":[{"@type":"CommentAction","name":"Comment","target":["https:\/\/gavri-src.addisnetwork.es\/blog\/tengo-la-instalacion-electrica-necesaria-para-poner-un-ventilador-de-techo-b68.html#respond"]}]},{"@type":"WebPage","@id":"https:\/\/gavri-src.addisnetwork.es\/blog\/tengo-la-instalacion-electrica-necesaria-para-poner-un-ventilador-de-techo-b68.html","url":"https:\/\/gavri-src.addisnetwork.es\/blog\/tengo-la-instalacion-electrica-necesaria-para-poner-un-ventilador-de-techo-b68.html","name":"\u00bfTengo la instalaci\u00f3n el\u00e9ctrica necesaria para poner un ventilador de techo? - Blog de Gavri.es","isPartOf":{"@id":"https:\/\/gavri-src.addisnetwork.es\/blog\/#website"},"primaryImageOfPage":{"@id":"https:\/\/gavri-src.addisnetwork.es\/blog\/tengo-la-instalacion-electrica-necesaria-para-poner-un-ventilador-de-techo-b68.html#primaryimage"},"image":{"@id":"https:\/\/gavri-src.addisnetwork.es\/blog\/tengo-la-instalacion-electrica-necesaria-para-poner-un-ventilador-de-techo-b68.html#primaryimage"},"thumbnailUrl":"https:\/\/gavri-src.addisnetwork.es\/blog\/wp-content\/uploads\/2020\/12\/lg-b-instalacion-electrica.jpg","datePublished":"2020-11-27T18:55:00+00:00","dateModified":"2021-04-29T09:40:54+00:00","description":"Si no sabes como instalar un ventilador de techo, en este post te contamos qu\u00e9 instalaci\u00f3n el\u00e9ctrica necesitas.","breadcrumb":{"@id":"https:\/\/gavri-src.addisnetwork.es\/blog\/tengo-la-instalacion-electrica-necesaria-para-poner-un-ventilador-de-techo-b68.html#breadcrumb"},"inLanguage":"es","potentialAction":[{"@type":"ReadAction","target":["https:\/\/gavri-src.addisnetwork.es\/blog\/tengo-la-instalacion-electrica-necesaria-para-poner-un-ventilador-de-techo-b68.html"]}]},{"@type":"ImageObject","inLanguage":"es","@id":"https:\/\/gavri-src.addisnetwork.es\/blog\/tengo-la-instalacion-electrica-necesaria-para-poner-un-ventilador-de-techo-b68.html#primaryimage","url":"https:\/\/gavri-src.addisnetwork.es\/blog\/wp-content\/uploads\/2020\/12\/lg-b-instalacion-electrica.jpg","contentUrl":"https:\/\/gavri-src.addisnetwork.es\/blog\/wp-content\/uploads\/2020\/12\/lg-b-instalacion-electrica.jpg","width":1900,"height":781},{"@type":"BreadcrumbList","@id":"https:\/\/gavri-src.addisnetwork.es\/blog\/tengo-la-instalacion-electrica-necesaria-para-poner-un-ventilador-de-techo-b68.html#breadcrumb","itemListElement":[{"@type":"ListItem","position":1,"name":"Portada","item":"https:\/\/gavri-src.addisnetwork.es\/blog"},{"@type":"ListItem","position":2,"name":"\u00bfTengo la instalaci\u00f3n el\u00e9ctrica necesaria para poner un ventilador de techo?"}]},{"@type":"WebSite","@id":"https:\/\/gavri-src.addisnetwork.es\/blog\/#website","url":"https:\/\/gavri-src.addisnetwork.es\/blog\/","name":"Blog de Gavri.es","description":"Blog de Gavri.es","publisher":{"@id":"https:\/\/gavri-src.addisnetwork.es\/blog\/#organization"},"potentialAction":[{"@type":"SearchAction","target":{"@type":"EntryPoint","urlTemplate":"https:\/\/gavri-src.addisnetwork.es\/blog\/?s={search_term_string}"},"query-input":{"@type":"PropertyValueSpecification","valueRequired":true,"valueName":"search_term_string"}}],"inLanguage":"es"},{"@type":"Organization","@id":"https:\/\/gavri-src.addisnetwork.es\/blog\/#organization","name":"Blog de Gavri.es","url":"https:\/\/gavri-src.addisnetwork.es\/blog\/","logo":{"@type":"ImageObject","inLanguage":"es","@id":"https:\/\/gavri-src.addisnetwork.es\/blog\/#\/schema\/logo\/image\/","url":"https:\/\/gavri-src.addisnetwork.es\/blog\/wp-content\/uploads\/2021\/01\/cropped-LOGO-gavries-blog-1.png","contentUrl":"https:\/\/gavri-src.addisnetwork.es\/blog\/wp-content\/uploads\/2021\/01\/cropped-LOGO-gavries-blog-1.png","width":520,"height":104,"caption":"Blog de Gavri.es"},"image":{"@id":"https:\/\/gavri-src.addisnetwork.es\/blog\/#\/schema\/logo\/image\/"}},{"@type":"Person","@id":"https:\/\/gavri-src.addisnetwork.es\/blog\/#\/schema\/person\/3df0699bd314187860df00e3b73fbf75","name":"Gavri","image":{"@type":"ImageObject","inLanguage":"es","@id":"https:\/\/secure.gravatar.com\/avatar\/6fc6afbbb919cee1ae64c74ed55bf75da72aade68e84f27c0a3a05bd98ccf2a0?s=96&d=mm&r=g","url":"https:\/\/secure.gravatar.com\/avatar\/6fc6afbbb919cee1ae64c74ed55bf75da72aade68e84f27c0a3a05bd98ccf2a0?s=96&d=mm&r=g","contentUrl":"https:\/\/secure.gravatar.com\/avatar\/6fc6afbbb919cee1ae64c74ed55bf75da72aade68e84f27c0a3a05bd98ccf2a0?s=96&d=mm&r=g","caption":"Gavri"},"sameAs":["https:\/\/gavri.es\/blog"]}]}},"_links":{"self":[{"href":"https:\/\/gavri-src.addisnetwork.es\/blog\/wp-json\/wp\/v2\/posts\/68","targetHints":{"allow":["GET"]}}],"collection":[{"href":"https:\/\/gavri-src.addisnetwork.es\/blog\/wp-json\/wp\/v2\/posts"}],"about":[{"href":"https:\/\/gavri-src.addisnetwork.es\/blog\/wp-json\/wp\/v2\/types\/post"}],"author":[{"embeddable":true,"href":"https:\/\/gavri-src.addisnetwork.es\/blog\/wp-json\/wp\/v2\/users\/1"}],"replies":[{"embeddable":true,"href":"https:\/\/gavri-src.addisnetwork.es\/blog\/wp-json\/wp\/v2\/comments?post=68"}],"version-history":[{"count":1,"href":"https:\/\/gavri-src.addisnetwork.es\/blog\/wp-json\/wp\/v2\/posts\/68\/revisions"}],"predecessor-version":[{"id":189,"href":"https:\/\/gavri-src.addisnetwork.es\/blog\/wp-json\/wp\/v2\/posts\/68\/revisions\/189"}],"wp:featuredmedia":[{"embeddable":true,"href":"https:\/\/gavri-src.addisnetwork.es\/blog\/wp-json\/wp\/v2\/media\/188"}],"wp:attachment":[{"href":"https:\/\/gavri-src.addisnetwork.es\/blog\/wp-json\/wp\/v2\/media?parent=68"}],"wp:term":[{"taxonomy":"category","embeddable":true,"href":"https:\/\/gavri-src.addisnetwork.es\/blog\/wp-json\/wp\/v2\/categories?post=68"},{"taxonomy":"post_tag","embeddable":true,"href":"https:\/\/gavri-src.addisnetwork.es\/blog\/wp-json\/wp\/v2\/tags?post=68"}],"curies":[{"name":"wp","href":"https:\/\/api.w.org\/{rel}","templated":true}]}}