{"id":683,"date":"2022-07-08T10:16:56","date_gmt":"2022-07-08T10:16:56","guid":{"rendered":"https:\/\/gavri.es\/blog\/?p=683"},"modified":"2022-07-08T10:16:59","modified_gmt":"2022-07-08T10:16:59","slug":"aislamiento-ventanas-aire-acondicionado-portatil","status":"publish","type":"post","link":"https:\/\/gavri-src.addisnetwork.es\/blog\/aislamiento-ventanas-aire-acondicionado-portatil.html","title":{"rendered":"\u00bfC\u00f3mo instalar el aislamiento para ventanas con aire acondicionado port\u00e1til?"},"content":{"rendered":"\n<p>Si bien es cierto que el aire acondicionado port\u00e1til se ha convertido en el mejor aliado en la mayor\u00eda de hogares y establecimientos para combatir las altas temperaturas durante los meses de calor, el aire caliente que emiten las mangueras de estos aparatos resta eficacia. No obstante, esto es f\u00e1cilmente solucionable gracias al aislamiento para ventanas. \u00bfQuieres saber c\u00f3mo llevarlo a cabo? \u00a1Hoy en el nuevo post de <a href=\"https:\/\/gavri.es\/\">Gavri<\/a> te damos las claves y te traemos los mejores productos!<\/p>\n\n\n\n<!--more-->\n\n\n\n<h2 class=\"wp-block-heading\"><strong>Aislamiento de ventanas para aires acondicionados, un b\u00e1sico imprescindible<\/strong><\/h2>\n\n\n\n<p>Los <strong>aislantes para ventanas<\/strong> que te traemos desde Gavri han sido dise\u00f1ados para mantener fuera el aire caliente que sale de las mangueras de estos aparatos electr\u00f3nicos. En este sentido, su m\u00e9todo de funcionamiento es <strong>bloquear el flujo de aire que queda entre el tubo y el marco de la ventana<\/strong>.<\/p>\n\n\n\n<p>Adem\u00e1s, conviene destacar que son accesorios impermeables, transpirables y que te ayudar\u00e1n a mantener alejados a los mosquitos u otros insectos gracias a su hermetismo. F\u00edjate en el <strong><a href=\"https:\/\/gavri.es\/inicio\/aislamiento-de-ventanas-para-aire-acondicionado-movil-trotec-airlock-1000-56-m\">aislamiento de ventanas Trotec AirLock 1000<\/a><\/strong>, disponible con 1 o 2 mangueras y adecuado para todos los aires acondicionados del mercado.<\/p>\n\n\n\n<p>O, \u00bfqu\u00e9 tal el aislamiento de ventanas para aires acondicionados de <strong><a href=\"https:\/\/gavri.es\/accesorios-para-aires-acondicionados-portatiles\/aislamiento-de-ventanas-para-aires-acondicionados-de-dos-tubos-noaton-al-4020-airlock-para-ventanas\">Noaton AL 4020<\/a><\/strong>? Ideal para evitar que el aire caliente del exterior vuelva a entrar en el ambiente y capaz de sujetarse al techo, laterales y ventanas inclinadas.<\/p>\n\n\n\n<h3 class=\"wp-block-heading\"><strong>Otras ventajas de a\u00f1adir un aislamiento para ventanas con aire acondicionado<\/strong><\/h3>\n\n\n\n<p>Como ya hemos adelantado, este tipo de aires acondicionados requieren de una manguera en la ventana para expulsar el aire caliente fuera, quedando la mayor\u00eda de ellas entreabiertas y propiciando que el aire caliente del exterior penetre en casa. No obstante, estos productos no s\u00f3lo refrescan, tambi\u00e9n:<\/p>\n\n\n\n<ul class=\"wp-block-list\"><li><strong><a href=\"https:\/\/gavri.es\/blog\/aires-acondicionados-portatiles-buena-compra.html\">Mejoran la potencia de los aires acondicionados port\u00e1tiles<\/a><\/strong> en un 50%.<\/li><li>Son un accesorio <strong>m\u00e1s responsable con el medio ambiente<\/strong>.<\/li><li>Se instalan en todo tipo de ventanas y <strong>permiten que estas se puedan cerrar<\/strong> incluso si el sello ya se ha a\u00f1adido.<\/li><\/ul>\n\n\n\n<h4 class=\"wp-block-heading\"><strong>\u00bfC\u00f3mo instalar aislamientos de ventanas para aires acondicionados?<\/strong><\/h4>\n\n\n\n<p>Este tipo de aislamiento <strong>es muy sencillo de instalar<\/strong>. De hecho, no necesitar\u00e1s ni hacer agujeros. Lo \u00fanico que debes tener en cuenta es medir bien el ancho de la ventana y cortar la junta en caso de ser necesario.<\/p>\n\n\n\n<p>Seguidamente, abre la ventana con una abertura de unos 20 cm aproximadamente y pega en el marco la cinta resistente para enganchar. Presiona firmemente para que la colocaci\u00f3n quede perfecta.<\/p>\n\n\n\n<p>Llegados a este punto, solamente quedar\u00e1 abrir la cremallera y cerrarla alrededor del tubo.<\/p>\n\n\n\n<p>Desde Gavri esperamos haberte sido de ayuda e inter\u00e9s a la hora de contarte todo sobre este aislamiento para ventanas con aire acondicionado port\u00e1til. Si a\u00fan te quedan dudas, cont\u00e1ctanos. \u00a1Estaremos encantados de atenderte y ayudarte a pasar un verano m\u00e1s fresquito!<\/p>\n","protected":false},"excerpt":{"rendered":"<p>Si bien es cierto que el aire acondicionado port\u00e1til se ha convertido en el mejor aliado en la mayor\u00eda de hogares y establecimientos para combatir las altas temperaturas durante los meses de calor, el aire caliente &#8230; <a title=\"\u00bfC\u00f3mo instalar el aislamiento para ventanas con aire acondicionado port\u00e1til?\" class=\"read-more\" href=\"https:\/\/gavri-src.addisnetwork.es\/blog\/aislamiento-ventanas-aire-acondicionado-portatil.html\" aria-label=\"M\u00e1s en \u00bfC\u00f3mo instalar el aislamiento para ventanas con aire acondicionado port\u00e1til?\">Leer m\u00e1s<\/a><\/p>\n","protected":false},"author":2,"featured_media":684,"comment_status":"open","ping_status":"closed","sticky":false,"template":"","format":"standard","meta":{"footnotes":""},"categories":[31],"tags":[32,4,7],"class_list":["post-683","post","type-post","status-publish","format-standard","has-post-thumbnail","hentry","category-aire-acondicionado","tag-aire-acondicionado","tag-hogar","tag-ventilacion","generate-columns","tablet-grid-50","mobile-grid-100","grid-parent","grid-50","no-featured-image-padding"],"yoast_head":"<!-- This site is optimized with the Yoast SEO plugin v27.5 - https:\/\/yoast.com\/product\/yoast-seo-wordpress\/ -->\n<title>Instalar el aislamiento para ventanas con aire acondicionado port\u00e1til<\/title>\n<meta name=\"description\" content=\"Si quieres aprender a instalar el aislamiento para ventanas con aire acondicionado port\u00e1til, hoy en Gavri te traemos los mejores consejos y productos. \u00a1Toma nota!\" \/>\n<meta name=\"robots\" content=\"index, follow, max-snippet:-1, max-image-preview:large, max-video-preview:-1\" \/>\n<link rel=\"canonical\" href=\"https:\/\/gavri-src.addisnetwork.es\/blog\/aislamiento-ventanas-aire-acondicionado-portatil.html\" \/>\n<meta property=\"og:locale\" content=\"es_ES\" \/>\n<meta property=\"og:type\" content=\"article\" \/>\n<meta property=\"og:title\" content=\"Instalar el aislamiento para ventanas con aire acondicionado port\u00e1til\" \/>\n<meta property=\"og:description\" content=\"Si quieres aprender a instalar el aislamiento para ventanas con aire acondicionado port\u00e1til, hoy en Gavri te traemos los mejores consejos y productos. \u00a1Toma nota!\" \/>\n<meta property=\"og:url\" content=\"https:\/\/gavri-src.addisnetwork.es\/blog\/aislamiento-ventanas-aire-acondicionado-portatil.html\" \/>\n<meta property=\"og:site_name\" content=\"Blog de Gavri.es\" \/>\n<meta property=\"article:published_time\" content=\"2022-07-08T10:16:56+00:00\" \/>\n<meta property=\"article:modified_time\" content=\"2022-07-08T10:16:59+00:00\" \/>\n<meta property=\"og:image\" content=\"https:\/\/gavri-src.addisnetwork.es\/blog\/wp-content\/uploads\/2022\/07\/Como-instalar-el-aislamiento-para-ventanas-con-aire-acondicionado-portatil.jpeg\" \/>\n\t<meta property=\"og:image:width\" content=\"980\" \/>\n\t<meta property=\"og:image:height\" content=\"629\" \/>\n\t<meta property=\"og:image:type\" content=\"image\/jpeg\" \/>\n<meta name=\"author\" content=\"T\u00e9cnico Gavri\" \/>\n<meta name=\"twitter:card\" content=\"summary_large_image\" \/>\n<meta name=\"twitter:label1\" content=\"Escrito por\" \/>\n\t<meta name=\"twitter:data1\" content=\"T\u00e9cnico Gavri\" \/>\n\t<meta name=\"twitter:label2\" content=\"Tiempo de lectura\" \/>\n\t<meta name=\"twitter:data2\" content=\"3 minutos\" \/>\n<script type=\"application\/ld+json\" class=\"yoast-schema-graph\">{\"@context\":\"https:\\\/\\\/schema.org\",\"@graph\":[{\"@type\":\"Article\",\"@id\":\"https:\\\/\\\/gavri-src.addisnetwork.es\\\/blog\\\/aislamiento-ventanas-aire-acondicionado-portatil.html#article\",\"isPartOf\":{\"@id\":\"https:\\\/\\\/gavri-src.addisnetwork.es\\\/blog\\\/aislamiento-ventanas-aire-acondicionado-portatil.html\"},\"author\":{\"name\":\"T\u00e9cnico Gavri\",\"@id\":\"https:\\\/\\\/gavri-src.addisnetwork.es\\\/blog\\\/#\\\/schema\\\/person\\\/587329a98b34cfdbbfd1e7fbe7b65296\"},\"headline\":\"\u00bfC\u00f3mo instalar el aislamiento para ventanas con aire acondicionado port\u00e1til?\",\"datePublished\":\"2022-07-08T10:16:56+00:00\",\"dateModified\":\"2022-07-08T10:16:59+00:00\",\"mainEntityOfPage\":{\"@id\":\"https:\\\/\\\/gavri-src.addisnetwork.es\\\/blog\\\/aislamiento-ventanas-aire-acondicionado-portatil.html\"},\"wordCount\":493,\"commentCount\":2,\"publisher\":{\"@id\":\"https:\\\/\\\/gavri-src.addisnetwork.es\\\/blog\\\/#organization\"},\"image\":{\"@id\":\"https:\\\/\\\/gavri-src.addisnetwork.es\\\/blog\\\/aislamiento-ventanas-aire-acondicionado-portatil.html#primaryimage\"},\"thumbnailUrl\":\"https:\\\/\\\/gavri-src.addisnetwork.es\\\/blog\\\/wp-content\\\/uploads\\\/2022\\\/07\\\/Como-instalar-el-aislamiento-para-ventanas-con-aire-acondicionado-portatil.jpeg\",\"keywords\":[\"aire acondicionado\",\"hogar\",\"ventilacion\"],\"articleSection\":[\"Aire acondicionado\"],\"inLanguage\":\"es\",\"potentialAction\":[{\"@type\":\"CommentAction\",\"name\":\"Comment\",\"target\":[\"https:\\\/\\\/gavri-src.addisnetwork.es\\\/blog\\\/aislamiento-ventanas-aire-acondicionado-portatil.html#respond\"]}]},{\"@type\":\"WebPage\",\"@id\":\"https:\\\/\\\/gavri-src.addisnetwork.es\\\/blog\\\/aislamiento-ventanas-aire-acondicionado-portatil.html\",\"url\":\"https:\\\/\\\/gavri-src.addisnetwork.es\\\/blog\\\/aislamiento-ventanas-aire-acondicionado-portatil.html\",\"name\":\"Instalar el aislamiento para ventanas con aire acondicionado port\u00e1til\",\"isPartOf\":{\"@id\":\"https:\\\/\\\/gavri-src.addisnetwork.es\\\/blog\\\/#website\"},\"primaryImageOfPage\":{\"@id\":\"https:\\\/\\\/gavri-src.addisnetwork.es\\\/blog\\\/aislamiento-ventanas-aire-acondicionado-portatil.html#primaryimage\"},\"image\":{\"@id\":\"https:\\\/\\\/gavri-src.addisnetwork.es\\\/blog\\\/aislamiento-ventanas-aire-acondicionado-portatil.html#primaryimage\"},\"thumbnailUrl\":\"https:\\\/\\\/gavri-src.addisnetwork.es\\\/blog\\\/wp-content\\\/uploads\\\/2022\\\/07\\\/Como-instalar-el-aislamiento-para-ventanas-con-aire-acondicionado-portatil.jpeg\",\"datePublished\":\"2022-07-08T10:16:56+00:00\",\"dateModified\":\"2022-07-08T10:16:59+00:00\",\"description\":\"Si quieres aprender a instalar el aislamiento para ventanas con aire acondicionado port\u00e1til, hoy en Gavri te traemos los mejores consejos y productos. \u00a1Toma nota!\",\"breadcrumb\":{\"@id\":\"https:\\\/\\\/gavri-src.addisnetwork.es\\\/blog\\\/aislamiento-ventanas-aire-acondicionado-portatil.html#breadcrumb\"},\"inLanguage\":\"es\",\"potentialAction\":[{\"@type\":\"ReadAction\",\"target\":[\"https:\\\/\\\/gavri-src.addisnetwork.es\\\/blog\\\/aislamiento-ventanas-aire-acondicionado-portatil.html\"]}]},{\"@type\":\"ImageObject\",\"inLanguage\":\"es\",\"@id\":\"https:\\\/\\\/gavri-src.addisnetwork.es\\\/blog\\\/aislamiento-ventanas-aire-acondicionado-portatil.html#primaryimage\",\"url\":\"https:\\\/\\\/gavri-src.addisnetwork.es\\\/blog\\\/wp-content\\\/uploads\\\/2022\\\/07\\\/Como-instalar-el-aislamiento-para-ventanas-con-aire-acondicionado-portatil.jpeg\",\"contentUrl\":\"https:\\\/\\\/gavri-src.addisnetwork.es\\\/blog\\\/wp-content\\\/uploads\\\/2022\\\/07\\\/Como-instalar-el-aislamiento-para-ventanas-con-aire-acondicionado-portatil.jpeg\",\"width\":980,\"height\":629,\"caption\":\"C\u00f3mo instalar el aislamiento para ventanas con aire acondicionado port\u00e1til\"},{\"@type\":\"BreadcrumbList\",\"@id\":\"https:\\\/\\\/gavri-src.addisnetwork.es\\\/blog\\\/aislamiento-ventanas-aire-acondicionado-portatil.html#breadcrumb\",\"itemListElement\":[{\"@type\":\"ListItem\",\"position\":1,\"name\":\"Portada\",\"item\":\"https:\\\/\\\/gavri-src.addisnetwork.es\\\/blog\"},{\"@type\":\"ListItem\",\"position\":2,\"name\":\"\u00bfC\u00f3mo instalar el aislamiento para ventanas con aire acondicionado port\u00e1til?\"}]},{\"@type\":\"WebSite\",\"@id\":\"https:\\\/\\\/gavri-src.addisnetwork.es\\\/blog\\\/#website\",\"url\":\"https:\\\/\\\/gavri-src.addisnetwork.es\\\/blog\\\/\",\"name\":\"Blog de Gavri.es\",\"description\":\"Blog de Gavri.es\",\"publisher\":{\"@id\":\"https:\\\/\\\/gavri-src.addisnetwork.es\\\/blog\\\/#organization\"},\"potentialAction\":[{\"@type\":\"SearchAction\",\"target\":{\"@type\":\"EntryPoint\",\"urlTemplate\":\"https:\\\/\\\/gavri-src.addisnetwork.es\\\/blog\\\/?s={search_term_string}\"},\"query-input\":{\"@type\":\"PropertyValueSpecification\",\"valueRequired\":true,\"valueName\":\"search_term_string\"}}],\"inLanguage\":\"es\"},{\"@type\":\"Organization\",\"@id\":\"https:\\\/\\\/gavri-src.addisnetwork.es\\\/blog\\\/#organization\",\"name\":\"Blog de Gavri.es\",\"url\":\"https:\\\/\\\/gavri-src.addisnetwork.es\\\/blog\\\/\",\"logo\":{\"@type\":\"ImageObject\",\"inLanguage\":\"es\",\"@id\":\"https:\\\/\\\/gavri-src.addisnetwork.es\\\/blog\\\/#\\\/schema\\\/logo\\\/image\\\/\",\"url\":\"https:\\\/\\\/gavri-src.addisnetwork.es\\\/blog\\\/wp-content\\\/uploads\\\/2021\\\/01\\\/cropped-LOGO-gavries-blog-1.png\",\"contentUrl\":\"https:\\\/\\\/gavri-src.addisnetwork.es\\\/blog\\\/wp-content\\\/uploads\\\/2021\\\/01\\\/cropped-LOGO-gavries-blog-1.png\",\"width\":520,\"height\":104,\"caption\":\"Blog de Gavri.es\"},\"image\":{\"@id\":\"https:\\\/\\\/gavri-src.addisnetwork.es\\\/blog\\\/#\\\/schema\\\/logo\\\/image\\\/\"}},{\"@type\":\"Person\",\"@id\":\"https:\\\/\\\/gavri-src.addisnetwork.es\\\/blog\\\/#\\\/schema\\\/person\\\/587329a98b34cfdbbfd1e7fbe7b65296\",\"name\":\"T\u00e9cnico Gavri\",\"image\":{\"@type\":\"ImageObject\",\"inLanguage\":\"es\",\"@id\":\"https:\\\/\\\/secure.gravatar.com\\\/avatar\\\/05be1fcb2076939c113859ec2cf09bc4b6b366950c2e7c2d51962780ab5e6d80?s=96&d=mm&r=g\",\"url\":\"https:\\\/\\\/secure.gravatar.com\\\/avatar\\\/05be1fcb2076939c113859ec2cf09bc4b6b366950c2e7c2d51962780ab5e6d80?s=96&d=mm&r=g\",\"contentUrl\":\"https:\\\/\\\/secure.gravatar.com\\\/avatar\\\/05be1fcb2076939c113859ec2cf09bc4b6b366950c2e7c2d51962780ab5e6d80?s=96&d=mm&r=g\",\"caption\":\"T\u00e9cnico Gavri\"}}]}<\/script>\n<!-- \/ Yoast SEO plugin. -->","yoast_head_json":{"title":"Instalar el aislamiento para ventanas con aire acondicionado port\u00e1til","description":"Si quieres aprender a instalar el aislamiento para ventanas con aire acondicionado port\u00e1til, hoy en Gavri te traemos los mejores consejos y productos. \u00a1Toma nota!","robots":{"index":"index","follow":"follow","max-snippet":"max-snippet:-1","max-image-preview":"max-image-preview:large","max-video-preview":"max-video-preview:-1"},"canonical":"https:\/\/gavri-src.addisnetwork.es\/blog\/aislamiento-ventanas-aire-acondicionado-portatil.html","og_locale":"es_ES","og_type":"article","og_title":"Instalar el aislamiento para ventanas con aire acondicionado port\u00e1til","og_description":"Si quieres aprender a instalar el aislamiento para ventanas con aire acondicionado port\u00e1til, hoy en Gavri te traemos los mejores consejos y productos. \u00a1Toma nota!","og_url":"https:\/\/gavri-src.addisnetwork.es\/blog\/aislamiento-ventanas-aire-acondicionado-portatil.html","og_site_name":"Blog de Gavri.es","article_published_time":"2022-07-08T10:16:56+00:00","article_modified_time":"2022-07-08T10:16:59+00:00","og_image":[{"width":980,"height":629,"url":"https:\/\/gavri-src.addisnetwork.es\/blog\/wp-content\/uploads\/2022\/07\/Como-instalar-el-aislamiento-para-ventanas-con-aire-acondicionado-portatil.jpeg","type":"image\/jpeg"}],"author":"T\u00e9cnico Gavri","twitter_card":"summary_large_image","twitter_misc":{"Escrito por":"T\u00e9cnico Gavri","Tiempo de lectura":"3 minutos"},"schema":{"@context":"https:\/\/schema.org","@graph":[{"@type":"Article","@id":"https:\/\/gavri-src.addisnetwork.es\/blog\/aislamiento-ventanas-aire-acondicionado-portatil.html#article","isPartOf":{"@id":"https:\/\/gavri-src.addisnetwork.es\/blog\/aislamiento-ventanas-aire-acondicionado-portatil.html"},"author":{"name":"T\u00e9cnico Gavri","@id":"https:\/\/gavri-src.addisnetwork.es\/blog\/#\/schema\/person\/587329a98b34cfdbbfd1e7fbe7b65296"},"headline":"\u00bfC\u00f3mo instalar el aislamiento para ventanas con aire acondicionado port\u00e1til?","datePublished":"2022-07-08T10:16:56+00:00","dateModified":"2022-07-08T10:16:59+00:00","mainEntityOfPage":{"@id":"https:\/\/gavri-src.addisnetwork.es\/blog\/aislamiento-ventanas-aire-acondicionado-portatil.html"},"wordCount":493,"commentCount":2,"publisher":{"@id":"https:\/\/gavri-src.addisnetwork.es\/blog\/#organization"},"image":{"@id":"https:\/\/gavri-src.addisnetwork.es\/blog\/aislamiento-ventanas-aire-acondicionado-portatil.html#primaryimage"},"thumbnailUrl":"https:\/\/gavri-src.addisnetwork.es\/blog\/wp-content\/uploads\/2022\/07\/Como-instalar-el-aislamiento-para-ventanas-con-aire-acondicionado-portatil.jpeg","keywords":["aire acondicionado","hogar","ventilacion"],"articleSection":["Aire acondicionado"],"inLanguage":"es","potentialAction":[{"@type":"CommentAction","name":"Comment","target":["https:\/\/gavri-src.addisnetwork.es\/blog\/aislamiento-ventanas-aire-acondicionado-portatil.html#respond"]}]},{"@type":"WebPage","@id":"https:\/\/gavri-src.addisnetwork.es\/blog\/aislamiento-ventanas-aire-acondicionado-portatil.html","url":"https:\/\/gavri-src.addisnetwork.es\/blog\/aislamiento-ventanas-aire-acondicionado-portatil.html","name":"Instalar el aislamiento para ventanas con aire acondicionado port\u00e1til","isPartOf":{"@id":"https:\/\/gavri-src.addisnetwork.es\/blog\/#website"},"primaryImageOfPage":{"@id":"https:\/\/gavri-src.addisnetwork.es\/blog\/aislamiento-ventanas-aire-acondicionado-portatil.html#primaryimage"},"image":{"@id":"https:\/\/gavri-src.addisnetwork.es\/blog\/aislamiento-ventanas-aire-acondicionado-portatil.html#primaryimage"},"thumbnailUrl":"https:\/\/gavri-src.addisnetwork.es\/blog\/wp-content\/uploads\/2022\/07\/Como-instalar-el-aislamiento-para-ventanas-con-aire-acondicionado-portatil.jpeg","datePublished":"2022-07-08T10:16:56+00:00","dateModified":"2022-07-08T10:16:59+00:00","description":"Si quieres aprender a instalar el aislamiento para ventanas con aire acondicionado port\u00e1til, hoy en Gavri te traemos los mejores consejos y productos. \u00a1Toma nota!","breadcrumb":{"@id":"https:\/\/gavri-src.addisnetwork.es\/blog\/aislamiento-ventanas-aire-acondicionado-portatil.html#breadcrumb"},"inLanguage":"es","potentialAction":[{"@type":"ReadAction","target":["https:\/\/gavri-src.addisnetwork.es\/blog\/aislamiento-ventanas-aire-acondicionado-portatil.html"]}]},{"@type":"ImageObject","inLanguage":"es","@id":"https:\/\/gavri-src.addisnetwork.es\/blog\/aislamiento-ventanas-aire-acondicionado-portatil.html#primaryimage","url":"https:\/\/gavri-src.addisnetwork.es\/blog\/wp-content\/uploads\/2022\/07\/Como-instalar-el-aislamiento-para-ventanas-con-aire-acondicionado-portatil.jpeg","contentUrl":"https:\/\/gavri-src.addisnetwork.es\/blog\/wp-content\/uploads\/2022\/07\/Como-instalar-el-aislamiento-para-ventanas-con-aire-acondicionado-portatil.jpeg","width":980,"height":629,"caption":"C\u00f3mo instalar el aislamiento para ventanas con aire acondicionado port\u00e1til"},{"@type":"BreadcrumbList","@id":"https:\/\/gavri-src.addisnetwork.es\/blog\/aislamiento-ventanas-aire-acondicionado-portatil.html#breadcrumb","itemListElement":[{"@type":"ListItem","position":1,"name":"Portada","item":"https:\/\/gavri-src.addisnetwork.es\/blog"},{"@type":"ListItem","position":2,"name":"\u00bfC\u00f3mo instalar el aislamiento para ventanas con aire acondicionado port\u00e1til?"}]},{"@type":"WebSite","@id":"https:\/\/gavri-src.addisnetwork.es\/blog\/#website","url":"https:\/\/gavri-src.addisnetwork.es\/blog\/","name":"Blog de Gavri.es","description":"Blog de Gavri.es","publisher":{"@id":"https:\/\/gavri-src.addisnetwork.es\/blog\/#organization"},"potentialAction":[{"@type":"SearchAction","target":{"@type":"EntryPoint","urlTemplate":"https:\/\/gavri-src.addisnetwork.es\/blog\/?s={search_term_string}"},"query-input":{"@type":"PropertyValueSpecification","valueRequired":true,"valueName":"search_term_string"}}],"inLanguage":"es"},{"@type":"Organization","@id":"https:\/\/gavri-src.addisnetwork.es\/blog\/#organization","name":"Blog de Gavri.es","url":"https:\/\/gavri-src.addisnetwork.es\/blog\/","logo":{"@type":"ImageObject","inLanguage":"es","@id":"https:\/\/gavri-src.addisnetwork.es\/blog\/#\/schema\/logo\/image\/","url":"https:\/\/gavri-src.addisnetwork.es\/blog\/wp-content\/uploads\/2021\/01\/cropped-LOGO-gavries-blog-1.png","contentUrl":"https:\/\/gavri-src.addisnetwork.es\/blog\/wp-content\/uploads\/2021\/01\/cropped-LOGO-gavries-blog-1.png","width":520,"height":104,"caption":"Blog de Gavri.es"},"image":{"@id":"https:\/\/gavri-src.addisnetwork.es\/blog\/#\/schema\/logo\/image\/"}},{"@type":"Person","@id":"https:\/\/gavri-src.addisnetwork.es\/blog\/#\/schema\/person\/587329a98b34cfdbbfd1e7fbe7b65296","name":"T\u00e9cnico Gavri","image":{"@type":"ImageObject","inLanguage":"es","@id":"https:\/\/secure.gravatar.com\/avatar\/05be1fcb2076939c113859ec2cf09bc4b6b366950c2e7c2d51962780ab5e6d80?s=96&d=mm&r=g","url":"https:\/\/secure.gravatar.com\/avatar\/05be1fcb2076939c113859ec2cf09bc4b6b366950c2e7c2d51962780ab5e6d80?s=96&d=mm&r=g","contentUrl":"https:\/\/secure.gravatar.com\/avatar\/05be1fcb2076939c113859ec2cf09bc4b6b366950c2e7c2d51962780ab5e6d80?s=96&d=mm&r=g","caption":"T\u00e9cnico Gavri"}}]}},"_links":{"self":[{"href":"https:\/\/gavri-src.addisnetwork.es\/blog\/wp-json\/wp\/v2\/posts\/683","targetHints":{"allow":["GET"]}}],"collection":[{"href":"https:\/\/gavri-src.addisnetwork.es\/blog\/wp-json\/wp\/v2\/posts"}],"about":[{"href":"https:\/\/gavri-src.addisnetwork.es\/blog\/wp-json\/wp\/v2\/types\/post"}],"author":[{"embeddable":true,"href":"https:\/\/gavri-src.addisnetwork.es\/blog\/wp-json\/wp\/v2\/users\/2"}],"replies":[{"embeddable":true,"href":"https:\/\/gavri-src.addisnetwork.es\/blog\/wp-json\/wp\/v2\/comments?post=683"}],"version-history":[{"count":1,"href":"https:\/\/gavri-src.addisnetwork.es\/blog\/wp-json\/wp\/v2\/posts\/683\/revisions"}],"predecessor-version":[{"id":685,"href":"https:\/\/gavri-src.addisnetwork.es\/blog\/wp-json\/wp\/v2\/posts\/683\/revisions\/685"}],"wp:featuredmedia":[{"embeddable":true,"href":"https:\/\/gavri-src.addisnetwork.es\/blog\/wp-json\/wp\/v2\/media\/684"}],"wp:attachment":[{"href":"https:\/\/gavri-src.addisnetwork.es\/blog\/wp-json\/wp\/v2\/media?parent=683"}],"wp:term":[{"taxonomy":"category","embeddable":true,"href":"https:\/\/gavri-src.addisnetwork.es\/blog\/wp-json\/wp\/v2\/categories?post=683"},{"taxonomy":"post_tag","embeddable":true,"href":"https:\/\/gavri-src.addisnetwork.es\/blog\/wp-json\/wp\/v2\/tags?post=683"}],"curies":[{"name":"wp","href":"https:\/\/api.w.org\/{rel}","templated":true}]}}