{"id":686,"date":"2022-07-15T10:38:26","date_gmt":"2022-07-15T10:38:26","guid":{"rendered":"https:\/\/gavri.es\/blog\/?p=686"},"modified":"2022-07-15T10:46:19","modified_gmt":"2022-07-15T10:46:19","slug":"crea-ventilador-techo-eco-neo-carta","status":"publish","type":"post","link":"https:\/\/gavri-src.addisnetwork.es\/blog\/crea-ventilador-techo-eco-neo-carta.html","title":{"rendered":"Crea tu ventilador de techo Eco Neo a la carta"},"content":{"rendered":"\n<p>\u00bfImaginas poder <a href=\"https:\/\/gavri.es\/crea-tu-ventilador-de-techo-eco-neo-a-la-carta\">crear y personalizar tu propio ventilador de techo<\/a> para tu hogar? \u00a1Pues ahora es posible! Con el modelo Eco Neo III podr\u00e1s escoger tanto su color como su tama\u00f1o ideal para tu hogar siguiendo tan solo unos sencillos pasos.<\/p>\n\n\n\n<p>Si quieres empezar configurar tu propio ventilador, en<a href=\"https:\/\/gavri.es\/\"> Gavri<\/a> te ayudamos a hacerlo paso a paso en el siguiente post. \u00a1Descubre c\u00f3mo! \u00a1Contin\u00faa leyendo!<\/p>\n\n\n\n<!--more-->\n\n\n\n<h2 class=\"wp-block-heading\"><strong>Escoge el mejor motor para tu ventilador de techo silencioso<\/strong><\/h2>\n\n\n\n<p>En primer lugar, deber\u00e1s escoger <strong>el color del motor<\/strong> que m\u00e1s se adapte a tus gustos y a la decoraci\u00f3n de tu hogar. En la web encontrar\u00e1s tonos como <strong>marr\u00f3n, gris, cromo&#8230;etc.<\/strong> De todos modos, si est\u00e1s buscando <strong>un ventilador de estilo moderno<\/strong> te recomendamos el <strong><a href=\"https:\/\/gavri.es\/inicio\/motor-para-ventiladores-de-techo-casafan-413248-eco-neo-iii-cromo-brillante\">Motor para Ventilador de Techo CasaFan Eco Neo III Brillante<\/a><\/strong> y si buscas un acabado mucho <strong>m\u00e1s sofisticado<\/strong>, entonces, te animamos a echar un vistazo al <strong><a href=\"https:\/\/gavri.es\/inicio\/motor-para-ventiladores-de-techo-casafan-413244-eco-neo-iii-laton-antiguo\">Motor para Ventiladores de Techo CasaFan Eco Neo III Lat\u00f3n Antiguo<\/a><\/strong>, que quedar\u00e1 genial en estancias como el sal\u00f3n y la cocina.<\/p>\n\n\n\n<p>Independientemente del color que escojas debes saber que todos ellos cuentan con <strong>accionamiento mediante mando a distancia<\/strong> y cuentan con prestaciones como el <strong>temporizador o motor de bajo consumo<\/strong> entre muchas otras. \u00bfLo vas a dejar escapar?<\/p>\n\n\n\n<h3 class=\"wp-block-heading\"><strong>Es hora de escoger las aspas de tu ventilador de techo de dise\u00f1o<\/strong><\/h3>\n\n\n\n<p>En este segundo paso deber\u00e1s <strong>escoger el tama\u00f1o y color de las aspas<\/strong>. Te recordamos que se tratan de <strong>aspas reversibles<\/strong> de modo que tienen dos acabados en uno, como por ejemplo el <strong><a href=\"https:\/\/gavri.es\/accesorios-para-ventiladores-de-techo\/set-de-4-aspas-o132cm-19502-negro-teca-para-ventiladores-eco-neo-casafan\">Set 4 Aspas 132cm Negro\/Teca para Ventiladores Eco Neo<\/a>.<\/strong><\/p>\n\n\n\n<p>Si tienes claro el acabado que quieres para tu hogar, solo deber\u00e1s <strong>conseguir al tama\u00f1o adecuado.<\/strong> Para acertar de lleno <strong>deber\u00e1s tener en cuenta tanto la altura del techo como el tama\u00f1o de la propia habitaci\u00f3n.<\/strong> As\u00ed que, cuantos m\u00e1s m2 tenga la estancia mayor tendr\u00e1s que ser el di\u00e1metro del ventilador. \u00a1Toma nota!<\/p>\n\n\n\n<h4 class=\"wp-block-heading\"><strong>Configura tu propio ventilador de techo con luz<\/strong><\/h4>\n\n\n\n<p>En este tercer paso, podr\u00e1s escoger <strong>un kit de luz opcional<\/strong> para a\u00f1adir a tu ventilador personalizado. Cada uno tiene un acabado concreto as\u00ed que, te recomendamos escoger <strong>el que mejor combine con las piezas de tu ventilador ya seleccionadas.<\/strong><\/p>\n\n\n\n<p>A la hora de elegir, te recomendamos tener en cuenta el <strong><a href=\"https:\/\/gavri.es\/accesorios-para-ventiladores-de-techo\/kit-de-luz-cromo-brillante-en5z-led-ch-2790-para-ventiladores-de-techo-casafan-eco-neo-iii\">Kit de Luz Cromo Brillante EN5Z-LED 2790 para Ventiladores de Techo<\/a><\/strong> que quedar\u00e1 genial con cualquier modelo. \u00a1Desc\u00fabrelo online!<\/p>\n\n\n\n<h4 class=\"wp-block-heading\"><strong>Ha llegado el momento de disfrutar del mejor ventilador de techo para el hogar<\/strong><\/h4>\n\n\n\n<p>Ahora que ya tienes tu ventilador totalmente personalizado, <strong>\u00a1ha llegado el momento de disfrutarlo!<\/strong> El modelo <strong>Eco Neo III<\/strong> ofrece variedad de prestaciones para todo tipo de hogares, entre ellas, cabe destacar su <strong>funci\u00f3n para invierno y verano<\/strong>, la posibilidad de <strong>instalaci\u00f3n en techo inclinado<\/strong> y que dispone de <strong>6 velocidades diferentes<\/strong>. \u00a1Lo tiene todo!<\/p>\n\n\n\n<p>Ahora que ya sabes c\u00f3mo configurar tu ventilador, \u00a1es momento de ponerse manos a la obra!<\/p>\n","protected":false},"excerpt":{"rendered":"<p>\u00bfImaginas poder crear y personalizar tu propio ventilador de techo para tu hogar? \u00a1Pues ahora es posible! Con el modelo Eco Neo III podr\u00e1s escoger tanto su color como su tama\u00f1o ideal para tu hogar siguiendo &#8230; <a title=\"Crea tu ventilador de techo Eco Neo a la carta\" class=\"read-more\" href=\"https:\/\/gavri-src.addisnetwork.es\/blog\/crea-ventilador-techo-eco-neo-carta.html\" aria-label=\"M\u00e1s en Crea tu ventilador de techo Eco Neo a la carta\">Leer m\u00e1s<\/a><\/p>\n","protected":false},"author":2,"featured_media":687,"comment_status":"open","ping_status":"closed","sticky":false,"template":"","format":"standard","meta":{"footnotes":""},"categories":[24],"tags":[4,7,8,9],"class_list":["post-686","post","type-post","status-publish","format-standard","has-post-thumbnail","hentry","category-ventiladores-de-techo","tag-hogar","tag-ventilacion","tag-ventiladores","tag-ventiladores-de-techo","generate-columns","tablet-grid-50","mobile-grid-100","grid-parent","grid-50","no-featured-image-padding"],"yoast_head":"<!-- This site is optimized with the Yoast SEO plugin v27.5 - https:\/\/yoast.com\/product\/yoast-seo-wordpress\/ -->\n<title>Crea tu ventilador de techo Eco Neo a la carta<\/title>\n<meta name=\"description\" content=\"\u00bfEst\u00e1s buscando un ventilador de techo que se adapte a tus necesidades? \u00a1Est\u00e1s de suerte! En Gavri podr\u00e1s personalizarlo. \u00a1Descubre c\u00f3mo!\" \/>\n<meta name=\"robots\" content=\"index, follow, max-snippet:-1, max-image-preview:large, max-video-preview:-1\" \/>\n<link rel=\"canonical\" href=\"https:\/\/gavri-src.addisnetwork.es\/blog\/crea-ventilador-techo-eco-neo-carta.html\" \/>\n<meta property=\"og:locale\" content=\"es_ES\" \/>\n<meta property=\"og:type\" content=\"article\" \/>\n<meta property=\"og:title\" content=\"Crea tu ventilador de techo Eco Neo a la carta\" \/>\n<meta property=\"og:description\" content=\"\u00bfEst\u00e1s buscando un ventilador de techo que se adapte a tus necesidades? \u00a1Est\u00e1s de suerte! En Gavri podr\u00e1s personalizarlo. \u00a1Descubre c\u00f3mo!\" \/>\n<meta property=\"og:url\" content=\"https:\/\/gavri-src.addisnetwork.es\/blog\/crea-ventilador-techo-eco-neo-carta.html\" \/>\n<meta property=\"og:site_name\" content=\"Blog de Gavri.es\" \/>\n<meta property=\"article:published_time\" content=\"2022-07-15T10:38:26+00:00\" \/>\n<meta property=\"article:modified_time\" content=\"2022-07-15T10:46:19+00:00\" \/>\n<meta property=\"og:image\" content=\"https:\/\/gavri-src.addisnetwork.es\/blog\/wp-content\/uploads\/2022\/07\/Crea-tu-ventilador-de-techo-Eco-Neo-a-la-carta.jpg\" \/>\n\t<meta property=\"og:image:width\" content=\"1000\" \/>\n\t<meta property=\"og:image:height\" content=\"667\" \/>\n\t<meta property=\"og:image:type\" content=\"image\/jpeg\" \/>\n<meta name=\"author\" content=\"T\u00e9cnico Gavri\" \/>\n<meta name=\"twitter:card\" content=\"summary_large_image\" \/>\n<meta name=\"twitter:label1\" content=\"Escrito por\" \/>\n\t<meta name=\"twitter:data1\" content=\"T\u00e9cnico Gavri\" \/>\n\t<meta name=\"twitter:label2\" content=\"Tiempo de lectura\" \/>\n\t<meta name=\"twitter:data2\" content=\"3 minutos\" \/>\n<script type=\"application\/ld+json\" class=\"yoast-schema-graph\">{\"@context\":\"https:\\\/\\\/schema.org\",\"@graph\":[{\"@type\":\"Article\",\"@id\":\"https:\\\/\\\/gavri-src.addisnetwork.es\\\/blog\\\/crea-ventilador-techo-eco-neo-carta.html#article\",\"isPartOf\":{\"@id\":\"https:\\\/\\\/gavri-src.addisnetwork.es\\\/blog\\\/crea-ventilador-techo-eco-neo-carta.html\"},\"author\":{\"name\":\"T\u00e9cnico Gavri\",\"@id\":\"https:\\\/\\\/gavri-src.addisnetwork.es\\\/blog\\\/#\\\/schema\\\/person\\\/587329a98b34cfdbbfd1e7fbe7b65296\"},\"headline\":\"Crea tu ventilador de techo Eco Neo a la carta\",\"datePublished\":\"2022-07-15T10:38:26+00:00\",\"dateModified\":\"2022-07-15T10:46:19+00:00\",\"mainEntityOfPage\":{\"@id\":\"https:\\\/\\\/gavri-src.addisnetwork.es\\\/blog\\\/crea-ventilador-techo-eco-neo-carta.html\"},\"wordCount\":518,\"commentCount\":0,\"publisher\":{\"@id\":\"https:\\\/\\\/gavri-src.addisnetwork.es\\\/blog\\\/#organization\"},\"image\":{\"@id\":\"https:\\\/\\\/gavri-src.addisnetwork.es\\\/blog\\\/crea-ventilador-techo-eco-neo-carta.html#primaryimage\"},\"thumbnailUrl\":\"https:\\\/\\\/gavri-src.addisnetwork.es\\\/blog\\\/wp-content\\\/uploads\\\/2022\\\/07\\\/Crea-tu-ventilador-de-techo-Eco-Neo-a-la-carta.jpg\",\"keywords\":[\"hogar\",\"ventilacion\",\"ventiladores\",\"ventiladores de techo\"],\"articleSection\":[\"Ventiladores de techo\"],\"inLanguage\":\"es\",\"potentialAction\":[{\"@type\":\"CommentAction\",\"name\":\"Comment\",\"target\":[\"https:\\\/\\\/gavri-src.addisnetwork.es\\\/blog\\\/crea-ventilador-techo-eco-neo-carta.html#respond\"]}]},{\"@type\":\"WebPage\",\"@id\":\"https:\\\/\\\/gavri-src.addisnetwork.es\\\/blog\\\/crea-ventilador-techo-eco-neo-carta.html\",\"url\":\"https:\\\/\\\/gavri-src.addisnetwork.es\\\/blog\\\/crea-ventilador-techo-eco-neo-carta.html\",\"name\":\"Crea tu ventilador de techo Eco Neo a la carta\",\"isPartOf\":{\"@id\":\"https:\\\/\\\/gavri-src.addisnetwork.es\\\/blog\\\/#website\"},\"primaryImageOfPage\":{\"@id\":\"https:\\\/\\\/gavri-src.addisnetwork.es\\\/blog\\\/crea-ventilador-techo-eco-neo-carta.html#primaryimage\"},\"image\":{\"@id\":\"https:\\\/\\\/gavri-src.addisnetwork.es\\\/blog\\\/crea-ventilador-techo-eco-neo-carta.html#primaryimage\"},\"thumbnailUrl\":\"https:\\\/\\\/gavri-src.addisnetwork.es\\\/blog\\\/wp-content\\\/uploads\\\/2022\\\/07\\\/Crea-tu-ventilador-de-techo-Eco-Neo-a-la-carta.jpg\",\"datePublished\":\"2022-07-15T10:38:26+00:00\",\"dateModified\":\"2022-07-15T10:46:19+00:00\",\"description\":\"\u00bfEst\u00e1s buscando un ventilador de techo que se adapte a tus necesidades? \u00a1Est\u00e1s de suerte! En Gavri podr\u00e1s personalizarlo. \u00a1Descubre c\u00f3mo!\",\"breadcrumb\":{\"@id\":\"https:\\\/\\\/gavri-src.addisnetwork.es\\\/blog\\\/crea-ventilador-techo-eco-neo-carta.html#breadcrumb\"},\"inLanguage\":\"es\",\"potentialAction\":[{\"@type\":\"ReadAction\",\"target\":[\"https:\\\/\\\/gavri-src.addisnetwork.es\\\/blog\\\/crea-ventilador-techo-eco-neo-carta.html\"]}]},{\"@type\":\"ImageObject\",\"inLanguage\":\"es\",\"@id\":\"https:\\\/\\\/gavri-src.addisnetwork.es\\\/blog\\\/crea-ventilador-techo-eco-neo-carta.html#primaryimage\",\"url\":\"https:\\\/\\\/gavri-src.addisnetwork.es\\\/blog\\\/wp-content\\\/uploads\\\/2022\\\/07\\\/Crea-tu-ventilador-de-techo-Eco-Neo-a-la-carta.jpg\",\"contentUrl\":\"https:\\\/\\\/gavri-src.addisnetwork.es\\\/blog\\\/wp-content\\\/uploads\\\/2022\\\/07\\\/Crea-tu-ventilador-de-techo-Eco-Neo-a-la-carta.jpg\",\"width\":1000,\"height\":667,\"caption\":\"Crea tu ventilador de techo Eco Neo a la carta\"},{\"@type\":\"BreadcrumbList\",\"@id\":\"https:\\\/\\\/gavri-src.addisnetwork.es\\\/blog\\\/crea-ventilador-techo-eco-neo-carta.html#breadcrumb\",\"itemListElement\":[{\"@type\":\"ListItem\",\"position\":1,\"name\":\"Portada\",\"item\":\"https:\\\/\\\/gavri-src.addisnetwork.es\\\/blog\"},{\"@type\":\"ListItem\",\"position\":2,\"name\":\"Crea tu ventilador de techo Eco Neo a la carta\"}]},{\"@type\":\"WebSite\",\"@id\":\"https:\\\/\\\/gavri-src.addisnetwork.es\\\/blog\\\/#website\",\"url\":\"https:\\\/\\\/gavri-src.addisnetwork.es\\\/blog\\\/\",\"name\":\"Blog de Gavri.es\",\"description\":\"Blog de Gavri.es\",\"publisher\":{\"@id\":\"https:\\\/\\\/gavri-src.addisnetwork.es\\\/blog\\\/#organization\"},\"potentialAction\":[{\"@type\":\"SearchAction\",\"target\":{\"@type\":\"EntryPoint\",\"urlTemplate\":\"https:\\\/\\\/gavri-src.addisnetwork.es\\\/blog\\\/?s={search_term_string}\"},\"query-input\":{\"@type\":\"PropertyValueSpecification\",\"valueRequired\":true,\"valueName\":\"search_term_string\"}}],\"inLanguage\":\"es\"},{\"@type\":\"Organization\",\"@id\":\"https:\\\/\\\/gavri-src.addisnetwork.es\\\/blog\\\/#organization\",\"name\":\"Blog de Gavri.es\",\"url\":\"https:\\\/\\\/gavri-src.addisnetwork.es\\\/blog\\\/\",\"logo\":{\"@type\":\"ImageObject\",\"inLanguage\":\"es\",\"@id\":\"https:\\\/\\\/gavri-src.addisnetwork.es\\\/blog\\\/#\\\/schema\\\/logo\\\/image\\\/\",\"url\":\"https:\\\/\\\/gavri-src.addisnetwork.es\\\/blog\\\/wp-content\\\/uploads\\\/2021\\\/01\\\/cropped-LOGO-gavries-blog-1.png\",\"contentUrl\":\"https:\\\/\\\/gavri-src.addisnetwork.es\\\/blog\\\/wp-content\\\/uploads\\\/2021\\\/01\\\/cropped-LOGO-gavries-blog-1.png\",\"width\":520,\"height\":104,\"caption\":\"Blog de Gavri.es\"},\"image\":{\"@id\":\"https:\\\/\\\/gavri-src.addisnetwork.es\\\/blog\\\/#\\\/schema\\\/logo\\\/image\\\/\"}},{\"@type\":\"Person\",\"@id\":\"https:\\\/\\\/gavri-src.addisnetwork.es\\\/blog\\\/#\\\/schema\\\/person\\\/587329a98b34cfdbbfd1e7fbe7b65296\",\"name\":\"T\u00e9cnico Gavri\",\"image\":{\"@type\":\"ImageObject\",\"inLanguage\":\"es\",\"@id\":\"https:\\\/\\\/secure.gravatar.com\\\/avatar\\\/05be1fcb2076939c113859ec2cf09bc4b6b366950c2e7c2d51962780ab5e6d80?s=96&d=mm&r=g\",\"url\":\"https:\\\/\\\/secure.gravatar.com\\\/avatar\\\/05be1fcb2076939c113859ec2cf09bc4b6b366950c2e7c2d51962780ab5e6d80?s=96&d=mm&r=g\",\"contentUrl\":\"https:\\\/\\\/secure.gravatar.com\\\/avatar\\\/05be1fcb2076939c113859ec2cf09bc4b6b366950c2e7c2d51962780ab5e6d80?s=96&d=mm&r=g\",\"caption\":\"T\u00e9cnico Gavri\"}}]}<\/script>\n<!-- \/ Yoast SEO plugin. -->","yoast_head_json":{"title":"Crea tu ventilador de techo Eco Neo a la carta","description":"\u00bfEst\u00e1s buscando un ventilador de techo que se adapte a tus necesidades? \u00a1Est\u00e1s de suerte! En Gavri podr\u00e1s personalizarlo. \u00a1Descubre c\u00f3mo!","robots":{"index":"index","follow":"follow","max-snippet":"max-snippet:-1","max-image-preview":"max-image-preview:large","max-video-preview":"max-video-preview:-1"},"canonical":"https:\/\/gavri-src.addisnetwork.es\/blog\/crea-ventilador-techo-eco-neo-carta.html","og_locale":"es_ES","og_type":"article","og_title":"Crea tu ventilador de techo Eco Neo a la carta","og_description":"\u00bfEst\u00e1s buscando un ventilador de techo que se adapte a tus necesidades? \u00a1Est\u00e1s de suerte! En Gavri podr\u00e1s personalizarlo. \u00a1Descubre c\u00f3mo!","og_url":"https:\/\/gavri-src.addisnetwork.es\/blog\/crea-ventilador-techo-eco-neo-carta.html","og_site_name":"Blog de Gavri.es","article_published_time":"2022-07-15T10:38:26+00:00","article_modified_time":"2022-07-15T10:46:19+00:00","og_image":[{"width":1000,"height":667,"url":"https:\/\/gavri-src.addisnetwork.es\/blog\/wp-content\/uploads\/2022\/07\/Crea-tu-ventilador-de-techo-Eco-Neo-a-la-carta.jpg","type":"image\/jpeg"}],"author":"T\u00e9cnico Gavri","twitter_card":"summary_large_image","twitter_misc":{"Escrito por":"T\u00e9cnico Gavri","Tiempo de lectura":"3 minutos"},"schema":{"@context":"https:\/\/schema.org","@graph":[{"@type":"Article","@id":"https:\/\/gavri-src.addisnetwork.es\/blog\/crea-ventilador-techo-eco-neo-carta.html#article","isPartOf":{"@id":"https:\/\/gavri-src.addisnetwork.es\/blog\/crea-ventilador-techo-eco-neo-carta.html"},"author":{"name":"T\u00e9cnico Gavri","@id":"https:\/\/gavri-src.addisnetwork.es\/blog\/#\/schema\/person\/587329a98b34cfdbbfd1e7fbe7b65296"},"headline":"Crea tu ventilador de techo Eco Neo a la carta","datePublished":"2022-07-15T10:38:26+00:00","dateModified":"2022-07-15T10:46:19+00:00","mainEntityOfPage":{"@id":"https:\/\/gavri-src.addisnetwork.es\/blog\/crea-ventilador-techo-eco-neo-carta.html"},"wordCount":518,"commentCount":0,"publisher":{"@id":"https:\/\/gavri-src.addisnetwork.es\/blog\/#organization"},"image":{"@id":"https:\/\/gavri-src.addisnetwork.es\/blog\/crea-ventilador-techo-eco-neo-carta.html#primaryimage"},"thumbnailUrl":"https:\/\/gavri-src.addisnetwork.es\/blog\/wp-content\/uploads\/2022\/07\/Crea-tu-ventilador-de-techo-Eco-Neo-a-la-carta.jpg","keywords":["hogar","ventilacion","ventiladores","ventiladores de techo"],"articleSection":["Ventiladores de techo"],"inLanguage":"es","potentialAction":[{"@type":"CommentAction","name":"Comment","target":["https:\/\/gavri-src.addisnetwork.es\/blog\/crea-ventilador-techo-eco-neo-carta.html#respond"]}]},{"@type":"WebPage","@id":"https:\/\/gavri-src.addisnetwork.es\/blog\/crea-ventilador-techo-eco-neo-carta.html","url":"https:\/\/gavri-src.addisnetwork.es\/blog\/crea-ventilador-techo-eco-neo-carta.html","name":"Crea tu ventilador de techo Eco Neo a la carta","isPartOf":{"@id":"https:\/\/gavri-src.addisnetwork.es\/blog\/#website"},"primaryImageOfPage":{"@id":"https:\/\/gavri-src.addisnetwork.es\/blog\/crea-ventilador-techo-eco-neo-carta.html#primaryimage"},"image":{"@id":"https:\/\/gavri-src.addisnetwork.es\/blog\/crea-ventilador-techo-eco-neo-carta.html#primaryimage"},"thumbnailUrl":"https:\/\/gavri-src.addisnetwork.es\/blog\/wp-content\/uploads\/2022\/07\/Crea-tu-ventilador-de-techo-Eco-Neo-a-la-carta.jpg","datePublished":"2022-07-15T10:38:26+00:00","dateModified":"2022-07-15T10:46:19+00:00","description":"\u00bfEst\u00e1s buscando un ventilador de techo que se adapte a tus necesidades? \u00a1Est\u00e1s de suerte! En Gavri podr\u00e1s personalizarlo. \u00a1Descubre c\u00f3mo!","breadcrumb":{"@id":"https:\/\/gavri-src.addisnetwork.es\/blog\/crea-ventilador-techo-eco-neo-carta.html#breadcrumb"},"inLanguage":"es","potentialAction":[{"@type":"ReadAction","target":["https:\/\/gavri-src.addisnetwork.es\/blog\/crea-ventilador-techo-eco-neo-carta.html"]}]},{"@type":"ImageObject","inLanguage":"es","@id":"https:\/\/gavri-src.addisnetwork.es\/blog\/crea-ventilador-techo-eco-neo-carta.html#primaryimage","url":"https:\/\/gavri-src.addisnetwork.es\/blog\/wp-content\/uploads\/2022\/07\/Crea-tu-ventilador-de-techo-Eco-Neo-a-la-carta.jpg","contentUrl":"https:\/\/gavri-src.addisnetwork.es\/blog\/wp-content\/uploads\/2022\/07\/Crea-tu-ventilador-de-techo-Eco-Neo-a-la-carta.jpg","width":1000,"height":667,"caption":"Crea tu ventilador de techo Eco Neo a la carta"},{"@type":"BreadcrumbList","@id":"https:\/\/gavri-src.addisnetwork.es\/blog\/crea-ventilador-techo-eco-neo-carta.html#breadcrumb","itemListElement":[{"@type":"ListItem","position":1,"name":"Portada","item":"https:\/\/gavri-src.addisnetwork.es\/blog"},{"@type":"ListItem","position":2,"name":"Crea tu ventilador de techo Eco Neo a la carta"}]},{"@type":"WebSite","@id":"https:\/\/gavri-src.addisnetwork.es\/blog\/#website","url":"https:\/\/gavri-src.addisnetwork.es\/blog\/","name":"Blog de Gavri.es","description":"Blog de Gavri.es","publisher":{"@id":"https:\/\/gavri-src.addisnetwork.es\/blog\/#organization"},"potentialAction":[{"@type":"SearchAction","target":{"@type":"EntryPoint","urlTemplate":"https:\/\/gavri-src.addisnetwork.es\/blog\/?s={search_term_string}"},"query-input":{"@type":"PropertyValueSpecification","valueRequired":true,"valueName":"search_term_string"}}],"inLanguage":"es"},{"@type":"Organization","@id":"https:\/\/gavri-src.addisnetwork.es\/blog\/#organization","name":"Blog de Gavri.es","url":"https:\/\/gavri-src.addisnetwork.es\/blog\/","logo":{"@type":"ImageObject","inLanguage":"es","@id":"https:\/\/gavri-src.addisnetwork.es\/blog\/#\/schema\/logo\/image\/","url":"https:\/\/gavri-src.addisnetwork.es\/blog\/wp-content\/uploads\/2021\/01\/cropped-LOGO-gavries-blog-1.png","contentUrl":"https:\/\/gavri-src.addisnetwork.es\/blog\/wp-content\/uploads\/2021\/01\/cropped-LOGO-gavries-blog-1.png","width":520,"height":104,"caption":"Blog de Gavri.es"},"image":{"@id":"https:\/\/gavri-src.addisnetwork.es\/blog\/#\/schema\/logo\/image\/"}},{"@type":"Person","@id":"https:\/\/gavri-src.addisnetwork.es\/blog\/#\/schema\/person\/587329a98b34cfdbbfd1e7fbe7b65296","name":"T\u00e9cnico Gavri","image":{"@type":"ImageObject","inLanguage":"es","@id":"https:\/\/secure.gravatar.com\/avatar\/05be1fcb2076939c113859ec2cf09bc4b6b366950c2e7c2d51962780ab5e6d80?s=96&d=mm&r=g","url":"https:\/\/secure.gravatar.com\/avatar\/05be1fcb2076939c113859ec2cf09bc4b6b366950c2e7c2d51962780ab5e6d80?s=96&d=mm&r=g","contentUrl":"https:\/\/secure.gravatar.com\/avatar\/05be1fcb2076939c113859ec2cf09bc4b6b366950c2e7c2d51962780ab5e6d80?s=96&d=mm&r=g","caption":"T\u00e9cnico Gavri"}}]}},"_links":{"self":[{"href":"https:\/\/gavri-src.addisnetwork.es\/blog\/wp-json\/wp\/v2\/posts\/686","targetHints":{"allow":["GET"]}}],"collection":[{"href":"https:\/\/gavri-src.addisnetwork.es\/blog\/wp-json\/wp\/v2\/posts"}],"about":[{"href":"https:\/\/gavri-src.addisnetwork.es\/blog\/wp-json\/wp\/v2\/types\/post"}],"author":[{"embeddable":true,"href":"https:\/\/gavri-src.addisnetwork.es\/blog\/wp-json\/wp\/v2\/users\/2"}],"replies":[{"embeddable":true,"href":"https:\/\/gavri-src.addisnetwork.es\/blog\/wp-json\/wp\/v2\/comments?post=686"}],"version-history":[{"count":1,"href":"https:\/\/gavri-src.addisnetwork.es\/blog\/wp-json\/wp\/v2\/posts\/686\/revisions"}],"predecessor-version":[{"id":688,"href":"https:\/\/gavri-src.addisnetwork.es\/blog\/wp-json\/wp\/v2\/posts\/686\/revisions\/688"}],"wp:featuredmedia":[{"embeddable":true,"href":"https:\/\/gavri-src.addisnetwork.es\/blog\/wp-json\/wp\/v2\/media\/687"}],"wp:attachment":[{"href":"https:\/\/gavri-src.addisnetwork.es\/blog\/wp-json\/wp\/v2\/media?parent=686"}],"wp:term":[{"taxonomy":"category","embeddable":true,"href":"https:\/\/gavri-src.addisnetwork.es\/blog\/wp-json\/wp\/v2\/categories?post=686"},{"taxonomy":"post_tag","embeddable":true,"href":"https:\/\/gavri-src.addisnetwork.es\/blog\/wp-json\/wp\/v2\/tags?post=686"}],"curies":[{"name":"wp","href":"https:\/\/api.w.org\/{rel}","templated":true}]}}