{"id":69,"date":"2020-11-29T18:55:00","date_gmt":"2020-11-29T18:55:00","guid":{"rendered":"https:\/\/gavri.ivansol.com\/blog\/?p=69"},"modified":"2021-04-29T09:40:13","modified_gmt":"2021-04-29T09:40:13","slug":"comprueba-en-estos-videos-como-funcionan-los-ventiladores-b69","status":"publish","type":"post","link":"https:\/\/gavri-src.addisnetwork.es\/blog\/comprueba-en-estos-videos-como-funcionan-los-ventiladores-b69.html","title":{"rendered":"Comprueba en estos v\u00eddeos c\u00f3mo funcionan los ventiladores"},"content":{"rendered":"<div class=\"container\">\n<div class=\"row\">\n<p><span style=\"font-size:14pt;\"><span style=\"font-size:14pt;\"><span style=\"font-size:14pt;\"><span style=\"font-size:12pt;\"><br \/>\n<a href=\"https:\/\/www.youtube.com\/channel\/UCYZcVKfv7hvG8N34-CpTzLw\" target=\"_blank\" rel=\"noopener\"><img loading=\"lazy\" decoding=\"async\" src=\"https:\/\/gavri.es\/img\/cms\/Blog\/ICONO-YOUTUBE-gavri.png\" alt=\"V\u00cdDEOS SOBRE VENTILADORES DE TECHO\" width=\"320\" height=\"110\"><span style=\"color:#ffffff;\">_<\/span><\/a><a href=\"https:\/\/gavri.es\/ventiladores-de-techo\" target=\"_blank\" rel=\"noopener\"><img loading=\"lazy\" decoding=\"async\" src=\"https:\/\/gavri.es\/img\/cms\/Blog\/ventiladores-recortado---copia.png\" alt=\"ventiladores-recortado---copia.png\" width=\"320\" height=\"109\"><\/a><\/span><\/span><\/span><\/span><\/p>\n<p><span style=\"font-size:14pt;\"><span style=\"font-size:14pt;\"><span style=\"font-size:14pt;\"><span style=\"font-size:12pt;\">En esta secci\u00f3n encontrar\u00e1s videos sobre los ventiladores de techo de los cu\u00e1les disponemos en la web. De esta forma los podr\u00e1s ver en movimiento y hacerte una mejor idea sobre ellos.<\/span><\/span><\/span><\/span><\/p>\n<hr>\n<div class=\"embed-container\"><iframe loading=\"lazy\" src=\"https:\/\/www.youtube.com\/embed\/SYdoxWuFXLU\" width=\"460\" height=\"315\" frameborder=\"0\"><\/iframe><\/div>\n<p><span style=\"font-size:14pt;\"><strong><span style=\"font-size:14pt;\"><span style=\"font-size:14pt;\"><span style=\"font-size:12pt;\"><br \/>\n<\/span><\/span><\/span><\/strong><span style=\"font-size:14pt;\">El ventilador de techo con luz CasaFan <strong>Titanium<\/strong> incluye mando a distancia que permite controlar las 3 velocidades, el encendido, atenuaci\u00f3n y apagado de la luz. Tambi\u00e9n se puede controlar por medio de un panel a la pared que debe ser adquirido por separado. <\/span><span style=\"text-decoration:underline;\"><a href=\"https:\/\/gavri.es\/ventiladores-de-techo-con-luz\/ventilador-de-techo-con-luz-casafan-9513260-titanium-132-haya-o-pino-cromo-satinado\" target=\"_blank\" rel=\"noopener\">Haz click<\/a><\/span> aqu\u00ed para ver el producto completo.<\/span><\/p>\n<div class=\"embed-container\"><iframe loading=\"lazy\" src=\"https:\/\/www.youtube.com\/embed\/l9IF6K55OGA\" width=\"460\" height=\"315\" frameborder=\"0\"><\/iframe><\/div>\n<p><span style=\"font-size:14pt;\"><span style=\"font-size:14pt;\"><span style=\"font-size:14pt;\"><span style=\"font-size:12pt;\"><br \/>\n<\/span><\/span><\/span><\/span><span style=\"font-size:14pt;\">El <strong>Roadhouse Eco<\/strong> es un ventilador de techo con un estilo \u00abcountry\u00bb de apariencia muy r\u00fastica. Es ideal para habitaciones y estancias con una decoraci\u00f3n cl\u00e1sica y\/o de campo. Sus 4 aspas conforman un di\u00e1metro de 132 cm. A\u00fan as\u00ed, este ventilador puede se puede montar con 2 o 4 aspas, seg\u00fan se prefiera. <span style=\"font-size:14pt;\"><span style=\"font-size:14pt;\"><span style=\"text-decoration:underline;\"><a href=\"https:\/\/gavri.es\/ventiladores-de-techo\/ventilador-de-techo-casafan-9432821-roadhouse-eco-132-ba-roble-o-nogal-antiguo-bronce-rustico\" target=\"_blank\" rel=\"noopener\">Haz click<\/a><\/span> aqu\u00ed para ver el producto completo.<br \/>\n<\/span><\/span><\/span><\/p>\n<div class=\"embed-container\"><iframe loading=\"lazy\" src=\"https:\/\/www.youtube.com\/embed\/772aBJGbXwE\" width=\"460\" height=\"315\" frameborder=\"0\"><\/iframe><\/div>\n<p><span style=\"font-size:14pt;\"><span style=\"font-size:14pt;\"><span style=\"font-size:14pt;\"><span style=\"font-size:12pt;\"><br \/>\n<\/span><\/span><\/span><span style=\"font-size:14pt;\">El ventilador de techo con luz <strong>Mirage<\/strong> incluye mando a distancia FB-FNK que permite controlar las 3 velocidades, el encendido, atenuaci\u00f3n y apagado de la luz, tambi\u00e9n se puede controlar por medio de un panel a la pared que debe ser adquirido por separado. Tiene un di\u00e1metro de 142 cm y 4 aspas con opci\u00f3n de montar 2, 3 \u00f3 las 4 palas. Se pueden adquirir por separado aspas de otros colores (blanco, negro o plateado). <\/span><span style=\"font-size:14pt;\"><span style=\"text-decoration:underline;\"><a href=\"https:\/\/gavri.es\/buscar?controller=search&amp;s=MIRAGE\" target=\"_blank\" rel=\"noopener\">Haz click<\/a><\/span> aqu\u00ed para ver el producto completo.<\/span><\/span><\/p>\n<p><span style=\"font-size:14pt;\"><\/span><span style=\"font-size:14pt;\"><\/span><br \/>\n<span style=\"font-size:14pt;\"><\/span><\/p>\n<div class=\"embed-container\"><iframe loading=\"lazy\" src=\"https:\/\/www.youtube.com\/embed\/SMPz5ExqdZE\" width=\"460\" height=\"315\" frameborder=\"0\"><\/iframe><\/div>\n<p><span style=\"font-size:14pt;\"><span style=\"font-size:14pt;\"><span style=\"font-size:14pt;\"><span style=\"font-size:12pt;\"><br \/>\n<\/span><\/span><\/span><\/span><span style=\"font-size:14pt;\">Con la l\u00e1mpara ventilador <strong>Libeccio<\/strong>, <span style=\"font-size:14pt;\">tienes 2 tama\u00f1os y 4 dise\u00f1os en un solo producto para poder renovar el estilo de tu ambiente, sin tener que comprar un nuevo ventilador. I<\/span>ncluye mando a distancia FB-FNK que permite controlar las 3 velocidades, el encendido, atenuaci\u00f3n y apagado de la luz, tambi\u00e9n se puede controlar por medio de un panel a la pared que puede ser adquirido por separado. Seg\u00fan las aspas puede tener un di\u00e1metro de 120 cm \u00f3 142 cm. <span style=\"font-size:14pt;\"><span style=\"text-decoration:underline;\"><a href=\"https:\/\/gavri.es\/buscar?controller=search&amp;s=LIBECCIO\" target=\"_blank\" rel=\"noopener\">Haz click<\/a><\/span> aqu\u00ed para ver el producto completo.<\/span><br \/>\n<\/span><\/p>\n<div class=\"embed-container\"><iframe loading=\"lazy\" src=\"https:\/\/www.youtube.com\/embed\/vk49JLeu5pE\" width=\"460\" height=\"315\" frameborder=\"0\"><\/iframe><\/div>\n<p><span style=\"font-size:14pt;\"><span style=\"font-size:14pt;\"><span style=\"font-size:14pt;\"><span style=\"font-size:12pt;\"><br \/>\n<\/span><\/span><\/span><\/span><span style=\"font-size:14pt;\">El ventilador de techo <strong>ECO PLANO<\/strong> es un ventilador de techo con un di\u00e1metro de 132 cm. Tiene 4 aspas, aunque se que pueden montar 2, 3 \u00f3 4 de las aspas. <span style=\"font-size:14pt;\">Incluye mando a distancia para su accionamiento y cambio de las 6 velocidades a un <\/span>max. 195 r.p.m. y una potencia que va de 4 W a 31 W. El motor DC de corriente continua hace que estos ventiladores de techo generen un ahorro en el consumo el\u00e9ctrico, sean m\u00e1s livianos, ultra silenciosos y tengan mayor vida \u00fatil. <span style=\"font-size:14pt;\">Se puede adquirir por separado una l\u00e1mpara para 2 bombillas E14 max. 40 W (no incluidas).<\/span> La tecnolog\u00eda inversa permite la refrigeraci\u00f3n en verano y el calentamiento de la habitaci\u00f3n en invierno (enviando el aire caliente acumulado en la parte superior del la habitaci\u00f3n hacia abajo). El ventilador para techo tambi\u00e9n tiene la funci\u00f3n \u00abslow motion\u00bb que genera una suave brisa por la noche sin molestar mientras se descansa. <span style=\"font-size:14pt;\"><span style=\"text-decoration:underline;\"><a href=\"https:\/\/gavri.es\/ventiladores-de-techo-sin-luz\/ventilador-de-techo-casafan-313263-eco-plano-blanco\" target=\"_blank\" rel=\"noopener\">Haz click<\/a><\/span> aqu\u00ed para ver el producto completo.<\/span><br \/>\n<\/span><\/p>\n<p><span style=\"font-size:14pt;\"><\/span><\/p>\n<div class=\"embed-container\"><iframe loading=\"lazy\" src=\"https:\/\/www.youtube.com\/embed\/uk3gUM8bGW0\" width=\"460\" height=\"315\" frameborder=\"0\"><\/iframe><\/div>\n<p><span style=\"font-size:14pt;\"><span style=\"font-size:14pt;\"><span style=\"font-size:14pt;\"><span style=\"font-size:12pt;\"><br \/>\n<\/span><\/span><\/span><\/span><span style=\"font-size:14pt;\">El <strong>ECO GAMMA<\/strong> es un ventilador de techo con una apariencia r\u00fastica y actual, que destaca por su motor redondeado hecho de acero. Tiene un di\u00e1metro de <strong>103 cm,<\/strong> y es adecuado para estancias con un tama\u00f1o hasta los <strong>12m2 <\/strong>y una altura de <strong>2,4 m a 2,8 m<\/strong>. <span style=\"font-size:14pt;\"><span style=\"text-decoration:underline;\"><a href=\"https:\/\/gavri.es\/buscar?controller=search&amp;s=GAMMA\" target=\"_blank\" rel=\"noopener\">Haz click<\/a><\/span> aqu\u00ed para ver el producto completo.<\/span><\/span><\/p>\n<p><span style=\"font-size:14pt;\"><\/span><\/p>\n<div class=\"embed-container\"><iframe loading=\"lazy\" src=\"https:\/\/www.youtube.com\/embed\/kdJCcvqYsH8\" width=\"460\" height=\"315\" frameborder=\"0\"><\/iframe><\/div>\n<p><span style=\"font-size:14pt;\"><span style=\"font-size:14pt;\"><span style=\"font-size:14pt;\"><span style=\"font-size:12pt;\"><br \/>\n<\/span><\/span><\/span><\/span><span style=\"font-size:14pt;\">El ventilador de techo <strong>ECO AVIATOS<\/strong> tiene 3 aspas que conforman un di\u00e1metro de 132 cm. Tanto las aspas como el motoro son de color gris basalto. Est\u00e1 pensado para estancias con un tama\u00f1o medio de unos 17,6 m2 y de una altura de 2,4 m &#8211; 2,8 m. El ventilador dispone de una l\u00e1mpara con un dise\u00f1o de s<span class=\"st\">emi\u00f3valo <\/span> de cristal opaco, con 2 bombillas de 40 W m\u00e1x. y con rosquilla E27 (no incluidas), permitiendo de esta forma usar tambi\u00e9n bombillas de bajo consumo. <span style=\"font-size:14pt;\"><span style=\"text-decoration:underline;\"><a href=\"https:\/\/gavri.es\/buscar?controller=search&amp;s=AVIATOS\" target=\"_blank\" rel=\"noopener\">Haz click<\/a><\/span> aqu\u00ed para ver el producto completo.<\/span><\/span><\/p>\n<p><span style=\"font-size:14pt;\"><\/span><\/p>\n<div class=\"embed-container\"><iframe loading=\"lazy\" src=\"https:\/\/www.youtube.com\/embed\/U05Ma3Xye14\" width=\"460\" height=\"315\" frameborder=\"0\"><\/iframe><\/div>\n<p><span style=\"font-size:14pt;\"><span style=\"font-size:14pt;\"><span style=\"font-size:14pt;\"><span style=\"font-size:12pt;\"><br \/>\n<\/span><\/span><\/span><\/span><span style=\"font-size:14pt;\">El <strong>ECO AIRSCREW<\/strong> con un di\u00e1metro de 152 cm tiene un dise\u00f1o con forma de h\u00e9lice aut\u00e9ntica. E<span style=\"font-size:14pt;\">s adecuado para salones o ambientes con un tama\u00f1o aproximado a 17,6 m2 y de una altura de 2,4 m &#8211; 2,8 m. <\/span>Su funcionamiento es manejado por medio del control remoto por radiofrecuencia incluido (con soporte a la pared). Desde el mando a distancia se controla su encendido, cambio de sus 6 velocidades, la funci\u00f3n inversa y el apagado. Este producto tiene 3 aspas fresadas de madera maciza encolada en color gris envejecido. El ventilador para techo tiene 6 velocidades: max. 149 r.p.m. a una potencia que va de 3 W a 16 W max. Incluye la funci\u00f3n \u00abslow motion\u00bb s\u00faper silenciosa. <span style=\"font-size:14pt;\"><span style=\"text-decoration:underline;\"><a href=\"https:\/\/gavri.es\/ventiladores-de-techo-sin-luz\/ventilador-de-techo-casafan-315220-eco-airscrew-152-madera-maciza-gris-envejecido-cromo-satinado\" target=\"_blank\" rel=\"noopener\">Haz click<\/a><\/span> aqu\u00ed para ver el producto completo.<\/span><\/span><\/p>\n<p><span style=\"font-size:14pt;\"><\/span><\/p>\n<div class=\"embed-container\"><iframe loading=\"lazy\" src=\"https:\/\/www.youtube.com\/embed\/MsGWiZxYUEU\" width=\"460\" height=\"315\" frameborder=\"0\"><\/iframe><\/div>\n<p><span style=\"font-size:14pt;\"><span style=\"font-size:14pt;\"><span style=\"font-size:14pt;\"><span style=\"font-size:12pt;\"><br \/>\n<\/span><\/span><\/span><\/span><span style=\"font-size:14pt;\">El ventilador de techo<b> ECO GENUINO<\/b> tiene un di\u00e1metro de 152 cm, e<span style=\"font-size:14pt;\">s adecuado para ambientes con un tama\u00f1o superior a 17,6 m2 y de una altura de 2,4 m &#8211; 2,8 m. <\/span>Su funcionamiento es manejado por medio del control remoto incluido (con soporte a la pared). Desde el mando se controla su encendido, cambio de velocidades, la funci\u00f3n inversa y el apagado. Este producto tiene 3 aspas de color madera natural. El ventilador para techo tiene 6 velocidades: max. 143 r.p.m. a una potencia que va de 3 W a 14 W. Incluye la funci\u00f3n \u00abslow motion\u00bb s\u00faper silenciosa. <span style=\"font-size:14pt;\"><span style=\"text-decoration:underline;\"><a href=\"https:\/\/gavri.es\/buscar?controller=search&amp;order=product.price.desc&amp;s=GENUINO\" target=\"_blank\" rel=\"noopener\">Haz click<\/a><\/span> aqu\u00ed para ver el producto completo.<\/span><\/span><\/p>\n<div class=\"embed-container\"><iframe loading=\"lazy\" src=\"https:\/\/www.youtube.com\/embed\/NF-21Bk0ZB4\" width=\"460\" height=\"315\" frameborder=\"0\"><\/iframe><\/div>\n<p><span style=\"font-size:14pt;\"><span style=\"font-size:14pt;\"><span style=\"font-size:14pt;\"><span style=\"font-size:12pt;\"><br \/>\n<\/span><\/span><\/span><\/span><span style=\"font-size:14pt;\">El ventilador de techo <strong>ECO NEO II <\/strong>tiene un di\u00e1metro de 180 cm. Se acciona, cambia sus 6 velocidades y se activa la funci\u00f3n reverso por medio del mando a distancia incluido. Si le agregas una l\u00e1mpara, desde el control remoto tambi\u00e9n puedes manejar el encendido, atenuaci\u00f3n y apagado de la luz. Este producto incluye 2 aspas, pero permite la instalaci\u00f3n de 2, 3 \u00f3 4 palas (se debe adquirir un <a href=\"https:\/\/gavri.es\/accesorios-para-ventiladores-de-techo\/set-de-2-aspas-o-180-cm-19524-color-arce-haya-para-ventiladores-eco-neo-ii-casafan\" target=\"_blank\" rel=\"noopener\"><span style=\"text-decoration:underline;\"><span style=\"color:#0000ff;text-decoration:underline;\"><span style=\"color:#0000ff;text-decoration:underline;\">set de 2<\/span><\/span><span style=\"color:#0000ff;text-decoration:underline;\"><span style=\"color:#0000ff;text-decoration:underline;\"> a<\/span><\/span><span style=\"color:#0000ff;text-decoration:underline;\"><span style=\"color:#0000ff;text-decoration:underline;\">spas<\/span><\/span><\/span><\/a> por separado). Son adecuados para habitaciones con un tama\u00f1o superior a 17,6 m2 y de una altura de 2,4 m &#8211; 2,8 m. El ventilador dom\u00e9stico tiene 6 velocidades: max. 185 r.p.m. a una potencia que va de 6 W a 31 W. Incluye velocidad \u00abslow motion\u00bb super silenciosa, generando una brisa suave que no molesta al descansar. <span style=\"font-size:14pt;\"><span style=\"text-decoration:underline;\"><a href=\"https:\/\/gavri.es\/buscar?controller=search&amp;order=product.price.desc&amp;s=NEO\" target=\"_blank\" rel=\"noopener\">Haz click<\/a><\/span> aqu\u00ed para ver el producto completo.<\/span><\/span><\/p>\n<p><span style=\"font-size:14pt;\"><span style=\"font-size:14pt;\"><span style=\"font-size:14pt;\"><span style=\"font-size:12pt;\"><a href=\"https:\/\/www.youtube.com\/channel\/UCYZcVKfv7hvG8N34-CpTzLw\" target=\"_blank\" rel=\"noopener\"><img loading=\"lazy\" decoding=\"async\" src=\"https:\/\/gavri.es\/img\/cms\/Blog\/ICONO-YOUTUBE-gavri.png\" alt=\"V\u00cdDEOS SOBRE VENTILADORES DE TECHO\" width=\"280\" height=\"96\"><\/a><\/span><\/span><\/span><\/span><\/p>\n<p><a href=\"https:\/\/www.youtube.com\/channel\/UCYZcVKfv7hvG8N34-CpTzLw\" target=\"_blank\" rel=\"noopener\"><br \/>\n<\/a><a href=\"https:\/\/www.youtube.com\/channel\/UCYZcVKfv7hvG8N34-CpTzLw\" target=\"_blank\" rel=\"noopener\"><\/a><a href=\"https:\/\/gavri.es\/ventiladores-de-techo\" target=\"_blank\" rel=\"noopener\"><img loading=\"lazy\" decoding=\"async\" src=\"https:\/\/gavri.es\/img\/cms\/Blog\/ventiladores-recortado---copia.png\" alt=\"ventiladores-recortado---copia.png\" width=\"280\" height=\"95\"><\/a><\/p>\n<p><a href=\"https:\/\/gavri.es\/ventiladores-de-techo\" target=\"_blank\" rel=\"noopener\"><br \/>\n<\/a><a href=\"https:\/\/gavri.es\/ventiladores-de-techo\" target=\"_blank\" rel=\"noopener\"><\/a><\/p>\n<\/div>\n<\/div>\n","protected":false},"excerpt":{"rendered":"<p>_ En esta secci\u00f3n encontrar\u00e1s videos sobre los ventiladores de techo de los cu\u00e1les disponemos en la web. De esta forma los podr\u00e1s ver en movimiento y hacerte una mejor idea sobre ellos. El ventilador de &#8230; <a title=\"Comprueba en estos v\u00eddeos c\u00f3mo funcionan los ventiladores\" class=\"read-more\" href=\"https:\/\/gavri-src.addisnetwork.es\/blog\/comprueba-en-estos-videos-como-funcionan-los-ventiladores-b69.html\" aria-label=\"M\u00e1s en Comprueba en estos v\u00eddeos c\u00f3mo funcionan los ventiladores\">Leer m\u00e1s<\/a><\/p>\n","protected":false},"author":1,"featured_media":186,"comment_status":"open","ping_status":"closed","sticky":false,"template":"","format":"standard","meta":{"footnotes":""},"categories":[1],"tags":[],"class_list":["post-69","post","type-post","status-publish","format-standard","has-post-thumbnail","hentry","category-sin-categoria","generate-columns","tablet-grid-50","mobile-grid-100","grid-parent","grid-50","no-featured-image-padding"],"yoast_head":"<!-- This site is optimized with the Yoast SEO plugin v27.5 - https:\/\/yoast.com\/product\/yoast-seo-wordpress\/ -->\n<title>Comprueba en estos v\u00eddeos c\u00f3mo funcionan los ventiladores - Blog de Gavri.es<\/title>\n<meta name=\"description\" content=\"V\u00eddeo sobre ventiladore de techo. En este post encontrar\u00e1s los ventiladores en movimiento en v\u00eddeos de Youtube.\" \/>\n<meta name=\"robots\" content=\"index, follow, max-snippet:-1, max-image-preview:large, max-video-preview:-1\" \/>\n<link rel=\"canonical\" href=\"https:\/\/gavri-src.addisnetwork.es\/blog\/comprueba-en-estos-videos-como-funcionan-los-ventiladores-b69.html\" \/>\n<meta property=\"og:locale\" content=\"es_ES\" \/>\n<meta property=\"og:type\" content=\"article\" \/>\n<meta property=\"og:title\" content=\"Comprueba en estos v\u00eddeos c\u00f3mo funcionan los ventiladores - Blog de Gavri.es\" \/>\n<meta property=\"og:description\" content=\"V\u00eddeo sobre ventiladore de techo. En este post encontrar\u00e1s los ventiladores en movimiento en v\u00eddeos de Youtube.\" \/>\n<meta property=\"og:url\" content=\"https:\/\/gavri-src.addisnetwork.es\/blog\/comprueba-en-estos-videos-como-funcionan-los-ventiladores-b69.html\" \/>\n<meta property=\"og:site_name\" content=\"Blog de Gavri.es\" \/>\n<meta property=\"article:published_time\" content=\"2020-11-29T18:55:00+00:00\" \/>\n<meta property=\"article:modified_time\" content=\"2021-04-29T09:40:13+00:00\" \/>\n<meta property=\"og:image\" content=\"https:\/\/gavri-src.addisnetwork.es\/blog\/wp-content\/uploads\/2020\/12\/lg-b-videos-sobre-ventiladores-de-techo.jpg\" \/>\n\t<meta property=\"og:image:width\" content=\"1900\" \/>\n\t<meta property=\"og:image:height\" content=\"781\" \/>\n\t<meta property=\"og:image:type\" content=\"image\/jpeg\" \/>\n<meta name=\"author\" content=\"Gavri\" \/>\n<meta name=\"twitter:card\" content=\"summary_large_image\" \/>\n<meta name=\"twitter:label1\" content=\"Escrito por\" \/>\n\t<meta name=\"twitter:data1\" content=\"Gavri\" \/>\n\t<meta name=\"twitter:label2\" content=\"Tiempo de lectura\" \/>\n\t<meta name=\"twitter:data2\" content=\"6 minutos\" \/>\n<script type=\"application\/ld+json\" class=\"yoast-schema-graph\">{\"@context\":\"https:\\\/\\\/schema.org\",\"@graph\":[{\"@type\":\"Article\",\"@id\":\"https:\\\/\\\/gavri-src.addisnetwork.es\\\/blog\\\/comprueba-en-estos-videos-como-funcionan-los-ventiladores-b69.html#article\",\"isPartOf\":{\"@id\":\"https:\\\/\\\/gavri-src.addisnetwork.es\\\/blog\\\/comprueba-en-estos-videos-como-funcionan-los-ventiladores-b69.html\"},\"author\":{\"name\":\"Gavri\",\"@id\":\"https:\\\/\\\/gavri-src.addisnetwork.es\\\/blog\\\/#\\\/schema\\\/person\\\/3df0699bd314187860df00e3b73fbf75\"},\"headline\":\"Comprueba en estos v\u00eddeos c\u00f3mo funcionan los ventiladores\",\"datePublished\":\"2020-11-29T18:55:00+00:00\",\"dateModified\":\"2021-04-29T09:40:13+00:00\",\"mainEntityOfPage\":{\"@id\":\"https:\\\/\\\/gavri-src.addisnetwork.es\\\/blog\\\/comprueba-en-estos-videos-como-funcionan-los-ventiladores-b69.html\"},\"wordCount\":1024,\"commentCount\":0,\"publisher\":{\"@id\":\"https:\\\/\\\/gavri-src.addisnetwork.es\\\/blog\\\/#organization\"},\"image\":{\"@id\":\"https:\\\/\\\/gavri-src.addisnetwork.es\\\/blog\\\/comprueba-en-estos-videos-como-funcionan-los-ventiladores-b69.html#primaryimage\"},\"thumbnailUrl\":\"https:\\\/\\\/gavri-src.addisnetwork.es\\\/blog\\\/wp-content\\\/uploads\\\/2020\\\/12\\\/lg-b-videos-sobre-ventiladores-de-techo.jpg\",\"inLanguage\":\"es\",\"potentialAction\":[{\"@type\":\"CommentAction\",\"name\":\"Comment\",\"target\":[\"https:\\\/\\\/gavri-src.addisnetwork.es\\\/blog\\\/comprueba-en-estos-videos-como-funcionan-los-ventiladores-b69.html#respond\"]}]},{\"@type\":\"WebPage\",\"@id\":\"https:\\\/\\\/gavri-src.addisnetwork.es\\\/blog\\\/comprueba-en-estos-videos-como-funcionan-los-ventiladores-b69.html\",\"url\":\"https:\\\/\\\/gavri-src.addisnetwork.es\\\/blog\\\/comprueba-en-estos-videos-como-funcionan-los-ventiladores-b69.html\",\"name\":\"Comprueba en estos v\u00eddeos c\u00f3mo funcionan los ventiladores - Blog de Gavri.es\",\"isPartOf\":{\"@id\":\"https:\\\/\\\/gavri-src.addisnetwork.es\\\/blog\\\/#website\"},\"primaryImageOfPage\":{\"@id\":\"https:\\\/\\\/gavri-src.addisnetwork.es\\\/blog\\\/comprueba-en-estos-videos-como-funcionan-los-ventiladores-b69.html#primaryimage\"},\"image\":{\"@id\":\"https:\\\/\\\/gavri-src.addisnetwork.es\\\/blog\\\/comprueba-en-estos-videos-como-funcionan-los-ventiladores-b69.html#primaryimage\"},\"thumbnailUrl\":\"https:\\\/\\\/gavri-src.addisnetwork.es\\\/blog\\\/wp-content\\\/uploads\\\/2020\\\/12\\\/lg-b-videos-sobre-ventiladores-de-techo.jpg\",\"datePublished\":\"2020-11-29T18:55:00+00:00\",\"dateModified\":\"2021-04-29T09:40:13+00:00\",\"description\":\"V\u00eddeo sobre ventiladore de techo. En este post encontrar\u00e1s los ventiladores en movimiento en v\u00eddeos de Youtube.\",\"breadcrumb\":{\"@id\":\"https:\\\/\\\/gavri-src.addisnetwork.es\\\/blog\\\/comprueba-en-estos-videos-como-funcionan-los-ventiladores-b69.html#breadcrumb\"},\"inLanguage\":\"es\",\"potentialAction\":[{\"@type\":\"ReadAction\",\"target\":[\"https:\\\/\\\/gavri-src.addisnetwork.es\\\/blog\\\/comprueba-en-estos-videos-como-funcionan-los-ventiladores-b69.html\"]}]},{\"@type\":\"ImageObject\",\"inLanguage\":\"es\",\"@id\":\"https:\\\/\\\/gavri-src.addisnetwork.es\\\/blog\\\/comprueba-en-estos-videos-como-funcionan-los-ventiladores-b69.html#primaryimage\",\"url\":\"https:\\\/\\\/gavri-src.addisnetwork.es\\\/blog\\\/wp-content\\\/uploads\\\/2020\\\/12\\\/lg-b-videos-sobre-ventiladores-de-techo.jpg\",\"contentUrl\":\"https:\\\/\\\/gavri-src.addisnetwork.es\\\/blog\\\/wp-content\\\/uploads\\\/2020\\\/12\\\/lg-b-videos-sobre-ventiladores-de-techo.jpg\",\"width\":1900,\"height\":781},{\"@type\":\"BreadcrumbList\",\"@id\":\"https:\\\/\\\/gavri-src.addisnetwork.es\\\/blog\\\/comprueba-en-estos-videos-como-funcionan-los-ventiladores-b69.html#breadcrumb\",\"itemListElement\":[{\"@type\":\"ListItem\",\"position\":1,\"name\":\"Portada\",\"item\":\"https:\\\/\\\/gavri-src.addisnetwork.es\\\/blog\"},{\"@type\":\"ListItem\",\"position\":2,\"name\":\"Comprueba en estos v\u00eddeos c\u00f3mo funcionan los ventiladores\"}]},{\"@type\":\"WebSite\",\"@id\":\"https:\\\/\\\/gavri-src.addisnetwork.es\\\/blog\\\/#website\",\"url\":\"https:\\\/\\\/gavri-src.addisnetwork.es\\\/blog\\\/\",\"name\":\"Blog de Gavri.es\",\"description\":\"Blog de Gavri.es\",\"publisher\":{\"@id\":\"https:\\\/\\\/gavri-src.addisnetwork.es\\\/blog\\\/#organization\"},\"potentialAction\":[{\"@type\":\"SearchAction\",\"target\":{\"@type\":\"EntryPoint\",\"urlTemplate\":\"https:\\\/\\\/gavri-src.addisnetwork.es\\\/blog\\\/?s={search_term_string}\"},\"query-input\":{\"@type\":\"PropertyValueSpecification\",\"valueRequired\":true,\"valueName\":\"search_term_string\"}}],\"inLanguage\":\"es\"},{\"@type\":\"Organization\",\"@id\":\"https:\\\/\\\/gavri-src.addisnetwork.es\\\/blog\\\/#organization\",\"name\":\"Blog de Gavri.es\",\"url\":\"https:\\\/\\\/gavri-src.addisnetwork.es\\\/blog\\\/\",\"logo\":{\"@type\":\"ImageObject\",\"inLanguage\":\"es\",\"@id\":\"https:\\\/\\\/gavri-src.addisnetwork.es\\\/blog\\\/#\\\/schema\\\/logo\\\/image\\\/\",\"url\":\"https:\\\/\\\/gavri-src.addisnetwork.es\\\/blog\\\/wp-content\\\/uploads\\\/2021\\\/01\\\/cropped-LOGO-gavries-blog-1.png\",\"contentUrl\":\"https:\\\/\\\/gavri-src.addisnetwork.es\\\/blog\\\/wp-content\\\/uploads\\\/2021\\\/01\\\/cropped-LOGO-gavries-blog-1.png\",\"width\":520,\"height\":104,\"caption\":\"Blog de Gavri.es\"},\"image\":{\"@id\":\"https:\\\/\\\/gavri-src.addisnetwork.es\\\/blog\\\/#\\\/schema\\\/logo\\\/image\\\/\"}},{\"@type\":\"Person\",\"@id\":\"https:\\\/\\\/gavri-src.addisnetwork.es\\\/blog\\\/#\\\/schema\\\/person\\\/3df0699bd314187860df00e3b73fbf75\",\"name\":\"Gavri\",\"image\":{\"@type\":\"ImageObject\",\"inLanguage\":\"es\",\"@id\":\"https:\\\/\\\/secure.gravatar.com\\\/avatar\\\/6fc6afbbb919cee1ae64c74ed55bf75da72aade68e84f27c0a3a05bd98ccf2a0?s=96&d=mm&r=g\",\"url\":\"https:\\\/\\\/secure.gravatar.com\\\/avatar\\\/6fc6afbbb919cee1ae64c74ed55bf75da72aade68e84f27c0a3a05bd98ccf2a0?s=96&d=mm&r=g\",\"contentUrl\":\"https:\\\/\\\/secure.gravatar.com\\\/avatar\\\/6fc6afbbb919cee1ae64c74ed55bf75da72aade68e84f27c0a3a05bd98ccf2a0?s=96&d=mm&r=g\",\"caption\":\"Gavri\"},\"sameAs\":[\"https:\\\/\\\/gavri.es\\\/blog\"]}]}<\/script>\n<!-- \/ Yoast SEO plugin. -->","yoast_head_json":{"title":"Comprueba en estos v\u00eddeos c\u00f3mo funcionan los ventiladores - Blog de Gavri.es","description":"V\u00eddeo sobre ventiladore de techo. En este post encontrar\u00e1s los ventiladores en movimiento en v\u00eddeos de Youtube.","robots":{"index":"index","follow":"follow","max-snippet":"max-snippet:-1","max-image-preview":"max-image-preview:large","max-video-preview":"max-video-preview:-1"},"canonical":"https:\/\/gavri-src.addisnetwork.es\/blog\/comprueba-en-estos-videos-como-funcionan-los-ventiladores-b69.html","og_locale":"es_ES","og_type":"article","og_title":"Comprueba en estos v\u00eddeos c\u00f3mo funcionan los ventiladores - Blog de Gavri.es","og_description":"V\u00eddeo sobre ventiladore de techo. En este post encontrar\u00e1s los ventiladores en movimiento en v\u00eddeos de Youtube.","og_url":"https:\/\/gavri-src.addisnetwork.es\/blog\/comprueba-en-estos-videos-como-funcionan-los-ventiladores-b69.html","og_site_name":"Blog de Gavri.es","article_published_time":"2020-11-29T18:55:00+00:00","article_modified_time":"2021-04-29T09:40:13+00:00","og_image":[{"width":1900,"height":781,"url":"https:\/\/gavri-src.addisnetwork.es\/blog\/wp-content\/uploads\/2020\/12\/lg-b-videos-sobre-ventiladores-de-techo.jpg","type":"image\/jpeg"}],"author":"Gavri","twitter_card":"summary_large_image","twitter_misc":{"Escrito por":"Gavri","Tiempo de lectura":"6 minutos"},"schema":{"@context":"https:\/\/schema.org","@graph":[{"@type":"Article","@id":"https:\/\/gavri-src.addisnetwork.es\/blog\/comprueba-en-estos-videos-como-funcionan-los-ventiladores-b69.html#article","isPartOf":{"@id":"https:\/\/gavri-src.addisnetwork.es\/blog\/comprueba-en-estos-videos-como-funcionan-los-ventiladores-b69.html"},"author":{"name":"Gavri","@id":"https:\/\/gavri-src.addisnetwork.es\/blog\/#\/schema\/person\/3df0699bd314187860df00e3b73fbf75"},"headline":"Comprueba en estos v\u00eddeos c\u00f3mo funcionan los ventiladores","datePublished":"2020-11-29T18:55:00+00:00","dateModified":"2021-04-29T09:40:13+00:00","mainEntityOfPage":{"@id":"https:\/\/gavri-src.addisnetwork.es\/blog\/comprueba-en-estos-videos-como-funcionan-los-ventiladores-b69.html"},"wordCount":1024,"commentCount":0,"publisher":{"@id":"https:\/\/gavri-src.addisnetwork.es\/blog\/#organization"},"image":{"@id":"https:\/\/gavri-src.addisnetwork.es\/blog\/comprueba-en-estos-videos-como-funcionan-los-ventiladores-b69.html#primaryimage"},"thumbnailUrl":"https:\/\/gavri-src.addisnetwork.es\/blog\/wp-content\/uploads\/2020\/12\/lg-b-videos-sobre-ventiladores-de-techo.jpg","inLanguage":"es","potentialAction":[{"@type":"CommentAction","name":"Comment","target":["https:\/\/gavri-src.addisnetwork.es\/blog\/comprueba-en-estos-videos-como-funcionan-los-ventiladores-b69.html#respond"]}]},{"@type":"WebPage","@id":"https:\/\/gavri-src.addisnetwork.es\/blog\/comprueba-en-estos-videos-como-funcionan-los-ventiladores-b69.html","url":"https:\/\/gavri-src.addisnetwork.es\/blog\/comprueba-en-estos-videos-como-funcionan-los-ventiladores-b69.html","name":"Comprueba en estos v\u00eddeos c\u00f3mo funcionan los ventiladores - Blog de Gavri.es","isPartOf":{"@id":"https:\/\/gavri-src.addisnetwork.es\/blog\/#website"},"primaryImageOfPage":{"@id":"https:\/\/gavri-src.addisnetwork.es\/blog\/comprueba-en-estos-videos-como-funcionan-los-ventiladores-b69.html#primaryimage"},"image":{"@id":"https:\/\/gavri-src.addisnetwork.es\/blog\/comprueba-en-estos-videos-como-funcionan-los-ventiladores-b69.html#primaryimage"},"thumbnailUrl":"https:\/\/gavri-src.addisnetwork.es\/blog\/wp-content\/uploads\/2020\/12\/lg-b-videos-sobre-ventiladores-de-techo.jpg","datePublished":"2020-11-29T18:55:00+00:00","dateModified":"2021-04-29T09:40:13+00:00","description":"V\u00eddeo sobre ventiladore de techo. En este post encontrar\u00e1s los ventiladores en movimiento en v\u00eddeos de Youtube.","breadcrumb":{"@id":"https:\/\/gavri-src.addisnetwork.es\/blog\/comprueba-en-estos-videos-como-funcionan-los-ventiladores-b69.html#breadcrumb"},"inLanguage":"es","potentialAction":[{"@type":"ReadAction","target":["https:\/\/gavri-src.addisnetwork.es\/blog\/comprueba-en-estos-videos-como-funcionan-los-ventiladores-b69.html"]}]},{"@type":"ImageObject","inLanguage":"es","@id":"https:\/\/gavri-src.addisnetwork.es\/blog\/comprueba-en-estos-videos-como-funcionan-los-ventiladores-b69.html#primaryimage","url":"https:\/\/gavri-src.addisnetwork.es\/blog\/wp-content\/uploads\/2020\/12\/lg-b-videos-sobre-ventiladores-de-techo.jpg","contentUrl":"https:\/\/gavri-src.addisnetwork.es\/blog\/wp-content\/uploads\/2020\/12\/lg-b-videos-sobre-ventiladores-de-techo.jpg","width":1900,"height":781},{"@type":"BreadcrumbList","@id":"https:\/\/gavri-src.addisnetwork.es\/blog\/comprueba-en-estos-videos-como-funcionan-los-ventiladores-b69.html#breadcrumb","itemListElement":[{"@type":"ListItem","position":1,"name":"Portada","item":"https:\/\/gavri-src.addisnetwork.es\/blog"},{"@type":"ListItem","position":2,"name":"Comprueba en estos v\u00eddeos c\u00f3mo funcionan los ventiladores"}]},{"@type":"WebSite","@id":"https:\/\/gavri-src.addisnetwork.es\/blog\/#website","url":"https:\/\/gavri-src.addisnetwork.es\/blog\/","name":"Blog de Gavri.es","description":"Blog de Gavri.es","publisher":{"@id":"https:\/\/gavri-src.addisnetwork.es\/blog\/#organization"},"potentialAction":[{"@type":"SearchAction","target":{"@type":"EntryPoint","urlTemplate":"https:\/\/gavri-src.addisnetwork.es\/blog\/?s={search_term_string}"},"query-input":{"@type":"PropertyValueSpecification","valueRequired":true,"valueName":"search_term_string"}}],"inLanguage":"es"},{"@type":"Organization","@id":"https:\/\/gavri-src.addisnetwork.es\/blog\/#organization","name":"Blog de Gavri.es","url":"https:\/\/gavri-src.addisnetwork.es\/blog\/","logo":{"@type":"ImageObject","inLanguage":"es","@id":"https:\/\/gavri-src.addisnetwork.es\/blog\/#\/schema\/logo\/image\/","url":"https:\/\/gavri-src.addisnetwork.es\/blog\/wp-content\/uploads\/2021\/01\/cropped-LOGO-gavries-blog-1.png","contentUrl":"https:\/\/gavri-src.addisnetwork.es\/blog\/wp-content\/uploads\/2021\/01\/cropped-LOGO-gavries-blog-1.png","width":520,"height":104,"caption":"Blog de Gavri.es"},"image":{"@id":"https:\/\/gavri-src.addisnetwork.es\/blog\/#\/schema\/logo\/image\/"}},{"@type":"Person","@id":"https:\/\/gavri-src.addisnetwork.es\/blog\/#\/schema\/person\/3df0699bd314187860df00e3b73fbf75","name":"Gavri","image":{"@type":"ImageObject","inLanguage":"es","@id":"https:\/\/secure.gravatar.com\/avatar\/6fc6afbbb919cee1ae64c74ed55bf75da72aade68e84f27c0a3a05bd98ccf2a0?s=96&d=mm&r=g","url":"https:\/\/secure.gravatar.com\/avatar\/6fc6afbbb919cee1ae64c74ed55bf75da72aade68e84f27c0a3a05bd98ccf2a0?s=96&d=mm&r=g","contentUrl":"https:\/\/secure.gravatar.com\/avatar\/6fc6afbbb919cee1ae64c74ed55bf75da72aade68e84f27c0a3a05bd98ccf2a0?s=96&d=mm&r=g","caption":"Gavri"},"sameAs":["https:\/\/gavri.es\/blog"]}]}},"_links":{"self":[{"href":"https:\/\/gavri-src.addisnetwork.es\/blog\/wp-json\/wp\/v2\/posts\/69","targetHints":{"allow":["GET"]}}],"collection":[{"href":"https:\/\/gavri-src.addisnetwork.es\/blog\/wp-json\/wp\/v2\/posts"}],"about":[{"href":"https:\/\/gavri-src.addisnetwork.es\/blog\/wp-json\/wp\/v2\/types\/post"}],"author":[{"embeddable":true,"href":"https:\/\/gavri-src.addisnetwork.es\/blog\/wp-json\/wp\/v2\/users\/1"}],"replies":[{"embeddable":true,"href":"https:\/\/gavri-src.addisnetwork.es\/blog\/wp-json\/wp\/v2\/comments?post=69"}],"version-history":[{"count":3,"href":"https:\/\/gavri-src.addisnetwork.es\/blog\/wp-json\/wp\/v2\/posts\/69\/revisions"}],"predecessor-version":[{"id":473,"href":"https:\/\/gavri-src.addisnetwork.es\/blog\/wp-json\/wp\/v2\/posts\/69\/revisions\/473"}],"wp:featuredmedia":[{"embeddable":true,"href":"https:\/\/gavri-src.addisnetwork.es\/blog\/wp-json\/wp\/v2\/media\/186"}],"wp:attachment":[{"href":"https:\/\/gavri-src.addisnetwork.es\/blog\/wp-json\/wp\/v2\/media?parent=69"}],"wp:term":[{"taxonomy":"category","embeddable":true,"href":"https:\/\/gavri-src.addisnetwork.es\/blog\/wp-json\/wp\/v2\/categories?post=69"},{"taxonomy":"post_tag","embeddable":true,"href":"https:\/\/gavri-src.addisnetwork.es\/blog\/wp-json\/wp\/v2\/tags?post=69"}],"curies":[{"name":"wp","href":"https:\/\/api.w.org\/{rel}","templated":true}]}}