{"id":705,"date":"2022-09-07T09:42:44","date_gmt":"2022-09-07T09:42:44","guid":{"rendered":"https:\/\/gavri.es\/blog\/?p=705"},"modified":"2022-09-07T09:42:46","modified_gmt":"2022-09-07T09:42:46","slug":"es-recomendable-instalar-ventiladores-techo-exteriores","status":"publish","type":"post","link":"https:\/\/gavri-src.addisnetwork.es\/blog\/es-recomendable-instalar-ventiladores-techo-exteriores.html","title":{"rendered":"\u00bfEs recomendable instalar ventiladores de techo para exteriores?"},"content":{"rendered":"\n<p>\u00bfTienes terraza en casa y quieres sacarle el m\u00e1ximo partido? Entonces es buen momento para instalar ventiladores de techo para exteriores, \u00a1te lo contamos!<\/p>\n\n\n\n<p>Los espacios al aire libre son lo m\u00e1s para disfrutar tanto solo como en compa\u00f1\u00eda, no obstante, a veces la climatolog\u00eda, la temperatura y muchos otros factores no est\u00e1n de tu parte. En esos casos, incluir un ventilador para techo es la mejor soluci\u00f3n. Este tipo de ventiladores te ayudar\u00e1n a disfrutar de un ambiente perfecto sin distracciones ni ruidos.<\/p>\n\n\n\n<p>En <a href=\"https:\/\/gavri.es\/\">Gavri<\/a> queremos darte a conocer todo su potencial, as\u00ed que, \u00a1presta mucha atenci\u00f3n al siguiente post!<\/p>\n\n\n\n<!--more-->\n\n\n\n<h2 class=\"wp-block-heading\"><strong>Ventiladores de techo silenciosos para un ambiente exterior confortable<\/strong><\/h2>\n\n\n\n<p>Si tienes una terraza en casa o un comercio con zona exterior, \u00a1esto te interesa! Los <strong>ventiladores para techo<\/strong> son la opci\u00f3n id\u00f3nea para lograr <strong>una temperatura perfecta<\/strong>, tanto en invierno como sobre todo en verano para que puedas disfrutar al aire libre sin limitaciones. &nbsp;<\/p>\n\n\n\n<p>El resultados es <strong>un ambiente agradable y sobre todo confortable<\/strong> en el que no tendr\u00e1s que preocuparte por nada, y mucho menos por la temperatura. Ventiladores como el <strong><a href=\"https:\/\/gavri.es\/inicio\/ventilador-de-techo-para-exterior-ipx4-hunter-24325-outdoor-elements-mimbre-u-hoja-de-palmera-aluminio\" target=\"_blank\" rel=\"noreferrer noopener\">Ventilador de Techo para Exterior IPX4 Hunter 24325 Outdoor Elements Mimbre<\/a><\/strong> te permitir\u00e1n disfrutar de una brisa perfecta sin inconvenientes. \u00a1Son todo ventajas!<\/p>\n\n\n\n<h3 class=\"wp-block-heading\"><strong>Los ventiladores de techo peque\u00f1os son ideales para la terraza<\/strong><\/h3>\n\n\n\n<p>Seguro que m\u00e1s de una vez has estado sentado en una terraza y has tenido que marcharte por la presencia de mosquitos o insectos, \u00bfverdad? \u00a1Pues eso ya se acab\u00f3! Una de las grandes ventajas de contar con ventiladores de techo para estos entornos es que <strong>acaban completamente con la presencia de cualquier insecto.<\/strong><\/p>\n\n\n\n<p>\u00a1Pero hay m\u00e1s! Estos elementos tienen la capacidad de <strong>combatir tambi\u00e9n otros factores medioambientales<\/strong> como la lluvia y sobre todo la humedad. Adem\u00e1s, nuestros modelos son <strong>resistentes a la humedad, al agua y al polvo<\/strong> as\u00ed que, no tendr\u00e1s que preocuparte por nada. \u00a1Tenlo en cuenta!<\/p>\n\n\n\n<h4 class=\"wp-block-heading\"><strong>Apuesta por ventiladores de techo con luz para crear un espacio \u00edntimo<\/strong><\/h4>\n\n\n\n<p>\u00bfQuieres disfrutar de un ambiente de lo m\u00e1s acogedor en la terraza de tu hogar? \u00a1Tenemos la soluci\u00f3n! Lo \u00fanico que necesitas es el <strong><a href=\"https:\/\/gavri.es\/inicio\/ventilador-de-techo-para-exterior-ipx4-hunter-24324-outdoor-elements-teca-solida-ladrillo\" target=\"_blank\" rel=\"noreferrer noopener\">Ventilador de Techo para Exterior IPX4 Hunter 24324 Outdoor Elements Teca<\/a><\/strong> junto al <strong><a href=\"https:\/\/gavri.es\/accesorios-para-ventiladores-de-techo\/kit-de-luz-outdoor-para-ventiladores-de-techo-hunter-de-exterior-ip23-3-colores-disponibles\" target=\"_blank\" rel=\"noreferrer noopener\">Kit de Luz Angra Outdoor para Ventiladores de Exterior IP23 2<\/a>. \u00a0<\/strong><\/p>\n\n\n\n<p>Con estos accesorios tendr\u00e1s la luminosidad que necesitas a la vez que creas <strong>el ambiente perfecto <\/strong>en cada momento ya que este modelo de ventilador te permitir\u00e1 elegir entre sus <strong>tres velocidades diferentes.<\/strong> \u00bfA qu\u00e9 est\u00e1s esperando?<\/p>\n\n\n\n<h4 class=\"wp-block-heading\"><strong>Otras ventajas de contar con ventiladores de techo de dise\u00f1o para exteriores<\/strong><\/h4>\n\n\n\n<p>Por si no fuera poco, estos ventiladores est\u00e1n pensados para <strong>resistir a todos los factores exteriores<\/strong>, por eso mismo, escojas el modelo que escojas desde Gavri te garantizamos <strong>la m\u00e1xima durabilidad<\/strong> en nuestros productos.<\/p>\n\n\n\n<p>Adem\u00e1s, estos modelos son de <strong>f\u00e1cil limpieza<\/strong> y suponen <strong>un menor gasto energ\u00e9tico<\/strong> para evitar preocupaciones.<\/p>\n\n\n\n<p>\u00a1No lo pienses m\u00e1s y entra en nuestra web para conocer todos nuestros ventiladores de techo!<\/p>\n","protected":false},"excerpt":{"rendered":"<p>\u00bfTienes terraza en casa y quieres sacarle el m\u00e1ximo partido? Entonces es buen momento para instalar ventiladores de techo para exteriores, \u00a1te lo contamos! Los espacios al aire libre son lo m\u00e1s para disfrutar tanto solo &#8230; <a title=\"\u00bfEs recomendable instalar ventiladores de techo para exteriores?\" class=\"read-more\" href=\"https:\/\/gavri-src.addisnetwork.es\/blog\/es-recomendable-instalar-ventiladores-techo-exteriores.html\" aria-label=\"M\u00e1s en \u00bfEs recomendable instalar ventiladores de techo para exteriores?\">Leer m\u00e1s<\/a><\/p>\n","protected":false},"author":2,"featured_media":706,"comment_status":"open","ping_status":"closed","sticky":false,"template":"","format":"standard","meta":{"footnotes":""},"categories":[24],"tags":[4,7,37,8],"class_list":["post-705","post","type-post","status-publish","format-standard","has-post-thumbnail","hentry","category-ventiladores-de-techo","tag-hogar","tag-ventilacion","tag-ventilador-de-techo","tag-ventiladores","generate-columns","tablet-grid-50","mobile-grid-100","grid-parent","grid-50","no-featured-image-padding"],"yoast_head":"<!-- This site is optimized with the Yoast SEO plugin v27.4 - https:\/\/yoast.com\/product\/yoast-seo-wordpress\/ -->\n<title>\u00bfEs recomendable instalar ventiladores de techo para exteriores?<\/title>\n<meta name=\"description\" content=\"\u00bfConoces todas las ventajas de tener ventiladores de techo para exteriores en casa? \u00bfA\u00fan no? En Gavri te mostramos todo su potencial.\" \/>\n<meta name=\"robots\" content=\"index, follow, max-snippet:-1, max-image-preview:large, max-video-preview:-1\" \/>\n<link rel=\"canonical\" href=\"https:\/\/gavri-src.addisnetwork.es\/blog\/es-recomendable-instalar-ventiladores-techo-exteriores.html\" \/>\n<meta property=\"og:locale\" content=\"es_ES\" \/>\n<meta property=\"og:type\" content=\"article\" \/>\n<meta property=\"og:title\" content=\"\u00bfEs recomendable instalar ventiladores de techo para exteriores?\" \/>\n<meta property=\"og:description\" content=\"\u00bfConoces todas las ventajas de tener ventiladores de techo para exteriores en casa? \u00bfA\u00fan no? En Gavri te mostramos todo su potencial.\" \/>\n<meta property=\"og:url\" content=\"https:\/\/gavri-src.addisnetwork.es\/blog\/es-recomendable-instalar-ventiladores-techo-exteriores.html\" \/>\n<meta property=\"og:site_name\" content=\"Blog de Gavri.es\" \/>\n<meta property=\"article:published_time\" content=\"2022-09-07T09:42:44+00:00\" \/>\n<meta property=\"article:modified_time\" content=\"2022-09-07T09:42:46+00:00\" \/>\n<meta property=\"og:image\" content=\"https:\/\/gavri-src.addisnetwork.es\/blog\/wp-content\/uploads\/2022\/09\/Es-recomendable-instalar-ventiladores-de-techo-para-exteriores--scaled.jpg\" \/>\n\t<meta property=\"og:image:width\" content=\"2560\" \/>\n\t<meta property=\"og:image:height\" content=\"1707\" \/>\n\t<meta property=\"og:image:type\" content=\"image\/jpeg\" \/>\n<meta name=\"author\" content=\"T\u00e9cnico Gavri\" \/>\n<meta name=\"twitter:card\" content=\"summary_large_image\" \/>\n<meta name=\"twitter:label1\" content=\"Escrito por\" \/>\n\t<meta name=\"twitter:data1\" content=\"T\u00e9cnico Gavri\" \/>\n\t<meta name=\"twitter:label2\" content=\"Tiempo de lectura\" \/>\n\t<meta name=\"twitter:data2\" content=\"3 minutos\" \/>\n<script type=\"application\/ld+json\" class=\"yoast-schema-graph\">{\"@context\":\"https:\\\/\\\/schema.org\",\"@graph\":[{\"@type\":\"Article\",\"@id\":\"https:\\\/\\\/gavri-src.addisnetwork.es\\\/blog\\\/es-recomendable-instalar-ventiladores-techo-exteriores.html#article\",\"isPartOf\":{\"@id\":\"https:\\\/\\\/gavri-src.addisnetwork.es\\\/blog\\\/es-recomendable-instalar-ventiladores-techo-exteriores.html\"},\"author\":{\"name\":\"T\u00e9cnico Gavri\",\"@id\":\"https:\\\/\\\/gavri-src.addisnetwork.es\\\/blog\\\/#\\\/schema\\\/person\\\/587329a98b34cfdbbfd1e7fbe7b65296\"},\"headline\":\"\u00bfEs recomendable instalar ventiladores de techo para exteriores?\",\"datePublished\":\"2022-09-07T09:42:44+00:00\",\"dateModified\":\"2022-09-07T09:42:46+00:00\",\"mainEntityOfPage\":{\"@id\":\"https:\\\/\\\/gavri-src.addisnetwork.es\\\/blog\\\/es-recomendable-instalar-ventiladores-techo-exteriores.html\"},\"wordCount\":526,\"commentCount\":0,\"publisher\":{\"@id\":\"https:\\\/\\\/gavri-src.addisnetwork.es\\\/blog\\\/#organization\"},\"image\":{\"@id\":\"https:\\\/\\\/gavri-src.addisnetwork.es\\\/blog\\\/es-recomendable-instalar-ventiladores-techo-exteriores.html#primaryimage\"},\"thumbnailUrl\":\"https:\\\/\\\/gavri-src.addisnetwork.es\\\/blog\\\/wp-content\\\/uploads\\\/2022\\\/09\\\/Es-recomendable-instalar-ventiladores-de-techo-para-exteriores--scaled.jpg\",\"keywords\":[\"hogar\",\"ventilacion\",\"ventilador de techo\",\"ventiladores\"],\"articleSection\":[\"Ventiladores de techo\"],\"inLanguage\":\"es\",\"potentialAction\":[{\"@type\":\"CommentAction\",\"name\":\"Comment\",\"target\":[\"https:\\\/\\\/gavri-src.addisnetwork.es\\\/blog\\\/es-recomendable-instalar-ventiladores-techo-exteriores.html#respond\"]}]},{\"@type\":\"WebPage\",\"@id\":\"https:\\\/\\\/gavri-src.addisnetwork.es\\\/blog\\\/es-recomendable-instalar-ventiladores-techo-exteriores.html\",\"url\":\"https:\\\/\\\/gavri-src.addisnetwork.es\\\/blog\\\/es-recomendable-instalar-ventiladores-techo-exteriores.html\",\"name\":\"\u00bfEs recomendable instalar ventiladores de techo para exteriores?\",\"isPartOf\":{\"@id\":\"https:\\\/\\\/gavri-src.addisnetwork.es\\\/blog\\\/#website\"},\"primaryImageOfPage\":{\"@id\":\"https:\\\/\\\/gavri-src.addisnetwork.es\\\/blog\\\/es-recomendable-instalar-ventiladores-techo-exteriores.html#primaryimage\"},\"image\":{\"@id\":\"https:\\\/\\\/gavri-src.addisnetwork.es\\\/blog\\\/es-recomendable-instalar-ventiladores-techo-exteriores.html#primaryimage\"},\"thumbnailUrl\":\"https:\\\/\\\/gavri-src.addisnetwork.es\\\/blog\\\/wp-content\\\/uploads\\\/2022\\\/09\\\/Es-recomendable-instalar-ventiladores-de-techo-para-exteriores--scaled.jpg\",\"datePublished\":\"2022-09-07T09:42:44+00:00\",\"dateModified\":\"2022-09-07T09:42:46+00:00\",\"description\":\"\u00bfConoces todas las ventajas de tener ventiladores de techo para exteriores en casa? \u00bfA\u00fan no? En Gavri te mostramos todo su potencial.\",\"breadcrumb\":{\"@id\":\"https:\\\/\\\/gavri-src.addisnetwork.es\\\/blog\\\/es-recomendable-instalar-ventiladores-techo-exteriores.html#breadcrumb\"},\"inLanguage\":\"es\",\"potentialAction\":[{\"@type\":\"ReadAction\",\"target\":[\"https:\\\/\\\/gavri-src.addisnetwork.es\\\/blog\\\/es-recomendable-instalar-ventiladores-techo-exteriores.html\"]}]},{\"@type\":\"ImageObject\",\"inLanguage\":\"es\",\"@id\":\"https:\\\/\\\/gavri-src.addisnetwork.es\\\/blog\\\/es-recomendable-instalar-ventiladores-techo-exteriores.html#primaryimage\",\"url\":\"https:\\\/\\\/gavri-src.addisnetwork.es\\\/blog\\\/wp-content\\\/uploads\\\/2022\\\/09\\\/Es-recomendable-instalar-ventiladores-de-techo-para-exteriores--scaled.jpg\",\"contentUrl\":\"https:\\\/\\\/gavri-src.addisnetwork.es\\\/blog\\\/wp-content\\\/uploads\\\/2022\\\/09\\\/Es-recomendable-instalar-ventiladores-de-techo-para-exteriores--scaled.jpg\",\"width\":2560,\"height\":1707},{\"@type\":\"BreadcrumbList\",\"@id\":\"https:\\\/\\\/gavri-src.addisnetwork.es\\\/blog\\\/es-recomendable-instalar-ventiladores-techo-exteriores.html#breadcrumb\",\"itemListElement\":[{\"@type\":\"ListItem\",\"position\":1,\"name\":\"Portada\",\"item\":\"https:\\\/\\\/gavri-src.addisnetwork.es\\\/blog\"},{\"@type\":\"ListItem\",\"position\":2,\"name\":\"\u00bfEs recomendable instalar ventiladores de techo para exteriores?\"}]},{\"@type\":\"WebSite\",\"@id\":\"https:\\\/\\\/gavri-src.addisnetwork.es\\\/blog\\\/#website\",\"url\":\"https:\\\/\\\/gavri-src.addisnetwork.es\\\/blog\\\/\",\"name\":\"Blog de Gavri.es\",\"description\":\"Blog de Gavri.es\",\"publisher\":{\"@id\":\"https:\\\/\\\/gavri-src.addisnetwork.es\\\/blog\\\/#organization\"},\"potentialAction\":[{\"@type\":\"SearchAction\",\"target\":{\"@type\":\"EntryPoint\",\"urlTemplate\":\"https:\\\/\\\/gavri-src.addisnetwork.es\\\/blog\\\/?s={search_term_string}\"},\"query-input\":{\"@type\":\"PropertyValueSpecification\",\"valueRequired\":true,\"valueName\":\"search_term_string\"}}],\"inLanguage\":\"es\"},{\"@type\":\"Organization\",\"@id\":\"https:\\\/\\\/gavri-src.addisnetwork.es\\\/blog\\\/#organization\",\"name\":\"Blog de Gavri.es\",\"url\":\"https:\\\/\\\/gavri-src.addisnetwork.es\\\/blog\\\/\",\"logo\":{\"@type\":\"ImageObject\",\"inLanguage\":\"es\",\"@id\":\"https:\\\/\\\/gavri-src.addisnetwork.es\\\/blog\\\/#\\\/schema\\\/logo\\\/image\\\/\",\"url\":\"https:\\\/\\\/gavri-src.addisnetwork.es\\\/blog\\\/wp-content\\\/uploads\\\/2021\\\/01\\\/cropped-LOGO-gavries-blog-1.png\",\"contentUrl\":\"https:\\\/\\\/gavri-src.addisnetwork.es\\\/blog\\\/wp-content\\\/uploads\\\/2021\\\/01\\\/cropped-LOGO-gavries-blog-1.png\",\"width\":520,\"height\":104,\"caption\":\"Blog de Gavri.es\"},\"image\":{\"@id\":\"https:\\\/\\\/gavri-src.addisnetwork.es\\\/blog\\\/#\\\/schema\\\/logo\\\/image\\\/\"}},{\"@type\":\"Person\",\"@id\":\"https:\\\/\\\/gavri-src.addisnetwork.es\\\/blog\\\/#\\\/schema\\\/person\\\/587329a98b34cfdbbfd1e7fbe7b65296\",\"name\":\"T\u00e9cnico Gavri\",\"image\":{\"@type\":\"ImageObject\",\"inLanguage\":\"es\",\"@id\":\"https:\\\/\\\/secure.gravatar.com\\\/avatar\\\/05be1fcb2076939c113859ec2cf09bc4b6b366950c2e7c2d51962780ab5e6d80?s=96&d=mm&r=g\",\"url\":\"https:\\\/\\\/secure.gravatar.com\\\/avatar\\\/05be1fcb2076939c113859ec2cf09bc4b6b366950c2e7c2d51962780ab5e6d80?s=96&d=mm&r=g\",\"contentUrl\":\"https:\\\/\\\/secure.gravatar.com\\\/avatar\\\/05be1fcb2076939c113859ec2cf09bc4b6b366950c2e7c2d51962780ab5e6d80?s=96&d=mm&r=g\",\"caption\":\"T\u00e9cnico Gavri\"}}]}<\/script>\n<!-- \/ Yoast SEO plugin. -->","yoast_head_json":{"title":"\u00bfEs recomendable instalar ventiladores de techo para exteriores?","description":"\u00bfConoces todas las ventajas de tener ventiladores de techo para exteriores en casa? \u00bfA\u00fan no? En Gavri te mostramos todo su potencial.","robots":{"index":"index","follow":"follow","max-snippet":"max-snippet:-1","max-image-preview":"max-image-preview:large","max-video-preview":"max-video-preview:-1"},"canonical":"https:\/\/gavri-src.addisnetwork.es\/blog\/es-recomendable-instalar-ventiladores-techo-exteriores.html","og_locale":"es_ES","og_type":"article","og_title":"\u00bfEs recomendable instalar ventiladores de techo para exteriores?","og_description":"\u00bfConoces todas las ventajas de tener ventiladores de techo para exteriores en casa? \u00bfA\u00fan no? En Gavri te mostramos todo su potencial.","og_url":"https:\/\/gavri-src.addisnetwork.es\/blog\/es-recomendable-instalar-ventiladores-techo-exteriores.html","og_site_name":"Blog de Gavri.es","article_published_time":"2022-09-07T09:42:44+00:00","article_modified_time":"2022-09-07T09:42:46+00:00","og_image":[{"width":2560,"height":1707,"url":"https:\/\/gavri-src.addisnetwork.es\/blog\/wp-content\/uploads\/2022\/09\/Es-recomendable-instalar-ventiladores-de-techo-para-exteriores--scaled.jpg","type":"image\/jpeg"}],"author":"T\u00e9cnico Gavri","twitter_card":"summary_large_image","twitter_misc":{"Escrito por":"T\u00e9cnico Gavri","Tiempo de lectura":"3 minutos"},"schema":{"@context":"https:\/\/schema.org","@graph":[{"@type":"Article","@id":"https:\/\/gavri-src.addisnetwork.es\/blog\/es-recomendable-instalar-ventiladores-techo-exteriores.html#article","isPartOf":{"@id":"https:\/\/gavri-src.addisnetwork.es\/blog\/es-recomendable-instalar-ventiladores-techo-exteriores.html"},"author":{"name":"T\u00e9cnico Gavri","@id":"https:\/\/gavri-src.addisnetwork.es\/blog\/#\/schema\/person\/587329a98b34cfdbbfd1e7fbe7b65296"},"headline":"\u00bfEs recomendable instalar ventiladores de techo para exteriores?","datePublished":"2022-09-07T09:42:44+00:00","dateModified":"2022-09-07T09:42:46+00:00","mainEntityOfPage":{"@id":"https:\/\/gavri-src.addisnetwork.es\/blog\/es-recomendable-instalar-ventiladores-techo-exteriores.html"},"wordCount":526,"commentCount":0,"publisher":{"@id":"https:\/\/gavri-src.addisnetwork.es\/blog\/#organization"},"image":{"@id":"https:\/\/gavri-src.addisnetwork.es\/blog\/es-recomendable-instalar-ventiladores-techo-exteriores.html#primaryimage"},"thumbnailUrl":"https:\/\/gavri-src.addisnetwork.es\/blog\/wp-content\/uploads\/2022\/09\/Es-recomendable-instalar-ventiladores-de-techo-para-exteriores--scaled.jpg","keywords":["hogar","ventilacion","ventilador de techo","ventiladores"],"articleSection":["Ventiladores de techo"],"inLanguage":"es","potentialAction":[{"@type":"CommentAction","name":"Comment","target":["https:\/\/gavri-src.addisnetwork.es\/blog\/es-recomendable-instalar-ventiladores-techo-exteriores.html#respond"]}]},{"@type":"WebPage","@id":"https:\/\/gavri-src.addisnetwork.es\/blog\/es-recomendable-instalar-ventiladores-techo-exteriores.html","url":"https:\/\/gavri-src.addisnetwork.es\/blog\/es-recomendable-instalar-ventiladores-techo-exteriores.html","name":"\u00bfEs recomendable instalar ventiladores de techo para exteriores?","isPartOf":{"@id":"https:\/\/gavri-src.addisnetwork.es\/blog\/#website"},"primaryImageOfPage":{"@id":"https:\/\/gavri-src.addisnetwork.es\/blog\/es-recomendable-instalar-ventiladores-techo-exteriores.html#primaryimage"},"image":{"@id":"https:\/\/gavri-src.addisnetwork.es\/blog\/es-recomendable-instalar-ventiladores-techo-exteriores.html#primaryimage"},"thumbnailUrl":"https:\/\/gavri-src.addisnetwork.es\/blog\/wp-content\/uploads\/2022\/09\/Es-recomendable-instalar-ventiladores-de-techo-para-exteriores--scaled.jpg","datePublished":"2022-09-07T09:42:44+00:00","dateModified":"2022-09-07T09:42:46+00:00","description":"\u00bfConoces todas las ventajas de tener ventiladores de techo para exteriores en casa? \u00bfA\u00fan no? En Gavri te mostramos todo su potencial.","breadcrumb":{"@id":"https:\/\/gavri-src.addisnetwork.es\/blog\/es-recomendable-instalar-ventiladores-techo-exteriores.html#breadcrumb"},"inLanguage":"es","potentialAction":[{"@type":"ReadAction","target":["https:\/\/gavri-src.addisnetwork.es\/blog\/es-recomendable-instalar-ventiladores-techo-exteriores.html"]}]},{"@type":"ImageObject","inLanguage":"es","@id":"https:\/\/gavri-src.addisnetwork.es\/blog\/es-recomendable-instalar-ventiladores-techo-exteriores.html#primaryimage","url":"https:\/\/gavri-src.addisnetwork.es\/blog\/wp-content\/uploads\/2022\/09\/Es-recomendable-instalar-ventiladores-de-techo-para-exteriores--scaled.jpg","contentUrl":"https:\/\/gavri-src.addisnetwork.es\/blog\/wp-content\/uploads\/2022\/09\/Es-recomendable-instalar-ventiladores-de-techo-para-exteriores--scaled.jpg","width":2560,"height":1707},{"@type":"BreadcrumbList","@id":"https:\/\/gavri-src.addisnetwork.es\/blog\/es-recomendable-instalar-ventiladores-techo-exteriores.html#breadcrumb","itemListElement":[{"@type":"ListItem","position":1,"name":"Portada","item":"https:\/\/gavri-src.addisnetwork.es\/blog"},{"@type":"ListItem","position":2,"name":"\u00bfEs recomendable instalar ventiladores de techo para exteriores?"}]},{"@type":"WebSite","@id":"https:\/\/gavri-src.addisnetwork.es\/blog\/#website","url":"https:\/\/gavri-src.addisnetwork.es\/blog\/","name":"Blog de Gavri.es","description":"Blog de Gavri.es","publisher":{"@id":"https:\/\/gavri-src.addisnetwork.es\/blog\/#organization"},"potentialAction":[{"@type":"SearchAction","target":{"@type":"EntryPoint","urlTemplate":"https:\/\/gavri-src.addisnetwork.es\/blog\/?s={search_term_string}"},"query-input":{"@type":"PropertyValueSpecification","valueRequired":true,"valueName":"search_term_string"}}],"inLanguage":"es"},{"@type":"Organization","@id":"https:\/\/gavri-src.addisnetwork.es\/blog\/#organization","name":"Blog de Gavri.es","url":"https:\/\/gavri-src.addisnetwork.es\/blog\/","logo":{"@type":"ImageObject","inLanguage":"es","@id":"https:\/\/gavri-src.addisnetwork.es\/blog\/#\/schema\/logo\/image\/","url":"https:\/\/gavri-src.addisnetwork.es\/blog\/wp-content\/uploads\/2021\/01\/cropped-LOGO-gavries-blog-1.png","contentUrl":"https:\/\/gavri-src.addisnetwork.es\/blog\/wp-content\/uploads\/2021\/01\/cropped-LOGO-gavries-blog-1.png","width":520,"height":104,"caption":"Blog de Gavri.es"},"image":{"@id":"https:\/\/gavri-src.addisnetwork.es\/blog\/#\/schema\/logo\/image\/"}},{"@type":"Person","@id":"https:\/\/gavri-src.addisnetwork.es\/blog\/#\/schema\/person\/587329a98b34cfdbbfd1e7fbe7b65296","name":"T\u00e9cnico Gavri","image":{"@type":"ImageObject","inLanguage":"es","@id":"https:\/\/secure.gravatar.com\/avatar\/05be1fcb2076939c113859ec2cf09bc4b6b366950c2e7c2d51962780ab5e6d80?s=96&d=mm&r=g","url":"https:\/\/secure.gravatar.com\/avatar\/05be1fcb2076939c113859ec2cf09bc4b6b366950c2e7c2d51962780ab5e6d80?s=96&d=mm&r=g","contentUrl":"https:\/\/secure.gravatar.com\/avatar\/05be1fcb2076939c113859ec2cf09bc4b6b366950c2e7c2d51962780ab5e6d80?s=96&d=mm&r=g","caption":"T\u00e9cnico Gavri"}}]}},"_links":{"self":[{"href":"https:\/\/gavri-src.addisnetwork.es\/blog\/wp-json\/wp\/v2\/posts\/705","targetHints":{"allow":["GET"]}}],"collection":[{"href":"https:\/\/gavri-src.addisnetwork.es\/blog\/wp-json\/wp\/v2\/posts"}],"about":[{"href":"https:\/\/gavri-src.addisnetwork.es\/blog\/wp-json\/wp\/v2\/types\/post"}],"author":[{"embeddable":true,"href":"https:\/\/gavri-src.addisnetwork.es\/blog\/wp-json\/wp\/v2\/users\/2"}],"replies":[{"embeddable":true,"href":"https:\/\/gavri-src.addisnetwork.es\/blog\/wp-json\/wp\/v2\/comments?post=705"}],"version-history":[{"count":1,"href":"https:\/\/gavri-src.addisnetwork.es\/blog\/wp-json\/wp\/v2\/posts\/705\/revisions"}],"predecessor-version":[{"id":707,"href":"https:\/\/gavri-src.addisnetwork.es\/blog\/wp-json\/wp\/v2\/posts\/705\/revisions\/707"}],"wp:featuredmedia":[{"embeddable":true,"href":"https:\/\/gavri-src.addisnetwork.es\/blog\/wp-json\/wp\/v2\/media\/706"}],"wp:attachment":[{"href":"https:\/\/gavri-src.addisnetwork.es\/blog\/wp-json\/wp\/v2\/media?parent=705"}],"wp:term":[{"taxonomy":"category","embeddable":true,"href":"https:\/\/gavri-src.addisnetwork.es\/blog\/wp-json\/wp\/v2\/categories?post=705"},{"taxonomy":"post_tag","embeddable":true,"href":"https:\/\/gavri-src.addisnetwork.es\/blog\/wp-json\/wp\/v2\/tags?post=705"}],"curies":[{"name":"wp","href":"https:\/\/api.w.org\/{rel}","templated":true}]}}