{"id":71,"date":"2020-12-15T18:55:00","date_gmt":"2020-12-15T18:55:00","guid":{"rendered":"https:\/\/gavri.ivansol.com\/blog\/?p=71"},"modified":"2021-04-30T14:40:23","modified_gmt":"2021-04-30T14:40:23","slug":"aspas-con-forma-de-hoja-de-palmera-un-toque-tropical-para-tu-salon-b71","status":"publish","type":"post","link":"https:\/\/gavri-src.addisnetwork.es\/blog\/aspas-con-forma-de-hoja-de-palmera-un-toque-tropical-para-tu-salon-b71.html","title":{"rendered":"Aspas con forma de hoja de palmera: un toque tropical para tu sal\u00f3n"},"content":{"rendered":"\n<p><span style=\"font-size: 12pt;\">\u00bfA qui\u00e9n no le gustar\u00eda ir al caribe y tumbarse en las famosas playas de arena blanca? Es algo que la mayor\u00eda de nosotros deseamos hacer como m\u00ednimo una vez en la vida. En CasaFan, expertos en ventiladores con m\u00e1s de 25 a\u00f1os de experiencia, lo saben. Y por ello hoy os traemos una de nuestras \u00faltimas novedades.<\/span><\/p>\n\n\n\n<p><span style=\"font-size: 12pt;\">Ahora es posible dar un toque tropical a tu sal\u00f3n, gracias a las aspas con forma de hoja de palmera. Se trata de dos nuevos modelos de aspas opcionales que se pueden montar en cualquier ventilador CasaFan compatible para dar un nuevo aspecto caribe\u00f1o a tu hogar.<\/span><\/p>\n\n\n\n<h2 class=\"wp-block-heading\"><span style=\"font-size: 12pt;\"><strong><span style=\"text-decoration: underline;\"><a href=\"https:\/\/gavri.es\/ventiladores-de-techo-estilo-tropical-colonial\">Ventiladores tropicales<\/a><\/span>: Aspas con forma de palmera <\/strong><\/span><\/h2>\n\n\n\n<p><span style=\"font-size: 12pt;\"><strong>Las aspas de la marca <\/strong>en cuesti\u00f3n est\u00e1n hechas con madera natural y talladas<strong> a mano artesanalmente. <\/strong>Se trata de los modelos #19901 y #19902, disponibles en nuestra p\u00e1gina web con env\u00edo r\u00e1pido (te recomendamos consultar antes la disponibilidad con nosotros).<\/span><\/p>\n\n\n\n<p><span style=\"font-size: 12pt;\">Al ser producto <strong>elaborados artesanalmente<\/strong> y con materiales naturales, se pueden encontrar peque\u00f1as diferencias incluso en los mismos modelos de aspas, como por ejemplo un diferencia en el color de la aspas.<\/span><\/p>\n\n\n\n<p>En <a href=\"https:\/\/gavri.es\/ventiladores-de-techo-estilo-tropical-colonial\">este enlace <\/a>encontrar\u00e1s nuestros modelos de ventiladores de estilo tropical o caribe\u00f1o.<br><a href=\"https:\/\/gavri.es\/buscar?controller=search&amp;s=caribe%C3%B1o\"><img loading=\"lazy\" decoding=\"async\" width=\"700\" height=\"291\" src=\"https:\/\/gavri.es\/img\/cms\/Blog\/aspas_madera.jpg\" alt=\"Aspas con forma de hoja tropical\"><\/a><\/p>\n\n\n\n<h2 class=\"wp-block-heading\"><span style=\"font-size: 12pt;\"><strong>Ventiladores de techo compatibles<\/strong><\/span><\/h2>\n\n\n\n<p><span style=\"font-size: 12pt;\">Los ventiladores compatibles con dichas aspas son los siguientes modelos:<\/span><\/p>\n\n\n\n<ul class=\"wp-block-list\"><li><span style=\"font-size: 12pt;\">ROYAL 132<\/span><\/li><li><span style=\"font-size: 12pt;\">ECO ELEMENTS<\/span><\/li><li><span style=\"font-size: 12pt;\">CARIBEEAN DREAM ECO<\/span><\/li><li><span style=\"font-size: 12pt;\">ECO CENTURION<\/span><\/li><li><span style=\"font-size: 12pt;\">ECO IMPERIAL<\/span><\/li><li><span style=\"font-size: 12pt;\">ACRYLIC<\/span><\/li><li><span style=\"font-size: 12pt;\">MERKUR<\/span><\/li><li><span style=\"font-size: 12pt;\">TELESTO<\/span><\/li><li><span style=\"font-size: 12pt;\">BLACK MAGIC<\/span><\/li><\/ul>\n\n\n\n<p><span style=\"font-size: 12pt;\">En cualquier de los casos, puedes desmontar el ventilador (sea nuevo o lleve varios a\u00f1os en tu sal\u00f3n) y cambiar las aspas que ya ten\u00edas por las nuevas versiones.\u00a0<a href=\"https:\/\/gavri.es\/ventiladores-de-techo-estilo-tropical-colonial\" target=\"_blank\" rel=\"noreferrer noopener\">En este enlace<\/a> encontrar\u00e1s el cat\u00e1logo con toda la informaci\u00f3n acerca de las aspas.<\/span><\/p>\n\n\n\n<figure class=\"wp-block-image is-style-default\"><a href=\"https:\/\/gavri.es\/buscar?controller=search&amp;s=caribe%C3%B1o\"><img decoding=\"async\" src=\"https:\/\/gavri.es\/img\/cms\/Blog\/aspas_madera---2.jpg\" alt=\"ventiladores tropical\"\/><\/a><\/figure>\n\n\n\n<p><\/p>\n","protected":false},"excerpt":{"rendered":"<p>\u00bfA qui\u00e9n no le gustar\u00eda ir al caribe y tumbarse en las famosas playas de arena blanca? Es algo que la mayor\u00eda de nosotros deseamos hacer como m\u00ednimo una vez en la vida. En CasaFan, expertos &#8230; <a title=\"Aspas con forma de hoja de palmera: un toque tropical para tu sal\u00f3n\" class=\"read-more\" href=\"https:\/\/gavri-src.addisnetwork.es\/blog\/aspas-con-forma-de-hoja-de-palmera-un-toque-tropical-para-tu-salon-b71.html\" aria-label=\"M\u00e1s en Aspas con forma de hoja de palmera: un toque tropical para tu sal\u00f3n\">Leer m\u00e1s<\/a><\/p>\n","protected":false},"author":1,"featured_media":182,"comment_status":"open","ping_status":"closed","sticky":false,"template":"","format":"standard","meta":{"footnotes":""},"categories":[1],"tags":[],"class_list":["post-71","post","type-post","status-publish","format-standard","has-post-thumbnail","hentry","category-sin-categoria","generate-columns","tablet-grid-50","mobile-grid-100","grid-parent","grid-50","no-featured-image-padding"],"yoast_head":"<!-- This site is optimized with the Yoast SEO plugin v27.5 - https:\/\/yoast.com\/product\/yoast-seo-wordpress\/ -->\n<title>Aspas con forma de hoja de palmera: un toque tropical para tu sal\u00f3n - Blog de Gavri.es<\/title>\n<meta name=\"description\" content=\"Si estas buscando un ventilador tropical o de estilo colonial en este post te contamos qu\u00e9 modelos podr\u00edan servirte.\" \/>\n<meta name=\"robots\" content=\"index, follow, max-snippet:-1, max-image-preview:large, max-video-preview:-1\" \/>\n<link rel=\"canonical\" href=\"https:\/\/gavri-src.addisnetwork.es\/blog\/aspas-con-forma-de-hoja-de-palmera-un-toque-tropical-para-tu-salon-b71.html\" \/>\n<meta property=\"og:locale\" content=\"es_ES\" \/>\n<meta property=\"og:type\" content=\"article\" \/>\n<meta property=\"og:title\" content=\"Aspas con forma de hoja de palmera: un toque tropical para tu sal\u00f3n - Blog de Gavri.es\" \/>\n<meta property=\"og:description\" content=\"Si estas buscando un ventilador tropical o de estilo colonial en este post te contamos qu\u00e9 modelos podr\u00edan servirte.\" \/>\n<meta property=\"og:url\" content=\"https:\/\/gavri-src.addisnetwork.es\/blog\/aspas-con-forma-de-hoja-de-palmera-un-toque-tropical-para-tu-salon-b71.html\" \/>\n<meta property=\"og:site_name\" content=\"Blog de Gavri.es\" \/>\n<meta property=\"article:published_time\" content=\"2020-12-15T18:55:00+00:00\" \/>\n<meta property=\"article:modified_time\" content=\"2021-04-30T14:40:23+00:00\" \/>\n<meta property=\"og:image\" content=\"https:\/\/gavri-src.addisnetwork.es\/blog\/wp-content\/uploads\/2020\/12\/lg-b-aspas_madera-madera-tropical-hoja-palmera.jpg\" \/>\n\t<meta property=\"og:image:width\" content=\"1900\" \/>\n\t<meta property=\"og:image:height\" content=\"781\" \/>\n\t<meta property=\"og:image:type\" content=\"image\/jpeg\" \/>\n<meta name=\"author\" content=\"Gavri\" \/>\n<meta name=\"twitter:card\" content=\"summary_large_image\" \/>\n<meta name=\"twitter:label1\" content=\"Escrito por\" \/>\n\t<meta name=\"twitter:data1\" content=\"Gavri\" \/>\n\t<meta name=\"twitter:label2\" content=\"Tiempo de lectura\" \/>\n\t<meta name=\"twitter:data2\" content=\"2 minutos\" \/>\n<script type=\"application\/ld+json\" class=\"yoast-schema-graph\">{\"@context\":\"https:\\\/\\\/schema.org\",\"@graph\":[{\"@type\":\"Article\",\"@id\":\"https:\\\/\\\/gavri-src.addisnetwork.es\\\/blog\\\/aspas-con-forma-de-hoja-de-palmera-un-toque-tropical-para-tu-salon-b71.html#article\",\"isPartOf\":{\"@id\":\"https:\\\/\\\/gavri-src.addisnetwork.es\\\/blog\\\/aspas-con-forma-de-hoja-de-palmera-un-toque-tropical-para-tu-salon-b71.html\"},\"author\":{\"name\":\"Gavri\",\"@id\":\"https:\\\/\\\/gavri-src.addisnetwork.es\\\/blog\\\/#\\\/schema\\\/person\\\/3df0699bd314187860df00e3b73fbf75\"},\"headline\":\"Aspas con forma de hoja de palmera: un toque tropical para tu sal\u00f3n\",\"datePublished\":\"2020-12-15T18:55:00+00:00\",\"dateModified\":\"2021-04-30T14:40:23+00:00\",\"mainEntityOfPage\":{\"@id\":\"https:\\\/\\\/gavri-src.addisnetwork.es\\\/blog\\\/aspas-con-forma-de-hoja-de-palmera-un-toque-tropical-para-tu-salon-b71.html\"},\"wordCount\":303,\"commentCount\":0,\"publisher\":{\"@id\":\"https:\\\/\\\/gavri-src.addisnetwork.es\\\/blog\\\/#organization\"},\"image\":{\"@id\":\"https:\\\/\\\/gavri-src.addisnetwork.es\\\/blog\\\/aspas-con-forma-de-hoja-de-palmera-un-toque-tropical-para-tu-salon-b71.html#primaryimage\"},\"thumbnailUrl\":\"https:\\\/\\\/gavri-src.addisnetwork.es\\\/blog\\\/wp-content\\\/uploads\\\/2020\\\/12\\\/lg-b-aspas_madera-madera-tropical-hoja-palmera.jpg\",\"inLanguage\":\"es\",\"potentialAction\":[{\"@type\":\"CommentAction\",\"name\":\"Comment\",\"target\":[\"https:\\\/\\\/gavri-src.addisnetwork.es\\\/blog\\\/aspas-con-forma-de-hoja-de-palmera-un-toque-tropical-para-tu-salon-b71.html#respond\"]}]},{\"@type\":\"WebPage\",\"@id\":\"https:\\\/\\\/gavri-src.addisnetwork.es\\\/blog\\\/aspas-con-forma-de-hoja-de-palmera-un-toque-tropical-para-tu-salon-b71.html\",\"url\":\"https:\\\/\\\/gavri-src.addisnetwork.es\\\/blog\\\/aspas-con-forma-de-hoja-de-palmera-un-toque-tropical-para-tu-salon-b71.html\",\"name\":\"Aspas con forma de hoja de palmera: un toque tropical para tu sal\u00f3n - Blog de Gavri.es\",\"isPartOf\":{\"@id\":\"https:\\\/\\\/gavri-src.addisnetwork.es\\\/blog\\\/#website\"},\"primaryImageOfPage\":{\"@id\":\"https:\\\/\\\/gavri-src.addisnetwork.es\\\/blog\\\/aspas-con-forma-de-hoja-de-palmera-un-toque-tropical-para-tu-salon-b71.html#primaryimage\"},\"image\":{\"@id\":\"https:\\\/\\\/gavri-src.addisnetwork.es\\\/blog\\\/aspas-con-forma-de-hoja-de-palmera-un-toque-tropical-para-tu-salon-b71.html#primaryimage\"},\"thumbnailUrl\":\"https:\\\/\\\/gavri-src.addisnetwork.es\\\/blog\\\/wp-content\\\/uploads\\\/2020\\\/12\\\/lg-b-aspas_madera-madera-tropical-hoja-palmera.jpg\",\"datePublished\":\"2020-12-15T18:55:00+00:00\",\"dateModified\":\"2021-04-30T14:40:23+00:00\",\"description\":\"Si estas buscando un ventilador tropical o de estilo colonial en este post te contamos qu\u00e9 modelos podr\u00edan servirte.\",\"breadcrumb\":{\"@id\":\"https:\\\/\\\/gavri-src.addisnetwork.es\\\/blog\\\/aspas-con-forma-de-hoja-de-palmera-un-toque-tropical-para-tu-salon-b71.html#breadcrumb\"},\"inLanguage\":\"es\",\"potentialAction\":[{\"@type\":\"ReadAction\",\"target\":[\"https:\\\/\\\/gavri-src.addisnetwork.es\\\/blog\\\/aspas-con-forma-de-hoja-de-palmera-un-toque-tropical-para-tu-salon-b71.html\"]}]},{\"@type\":\"ImageObject\",\"inLanguage\":\"es\",\"@id\":\"https:\\\/\\\/gavri-src.addisnetwork.es\\\/blog\\\/aspas-con-forma-de-hoja-de-palmera-un-toque-tropical-para-tu-salon-b71.html#primaryimage\",\"url\":\"https:\\\/\\\/gavri-src.addisnetwork.es\\\/blog\\\/wp-content\\\/uploads\\\/2020\\\/12\\\/lg-b-aspas_madera-madera-tropical-hoja-palmera.jpg\",\"contentUrl\":\"https:\\\/\\\/gavri-src.addisnetwork.es\\\/blog\\\/wp-content\\\/uploads\\\/2020\\\/12\\\/lg-b-aspas_madera-madera-tropical-hoja-palmera.jpg\",\"width\":1900,\"height\":781},{\"@type\":\"BreadcrumbList\",\"@id\":\"https:\\\/\\\/gavri-src.addisnetwork.es\\\/blog\\\/aspas-con-forma-de-hoja-de-palmera-un-toque-tropical-para-tu-salon-b71.html#breadcrumb\",\"itemListElement\":[{\"@type\":\"ListItem\",\"position\":1,\"name\":\"Portada\",\"item\":\"https:\\\/\\\/gavri-src.addisnetwork.es\\\/blog\"},{\"@type\":\"ListItem\",\"position\":2,\"name\":\"Aspas con forma de hoja de palmera: un toque tropical para tu sal\u00f3n\"}]},{\"@type\":\"WebSite\",\"@id\":\"https:\\\/\\\/gavri-src.addisnetwork.es\\\/blog\\\/#website\",\"url\":\"https:\\\/\\\/gavri-src.addisnetwork.es\\\/blog\\\/\",\"name\":\"Blog de Gavri.es\",\"description\":\"Blog de Gavri.es\",\"publisher\":{\"@id\":\"https:\\\/\\\/gavri-src.addisnetwork.es\\\/blog\\\/#organization\"},\"potentialAction\":[{\"@type\":\"SearchAction\",\"target\":{\"@type\":\"EntryPoint\",\"urlTemplate\":\"https:\\\/\\\/gavri-src.addisnetwork.es\\\/blog\\\/?s={search_term_string}\"},\"query-input\":{\"@type\":\"PropertyValueSpecification\",\"valueRequired\":true,\"valueName\":\"search_term_string\"}}],\"inLanguage\":\"es\"},{\"@type\":\"Organization\",\"@id\":\"https:\\\/\\\/gavri-src.addisnetwork.es\\\/blog\\\/#organization\",\"name\":\"Blog de Gavri.es\",\"url\":\"https:\\\/\\\/gavri-src.addisnetwork.es\\\/blog\\\/\",\"logo\":{\"@type\":\"ImageObject\",\"inLanguage\":\"es\",\"@id\":\"https:\\\/\\\/gavri-src.addisnetwork.es\\\/blog\\\/#\\\/schema\\\/logo\\\/image\\\/\",\"url\":\"https:\\\/\\\/gavri-src.addisnetwork.es\\\/blog\\\/wp-content\\\/uploads\\\/2021\\\/01\\\/cropped-LOGO-gavries-blog-1.png\",\"contentUrl\":\"https:\\\/\\\/gavri-src.addisnetwork.es\\\/blog\\\/wp-content\\\/uploads\\\/2021\\\/01\\\/cropped-LOGO-gavries-blog-1.png\",\"width\":520,\"height\":104,\"caption\":\"Blog de Gavri.es\"},\"image\":{\"@id\":\"https:\\\/\\\/gavri-src.addisnetwork.es\\\/blog\\\/#\\\/schema\\\/logo\\\/image\\\/\"}},{\"@type\":\"Person\",\"@id\":\"https:\\\/\\\/gavri-src.addisnetwork.es\\\/blog\\\/#\\\/schema\\\/person\\\/3df0699bd314187860df00e3b73fbf75\",\"name\":\"Gavri\",\"image\":{\"@type\":\"ImageObject\",\"inLanguage\":\"es\",\"@id\":\"https:\\\/\\\/secure.gravatar.com\\\/avatar\\\/6fc6afbbb919cee1ae64c74ed55bf75da72aade68e84f27c0a3a05bd98ccf2a0?s=96&d=mm&r=g\",\"url\":\"https:\\\/\\\/secure.gravatar.com\\\/avatar\\\/6fc6afbbb919cee1ae64c74ed55bf75da72aade68e84f27c0a3a05bd98ccf2a0?s=96&d=mm&r=g\",\"contentUrl\":\"https:\\\/\\\/secure.gravatar.com\\\/avatar\\\/6fc6afbbb919cee1ae64c74ed55bf75da72aade68e84f27c0a3a05bd98ccf2a0?s=96&d=mm&r=g\",\"caption\":\"Gavri\"},\"sameAs\":[\"https:\\\/\\\/gavri.es\\\/blog\"]}]}<\/script>\n<!-- \/ Yoast SEO plugin. -->","yoast_head_json":{"title":"Aspas con forma de hoja de palmera: un toque tropical para tu sal\u00f3n - Blog de Gavri.es","description":"Si estas buscando un ventilador tropical o de estilo colonial en este post te contamos qu\u00e9 modelos podr\u00edan servirte.","robots":{"index":"index","follow":"follow","max-snippet":"max-snippet:-1","max-image-preview":"max-image-preview:large","max-video-preview":"max-video-preview:-1"},"canonical":"https:\/\/gavri-src.addisnetwork.es\/blog\/aspas-con-forma-de-hoja-de-palmera-un-toque-tropical-para-tu-salon-b71.html","og_locale":"es_ES","og_type":"article","og_title":"Aspas con forma de hoja de palmera: un toque tropical para tu sal\u00f3n - Blog de Gavri.es","og_description":"Si estas buscando un ventilador tropical o de estilo colonial en este post te contamos qu\u00e9 modelos podr\u00edan servirte.","og_url":"https:\/\/gavri-src.addisnetwork.es\/blog\/aspas-con-forma-de-hoja-de-palmera-un-toque-tropical-para-tu-salon-b71.html","og_site_name":"Blog de Gavri.es","article_published_time":"2020-12-15T18:55:00+00:00","article_modified_time":"2021-04-30T14:40:23+00:00","og_image":[{"width":1900,"height":781,"url":"https:\/\/gavri-src.addisnetwork.es\/blog\/wp-content\/uploads\/2020\/12\/lg-b-aspas_madera-madera-tropical-hoja-palmera.jpg","type":"image\/jpeg"}],"author":"Gavri","twitter_card":"summary_large_image","twitter_misc":{"Escrito por":"Gavri","Tiempo de lectura":"2 minutos"},"schema":{"@context":"https:\/\/schema.org","@graph":[{"@type":"Article","@id":"https:\/\/gavri-src.addisnetwork.es\/blog\/aspas-con-forma-de-hoja-de-palmera-un-toque-tropical-para-tu-salon-b71.html#article","isPartOf":{"@id":"https:\/\/gavri-src.addisnetwork.es\/blog\/aspas-con-forma-de-hoja-de-palmera-un-toque-tropical-para-tu-salon-b71.html"},"author":{"name":"Gavri","@id":"https:\/\/gavri-src.addisnetwork.es\/blog\/#\/schema\/person\/3df0699bd314187860df00e3b73fbf75"},"headline":"Aspas con forma de hoja de palmera: un toque tropical para tu sal\u00f3n","datePublished":"2020-12-15T18:55:00+00:00","dateModified":"2021-04-30T14:40:23+00:00","mainEntityOfPage":{"@id":"https:\/\/gavri-src.addisnetwork.es\/blog\/aspas-con-forma-de-hoja-de-palmera-un-toque-tropical-para-tu-salon-b71.html"},"wordCount":303,"commentCount":0,"publisher":{"@id":"https:\/\/gavri-src.addisnetwork.es\/blog\/#organization"},"image":{"@id":"https:\/\/gavri-src.addisnetwork.es\/blog\/aspas-con-forma-de-hoja-de-palmera-un-toque-tropical-para-tu-salon-b71.html#primaryimage"},"thumbnailUrl":"https:\/\/gavri-src.addisnetwork.es\/blog\/wp-content\/uploads\/2020\/12\/lg-b-aspas_madera-madera-tropical-hoja-palmera.jpg","inLanguage":"es","potentialAction":[{"@type":"CommentAction","name":"Comment","target":["https:\/\/gavri-src.addisnetwork.es\/blog\/aspas-con-forma-de-hoja-de-palmera-un-toque-tropical-para-tu-salon-b71.html#respond"]}]},{"@type":"WebPage","@id":"https:\/\/gavri-src.addisnetwork.es\/blog\/aspas-con-forma-de-hoja-de-palmera-un-toque-tropical-para-tu-salon-b71.html","url":"https:\/\/gavri-src.addisnetwork.es\/blog\/aspas-con-forma-de-hoja-de-palmera-un-toque-tropical-para-tu-salon-b71.html","name":"Aspas con forma de hoja de palmera: un toque tropical para tu sal\u00f3n - Blog de Gavri.es","isPartOf":{"@id":"https:\/\/gavri-src.addisnetwork.es\/blog\/#website"},"primaryImageOfPage":{"@id":"https:\/\/gavri-src.addisnetwork.es\/blog\/aspas-con-forma-de-hoja-de-palmera-un-toque-tropical-para-tu-salon-b71.html#primaryimage"},"image":{"@id":"https:\/\/gavri-src.addisnetwork.es\/blog\/aspas-con-forma-de-hoja-de-palmera-un-toque-tropical-para-tu-salon-b71.html#primaryimage"},"thumbnailUrl":"https:\/\/gavri-src.addisnetwork.es\/blog\/wp-content\/uploads\/2020\/12\/lg-b-aspas_madera-madera-tropical-hoja-palmera.jpg","datePublished":"2020-12-15T18:55:00+00:00","dateModified":"2021-04-30T14:40:23+00:00","description":"Si estas buscando un ventilador tropical o de estilo colonial en este post te contamos qu\u00e9 modelos podr\u00edan servirte.","breadcrumb":{"@id":"https:\/\/gavri-src.addisnetwork.es\/blog\/aspas-con-forma-de-hoja-de-palmera-un-toque-tropical-para-tu-salon-b71.html#breadcrumb"},"inLanguage":"es","potentialAction":[{"@type":"ReadAction","target":["https:\/\/gavri-src.addisnetwork.es\/blog\/aspas-con-forma-de-hoja-de-palmera-un-toque-tropical-para-tu-salon-b71.html"]}]},{"@type":"ImageObject","inLanguage":"es","@id":"https:\/\/gavri-src.addisnetwork.es\/blog\/aspas-con-forma-de-hoja-de-palmera-un-toque-tropical-para-tu-salon-b71.html#primaryimage","url":"https:\/\/gavri-src.addisnetwork.es\/blog\/wp-content\/uploads\/2020\/12\/lg-b-aspas_madera-madera-tropical-hoja-palmera.jpg","contentUrl":"https:\/\/gavri-src.addisnetwork.es\/blog\/wp-content\/uploads\/2020\/12\/lg-b-aspas_madera-madera-tropical-hoja-palmera.jpg","width":1900,"height":781},{"@type":"BreadcrumbList","@id":"https:\/\/gavri-src.addisnetwork.es\/blog\/aspas-con-forma-de-hoja-de-palmera-un-toque-tropical-para-tu-salon-b71.html#breadcrumb","itemListElement":[{"@type":"ListItem","position":1,"name":"Portada","item":"https:\/\/gavri-src.addisnetwork.es\/blog"},{"@type":"ListItem","position":2,"name":"Aspas con forma de hoja de palmera: un toque tropical para tu sal\u00f3n"}]},{"@type":"WebSite","@id":"https:\/\/gavri-src.addisnetwork.es\/blog\/#website","url":"https:\/\/gavri-src.addisnetwork.es\/blog\/","name":"Blog de Gavri.es","description":"Blog de Gavri.es","publisher":{"@id":"https:\/\/gavri-src.addisnetwork.es\/blog\/#organization"},"potentialAction":[{"@type":"SearchAction","target":{"@type":"EntryPoint","urlTemplate":"https:\/\/gavri-src.addisnetwork.es\/blog\/?s={search_term_string}"},"query-input":{"@type":"PropertyValueSpecification","valueRequired":true,"valueName":"search_term_string"}}],"inLanguage":"es"},{"@type":"Organization","@id":"https:\/\/gavri-src.addisnetwork.es\/blog\/#organization","name":"Blog de Gavri.es","url":"https:\/\/gavri-src.addisnetwork.es\/blog\/","logo":{"@type":"ImageObject","inLanguage":"es","@id":"https:\/\/gavri-src.addisnetwork.es\/blog\/#\/schema\/logo\/image\/","url":"https:\/\/gavri-src.addisnetwork.es\/blog\/wp-content\/uploads\/2021\/01\/cropped-LOGO-gavries-blog-1.png","contentUrl":"https:\/\/gavri-src.addisnetwork.es\/blog\/wp-content\/uploads\/2021\/01\/cropped-LOGO-gavries-blog-1.png","width":520,"height":104,"caption":"Blog de Gavri.es"},"image":{"@id":"https:\/\/gavri-src.addisnetwork.es\/blog\/#\/schema\/logo\/image\/"}},{"@type":"Person","@id":"https:\/\/gavri-src.addisnetwork.es\/blog\/#\/schema\/person\/3df0699bd314187860df00e3b73fbf75","name":"Gavri","image":{"@type":"ImageObject","inLanguage":"es","@id":"https:\/\/secure.gravatar.com\/avatar\/6fc6afbbb919cee1ae64c74ed55bf75da72aade68e84f27c0a3a05bd98ccf2a0?s=96&d=mm&r=g","url":"https:\/\/secure.gravatar.com\/avatar\/6fc6afbbb919cee1ae64c74ed55bf75da72aade68e84f27c0a3a05bd98ccf2a0?s=96&d=mm&r=g","contentUrl":"https:\/\/secure.gravatar.com\/avatar\/6fc6afbbb919cee1ae64c74ed55bf75da72aade68e84f27c0a3a05bd98ccf2a0?s=96&d=mm&r=g","caption":"Gavri"},"sameAs":["https:\/\/gavri.es\/blog"]}]}},"_links":{"self":[{"href":"https:\/\/gavri-src.addisnetwork.es\/blog\/wp-json\/wp\/v2\/posts\/71","targetHints":{"allow":["GET"]}}],"collection":[{"href":"https:\/\/gavri-src.addisnetwork.es\/blog\/wp-json\/wp\/v2\/posts"}],"about":[{"href":"https:\/\/gavri-src.addisnetwork.es\/blog\/wp-json\/wp\/v2\/types\/post"}],"author":[{"embeddable":true,"href":"https:\/\/gavri-src.addisnetwork.es\/blog\/wp-json\/wp\/v2\/users\/1"}],"replies":[{"embeddable":true,"href":"https:\/\/gavri-src.addisnetwork.es\/blog\/wp-json\/wp\/v2\/comments?post=71"}],"version-history":[{"count":3,"href":"https:\/\/gavri-src.addisnetwork.es\/blog\/wp-json\/wp\/v2\/posts\/71\/revisions"}],"predecessor-version":[{"id":471,"href":"https:\/\/gavri-src.addisnetwork.es\/blog\/wp-json\/wp\/v2\/posts\/71\/revisions\/471"}],"wp:featuredmedia":[{"embeddable":true,"href":"https:\/\/gavri-src.addisnetwork.es\/blog\/wp-json\/wp\/v2\/media\/182"}],"wp:attachment":[{"href":"https:\/\/gavri-src.addisnetwork.es\/blog\/wp-json\/wp\/v2\/media?parent=71"}],"wp:term":[{"taxonomy":"category","embeddable":true,"href":"https:\/\/gavri-src.addisnetwork.es\/blog\/wp-json\/wp\/v2\/categories?post=71"},{"taxonomy":"post_tag","embeddable":true,"href":"https:\/\/gavri-src.addisnetwork.es\/blog\/wp-json\/wp\/v2\/tags?post=71"}],"curies":[{"name":"wp","href":"https:\/\/api.w.org\/{rel}","templated":true}]}}