{"id":716,"date":"2022-10-11T09:35:50","date_gmt":"2022-10-11T09:35:50","guid":{"rendered":"https:\/\/gavri.es\/blog\/?p=716"},"modified":"2022-10-11T09:35:52","modified_gmt":"2022-10-11T09:35:52","slug":"ventiladores-de-techo-casafan-ventiladores-calidad","status":"publish","type":"post","link":"https:\/\/gavri-src.addisnetwork.es\/blog\/ventiladores-de-techo-casafan-ventiladores-calidad.html","title":{"rendered":"Ventiladores de techo CasaFan, los ventiladores m\u00e1s calidad"},"content":{"rendered":"\n<p>Los ventiladores de techo CasaFan son aut\u00e9nticos ventiladores de calidad. Estos aparatos son id\u00f3neos para mejorar el clima interior y proporcionar una temperatura adecuada en cualquier \u00e9poca del a\u00f1o sin generar altos costes energ\u00e9ticos.<\/p>\n\n\n\n<p>Se trata de ventiladores de alto rendimiento que cuentan con un dise\u00f1o y acabados de calidad, lo que no solo se traduce en una mejor resistencia sino, tambi\u00e9n, en una vida \u00fatil mucho m\u00e1s larga.<\/p>\n\n\n\n<p>Sea donde sea que est\u00e9s pensando en poner un ventilador de techo, bien en casa, en la oficina o bien en una empresa, con CasaFan no te arrepentir\u00e1s de tu elecci\u00f3n y en <a href=\"https:\/\/gavri.es\/\" target=\"_blank\" rel=\"noreferrer noopener\">Gavri<\/a> te contamos por qu\u00e9. \u00a1Conoce toda la informaci\u00f3n en el siguiente post! \u00a1Sigue leyendo!<\/p>\n\n\n\n<!--more-->\n\n\n\n<h2 class=\"wp-block-heading\"><strong>Ventiladores de techo de la marca CasaFan, acabados inigualables<\/strong><\/h2>\n\n\n\n<p>Aunque el dise\u00f1o de muchos ventiladores de techo pueda asemejarse a los modelos de CasaFan, no tienen nada que ver. <strong>La misma apariencia no se traduce autom\u00e1ticamente en el mismo rendimiento.<\/strong> \u00a1Tenlo en cuenta!<\/p>\n\n\n\n<p>A la hora de <strong>comprar un ventilador de techo<\/strong>, probablemente en lo primero que te fijes es en el dise\u00f1o. En ese caso, aseg\u00farate que tanto las aspas como los componentes electr\u00f3nicos son de calidad y, de este modo, podr\u00e1n garantizarte <strong>una larga vida \u00fatil y un funcionamiento sin problemas.<\/strong><\/p>\n\n\n\n<h3 class=\"wp-block-heading\"><strong>Los ventiladores de techo silenciosos de CasaFan tienen un motor de calidad<\/strong><\/h3>\n\n\n\n<p>M\u00e1s all\u00e1 de la apariencia, est\u00e1 <strong>el motor.<\/strong> El motor es la pieza clave de un ventilador y lo que va a hacer que puedas disfrutar de su rendimiento as\u00ed que, \u00a1presta atenci\u00f3n!<\/p>\n\n\n\n<p>Actualmente, los ventiladores de la marca cuentan con <strong>un motor ECO (CE\/CC)<\/strong>, un motor de corriente eficiente en cuanto a potencia el\u00e9ctrica que se compatibiliza a la perfecci\u00f3n con el dise\u00f1o y todas las prestaciones. Por ese motivo, podr\u00e1s encontrar <strong>ventiladores modernos y eficientes<\/strong> de la marca como el <strong><a href=\"https:\/\/gavri.es\/ventiladores-de-techo\/ventilador-de-techo-con-luz-casafan-311283-eco-plano-ii-112cm-blanco-kit-de-luz-ep-led-we-\" target=\"_blank\" rel=\"noreferrer noopener\">Ventilador de Techo con Luz CasaFan 311283 ECO Plano II 112cm Blanco + Kit de Luz<\/a>.<\/strong><\/p>\n\n\n\n<h4 class=\"wp-block-heading\"><strong>Ahorro energ\u00e9tico asegurado con los ventiladores para techo peque\u00f1os<\/strong><\/h4>\n\n\n\n<p>\u00bfBuscas un ventilador de techo para casa que no te suponga un extra en la factura de la luz? En ese caso, <strong>\u00a1apuesta por CasaFan!<\/strong> La marca alemana fabrica modelos eficientes que cuentan con <strong>motor DC o de bajo consumo.<\/strong><\/p>\n\n\n\n<p>Sin duda, el punto fuerte de estos ventiladores es el <strong>ahorro energ\u00e9tico<\/strong> que suponen, gracias a su motor DC\/EC de corriente continuada, utilizando su mayor potencia, el consumo no supera los 25W, mientras que el consumo m\u00ednimo puede llegar incluso a 5W. \u00bfQu\u00e9 m\u00e1s necesitas?<\/p>\n\n\n\n<h4 class=\"wp-block-heading\"><strong>CasaFan te asegura ventiladores de techo de dise\u00f1o muy vers\u00e1tiles<\/strong><\/h4>\n\n\n\n<p>\u00a1As\u00ed es! Con modelos como, por ejemplo, el <strong><a href=\"https:\/\/gavri.es\/ventiladores-de-techo\/ventilador-de-techo-casafan-513300-eco-aviatos-132cm-blanco-cerezo\" target=\"_blank\" rel=\"noreferrer noopener\">Ventilador Dom\u00e9stico de Techo 513300 CasaFan Eco Aviatos 132 WE-KI<\/a> <\/strong>puedes disfrutar de la <strong>funci\u00f3n inversa para invierno y verano<\/strong>. Es decir, el mismo ventilador es \u00fatil para refrigerar una habitaci\u00f3n en verano y calentarla en invierno, lo que te permite ahorra electricidad durante todo el a\u00f1o.<\/p>\n\n\n\n<p>Si quieres conocer m\u00e1s sobre esta marca de ventiladores de techo, \u00a1no dudes en visitar nuestra web!<\/p>\n","protected":false},"excerpt":{"rendered":"<p>Los ventiladores de techo CasaFan son aut\u00e9nticos ventiladores de calidad. Estos aparatos son id\u00f3neos para mejorar el clima interior y proporcionar una temperatura adecuada en cualquier \u00e9poca del a\u00f1o sin generar altos costes energ\u00e9ticos. Se trata &#8230; <a title=\"Ventiladores de techo CasaFan, los ventiladores m\u00e1s calidad\" class=\"read-more\" href=\"https:\/\/gavri-src.addisnetwork.es\/blog\/ventiladores-de-techo-casafan-ventiladores-calidad.html\" aria-label=\"M\u00e1s en Ventiladores de techo CasaFan, los ventiladores m\u00e1s calidad\">Leer m\u00e1s<\/a><\/p>\n","protected":false},"author":2,"featured_media":717,"comment_status":"open","ping_status":"closed","sticky":false,"template":"","format":"standard","meta":{"footnotes":""},"categories":[1],"tags":[4,7,8],"class_list":["post-716","post","type-post","status-publish","format-standard","has-post-thumbnail","hentry","category-sin-categoria","tag-hogar","tag-ventilacion","tag-ventiladores","generate-columns","tablet-grid-50","mobile-grid-100","grid-parent","grid-50","no-featured-image-padding"],"yoast_head":"<!-- This site is optimized with the Yoast SEO plugin v27.5 - https:\/\/yoast.com\/product\/yoast-seo-wordpress\/ -->\n<title>Ventiladores de techo CasaFan, los ventiladores m\u00e1s calidad<\/title>\n<meta name=\"description\" content=\"\u00bfTodav\u00eda no conoces la marca de ventiladores de techo CasaFan? En Gavri te contamos el por qu\u00e9 del \u00e9xito de estos ventiladores. \u00a1Desc\u00fabrelo!\" \/>\n<meta name=\"robots\" content=\"index, follow, max-snippet:-1, max-image-preview:large, max-video-preview:-1\" \/>\n<link rel=\"canonical\" href=\"https:\/\/gavri-src.addisnetwork.es\/blog\/ventiladores-de-techo-casafan-ventiladores-calidad.html\" \/>\n<meta property=\"og:locale\" content=\"es_ES\" \/>\n<meta property=\"og:type\" content=\"article\" \/>\n<meta property=\"og:title\" content=\"Ventiladores de techo CasaFan, los ventiladores m\u00e1s calidad\" \/>\n<meta property=\"og:description\" content=\"\u00bfTodav\u00eda no conoces la marca de ventiladores de techo CasaFan? En Gavri te contamos el por qu\u00e9 del \u00e9xito de estos ventiladores. \u00a1Desc\u00fabrelo!\" \/>\n<meta property=\"og:url\" content=\"https:\/\/gavri-src.addisnetwork.es\/blog\/ventiladores-de-techo-casafan-ventiladores-calidad.html\" \/>\n<meta property=\"og:site_name\" content=\"Blog de Gavri.es\" \/>\n<meta property=\"article:published_time\" content=\"2022-10-11T09:35:50+00:00\" \/>\n<meta property=\"article:modified_time\" content=\"2022-10-11T09:35:52+00:00\" \/>\n<meta property=\"og:image\" content=\"https:\/\/gavri-src.addisnetwork.es\/blog\/wp-content\/uploads\/2022\/10\/Ventiladores-de-techo-CasaFan-los-ventiladores-mas-calidad--scaled.jpg\" \/>\n\t<meta property=\"og:image:width\" content=\"2560\" \/>\n\t<meta property=\"og:image:height\" content=\"1707\" \/>\n\t<meta property=\"og:image:type\" content=\"image\/jpeg\" \/>\n<meta name=\"author\" content=\"T\u00e9cnico Gavri\" \/>\n<meta name=\"twitter:card\" content=\"summary_large_image\" \/>\n<meta name=\"twitter:label1\" content=\"Escrito por\" \/>\n\t<meta name=\"twitter:data1\" content=\"T\u00e9cnico Gavri\" \/>\n\t<meta name=\"twitter:label2\" content=\"Tiempo de lectura\" \/>\n\t<meta name=\"twitter:data2\" content=\"3 minutos\" \/>\n<script type=\"application\/ld+json\" class=\"yoast-schema-graph\">{\"@context\":\"https:\\\/\\\/schema.org\",\"@graph\":[{\"@type\":\"Article\",\"@id\":\"https:\\\/\\\/gavri-src.addisnetwork.es\\\/blog\\\/ventiladores-de-techo-casafan-ventiladores-calidad.html#article\",\"isPartOf\":{\"@id\":\"https:\\\/\\\/gavri-src.addisnetwork.es\\\/blog\\\/ventiladores-de-techo-casafan-ventiladores-calidad.html\"},\"author\":{\"name\":\"T\u00e9cnico Gavri\",\"@id\":\"https:\\\/\\\/gavri-src.addisnetwork.es\\\/blog\\\/#\\\/schema\\\/person\\\/587329a98b34cfdbbfd1e7fbe7b65296\"},\"headline\":\"Ventiladores de techo CasaFan, los ventiladores m\u00e1s calidad\",\"datePublished\":\"2022-10-11T09:35:50+00:00\",\"dateModified\":\"2022-10-11T09:35:52+00:00\",\"mainEntityOfPage\":{\"@id\":\"https:\\\/\\\/gavri-src.addisnetwork.es\\\/blog\\\/ventiladores-de-techo-casafan-ventiladores-calidad.html\"},\"wordCount\":538,\"commentCount\":0,\"publisher\":{\"@id\":\"https:\\\/\\\/gavri-src.addisnetwork.es\\\/blog\\\/#organization\"},\"image\":{\"@id\":\"https:\\\/\\\/gavri-src.addisnetwork.es\\\/blog\\\/ventiladores-de-techo-casafan-ventiladores-calidad.html#primaryimage\"},\"thumbnailUrl\":\"https:\\\/\\\/gavri-src.addisnetwork.es\\\/blog\\\/wp-content\\\/uploads\\\/2022\\\/10\\\/Ventiladores-de-techo-CasaFan-los-ventiladores-mas-calidad--scaled.jpg\",\"keywords\":[\"hogar\",\"ventilacion\",\"ventiladores\"],\"inLanguage\":\"es\",\"potentialAction\":[{\"@type\":\"CommentAction\",\"name\":\"Comment\",\"target\":[\"https:\\\/\\\/gavri-src.addisnetwork.es\\\/blog\\\/ventiladores-de-techo-casafan-ventiladores-calidad.html#respond\"]}]},{\"@type\":\"WebPage\",\"@id\":\"https:\\\/\\\/gavri-src.addisnetwork.es\\\/blog\\\/ventiladores-de-techo-casafan-ventiladores-calidad.html\",\"url\":\"https:\\\/\\\/gavri-src.addisnetwork.es\\\/blog\\\/ventiladores-de-techo-casafan-ventiladores-calidad.html\",\"name\":\"Ventiladores de techo CasaFan, los ventiladores m\u00e1s calidad\",\"isPartOf\":{\"@id\":\"https:\\\/\\\/gavri-src.addisnetwork.es\\\/blog\\\/#website\"},\"primaryImageOfPage\":{\"@id\":\"https:\\\/\\\/gavri-src.addisnetwork.es\\\/blog\\\/ventiladores-de-techo-casafan-ventiladores-calidad.html#primaryimage\"},\"image\":{\"@id\":\"https:\\\/\\\/gavri-src.addisnetwork.es\\\/blog\\\/ventiladores-de-techo-casafan-ventiladores-calidad.html#primaryimage\"},\"thumbnailUrl\":\"https:\\\/\\\/gavri-src.addisnetwork.es\\\/blog\\\/wp-content\\\/uploads\\\/2022\\\/10\\\/Ventiladores-de-techo-CasaFan-los-ventiladores-mas-calidad--scaled.jpg\",\"datePublished\":\"2022-10-11T09:35:50+00:00\",\"dateModified\":\"2022-10-11T09:35:52+00:00\",\"description\":\"\u00bfTodav\u00eda no conoces la marca de ventiladores de techo CasaFan? En Gavri te contamos el por qu\u00e9 del \u00e9xito de estos ventiladores. \u00a1Desc\u00fabrelo!\",\"breadcrumb\":{\"@id\":\"https:\\\/\\\/gavri-src.addisnetwork.es\\\/blog\\\/ventiladores-de-techo-casafan-ventiladores-calidad.html#breadcrumb\"},\"inLanguage\":\"es\",\"potentialAction\":[{\"@type\":\"ReadAction\",\"target\":[\"https:\\\/\\\/gavri-src.addisnetwork.es\\\/blog\\\/ventiladores-de-techo-casafan-ventiladores-calidad.html\"]}]},{\"@type\":\"ImageObject\",\"inLanguage\":\"es\",\"@id\":\"https:\\\/\\\/gavri-src.addisnetwork.es\\\/blog\\\/ventiladores-de-techo-casafan-ventiladores-calidad.html#primaryimage\",\"url\":\"https:\\\/\\\/gavri-src.addisnetwork.es\\\/blog\\\/wp-content\\\/uploads\\\/2022\\\/10\\\/Ventiladores-de-techo-CasaFan-los-ventiladores-mas-calidad--scaled.jpg\",\"contentUrl\":\"https:\\\/\\\/gavri-src.addisnetwork.es\\\/blog\\\/wp-content\\\/uploads\\\/2022\\\/10\\\/Ventiladores-de-techo-CasaFan-los-ventiladores-mas-calidad--scaled.jpg\",\"width\":2560,\"height\":1707,\"caption\":\"Ventiladores de techo CasaFan, los ventiladores m\u00e1s calidad\"},{\"@type\":\"BreadcrumbList\",\"@id\":\"https:\\\/\\\/gavri-src.addisnetwork.es\\\/blog\\\/ventiladores-de-techo-casafan-ventiladores-calidad.html#breadcrumb\",\"itemListElement\":[{\"@type\":\"ListItem\",\"position\":1,\"name\":\"Portada\",\"item\":\"https:\\\/\\\/gavri-src.addisnetwork.es\\\/blog\"},{\"@type\":\"ListItem\",\"position\":2,\"name\":\"Ventiladores de techo CasaFan, los ventiladores m\u00e1s calidad\"}]},{\"@type\":\"WebSite\",\"@id\":\"https:\\\/\\\/gavri-src.addisnetwork.es\\\/blog\\\/#website\",\"url\":\"https:\\\/\\\/gavri-src.addisnetwork.es\\\/blog\\\/\",\"name\":\"Blog de Gavri.es\",\"description\":\"Blog de Gavri.es\",\"publisher\":{\"@id\":\"https:\\\/\\\/gavri-src.addisnetwork.es\\\/blog\\\/#organization\"},\"potentialAction\":[{\"@type\":\"SearchAction\",\"target\":{\"@type\":\"EntryPoint\",\"urlTemplate\":\"https:\\\/\\\/gavri-src.addisnetwork.es\\\/blog\\\/?s={search_term_string}\"},\"query-input\":{\"@type\":\"PropertyValueSpecification\",\"valueRequired\":true,\"valueName\":\"search_term_string\"}}],\"inLanguage\":\"es\"},{\"@type\":\"Organization\",\"@id\":\"https:\\\/\\\/gavri-src.addisnetwork.es\\\/blog\\\/#organization\",\"name\":\"Blog de Gavri.es\",\"url\":\"https:\\\/\\\/gavri-src.addisnetwork.es\\\/blog\\\/\",\"logo\":{\"@type\":\"ImageObject\",\"inLanguage\":\"es\",\"@id\":\"https:\\\/\\\/gavri-src.addisnetwork.es\\\/blog\\\/#\\\/schema\\\/logo\\\/image\\\/\",\"url\":\"https:\\\/\\\/gavri-src.addisnetwork.es\\\/blog\\\/wp-content\\\/uploads\\\/2021\\\/01\\\/cropped-LOGO-gavries-blog-1.png\",\"contentUrl\":\"https:\\\/\\\/gavri-src.addisnetwork.es\\\/blog\\\/wp-content\\\/uploads\\\/2021\\\/01\\\/cropped-LOGO-gavries-blog-1.png\",\"width\":520,\"height\":104,\"caption\":\"Blog de Gavri.es\"},\"image\":{\"@id\":\"https:\\\/\\\/gavri-src.addisnetwork.es\\\/blog\\\/#\\\/schema\\\/logo\\\/image\\\/\"}},{\"@type\":\"Person\",\"@id\":\"https:\\\/\\\/gavri-src.addisnetwork.es\\\/blog\\\/#\\\/schema\\\/person\\\/587329a98b34cfdbbfd1e7fbe7b65296\",\"name\":\"T\u00e9cnico Gavri\",\"image\":{\"@type\":\"ImageObject\",\"inLanguage\":\"es\",\"@id\":\"https:\\\/\\\/secure.gravatar.com\\\/avatar\\\/05be1fcb2076939c113859ec2cf09bc4b6b366950c2e7c2d51962780ab5e6d80?s=96&d=mm&r=g\",\"url\":\"https:\\\/\\\/secure.gravatar.com\\\/avatar\\\/05be1fcb2076939c113859ec2cf09bc4b6b366950c2e7c2d51962780ab5e6d80?s=96&d=mm&r=g\",\"contentUrl\":\"https:\\\/\\\/secure.gravatar.com\\\/avatar\\\/05be1fcb2076939c113859ec2cf09bc4b6b366950c2e7c2d51962780ab5e6d80?s=96&d=mm&r=g\",\"caption\":\"T\u00e9cnico Gavri\"}}]}<\/script>\n<!-- \/ Yoast SEO plugin. -->","yoast_head_json":{"title":"Ventiladores de techo CasaFan, los ventiladores m\u00e1s calidad","description":"\u00bfTodav\u00eda no conoces la marca de ventiladores de techo CasaFan? En Gavri te contamos el por qu\u00e9 del \u00e9xito de estos ventiladores. \u00a1Desc\u00fabrelo!","robots":{"index":"index","follow":"follow","max-snippet":"max-snippet:-1","max-image-preview":"max-image-preview:large","max-video-preview":"max-video-preview:-1"},"canonical":"https:\/\/gavri-src.addisnetwork.es\/blog\/ventiladores-de-techo-casafan-ventiladores-calidad.html","og_locale":"es_ES","og_type":"article","og_title":"Ventiladores de techo CasaFan, los ventiladores m\u00e1s calidad","og_description":"\u00bfTodav\u00eda no conoces la marca de ventiladores de techo CasaFan? En Gavri te contamos el por qu\u00e9 del \u00e9xito de estos ventiladores. \u00a1Desc\u00fabrelo!","og_url":"https:\/\/gavri-src.addisnetwork.es\/blog\/ventiladores-de-techo-casafan-ventiladores-calidad.html","og_site_name":"Blog de Gavri.es","article_published_time":"2022-10-11T09:35:50+00:00","article_modified_time":"2022-10-11T09:35:52+00:00","og_image":[{"width":2560,"height":1707,"url":"https:\/\/gavri-src.addisnetwork.es\/blog\/wp-content\/uploads\/2022\/10\/Ventiladores-de-techo-CasaFan-los-ventiladores-mas-calidad--scaled.jpg","type":"image\/jpeg"}],"author":"T\u00e9cnico Gavri","twitter_card":"summary_large_image","twitter_misc":{"Escrito por":"T\u00e9cnico Gavri","Tiempo de lectura":"3 minutos"},"schema":{"@context":"https:\/\/schema.org","@graph":[{"@type":"Article","@id":"https:\/\/gavri-src.addisnetwork.es\/blog\/ventiladores-de-techo-casafan-ventiladores-calidad.html#article","isPartOf":{"@id":"https:\/\/gavri-src.addisnetwork.es\/blog\/ventiladores-de-techo-casafan-ventiladores-calidad.html"},"author":{"name":"T\u00e9cnico Gavri","@id":"https:\/\/gavri-src.addisnetwork.es\/blog\/#\/schema\/person\/587329a98b34cfdbbfd1e7fbe7b65296"},"headline":"Ventiladores de techo CasaFan, los ventiladores m\u00e1s calidad","datePublished":"2022-10-11T09:35:50+00:00","dateModified":"2022-10-11T09:35:52+00:00","mainEntityOfPage":{"@id":"https:\/\/gavri-src.addisnetwork.es\/blog\/ventiladores-de-techo-casafan-ventiladores-calidad.html"},"wordCount":538,"commentCount":0,"publisher":{"@id":"https:\/\/gavri-src.addisnetwork.es\/blog\/#organization"},"image":{"@id":"https:\/\/gavri-src.addisnetwork.es\/blog\/ventiladores-de-techo-casafan-ventiladores-calidad.html#primaryimage"},"thumbnailUrl":"https:\/\/gavri-src.addisnetwork.es\/blog\/wp-content\/uploads\/2022\/10\/Ventiladores-de-techo-CasaFan-los-ventiladores-mas-calidad--scaled.jpg","keywords":["hogar","ventilacion","ventiladores"],"inLanguage":"es","potentialAction":[{"@type":"CommentAction","name":"Comment","target":["https:\/\/gavri-src.addisnetwork.es\/blog\/ventiladores-de-techo-casafan-ventiladores-calidad.html#respond"]}]},{"@type":"WebPage","@id":"https:\/\/gavri-src.addisnetwork.es\/blog\/ventiladores-de-techo-casafan-ventiladores-calidad.html","url":"https:\/\/gavri-src.addisnetwork.es\/blog\/ventiladores-de-techo-casafan-ventiladores-calidad.html","name":"Ventiladores de techo CasaFan, los ventiladores m\u00e1s calidad","isPartOf":{"@id":"https:\/\/gavri-src.addisnetwork.es\/blog\/#website"},"primaryImageOfPage":{"@id":"https:\/\/gavri-src.addisnetwork.es\/blog\/ventiladores-de-techo-casafan-ventiladores-calidad.html#primaryimage"},"image":{"@id":"https:\/\/gavri-src.addisnetwork.es\/blog\/ventiladores-de-techo-casafan-ventiladores-calidad.html#primaryimage"},"thumbnailUrl":"https:\/\/gavri-src.addisnetwork.es\/blog\/wp-content\/uploads\/2022\/10\/Ventiladores-de-techo-CasaFan-los-ventiladores-mas-calidad--scaled.jpg","datePublished":"2022-10-11T09:35:50+00:00","dateModified":"2022-10-11T09:35:52+00:00","description":"\u00bfTodav\u00eda no conoces la marca de ventiladores de techo CasaFan? En Gavri te contamos el por qu\u00e9 del \u00e9xito de estos ventiladores. \u00a1Desc\u00fabrelo!","breadcrumb":{"@id":"https:\/\/gavri-src.addisnetwork.es\/blog\/ventiladores-de-techo-casafan-ventiladores-calidad.html#breadcrumb"},"inLanguage":"es","potentialAction":[{"@type":"ReadAction","target":["https:\/\/gavri-src.addisnetwork.es\/blog\/ventiladores-de-techo-casafan-ventiladores-calidad.html"]}]},{"@type":"ImageObject","inLanguage":"es","@id":"https:\/\/gavri-src.addisnetwork.es\/blog\/ventiladores-de-techo-casafan-ventiladores-calidad.html#primaryimage","url":"https:\/\/gavri-src.addisnetwork.es\/blog\/wp-content\/uploads\/2022\/10\/Ventiladores-de-techo-CasaFan-los-ventiladores-mas-calidad--scaled.jpg","contentUrl":"https:\/\/gavri-src.addisnetwork.es\/blog\/wp-content\/uploads\/2022\/10\/Ventiladores-de-techo-CasaFan-los-ventiladores-mas-calidad--scaled.jpg","width":2560,"height":1707,"caption":"Ventiladores de techo CasaFan, los ventiladores m\u00e1s calidad"},{"@type":"BreadcrumbList","@id":"https:\/\/gavri-src.addisnetwork.es\/blog\/ventiladores-de-techo-casafan-ventiladores-calidad.html#breadcrumb","itemListElement":[{"@type":"ListItem","position":1,"name":"Portada","item":"https:\/\/gavri-src.addisnetwork.es\/blog"},{"@type":"ListItem","position":2,"name":"Ventiladores de techo CasaFan, los ventiladores m\u00e1s calidad"}]},{"@type":"WebSite","@id":"https:\/\/gavri-src.addisnetwork.es\/blog\/#website","url":"https:\/\/gavri-src.addisnetwork.es\/blog\/","name":"Blog de Gavri.es","description":"Blog de Gavri.es","publisher":{"@id":"https:\/\/gavri-src.addisnetwork.es\/blog\/#organization"},"potentialAction":[{"@type":"SearchAction","target":{"@type":"EntryPoint","urlTemplate":"https:\/\/gavri-src.addisnetwork.es\/blog\/?s={search_term_string}"},"query-input":{"@type":"PropertyValueSpecification","valueRequired":true,"valueName":"search_term_string"}}],"inLanguage":"es"},{"@type":"Organization","@id":"https:\/\/gavri-src.addisnetwork.es\/blog\/#organization","name":"Blog de Gavri.es","url":"https:\/\/gavri-src.addisnetwork.es\/blog\/","logo":{"@type":"ImageObject","inLanguage":"es","@id":"https:\/\/gavri-src.addisnetwork.es\/blog\/#\/schema\/logo\/image\/","url":"https:\/\/gavri-src.addisnetwork.es\/blog\/wp-content\/uploads\/2021\/01\/cropped-LOGO-gavries-blog-1.png","contentUrl":"https:\/\/gavri-src.addisnetwork.es\/blog\/wp-content\/uploads\/2021\/01\/cropped-LOGO-gavries-blog-1.png","width":520,"height":104,"caption":"Blog de Gavri.es"},"image":{"@id":"https:\/\/gavri-src.addisnetwork.es\/blog\/#\/schema\/logo\/image\/"}},{"@type":"Person","@id":"https:\/\/gavri-src.addisnetwork.es\/blog\/#\/schema\/person\/587329a98b34cfdbbfd1e7fbe7b65296","name":"T\u00e9cnico Gavri","image":{"@type":"ImageObject","inLanguage":"es","@id":"https:\/\/secure.gravatar.com\/avatar\/05be1fcb2076939c113859ec2cf09bc4b6b366950c2e7c2d51962780ab5e6d80?s=96&d=mm&r=g","url":"https:\/\/secure.gravatar.com\/avatar\/05be1fcb2076939c113859ec2cf09bc4b6b366950c2e7c2d51962780ab5e6d80?s=96&d=mm&r=g","contentUrl":"https:\/\/secure.gravatar.com\/avatar\/05be1fcb2076939c113859ec2cf09bc4b6b366950c2e7c2d51962780ab5e6d80?s=96&d=mm&r=g","caption":"T\u00e9cnico Gavri"}}]}},"_links":{"self":[{"href":"https:\/\/gavri-src.addisnetwork.es\/blog\/wp-json\/wp\/v2\/posts\/716","targetHints":{"allow":["GET"]}}],"collection":[{"href":"https:\/\/gavri-src.addisnetwork.es\/blog\/wp-json\/wp\/v2\/posts"}],"about":[{"href":"https:\/\/gavri-src.addisnetwork.es\/blog\/wp-json\/wp\/v2\/types\/post"}],"author":[{"embeddable":true,"href":"https:\/\/gavri-src.addisnetwork.es\/blog\/wp-json\/wp\/v2\/users\/2"}],"replies":[{"embeddable":true,"href":"https:\/\/gavri-src.addisnetwork.es\/blog\/wp-json\/wp\/v2\/comments?post=716"}],"version-history":[{"count":1,"href":"https:\/\/gavri-src.addisnetwork.es\/blog\/wp-json\/wp\/v2\/posts\/716\/revisions"}],"predecessor-version":[{"id":718,"href":"https:\/\/gavri-src.addisnetwork.es\/blog\/wp-json\/wp\/v2\/posts\/716\/revisions\/718"}],"wp:featuredmedia":[{"embeddable":true,"href":"https:\/\/gavri-src.addisnetwork.es\/blog\/wp-json\/wp\/v2\/media\/717"}],"wp:attachment":[{"href":"https:\/\/gavri-src.addisnetwork.es\/blog\/wp-json\/wp\/v2\/media?parent=716"}],"wp:term":[{"taxonomy":"category","embeddable":true,"href":"https:\/\/gavri-src.addisnetwork.es\/blog\/wp-json\/wp\/v2\/categories?post=716"},{"taxonomy":"post_tag","embeddable":true,"href":"https:\/\/gavri-src.addisnetwork.es\/blog\/wp-json\/wp\/v2\/tags?post=716"}],"curies":[{"name":"wp","href":"https:\/\/api.w.org\/{rel}","templated":true}]}}