{"id":723,"date":"2022-10-26T14:35:27","date_gmt":"2022-10-26T14:35:27","guid":{"rendered":"https:\/\/gavri.es\/blog\/?p=723"},"modified":"2022-11-03T11:08:29","modified_gmt":"2022-11-03T11:08:29","slug":"trucos-ahorrar-energia-ventilador-techo-invierno","status":"publish","type":"post","link":"https:\/\/gavri-src.addisnetwork.es\/blog\/trucos-ahorrar-energia-ventilador-techo-invierno.html","title":{"rendered":"Trucos para ahorrar energ\u00eda con tu ventilador de techo en invierno"},"content":{"rendered":"\n<p>\u00bfSab\u00edas que tu ventilador de techo te puede ayudar a ahorrar en tu factura de la luz este invierno? \u00a1Te lo contamos!<\/p>\n\n\n\n<p>El consumo de estos ventiladores es much\u00edsimo menor que el de la calefacci\u00f3n tradicional, adem\u00e1s de ser mas eficiente, por lo que el tiempo de uso de los elementos calefactores se ver\u00e1 reducido considerablemente.<\/p>\n\n\n\n<p>\u00a1Pero hay mucho m\u00e1s! Los ventiladores de techo no solo vienen equipados con todo lo necesario para asegurar una temperatura \u00f3ptima, sino que tambi\u00e9n est\u00e1n pensados para que el ahorro esta temporada sea m\u00e1s que notable. Desde <a href=\"https:\/\/gavri.es\/\" target=\"_blank\" rel=\"noreferrer noopener\">Gavri<\/a> te contamos c\u00f3mo sacarles provecho a estos ventiladores en invierno. \u00a1Descubre toda la informaci\u00f3n en el siguiente post! \u00a1Sigue leyendo!<\/p>\n\n\n\n<!--more-->\n\n\n\n<h2 class=\"wp-block-heading\"><strong>Opta por un ventilador de techo silencioso de bajo consumo<\/strong><\/h2>\n\n\n\n<p>\u00bfQuieres ahorrar este invierno sin tener que poner la calefacci\u00f3n? \u00a1Muy sencillo! Lo \u00fanico que necesitas son <strong>ventiladores de techo de bajo consumo<\/strong>. \u00a1Presta atenci\u00f3n!<\/p>\n\n\n\n<p>Se trata de una <strong>alternativa eficiente a la par que sostenible<\/strong> que puede sustituir tanto a los aires acondicionados como a la calefacci\u00f3n, permitiendo una ventilaci\u00f3n muy alta con un consumo mucho m\u00e1s inferior. \u00bfPero de qu\u00e9 ventiladores estamos hablando?<\/p>\n\n\n\n<p>Estos son los ventiladores de techo <strong>con motor DC o motor de bajo consumo<\/strong> como el <strong><a href=\"https:\/\/gavri.es\/ventiladores-de-techo-con-luz\/ventilador-de-techo-con-luz-casafan-942484-eco-neo-ii-180cm-blanco-o-gris-claro\" target=\"_blank\" rel=\"noreferrer noopener\">Ventilador de Techo con Luz CasaFan 942484 Eco Neo III 180cm Blanco o Gris Claro<\/a><\/strong>, considerados una de las mejores propuestas para combatir el fr\u00edo sin tener que pagar de m\u00e1s. \u00a1Desc\u00fabrelos en la web!<\/p>\n\n\n\n<p>Para <strong>ahorrar energ\u00eda y dinero<\/strong> esta temporada, lo \u00fanico que debes hacer es <strong>activar el modo invierno<\/strong> de tu ventilador moderno para aprovechar todo su rendimiento. Pero \u00bfc\u00f3mo funciona? \u00a1Muy sencillo!<\/p>\n\n\n\n<p>Esta funci\u00f3n hace que las aspas giren <strong>en sentido de las manecillas del reloj<\/strong>, es decir, en sentido contrario a como lo hace en verano. Aunque no lo parezca, este cambio permite que el aire se distribuya mejor y que suba en lugar de impulsarlo hacia abajo.<\/p>\n\n\n\n<p>Adem\u00e1s, <strong>desplaza el aire caliente por los laterales y baja al suelo<\/strong>, una vez ah\u00ed, vuelve a ser aspirado por el centro del ventilador y as\u00ed una y otra vez. De este modo, se consigue la temperatura adecuada en la habitaci\u00f3n por muy poco dinero.<\/p>\n\n\n\n<h4 class=\"wp-block-heading\"><strong>Ahorra energ\u00eda con el mejor ventilador de techo para esta temporada<\/strong><\/h4>\n\n\n\n<p>Con ventiladores como el <strong><a href=\"https:\/\/gavri.es\/inicio\/ventilador-de-techo-casafan-313282-eco-plano-ii-132cm-nogal\" target=\"_blank\" rel=\"noreferrer noopener\">Ventilador de Techo CasaFan 313282 ECO PLANO II 132cm Nogal <\/a><\/strong>conseguir\u00e1s un ahorro m\u00e1s que eficiente, sobre todo si tienes techos bajos en casa. Este modelo tiene <strong>un motor de bajo consumo<\/strong>, funci\u00f3n de invierno, temporizador y una potencia de entre <strong>3W a 29W<\/strong>, lo que se traduce en una habitaci\u00f3n con una temperatura m\u00e1s que adecuada para esta temporada. \u00a1Tenlo en cuenta!<\/p>\n\n\n\n<h4 class=\"wp-block-heading\"><strong>C\u00f3mo ahorrar m\u00e1s con tu ventilador de techo con luz en invierno<\/strong><\/h4>\n\n\n\n<p><strong>\u00bfQuieres incrementar tu ahorro?<\/strong> En ese caso, adem\u00e1s de instalar un ventilador de techo adecuado, si tiene luz, aseg\u00farate de integran <strong>bombillas LED<\/strong> y de tener las <strong>puertas cerradas<\/strong> de cada habitaci\u00f3n para condensar la temperatura.<\/p>\n\n\n\n<p>Ahora que ya tienes toda esta informaci\u00f3n, \u00a1hazte con el ventilador id\u00f3neo para esta temporada!<\/p>\n","protected":false},"excerpt":{"rendered":"<p>\u00bfSab\u00edas que tu ventilador de techo te puede ayudar a ahorrar en tu factura de la luz este invierno? \u00a1Te lo contamos! El consumo de estos ventiladores es much\u00edsimo menor que el de la calefacci\u00f3n tradicional, &#8230; <a title=\"Trucos para ahorrar energ\u00eda con tu ventilador de techo en invierno\" class=\"read-more\" href=\"https:\/\/gavri-src.addisnetwork.es\/blog\/trucos-ahorrar-energia-ventilador-techo-invierno.html\" aria-label=\"M\u00e1s en Trucos para ahorrar energ\u00eda con tu ventilador de techo en invierno\">Leer m\u00e1s<\/a><\/p>\n","protected":false},"author":2,"featured_media":724,"comment_status":"open","ping_status":"closed","sticky":false,"template":"","format":"standard","meta":{"footnotes":""},"categories":[24],"tags":[39,4,7,41,40,8,9],"class_list":["post-723","post","type-post","status-publish","format-standard","has-post-thumbnail","hentry","category-ventiladores-de-techo","tag-casafan","tag-hogar","tag-ventilacion","tag-ventilador-invierno","tag-ventilador-para-techo","tag-ventiladores","tag-ventiladores-de-techo","generate-columns","tablet-grid-50","mobile-grid-100","grid-parent","grid-50","no-featured-image-padding"],"yoast_head":"<!-- This site is optimized with the Yoast SEO plugin v27.5 - https:\/\/yoast.com\/product\/yoast-seo-wordpress\/ -->\n<title>Trucos para ahorrar energ\u00eda con tu ventilador de techo en invierno<\/title>\n<meta name=\"description\" content=\"\u00bfQuieres aprender a ahorrar energ\u00eda este invierno con tu ventilador de techo? Consigue un un consumo energ\u00e9tico eficiente en Gavri.\" \/>\n<meta name=\"robots\" content=\"index, follow, max-snippet:-1, max-image-preview:large, max-video-preview:-1\" \/>\n<link rel=\"canonical\" href=\"https:\/\/gavri-src.addisnetwork.es\/blog\/trucos-ahorrar-energia-ventilador-techo-invierno.html\" \/>\n<meta property=\"og:locale\" content=\"es_ES\" \/>\n<meta property=\"og:type\" content=\"article\" \/>\n<meta property=\"og:title\" content=\"Trucos para ahorrar energ\u00eda con tu ventilador de techo en invierno\" \/>\n<meta property=\"og:description\" content=\"\u00bfQuieres aprender a ahorrar energ\u00eda este invierno con tu ventilador de techo? Consigue un un consumo energ\u00e9tico eficiente en Gavri.\" \/>\n<meta property=\"og:url\" content=\"https:\/\/gavri-src.addisnetwork.es\/blog\/trucos-ahorrar-energia-ventilador-techo-invierno.html\" \/>\n<meta property=\"og:site_name\" content=\"Blog de Gavri.es\" \/>\n<meta property=\"article:published_time\" content=\"2022-10-26T14:35:27+00:00\" \/>\n<meta property=\"article:modified_time\" content=\"2022-11-03T11:08:29+00:00\" \/>\n<meta property=\"og:image\" content=\"https:\/\/gavri-src.addisnetwork.es\/blog\/wp-content\/uploads\/2022\/10\/Trucos-para-ahorrar-energia-con-tu-ventilador-de-techo-en-invierno-scaled.jpg\" \/>\n\t<meta property=\"og:image:width\" content=\"2560\" \/>\n\t<meta property=\"og:image:height\" content=\"1710\" \/>\n\t<meta property=\"og:image:type\" content=\"image\/jpeg\" \/>\n<meta name=\"author\" content=\"T\u00e9cnico Gavri\" \/>\n<meta name=\"twitter:card\" content=\"summary_large_image\" \/>\n<meta name=\"twitter:label1\" content=\"Escrito por\" \/>\n\t<meta name=\"twitter:data1\" content=\"T\u00e9cnico Gavri\" \/>\n\t<meta name=\"twitter:label2\" content=\"Tiempo de lectura\" \/>\n\t<meta name=\"twitter:data2\" content=\"3 minutos\" \/>\n<script type=\"application\/ld+json\" class=\"yoast-schema-graph\">{\"@context\":\"https:\\\/\\\/schema.org\",\"@graph\":[{\"@type\":\"Article\",\"@id\":\"https:\\\/\\\/gavri-src.addisnetwork.es\\\/blog\\\/trucos-ahorrar-energia-ventilador-techo-invierno.html#article\",\"isPartOf\":{\"@id\":\"https:\\\/\\\/gavri-src.addisnetwork.es\\\/blog\\\/trucos-ahorrar-energia-ventilador-techo-invierno.html\"},\"author\":{\"name\":\"T\u00e9cnico Gavri\",\"@id\":\"https:\\\/\\\/gavri-src.addisnetwork.es\\\/blog\\\/#\\\/schema\\\/person\\\/587329a98b34cfdbbfd1e7fbe7b65296\"},\"headline\":\"Trucos para ahorrar energ\u00eda con tu ventilador de techo en invierno\",\"datePublished\":\"2022-10-26T14:35:27+00:00\",\"dateModified\":\"2022-11-03T11:08:29+00:00\",\"mainEntityOfPage\":{\"@id\":\"https:\\\/\\\/gavri-src.addisnetwork.es\\\/blog\\\/trucos-ahorrar-energia-ventilador-techo-invierno.html\"},\"wordCount\":550,\"commentCount\":0,\"publisher\":{\"@id\":\"https:\\\/\\\/gavri-src.addisnetwork.es\\\/blog\\\/#organization\"},\"image\":{\"@id\":\"https:\\\/\\\/gavri-src.addisnetwork.es\\\/blog\\\/trucos-ahorrar-energia-ventilador-techo-invierno.html#primaryimage\"},\"thumbnailUrl\":\"https:\\\/\\\/gavri-src.addisnetwork.es\\\/blog\\\/wp-content\\\/uploads\\\/2022\\\/10\\\/Trucos-para-ahorrar-energia-con-tu-ventilador-de-techo-en-invierno-scaled.jpg\",\"keywords\":[\"casafan\",\"hogar\",\"ventilacion\",\"ventilador invierno\",\"ventilador para techo\",\"ventiladores\",\"ventiladores de techo\"],\"articleSection\":[\"Ventiladores de techo\"],\"inLanguage\":\"es\",\"potentialAction\":[{\"@type\":\"CommentAction\",\"name\":\"Comment\",\"target\":[\"https:\\\/\\\/gavri-src.addisnetwork.es\\\/blog\\\/trucos-ahorrar-energia-ventilador-techo-invierno.html#respond\"]}]},{\"@type\":\"WebPage\",\"@id\":\"https:\\\/\\\/gavri-src.addisnetwork.es\\\/blog\\\/trucos-ahorrar-energia-ventilador-techo-invierno.html\",\"url\":\"https:\\\/\\\/gavri-src.addisnetwork.es\\\/blog\\\/trucos-ahorrar-energia-ventilador-techo-invierno.html\",\"name\":\"Trucos para ahorrar energ\u00eda con tu ventilador de techo en invierno\",\"isPartOf\":{\"@id\":\"https:\\\/\\\/gavri-src.addisnetwork.es\\\/blog\\\/#website\"},\"primaryImageOfPage\":{\"@id\":\"https:\\\/\\\/gavri-src.addisnetwork.es\\\/blog\\\/trucos-ahorrar-energia-ventilador-techo-invierno.html#primaryimage\"},\"image\":{\"@id\":\"https:\\\/\\\/gavri-src.addisnetwork.es\\\/blog\\\/trucos-ahorrar-energia-ventilador-techo-invierno.html#primaryimage\"},\"thumbnailUrl\":\"https:\\\/\\\/gavri-src.addisnetwork.es\\\/blog\\\/wp-content\\\/uploads\\\/2022\\\/10\\\/Trucos-para-ahorrar-energia-con-tu-ventilador-de-techo-en-invierno-scaled.jpg\",\"datePublished\":\"2022-10-26T14:35:27+00:00\",\"dateModified\":\"2022-11-03T11:08:29+00:00\",\"description\":\"\u00bfQuieres aprender a ahorrar energ\u00eda este invierno con tu ventilador de techo? Consigue un un consumo energ\u00e9tico eficiente en Gavri.\",\"breadcrumb\":{\"@id\":\"https:\\\/\\\/gavri-src.addisnetwork.es\\\/blog\\\/trucos-ahorrar-energia-ventilador-techo-invierno.html#breadcrumb\"},\"inLanguage\":\"es\",\"potentialAction\":[{\"@type\":\"ReadAction\",\"target\":[\"https:\\\/\\\/gavri-src.addisnetwork.es\\\/blog\\\/trucos-ahorrar-energia-ventilador-techo-invierno.html\"]}]},{\"@type\":\"ImageObject\",\"inLanguage\":\"es\",\"@id\":\"https:\\\/\\\/gavri-src.addisnetwork.es\\\/blog\\\/trucos-ahorrar-energia-ventilador-techo-invierno.html#primaryimage\",\"url\":\"https:\\\/\\\/gavri-src.addisnetwork.es\\\/blog\\\/wp-content\\\/uploads\\\/2022\\\/10\\\/Trucos-para-ahorrar-energia-con-tu-ventilador-de-techo-en-invierno-scaled.jpg\",\"contentUrl\":\"https:\\\/\\\/gavri-src.addisnetwork.es\\\/blog\\\/wp-content\\\/uploads\\\/2022\\\/10\\\/Trucos-para-ahorrar-energia-con-tu-ventilador-de-techo-en-invierno-scaled.jpg\",\"width\":2560,\"height\":1710,\"caption\":\"Trucos para ahorrar energ\u00eda con tu ventilador de techo en invierno\"},{\"@type\":\"BreadcrumbList\",\"@id\":\"https:\\\/\\\/gavri-src.addisnetwork.es\\\/blog\\\/trucos-ahorrar-energia-ventilador-techo-invierno.html#breadcrumb\",\"itemListElement\":[{\"@type\":\"ListItem\",\"position\":1,\"name\":\"Portada\",\"item\":\"https:\\\/\\\/gavri-src.addisnetwork.es\\\/blog\"},{\"@type\":\"ListItem\",\"position\":2,\"name\":\"Trucos para ahorrar energ\u00eda con tu ventilador de techo en invierno\"}]},{\"@type\":\"WebSite\",\"@id\":\"https:\\\/\\\/gavri-src.addisnetwork.es\\\/blog\\\/#website\",\"url\":\"https:\\\/\\\/gavri-src.addisnetwork.es\\\/blog\\\/\",\"name\":\"Blog de Gavri.es\",\"description\":\"Blog de Gavri.es\",\"publisher\":{\"@id\":\"https:\\\/\\\/gavri-src.addisnetwork.es\\\/blog\\\/#organization\"},\"potentialAction\":[{\"@type\":\"SearchAction\",\"target\":{\"@type\":\"EntryPoint\",\"urlTemplate\":\"https:\\\/\\\/gavri-src.addisnetwork.es\\\/blog\\\/?s={search_term_string}\"},\"query-input\":{\"@type\":\"PropertyValueSpecification\",\"valueRequired\":true,\"valueName\":\"search_term_string\"}}],\"inLanguage\":\"es\"},{\"@type\":\"Organization\",\"@id\":\"https:\\\/\\\/gavri-src.addisnetwork.es\\\/blog\\\/#organization\",\"name\":\"Blog de Gavri.es\",\"url\":\"https:\\\/\\\/gavri-src.addisnetwork.es\\\/blog\\\/\",\"logo\":{\"@type\":\"ImageObject\",\"inLanguage\":\"es\",\"@id\":\"https:\\\/\\\/gavri-src.addisnetwork.es\\\/blog\\\/#\\\/schema\\\/logo\\\/image\\\/\",\"url\":\"https:\\\/\\\/gavri-src.addisnetwork.es\\\/blog\\\/wp-content\\\/uploads\\\/2021\\\/01\\\/cropped-LOGO-gavries-blog-1.png\",\"contentUrl\":\"https:\\\/\\\/gavri-src.addisnetwork.es\\\/blog\\\/wp-content\\\/uploads\\\/2021\\\/01\\\/cropped-LOGO-gavries-blog-1.png\",\"width\":520,\"height\":104,\"caption\":\"Blog de Gavri.es\"},\"image\":{\"@id\":\"https:\\\/\\\/gavri-src.addisnetwork.es\\\/blog\\\/#\\\/schema\\\/logo\\\/image\\\/\"}},{\"@type\":\"Person\",\"@id\":\"https:\\\/\\\/gavri-src.addisnetwork.es\\\/blog\\\/#\\\/schema\\\/person\\\/587329a98b34cfdbbfd1e7fbe7b65296\",\"name\":\"T\u00e9cnico Gavri\",\"image\":{\"@type\":\"ImageObject\",\"inLanguage\":\"es\",\"@id\":\"https:\\\/\\\/secure.gravatar.com\\\/avatar\\\/05be1fcb2076939c113859ec2cf09bc4b6b366950c2e7c2d51962780ab5e6d80?s=96&d=mm&r=g\",\"url\":\"https:\\\/\\\/secure.gravatar.com\\\/avatar\\\/05be1fcb2076939c113859ec2cf09bc4b6b366950c2e7c2d51962780ab5e6d80?s=96&d=mm&r=g\",\"contentUrl\":\"https:\\\/\\\/secure.gravatar.com\\\/avatar\\\/05be1fcb2076939c113859ec2cf09bc4b6b366950c2e7c2d51962780ab5e6d80?s=96&d=mm&r=g\",\"caption\":\"T\u00e9cnico Gavri\"}}]}<\/script>\n<!-- \/ Yoast SEO plugin. -->","yoast_head_json":{"title":"Trucos para ahorrar energ\u00eda con tu ventilador de techo en invierno","description":"\u00bfQuieres aprender a ahorrar energ\u00eda este invierno con tu ventilador de techo? Consigue un un consumo energ\u00e9tico eficiente en Gavri.","robots":{"index":"index","follow":"follow","max-snippet":"max-snippet:-1","max-image-preview":"max-image-preview:large","max-video-preview":"max-video-preview:-1"},"canonical":"https:\/\/gavri-src.addisnetwork.es\/blog\/trucos-ahorrar-energia-ventilador-techo-invierno.html","og_locale":"es_ES","og_type":"article","og_title":"Trucos para ahorrar energ\u00eda con tu ventilador de techo en invierno","og_description":"\u00bfQuieres aprender a ahorrar energ\u00eda este invierno con tu ventilador de techo? Consigue un un consumo energ\u00e9tico eficiente en Gavri.","og_url":"https:\/\/gavri-src.addisnetwork.es\/blog\/trucos-ahorrar-energia-ventilador-techo-invierno.html","og_site_name":"Blog de Gavri.es","article_published_time":"2022-10-26T14:35:27+00:00","article_modified_time":"2022-11-03T11:08:29+00:00","og_image":[{"width":2560,"height":1710,"url":"https:\/\/gavri-src.addisnetwork.es\/blog\/wp-content\/uploads\/2022\/10\/Trucos-para-ahorrar-energia-con-tu-ventilador-de-techo-en-invierno-scaled.jpg","type":"image\/jpeg"}],"author":"T\u00e9cnico Gavri","twitter_card":"summary_large_image","twitter_misc":{"Escrito por":"T\u00e9cnico Gavri","Tiempo de lectura":"3 minutos"},"schema":{"@context":"https:\/\/schema.org","@graph":[{"@type":"Article","@id":"https:\/\/gavri-src.addisnetwork.es\/blog\/trucos-ahorrar-energia-ventilador-techo-invierno.html#article","isPartOf":{"@id":"https:\/\/gavri-src.addisnetwork.es\/blog\/trucos-ahorrar-energia-ventilador-techo-invierno.html"},"author":{"name":"T\u00e9cnico Gavri","@id":"https:\/\/gavri-src.addisnetwork.es\/blog\/#\/schema\/person\/587329a98b34cfdbbfd1e7fbe7b65296"},"headline":"Trucos para ahorrar energ\u00eda con tu ventilador de techo en invierno","datePublished":"2022-10-26T14:35:27+00:00","dateModified":"2022-11-03T11:08:29+00:00","mainEntityOfPage":{"@id":"https:\/\/gavri-src.addisnetwork.es\/blog\/trucos-ahorrar-energia-ventilador-techo-invierno.html"},"wordCount":550,"commentCount":0,"publisher":{"@id":"https:\/\/gavri-src.addisnetwork.es\/blog\/#organization"},"image":{"@id":"https:\/\/gavri-src.addisnetwork.es\/blog\/trucos-ahorrar-energia-ventilador-techo-invierno.html#primaryimage"},"thumbnailUrl":"https:\/\/gavri-src.addisnetwork.es\/blog\/wp-content\/uploads\/2022\/10\/Trucos-para-ahorrar-energia-con-tu-ventilador-de-techo-en-invierno-scaled.jpg","keywords":["casafan","hogar","ventilacion","ventilador invierno","ventilador para techo","ventiladores","ventiladores de techo"],"articleSection":["Ventiladores de techo"],"inLanguage":"es","potentialAction":[{"@type":"CommentAction","name":"Comment","target":["https:\/\/gavri-src.addisnetwork.es\/blog\/trucos-ahorrar-energia-ventilador-techo-invierno.html#respond"]}]},{"@type":"WebPage","@id":"https:\/\/gavri-src.addisnetwork.es\/blog\/trucos-ahorrar-energia-ventilador-techo-invierno.html","url":"https:\/\/gavri-src.addisnetwork.es\/blog\/trucos-ahorrar-energia-ventilador-techo-invierno.html","name":"Trucos para ahorrar energ\u00eda con tu ventilador de techo en invierno","isPartOf":{"@id":"https:\/\/gavri-src.addisnetwork.es\/blog\/#website"},"primaryImageOfPage":{"@id":"https:\/\/gavri-src.addisnetwork.es\/blog\/trucos-ahorrar-energia-ventilador-techo-invierno.html#primaryimage"},"image":{"@id":"https:\/\/gavri-src.addisnetwork.es\/blog\/trucos-ahorrar-energia-ventilador-techo-invierno.html#primaryimage"},"thumbnailUrl":"https:\/\/gavri-src.addisnetwork.es\/blog\/wp-content\/uploads\/2022\/10\/Trucos-para-ahorrar-energia-con-tu-ventilador-de-techo-en-invierno-scaled.jpg","datePublished":"2022-10-26T14:35:27+00:00","dateModified":"2022-11-03T11:08:29+00:00","description":"\u00bfQuieres aprender a ahorrar energ\u00eda este invierno con tu ventilador de techo? Consigue un un consumo energ\u00e9tico eficiente en Gavri.","breadcrumb":{"@id":"https:\/\/gavri-src.addisnetwork.es\/blog\/trucos-ahorrar-energia-ventilador-techo-invierno.html#breadcrumb"},"inLanguage":"es","potentialAction":[{"@type":"ReadAction","target":["https:\/\/gavri-src.addisnetwork.es\/blog\/trucos-ahorrar-energia-ventilador-techo-invierno.html"]}]},{"@type":"ImageObject","inLanguage":"es","@id":"https:\/\/gavri-src.addisnetwork.es\/blog\/trucos-ahorrar-energia-ventilador-techo-invierno.html#primaryimage","url":"https:\/\/gavri-src.addisnetwork.es\/blog\/wp-content\/uploads\/2022\/10\/Trucos-para-ahorrar-energia-con-tu-ventilador-de-techo-en-invierno-scaled.jpg","contentUrl":"https:\/\/gavri-src.addisnetwork.es\/blog\/wp-content\/uploads\/2022\/10\/Trucos-para-ahorrar-energia-con-tu-ventilador-de-techo-en-invierno-scaled.jpg","width":2560,"height":1710,"caption":"Trucos para ahorrar energ\u00eda con tu ventilador de techo en invierno"},{"@type":"BreadcrumbList","@id":"https:\/\/gavri-src.addisnetwork.es\/blog\/trucos-ahorrar-energia-ventilador-techo-invierno.html#breadcrumb","itemListElement":[{"@type":"ListItem","position":1,"name":"Portada","item":"https:\/\/gavri-src.addisnetwork.es\/blog"},{"@type":"ListItem","position":2,"name":"Trucos para ahorrar energ\u00eda con tu ventilador de techo en invierno"}]},{"@type":"WebSite","@id":"https:\/\/gavri-src.addisnetwork.es\/blog\/#website","url":"https:\/\/gavri-src.addisnetwork.es\/blog\/","name":"Blog de Gavri.es","description":"Blog de Gavri.es","publisher":{"@id":"https:\/\/gavri-src.addisnetwork.es\/blog\/#organization"},"potentialAction":[{"@type":"SearchAction","target":{"@type":"EntryPoint","urlTemplate":"https:\/\/gavri-src.addisnetwork.es\/blog\/?s={search_term_string}"},"query-input":{"@type":"PropertyValueSpecification","valueRequired":true,"valueName":"search_term_string"}}],"inLanguage":"es"},{"@type":"Organization","@id":"https:\/\/gavri-src.addisnetwork.es\/blog\/#organization","name":"Blog de Gavri.es","url":"https:\/\/gavri-src.addisnetwork.es\/blog\/","logo":{"@type":"ImageObject","inLanguage":"es","@id":"https:\/\/gavri-src.addisnetwork.es\/blog\/#\/schema\/logo\/image\/","url":"https:\/\/gavri-src.addisnetwork.es\/blog\/wp-content\/uploads\/2021\/01\/cropped-LOGO-gavries-blog-1.png","contentUrl":"https:\/\/gavri-src.addisnetwork.es\/blog\/wp-content\/uploads\/2021\/01\/cropped-LOGO-gavries-blog-1.png","width":520,"height":104,"caption":"Blog de Gavri.es"},"image":{"@id":"https:\/\/gavri-src.addisnetwork.es\/blog\/#\/schema\/logo\/image\/"}},{"@type":"Person","@id":"https:\/\/gavri-src.addisnetwork.es\/blog\/#\/schema\/person\/587329a98b34cfdbbfd1e7fbe7b65296","name":"T\u00e9cnico Gavri","image":{"@type":"ImageObject","inLanguage":"es","@id":"https:\/\/secure.gravatar.com\/avatar\/05be1fcb2076939c113859ec2cf09bc4b6b366950c2e7c2d51962780ab5e6d80?s=96&d=mm&r=g","url":"https:\/\/secure.gravatar.com\/avatar\/05be1fcb2076939c113859ec2cf09bc4b6b366950c2e7c2d51962780ab5e6d80?s=96&d=mm&r=g","contentUrl":"https:\/\/secure.gravatar.com\/avatar\/05be1fcb2076939c113859ec2cf09bc4b6b366950c2e7c2d51962780ab5e6d80?s=96&d=mm&r=g","caption":"T\u00e9cnico Gavri"}}]}},"_links":{"self":[{"href":"https:\/\/gavri-src.addisnetwork.es\/blog\/wp-json\/wp\/v2\/posts\/723","targetHints":{"allow":["GET"]}}],"collection":[{"href":"https:\/\/gavri-src.addisnetwork.es\/blog\/wp-json\/wp\/v2\/posts"}],"about":[{"href":"https:\/\/gavri-src.addisnetwork.es\/blog\/wp-json\/wp\/v2\/types\/post"}],"author":[{"embeddable":true,"href":"https:\/\/gavri-src.addisnetwork.es\/blog\/wp-json\/wp\/v2\/users\/2"}],"replies":[{"embeddable":true,"href":"https:\/\/gavri-src.addisnetwork.es\/blog\/wp-json\/wp\/v2\/comments?post=723"}],"version-history":[{"count":1,"href":"https:\/\/gavri-src.addisnetwork.es\/blog\/wp-json\/wp\/v2\/posts\/723\/revisions"}],"predecessor-version":[{"id":725,"href":"https:\/\/gavri-src.addisnetwork.es\/blog\/wp-json\/wp\/v2\/posts\/723\/revisions\/725"}],"wp:featuredmedia":[{"embeddable":true,"href":"https:\/\/gavri-src.addisnetwork.es\/blog\/wp-json\/wp\/v2\/media\/724"}],"wp:attachment":[{"href":"https:\/\/gavri-src.addisnetwork.es\/blog\/wp-json\/wp\/v2\/media?parent=723"}],"wp:term":[{"taxonomy":"category","embeddable":true,"href":"https:\/\/gavri-src.addisnetwork.es\/blog\/wp-json\/wp\/v2\/categories?post=723"},{"taxonomy":"post_tag","embeddable":true,"href":"https:\/\/gavri-src.addisnetwork.es\/blog\/wp-json\/wp\/v2\/tags?post=723"}],"curies":[{"name":"wp","href":"https:\/\/api.w.org\/{rel}","templated":true}]}}