{"id":727,"date":"2022-11-03T11:13:45","date_gmt":"2022-11-03T11:13:45","guid":{"rendered":"https:\/\/gavri.es\/blog\/?p=727"},"modified":"2022-11-03T11:16:49","modified_gmt":"2022-11-03T11:16:49","slug":"ventiladores-de-techo-mejor-precio-descuentos-gavri","status":"publish","type":"post","link":"https:\/\/gavri-src.addisnetwork.es\/blog\/ventiladores-de-techo-mejor-precio-descuentos-gavri.html","title":{"rendered":"<strong>Ventiladores de techo al mejor precio, \u00a1conoce los descuentos de Gavri!<\/strong>"},"content":{"rendered":"\n<p>Los ventiladores de techo son aparatos de ventilaci\u00f3n dispuestos a conseguir la temperatura id\u00f3nea en una estancia tanto en invierno como en verano. De modo que, si pasas fr\u00edo en casa o quieres aclimatar una estancia, estos ventiladores son tu soluci\u00f3n.<\/p>\n\n\n\n<p>Por eso mismo, en <a href=\"https:\/\/gavri.es\/\" target=\"_blank\" rel=\"noreferrer noopener\">Gavri<\/a> queremos aprovechar el Black Friday para ofrecer incre\u00edbles descuentos y promociones a nuestros clientes. As\u00ed que, no dejes pasar esta oportunidad y aprovecha para comprar el ventilador de techo de tus sue\u00f1os. \u00a1Descubre m\u00e1s informaci\u00f3n en el siguiente post! \u00a1Sigue leyendo!<\/p>\n\n\n\n<!--more-->\n\n\n\n<h2 class=\"wp-block-heading\"><strong>Ventiladores de techo CasaFan, apuesta por la calidad<\/strong><\/h2>\n\n\n\n<p><strong><a href=\"https:\/\/gavri.es\/fabricantes\/casafan\" target=\"_blank\" rel=\"noreferrer noopener\">CasaFan<\/a> <\/strong>es una compa\u00f1\u00eda alemana que est\u00e1 especializada en la fabricaci\u00f3n de sistemas de ventilaci\u00f3n como son los ventiladores para techo. Sus <strong>m\u00e1s de 30 a\u00f1os de experiencia <\/strong>han hecho que los fabricantes hayan dado con los materiales id\u00f3neos para conseguir acabados de m\u00e1xima calidad.<\/p>\n\n\n\n<p>Estos ventiladores est\u00e1n pensados para <strong>mejorar la calidad de vida<\/strong> de las personas porque ofrecen una ventilaci\u00f3n adecuada all\u00e1 donde vayan, ayudando, al mismo tiempo a <strong>reducir humedades y favorecer una correcta temperatura<\/strong> en cualquier estaci\u00f3n del a\u00f1o. \u00a1Lo tienen todo!<\/p>\n\n\n\n<h3 class=\"wp-block-heading\"><strong>C\u00f3mo acertar a la hora de escoger los ventiladores de techo silenciosos perfectos<\/strong><\/h3>\n\n\n\n<p>\u00bfQuieres <strong>comprar un ventilador<\/strong> pero no sabes cu\u00e1l es la mejor alternativa para ti? \u00a1Te ayudamos! Acertar con tu elecci\u00f3n es mucho m\u00e1s f\u00e1cil de lo que crees, para ello, primeramente, debes tener en cuenta <strong>las dimensiones del espacio<\/strong> donde ir\u00e1 colocado, de tal manera que en funci\u00f3n de las medidas deber\u00e1s decantarte por <strong>un ventilador peque\u00f1o o por uno m\u00e1s grande con mayor potencia.<\/strong><\/p>\n\n\n\n<p>Otro aspecto a tener en cuenta es <strong>el tipo de techo<\/strong>, ya que, por ejemplo, si cuentas con techo bajo o inclinado, deber\u00e1s empezar a mirar un tipo de modelos concretos de la marca CasaFan. Por otro lado, <strong>el tama\u00f1o de la h\u00e9lice<\/strong> tambi\u00e9n es importante. Pero \u00a1no te preocupes! Al igual que el tama\u00f1o del ventilador, esto depende de las dimensiones de la estancia donde lo vayas a instalar.<\/p>\n\n\n\n<h4 class=\"wp-block-heading\"><strong>Disfruta de un ahorro asegurado con nuestros ventiladores modernos de techo<\/strong><\/h4>\n\n\n\n<p>\u00bfQu\u00e9 tienen los <strong>ventiladores CasaFan<\/strong> que no tengan los ventiladores tradicionales? \u00a1Muy sencillo! Estos sistemas cuentan con <strong><a href=\"https:\/\/gavri.es\/blog\/trucos-ahorrar-energia-ventilador-techo-invierno.html\" target=\"_blank\" rel=\"noreferrer noopener\">una funci\u00f3n de invierno<\/a><\/strong> gracias a su tecnolog\u00eda inversa que permiten redistribuir el aire caliente en invierno proporcionando una sensaci\u00f3n de bienestar sin ning\u00fan gasto extra. \u00a1Al contrario! Se trata de <strong>aparatos eficientes y sostenibles<\/strong> que te proveer\u00e1n de <strong>un ahorro energ\u00e9tico m\u00e1s que asegurado.<\/strong><\/p>\n\n\n\n<h4 class=\"wp-block-heading\"><strong>Ventiladores de techo de dise\u00f1o para todo tipo de ambientes<\/strong><\/h4>\n\n\n\n<p>\u00bfBuscas un ventilador moderno de techo para un restaurante o bien para una estancia de tu casa? \u00a1Tenemos todo lo que necesitas y mucho m\u00e1s!<\/p>\n\n\n\n<p>En nuestro cat\u00e1logo encontrar\u00e1s tanto <strong>ventiladores de techo industriales<\/strong>, pensados para entornos de grandes dimensiones como almacenes, f\u00e1bricas o locales hosteleros. Y, tambi\u00e9n, <strong>ventiladores dom\u00e9sticos<\/strong> que podr\u00e1s ubicar tanto en ba\u00f1os, cocinas, salones, dormitorios, pasillos&#8230;etc. \u00a1Y mucho m\u00e1s! Si ya sabes lo que necesitas, \u00a1no desaproveches esta oportunidad! Disfruta de nuestros descuentos y consigue un ventilador de techo de calidad.&nbsp;<\/p>\n","protected":false},"excerpt":{"rendered":"<p>Los ventiladores de techo son aparatos de ventilaci\u00f3n dispuestos a conseguir la temperatura id\u00f3nea en una estancia tanto en invierno como en verano. De modo que, si pasas fr\u00edo en casa o quieres aclimatar una estancia, &#8230; <a title=\"Ventiladores de techo al mejor precio, \u00a1conoce los descuentos de Gavri!\" class=\"read-more\" href=\"https:\/\/gavri-src.addisnetwork.es\/blog\/ventiladores-de-techo-mejor-precio-descuentos-gavri.html\" aria-label=\"M\u00e1s en Ventiladores de techo al mejor precio, \u00a1conoce los descuentos de Gavri!\">Leer m\u00e1s<\/a><\/p>\n","protected":false},"author":2,"featured_media":728,"comment_status":"open","ping_status":"closed","sticky":false,"template":"","format":"standard","meta":{"footnotes":""},"categories":[24],"tags":[42,43,7,45,9,44],"class_list":["post-727","post","type-post","status-publish","format-standard","has-post-thumbnail","hentry","category-ventiladores-de-techo","tag-black-friday","tag-ofertas-ventiladores-de-techo","tag-ventilacion","tag-ventiladores-black-friday","tag-ventiladores-de-techo","tag-ventiladores-de-techo-baratos","generate-columns","tablet-grid-50","mobile-grid-100","grid-parent","grid-50","no-featured-image-padding"],"yoast_head":"<!-- This site is optimized with the Yoast SEO plugin v27.5 - https:\/\/yoast.com\/product\/yoast-seo-wordpress\/ -->\n<title>Ventiladores de techo al mejor precio, \u00a1conoce los descuentos de Gavri!<\/title>\n<meta name=\"description\" content=\"\u00bfEst\u00e1s buscando ventiladores de techo de calidad? \u00a1Est\u00e1s en el lugar adecuado! Disfruta de los descuentos y ofertas que tenemos en Gavri.\" \/>\n<meta name=\"robots\" content=\"index, follow, max-snippet:-1, max-image-preview:large, max-video-preview:-1\" \/>\n<link rel=\"canonical\" href=\"https:\/\/gavri-src.addisnetwork.es\/blog\/ventiladores-de-techo-mejor-precio-descuentos-gavri.html\" \/>\n<meta property=\"og:locale\" content=\"es_ES\" \/>\n<meta property=\"og:type\" content=\"article\" \/>\n<meta property=\"og:title\" content=\"Ventiladores de techo al mejor precio, \u00a1conoce los descuentos de Gavri!\" \/>\n<meta property=\"og:description\" content=\"\u00bfEst\u00e1s buscando ventiladores de techo de calidad? \u00a1Est\u00e1s en el lugar adecuado! Disfruta de los descuentos y ofertas que tenemos en Gavri.\" \/>\n<meta property=\"og:url\" content=\"https:\/\/gavri-src.addisnetwork.es\/blog\/ventiladores-de-techo-mejor-precio-descuentos-gavri.html\" \/>\n<meta property=\"og:site_name\" content=\"Blog de Gavri.es\" \/>\n<meta property=\"article:published_time\" content=\"2022-11-03T11:13:45+00:00\" \/>\n<meta property=\"article:modified_time\" content=\"2022-11-03T11:16:49+00:00\" \/>\n<meta property=\"og:image\" content=\"https:\/\/gavri-src.addisnetwork.es\/blog\/wp-content\/uploads\/2022\/11\/Ventiladores-de-techo-al-mejor-precio-\u00a1conoce-los-descuentos-de-Gavri-scaled.jpg\" \/>\n\t<meta property=\"og:image:width\" content=\"2560\" \/>\n\t<meta property=\"og:image:height\" content=\"1707\" \/>\n\t<meta property=\"og:image:type\" content=\"image\/jpeg\" \/>\n<meta name=\"author\" content=\"T\u00e9cnico Gavri\" \/>\n<meta name=\"twitter:card\" content=\"summary_large_image\" \/>\n<meta name=\"twitter:label1\" content=\"Escrito por\" \/>\n\t<meta name=\"twitter:data1\" content=\"T\u00e9cnico Gavri\" \/>\n\t<meta name=\"twitter:label2\" content=\"Tiempo de lectura\" \/>\n\t<meta name=\"twitter:data2\" content=\"3 minutos\" \/>\n<script type=\"application\/ld+json\" class=\"yoast-schema-graph\">{\"@context\":\"https:\\\/\\\/schema.org\",\"@graph\":[{\"@type\":\"Article\",\"@id\":\"https:\\\/\\\/gavri-src.addisnetwork.es\\\/blog\\\/ventiladores-de-techo-mejor-precio-descuentos-gavri.html#article\",\"isPartOf\":{\"@id\":\"https:\\\/\\\/gavri-src.addisnetwork.es\\\/blog\\\/ventiladores-de-techo-mejor-precio-descuentos-gavri.html\"},\"author\":{\"name\":\"T\u00e9cnico Gavri\",\"@id\":\"https:\\\/\\\/gavri-src.addisnetwork.es\\\/blog\\\/#\\\/schema\\\/person\\\/587329a98b34cfdbbfd1e7fbe7b65296\"},\"headline\":\"Ventiladores de techo al mejor precio, \u00a1conoce los descuentos de Gavri!\",\"datePublished\":\"2022-11-03T11:13:45+00:00\",\"dateModified\":\"2022-11-03T11:16:49+00:00\",\"mainEntityOfPage\":{\"@id\":\"https:\\\/\\\/gavri-src.addisnetwork.es\\\/blog\\\/ventiladores-de-techo-mejor-precio-descuentos-gavri.html\"},\"wordCount\":559,\"commentCount\":0,\"publisher\":{\"@id\":\"https:\\\/\\\/gavri-src.addisnetwork.es\\\/blog\\\/#organization\"},\"image\":{\"@id\":\"https:\\\/\\\/gavri-src.addisnetwork.es\\\/blog\\\/ventiladores-de-techo-mejor-precio-descuentos-gavri.html#primaryimage\"},\"thumbnailUrl\":\"https:\\\/\\\/gavri-src.addisnetwork.es\\\/blog\\\/wp-content\\\/uploads\\\/2022\\\/11\\\/Ventiladores-de-techo-al-mejor-precio-\u00a1conoce-los-descuentos-de-Gavri-scaled.jpg\",\"keywords\":[\"black friday\",\"ofertas ventiladores de techo\",\"ventilacion\",\"ventiladores black friday\",\"ventiladores de techo\",\"ventiladores de techo baratos\"],\"articleSection\":[\"Ventiladores de techo\"],\"inLanguage\":\"es\",\"potentialAction\":[{\"@type\":\"CommentAction\",\"name\":\"Comment\",\"target\":[\"https:\\\/\\\/gavri-src.addisnetwork.es\\\/blog\\\/ventiladores-de-techo-mejor-precio-descuentos-gavri.html#respond\"]}]},{\"@type\":\"WebPage\",\"@id\":\"https:\\\/\\\/gavri-src.addisnetwork.es\\\/blog\\\/ventiladores-de-techo-mejor-precio-descuentos-gavri.html\",\"url\":\"https:\\\/\\\/gavri-src.addisnetwork.es\\\/blog\\\/ventiladores-de-techo-mejor-precio-descuentos-gavri.html\",\"name\":\"Ventiladores de techo al mejor precio, \u00a1conoce los descuentos de Gavri!\",\"isPartOf\":{\"@id\":\"https:\\\/\\\/gavri-src.addisnetwork.es\\\/blog\\\/#website\"},\"primaryImageOfPage\":{\"@id\":\"https:\\\/\\\/gavri-src.addisnetwork.es\\\/blog\\\/ventiladores-de-techo-mejor-precio-descuentos-gavri.html#primaryimage\"},\"image\":{\"@id\":\"https:\\\/\\\/gavri-src.addisnetwork.es\\\/blog\\\/ventiladores-de-techo-mejor-precio-descuentos-gavri.html#primaryimage\"},\"thumbnailUrl\":\"https:\\\/\\\/gavri-src.addisnetwork.es\\\/blog\\\/wp-content\\\/uploads\\\/2022\\\/11\\\/Ventiladores-de-techo-al-mejor-precio-\u00a1conoce-los-descuentos-de-Gavri-scaled.jpg\",\"datePublished\":\"2022-11-03T11:13:45+00:00\",\"dateModified\":\"2022-11-03T11:16:49+00:00\",\"description\":\"\u00bfEst\u00e1s buscando ventiladores de techo de calidad? \u00a1Est\u00e1s en el lugar adecuado! Disfruta de los descuentos y ofertas que tenemos en Gavri.\",\"breadcrumb\":{\"@id\":\"https:\\\/\\\/gavri-src.addisnetwork.es\\\/blog\\\/ventiladores-de-techo-mejor-precio-descuentos-gavri.html#breadcrumb\"},\"inLanguage\":\"es\",\"potentialAction\":[{\"@type\":\"ReadAction\",\"target\":[\"https:\\\/\\\/gavri-src.addisnetwork.es\\\/blog\\\/ventiladores-de-techo-mejor-precio-descuentos-gavri.html\"]}]},{\"@type\":\"ImageObject\",\"inLanguage\":\"es\",\"@id\":\"https:\\\/\\\/gavri-src.addisnetwork.es\\\/blog\\\/ventiladores-de-techo-mejor-precio-descuentos-gavri.html#primaryimage\",\"url\":\"https:\\\/\\\/gavri-src.addisnetwork.es\\\/blog\\\/wp-content\\\/uploads\\\/2022\\\/11\\\/Ventiladores-de-techo-al-mejor-precio-\u00a1conoce-los-descuentos-de-Gavri-scaled.jpg\",\"contentUrl\":\"https:\\\/\\\/gavri-src.addisnetwork.es\\\/blog\\\/wp-content\\\/uploads\\\/2022\\\/11\\\/Ventiladores-de-techo-al-mejor-precio-\u00a1conoce-los-descuentos-de-Gavri-scaled.jpg\",\"width\":2560,\"height\":1707,\"caption\":\"Ventiladores de techo al mejor precio, \u00a1conoce los descuentos de Gavri!\"},{\"@type\":\"BreadcrumbList\",\"@id\":\"https:\\\/\\\/gavri-src.addisnetwork.es\\\/blog\\\/ventiladores-de-techo-mejor-precio-descuentos-gavri.html#breadcrumb\",\"itemListElement\":[{\"@type\":\"ListItem\",\"position\":1,\"name\":\"Portada\",\"item\":\"https:\\\/\\\/gavri-src.addisnetwork.es\\\/blog\"},{\"@type\":\"ListItem\",\"position\":2,\"name\":\"Ventiladores de techo al mejor precio, \u00a1conoce los descuentos de Gavri!\"}]},{\"@type\":\"WebSite\",\"@id\":\"https:\\\/\\\/gavri-src.addisnetwork.es\\\/blog\\\/#website\",\"url\":\"https:\\\/\\\/gavri-src.addisnetwork.es\\\/blog\\\/\",\"name\":\"Blog de Gavri.es\",\"description\":\"Blog de Gavri.es\",\"publisher\":{\"@id\":\"https:\\\/\\\/gavri-src.addisnetwork.es\\\/blog\\\/#organization\"},\"potentialAction\":[{\"@type\":\"SearchAction\",\"target\":{\"@type\":\"EntryPoint\",\"urlTemplate\":\"https:\\\/\\\/gavri-src.addisnetwork.es\\\/blog\\\/?s={search_term_string}\"},\"query-input\":{\"@type\":\"PropertyValueSpecification\",\"valueRequired\":true,\"valueName\":\"search_term_string\"}}],\"inLanguage\":\"es\"},{\"@type\":\"Organization\",\"@id\":\"https:\\\/\\\/gavri-src.addisnetwork.es\\\/blog\\\/#organization\",\"name\":\"Blog de Gavri.es\",\"url\":\"https:\\\/\\\/gavri-src.addisnetwork.es\\\/blog\\\/\",\"logo\":{\"@type\":\"ImageObject\",\"inLanguage\":\"es\",\"@id\":\"https:\\\/\\\/gavri-src.addisnetwork.es\\\/blog\\\/#\\\/schema\\\/logo\\\/image\\\/\",\"url\":\"https:\\\/\\\/gavri-src.addisnetwork.es\\\/blog\\\/wp-content\\\/uploads\\\/2021\\\/01\\\/cropped-LOGO-gavries-blog-1.png\",\"contentUrl\":\"https:\\\/\\\/gavri-src.addisnetwork.es\\\/blog\\\/wp-content\\\/uploads\\\/2021\\\/01\\\/cropped-LOGO-gavries-blog-1.png\",\"width\":520,\"height\":104,\"caption\":\"Blog de Gavri.es\"},\"image\":{\"@id\":\"https:\\\/\\\/gavri-src.addisnetwork.es\\\/blog\\\/#\\\/schema\\\/logo\\\/image\\\/\"}},{\"@type\":\"Person\",\"@id\":\"https:\\\/\\\/gavri-src.addisnetwork.es\\\/blog\\\/#\\\/schema\\\/person\\\/587329a98b34cfdbbfd1e7fbe7b65296\",\"name\":\"T\u00e9cnico Gavri\",\"image\":{\"@type\":\"ImageObject\",\"inLanguage\":\"es\",\"@id\":\"https:\\\/\\\/secure.gravatar.com\\\/avatar\\\/05be1fcb2076939c113859ec2cf09bc4b6b366950c2e7c2d51962780ab5e6d80?s=96&d=mm&r=g\",\"url\":\"https:\\\/\\\/secure.gravatar.com\\\/avatar\\\/05be1fcb2076939c113859ec2cf09bc4b6b366950c2e7c2d51962780ab5e6d80?s=96&d=mm&r=g\",\"contentUrl\":\"https:\\\/\\\/secure.gravatar.com\\\/avatar\\\/05be1fcb2076939c113859ec2cf09bc4b6b366950c2e7c2d51962780ab5e6d80?s=96&d=mm&r=g\",\"caption\":\"T\u00e9cnico Gavri\"}}]}<\/script>\n<!-- \/ Yoast SEO plugin. -->","yoast_head_json":{"title":"Ventiladores de techo al mejor precio, \u00a1conoce los descuentos de Gavri!","description":"\u00bfEst\u00e1s buscando ventiladores de techo de calidad? \u00a1Est\u00e1s en el lugar adecuado! Disfruta de los descuentos y ofertas que tenemos en Gavri.","robots":{"index":"index","follow":"follow","max-snippet":"max-snippet:-1","max-image-preview":"max-image-preview:large","max-video-preview":"max-video-preview:-1"},"canonical":"https:\/\/gavri-src.addisnetwork.es\/blog\/ventiladores-de-techo-mejor-precio-descuentos-gavri.html","og_locale":"es_ES","og_type":"article","og_title":"Ventiladores de techo al mejor precio, \u00a1conoce los descuentos de Gavri!","og_description":"\u00bfEst\u00e1s buscando ventiladores de techo de calidad? \u00a1Est\u00e1s en el lugar adecuado! Disfruta de los descuentos y ofertas que tenemos en Gavri.","og_url":"https:\/\/gavri-src.addisnetwork.es\/blog\/ventiladores-de-techo-mejor-precio-descuentos-gavri.html","og_site_name":"Blog de Gavri.es","article_published_time":"2022-11-03T11:13:45+00:00","article_modified_time":"2022-11-03T11:16:49+00:00","og_image":[{"width":2560,"height":1707,"url":"https:\/\/gavri-src.addisnetwork.es\/blog\/wp-content\/uploads\/2022\/11\/Ventiladores-de-techo-al-mejor-precio-\u00a1conoce-los-descuentos-de-Gavri-scaled.jpg","type":"image\/jpeg"}],"author":"T\u00e9cnico Gavri","twitter_card":"summary_large_image","twitter_misc":{"Escrito por":"T\u00e9cnico Gavri","Tiempo de lectura":"3 minutos"},"schema":{"@context":"https:\/\/schema.org","@graph":[{"@type":"Article","@id":"https:\/\/gavri-src.addisnetwork.es\/blog\/ventiladores-de-techo-mejor-precio-descuentos-gavri.html#article","isPartOf":{"@id":"https:\/\/gavri-src.addisnetwork.es\/blog\/ventiladores-de-techo-mejor-precio-descuentos-gavri.html"},"author":{"name":"T\u00e9cnico Gavri","@id":"https:\/\/gavri-src.addisnetwork.es\/blog\/#\/schema\/person\/587329a98b34cfdbbfd1e7fbe7b65296"},"headline":"Ventiladores de techo al mejor precio, \u00a1conoce los descuentos de Gavri!","datePublished":"2022-11-03T11:13:45+00:00","dateModified":"2022-11-03T11:16:49+00:00","mainEntityOfPage":{"@id":"https:\/\/gavri-src.addisnetwork.es\/blog\/ventiladores-de-techo-mejor-precio-descuentos-gavri.html"},"wordCount":559,"commentCount":0,"publisher":{"@id":"https:\/\/gavri-src.addisnetwork.es\/blog\/#organization"},"image":{"@id":"https:\/\/gavri-src.addisnetwork.es\/blog\/ventiladores-de-techo-mejor-precio-descuentos-gavri.html#primaryimage"},"thumbnailUrl":"https:\/\/gavri-src.addisnetwork.es\/blog\/wp-content\/uploads\/2022\/11\/Ventiladores-de-techo-al-mejor-precio-\u00a1conoce-los-descuentos-de-Gavri-scaled.jpg","keywords":["black friday","ofertas ventiladores de techo","ventilacion","ventiladores black friday","ventiladores de techo","ventiladores de techo baratos"],"articleSection":["Ventiladores de techo"],"inLanguage":"es","potentialAction":[{"@type":"CommentAction","name":"Comment","target":["https:\/\/gavri-src.addisnetwork.es\/blog\/ventiladores-de-techo-mejor-precio-descuentos-gavri.html#respond"]}]},{"@type":"WebPage","@id":"https:\/\/gavri-src.addisnetwork.es\/blog\/ventiladores-de-techo-mejor-precio-descuentos-gavri.html","url":"https:\/\/gavri-src.addisnetwork.es\/blog\/ventiladores-de-techo-mejor-precio-descuentos-gavri.html","name":"Ventiladores de techo al mejor precio, \u00a1conoce los descuentos de Gavri!","isPartOf":{"@id":"https:\/\/gavri-src.addisnetwork.es\/blog\/#website"},"primaryImageOfPage":{"@id":"https:\/\/gavri-src.addisnetwork.es\/blog\/ventiladores-de-techo-mejor-precio-descuentos-gavri.html#primaryimage"},"image":{"@id":"https:\/\/gavri-src.addisnetwork.es\/blog\/ventiladores-de-techo-mejor-precio-descuentos-gavri.html#primaryimage"},"thumbnailUrl":"https:\/\/gavri-src.addisnetwork.es\/blog\/wp-content\/uploads\/2022\/11\/Ventiladores-de-techo-al-mejor-precio-\u00a1conoce-los-descuentos-de-Gavri-scaled.jpg","datePublished":"2022-11-03T11:13:45+00:00","dateModified":"2022-11-03T11:16:49+00:00","description":"\u00bfEst\u00e1s buscando ventiladores de techo de calidad? \u00a1Est\u00e1s en el lugar adecuado! Disfruta de los descuentos y ofertas que tenemos en Gavri.","breadcrumb":{"@id":"https:\/\/gavri-src.addisnetwork.es\/blog\/ventiladores-de-techo-mejor-precio-descuentos-gavri.html#breadcrumb"},"inLanguage":"es","potentialAction":[{"@type":"ReadAction","target":["https:\/\/gavri-src.addisnetwork.es\/blog\/ventiladores-de-techo-mejor-precio-descuentos-gavri.html"]}]},{"@type":"ImageObject","inLanguage":"es","@id":"https:\/\/gavri-src.addisnetwork.es\/blog\/ventiladores-de-techo-mejor-precio-descuentos-gavri.html#primaryimage","url":"https:\/\/gavri-src.addisnetwork.es\/blog\/wp-content\/uploads\/2022\/11\/Ventiladores-de-techo-al-mejor-precio-\u00a1conoce-los-descuentos-de-Gavri-scaled.jpg","contentUrl":"https:\/\/gavri-src.addisnetwork.es\/blog\/wp-content\/uploads\/2022\/11\/Ventiladores-de-techo-al-mejor-precio-\u00a1conoce-los-descuentos-de-Gavri-scaled.jpg","width":2560,"height":1707,"caption":"Ventiladores de techo al mejor precio, \u00a1conoce los descuentos de Gavri!"},{"@type":"BreadcrumbList","@id":"https:\/\/gavri-src.addisnetwork.es\/blog\/ventiladores-de-techo-mejor-precio-descuentos-gavri.html#breadcrumb","itemListElement":[{"@type":"ListItem","position":1,"name":"Portada","item":"https:\/\/gavri-src.addisnetwork.es\/blog"},{"@type":"ListItem","position":2,"name":"Ventiladores de techo al mejor precio, \u00a1conoce los descuentos de Gavri!"}]},{"@type":"WebSite","@id":"https:\/\/gavri-src.addisnetwork.es\/blog\/#website","url":"https:\/\/gavri-src.addisnetwork.es\/blog\/","name":"Blog de Gavri.es","description":"Blog de Gavri.es","publisher":{"@id":"https:\/\/gavri-src.addisnetwork.es\/blog\/#organization"},"potentialAction":[{"@type":"SearchAction","target":{"@type":"EntryPoint","urlTemplate":"https:\/\/gavri-src.addisnetwork.es\/blog\/?s={search_term_string}"},"query-input":{"@type":"PropertyValueSpecification","valueRequired":true,"valueName":"search_term_string"}}],"inLanguage":"es"},{"@type":"Organization","@id":"https:\/\/gavri-src.addisnetwork.es\/blog\/#organization","name":"Blog de Gavri.es","url":"https:\/\/gavri-src.addisnetwork.es\/blog\/","logo":{"@type":"ImageObject","inLanguage":"es","@id":"https:\/\/gavri-src.addisnetwork.es\/blog\/#\/schema\/logo\/image\/","url":"https:\/\/gavri-src.addisnetwork.es\/blog\/wp-content\/uploads\/2021\/01\/cropped-LOGO-gavries-blog-1.png","contentUrl":"https:\/\/gavri-src.addisnetwork.es\/blog\/wp-content\/uploads\/2021\/01\/cropped-LOGO-gavries-blog-1.png","width":520,"height":104,"caption":"Blog de Gavri.es"},"image":{"@id":"https:\/\/gavri-src.addisnetwork.es\/blog\/#\/schema\/logo\/image\/"}},{"@type":"Person","@id":"https:\/\/gavri-src.addisnetwork.es\/blog\/#\/schema\/person\/587329a98b34cfdbbfd1e7fbe7b65296","name":"T\u00e9cnico Gavri","image":{"@type":"ImageObject","inLanguage":"es","@id":"https:\/\/secure.gravatar.com\/avatar\/05be1fcb2076939c113859ec2cf09bc4b6b366950c2e7c2d51962780ab5e6d80?s=96&d=mm&r=g","url":"https:\/\/secure.gravatar.com\/avatar\/05be1fcb2076939c113859ec2cf09bc4b6b366950c2e7c2d51962780ab5e6d80?s=96&d=mm&r=g","contentUrl":"https:\/\/secure.gravatar.com\/avatar\/05be1fcb2076939c113859ec2cf09bc4b6b366950c2e7c2d51962780ab5e6d80?s=96&d=mm&r=g","caption":"T\u00e9cnico Gavri"}}]}},"_links":{"self":[{"href":"https:\/\/gavri-src.addisnetwork.es\/blog\/wp-json\/wp\/v2\/posts\/727","targetHints":{"allow":["GET"]}}],"collection":[{"href":"https:\/\/gavri-src.addisnetwork.es\/blog\/wp-json\/wp\/v2\/posts"}],"about":[{"href":"https:\/\/gavri-src.addisnetwork.es\/blog\/wp-json\/wp\/v2\/types\/post"}],"author":[{"embeddable":true,"href":"https:\/\/gavri-src.addisnetwork.es\/blog\/wp-json\/wp\/v2\/users\/2"}],"replies":[{"embeddable":true,"href":"https:\/\/gavri-src.addisnetwork.es\/blog\/wp-json\/wp\/v2\/comments?post=727"}],"version-history":[{"count":3,"href":"https:\/\/gavri-src.addisnetwork.es\/blog\/wp-json\/wp\/v2\/posts\/727\/revisions"}],"predecessor-version":[{"id":732,"href":"https:\/\/gavri-src.addisnetwork.es\/blog\/wp-json\/wp\/v2\/posts\/727\/revisions\/732"}],"wp:featuredmedia":[{"embeddable":true,"href":"https:\/\/gavri-src.addisnetwork.es\/blog\/wp-json\/wp\/v2\/media\/728"}],"wp:attachment":[{"href":"https:\/\/gavri-src.addisnetwork.es\/blog\/wp-json\/wp\/v2\/media?parent=727"}],"wp:term":[{"taxonomy":"category","embeddable":true,"href":"https:\/\/gavri-src.addisnetwork.es\/blog\/wp-json\/wp\/v2\/categories?post=727"},{"taxonomy":"post_tag","embeddable":true,"href":"https:\/\/gavri-src.addisnetwork.es\/blog\/wp-json\/wp\/v2\/tags?post=727"}],"curies":[{"name":"wp","href":"https:\/\/api.w.org\/{rel}","templated":true}]}}