{"id":73,"date":"2020-12-17T18:55:00","date_gmt":"2020-12-17T18:55:00","guid":{"rendered":"https:\/\/gavri.ivansol.com\/blog\/?p=73"},"modified":"2021-04-30T14:38:56","modified_gmt":"2021-04-30T14:38:56","slug":"ventiladores-de-techo-guia-de-compras-completa-2019-b73","status":"publish","type":"post","link":"https:\/\/gavri-src.addisnetwork.es\/blog\/ventiladores-de-techo-guia-de-compras-completa-2019-b73.html","title":{"rendered":"Ventiladores de techo: Gu\u00eda de compras completa 2019"},"content":{"rendered":"\n<p>\u00bfEst\u00e1s buscando&nbsp;<a title=\"Comprar ventiladores de techo\" href=\"https:\/\/gavri.es\/ventiladores-de-techo\">ventiladores de techo<\/a> para tu casa, trabajo, 2\u00aa residencia, etc? Si andas un poco como pez en el agua, te vamos a dar varios consejos para que elijas el que mejor se adapte a ti. &nbsp;<\/p>\n\n\n\n<h2 class=\"wp-block-heading\"><span style=\"color: #3498db;\">9 cosas a tener en cuenta antes de elegir tu ventilador<\/span><\/h2>\n\n\n\n<p>A continuaci\u00f3n te dejamos un listado de 9 cosas que deber\u00e1s tener en cuenta antes de comprar tu ventilador de techo:<\/p>\n\n\n\n<p>1)&nbsp;&nbsp;&nbsp;&nbsp;&nbsp; Para elegir el tama\u00f1o ideal de tu ventilador de techo primero deber\u00e1s conocer <strong>el tama\u00f1o de la habitaci\u00f3n<\/strong>. Mide la longitud de dos paredes y multiplicas las cifras entre s\u00ed (m2).<\/p>\n\n\n\n<p>2)&nbsp;&nbsp;&nbsp;&nbsp;&nbsp; Mide la <strong>altura del techo<\/strong>. El est\u00e1ndar es de unos 2,5 metros. El techo de m\u00e1s de 3 metros probablemente requerir\u00e1 una varilla de extensi\u00f3n.<\/p>\n\n\n\n<p>3)&nbsp;&nbsp;&nbsp;&nbsp;&nbsp; \u00bf<strong>Con o sin luz<\/strong>? El <a title=\"Comprar ventiladores de techo con luz\" href=\"https:\/\/gavri.es\/ventiladores-de-techo-con-luz\">ventilador de techo con luz<\/a>&nbsp;puede sustituir las l\u00e1mparas y evitar tener m\u00e1s de un \u201ctrasto\u201d colgado del techo.<\/p>\n\n\n\n<p>4)&nbsp;&nbsp;&nbsp;&nbsp;&nbsp; La mejor parte de todas: <strong>elige el dise\u00f1o<\/strong>. La apariencia juega un papel importante para el bienestar general. Decide qu\u00e9 color y dise\u00f1o quieres.<\/p>\n\n\n\n<p>5)&nbsp;&nbsp;&nbsp;&nbsp;&nbsp; \u00bfQuieres un <strong>control remoto<\/strong>? Algunos ventiladores los tienen en equipo b\u00e1sico, otros solo tienen cadenas. Algunos modelos obtienen el control sobre la pared.<\/p>\n\n\n\n<p>6)&nbsp;&nbsp;&nbsp;&nbsp;&nbsp; Tenga en cuenta el <strong>peso del ventilador<\/strong> y el <strong>material utilizado en el techo<\/strong>. Por ejemplo, una placa de yeso fr\u00e1gil no puede sostener el ventilador de techo casi nunca.<\/p>\n\n\n\n<p>7)&nbsp;&nbsp;&nbsp;&nbsp;&nbsp; Comprueba la instalaci\u00f3n el\u00e9ctrica. Cuando instales el ventilador de techo con iluminaci\u00f3n, necesitar\u00e1s 2 entradas.<\/p>\n\n\n\n<hr class=\"wp-block-separator\"\/>\n\n\n\n<h2 class=\"wp-block-heading\"><span style=\"color: #3498db;\"><br>Mide el tama\u00f1o de la habitaci\u00f3n<\/span><\/h2>\n\n\n\n<p>El tama\u00f1o de la habitaci\u00f3n determina qu\u00e9 di\u00e1metro de h\u00e9lice necesitas. La inclinaci\u00f3n y la velocidad de la cuchilla determinan la potencia del ventilador de techo.<\/p>\n\n\n\n<p>En pocas palabras, cuanto mayor sea el alcance de la aspa y cuanto mayor sea la velocidad, mayor ser\u00e1 el flujo de aire. \u00bfQu\u00e9 pasar\u00eda si elijo un tama\u00f1o de aspa inadecuado?<\/p>\n\n\n\n<div style=\"padding-left: 30px;\"><strong><em>Si la aspa es demasiado grande: <\/em><\/strong>Si coloca un ventilador de techo grande en una habitaci\u00f3n peque\u00f1a, crear\u00e1 una corriente de aire desagradable a la velocidad m\u00e1s alta. El ventilador ser\u00e1 demasiado fuerte y habr\u00e1 un fuerte tiro.\n<p>&nbsp;<\/p>\n<\/div>\n\n\n\n<pre class=\"wp-block-code\"><code><div style=\"padding-left: 30px;\"><strong><em>Si la aspa es demasiado peque\u00f1a:<\/em><\/strong> Por otro lado, si coloca un ventilador demasiado peque\u00f1o en una habitaci\u00f3n grande, no podr\u00e1 refrescar del todo la habitaci\u00f3n. (Por supuesto, la velocidad del motor tambi\u00e9n juega un papel importante.)<\/div><\/code><\/pre>\n\n\n\n<p>Al elegir un ventilador de techo m\u00e1s grande del que te corresponder\u00eda te va refrescar m\u00e1s r\u00e1pido la habitaci\u00f3n, pero es posible que te vuelen los objetos o que te moleste un exceso de aire.<\/p>\n\n\n\n<h2 class=\"wp-block-heading\"><span style=\"color: #3498db;\">Ventiladores de techo ultra silenciosos: motor dc<\/span><\/h2>\n\n\n\n<p>Es muy pr\u00e1ctico usar ventiladores de techo en dormitorios y usarlos durante las calurosas noches de verano. El problema viene cuando es el propio ventilador, y no el calor, el que no te deja dormir. Si el ventilador de techo es antiguo o de baja calidad puede provocar un ligero sonido e impedirnos tener un descanso 100% placentero.<\/p>\n\n\n\n<p>Los&nbsp;<a title=\"Comprar ventiladores de techo con motores DC\" href=\"https:\/\/gavri.es\/ventiladores-de-techo-con-motor-dc\">ventiladores de techo con motores DC<\/a> (corriente continua) son a\u00fan m\u00e1s silenciosos que los ventiladores convencionales hechos motores AC (corriente alterna). Este tipo de motores son la elecci\u00f3n perfecta para dormitorios&nbsp; o habitaciones en las que se requiera de un silencio absoluto, adem\u00e1s de consumir menos electricidad. En este post te hablamos m\u00e1s acerca de los ventilados ultrasilenciosos.<\/p>\n\n\n\n<h2 class=\"wp-block-heading\"><span style=\"color: #3498db;\">Altura del techo<\/span><\/h2>\n\n\n\n<p>La altura del techo es m\u00e1s importante que el propio tama\u00f1o de la habitaci\u00f3n. Debe estar lo suficientemente arriba para que el ventilador no nos lastime, al mismo no debe estar demasiado alto porque si no el aire no nos va a llegar.<\/p>\n\n\n\n<p>Cuanto m\u00e1s alto est\u00e9 respecto al suelo, menor ser\u00e1 el efecto. Los fabricantes recomiendan los ventiladores de acuerdo con el espacio de las habitaciones, partiendo de la base que el techo est\u00e1ndar es de 2.5m.<\/p>\n\n\n\n<p>A veces una habitaci\u00f3n puede tener un techo m\u00e1s bajo o m\u00e1s alto. En este caso, lo mejor es calcular el volumen de la habitaci\u00f3n (m3) en lugar del \u00e1rea del piso (m2). La efectividad de un ventilador depende de hecho del volumen de aire que va a mover. En cualquier caso, disponemos de ventiladores de techo para bajos techo. I si tu techo es m\u00e1s alto, lo mejor es una barra de extensi\u00f3n mayor.<\/p>\n\n\n\n<figure class=\"wp-block-image\"><img decoding=\"async\" src=\"https:\/\/gavri.es\/img\/leoblog\/b\/1\/66\/lg-b-ventilador-seg%C3%BAn-tama%C3%B1o-habitaci%C3%B3n.jpg\" alt=\"ventiladores de techo seg\u00fan tama\u00f1o habitaci\u00f3n\"\/><\/figure>\n\n\n\n<h2 class=\"wp-block-heading\"><span style=\"color: #3498db;\">Control remoto, de pared o cadenas&nbsp;<\/span><\/h2>\n\n\n\n<p>Algunos ventiladores de techo se pueden comprar con el control remoto incluido de serie. Si ese no es el caso, el mando a distancia se puede comprar de forma adicional. Este puede ser por infrarrojos (IR) o por radiofrecuencia. En algunos casos, se pueden controlar varios ventiladores con un solo mando a distancia o controlador. Otras opciones son los controladores de pared o incluso con el smartphone.<\/p>\n\n\n\n<h2 class=\"wp-block-heading\"><span style=\"color: #3498db;\">Color y dise\u00f1o<\/span><\/h2>\n\n\n\n<p>El ventilador de techo puede ser una<span style=\"text-decoration: underline;\"> opci\u00f3n ideal para darle un toque especial<\/span> a tu habitaci\u00f3n, e incluso hacer que parezca m\u00e1s lujosa.<\/p>\n\n\n\n<p>Seleccione el color que coincida con el color de las paredes. Los tonos blancos o claros son lo m\u00e1s comunes. No existen l\u00edmites para el dise\u00f1o y selecci\u00f3n de formas. Una buena manera de conciliar la forma con la habitaci\u00f3n es elegir aspas redondeadas para muebles redondos, y viceversa: aspas con acabados rectos y agresivos para muebles con esquinas rectas. Las formas redondas son m\u00e1s adecuadas para fines rom\u00e1nticos u ornamentales, mientras que las l\u00edneas n\u00edtidas y sobrias colores met\u00e1licos tienen una apariencia mucho m\u00e1s industrial.<\/p>\n\n\n\n<p><em>CONSEJO<\/em>: Si la habitaci\u00f3n es colorida y llamativa, lo mejor es una ventilador discreto para no desviar la atenci\u00f3n. Por otro lado, si el espacio es sobrio puedes optar por un ventilador con un poco m\u00e1s de presencia, llamativo y original.<\/p>\n\n\n\n<p>El material de las aspsa tambi\u00e9n var\u00eda y puede agregar el ventilador a la belleza. Echa un vistazo al Eco Genuino, con aspas de madera maciza natural.<\/p>\n\n\n\n<figure class=\"wp-block-image\"><img decoding=\"async\" src=\"https:\/\/gavri.es\/5063-large_default\/ventilador-de-techo-casafan-315216-eco-genuino-152-madera-maciza-naturalcromo-satinado.jpg\" alt=\"ventilador de-techo casafan 315216 genuino\"\/><\/figure>\n\n\n\n<h2 class=\"wp-block-heading\"><span style=\"color: #3498db;\">Iluminaci\u00f3n del ventilador de techo<\/span><\/h2>\n\n\n\n<p>Existe una gran variedad de ventiladores de techo con luz, que pueden reemplazar la l\u00e1mpara que tengas en ese momento en la habitaci\u00f3n, o servir como una luz complementaria a la actual. Algunas l\u00e1mparas incluyen modo de atenuaci\u00f3n o luz atenuada (40W). La mayor\u00eda tienen rosca E14 o E27; aunque recomendamos verificar el tipo de rosca en las etiquetas primero.<\/p>\n\n\n\n<h2 class=\"wp-block-heading\"><span style=\"color: #3498db;\">El peso del ventilador de techo y el material del techo<\/span><\/h2>\n\n\n\n<p>El ventilador de techo es f\u00e1cil de montar, pero el techo debe de poder soportar el peso del ventilador de techo, que normalmente est\u00e1 entre 5 kg y 12 kg. Lo ideal es el que el techo sea de ladrillo u hormig\u00f3n (o material similar). Si se trata de un falso techo o de madera contrachapada en este caso lo mejor es un soporte para falsos techos.<\/p>\n\n\n\n<h2 class=\"wp-block-heading\"><span style=\"color: #3498db;\">Instalar el ventilador de techo es f\u00e1cil<\/span><\/h2>\n\n\n\n<p>El ventilador de techo debe estar conectado a la red el\u00e9ctrica, exactamente igual que una l\u00e1mpara. Compruebe que el voltaje sea el correcto. Puede variar en casos excepcionales (aunque no deber\u00eda). El ventilador de techo debe ser instalado por una persona experimentada. Un electricista\/profesional tarda aproximadamente una hora en <span style=\"text-decoration: underline;\">instalarlo al completo.<\/span><\/p>\n\n\n\n<figure class=\"wp-block-image\"><img decoding=\"async\" src=\"https:\/\/gavri.es\/img\/leoblog\/b\/1\/46\/lg-b-instalarventiladortecho.jpg\" alt=\"C\u00f3mo instalar un ventilador de techo\"\/><\/figure>\n\n\n\n<hr class=\"wp-block-separator\"\/>\n\n\n\n<h2 class=\"wp-block-heading\"><span style=\"color: #3498db;\"><br>\u00a1La m\u00e1s amplia variedad de ventiladores de techo!<\/span><\/h2>\n\n\n\n<p>Aqu\u00ed, en Gavri.es, puede elegir entre una<span style=\"text-decoration: underline;\">&nbsp;<\/span>impresionante oferta de m\u00e1s de 320 ventiladores de techo en diferentes colores, formas, tama\u00f1os, etc. As\u00ed que probablemente tengamos exactamente el que est\u00e1s buscando.<\/p>\n","protected":false},"excerpt":{"rendered":"<p>\u00bfEst\u00e1s buscando&nbsp;ventiladores de techo para tu casa, trabajo, 2\u00aa residencia, etc? Si andas un poco como pez en el agua, te vamos a dar varios consejos para que elijas el que mejor se adapte a ti. &#8230; <a title=\"Ventiladores de techo: Gu\u00eda de compras completa 2019\" class=\"read-more\" href=\"https:\/\/gavri-src.addisnetwork.es\/blog\/ventiladores-de-techo-guia-de-compras-completa-2019-b73.html\" aria-label=\"M\u00e1s en Ventiladores de techo: Gu\u00eda de compras completa 2019\">Leer m\u00e1s<\/a><\/p>\n","protected":false},"author":1,"featured_media":178,"comment_status":"open","ping_status":"closed","sticky":false,"template":"","format":"standard","meta":{"footnotes":""},"categories":[1],"tags":[],"class_list":["post-73","post","type-post","status-publish","format-standard","has-post-thumbnail","hentry","category-sin-categoria","generate-columns","tablet-grid-50","mobile-grid-100","grid-parent","grid-50","no-featured-image-padding"],"yoast_head":"<!-- This site is optimized with the Yoast SEO plugin v27.4 - https:\/\/yoast.com\/product\/yoast-seo-wordpress\/ -->\n<title>Ventiladores de techo: Gu\u00eda de compras completa 2019 - Blog de Gavri.es<\/title>\n<meta name=\"description\" content=\"Te contamos cu\u00e1les son los mejores modelos de ventiladores de techo que puedes comprar este verano. Desc\u00fabrelos.\" \/>\n<meta name=\"robots\" content=\"index, follow, max-snippet:-1, max-image-preview:large, max-video-preview:-1\" \/>\n<link rel=\"canonical\" href=\"https:\/\/gavri-src.addisnetwork.es\/blog\/ventiladores-de-techo-guia-de-compras-completa-2019-b73.html\" \/>\n<meta property=\"og:locale\" content=\"es_ES\" \/>\n<meta property=\"og:type\" content=\"article\" \/>\n<meta property=\"og:title\" content=\"Ventiladores de techo: Gu\u00eda de compras completa 2019 - Blog de Gavri.es\" \/>\n<meta property=\"og:description\" content=\"Te contamos cu\u00e1les son los mejores modelos de ventiladores de techo que puedes comprar este verano. Desc\u00fabrelos.\" \/>\n<meta property=\"og:url\" content=\"https:\/\/gavri-src.addisnetwork.es\/blog\/ventiladores-de-techo-guia-de-compras-completa-2019-b73.html\" \/>\n<meta property=\"og:site_name\" content=\"Blog de Gavri.es\" \/>\n<meta property=\"article:published_time\" content=\"2020-12-17T18:55:00+00:00\" \/>\n<meta property=\"article:modified_time\" content=\"2021-04-30T14:38:56+00:00\" \/>\n<meta property=\"og:image\" content=\"https:\/\/gavri-src.addisnetwork.es\/blog\/wp-content\/uploads\/2020\/12\/lg-b-guia-de-compras-ventiladores-techo-2019.jpg\" \/>\n\t<meta property=\"og:image:width\" content=\"1900\" \/>\n\t<meta property=\"og:image:height\" content=\"781\" \/>\n\t<meta property=\"og:image:type\" content=\"image\/jpeg\" \/>\n<meta name=\"author\" content=\"Gavri\" \/>\n<meta name=\"twitter:card\" content=\"summary_large_image\" \/>\n<meta name=\"twitter:label1\" content=\"Escrito por\" \/>\n\t<meta name=\"twitter:data1\" content=\"Gavri\" \/>\n\t<meta name=\"twitter:label2\" content=\"Tiempo de lectura\" \/>\n\t<meta name=\"twitter:data2\" content=\"6 minutos\" \/>\n<script type=\"application\/ld+json\" class=\"yoast-schema-graph\">{\"@context\":\"https:\\\/\\\/schema.org\",\"@graph\":[{\"@type\":\"Article\",\"@id\":\"https:\\\/\\\/gavri-src.addisnetwork.es\\\/blog\\\/ventiladores-de-techo-guia-de-compras-completa-2019-b73.html#article\",\"isPartOf\":{\"@id\":\"https:\\\/\\\/gavri-src.addisnetwork.es\\\/blog\\\/ventiladores-de-techo-guia-de-compras-completa-2019-b73.html\"},\"author\":{\"name\":\"Gavri\",\"@id\":\"https:\\\/\\\/gavri-src.addisnetwork.es\\\/blog\\\/#\\\/schema\\\/person\\\/3df0699bd314187860df00e3b73fbf75\"},\"headline\":\"Ventiladores de techo: Gu\u00eda de compras completa 2019\",\"datePublished\":\"2020-12-17T18:55:00+00:00\",\"dateModified\":\"2021-04-30T14:38:56+00:00\",\"mainEntityOfPage\":{\"@id\":\"https:\\\/\\\/gavri-src.addisnetwork.es\\\/blog\\\/ventiladores-de-techo-guia-de-compras-completa-2019-b73.html\"},\"wordCount\":1286,\"commentCount\":0,\"publisher\":{\"@id\":\"https:\\\/\\\/gavri-src.addisnetwork.es\\\/blog\\\/#organization\"},\"image\":{\"@id\":\"https:\\\/\\\/gavri-src.addisnetwork.es\\\/blog\\\/ventiladores-de-techo-guia-de-compras-completa-2019-b73.html#primaryimage\"},\"thumbnailUrl\":\"https:\\\/\\\/gavri-src.addisnetwork.es\\\/blog\\\/wp-content\\\/uploads\\\/2020\\\/12\\\/lg-b-guia-de-compras-ventiladores-techo-2019.jpg\",\"inLanguage\":\"es\",\"potentialAction\":[{\"@type\":\"CommentAction\",\"name\":\"Comment\",\"target\":[\"https:\\\/\\\/gavri-src.addisnetwork.es\\\/blog\\\/ventiladores-de-techo-guia-de-compras-completa-2019-b73.html#respond\"]}]},{\"@type\":\"WebPage\",\"@id\":\"https:\\\/\\\/gavri-src.addisnetwork.es\\\/blog\\\/ventiladores-de-techo-guia-de-compras-completa-2019-b73.html\",\"url\":\"https:\\\/\\\/gavri-src.addisnetwork.es\\\/blog\\\/ventiladores-de-techo-guia-de-compras-completa-2019-b73.html\",\"name\":\"Ventiladores de techo: Gu\u00eda de compras completa 2019 - Blog de Gavri.es\",\"isPartOf\":{\"@id\":\"https:\\\/\\\/gavri-src.addisnetwork.es\\\/blog\\\/#website\"},\"primaryImageOfPage\":{\"@id\":\"https:\\\/\\\/gavri-src.addisnetwork.es\\\/blog\\\/ventiladores-de-techo-guia-de-compras-completa-2019-b73.html#primaryimage\"},\"image\":{\"@id\":\"https:\\\/\\\/gavri-src.addisnetwork.es\\\/blog\\\/ventiladores-de-techo-guia-de-compras-completa-2019-b73.html#primaryimage\"},\"thumbnailUrl\":\"https:\\\/\\\/gavri-src.addisnetwork.es\\\/blog\\\/wp-content\\\/uploads\\\/2020\\\/12\\\/lg-b-guia-de-compras-ventiladores-techo-2019.jpg\",\"datePublished\":\"2020-12-17T18:55:00+00:00\",\"dateModified\":\"2021-04-30T14:38:56+00:00\",\"description\":\"Te contamos cu\u00e1les son los mejores modelos de ventiladores de techo que puedes comprar este verano. Desc\u00fabrelos.\",\"breadcrumb\":{\"@id\":\"https:\\\/\\\/gavri-src.addisnetwork.es\\\/blog\\\/ventiladores-de-techo-guia-de-compras-completa-2019-b73.html#breadcrumb\"},\"inLanguage\":\"es\",\"potentialAction\":[{\"@type\":\"ReadAction\",\"target\":[\"https:\\\/\\\/gavri-src.addisnetwork.es\\\/blog\\\/ventiladores-de-techo-guia-de-compras-completa-2019-b73.html\"]}]},{\"@type\":\"ImageObject\",\"inLanguage\":\"es\",\"@id\":\"https:\\\/\\\/gavri-src.addisnetwork.es\\\/blog\\\/ventiladores-de-techo-guia-de-compras-completa-2019-b73.html#primaryimage\",\"url\":\"https:\\\/\\\/gavri-src.addisnetwork.es\\\/blog\\\/wp-content\\\/uploads\\\/2020\\\/12\\\/lg-b-guia-de-compras-ventiladores-techo-2019.jpg\",\"contentUrl\":\"https:\\\/\\\/gavri-src.addisnetwork.es\\\/blog\\\/wp-content\\\/uploads\\\/2020\\\/12\\\/lg-b-guia-de-compras-ventiladores-techo-2019.jpg\",\"width\":1900,\"height\":781},{\"@type\":\"BreadcrumbList\",\"@id\":\"https:\\\/\\\/gavri-src.addisnetwork.es\\\/blog\\\/ventiladores-de-techo-guia-de-compras-completa-2019-b73.html#breadcrumb\",\"itemListElement\":[{\"@type\":\"ListItem\",\"position\":1,\"name\":\"Portada\",\"item\":\"https:\\\/\\\/gavri-src.addisnetwork.es\\\/blog\"},{\"@type\":\"ListItem\",\"position\":2,\"name\":\"Ventiladores de techo: Gu\u00eda de compras completa 2019\"}]},{\"@type\":\"WebSite\",\"@id\":\"https:\\\/\\\/gavri-src.addisnetwork.es\\\/blog\\\/#website\",\"url\":\"https:\\\/\\\/gavri-src.addisnetwork.es\\\/blog\\\/\",\"name\":\"Blog de Gavri.es\",\"description\":\"Blog de Gavri.es\",\"publisher\":{\"@id\":\"https:\\\/\\\/gavri-src.addisnetwork.es\\\/blog\\\/#organization\"},\"potentialAction\":[{\"@type\":\"SearchAction\",\"target\":{\"@type\":\"EntryPoint\",\"urlTemplate\":\"https:\\\/\\\/gavri-src.addisnetwork.es\\\/blog\\\/?s={search_term_string}\"},\"query-input\":{\"@type\":\"PropertyValueSpecification\",\"valueRequired\":true,\"valueName\":\"search_term_string\"}}],\"inLanguage\":\"es\"},{\"@type\":\"Organization\",\"@id\":\"https:\\\/\\\/gavri-src.addisnetwork.es\\\/blog\\\/#organization\",\"name\":\"Blog de Gavri.es\",\"url\":\"https:\\\/\\\/gavri-src.addisnetwork.es\\\/blog\\\/\",\"logo\":{\"@type\":\"ImageObject\",\"inLanguage\":\"es\",\"@id\":\"https:\\\/\\\/gavri-src.addisnetwork.es\\\/blog\\\/#\\\/schema\\\/logo\\\/image\\\/\",\"url\":\"https:\\\/\\\/gavri-src.addisnetwork.es\\\/blog\\\/wp-content\\\/uploads\\\/2021\\\/01\\\/cropped-LOGO-gavries-blog-1.png\",\"contentUrl\":\"https:\\\/\\\/gavri-src.addisnetwork.es\\\/blog\\\/wp-content\\\/uploads\\\/2021\\\/01\\\/cropped-LOGO-gavries-blog-1.png\",\"width\":520,\"height\":104,\"caption\":\"Blog de Gavri.es\"},\"image\":{\"@id\":\"https:\\\/\\\/gavri-src.addisnetwork.es\\\/blog\\\/#\\\/schema\\\/logo\\\/image\\\/\"}},{\"@type\":\"Person\",\"@id\":\"https:\\\/\\\/gavri-src.addisnetwork.es\\\/blog\\\/#\\\/schema\\\/person\\\/3df0699bd314187860df00e3b73fbf75\",\"name\":\"Gavri\",\"image\":{\"@type\":\"ImageObject\",\"inLanguage\":\"es\",\"@id\":\"https:\\\/\\\/secure.gravatar.com\\\/avatar\\\/6fc6afbbb919cee1ae64c74ed55bf75da72aade68e84f27c0a3a05bd98ccf2a0?s=96&d=mm&r=g\",\"url\":\"https:\\\/\\\/secure.gravatar.com\\\/avatar\\\/6fc6afbbb919cee1ae64c74ed55bf75da72aade68e84f27c0a3a05bd98ccf2a0?s=96&d=mm&r=g\",\"contentUrl\":\"https:\\\/\\\/secure.gravatar.com\\\/avatar\\\/6fc6afbbb919cee1ae64c74ed55bf75da72aade68e84f27c0a3a05bd98ccf2a0?s=96&d=mm&r=g\",\"caption\":\"Gavri\"},\"sameAs\":[\"https:\\\/\\\/gavri.es\\\/blog\"]}]}<\/script>\n<!-- \/ Yoast SEO plugin. -->","yoast_head_json":{"title":"Ventiladores de techo: Gu\u00eda de compras completa 2019 - Blog de Gavri.es","description":"Te contamos cu\u00e1les son los mejores modelos de ventiladores de techo que puedes comprar este verano. Desc\u00fabrelos.","robots":{"index":"index","follow":"follow","max-snippet":"max-snippet:-1","max-image-preview":"max-image-preview:large","max-video-preview":"max-video-preview:-1"},"canonical":"https:\/\/gavri-src.addisnetwork.es\/blog\/ventiladores-de-techo-guia-de-compras-completa-2019-b73.html","og_locale":"es_ES","og_type":"article","og_title":"Ventiladores de techo: Gu\u00eda de compras completa 2019 - Blog de Gavri.es","og_description":"Te contamos cu\u00e1les son los mejores modelos de ventiladores de techo que puedes comprar este verano. Desc\u00fabrelos.","og_url":"https:\/\/gavri-src.addisnetwork.es\/blog\/ventiladores-de-techo-guia-de-compras-completa-2019-b73.html","og_site_name":"Blog de Gavri.es","article_published_time":"2020-12-17T18:55:00+00:00","article_modified_time":"2021-04-30T14:38:56+00:00","og_image":[{"width":1900,"height":781,"url":"https:\/\/gavri-src.addisnetwork.es\/blog\/wp-content\/uploads\/2020\/12\/lg-b-guia-de-compras-ventiladores-techo-2019.jpg","type":"image\/jpeg"}],"author":"Gavri","twitter_card":"summary_large_image","twitter_misc":{"Escrito por":"Gavri","Tiempo de lectura":"6 minutos"},"schema":{"@context":"https:\/\/schema.org","@graph":[{"@type":"Article","@id":"https:\/\/gavri-src.addisnetwork.es\/blog\/ventiladores-de-techo-guia-de-compras-completa-2019-b73.html#article","isPartOf":{"@id":"https:\/\/gavri-src.addisnetwork.es\/blog\/ventiladores-de-techo-guia-de-compras-completa-2019-b73.html"},"author":{"name":"Gavri","@id":"https:\/\/gavri-src.addisnetwork.es\/blog\/#\/schema\/person\/3df0699bd314187860df00e3b73fbf75"},"headline":"Ventiladores de techo: Gu\u00eda de compras completa 2019","datePublished":"2020-12-17T18:55:00+00:00","dateModified":"2021-04-30T14:38:56+00:00","mainEntityOfPage":{"@id":"https:\/\/gavri-src.addisnetwork.es\/blog\/ventiladores-de-techo-guia-de-compras-completa-2019-b73.html"},"wordCount":1286,"commentCount":0,"publisher":{"@id":"https:\/\/gavri-src.addisnetwork.es\/blog\/#organization"},"image":{"@id":"https:\/\/gavri-src.addisnetwork.es\/blog\/ventiladores-de-techo-guia-de-compras-completa-2019-b73.html#primaryimage"},"thumbnailUrl":"https:\/\/gavri-src.addisnetwork.es\/blog\/wp-content\/uploads\/2020\/12\/lg-b-guia-de-compras-ventiladores-techo-2019.jpg","inLanguage":"es","potentialAction":[{"@type":"CommentAction","name":"Comment","target":["https:\/\/gavri-src.addisnetwork.es\/blog\/ventiladores-de-techo-guia-de-compras-completa-2019-b73.html#respond"]}]},{"@type":"WebPage","@id":"https:\/\/gavri-src.addisnetwork.es\/blog\/ventiladores-de-techo-guia-de-compras-completa-2019-b73.html","url":"https:\/\/gavri-src.addisnetwork.es\/blog\/ventiladores-de-techo-guia-de-compras-completa-2019-b73.html","name":"Ventiladores de techo: Gu\u00eda de compras completa 2019 - Blog de Gavri.es","isPartOf":{"@id":"https:\/\/gavri-src.addisnetwork.es\/blog\/#website"},"primaryImageOfPage":{"@id":"https:\/\/gavri-src.addisnetwork.es\/blog\/ventiladores-de-techo-guia-de-compras-completa-2019-b73.html#primaryimage"},"image":{"@id":"https:\/\/gavri-src.addisnetwork.es\/blog\/ventiladores-de-techo-guia-de-compras-completa-2019-b73.html#primaryimage"},"thumbnailUrl":"https:\/\/gavri-src.addisnetwork.es\/blog\/wp-content\/uploads\/2020\/12\/lg-b-guia-de-compras-ventiladores-techo-2019.jpg","datePublished":"2020-12-17T18:55:00+00:00","dateModified":"2021-04-30T14:38:56+00:00","description":"Te contamos cu\u00e1les son los mejores modelos de ventiladores de techo que puedes comprar este verano. Desc\u00fabrelos.","breadcrumb":{"@id":"https:\/\/gavri-src.addisnetwork.es\/blog\/ventiladores-de-techo-guia-de-compras-completa-2019-b73.html#breadcrumb"},"inLanguage":"es","potentialAction":[{"@type":"ReadAction","target":["https:\/\/gavri-src.addisnetwork.es\/blog\/ventiladores-de-techo-guia-de-compras-completa-2019-b73.html"]}]},{"@type":"ImageObject","inLanguage":"es","@id":"https:\/\/gavri-src.addisnetwork.es\/blog\/ventiladores-de-techo-guia-de-compras-completa-2019-b73.html#primaryimage","url":"https:\/\/gavri-src.addisnetwork.es\/blog\/wp-content\/uploads\/2020\/12\/lg-b-guia-de-compras-ventiladores-techo-2019.jpg","contentUrl":"https:\/\/gavri-src.addisnetwork.es\/blog\/wp-content\/uploads\/2020\/12\/lg-b-guia-de-compras-ventiladores-techo-2019.jpg","width":1900,"height":781},{"@type":"BreadcrumbList","@id":"https:\/\/gavri-src.addisnetwork.es\/blog\/ventiladores-de-techo-guia-de-compras-completa-2019-b73.html#breadcrumb","itemListElement":[{"@type":"ListItem","position":1,"name":"Portada","item":"https:\/\/gavri-src.addisnetwork.es\/blog"},{"@type":"ListItem","position":2,"name":"Ventiladores de techo: Gu\u00eda de compras completa 2019"}]},{"@type":"WebSite","@id":"https:\/\/gavri-src.addisnetwork.es\/blog\/#website","url":"https:\/\/gavri-src.addisnetwork.es\/blog\/","name":"Blog de Gavri.es","description":"Blog de Gavri.es","publisher":{"@id":"https:\/\/gavri-src.addisnetwork.es\/blog\/#organization"},"potentialAction":[{"@type":"SearchAction","target":{"@type":"EntryPoint","urlTemplate":"https:\/\/gavri-src.addisnetwork.es\/blog\/?s={search_term_string}"},"query-input":{"@type":"PropertyValueSpecification","valueRequired":true,"valueName":"search_term_string"}}],"inLanguage":"es"},{"@type":"Organization","@id":"https:\/\/gavri-src.addisnetwork.es\/blog\/#organization","name":"Blog de Gavri.es","url":"https:\/\/gavri-src.addisnetwork.es\/blog\/","logo":{"@type":"ImageObject","inLanguage":"es","@id":"https:\/\/gavri-src.addisnetwork.es\/blog\/#\/schema\/logo\/image\/","url":"https:\/\/gavri-src.addisnetwork.es\/blog\/wp-content\/uploads\/2021\/01\/cropped-LOGO-gavries-blog-1.png","contentUrl":"https:\/\/gavri-src.addisnetwork.es\/blog\/wp-content\/uploads\/2021\/01\/cropped-LOGO-gavries-blog-1.png","width":520,"height":104,"caption":"Blog de Gavri.es"},"image":{"@id":"https:\/\/gavri-src.addisnetwork.es\/blog\/#\/schema\/logo\/image\/"}},{"@type":"Person","@id":"https:\/\/gavri-src.addisnetwork.es\/blog\/#\/schema\/person\/3df0699bd314187860df00e3b73fbf75","name":"Gavri","image":{"@type":"ImageObject","inLanguage":"es","@id":"https:\/\/secure.gravatar.com\/avatar\/6fc6afbbb919cee1ae64c74ed55bf75da72aade68e84f27c0a3a05bd98ccf2a0?s=96&d=mm&r=g","url":"https:\/\/secure.gravatar.com\/avatar\/6fc6afbbb919cee1ae64c74ed55bf75da72aade68e84f27c0a3a05bd98ccf2a0?s=96&d=mm&r=g","contentUrl":"https:\/\/secure.gravatar.com\/avatar\/6fc6afbbb919cee1ae64c74ed55bf75da72aade68e84f27c0a3a05bd98ccf2a0?s=96&d=mm&r=g","caption":"Gavri"},"sameAs":["https:\/\/gavri.es\/blog"]}]}},"_links":{"self":[{"href":"https:\/\/gavri-src.addisnetwork.es\/blog\/wp-json\/wp\/v2\/posts\/73","targetHints":{"allow":["GET"]}}],"collection":[{"href":"https:\/\/gavri-src.addisnetwork.es\/blog\/wp-json\/wp\/v2\/posts"}],"about":[{"href":"https:\/\/gavri-src.addisnetwork.es\/blog\/wp-json\/wp\/v2\/types\/post"}],"author":[{"embeddable":true,"href":"https:\/\/gavri-src.addisnetwork.es\/blog\/wp-json\/wp\/v2\/users\/1"}],"replies":[{"embeddable":true,"href":"https:\/\/gavri-src.addisnetwork.es\/blog\/wp-json\/wp\/v2\/comments?post=73"}],"version-history":[{"count":2,"href":"https:\/\/gavri-src.addisnetwork.es\/blog\/wp-json\/wp\/v2\/posts\/73\/revisions"}],"predecessor-version":[{"id":470,"href":"https:\/\/gavri-src.addisnetwork.es\/blog\/wp-json\/wp\/v2\/posts\/73\/revisions\/470"}],"wp:featuredmedia":[{"embeddable":true,"href":"https:\/\/gavri-src.addisnetwork.es\/blog\/wp-json\/wp\/v2\/media\/178"}],"wp:attachment":[{"href":"https:\/\/gavri-src.addisnetwork.es\/blog\/wp-json\/wp\/v2\/media?parent=73"}],"wp:term":[{"taxonomy":"category","embeddable":true,"href":"https:\/\/gavri-src.addisnetwork.es\/blog\/wp-json\/wp\/v2\/categories?post=73"},{"taxonomy":"post_tag","embeddable":true,"href":"https:\/\/gavri-src.addisnetwork.es\/blog\/wp-json\/wp\/v2\/tags?post=73"}],"curies":[{"name":"wp","href":"https:\/\/api.w.org\/{rel}","templated":true}]}}