{"id":738,"date":"2022-11-23T10:16:09","date_gmt":"2022-11-23T10:16:09","guid":{"rendered":"https:\/\/gavri.es\/blog\/?p=738"},"modified":"2022-11-23T10:16:10","modified_gmt":"2022-11-23T10:16:10","slug":"empresas-profesionales-por-que-ofrecer-ventiladores-de-techo-clientes","status":"publish","type":"post","link":"https:\/\/gavri-src.addisnetwork.es\/blog\/empresas-profesionales-por-que-ofrecer-ventiladores-de-techo-clientes.html","title":{"rendered":"<strong>Empresas y profesionales \u00bfpor qu\u00e9 ofrecer ventiladores de techo a tus clientes?<\/strong>"},"content":{"rendered":"\n<p>En <a href=\"https:\/\/gavri.es\/\" target=\"_blank\" rel=\"noreferrer noopener\">Gavri<\/a> no solo ofrecemos un amplio cat\u00e1logo de ventiladores de techo para nuestros clientes, tambi\u00e9n, para empresas y profesionales que est\u00e9n interesados en distribuir la mejor tecnolog\u00eda de climatizaci\u00f3n para interiores y exteriores.<\/p>\n\n\n\n<p>La demanda de ventiladores para techo ha ido creciendo junto a la necesidad de los individuos de refrescar y ventilar espacios cerrados y abiertos de una forma efectiva, r\u00e1pida y barata. De este modo, si quieres conocer m\u00e1s sobre nuestro servicio para distribuidores, \u00a1echa un vistazo al siguiente post para conocer toda la informaci\u00f3n!<\/p>\n\n\n\n<!--more-->\n\n\n\n<h2 class=\"wp-block-heading\"><strong>\u00bfPor qu\u00e9 los ventiladores de techo CasaFan son tan populares?<\/strong><\/h2>\n\n\n\n<p>\u00a1Muy sencillo! La marca alemana cuenta con <strong>m\u00e1s de 30 a\u00f1os de experiencia<\/strong> fabricando ventiladores de techo de calidad con <strong>motores de bajo consumo DC\/EC, con funci\u00f3n de invierno<\/strong> para ahorrar en calefacci\u00f3n y ofrecen 25 a\u00f1os de garant\u00eda para m\u00e1s de 5.000 modelos.<\/p>\n\n\n\n<p>Los ventiladores de esta marca no solo destacan por su calidad sino porque su sus modelos son aptos para todo tipo de entornos, desde <strong>hogares, restaurantes, bares, locales, oficinas o diferentes lugares de trabajo<\/strong>. Estos ventiladores cuentan con todo lo necesario para asegurar un clima correcto all\u00e1 donde vayan.<\/p>\n\n\n\n<h3 class=\"wp-block-heading\"><strong>Caracter\u00edsticas de nuestros ventiladores de techo de dise\u00f1o<\/strong><\/h3>\n\n\n\n<p>\u00bfQu\u00e9 tiene los <strong>ventiladores CasaFan<\/strong> que no tengan los ventiladores de otras marcas? \u00a1Te lo contamos!<\/p>\n\n\n\n<p>En cuanto a las caracter\u00edsticas de estos productos, los ventiladores de CasaFan cuentan con <strong>protecci\u00f3n t\u00e9rmica contra sobrecarga<\/strong> para un correcto funcionamiento en todo momento. Todos los modelos tienen incorporados <strong>un motor DC o de bajo consumo<\/strong> para favorecer el ahorro energ\u00e9tico y fomentar las viviendas sostenibles. Al mismo tiempo, cuentan con <strong>funci\u00f3n verano\/invierno<\/strong> para poder utilizarlos en cualquier \u00e9poca del a\u00f1o y, por si no fuera poco, todos ellos cuentan con <strong>entrega r\u00e1pida con env\u00edo en 48h.\u00a0<\/strong><\/p>\n\n\n\n<h4 class=\"wp-block-heading\"><strong>Convi\u00e9rtete en distribuidor de los mejores ventiladores de techo del mercado<\/strong><\/h4>\n\n\n\n<p>Si est\u00e1s interesado en <strong>distribuir ventiladores de las mejores marcas<\/strong> a tus clientes, \u00a1presta atenci\u00f3n! Puedes convertirte en <strong>distribuidor oficial<\/strong> de nuestros productos con tan solo enviar un correo a: <a href=\"mailto:mayorista@gavri.es\">mayorista@gavri.es<\/a> con tus datos fiscales para poder darte de alta. \u00a1Y listo! Tendr\u00e1s acceso a la mejor gama de ventiladores para distribuir a tus clientes.<\/p>\n\n\n\n<h4 class=\"wp-block-heading\"><strong>Beneficios y funcionamiento del servicio de distribuci\u00f3n de ventiladores de techo<\/strong><\/h4>\n\n\n\n<p>\u00bfA\u00fan no conoces los beneficios de nuestro servicio de distribuci\u00f3n? Son los siguientes:<\/p>\n\n\n\n<ul class=\"wp-block-list\">\n<li><strong>Env\u00edos 48h<\/strong> para nuestros distribuidores exclusivos.<\/li>\n\n\n\n<li><strong>Trato personal y directo<\/strong>.<\/li>\n\n\n\n<li><strong>Garant\u00eda de hasta 25 a\u00f1os<\/strong> con reemplazos garantizados.<\/li>\n\n\n\n<li>Acceso a un amplio <strong>cat\u00e1logo de m\u00e1s de 5.000 modelos<\/strong> de las mejores marcas como CasaFan, Vortice, Noaton&#8230;etc. \u00a1Y muchas m\u00e1s!<\/li>\n\n\n\n<li>Acceso a <strong>ventiladores de techo para hogares y a la l\u00ednea de modelos industriales<\/strong> para uso profesional con certificado Uso comercial (Certificado para uso en el comercio seg\u00fan Directiva de m\u00e1quinas 2006\/42 \/EC Parte 1).<\/li>\n<\/ul>\n\n\n\n<p>Si deseas disponer de estos productos y poder ofrecerlos a tus clientes, \u00a1ponte ya en contacto con nosotros! Obt\u00e9n los <a href=\"https:\/\/gavri.es\/blog\/ventiladores-de-techo-mejor-precio-descuentos-gavri.html\">mejores precios y productos<\/a> para darle a tus clientes lo que est\u00e1n buscando.<\/p>\n","protected":false},"excerpt":{"rendered":"<p>En Gavri no solo ofrecemos un amplio cat\u00e1logo de ventiladores de techo para nuestros clientes, tambi\u00e9n, para empresas y profesionales que est\u00e9n interesados en distribuir la mejor tecnolog\u00eda de climatizaci\u00f3n para interiores y exteriores. La demanda &#8230; <a title=\"Empresas y profesionales \u00bfpor qu\u00e9 ofrecer ventiladores de techo a tus clientes?\" class=\"read-more\" href=\"https:\/\/gavri-src.addisnetwork.es\/blog\/empresas-profesionales-por-que-ofrecer-ventiladores-de-techo-clientes.html\" aria-label=\"M\u00e1s en Empresas y profesionales \u00bfpor qu\u00e9 ofrecer ventiladores de techo a tus clientes?\">Leer m\u00e1s<\/a><\/p>\n","protected":false},"author":2,"featured_media":739,"comment_status":"open","ping_status":"closed","sticky":false,"template":"","format":"standard","meta":{"footnotes":""},"categories":[24],"tags":[4,7,8,9],"class_list":["post-738","post","type-post","status-publish","format-standard","has-post-thumbnail","hentry","category-ventiladores-de-techo","tag-hogar","tag-ventilacion","tag-ventiladores","tag-ventiladores-de-techo","generate-columns","tablet-grid-50","mobile-grid-100","grid-parent","grid-50","no-featured-image-padding"],"yoast_head":"<!-- This site is optimized with the Yoast SEO plugin v27.5 - https:\/\/yoast.com\/product\/yoast-seo-wordpress\/ -->\n<title>Empresas y profesionales \u00bfpor qu\u00e9 ofrecer ventiladores de techo a tus clientes?<\/title>\n<meta name=\"description\" content=\"\u00bfTodav\u00eda no conoces el servicio de distribuci\u00f3n de ventiladores de techo para profesionales? \u00a1Descubre toda la informaci\u00f3n en Gavri!\" \/>\n<meta name=\"robots\" content=\"index, follow, max-snippet:-1, max-image-preview:large, max-video-preview:-1\" \/>\n<link rel=\"canonical\" href=\"https:\/\/gavri-src.addisnetwork.es\/blog\/empresas-profesionales-por-que-ofrecer-ventiladores-de-techo-clientes.html\" \/>\n<meta property=\"og:locale\" content=\"es_ES\" \/>\n<meta property=\"og:type\" content=\"article\" \/>\n<meta property=\"og:title\" content=\"Empresas y profesionales \u00bfpor qu\u00e9 ofrecer ventiladores de techo a tus clientes?\" \/>\n<meta property=\"og:description\" content=\"\u00bfTodav\u00eda no conoces el servicio de distribuci\u00f3n de ventiladores de techo para profesionales? \u00a1Descubre toda la informaci\u00f3n en Gavri!\" \/>\n<meta property=\"og:url\" content=\"https:\/\/gavri-src.addisnetwork.es\/blog\/empresas-profesionales-por-que-ofrecer-ventiladores-de-techo-clientes.html\" \/>\n<meta property=\"og:site_name\" content=\"Blog de Gavri.es\" \/>\n<meta property=\"article:published_time\" content=\"2022-11-23T10:16:09+00:00\" \/>\n<meta property=\"article:modified_time\" content=\"2022-11-23T10:16:10+00:00\" \/>\n<meta property=\"og:image\" content=\"https:\/\/gavri-src.addisnetwork.es\/blog\/wp-content\/uploads\/2022\/11\/Empresas-y-profesionales-por-que-ofrecer-ventiladores-de-techo-a-tus-clientes.jpg\" \/>\n\t<meta property=\"og:image:width\" content=\"1867\" \/>\n\t<meta property=\"og:image:height\" content=\"1244\" \/>\n\t<meta property=\"og:image:type\" content=\"image\/jpeg\" \/>\n<meta name=\"author\" content=\"T\u00e9cnico Gavri\" \/>\n<meta name=\"twitter:card\" content=\"summary_large_image\" \/>\n<meta name=\"twitter:label1\" content=\"Escrito por\" \/>\n\t<meta name=\"twitter:data1\" content=\"T\u00e9cnico Gavri\" \/>\n\t<meta name=\"twitter:label2\" content=\"Tiempo de lectura\" \/>\n\t<meta name=\"twitter:data2\" content=\"3 minutos\" \/>\n<script type=\"application\/ld+json\" class=\"yoast-schema-graph\">{\"@context\":\"https:\\\/\\\/schema.org\",\"@graph\":[{\"@type\":\"Article\",\"@id\":\"https:\\\/\\\/gavri-src.addisnetwork.es\\\/blog\\\/empresas-profesionales-por-que-ofrecer-ventiladores-de-techo-clientes.html#article\",\"isPartOf\":{\"@id\":\"https:\\\/\\\/gavri-src.addisnetwork.es\\\/blog\\\/empresas-profesionales-por-que-ofrecer-ventiladores-de-techo-clientes.html\"},\"author\":{\"name\":\"T\u00e9cnico Gavri\",\"@id\":\"https:\\\/\\\/gavri-src.addisnetwork.es\\\/blog\\\/#\\\/schema\\\/person\\\/587329a98b34cfdbbfd1e7fbe7b65296\"},\"headline\":\"Empresas y profesionales \u00bfpor qu\u00e9 ofrecer ventiladores de techo a tus clientes?\",\"datePublished\":\"2022-11-23T10:16:09+00:00\",\"dateModified\":\"2022-11-23T10:16:10+00:00\",\"mainEntityOfPage\":{\"@id\":\"https:\\\/\\\/gavri-src.addisnetwork.es\\\/blog\\\/empresas-profesionales-por-que-ofrecer-ventiladores-de-techo-clientes.html\"},\"wordCount\":543,\"commentCount\":0,\"publisher\":{\"@id\":\"https:\\\/\\\/gavri-src.addisnetwork.es\\\/blog\\\/#organization\"},\"image\":{\"@id\":\"https:\\\/\\\/gavri-src.addisnetwork.es\\\/blog\\\/empresas-profesionales-por-que-ofrecer-ventiladores-de-techo-clientes.html#primaryimage\"},\"thumbnailUrl\":\"https:\\\/\\\/gavri-src.addisnetwork.es\\\/blog\\\/wp-content\\\/uploads\\\/2022\\\/11\\\/Empresas-y-profesionales-por-que-ofrecer-ventiladores-de-techo-a-tus-clientes.jpg\",\"keywords\":[\"hogar\",\"ventilacion\",\"ventiladores\",\"ventiladores de techo\"],\"articleSection\":[\"Ventiladores de techo\"],\"inLanguage\":\"es\",\"potentialAction\":[{\"@type\":\"CommentAction\",\"name\":\"Comment\",\"target\":[\"https:\\\/\\\/gavri-src.addisnetwork.es\\\/blog\\\/empresas-profesionales-por-que-ofrecer-ventiladores-de-techo-clientes.html#respond\"]}]},{\"@type\":\"WebPage\",\"@id\":\"https:\\\/\\\/gavri-src.addisnetwork.es\\\/blog\\\/empresas-profesionales-por-que-ofrecer-ventiladores-de-techo-clientes.html\",\"url\":\"https:\\\/\\\/gavri-src.addisnetwork.es\\\/blog\\\/empresas-profesionales-por-que-ofrecer-ventiladores-de-techo-clientes.html\",\"name\":\"Empresas y profesionales \u00bfpor qu\u00e9 ofrecer ventiladores de techo a tus clientes?\",\"isPartOf\":{\"@id\":\"https:\\\/\\\/gavri-src.addisnetwork.es\\\/blog\\\/#website\"},\"primaryImageOfPage\":{\"@id\":\"https:\\\/\\\/gavri-src.addisnetwork.es\\\/blog\\\/empresas-profesionales-por-que-ofrecer-ventiladores-de-techo-clientes.html#primaryimage\"},\"image\":{\"@id\":\"https:\\\/\\\/gavri-src.addisnetwork.es\\\/blog\\\/empresas-profesionales-por-que-ofrecer-ventiladores-de-techo-clientes.html#primaryimage\"},\"thumbnailUrl\":\"https:\\\/\\\/gavri-src.addisnetwork.es\\\/blog\\\/wp-content\\\/uploads\\\/2022\\\/11\\\/Empresas-y-profesionales-por-que-ofrecer-ventiladores-de-techo-a-tus-clientes.jpg\",\"datePublished\":\"2022-11-23T10:16:09+00:00\",\"dateModified\":\"2022-11-23T10:16:10+00:00\",\"description\":\"\u00bfTodav\u00eda no conoces el servicio de distribuci\u00f3n de ventiladores de techo para profesionales? \u00a1Descubre toda la informaci\u00f3n en Gavri!\",\"breadcrumb\":{\"@id\":\"https:\\\/\\\/gavri-src.addisnetwork.es\\\/blog\\\/empresas-profesionales-por-que-ofrecer-ventiladores-de-techo-clientes.html#breadcrumb\"},\"inLanguage\":\"es\",\"potentialAction\":[{\"@type\":\"ReadAction\",\"target\":[\"https:\\\/\\\/gavri-src.addisnetwork.es\\\/blog\\\/empresas-profesionales-por-que-ofrecer-ventiladores-de-techo-clientes.html\"]}]},{\"@type\":\"ImageObject\",\"inLanguage\":\"es\",\"@id\":\"https:\\\/\\\/gavri-src.addisnetwork.es\\\/blog\\\/empresas-profesionales-por-que-ofrecer-ventiladores-de-techo-clientes.html#primaryimage\",\"url\":\"https:\\\/\\\/gavri-src.addisnetwork.es\\\/blog\\\/wp-content\\\/uploads\\\/2022\\\/11\\\/Empresas-y-profesionales-por-que-ofrecer-ventiladores-de-techo-a-tus-clientes.jpg\",\"contentUrl\":\"https:\\\/\\\/gavri-src.addisnetwork.es\\\/blog\\\/wp-content\\\/uploads\\\/2022\\\/11\\\/Empresas-y-profesionales-por-que-ofrecer-ventiladores-de-techo-a-tus-clientes.jpg\",\"width\":1867,\"height\":1244,\"caption\":\"Empresas y profesionales \u00bfpor qu\u00e9 ofrecer ventiladores de techo a tus clientes?\"},{\"@type\":\"BreadcrumbList\",\"@id\":\"https:\\\/\\\/gavri-src.addisnetwork.es\\\/blog\\\/empresas-profesionales-por-que-ofrecer-ventiladores-de-techo-clientes.html#breadcrumb\",\"itemListElement\":[{\"@type\":\"ListItem\",\"position\":1,\"name\":\"Portada\",\"item\":\"https:\\\/\\\/gavri-src.addisnetwork.es\\\/blog\"},{\"@type\":\"ListItem\",\"position\":2,\"name\":\"Empresas y profesionales \u00bfpor qu\u00e9 ofrecer ventiladores de techo a tus clientes?\"}]},{\"@type\":\"WebSite\",\"@id\":\"https:\\\/\\\/gavri-src.addisnetwork.es\\\/blog\\\/#website\",\"url\":\"https:\\\/\\\/gavri-src.addisnetwork.es\\\/blog\\\/\",\"name\":\"Blog de Gavri.es\",\"description\":\"Blog de Gavri.es\",\"publisher\":{\"@id\":\"https:\\\/\\\/gavri-src.addisnetwork.es\\\/blog\\\/#organization\"},\"potentialAction\":[{\"@type\":\"SearchAction\",\"target\":{\"@type\":\"EntryPoint\",\"urlTemplate\":\"https:\\\/\\\/gavri-src.addisnetwork.es\\\/blog\\\/?s={search_term_string}\"},\"query-input\":{\"@type\":\"PropertyValueSpecification\",\"valueRequired\":true,\"valueName\":\"search_term_string\"}}],\"inLanguage\":\"es\"},{\"@type\":\"Organization\",\"@id\":\"https:\\\/\\\/gavri-src.addisnetwork.es\\\/blog\\\/#organization\",\"name\":\"Blog de Gavri.es\",\"url\":\"https:\\\/\\\/gavri-src.addisnetwork.es\\\/blog\\\/\",\"logo\":{\"@type\":\"ImageObject\",\"inLanguage\":\"es\",\"@id\":\"https:\\\/\\\/gavri-src.addisnetwork.es\\\/blog\\\/#\\\/schema\\\/logo\\\/image\\\/\",\"url\":\"https:\\\/\\\/gavri-src.addisnetwork.es\\\/blog\\\/wp-content\\\/uploads\\\/2021\\\/01\\\/cropped-LOGO-gavries-blog-1.png\",\"contentUrl\":\"https:\\\/\\\/gavri-src.addisnetwork.es\\\/blog\\\/wp-content\\\/uploads\\\/2021\\\/01\\\/cropped-LOGO-gavries-blog-1.png\",\"width\":520,\"height\":104,\"caption\":\"Blog de Gavri.es\"},\"image\":{\"@id\":\"https:\\\/\\\/gavri-src.addisnetwork.es\\\/blog\\\/#\\\/schema\\\/logo\\\/image\\\/\"}},{\"@type\":\"Person\",\"@id\":\"https:\\\/\\\/gavri-src.addisnetwork.es\\\/blog\\\/#\\\/schema\\\/person\\\/587329a98b34cfdbbfd1e7fbe7b65296\",\"name\":\"T\u00e9cnico Gavri\",\"image\":{\"@type\":\"ImageObject\",\"inLanguage\":\"es\",\"@id\":\"https:\\\/\\\/secure.gravatar.com\\\/avatar\\\/05be1fcb2076939c113859ec2cf09bc4b6b366950c2e7c2d51962780ab5e6d80?s=96&d=mm&r=g\",\"url\":\"https:\\\/\\\/secure.gravatar.com\\\/avatar\\\/05be1fcb2076939c113859ec2cf09bc4b6b366950c2e7c2d51962780ab5e6d80?s=96&d=mm&r=g\",\"contentUrl\":\"https:\\\/\\\/secure.gravatar.com\\\/avatar\\\/05be1fcb2076939c113859ec2cf09bc4b6b366950c2e7c2d51962780ab5e6d80?s=96&d=mm&r=g\",\"caption\":\"T\u00e9cnico Gavri\"}}]}<\/script>\n<!-- \/ Yoast SEO plugin. -->","yoast_head_json":{"title":"Empresas y profesionales \u00bfpor qu\u00e9 ofrecer ventiladores de techo a tus clientes?","description":"\u00bfTodav\u00eda no conoces el servicio de distribuci\u00f3n de ventiladores de techo para profesionales? \u00a1Descubre toda la informaci\u00f3n en Gavri!","robots":{"index":"index","follow":"follow","max-snippet":"max-snippet:-1","max-image-preview":"max-image-preview:large","max-video-preview":"max-video-preview:-1"},"canonical":"https:\/\/gavri-src.addisnetwork.es\/blog\/empresas-profesionales-por-que-ofrecer-ventiladores-de-techo-clientes.html","og_locale":"es_ES","og_type":"article","og_title":"Empresas y profesionales \u00bfpor qu\u00e9 ofrecer ventiladores de techo a tus clientes?","og_description":"\u00bfTodav\u00eda no conoces el servicio de distribuci\u00f3n de ventiladores de techo para profesionales? \u00a1Descubre toda la informaci\u00f3n en Gavri!","og_url":"https:\/\/gavri-src.addisnetwork.es\/blog\/empresas-profesionales-por-que-ofrecer-ventiladores-de-techo-clientes.html","og_site_name":"Blog de Gavri.es","article_published_time":"2022-11-23T10:16:09+00:00","article_modified_time":"2022-11-23T10:16:10+00:00","og_image":[{"width":1867,"height":1244,"url":"https:\/\/gavri-src.addisnetwork.es\/blog\/wp-content\/uploads\/2022\/11\/Empresas-y-profesionales-por-que-ofrecer-ventiladores-de-techo-a-tus-clientes.jpg","type":"image\/jpeg"}],"author":"T\u00e9cnico Gavri","twitter_card":"summary_large_image","twitter_misc":{"Escrito por":"T\u00e9cnico Gavri","Tiempo de lectura":"3 minutos"},"schema":{"@context":"https:\/\/schema.org","@graph":[{"@type":"Article","@id":"https:\/\/gavri-src.addisnetwork.es\/blog\/empresas-profesionales-por-que-ofrecer-ventiladores-de-techo-clientes.html#article","isPartOf":{"@id":"https:\/\/gavri-src.addisnetwork.es\/blog\/empresas-profesionales-por-que-ofrecer-ventiladores-de-techo-clientes.html"},"author":{"name":"T\u00e9cnico Gavri","@id":"https:\/\/gavri-src.addisnetwork.es\/blog\/#\/schema\/person\/587329a98b34cfdbbfd1e7fbe7b65296"},"headline":"Empresas y profesionales \u00bfpor qu\u00e9 ofrecer ventiladores de techo a tus clientes?","datePublished":"2022-11-23T10:16:09+00:00","dateModified":"2022-11-23T10:16:10+00:00","mainEntityOfPage":{"@id":"https:\/\/gavri-src.addisnetwork.es\/blog\/empresas-profesionales-por-que-ofrecer-ventiladores-de-techo-clientes.html"},"wordCount":543,"commentCount":0,"publisher":{"@id":"https:\/\/gavri-src.addisnetwork.es\/blog\/#organization"},"image":{"@id":"https:\/\/gavri-src.addisnetwork.es\/blog\/empresas-profesionales-por-que-ofrecer-ventiladores-de-techo-clientes.html#primaryimage"},"thumbnailUrl":"https:\/\/gavri-src.addisnetwork.es\/blog\/wp-content\/uploads\/2022\/11\/Empresas-y-profesionales-por-que-ofrecer-ventiladores-de-techo-a-tus-clientes.jpg","keywords":["hogar","ventilacion","ventiladores","ventiladores de techo"],"articleSection":["Ventiladores de techo"],"inLanguage":"es","potentialAction":[{"@type":"CommentAction","name":"Comment","target":["https:\/\/gavri-src.addisnetwork.es\/blog\/empresas-profesionales-por-que-ofrecer-ventiladores-de-techo-clientes.html#respond"]}]},{"@type":"WebPage","@id":"https:\/\/gavri-src.addisnetwork.es\/blog\/empresas-profesionales-por-que-ofrecer-ventiladores-de-techo-clientes.html","url":"https:\/\/gavri-src.addisnetwork.es\/blog\/empresas-profesionales-por-que-ofrecer-ventiladores-de-techo-clientes.html","name":"Empresas y profesionales \u00bfpor qu\u00e9 ofrecer ventiladores de techo a tus clientes?","isPartOf":{"@id":"https:\/\/gavri-src.addisnetwork.es\/blog\/#website"},"primaryImageOfPage":{"@id":"https:\/\/gavri-src.addisnetwork.es\/blog\/empresas-profesionales-por-que-ofrecer-ventiladores-de-techo-clientes.html#primaryimage"},"image":{"@id":"https:\/\/gavri-src.addisnetwork.es\/blog\/empresas-profesionales-por-que-ofrecer-ventiladores-de-techo-clientes.html#primaryimage"},"thumbnailUrl":"https:\/\/gavri-src.addisnetwork.es\/blog\/wp-content\/uploads\/2022\/11\/Empresas-y-profesionales-por-que-ofrecer-ventiladores-de-techo-a-tus-clientes.jpg","datePublished":"2022-11-23T10:16:09+00:00","dateModified":"2022-11-23T10:16:10+00:00","description":"\u00bfTodav\u00eda no conoces el servicio de distribuci\u00f3n de ventiladores de techo para profesionales? \u00a1Descubre toda la informaci\u00f3n en Gavri!","breadcrumb":{"@id":"https:\/\/gavri-src.addisnetwork.es\/blog\/empresas-profesionales-por-que-ofrecer-ventiladores-de-techo-clientes.html#breadcrumb"},"inLanguage":"es","potentialAction":[{"@type":"ReadAction","target":["https:\/\/gavri-src.addisnetwork.es\/blog\/empresas-profesionales-por-que-ofrecer-ventiladores-de-techo-clientes.html"]}]},{"@type":"ImageObject","inLanguage":"es","@id":"https:\/\/gavri-src.addisnetwork.es\/blog\/empresas-profesionales-por-que-ofrecer-ventiladores-de-techo-clientes.html#primaryimage","url":"https:\/\/gavri-src.addisnetwork.es\/blog\/wp-content\/uploads\/2022\/11\/Empresas-y-profesionales-por-que-ofrecer-ventiladores-de-techo-a-tus-clientes.jpg","contentUrl":"https:\/\/gavri-src.addisnetwork.es\/blog\/wp-content\/uploads\/2022\/11\/Empresas-y-profesionales-por-que-ofrecer-ventiladores-de-techo-a-tus-clientes.jpg","width":1867,"height":1244,"caption":"Empresas y profesionales \u00bfpor qu\u00e9 ofrecer ventiladores de techo a tus clientes?"},{"@type":"BreadcrumbList","@id":"https:\/\/gavri-src.addisnetwork.es\/blog\/empresas-profesionales-por-que-ofrecer-ventiladores-de-techo-clientes.html#breadcrumb","itemListElement":[{"@type":"ListItem","position":1,"name":"Portada","item":"https:\/\/gavri-src.addisnetwork.es\/blog"},{"@type":"ListItem","position":2,"name":"Empresas y profesionales \u00bfpor qu\u00e9 ofrecer ventiladores de techo a tus clientes?"}]},{"@type":"WebSite","@id":"https:\/\/gavri-src.addisnetwork.es\/blog\/#website","url":"https:\/\/gavri-src.addisnetwork.es\/blog\/","name":"Blog de Gavri.es","description":"Blog de Gavri.es","publisher":{"@id":"https:\/\/gavri-src.addisnetwork.es\/blog\/#organization"},"potentialAction":[{"@type":"SearchAction","target":{"@type":"EntryPoint","urlTemplate":"https:\/\/gavri-src.addisnetwork.es\/blog\/?s={search_term_string}"},"query-input":{"@type":"PropertyValueSpecification","valueRequired":true,"valueName":"search_term_string"}}],"inLanguage":"es"},{"@type":"Organization","@id":"https:\/\/gavri-src.addisnetwork.es\/blog\/#organization","name":"Blog de Gavri.es","url":"https:\/\/gavri-src.addisnetwork.es\/blog\/","logo":{"@type":"ImageObject","inLanguage":"es","@id":"https:\/\/gavri-src.addisnetwork.es\/blog\/#\/schema\/logo\/image\/","url":"https:\/\/gavri-src.addisnetwork.es\/blog\/wp-content\/uploads\/2021\/01\/cropped-LOGO-gavries-blog-1.png","contentUrl":"https:\/\/gavri-src.addisnetwork.es\/blog\/wp-content\/uploads\/2021\/01\/cropped-LOGO-gavries-blog-1.png","width":520,"height":104,"caption":"Blog de Gavri.es"},"image":{"@id":"https:\/\/gavri-src.addisnetwork.es\/blog\/#\/schema\/logo\/image\/"}},{"@type":"Person","@id":"https:\/\/gavri-src.addisnetwork.es\/blog\/#\/schema\/person\/587329a98b34cfdbbfd1e7fbe7b65296","name":"T\u00e9cnico Gavri","image":{"@type":"ImageObject","inLanguage":"es","@id":"https:\/\/secure.gravatar.com\/avatar\/05be1fcb2076939c113859ec2cf09bc4b6b366950c2e7c2d51962780ab5e6d80?s=96&d=mm&r=g","url":"https:\/\/secure.gravatar.com\/avatar\/05be1fcb2076939c113859ec2cf09bc4b6b366950c2e7c2d51962780ab5e6d80?s=96&d=mm&r=g","contentUrl":"https:\/\/secure.gravatar.com\/avatar\/05be1fcb2076939c113859ec2cf09bc4b6b366950c2e7c2d51962780ab5e6d80?s=96&d=mm&r=g","caption":"T\u00e9cnico Gavri"}}]}},"_links":{"self":[{"href":"https:\/\/gavri-src.addisnetwork.es\/blog\/wp-json\/wp\/v2\/posts\/738","targetHints":{"allow":["GET"]}}],"collection":[{"href":"https:\/\/gavri-src.addisnetwork.es\/blog\/wp-json\/wp\/v2\/posts"}],"about":[{"href":"https:\/\/gavri-src.addisnetwork.es\/blog\/wp-json\/wp\/v2\/types\/post"}],"author":[{"embeddable":true,"href":"https:\/\/gavri-src.addisnetwork.es\/blog\/wp-json\/wp\/v2\/users\/2"}],"replies":[{"embeddable":true,"href":"https:\/\/gavri-src.addisnetwork.es\/blog\/wp-json\/wp\/v2\/comments?post=738"}],"version-history":[{"count":1,"href":"https:\/\/gavri-src.addisnetwork.es\/blog\/wp-json\/wp\/v2\/posts\/738\/revisions"}],"predecessor-version":[{"id":740,"href":"https:\/\/gavri-src.addisnetwork.es\/blog\/wp-json\/wp\/v2\/posts\/738\/revisions\/740"}],"wp:featuredmedia":[{"embeddable":true,"href":"https:\/\/gavri-src.addisnetwork.es\/blog\/wp-json\/wp\/v2\/media\/739"}],"wp:attachment":[{"href":"https:\/\/gavri-src.addisnetwork.es\/blog\/wp-json\/wp\/v2\/media?parent=738"}],"wp:term":[{"taxonomy":"category","embeddable":true,"href":"https:\/\/gavri-src.addisnetwork.es\/blog\/wp-json\/wp\/v2\/categories?post=738"},{"taxonomy":"post_tag","embeddable":true,"href":"https:\/\/gavri-src.addisnetwork.es\/blog\/wp-json\/wp\/v2\/tags?post=738"}],"curies":[{"name":"wp","href":"https:\/\/api.w.org\/{rel}","templated":true}]}}