{"id":74,"date":"2020-12-19T18:55:00","date_gmt":"2020-12-19T18:55:00","guid":{"rendered":"https:\/\/gavri.ivansol.com\/blog\/?p=74"},"modified":"2021-04-30T14:37:20","modified_gmt":"2021-04-30T14:37:20","slug":"donde-no-montar-un-ventilador-de-techo-b74","status":"publish","type":"post","link":"https:\/\/gavri-src.addisnetwork.es\/blog\/donde-no-montar-un-ventilador-de-techo-b74.html","title":{"rendered":"D\u00f3nde NO montar un ventilador de techo"},"content":{"rendered":"\n<p>La mayor\u00eda de nosotros qu\u00e9 pensamos en poner un <span style=\"text-decoration: underline;\"><a href=\"https:\/\/www.lavozdeasturias.es\/noticia\/actualidad\/2018\/04\/19\/mejores-ventiladores-techo\/00031524153455275719509.htm\" target=\"_blank\" rel=\"noreferrer noopener nofollow\">ventilador de techo <\/a><\/span>en habitaciones cerradas, locales comerciales o incluso en almacenes o naves. Incluso se pueden llegar a poner en exteriores como terrazas o patios (por ello disponemos de nuestras l\u00ednea de ventiladores de techo resistentes al gua).<\/p>\n\n\n\n<p>Aun as\u00ed hay mucha hay lugares en los que NO deber\u00edamos de ponerlos ya que el propio lugar podr\u00eda da\u00f1ar al ventilador e incluso provocar accidentes, especialmente los ventiladores de techo hechos de materiales pl\u00e1sticos. Este marial es altamente resistente y duradero, pero no son indestructibles y tienen un enemigo: en este caso es el sol.<\/p>\n\n\n\n<h2 class=\"wp-block-heading\"><span style=\"color: #3498db;\">\u00a1Cuidado con el sol!<\/span><\/h2>\n\n\n\n<p>Pongamos un ejemplo: <em>tengo un precioso cobertizo con un techo de cristal (como por ejemplo en la foto). En verano, el sol pega muy fuerte (especialmente en un pa\u00eds como Espa\u00f1a) y como es un espacio semi-abierto no le puedo poner aire acondicionado. Le pongo un ventilador de techo arriba de todo. <\/em><\/p>\n\n\n\n<figure class=\"wp-block-image\"><img decoding=\"async\" src=\"https:\/\/gavri.es\/img\/cms\/Blog\/ventilador-techo-para-cobertizo.jpg\" alt=\"cobertizo para ventiladores de techo inflamables\"\/><\/figure>\n\n\n\n<p>Si sumamos <span style=\"text-decoration: underline;\"><a href=\"https:\/\/decofilia.com\/blog\/ventiladores-de-techo-modernos\/\" target=\"_blank\" rel=\"noreferrer noopener nofollow\">alta temperaturas del verano<\/a><\/span>, con el cristal y la falta de aire en espacio tenemos como resultado un ventilador cuyas aspas probablemente acaben derretidas o perjudicadas.<\/p>\n\n\n\n<p>La mayor\u00eda de nuestros ventiladores de techo est\u00e1n hechos con aspas de madera contrachapada o incluso natural, aun as\u00ed modelos como el AireRyder Loft Series o el CasaFan Mirage usan este material.<\/p>\n\n\n\n<h2 class=\"wp-block-heading\"><span style=\"color: #3498db;\">El problema del pl\u00e1stico o los ventiladores de mala calidad<\/span><\/h2>\n\n\n\n<p>La calidad del material utilizado juega un papel importante porque hay varios pl\u00e1sticos con diferentes durezas y propiedades. Puede ser policarbonato, ABS, resina, etc. Desde GAVRI.es te recomendamos optar por materiales como la madera, que adem\u00e1s de resistir altas temperaturas, decoran la habitaci\u00f3n y dan un agradable estilo al espacio.<\/p>\n\n\n\n<h2 class=\"wp-block-heading\"><span style=\"color: #3498db;\">Ventajas e inconvenientes de las aspas de pl\u00e1stico<\/span><\/h2>\n\n\n\n<p>Sin embargo, si quieres comprar un ventilador con aspas de pl\u00e1stico, no hay necesidad de preocuparse por este material. Los materiales pl\u00e1sticos son duraderos, resistentes a golpes y pesan poco. Son extremadamente resistentes a la humedad y s\u00f3lidos. Tambi\u00e9n est\u00e1n indicados para espacios en los que se busca un silencio absoluta (como te habl\u00e1bamos en <span style=\"text-decoration: underline;\"><a href=\"https:\/\/gavri.es\/blog\/buscas-un-ventilador-de-techo-ultra-silencioso-b72.html\" target=\"_blank\" rel=\"noopener\">este post)<\/a><\/span>.<\/p>\n\n\n\n<p>Como te hemos mencionado anteriormente, el material del ventilador y d\u00f3nde lo vayas a colocar es algo que debes tener en cuenta. Sin embargo, en GAVRI.es tenemos un gran cantidad de ventiladores con todo tipo de materiales: acero, aluminio, madera natural o procesada, pl\u00e1stico, hacer inoxidable, etc. \u00a1\u00c9chale un <span style=\"text-decoration: underline;\"><a href=\"https:\/\/gavri.es\/ventiladores-de-techo\" target=\"_blank\" rel=\"noopener\">vistazo a nuestra web<\/a><\/span>! Y si tienes cualquier duda ponte en contacto con nuestro servicio de asistencia o por medio de correo.<\/p>\n","protected":false},"excerpt":{"rendered":"<p>La mayor\u00eda de nosotros qu\u00e9 pensamos en poner un ventilador de techo en habitaciones cerradas, locales comerciales o incluso en almacenes o naves. Incluso se pueden llegar a poner en exteriores como terrazas o patios (por &#8230; <a title=\"D\u00f3nde NO montar un ventilador de techo\" class=\"read-more\" href=\"https:\/\/gavri-src.addisnetwork.es\/blog\/donde-no-montar-un-ventilador-de-techo-b74.html\" aria-label=\"M\u00e1s en D\u00f3nde NO montar un ventilador de techo\">Leer m\u00e1s<\/a><\/p>\n","protected":false},"author":1,"featured_media":176,"comment_status":"open","ping_status":"closed","sticky":false,"template":"","format":"standard","meta":{"footnotes":""},"categories":[1],"tags":[],"class_list":["post-74","post","type-post","status-publish","format-standard","has-post-thumbnail","hentry","category-sin-categoria","generate-columns","tablet-grid-50","mobile-grid-100","grid-parent","grid-50","no-featured-image-padding"],"yoast_head":"<!-- This site is optimized with the Yoast SEO plugin v27.5 - https:\/\/yoast.com\/product\/yoast-seo-wordpress\/ -->\n<title>D\u00f3nde NO montar un ventilador de techo - Blog de Gavri.es<\/title>\n<meta name=\"description\" content=\"En terrazas sin un techo firme o en porches poco estables no deber\u00eda de ponerse un ventilador de techo. Te contamos el porqu\u00e9.\" \/>\n<meta name=\"robots\" content=\"index, follow, max-snippet:-1, max-image-preview:large, max-video-preview:-1\" \/>\n<link rel=\"canonical\" href=\"https:\/\/gavri-src.addisnetwork.es\/blog\/donde-no-montar-un-ventilador-de-techo-b74.html\" \/>\n<meta property=\"og:locale\" content=\"es_ES\" \/>\n<meta property=\"og:type\" content=\"article\" \/>\n<meta property=\"og:title\" content=\"D\u00f3nde NO montar un ventilador de techo - Blog de Gavri.es\" \/>\n<meta property=\"og:description\" content=\"En terrazas sin un techo firme o en porches poco estables no deber\u00eda de ponerse un ventilador de techo. Te contamos el porqu\u00e9.\" \/>\n<meta property=\"og:url\" content=\"https:\/\/gavri-src.addisnetwork.es\/blog\/donde-no-montar-un-ventilador-de-techo-b74.html\" \/>\n<meta property=\"og:site_name\" content=\"Blog de Gavri.es\" \/>\n<meta property=\"article:published_time\" content=\"2020-12-19T18:55:00+00:00\" \/>\n<meta property=\"article:modified_time\" content=\"2021-04-30T14:37:20+00:00\" \/>\n<meta property=\"og:image\" content=\"https:\/\/gavri-src.addisnetwork.es\/blog\/wp-content\/uploads\/2020\/12\/lg-b-donde-no-poner-ventilador-de-techo.jpg\" \/>\n\t<meta property=\"og:image:width\" content=\"1900\" \/>\n\t<meta property=\"og:image:height\" content=\"781\" \/>\n\t<meta property=\"og:image:type\" content=\"image\/jpeg\" \/>\n<meta name=\"author\" content=\"Gavri\" \/>\n<meta name=\"twitter:card\" content=\"summary_large_image\" \/>\n<meta name=\"twitter:label1\" content=\"Escrito por\" \/>\n\t<meta name=\"twitter:data1\" content=\"Gavri\" \/>\n\t<meta name=\"twitter:label2\" content=\"Tiempo de lectura\" \/>\n\t<meta name=\"twitter:data2\" content=\"3 minutos\" \/>\n<script type=\"application\/ld+json\" class=\"yoast-schema-graph\">{\"@context\":\"https:\\\/\\\/schema.org\",\"@graph\":[{\"@type\":\"Article\",\"@id\":\"https:\\\/\\\/gavri-src.addisnetwork.es\\\/blog\\\/donde-no-montar-un-ventilador-de-techo-b74.html#article\",\"isPartOf\":{\"@id\":\"https:\\\/\\\/gavri-src.addisnetwork.es\\\/blog\\\/donde-no-montar-un-ventilador-de-techo-b74.html\"},\"author\":{\"name\":\"Gavri\",\"@id\":\"https:\\\/\\\/gavri-src.addisnetwork.es\\\/blog\\\/#\\\/schema\\\/person\\\/3df0699bd314187860df00e3b73fbf75\"},\"headline\":\"D\u00f3nde NO montar un ventilador de techo\",\"datePublished\":\"2020-12-19T18:55:00+00:00\",\"dateModified\":\"2021-04-30T14:37:20+00:00\",\"mainEntityOfPage\":{\"@id\":\"https:\\\/\\\/gavri-src.addisnetwork.es\\\/blog\\\/donde-no-montar-un-ventilador-de-techo-b74.html\"},\"wordCount\":449,\"commentCount\":0,\"publisher\":{\"@id\":\"https:\\\/\\\/gavri-src.addisnetwork.es\\\/blog\\\/#organization\"},\"image\":{\"@id\":\"https:\\\/\\\/gavri-src.addisnetwork.es\\\/blog\\\/donde-no-montar-un-ventilador-de-techo-b74.html#primaryimage\"},\"thumbnailUrl\":\"https:\\\/\\\/gavri-src.addisnetwork.es\\\/blog\\\/wp-content\\\/uploads\\\/2020\\\/12\\\/lg-b-donde-no-poner-ventilador-de-techo.jpg\",\"inLanguage\":\"es\",\"potentialAction\":[{\"@type\":\"CommentAction\",\"name\":\"Comment\",\"target\":[\"https:\\\/\\\/gavri-src.addisnetwork.es\\\/blog\\\/donde-no-montar-un-ventilador-de-techo-b74.html#respond\"]}]},{\"@type\":\"WebPage\",\"@id\":\"https:\\\/\\\/gavri-src.addisnetwork.es\\\/blog\\\/donde-no-montar-un-ventilador-de-techo-b74.html\",\"url\":\"https:\\\/\\\/gavri-src.addisnetwork.es\\\/blog\\\/donde-no-montar-un-ventilador-de-techo-b74.html\",\"name\":\"D\u00f3nde NO montar un ventilador de techo - Blog de Gavri.es\",\"isPartOf\":{\"@id\":\"https:\\\/\\\/gavri-src.addisnetwork.es\\\/blog\\\/#website\"},\"primaryImageOfPage\":{\"@id\":\"https:\\\/\\\/gavri-src.addisnetwork.es\\\/blog\\\/donde-no-montar-un-ventilador-de-techo-b74.html#primaryimage\"},\"image\":{\"@id\":\"https:\\\/\\\/gavri-src.addisnetwork.es\\\/blog\\\/donde-no-montar-un-ventilador-de-techo-b74.html#primaryimage\"},\"thumbnailUrl\":\"https:\\\/\\\/gavri-src.addisnetwork.es\\\/blog\\\/wp-content\\\/uploads\\\/2020\\\/12\\\/lg-b-donde-no-poner-ventilador-de-techo.jpg\",\"datePublished\":\"2020-12-19T18:55:00+00:00\",\"dateModified\":\"2021-04-30T14:37:20+00:00\",\"description\":\"En terrazas sin un techo firme o en porches poco estables no deber\u00eda de ponerse un ventilador de techo. Te contamos el porqu\u00e9.\",\"breadcrumb\":{\"@id\":\"https:\\\/\\\/gavri-src.addisnetwork.es\\\/blog\\\/donde-no-montar-un-ventilador-de-techo-b74.html#breadcrumb\"},\"inLanguage\":\"es\",\"potentialAction\":[{\"@type\":\"ReadAction\",\"target\":[\"https:\\\/\\\/gavri-src.addisnetwork.es\\\/blog\\\/donde-no-montar-un-ventilador-de-techo-b74.html\"]}]},{\"@type\":\"ImageObject\",\"inLanguage\":\"es\",\"@id\":\"https:\\\/\\\/gavri-src.addisnetwork.es\\\/blog\\\/donde-no-montar-un-ventilador-de-techo-b74.html#primaryimage\",\"url\":\"https:\\\/\\\/gavri-src.addisnetwork.es\\\/blog\\\/wp-content\\\/uploads\\\/2020\\\/12\\\/lg-b-donde-no-poner-ventilador-de-techo.jpg\",\"contentUrl\":\"https:\\\/\\\/gavri-src.addisnetwork.es\\\/blog\\\/wp-content\\\/uploads\\\/2020\\\/12\\\/lg-b-donde-no-poner-ventilador-de-techo.jpg\",\"width\":1900,\"height\":781},{\"@type\":\"BreadcrumbList\",\"@id\":\"https:\\\/\\\/gavri-src.addisnetwork.es\\\/blog\\\/donde-no-montar-un-ventilador-de-techo-b74.html#breadcrumb\",\"itemListElement\":[{\"@type\":\"ListItem\",\"position\":1,\"name\":\"Portada\",\"item\":\"https:\\\/\\\/gavri-src.addisnetwork.es\\\/blog\"},{\"@type\":\"ListItem\",\"position\":2,\"name\":\"D\u00f3nde NO montar un ventilador de techo\"}]},{\"@type\":\"WebSite\",\"@id\":\"https:\\\/\\\/gavri-src.addisnetwork.es\\\/blog\\\/#website\",\"url\":\"https:\\\/\\\/gavri-src.addisnetwork.es\\\/blog\\\/\",\"name\":\"Blog de Gavri.es\",\"description\":\"Blog de Gavri.es\",\"publisher\":{\"@id\":\"https:\\\/\\\/gavri-src.addisnetwork.es\\\/blog\\\/#organization\"},\"potentialAction\":[{\"@type\":\"SearchAction\",\"target\":{\"@type\":\"EntryPoint\",\"urlTemplate\":\"https:\\\/\\\/gavri-src.addisnetwork.es\\\/blog\\\/?s={search_term_string}\"},\"query-input\":{\"@type\":\"PropertyValueSpecification\",\"valueRequired\":true,\"valueName\":\"search_term_string\"}}],\"inLanguage\":\"es\"},{\"@type\":\"Organization\",\"@id\":\"https:\\\/\\\/gavri-src.addisnetwork.es\\\/blog\\\/#organization\",\"name\":\"Blog de Gavri.es\",\"url\":\"https:\\\/\\\/gavri-src.addisnetwork.es\\\/blog\\\/\",\"logo\":{\"@type\":\"ImageObject\",\"inLanguage\":\"es\",\"@id\":\"https:\\\/\\\/gavri-src.addisnetwork.es\\\/blog\\\/#\\\/schema\\\/logo\\\/image\\\/\",\"url\":\"https:\\\/\\\/gavri-src.addisnetwork.es\\\/blog\\\/wp-content\\\/uploads\\\/2021\\\/01\\\/cropped-LOGO-gavries-blog-1.png\",\"contentUrl\":\"https:\\\/\\\/gavri-src.addisnetwork.es\\\/blog\\\/wp-content\\\/uploads\\\/2021\\\/01\\\/cropped-LOGO-gavries-blog-1.png\",\"width\":520,\"height\":104,\"caption\":\"Blog de Gavri.es\"},\"image\":{\"@id\":\"https:\\\/\\\/gavri-src.addisnetwork.es\\\/blog\\\/#\\\/schema\\\/logo\\\/image\\\/\"}},{\"@type\":\"Person\",\"@id\":\"https:\\\/\\\/gavri-src.addisnetwork.es\\\/blog\\\/#\\\/schema\\\/person\\\/3df0699bd314187860df00e3b73fbf75\",\"name\":\"Gavri\",\"image\":{\"@type\":\"ImageObject\",\"inLanguage\":\"es\",\"@id\":\"https:\\\/\\\/secure.gravatar.com\\\/avatar\\\/6fc6afbbb919cee1ae64c74ed55bf75da72aade68e84f27c0a3a05bd98ccf2a0?s=96&d=mm&r=g\",\"url\":\"https:\\\/\\\/secure.gravatar.com\\\/avatar\\\/6fc6afbbb919cee1ae64c74ed55bf75da72aade68e84f27c0a3a05bd98ccf2a0?s=96&d=mm&r=g\",\"contentUrl\":\"https:\\\/\\\/secure.gravatar.com\\\/avatar\\\/6fc6afbbb919cee1ae64c74ed55bf75da72aade68e84f27c0a3a05bd98ccf2a0?s=96&d=mm&r=g\",\"caption\":\"Gavri\"},\"sameAs\":[\"https:\\\/\\\/gavri.es\\\/blog\"]}]}<\/script>\n<!-- \/ Yoast SEO plugin. -->","yoast_head_json":{"title":"D\u00f3nde NO montar un ventilador de techo - Blog de Gavri.es","description":"En terrazas sin un techo firme o en porches poco estables no deber\u00eda de ponerse un ventilador de techo. Te contamos el porqu\u00e9.","robots":{"index":"index","follow":"follow","max-snippet":"max-snippet:-1","max-image-preview":"max-image-preview:large","max-video-preview":"max-video-preview:-1"},"canonical":"https:\/\/gavri-src.addisnetwork.es\/blog\/donde-no-montar-un-ventilador-de-techo-b74.html","og_locale":"es_ES","og_type":"article","og_title":"D\u00f3nde NO montar un ventilador de techo - Blog de Gavri.es","og_description":"En terrazas sin un techo firme o en porches poco estables no deber\u00eda de ponerse un ventilador de techo. Te contamos el porqu\u00e9.","og_url":"https:\/\/gavri-src.addisnetwork.es\/blog\/donde-no-montar-un-ventilador-de-techo-b74.html","og_site_name":"Blog de Gavri.es","article_published_time":"2020-12-19T18:55:00+00:00","article_modified_time":"2021-04-30T14:37:20+00:00","og_image":[{"width":1900,"height":781,"url":"https:\/\/gavri-src.addisnetwork.es\/blog\/wp-content\/uploads\/2020\/12\/lg-b-donde-no-poner-ventilador-de-techo.jpg","type":"image\/jpeg"}],"author":"Gavri","twitter_card":"summary_large_image","twitter_misc":{"Escrito por":"Gavri","Tiempo de lectura":"3 minutos"},"schema":{"@context":"https:\/\/schema.org","@graph":[{"@type":"Article","@id":"https:\/\/gavri-src.addisnetwork.es\/blog\/donde-no-montar-un-ventilador-de-techo-b74.html#article","isPartOf":{"@id":"https:\/\/gavri-src.addisnetwork.es\/blog\/donde-no-montar-un-ventilador-de-techo-b74.html"},"author":{"name":"Gavri","@id":"https:\/\/gavri-src.addisnetwork.es\/blog\/#\/schema\/person\/3df0699bd314187860df00e3b73fbf75"},"headline":"D\u00f3nde NO montar un ventilador de techo","datePublished":"2020-12-19T18:55:00+00:00","dateModified":"2021-04-30T14:37:20+00:00","mainEntityOfPage":{"@id":"https:\/\/gavri-src.addisnetwork.es\/blog\/donde-no-montar-un-ventilador-de-techo-b74.html"},"wordCount":449,"commentCount":0,"publisher":{"@id":"https:\/\/gavri-src.addisnetwork.es\/blog\/#organization"},"image":{"@id":"https:\/\/gavri-src.addisnetwork.es\/blog\/donde-no-montar-un-ventilador-de-techo-b74.html#primaryimage"},"thumbnailUrl":"https:\/\/gavri-src.addisnetwork.es\/blog\/wp-content\/uploads\/2020\/12\/lg-b-donde-no-poner-ventilador-de-techo.jpg","inLanguage":"es","potentialAction":[{"@type":"CommentAction","name":"Comment","target":["https:\/\/gavri-src.addisnetwork.es\/blog\/donde-no-montar-un-ventilador-de-techo-b74.html#respond"]}]},{"@type":"WebPage","@id":"https:\/\/gavri-src.addisnetwork.es\/blog\/donde-no-montar-un-ventilador-de-techo-b74.html","url":"https:\/\/gavri-src.addisnetwork.es\/blog\/donde-no-montar-un-ventilador-de-techo-b74.html","name":"D\u00f3nde NO montar un ventilador de techo - Blog de Gavri.es","isPartOf":{"@id":"https:\/\/gavri-src.addisnetwork.es\/blog\/#website"},"primaryImageOfPage":{"@id":"https:\/\/gavri-src.addisnetwork.es\/blog\/donde-no-montar-un-ventilador-de-techo-b74.html#primaryimage"},"image":{"@id":"https:\/\/gavri-src.addisnetwork.es\/blog\/donde-no-montar-un-ventilador-de-techo-b74.html#primaryimage"},"thumbnailUrl":"https:\/\/gavri-src.addisnetwork.es\/blog\/wp-content\/uploads\/2020\/12\/lg-b-donde-no-poner-ventilador-de-techo.jpg","datePublished":"2020-12-19T18:55:00+00:00","dateModified":"2021-04-30T14:37:20+00:00","description":"En terrazas sin un techo firme o en porches poco estables no deber\u00eda de ponerse un ventilador de techo. Te contamos el porqu\u00e9.","breadcrumb":{"@id":"https:\/\/gavri-src.addisnetwork.es\/blog\/donde-no-montar-un-ventilador-de-techo-b74.html#breadcrumb"},"inLanguage":"es","potentialAction":[{"@type":"ReadAction","target":["https:\/\/gavri-src.addisnetwork.es\/blog\/donde-no-montar-un-ventilador-de-techo-b74.html"]}]},{"@type":"ImageObject","inLanguage":"es","@id":"https:\/\/gavri-src.addisnetwork.es\/blog\/donde-no-montar-un-ventilador-de-techo-b74.html#primaryimage","url":"https:\/\/gavri-src.addisnetwork.es\/blog\/wp-content\/uploads\/2020\/12\/lg-b-donde-no-poner-ventilador-de-techo.jpg","contentUrl":"https:\/\/gavri-src.addisnetwork.es\/blog\/wp-content\/uploads\/2020\/12\/lg-b-donde-no-poner-ventilador-de-techo.jpg","width":1900,"height":781},{"@type":"BreadcrumbList","@id":"https:\/\/gavri-src.addisnetwork.es\/blog\/donde-no-montar-un-ventilador-de-techo-b74.html#breadcrumb","itemListElement":[{"@type":"ListItem","position":1,"name":"Portada","item":"https:\/\/gavri-src.addisnetwork.es\/blog"},{"@type":"ListItem","position":2,"name":"D\u00f3nde NO montar un ventilador de techo"}]},{"@type":"WebSite","@id":"https:\/\/gavri-src.addisnetwork.es\/blog\/#website","url":"https:\/\/gavri-src.addisnetwork.es\/blog\/","name":"Blog de Gavri.es","description":"Blog de Gavri.es","publisher":{"@id":"https:\/\/gavri-src.addisnetwork.es\/blog\/#organization"},"potentialAction":[{"@type":"SearchAction","target":{"@type":"EntryPoint","urlTemplate":"https:\/\/gavri-src.addisnetwork.es\/blog\/?s={search_term_string}"},"query-input":{"@type":"PropertyValueSpecification","valueRequired":true,"valueName":"search_term_string"}}],"inLanguage":"es"},{"@type":"Organization","@id":"https:\/\/gavri-src.addisnetwork.es\/blog\/#organization","name":"Blog de Gavri.es","url":"https:\/\/gavri-src.addisnetwork.es\/blog\/","logo":{"@type":"ImageObject","inLanguage":"es","@id":"https:\/\/gavri-src.addisnetwork.es\/blog\/#\/schema\/logo\/image\/","url":"https:\/\/gavri-src.addisnetwork.es\/blog\/wp-content\/uploads\/2021\/01\/cropped-LOGO-gavries-blog-1.png","contentUrl":"https:\/\/gavri-src.addisnetwork.es\/blog\/wp-content\/uploads\/2021\/01\/cropped-LOGO-gavries-blog-1.png","width":520,"height":104,"caption":"Blog de Gavri.es"},"image":{"@id":"https:\/\/gavri-src.addisnetwork.es\/blog\/#\/schema\/logo\/image\/"}},{"@type":"Person","@id":"https:\/\/gavri-src.addisnetwork.es\/blog\/#\/schema\/person\/3df0699bd314187860df00e3b73fbf75","name":"Gavri","image":{"@type":"ImageObject","inLanguage":"es","@id":"https:\/\/secure.gravatar.com\/avatar\/6fc6afbbb919cee1ae64c74ed55bf75da72aade68e84f27c0a3a05bd98ccf2a0?s=96&d=mm&r=g","url":"https:\/\/secure.gravatar.com\/avatar\/6fc6afbbb919cee1ae64c74ed55bf75da72aade68e84f27c0a3a05bd98ccf2a0?s=96&d=mm&r=g","contentUrl":"https:\/\/secure.gravatar.com\/avatar\/6fc6afbbb919cee1ae64c74ed55bf75da72aade68e84f27c0a3a05bd98ccf2a0?s=96&d=mm&r=g","caption":"Gavri"},"sameAs":["https:\/\/gavri.es\/blog"]}]}},"_links":{"self":[{"href":"https:\/\/gavri-src.addisnetwork.es\/blog\/wp-json\/wp\/v2\/posts\/74","targetHints":{"allow":["GET"]}}],"collection":[{"href":"https:\/\/gavri-src.addisnetwork.es\/blog\/wp-json\/wp\/v2\/posts"}],"about":[{"href":"https:\/\/gavri-src.addisnetwork.es\/blog\/wp-json\/wp\/v2\/types\/post"}],"author":[{"embeddable":true,"href":"https:\/\/gavri-src.addisnetwork.es\/blog\/wp-json\/wp\/v2\/users\/1"}],"replies":[{"embeddable":true,"href":"https:\/\/gavri-src.addisnetwork.es\/blog\/wp-json\/wp\/v2\/comments?post=74"}],"version-history":[{"count":4,"href":"https:\/\/gavri-src.addisnetwork.es\/blog\/wp-json\/wp\/v2\/posts\/74\/revisions"}],"predecessor-version":[{"id":466,"href":"https:\/\/gavri-src.addisnetwork.es\/blog\/wp-json\/wp\/v2\/posts\/74\/revisions\/466"}],"wp:featuredmedia":[{"embeddable":true,"href":"https:\/\/gavri-src.addisnetwork.es\/blog\/wp-json\/wp\/v2\/media\/176"}],"wp:attachment":[{"href":"https:\/\/gavri-src.addisnetwork.es\/blog\/wp-json\/wp\/v2\/media?parent=74"}],"wp:term":[{"taxonomy":"category","embeddable":true,"href":"https:\/\/gavri-src.addisnetwork.es\/blog\/wp-json\/wp\/v2\/categories?post=74"},{"taxonomy":"post_tag","embeddable":true,"href":"https:\/\/gavri-src.addisnetwork.es\/blog\/wp-json\/wp\/v2\/tags?post=74"}],"curies":[{"name":"wp","href":"https:\/\/api.w.org\/{rel}","templated":true}]}}