{"id":75,"date":"2020-12-20T18:55:00","date_gmt":"2020-12-20T18:55:00","guid":{"rendered":"https:\/\/gavri.ivansol.com\/blog\/?p=75"},"modified":"2021-04-30T14:37:01","modified_gmt":"2021-04-30T14:37:01","slug":"ventilador-de-techo-negros-una-opcion-que-intimida-pero-no-defrauda-b75","status":"publish","type":"post","link":"https:\/\/gavri-src.addisnetwork.es\/blog\/ventilador-de-techo-negros-una-opcion-que-intimida-pero-no-defrauda-b75.html","title":{"rendered":"Ventilador de techo negros: una opci\u00f3n que intimida pero no defrauda"},"content":{"rendered":"\n<p>Blancos o de madera. Sin duda estos son los dos colores m\u00e1s demandados por los usuarios. Blancos ya que se disimulan con el techo, o de madera, para combinar con los muebles.<\/p>\n\n\n\n<p>Aun as\u00ed, cada vez hay\u00a0<span style=\"text-decoration: underline;\"><a href=\"https:\/\/www.avanluce.com\/elegir-ventilador-de-techo\/\" target=\"_blank\" rel=\"noreferrer noopener nofollow\">m\u00e1s gente que opta<\/a> <\/span>por el negro. De hecho este a\u00f1o hemos visto una mayor demanda de modelos con este tipo dise\u00f1os negros: la mayor\u00eda de los clientes han optado por el Eco Aviatos en color wengu\u00e9 (que incluye luz, mando y motor de bajo consumo) o por el Eco Plano (especialmente dise\u00f1ado para techos bajos).<\/p>\n\n\n\n<h1 class=\"wp-block-heading\"><span style=\"color: #3498db;\">El negro est\u00e1 de moda<\/span><\/h1>\n\n\n\n<p>Normalmente los ventiladores de techo negros suelen ser los primeros en descartarse, debido al car\u00e1cter y presencia que crean. Durante el verano del a\u00f1o pasado los modelos con aspas de madera natural han sido los m\u00e1s solicitados, pero durante estos \u00faltimos meses los ventiladores de techo blancos de dise\u00f1o simple y minimalista est\u00e1n reinando. Pero desde el verano los usuarios empiezan a buscar modelos negros o oscuros.<br><img loading=\"lazy\" decoding=\"async\" src=\"https:\/\/gavri.es\/img\/cms\/Blog\/CASAFAN_ECO_DYNAMIX_BG_BG_313272.jpg\" alt=\"ventilador de techo negro para habtiaciones normale de dise\u00f1o\" width=\"500\" height=\"334\"><\/p>\n\n\n\n<h1 class=\"wp-block-heading\"><span style=\"color: #3498db;\">Tendencias en el mundo de los ventiladores de techo<\/span><\/h1>\n\n\n\n<p>El inter\u00e9s en los ventiladores de techo negro puede explicarse por su atemporalidad y versatilidad. Al igual que los modelos blancos, combinan con casi cualquier interior.<\/p>\n\n\n\n<p>La mayor\u00eda de los ventiladores de techo negros destacan de sobremanera en interiores modernos, con ciertos elementos industriales, minimalistas o estilo escandinavo. Este tipo de interiores suelen combinar con superficies lisas y\/o brillantes, con l\u00edneas simples y colores sobrios como blanco, gris, negro o colores met\u00e1licos.<\/p>\n\n\n\n<h1 class=\"wp-block-heading\"><span style=\"color: #3498db;\">Olv\u00eddate de la l\u00e1mpara: Ventiladores de techo con luz incluida&nbsp;&nbsp;<\/span><\/h1>\n\n\n\n<p><span style=\"text-decoration: underline;\"><a href=\"http:\/\/www.elblogdeldecorador.cl\/2018\/01\/ventiladores\/\" target=\"_blank\" rel=\"noreferrer noopener nofollow\">Combinar modelos de ventilador<\/a><\/span> con kits de luz te har\u00e1 ahorrar espacio (dinero). Los ventiladores de techo negros con iluminaci\u00f3n encajan en cocinas o oficinas; lugares en constante movimiento, donde se busca car\u00e1cter y los que los colores sobrios y l\u00edneas rectas destacan versus otro tipo de espacios.<br><a href=\"https:\/\/gavri.es\/ventiladores-de-techo\/ventilador-de-techo-casafan-513297-black-magic-132-negro\" target=\"_blank\" rel=\"noopener\"><img loading=\"lazy\" decoding=\"async\" width=\"500\" height=\"500\" src=\"https:\/\/gavri.es\/4645-large_default\/ventilador-de-techo-casafan-513297-black-magic-132-negro.jpg\" alt=\"ventilador negro de techo\"><\/a><\/p>\n\n\n\n<h1 class=\"wp-block-heading\"><span style=\"color: #3498db;\">La magia de las ventiladores con aspas reversibles: 2 modelos en 1<\/span><\/h1>\n\n\n\n<p>Si te gustar\u00eda decorar tu comedor o habitaci\u00f3n con ventiladores negros pero no acabas de estar seguro\/a est\u00e1 de si el negro es el adecuado para el interior de tu casa, puedes optar por aspas reversibles. Este tipo de aspas llegan en dos colores, uno por cada lado. Al colgarlas en el techo, estas solo se ven por lado de las aspas: el otro lado mira hacia el techo y la persona que mira el ventilador desde abajo no lo ve. Simple y altamente pr\u00e1ctico. Adem\u00e1s se pueden cambiar en cualquier momento de una forma muy sencilla. Puedes ir cambiando el color una vez al a\u00f1o, cada vez que cambies los muebles o cuando quieras (\u00a1t\u00fa decides!).<\/p>\n\n\n\n<p>Si crees que el negro puede ser el color perfecto para dar un toque a tu casa, <span style=\"text-decoration: underline;\"><a href=\"https:\/\/gavri.es\/ventiladores-de-techo?q=Color+de+la+base+del+motor-Negro\" target=\"_blank\" rel=\"noopener\">haz clic en este enlace para ver nuestros modelos.<\/a><\/span><\/p>\n\n\n\n<p><a href=\"https:\/\/gavri.es\/ventiladores-de-techo?q=Color+de+la+base+del+motor-Negro\" target=\"_blank\" rel=\"noopener\">&nbsp;<\/a><\/p>\n","protected":false},"excerpt":{"rendered":"<p>Blancos o de madera. Sin duda estos son los dos colores m\u00e1s demandados por los usuarios. Blancos ya que se disimulan con el techo, o de madera, para combinar con los muebles. Aun as\u00ed, cada vez &#8230; <a title=\"Ventilador de techo negros: una opci\u00f3n que intimida pero no defrauda\" class=\"read-more\" href=\"https:\/\/gavri-src.addisnetwork.es\/blog\/ventilador-de-techo-negros-una-opcion-que-intimida-pero-no-defrauda-b75.html\" aria-label=\"M\u00e1s en Ventilador de techo negros: una opci\u00f3n que intimida pero no defrauda\">Leer m\u00e1s<\/a><\/p>\n","protected":false},"author":1,"featured_media":174,"comment_status":"open","ping_status":"closed","sticky":false,"template":"","format":"standard","meta":{"footnotes":""},"categories":[1],"tags":[],"class_list":["post-75","post","type-post","status-publish","format-standard","has-post-thumbnail","hentry","category-sin-categoria","generate-columns","tablet-grid-50","mobile-grid-100","grid-parent","grid-50","no-featured-image-padding"],"yoast_head":"<!-- This site is optimized with the Yoast SEO plugin v27.5 - https:\/\/yoast.com\/product\/yoast-seo-wordpress\/ -->\n<title>Ventilador de techo negros: una opci\u00f3n que intimida pero no defrauda - Blog de Gavri.es<\/title>\n<meta name=\"description\" content=\"Aunque parezca que no, el negro es un color que combinar a la perfecci\u00f3n con una gran cantidad de muebles y electrodom\u00e9sticos.\" \/>\n<meta name=\"robots\" content=\"index, follow, max-snippet:-1, max-image-preview:large, max-video-preview:-1\" \/>\n<link rel=\"canonical\" href=\"https:\/\/gavri-src.addisnetwork.es\/blog\/ventilador-de-techo-negros-una-opcion-que-intimida-pero-no-defrauda-b75.html\" \/>\n<meta property=\"og:locale\" content=\"es_ES\" \/>\n<meta property=\"og:type\" content=\"article\" \/>\n<meta property=\"og:title\" content=\"Ventilador de techo negros: una opci\u00f3n que intimida pero no defrauda - Blog de Gavri.es\" \/>\n<meta property=\"og:description\" content=\"Aunque parezca que no, el negro es un color que combinar a la perfecci\u00f3n con una gran cantidad de muebles y electrodom\u00e9sticos.\" \/>\n<meta property=\"og:url\" content=\"https:\/\/gavri-src.addisnetwork.es\/blog\/ventilador-de-techo-negros-una-opcion-que-intimida-pero-no-defrauda-b75.html\" \/>\n<meta property=\"og:site_name\" content=\"Blog de Gavri.es\" \/>\n<meta property=\"article:published_time\" content=\"2020-12-20T18:55:00+00:00\" \/>\n<meta property=\"article:modified_time\" content=\"2021-04-30T14:37:01+00:00\" \/>\n<meta property=\"og:image\" content=\"https:\/\/gavri-src.addisnetwork.es\/blog\/wp-content\/uploads\/2020\/12\/lg-b-ventiladores-negros-para-decorar.jpg\" \/>\n\t<meta property=\"og:image:width\" content=\"1900\" \/>\n\t<meta property=\"og:image:height\" content=\"781\" \/>\n\t<meta property=\"og:image:type\" content=\"image\/jpeg\" \/>\n<meta name=\"author\" content=\"Gavri\" \/>\n<meta name=\"twitter:card\" content=\"summary_large_image\" \/>\n<meta name=\"twitter:label1\" content=\"Escrito por\" \/>\n\t<meta name=\"twitter:data1\" content=\"Gavri\" \/>\n\t<meta name=\"twitter:label2\" content=\"Tiempo de lectura\" \/>\n\t<meta name=\"twitter:data2\" content=\"3 minutos\" \/>\n<script type=\"application\/ld+json\" class=\"yoast-schema-graph\">{\"@context\":\"https:\\\/\\\/schema.org\",\"@graph\":[{\"@type\":\"Article\",\"@id\":\"https:\\\/\\\/gavri-src.addisnetwork.es\\\/blog\\\/ventilador-de-techo-negros-una-opcion-que-intimida-pero-no-defrauda-b75.html#article\",\"isPartOf\":{\"@id\":\"https:\\\/\\\/gavri-src.addisnetwork.es\\\/blog\\\/ventilador-de-techo-negros-una-opcion-que-intimida-pero-no-defrauda-b75.html\"},\"author\":{\"name\":\"Gavri\",\"@id\":\"https:\\\/\\\/gavri-src.addisnetwork.es\\\/blog\\\/#\\\/schema\\\/person\\\/3df0699bd314187860df00e3b73fbf75\"},\"headline\":\"Ventilador de techo negros: una opci\u00f3n que intimida pero no defrauda\",\"datePublished\":\"2020-12-20T18:55:00+00:00\",\"dateModified\":\"2021-04-30T14:37:01+00:00\",\"mainEntityOfPage\":{\"@id\":\"https:\\\/\\\/gavri-src.addisnetwork.es\\\/blog\\\/ventilador-de-techo-negros-una-opcion-que-intimida-pero-no-defrauda-b75.html\"},\"wordCount\":499,\"commentCount\":0,\"publisher\":{\"@id\":\"https:\\\/\\\/gavri-src.addisnetwork.es\\\/blog\\\/#organization\"},\"image\":{\"@id\":\"https:\\\/\\\/gavri-src.addisnetwork.es\\\/blog\\\/ventilador-de-techo-negros-una-opcion-que-intimida-pero-no-defrauda-b75.html#primaryimage\"},\"thumbnailUrl\":\"https:\\\/\\\/gavri-src.addisnetwork.es\\\/blog\\\/wp-content\\\/uploads\\\/2020\\\/12\\\/lg-b-ventiladores-negros-para-decorar.jpg\",\"inLanguage\":\"es\",\"potentialAction\":[{\"@type\":\"CommentAction\",\"name\":\"Comment\",\"target\":[\"https:\\\/\\\/gavri-src.addisnetwork.es\\\/blog\\\/ventilador-de-techo-negros-una-opcion-que-intimida-pero-no-defrauda-b75.html#respond\"]}]},{\"@type\":\"WebPage\",\"@id\":\"https:\\\/\\\/gavri-src.addisnetwork.es\\\/blog\\\/ventilador-de-techo-negros-una-opcion-que-intimida-pero-no-defrauda-b75.html\",\"url\":\"https:\\\/\\\/gavri-src.addisnetwork.es\\\/blog\\\/ventilador-de-techo-negros-una-opcion-que-intimida-pero-no-defrauda-b75.html\",\"name\":\"Ventilador de techo negros: una opci\u00f3n que intimida pero no defrauda - Blog de Gavri.es\",\"isPartOf\":{\"@id\":\"https:\\\/\\\/gavri-src.addisnetwork.es\\\/blog\\\/#website\"},\"primaryImageOfPage\":{\"@id\":\"https:\\\/\\\/gavri-src.addisnetwork.es\\\/blog\\\/ventilador-de-techo-negros-una-opcion-que-intimida-pero-no-defrauda-b75.html#primaryimage\"},\"image\":{\"@id\":\"https:\\\/\\\/gavri-src.addisnetwork.es\\\/blog\\\/ventilador-de-techo-negros-una-opcion-que-intimida-pero-no-defrauda-b75.html#primaryimage\"},\"thumbnailUrl\":\"https:\\\/\\\/gavri-src.addisnetwork.es\\\/blog\\\/wp-content\\\/uploads\\\/2020\\\/12\\\/lg-b-ventiladores-negros-para-decorar.jpg\",\"datePublished\":\"2020-12-20T18:55:00+00:00\",\"dateModified\":\"2021-04-30T14:37:01+00:00\",\"description\":\"Aunque parezca que no, el negro es un color que combinar a la perfecci\u00f3n con una gran cantidad de muebles y electrodom\u00e9sticos.\",\"breadcrumb\":{\"@id\":\"https:\\\/\\\/gavri-src.addisnetwork.es\\\/blog\\\/ventilador-de-techo-negros-una-opcion-que-intimida-pero-no-defrauda-b75.html#breadcrumb\"},\"inLanguage\":\"es\",\"potentialAction\":[{\"@type\":\"ReadAction\",\"target\":[\"https:\\\/\\\/gavri-src.addisnetwork.es\\\/blog\\\/ventilador-de-techo-negros-una-opcion-que-intimida-pero-no-defrauda-b75.html\"]}]},{\"@type\":\"ImageObject\",\"inLanguage\":\"es\",\"@id\":\"https:\\\/\\\/gavri-src.addisnetwork.es\\\/blog\\\/ventilador-de-techo-negros-una-opcion-que-intimida-pero-no-defrauda-b75.html#primaryimage\",\"url\":\"https:\\\/\\\/gavri-src.addisnetwork.es\\\/blog\\\/wp-content\\\/uploads\\\/2020\\\/12\\\/lg-b-ventiladores-negros-para-decorar.jpg\",\"contentUrl\":\"https:\\\/\\\/gavri-src.addisnetwork.es\\\/blog\\\/wp-content\\\/uploads\\\/2020\\\/12\\\/lg-b-ventiladores-negros-para-decorar.jpg\",\"width\":1900,\"height\":781},{\"@type\":\"BreadcrumbList\",\"@id\":\"https:\\\/\\\/gavri-src.addisnetwork.es\\\/blog\\\/ventilador-de-techo-negros-una-opcion-que-intimida-pero-no-defrauda-b75.html#breadcrumb\",\"itemListElement\":[{\"@type\":\"ListItem\",\"position\":1,\"name\":\"Portada\",\"item\":\"https:\\\/\\\/gavri-src.addisnetwork.es\\\/blog\"},{\"@type\":\"ListItem\",\"position\":2,\"name\":\"Ventilador de techo negros: una opci\u00f3n que intimida pero no defrauda\"}]},{\"@type\":\"WebSite\",\"@id\":\"https:\\\/\\\/gavri-src.addisnetwork.es\\\/blog\\\/#website\",\"url\":\"https:\\\/\\\/gavri-src.addisnetwork.es\\\/blog\\\/\",\"name\":\"Blog de Gavri.es\",\"description\":\"Blog de Gavri.es\",\"publisher\":{\"@id\":\"https:\\\/\\\/gavri-src.addisnetwork.es\\\/blog\\\/#organization\"},\"potentialAction\":[{\"@type\":\"SearchAction\",\"target\":{\"@type\":\"EntryPoint\",\"urlTemplate\":\"https:\\\/\\\/gavri-src.addisnetwork.es\\\/blog\\\/?s={search_term_string}\"},\"query-input\":{\"@type\":\"PropertyValueSpecification\",\"valueRequired\":true,\"valueName\":\"search_term_string\"}}],\"inLanguage\":\"es\"},{\"@type\":\"Organization\",\"@id\":\"https:\\\/\\\/gavri-src.addisnetwork.es\\\/blog\\\/#organization\",\"name\":\"Blog de Gavri.es\",\"url\":\"https:\\\/\\\/gavri-src.addisnetwork.es\\\/blog\\\/\",\"logo\":{\"@type\":\"ImageObject\",\"inLanguage\":\"es\",\"@id\":\"https:\\\/\\\/gavri-src.addisnetwork.es\\\/blog\\\/#\\\/schema\\\/logo\\\/image\\\/\",\"url\":\"https:\\\/\\\/gavri-src.addisnetwork.es\\\/blog\\\/wp-content\\\/uploads\\\/2021\\\/01\\\/cropped-LOGO-gavries-blog-1.png\",\"contentUrl\":\"https:\\\/\\\/gavri-src.addisnetwork.es\\\/blog\\\/wp-content\\\/uploads\\\/2021\\\/01\\\/cropped-LOGO-gavries-blog-1.png\",\"width\":520,\"height\":104,\"caption\":\"Blog de Gavri.es\"},\"image\":{\"@id\":\"https:\\\/\\\/gavri-src.addisnetwork.es\\\/blog\\\/#\\\/schema\\\/logo\\\/image\\\/\"}},{\"@type\":\"Person\",\"@id\":\"https:\\\/\\\/gavri-src.addisnetwork.es\\\/blog\\\/#\\\/schema\\\/person\\\/3df0699bd314187860df00e3b73fbf75\",\"name\":\"Gavri\",\"image\":{\"@type\":\"ImageObject\",\"inLanguage\":\"es\",\"@id\":\"https:\\\/\\\/secure.gravatar.com\\\/avatar\\\/6fc6afbbb919cee1ae64c74ed55bf75da72aade68e84f27c0a3a05bd98ccf2a0?s=96&d=mm&r=g\",\"url\":\"https:\\\/\\\/secure.gravatar.com\\\/avatar\\\/6fc6afbbb919cee1ae64c74ed55bf75da72aade68e84f27c0a3a05bd98ccf2a0?s=96&d=mm&r=g\",\"contentUrl\":\"https:\\\/\\\/secure.gravatar.com\\\/avatar\\\/6fc6afbbb919cee1ae64c74ed55bf75da72aade68e84f27c0a3a05bd98ccf2a0?s=96&d=mm&r=g\",\"caption\":\"Gavri\"},\"sameAs\":[\"https:\\\/\\\/gavri.es\\\/blog\"]}]}<\/script>\n<!-- \/ Yoast SEO plugin. -->","yoast_head_json":{"title":"Ventilador de techo negros: una opci\u00f3n que intimida pero no defrauda - Blog de Gavri.es","description":"Aunque parezca que no, el negro es un color que combinar a la perfecci\u00f3n con una gran cantidad de muebles y electrodom\u00e9sticos.","robots":{"index":"index","follow":"follow","max-snippet":"max-snippet:-1","max-image-preview":"max-image-preview:large","max-video-preview":"max-video-preview:-1"},"canonical":"https:\/\/gavri-src.addisnetwork.es\/blog\/ventilador-de-techo-negros-una-opcion-que-intimida-pero-no-defrauda-b75.html","og_locale":"es_ES","og_type":"article","og_title":"Ventilador de techo negros: una opci\u00f3n que intimida pero no defrauda - Blog de Gavri.es","og_description":"Aunque parezca que no, el negro es un color que combinar a la perfecci\u00f3n con una gran cantidad de muebles y electrodom\u00e9sticos.","og_url":"https:\/\/gavri-src.addisnetwork.es\/blog\/ventilador-de-techo-negros-una-opcion-que-intimida-pero-no-defrauda-b75.html","og_site_name":"Blog de Gavri.es","article_published_time":"2020-12-20T18:55:00+00:00","article_modified_time":"2021-04-30T14:37:01+00:00","og_image":[{"width":1900,"height":781,"url":"https:\/\/gavri-src.addisnetwork.es\/blog\/wp-content\/uploads\/2020\/12\/lg-b-ventiladores-negros-para-decorar.jpg","type":"image\/jpeg"}],"author":"Gavri","twitter_card":"summary_large_image","twitter_misc":{"Escrito por":"Gavri","Tiempo de lectura":"3 minutos"},"schema":{"@context":"https:\/\/schema.org","@graph":[{"@type":"Article","@id":"https:\/\/gavri-src.addisnetwork.es\/blog\/ventilador-de-techo-negros-una-opcion-que-intimida-pero-no-defrauda-b75.html#article","isPartOf":{"@id":"https:\/\/gavri-src.addisnetwork.es\/blog\/ventilador-de-techo-negros-una-opcion-que-intimida-pero-no-defrauda-b75.html"},"author":{"name":"Gavri","@id":"https:\/\/gavri-src.addisnetwork.es\/blog\/#\/schema\/person\/3df0699bd314187860df00e3b73fbf75"},"headline":"Ventilador de techo negros: una opci\u00f3n que intimida pero no defrauda","datePublished":"2020-12-20T18:55:00+00:00","dateModified":"2021-04-30T14:37:01+00:00","mainEntityOfPage":{"@id":"https:\/\/gavri-src.addisnetwork.es\/blog\/ventilador-de-techo-negros-una-opcion-que-intimida-pero-no-defrauda-b75.html"},"wordCount":499,"commentCount":0,"publisher":{"@id":"https:\/\/gavri-src.addisnetwork.es\/blog\/#organization"},"image":{"@id":"https:\/\/gavri-src.addisnetwork.es\/blog\/ventilador-de-techo-negros-una-opcion-que-intimida-pero-no-defrauda-b75.html#primaryimage"},"thumbnailUrl":"https:\/\/gavri-src.addisnetwork.es\/blog\/wp-content\/uploads\/2020\/12\/lg-b-ventiladores-negros-para-decorar.jpg","inLanguage":"es","potentialAction":[{"@type":"CommentAction","name":"Comment","target":["https:\/\/gavri-src.addisnetwork.es\/blog\/ventilador-de-techo-negros-una-opcion-que-intimida-pero-no-defrauda-b75.html#respond"]}]},{"@type":"WebPage","@id":"https:\/\/gavri-src.addisnetwork.es\/blog\/ventilador-de-techo-negros-una-opcion-que-intimida-pero-no-defrauda-b75.html","url":"https:\/\/gavri-src.addisnetwork.es\/blog\/ventilador-de-techo-negros-una-opcion-que-intimida-pero-no-defrauda-b75.html","name":"Ventilador de techo negros: una opci\u00f3n que intimida pero no defrauda - Blog de Gavri.es","isPartOf":{"@id":"https:\/\/gavri-src.addisnetwork.es\/blog\/#website"},"primaryImageOfPage":{"@id":"https:\/\/gavri-src.addisnetwork.es\/blog\/ventilador-de-techo-negros-una-opcion-que-intimida-pero-no-defrauda-b75.html#primaryimage"},"image":{"@id":"https:\/\/gavri-src.addisnetwork.es\/blog\/ventilador-de-techo-negros-una-opcion-que-intimida-pero-no-defrauda-b75.html#primaryimage"},"thumbnailUrl":"https:\/\/gavri-src.addisnetwork.es\/blog\/wp-content\/uploads\/2020\/12\/lg-b-ventiladores-negros-para-decorar.jpg","datePublished":"2020-12-20T18:55:00+00:00","dateModified":"2021-04-30T14:37:01+00:00","description":"Aunque parezca que no, el negro es un color que combinar a la perfecci\u00f3n con una gran cantidad de muebles y electrodom\u00e9sticos.","breadcrumb":{"@id":"https:\/\/gavri-src.addisnetwork.es\/blog\/ventilador-de-techo-negros-una-opcion-que-intimida-pero-no-defrauda-b75.html#breadcrumb"},"inLanguage":"es","potentialAction":[{"@type":"ReadAction","target":["https:\/\/gavri-src.addisnetwork.es\/blog\/ventilador-de-techo-negros-una-opcion-que-intimida-pero-no-defrauda-b75.html"]}]},{"@type":"ImageObject","inLanguage":"es","@id":"https:\/\/gavri-src.addisnetwork.es\/blog\/ventilador-de-techo-negros-una-opcion-que-intimida-pero-no-defrauda-b75.html#primaryimage","url":"https:\/\/gavri-src.addisnetwork.es\/blog\/wp-content\/uploads\/2020\/12\/lg-b-ventiladores-negros-para-decorar.jpg","contentUrl":"https:\/\/gavri-src.addisnetwork.es\/blog\/wp-content\/uploads\/2020\/12\/lg-b-ventiladores-negros-para-decorar.jpg","width":1900,"height":781},{"@type":"BreadcrumbList","@id":"https:\/\/gavri-src.addisnetwork.es\/blog\/ventilador-de-techo-negros-una-opcion-que-intimida-pero-no-defrauda-b75.html#breadcrumb","itemListElement":[{"@type":"ListItem","position":1,"name":"Portada","item":"https:\/\/gavri-src.addisnetwork.es\/blog"},{"@type":"ListItem","position":2,"name":"Ventilador de techo negros: una opci\u00f3n que intimida pero no defrauda"}]},{"@type":"WebSite","@id":"https:\/\/gavri-src.addisnetwork.es\/blog\/#website","url":"https:\/\/gavri-src.addisnetwork.es\/blog\/","name":"Blog de Gavri.es","description":"Blog de Gavri.es","publisher":{"@id":"https:\/\/gavri-src.addisnetwork.es\/blog\/#organization"},"potentialAction":[{"@type":"SearchAction","target":{"@type":"EntryPoint","urlTemplate":"https:\/\/gavri-src.addisnetwork.es\/blog\/?s={search_term_string}"},"query-input":{"@type":"PropertyValueSpecification","valueRequired":true,"valueName":"search_term_string"}}],"inLanguage":"es"},{"@type":"Organization","@id":"https:\/\/gavri-src.addisnetwork.es\/blog\/#organization","name":"Blog de Gavri.es","url":"https:\/\/gavri-src.addisnetwork.es\/blog\/","logo":{"@type":"ImageObject","inLanguage":"es","@id":"https:\/\/gavri-src.addisnetwork.es\/blog\/#\/schema\/logo\/image\/","url":"https:\/\/gavri-src.addisnetwork.es\/blog\/wp-content\/uploads\/2021\/01\/cropped-LOGO-gavries-blog-1.png","contentUrl":"https:\/\/gavri-src.addisnetwork.es\/blog\/wp-content\/uploads\/2021\/01\/cropped-LOGO-gavries-blog-1.png","width":520,"height":104,"caption":"Blog de Gavri.es"},"image":{"@id":"https:\/\/gavri-src.addisnetwork.es\/blog\/#\/schema\/logo\/image\/"}},{"@type":"Person","@id":"https:\/\/gavri-src.addisnetwork.es\/blog\/#\/schema\/person\/3df0699bd314187860df00e3b73fbf75","name":"Gavri","image":{"@type":"ImageObject","inLanguage":"es","@id":"https:\/\/secure.gravatar.com\/avatar\/6fc6afbbb919cee1ae64c74ed55bf75da72aade68e84f27c0a3a05bd98ccf2a0?s=96&d=mm&r=g","url":"https:\/\/secure.gravatar.com\/avatar\/6fc6afbbb919cee1ae64c74ed55bf75da72aade68e84f27c0a3a05bd98ccf2a0?s=96&d=mm&r=g","contentUrl":"https:\/\/secure.gravatar.com\/avatar\/6fc6afbbb919cee1ae64c74ed55bf75da72aade68e84f27c0a3a05bd98ccf2a0?s=96&d=mm&r=g","caption":"Gavri"},"sameAs":["https:\/\/gavri.es\/blog"]}]}},"_links":{"self":[{"href":"https:\/\/gavri-src.addisnetwork.es\/blog\/wp-json\/wp\/v2\/posts\/75","targetHints":{"allow":["GET"]}}],"collection":[{"href":"https:\/\/gavri-src.addisnetwork.es\/blog\/wp-json\/wp\/v2\/posts"}],"about":[{"href":"https:\/\/gavri-src.addisnetwork.es\/blog\/wp-json\/wp\/v2\/types\/post"}],"author":[{"embeddable":true,"href":"https:\/\/gavri-src.addisnetwork.es\/blog\/wp-json\/wp\/v2\/users\/1"}],"replies":[{"embeddable":true,"href":"https:\/\/gavri-src.addisnetwork.es\/blog\/wp-json\/wp\/v2\/comments?post=75"}],"version-history":[{"count":2,"href":"https:\/\/gavri-src.addisnetwork.es\/blog\/wp-json\/wp\/v2\/posts\/75\/revisions"}],"predecessor-version":[{"id":465,"href":"https:\/\/gavri-src.addisnetwork.es\/blog\/wp-json\/wp\/v2\/posts\/75\/revisions\/465"}],"wp:featuredmedia":[{"embeddable":true,"href":"https:\/\/gavri-src.addisnetwork.es\/blog\/wp-json\/wp\/v2\/media\/174"}],"wp:attachment":[{"href":"https:\/\/gavri-src.addisnetwork.es\/blog\/wp-json\/wp\/v2\/media?parent=75"}],"wp:term":[{"taxonomy":"category","embeddable":true,"href":"https:\/\/gavri-src.addisnetwork.es\/blog\/wp-json\/wp\/v2\/categories?post=75"},{"taxonomy":"post_tag","embeddable":true,"href":"https:\/\/gavri-src.addisnetwork.es\/blog\/wp-json\/wp\/v2\/tags?post=75"}],"curies":[{"name":"wp","href":"https:\/\/api.w.org\/{rel}","templated":true}]}}