{"id":755,"date":"2023-01-03T14:24:03","date_gmt":"2023-01-03T14:24:03","guid":{"rendered":"https:\/\/gavri.es\/blog\/?p=755"},"modified":"2023-01-03T14:25:26","modified_gmt":"2023-01-03T14:25:26","slug":"ventiladores-de-techo-con-luz-ahorrar-factura","status":"publish","type":"post","link":"https:\/\/gavri-src.addisnetwork.es\/blog\/ventiladores-de-techo-con-luz-ahorrar-factura.html","title":{"rendered":"<strong>Ventiladores de techo con luz, la mejor alternativa para ahorrar en la factura<\/strong>"},"content":{"rendered":"\n<p>El consumo de los ventiladores de techo, como bien es sabido, es mucho menor que otros aparatos de ventilaci\u00f3n como el aire acondicionado y la calefacci\u00f3n, lo que hace que se conviertan en el mejor aliado para los meses tanto de fr\u00edo como de calor.<\/p>\n\n\n\n<p class=\"has-text-align-left\">Estos ventiladores est\u00e1n pensados para garantizar bajo consumo, ser m\u00e1s eficientes y aprovechar la estratificaci\u00f3n del aire para conseguir una temperatura adecuada en cada estaci\u00f3n del a\u00f1o. De modo que, si est\u00e1s buscando una manera de <a href=\"https:\/\/gavri.es\/blog\/trucos-ahorrar-energia-ventilador-techo-invierno.html\" target=\"_blank\" rel=\"noreferrer noopener\">no pasar fr\u00edo este invierno sin gastar mucho<\/a>, en <a href=\"https:\/\/gavri.es\/\" target=\"_blank\" rel=\"noreferrer noopener\">Gavri<\/a> te traemos la soluci\u00f3n definitiva. \u00a1Desc\u00fabrelo ya en la web!<\/p>\n\n\n\n<!--more-->\n\n\n\n<h2 class=\"wp-block-heading\"><strong>\u00bfC\u00f3mo se produce el ahorro de energ\u00eda con ventiladores de techo con luz?<\/strong><\/h2>\n\n\n\n<p>Los <strong>ventiladores de techo de bajo consumo <\/strong>est\u00e1n pensados para aprovechar el aire caliente y el aire fr\u00edo de cada estancia. Ten en cuenta que el aire caliente es m\u00e1s ligero as\u00ed que, sube. Mientras que, el aire fr\u00edo baja.<\/p>\n\n\n\n<p>Este movimiento natural del aire hace que, en un espacio cerrado exista una <strong>diferencia de temperatura entre el techo y el suelo<\/strong>, siendo mayor la de la parte superior, donde se concentra el aire caliente. Por tanto, si a nivel del suelo hay una temperatura de 16\u00ba, a una altura superior como, 3-3.5m por encima habr\u00e1 una temperatura de 24\u00ba.<\/p>\n\n\n\n<p>Para que eso no suceda, es necesario un aparato que sea capaz de <strong>invertir ese proceso<\/strong>, es decir, que en invierno el aire caliente del techo baje, y, en verano, el aire fr\u00edo en el suelo, suba.<\/p>\n\n\n\n<h3 class=\"wp-block-heading\"><strong>Ahorra en tu factura con los ventiladores de techo silenciosos en invierno<\/strong><\/h3>\n\n\n\n<p>Aqu\u00ed entran en juego los <strong>ventiladores con funci\u00f3n invierno y verano<\/strong>. Estos aparatos est\u00e1n pensados para, en los meses de m\u00e1s fr\u00edo, utilizar el movimiento de las aspas para aprovechar el aire caliente que se encuentra en el techo y distribuirlo a las zonas m\u00e1s fr\u00edas.<\/p>\n\n\n\n<p>Adem\u00e1s, estos aparatos pueden <strong>funcionar de forma eficiente<\/strong> hasta con la potencia m\u00e1s baja gracias a su motor DC. \u00a1No tendr\u00e1s que preocuparte por nada!<\/p>\n\n\n\n<h4 class=\"wp-block-heading\"><strong>Los ventiladores de techo modernos te ayudar\u00e1n a ahorrar tambi\u00e9n en verano<\/strong><\/h4>\n\n\n\n<p>\u00bfY qu\u00e9 ocurre en verano? \u00a1Muy sencillo! Los ventiladores transfieren el calor hacia el exterior, disminuyendo la temperatura y logrando aprovechar el aire fr\u00edo que hay en casa. Por tanto, <strong>la sensaci\u00f3n t\u00e9rmica ser\u00e1 mucho m\u00e1s agradable<\/strong> y todo ello, sin tener que encender el aire acondicionado o pagar m\u00e1s. \u00a1No lo pases por alto!<\/p>\n\n\n\n<h4 class=\"wp-block-heading\"><strong>Encuentra los mejores ventiladores de techo para abaratar tu factura<\/strong><\/h4>\n\n\n\n<p>\u00bfQuieres <strong>ahorrar energ\u00eda en casa<\/strong>? \u00a1Te ayudamos! Para no pasar fr\u00edo en las noches de invierno te recomendamos el <strong><a href=\"https:\/\/gavri.es\/inicio\/ventilador-de-techo-hunter-con-luz-50628-dante-roble-negro-o-chocolate-112cm\" target=\"_blank\" rel=\"noreferrer noopener\">Ventilador de Techo Hunter con Luz 50628 Dante Roble Negro o Chocolate 112cm<\/a><\/strong> con mando a distancia. Un modelo de bajo consumo, con luz y con funci\u00f3n invierno\/verano incorporada.<\/p>\n\n\n\n<p>Otra alternativa mucho m\u00e1s econ\u00f3mica es el <strong><a href=\"https:\/\/gavri.es\/inicio\/ventilador-de-techo-casafan-943131-eco-neo-iii-103cm-blanco\" target=\"_blank\" rel=\"noreferrer noopener\">Ventilador de Techo CasaFan 943131 ECO NEO III 103cm Blanco<\/a><\/strong> con temporizador y velocidad \u2018slow motion\u2019 para que ahorrar te sea mucho m\u00e1s sencillo durante todo el a\u00f1o.<\/p>\n\n\n\n<p>Encuentra en Gavri los mejores ventiladores del mercado. \u00a1Descubre ya tu modelo ideal!<\/p>\n","protected":false},"excerpt":{"rendered":"<p>El consumo de los ventiladores de techo, como bien es sabido, es mucho menor que otros aparatos de ventilaci\u00f3n como el aire acondicionado y la calefacci\u00f3n, lo que hace que se conviertan en el mejor aliado &#8230; <a title=\"Ventiladores de techo con luz, la mejor alternativa para ahorrar en la factura\" class=\"read-more\" href=\"https:\/\/gavri-src.addisnetwork.es\/blog\/ventiladores-de-techo-con-luz-ahorrar-factura.html\" aria-label=\"M\u00e1s en Ventiladores de techo con luz, la mejor alternativa para ahorrar en la factura\">Leer m\u00e1s<\/a><\/p>\n","protected":false},"author":2,"featured_media":756,"comment_status":"open","ping_status":"closed","sticky":false,"template":"","format":"standard","meta":{"footnotes":""},"categories":[24],"tags":[4,7,8,57,9,56],"class_list":["post-755","post","type-post","status-publish","format-standard","has-post-thumbnail","hentry","category-ventiladores-de-techo","tag-hogar","tag-ventilacion","tag-ventiladores","tag-ventiladores-casafan","tag-ventiladores-de-techo","tag-ventiladores-de-techo-con-luz","generate-columns","tablet-grid-50","mobile-grid-100","grid-parent","grid-50","no-featured-image-padding"],"yoast_head":"<!-- This site is optimized with the Yoast SEO plugin v27.5 - https:\/\/yoast.com\/product\/yoast-seo-wordpress\/ -->\n<title>Ventiladores de techo con luz, la mejor alternativa para ahorrar en la factura<\/title>\n<meta name=\"description\" content=\"\u00bfSab\u00edas que los ventiladores de techo pueden ayudarte a ahorrar en tu factura energ\u00e9tica? En Gavri te contamos c\u00f3mo. \u00a1Descubre m\u00e1s en el post!\" \/>\n<meta name=\"robots\" content=\"index, follow, max-snippet:-1, max-image-preview:large, max-video-preview:-1\" \/>\n<link rel=\"canonical\" href=\"https:\/\/gavri-src.addisnetwork.es\/blog\/ventiladores-de-techo-con-luz-ahorrar-factura.html\" \/>\n<meta property=\"og:locale\" content=\"es_ES\" \/>\n<meta property=\"og:type\" content=\"article\" \/>\n<meta property=\"og:title\" content=\"Ventiladores de techo con luz, la mejor alternativa para ahorrar en la factura\" \/>\n<meta property=\"og:description\" content=\"\u00bfSab\u00edas que los ventiladores de techo pueden ayudarte a ahorrar en tu factura energ\u00e9tica? En Gavri te contamos c\u00f3mo. \u00a1Descubre m\u00e1s en el post!\" \/>\n<meta property=\"og:url\" content=\"https:\/\/gavri-src.addisnetwork.es\/blog\/ventiladores-de-techo-con-luz-ahorrar-factura.html\" \/>\n<meta property=\"og:site_name\" content=\"Blog de Gavri.es\" \/>\n<meta property=\"article:published_time\" content=\"2023-01-03T14:24:03+00:00\" \/>\n<meta property=\"article:modified_time\" content=\"2023-01-03T14:25:26+00:00\" \/>\n<meta property=\"og:image\" content=\"https:\/\/gavri-src.addisnetwork.es\/blog\/wp-content\/uploads\/2023\/01\/Ventiladores-de-techo-con-luz-la-mejor-alternativa-para-ahorrar-en-la-factura.jpg\" \/>\n\t<meta property=\"og:image:width\" content=\"1440\" \/>\n\t<meta property=\"og:image:height\" content=\"960\" \/>\n\t<meta property=\"og:image:type\" content=\"image\/jpeg\" \/>\n<meta name=\"author\" content=\"T\u00e9cnico Gavri\" \/>\n<meta name=\"twitter:card\" content=\"summary_large_image\" \/>\n<meta name=\"twitter:label1\" content=\"Escrito por\" \/>\n\t<meta name=\"twitter:data1\" content=\"T\u00e9cnico Gavri\" \/>\n\t<meta name=\"twitter:label2\" content=\"Tiempo de lectura\" \/>\n\t<meta name=\"twitter:data2\" content=\"3 minutos\" \/>\n<script type=\"application\/ld+json\" class=\"yoast-schema-graph\">{\"@context\":\"https:\\\/\\\/schema.org\",\"@graph\":[{\"@type\":\"Article\",\"@id\":\"https:\\\/\\\/gavri-src.addisnetwork.es\\\/blog\\\/ventiladores-de-techo-con-luz-ahorrar-factura.html#article\",\"isPartOf\":{\"@id\":\"https:\\\/\\\/gavri-src.addisnetwork.es\\\/blog\\\/ventiladores-de-techo-con-luz-ahorrar-factura.html\"},\"author\":{\"name\":\"T\u00e9cnico Gavri\",\"@id\":\"https:\\\/\\\/gavri-src.addisnetwork.es\\\/blog\\\/#\\\/schema\\\/person\\\/587329a98b34cfdbbfd1e7fbe7b65296\"},\"headline\":\"Ventiladores de techo con luz, la mejor alternativa para ahorrar en la factura\",\"datePublished\":\"2023-01-03T14:24:03+00:00\",\"dateModified\":\"2023-01-03T14:25:26+00:00\",\"mainEntityOfPage\":{\"@id\":\"https:\\\/\\\/gavri-src.addisnetwork.es\\\/blog\\\/ventiladores-de-techo-con-luz-ahorrar-factura.html\"},\"wordCount\":560,\"commentCount\":0,\"publisher\":{\"@id\":\"https:\\\/\\\/gavri-src.addisnetwork.es\\\/blog\\\/#organization\"},\"image\":{\"@id\":\"https:\\\/\\\/gavri-src.addisnetwork.es\\\/blog\\\/ventiladores-de-techo-con-luz-ahorrar-factura.html#primaryimage\"},\"thumbnailUrl\":\"https:\\\/\\\/gavri-src.addisnetwork.es\\\/blog\\\/wp-content\\\/uploads\\\/2023\\\/01\\\/Ventiladores-de-techo-con-luz-la-mejor-alternativa-para-ahorrar-en-la-factura.jpg\",\"keywords\":[\"hogar\",\"ventilacion\",\"ventiladores\",\"ventiladores casafan\",\"ventiladores de techo\",\"ventiladores de techo con luz\"],\"articleSection\":[\"Ventiladores de techo\"],\"inLanguage\":\"es\",\"potentialAction\":[{\"@type\":\"CommentAction\",\"name\":\"Comment\",\"target\":[\"https:\\\/\\\/gavri-src.addisnetwork.es\\\/blog\\\/ventiladores-de-techo-con-luz-ahorrar-factura.html#respond\"]}]},{\"@type\":\"WebPage\",\"@id\":\"https:\\\/\\\/gavri-src.addisnetwork.es\\\/blog\\\/ventiladores-de-techo-con-luz-ahorrar-factura.html\",\"url\":\"https:\\\/\\\/gavri-src.addisnetwork.es\\\/blog\\\/ventiladores-de-techo-con-luz-ahorrar-factura.html\",\"name\":\"Ventiladores de techo con luz, la mejor alternativa para ahorrar en la factura\",\"isPartOf\":{\"@id\":\"https:\\\/\\\/gavri-src.addisnetwork.es\\\/blog\\\/#website\"},\"primaryImageOfPage\":{\"@id\":\"https:\\\/\\\/gavri-src.addisnetwork.es\\\/blog\\\/ventiladores-de-techo-con-luz-ahorrar-factura.html#primaryimage\"},\"image\":{\"@id\":\"https:\\\/\\\/gavri-src.addisnetwork.es\\\/blog\\\/ventiladores-de-techo-con-luz-ahorrar-factura.html#primaryimage\"},\"thumbnailUrl\":\"https:\\\/\\\/gavri-src.addisnetwork.es\\\/blog\\\/wp-content\\\/uploads\\\/2023\\\/01\\\/Ventiladores-de-techo-con-luz-la-mejor-alternativa-para-ahorrar-en-la-factura.jpg\",\"datePublished\":\"2023-01-03T14:24:03+00:00\",\"dateModified\":\"2023-01-03T14:25:26+00:00\",\"description\":\"\u00bfSab\u00edas que los ventiladores de techo pueden ayudarte a ahorrar en tu factura energ\u00e9tica? En Gavri te contamos c\u00f3mo. \u00a1Descubre m\u00e1s en el post!\",\"breadcrumb\":{\"@id\":\"https:\\\/\\\/gavri-src.addisnetwork.es\\\/blog\\\/ventiladores-de-techo-con-luz-ahorrar-factura.html#breadcrumb\"},\"inLanguage\":\"es\",\"potentialAction\":[{\"@type\":\"ReadAction\",\"target\":[\"https:\\\/\\\/gavri-src.addisnetwork.es\\\/blog\\\/ventiladores-de-techo-con-luz-ahorrar-factura.html\"]}]},{\"@type\":\"ImageObject\",\"inLanguage\":\"es\",\"@id\":\"https:\\\/\\\/gavri-src.addisnetwork.es\\\/blog\\\/ventiladores-de-techo-con-luz-ahorrar-factura.html#primaryimage\",\"url\":\"https:\\\/\\\/gavri-src.addisnetwork.es\\\/blog\\\/wp-content\\\/uploads\\\/2023\\\/01\\\/Ventiladores-de-techo-con-luz-la-mejor-alternativa-para-ahorrar-en-la-factura.jpg\",\"contentUrl\":\"https:\\\/\\\/gavri-src.addisnetwork.es\\\/blog\\\/wp-content\\\/uploads\\\/2023\\\/01\\\/Ventiladores-de-techo-con-luz-la-mejor-alternativa-para-ahorrar-en-la-factura.jpg\",\"width\":1440,\"height\":960,\"caption\":\"Ventiladores de techo con luz, la mejor alternativa para ahorrar en la factura\"},{\"@type\":\"BreadcrumbList\",\"@id\":\"https:\\\/\\\/gavri-src.addisnetwork.es\\\/blog\\\/ventiladores-de-techo-con-luz-ahorrar-factura.html#breadcrumb\",\"itemListElement\":[{\"@type\":\"ListItem\",\"position\":1,\"name\":\"Portada\",\"item\":\"https:\\\/\\\/gavri-src.addisnetwork.es\\\/blog\"},{\"@type\":\"ListItem\",\"position\":2,\"name\":\"Ventiladores de techo con luz, la mejor alternativa para ahorrar en la factura\"}]},{\"@type\":\"WebSite\",\"@id\":\"https:\\\/\\\/gavri-src.addisnetwork.es\\\/blog\\\/#website\",\"url\":\"https:\\\/\\\/gavri-src.addisnetwork.es\\\/blog\\\/\",\"name\":\"Blog de Gavri.es\",\"description\":\"Blog de Gavri.es\",\"publisher\":{\"@id\":\"https:\\\/\\\/gavri-src.addisnetwork.es\\\/blog\\\/#organization\"},\"potentialAction\":[{\"@type\":\"SearchAction\",\"target\":{\"@type\":\"EntryPoint\",\"urlTemplate\":\"https:\\\/\\\/gavri-src.addisnetwork.es\\\/blog\\\/?s={search_term_string}\"},\"query-input\":{\"@type\":\"PropertyValueSpecification\",\"valueRequired\":true,\"valueName\":\"search_term_string\"}}],\"inLanguage\":\"es\"},{\"@type\":\"Organization\",\"@id\":\"https:\\\/\\\/gavri-src.addisnetwork.es\\\/blog\\\/#organization\",\"name\":\"Blog de Gavri.es\",\"url\":\"https:\\\/\\\/gavri-src.addisnetwork.es\\\/blog\\\/\",\"logo\":{\"@type\":\"ImageObject\",\"inLanguage\":\"es\",\"@id\":\"https:\\\/\\\/gavri-src.addisnetwork.es\\\/blog\\\/#\\\/schema\\\/logo\\\/image\\\/\",\"url\":\"https:\\\/\\\/gavri-src.addisnetwork.es\\\/blog\\\/wp-content\\\/uploads\\\/2021\\\/01\\\/cropped-LOGO-gavries-blog-1.png\",\"contentUrl\":\"https:\\\/\\\/gavri-src.addisnetwork.es\\\/blog\\\/wp-content\\\/uploads\\\/2021\\\/01\\\/cropped-LOGO-gavries-blog-1.png\",\"width\":520,\"height\":104,\"caption\":\"Blog de Gavri.es\"},\"image\":{\"@id\":\"https:\\\/\\\/gavri-src.addisnetwork.es\\\/blog\\\/#\\\/schema\\\/logo\\\/image\\\/\"}},{\"@type\":\"Person\",\"@id\":\"https:\\\/\\\/gavri-src.addisnetwork.es\\\/blog\\\/#\\\/schema\\\/person\\\/587329a98b34cfdbbfd1e7fbe7b65296\",\"name\":\"T\u00e9cnico Gavri\",\"image\":{\"@type\":\"ImageObject\",\"inLanguage\":\"es\",\"@id\":\"https:\\\/\\\/secure.gravatar.com\\\/avatar\\\/05be1fcb2076939c113859ec2cf09bc4b6b366950c2e7c2d51962780ab5e6d80?s=96&d=mm&r=g\",\"url\":\"https:\\\/\\\/secure.gravatar.com\\\/avatar\\\/05be1fcb2076939c113859ec2cf09bc4b6b366950c2e7c2d51962780ab5e6d80?s=96&d=mm&r=g\",\"contentUrl\":\"https:\\\/\\\/secure.gravatar.com\\\/avatar\\\/05be1fcb2076939c113859ec2cf09bc4b6b366950c2e7c2d51962780ab5e6d80?s=96&d=mm&r=g\",\"caption\":\"T\u00e9cnico Gavri\"}}]}<\/script>\n<!-- \/ Yoast SEO plugin. -->","yoast_head_json":{"title":"Ventiladores de techo con luz, la mejor alternativa para ahorrar en la factura","description":"\u00bfSab\u00edas que los ventiladores de techo pueden ayudarte a ahorrar en tu factura energ\u00e9tica? En Gavri te contamos c\u00f3mo. \u00a1Descubre m\u00e1s en el post!","robots":{"index":"index","follow":"follow","max-snippet":"max-snippet:-1","max-image-preview":"max-image-preview:large","max-video-preview":"max-video-preview:-1"},"canonical":"https:\/\/gavri-src.addisnetwork.es\/blog\/ventiladores-de-techo-con-luz-ahorrar-factura.html","og_locale":"es_ES","og_type":"article","og_title":"Ventiladores de techo con luz, la mejor alternativa para ahorrar en la factura","og_description":"\u00bfSab\u00edas que los ventiladores de techo pueden ayudarte a ahorrar en tu factura energ\u00e9tica? En Gavri te contamos c\u00f3mo. \u00a1Descubre m\u00e1s en el post!","og_url":"https:\/\/gavri-src.addisnetwork.es\/blog\/ventiladores-de-techo-con-luz-ahorrar-factura.html","og_site_name":"Blog de Gavri.es","article_published_time":"2023-01-03T14:24:03+00:00","article_modified_time":"2023-01-03T14:25:26+00:00","og_image":[{"width":1440,"height":960,"url":"https:\/\/gavri-src.addisnetwork.es\/blog\/wp-content\/uploads\/2023\/01\/Ventiladores-de-techo-con-luz-la-mejor-alternativa-para-ahorrar-en-la-factura.jpg","type":"image\/jpeg"}],"author":"T\u00e9cnico Gavri","twitter_card":"summary_large_image","twitter_misc":{"Escrito por":"T\u00e9cnico Gavri","Tiempo de lectura":"3 minutos"},"schema":{"@context":"https:\/\/schema.org","@graph":[{"@type":"Article","@id":"https:\/\/gavri-src.addisnetwork.es\/blog\/ventiladores-de-techo-con-luz-ahorrar-factura.html#article","isPartOf":{"@id":"https:\/\/gavri-src.addisnetwork.es\/blog\/ventiladores-de-techo-con-luz-ahorrar-factura.html"},"author":{"name":"T\u00e9cnico Gavri","@id":"https:\/\/gavri-src.addisnetwork.es\/blog\/#\/schema\/person\/587329a98b34cfdbbfd1e7fbe7b65296"},"headline":"Ventiladores de techo con luz, la mejor alternativa para ahorrar en la factura","datePublished":"2023-01-03T14:24:03+00:00","dateModified":"2023-01-03T14:25:26+00:00","mainEntityOfPage":{"@id":"https:\/\/gavri-src.addisnetwork.es\/blog\/ventiladores-de-techo-con-luz-ahorrar-factura.html"},"wordCount":560,"commentCount":0,"publisher":{"@id":"https:\/\/gavri-src.addisnetwork.es\/blog\/#organization"},"image":{"@id":"https:\/\/gavri-src.addisnetwork.es\/blog\/ventiladores-de-techo-con-luz-ahorrar-factura.html#primaryimage"},"thumbnailUrl":"https:\/\/gavri-src.addisnetwork.es\/blog\/wp-content\/uploads\/2023\/01\/Ventiladores-de-techo-con-luz-la-mejor-alternativa-para-ahorrar-en-la-factura.jpg","keywords":["hogar","ventilacion","ventiladores","ventiladores casafan","ventiladores de techo","ventiladores de techo con luz"],"articleSection":["Ventiladores de techo"],"inLanguage":"es","potentialAction":[{"@type":"CommentAction","name":"Comment","target":["https:\/\/gavri-src.addisnetwork.es\/blog\/ventiladores-de-techo-con-luz-ahorrar-factura.html#respond"]}]},{"@type":"WebPage","@id":"https:\/\/gavri-src.addisnetwork.es\/blog\/ventiladores-de-techo-con-luz-ahorrar-factura.html","url":"https:\/\/gavri-src.addisnetwork.es\/blog\/ventiladores-de-techo-con-luz-ahorrar-factura.html","name":"Ventiladores de techo con luz, la mejor alternativa para ahorrar en la factura","isPartOf":{"@id":"https:\/\/gavri-src.addisnetwork.es\/blog\/#website"},"primaryImageOfPage":{"@id":"https:\/\/gavri-src.addisnetwork.es\/blog\/ventiladores-de-techo-con-luz-ahorrar-factura.html#primaryimage"},"image":{"@id":"https:\/\/gavri-src.addisnetwork.es\/blog\/ventiladores-de-techo-con-luz-ahorrar-factura.html#primaryimage"},"thumbnailUrl":"https:\/\/gavri-src.addisnetwork.es\/blog\/wp-content\/uploads\/2023\/01\/Ventiladores-de-techo-con-luz-la-mejor-alternativa-para-ahorrar-en-la-factura.jpg","datePublished":"2023-01-03T14:24:03+00:00","dateModified":"2023-01-03T14:25:26+00:00","description":"\u00bfSab\u00edas que los ventiladores de techo pueden ayudarte a ahorrar en tu factura energ\u00e9tica? En Gavri te contamos c\u00f3mo. \u00a1Descubre m\u00e1s en el post!","breadcrumb":{"@id":"https:\/\/gavri-src.addisnetwork.es\/blog\/ventiladores-de-techo-con-luz-ahorrar-factura.html#breadcrumb"},"inLanguage":"es","potentialAction":[{"@type":"ReadAction","target":["https:\/\/gavri-src.addisnetwork.es\/blog\/ventiladores-de-techo-con-luz-ahorrar-factura.html"]}]},{"@type":"ImageObject","inLanguage":"es","@id":"https:\/\/gavri-src.addisnetwork.es\/blog\/ventiladores-de-techo-con-luz-ahorrar-factura.html#primaryimage","url":"https:\/\/gavri-src.addisnetwork.es\/blog\/wp-content\/uploads\/2023\/01\/Ventiladores-de-techo-con-luz-la-mejor-alternativa-para-ahorrar-en-la-factura.jpg","contentUrl":"https:\/\/gavri-src.addisnetwork.es\/blog\/wp-content\/uploads\/2023\/01\/Ventiladores-de-techo-con-luz-la-mejor-alternativa-para-ahorrar-en-la-factura.jpg","width":1440,"height":960,"caption":"Ventiladores de techo con luz, la mejor alternativa para ahorrar en la factura"},{"@type":"BreadcrumbList","@id":"https:\/\/gavri-src.addisnetwork.es\/blog\/ventiladores-de-techo-con-luz-ahorrar-factura.html#breadcrumb","itemListElement":[{"@type":"ListItem","position":1,"name":"Portada","item":"https:\/\/gavri-src.addisnetwork.es\/blog"},{"@type":"ListItem","position":2,"name":"Ventiladores de techo con luz, la mejor alternativa para ahorrar en la factura"}]},{"@type":"WebSite","@id":"https:\/\/gavri-src.addisnetwork.es\/blog\/#website","url":"https:\/\/gavri-src.addisnetwork.es\/blog\/","name":"Blog de Gavri.es","description":"Blog de Gavri.es","publisher":{"@id":"https:\/\/gavri-src.addisnetwork.es\/blog\/#organization"},"potentialAction":[{"@type":"SearchAction","target":{"@type":"EntryPoint","urlTemplate":"https:\/\/gavri-src.addisnetwork.es\/blog\/?s={search_term_string}"},"query-input":{"@type":"PropertyValueSpecification","valueRequired":true,"valueName":"search_term_string"}}],"inLanguage":"es"},{"@type":"Organization","@id":"https:\/\/gavri-src.addisnetwork.es\/blog\/#organization","name":"Blog de Gavri.es","url":"https:\/\/gavri-src.addisnetwork.es\/blog\/","logo":{"@type":"ImageObject","inLanguage":"es","@id":"https:\/\/gavri-src.addisnetwork.es\/blog\/#\/schema\/logo\/image\/","url":"https:\/\/gavri-src.addisnetwork.es\/blog\/wp-content\/uploads\/2021\/01\/cropped-LOGO-gavries-blog-1.png","contentUrl":"https:\/\/gavri-src.addisnetwork.es\/blog\/wp-content\/uploads\/2021\/01\/cropped-LOGO-gavries-blog-1.png","width":520,"height":104,"caption":"Blog de Gavri.es"},"image":{"@id":"https:\/\/gavri-src.addisnetwork.es\/blog\/#\/schema\/logo\/image\/"}},{"@type":"Person","@id":"https:\/\/gavri-src.addisnetwork.es\/blog\/#\/schema\/person\/587329a98b34cfdbbfd1e7fbe7b65296","name":"T\u00e9cnico Gavri","image":{"@type":"ImageObject","inLanguage":"es","@id":"https:\/\/secure.gravatar.com\/avatar\/05be1fcb2076939c113859ec2cf09bc4b6b366950c2e7c2d51962780ab5e6d80?s=96&d=mm&r=g","url":"https:\/\/secure.gravatar.com\/avatar\/05be1fcb2076939c113859ec2cf09bc4b6b366950c2e7c2d51962780ab5e6d80?s=96&d=mm&r=g","contentUrl":"https:\/\/secure.gravatar.com\/avatar\/05be1fcb2076939c113859ec2cf09bc4b6b366950c2e7c2d51962780ab5e6d80?s=96&d=mm&r=g","caption":"T\u00e9cnico Gavri"}}]}},"_links":{"self":[{"href":"https:\/\/gavri-src.addisnetwork.es\/blog\/wp-json\/wp\/v2\/posts\/755","targetHints":{"allow":["GET"]}}],"collection":[{"href":"https:\/\/gavri-src.addisnetwork.es\/blog\/wp-json\/wp\/v2\/posts"}],"about":[{"href":"https:\/\/gavri-src.addisnetwork.es\/blog\/wp-json\/wp\/v2\/types\/post"}],"author":[{"embeddable":true,"href":"https:\/\/gavri-src.addisnetwork.es\/blog\/wp-json\/wp\/v2\/users\/2"}],"replies":[{"embeddable":true,"href":"https:\/\/gavri-src.addisnetwork.es\/blog\/wp-json\/wp\/v2\/comments?post=755"}],"version-history":[{"count":2,"href":"https:\/\/gavri-src.addisnetwork.es\/blog\/wp-json\/wp\/v2\/posts\/755\/revisions"}],"predecessor-version":[{"id":758,"href":"https:\/\/gavri-src.addisnetwork.es\/blog\/wp-json\/wp\/v2\/posts\/755\/revisions\/758"}],"wp:featuredmedia":[{"embeddable":true,"href":"https:\/\/gavri-src.addisnetwork.es\/blog\/wp-json\/wp\/v2\/media\/756"}],"wp:attachment":[{"href":"https:\/\/gavri-src.addisnetwork.es\/blog\/wp-json\/wp\/v2\/media?parent=755"}],"wp:term":[{"taxonomy":"category","embeddable":true,"href":"https:\/\/gavri-src.addisnetwork.es\/blog\/wp-json\/wp\/v2\/categories?post=755"},{"taxonomy":"post_tag","embeddable":true,"href":"https:\/\/gavri-src.addisnetwork.es\/blog\/wp-json\/wp\/v2\/tags?post=755"}],"curies":[{"name":"wp","href":"https:\/\/api.w.org\/{rel}","templated":true}]}}