{"id":759,"date":"2023-01-04T12:43:41","date_gmt":"2023-01-04T12:43:41","guid":{"rendered":"https:\/\/gavri.es\/blog\/?p=759"},"modified":"2023-01-04T12:43:42","modified_gmt":"2023-01-04T12:43:42","slug":"colocar-seleccionar-correctamente-calefactor-infrarrojos","status":"publish","type":"post","link":"https:\/\/gavri-src.addisnetwork.es\/blog\/colocar-seleccionar-correctamente-calefactor-infrarrojos.html","title":{"rendered":"<strong>C\u00f3mo colocar y seleccionar correctamente un calefactor de infrarrojos<\/strong>"},"content":{"rendered":"\n<p>Un calefactor de infrarrojos es una gran apuesta a la hora de elegir un m\u00e9todo de calefacci\u00f3n. Este sistema es muy c\u00f3modo y econ\u00f3mico, por lo que siempre es la principal opci\u00f3n de la gente. Por eso, en <a href=\"https:\/\/gavri.es\/\" target=\"_blank\" rel=\"noreferrer noopener\">Gavri<\/a> queremos animarte a instalar un calefactor de infrarrojos en tu hogar.<\/p>\n\n\n\n<p>Este sistema tiene unas caracter\u00edsticas y funciones propias que debes saber antes de hacerlo. En este post, queremos darte a conocer todas las ventajas y caracter\u00edsticas de estos calefactores para poder calentar tu casa este invierno. \u00a1Sigue leyendo para saber m\u00e1s!<\/p>\n\n\n\n<!--more-->\n\n\n\n<h2 class=\"wp-block-heading\"><strong>\u00bfC\u00f3mo funciona un calefactor de infrarrojos?<\/strong><\/h2>\n\n\n\n<p>Un calefactor de infrarrojos calienta el ambiente a trav\u00e9s de unas <strong>ondas de radiaci\u00f3n<\/strong> <strong>infrarroja<\/strong>. Estas ondas afectan a los <strong>objetos s\u00f3lidos<\/strong> que haya en la sala, como los muebles, el suelo, las paredes, o las personas. Esta es justo la gran diferencia que tienen con los calefactores tradicionales. \u00c9stos \u00faltimos calientan el aire de la estancia generando aire caliente. El <strong><a href=\"https:\/\/gavri.es\/inicio\/calefactor-de-cuarzo-por-infrarrojo-vortice-70003-thermologika-design-gris-claro\" target=\"_blank\" rel=\"noreferrer noopener\">Calefactor de Cuarzo por Infrarrojo Vortice 70003 Thermologika<\/a> <\/strong>funcionar\u00e1 perfectamente si quieres calentar tu cama antes de dormir o para ponerlo en tu sal\u00f3n.<\/p>\n\n\n\n<h3 class=\"wp-block-heading\"><strong>Pasos para instalar un panel calefactor de infrarrojos<\/strong><\/h3>\n\n\n\n<p>La instalaci\u00f3n de un calefactor de infrarrojos es bastante sencilla. Solo tienes que escoger su ubicaci\u00f3n, que normalmente suele ser en el techo, e instalarlo. Como solamente requiere de la <strong>red el\u00e9ctrica<\/strong>, hace que este m\u00e9todo sea uno de los m\u00e1s usados gracias a su <strong>versatilidad y funcionalidad<\/strong>. As\u00ed que, si no dispones de gas en tu vivienda, una alternativa a los calefactores tradicionales es uno de infrarrojos. Adem\u00e1s, como <strong>no<\/strong> <strong>necesitan tuber\u00edas ni generador de calor<\/strong>, su instalaci\u00f3n es muy econ\u00f3mica. Por otro lado, no solo los puedes poner en el techo, sino que tambi\u00e9n lo puedes hacer en las paredes.<\/p>\n\n\n\n<h4 class=\"wp-block-heading\"><strong>Tipos de calefactor de infrarrojos de interior: onda corta o larga<\/strong><\/h4>\n\n\n\n<p>Existen varios tipos de calefactores de infrarrojos. Esto depende de la longitud de su onda y del tipo de aparato en el que est\u00e9n. Cada uno te dar\u00e1 unas funciones y caracter\u00edsticas distintas, que tendr\u00e1s que ver dependiendo de lo que necesites. Entre sus tipos, est\u00e1n los de <strong>onda corta y onda larga<\/strong>. La calefacci\u00f3n de onda corta es m\u00e1s <strong>intensa y alcanza temperaturas m\u00e1s altas<\/strong>. Es perfecta para espacios exteriores o industriales. Por otro lado, la onda larga es <strong>m\u00e1s eficiente y paulatina<\/strong>. Son m\u00e1s habituales en los hogares en donde la calefacci\u00f3n es repartida.<\/p>\n\n\n\n<h4 class=\"wp-block-heading\"><strong>Ventajas de tener un calefactor de infrarrojos de techo<\/strong><\/h4>\n\n\n\n<p>Si nos fijamos en el punto de vista econ\u00f3mico, su precio suele variar por su dise\u00f1o, prestaciones, tipo de onda, etc. Este tipo de calefactor suele ser <strong>m\u00e1s barata<\/strong> que la tradicional, sin embargo, al estar conectada a la electricidad, consume m\u00e1s luz en la factura. Por otra parte, este m\u00e9todo es <strong>m\u00e1s eficiente<\/strong>, ya que no usa gas y no emite CO2 a la atm\u00f3sfera, como el <strong><a href=\"https:\/\/gavri.es\/inicio\/calefactor-halogeno-por-infrarrojo-casatherm-70031-w2000-fb-gold-lowglare-12-m2-ip-65-apto-exteriores\" target=\"_blank\" rel=\"noreferrer noopener\">Calefactor Hol\u00f3geno por Infrarrojo CasaTherm 70031 W2000 FB Gold<\/a><\/strong>.<\/p>\n\n\n\n<p>Descubre todos nuestros calefactores de infrarrojos en Gavri. \u00a1Visita nuestra web para conocer nuestro cat\u00e1logo!<\/p>\n","protected":false},"excerpt":{"rendered":"<p>Un calefactor de infrarrojos es una gran apuesta a la hora de elegir un m\u00e9todo de calefacci\u00f3n. Este sistema es muy c\u00f3modo y econ\u00f3mico, por lo que siempre es la principal opci\u00f3n de la gente. Por &#8230; <a title=\"C\u00f3mo colocar y seleccionar correctamente un calefactor de infrarrojos\" class=\"read-more\" href=\"https:\/\/gavri-src.addisnetwork.es\/blog\/colocar-seleccionar-correctamente-calefactor-infrarrojos.html\" aria-label=\"M\u00e1s en C\u00f3mo colocar y seleccionar correctamente un calefactor de infrarrojos\">Leer m\u00e1s<\/a><\/p>\n","protected":false},"author":2,"featured_media":760,"comment_status":"open","ping_status":"closed","sticky":false,"template":"","format":"standard","meta":{"footnotes":""},"categories":[10],"tags":[60,58,62,61,59,11],"class_list":["post-759","post","type-post","status-publish","format-standard","has-post-thumbnail","hentry","category-calefactores","tag-caefactor-onda-larga","tag-calefactor-de-infrarrojos","tag-calefactor-de-suelo","tag-calefactor-de-techo","tag-calefactor-onda-corta","tag-calefactores","generate-columns","tablet-grid-50","mobile-grid-100","grid-parent","grid-50","no-featured-image-padding"],"yoast_head":"<!-- This site is optimized with the Yoast SEO plugin v27.5 - https:\/\/yoast.com\/product\/yoast-seo-wordpress\/ -->\n<title>C\u00f3mo colocar y seleccionar correctamente un calefactor de infrarrojos<\/title>\n<meta name=\"description\" content=\"En Gavri te damos todos los consejos y ventajas de instalar un calefactor de infrarrojos. \u00a1Visita nuestra p\u00e1gina web para conocer nuestro cat\u00e1logo!\" \/>\n<meta name=\"robots\" content=\"index, follow, max-snippet:-1, max-image-preview:large, max-video-preview:-1\" \/>\n<link rel=\"canonical\" href=\"https:\/\/gavri-src.addisnetwork.es\/blog\/colocar-seleccionar-correctamente-calefactor-infrarrojos.html\" \/>\n<meta property=\"og:locale\" content=\"es_ES\" \/>\n<meta property=\"og:type\" content=\"article\" \/>\n<meta property=\"og:title\" content=\"C\u00f3mo colocar y seleccionar correctamente un calefactor de infrarrojos\" \/>\n<meta property=\"og:description\" content=\"En Gavri te damos todos los consejos y ventajas de instalar un calefactor de infrarrojos. \u00a1Visita nuestra p\u00e1gina web para conocer nuestro cat\u00e1logo!\" \/>\n<meta property=\"og:url\" content=\"https:\/\/gavri-src.addisnetwork.es\/blog\/colocar-seleccionar-correctamente-calefactor-infrarrojos.html\" \/>\n<meta property=\"og:site_name\" content=\"Blog de Gavri.es\" \/>\n<meta property=\"article:published_time\" content=\"2023-01-04T12:43:41+00:00\" \/>\n<meta property=\"article:modified_time\" content=\"2023-01-04T12:43:42+00:00\" \/>\n<meta property=\"og:image\" content=\"https:\/\/gavri-src.addisnetwork.es\/blog\/wp-content\/uploads\/2023\/01\/Como-colocar-y-seleccionar-correctamente-un-calefactor-de-infrarrojos-scaled.jpg\" \/>\n\t<meta property=\"og:image:width\" content=\"2560\" \/>\n\t<meta property=\"og:image:height\" content=\"1707\" \/>\n\t<meta property=\"og:image:type\" content=\"image\/jpeg\" \/>\n<meta name=\"author\" content=\"T\u00e9cnico Gavri\" \/>\n<meta name=\"twitter:card\" content=\"summary_large_image\" \/>\n<meta name=\"twitter:label1\" content=\"Escrito por\" \/>\n\t<meta name=\"twitter:data1\" content=\"T\u00e9cnico Gavri\" \/>\n\t<meta name=\"twitter:label2\" content=\"Tiempo de lectura\" \/>\n\t<meta name=\"twitter:data2\" content=\"3 minutos\" \/>\n<script type=\"application\/ld+json\" class=\"yoast-schema-graph\">{\"@context\":\"https:\\\/\\\/schema.org\",\"@graph\":[{\"@type\":\"Article\",\"@id\":\"https:\\\/\\\/gavri-src.addisnetwork.es\\\/blog\\\/colocar-seleccionar-correctamente-calefactor-infrarrojos.html#article\",\"isPartOf\":{\"@id\":\"https:\\\/\\\/gavri-src.addisnetwork.es\\\/blog\\\/colocar-seleccionar-correctamente-calefactor-infrarrojos.html\"},\"author\":{\"name\":\"T\u00e9cnico Gavri\",\"@id\":\"https:\\\/\\\/gavri-src.addisnetwork.es\\\/blog\\\/#\\\/schema\\\/person\\\/587329a98b34cfdbbfd1e7fbe7b65296\"},\"headline\":\"C\u00f3mo colocar y seleccionar correctamente un calefactor de infrarrojos\",\"datePublished\":\"2023-01-04T12:43:41+00:00\",\"dateModified\":\"2023-01-04T12:43:42+00:00\",\"mainEntityOfPage\":{\"@id\":\"https:\\\/\\\/gavri-src.addisnetwork.es\\\/blog\\\/colocar-seleccionar-correctamente-calefactor-infrarrojos.html\"},\"wordCount\":550,\"commentCount\":0,\"publisher\":{\"@id\":\"https:\\\/\\\/gavri-src.addisnetwork.es\\\/blog\\\/#organization\"},\"image\":{\"@id\":\"https:\\\/\\\/gavri-src.addisnetwork.es\\\/blog\\\/colocar-seleccionar-correctamente-calefactor-infrarrojos.html#primaryimage\"},\"thumbnailUrl\":\"https:\\\/\\\/gavri-src.addisnetwork.es\\\/blog\\\/wp-content\\\/uploads\\\/2023\\\/01\\\/Como-colocar-y-seleccionar-correctamente-un-calefactor-de-infrarrojos-scaled.jpg\",\"keywords\":[\"caefactor onda larga\",\"calefactor de infrarrojos\",\"calefactor de suelo\",\"calefactor de techo\",\"calefactor onda corta\",\"calefactores\"],\"articleSection\":[\"Calefactores\"],\"inLanguage\":\"es\",\"potentialAction\":[{\"@type\":\"CommentAction\",\"name\":\"Comment\",\"target\":[\"https:\\\/\\\/gavri-src.addisnetwork.es\\\/blog\\\/colocar-seleccionar-correctamente-calefactor-infrarrojos.html#respond\"]}]},{\"@type\":\"WebPage\",\"@id\":\"https:\\\/\\\/gavri-src.addisnetwork.es\\\/blog\\\/colocar-seleccionar-correctamente-calefactor-infrarrojos.html\",\"url\":\"https:\\\/\\\/gavri-src.addisnetwork.es\\\/blog\\\/colocar-seleccionar-correctamente-calefactor-infrarrojos.html\",\"name\":\"C\u00f3mo colocar y seleccionar correctamente un calefactor de infrarrojos\",\"isPartOf\":{\"@id\":\"https:\\\/\\\/gavri-src.addisnetwork.es\\\/blog\\\/#website\"},\"primaryImageOfPage\":{\"@id\":\"https:\\\/\\\/gavri-src.addisnetwork.es\\\/blog\\\/colocar-seleccionar-correctamente-calefactor-infrarrojos.html#primaryimage\"},\"image\":{\"@id\":\"https:\\\/\\\/gavri-src.addisnetwork.es\\\/blog\\\/colocar-seleccionar-correctamente-calefactor-infrarrojos.html#primaryimage\"},\"thumbnailUrl\":\"https:\\\/\\\/gavri-src.addisnetwork.es\\\/blog\\\/wp-content\\\/uploads\\\/2023\\\/01\\\/Como-colocar-y-seleccionar-correctamente-un-calefactor-de-infrarrojos-scaled.jpg\",\"datePublished\":\"2023-01-04T12:43:41+00:00\",\"dateModified\":\"2023-01-04T12:43:42+00:00\",\"description\":\"En Gavri te damos todos los consejos y ventajas de instalar un calefactor de infrarrojos. \u00a1Visita nuestra p\u00e1gina web para conocer nuestro cat\u00e1logo!\",\"breadcrumb\":{\"@id\":\"https:\\\/\\\/gavri-src.addisnetwork.es\\\/blog\\\/colocar-seleccionar-correctamente-calefactor-infrarrojos.html#breadcrumb\"},\"inLanguage\":\"es\",\"potentialAction\":[{\"@type\":\"ReadAction\",\"target\":[\"https:\\\/\\\/gavri-src.addisnetwork.es\\\/blog\\\/colocar-seleccionar-correctamente-calefactor-infrarrojos.html\"]}]},{\"@type\":\"ImageObject\",\"inLanguage\":\"es\",\"@id\":\"https:\\\/\\\/gavri-src.addisnetwork.es\\\/blog\\\/colocar-seleccionar-correctamente-calefactor-infrarrojos.html#primaryimage\",\"url\":\"https:\\\/\\\/gavri-src.addisnetwork.es\\\/blog\\\/wp-content\\\/uploads\\\/2023\\\/01\\\/Como-colocar-y-seleccionar-correctamente-un-calefactor-de-infrarrojos-scaled.jpg\",\"contentUrl\":\"https:\\\/\\\/gavri-src.addisnetwork.es\\\/blog\\\/wp-content\\\/uploads\\\/2023\\\/01\\\/Como-colocar-y-seleccionar-correctamente-un-calefactor-de-infrarrojos-scaled.jpg\",\"width\":2560,\"height\":1707,\"caption\":\"C\u00f3mo colocar y seleccionar correctamente un calefactor de infrarrojos\"},{\"@type\":\"BreadcrumbList\",\"@id\":\"https:\\\/\\\/gavri-src.addisnetwork.es\\\/blog\\\/colocar-seleccionar-correctamente-calefactor-infrarrojos.html#breadcrumb\",\"itemListElement\":[{\"@type\":\"ListItem\",\"position\":1,\"name\":\"Portada\",\"item\":\"https:\\\/\\\/gavri-src.addisnetwork.es\\\/blog\"},{\"@type\":\"ListItem\",\"position\":2,\"name\":\"C\u00f3mo colocar y seleccionar correctamente un calefactor de infrarrojos\"}]},{\"@type\":\"WebSite\",\"@id\":\"https:\\\/\\\/gavri-src.addisnetwork.es\\\/blog\\\/#website\",\"url\":\"https:\\\/\\\/gavri-src.addisnetwork.es\\\/blog\\\/\",\"name\":\"Blog de Gavri.es\",\"description\":\"Blog de Gavri.es\",\"publisher\":{\"@id\":\"https:\\\/\\\/gavri-src.addisnetwork.es\\\/blog\\\/#organization\"},\"potentialAction\":[{\"@type\":\"SearchAction\",\"target\":{\"@type\":\"EntryPoint\",\"urlTemplate\":\"https:\\\/\\\/gavri-src.addisnetwork.es\\\/blog\\\/?s={search_term_string}\"},\"query-input\":{\"@type\":\"PropertyValueSpecification\",\"valueRequired\":true,\"valueName\":\"search_term_string\"}}],\"inLanguage\":\"es\"},{\"@type\":\"Organization\",\"@id\":\"https:\\\/\\\/gavri-src.addisnetwork.es\\\/blog\\\/#organization\",\"name\":\"Blog de Gavri.es\",\"url\":\"https:\\\/\\\/gavri-src.addisnetwork.es\\\/blog\\\/\",\"logo\":{\"@type\":\"ImageObject\",\"inLanguage\":\"es\",\"@id\":\"https:\\\/\\\/gavri-src.addisnetwork.es\\\/blog\\\/#\\\/schema\\\/logo\\\/image\\\/\",\"url\":\"https:\\\/\\\/gavri-src.addisnetwork.es\\\/blog\\\/wp-content\\\/uploads\\\/2021\\\/01\\\/cropped-LOGO-gavries-blog-1.png\",\"contentUrl\":\"https:\\\/\\\/gavri-src.addisnetwork.es\\\/blog\\\/wp-content\\\/uploads\\\/2021\\\/01\\\/cropped-LOGO-gavries-blog-1.png\",\"width\":520,\"height\":104,\"caption\":\"Blog de Gavri.es\"},\"image\":{\"@id\":\"https:\\\/\\\/gavri-src.addisnetwork.es\\\/blog\\\/#\\\/schema\\\/logo\\\/image\\\/\"}},{\"@type\":\"Person\",\"@id\":\"https:\\\/\\\/gavri-src.addisnetwork.es\\\/blog\\\/#\\\/schema\\\/person\\\/587329a98b34cfdbbfd1e7fbe7b65296\",\"name\":\"T\u00e9cnico Gavri\",\"image\":{\"@type\":\"ImageObject\",\"inLanguage\":\"es\",\"@id\":\"https:\\\/\\\/secure.gravatar.com\\\/avatar\\\/05be1fcb2076939c113859ec2cf09bc4b6b366950c2e7c2d51962780ab5e6d80?s=96&d=mm&r=g\",\"url\":\"https:\\\/\\\/secure.gravatar.com\\\/avatar\\\/05be1fcb2076939c113859ec2cf09bc4b6b366950c2e7c2d51962780ab5e6d80?s=96&d=mm&r=g\",\"contentUrl\":\"https:\\\/\\\/secure.gravatar.com\\\/avatar\\\/05be1fcb2076939c113859ec2cf09bc4b6b366950c2e7c2d51962780ab5e6d80?s=96&d=mm&r=g\",\"caption\":\"T\u00e9cnico Gavri\"}}]}<\/script>\n<!-- \/ Yoast SEO plugin. -->","yoast_head_json":{"title":"C\u00f3mo colocar y seleccionar correctamente un calefactor de infrarrojos","description":"En Gavri te damos todos los consejos y ventajas de instalar un calefactor de infrarrojos. \u00a1Visita nuestra p\u00e1gina web para conocer nuestro cat\u00e1logo!","robots":{"index":"index","follow":"follow","max-snippet":"max-snippet:-1","max-image-preview":"max-image-preview:large","max-video-preview":"max-video-preview:-1"},"canonical":"https:\/\/gavri-src.addisnetwork.es\/blog\/colocar-seleccionar-correctamente-calefactor-infrarrojos.html","og_locale":"es_ES","og_type":"article","og_title":"C\u00f3mo colocar y seleccionar correctamente un calefactor de infrarrojos","og_description":"En Gavri te damos todos los consejos y ventajas de instalar un calefactor de infrarrojos. \u00a1Visita nuestra p\u00e1gina web para conocer nuestro cat\u00e1logo!","og_url":"https:\/\/gavri-src.addisnetwork.es\/blog\/colocar-seleccionar-correctamente-calefactor-infrarrojos.html","og_site_name":"Blog de Gavri.es","article_published_time":"2023-01-04T12:43:41+00:00","article_modified_time":"2023-01-04T12:43:42+00:00","og_image":[{"width":2560,"height":1707,"url":"https:\/\/gavri-src.addisnetwork.es\/blog\/wp-content\/uploads\/2023\/01\/Como-colocar-y-seleccionar-correctamente-un-calefactor-de-infrarrojos-scaled.jpg","type":"image\/jpeg"}],"author":"T\u00e9cnico Gavri","twitter_card":"summary_large_image","twitter_misc":{"Escrito por":"T\u00e9cnico Gavri","Tiempo de lectura":"3 minutos"},"schema":{"@context":"https:\/\/schema.org","@graph":[{"@type":"Article","@id":"https:\/\/gavri-src.addisnetwork.es\/blog\/colocar-seleccionar-correctamente-calefactor-infrarrojos.html#article","isPartOf":{"@id":"https:\/\/gavri-src.addisnetwork.es\/blog\/colocar-seleccionar-correctamente-calefactor-infrarrojos.html"},"author":{"name":"T\u00e9cnico Gavri","@id":"https:\/\/gavri-src.addisnetwork.es\/blog\/#\/schema\/person\/587329a98b34cfdbbfd1e7fbe7b65296"},"headline":"C\u00f3mo colocar y seleccionar correctamente un calefactor de infrarrojos","datePublished":"2023-01-04T12:43:41+00:00","dateModified":"2023-01-04T12:43:42+00:00","mainEntityOfPage":{"@id":"https:\/\/gavri-src.addisnetwork.es\/blog\/colocar-seleccionar-correctamente-calefactor-infrarrojos.html"},"wordCount":550,"commentCount":0,"publisher":{"@id":"https:\/\/gavri-src.addisnetwork.es\/blog\/#organization"},"image":{"@id":"https:\/\/gavri-src.addisnetwork.es\/blog\/colocar-seleccionar-correctamente-calefactor-infrarrojos.html#primaryimage"},"thumbnailUrl":"https:\/\/gavri-src.addisnetwork.es\/blog\/wp-content\/uploads\/2023\/01\/Como-colocar-y-seleccionar-correctamente-un-calefactor-de-infrarrojos-scaled.jpg","keywords":["caefactor onda larga","calefactor de infrarrojos","calefactor de suelo","calefactor de techo","calefactor onda corta","calefactores"],"articleSection":["Calefactores"],"inLanguage":"es","potentialAction":[{"@type":"CommentAction","name":"Comment","target":["https:\/\/gavri-src.addisnetwork.es\/blog\/colocar-seleccionar-correctamente-calefactor-infrarrojos.html#respond"]}]},{"@type":"WebPage","@id":"https:\/\/gavri-src.addisnetwork.es\/blog\/colocar-seleccionar-correctamente-calefactor-infrarrojos.html","url":"https:\/\/gavri-src.addisnetwork.es\/blog\/colocar-seleccionar-correctamente-calefactor-infrarrojos.html","name":"C\u00f3mo colocar y seleccionar correctamente un calefactor de infrarrojos","isPartOf":{"@id":"https:\/\/gavri-src.addisnetwork.es\/blog\/#website"},"primaryImageOfPage":{"@id":"https:\/\/gavri-src.addisnetwork.es\/blog\/colocar-seleccionar-correctamente-calefactor-infrarrojos.html#primaryimage"},"image":{"@id":"https:\/\/gavri-src.addisnetwork.es\/blog\/colocar-seleccionar-correctamente-calefactor-infrarrojos.html#primaryimage"},"thumbnailUrl":"https:\/\/gavri-src.addisnetwork.es\/blog\/wp-content\/uploads\/2023\/01\/Como-colocar-y-seleccionar-correctamente-un-calefactor-de-infrarrojos-scaled.jpg","datePublished":"2023-01-04T12:43:41+00:00","dateModified":"2023-01-04T12:43:42+00:00","description":"En Gavri te damos todos los consejos y ventajas de instalar un calefactor de infrarrojos. \u00a1Visita nuestra p\u00e1gina web para conocer nuestro cat\u00e1logo!","breadcrumb":{"@id":"https:\/\/gavri-src.addisnetwork.es\/blog\/colocar-seleccionar-correctamente-calefactor-infrarrojos.html#breadcrumb"},"inLanguage":"es","potentialAction":[{"@type":"ReadAction","target":["https:\/\/gavri-src.addisnetwork.es\/blog\/colocar-seleccionar-correctamente-calefactor-infrarrojos.html"]}]},{"@type":"ImageObject","inLanguage":"es","@id":"https:\/\/gavri-src.addisnetwork.es\/blog\/colocar-seleccionar-correctamente-calefactor-infrarrojos.html#primaryimage","url":"https:\/\/gavri-src.addisnetwork.es\/blog\/wp-content\/uploads\/2023\/01\/Como-colocar-y-seleccionar-correctamente-un-calefactor-de-infrarrojos-scaled.jpg","contentUrl":"https:\/\/gavri-src.addisnetwork.es\/blog\/wp-content\/uploads\/2023\/01\/Como-colocar-y-seleccionar-correctamente-un-calefactor-de-infrarrojos-scaled.jpg","width":2560,"height":1707,"caption":"C\u00f3mo colocar y seleccionar correctamente un calefactor de infrarrojos"},{"@type":"BreadcrumbList","@id":"https:\/\/gavri-src.addisnetwork.es\/blog\/colocar-seleccionar-correctamente-calefactor-infrarrojos.html#breadcrumb","itemListElement":[{"@type":"ListItem","position":1,"name":"Portada","item":"https:\/\/gavri-src.addisnetwork.es\/blog"},{"@type":"ListItem","position":2,"name":"C\u00f3mo colocar y seleccionar correctamente un calefactor de infrarrojos"}]},{"@type":"WebSite","@id":"https:\/\/gavri-src.addisnetwork.es\/blog\/#website","url":"https:\/\/gavri-src.addisnetwork.es\/blog\/","name":"Blog de Gavri.es","description":"Blog de Gavri.es","publisher":{"@id":"https:\/\/gavri-src.addisnetwork.es\/blog\/#organization"},"potentialAction":[{"@type":"SearchAction","target":{"@type":"EntryPoint","urlTemplate":"https:\/\/gavri-src.addisnetwork.es\/blog\/?s={search_term_string}"},"query-input":{"@type":"PropertyValueSpecification","valueRequired":true,"valueName":"search_term_string"}}],"inLanguage":"es"},{"@type":"Organization","@id":"https:\/\/gavri-src.addisnetwork.es\/blog\/#organization","name":"Blog de Gavri.es","url":"https:\/\/gavri-src.addisnetwork.es\/blog\/","logo":{"@type":"ImageObject","inLanguage":"es","@id":"https:\/\/gavri-src.addisnetwork.es\/blog\/#\/schema\/logo\/image\/","url":"https:\/\/gavri-src.addisnetwork.es\/blog\/wp-content\/uploads\/2021\/01\/cropped-LOGO-gavries-blog-1.png","contentUrl":"https:\/\/gavri-src.addisnetwork.es\/blog\/wp-content\/uploads\/2021\/01\/cropped-LOGO-gavries-blog-1.png","width":520,"height":104,"caption":"Blog de Gavri.es"},"image":{"@id":"https:\/\/gavri-src.addisnetwork.es\/blog\/#\/schema\/logo\/image\/"}},{"@type":"Person","@id":"https:\/\/gavri-src.addisnetwork.es\/blog\/#\/schema\/person\/587329a98b34cfdbbfd1e7fbe7b65296","name":"T\u00e9cnico Gavri","image":{"@type":"ImageObject","inLanguage":"es","@id":"https:\/\/secure.gravatar.com\/avatar\/05be1fcb2076939c113859ec2cf09bc4b6b366950c2e7c2d51962780ab5e6d80?s=96&d=mm&r=g","url":"https:\/\/secure.gravatar.com\/avatar\/05be1fcb2076939c113859ec2cf09bc4b6b366950c2e7c2d51962780ab5e6d80?s=96&d=mm&r=g","contentUrl":"https:\/\/secure.gravatar.com\/avatar\/05be1fcb2076939c113859ec2cf09bc4b6b366950c2e7c2d51962780ab5e6d80?s=96&d=mm&r=g","caption":"T\u00e9cnico Gavri"}}]}},"_links":{"self":[{"href":"https:\/\/gavri-src.addisnetwork.es\/blog\/wp-json\/wp\/v2\/posts\/759","targetHints":{"allow":["GET"]}}],"collection":[{"href":"https:\/\/gavri-src.addisnetwork.es\/blog\/wp-json\/wp\/v2\/posts"}],"about":[{"href":"https:\/\/gavri-src.addisnetwork.es\/blog\/wp-json\/wp\/v2\/types\/post"}],"author":[{"embeddable":true,"href":"https:\/\/gavri-src.addisnetwork.es\/blog\/wp-json\/wp\/v2\/users\/2"}],"replies":[{"embeddable":true,"href":"https:\/\/gavri-src.addisnetwork.es\/blog\/wp-json\/wp\/v2\/comments?post=759"}],"version-history":[{"count":1,"href":"https:\/\/gavri-src.addisnetwork.es\/blog\/wp-json\/wp\/v2\/posts\/759\/revisions"}],"predecessor-version":[{"id":761,"href":"https:\/\/gavri-src.addisnetwork.es\/blog\/wp-json\/wp\/v2\/posts\/759\/revisions\/761"}],"wp:featuredmedia":[{"embeddable":true,"href":"https:\/\/gavri-src.addisnetwork.es\/blog\/wp-json\/wp\/v2\/media\/760"}],"wp:attachment":[{"href":"https:\/\/gavri-src.addisnetwork.es\/blog\/wp-json\/wp\/v2\/media?parent=759"}],"wp:term":[{"taxonomy":"category","embeddable":true,"href":"https:\/\/gavri-src.addisnetwork.es\/blog\/wp-json\/wp\/v2\/categories?post=759"},{"taxonomy":"post_tag","embeddable":true,"href":"https:\/\/gavri-src.addisnetwork.es\/blog\/wp-json\/wp\/v2\/tags?post=759"}],"curies":[{"name":"wp","href":"https:\/\/api.w.org\/{rel}","templated":true}]}}