{"id":76,"date":"2020-12-21T18:55:00","date_gmt":"2020-12-21T18:55:00","guid":{"rendered":"https:\/\/gavri.ivansol.com\/blog\/?p=76"},"modified":"2021-04-30T14:36:35","modified_gmt":"2021-04-30T14:36:35","slug":"4-trucos-de-diseno-para-combinar-el-ventilador-de-techo-b76","status":"publish","type":"post","link":"https:\/\/gavri-src.addisnetwork.es\/blog\/4-trucos-de-diseno-para-combinar-el-ventilador-de-techo-b76.html","title":{"rendered":"4 trucos de dise\u00f1o para combinar el ventilador de techo"},"content":{"rendered":"\n<p>Se acerca el calor\u2026 \u00bfEst\u00e1s pensando en un&nbsp;<a href=\"https:\/\/gavri.es\/ventiladores-de-techo\">ventilador de techo<\/a> que combine con tu habitaci\u00f3n pero no sabes por d\u00f3nde empezar? Quiz\u00e1 puede quedar bien uno grande, de metal, en blanco&#8230; Con tantas opciones al principio puede parecer ca\u00f3tico.<\/p>\n\n\n\n<p>Un buen \u201catajo\u201d para encontrar el<span style=\"text-decoration: underline;\"><a href=\"https:\/\/decoracion2.com\/opendeco\/ventiladores-de-techo-con-luz\/\" target=\"_blank\" rel=\"noreferrer noopener nofollow\"> ideal para tu habitaci\u00f3n<\/a><\/span> es usar un par de trucos \u00f3pticos como el uso de colores adecuados o barras de extensi\u00f3n. Aunque lo m\u00e1s importante es, por supuesto, la forma y material del ventilador.<\/p>\n\n\n\n<h2 class=\"wp-block-heading\"><span style=\"color: #3498db;\">Tama\u00f1o de la h\u00e9lice: enfoque en el contraste de color para resalte \u00f3ptico<\/span><\/h2>\n\n\n\n<p>El ventilador de techo es un elemento decorativo m\u00e1s que un electrodom\u00e9stico al uso. Es un complemento de dise\u00f1o muy visible que puede dar un toque especial al interior de casa. Si optas por un ventilador peque\u00f1o o uno simple puedes pasar desapercibido en la habitaci\u00f3n.<\/p>\n\n\n\n<p>Por el contrario, si deseas que destaque, opta por modelos que contrasten con el color del techo. Las aspas oscuras en contraposici\u00f3n con el techo blanco es el mayor ejemplo de c\u00f3mo resaltar un ventilador lo m\u00e1ximo como sea posible. Lo mismo a la inversa: un ventilador claro para un techo oscuro. En este tipo de contrastes el efecto se consigue ya sea si has elegido un color brillante o no.<\/p>\n\n\n\n<p>Si has necesitas un ventilador grande y temes que pueda ocupar demasiado espacio en la habitaci\u00f3n, opta por un color m\u00e1s similar al del techo. Esto reduce el efecto \u00f3ptico del contraste al hacer que se fusiona m\u00e1s con el techo. De esta forma no interfiere tanto visualmente.<\/p>\n\n\n\n<h2 class=\"wp-block-heading\"><span style=\"color: #3498db;\">Forma y estilo: elige a los aficionados cuidadosamente<\/span><\/h2>\n\n\n\n<p>\u00bfSe debe optar por un modelo simple o por uno con estilo? Menos es a veces m\u00e1s. Aunque los tonos decorativos como el Eco Genuino pueden parecer llamativos, tienen una forma distintiva y pueden no acabar de combinar con otros modelos. Si en tu casa tienes una decoraci\u00f3n diferente o con un estilo muy propio, lo mejor es un ventilador sencillo, que no desentone.<\/p>\n\n\n\n<figure class=\"wp-block-image\"><img decoding=\"async\" src=\"https:\/\/gavri.es\/img\/cms\/Blog\/genuino-consejos-combinar-ventiladores-techo.jpg\" alt=\"Ventilador de techo negro para combinar con muebles\"\/><\/figure>\n\n\n\n<p>Es necesario tener en cuenta el color y la forma de las aspas para poder elegir un ventilador de techo que se corresponda con la atm\u00f3sfera que intentas crear en la habitaci\u00f3n. Si bien es aconsejable alinear el ventilador al estilo de la habitaci\u00f3n, hay excepciones que confirman la regla.<\/p>\n\n\n\n<h2 class=\"wp-block-heading\"><span style=\"color: #3498db;\">La clave est\u00e1 en la armon\u00eda: de simple a simple y de moderno a moderno<\/span><\/h2>\n\n\n\n<p>Los ventiladores de techo simples se adaptan mejor a interiores sencillos y viceversa. Usando esta regla casi nunca te equivocar\u00e1s. Aun as\u00ed, hay algunos ventiladores que no importa como sea la decoraci\u00f3n de la habitaci\u00f3n siempre quedan bien, como por ejemplo el modelo estrella de CasaFan, el <span style=\"text-decoration: underline;\"><a href=\"https:\/\/gavri.es\/buscar?controller=search&amp;s=genuino\" target=\"_blank\" rel=\"noopener\">Eco Genuino<\/a><\/span>: simple y tradicional, con un toque ligeramente moderno.<\/p>\n\n\n\n<p>De forma excepcional, hay algunos modelos con aspas transparentes y con el motor blanco que se camufla a la perfecci\u00f3n con el techo y queda disimulado en la habitaci\u00f3n.<\/p>\n\n\n\n<h2 class=\"wp-block-heading\"><span style=\"color: #3498db;\">Atr\u00e9vete a jugar con las barras de extensi\u00f3n<\/span><\/h2>\n\n\n\n<p>Las barras de extensi\u00f3n no son solo una parte m\u00e1s del ventilador de techo. Estas se pueden cambiar y combinar con los colores que desees. Puedes poner las aspas en color madera y la barra de extensi\u00f3n en blanco o incluso en color negro. Una buena muestra de ello es este modelo que juega con las tonalidades de las aspas y las barras.<\/p>\n\n\n\n<figure class=\"wp-block-image\"><img decoding=\"async\" src=\"https:\/\/gavri.es\/img\/cms\/Blog\/motor-negro-consejos-combinar-ventiladores-techo.jpg\" alt=\"tip para combinar dise\u00f1o habitaic\u00f3n ventilador negro\"\/><\/figure>\n\n\n\n<p>Sea como fuere, busques el modelo que busques en GAVRI.es probablemente vayas a encontrarlo. Con m\u00e1s de&nbsp;<span style=\"text-decoration: underline;\"><a href=\"https:\/\/gavri.es\/ventiladores-de-techo\" target=\"_blank\" rel=\"noopener\">320 art\u00edculos<\/a> <\/span>es muy probable que encuentres justo el modelo que buscas.<\/p>\n","protected":false},"excerpt":{"rendered":"<p>Se acerca el calor\u2026 \u00bfEst\u00e1s pensando en un&nbsp;ventilador de techo que combine con tu habitaci\u00f3n pero no sabes por d\u00f3nde empezar? Quiz\u00e1 puede quedar bien uno grande, de metal, en blanco&#8230; Con tantas opciones al principio &#8230; <a title=\"4 trucos de dise\u00f1o para combinar el ventilador de techo\" class=\"read-more\" href=\"https:\/\/gavri-src.addisnetwork.es\/blog\/4-trucos-de-diseno-para-combinar-el-ventilador-de-techo-b76.html\" aria-label=\"M\u00e1s en 4 trucos de dise\u00f1o para combinar el ventilador de techo\">Leer m\u00e1s<\/a><\/p>\n","protected":false},"author":1,"featured_media":172,"comment_status":"open","ping_status":"closed","sticky":false,"template":"","format":"standard","meta":{"footnotes":""},"categories":[1],"tags":[],"class_list":["post-76","post","type-post","status-publish","format-standard","has-post-thumbnail","hentry","category-sin-categoria","generate-columns","tablet-grid-50","mobile-grid-100","grid-parent","grid-50","no-featured-image-padding"],"yoast_head":"<!-- This site is optimized with the Yoast SEO plugin v27.5 - https:\/\/yoast.com\/product\/yoast-seo-wordpress\/ -->\n<title>4 trucos de dise\u00f1o para combinar el ventilador de techo - Blog de Gavri.es<\/title>\n<meta name=\"description\" content=\"En este post te ense\u00f1amos como combinar tu ventilador de techo en tu comedor juntamente con tus muebles y decoraci\u00f3n.\" \/>\n<meta name=\"robots\" content=\"index, follow, max-snippet:-1, max-image-preview:large, max-video-preview:-1\" \/>\n<link rel=\"canonical\" href=\"https:\/\/gavri-src.addisnetwork.es\/blog\/4-trucos-de-diseno-para-combinar-el-ventilador-de-techo-b76.html\" \/>\n<meta property=\"og:locale\" content=\"es_ES\" \/>\n<meta property=\"og:type\" content=\"article\" \/>\n<meta property=\"og:title\" content=\"4 trucos de dise\u00f1o para combinar el ventilador de techo - Blog de Gavri.es\" \/>\n<meta property=\"og:description\" content=\"En este post te ense\u00f1amos como combinar tu ventilador de techo en tu comedor juntamente con tus muebles y decoraci\u00f3n.\" \/>\n<meta property=\"og:url\" content=\"https:\/\/gavri-src.addisnetwork.es\/blog\/4-trucos-de-diseno-para-combinar-el-ventilador-de-techo-b76.html\" \/>\n<meta property=\"og:site_name\" content=\"Blog de Gavri.es\" \/>\n<meta property=\"article:published_time\" content=\"2020-12-21T18:55:00+00:00\" \/>\n<meta property=\"article:modified_time\" content=\"2021-04-30T14:36:35+00:00\" \/>\n<meta property=\"og:image\" content=\"https:\/\/gavri-src.addisnetwork.es\/blog\/wp-content\/uploads\/2020\/12\/lg-b-consejos-combinar-ventiladores-techo.jpg\" \/>\n\t<meta property=\"og:image:width\" content=\"1900\" \/>\n\t<meta property=\"og:image:height\" content=\"781\" \/>\n\t<meta property=\"og:image:type\" content=\"image\/jpeg\" \/>\n<meta name=\"author\" content=\"Gavri\" \/>\n<meta name=\"twitter:card\" content=\"summary_large_image\" \/>\n<meta name=\"twitter:label1\" content=\"Escrito por\" \/>\n\t<meta name=\"twitter:data1\" content=\"Gavri\" \/>\n\t<meta name=\"twitter:label2\" content=\"Tiempo de lectura\" \/>\n\t<meta name=\"twitter:data2\" content=\"3 minutos\" \/>\n<script type=\"application\/ld+json\" class=\"yoast-schema-graph\">{\"@context\":\"https:\\\/\\\/schema.org\",\"@graph\":[{\"@type\":\"Article\",\"@id\":\"https:\\\/\\\/gavri-src.addisnetwork.es\\\/blog\\\/4-trucos-de-diseno-para-combinar-el-ventilador-de-techo-b76.html#article\",\"isPartOf\":{\"@id\":\"https:\\\/\\\/gavri-src.addisnetwork.es\\\/blog\\\/4-trucos-de-diseno-para-combinar-el-ventilador-de-techo-b76.html\"},\"author\":{\"name\":\"Gavri\",\"@id\":\"https:\\\/\\\/gavri-src.addisnetwork.es\\\/blog\\\/#\\\/schema\\\/person\\\/3df0699bd314187860df00e3b73fbf75\"},\"headline\":\"4 trucos de dise\u00f1o para combinar el ventilador de techo\",\"datePublished\":\"2020-12-21T18:55:00+00:00\",\"dateModified\":\"2021-04-30T14:36:35+00:00\",\"mainEntityOfPage\":{\"@id\":\"https:\\\/\\\/gavri-src.addisnetwork.es\\\/blog\\\/4-trucos-de-diseno-para-combinar-el-ventilador-de-techo-b76.html\"},\"wordCount\":631,\"commentCount\":0,\"publisher\":{\"@id\":\"https:\\\/\\\/gavri-src.addisnetwork.es\\\/blog\\\/#organization\"},\"image\":{\"@id\":\"https:\\\/\\\/gavri-src.addisnetwork.es\\\/blog\\\/4-trucos-de-diseno-para-combinar-el-ventilador-de-techo-b76.html#primaryimage\"},\"thumbnailUrl\":\"https:\\\/\\\/gavri-src.addisnetwork.es\\\/blog\\\/wp-content\\\/uploads\\\/2020\\\/12\\\/lg-b-consejos-combinar-ventiladores-techo.jpg\",\"inLanguage\":\"es\",\"potentialAction\":[{\"@type\":\"CommentAction\",\"name\":\"Comment\",\"target\":[\"https:\\\/\\\/gavri-src.addisnetwork.es\\\/blog\\\/4-trucos-de-diseno-para-combinar-el-ventilador-de-techo-b76.html#respond\"]}]},{\"@type\":\"WebPage\",\"@id\":\"https:\\\/\\\/gavri-src.addisnetwork.es\\\/blog\\\/4-trucos-de-diseno-para-combinar-el-ventilador-de-techo-b76.html\",\"url\":\"https:\\\/\\\/gavri-src.addisnetwork.es\\\/blog\\\/4-trucos-de-diseno-para-combinar-el-ventilador-de-techo-b76.html\",\"name\":\"4 trucos de dise\u00f1o para combinar el ventilador de techo - Blog de Gavri.es\",\"isPartOf\":{\"@id\":\"https:\\\/\\\/gavri-src.addisnetwork.es\\\/blog\\\/#website\"},\"primaryImageOfPage\":{\"@id\":\"https:\\\/\\\/gavri-src.addisnetwork.es\\\/blog\\\/4-trucos-de-diseno-para-combinar-el-ventilador-de-techo-b76.html#primaryimage\"},\"image\":{\"@id\":\"https:\\\/\\\/gavri-src.addisnetwork.es\\\/blog\\\/4-trucos-de-diseno-para-combinar-el-ventilador-de-techo-b76.html#primaryimage\"},\"thumbnailUrl\":\"https:\\\/\\\/gavri-src.addisnetwork.es\\\/blog\\\/wp-content\\\/uploads\\\/2020\\\/12\\\/lg-b-consejos-combinar-ventiladores-techo.jpg\",\"datePublished\":\"2020-12-21T18:55:00+00:00\",\"dateModified\":\"2021-04-30T14:36:35+00:00\",\"description\":\"En este post te ense\u00f1amos como combinar tu ventilador de techo en tu comedor juntamente con tus muebles y decoraci\u00f3n.\",\"breadcrumb\":{\"@id\":\"https:\\\/\\\/gavri-src.addisnetwork.es\\\/blog\\\/4-trucos-de-diseno-para-combinar-el-ventilador-de-techo-b76.html#breadcrumb\"},\"inLanguage\":\"es\",\"potentialAction\":[{\"@type\":\"ReadAction\",\"target\":[\"https:\\\/\\\/gavri-src.addisnetwork.es\\\/blog\\\/4-trucos-de-diseno-para-combinar-el-ventilador-de-techo-b76.html\"]}]},{\"@type\":\"ImageObject\",\"inLanguage\":\"es\",\"@id\":\"https:\\\/\\\/gavri-src.addisnetwork.es\\\/blog\\\/4-trucos-de-diseno-para-combinar-el-ventilador-de-techo-b76.html#primaryimage\",\"url\":\"https:\\\/\\\/gavri-src.addisnetwork.es\\\/blog\\\/wp-content\\\/uploads\\\/2020\\\/12\\\/lg-b-consejos-combinar-ventiladores-techo.jpg\",\"contentUrl\":\"https:\\\/\\\/gavri-src.addisnetwork.es\\\/blog\\\/wp-content\\\/uploads\\\/2020\\\/12\\\/lg-b-consejos-combinar-ventiladores-techo.jpg\",\"width\":1900,\"height\":781},{\"@type\":\"BreadcrumbList\",\"@id\":\"https:\\\/\\\/gavri-src.addisnetwork.es\\\/blog\\\/4-trucos-de-diseno-para-combinar-el-ventilador-de-techo-b76.html#breadcrumb\",\"itemListElement\":[{\"@type\":\"ListItem\",\"position\":1,\"name\":\"Portada\",\"item\":\"https:\\\/\\\/gavri-src.addisnetwork.es\\\/blog\"},{\"@type\":\"ListItem\",\"position\":2,\"name\":\"4 trucos de dise\u00f1o para combinar el ventilador de techo\"}]},{\"@type\":\"WebSite\",\"@id\":\"https:\\\/\\\/gavri-src.addisnetwork.es\\\/blog\\\/#website\",\"url\":\"https:\\\/\\\/gavri-src.addisnetwork.es\\\/blog\\\/\",\"name\":\"Blog de Gavri.es\",\"description\":\"Blog de Gavri.es\",\"publisher\":{\"@id\":\"https:\\\/\\\/gavri-src.addisnetwork.es\\\/blog\\\/#organization\"},\"potentialAction\":[{\"@type\":\"SearchAction\",\"target\":{\"@type\":\"EntryPoint\",\"urlTemplate\":\"https:\\\/\\\/gavri-src.addisnetwork.es\\\/blog\\\/?s={search_term_string}\"},\"query-input\":{\"@type\":\"PropertyValueSpecification\",\"valueRequired\":true,\"valueName\":\"search_term_string\"}}],\"inLanguage\":\"es\"},{\"@type\":\"Organization\",\"@id\":\"https:\\\/\\\/gavri-src.addisnetwork.es\\\/blog\\\/#organization\",\"name\":\"Blog de Gavri.es\",\"url\":\"https:\\\/\\\/gavri-src.addisnetwork.es\\\/blog\\\/\",\"logo\":{\"@type\":\"ImageObject\",\"inLanguage\":\"es\",\"@id\":\"https:\\\/\\\/gavri-src.addisnetwork.es\\\/blog\\\/#\\\/schema\\\/logo\\\/image\\\/\",\"url\":\"https:\\\/\\\/gavri-src.addisnetwork.es\\\/blog\\\/wp-content\\\/uploads\\\/2021\\\/01\\\/cropped-LOGO-gavries-blog-1.png\",\"contentUrl\":\"https:\\\/\\\/gavri-src.addisnetwork.es\\\/blog\\\/wp-content\\\/uploads\\\/2021\\\/01\\\/cropped-LOGO-gavries-blog-1.png\",\"width\":520,\"height\":104,\"caption\":\"Blog de Gavri.es\"},\"image\":{\"@id\":\"https:\\\/\\\/gavri-src.addisnetwork.es\\\/blog\\\/#\\\/schema\\\/logo\\\/image\\\/\"}},{\"@type\":\"Person\",\"@id\":\"https:\\\/\\\/gavri-src.addisnetwork.es\\\/blog\\\/#\\\/schema\\\/person\\\/3df0699bd314187860df00e3b73fbf75\",\"name\":\"Gavri\",\"image\":{\"@type\":\"ImageObject\",\"inLanguage\":\"es\",\"@id\":\"https:\\\/\\\/secure.gravatar.com\\\/avatar\\\/6fc6afbbb919cee1ae64c74ed55bf75da72aade68e84f27c0a3a05bd98ccf2a0?s=96&d=mm&r=g\",\"url\":\"https:\\\/\\\/secure.gravatar.com\\\/avatar\\\/6fc6afbbb919cee1ae64c74ed55bf75da72aade68e84f27c0a3a05bd98ccf2a0?s=96&d=mm&r=g\",\"contentUrl\":\"https:\\\/\\\/secure.gravatar.com\\\/avatar\\\/6fc6afbbb919cee1ae64c74ed55bf75da72aade68e84f27c0a3a05bd98ccf2a0?s=96&d=mm&r=g\",\"caption\":\"Gavri\"},\"sameAs\":[\"https:\\\/\\\/gavri.es\\\/blog\"]}]}<\/script>\n<!-- \/ Yoast SEO plugin. -->","yoast_head_json":{"title":"4 trucos de dise\u00f1o para combinar el ventilador de techo - Blog de Gavri.es","description":"En este post te ense\u00f1amos como combinar tu ventilador de techo en tu comedor juntamente con tus muebles y decoraci\u00f3n.","robots":{"index":"index","follow":"follow","max-snippet":"max-snippet:-1","max-image-preview":"max-image-preview:large","max-video-preview":"max-video-preview:-1"},"canonical":"https:\/\/gavri-src.addisnetwork.es\/blog\/4-trucos-de-diseno-para-combinar-el-ventilador-de-techo-b76.html","og_locale":"es_ES","og_type":"article","og_title":"4 trucos de dise\u00f1o para combinar el ventilador de techo - Blog de Gavri.es","og_description":"En este post te ense\u00f1amos como combinar tu ventilador de techo en tu comedor juntamente con tus muebles y decoraci\u00f3n.","og_url":"https:\/\/gavri-src.addisnetwork.es\/blog\/4-trucos-de-diseno-para-combinar-el-ventilador-de-techo-b76.html","og_site_name":"Blog de Gavri.es","article_published_time":"2020-12-21T18:55:00+00:00","article_modified_time":"2021-04-30T14:36:35+00:00","og_image":[{"width":1900,"height":781,"url":"https:\/\/gavri-src.addisnetwork.es\/blog\/wp-content\/uploads\/2020\/12\/lg-b-consejos-combinar-ventiladores-techo.jpg","type":"image\/jpeg"}],"author":"Gavri","twitter_card":"summary_large_image","twitter_misc":{"Escrito por":"Gavri","Tiempo de lectura":"3 minutos"},"schema":{"@context":"https:\/\/schema.org","@graph":[{"@type":"Article","@id":"https:\/\/gavri-src.addisnetwork.es\/blog\/4-trucos-de-diseno-para-combinar-el-ventilador-de-techo-b76.html#article","isPartOf":{"@id":"https:\/\/gavri-src.addisnetwork.es\/blog\/4-trucos-de-diseno-para-combinar-el-ventilador-de-techo-b76.html"},"author":{"name":"Gavri","@id":"https:\/\/gavri-src.addisnetwork.es\/blog\/#\/schema\/person\/3df0699bd314187860df00e3b73fbf75"},"headline":"4 trucos de dise\u00f1o para combinar el ventilador de techo","datePublished":"2020-12-21T18:55:00+00:00","dateModified":"2021-04-30T14:36:35+00:00","mainEntityOfPage":{"@id":"https:\/\/gavri-src.addisnetwork.es\/blog\/4-trucos-de-diseno-para-combinar-el-ventilador-de-techo-b76.html"},"wordCount":631,"commentCount":0,"publisher":{"@id":"https:\/\/gavri-src.addisnetwork.es\/blog\/#organization"},"image":{"@id":"https:\/\/gavri-src.addisnetwork.es\/blog\/4-trucos-de-diseno-para-combinar-el-ventilador-de-techo-b76.html#primaryimage"},"thumbnailUrl":"https:\/\/gavri-src.addisnetwork.es\/blog\/wp-content\/uploads\/2020\/12\/lg-b-consejos-combinar-ventiladores-techo.jpg","inLanguage":"es","potentialAction":[{"@type":"CommentAction","name":"Comment","target":["https:\/\/gavri-src.addisnetwork.es\/blog\/4-trucos-de-diseno-para-combinar-el-ventilador-de-techo-b76.html#respond"]}]},{"@type":"WebPage","@id":"https:\/\/gavri-src.addisnetwork.es\/blog\/4-trucos-de-diseno-para-combinar-el-ventilador-de-techo-b76.html","url":"https:\/\/gavri-src.addisnetwork.es\/blog\/4-trucos-de-diseno-para-combinar-el-ventilador-de-techo-b76.html","name":"4 trucos de dise\u00f1o para combinar el ventilador de techo - Blog de Gavri.es","isPartOf":{"@id":"https:\/\/gavri-src.addisnetwork.es\/blog\/#website"},"primaryImageOfPage":{"@id":"https:\/\/gavri-src.addisnetwork.es\/blog\/4-trucos-de-diseno-para-combinar-el-ventilador-de-techo-b76.html#primaryimage"},"image":{"@id":"https:\/\/gavri-src.addisnetwork.es\/blog\/4-trucos-de-diseno-para-combinar-el-ventilador-de-techo-b76.html#primaryimage"},"thumbnailUrl":"https:\/\/gavri-src.addisnetwork.es\/blog\/wp-content\/uploads\/2020\/12\/lg-b-consejos-combinar-ventiladores-techo.jpg","datePublished":"2020-12-21T18:55:00+00:00","dateModified":"2021-04-30T14:36:35+00:00","description":"En este post te ense\u00f1amos como combinar tu ventilador de techo en tu comedor juntamente con tus muebles y decoraci\u00f3n.","breadcrumb":{"@id":"https:\/\/gavri-src.addisnetwork.es\/blog\/4-trucos-de-diseno-para-combinar-el-ventilador-de-techo-b76.html#breadcrumb"},"inLanguage":"es","potentialAction":[{"@type":"ReadAction","target":["https:\/\/gavri-src.addisnetwork.es\/blog\/4-trucos-de-diseno-para-combinar-el-ventilador-de-techo-b76.html"]}]},{"@type":"ImageObject","inLanguage":"es","@id":"https:\/\/gavri-src.addisnetwork.es\/blog\/4-trucos-de-diseno-para-combinar-el-ventilador-de-techo-b76.html#primaryimage","url":"https:\/\/gavri-src.addisnetwork.es\/blog\/wp-content\/uploads\/2020\/12\/lg-b-consejos-combinar-ventiladores-techo.jpg","contentUrl":"https:\/\/gavri-src.addisnetwork.es\/blog\/wp-content\/uploads\/2020\/12\/lg-b-consejos-combinar-ventiladores-techo.jpg","width":1900,"height":781},{"@type":"BreadcrumbList","@id":"https:\/\/gavri-src.addisnetwork.es\/blog\/4-trucos-de-diseno-para-combinar-el-ventilador-de-techo-b76.html#breadcrumb","itemListElement":[{"@type":"ListItem","position":1,"name":"Portada","item":"https:\/\/gavri-src.addisnetwork.es\/blog"},{"@type":"ListItem","position":2,"name":"4 trucos de dise\u00f1o para combinar el ventilador de techo"}]},{"@type":"WebSite","@id":"https:\/\/gavri-src.addisnetwork.es\/blog\/#website","url":"https:\/\/gavri-src.addisnetwork.es\/blog\/","name":"Blog de Gavri.es","description":"Blog de Gavri.es","publisher":{"@id":"https:\/\/gavri-src.addisnetwork.es\/blog\/#organization"},"potentialAction":[{"@type":"SearchAction","target":{"@type":"EntryPoint","urlTemplate":"https:\/\/gavri-src.addisnetwork.es\/blog\/?s={search_term_string}"},"query-input":{"@type":"PropertyValueSpecification","valueRequired":true,"valueName":"search_term_string"}}],"inLanguage":"es"},{"@type":"Organization","@id":"https:\/\/gavri-src.addisnetwork.es\/blog\/#organization","name":"Blog de Gavri.es","url":"https:\/\/gavri-src.addisnetwork.es\/blog\/","logo":{"@type":"ImageObject","inLanguage":"es","@id":"https:\/\/gavri-src.addisnetwork.es\/blog\/#\/schema\/logo\/image\/","url":"https:\/\/gavri-src.addisnetwork.es\/blog\/wp-content\/uploads\/2021\/01\/cropped-LOGO-gavries-blog-1.png","contentUrl":"https:\/\/gavri-src.addisnetwork.es\/blog\/wp-content\/uploads\/2021\/01\/cropped-LOGO-gavries-blog-1.png","width":520,"height":104,"caption":"Blog de Gavri.es"},"image":{"@id":"https:\/\/gavri-src.addisnetwork.es\/blog\/#\/schema\/logo\/image\/"}},{"@type":"Person","@id":"https:\/\/gavri-src.addisnetwork.es\/blog\/#\/schema\/person\/3df0699bd314187860df00e3b73fbf75","name":"Gavri","image":{"@type":"ImageObject","inLanguage":"es","@id":"https:\/\/secure.gravatar.com\/avatar\/6fc6afbbb919cee1ae64c74ed55bf75da72aade68e84f27c0a3a05bd98ccf2a0?s=96&d=mm&r=g","url":"https:\/\/secure.gravatar.com\/avatar\/6fc6afbbb919cee1ae64c74ed55bf75da72aade68e84f27c0a3a05bd98ccf2a0?s=96&d=mm&r=g","contentUrl":"https:\/\/secure.gravatar.com\/avatar\/6fc6afbbb919cee1ae64c74ed55bf75da72aade68e84f27c0a3a05bd98ccf2a0?s=96&d=mm&r=g","caption":"Gavri"},"sameAs":["https:\/\/gavri.es\/blog"]}]}},"_links":{"self":[{"href":"https:\/\/gavri-src.addisnetwork.es\/blog\/wp-json\/wp\/v2\/posts\/76","targetHints":{"allow":["GET"]}}],"collection":[{"href":"https:\/\/gavri-src.addisnetwork.es\/blog\/wp-json\/wp\/v2\/posts"}],"about":[{"href":"https:\/\/gavri-src.addisnetwork.es\/blog\/wp-json\/wp\/v2\/types\/post"}],"author":[{"embeddable":true,"href":"https:\/\/gavri-src.addisnetwork.es\/blog\/wp-json\/wp\/v2\/users\/1"}],"replies":[{"embeddable":true,"href":"https:\/\/gavri-src.addisnetwork.es\/blog\/wp-json\/wp\/v2\/comments?post=76"}],"version-history":[{"count":2,"href":"https:\/\/gavri-src.addisnetwork.es\/blog\/wp-json\/wp\/v2\/posts\/76\/revisions"}],"predecessor-version":[{"id":464,"href":"https:\/\/gavri-src.addisnetwork.es\/blog\/wp-json\/wp\/v2\/posts\/76\/revisions\/464"}],"wp:featuredmedia":[{"embeddable":true,"href":"https:\/\/gavri-src.addisnetwork.es\/blog\/wp-json\/wp\/v2\/media\/172"}],"wp:attachment":[{"href":"https:\/\/gavri-src.addisnetwork.es\/blog\/wp-json\/wp\/v2\/media?parent=76"}],"wp:term":[{"taxonomy":"category","embeddable":true,"href":"https:\/\/gavri-src.addisnetwork.es\/blog\/wp-json\/wp\/v2\/categories?post=76"},{"taxonomy":"post_tag","embeddable":true,"href":"https:\/\/gavri-src.addisnetwork.es\/blog\/wp-json\/wp\/v2\/tags?post=76"}],"curies":[{"name":"wp","href":"https:\/\/api.w.org\/{rel}","templated":true}]}}