{"id":766,"date":"2023-01-18T14:39:37","date_gmt":"2023-01-18T14:39:37","guid":{"rendered":"https:\/\/gavri.es\/blog\/?p=766"},"modified":"2023-01-18T14:39:38","modified_gmt":"2023-01-18T14:39:38","slug":"ventiladores-techo-aspas-sin-aspas-cual-elegir","status":"publish","type":"post","link":"https:\/\/gavri-src.addisnetwork.es\/blog\/ventiladores-techo-aspas-sin-aspas-cual-elegir.html","title":{"rendered":"<strong>Ventiladores de techo con aspas o sin aspas, \u00bfcu\u00e1l elegir?<\/strong>"},"content":{"rendered":"\n<p>Los ventiladores de techo con aspas o sin aspas comparten muchas similitudes con respecto a su funcionamiento, pero tambi\u00e9n muchas otras diferencias. Es por eso por lo que a la hora de comprar uno de estos sistemas de ventilaci\u00f3n para el hogar es normal que empiecen a surgir dudas.<\/p>\n\n\n\n<p>En este caso la est\u00e9tica es un valor de peso que puede influenciar mucho a la hora de tomar una decisi\u00f3n, no obstante, no es lo \u00fanico con lo que te tienes que quedar. De modo que, si est\u00e1s pensando en invertir para comprarte un ventilador de techo de calidad, \u00a1presta mucha atenci\u00f3n! En <a href=\"https:\/\/gavri.es\/\" target=\"_blank\" rel=\"noreferrer noopener\">Gavri<\/a> te contamos todo lo que debes saber sobre ambos modelos. \u00a1Sigue leyendo para conocer m\u00e1s!<\/p>\n\n\n\n<!--more-->\n\n\n\n<h2 class=\"wp-block-heading\"><strong>Diferencias entre los ventiladores de techo con aspas y sin aspas<\/strong><\/h2>\n\n\n\n<p>Si est\u00e1s dudando entre ambos tipos de ventiladores, quiz\u00e1 te sirva de ayuda conocer las diferencias entre ambos modelos.<\/p>\n\n\n\n<p>Con respecto a <strong>la seguridad<\/strong>, es cierto que las aspas pueden parecer un peligro, sobre todo si se cuenta con ni\u00f1os peque\u00f1os en casa, por eso, quiz\u00e1 sea mucho mejor optar por <strong>ventiladores sin aspas<\/strong> que mantienen su mecanismo oculto en la carcasa.<\/p>\n\n\n\n<p>Por otro lado, el <strong>dise\u00f1o de los ventiladores sin aspas<\/strong> parece m\u00e1s moderno, minimalista e innovador, por lo que si no quieres que cobre gran protagonismo en la decoraci\u00f3n son una alternativa realmente acertada. Sin embargo, algunos modelos con aspas como el <a href=\"https:\/\/gavri.es\/inicio\/ventilador-de-techo-casafan-eco-concept-132cm-cerezo-nogal\" target=\"_blank\" rel=\"noreferrer noopener\"><strong>Ventilador de Techo CasaFan Eco Concept 132cm Cerezo\/Nogal<\/strong> <\/a>se pueden convertir en una pieza complementaria de la decoraci\u00f3n de tu hogar. \u00a1Tenlo en cuenta!<\/p>\n\n\n\n<h3 class=\"wp-block-heading\"><strong>Qu\u00e9 tipos de ventiladores para techo sin aspas existen<\/strong><\/h3>\n\n\n\n<p>Los ventiladores sin aspas son <strong>m\u00e1s discretos y neutrales<\/strong> ya que son m\u00e1s peque\u00f1os y compactos. Estos modelos est\u00e1n pensados para refrescar la estancia en verano de forma silenciosa y sin molestar de forma est\u00e9tica.<\/p>\n\n\n\n<p>As\u00ed que, si lo que buscas es evitar las altas temperaturas en la \u00e9pocas m\u00e1s calurosas del a\u00f1o, \u00a1es tu mejor opci\u00f3n! Nosotros te recomendamos un modelo b\u00e1sico de calidad como el <strong><a href=\"https:\/\/gavri.es\/ventiladores-de-techo-sin-aspas\/ventilador-de-techo-sin-aspas-noaton-11055w-callisto-55cm-con-luz-y-mando\" target=\"_blank\" rel=\"noreferrer noopener\">Ventilador de Techo sin Aspas Noaton 11055W Callisto<\/a> <\/strong>con luz LED y mando para un c\u00f3modo funcionamiento. \u00a1Lo encontrar\u00e1s en nuestra web!<\/p>\n\n\n\n<h4 class=\"wp-block-heading\"><strong>Conoce los diferentes modelos de ventiladores de techo modernos con aspas<\/strong><\/h4>\n\n\n\n<p>La selecci\u00f3n de ventiladores de techo con aspas es mucho m\u00e1s amplia, encontrar\u00e1s <strong>modelos de bajo consumo, silenciosos, con luz, con modo invierno\/verano&#8230;etc<\/strong>. De modo que, si lo que te interesa es que te ofrezca todo esto y, adem\u00e1s, una apariencia incre\u00edble para tu sal\u00f3n o dormitorio, \u00a1presta mucha atenci\u00f3n! Porque el<strong> <a href=\"https:\/\/gavri.es\/ventiladores-de-techo\/ventilador-de-techo-con-luz-casafan-92352217-eco-neo-132-arce-o-haya-blanco\" target=\"_blank\" rel=\"noreferrer noopener\">Ventilador de Techo con Luz CasaFan 92352217 ECO NEO 132 Arce o Haya<\/a><\/strong> puede convertirse en una opci\u00f3n potencial.<\/p>\n\n\n\n<p>Este modelo cuenta con <strong>6 velocidades, posibilidad de instalar una l\u00e1mpara, motor de bajo consumo DC y funci\u00f3n de verano e invierno<\/strong> para que puedas usarlo durante todo el a\u00f1o. \u00bfLo vas a dejar escapar?<\/p>\n\n\n\n<p>\u00bfTienes claro cu\u00e1l es tu ventilador perfecto? En Gavri encontrar\u00e1s la mejor selecci\u00f3n de ventiladores de techo online, \u00a1solo tienes que echar un vistazo a nuestra web!<\/p>\n","protected":false},"excerpt":{"rendered":"<p>Los ventiladores de techo con aspas o sin aspas comparten muchas similitudes con respecto a su funcionamiento, pero tambi\u00e9n muchas otras diferencias. Es por eso por lo que a la hora de comprar uno de estos &#8230; <a title=\"Ventiladores de techo con aspas o sin aspas, \u00bfcu\u00e1l elegir?\" class=\"read-more\" href=\"https:\/\/gavri-src.addisnetwork.es\/blog\/ventiladores-techo-aspas-sin-aspas-cual-elegir.html\" aria-label=\"M\u00e1s en Ventiladores de techo con aspas o sin aspas, \u00bfcu\u00e1l elegir?\">Leer m\u00e1s<\/a><\/p>\n","protected":false},"author":2,"featured_media":767,"comment_status":"open","ping_status":"closed","sticky":false,"template":"","format":"standard","meta":{"footnotes":""},"categories":[24],"tags":[8,66,9,67],"class_list":["post-766","post","type-post","status-publish","format-standard","has-post-thumbnail","hentry","category-ventiladores-de-techo","tag-ventiladores","tag-ventiladores-con-aspas","tag-ventiladores-de-techo","tag-ventiladores-sin-aspas","generate-columns","tablet-grid-50","mobile-grid-100","grid-parent","grid-50","no-featured-image-padding"],"yoast_head":"<!-- This site is optimized with the Yoast SEO plugin v27.4 - https:\/\/yoast.com\/product\/yoast-seo-wordpress\/ -->\n<title>Ventiladores de techo con aspas o sin aspas, \u00bfcu\u00e1l elegir?<\/title>\n<meta name=\"description\" content=\"\u00bfConoces las diferencias entre los ventiladores de techo con aspas o sin aspas? \u00a1En Gavri te damos toda la informaci\u00f3n! \u00a1Desc\u00fabrela aqu\u00ed!\" \/>\n<meta name=\"robots\" content=\"index, follow, max-snippet:-1, max-image-preview:large, max-video-preview:-1\" \/>\n<link rel=\"canonical\" href=\"https:\/\/gavri-src.addisnetwork.es\/blog\/ventiladores-techo-aspas-sin-aspas-cual-elegir.html\" \/>\n<meta property=\"og:locale\" content=\"es_ES\" \/>\n<meta property=\"og:type\" content=\"article\" \/>\n<meta property=\"og:title\" content=\"Ventiladores de techo con aspas o sin aspas, \u00bfcu\u00e1l elegir?\" \/>\n<meta property=\"og:description\" content=\"\u00bfConoces las diferencias entre los ventiladores de techo con aspas o sin aspas? \u00a1En Gavri te damos toda la informaci\u00f3n! \u00a1Desc\u00fabrela aqu\u00ed!\" \/>\n<meta property=\"og:url\" content=\"https:\/\/gavri-src.addisnetwork.es\/blog\/ventiladores-techo-aspas-sin-aspas-cual-elegir.html\" \/>\n<meta property=\"og:site_name\" content=\"Blog de Gavri.es\" \/>\n<meta property=\"article:published_time\" content=\"2023-01-18T14:39:37+00:00\" \/>\n<meta property=\"article:modified_time\" content=\"2023-01-18T14:39:38+00:00\" \/>\n<meta property=\"og:image\" content=\"https:\/\/gavri-src.addisnetwork.es\/blog\/wp-content\/uploads\/2023\/01\/Ventiladores-de-techo-con-aspas-o-sin-aspas-cual-elegir.jpg\" \/>\n\t<meta property=\"og:image:width\" content=\"633\" \/>\n\t<meta property=\"og:image:height\" content=\"800\" \/>\n\t<meta property=\"og:image:type\" content=\"image\/jpeg\" \/>\n<meta name=\"author\" content=\"T\u00e9cnico Gavri\" \/>\n<meta name=\"twitter:card\" content=\"summary_large_image\" \/>\n<meta name=\"twitter:label1\" content=\"Escrito por\" \/>\n\t<meta name=\"twitter:data1\" content=\"T\u00e9cnico Gavri\" \/>\n\t<meta name=\"twitter:label2\" content=\"Tiempo de lectura\" \/>\n\t<meta name=\"twitter:data2\" content=\"3 minutos\" \/>\n<script type=\"application\/ld+json\" class=\"yoast-schema-graph\">{\"@context\":\"https:\\\/\\\/schema.org\",\"@graph\":[{\"@type\":\"Article\",\"@id\":\"https:\\\/\\\/gavri-src.addisnetwork.es\\\/blog\\\/ventiladores-techo-aspas-sin-aspas-cual-elegir.html#article\",\"isPartOf\":{\"@id\":\"https:\\\/\\\/gavri-src.addisnetwork.es\\\/blog\\\/ventiladores-techo-aspas-sin-aspas-cual-elegir.html\"},\"author\":{\"name\":\"T\u00e9cnico Gavri\",\"@id\":\"https:\\\/\\\/gavri-src.addisnetwork.es\\\/blog\\\/#\\\/schema\\\/person\\\/587329a98b34cfdbbfd1e7fbe7b65296\"},\"headline\":\"Ventiladores de techo con aspas o sin aspas, \u00bfcu\u00e1l elegir?\",\"datePublished\":\"2023-01-18T14:39:37+00:00\",\"dateModified\":\"2023-01-18T14:39:38+00:00\",\"mainEntityOfPage\":{\"@id\":\"https:\\\/\\\/gavri-src.addisnetwork.es\\\/blog\\\/ventiladores-techo-aspas-sin-aspas-cual-elegir.html\"},\"wordCount\":550,\"commentCount\":0,\"publisher\":{\"@id\":\"https:\\\/\\\/gavri-src.addisnetwork.es\\\/blog\\\/#organization\"},\"image\":{\"@id\":\"https:\\\/\\\/gavri-src.addisnetwork.es\\\/blog\\\/ventiladores-techo-aspas-sin-aspas-cual-elegir.html#primaryimage\"},\"thumbnailUrl\":\"https:\\\/\\\/gavri-src.addisnetwork.es\\\/blog\\\/wp-content\\\/uploads\\\/2023\\\/01\\\/Ventiladores-de-techo-con-aspas-o-sin-aspas-cual-elegir.jpg\",\"keywords\":[\"ventiladores\",\"ventiladores con aspas\",\"ventiladores de techo\",\"ventiladores sin aspas\"],\"articleSection\":[\"Ventiladores de techo\"],\"inLanguage\":\"es\",\"potentialAction\":[{\"@type\":\"CommentAction\",\"name\":\"Comment\",\"target\":[\"https:\\\/\\\/gavri-src.addisnetwork.es\\\/blog\\\/ventiladores-techo-aspas-sin-aspas-cual-elegir.html#respond\"]}]},{\"@type\":\"WebPage\",\"@id\":\"https:\\\/\\\/gavri-src.addisnetwork.es\\\/blog\\\/ventiladores-techo-aspas-sin-aspas-cual-elegir.html\",\"url\":\"https:\\\/\\\/gavri-src.addisnetwork.es\\\/blog\\\/ventiladores-techo-aspas-sin-aspas-cual-elegir.html\",\"name\":\"Ventiladores de techo con aspas o sin aspas, \u00bfcu\u00e1l elegir?\",\"isPartOf\":{\"@id\":\"https:\\\/\\\/gavri-src.addisnetwork.es\\\/blog\\\/#website\"},\"primaryImageOfPage\":{\"@id\":\"https:\\\/\\\/gavri-src.addisnetwork.es\\\/blog\\\/ventiladores-techo-aspas-sin-aspas-cual-elegir.html#primaryimage\"},\"image\":{\"@id\":\"https:\\\/\\\/gavri-src.addisnetwork.es\\\/blog\\\/ventiladores-techo-aspas-sin-aspas-cual-elegir.html#primaryimage\"},\"thumbnailUrl\":\"https:\\\/\\\/gavri-src.addisnetwork.es\\\/blog\\\/wp-content\\\/uploads\\\/2023\\\/01\\\/Ventiladores-de-techo-con-aspas-o-sin-aspas-cual-elegir.jpg\",\"datePublished\":\"2023-01-18T14:39:37+00:00\",\"dateModified\":\"2023-01-18T14:39:38+00:00\",\"description\":\"\u00bfConoces las diferencias entre los ventiladores de techo con aspas o sin aspas? \u00a1En Gavri te damos toda la informaci\u00f3n! \u00a1Desc\u00fabrela aqu\u00ed!\",\"breadcrumb\":{\"@id\":\"https:\\\/\\\/gavri-src.addisnetwork.es\\\/blog\\\/ventiladores-techo-aspas-sin-aspas-cual-elegir.html#breadcrumb\"},\"inLanguage\":\"es\",\"potentialAction\":[{\"@type\":\"ReadAction\",\"target\":[\"https:\\\/\\\/gavri-src.addisnetwork.es\\\/blog\\\/ventiladores-techo-aspas-sin-aspas-cual-elegir.html\"]}]},{\"@type\":\"ImageObject\",\"inLanguage\":\"es\",\"@id\":\"https:\\\/\\\/gavri-src.addisnetwork.es\\\/blog\\\/ventiladores-techo-aspas-sin-aspas-cual-elegir.html#primaryimage\",\"url\":\"https:\\\/\\\/gavri-src.addisnetwork.es\\\/blog\\\/wp-content\\\/uploads\\\/2023\\\/01\\\/Ventiladores-de-techo-con-aspas-o-sin-aspas-cual-elegir.jpg\",\"contentUrl\":\"https:\\\/\\\/gavri-src.addisnetwork.es\\\/blog\\\/wp-content\\\/uploads\\\/2023\\\/01\\\/Ventiladores-de-techo-con-aspas-o-sin-aspas-cual-elegir.jpg\",\"width\":633,\"height\":800,\"caption\":\"Ventiladores de techo con aspas o sin aspas, cu\u00e1l elegir\"},{\"@type\":\"BreadcrumbList\",\"@id\":\"https:\\\/\\\/gavri-src.addisnetwork.es\\\/blog\\\/ventiladores-techo-aspas-sin-aspas-cual-elegir.html#breadcrumb\",\"itemListElement\":[{\"@type\":\"ListItem\",\"position\":1,\"name\":\"Portada\",\"item\":\"https:\\\/\\\/gavri-src.addisnetwork.es\\\/blog\"},{\"@type\":\"ListItem\",\"position\":2,\"name\":\"Ventiladores de techo con aspas o sin aspas, \u00bfcu\u00e1l elegir?\"}]},{\"@type\":\"WebSite\",\"@id\":\"https:\\\/\\\/gavri-src.addisnetwork.es\\\/blog\\\/#website\",\"url\":\"https:\\\/\\\/gavri-src.addisnetwork.es\\\/blog\\\/\",\"name\":\"Blog de Gavri.es\",\"description\":\"Blog de Gavri.es\",\"publisher\":{\"@id\":\"https:\\\/\\\/gavri-src.addisnetwork.es\\\/blog\\\/#organization\"},\"potentialAction\":[{\"@type\":\"SearchAction\",\"target\":{\"@type\":\"EntryPoint\",\"urlTemplate\":\"https:\\\/\\\/gavri-src.addisnetwork.es\\\/blog\\\/?s={search_term_string}\"},\"query-input\":{\"@type\":\"PropertyValueSpecification\",\"valueRequired\":true,\"valueName\":\"search_term_string\"}}],\"inLanguage\":\"es\"},{\"@type\":\"Organization\",\"@id\":\"https:\\\/\\\/gavri-src.addisnetwork.es\\\/blog\\\/#organization\",\"name\":\"Blog de Gavri.es\",\"url\":\"https:\\\/\\\/gavri-src.addisnetwork.es\\\/blog\\\/\",\"logo\":{\"@type\":\"ImageObject\",\"inLanguage\":\"es\",\"@id\":\"https:\\\/\\\/gavri-src.addisnetwork.es\\\/blog\\\/#\\\/schema\\\/logo\\\/image\\\/\",\"url\":\"https:\\\/\\\/gavri-src.addisnetwork.es\\\/blog\\\/wp-content\\\/uploads\\\/2021\\\/01\\\/cropped-LOGO-gavries-blog-1.png\",\"contentUrl\":\"https:\\\/\\\/gavri-src.addisnetwork.es\\\/blog\\\/wp-content\\\/uploads\\\/2021\\\/01\\\/cropped-LOGO-gavries-blog-1.png\",\"width\":520,\"height\":104,\"caption\":\"Blog de Gavri.es\"},\"image\":{\"@id\":\"https:\\\/\\\/gavri-src.addisnetwork.es\\\/blog\\\/#\\\/schema\\\/logo\\\/image\\\/\"}},{\"@type\":\"Person\",\"@id\":\"https:\\\/\\\/gavri-src.addisnetwork.es\\\/blog\\\/#\\\/schema\\\/person\\\/587329a98b34cfdbbfd1e7fbe7b65296\",\"name\":\"T\u00e9cnico Gavri\",\"image\":{\"@type\":\"ImageObject\",\"inLanguage\":\"es\",\"@id\":\"https:\\\/\\\/secure.gravatar.com\\\/avatar\\\/05be1fcb2076939c113859ec2cf09bc4b6b366950c2e7c2d51962780ab5e6d80?s=96&d=mm&r=g\",\"url\":\"https:\\\/\\\/secure.gravatar.com\\\/avatar\\\/05be1fcb2076939c113859ec2cf09bc4b6b366950c2e7c2d51962780ab5e6d80?s=96&d=mm&r=g\",\"contentUrl\":\"https:\\\/\\\/secure.gravatar.com\\\/avatar\\\/05be1fcb2076939c113859ec2cf09bc4b6b366950c2e7c2d51962780ab5e6d80?s=96&d=mm&r=g\",\"caption\":\"T\u00e9cnico Gavri\"}}]}<\/script>\n<!-- \/ Yoast SEO plugin. -->","yoast_head_json":{"title":"Ventiladores de techo con aspas o sin aspas, \u00bfcu\u00e1l elegir?","description":"\u00bfConoces las diferencias entre los ventiladores de techo con aspas o sin aspas? \u00a1En Gavri te damos toda la informaci\u00f3n! \u00a1Desc\u00fabrela aqu\u00ed!","robots":{"index":"index","follow":"follow","max-snippet":"max-snippet:-1","max-image-preview":"max-image-preview:large","max-video-preview":"max-video-preview:-1"},"canonical":"https:\/\/gavri-src.addisnetwork.es\/blog\/ventiladores-techo-aspas-sin-aspas-cual-elegir.html","og_locale":"es_ES","og_type":"article","og_title":"Ventiladores de techo con aspas o sin aspas, \u00bfcu\u00e1l elegir?","og_description":"\u00bfConoces las diferencias entre los ventiladores de techo con aspas o sin aspas? \u00a1En Gavri te damos toda la informaci\u00f3n! \u00a1Desc\u00fabrela aqu\u00ed!","og_url":"https:\/\/gavri-src.addisnetwork.es\/blog\/ventiladores-techo-aspas-sin-aspas-cual-elegir.html","og_site_name":"Blog de Gavri.es","article_published_time":"2023-01-18T14:39:37+00:00","article_modified_time":"2023-01-18T14:39:38+00:00","og_image":[{"width":633,"height":800,"url":"https:\/\/gavri-src.addisnetwork.es\/blog\/wp-content\/uploads\/2023\/01\/Ventiladores-de-techo-con-aspas-o-sin-aspas-cual-elegir.jpg","type":"image\/jpeg"}],"author":"T\u00e9cnico Gavri","twitter_card":"summary_large_image","twitter_misc":{"Escrito por":"T\u00e9cnico Gavri","Tiempo de lectura":"3 minutos"},"schema":{"@context":"https:\/\/schema.org","@graph":[{"@type":"Article","@id":"https:\/\/gavri-src.addisnetwork.es\/blog\/ventiladores-techo-aspas-sin-aspas-cual-elegir.html#article","isPartOf":{"@id":"https:\/\/gavri-src.addisnetwork.es\/blog\/ventiladores-techo-aspas-sin-aspas-cual-elegir.html"},"author":{"name":"T\u00e9cnico Gavri","@id":"https:\/\/gavri-src.addisnetwork.es\/blog\/#\/schema\/person\/587329a98b34cfdbbfd1e7fbe7b65296"},"headline":"Ventiladores de techo con aspas o sin aspas, \u00bfcu\u00e1l elegir?","datePublished":"2023-01-18T14:39:37+00:00","dateModified":"2023-01-18T14:39:38+00:00","mainEntityOfPage":{"@id":"https:\/\/gavri-src.addisnetwork.es\/blog\/ventiladores-techo-aspas-sin-aspas-cual-elegir.html"},"wordCount":550,"commentCount":0,"publisher":{"@id":"https:\/\/gavri-src.addisnetwork.es\/blog\/#organization"},"image":{"@id":"https:\/\/gavri-src.addisnetwork.es\/blog\/ventiladores-techo-aspas-sin-aspas-cual-elegir.html#primaryimage"},"thumbnailUrl":"https:\/\/gavri-src.addisnetwork.es\/blog\/wp-content\/uploads\/2023\/01\/Ventiladores-de-techo-con-aspas-o-sin-aspas-cual-elegir.jpg","keywords":["ventiladores","ventiladores con aspas","ventiladores de techo","ventiladores sin aspas"],"articleSection":["Ventiladores de techo"],"inLanguage":"es","potentialAction":[{"@type":"CommentAction","name":"Comment","target":["https:\/\/gavri-src.addisnetwork.es\/blog\/ventiladores-techo-aspas-sin-aspas-cual-elegir.html#respond"]}]},{"@type":"WebPage","@id":"https:\/\/gavri-src.addisnetwork.es\/blog\/ventiladores-techo-aspas-sin-aspas-cual-elegir.html","url":"https:\/\/gavri-src.addisnetwork.es\/blog\/ventiladores-techo-aspas-sin-aspas-cual-elegir.html","name":"Ventiladores de techo con aspas o sin aspas, \u00bfcu\u00e1l elegir?","isPartOf":{"@id":"https:\/\/gavri-src.addisnetwork.es\/blog\/#website"},"primaryImageOfPage":{"@id":"https:\/\/gavri-src.addisnetwork.es\/blog\/ventiladores-techo-aspas-sin-aspas-cual-elegir.html#primaryimage"},"image":{"@id":"https:\/\/gavri-src.addisnetwork.es\/blog\/ventiladores-techo-aspas-sin-aspas-cual-elegir.html#primaryimage"},"thumbnailUrl":"https:\/\/gavri-src.addisnetwork.es\/blog\/wp-content\/uploads\/2023\/01\/Ventiladores-de-techo-con-aspas-o-sin-aspas-cual-elegir.jpg","datePublished":"2023-01-18T14:39:37+00:00","dateModified":"2023-01-18T14:39:38+00:00","description":"\u00bfConoces las diferencias entre los ventiladores de techo con aspas o sin aspas? \u00a1En Gavri te damos toda la informaci\u00f3n! \u00a1Desc\u00fabrela aqu\u00ed!","breadcrumb":{"@id":"https:\/\/gavri-src.addisnetwork.es\/blog\/ventiladores-techo-aspas-sin-aspas-cual-elegir.html#breadcrumb"},"inLanguage":"es","potentialAction":[{"@type":"ReadAction","target":["https:\/\/gavri-src.addisnetwork.es\/blog\/ventiladores-techo-aspas-sin-aspas-cual-elegir.html"]}]},{"@type":"ImageObject","inLanguage":"es","@id":"https:\/\/gavri-src.addisnetwork.es\/blog\/ventiladores-techo-aspas-sin-aspas-cual-elegir.html#primaryimage","url":"https:\/\/gavri-src.addisnetwork.es\/blog\/wp-content\/uploads\/2023\/01\/Ventiladores-de-techo-con-aspas-o-sin-aspas-cual-elegir.jpg","contentUrl":"https:\/\/gavri-src.addisnetwork.es\/blog\/wp-content\/uploads\/2023\/01\/Ventiladores-de-techo-con-aspas-o-sin-aspas-cual-elegir.jpg","width":633,"height":800,"caption":"Ventiladores de techo con aspas o sin aspas, cu\u00e1l elegir"},{"@type":"BreadcrumbList","@id":"https:\/\/gavri-src.addisnetwork.es\/blog\/ventiladores-techo-aspas-sin-aspas-cual-elegir.html#breadcrumb","itemListElement":[{"@type":"ListItem","position":1,"name":"Portada","item":"https:\/\/gavri-src.addisnetwork.es\/blog"},{"@type":"ListItem","position":2,"name":"Ventiladores de techo con aspas o sin aspas, \u00bfcu\u00e1l elegir?"}]},{"@type":"WebSite","@id":"https:\/\/gavri-src.addisnetwork.es\/blog\/#website","url":"https:\/\/gavri-src.addisnetwork.es\/blog\/","name":"Blog de Gavri.es","description":"Blog de Gavri.es","publisher":{"@id":"https:\/\/gavri-src.addisnetwork.es\/blog\/#organization"},"potentialAction":[{"@type":"SearchAction","target":{"@type":"EntryPoint","urlTemplate":"https:\/\/gavri-src.addisnetwork.es\/blog\/?s={search_term_string}"},"query-input":{"@type":"PropertyValueSpecification","valueRequired":true,"valueName":"search_term_string"}}],"inLanguage":"es"},{"@type":"Organization","@id":"https:\/\/gavri-src.addisnetwork.es\/blog\/#organization","name":"Blog de Gavri.es","url":"https:\/\/gavri-src.addisnetwork.es\/blog\/","logo":{"@type":"ImageObject","inLanguage":"es","@id":"https:\/\/gavri-src.addisnetwork.es\/blog\/#\/schema\/logo\/image\/","url":"https:\/\/gavri-src.addisnetwork.es\/blog\/wp-content\/uploads\/2021\/01\/cropped-LOGO-gavries-blog-1.png","contentUrl":"https:\/\/gavri-src.addisnetwork.es\/blog\/wp-content\/uploads\/2021\/01\/cropped-LOGO-gavries-blog-1.png","width":520,"height":104,"caption":"Blog de Gavri.es"},"image":{"@id":"https:\/\/gavri-src.addisnetwork.es\/blog\/#\/schema\/logo\/image\/"}},{"@type":"Person","@id":"https:\/\/gavri-src.addisnetwork.es\/blog\/#\/schema\/person\/587329a98b34cfdbbfd1e7fbe7b65296","name":"T\u00e9cnico Gavri","image":{"@type":"ImageObject","inLanguage":"es","@id":"https:\/\/secure.gravatar.com\/avatar\/05be1fcb2076939c113859ec2cf09bc4b6b366950c2e7c2d51962780ab5e6d80?s=96&d=mm&r=g","url":"https:\/\/secure.gravatar.com\/avatar\/05be1fcb2076939c113859ec2cf09bc4b6b366950c2e7c2d51962780ab5e6d80?s=96&d=mm&r=g","contentUrl":"https:\/\/secure.gravatar.com\/avatar\/05be1fcb2076939c113859ec2cf09bc4b6b366950c2e7c2d51962780ab5e6d80?s=96&d=mm&r=g","caption":"T\u00e9cnico Gavri"}}]}},"_links":{"self":[{"href":"https:\/\/gavri-src.addisnetwork.es\/blog\/wp-json\/wp\/v2\/posts\/766","targetHints":{"allow":["GET"]}}],"collection":[{"href":"https:\/\/gavri-src.addisnetwork.es\/blog\/wp-json\/wp\/v2\/posts"}],"about":[{"href":"https:\/\/gavri-src.addisnetwork.es\/blog\/wp-json\/wp\/v2\/types\/post"}],"author":[{"embeddable":true,"href":"https:\/\/gavri-src.addisnetwork.es\/blog\/wp-json\/wp\/v2\/users\/2"}],"replies":[{"embeddable":true,"href":"https:\/\/gavri-src.addisnetwork.es\/blog\/wp-json\/wp\/v2\/comments?post=766"}],"version-history":[{"count":1,"href":"https:\/\/gavri-src.addisnetwork.es\/blog\/wp-json\/wp\/v2\/posts\/766\/revisions"}],"predecessor-version":[{"id":768,"href":"https:\/\/gavri-src.addisnetwork.es\/blog\/wp-json\/wp\/v2\/posts\/766\/revisions\/768"}],"wp:featuredmedia":[{"embeddable":true,"href":"https:\/\/gavri-src.addisnetwork.es\/blog\/wp-json\/wp\/v2\/media\/767"}],"wp:attachment":[{"href":"https:\/\/gavri-src.addisnetwork.es\/blog\/wp-json\/wp\/v2\/media?parent=766"}],"wp:term":[{"taxonomy":"category","embeddable":true,"href":"https:\/\/gavri-src.addisnetwork.es\/blog\/wp-json\/wp\/v2\/categories?post=766"},{"taxonomy":"post_tag","embeddable":true,"href":"https:\/\/gavri-src.addisnetwork.es\/blog\/wp-json\/wp\/v2\/tags?post=766"}],"curies":[{"name":"wp","href":"https:\/\/api.w.org\/{rel}","templated":true}]}}