{"id":77,"date":"2020-12-22T18:55:00","date_gmt":"2020-12-22T18:55:00","guid":{"rendered":"https:\/\/gavri.ivansol.com\/blog\/?p=77"},"modified":"2021-04-29T09:38:16","modified_gmt":"2021-04-29T09:38:16","slug":"ventiladores-de-techo-con-luz-con-luz-incluida-o-con-bombillas-intercambiables-b77","status":"publish","type":"post","link":"https:\/\/gavri-src.addisnetwork.es\/blog\/ventiladores-de-techo-con-luz-con-luz-incluida-o-con-bombillas-intercambiables-b77.html","title":{"rendered":"Ventiladores de techo con luz: \u00bfCon luz incluida o con bombillas intercambiables?"},"content":{"rendered":"<p>Si buscas un&nbsp;<a href=\"https:\/\/gavri.es\/ventiladores-de-techo\">ventilador de techo<\/a> con luz, supongo que habr\u00e1s pensado en el tipo de luz que este vaya a tener. La mayor\u00eda de los modelos incluyen roscas E14 o E27 para poner la bombilla que desees, ya sea LED o hal\u00f3gena.<\/p>\n<p>Desde GAVRI.es te recomendamos usar directamente bombillas LED. Puede que tengas alguna bombilla hal\u00f3gena por casa y quieres aprovecharla. Pero cr\u00e9enos, al precio que va la electricidad te sale a cuenta comprar una nueva.<\/p>\n<h2><span style=\"color:#3498db;\">\u00bfLos modelos con luz incluida hacen la diferencia?<\/span><\/h2>\n<p>Como venimos diciendo, si bien la mayor\u00eda de los modelos incluyen roscas para bombillas (E14 o E27), hay algunos modelos que directamente incluyen Kit de Luz. Este tipo de modelos tienen 2 principales ventajas:<\/p>\n<p>1. Este tipo de modelos incluye de serie la l\u00e1mpara as\u00ed que no debemos preocuparte de comprar una bombilla aparte.<\/p>\n<p>2. Son m\u00e1s ligeros y ocupan menos espacios. Los modelos con bombillas suelen ser m\u00e1s grandes ya que tienen que hacer espacio dentro del <span style=\"text-decoration:underline;\"><a href=\"https:\/\/www.gascon.es\/blog\/ventiladores-de-techo-para-dormitorios\/\" target=\"_blank\" rel=\"noopener\">ventilador para la bombilla<\/a>,<\/span> resultando en modelos mucho m\u00e1s grandes y voluminosos. Esto no sucede en los modelos que ya incluyen de serie el kit de luz LED, que suelen aprovechar mucho m\u00e1s espacio.<\/p>\n<h2><span style=\"color:#3498db;\">Modelos con Kits de LUZ<\/span><\/h2>\n<p>En GAVRI.es disponemos de varios modelos con kits de luz LEDs incluidos de serie. Estos modelos en cuesti\u00f3n ocupan y pesan menos espacio que los ventiladores de techo con luz de bombillas.<\/p>\n<p>Uno de lo ventiladores m\u00e1s vendidos es el modelo Eco Neo. Este ventilador es un todo terreno, ya que es como si fuera una pieza de lego. Adem\u00e1s de la luz, puedes elegir el motor, las aspas y la barra que quieras, como ya os dijimos en este antiguo post.<\/p>\n<p>Por ejemplo, como novedad este a\u00f1o tenemos al&nbsp;<a href=\"https:\/\/gavri.es\/ventiladores-de-techo-con-luz\/ventilador-de-techo-con-luz-casafan-952425-eco-neo-iii-180cm-blanco-o-gris-claro-basalto\" target=\"_blank\" rel=\"noopener\"><span style=\"text-decoration:underline;\">Eco Neo III en color negro basalt<\/span>,<\/a> y por el otro a su hermano gemelo <span style=\"text-decoration:underline;\"><a href=\"https:\/\/gavri.es\/ventiladores-de-techo\/ventilador-de-techo-con-luz-casafan-92352217-eco-neo-132-arce-o-haya-blanco\" target=\"_blank\" rel=\"noopener\">Eco Neo en color blanco<\/a><\/span> y&nbsp; con las aspas en doble color adera.<\/p>\n<p><img loading=\"lazy\" decoding=\"async\" src=\"https:\/\/gavri.es\/img\/cms\/Blog\/ventilador-techo-LUZ-LED-ahorra-dinero(2).jpg\" alt=\"\" width=\"600\" height=\"250\"><\/p>\n<p>&nbsp;Pero si el Eco Neo no te acaba de convencer, tambi\u00e9n tenemos otros modelos algo menos discretos que est\u00e1n pensados para decorar a la perfecci\u00f3n el sal\u00f3n de tu casa o de tu comedor. Por un lado tenemos el moderno y vanguardista <span style=\"text-decoration:underline;\"><a href=\"https:\/\/gavri.es\/ventiladores-de-techo-con-luz\/ventilador-de-techo-con-luz-casafan-313254-eco-helix-blanco\" target=\"_blank\" rel=\"noopener\">Eco Helix<\/a>, <\/span>y por el otro el<span style=\"text-decoration:underline;\"> <a href=\"https:\/\/gavri.es\/ventiladores-de-techo\/ventilador-de-techo-con-luz-casafan-9313236-helico-paddel-bn-bu-haya-cromo-cepillado\" target=\"_blank\" rel=\"noopener\">Helico Paddel.<\/a><\/span><\/p>\n<p>&nbsp;<img loading=\"lazy\" decoding=\"async\" src=\"https:\/\/gavri.es\/img\/cms\/Blog\/ventilador-techo-LUZ-LED-ahorra-dinero(3).jpg\" alt=\"ventilador-techo-LUZ-LED-ahorra-dinero(3\" width=\"600\" height=\"250\"><\/p>\n<p>As\u00ed pues, si vas a comprarte un ventilador de techo con luz piensa antes si vas a usar bombillas o kits de luz de luz ya inclu\u00eddos. Si desas ver m\u00e1s modelos, no te p\u00ecernas nuestras secci\u00f3n haciendo click en <a href=\"https:\/\/gavri.es\/ventiladores-de-techo-con-luz\" target=\"_blank\" rel=\"noopener\"><span style=\"text-decoration:underline;\">este enlace.<\/span> <\/a><\/p>\n","protected":false},"excerpt":{"rendered":"<p>Si buscas un&nbsp;ventilador de techo con luz, supongo que habr\u00e1s pensado en el tipo de luz que este vaya a tener. La mayor\u00eda de los modelos incluyen roscas E14 o E27 para poner la bombilla que &#8230; <a title=\"Ventiladores de techo con luz: \u00bfCon luz incluida o con bombillas intercambiables?\" class=\"read-more\" href=\"https:\/\/gavri-src.addisnetwork.es\/blog\/ventiladores-de-techo-con-luz-con-luz-incluida-o-con-bombillas-intercambiables-b77.html\" aria-label=\"M\u00e1s en Ventiladores de techo con luz: \u00bfCon luz incluida o con bombillas intercambiables?\">Leer m\u00e1s<\/a><\/p>\n","protected":false},"author":1,"featured_media":170,"comment_status":"open","ping_status":"closed","sticky":false,"template":"","format":"standard","meta":{"footnotes":""},"categories":[1],"tags":[],"class_list":["post-77","post","type-post","status-publish","format-standard","has-post-thumbnail","hentry","category-sin-categoria","generate-columns","tablet-grid-50","mobile-grid-100","grid-parent","grid-50","no-featured-image-padding"],"yoast_head":"<!-- This site is optimized with the Yoast SEO plugin v27.5 - https:\/\/yoast.com\/product\/yoast-seo-wordpress\/ -->\n<title>Ventiladores de techo con luz: \u00bfCon luz incluida o con bombillas intercambiables? - Blog de Gavri.es<\/title>\n<meta name=\"description\" content=\"Hay modelos de ventiladores de techo que no necesitan de bombillas externas. El propio ventilador ya incluye el kit LED.\" \/>\n<meta name=\"robots\" content=\"index, follow, max-snippet:-1, max-image-preview:large, max-video-preview:-1\" \/>\n<link rel=\"canonical\" href=\"https:\/\/gavri-src.addisnetwork.es\/blog\/ventiladores-de-techo-con-luz-con-luz-incluida-o-con-bombillas-intercambiables-b77.html\" \/>\n<meta property=\"og:locale\" content=\"es_ES\" \/>\n<meta property=\"og:type\" content=\"article\" \/>\n<meta property=\"og:title\" content=\"Ventiladores de techo con luz: \u00bfCon luz incluida o con bombillas intercambiables? - Blog de Gavri.es\" \/>\n<meta property=\"og:description\" content=\"Hay modelos de ventiladores de techo que no necesitan de bombillas externas. El propio ventilador ya incluye el kit LED.\" \/>\n<meta property=\"og:url\" content=\"https:\/\/gavri-src.addisnetwork.es\/blog\/ventiladores-de-techo-con-luz-con-luz-incluida-o-con-bombillas-intercambiables-b77.html\" \/>\n<meta property=\"og:site_name\" content=\"Blog de Gavri.es\" \/>\n<meta property=\"article:published_time\" content=\"2020-12-22T18:55:00+00:00\" \/>\n<meta property=\"article:modified_time\" content=\"2021-04-29T09:38:16+00:00\" \/>\n<meta property=\"og:image\" content=\"https:\/\/gavri-src.addisnetwork.es\/blog\/wp-content\/uploads\/2020\/12\/lg-b-ventilador-techo-luz-led-ahorra-dinero.jpg\" \/>\n\t<meta property=\"og:image:width\" content=\"1900\" \/>\n\t<meta property=\"og:image:height\" content=\"781\" \/>\n\t<meta property=\"og:image:type\" content=\"image\/jpeg\" \/>\n<meta name=\"author\" content=\"Gavri\" \/>\n<meta name=\"twitter:card\" content=\"summary_large_image\" \/>\n<meta name=\"twitter:label1\" content=\"Escrito por\" \/>\n\t<meta name=\"twitter:data1\" content=\"Gavri\" \/>\n\t<meta name=\"twitter:label2\" content=\"Tiempo de lectura\" \/>\n\t<meta name=\"twitter:data2\" content=\"3 minutos\" \/>\n<script type=\"application\/ld+json\" class=\"yoast-schema-graph\">{\"@context\":\"https:\\\/\\\/schema.org\",\"@graph\":[{\"@type\":\"Article\",\"@id\":\"https:\\\/\\\/gavri-src.addisnetwork.es\\\/blog\\\/ventiladores-de-techo-con-luz-con-luz-incluida-o-con-bombillas-intercambiables-b77.html#article\",\"isPartOf\":{\"@id\":\"https:\\\/\\\/gavri-src.addisnetwork.es\\\/blog\\\/ventiladores-de-techo-con-luz-con-luz-incluida-o-con-bombillas-intercambiables-b77.html\"},\"author\":{\"name\":\"Gavri\",\"@id\":\"https:\\\/\\\/gavri-src.addisnetwork.es\\\/blog\\\/#\\\/schema\\\/person\\\/3df0699bd314187860df00e3b73fbf75\"},\"headline\":\"Ventiladores de techo con luz: \u00bfCon luz incluida o con bombillas intercambiables?\",\"datePublished\":\"2020-12-22T18:55:00+00:00\",\"dateModified\":\"2021-04-29T09:38:16+00:00\",\"mainEntityOfPage\":{\"@id\":\"https:\\\/\\\/gavri-src.addisnetwork.es\\\/blog\\\/ventiladores-de-techo-con-luz-con-luz-incluida-o-con-bombillas-intercambiables-b77.html\"},\"wordCount\":452,\"commentCount\":0,\"publisher\":{\"@id\":\"https:\\\/\\\/gavri-src.addisnetwork.es\\\/blog\\\/#organization\"},\"image\":{\"@id\":\"https:\\\/\\\/gavri-src.addisnetwork.es\\\/blog\\\/ventiladores-de-techo-con-luz-con-luz-incluida-o-con-bombillas-intercambiables-b77.html#primaryimage\"},\"thumbnailUrl\":\"https:\\\/\\\/gavri-src.addisnetwork.es\\\/blog\\\/wp-content\\\/uploads\\\/2020\\\/12\\\/lg-b-ventilador-techo-luz-led-ahorra-dinero.jpg\",\"inLanguage\":\"es\",\"potentialAction\":[{\"@type\":\"CommentAction\",\"name\":\"Comment\",\"target\":[\"https:\\\/\\\/gavri-src.addisnetwork.es\\\/blog\\\/ventiladores-de-techo-con-luz-con-luz-incluida-o-con-bombillas-intercambiables-b77.html#respond\"]}]},{\"@type\":\"WebPage\",\"@id\":\"https:\\\/\\\/gavri-src.addisnetwork.es\\\/blog\\\/ventiladores-de-techo-con-luz-con-luz-incluida-o-con-bombillas-intercambiables-b77.html\",\"url\":\"https:\\\/\\\/gavri-src.addisnetwork.es\\\/blog\\\/ventiladores-de-techo-con-luz-con-luz-incluida-o-con-bombillas-intercambiables-b77.html\",\"name\":\"Ventiladores de techo con luz: \u00bfCon luz incluida o con bombillas intercambiables? - Blog de Gavri.es\",\"isPartOf\":{\"@id\":\"https:\\\/\\\/gavri-src.addisnetwork.es\\\/blog\\\/#website\"},\"primaryImageOfPage\":{\"@id\":\"https:\\\/\\\/gavri-src.addisnetwork.es\\\/blog\\\/ventiladores-de-techo-con-luz-con-luz-incluida-o-con-bombillas-intercambiables-b77.html#primaryimage\"},\"image\":{\"@id\":\"https:\\\/\\\/gavri-src.addisnetwork.es\\\/blog\\\/ventiladores-de-techo-con-luz-con-luz-incluida-o-con-bombillas-intercambiables-b77.html#primaryimage\"},\"thumbnailUrl\":\"https:\\\/\\\/gavri-src.addisnetwork.es\\\/blog\\\/wp-content\\\/uploads\\\/2020\\\/12\\\/lg-b-ventilador-techo-luz-led-ahorra-dinero.jpg\",\"datePublished\":\"2020-12-22T18:55:00+00:00\",\"dateModified\":\"2021-04-29T09:38:16+00:00\",\"description\":\"Hay modelos de ventiladores de techo que no necesitan de bombillas externas. El propio ventilador ya incluye el kit LED.\",\"breadcrumb\":{\"@id\":\"https:\\\/\\\/gavri-src.addisnetwork.es\\\/blog\\\/ventiladores-de-techo-con-luz-con-luz-incluida-o-con-bombillas-intercambiables-b77.html#breadcrumb\"},\"inLanguage\":\"es\",\"potentialAction\":[{\"@type\":\"ReadAction\",\"target\":[\"https:\\\/\\\/gavri-src.addisnetwork.es\\\/blog\\\/ventiladores-de-techo-con-luz-con-luz-incluida-o-con-bombillas-intercambiables-b77.html\"]}]},{\"@type\":\"ImageObject\",\"inLanguage\":\"es\",\"@id\":\"https:\\\/\\\/gavri-src.addisnetwork.es\\\/blog\\\/ventiladores-de-techo-con-luz-con-luz-incluida-o-con-bombillas-intercambiables-b77.html#primaryimage\",\"url\":\"https:\\\/\\\/gavri-src.addisnetwork.es\\\/blog\\\/wp-content\\\/uploads\\\/2020\\\/12\\\/lg-b-ventilador-techo-luz-led-ahorra-dinero.jpg\",\"contentUrl\":\"https:\\\/\\\/gavri-src.addisnetwork.es\\\/blog\\\/wp-content\\\/uploads\\\/2020\\\/12\\\/lg-b-ventilador-techo-luz-led-ahorra-dinero.jpg\",\"width\":1900,\"height\":781},{\"@type\":\"BreadcrumbList\",\"@id\":\"https:\\\/\\\/gavri-src.addisnetwork.es\\\/blog\\\/ventiladores-de-techo-con-luz-con-luz-incluida-o-con-bombillas-intercambiables-b77.html#breadcrumb\",\"itemListElement\":[{\"@type\":\"ListItem\",\"position\":1,\"name\":\"Portada\",\"item\":\"https:\\\/\\\/gavri-src.addisnetwork.es\\\/blog\"},{\"@type\":\"ListItem\",\"position\":2,\"name\":\"Ventiladores de techo con luz: \u00bfCon luz incluida o con bombillas intercambiables?\"}]},{\"@type\":\"WebSite\",\"@id\":\"https:\\\/\\\/gavri-src.addisnetwork.es\\\/blog\\\/#website\",\"url\":\"https:\\\/\\\/gavri-src.addisnetwork.es\\\/blog\\\/\",\"name\":\"Blog de Gavri.es\",\"description\":\"Blog de Gavri.es\",\"publisher\":{\"@id\":\"https:\\\/\\\/gavri-src.addisnetwork.es\\\/blog\\\/#organization\"},\"potentialAction\":[{\"@type\":\"SearchAction\",\"target\":{\"@type\":\"EntryPoint\",\"urlTemplate\":\"https:\\\/\\\/gavri-src.addisnetwork.es\\\/blog\\\/?s={search_term_string}\"},\"query-input\":{\"@type\":\"PropertyValueSpecification\",\"valueRequired\":true,\"valueName\":\"search_term_string\"}}],\"inLanguage\":\"es\"},{\"@type\":\"Organization\",\"@id\":\"https:\\\/\\\/gavri-src.addisnetwork.es\\\/blog\\\/#organization\",\"name\":\"Blog de Gavri.es\",\"url\":\"https:\\\/\\\/gavri-src.addisnetwork.es\\\/blog\\\/\",\"logo\":{\"@type\":\"ImageObject\",\"inLanguage\":\"es\",\"@id\":\"https:\\\/\\\/gavri-src.addisnetwork.es\\\/blog\\\/#\\\/schema\\\/logo\\\/image\\\/\",\"url\":\"https:\\\/\\\/gavri-src.addisnetwork.es\\\/blog\\\/wp-content\\\/uploads\\\/2021\\\/01\\\/cropped-LOGO-gavries-blog-1.png\",\"contentUrl\":\"https:\\\/\\\/gavri-src.addisnetwork.es\\\/blog\\\/wp-content\\\/uploads\\\/2021\\\/01\\\/cropped-LOGO-gavries-blog-1.png\",\"width\":520,\"height\":104,\"caption\":\"Blog de Gavri.es\"},\"image\":{\"@id\":\"https:\\\/\\\/gavri-src.addisnetwork.es\\\/blog\\\/#\\\/schema\\\/logo\\\/image\\\/\"}},{\"@type\":\"Person\",\"@id\":\"https:\\\/\\\/gavri-src.addisnetwork.es\\\/blog\\\/#\\\/schema\\\/person\\\/3df0699bd314187860df00e3b73fbf75\",\"name\":\"Gavri\",\"image\":{\"@type\":\"ImageObject\",\"inLanguage\":\"es\",\"@id\":\"https:\\\/\\\/secure.gravatar.com\\\/avatar\\\/6fc6afbbb919cee1ae64c74ed55bf75da72aade68e84f27c0a3a05bd98ccf2a0?s=96&d=mm&r=g\",\"url\":\"https:\\\/\\\/secure.gravatar.com\\\/avatar\\\/6fc6afbbb919cee1ae64c74ed55bf75da72aade68e84f27c0a3a05bd98ccf2a0?s=96&d=mm&r=g\",\"contentUrl\":\"https:\\\/\\\/secure.gravatar.com\\\/avatar\\\/6fc6afbbb919cee1ae64c74ed55bf75da72aade68e84f27c0a3a05bd98ccf2a0?s=96&d=mm&r=g\",\"caption\":\"Gavri\"},\"sameAs\":[\"https:\\\/\\\/gavri.es\\\/blog\"]}]}<\/script>\n<!-- \/ Yoast SEO plugin. -->","yoast_head_json":{"title":"Ventiladores de techo con luz: \u00bfCon luz incluida o con bombillas intercambiables? - Blog de Gavri.es","description":"Hay modelos de ventiladores de techo que no necesitan de bombillas externas. El propio ventilador ya incluye el kit LED.","robots":{"index":"index","follow":"follow","max-snippet":"max-snippet:-1","max-image-preview":"max-image-preview:large","max-video-preview":"max-video-preview:-1"},"canonical":"https:\/\/gavri-src.addisnetwork.es\/blog\/ventiladores-de-techo-con-luz-con-luz-incluida-o-con-bombillas-intercambiables-b77.html","og_locale":"es_ES","og_type":"article","og_title":"Ventiladores de techo con luz: \u00bfCon luz incluida o con bombillas intercambiables? - Blog de Gavri.es","og_description":"Hay modelos de ventiladores de techo que no necesitan de bombillas externas. El propio ventilador ya incluye el kit LED.","og_url":"https:\/\/gavri-src.addisnetwork.es\/blog\/ventiladores-de-techo-con-luz-con-luz-incluida-o-con-bombillas-intercambiables-b77.html","og_site_name":"Blog de Gavri.es","article_published_time":"2020-12-22T18:55:00+00:00","article_modified_time":"2021-04-29T09:38:16+00:00","og_image":[{"width":1900,"height":781,"url":"https:\/\/gavri-src.addisnetwork.es\/blog\/wp-content\/uploads\/2020\/12\/lg-b-ventilador-techo-luz-led-ahorra-dinero.jpg","type":"image\/jpeg"}],"author":"Gavri","twitter_card":"summary_large_image","twitter_misc":{"Escrito por":"Gavri","Tiempo de lectura":"3 minutos"},"schema":{"@context":"https:\/\/schema.org","@graph":[{"@type":"Article","@id":"https:\/\/gavri-src.addisnetwork.es\/blog\/ventiladores-de-techo-con-luz-con-luz-incluida-o-con-bombillas-intercambiables-b77.html#article","isPartOf":{"@id":"https:\/\/gavri-src.addisnetwork.es\/blog\/ventiladores-de-techo-con-luz-con-luz-incluida-o-con-bombillas-intercambiables-b77.html"},"author":{"name":"Gavri","@id":"https:\/\/gavri-src.addisnetwork.es\/blog\/#\/schema\/person\/3df0699bd314187860df00e3b73fbf75"},"headline":"Ventiladores de techo con luz: \u00bfCon luz incluida o con bombillas intercambiables?","datePublished":"2020-12-22T18:55:00+00:00","dateModified":"2021-04-29T09:38:16+00:00","mainEntityOfPage":{"@id":"https:\/\/gavri-src.addisnetwork.es\/blog\/ventiladores-de-techo-con-luz-con-luz-incluida-o-con-bombillas-intercambiables-b77.html"},"wordCount":452,"commentCount":0,"publisher":{"@id":"https:\/\/gavri-src.addisnetwork.es\/blog\/#organization"},"image":{"@id":"https:\/\/gavri-src.addisnetwork.es\/blog\/ventiladores-de-techo-con-luz-con-luz-incluida-o-con-bombillas-intercambiables-b77.html#primaryimage"},"thumbnailUrl":"https:\/\/gavri-src.addisnetwork.es\/blog\/wp-content\/uploads\/2020\/12\/lg-b-ventilador-techo-luz-led-ahorra-dinero.jpg","inLanguage":"es","potentialAction":[{"@type":"CommentAction","name":"Comment","target":["https:\/\/gavri-src.addisnetwork.es\/blog\/ventiladores-de-techo-con-luz-con-luz-incluida-o-con-bombillas-intercambiables-b77.html#respond"]}]},{"@type":"WebPage","@id":"https:\/\/gavri-src.addisnetwork.es\/blog\/ventiladores-de-techo-con-luz-con-luz-incluida-o-con-bombillas-intercambiables-b77.html","url":"https:\/\/gavri-src.addisnetwork.es\/blog\/ventiladores-de-techo-con-luz-con-luz-incluida-o-con-bombillas-intercambiables-b77.html","name":"Ventiladores de techo con luz: \u00bfCon luz incluida o con bombillas intercambiables? - Blog de Gavri.es","isPartOf":{"@id":"https:\/\/gavri-src.addisnetwork.es\/blog\/#website"},"primaryImageOfPage":{"@id":"https:\/\/gavri-src.addisnetwork.es\/blog\/ventiladores-de-techo-con-luz-con-luz-incluida-o-con-bombillas-intercambiables-b77.html#primaryimage"},"image":{"@id":"https:\/\/gavri-src.addisnetwork.es\/blog\/ventiladores-de-techo-con-luz-con-luz-incluida-o-con-bombillas-intercambiables-b77.html#primaryimage"},"thumbnailUrl":"https:\/\/gavri-src.addisnetwork.es\/blog\/wp-content\/uploads\/2020\/12\/lg-b-ventilador-techo-luz-led-ahorra-dinero.jpg","datePublished":"2020-12-22T18:55:00+00:00","dateModified":"2021-04-29T09:38:16+00:00","description":"Hay modelos de ventiladores de techo que no necesitan de bombillas externas. El propio ventilador ya incluye el kit LED.","breadcrumb":{"@id":"https:\/\/gavri-src.addisnetwork.es\/blog\/ventiladores-de-techo-con-luz-con-luz-incluida-o-con-bombillas-intercambiables-b77.html#breadcrumb"},"inLanguage":"es","potentialAction":[{"@type":"ReadAction","target":["https:\/\/gavri-src.addisnetwork.es\/blog\/ventiladores-de-techo-con-luz-con-luz-incluida-o-con-bombillas-intercambiables-b77.html"]}]},{"@type":"ImageObject","inLanguage":"es","@id":"https:\/\/gavri-src.addisnetwork.es\/blog\/ventiladores-de-techo-con-luz-con-luz-incluida-o-con-bombillas-intercambiables-b77.html#primaryimage","url":"https:\/\/gavri-src.addisnetwork.es\/blog\/wp-content\/uploads\/2020\/12\/lg-b-ventilador-techo-luz-led-ahorra-dinero.jpg","contentUrl":"https:\/\/gavri-src.addisnetwork.es\/blog\/wp-content\/uploads\/2020\/12\/lg-b-ventilador-techo-luz-led-ahorra-dinero.jpg","width":1900,"height":781},{"@type":"BreadcrumbList","@id":"https:\/\/gavri-src.addisnetwork.es\/blog\/ventiladores-de-techo-con-luz-con-luz-incluida-o-con-bombillas-intercambiables-b77.html#breadcrumb","itemListElement":[{"@type":"ListItem","position":1,"name":"Portada","item":"https:\/\/gavri-src.addisnetwork.es\/blog"},{"@type":"ListItem","position":2,"name":"Ventiladores de techo con luz: \u00bfCon luz incluida o con bombillas intercambiables?"}]},{"@type":"WebSite","@id":"https:\/\/gavri-src.addisnetwork.es\/blog\/#website","url":"https:\/\/gavri-src.addisnetwork.es\/blog\/","name":"Blog de Gavri.es","description":"Blog de Gavri.es","publisher":{"@id":"https:\/\/gavri-src.addisnetwork.es\/blog\/#organization"},"potentialAction":[{"@type":"SearchAction","target":{"@type":"EntryPoint","urlTemplate":"https:\/\/gavri-src.addisnetwork.es\/blog\/?s={search_term_string}"},"query-input":{"@type":"PropertyValueSpecification","valueRequired":true,"valueName":"search_term_string"}}],"inLanguage":"es"},{"@type":"Organization","@id":"https:\/\/gavri-src.addisnetwork.es\/blog\/#organization","name":"Blog de Gavri.es","url":"https:\/\/gavri-src.addisnetwork.es\/blog\/","logo":{"@type":"ImageObject","inLanguage":"es","@id":"https:\/\/gavri-src.addisnetwork.es\/blog\/#\/schema\/logo\/image\/","url":"https:\/\/gavri-src.addisnetwork.es\/blog\/wp-content\/uploads\/2021\/01\/cropped-LOGO-gavries-blog-1.png","contentUrl":"https:\/\/gavri-src.addisnetwork.es\/blog\/wp-content\/uploads\/2021\/01\/cropped-LOGO-gavries-blog-1.png","width":520,"height":104,"caption":"Blog de Gavri.es"},"image":{"@id":"https:\/\/gavri-src.addisnetwork.es\/blog\/#\/schema\/logo\/image\/"}},{"@type":"Person","@id":"https:\/\/gavri-src.addisnetwork.es\/blog\/#\/schema\/person\/3df0699bd314187860df00e3b73fbf75","name":"Gavri","image":{"@type":"ImageObject","inLanguage":"es","@id":"https:\/\/secure.gravatar.com\/avatar\/6fc6afbbb919cee1ae64c74ed55bf75da72aade68e84f27c0a3a05bd98ccf2a0?s=96&d=mm&r=g","url":"https:\/\/secure.gravatar.com\/avatar\/6fc6afbbb919cee1ae64c74ed55bf75da72aade68e84f27c0a3a05bd98ccf2a0?s=96&d=mm&r=g","contentUrl":"https:\/\/secure.gravatar.com\/avatar\/6fc6afbbb919cee1ae64c74ed55bf75da72aade68e84f27c0a3a05bd98ccf2a0?s=96&d=mm&r=g","caption":"Gavri"},"sameAs":["https:\/\/gavri.es\/blog"]}]}},"_links":{"self":[{"href":"https:\/\/gavri-src.addisnetwork.es\/blog\/wp-json\/wp\/v2\/posts\/77","targetHints":{"allow":["GET"]}}],"collection":[{"href":"https:\/\/gavri-src.addisnetwork.es\/blog\/wp-json\/wp\/v2\/posts"}],"about":[{"href":"https:\/\/gavri-src.addisnetwork.es\/blog\/wp-json\/wp\/v2\/types\/post"}],"author":[{"embeddable":true,"href":"https:\/\/gavri-src.addisnetwork.es\/blog\/wp-json\/wp\/v2\/users\/1"}],"replies":[{"embeddable":true,"href":"https:\/\/gavri-src.addisnetwork.es\/blog\/wp-json\/wp\/v2\/comments?post=77"}],"version-history":[{"count":1,"href":"https:\/\/gavri-src.addisnetwork.es\/blog\/wp-json\/wp\/v2\/posts\/77\/revisions"}],"predecessor-version":[{"id":171,"href":"https:\/\/gavri-src.addisnetwork.es\/blog\/wp-json\/wp\/v2\/posts\/77\/revisions\/171"}],"wp:featuredmedia":[{"embeddable":true,"href":"https:\/\/gavri-src.addisnetwork.es\/blog\/wp-json\/wp\/v2\/media\/170"}],"wp:attachment":[{"href":"https:\/\/gavri-src.addisnetwork.es\/blog\/wp-json\/wp\/v2\/media?parent=77"}],"wp:term":[{"taxonomy":"category","embeddable":true,"href":"https:\/\/gavri-src.addisnetwork.es\/blog\/wp-json\/wp\/v2\/categories?post=77"},{"taxonomy":"post_tag","embeddable":true,"href":"https:\/\/gavri-src.addisnetwork.es\/blog\/wp-json\/wp\/v2\/tags?post=77"}],"curies":[{"name":"wp","href":"https:\/\/api.w.org\/{rel}","templated":true}]}}