{"id":78,"date":"2020-12-18T18:55:00","date_gmt":"2020-12-18T18:55:00","guid":{"rendered":"https:\/\/gavri.ivansol.com\/blog\/?p=78"},"modified":"2021-04-30T14:37:47","modified_gmt":"2021-04-30T14:37:47","slug":"ventiladores-de-techo-de-dos-colores-gracias-a-las-aspas-reversibles-b78","status":"publish","type":"post","link":"https:\/\/gavri-src.addisnetwork.es\/blog\/ventiladores-de-techo-de-dos-colores-gracias-a-las-aspas-reversibles-b78.html","title":{"rendered":"Ventiladores de techo de dos colores gracias a las aspas reversibles"},"content":{"rendered":"\n<p>A veces uno simplemente no se decide sobre el color o el <span style=\"text-decoration: underline;\"><a href=\"https:\/\/arteluz.es\/blog\/ventiladores-de-techo-verano-e-invierno\/\" target=\"_blank\" rel=\"noreferrer noopener nofollow\">modelo del ventilador de techo<\/a><\/span>. A veces hay que al elegir un modelo en pareja o con m\u00e1s personas, y esto puede\u00a0<a href=\"https:\/\/www.modregohogar.com\/blog\/ventiladores-de-techo\" target=\"_blank\" rel=\"noreferrer noopener nofollow\"><span style=\"text-decoration: underline;\">m\u00e1s complicado de lo que parece<\/span>.<\/a> O a veces incluso debemos mudarnos o redecorar la estancia. De colores hay miles, as\u00ed como de opiniones.<\/p>\n\n\n\n<p>Para facilitar este tipo de \u201cincidencias\u201d, existen modelos de ventiladores de techo que se venden directamente en dos colores gracias a lo que llamamos <span style=\"text-decoration: underline;\"><a href=\"https:\/\/gavri.es\/blog\/la-eleccion-del-ventilador-de-techo-es-ahora-el-doble-de-facil-b42.html\" target=\"_blank\" rel=\"noopener\">aspas reversibles<\/a>.<\/span><\/p>\n\n\n\n<figure class=\"wp-block-image\"><a href=\"https:\/\/gavri.es\/ventiladores-de-techo-sin-luz\/ventilador-de-techo-hunter-24545-industrie-ii-grafito-o-castano-grafito\" target=\"_blank\" rel=\"noopener\"><img decoding=\"async\" src=\"https:\/\/gavri.es\/4284-large_default\/ventilador-de-techo-hunter-24545-industrie-ii-grafito-o-castano-grafito.jpg\" alt=\"Ventilador de techo Hunter 24545 Industrie de dos colores\"\/><\/a><\/figure>\n\n\n\n<h2 class=\"wp-block-heading\"><span style=\"color: #3498db;\">\u00bfAspas con dos colores? \u00bfC\u00f3mo se hace?<\/span><\/h2>\n\n\n\n<p>Para cambiar el color de un&nbsp;<a href=\"https:\/\/gavri.es\/ventiladores-de-techo\">ventilador de techo<\/a> de este tipo basta con girar las aspas y\u2026 \u00a1ya est\u00e1! Estas aspas son de un color por un lado, y de otro por el otro. Al girarlas de lado estar\u00e1s, b\u00e1sicamente, cambiando el color del ventilador.<\/p>\n\n\n\n<p>Ambos colores estar\u00e1n acorde al color del motor. De esta forma con un solo modelo puedes tener 2 combinaciones de colores por si cambias de muebles, pintas las paredes, etc. Uno de nuestros modelos que usa esta caracter\u00edsticos es el ventilador AireRyder Fresco FN52238, con aspas de doble cara combinadas con blanco o pino.<\/p>\n\n\n\n<figure class=\"wp-block-image\"><img decoding=\"async\" src=\"https:\/\/gavri.es\/125-large_default\/ventilador-de-techo-con-luz-aireryder-fn52238-fresco-pino-o-plateado-niquel-satinado.jpg\" alt=\"aspas reversibles en el ventilador de techo Fresco\"\/><\/figure>\n\n\n\n<h2 class=\"wp-block-heading\"><span style=\"color: #3498db;\">Son inversiones de futuro<\/span><\/h2>\n\n\n\n<p>Los ventiladores de techo de doble cara suelen ser una combinaci\u00f3n de un color de madera junto con uno neutro; ya sea gris, blanco o negro, ya que este tipo de tonalidades suelen combinar bien con casi cualquier color.<\/p>\n\n\n\n<p>Por este motivo decidirse por este tipo de modelos suele ser un tiro seguro, ya que despu\u00e9s incluso de mudarse a otra habitaci\u00f3n, el ventilador de techo suele encajar bien (como m\u00ednimo en alguno de sus dos colores).<\/p>\n\n\n\n<p>Aunque pueda parecer algo menor, ya que no estamos pintando o mud\u00e1ndonos todos los d\u00edas, los ventiladores de techo&nbsp;<span style=\"text-decoration: underline;\"><a href=\"https:\/\/gavri.es\/blog\/casafan-marca-alemana-con-30-anos-de-experiencia-en-ventiladores-de-techo-gavries-b44.html\" target=\"_blank\" rel=\"noopener\">CasaFan incluyen garant\u00eda de hasta 25 a\u00f1os<\/a> <\/span>para la mayor\u00eda de sus motores, as\u00ed que es algo que realmente a la larga es \u00fatil.<\/p>\n\n\n\n<h2 class=\"wp-block-heading\"><span style=\"color: #3498db;\">\u00bfQu\u00e9 modelos existen?<\/span><\/h2>\n\n\n\n<p>Para descubrir y buscar modelos de ventiladores de techo con estas caracter\u00edsticas solo tienes que pulsar en <span style=\"text-decoration: underline;\"><a href=\"https:\/\/gavri.es\/ventiladores-de-techo?q=Aspas+reversibles-S%C3%AD\">este enlace<\/a><\/span>, ah\u00ed encontrar\u00e1s nuestros modelos con este tipo de aspas. Cualquier otra consulta no dudes en ponerte en contacto con nosotros.<\/p>\n","protected":false},"excerpt":{"rendered":"<p>A veces uno simplemente no se decide sobre el color o el modelo del ventilador de techo. A veces hay que al elegir un modelo en pareja o con m\u00e1s personas, y esto puede\u00a0m\u00e1s complicado de &#8230; <a title=\"Ventiladores de techo de dos colores gracias a las aspas reversibles\" class=\"read-more\" href=\"https:\/\/gavri-src.addisnetwork.es\/blog\/ventiladores-de-techo-de-dos-colores-gracias-a-las-aspas-reversibles-b78.html\" aria-label=\"M\u00e1s en Ventiladores de techo de dos colores gracias a las aspas reversibles\">Leer m\u00e1s<\/a><\/p>\n","protected":false},"author":1,"featured_media":168,"comment_status":"open","ping_status":"closed","sticky":false,"template":"","format":"standard","meta":{"footnotes":""},"categories":[1],"tags":[],"class_list":["post-78","post","type-post","status-publish","format-standard","has-post-thumbnail","hentry","category-sin-categoria","generate-columns","tablet-grid-50","mobile-grid-100","grid-parent","grid-50","no-featured-image-padding"],"yoast_head":"<!-- This site is optimized with the Yoast SEO plugin v27.5 - https:\/\/yoast.com\/product\/yoast-seo-wordpress\/ -->\n<title>Ventiladores de techo de dos colores gracias a las aspas reversibles - Blog de Gavri.es<\/title>\n<meta name=\"description\" content=\"Si no te decides por un color de ventilador de techo, existen modelos con aspas reversibles que pueden cambiar de color.\" \/>\n<meta name=\"robots\" content=\"index, follow, max-snippet:-1, max-image-preview:large, max-video-preview:-1\" \/>\n<link rel=\"canonical\" href=\"https:\/\/gavri-src.addisnetwork.es\/blog\/ventiladores-de-techo-de-dos-colores-gracias-a-las-aspas-reversibles-b78.html\" \/>\n<meta property=\"og:locale\" content=\"es_ES\" \/>\n<meta property=\"og:type\" content=\"article\" \/>\n<meta property=\"og:title\" content=\"Ventiladores de techo de dos colores gracias a las aspas reversibles - Blog de Gavri.es\" \/>\n<meta property=\"og:description\" content=\"Si no te decides por un color de ventilador de techo, existen modelos con aspas reversibles que pueden cambiar de color.\" \/>\n<meta property=\"og:url\" content=\"https:\/\/gavri-src.addisnetwork.es\/blog\/ventiladores-de-techo-de-dos-colores-gracias-a-las-aspas-reversibles-b78.html\" \/>\n<meta property=\"og:site_name\" content=\"Blog de Gavri.es\" \/>\n<meta property=\"article:published_time\" content=\"2020-12-18T18:55:00+00:00\" \/>\n<meta property=\"article:modified_time\" content=\"2021-04-30T14:37:47+00:00\" \/>\n<meta property=\"og:image\" content=\"https:\/\/gavri-src.addisnetwork.es\/blog\/wp-content\/uploads\/2020\/12\/lg-b-aspas-reversibles-blog.jpg\" \/>\n\t<meta property=\"og:image:width\" content=\"1900\" \/>\n\t<meta property=\"og:image:height\" content=\"781\" \/>\n\t<meta property=\"og:image:type\" content=\"image\/jpeg\" \/>\n<meta name=\"author\" content=\"Gavri\" \/>\n<meta name=\"twitter:card\" content=\"summary_large_image\" \/>\n<meta name=\"twitter:label1\" content=\"Escrito por\" \/>\n\t<meta name=\"twitter:data1\" content=\"Gavri\" \/>\n\t<meta name=\"twitter:label2\" content=\"Tiempo de lectura\" \/>\n\t<meta name=\"twitter:data2\" content=\"2 minutos\" \/>\n<script type=\"application\/ld+json\" class=\"yoast-schema-graph\">{\"@context\":\"https:\\\/\\\/schema.org\",\"@graph\":[{\"@type\":\"Article\",\"@id\":\"https:\\\/\\\/gavri-src.addisnetwork.es\\\/blog\\\/ventiladores-de-techo-de-dos-colores-gracias-a-las-aspas-reversibles-b78.html#article\",\"isPartOf\":{\"@id\":\"https:\\\/\\\/gavri-src.addisnetwork.es\\\/blog\\\/ventiladores-de-techo-de-dos-colores-gracias-a-las-aspas-reversibles-b78.html\"},\"author\":{\"name\":\"Gavri\",\"@id\":\"https:\\\/\\\/gavri-src.addisnetwork.es\\\/blog\\\/#\\\/schema\\\/person\\\/3df0699bd314187860df00e3b73fbf75\"},\"headline\":\"Ventiladores de techo de dos colores gracias a las aspas reversibles\",\"datePublished\":\"2020-12-18T18:55:00+00:00\",\"dateModified\":\"2021-04-30T14:37:47+00:00\",\"mainEntityOfPage\":{\"@id\":\"https:\\\/\\\/gavri-src.addisnetwork.es\\\/blog\\\/ventiladores-de-techo-de-dos-colores-gracias-a-las-aspas-reversibles-b78.html\"},\"wordCount\":386,\"commentCount\":0,\"publisher\":{\"@id\":\"https:\\\/\\\/gavri-src.addisnetwork.es\\\/blog\\\/#organization\"},\"image\":{\"@id\":\"https:\\\/\\\/gavri-src.addisnetwork.es\\\/blog\\\/ventiladores-de-techo-de-dos-colores-gracias-a-las-aspas-reversibles-b78.html#primaryimage\"},\"thumbnailUrl\":\"https:\\\/\\\/gavri-src.addisnetwork.es\\\/blog\\\/wp-content\\\/uploads\\\/2020\\\/12\\\/lg-b-aspas-reversibles-blog.jpg\",\"inLanguage\":\"es\",\"potentialAction\":[{\"@type\":\"CommentAction\",\"name\":\"Comment\",\"target\":[\"https:\\\/\\\/gavri-src.addisnetwork.es\\\/blog\\\/ventiladores-de-techo-de-dos-colores-gracias-a-las-aspas-reversibles-b78.html#respond\"]}]},{\"@type\":\"WebPage\",\"@id\":\"https:\\\/\\\/gavri-src.addisnetwork.es\\\/blog\\\/ventiladores-de-techo-de-dos-colores-gracias-a-las-aspas-reversibles-b78.html\",\"url\":\"https:\\\/\\\/gavri-src.addisnetwork.es\\\/blog\\\/ventiladores-de-techo-de-dos-colores-gracias-a-las-aspas-reversibles-b78.html\",\"name\":\"Ventiladores de techo de dos colores gracias a las aspas reversibles - Blog de Gavri.es\",\"isPartOf\":{\"@id\":\"https:\\\/\\\/gavri-src.addisnetwork.es\\\/blog\\\/#website\"},\"primaryImageOfPage\":{\"@id\":\"https:\\\/\\\/gavri-src.addisnetwork.es\\\/blog\\\/ventiladores-de-techo-de-dos-colores-gracias-a-las-aspas-reversibles-b78.html#primaryimage\"},\"image\":{\"@id\":\"https:\\\/\\\/gavri-src.addisnetwork.es\\\/blog\\\/ventiladores-de-techo-de-dos-colores-gracias-a-las-aspas-reversibles-b78.html#primaryimage\"},\"thumbnailUrl\":\"https:\\\/\\\/gavri-src.addisnetwork.es\\\/blog\\\/wp-content\\\/uploads\\\/2020\\\/12\\\/lg-b-aspas-reversibles-blog.jpg\",\"datePublished\":\"2020-12-18T18:55:00+00:00\",\"dateModified\":\"2021-04-30T14:37:47+00:00\",\"description\":\"Si no te decides por un color de ventilador de techo, existen modelos con aspas reversibles que pueden cambiar de color.\",\"breadcrumb\":{\"@id\":\"https:\\\/\\\/gavri-src.addisnetwork.es\\\/blog\\\/ventiladores-de-techo-de-dos-colores-gracias-a-las-aspas-reversibles-b78.html#breadcrumb\"},\"inLanguage\":\"es\",\"potentialAction\":[{\"@type\":\"ReadAction\",\"target\":[\"https:\\\/\\\/gavri-src.addisnetwork.es\\\/blog\\\/ventiladores-de-techo-de-dos-colores-gracias-a-las-aspas-reversibles-b78.html\"]}]},{\"@type\":\"ImageObject\",\"inLanguage\":\"es\",\"@id\":\"https:\\\/\\\/gavri-src.addisnetwork.es\\\/blog\\\/ventiladores-de-techo-de-dos-colores-gracias-a-las-aspas-reversibles-b78.html#primaryimage\",\"url\":\"https:\\\/\\\/gavri-src.addisnetwork.es\\\/blog\\\/wp-content\\\/uploads\\\/2020\\\/12\\\/lg-b-aspas-reversibles-blog.jpg\",\"contentUrl\":\"https:\\\/\\\/gavri-src.addisnetwork.es\\\/blog\\\/wp-content\\\/uploads\\\/2020\\\/12\\\/lg-b-aspas-reversibles-blog.jpg\",\"width\":1900,\"height\":781},{\"@type\":\"BreadcrumbList\",\"@id\":\"https:\\\/\\\/gavri-src.addisnetwork.es\\\/blog\\\/ventiladores-de-techo-de-dos-colores-gracias-a-las-aspas-reversibles-b78.html#breadcrumb\",\"itemListElement\":[{\"@type\":\"ListItem\",\"position\":1,\"name\":\"Portada\",\"item\":\"https:\\\/\\\/gavri-src.addisnetwork.es\\\/blog\"},{\"@type\":\"ListItem\",\"position\":2,\"name\":\"Ventiladores de techo de dos colores gracias a las aspas reversibles\"}]},{\"@type\":\"WebSite\",\"@id\":\"https:\\\/\\\/gavri-src.addisnetwork.es\\\/blog\\\/#website\",\"url\":\"https:\\\/\\\/gavri-src.addisnetwork.es\\\/blog\\\/\",\"name\":\"Blog de Gavri.es\",\"description\":\"Blog de Gavri.es\",\"publisher\":{\"@id\":\"https:\\\/\\\/gavri-src.addisnetwork.es\\\/blog\\\/#organization\"},\"potentialAction\":[{\"@type\":\"SearchAction\",\"target\":{\"@type\":\"EntryPoint\",\"urlTemplate\":\"https:\\\/\\\/gavri-src.addisnetwork.es\\\/blog\\\/?s={search_term_string}\"},\"query-input\":{\"@type\":\"PropertyValueSpecification\",\"valueRequired\":true,\"valueName\":\"search_term_string\"}}],\"inLanguage\":\"es\"},{\"@type\":\"Organization\",\"@id\":\"https:\\\/\\\/gavri-src.addisnetwork.es\\\/blog\\\/#organization\",\"name\":\"Blog de Gavri.es\",\"url\":\"https:\\\/\\\/gavri-src.addisnetwork.es\\\/blog\\\/\",\"logo\":{\"@type\":\"ImageObject\",\"inLanguage\":\"es\",\"@id\":\"https:\\\/\\\/gavri-src.addisnetwork.es\\\/blog\\\/#\\\/schema\\\/logo\\\/image\\\/\",\"url\":\"https:\\\/\\\/gavri-src.addisnetwork.es\\\/blog\\\/wp-content\\\/uploads\\\/2021\\\/01\\\/cropped-LOGO-gavries-blog-1.png\",\"contentUrl\":\"https:\\\/\\\/gavri-src.addisnetwork.es\\\/blog\\\/wp-content\\\/uploads\\\/2021\\\/01\\\/cropped-LOGO-gavries-blog-1.png\",\"width\":520,\"height\":104,\"caption\":\"Blog de Gavri.es\"},\"image\":{\"@id\":\"https:\\\/\\\/gavri-src.addisnetwork.es\\\/blog\\\/#\\\/schema\\\/logo\\\/image\\\/\"}},{\"@type\":\"Person\",\"@id\":\"https:\\\/\\\/gavri-src.addisnetwork.es\\\/blog\\\/#\\\/schema\\\/person\\\/3df0699bd314187860df00e3b73fbf75\",\"name\":\"Gavri\",\"image\":{\"@type\":\"ImageObject\",\"inLanguage\":\"es\",\"@id\":\"https:\\\/\\\/secure.gravatar.com\\\/avatar\\\/6fc6afbbb919cee1ae64c74ed55bf75da72aade68e84f27c0a3a05bd98ccf2a0?s=96&d=mm&r=g\",\"url\":\"https:\\\/\\\/secure.gravatar.com\\\/avatar\\\/6fc6afbbb919cee1ae64c74ed55bf75da72aade68e84f27c0a3a05bd98ccf2a0?s=96&d=mm&r=g\",\"contentUrl\":\"https:\\\/\\\/secure.gravatar.com\\\/avatar\\\/6fc6afbbb919cee1ae64c74ed55bf75da72aade68e84f27c0a3a05bd98ccf2a0?s=96&d=mm&r=g\",\"caption\":\"Gavri\"},\"sameAs\":[\"https:\\\/\\\/gavri.es\\\/blog\"]}]}<\/script>\n<!-- \/ Yoast SEO plugin. -->","yoast_head_json":{"title":"Ventiladores de techo de dos colores gracias a las aspas reversibles - Blog de Gavri.es","description":"Si no te decides por un color de ventilador de techo, existen modelos con aspas reversibles que pueden cambiar de color.","robots":{"index":"index","follow":"follow","max-snippet":"max-snippet:-1","max-image-preview":"max-image-preview:large","max-video-preview":"max-video-preview:-1"},"canonical":"https:\/\/gavri-src.addisnetwork.es\/blog\/ventiladores-de-techo-de-dos-colores-gracias-a-las-aspas-reversibles-b78.html","og_locale":"es_ES","og_type":"article","og_title":"Ventiladores de techo de dos colores gracias a las aspas reversibles - Blog de Gavri.es","og_description":"Si no te decides por un color de ventilador de techo, existen modelos con aspas reversibles que pueden cambiar de color.","og_url":"https:\/\/gavri-src.addisnetwork.es\/blog\/ventiladores-de-techo-de-dos-colores-gracias-a-las-aspas-reversibles-b78.html","og_site_name":"Blog de Gavri.es","article_published_time":"2020-12-18T18:55:00+00:00","article_modified_time":"2021-04-30T14:37:47+00:00","og_image":[{"width":1900,"height":781,"url":"https:\/\/gavri-src.addisnetwork.es\/blog\/wp-content\/uploads\/2020\/12\/lg-b-aspas-reversibles-blog.jpg","type":"image\/jpeg"}],"author":"Gavri","twitter_card":"summary_large_image","twitter_misc":{"Escrito por":"Gavri","Tiempo de lectura":"2 minutos"},"schema":{"@context":"https:\/\/schema.org","@graph":[{"@type":"Article","@id":"https:\/\/gavri-src.addisnetwork.es\/blog\/ventiladores-de-techo-de-dos-colores-gracias-a-las-aspas-reversibles-b78.html#article","isPartOf":{"@id":"https:\/\/gavri-src.addisnetwork.es\/blog\/ventiladores-de-techo-de-dos-colores-gracias-a-las-aspas-reversibles-b78.html"},"author":{"name":"Gavri","@id":"https:\/\/gavri-src.addisnetwork.es\/blog\/#\/schema\/person\/3df0699bd314187860df00e3b73fbf75"},"headline":"Ventiladores de techo de dos colores gracias a las aspas reversibles","datePublished":"2020-12-18T18:55:00+00:00","dateModified":"2021-04-30T14:37:47+00:00","mainEntityOfPage":{"@id":"https:\/\/gavri-src.addisnetwork.es\/blog\/ventiladores-de-techo-de-dos-colores-gracias-a-las-aspas-reversibles-b78.html"},"wordCount":386,"commentCount":0,"publisher":{"@id":"https:\/\/gavri-src.addisnetwork.es\/blog\/#organization"},"image":{"@id":"https:\/\/gavri-src.addisnetwork.es\/blog\/ventiladores-de-techo-de-dos-colores-gracias-a-las-aspas-reversibles-b78.html#primaryimage"},"thumbnailUrl":"https:\/\/gavri-src.addisnetwork.es\/blog\/wp-content\/uploads\/2020\/12\/lg-b-aspas-reversibles-blog.jpg","inLanguage":"es","potentialAction":[{"@type":"CommentAction","name":"Comment","target":["https:\/\/gavri-src.addisnetwork.es\/blog\/ventiladores-de-techo-de-dos-colores-gracias-a-las-aspas-reversibles-b78.html#respond"]}]},{"@type":"WebPage","@id":"https:\/\/gavri-src.addisnetwork.es\/blog\/ventiladores-de-techo-de-dos-colores-gracias-a-las-aspas-reversibles-b78.html","url":"https:\/\/gavri-src.addisnetwork.es\/blog\/ventiladores-de-techo-de-dos-colores-gracias-a-las-aspas-reversibles-b78.html","name":"Ventiladores de techo de dos colores gracias a las aspas reversibles - Blog de Gavri.es","isPartOf":{"@id":"https:\/\/gavri-src.addisnetwork.es\/blog\/#website"},"primaryImageOfPage":{"@id":"https:\/\/gavri-src.addisnetwork.es\/blog\/ventiladores-de-techo-de-dos-colores-gracias-a-las-aspas-reversibles-b78.html#primaryimage"},"image":{"@id":"https:\/\/gavri-src.addisnetwork.es\/blog\/ventiladores-de-techo-de-dos-colores-gracias-a-las-aspas-reversibles-b78.html#primaryimage"},"thumbnailUrl":"https:\/\/gavri-src.addisnetwork.es\/blog\/wp-content\/uploads\/2020\/12\/lg-b-aspas-reversibles-blog.jpg","datePublished":"2020-12-18T18:55:00+00:00","dateModified":"2021-04-30T14:37:47+00:00","description":"Si no te decides por un color de ventilador de techo, existen modelos con aspas reversibles que pueden cambiar de color.","breadcrumb":{"@id":"https:\/\/gavri-src.addisnetwork.es\/blog\/ventiladores-de-techo-de-dos-colores-gracias-a-las-aspas-reversibles-b78.html#breadcrumb"},"inLanguage":"es","potentialAction":[{"@type":"ReadAction","target":["https:\/\/gavri-src.addisnetwork.es\/blog\/ventiladores-de-techo-de-dos-colores-gracias-a-las-aspas-reversibles-b78.html"]}]},{"@type":"ImageObject","inLanguage":"es","@id":"https:\/\/gavri-src.addisnetwork.es\/blog\/ventiladores-de-techo-de-dos-colores-gracias-a-las-aspas-reversibles-b78.html#primaryimage","url":"https:\/\/gavri-src.addisnetwork.es\/blog\/wp-content\/uploads\/2020\/12\/lg-b-aspas-reversibles-blog.jpg","contentUrl":"https:\/\/gavri-src.addisnetwork.es\/blog\/wp-content\/uploads\/2020\/12\/lg-b-aspas-reversibles-blog.jpg","width":1900,"height":781},{"@type":"BreadcrumbList","@id":"https:\/\/gavri-src.addisnetwork.es\/blog\/ventiladores-de-techo-de-dos-colores-gracias-a-las-aspas-reversibles-b78.html#breadcrumb","itemListElement":[{"@type":"ListItem","position":1,"name":"Portada","item":"https:\/\/gavri-src.addisnetwork.es\/blog"},{"@type":"ListItem","position":2,"name":"Ventiladores de techo de dos colores gracias a las aspas reversibles"}]},{"@type":"WebSite","@id":"https:\/\/gavri-src.addisnetwork.es\/blog\/#website","url":"https:\/\/gavri-src.addisnetwork.es\/blog\/","name":"Blog de Gavri.es","description":"Blog de Gavri.es","publisher":{"@id":"https:\/\/gavri-src.addisnetwork.es\/blog\/#organization"},"potentialAction":[{"@type":"SearchAction","target":{"@type":"EntryPoint","urlTemplate":"https:\/\/gavri-src.addisnetwork.es\/blog\/?s={search_term_string}"},"query-input":{"@type":"PropertyValueSpecification","valueRequired":true,"valueName":"search_term_string"}}],"inLanguage":"es"},{"@type":"Organization","@id":"https:\/\/gavri-src.addisnetwork.es\/blog\/#organization","name":"Blog de Gavri.es","url":"https:\/\/gavri-src.addisnetwork.es\/blog\/","logo":{"@type":"ImageObject","inLanguage":"es","@id":"https:\/\/gavri-src.addisnetwork.es\/blog\/#\/schema\/logo\/image\/","url":"https:\/\/gavri-src.addisnetwork.es\/blog\/wp-content\/uploads\/2021\/01\/cropped-LOGO-gavries-blog-1.png","contentUrl":"https:\/\/gavri-src.addisnetwork.es\/blog\/wp-content\/uploads\/2021\/01\/cropped-LOGO-gavries-blog-1.png","width":520,"height":104,"caption":"Blog de Gavri.es"},"image":{"@id":"https:\/\/gavri-src.addisnetwork.es\/blog\/#\/schema\/logo\/image\/"}},{"@type":"Person","@id":"https:\/\/gavri-src.addisnetwork.es\/blog\/#\/schema\/person\/3df0699bd314187860df00e3b73fbf75","name":"Gavri","image":{"@type":"ImageObject","inLanguage":"es","@id":"https:\/\/secure.gravatar.com\/avatar\/6fc6afbbb919cee1ae64c74ed55bf75da72aade68e84f27c0a3a05bd98ccf2a0?s=96&d=mm&r=g","url":"https:\/\/secure.gravatar.com\/avatar\/6fc6afbbb919cee1ae64c74ed55bf75da72aade68e84f27c0a3a05bd98ccf2a0?s=96&d=mm&r=g","contentUrl":"https:\/\/secure.gravatar.com\/avatar\/6fc6afbbb919cee1ae64c74ed55bf75da72aade68e84f27c0a3a05bd98ccf2a0?s=96&d=mm&r=g","caption":"Gavri"},"sameAs":["https:\/\/gavri.es\/blog"]}]}},"_links":{"self":[{"href":"https:\/\/gavri-src.addisnetwork.es\/blog\/wp-json\/wp\/v2\/posts\/78","targetHints":{"allow":["GET"]}}],"collection":[{"href":"https:\/\/gavri-src.addisnetwork.es\/blog\/wp-json\/wp\/v2\/posts"}],"about":[{"href":"https:\/\/gavri-src.addisnetwork.es\/blog\/wp-json\/wp\/v2\/types\/post"}],"author":[{"embeddable":true,"href":"https:\/\/gavri-src.addisnetwork.es\/blog\/wp-json\/wp\/v2\/users\/1"}],"replies":[{"embeddable":true,"href":"https:\/\/gavri-src.addisnetwork.es\/blog\/wp-json\/wp\/v2\/comments?post=78"}],"version-history":[{"count":3,"href":"https:\/\/gavri-src.addisnetwork.es\/blog\/wp-json\/wp\/v2\/posts\/78\/revisions"}],"predecessor-version":[{"id":468,"href":"https:\/\/gavri-src.addisnetwork.es\/blog\/wp-json\/wp\/v2\/posts\/78\/revisions\/468"}],"wp:featuredmedia":[{"embeddable":true,"href":"https:\/\/gavri-src.addisnetwork.es\/blog\/wp-json\/wp\/v2\/media\/168"}],"wp:attachment":[{"href":"https:\/\/gavri-src.addisnetwork.es\/blog\/wp-json\/wp\/v2\/media?parent=78"}],"wp:term":[{"taxonomy":"category","embeddable":true,"href":"https:\/\/gavri-src.addisnetwork.es\/blog\/wp-json\/wp\/v2\/categories?post=78"},{"taxonomy":"post_tag","embeddable":true,"href":"https:\/\/gavri-src.addisnetwork.es\/blog\/wp-json\/wp\/v2\/tags?post=78"}],"curies":[{"name":"wp","href":"https:\/\/api.w.org\/{rel}","templated":true}]}}