{"id":79,"date":"2020-11-19T18:55:00","date_gmt":"2020-11-19T18:55:00","guid":{"rendered":"https:\/\/gavri.ivansol.com\/blog\/?p=79"},"modified":"2021-06-08T17:53:40","modified_gmt":"2021-06-08T17:53:40","slug":"como-hacer-que-tu-ventilador-de-techo-no-haga-ruido-b79","status":"publish","type":"post","link":"https:\/\/gavri-src.addisnetwork.es\/blog\/como-hacer-que-tu-ventilador-de-techo-no-haga-ruido-b79.html","title":{"rendered":"C\u00f3mo hacer que tu ventilador de techo no haga ruido"},"content":{"rendered":"\n<p>\u00bfQuieres dormir por la noche con el&nbsp;<a href=\"https:\/\/gavri.es\/ventiladores-de-techo\">ventilador de techo<\/a> pero te molesta el ruido o la vibraci\u00f3n? \u00bfSabes que es algo relativamente f\u00e1cil de reparar? En GAVRI.es, tus expertos en climatizaci\u00f3n, traemos una soluci\u00f3n para la mayor\u00eda de los casos en los que se puede solucionar el sonido en cuesti\u00f3n de minutos.<\/p>\n\n\n\n<p>Normalmente lo que puede hacer que <a href=\"https:\/\/es.wikihow.com\/arreglar-un-ventilador-de-techo-que-rechina\" target=\"_blank\" rel=\"noreferrer noopener nofollow\"><span style=\"text-decoration: underline;\">tu ventilador de techo haga ruido<\/span> <\/a>son tornillos mal apretados (o faltantes) o aspas mal balanceadas.<\/p>\n\n\n\n<h2 class=\"wp-block-heading\"><span style=\"color: #3498db;\">Revisa que los tornillos no est\u00e9n mal apretados<\/span><\/h2>\n\n\n\n<p>Como dec\u00edamos, la raz\u00f3n m\u00e1s com\u00fan por la cual tu <a href=\"http:\/\/www.domoticadomestica.com\/foro\/index.php?topic=2491.0\" target=\"_blank\" rel=\"noreferrer noopener nofollow\">ventilador hace zumbidos <\/a>o vibra es por los tornillos. Al realizar la <a href=\"https:\/\/ynstala.es\/ventiladores-de-techo-silenciosos\/\">instalaci\u00f3n<\/a>, es muy importante ajustar bien todos los componentes del ventilador y apretar los tornillos correctamente. La mayor\u00eda de las veces lo que provoca el sonido es un soporte de montaje que no est\u00e1 suficientemente atado al techo o que alguna de las aspas se no est\u00e9 bien sujeta al cuerpo del motor.<\/p>\n\n\n\n<h2 class=\"wp-block-heading\"><strong>Ventiladores de techo silenciosos<\/strong><\/h2>\n\n\n\n<p><a href=\"https:\/\/gavri.es\/ventiladores-de-techo-sin-luz\/ventilador-de-techo-casafan-311283-eco-plano-ii-112cm-blanco\">Ventilador de techo CasaFan 311283 ECO PLANO II 112cm blanco<\/a><\/p>\n\n\n\n<figure class=\"wp-block-image is-resized\"><img loading=\"lazy\" decoding=\"async\" src=\"https:\/\/www.ventilator.de\/media\/image\/c1\/b7\/01\/CASAFAN_ECOPLANOII112WE-WE_3_311283_3.jpg\" alt=\"\" width=\"820\" height=\"340\"\/><\/figure>\n\n\n\n<p><a href=\"https:\/\/gavri.es\/ventiladores-de-techo\/ventilador-de-techo-casafan-952111-eco-neo-iii-103cm-gris-basalto-cerezo-o-nogal\">Ventilador de techo CasaFan 952111 ECO NEO III 103cm gris basalto \/ cerezo o nogal<\/a><\/p>\n\n\n\n<figure class=\"wp-block-image\"><img decoding=\"async\" src=\"https:\/\/www.ventilator.de\/media\/image\/7b\/c5\/d5\/CASAFAN_ECONEOIII103BG-NB-KI_4_952111_1_2.jpg\" alt=\"\"\/><\/figure>\n\n\n\n<div class=\"wp-block-buttons is-layout-flex wp-block-buttons-is-layout-flex\">\n<div class=\"wp-block-button\"><a class=\"wp-block-button__link\" href=\"https:\/\/gavri.es\/ventiladores-de-techo-silenciosos\">Descubre m\u00e1s ventiladores de techo silenciosos<\/a><\/div>\n<\/div>\n\n\n\n<h2 class=\"wp-block-heading\"><span style=\"color: #3498db;\">Equilibra las aspas<\/span><\/h2>\n\n\n\n<p>Si ha comprobado que el montaje del ventilador y las aspas est\u00e9n bien y, sin embargo, todav\u00eda se pueden escuchar sonido es muy probable que su ventilador no est\u00e9 bien equilibrado. Esto implica que algunas de las aspas tengan una desviaci\u00f3n de peso.<\/p>\n\n\n\n<p>La mayor\u00eda de los ventiladores incluyen un kit de equilibrio (que incluye 2 contrapesos) para ayudar a resolver este problema. Por ejemplo todos los ventiladores de la marca alemana CasaFan los incluyen.<\/p>\n\n\n\n<h2 class=\"wp-block-heading\"><span style=\"color: #3498db;\">C\u00f3mo saber qu\u00e9 aspa hay que equilibrar&#8230;<\/span><\/h2>\n\n\n\n<p>Para determinar cu\u00e1l de las aspas es la que hace m\u00e1s ruido, sigue este procedimiento:<\/p>\n\n\n\n<p>1)&nbsp;&nbsp;&nbsp;&nbsp;&nbsp; F\u00edjate la velocidad a la que la aspas se mueven\/vibran m\u00e1s (normalmente es a m\u00e1xima velocidad pero a veces puede suceder lo contrario).<\/p>\n\n\n\n<p>2)&nbsp;&nbsp;&nbsp;&nbsp;&nbsp; Apague el ventilador y espere hasta que se detenga por completo. Seleccione una aspa y coloque una hebilla, un pasador o un imperdible.<\/p>\n\n\n\n<p>3)&nbsp;&nbsp;&nbsp;&nbsp;&nbsp; Encienda el ventilador a la velocidad m\u00e1s alta. Note si el balanceo ha mejorado o empeorado. Si no mejora, apague el ventilador, coloque la hebilla en la siguiente cuchilla y repita el proceso. Sigue intent\u00e1ndolo hasta encontrar la aspa correcta.<\/p>\n\n\n\n<p>4)&nbsp;&nbsp;&nbsp;&nbsp;&nbsp; Cuando haya identificado la aspa, queda por determinar qu\u00e9 partes de la aspa es la desequilibrada. Para ello sigue con el m\u00e9todo de prueba y error.<\/p>\n\n\n\n<p>5)&nbsp;&nbsp;&nbsp;&nbsp;&nbsp; Cuando encuentre el lugar correcto, apague el ventilador y marque su l\u00e1piz. Retire el clip. Coloque el peso en la parte superior de la cuchilla en el centro de su anchura y en la distancia desde el extremo donde se coloc\u00f3 la hebilla.<\/p>\n\n\n\n<p>6)&nbsp;&nbsp;&nbsp;&nbsp;&nbsp; Si este problema con el deslizamiento no se resuelve correctamente, puede equilibrar las otras cuchillas con el peso restante (simplemente puede dividirlas con el cuchillo). Para resolver este problema, tendr\u00e1 que pasar por el m\u00e9todo de prueba-error y ser paciente. Durante las pruebas, ser\u00e1 necesario apagar y volver a encender el ventilador varias veces hasta que descubra el lugar exacto donde va a color los pesos.<\/p>\n\n\n\n<ul class=\"wp-block-list\"><li>Si el ventilador sigue tambale\u00e1ndose, intente agregar el peso a la siguiente aspa.<\/li><li>Si tiene problemas para contactarnos, estaremos encantados de ayudarle con su problema.<\/li><li><\/li><\/ul>\n\n\n\n<h2 class=\"wp-block-heading\">Otros ventiladores de techo silenciosos<\/h2>\n\n\n\n<p><a href=\"https:\/\/gavri.es\/ventiladores-de-techo-con-luz\/ventilador-de-techo-con-luz-casafan-513286-eco-aviatos-132-blanco-we-we\">Ventilador de techo con luz CasaFan 513286 ECO AVIATOS 132 Blanco WE-WE<\/a><\/p>\n\n\n\n<figure class=\"wp-block-image\"><img decoding=\"async\" src=\"https:\/\/www.ventilator.de\/media\/image\/5e\/09\/95\/CASAFAN_ECOAVIATOS132WE-WE_513286_1.jpg\" alt=\"\"\/><\/figure>\n\n\n\n<p><a href=\"https:\/\/gavri.es\/ventiladores-de-techo\/ventilador-de-techo-casafan-311670-eco-pallas-116cm-arce-o-haya-cromo-cepillado\">Ventilador de techo CasaFan 311670 Eco Pallas 116cm arce o haya\/ cromo cepillado<\/a><\/p>\n\n\n\n<figure class=\"wp-block-image\"><img decoding=\"async\" src=\"https:\/\/www.ventilator.de\/media\/image\/9c\/95\/bc\/CASAFAN_ECOPALLAS116BN-AH-BU_311670_1_2.jpg\" alt=\"\"\/><\/figure>\n\n\n\n<h2 class=\"wp-block-heading\"><span style=\"color: #3498db;\">Si ninguna de las anteriores funciona, entonces es el motor<\/span><\/h2>\n\n\n\n<p>Si el ventilador todav\u00eda sigue vibrando o haciendo ruidos molestos, entonces (descartadas las otras opciones) deber\u00eda ser por el motor, aunque es algo que rara vez sucede. En este caso lo mejor es ponerse en contacto con el fabricante.<\/p>\n","protected":false},"excerpt":{"rendered":"<p>\u00bfQuieres dormir por la noche con el&nbsp;ventilador de techo pero te molesta el ruido o la vibraci\u00f3n? \u00bfSabes que es algo relativamente f\u00e1cil de reparar? En GAVRI.es, tus expertos en climatizaci\u00f3n, traemos una soluci\u00f3n para la &#8230; <a title=\"C\u00f3mo hacer que tu ventilador de techo no haga ruido\" class=\"read-more\" href=\"https:\/\/gavri-src.addisnetwork.es\/blog\/como-hacer-que-tu-ventilador-de-techo-no-haga-ruido-b79.html\" aria-label=\"M\u00e1s en C\u00f3mo hacer que tu ventilador de techo no haga ruido\">Leer m\u00e1s<\/a><\/p>\n","protected":false},"author":1,"featured_media":190,"comment_status":"open","ping_status":"closed","sticky":false,"template":"","format":"standard","meta":{"footnotes":""},"categories":[1],"tags":[],"class_list":["post-79","post","type-post","status-publish","format-standard","has-post-thumbnail","hentry","category-sin-categoria","generate-columns","tablet-grid-50","mobile-grid-100","grid-parent","grid-50","no-featured-image-padding"],"yoast_head":"<!-- This site is optimized with the Yoast SEO plugin v27.5 - https:\/\/yoast.com\/product\/yoast-seo-wordpress\/ -->\n<title>C\u00f3mo hacer que tu ventilador de techo no haga ruido - Blog de Gavri.es<\/title>\n<meta name=\"description\" content=\"Si tu ventilador de techo hace tanto ruido que te cuesta dormir en este post te contamos c\u00f3mo puedes solucionarlo.\" \/>\n<meta name=\"robots\" content=\"index, follow, max-snippet:-1, max-image-preview:large, max-video-preview:-1\" \/>\n<link rel=\"canonical\" href=\"https:\/\/gavri-src.addisnetwork.es\/blog\/como-hacer-que-tu-ventilador-de-techo-no-haga-ruido-b79.html\" \/>\n<meta property=\"og:locale\" content=\"es_ES\" \/>\n<meta property=\"og:type\" content=\"article\" \/>\n<meta property=\"og:title\" content=\"C\u00f3mo hacer que tu ventilador de techo no haga ruido - Blog de Gavri.es\" \/>\n<meta property=\"og:description\" content=\"Si tu ventilador de techo hace tanto ruido que te cuesta dormir en este post te contamos c\u00f3mo puedes solucionarlo.\" \/>\n<meta property=\"og:url\" content=\"https:\/\/gavri-src.addisnetwork.es\/blog\/como-hacer-que-tu-ventilador-de-techo-no-haga-ruido-b79.html\" \/>\n<meta property=\"og:site_name\" content=\"Blog de Gavri.es\" \/>\n<meta property=\"article:published_time\" content=\"2020-11-19T18:55:00+00:00\" \/>\n<meta property=\"article:modified_time\" content=\"2021-06-08T17:53:40+00:00\" \/>\n<meta property=\"og:image\" content=\"https:\/\/gavri-src.addisnetwork.es\/blog\/wp-content\/uploads\/2020\/12\/lg-b-ventiladores_techo_ruidoso_menos_ruido.jpg\" \/>\n\t<meta property=\"og:image:width\" content=\"1900\" \/>\n\t<meta property=\"og:image:height\" content=\"781\" \/>\n\t<meta property=\"og:image:type\" content=\"image\/jpeg\" \/>\n<meta name=\"author\" content=\"Gavri\" \/>\n<meta name=\"twitter:card\" content=\"summary_large_image\" \/>\n<meta name=\"twitter:label1\" content=\"Escrito por\" \/>\n\t<meta name=\"twitter:data1\" content=\"Gavri\" \/>\n\t<meta name=\"twitter:label2\" content=\"Tiempo de lectura\" \/>\n\t<meta name=\"twitter:data2\" content=\"4 minutos\" \/>\n<script type=\"application\/ld+json\" class=\"yoast-schema-graph\">{\"@context\":\"https:\\\/\\\/schema.org\",\"@graph\":[{\"@type\":\"Article\",\"@id\":\"https:\\\/\\\/gavri-src.addisnetwork.es\\\/blog\\\/como-hacer-que-tu-ventilador-de-techo-no-haga-ruido-b79.html#article\",\"isPartOf\":{\"@id\":\"https:\\\/\\\/gavri-src.addisnetwork.es\\\/blog\\\/como-hacer-que-tu-ventilador-de-techo-no-haga-ruido-b79.html\"},\"author\":{\"name\":\"Gavri\",\"@id\":\"https:\\\/\\\/gavri-src.addisnetwork.es\\\/blog\\\/#\\\/schema\\\/person\\\/3df0699bd314187860df00e3b73fbf75\"},\"headline\":\"C\u00f3mo hacer que tu ventilador de techo no haga ruido\",\"datePublished\":\"2020-11-19T18:55:00+00:00\",\"dateModified\":\"2021-06-08T17:53:40+00:00\",\"mainEntityOfPage\":{\"@id\":\"https:\\\/\\\/gavri-src.addisnetwork.es\\\/blog\\\/como-hacer-que-tu-ventilador-de-techo-no-haga-ruido-b79.html\"},\"wordCount\":687,\"commentCount\":13,\"publisher\":{\"@id\":\"https:\\\/\\\/gavri-src.addisnetwork.es\\\/blog\\\/#organization\"},\"image\":{\"@id\":\"https:\\\/\\\/gavri-src.addisnetwork.es\\\/blog\\\/como-hacer-que-tu-ventilador-de-techo-no-haga-ruido-b79.html#primaryimage\"},\"thumbnailUrl\":\"https:\\\/\\\/gavri-src.addisnetwork.es\\\/blog\\\/wp-content\\\/uploads\\\/2020\\\/12\\\/lg-b-ventiladores_techo_ruidoso_menos_ruido.jpg\",\"inLanguage\":\"es\",\"potentialAction\":[{\"@type\":\"CommentAction\",\"name\":\"Comment\",\"target\":[\"https:\\\/\\\/gavri-src.addisnetwork.es\\\/blog\\\/como-hacer-que-tu-ventilador-de-techo-no-haga-ruido-b79.html#respond\"]}]},{\"@type\":\"WebPage\",\"@id\":\"https:\\\/\\\/gavri-src.addisnetwork.es\\\/blog\\\/como-hacer-que-tu-ventilador-de-techo-no-haga-ruido-b79.html\",\"url\":\"https:\\\/\\\/gavri-src.addisnetwork.es\\\/blog\\\/como-hacer-que-tu-ventilador-de-techo-no-haga-ruido-b79.html\",\"name\":\"C\u00f3mo hacer que tu ventilador de techo no haga ruido - Blog de Gavri.es\",\"isPartOf\":{\"@id\":\"https:\\\/\\\/gavri-src.addisnetwork.es\\\/blog\\\/#website\"},\"primaryImageOfPage\":{\"@id\":\"https:\\\/\\\/gavri-src.addisnetwork.es\\\/blog\\\/como-hacer-que-tu-ventilador-de-techo-no-haga-ruido-b79.html#primaryimage\"},\"image\":{\"@id\":\"https:\\\/\\\/gavri-src.addisnetwork.es\\\/blog\\\/como-hacer-que-tu-ventilador-de-techo-no-haga-ruido-b79.html#primaryimage\"},\"thumbnailUrl\":\"https:\\\/\\\/gavri-src.addisnetwork.es\\\/blog\\\/wp-content\\\/uploads\\\/2020\\\/12\\\/lg-b-ventiladores_techo_ruidoso_menos_ruido.jpg\",\"datePublished\":\"2020-11-19T18:55:00+00:00\",\"dateModified\":\"2021-06-08T17:53:40+00:00\",\"description\":\"Si tu ventilador de techo hace tanto ruido que te cuesta dormir en este post te contamos c\u00f3mo puedes solucionarlo.\",\"breadcrumb\":{\"@id\":\"https:\\\/\\\/gavri-src.addisnetwork.es\\\/blog\\\/como-hacer-que-tu-ventilador-de-techo-no-haga-ruido-b79.html#breadcrumb\"},\"inLanguage\":\"es\",\"potentialAction\":[{\"@type\":\"ReadAction\",\"target\":[\"https:\\\/\\\/gavri-src.addisnetwork.es\\\/blog\\\/como-hacer-que-tu-ventilador-de-techo-no-haga-ruido-b79.html\"]}]},{\"@type\":\"ImageObject\",\"inLanguage\":\"es\",\"@id\":\"https:\\\/\\\/gavri-src.addisnetwork.es\\\/blog\\\/como-hacer-que-tu-ventilador-de-techo-no-haga-ruido-b79.html#primaryimage\",\"url\":\"https:\\\/\\\/gavri-src.addisnetwork.es\\\/blog\\\/wp-content\\\/uploads\\\/2020\\\/12\\\/lg-b-ventiladores_techo_ruidoso_menos_ruido.jpg\",\"contentUrl\":\"https:\\\/\\\/gavri-src.addisnetwork.es\\\/blog\\\/wp-content\\\/uploads\\\/2020\\\/12\\\/lg-b-ventiladores_techo_ruidoso_menos_ruido.jpg\",\"width\":1900,\"height\":781},{\"@type\":\"BreadcrumbList\",\"@id\":\"https:\\\/\\\/gavri-src.addisnetwork.es\\\/blog\\\/como-hacer-que-tu-ventilador-de-techo-no-haga-ruido-b79.html#breadcrumb\",\"itemListElement\":[{\"@type\":\"ListItem\",\"position\":1,\"name\":\"Portada\",\"item\":\"https:\\\/\\\/gavri-src.addisnetwork.es\\\/blog\"},{\"@type\":\"ListItem\",\"position\":2,\"name\":\"C\u00f3mo hacer que tu ventilador de techo no haga ruido\"}]},{\"@type\":\"WebSite\",\"@id\":\"https:\\\/\\\/gavri-src.addisnetwork.es\\\/blog\\\/#website\",\"url\":\"https:\\\/\\\/gavri-src.addisnetwork.es\\\/blog\\\/\",\"name\":\"Blog de Gavri.es\",\"description\":\"Blog de Gavri.es\",\"publisher\":{\"@id\":\"https:\\\/\\\/gavri-src.addisnetwork.es\\\/blog\\\/#organization\"},\"potentialAction\":[{\"@type\":\"SearchAction\",\"target\":{\"@type\":\"EntryPoint\",\"urlTemplate\":\"https:\\\/\\\/gavri-src.addisnetwork.es\\\/blog\\\/?s={search_term_string}\"},\"query-input\":{\"@type\":\"PropertyValueSpecification\",\"valueRequired\":true,\"valueName\":\"search_term_string\"}}],\"inLanguage\":\"es\"},{\"@type\":\"Organization\",\"@id\":\"https:\\\/\\\/gavri-src.addisnetwork.es\\\/blog\\\/#organization\",\"name\":\"Blog de Gavri.es\",\"url\":\"https:\\\/\\\/gavri-src.addisnetwork.es\\\/blog\\\/\",\"logo\":{\"@type\":\"ImageObject\",\"inLanguage\":\"es\",\"@id\":\"https:\\\/\\\/gavri-src.addisnetwork.es\\\/blog\\\/#\\\/schema\\\/logo\\\/image\\\/\",\"url\":\"https:\\\/\\\/gavri-src.addisnetwork.es\\\/blog\\\/wp-content\\\/uploads\\\/2021\\\/01\\\/cropped-LOGO-gavries-blog-1.png\",\"contentUrl\":\"https:\\\/\\\/gavri-src.addisnetwork.es\\\/blog\\\/wp-content\\\/uploads\\\/2021\\\/01\\\/cropped-LOGO-gavries-blog-1.png\",\"width\":520,\"height\":104,\"caption\":\"Blog de Gavri.es\"},\"image\":{\"@id\":\"https:\\\/\\\/gavri-src.addisnetwork.es\\\/blog\\\/#\\\/schema\\\/logo\\\/image\\\/\"}},{\"@type\":\"Person\",\"@id\":\"https:\\\/\\\/gavri-src.addisnetwork.es\\\/blog\\\/#\\\/schema\\\/person\\\/3df0699bd314187860df00e3b73fbf75\",\"name\":\"Gavri\",\"image\":{\"@type\":\"ImageObject\",\"inLanguage\":\"es\",\"@id\":\"https:\\\/\\\/secure.gravatar.com\\\/avatar\\\/6fc6afbbb919cee1ae64c74ed55bf75da72aade68e84f27c0a3a05bd98ccf2a0?s=96&d=mm&r=g\",\"url\":\"https:\\\/\\\/secure.gravatar.com\\\/avatar\\\/6fc6afbbb919cee1ae64c74ed55bf75da72aade68e84f27c0a3a05bd98ccf2a0?s=96&d=mm&r=g\",\"contentUrl\":\"https:\\\/\\\/secure.gravatar.com\\\/avatar\\\/6fc6afbbb919cee1ae64c74ed55bf75da72aade68e84f27c0a3a05bd98ccf2a0?s=96&d=mm&r=g\",\"caption\":\"Gavri\"},\"sameAs\":[\"https:\\\/\\\/gavri.es\\\/blog\"]}]}<\/script>\n<!-- \/ Yoast SEO plugin. -->","yoast_head_json":{"title":"C\u00f3mo hacer que tu ventilador de techo no haga ruido - Blog de Gavri.es","description":"Si tu ventilador de techo hace tanto ruido que te cuesta dormir en este post te contamos c\u00f3mo puedes solucionarlo.","robots":{"index":"index","follow":"follow","max-snippet":"max-snippet:-1","max-image-preview":"max-image-preview:large","max-video-preview":"max-video-preview:-1"},"canonical":"https:\/\/gavri-src.addisnetwork.es\/blog\/como-hacer-que-tu-ventilador-de-techo-no-haga-ruido-b79.html","og_locale":"es_ES","og_type":"article","og_title":"C\u00f3mo hacer que tu ventilador de techo no haga ruido - Blog de Gavri.es","og_description":"Si tu ventilador de techo hace tanto ruido que te cuesta dormir en este post te contamos c\u00f3mo puedes solucionarlo.","og_url":"https:\/\/gavri-src.addisnetwork.es\/blog\/como-hacer-que-tu-ventilador-de-techo-no-haga-ruido-b79.html","og_site_name":"Blog de Gavri.es","article_published_time":"2020-11-19T18:55:00+00:00","article_modified_time":"2021-06-08T17:53:40+00:00","og_image":[{"width":1900,"height":781,"url":"https:\/\/gavri-src.addisnetwork.es\/blog\/wp-content\/uploads\/2020\/12\/lg-b-ventiladores_techo_ruidoso_menos_ruido.jpg","type":"image\/jpeg"}],"author":"Gavri","twitter_card":"summary_large_image","twitter_misc":{"Escrito por":"Gavri","Tiempo de lectura":"4 minutos"},"schema":{"@context":"https:\/\/schema.org","@graph":[{"@type":"Article","@id":"https:\/\/gavri-src.addisnetwork.es\/blog\/como-hacer-que-tu-ventilador-de-techo-no-haga-ruido-b79.html#article","isPartOf":{"@id":"https:\/\/gavri-src.addisnetwork.es\/blog\/como-hacer-que-tu-ventilador-de-techo-no-haga-ruido-b79.html"},"author":{"name":"Gavri","@id":"https:\/\/gavri-src.addisnetwork.es\/blog\/#\/schema\/person\/3df0699bd314187860df00e3b73fbf75"},"headline":"C\u00f3mo hacer que tu ventilador de techo no haga ruido","datePublished":"2020-11-19T18:55:00+00:00","dateModified":"2021-06-08T17:53:40+00:00","mainEntityOfPage":{"@id":"https:\/\/gavri-src.addisnetwork.es\/blog\/como-hacer-que-tu-ventilador-de-techo-no-haga-ruido-b79.html"},"wordCount":687,"commentCount":13,"publisher":{"@id":"https:\/\/gavri-src.addisnetwork.es\/blog\/#organization"},"image":{"@id":"https:\/\/gavri-src.addisnetwork.es\/blog\/como-hacer-que-tu-ventilador-de-techo-no-haga-ruido-b79.html#primaryimage"},"thumbnailUrl":"https:\/\/gavri-src.addisnetwork.es\/blog\/wp-content\/uploads\/2020\/12\/lg-b-ventiladores_techo_ruidoso_menos_ruido.jpg","inLanguage":"es","potentialAction":[{"@type":"CommentAction","name":"Comment","target":["https:\/\/gavri-src.addisnetwork.es\/blog\/como-hacer-que-tu-ventilador-de-techo-no-haga-ruido-b79.html#respond"]}]},{"@type":"WebPage","@id":"https:\/\/gavri-src.addisnetwork.es\/blog\/como-hacer-que-tu-ventilador-de-techo-no-haga-ruido-b79.html","url":"https:\/\/gavri-src.addisnetwork.es\/blog\/como-hacer-que-tu-ventilador-de-techo-no-haga-ruido-b79.html","name":"C\u00f3mo hacer que tu ventilador de techo no haga ruido - Blog de Gavri.es","isPartOf":{"@id":"https:\/\/gavri-src.addisnetwork.es\/blog\/#website"},"primaryImageOfPage":{"@id":"https:\/\/gavri-src.addisnetwork.es\/blog\/como-hacer-que-tu-ventilador-de-techo-no-haga-ruido-b79.html#primaryimage"},"image":{"@id":"https:\/\/gavri-src.addisnetwork.es\/blog\/como-hacer-que-tu-ventilador-de-techo-no-haga-ruido-b79.html#primaryimage"},"thumbnailUrl":"https:\/\/gavri-src.addisnetwork.es\/blog\/wp-content\/uploads\/2020\/12\/lg-b-ventiladores_techo_ruidoso_menos_ruido.jpg","datePublished":"2020-11-19T18:55:00+00:00","dateModified":"2021-06-08T17:53:40+00:00","description":"Si tu ventilador de techo hace tanto ruido que te cuesta dormir en este post te contamos c\u00f3mo puedes solucionarlo.","breadcrumb":{"@id":"https:\/\/gavri-src.addisnetwork.es\/blog\/como-hacer-que-tu-ventilador-de-techo-no-haga-ruido-b79.html#breadcrumb"},"inLanguage":"es","potentialAction":[{"@type":"ReadAction","target":["https:\/\/gavri-src.addisnetwork.es\/blog\/como-hacer-que-tu-ventilador-de-techo-no-haga-ruido-b79.html"]}]},{"@type":"ImageObject","inLanguage":"es","@id":"https:\/\/gavri-src.addisnetwork.es\/blog\/como-hacer-que-tu-ventilador-de-techo-no-haga-ruido-b79.html#primaryimage","url":"https:\/\/gavri-src.addisnetwork.es\/blog\/wp-content\/uploads\/2020\/12\/lg-b-ventiladores_techo_ruidoso_menos_ruido.jpg","contentUrl":"https:\/\/gavri-src.addisnetwork.es\/blog\/wp-content\/uploads\/2020\/12\/lg-b-ventiladores_techo_ruidoso_menos_ruido.jpg","width":1900,"height":781},{"@type":"BreadcrumbList","@id":"https:\/\/gavri-src.addisnetwork.es\/blog\/como-hacer-que-tu-ventilador-de-techo-no-haga-ruido-b79.html#breadcrumb","itemListElement":[{"@type":"ListItem","position":1,"name":"Portada","item":"https:\/\/gavri-src.addisnetwork.es\/blog"},{"@type":"ListItem","position":2,"name":"C\u00f3mo hacer que tu ventilador de techo no haga ruido"}]},{"@type":"WebSite","@id":"https:\/\/gavri-src.addisnetwork.es\/blog\/#website","url":"https:\/\/gavri-src.addisnetwork.es\/blog\/","name":"Blog de Gavri.es","description":"Blog de Gavri.es","publisher":{"@id":"https:\/\/gavri-src.addisnetwork.es\/blog\/#organization"},"potentialAction":[{"@type":"SearchAction","target":{"@type":"EntryPoint","urlTemplate":"https:\/\/gavri-src.addisnetwork.es\/blog\/?s={search_term_string}"},"query-input":{"@type":"PropertyValueSpecification","valueRequired":true,"valueName":"search_term_string"}}],"inLanguage":"es"},{"@type":"Organization","@id":"https:\/\/gavri-src.addisnetwork.es\/blog\/#organization","name":"Blog de Gavri.es","url":"https:\/\/gavri-src.addisnetwork.es\/blog\/","logo":{"@type":"ImageObject","inLanguage":"es","@id":"https:\/\/gavri-src.addisnetwork.es\/blog\/#\/schema\/logo\/image\/","url":"https:\/\/gavri-src.addisnetwork.es\/blog\/wp-content\/uploads\/2021\/01\/cropped-LOGO-gavries-blog-1.png","contentUrl":"https:\/\/gavri-src.addisnetwork.es\/blog\/wp-content\/uploads\/2021\/01\/cropped-LOGO-gavries-blog-1.png","width":520,"height":104,"caption":"Blog de Gavri.es"},"image":{"@id":"https:\/\/gavri-src.addisnetwork.es\/blog\/#\/schema\/logo\/image\/"}},{"@type":"Person","@id":"https:\/\/gavri-src.addisnetwork.es\/blog\/#\/schema\/person\/3df0699bd314187860df00e3b73fbf75","name":"Gavri","image":{"@type":"ImageObject","inLanguage":"es","@id":"https:\/\/secure.gravatar.com\/avatar\/6fc6afbbb919cee1ae64c74ed55bf75da72aade68e84f27c0a3a05bd98ccf2a0?s=96&d=mm&r=g","url":"https:\/\/secure.gravatar.com\/avatar\/6fc6afbbb919cee1ae64c74ed55bf75da72aade68e84f27c0a3a05bd98ccf2a0?s=96&d=mm&r=g","contentUrl":"https:\/\/secure.gravatar.com\/avatar\/6fc6afbbb919cee1ae64c74ed55bf75da72aade68e84f27c0a3a05bd98ccf2a0?s=96&d=mm&r=g","caption":"Gavri"},"sameAs":["https:\/\/gavri.es\/blog"]}]}},"_links":{"self":[{"href":"https:\/\/gavri-src.addisnetwork.es\/blog\/wp-json\/wp\/v2\/posts\/79","targetHints":{"allow":["GET"]}}],"collection":[{"href":"https:\/\/gavri-src.addisnetwork.es\/blog\/wp-json\/wp\/v2\/posts"}],"about":[{"href":"https:\/\/gavri-src.addisnetwork.es\/blog\/wp-json\/wp\/v2\/types\/post"}],"author":[{"embeddable":true,"href":"https:\/\/gavri-src.addisnetwork.es\/blog\/wp-json\/wp\/v2\/users\/1"}],"replies":[{"embeddable":true,"href":"https:\/\/gavri-src.addisnetwork.es\/blog\/wp-json\/wp\/v2\/comments?post=79"}],"version-history":[{"count":6,"href":"https:\/\/gavri-src.addisnetwork.es\/blog\/wp-json\/wp\/v2\/posts\/79\/revisions"}],"predecessor-version":[{"id":579,"href":"https:\/\/gavri-src.addisnetwork.es\/blog\/wp-json\/wp\/v2\/posts\/79\/revisions\/579"}],"wp:featuredmedia":[{"embeddable":true,"href":"https:\/\/gavri-src.addisnetwork.es\/blog\/wp-json\/wp\/v2\/media\/190"}],"wp:attachment":[{"href":"https:\/\/gavri-src.addisnetwork.es\/blog\/wp-json\/wp\/v2\/media?parent=79"}],"wp:term":[{"taxonomy":"category","embeddable":true,"href":"https:\/\/gavri-src.addisnetwork.es\/blog\/wp-json\/wp\/v2\/categories?post=79"},{"taxonomy":"post_tag","embeddable":true,"href":"https:\/\/gavri-src.addisnetwork.es\/blog\/wp-json\/wp\/v2\/tags?post=79"}],"curies":[{"name":"wp","href":"https:\/\/api.w.org\/{rel}","templated":true}]}}