{"id":795,"date":"2023-03-08T13:18:40","date_gmt":"2023-03-08T13:18:40","guid":{"rendered":"https:\/\/gavri.es\/blog\/?p=795"},"modified":"2023-03-08T13:18:41","modified_gmt":"2023-03-08T13:18:41","slug":"diametro-ventiladores-techo-ideal-habitacion","status":"publish","type":"post","link":"https:\/\/gavri-src.addisnetwork.es\/blog\/diametro-ventiladores-techo-ideal-habitacion.html","title":{"rendered":"<strong>\u00bfCu\u00e1l es el di\u00e1metro de ventiladores de techo ideal para tu habitaci\u00f3n?<\/strong>"},"content":{"rendered":"\n<p>\u00bfEst\u00e1s mirando ventiladores de techo para tu hogar o negocio? \u00a1Esto te interesa!<\/p>\n\n\n\n<p>A la hora de comprar un ventilador de techo es importante tener en cuenta factores como los materiales, el n\u00famero de aspas, las especificaciones t\u00e9cnicas y, tambi\u00e9n el di\u00e1metro del modelo. Esta medida hace referencia al di\u00e1metro que ocupan las palas en el giro por lo que ser\u00e1 de crucial importancia tenerla en consideraci\u00f3n para escoger un modelo acorde a las dimensiones del espacio o habitaci\u00f3n en cuesti\u00f3n.<\/p>\n\n\n\n<p>Si quieres saber cu\u00e1l es el ventilador de techo ideal para ti, \u00a1en <a href=\"https:\/\/gavri.es\/\" target=\"_blank\" rel=\"noreferrer noopener\">Gavri<\/a> te lo contamos! \u00a1Descubre toda la informaci\u00f3n en el siguiente post!\u00a0<\/p>\n\n\n\n<!--more-->\n\n\n\n<h2 class=\"wp-block-heading\"><strong>Ventiladores de techo dom\u00e9sticos, \u00bfcu\u00e1l es el di\u00e1metro ideal?<\/strong><\/h2>\n\n\n\n<p>Dentro de todas las medidas de ventiladores de techo<strong>, el di\u00e1metro est\u00e1ndar son 132cm<\/strong>, empleado sobre todo en habitaciones de entre 12 y 25m2 por lo que este tipo de modelos encajar\u00edan a la perfecci\u00f3n en estancias de la casa como <strong>el dormitorio, la cocina e incluso el sal\u00f3n.<\/strong><\/p>\n\n\n\n<p>Adem\u00e1s, la mayor\u00eda de ellos son de est\u00e9tica sencilla, id\u00f3neos para habitaciones peque\u00f1as y con capacidad suficiente para repartir bien el aire y conseguir una ventilaci\u00f3n excelente. Nosotros te recomendamos el <strong><a href=\"https:\/\/gavri.es\/ventiladores-de-techo\/ventilador-de-techo-con-luz-casafan-eco-elements-513280-roble-antiguo-o-haya\" target=\"_blank\" rel=\"noreferrer noopener\">Ventilador de Techo con Luz CasaFan Eco Elements 513280 Roble Antiguo<\/a>.<\/strong><\/p>\n\n\n\n<h3 class=\"wp-block-heading\"><strong>Los ventiladores peque\u00f1os son perfectos para habitaciones infantiles<\/strong><\/h3>\n\n\n\n<p>Por debajo de este di\u00e1metro est\u00e1ndar, existen ventiladores de techo m\u00e1s peque\u00f1os que pueden ir <strong>desde los 76cm hasta los 106cm<\/strong>, pasando incluso por los 92cm de di\u00e1metro como ocurre con el <strong><a href=\"https:\/\/gavri.es\/ventiladores-de-techo-con-luz\/ventilador-de-techo-con-luz-sulion-072645-tones-blanco-o-multicolor-blanco\" target=\"_blank\" rel=\"noreferrer noopener\">Ventilador de Techo con Luz Sulion 072645 Tone Blanco o Multicolor<\/a>.<\/strong><\/p>\n\n\n\n<p>Este tipo de modelos tienen el tama\u00f1o perfecto para ventilar dormitorios infantiles o lugares donde se prefiera un tama\u00f1o menor. Adem\u00e1s, la est\u00e9tica de este ventilador le dar\u00e1 un toque alegre y divertido a cualquier estancia. \u00a1Tenlo en cuenta!<\/p>\n\n\n\n<h4 class=\"wp-block-heading\"><strong>\u00bfQu\u00e9 di\u00e1metro tienen los ventiladores de techo de dise\u00f1o grandes?<\/strong><\/h4>\n\n\n\n<p>Al margen de los modelos ya mencionados, est\u00e1n los ventiladores de dimensiones m\u00e1s grandes que cuentan con un di\u00e1metro incluso superior a los 2m. En la categor\u00eda de <strong>ventiladores extragrandes<\/strong> se encuentran los modelos cuyo di\u00e1metro comprende entre los 168 y los 240cm. Se trata de ventiladores que van desde las 3 hasta incluso las 9 aspas como el <strong><a href=\"https:\/\/gavri.es\/inicio\/ventilador-de-techo-casafan-922012-big-smooth-eco-plata-titanio-223cm\" target=\"_blank\" rel=\"noreferrer noopener\">Ventilador de Techo Moderno Big Smooth Eco 223cm Plata Titanio<\/a><\/strong>.<\/p>\n\n\n\n<p>Estos modelo se recomiendan para espacios grandes y con techos altos, como por ejemplo salas de eventos, gimnasios, restaurantes, aulas&#8230;etc.<\/p>\n\n\n\n<h4 class=\"wp-block-heading\"><strong>Comprar ventiladores de techo, \u00bfqu\u00e9 tama\u00f1o elijo?<\/strong><\/h4>\n\n\n\n<p>Para elegir el tama\u00f1o adecuado de tu nuevo ventilador, <strong>debes tener en cuenta las dimensiones de tu habitaci\u00f3n<\/strong> para que al aire se reparta correctamente dentro de la estancia. En este caso, cuanto mayor sean sus dimensiones, mayor deber\u00e1 ser el di\u00e1metro de tu ventilador, pudiendo ir <strong>desde los 75cm hasta los 180cm en adelante.<\/strong><\/p>\n\n\n\n<p>Para acertar de lleno con tu comprar te adjuntamos una tabla que te indica cu\u00e1l es el ventilador ideal en casa caso:<\/p>\n\n\n<div class=\"wp-block-image\">\n<figure class=\"aligncenter size-full\"><img loading=\"lazy\" decoding=\"async\" width=\"497\" height=\"396\" src=\"https:\/\/gavri.es\/blog\/wp-content\/uploads\/2023\/03\/image.png\" alt=\"\" class=\"wp-image-796\" srcset=\"https:\/\/gavri-src.addisnetwork.es\/blog\/wp-content\/uploads\/2023\/03\/image.png 497w, https:\/\/gavri-src.addisnetwork.es\/blog\/wp-content\/uploads\/2023\/03\/image-300x239.png 300w\" sizes=\"auto, (max-width: 497px) 100vw, 497px\" \/><\/figure>\n<\/div>\n\n\n<p>Ahora que ya sabes lo que necesitas, solo tienes que venir a buscarlo a Gavri. \u00a1Vis\u00edtanos ya!<\/p>\n","protected":false},"excerpt":{"rendered":"<p>\u00bfEst\u00e1s mirando ventiladores de techo para tu hogar o negocio? \u00a1Esto te interesa! A la hora de comprar un ventilador de techo es importante tener en cuenta factores como los materiales, el n\u00famero de aspas, las &#8230; <a title=\"\u00bfCu\u00e1l es el di\u00e1metro de ventiladores de techo ideal para tu habitaci\u00f3n?\" class=\"read-more\" href=\"https:\/\/gavri-src.addisnetwork.es\/blog\/diametro-ventiladores-techo-ideal-habitacion.html\" aria-label=\"M\u00e1s en \u00bfCu\u00e1l es el di\u00e1metro de ventiladores de techo ideal para tu habitaci\u00f3n?\">Leer m\u00e1s<\/a><\/p>\n","protected":false},"author":2,"featured_media":797,"comment_status":"open","ping_status":"closed","sticky":false,"template":"","format":"standard","meta":{"footnotes":""},"categories":[24],"tags":[66,9,56,67],"class_list":["post-795","post","type-post","status-publish","format-standard","has-post-thumbnail","hentry","category-ventiladores-de-techo","tag-ventiladores-con-aspas","tag-ventiladores-de-techo","tag-ventiladores-de-techo-con-luz","tag-ventiladores-sin-aspas","generate-columns","tablet-grid-50","mobile-grid-100","grid-parent","grid-50","no-featured-image-padding"],"yoast_head":"<!-- This site is optimized with the Yoast SEO plugin v27.5 - https:\/\/yoast.com\/product\/yoast-seo-wordpress\/ -->\n<title>\u00bfCu\u00e1l es el di\u00e1metro de ventiladores de techo ideal para tu habitaci\u00f3n?<\/title>\n<meta name=\"description\" content=\"El di\u00e1metro es un dato importante a tener en cuenta a la hora de comprar ventiladores de techo y en Gavri te contamos por qu\u00e9. \u00a1Desc\u00fabrelo!\" \/>\n<meta name=\"robots\" content=\"index, follow, max-snippet:-1, max-image-preview:large, max-video-preview:-1\" \/>\n<link rel=\"canonical\" href=\"https:\/\/gavri-src.addisnetwork.es\/blog\/diametro-ventiladores-techo-ideal-habitacion.html\" \/>\n<meta property=\"og:locale\" content=\"es_ES\" \/>\n<meta property=\"og:type\" content=\"article\" \/>\n<meta property=\"og:title\" content=\"\u00bfCu\u00e1l es el di\u00e1metro de ventiladores de techo ideal para tu habitaci\u00f3n?\" \/>\n<meta property=\"og:description\" content=\"El di\u00e1metro es un dato importante a tener en cuenta a la hora de comprar ventiladores de techo y en Gavri te contamos por qu\u00e9. \u00a1Desc\u00fabrelo!\" \/>\n<meta property=\"og:url\" content=\"https:\/\/gavri-src.addisnetwork.es\/blog\/diametro-ventiladores-techo-ideal-habitacion.html\" \/>\n<meta property=\"og:site_name\" content=\"Blog de Gavri.es\" \/>\n<meta property=\"article:published_time\" content=\"2023-03-08T13:18:40+00:00\" \/>\n<meta property=\"article:modified_time\" content=\"2023-03-08T13:18:41+00:00\" \/>\n<meta property=\"og:image\" content=\"https:\/\/gavri-src.addisnetwork.es\/blog\/wp-content\/uploads\/2023\/03\/Cual-es-el-diametro-de-ventiladores-de-techo-ideal-para-tu-habitacion.jpg\" \/>\n\t<meta property=\"og:image:width\" content=\"633\" \/>\n\t<meta property=\"og:image:height\" content=\"800\" \/>\n\t<meta property=\"og:image:type\" content=\"image\/jpeg\" \/>\n<meta name=\"author\" content=\"T\u00e9cnico Gavri\" \/>\n<meta name=\"twitter:card\" content=\"summary_large_image\" \/>\n<meta name=\"twitter:label1\" content=\"Escrito por\" \/>\n\t<meta name=\"twitter:data1\" content=\"T\u00e9cnico Gavri\" \/>\n\t<meta name=\"twitter:label2\" content=\"Tiempo de lectura\" \/>\n\t<meta name=\"twitter:data2\" content=\"3 minutos\" \/>\n<script type=\"application\/ld+json\" class=\"yoast-schema-graph\">{\"@context\":\"https:\\\/\\\/schema.org\",\"@graph\":[{\"@type\":\"Article\",\"@id\":\"https:\\\/\\\/gavri-src.addisnetwork.es\\\/blog\\\/diametro-ventiladores-techo-ideal-habitacion.html#article\",\"isPartOf\":{\"@id\":\"https:\\\/\\\/gavri-src.addisnetwork.es\\\/blog\\\/diametro-ventiladores-techo-ideal-habitacion.html\"},\"author\":{\"name\":\"T\u00e9cnico Gavri\",\"@id\":\"https:\\\/\\\/gavri-src.addisnetwork.es\\\/blog\\\/#\\\/schema\\\/person\\\/587329a98b34cfdbbfd1e7fbe7b65296\"},\"headline\":\"\u00bfCu\u00e1l es el di\u00e1metro de ventiladores de techo ideal para tu habitaci\u00f3n?\",\"datePublished\":\"2023-03-08T13:18:40+00:00\",\"dateModified\":\"2023-03-08T13:18:41+00:00\",\"mainEntityOfPage\":{\"@id\":\"https:\\\/\\\/gavri-src.addisnetwork.es\\\/blog\\\/diametro-ventiladores-techo-ideal-habitacion.html\"},\"wordCount\":554,\"commentCount\":0,\"publisher\":{\"@id\":\"https:\\\/\\\/gavri-src.addisnetwork.es\\\/blog\\\/#organization\"},\"image\":{\"@id\":\"https:\\\/\\\/gavri-src.addisnetwork.es\\\/blog\\\/diametro-ventiladores-techo-ideal-habitacion.html#primaryimage\"},\"thumbnailUrl\":\"https:\\\/\\\/gavri-src.addisnetwork.es\\\/blog\\\/wp-content\\\/uploads\\\/2023\\\/03\\\/Cual-es-el-diametro-de-ventiladores-de-techo-ideal-para-tu-habitacion.jpg\",\"keywords\":[\"ventiladores con aspas\",\"ventiladores de techo\",\"ventiladores de techo con luz\",\"ventiladores sin aspas\"],\"articleSection\":[\"Ventiladores de techo\"],\"inLanguage\":\"es\",\"potentialAction\":[{\"@type\":\"CommentAction\",\"name\":\"Comment\",\"target\":[\"https:\\\/\\\/gavri-src.addisnetwork.es\\\/blog\\\/diametro-ventiladores-techo-ideal-habitacion.html#respond\"]}]},{\"@type\":\"WebPage\",\"@id\":\"https:\\\/\\\/gavri-src.addisnetwork.es\\\/blog\\\/diametro-ventiladores-techo-ideal-habitacion.html\",\"url\":\"https:\\\/\\\/gavri-src.addisnetwork.es\\\/blog\\\/diametro-ventiladores-techo-ideal-habitacion.html\",\"name\":\"\u00bfCu\u00e1l es el di\u00e1metro de ventiladores de techo ideal para tu habitaci\u00f3n?\",\"isPartOf\":{\"@id\":\"https:\\\/\\\/gavri-src.addisnetwork.es\\\/blog\\\/#website\"},\"primaryImageOfPage\":{\"@id\":\"https:\\\/\\\/gavri-src.addisnetwork.es\\\/blog\\\/diametro-ventiladores-techo-ideal-habitacion.html#primaryimage\"},\"image\":{\"@id\":\"https:\\\/\\\/gavri-src.addisnetwork.es\\\/blog\\\/diametro-ventiladores-techo-ideal-habitacion.html#primaryimage\"},\"thumbnailUrl\":\"https:\\\/\\\/gavri-src.addisnetwork.es\\\/blog\\\/wp-content\\\/uploads\\\/2023\\\/03\\\/Cual-es-el-diametro-de-ventiladores-de-techo-ideal-para-tu-habitacion.jpg\",\"datePublished\":\"2023-03-08T13:18:40+00:00\",\"dateModified\":\"2023-03-08T13:18:41+00:00\",\"description\":\"El di\u00e1metro es un dato importante a tener en cuenta a la hora de comprar ventiladores de techo y en Gavri te contamos por qu\u00e9. \u00a1Desc\u00fabrelo!\",\"breadcrumb\":{\"@id\":\"https:\\\/\\\/gavri-src.addisnetwork.es\\\/blog\\\/diametro-ventiladores-techo-ideal-habitacion.html#breadcrumb\"},\"inLanguage\":\"es\",\"potentialAction\":[{\"@type\":\"ReadAction\",\"target\":[\"https:\\\/\\\/gavri-src.addisnetwork.es\\\/blog\\\/diametro-ventiladores-techo-ideal-habitacion.html\"]}]},{\"@type\":\"ImageObject\",\"inLanguage\":\"es\",\"@id\":\"https:\\\/\\\/gavri-src.addisnetwork.es\\\/blog\\\/diametro-ventiladores-techo-ideal-habitacion.html#primaryimage\",\"url\":\"https:\\\/\\\/gavri-src.addisnetwork.es\\\/blog\\\/wp-content\\\/uploads\\\/2023\\\/03\\\/Cual-es-el-diametro-de-ventiladores-de-techo-ideal-para-tu-habitacion.jpg\",\"contentUrl\":\"https:\\\/\\\/gavri-src.addisnetwork.es\\\/blog\\\/wp-content\\\/uploads\\\/2023\\\/03\\\/Cual-es-el-diametro-de-ventiladores-de-techo-ideal-para-tu-habitacion.jpg\",\"width\":633,\"height\":800,\"caption\":\"Cu\u00e1l es el di\u00e1metro de ventiladores de techo ideal para tu habitaci\u00f3n\"},{\"@type\":\"BreadcrumbList\",\"@id\":\"https:\\\/\\\/gavri-src.addisnetwork.es\\\/blog\\\/diametro-ventiladores-techo-ideal-habitacion.html#breadcrumb\",\"itemListElement\":[{\"@type\":\"ListItem\",\"position\":1,\"name\":\"Portada\",\"item\":\"https:\\\/\\\/gavri-src.addisnetwork.es\\\/blog\"},{\"@type\":\"ListItem\",\"position\":2,\"name\":\"\u00bfCu\u00e1l es el di\u00e1metro de ventiladores de techo ideal para tu habitaci\u00f3n?\"}]},{\"@type\":\"WebSite\",\"@id\":\"https:\\\/\\\/gavri-src.addisnetwork.es\\\/blog\\\/#website\",\"url\":\"https:\\\/\\\/gavri-src.addisnetwork.es\\\/blog\\\/\",\"name\":\"Blog de Gavri.es\",\"description\":\"Blog de Gavri.es\",\"publisher\":{\"@id\":\"https:\\\/\\\/gavri-src.addisnetwork.es\\\/blog\\\/#organization\"},\"potentialAction\":[{\"@type\":\"SearchAction\",\"target\":{\"@type\":\"EntryPoint\",\"urlTemplate\":\"https:\\\/\\\/gavri-src.addisnetwork.es\\\/blog\\\/?s={search_term_string}\"},\"query-input\":{\"@type\":\"PropertyValueSpecification\",\"valueRequired\":true,\"valueName\":\"search_term_string\"}}],\"inLanguage\":\"es\"},{\"@type\":\"Organization\",\"@id\":\"https:\\\/\\\/gavri-src.addisnetwork.es\\\/blog\\\/#organization\",\"name\":\"Blog de Gavri.es\",\"url\":\"https:\\\/\\\/gavri-src.addisnetwork.es\\\/blog\\\/\",\"logo\":{\"@type\":\"ImageObject\",\"inLanguage\":\"es\",\"@id\":\"https:\\\/\\\/gavri-src.addisnetwork.es\\\/blog\\\/#\\\/schema\\\/logo\\\/image\\\/\",\"url\":\"https:\\\/\\\/gavri-src.addisnetwork.es\\\/blog\\\/wp-content\\\/uploads\\\/2021\\\/01\\\/cropped-LOGO-gavries-blog-1.png\",\"contentUrl\":\"https:\\\/\\\/gavri-src.addisnetwork.es\\\/blog\\\/wp-content\\\/uploads\\\/2021\\\/01\\\/cropped-LOGO-gavries-blog-1.png\",\"width\":520,\"height\":104,\"caption\":\"Blog de Gavri.es\"},\"image\":{\"@id\":\"https:\\\/\\\/gavri-src.addisnetwork.es\\\/blog\\\/#\\\/schema\\\/logo\\\/image\\\/\"}},{\"@type\":\"Person\",\"@id\":\"https:\\\/\\\/gavri-src.addisnetwork.es\\\/blog\\\/#\\\/schema\\\/person\\\/587329a98b34cfdbbfd1e7fbe7b65296\",\"name\":\"T\u00e9cnico Gavri\",\"image\":{\"@type\":\"ImageObject\",\"inLanguage\":\"es\",\"@id\":\"https:\\\/\\\/secure.gravatar.com\\\/avatar\\\/05be1fcb2076939c113859ec2cf09bc4b6b366950c2e7c2d51962780ab5e6d80?s=96&d=mm&r=g\",\"url\":\"https:\\\/\\\/secure.gravatar.com\\\/avatar\\\/05be1fcb2076939c113859ec2cf09bc4b6b366950c2e7c2d51962780ab5e6d80?s=96&d=mm&r=g\",\"contentUrl\":\"https:\\\/\\\/secure.gravatar.com\\\/avatar\\\/05be1fcb2076939c113859ec2cf09bc4b6b366950c2e7c2d51962780ab5e6d80?s=96&d=mm&r=g\",\"caption\":\"T\u00e9cnico Gavri\"}}]}<\/script>\n<!-- \/ Yoast SEO plugin. -->","yoast_head_json":{"title":"\u00bfCu\u00e1l es el di\u00e1metro de ventiladores de techo ideal para tu habitaci\u00f3n?","description":"El di\u00e1metro es un dato importante a tener en cuenta a la hora de comprar ventiladores de techo y en Gavri te contamos por qu\u00e9. \u00a1Desc\u00fabrelo!","robots":{"index":"index","follow":"follow","max-snippet":"max-snippet:-1","max-image-preview":"max-image-preview:large","max-video-preview":"max-video-preview:-1"},"canonical":"https:\/\/gavri-src.addisnetwork.es\/blog\/diametro-ventiladores-techo-ideal-habitacion.html","og_locale":"es_ES","og_type":"article","og_title":"\u00bfCu\u00e1l es el di\u00e1metro de ventiladores de techo ideal para tu habitaci\u00f3n?","og_description":"El di\u00e1metro es un dato importante a tener en cuenta a la hora de comprar ventiladores de techo y en Gavri te contamos por qu\u00e9. \u00a1Desc\u00fabrelo!","og_url":"https:\/\/gavri-src.addisnetwork.es\/blog\/diametro-ventiladores-techo-ideal-habitacion.html","og_site_name":"Blog de Gavri.es","article_published_time":"2023-03-08T13:18:40+00:00","article_modified_time":"2023-03-08T13:18:41+00:00","og_image":[{"width":633,"height":800,"url":"https:\/\/gavri-src.addisnetwork.es\/blog\/wp-content\/uploads\/2023\/03\/Cual-es-el-diametro-de-ventiladores-de-techo-ideal-para-tu-habitacion.jpg","type":"image\/jpeg"}],"author":"T\u00e9cnico Gavri","twitter_card":"summary_large_image","twitter_misc":{"Escrito por":"T\u00e9cnico Gavri","Tiempo de lectura":"3 minutos"},"schema":{"@context":"https:\/\/schema.org","@graph":[{"@type":"Article","@id":"https:\/\/gavri-src.addisnetwork.es\/blog\/diametro-ventiladores-techo-ideal-habitacion.html#article","isPartOf":{"@id":"https:\/\/gavri-src.addisnetwork.es\/blog\/diametro-ventiladores-techo-ideal-habitacion.html"},"author":{"name":"T\u00e9cnico Gavri","@id":"https:\/\/gavri-src.addisnetwork.es\/blog\/#\/schema\/person\/587329a98b34cfdbbfd1e7fbe7b65296"},"headline":"\u00bfCu\u00e1l es el di\u00e1metro de ventiladores de techo ideal para tu habitaci\u00f3n?","datePublished":"2023-03-08T13:18:40+00:00","dateModified":"2023-03-08T13:18:41+00:00","mainEntityOfPage":{"@id":"https:\/\/gavri-src.addisnetwork.es\/blog\/diametro-ventiladores-techo-ideal-habitacion.html"},"wordCount":554,"commentCount":0,"publisher":{"@id":"https:\/\/gavri-src.addisnetwork.es\/blog\/#organization"},"image":{"@id":"https:\/\/gavri-src.addisnetwork.es\/blog\/diametro-ventiladores-techo-ideal-habitacion.html#primaryimage"},"thumbnailUrl":"https:\/\/gavri-src.addisnetwork.es\/blog\/wp-content\/uploads\/2023\/03\/Cual-es-el-diametro-de-ventiladores-de-techo-ideal-para-tu-habitacion.jpg","keywords":["ventiladores con aspas","ventiladores de techo","ventiladores de techo con luz","ventiladores sin aspas"],"articleSection":["Ventiladores de techo"],"inLanguage":"es","potentialAction":[{"@type":"CommentAction","name":"Comment","target":["https:\/\/gavri-src.addisnetwork.es\/blog\/diametro-ventiladores-techo-ideal-habitacion.html#respond"]}]},{"@type":"WebPage","@id":"https:\/\/gavri-src.addisnetwork.es\/blog\/diametro-ventiladores-techo-ideal-habitacion.html","url":"https:\/\/gavri-src.addisnetwork.es\/blog\/diametro-ventiladores-techo-ideal-habitacion.html","name":"\u00bfCu\u00e1l es el di\u00e1metro de ventiladores de techo ideal para tu habitaci\u00f3n?","isPartOf":{"@id":"https:\/\/gavri-src.addisnetwork.es\/blog\/#website"},"primaryImageOfPage":{"@id":"https:\/\/gavri-src.addisnetwork.es\/blog\/diametro-ventiladores-techo-ideal-habitacion.html#primaryimage"},"image":{"@id":"https:\/\/gavri-src.addisnetwork.es\/blog\/diametro-ventiladores-techo-ideal-habitacion.html#primaryimage"},"thumbnailUrl":"https:\/\/gavri-src.addisnetwork.es\/blog\/wp-content\/uploads\/2023\/03\/Cual-es-el-diametro-de-ventiladores-de-techo-ideal-para-tu-habitacion.jpg","datePublished":"2023-03-08T13:18:40+00:00","dateModified":"2023-03-08T13:18:41+00:00","description":"El di\u00e1metro es un dato importante a tener en cuenta a la hora de comprar ventiladores de techo y en Gavri te contamos por qu\u00e9. \u00a1Desc\u00fabrelo!","breadcrumb":{"@id":"https:\/\/gavri-src.addisnetwork.es\/blog\/diametro-ventiladores-techo-ideal-habitacion.html#breadcrumb"},"inLanguage":"es","potentialAction":[{"@type":"ReadAction","target":["https:\/\/gavri-src.addisnetwork.es\/blog\/diametro-ventiladores-techo-ideal-habitacion.html"]}]},{"@type":"ImageObject","inLanguage":"es","@id":"https:\/\/gavri-src.addisnetwork.es\/blog\/diametro-ventiladores-techo-ideal-habitacion.html#primaryimage","url":"https:\/\/gavri-src.addisnetwork.es\/blog\/wp-content\/uploads\/2023\/03\/Cual-es-el-diametro-de-ventiladores-de-techo-ideal-para-tu-habitacion.jpg","contentUrl":"https:\/\/gavri-src.addisnetwork.es\/blog\/wp-content\/uploads\/2023\/03\/Cual-es-el-diametro-de-ventiladores-de-techo-ideal-para-tu-habitacion.jpg","width":633,"height":800,"caption":"Cu\u00e1l es el di\u00e1metro de ventiladores de techo ideal para tu habitaci\u00f3n"},{"@type":"BreadcrumbList","@id":"https:\/\/gavri-src.addisnetwork.es\/blog\/diametro-ventiladores-techo-ideal-habitacion.html#breadcrumb","itemListElement":[{"@type":"ListItem","position":1,"name":"Portada","item":"https:\/\/gavri-src.addisnetwork.es\/blog"},{"@type":"ListItem","position":2,"name":"\u00bfCu\u00e1l es el di\u00e1metro de ventiladores de techo ideal para tu habitaci\u00f3n?"}]},{"@type":"WebSite","@id":"https:\/\/gavri-src.addisnetwork.es\/blog\/#website","url":"https:\/\/gavri-src.addisnetwork.es\/blog\/","name":"Blog de Gavri.es","description":"Blog de Gavri.es","publisher":{"@id":"https:\/\/gavri-src.addisnetwork.es\/blog\/#organization"},"potentialAction":[{"@type":"SearchAction","target":{"@type":"EntryPoint","urlTemplate":"https:\/\/gavri-src.addisnetwork.es\/blog\/?s={search_term_string}"},"query-input":{"@type":"PropertyValueSpecification","valueRequired":true,"valueName":"search_term_string"}}],"inLanguage":"es"},{"@type":"Organization","@id":"https:\/\/gavri-src.addisnetwork.es\/blog\/#organization","name":"Blog de Gavri.es","url":"https:\/\/gavri-src.addisnetwork.es\/blog\/","logo":{"@type":"ImageObject","inLanguage":"es","@id":"https:\/\/gavri-src.addisnetwork.es\/blog\/#\/schema\/logo\/image\/","url":"https:\/\/gavri-src.addisnetwork.es\/blog\/wp-content\/uploads\/2021\/01\/cropped-LOGO-gavries-blog-1.png","contentUrl":"https:\/\/gavri-src.addisnetwork.es\/blog\/wp-content\/uploads\/2021\/01\/cropped-LOGO-gavries-blog-1.png","width":520,"height":104,"caption":"Blog de Gavri.es"},"image":{"@id":"https:\/\/gavri-src.addisnetwork.es\/blog\/#\/schema\/logo\/image\/"}},{"@type":"Person","@id":"https:\/\/gavri-src.addisnetwork.es\/blog\/#\/schema\/person\/587329a98b34cfdbbfd1e7fbe7b65296","name":"T\u00e9cnico Gavri","image":{"@type":"ImageObject","inLanguage":"es","@id":"https:\/\/secure.gravatar.com\/avatar\/05be1fcb2076939c113859ec2cf09bc4b6b366950c2e7c2d51962780ab5e6d80?s=96&d=mm&r=g","url":"https:\/\/secure.gravatar.com\/avatar\/05be1fcb2076939c113859ec2cf09bc4b6b366950c2e7c2d51962780ab5e6d80?s=96&d=mm&r=g","contentUrl":"https:\/\/secure.gravatar.com\/avatar\/05be1fcb2076939c113859ec2cf09bc4b6b366950c2e7c2d51962780ab5e6d80?s=96&d=mm&r=g","caption":"T\u00e9cnico Gavri"}}]}},"_links":{"self":[{"href":"https:\/\/gavri-src.addisnetwork.es\/blog\/wp-json\/wp\/v2\/posts\/795","targetHints":{"allow":["GET"]}}],"collection":[{"href":"https:\/\/gavri-src.addisnetwork.es\/blog\/wp-json\/wp\/v2\/posts"}],"about":[{"href":"https:\/\/gavri-src.addisnetwork.es\/blog\/wp-json\/wp\/v2\/types\/post"}],"author":[{"embeddable":true,"href":"https:\/\/gavri-src.addisnetwork.es\/blog\/wp-json\/wp\/v2\/users\/2"}],"replies":[{"embeddable":true,"href":"https:\/\/gavri-src.addisnetwork.es\/blog\/wp-json\/wp\/v2\/comments?post=795"}],"version-history":[{"count":1,"href":"https:\/\/gavri-src.addisnetwork.es\/blog\/wp-json\/wp\/v2\/posts\/795\/revisions"}],"predecessor-version":[{"id":798,"href":"https:\/\/gavri-src.addisnetwork.es\/blog\/wp-json\/wp\/v2\/posts\/795\/revisions\/798"}],"wp:featuredmedia":[{"embeddable":true,"href":"https:\/\/gavri-src.addisnetwork.es\/blog\/wp-json\/wp\/v2\/media\/797"}],"wp:attachment":[{"href":"https:\/\/gavri-src.addisnetwork.es\/blog\/wp-json\/wp\/v2\/media?parent=795"}],"wp:term":[{"taxonomy":"category","embeddable":true,"href":"https:\/\/gavri-src.addisnetwork.es\/blog\/wp-json\/wp\/v2\/categories?post=795"},{"taxonomy":"post_tag","embeddable":true,"href":"https:\/\/gavri-src.addisnetwork.es\/blog\/wp-json\/wp\/v2\/tags?post=795"}],"curies":[{"name":"wp","href":"https:\/\/api.w.org\/{rel}","templated":true}]}}