{"id":821,"date":"2023-04-12T12:12:13","date_gmt":"2023-04-12T12:12:13","guid":{"rendered":"https:\/\/gavri.es\/blog\/?p=821"},"modified":"2023-04-12T12:12:17","modified_gmt":"2023-04-12T12:12:17","slug":"puede-ventilador-techo-ofrecer-suficiente-luz-estancia","status":"publish","type":"post","link":"https:\/\/gavri-src.addisnetwork.es\/blog\/puede-ventilador-techo-ofrecer-suficiente-luz-estancia.html","title":{"rendered":"\u00bfPuede un ventilador de techo ofrecer suficiente luz a la estancia?"},"content":{"rendered":"\n<p>\u00bfHas pensado en comprarte un ventilador de techo con luz? \u00a1Genial! Este tipo de ventiladores son ideales para el hogar puesto que ofrecen numerosos beneficios.<\/p>\n\n\n\n<p>M\u00e1s all\u00e1 de ventilar la estancia y ofrecer una temperatura agradable, tambi\u00e9n la iluminan gracias a la luz integrada en su dise\u00f1o, algo que puede ser realmente significativo de cara al ahorro de dinero y energ\u00eda.<\/p>\n\n\n\n<p>No obstante, mucha gente se pregunta si realmente un ventilador con luz puede ofrecer la iluminaci\u00f3n necesaria a una estancia. Pues bien, en <a href=\"https:\/\/gavri.es\/\">Gavri<\/a> hemos venido a responder a esta y muchas dudas m\u00e1s. \u00a1Contin\u00faa leyendo para descubrir la informaci\u00f3n!<\/p>\n\n\n\n<!--more-->\n\n\n\n<h2 class=\"wp-block-heading\"><strong>Ventilador de techo con luz, \u00bfmerece la pena?<\/strong><\/h2>\n\n\n\n<p>Lo cierto es que s\u00ed. Existen modelos pensados para <strong>proporcionar suficiente luz a una estancia <\/strong>graciasa la luz integrada en su dise\u00f1o. Aunque, tambi\u00e9n hay otros ventiladores que ofrecen la posibilidad de integrar una bombilla adicional al dise\u00f1o, aumentando as\u00ed la cantidad de luz disponible en la habitaci\u00f3n.<\/p>\n\n\n\n<p>Los m\u00e1s modernos, adem\u00e1s, permiten <strong>ajustar la intensidad de la luz e incluso la temperatura de color<\/strong>, de modo que, se podr\u00e1 adaptar la iluminaci\u00f3n en funci\u00f3n de las necesidades y preferencias de cada usuario. \u00a1Toma nota!<\/p>\n\n\n\n<h3 class=\"wp-block-heading\"><strong>\u00bfUn ventilador de techo ofrece suficiente luz?<\/strong><\/h3>\n\n\n\n<p><strong>La respuesta es s\u00ed.<\/strong> Por lo general, la luz que viene integrada en los ventiladores de techo con luz suele ofrecer una fuente de luz brillante y uniforme en la habitaci\u00f3n.<\/p>\n\n\n\n<p>No obstante, es posible que, si se trate de una estancia oscura o de grandes dimensiones, la luz del ventilador no sea suficiente. En estos casos, es recomendable <strong>utilizar fuentes de luz adicionales<\/strong>, o bien, apostar por un ventilador que permita integrar otra bombilla.<\/p>\n\n\n\n<h4 class=\"wp-block-heading\"><strong>\u00bfPuede un ventilador para techo sustituir la l\u00e1mpara de mi habitaci\u00f3n?<\/strong><\/h4>\n\n\n\n<p>S\u00ed. Un ventilador de este estilo con luz integrada puede convertirse en el perfecto sustituto de otra fuente de iluminaci\u00f3n. Sin embargo, no debes pasar por alto que, la cantidad de luz que ofrezca el ventilador <strong>depende del modelo escogido<\/strong>, ya que la potencia de la iluminaci\u00f3n depender\u00e1 de ello.<\/p>\n\n\n\n<p>Si el ventilador de techo no tiene luz integrada, puede ser necesario instalar una fuente de luz separada y asegurarse de que el ventilador est\u00e9 dise\u00f1ado para soportarla.<\/p>\n\n\n\n<h4 class=\"wp-block-heading\"><strong>\u00bfCu\u00e1l es el mejor ventilador de techo para iluminar mi hogar?<\/strong><\/h4>\n\n\n\n<p>En Gavri hemos preparado varias opciones para todos los bolsillos de diferentes modelos de <strong>ventiladores de techo con luz<\/strong> para conseguir una iluminaci\u00f3n id\u00f3nea en cualquier estancia de tu hogar. \u00a1Presta mucha atenci\u00f3n!<\/p>\n\n\n\n<ul class=\"wp-block-list\">\n<li><a href=\"https:\/\/gavri.es\/inicio\/ventilador-de-techo-casafan-315276-eco-genuino-152cm-nuez-oscura\"><strong>Ventilador De Techo CasaFan 315276 ECO GENUINO 152cm Nuez Oscura<\/strong><\/a><strong>. <\/strong>Cuenta con una l\u00e1mpara de cristal y ofrece luz por medio de 2 bombillas E27 hasta 60 W.<\/li>\n\n\n\n<li><a href=\"https:\/\/gavri.es\/inicio\/ventilador-de-techo-con-luz-casafan-516085-eco-aviatos-162-plata-cromo-satinado-bn-sl\"><strong>Ventilador De Techo Con Luz CasaFan 516085 ECO AVIATOS 162<\/strong><\/a>. Cuenta con motor de bajo consumo y ofrece luz por medio de 2 bombillas E27 hasta 40 W.<\/li>\n\n\n\n<li><a href=\"https:\/\/gavri.es\/ventiladores-de-techo\/ventilador-de-techo-con-luz-casafan-92352217-eco-neo-132-arce-o-haya-blanco\"><strong>Ventilador de Techo con Luz CasaFan ECO NEO 132 92250351<\/strong><\/a> con espacio para 2 bombillas de tipo E14 max. 40 W y, tambi\u00e9n para bombillas de bajo consumo o de luz LED.<\/li>\n<\/ul>\n\n\n\n<p>Encuentra el mejor ventilador para tu casa en nuestra tienda online, \u00a1visita nuestro cat\u00e1logo!<\/p>\n","protected":false},"excerpt":{"rendered":"<p>\u00bfHas pensado en comprarte un ventilador de techo con luz? \u00a1Genial! Este tipo de ventiladores son ideales para el hogar puesto que ofrecen numerosos beneficios. M\u00e1s all\u00e1 de ventilar la estancia y ofrecer una temperatura agradable, &#8230; <a title=\"\u00bfPuede un ventilador de techo ofrecer suficiente luz a la estancia?\" class=\"read-more\" href=\"https:\/\/gavri-src.addisnetwork.es\/blog\/puede-ventilador-techo-ofrecer-suficiente-luz-estancia.html\" aria-label=\"M\u00e1s en \u00bfPuede un ventilador de techo ofrecer suficiente luz a la estancia?\">Leer m\u00e1s<\/a><\/p>\n","protected":false},"author":2,"featured_media":822,"comment_status":"open","ping_status":"closed","sticky":false,"template":"","format":"standard","meta":{"footnotes":""},"categories":[24],"tags":[4,89,37,88,9],"class_list":["post-821","post","type-post","status-publish","format-standard","has-post-thumbnail","hentry","category-ventiladores-de-techo","tag-hogar","tag-iluminacion","tag-ventilador-de-techo","tag-ventilador-de-techo-con-luz","tag-ventiladores-de-techo","generate-columns","tablet-grid-50","mobile-grid-100","grid-parent","grid-50","no-featured-image-padding"],"yoast_head":"<!-- This site is optimized with the Yoast SEO plugin v27.5 - https:\/\/yoast.com\/product\/yoast-seo-wordpress\/ -->\n<title>\u00bfPuede un ventilador de techo ofrecer suficiente luz a la estancia?<\/title>\n<meta name=\"description\" content=\"\u00bfEst\u00e1s pensando en adquirir un ventilador de techo con luz, pero no lo tienes claro? En Gavri te contamos qu\u00e9 te puede aportar este tipo de sistemas.\" \/>\n<meta name=\"robots\" content=\"index, follow, max-snippet:-1, max-image-preview:large, max-video-preview:-1\" \/>\n<link rel=\"canonical\" href=\"https:\/\/gavri-src.addisnetwork.es\/blog\/puede-ventilador-techo-ofrecer-suficiente-luz-estancia.html\" \/>\n<meta property=\"og:locale\" content=\"es_ES\" \/>\n<meta property=\"og:type\" content=\"article\" \/>\n<meta property=\"og:title\" content=\"\u00bfPuede un ventilador de techo ofrecer suficiente luz a la estancia?\" \/>\n<meta property=\"og:description\" content=\"\u00bfEst\u00e1s pensando en adquirir un ventilador de techo con luz, pero no lo tienes claro? En Gavri te contamos qu\u00e9 te puede aportar este tipo de sistemas.\" \/>\n<meta property=\"og:url\" content=\"https:\/\/gavri-src.addisnetwork.es\/blog\/puede-ventilador-techo-ofrecer-suficiente-luz-estancia.html\" \/>\n<meta property=\"og:site_name\" content=\"Blog de Gavri.es\" \/>\n<meta property=\"article:published_time\" content=\"2023-04-12T12:12:13+00:00\" \/>\n<meta property=\"article:modified_time\" content=\"2023-04-12T12:12:17+00:00\" \/>\n<meta property=\"og:image\" content=\"https:\/\/gavri-src.addisnetwork.es\/blog\/wp-content\/uploads\/2023\/04\/Puede-un-ventilador-de-techo-ofrecer-suficiente-luz-a-la-estancia-scaled.jpg\" \/>\n\t<meta property=\"og:image:width\" content=\"2560\" \/>\n\t<meta property=\"og:image:height\" content=\"1700\" \/>\n\t<meta property=\"og:image:type\" content=\"image\/jpeg\" \/>\n<meta name=\"author\" content=\"T\u00e9cnico Gavri\" \/>\n<meta name=\"twitter:card\" content=\"summary_large_image\" \/>\n<meta name=\"twitter:label1\" content=\"Escrito por\" \/>\n\t<meta name=\"twitter:data1\" content=\"T\u00e9cnico Gavri\" \/>\n\t<meta name=\"twitter:label2\" content=\"Tiempo de lectura\" \/>\n\t<meta name=\"twitter:data2\" content=\"3 minutos\" \/>\n<script type=\"application\/ld+json\" class=\"yoast-schema-graph\">{\"@context\":\"https:\\\/\\\/schema.org\",\"@graph\":[{\"@type\":\"Article\",\"@id\":\"https:\\\/\\\/gavri-src.addisnetwork.es\\\/blog\\\/puede-ventilador-techo-ofrecer-suficiente-luz-estancia.html#article\",\"isPartOf\":{\"@id\":\"https:\\\/\\\/gavri-src.addisnetwork.es\\\/blog\\\/puede-ventilador-techo-ofrecer-suficiente-luz-estancia.html\"},\"author\":{\"name\":\"T\u00e9cnico Gavri\",\"@id\":\"https:\\\/\\\/gavri-src.addisnetwork.es\\\/blog\\\/#\\\/schema\\\/person\\\/587329a98b34cfdbbfd1e7fbe7b65296\"},\"headline\":\"\u00bfPuede un ventilador de techo ofrecer suficiente luz a la estancia?\",\"datePublished\":\"2023-04-12T12:12:13+00:00\",\"dateModified\":\"2023-04-12T12:12:17+00:00\",\"mainEntityOfPage\":{\"@id\":\"https:\\\/\\\/gavri-src.addisnetwork.es\\\/blog\\\/puede-ventilador-techo-ofrecer-suficiente-luz-estancia.html\"},\"wordCount\":540,\"commentCount\":0,\"publisher\":{\"@id\":\"https:\\\/\\\/gavri-src.addisnetwork.es\\\/blog\\\/#organization\"},\"image\":{\"@id\":\"https:\\\/\\\/gavri-src.addisnetwork.es\\\/blog\\\/puede-ventilador-techo-ofrecer-suficiente-luz-estancia.html#primaryimage\"},\"thumbnailUrl\":\"https:\\\/\\\/gavri-src.addisnetwork.es\\\/blog\\\/wp-content\\\/uploads\\\/2023\\\/04\\\/Puede-un-ventilador-de-techo-ofrecer-suficiente-luz-a-la-estancia-scaled.jpg\",\"keywords\":[\"hogar\",\"iluminaci\u00f3n\",\"ventilador de techo\",\"ventilador de techo con luz\",\"ventiladores de techo\"],\"articleSection\":[\"Ventiladores de techo\"],\"inLanguage\":\"es\",\"potentialAction\":[{\"@type\":\"CommentAction\",\"name\":\"Comment\",\"target\":[\"https:\\\/\\\/gavri-src.addisnetwork.es\\\/blog\\\/puede-ventilador-techo-ofrecer-suficiente-luz-estancia.html#respond\"]}]},{\"@type\":\"WebPage\",\"@id\":\"https:\\\/\\\/gavri-src.addisnetwork.es\\\/blog\\\/puede-ventilador-techo-ofrecer-suficiente-luz-estancia.html\",\"url\":\"https:\\\/\\\/gavri-src.addisnetwork.es\\\/blog\\\/puede-ventilador-techo-ofrecer-suficiente-luz-estancia.html\",\"name\":\"\u00bfPuede un ventilador de techo ofrecer suficiente luz a la estancia?\",\"isPartOf\":{\"@id\":\"https:\\\/\\\/gavri-src.addisnetwork.es\\\/blog\\\/#website\"},\"primaryImageOfPage\":{\"@id\":\"https:\\\/\\\/gavri-src.addisnetwork.es\\\/blog\\\/puede-ventilador-techo-ofrecer-suficiente-luz-estancia.html#primaryimage\"},\"image\":{\"@id\":\"https:\\\/\\\/gavri-src.addisnetwork.es\\\/blog\\\/puede-ventilador-techo-ofrecer-suficiente-luz-estancia.html#primaryimage\"},\"thumbnailUrl\":\"https:\\\/\\\/gavri-src.addisnetwork.es\\\/blog\\\/wp-content\\\/uploads\\\/2023\\\/04\\\/Puede-un-ventilador-de-techo-ofrecer-suficiente-luz-a-la-estancia-scaled.jpg\",\"datePublished\":\"2023-04-12T12:12:13+00:00\",\"dateModified\":\"2023-04-12T12:12:17+00:00\",\"description\":\"\u00bfEst\u00e1s pensando en adquirir un ventilador de techo con luz, pero no lo tienes claro? En Gavri te contamos qu\u00e9 te puede aportar este tipo de sistemas.\",\"breadcrumb\":{\"@id\":\"https:\\\/\\\/gavri-src.addisnetwork.es\\\/blog\\\/puede-ventilador-techo-ofrecer-suficiente-luz-estancia.html#breadcrumb\"},\"inLanguage\":\"es\",\"potentialAction\":[{\"@type\":\"ReadAction\",\"target\":[\"https:\\\/\\\/gavri-src.addisnetwork.es\\\/blog\\\/puede-ventilador-techo-ofrecer-suficiente-luz-estancia.html\"]}]},{\"@type\":\"ImageObject\",\"inLanguage\":\"es\",\"@id\":\"https:\\\/\\\/gavri-src.addisnetwork.es\\\/blog\\\/puede-ventilador-techo-ofrecer-suficiente-luz-estancia.html#primaryimage\",\"url\":\"https:\\\/\\\/gavri-src.addisnetwork.es\\\/blog\\\/wp-content\\\/uploads\\\/2023\\\/04\\\/Puede-un-ventilador-de-techo-ofrecer-suficiente-luz-a-la-estancia-scaled.jpg\",\"contentUrl\":\"https:\\\/\\\/gavri-src.addisnetwork.es\\\/blog\\\/wp-content\\\/uploads\\\/2023\\\/04\\\/Puede-un-ventilador-de-techo-ofrecer-suficiente-luz-a-la-estancia-scaled.jpg\",\"width\":2560,\"height\":1700,\"caption\":\"\u00bfPuede un ventilador de techo ofrecer suficiente luz a la estancia?\"},{\"@type\":\"BreadcrumbList\",\"@id\":\"https:\\\/\\\/gavri-src.addisnetwork.es\\\/blog\\\/puede-ventilador-techo-ofrecer-suficiente-luz-estancia.html#breadcrumb\",\"itemListElement\":[{\"@type\":\"ListItem\",\"position\":1,\"name\":\"Portada\",\"item\":\"https:\\\/\\\/gavri-src.addisnetwork.es\\\/blog\"},{\"@type\":\"ListItem\",\"position\":2,\"name\":\"\u00bfPuede un ventilador de techo ofrecer suficiente luz a la estancia?\"}]},{\"@type\":\"WebSite\",\"@id\":\"https:\\\/\\\/gavri-src.addisnetwork.es\\\/blog\\\/#website\",\"url\":\"https:\\\/\\\/gavri-src.addisnetwork.es\\\/blog\\\/\",\"name\":\"Blog de Gavri.es\",\"description\":\"Blog de Gavri.es\",\"publisher\":{\"@id\":\"https:\\\/\\\/gavri-src.addisnetwork.es\\\/blog\\\/#organization\"},\"potentialAction\":[{\"@type\":\"SearchAction\",\"target\":{\"@type\":\"EntryPoint\",\"urlTemplate\":\"https:\\\/\\\/gavri-src.addisnetwork.es\\\/blog\\\/?s={search_term_string}\"},\"query-input\":{\"@type\":\"PropertyValueSpecification\",\"valueRequired\":true,\"valueName\":\"search_term_string\"}}],\"inLanguage\":\"es\"},{\"@type\":\"Organization\",\"@id\":\"https:\\\/\\\/gavri-src.addisnetwork.es\\\/blog\\\/#organization\",\"name\":\"Blog de Gavri.es\",\"url\":\"https:\\\/\\\/gavri-src.addisnetwork.es\\\/blog\\\/\",\"logo\":{\"@type\":\"ImageObject\",\"inLanguage\":\"es\",\"@id\":\"https:\\\/\\\/gavri-src.addisnetwork.es\\\/blog\\\/#\\\/schema\\\/logo\\\/image\\\/\",\"url\":\"https:\\\/\\\/gavri-src.addisnetwork.es\\\/blog\\\/wp-content\\\/uploads\\\/2021\\\/01\\\/cropped-LOGO-gavries-blog-1.png\",\"contentUrl\":\"https:\\\/\\\/gavri-src.addisnetwork.es\\\/blog\\\/wp-content\\\/uploads\\\/2021\\\/01\\\/cropped-LOGO-gavries-blog-1.png\",\"width\":520,\"height\":104,\"caption\":\"Blog de Gavri.es\"},\"image\":{\"@id\":\"https:\\\/\\\/gavri-src.addisnetwork.es\\\/blog\\\/#\\\/schema\\\/logo\\\/image\\\/\"}},{\"@type\":\"Person\",\"@id\":\"https:\\\/\\\/gavri-src.addisnetwork.es\\\/blog\\\/#\\\/schema\\\/person\\\/587329a98b34cfdbbfd1e7fbe7b65296\",\"name\":\"T\u00e9cnico Gavri\",\"image\":{\"@type\":\"ImageObject\",\"inLanguage\":\"es\",\"@id\":\"https:\\\/\\\/secure.gravatar.com\\\/avatar\\\/05be1fcb2076939c113859ec2cf09bc4b6b366950c2e7c2d51962780ab5e6d80?s=96&d=mm&r=g\",\"url\":\"https:\\\/\\\/secure.gravatar.com\\\/avatar\\\/05be1fcb2076939c113859ec2cf09bc4b6b366950c2e7c2d51962780ab5e6d80?s=96&d=mm&r=g\",\"contentUrl\":\"https:\\\/\\\/secure.gravatar.com\\\/avatar\\\/05be1fcb2076939c113859ec2cf09bc4b6b366950c2e7c2d51962780ab5e6d80?s=96&d=mm&r=g\",\"caption\":\"T\u00e9cnico Gavri\"}}]}<\/script>\n<!-- \/ Yoast SEO plugin. -->","yoast_head_json":{"title":"\u00bfPuede un ventilador de techo ofrecer suficiente luz a la estancia?","description":"\u00bfEst\u00e1s pensando en adquirir un ventilador de techo con luz, pero no lo tienes claro? En Gavri te contamos qu\u00e9 te puede aportar este tipo de sistemas.","robots":{"index":"index","follow":"follow","max-snippet":"max-snippet:-1","max-image-preview":"max-image-preview:large","max-video-preview":"max-video-preview:-1"},"canonical":"https:\/\/gavri-src.addisnetwork.es\/blog\/puede-ventilador-techo-ofrecer-suficiente-luz-estancia.html","og_locale":"es_ES","og_type":"article","og_title":"\u00bfPuede un ventilador de techo ofrecer suficiente luz a la estancia?","og_description":"\u00bfEst\u00e1s pensando en adquirir un ventilador de techo con luz, pero no lo tienes claro? En Gavri te contamos qu\u00e9 te puede aportar este tipo de sistemas.","og_url":"https:\/\/gavri-src.addisnetwork.es\/blog\/puede-ventilador-techo-ofrecer-suficiente-luz-estancia.html","og_site_name":"Blog de Gavri.es","article_published_time":"2023-04-12T12:12:13+00:00","article_modified_time":"2023-04-12T12:12:17+00:00","og_image":[{"width":2560,"height":1700,"url":"https:\/\/gavri-src.addisnetwork.es\/blog\/wp-content\/uploads\/2023\/04\/Puede-un-ventilador-de-techo-ofrecer-suficiente-luz-a-la-estancia-scaled.jpg","type":"image\/jpeg"}],"author":"T\u00e9cnico Gavri","twitter_card":"summary_large_image","twitter_misc":{"Escrito por":"T\u00e9cnico Gavri","Tiempo de lectura":"3 minutos"},"schema":{"@context":"https:\/\/schema.org","@graph":[{"@type":"Article","@id":"https:\/\/gavri-src.addisnetwork.es\/blog\/puede-ventilador-techo-ofrecer-suficiente-luz-estancia.html#article","isPartOf":{"@id":"https:\/\/gavri-src.addisnetwork.es\/blog\/puede-ventilador-techo-ofrecer-suficiente-luz-estancia.html"},"author":{"name":"T\u00e9cnico Gavri","@id":"https:\/\/gavri-src.addisnetwork.es\/blog\/#\/schema\/person\/587329a98b34cfdbbfd1e7fbe7b65296"},"headline":"\u00bfPuede un ventilador de techo ofrecer suficiente luz a la estancia?","datePublished":"2023-04-12T12:12:13+00:00","dateModified":"2023-04-12T12:12:17+00:00","mainEntityOfPage":{"@id":"https:\/\/gavri-src.addisnetwork.es\/blog\/puede-ventilador-techo-ofrecer-suficiente-luz-estancia.html"},"wordCount":540,"commentCount":0,"publisher":{"@id":"https:\/\/gavri-src.addisnetwork.es\/blog\/#organization"},"image":{"@id":"https:\/\/gavri-src.addisnetwork.es\/blog\/puede-ventilador-techo-ofrecer-suficiente-luz-estancia.html#primaryimage"},"thumbnailUrl":"https:\/\/gavri-src.addisnetwork.es\/blog\/wp-content\/uploads\/2023\/04\/Puede-un-ventilador-de-techo-ofrecer-suficiente-luz-a-la-estancia-scaled.jpg","keywords":["hogar","iluminaci\u00f3n","ventilador de techo","ventilador de techo con luz","ventiladores de techo"],"articleSection":["Ventiladores de techo"],"inLanguage":"es","potentialAction":[{"@type":"CommentAction","name":"Comment","target":["https:\/\/gavri-src.addisnetwork.es\/blog\/puede-ventilador-techo-ofrecer-suficiente-luz-estancia.html#respond"]}]},{"@type":"WebPage","@id":"https:\/\/gavri-src.addisnetwork.es\/blog\/puede-ventilador-techo-ofrecer-suficiente-luz-estancia.html","url":"https:\/\/gavri-src.addisnetwork.es\/blog\/puede-ventilador-techo-ofrecer-suficiente-luz-estancia.html","name":"\u00bfPuede un ventilador de techo ofrecer suficiente luz a la estancia?","isPartOf":{"@id":"https:\/\/gavri-src.addisnetwork.es\/blog\/#website"},"primaryImageOfPage":{"@id":"https:\/\/gavri-src.addisnetwork.es\/blog\/puede-ventilador-techo-ofrecer-suficiente-luz-estancia.html#primaryimage"},"image":{"@id":"https:\/\/gavri-src.addisnetwork.es\/blog\/puede-ventilador-techo-ofrecer-suficiente-luz-estancia.html#primaryimage"},"thumbnailUrl":"https:\/\/gavri-src.addisnetwork.es\/blog\/wp-content\/uploads\/2023\/04\/Puede-un-ventilador-de-techo-ofrecer-suficiente-luz-a-la-estancia-scaled.jpg","datePublished":"2023-04-12T12:12:13+00:00","dateModified":"2023-04-12T12:12:17+00:00","description":"\u00bfEst\u00e1s pensando en adquirir un ventilador de techo con luz, pero no lo tienes claro? En Gavri te contamos qu\u00e9 te puede aportar este tipo de sistemas.","breadcrumb":{"@id":"https:\/\/gavri-src.addisnetwork.es\/blog\/puede-ventilador-techo-ofrecer-suficiente-luz-estancia.html#breadcrumb"},"inLanguage":"es","potentialAction":[{"@type":"ReadAction","target":["https:\/\/gavri-src.addisnetwork.es\/blog\/puede-ventilador-techo-ofrecer-suficiente-luz-estancia.html"]}]},{"@type":"ImageObject","inLanguage":"es","@id":"https:\/\/gavri-src.addisnetwork.es\/blog\/puede-ventilador-techo-ofrecer-suficiente-luz-estancia.html#primaryimage","url":"https:\/\/gavri-src.addisnetwork.es\/blog\/wp-content\/uploads\/2023\/04\/Puede-un-ventilador-de-techo-ofrecer-suficiente-luz-a-la-estancia-scaled.jpg","contentUrl":"https:\/\/gavri-src.addisnetwork.es\/blog\/wp-content\/uploads\/2023\/04\/Puede-un-ventilador-de-techo-ofrecer-suficiente-luz-a-la-estancia-scaled.jpg","width":2560,"height":1700,"caption":"\u00bfPuede un ventilador de techo ofrecer suficiente luz a la estancia?"},{"@type":"BreadcrumbList","@id":"https:\/\/gavri-src.addisnetwork.es\/blog\/puede-ventilador-techo-ofrecer-suficiente-luz-estancia.html#breadcrumb","itemListElement":[{"@type":"ListItem","position":1,"name":"Portada","item":"https:\/\/gavri-src.addisnetwork.es\/blog"},{"@type":"ListItem","position":2,"name":"\u00bfPuede un ventilador de techo ofrecer suficiente luz a la estancia?"}]},{"@type":"WebSite","@id":"https:\/\/gavri-src.addisnetwork.es\/blog\/#website","url":"https:\/\/gavri-src.addisnetwork.es\/blog\/","name":"Blog de Gavri.es","description":"Blog de Gavri.es","publisher":{"@id":"https:\/\/gavri-src.addisnetwork.es\/blog\/#organization"},"potentialAction":[{"@type":"SearchAction","target":{"@type":"EntryPoint","urlTemplate":"https:\/\/gavri-src.addisnetwork.es\/blog\/?s={search_term_string}"},"query-input":{"@type":"PropertyValueSpecification","valueRequired":true,"valueName":"search_term_string"}}],"inLanguage":"es"},{"@type":"Organization","@id":"https:\/\/gavri-src.addisnetwork.es\/blog\/#organization","name":"Blog de Gavri.es","url":"https:\/\/gavri-src.addisnetwork.es\/blog\/","logo":{"@type":"ImageObject","inLanguage":"es","@id":"https:\/\/gavri-src.addisnetwork.es\/blog\/#\/schema\/logo\/image\/","url":"https:\/\/gavri-src.addisnetwork.es\/blog\/wp-content\/uploads\/2021\/01\/cropped-LOGO-gavries-blog-1.png","contentUrl":"https:\/\/gavri-src.addisnetwork.es\/blog\/wp-content\/uploads\/2021\/01\/cropped-LOGO-gavries-blog-1.png","width":520,"height":104,"caption":"Blog de Gavri.es"},"image":{"@id":"https:\/\/gavri-src.addisnetwork.es\/blog\/#\/schema\/logo\/image\/"}},{"@type":"Person","@id":"https:\/\/gavri-src.addisnetwork.es\/blog\/#\/schema\/person\/587329a98b34cfdbbfd1e7fbe7b65296","name":"T\u00e9cnico Gavri","image":{"@type":"ImageObject","inLanguage":"es","@id":"https:\/\/secure.gravatar.com\/avatar\/05be1fcb2076939c113859ec2cf09bc4b6b366950c2e7c2d51962780ab5e6d80?s=96&d=mm&r=g","url":"https:\/\/secure.gravatar.com\/avatar\/05be1fcb2076939c113859ec2cf09bc4b6b366950c2e7c2d51962780ab5e6d80?s=96&d=mm&r=g","contentUrl":"https:\/\/secure.gravatar.com\/avatar\/05be1fcb2076939c113859ec2cf09bc4b6b366950c2e7c2d51962780ab5e6d80?s=96&d=mm&r=g","caption":"T\u00e9cnico Gavri"}}]}},"_links":{"self":[{"href":"https:\/\/gavri-src.addisnetwork.es\/blog\/wp-json\/wp\/v2\/posts\/821","targetHints":{"allow":["GET"]}}],"collection":[{"href":"https:\/\/gavri-src.addisnetwork.es\/blog\/wp-json\/wp\/v2\/posts"}],"about":[{"href":"https:\/\/gavri-src.addisnetwork.es\/blog\/wp-json\/wp\/v2\/types\/post"}],"author":[{"embeddable":true,"href":"https:\/\/gavri-src.addisnetwork.es\/blog\/wp-json\/wp\/v2\/users\/2"}],"replies":[{"embeddable":true,"href":"https:\/\/gavri-src.addisnetwork.es\/blog\/wp-json\/wp\/v2\/comments?post=821"}],"version-history":[{"count":1,"href":"https:\/\/gavri-src.addisnetwork.es\/blog\/wp-json\/wp\/v2\/posts\/821\/revisions"}],"predecessor-version":[{"id":823,"href":"https:\/\/gavri-src.addisnetwork.es\/blog\/wp-json\/wp\/v2\/posts\/821\/revisions\/823"}],"wp:featuredmedia":[{"embeddable":true,"href":"https:\/\/gavri-src.addisnetwork.es\/blog\/wp-json\/wp\/v2\/media\/822"}],"wp:attachment":[{"href":"https:\/\/gavri-src.addisnetwork.es\/blog\/wp-json\/wp\/v2\/media?parent=821"}],"wp:term":[{"taxonomy":"category","embeddable":true,"href":"https:\/\/gavri-src.addisnetwork.es\/blog\/wp-json\/wp\/v2\/categories?post=821"},{"taxonomy":"post_tag","embeddable":true,"href":"https:\/\/gavri-src.addisnetwork.es\/blog\/wp-json\/wp\/v2\/tags?post=821"}],"curies":[{"name":"wp","href":"https:\/\/api.w.org\/{rel}","templated":true}]}}