{"id":840,"date":"2023-05-25T12:20:19","date_gmt":"2023-05-25T12:20:19","guid":{"rendered":"https:\/\/gavri.es\/blog\/?p=840"},"modified":"2023-05-25T12:20:20","modified_gmt":"2023-05-25T12:20:20","slug":"refrescate-en-verano-con-nuestro-top-3-de-aires-acondicionados","status":"publish","type":"post","link":"https:\/\/gavri-src.addisnetwork.es\/blog\/refrescate-en-verano-con-nuestro-top-3-de-aires-acondicionados.html","title":{"rendered":"Refr\u00e9scate en verano con nuestro top 3 de aires acondicionados"},"content":{"rendered":"\n<p>\u00a1Hola a todos! \u00bfEmpiezas a pasar calor y buscas un aire acondicionado que pueda refrescar tu hogar? Est\u00e1s en tu d\u00eda de suerte, desde <a href=\"https:\/\/gavri.es\/\"><strong>Gavri<\/strong><\/a> te presentamos el top 3 de aires acondicionados port\u00e1tiles que desde nuestro punto de vista pueden ayudarte a calmar esos m\u00e1s que posibles d\u00edas de calor.<\/p>\n\n\n\n<p>Nuestro objetivo en este post es asesorarte de los mejores aires acondicionados que podr\u00e1s encontrar en nuestra web, pero, antes que nada, debemos responder a dos preguntas importantes. <\/p>\n\n\n\n<!--more-->\n\n\n\n<h2 class=\"wp-block-heading\"><strong>\u00bfPor qu\u00e9 elegir un aire acondicionado port\u00e1til?<\/strong><\/h2>\n\n\n\n<p>Antes de empezar, hablemos de por qu\u00e9 deber\u00edas elegir un aire acondicionado port\u00e1til en lugar de uno fijo. En primer lugar, son ideales si necesitas <strong>enfriar una habitaci\u00f3n espec\u00edfica<\/strong> en lugar de toda la casa. En segundo lugar, los aires acondicionados port\u00e1tiles <strong>son m\u00e1s econ\u00f3micos<\/strong> que los sistemas de aire acondicionado central y no requieren de costosas instalaciones. Por \u00faltimo, son <strong>muy f\u00e1ciles de instalar y mover<\/strong> de una habitaci\u00f3n a otra.<\/p>\n\n\n\n<p>Una vez conocemos el porqu\u00e9 de elegir un aire acondicionado, veamos:<\/p>\n\n\n\n<h3 class=\"wp-block-heading\"><strong>\u00bfQu\u00e9 valorar antes de comprar un aire acondicionado port\u00e1til?<\/strong><\/h3>\n\n\n\n<p>Antes de decidirte por un modelo en particular, es importante que consideres algunos factores clave. En primer lugar, <strong>el tama\u00f1o de la habitaci\u00f3n que deseas enfriar es fundamental<\/strong>, ya que necesitas un modelo con suficiente potencia para mantenerla fresca. Adem\u00e1s, debes <strong>considerar la eficiencia energ\u00e9tica del modelo<\/strong>, ya que esto afectar\u00e1 tu factura de electricidad. Y, por \u00faltimo, pero no menos importante, <strong>el nivel de ruido del aire acondicionado port\u00e1til<\/strong> puede ser un factor importante, especialmente si planeas usarlo durante la noche.<\/p>\n\n\n\n<p>Habiendo contextualizado la elecci\u00f3n de nuestro aire acondicionado port\u00e1til, vamos a abordar nuestro principal objetivo hoy. Contestemos a la siguiente pregunta:<\/p>\n\n\n\n<h4 class=\"wp-block-heading\"><strong>\u00bfCu\u00e1l es el mejor aire acondicionado port\u00e1til?<\/strong><\/h4>\n\n\n\n<p>Decantarnos por un top 3 es dif\u00edcil, pero si tenemos en cuenta las caracter\u00edsticas previas comentadas, nuestro p\u00f3dium ser\u00eda:<\/p>\n\n\n\n<ol class=\"wp-block-list\" type=\"1\">\n<li><a href=\"https:\/\/gavri.es\/aires-acondicionados-portatiles\/aire-acondicionado-movil-noaton-ac-5108\"><strong>Aire Acondicionado M\u00f3vil Noaton AC 5108<\/strong><\/a><strong>. <\/strong>Esta opci\u00f3n es perfecta para sobrevivir en los calurosos d\u00edas de verano. Tiene una gran capacidad para enfriar una habitaci\u00f3n de 30m2, por lo que es ideal para cualquier estancia. Adem\u00e1s, no solo rinde estupendamente, sino que tambi\u00e9n es una opci\u00f3n muy eficiente, ya que su consumo no supera los 891W. Por otro lado, \u00a1tambi\u00e9n funciona como ventilador y deshumidificador!<\/li>\n\n\n\n<li><a href=\"https:\/\/gavri.es\/aires-acondicionados-portatiles\/aire-acondicionado-movil-noaton-ac-5109\"><strong>Aire Acondicionado M\u00f3vil Noaton AC 5109<\/strong><\/a>. Si est\u00e1s buscando una opci\u00f3n asequible para una habitaci\u00f3n peque\u00f1a o mediana, este aire acondicionado es una excelente opci\u00f3n. Con su clasificaci\u00f3n energ\u00e9tica A, este modelo es muy eficiente y te ayudar\u00e1 a ahorrar dinero en tu factura de electricidad. Adem\u00e1s, su control remoto y pantalla LED facilitan su uso.<\/li>\n\n\n\n<li><a href=\"https:\/\/gavri.es\/aires-acondicionados-portatiles\/aire-acondicionado-movil-noaton-ac-5112\"><strong>Aire Acondicionado M\u00f3vil Noaton AC 5112<\/strong><\/a>. Este aparato es una excelente opci\u00f3n para habitaciones m\u00e1s grandes. Con su clasificaci\u00f3n energ\u00e9tica A y su capacidad para enfriar habitaciones de hasta 46m2, este modelo es potente y eficiente. No te lo dejes escapar, podemos decir que es un 3 en 1 debido a que contiene tres dispositivos: aire acondicionado, deshumidificador y ventilador.<\/li>\n<\/ol>\n\n\n\n<p>En conclusi\u00f3n, si est\u00e1s buscando una soluci\u00f3n port\u00e1til y eficiente para mantener tu hogar fresco durante el verano, <strong>Gavri <\/strong>tiene algunas excelentes opciones para ti. Todos los modelos que hemos presentado tienen una clasificaci\u00f3n energ\u00e9tica A, lo que significa que son eficientes y econ\u00f3micos.<\/p>\n\n\n\n<p>Recuerda, al <strong>elegir un aire acondicionado port\u00e1til<\/strong>, debes tener en cuenta factores como el <strong>tama\u00f1o de la habitaci\u00f3n<\/strong>, la <strong>eficiencia energ\u00e9tica<\/strong> y el <strong>nivel de ruido<\/strong>. Si eliges un modelo que cumpla con estos requisitos, podr\u00e1s disfrutar de un ambiente fresco y c\u00f3modo en tu hogar sin tener que gastar una fortuna en tu factura de electricidad.<\/p>\n\n\n\n<p>Esperamos que esta gu\u00eda te haya ayudado a encontrar el aire acondicionado port\u00e1til perfecto para tus necesidades. No dudes en visitar Gavri para ver m\u00e1s opciones y encontrar el modelo que mejor se adapte a tu hogar. \u00a1<strong>Que tengas un verano fresco y c\u00f3modo<\/strong>!<\/p>\n","protected":false},"excerpt":{"rendered":"<p>\u00a1Hola a todos! \u00bfEmpiezas a pasar calor y buscas un aire acondicionado que pueda refrescar tu hogar? Est\u00e1s en tu d\u00eda de suerte, desde Gavri te presentamos el top 3 de aires acondicionados port\u00e1tiles que desde &#8230; <a title=\"Refr\u00e9scate en verano con nuestro top 3 de aires acondicionados\" class=\"read-more\" href=\"https:\/\/gavri-src.addisnetwork.es\/blog\/refrescate-en-verano-con-nuestro-top-3-de-aires-acondicionados.html\" aria-label=\"M\u00e1s en Refr\u00e9scate en verano con nuestro top 3 de aires acondicionados\">Leer m\u00e1s<\/a><\/p>\n","protected":false},"author":1,"featured_media":841,"comment_status":"open","ping_status":"closed","sticky":false,"template":"","format":"standard","meta":{"footnotes":""},"categories":[31],"tags":[32,95,94],"class_list":["post-840","post","type-post","status-publish","format-standard","has-post-thumbnail","hentry","category-aire-acondicionado","tag-aire-acondicionado","tag-aire-acondicionado-portatil","tag-aires-acondicionados","generate-columns","tablet-grid-50","mobile-grid-100","grid-parent","grid-50","no-featured-image-padding"],"yoast_head":"<!-- This site is optimized with the Yoast SEO plugin v27.5 - https:\/\/yoast.com\/product\/yoast-seo-wordpress\/ -->\n<title>Refr\u00e9scate en verano con nuestro top 3 de aires acondicionados<\/title>\n<meta name=\"description\" content=\"\u00bfListo para refrescar tu casa este verano? Descubre el top 3 de aires acondicionados port\u00e1tiles de Gavri para mantener tu hogar fresco y c\u00f3modo\" \/>\n<meta name=\"robots\" content=\"index, follow, max-snippet:-1, max-image-preview:large, max-video-preview:-1\" \/>\n<link rel=\"canonical\" href=\"https:\/\/gavri-src.addisnetwork.es\/blog\/refrescate-en-verano-con-nuestro-top-3-de-aires-acondicionados.html\" \/>\n<meta property=\"og:locale\" content=\"es_ES\" \/>\n<meta property=\"og:type\" content=\"article\" \/>\n<meta property=\"og:title\" content=\"Refr\u00e9scate en verano con nuestro top 3 de aires acondicionados\" \/>\n<meta property=\"og:description\" content=\"\u00bfListo para refrescar tu casa este verano? Descubre el top 3 de aires acondicionados port\u00e1tiles de Gavri para mantener tu hogar fresco y c\u00f3modo\" \/>\n<meta property=\"og:url\" content=\"https:\/\/gavri-src.addisnetwork.es\/blog\/refrescate-en-verano-con-nuestro-top-3-de-aires-acondicionados.html\" \/>\n<meta property=\"og:site_name\" content=\"Blog de Gavri.es\" \/>\n<meta property=\"article:published_time\" content=\"2023-05-25T12:20:19+00:00\" \/>\n<meta property=\"article:modified_time\" content=\"2023-05-25T12:20:20+00:00\" \/>\n<meta property=\"og:image\" content=\"https:\/\/gavri-src.addisnetwork.es\/blog\/wp-content\/uploads\/2023\/05\/Refrescate-en-verano-con-nuestro-top-3-de-aires-acondicionados.jpg\" \/>\n\t<meta property=\"og:image:width\" content=\"848\" \/>\n\t<meta property=\"og:image:height\" content=\"827\" \/>\n\t<meta property=\"og:image:type\" content=\"image\/jpeg\" \/>\n<meta name=\"author\" content=\"Gavri\" \/>\n<meta name=\"twitter:card\" content=\"summary_large_image\" \/>\n<meta name=\"twitter:label1\" content=\"Escrito por\" \/>\n\t<meta name=\"twitter:data1\" content=\"Gavri\" \/>\n\t<meta name=\"twitter:label2\" content=\"Tiempo de lectura\" \/>\n\t<meta name=\"twitter:data2\" content=\"3 minutos\" \/>\n<script type=\"application\/ld+json\" class=\"yoast-schema-graph\">{\"@context\":\"https:\\\/\\\/schema.org\",\"@graph\":[{\"@type\":\"Article\",\"@id\":\"https:\\\/\\\/gavri-src.addisnetwork.es\\\/blog\\\/refrescate-en-verano-con-nuestro-top-3-de-aires-acondicionados.html#article\",\"isPartOf\":{\"@id\":\"https:\\\/\\\/gavri-src.addisnetwork.es\\\/blog\\\/refrescate-en-verano-con-nuestro-top-3-de-aires-acondicionados.html\"},\"author\":{\"name\":\"Gavri\",\"@id\":\"https:\\\/\\\/gavri-src.addisnetwork.es\\\/blog\\\/#\\\/schema\\\/person\\\/3df0699bd314187860df00e3b73fbf75\"},\"headline\":\"Refr\u00e9scate en verano con nuestro top 3 de aires acondicionados\",\"datePublished\":\"2023-05-25T12:20:19+00:00\",\"dateModified\":\"2023-05-25T12:20:20+00:00\",\"mainEntityOfPage\":{\"@id\":\"https:\\\/\\\/gavri-src.addisnetwork.es\\\/blog\\\/refrescate-en-verano-con-nuestro-top-3-de-aires-acondicionados.html\"},\"wordCount\":706,\"commentCount\":0,\"publisher\":{\"@id\":\"https:\\\/\\\/gavri-src.addisnetwork.es\\\/blog\\\/#organization\"},\"image\":{\"@id\":\"https:\\\/\\\/gavri-src.addisnetwork.es\\\/blog\\\/refrescate-en-verano-con-nuestro-top-3-de-aires-acondicionados.html#primaryimage\"},\"thumbnailUrl\":\"https:\\\/\\\/gavri-src.addisnetwork.es\\\/blog\\\/wp-content\\\/uploads\\\/2023\\\/05\\\/Refrescate-en-verano-con-nuestro-top-3-de-aires-acondicionados.jpg\",\"keywords\":[\"aire acondicionado\",\"aire acondicionado port\u00e1til\",\"aires acondicionados\"],\"articleSection\":[\"Aire acondicionado\"],\"inLanguage\":\"es\",\"potentialAction\":[{\"@type\":\"CommentAction\",\"name\":\"Comment\",\"target\":[\"https:\\\/\\\/gavri-src.addisnetwork.es\\\/blog\\\/refrescate-en-verano-con-nuestro-top-3-de-aires-acondicionados.html#respond\"]}]},{\"@type\":\"WebPage\",\"@id\":\"https:\\\/\\\/gavri-src.addisnetwork.es\\\/blog\\\/refrescate-en-verano-con-nuestro-top-3-de-aires-acondicionados.html\",\"url\":\"https:\\\/\\\/gavri-src.addisnetwork.es\\\/blog\\\/refrescate-en-verano-con-nuestro-top-3-de-aires-acondicionados.html\",\"name\":\"Refr\u00e9scate en verano con nuestro top 3 de aires acondicionados\",\"isPartOf\":{\"@id\":\"https:\\\/\\\/gavri-src.addisnetwork.es\\\/blog\\\/#website\"},\"primaryImageOfPage\":{\"@id\":\"https:\\\/\\\/gavri-src.addisnetwork.es\\\/blog\\\/refrescate-en-verano-con-nuestro-top-3-de-aires-acondicionados.html#primaryimage\"},\"image\":{\"@id\":\"https:\\\/\\\/gavri-src.addisnetwork.es\\\/blog\\\/refrescate-en-verano-con-nuestro-top-3-de-aires-acondicionados.html#primaryimage\"},\"thumbnailUrl\":\"https:\\\/\\\/gavri-src.addisnetwork.es\\\/blog\\\/wp-content\\\/uploads\\\/2023\\\/05\\\/Refrescate-en-verano-con-nuestro-top-3-de-aires-acondicionados.jpg\",\"datePublished\":\"2023-05-25T12:20:19+00:00\",\"dateModified\":\"2023-05-25T12:20:20+00:00\",\"description\":\"\u00bfListo para refrescar tu casa este verano? Descubre el top 3 de aires acondicionados port\u00e1tiles de Gavri para mantener tu hogar fresco y c\u00f3modo\",\"breadcrumb\":{\"@id\":\"https:\\\/\\\/gavri-src.addisnetwork.es\\\/blog\\\/refrescate-en-verano-con-nuestro-top-3-de-aires-acondicionados.html#breadcrumb\"},\"inLanguage\":\"es\",\"potentialAction\":[{\"@type\":\"ReadAction\",\"target\":[\"https:\\\/\\\/gavri-src.addisnetwork.es\\\/blog\\\/refrescate-en-verano-con-nuestro-top-3-de-aires-acondicionados.html\"]}]},{\"@type\":\"ImageObject\",\"inLanguage\":\"es\",\"@id\":\"https:\\\/\\\/gavri-src.addisnetwork.es\\\/blog\\\/refrescate-en-verano-con-nuestro-top-3-de-aires-acondicionados.html#primaryimage\",\"url\":\"https:\\\/\\\/gavri-src.addisnetwork.es\\\/blog\\\/wp-content\\\/uploads\\\/2023\\\/05\\\/Refrescate-en-verano-con-nuestro-top-3-de-aires-acondicionados.jpg\",\"contentUrl\":\"https:\\\/\\\/gavri-src.addisnetwork.es\\\/blog\\\/wp-content\\\/uploads\\\/2023\\\/05\\\/Refrescate-en-verano-con-nuestro-top-3-de-aires-acondicionados.jpg\",\"width\":848,\"height\":827,\"caption\":\"Refr\u00e9scate en verano con nuestro top 3 de aires acondicionados\"},{\"@type\":\"BreadcrumbList\",\"@id\":\"https:\\\/\\\/gavri-src.addisnetwork.es\\\/blog\\\/refrescate-en-verano-con-nuestro-top-3-de-aires-acondicionados.html#breadcrumb\",\"itemListElement\":[{\"@type\":\"ListItem\",\"position\":1,\"name\":\"Portada\",\"item\":\"https:\\\/\\\/gavri-src.addisnetwork.es\\\/blog\"},{\"@type\":\"ListItem\",\"position\":2,\"name\":\"Refr\u00e9scate en verano con nuestro top 3 de aires acondicionados\"}]},{\"@type\":\"WebSite\",\"@id\":\"https:\\\/\\\/gavri-src.addisnetwork.es\\\/blog\\\/#website\",\"url\":\"https:\\\/\\\/gavri-src.addisnetwork.es\\\/blog\\\/\",\"name\":\"Blog de Gavri.es\",\"description\":\"Blog de Gavri.es\",\"publisher\":{\"@id\":\"https:\\\/\\\/gavri-src.addisnetwork.es\\\/blog\\\/#organization\"},\"potentialAction\":[{\"@type\":\"SearchAction\",\"target\":{\"@type\":\"EntryPoint\",\"urlTemplate\":\"https:\\\/\\\/gavri-src.addisnetwork.es\\\/blog\\\/?s={search_term_string}\"},\"query-input\":{\"@type\":\"PropertyValueSpecification\",\"valueRequired\":true,\"valueName\":\"search_term_string\"}}],\"inLanguage\":\"es\"},{\"@type\":\"Organization\",\"@id\":\"https:\\\/\\\/gavri-src.addisnetwork.es\\\/blog\\\/#organization\",\"name\":\"Blog de Gavri.es\",\"url\":\"https:\\\/\\\/gavri-src.addisnetwork.es\\\/blog\\\/\",\"logo\":{\"@type\":\"ImageObject\",\"inLanguage\":\"es\",\"@id\":\"https:\\\/\\\/gavri-src.addisnetwork.es\\\/blog\\\/#\\\/schema\\\/logo\\\/image\\\/\",\"url\":\"https:\\\/\\\/gavri-src.addisnetwork.es\\\/blog\\\/wp-content\\\/uploads\\\/2021\\\/01\\\/cropped-LOGO-gavries-blog-1.png\",\"contentUrl\":\"https:\\\/\\\/gavri-src.addisnetwork.es\\\/blog\\\/wp-content\\\/uploads\\\/2021\\\/01\\\/cropped-LOGO-gavries-blog-1.png\",\"width\":520,\"height\":104,\"caption\":\"Blog de Gavri.es\"},\"image\":{\"@id\":\"https:\\\/\\\/gavri-src.addisnetwork.es\\\/blog\\\/#\\\/schema\\\/logo\\\/image\\\/\"}},{\"@type\":\"Person\",\"@id\":\"https:\\\/\\\/gavri-src.addisnetwork.es\\\/blog\\\/#\\\/schema\\\/person\\\/3df0699bd314187860df00e3b73fbf75\",\"name\":\"Gavri\",\"image\":{\"@type\":\"ImageObject\",\"inLanguage\":\"es\",\"@id\":\"https:\\\/\\\/secure.gravatar.com\\\/avatar\\\/6fc6afbbb919cee1ae64c74ed55bf75da72aade68e84f27c0a3a05bd98ccf2a0?s=96&d=mm&r=g\",\"url\":\"https:\\\/\\\/secure.gravatar.com\\\/avatar\\\/6fc6afbbb919cee1ae64c74ed55bf75da72aade68e84f27c0a3a05bd98ccf2a0?s=96&d=mm&r=g\",\"contentUrl\":\"https:\\\/\\\/secure.gravatar.com\\\/avatar\\\/6fc6afbbb919cee1ae64c74ed55bf75da72aade68e84f27c0a3a05bd98ccf2a0?s=96&d=mm&r=g\",\"caption\":\"Gavri\"},\"sameAs\":[\"https:\\\/\\\/gavri.es\\\/blog\"]}]}<\/script>\n<!-- \/ Yoast SEO plugin. -->","yoast_head_json":{"title":"Refr\u00e9scate en verano con nuestro top 3 de aires acondicionados","description":"\u00bfListo para refrescar tu casa este verano? Descubre el top 3 de aires acondicionados port\u00e1tiles de Gavri para mantener tu hogar fresco y c\u00f3modo","robots":{"index":"index","follow":"follow","max-snippet":"max-snippet:-1","max-image-preview":"max-image-preview:large","max-video-preview":"max-video-preview:-1"},"canonical":"https:\/\/gavri-src.addisnetwork.es\/blog\/refrescate-en-verano-con-nuestro-top-3-de-aires-acondicionados.html","og_locale":"es_ES","og_type":"article","og_title":"Refr\u00e9scate en verano con nuestro top 3 de aires acondicionados","og_description":"\u00bfListo para refrescar tu casa este verano? Descubre el top 3 de aires acondicionados port\u00e1tiles de Gavri para mantener tu hogar fresco y c\u00f3modo","og_url":"https:\/\/gavri-src.addisnetwork.es\/blog\/refrescate-en-verano-con-nuestro-top-3-de-aires-acondicionados.html","og_site_name":"Blog de Gavri.es","article_published_time":"2023-05-25T12:20:19+00:00","article_modified_time":"2023-05-25T12:20:20+00:00","og_image":[{"width":848,"height":827,"url":"https:\/\/gavri-src.addisnetwork.es\/blog\/wp-content\/uploads\/2023\/05\/Refrescate-en-verano-con-nuestro-top-3-de-aires-acondicionados.jpg","type":"image\/jpeg"}],"author":"Gavri","twitter_card":"summary_large_image","twitter_misc":{"Escrito por":"Gavri","Tiempo de lectura":"3 minutos"},"schema":{"@context":"https:\/\/schema.org","@graph":[{"@type":"Article","@id":"https:\/\/gavri-src.addisnetwork.es\/blog\/refrescate-en-verano-con-nuestro-top-3-de-aires-acondicionados.html#article","isPartOf":{"@id":"https:\/\/gavri-src.addisnetwork.es\/blog\/refrescate-en-verano-con-nuestro-top-3-de-aires-acondicionados.html"},"author":{"name":"Gavri","@id":"https:\/\/gavri-src.addisnetwork.es\/blog\/#\/schema\/person\/3df0699bd314187860df00e3b73fbf75"},"headline":"Refr\u00e9scate en verano con nuestro top 3 de aires acondicionados","datePublished":"2023-05-25T12:20:19+00:00","dateModified":"2023-05-25T12:20:20+00:00","mainEntityOfPage":{"@id":"https:\/\/gavri-src.addisnetwork.es\/blog\/refrescate-en-verano-con-nuestro-top-3-de-aires-acondicionados.html"},"wordCount":706,"commentCount":0,"publisher":{"@id":"https:\/\/gavri-src.addisnetwork.es\/blog\/#organization"},"image":{"@id":"https:\/\/gavri-src.addisnetwork.es\/blog\/refrescate-en-verano-con-nuestro-top-3-de-aires-acondicionados.html#primaryimage"},"thumbnailUrl":"https:\/\/gavri-src.addisnetwork.es\/blog\/wp-content\/uploads\/2023\/05\/Refrescate-en-verano-con-nuestro-top-3-de-aires-acondicionados.jpg","keywords":["aire acondicionado","aire acondicionado port\u00e1til","aires acondicionados"],"articleSection":["Aire acondicionado"],"inLanguage":"es","potentialAction":[{"@type":"CommentAction","name":"Comment","target":["https:\/\/gavri-src.addisnetwork.es\/blog\/refrescate-en-verano-con-nuestro-top-3-de-aires-acondicionados.html#respond"]}]},{"@type":"WebPage","@id":"https:\/\/gavri-src.addisnetwork.es\/blog\/refrescate-en-verano-con-nuestro-top-3-de-aires-acondicionados.html","url":"https:\/\/gavri-src.addisnetwork.es\/blog\/refrescate-en-verano-con-nuestro-top-3-de-aires-acondicionados.html","name":"Refr\u00e9scate en verano con nuestro top 3 de aires acondicionados","isPartOf":{"@id":"https:\/\/gavri-src.addisnetwork.es\/blog\/#website"},"primaryImageOfPage":{"@id":"https:\/\/gavri-src.addisnetwork.es\/blog\/refrescate-en-verano-con-nuestro-top-3-de-aires-acondicionados.html#primaryimage"},"image":{"@id":"https:\/\/gavri-src.addisnetwork.es\/blog\/refrescate-en-verano-con-nuestro-top-3-de-aires-acondicionados.html#primaryimage"},"thumbnailUrl":"https:\/\/gavri-src.addisnetwork.es\/blog\/wp-content\/uploads\/2023\/05\/Refrescate-en-verano-con-nuestro-top-3-de-aires-acondicionados.jpg","datePublished":"2023-05-25T12:20:19+00:00","dateModified":"2023-05-25T12:20:20+00:00","description":"\u00bfListo para refrescar tu casa este verano? Descubre el top 3 de aires acondicionados port\u00e1tiles de Gavri para mantener tu hogar fresco y c\u00f3modo","breadcrumb":{"@id":"https:\/\/gavri-src.addisnetwork.es\/blog\/refrescate-en-verano-con-nuestro-top-3-de-aires-acondicionados.html#breadcrumb"},"inLanguage":"es","potentialAction":[{"@type":"ReadAction","target":["https:\/\/gavri-src.addisnetwork.es\/blog\/refrescate-en-verano-con-nuestro-top-3-de-aires-acondicionados.html"]}]},{"@type":"ImageObject","inLanguage":"es","@id":"https:\/\/gavri-src.addisnetwork.es\/blog\/refrescate-en-verano-con-nuestro-top-3-de-aires-acondicionados.html#primaryimage","url":"https:\/\/gavri-src.addisnetwork.es\/blog\/wp-content\/uploads\/2023\/05\/Refrescate-en-verano-con-nuestro-top-3-de-aires-acondicionados.jpg","contentUrl":"https:\/\/gavri-src.addisnetwork.es\/blog\/wp-content\/uploads\/2023\/05\/Refrescate-en-verano-con-nuestro-top-3-de-aires-acondicionados.jpg","width":848,"height":827,"caption":"Refr\u00e9scate en verano con nuestro top 3 de aires acondicionados"},{"@type":"BreadcrumbList","@id":"https:\/\/gavri-src.addisnetwork.es\/blog\/refrescate-en-verano-con-nuestro-top-3-de-aires-acondicionados.html#breadcrumb","itemListElement":[{"@type":"ListItem","position":1,"name":"Portada","item":"https:\/\/gavri-src.addisnetwork.es\/blog"},{"@type":"ListItem","position":2,"name":"Refr\u00e9scate en verano con nuestro top 3 de aires acondicionados"}]},{"@type":"WebSite","@id":"https:\/\/gavri-src.addisnetwork.es\/blog\/#website","url":"https:\/\/gavri-src.addisnetwork.es\/blog\/","name":"Blog de Gavri.es","description":"Blog de Gavri.es","publisher":{"@id":"https:\/\/gavri-src.addisnetwork.es\/blog\/#organization"},"potentialAction":[{"@type":"SearchAction","target":{"@type":"EntryPoint","urlTemplate":"https:\/\/gavri-src.addisnetwork.es\/blog\/?s={search_term_string}"},"query-input":{"@type":"PropertyValueSpecification","valueRequired":true,"valueName":"search_term_string"}}],"inLanguage":"es"},{"@type":"Organization","@id":"https:\/\/gavri-src.addisnetwork.es\/blog\/#organization","name":"Blog de Gavri.es","url":"https:\/\/gavri-src.addisnetwork.es\/blog\/","logo":{"@type":"ImageObject","inLanguage":"es","@id":"https:\/\/gavri-src.addisnetwork.es\/blog\/#\/schema\/logo\/image\/","url":"https:\/\/gavri-src.addisnetwork.es\/blog\/wp-content\/uploads\/2021\/01\/cropped-LOGO-gavries-blog-1.png","contentUrl":"https:\/\/gavri-src.addisnetwork.es\/blog\/wp-content\/uploads\/2021\/01\/cropped-LOGO-gavries-blog-1.png","width":520,"height":104,"caption":"Blog de Gavri.es"},"image":{"@id":"https:\/\/gavri-src.addisnetwork.es\/blog\/#\/schema\/logo\/image\/"}},{"@type":"Person","@id":"https:\/\/gavri-src.addisnetwork.es\/blog\/#\/schema\/person\/3df0699bd314187860df00e3b73fbf75","name":"Gavri","image":{"@type":"ImageObject","inLanguage":"es","@id":"https:\/\/secure.gravatar.com\/avatar\/6fc6afbbb919cee1ae64c74ed55bf75da72aade68e84f27c0a3a05bd98ccf2a0?s=96&d=mm&r=g","url":"https:\/\/secure.gravatar.com\/avatar\/6fc6afbbb919cee1ae64c74ed55bf75da72aade68e84f27c0a3a05bd98ccf2a0?s=96&d=mm&r=g","contentUrl":"https:\/\/secure.gravatar.com\/avatar\/6fc6afbbb919cee1ae64c74ed55bf75da72aade68e84f27c0a3a05bd98ccf2a0?s=96&d=mm&r=g","caption":"Gavri"},"sameAs":["https:\/\/gavri.es\/blog"]}]}},"_links":{"self":[{"href":"https:\/\/gavri-src.addisnetwork.es\/blog\/wp-json\/wp\/v2\/posts\/840","targetHints":{"allow":["GET"]}}],"collection":[{"href":"https:\/\/gavri-src.addisnetwork.es\/blog\/wp-json\/wp\/v2\/posts"}],"about":[{"href":"https:\/\/gavri-src.addisnetwork.es\/blog\/wp-json\/wp\/v2\/types\/post"}],"author":[{"embeddable":true,"href":"https:\/\/gavri-src.addisnetwork.es\/blog\/wp-json\/wp\/v2\/users\/1"}],"replies":[{"embeddable":true,"href":"https:\/\/gavri-src.addisnetwork.es\/blog\/wp-json\/wp\/v2\/comments?post=840"}],"version-history":[{"count":1,"href":"https:\/\/gavri-src.addisnetwork.es\/blog\/wp-json\/wp\/v2\/posts\/840\/revisions"}],"predecessor-version":[{"id":842,"href":"https:\/\/gavri-src.addisnetwork.es\/blog\/wp-json\/wp\/v2\/posts\/840\/revisions\/842"}],"wp:featuredmedia":[{"embeddable":true,"href":"https:\/\/gavri-src.addisnetwork.es\/blog\/wp-json\/wp\/v2\/media\/841"}],"wp:attachment":[{"href":"https:\/\/gavri-src.addisnetwork.es\/blog\/wp-json\/wp\/v2\/media?parent=840"}],"wp:term":[{"taxonomy":"category","embeddable":true,"href":"https:\/\/gavri-src.addisnetwork.es\/blog\/wp-json\/wp\/v2\/categories?post=840"},{"taxonomy":"post_tag","embeddable":true,"href":"https:\/\/gavri-src.addisnetwork.es\/blog\/wp-json\/wp\/v2\/tags?post=840"}],"curies":[{"name":"wp","href":"https:\/\/api.w.org\/{rel}","templated":true}]}}