{"id":844,"date":"2023-05-26T14:20:03","date_gmt":"2023-05-26T14:20:03","guid":{"rendered":"https:\/\/gavri.es\/blog\/?p=844"},"modified":"2023-05-26T14:20:04","modified_gmt":"2023-05-26T14:20:04","slug":"los-beneficios-de-los-ventiladores-de-techo-sin-aspas-diseno-limpieza-y-seguridad","status":"publish","type":"post","link":"https:\/\/gavri-src.addisnetwork.es\/blog\/los-beneficios-de-los-ventiladores-de-techo-sin-aspas-diseno-limpieza-y-seguridad.html","title":{"rendered":"Los beneficios de los ventiladores de techo sin aspas: dise\u00f1o, limpieza y seguridad."},"content":{"rendered":"<div class=\"wp-block-image\">\n<figure class=\"aligncenter size-full is-resized\"><img loading=\"lazy\" decoding=\"async\" src=\"https:\/\/gavri.es\/blog\/wp-content\/uploads\/2023\/05\/h1-ventiladores-de-techo-sin-aspas.jpg\" alt=\"\" class=\"wp-image-845\" width=\"804\" height=\"643\" srcset=\"https:\/\/gavri-src.addisnetwork.es\/blog\/wp-content\/uploads\/2023\/05\/h1-ventiladores-de-techo-sin-aspas.jpg 650w, https:\/\/gavri-src.addisnetwork.es\/blog\/wp-content\/uploads\/2023\/05\/h1-ventiladores-de-techo-sin-aspas-300x240.jpg 300w\" sizes=\"auto, (max-width: 804px) 100vw, 804px\" \/><figcaption class=\"wp-element-caption\"><strong>Ventiladores de techo sin aspas<\/strong> &#8211; Fuente: Materiales de f\u00e1brica.<\/figcaption><\/figure>\n<\/div>\n\n\n<p><strong>Por Rosana Bartet<\/strong><\/p>\n\n\n\n<p>Miembro del equipo de<strong><a href=\"https:\/\/materialesdefabrica.com\/\"> <\/a><u><a href=\"https:\/\/materialesdefabrica.com\/\">Materialesdefabrica.com<\/a><\/u> y<u><a href=\"https:\/\/habitium.com\/\"> Habitium.com<\/a><\/u><\/strong><\/p>\n\n\n\n<p>\u00bfEst\u00e1s buscando una soluci\u00f3n elegante, moderna y segura para la ventilaci\u00f3n de tu hogar? Los ventiladores de techo sin aspas pueden ser lo m\u00e1s adecuado. Adem\u00e1s de ser visualmente atractivos, estos ventiladores ofrecen una serie de beneficios que los hacen una opci\u00f3n cada vez m\u00e1s popular entre los propietarios de viviendas.<\/p>\n\n\n\n<p>Los ventiladores de techo sin aspas son una innovaci\u00f3n moderna que ha ganado reconocimiento en los \u00faltimos a\u00f1os debido a sus m\u00faltiples ventajas. Estos ventiladores, tambi\u00e9n conocidos como ventiladores de techo sin h\u00e9lices, ofrecen ventajas significativas en t\u00e9rminos de comodidad, limpieza, seguridad y mejora en la calidad del aire interior. Exploraremos a fondo estos beneficios y la raz\u00f3n por la que los ventiladores de techo sin aspas son una opci\u00f3n atractiva para la ventilaci\u00f3n del hogar.<\/p>\n\n\n\n<h2 class=\"wp-block-heading\">Mayor seguridad en el hogar<\/h2>\n\n\n\n<p>Si tiene ni\u00f1os o mascotas en casa, es importante elegir una opci\u00f3n de ventilaci\u00f3n segura. Los ventiladores de techo sin aspas ofrecen una opci\u00f3n confiable para el hogar en comparaci\u00f3n con los ventiladores de techo tradicionales. Al no tener aspas en movimiento, los ventiladores de techo sin aspas eliminan el temor al riesgo de accidentes y lesiones causadas por el contacto con las aspas en movimiento de los ventiladores tradicionales. Adem\u00e1s, los ventiladores de techo sin aspas disponen de luces y mando a distancia que permite su empleo de forma cada vez m\u00e1s confortable.<\/p>\n\n\n<div class=\"wp-block-image\">\n<figure class=\"aligncenter size-full is-resized\"><img loading=\"lazy\" decoding=\"async\" src=\"https:\/\/gavri.es\/blog\/wp-content\/uploads\/2023\/05\/h2-Ventiladores-de-techo-sin-aspas-con-luz.jpg\" alt=\"\" class=\"wp-image-846\" width=\"826\" height=\"661\" srcset=\"https:\/\/gavri-src.addisnetwork.es\/blog\/wp-content\/uploads\/2023\/05\/h2-Ventiladores-de-techo-sin-aspas-con-luz.jpg 650w, https:\/\/gavri-src.addisnetwork.es\/blog\/wp-content\/uploads\/2023\/05\/h2-Ventiladores-de-techo-sin-aspas-con-luz-300x240.jpg 300w\" sizes=\"auto, (max-width: 826px) 100vw, 826px\" \/><figcaption class=\"wp-element-caption\"><strong>Ventiladores de techo sin aspas con luz<\/strong> &#8211; Fuente: Canva.<\/figcaption><\/figure>\n<\/div>\n\n\n<h2 class=\"wp-block-heading\">Facilidad de limpieza<\/h2>\n\n\n\n<p>La limpieza de los ventiladores de techo tradicionales con h\u00e9lices puede ser una tarea tediosa y dif\u00edcil debido a las aspas que acumulan polvo y suciedad con el tiempo. Sin embargo, los ventiladores de techo sin aspas eliminan este problema, ya que no tienen h\u00e9lices donde se deposite el polvo.<\/p>\n\n\n\n<p>Los ventiladores de techo sin aspas son extremadamente f\u00e1ciles de limpiar, lo que los convierte en una opci\u00f3n conveniente para aquellos que buscan una opci\u00f3n para la ventilaci\u00f3n con bajo mantenimiento. Este dise\u00f1o, sin h\u00e9lices, requiere simplemente un pa\u00f1o h\u00famedo para la limpieza de la superficie lisa del ventilador, lo que ahorra tiempo y esfuerzo en comparaci\u00f3n con la limpieza de los modelos con h\u00e9lices.<\/p>\n\n\n\n<h2 class=\"wp-block-heading\">Ventiladores sin aspa con dise\u00f1o moderno y elegante<\/h2>\n\n\n\n<p class=\"has-text-align-left\">Una de las principales razones por las que los ventiladores de techo sin aspas se han vuelto tan populares es su atractivo dise\u00f1o moderno y elegante. En comparaci\u00f3n con los ventiladores de techo tradicionales, los ventiladores de techo sin aspas ofrecen un aspecto m\u00e1s limpio y minimalista. Gracias a la ausencia de aspas visibles, estos ventiladores pueden complementar cualquier estilo de decoraci\u00f3n y se convierten en una alternativa interesante para aquellos que buscan una apariencia m\u00e1s estilizada y moderna en su hogar. Adem\u00e1s, hay una amplia variedad de dise\u00f1os disponibles, con luces, mando a distancia e inclusive diferentes colores, tama\u00f1os y acabados, lo que te permite personalizar el aspecto del ventilador de techo sin aspas para adaptarlo a cualquier ambiente de la casa.<\/p>\n\n\n<div class=\"wp-block-image\">\n<figure class=\"aligncenter size-full is-resized\"><img loading=\"lazy\" decoding=\"async\" src=\"https:\/\/gavri.es\/blog\/wp-content\/uploads\/2023\/05\/h2-ventiladores-de-techo-sin-aspas-color-negro.jpg\" alt=\"\" class=\"wp-image-847\" width=\"840\" height=\"672\" srcset=\"https:\/\/gavri-src.addisnetwork.es\/blog\/wp-content\/uploads\/2023\/05\/h2-ventiladores-de-techo-sin-aspas-color-negro.jpg 650w, https:\/\/gavri-src.addisnetwork.es\/blog\/wp-content\/uploads\/2023\/05\/h2-ventiladores-de-techo-sin-aspas-color-negro-300x240.jpg 300w\" sizes=\"auto, (max-width: 840px) 100vw, 840px\" \/><figcaption class=\"wp-element-caption\"><strong>Ventiladores de techo sin aspas color negro<\/strong> &#8211; Fuente: Canva.<\/figcaption><\/figure>\n<\/div>\n\n\n<h2 class=\"wp-block-heading\">H2: Mejora de la calidad del aire interior<\/h2>\n\n\n\n<p>La calidad del aire interior es un aspecto sustancial para la salud y el bienestar en el hogar. Los ventiladores de techo sin aspas pueden contribuir a mejorar la calidad del aire interior en comparaci\u00f3n con los modelos con aspas. Aqu\u00ed te explicamos c\u00f3mo:<\/p>\n\n\n\n<ul class=\"wp-block-list\">\n<li>&nbsp;Flujo de aire constante:<\/li>\n<\/ul>\n\n\n\n<p>A diferencia de los ventiladores con aspas, los modelos que no las poseen generan un flujo de aire suave y constante. Esto ayuda a recibir el aire de manera segura, como alternativa al aire acondicionado, permitiendo una ventilaci\u00f3n efectiva.<\/p>\n\n\n\n<ul class=\"wp-block-list\">\n<li>Reducci\u00f3n de la acumulaci\u00f3n de polvo y al\u00e9rgenos<\/li>\n<\/ul>\n\n\n\n<p>Gracias a su flujo de aire tenue, los ventiladores de techo sin aspas colaboran a reducir la suciedad. Al distribuir el aire de manera constante, evita la concentraci\u00f3n de polvo y al\u00e9rgenos en \u00e1reas espec\u00edficas de la habitaci\u00f3n, lo que puede mejorar la calidad del aire interior.<\/p>\n\n\n\n<ul class=\"wp-block-list\">\n<li>Respaldado por estudios e investigaciones<\/li>\n<\/ul>\n\n\n\n<p>Diversos estudios respaldan el empleo y los beneficios de los ventiladores de techo sin aspas en t\u00e9rminos de mejora de la calidad del aire interior. Las investigaciones han demostrado que estos modelos est\u00e1n especialmente optimizados para personas con alergias o problemas respiratorios.<\/p>\n\n\n<div class=\"wp-block-image\">\n<figure class=\"aligncenter size-full is-resized\"><img loading=\"lazy\" decoding=\"async\" src=\"https:\/\/gavri.es\/blog\/wp-content\/uploads\/2023\/05\/h2-ventiladores-de-techo-sin-aspas-modernos.jpg\" alt=\"\" class=\"wp-image-848\" width=\"816\" height=\"653\" srcset=\"https:\/\/gavri-src.addisnetwork.es\/blog\/wp-content\/uploads\/2023\/05\/h2-ventiladores-de-techo-sin-aspas-modernos.jpg 650w, https:\/\/gavri-src.addisnetwork.es\/blog\/wp-content\/uploads\/2023\/05\/h2-ventiladores-de-techo-sin-aspas-modernos-300x240.jpg 300w\" sizes=\"auto, (max-width: 816px) 100vw, 816px\" \/><figcaption class=\"wp-element-caption\"><strong>Ventiladores de techo sin aspas modernos<\/strong> &#8211; Fuente: Canva.<\/figcaption><\/figure>\n<\/div>\n\n\n<h2 class=\"wp-block-heading\">H2: Las tendencias en el mercado de ventiladores de techo sin aspas<\/h2>\n\n\n\n<p>Es un art\u00edculo en constante evoluci\u00f3n, ofreciendo una amplia variedad de opciones para los consumidores. Aqu\u00ed te presentamos algunas de las \u00faltimas tendencias en ventiladores de techo sin aspas:<\/p>\n\n\n\n<h3 class=\"wp-block-heading\"><a><\/a>H3: Modelos inteligentes<\/h3>\n\n\n\n<p>Los ventiladores de techo sin aspas inteligentes han ganado adeptos en los \u00faltimos a\u00f1os. Estos modelos permiten el control de forma remota a trav\u00e9s de una aplicaci\u00f3n en tu tel\u00e9fono inteligente, lo que significa que puedes controlar la velocidad del ventilador, la luz y otras funciones desde cualquier lugar de la casa.<\/p>\n\n\n\n<h3 class=\"wp-block-heading\"><a><\/a>H3: Iluminaci\u00f3n incorporada<\/h3>\n\n\n\n<p>Los ventiladores de techo sin aspas con iluminaci\u00f3n incorporada tambi\u00e9n est\u00e1n ganando popularidad. Esta opci\u00f3n puede ahorrar espacio y ofrecer, en conjunto, una apariencia elegante y moderna a la habitaci\u00f3n.&nbsp; Adem\u00e1s, tiene la capacidad de brindar una iluminaci\u00f3n sigilosa y ajustable.<\/p>\n\n\n\n<h3 class=\"wp-block-heading\"><a><\/a>H3: Dise\u00f1os personalizados<\/h3>\n\n\n\n<p>Los ventiladores de techo sin aspas tambi\u00e9n est\u00e1n disponibles en dise\u00f1os personalizados que pueden integrarse perfectamente en cada ambiente. Desde colores customizados hasta dise\u00f1os tem\u00e1ticos y elegantes, cada vez es mayor la variedad de opciones para satisfacer necesidades y gustos.<\/p>\n\n\n\n<figure class=\"wp-block-gallery has-nested-images columns-default is-cropped wp-block-gallery-1 is-layout-flex wp-block-gallery-is-layout-flex\">\n<figure class=\"wp-block-image size-large\"><img loading=\"lazy\" decoding=\"async\" width=\"650\" height=\"545\" data-id=\"849\" src=\"https:\/\/gavri.es\/blog\/wp-content\/uploads\/2023\/05\/h3-ventiladores-de-techo-sin-aspas-inteligentees.jpg\" alt=\"\" class=\"wp-image-849\" srcset=\"https:\/\/gavri-src.addisnetwork.es\/blog\/wp-content\/uploads\/2023\/05\/h3-ventiladores-de-techo-sin-aspas-inteligentees.jpg 650w, https:\/\/gavri-src.addisnetwork.es\/blog\/wp-content\/uploads\/2023\/05\/h3-ventiladores-de-techo-sin-aspas-inteligentees-300x252.jpg 300w\" sizes=\"auto, (max-width: 650px) 100vw, 650px\" \/><figcaption class=\"wp-element-caption\"><br><strong>Ventiladores de techo sin aspas inteligentes<\/strong> &#8211; Fuente: Canva.<\/figcaption><\/figure>\n<\/figure>\n\n\n\n<h2 class=\"wp-block-heading\">H2: Conclusi\u00f3n<\/h2>\n\n\n\n<p>Los ventiladores de techo sin aspas ofrecen una serie de beneficios importantes, incluida la mejora de la calidad del aire interior. Su flujo de aire suave y fluido, junto con los respaldos de estudios e investigaciones, los convierte en una opci\u00f3n moderna y eficiente para la ventilaci\u00f3n de hogares.<\/p>\n\n\n\n<p>Adem\u00e1s de ser una opci\u00f3n elegante y moderna, son f\u00e1ciles de limpiar y mantener, m\u00e1s seguros para nuestros hogares y, como hemos visto, tambi\u00e9n contribuyen a una mejor calidad del aire interior.<\/p>\n\n\n\n<p>El mercado de ventiladores de techo sin aspas ofrece una amplia variedad de opciones para los clientes, desde modelos inteligentes y con iluminaci\u00f3n incorporada hasta dise\u00f1os personalizados que se integran perfectamente en cualquier espacio. Al elegir un ventilador de techo sin aspas, los consumidores pueden disfrutar de una amplia variedad de opciones, asegurando que pueden encontrar la mejor opci\u00f3n para sus necesidades y gustos.<\/p>\n\n\n\n<p>\u00a1Elige la opci\u00f3n de ventiladores de techo sin aspas que mejor se adapte a tu estilo de vida y hogar!<\/p>\n","protected":false},"excerpt":{"rendered":"<p>Por Rosana Bartet Miembro del equipo de Materialesdefabrica.com y Habitium.com \u00bfEst\u00e1s buscando una soluci\u00f3n elegante, moderna y segura para la ventilaci\u00f3n de tu hogar? Los ventiladores de techo sin aspas pueden ser lo m\u00e1s adecuado. Adem\u00e1s &#8230; <a title=\"Los beneficios de los ventiladores de techo sin aspas: dise\u00f1o, limpieza y seguridad.\" class=\"read-more\" href=\"https:\/\/gavri-src.addisnetwork.es\/blog\/los-beneficios-de-los-ventiladores-de-techo-sin-aspas-diseno-limpieza-y-seguridad.html\" aria-label=\"M\u00e1s en Los beneficios de los ventiladores de techo sin aspas: dise\u00f1o, limpieza y seguridad.\">Leer m\u00e1s<\/a><\/p>\n","protected":false},"author":1,"featured_media":0,"comment_status":"open","ping_status":"closed","sticky":false,"template":"","format":"standard","meta":{"footnotes":""},"categories":[24],"tags":[9],"class_list":["post-844","post","type-post","status-publish","format-standard","hentry","category-ventiladores-de-techo","tag-ventiladores-de-techo","generate-columns","tablet-grid-50","mobile-grid-100","grid-parent","grid-50","no-featured-image-padding"],"yoast_head":"<!-- This site is optimized with the Yoast SEO plugin v27.5 - https:\/\/yoast.com\/product\/yoast-seo-wordpress\/ -->\n<title>Los beneficios de los ventiladores de techo sin aspas: dise\u00f1o, limpieza y seguridad. - Blog de Gavri.es<\/title>\n<meta name=\"robots\" content=\"index, follow, max-snippet:-1, max-image-preview:large, max-video-preview:-1\" \/>\n<link rel=\"canonical\" href=\"https:\/\/gavri-src.addisnetwork.es\/blog\/los-beneficios-de-los-ventiladores-de-techo-sin-aspas-diseno-limpieza-y-seguridad.html\" \/>\n<meta property=\"og:locale\" content=\"es_ES\" \/>\n<meta property=\"og:type\" content=\"article\" \/>\n<meta property=\"og:title\" content=\"Los beneficios de los ventiladores de techo sin aspas: dise\u00f1o, limpieza y seguridad. - Blog de Gavri.es\" \/>\n<meta property=\"og:description\" content=\"Por Rosana Bartet Miembro del equipo de Materialesdefabrica.com y Habitium.com \u00bfEst\u00e1s buscando una soluci\u00f3n elegante, moderna y segura para la ventilaci\u00f3n de tu hogar? Los ventiladores de techo sin aspas pueden ser lo m\u00e1s adecuado. Adem\u00e1s ... Leer m\u00e1s\" \/>\n<meta property=\"og:url\" content=\"https:\/\/gavri-src.addisnetwork.es\/blog\/los-beneficios-de-los-ventiladores-de-techo-sin-aspas-diseno-limpieza-y-seguridad.html\" \/>\n<meta property=\"og:site_name\" content=\"Blog de Gavri.es\" \/>\n<meta property=\"article:published_time\" content=\"2023-05-26T14:20:03+00:00\" \/>\n<meta property=\"article:modified_time\" content=\"2023-05-26T14:20:04+00:00\" \/>\n<meta property=\"og:image\" content=\"https:\/\/gavri.es\/blog\/wp-content\/uploads\/2023\/05\/h1-ventiladores-de-techo-sin-aspas.jpg\" \/>\n<meta name=\"author\" content=\"Gavri\" \/>\n<meta name=\"twitter:card\" content=\"summary_large_image\" \/>\n<meta name=\"twitter:label1\" content=\"Escrito por\" \/>\n\t<meta name=\"twitter:data1\" content=\"Gavri\" \/>\n\t<meta name=\"twitter:label2\" content=\"Tiempo de lectura\" \/>\n\t<meta name=\"twitter:data2\" content=\"6 minutos\" \/>\n<script type=\"application\/ld+json\" class=\"yoast-schema-graph\">{\"@context\":\"https:\\\/\\\/schema.org\",\"@graph\":[{\"@type\":\"Article\",\"@id\":\"https:\\\/\\\/gavri-src.addisnetwork.es\\\/blog\\\/los-beneficios-de-los-ventiladores-de-techo-sin-aspas-diseno-limpieza-y-seguridad.html#article\",\"isPartOf\":{\"@id\":\"https:\\\/\\\/gavri-src.addisnetwork.es\\\/blog\\\/los-beneficios-de-los-ventiladores-de-techo-sin-aspas-diseno-limpieza-y-seguridad.html\"},\"author\":{\"name\":\"Gavri\",\"@id\":\"https:\\\/\\\/gavri-src.addisnetwork.es\\\/blog\\\/#\\\/schema\\\/person\\\/3df0699bd314187860df00e3b73fbf75\"},\"headline\":\"Los beneficios de los ventiladores de techo sin aspas: dise\u00f1o, limpieza y seguridad.\",\"datePublished\":\"2023-05-26T14:20:03+00:00\",\"dateModified\":\"2023-05-26T14:20:04+00:00\",\"mainEntityOfPage\":{\"@id\":\"https:\\\/\\\/gavri-src.addisnetwork.es\\\/blog\\\/los-beneficios-de-los-ventiladores-de-techo-sin-aspas-diseno-limpieza-y-seguridad.html\"},\"wordCount\":1188,\"commentCount\":0,\"publisher\":{\"@id\":\"https:\\\/\\\/gavri-src.addisnetwork.es\\\/blog\\\/#organization\"},\"image\":{\"@id\":\"https:\\\/\\\/gavri-src.addisnetwork.es\\\/blog\\\/los-beneficios-de-los-ventiladores-de-techo-sin-aspas-diseno-limpieza-y-seguridad.html#primaryimage\"},\"thumbnailUrl\":\"https:\\\/\\\/gavri.es\\\/blog\\\/wp-content\\\/uploads\\\/2023\\\/05\\\/h1-ventiladores-de-techo-sin-aspas.jpg\",\"keywords\":[\"ventiladores de techo\"],\"articleSection\":[\"Ventiladores de techo\"],\"inLanguage\":\"es\",\"potentialAction\":[{\"@type\":\"CommentAction\",\"name\":\"Comment\",\"target\":[\"https:\\\/\\\/gavri-src.addisnetwork.es\\\/blog\\\/los-beneficios-de-los-ventiladores-de-techo-sin-aspas-diseno-limpieza-y-seguridad.html#respond\"]}]},{\"@type\":\"WebPage\",\"@id\":\"https:\\\/\\\/gavri-src.addisnetwork.es\\\/blog\\\/los-beneficios-de-los-ventiladores-de-techo-sin-aspas-diseno-limpieza-y-seguridad.html\",\"url\":\"https:\\\/\\\/gavri-src.addisnetwork.es\\\/blog\\\/los-beneficios-de-los-ventiladores-de-techo-sin-aspas-diseno-limpieza-y-seguridad.html\",\"name\":\"Los beneficios de los ventiladores de techo sin aspas: dise\u00f1o, limpieza y seguridad. - Blog de Gavri.es\",\"isPartOf\":{\"@id\":\"https:\\\/\\\/gavri-src.addisnetwork.es\\\/blog\\\/#website\"},\"primaryImageOfPage\":{\"@id\":\"https:\\\/\\\/gavri-src.addisnetwork.es\\\/blog\\\/los-beneficios-de-los-ventiladores-de-techo-sin-aspas-diseno-limpieza-y-seguridad.html#primaryimage\"},\"image\":{\"@id\":\"https:\\\/\\\/gavri-src.addisnetwork.es\\\/blog\\\/los-beneficios-de-los-ventiladores-de-techo-sin-aspas-diseno-limpieza-y-seguridad.html#primaryimage\"},\"thumbnailUrl\":\"https:\\\/\\\/gavri.es\\\/blog\\\/wp-content\\\/uploads\\\/2023\\\/05\\\/h1-ventiladores-de-techo-sin-aspas.jpg\",\"datePublished\":\"2023-05-26T14:20:03+00:00\",\"dateModified\":\"2023-05-26T14:20:04+00:00\",\"breadcrumb\":{\"@id\":\"https:\\\/\\\/gavri-src.addisnetwork.es\\\/blog\\\/los-beneficios-de-los-ventiladores-de-techo-sin-aspas-diseno-limpieza-y-seguridad.html#breadcrumb\"},\"inLanguage\":\"es\",\"potentialAction\":[{\"@type\":\"ReadAction\",\"target\":[\"https:\\\/\\\/gavri-src.addisnetwork.es\\\/blog\\\/los-beneficios-de-los-ventiladores-de-techo-sin-aspas-diseno-limpieza-y-seguridad.html\"]}]},{\"@type\":\"ImageObject\",\"inLanguage\":\"es\",\"@id\":\"https:\\\/\\\/gavri-src.addisnetwork.es\\\/blog\\\/los-beneficios-de-los-ventiladores-de-techo-sin-aspas-diseno-limpieza-y-seguridad.html#primaryimage\",\"url\":\"https:\\\/\\\/gavri.es\\\/blog\\\/wp-content\\\/uploads\\\/2023\\\/05\\\/h1-ventiladores-de-techo-sin-aspas.jpg\",\"contentUrl\":\"https:\\\/\\\/gavri.es\\\/blog\\\/wp-content\\\/uploads\\\/2023\\\/05\\\/h1-ventiladores-de-techo-sin-aspas.jpg\"},{\"@type\":\"BreadcrumbList\",\"@id\":\"https:\\\/\\\/gavri-src.addisnetwork.es\\\/blog\\\/los-beneficios-de-los-ventiladores-de-techo-sin-aspas-diseno-limpieza-y-seguridad.html#breadcrumb\",\"itemListElement\":[{\"@type\":\"ListItem\",\"position\":1,\"name\":\"Portada\",\"item\":\"https:\\\/\\\/gavri-src.addisnetwork.es\\\/blog\"},{\"@type\":\"ListItem\",\"position\":2,\"name\":\"Los beneficios de los ventiladores de techo sin aspas: dise\u00f1o, limpieza y seguridad.\"}]},{\"@type\":\"WebSite\",\"@id\":\"https:\\\/\\\/gavri-src.addisnetwork.es\\\/blog\\\/#website\",\"url\":\"https:\\\/\\\/gavri-src.addisnetwork.es\\\/blog\\\/\",\"name\":\"Blog de Gavri.es\",\"description\":\"Blog de Gavri.es\",\"publisher\":{\"@id\":\"https:\\\/\\\/gavri-src.addisnetwork.es\\\/blog\\\/#organization\"},\"potentialAction\":[{\"@type\":\"SearchAction\",\"target\":{\"@type\":\"EntryPoint\",\"urlTemplate\":\"https:\\\/\\\/gavri-src.addisnetwork.es\\\/blog\\\/?s={search_term_string}\"},\"query-input\":{\"@type\":\"PropertyValueSpecification\",\"valueRequired\":true,\"valueName\":\"search_term_string\"}}],\"inLanguage\":\"es\"},{\"@type\":\"Organization\",\"@id\":\"https:\\\/\\\/gavri-src.addisnetwork.es\\\/blog\\\/#organization\",\"name\":\"Blog de Gavri.es\",\"url\":\"https:\\\/\\\/gavri-src.addisnetwork.es\\\/blog\\\/\",\"logo\":{\"@type\":\"ImageObject\",\"inLanguage\":\"es\",\"@id\":\"https:\\\/\\\/gavri-src.addisnetwork.es\\\/blog\\\/#\\\/schema\\\/logo\\\/image\\\/\",\"url\":\"https:\\\/\\\/gavri-src.addisnetwork.es\\\/blog\\\/wp-content\\\/uploads\\\/2021\\\/01\\\/cropped-LOGO-gavries-blog-1.png\",\"contentUrl\":\"https:\\\/\\\/gavri-src.addisnetwork.es\\\/blog\\\/wp-content\\\/uploads\\\/2021\\\/01\\\/cropped-LOGO-gavries-blog-1.png\",\"width\":520,\"height\":104,\"caption\":\"Blog de Gavri.es\"},\"image\":{\"@id\":\"https:\\\/\\\/gavri-src.addisnetwork.es\\\/blog\\\/#\\\/schema\\\/logo\\\/image\\\/\"}},{\"@type\":\"Person\",\"@id\":\"https:\\\/\\\/gavri-src.addisnetwork.es\\\/blog\\\/#\\\/schema\\\/person\\\/3df0699bd314187860df00e3b73fbf75\",\"name\":\"Gavri\",\"image\":{\"@type\":\"ImageObject\",\"inLanguage\":\"es\",\"@id\":\"https:\\\/\\\/secure.gravatar.com\\\/avatar\\\/6fc6afbbb919cee1ae64c74ed55bf75da72aade68e84f27c0a3a05bd98ccf2a0?s=96&d=mm&r=g\",\"url\":\"https:\\\/\\\/secure.gravatar.com\\\/avatar\\\/6fc6afbbb919cee1ae64c74ed55bf75da72aade68e84f27c0a3a05bd98ccf2a0?s=96&d=mm&r=g\",\"contentUrl\":\"https:\\\/\\\/secure.gravatar.com\\\/avatar\\\/6fc6afbbb919cee1ae64c74ed55bf75da72aade68e84f27c0a3a05bd98ccf2a0?s=96&d=mm&r=g\",\"caption\":\"Gavri\"},\"sameAs\":[\"https:\\\/\\\/gavri.es\\\/blog\"]}]}<\/script>\n<!-- \/ Yoast SEO plugin. -->","yoast_head_json":{"title":"Los beneficios de los ventiladores de techo sin aspas: dise\u00f1o, limpieza y seguridad. - Blog de Gavri.es","robots":{"index":"index","follow":"follow","max-snippet":"max-snippet:-1","max-image-preview":"max-image-preview:large","max-video-preview":"max-video-preview:-1"},"canonical":"https:\/\/gavri-src.addisnetwork.es\/blog\/los-beneficios-de-los-ventiladores-de-techo-sin-aspas-diseno-limpieza-y-seguridad.html","og_locale":"es_ES","og_type":"article","og_title":"Los beneficios de los ventiladores de techo sin aspas: dise\u00f1o, limpieza y seguridad. - Blog de Gavri.es","og_description":"Por Rosana Bartet Miembro del equipo de Materialesdefabrica.com y Habitium.com \u00bfEst\u00e1s buscando una soluci\u00f3n elegante, moderna y segura para la ventilaci\u00f3n de tu hogar? Los ventiladores de techo sin aspas pueden ser lo m\u00e1s adecuado. Adem\u00e1s ... Leer m\u00e1s","og_url":"https:\/\/gavri-src.addisnetwork.es\/blog\/los-beneficios-de-los-ventiladores-de-techo-sin-aspas-diseno-limpieza-y-seguridad.html","og_site_name":"Blog de Gavri.es","article_published_time":"2023-05-26T14:20:03+00:00","article_modified_time":"2023-05-26T14:20:04+00:00","og_image":[{"url":"https:\/\/gavri.es\/blog\/wp-content\/uploads\/2023\/05\/h1-ventiladores-de-techo-sin-aspas.jpg","type":"","width":"","height":""}],"author":"Gavri","twitter_card":"summary_large_image","twitter_misc":{"Escrito por":"Gavri","Tiempo de lectura":"6 minutos"},"schema":{"@context":"https:\/\/schema.org","@graph":[{"@type":"Article","@id":"https:\/\/gavri-src.addisnetwork.es\/blog\/los-beneficios-de-los-ventiladores-de-techo-sin-aspas-diseno-limpieza-y-seguridad.html#article","isPartOf":{"@id":"https:\/\/gavri-src.addisnetwork.es\/blog\/los-beneficios-de-los-ventiladores-de-techo-sin-aspas-diseno-limpieza-y-seguridad.html"},"author":{"name":"Gavri","@id":"https:\/\/gavri-src.addisnetwork.es\/blog\/#\/schema\/person\/3df0699bd314187860df00e3b73fbf75"},"headline":"Los beneficios de los ventiladores de techo sin aspas: dise\u00f1o, limpieza y seguridad.","datePublished":"2023-05-26T14:20:03+00:00","dateModified":"2023-05-26T14:20:04+00:00","mainEntityOfPage":{"@id":"https:\/\/gavri-src.addisnetwork.es\/blog\/los-beneficios-de-los-ventiladores-de-techo-sin-aspas-diseno-limpieza-y-seguridad.html"},"wordCount":1188,"commentCount":0,"publisher":{"@id":"https:\/\/gavri-src.addisnetwork.es\/blog\/#organization"},"image":{"@id":"https:\/\/gavri-src.addisnetwork.es\/blog\/los-beneficios-de-los-ventiladores-de-techo-sin-aspas-diseno-limpieza-y-seguridad.html#primaryimage"},"thumbnailUrl":"https:\/\/gavri.es\/blog\/wp-content\/uploads\/2023\/05\/h1-ventiladores-de-techo-sin-aspas.jpg","keywords":["ventiladores de techo"],"articleSection":["Ventiladores de techo"],"inLanguage":"es","potentialAction":[{"@type":"CommentAction","name":"Comment","target":["https:\/\/gavri-src.addisnetwork.es\/blog\/los-beneficios-de-los-ventiladores-de-techo-sin-aspas-diseno-limpieza-y-seguridad.html#respond"]}]},{"@type":"WebPage","@id":"https:\/\/gavri-src.addisnetwork.es\/blog\/los-beneficios-de-los-ventiladores-de-techo-sin-aspas-diseno-limpieza-y-seguridad.html","url":"https:\/\/gavri-src.addisnetwork.es\/blog\/los-beneficios-de-los-ventiladores-de-techo-sin-aspas-diseno-limpieza-y-seguridad.html","name":"Los beneficios de los ventiladores de techo sin aspas: dise\u00f1o, limpieza y seguridad. - Blog de Gavri.es","isPartOf":{"@id":"https:\/\/gavri-src.addisnetwork.es\/blog\/#website"},"primaryImageOfPage":{"@id":"https:\/\/gavri-src.addisnetwork.es\/blog\/los-beneficios-de-los-ventiladores-de-techo-sin-aspas-diseno-limpieza-y-seguridad.html#primaryimage"},"image":{"@id":"https:\/\/gavri-src.addisnetwork.es\/blog\/los-beneficios-de-los-ventiladores-de-techo-sin-aspas-diseno-limpieza-y-seguridad.html#primaryimage"},"thumbnailUrl":"https:\/\/gavri.es\/blog\/wp-content\/uploads\/2023\/05\/h1-ventiladores-de-techo-sin-aspas.jpg","datePublished":"2023-05-26T14:20:03+00:00","dateModified":"2023-05-26T14:20:04+00:00","breadcrumb":{"@id":"https:\/\/gavri-src.addisnetwork.es\/blog\/los-beneficios-de-los-ventiladores-de-techo-sin-aspas-diseno-limpieza-y-seguridad.html#breadcrumb"},"inLanguage":"es","potentialAction":[{"@type":"ReadAction","target":["https:\/\/gavri-src.addisnetwork.es\/blog\/los-beneficios-de-los-ventiladores-de-techo-sin-aspas-diseno-limpieza-y-seguridad.html"]}]},{"@type":"ImageObject","inLanguage":"es","@id":"https:\/\/gavri-src.addisnetwork.es\/blog\/los-beneficios-de-los-ventiladores-de-techo-sin-aspas-diseno-limpieza-y-seguridad.html#primaryimage","url":"https:\/\/gavri.es\/blog\/wp-content\/uploads\/2023\/05\/h1-ventiladores-de-techo-sin-aspas.jpg","contentUrl":"https:\/\/gavri.es\/blog\/wp-content\/uploads\/2023\/05\/h1-ventiladores-de-techo-sin-aspas.jpg"},{"@type":"BreadcrumbList","@id":"https:\/\/gavri-src.addisnetwork.es\/blog\/los-beneficios-de-los-ventiladores-de-techo-sin-aspas-diseno-limpieza-y-seguridad.html#breadcrumb","itemListElement":[{"@type":"ListItem","position":1,"name":"Portada","item":"https:\/\/gavri-src.addisnetwork.es\/blog"},{"@type":"ListItem","position":2,"name":"Los beneficios de los ventiladores de techo sin aspas: dise\u00f1o, limpieza y seguridad."}]},{"@type":"WebSite","@id":"https:\/\/gavri-src.addisnetwork.es\/blog\/#website","url":"https:\/\/gavri-src.addisnetwork.es\/blog\/","name":"Blog de Gavri.es","description":"Blog de Gavri.es","publisher":{"@id":"https:\/\/gavri-src.addisnetwork.es\/blog\/#organization"},"potentialAction":[{"@type":"SearchAction","target":{"@type":"EntryPoint","urlTemplate":"https:\/\/gavri-src.addisnetwork.es\/blog\/?s={search_term_string}"},"query-input":{"@type":"PropertyValueSpecification","valueRequired":true,"valueName":"search_term_string"}}],"inLanguage":"es"},{"@type":"Organization","@id":"https:\/\/gavri-src.addisnetwork.es\/blog\/#organization","name":"Blog de Gavri.es","url":"https:\/\/gavri-src.addisnetwork.es\/blog\/","logo":{"@type":"ImageObject","inLanguage":"es","@id":"https:\/\/gavri-src.addisnetwork.es\/blog\/#\/schema\/logo\/image\/","url":"https:\/\/gavri-src.addisnetwork.es\/blog\/wp-content\/uploads\/2021\/01\/cropped-LOGO-gavries-blog-1.png","contentUrl":"https:\/\/gavri-src.addisnetwork.es\/blog\/wp-content\/uploads\/2021\/01\/cropped-LOGO-gavries-blog-1.png","width":520,"height":104,"caption":"Blog de Gavri.es"},"image":{"@id":"https:\/\/gavri-src.addisnetwork.es\/blog\/#\/schema\/logo\/image\/"}},{"@type":"Person","@id":"https:\/\/gavri-src.addisnetwork.es\/blog\/#\/schema\/person\/3df0699bd314187860df00e3b73fbf75","name":"Gavri","image":{"@type":"ImageObject","inLanguage":"es","@id":"https:\/\/secure.gravatar.com\/avatar\/6fc6afbbb919cee1ae64c74ed55bf75da72aade68e84f27c0a3a05bd98ccf2a0?s=96&d=mm&r=g","url":"https:\/\/secure.gravatar.com\/avatar\/6fc6afbbb919cee1ae64c74ed55bf75da72aade68e84f27c0a3a05bd98ccf2a0?s=96&d=mm&r=g","contentUrl":"https:\/\/secure.gravatar.com\/avatar\/6fc6afbbb919cee1ae64c74ed55bf75da72aade68e84f27c0a3a05bd98ccf2a0?s=96&d=mm&r=g","caption":"Gavri"},"sameAs":["https:\/\/gavri.es\/blog"]}]}},"_links":{"self":[{"href":"https:\/\/gavri-src.addisnetwork.es\/blog\/wp-json\/wp\/v2\/posts\/844","targetHints":{"allow":["GET"]}}],"collection":[{"href":"https:\/\/gavri-src.addisnetwork.es\/blog\/wp-json\/wp\/v2\/posts"}],"about":[{"href":"https:\/\/gavri-src.addisnetwork.es\/blog\/wp-json\/wp\/v2\/types\/post"}],"author":[{"embeddable":true,"href":"https:\/\/gavri-src.addisnetwork.es\/blog\/wp-json\/wp\/v2\/users\/1"}],"replies":[{"embeddable":true,"href":"https:\/\/gavri-src.addisnetwork.es\/blog\/wp-json\/wp\/v2\/comments?post=844"}],"version-history":[{"count":1,"href":"https:\/\/gavri-src.addisnetwork.es\/blog\/wp-json\/wp\/v2\/posts\/844\/revisions"}],"predecessor-version":[{"id":850,"href":"https:\/\/gavri-src.addisnetwork.es\/blog\/wp-json\/wp\/v2\/posts\/844\/revisions\/850"}],"wp:attachment":[{"href":"https:\/\/gavri-src.addisnetwork.es\/blog\/wp-json\/wp\/v2\/media?parent=844"}],"wp:term":[{"taxonomy":"category","embeddable":true,"href":"https:\/\/gavri-src.addisnetwork.es\/blog\/wp-json\/wp\/v2\/categories?post=844"},{"taxonomy":"post_tag","embeddable":true,"href":"https:\/\/gavri-src.addisnetwork.es\/blog\/wp-json\/wp\/v2\/tags?post=844"}],"curies":[{"name":"wp","href":"https:\/\/api.w.org\/{rel}","templated":true}]}}