{"id":858,"date":"2023-06-14T11:18:07","date_gmt":"2023-06-14T11:18:07","guid":{"rendered":"https:\/\/gavri.es\/blog\/?p=858"},"modified":"2023-06-14T11:18:15","modified_gmt":"2023-06-14T11:18:15","slug":"ventiladores-techo-exterior-manten-ambiente-fresco","status":"publish","type":"post","link":"https:\/\/gavri-src.addisnetwork.es\/blog\/ventiladores-techo-exterior-manten-ambiente-fresco.html","title":{"rendered":"Ventiladores de techo para exterior: mant\u00e9n un ambiente fresco"},"content":{"rendered":"\n<p>Los ventiladores de techo son siempre una gran opci\u00f3n para ventilar cualquier estancia de nuestro hogar. Pero \u00bfhas pensado en colocar uno en el jard\u00edn?<\/p>\n\n\n\n<p>Cuando se trata de disfrutar de nuestros espacios al aire libre, mantener un ambiente fresco y c\u00f3modo es esencial. Por eso, los ventiladores para exterior son la soluci\u00f3n perfecta para refrescar y mejorar cualquier espacio al aire libre, ya sea un patio, terraza, porche o \u00e1rea de jard\u00edn.<\/p>\n\n\n\n<p>Estos ventiladores combinan estilo y funcionalidad para brindar una brisa refrescante y agradable mientras disfrutas de tus momentos al aire libre.<\/p>\n\n\n\n<p>En <a href=\"https:\/\/gavri.es\/\">Gavri<\/a> queremos mostrarte los beneficios que tienen en los exteriores con este post. Aqu\u00ed te contaremos las consideraciones clave al elegir uno y la importancia de su instalaci\u00f3n y mantenimiento adecuados.<\/p>\n\n\n\n<p>Descubre c\u00f3mo los ventiladores de techo para exterior pueden transformar tu espacio al aire libre en un refugio fresco y acogedor. As\u00ed disfrutar\u00e1s plenamente de tus actividades al aire libre sin importar el calor del d\u00eda.<\/p>\n\n\n\n<p>\u00a1Sigue leyendo!<\/p>\n\n\n\n<!--more-->\n\n\n\n<h2 class=\"wp-block-heading\"><strong>Beneficios de los ventiladores de techo para exterior<\/strong><\/h2>\n\n\n\n<p>Cuando se trata de crear un espacio al aire libre <strong>c\u00f3modo y agradable<\/strong>, los ventiladores de techo para exterior son una opci\u00f3n fant\u00e1stica. Estos ventiladores no solo a\u00f1aden un toque de estilo a tu patio, terraza o porche, sino que tambi\u00e9n ofrecen una serie de beneficios clave.<\/p>\n\n\n\n<p>Aqu\u00ed te presentamos algunos de los beneficios de los ventiladores de techo para exterior:<\/p>\n\n\n\n<ul class=\"wp-block-list\">\n<li><strong>Refrescan el ambiente<\/strong>. Los ventiladores proporcionan una brisa suave que ayuda a mantener un ambiente fresco y agradable, evitando la sensaci\u00f3n de bochorno.<\/li>\n\n\n\n<li><strong>Disuaden a los insectos<\/strong>. La brisa generada por el ventilador puede dificultar el vuelo de los insectos y reducir su presencia en tu espacio al aire libre. Esto hace que tus momentos al aire libre sean m\u00e1s agradables y libres de molestias.<\/li>\n\n\n\n<li><strong>Distribuyen el calor<\/strong>. Los ventiladores no solo son \u00fatiles en verano, sino tambi\u00e9n en otras estaciones del a\u00f1o. Durante el invierno, los ventiladores de techo pueden ayudar a distribuir el calor de manera m\u00e1s uniforme. Al cambiar la direcci\u00f3n de rotaci\u00f3n de las aspas, puedes aprovechar el calor acumulado en el techo y dispersarlo por toda el \u00e1rea.<\/li>\n<\/ul>\n\n\n\n<h3 class=\"wp-block-heading\"><strong>Consideraciones al elegir un ventilador de techo para exterior<\/strong><\/h3>\n\n\n\n<p>Al elegir un ventilador de techo para exterior, es importante tener en cuenta algunos aspectos clave. Aqu\u00ed hay algunas consideraciones a tener en mente<\/p>\n\n\n\n<ul class=\"wp-block-list\">\n<li><strong>Resistencia a la intemperie<\/strong>. Aseg\u00farate de que el ventilador est\u00e9 dise\u00f1ado con materiales resistentes, como el acero inoxidable, aluminio o pl\u00e1stico duradero. Por ejemplo, nuestro <a href=\"https:\/\/gavri.es\/inicio\/ventilador-de-techo-vortice-61742-nordik-tropical-ipx5-gris-claro\"><strong>Ventilador de Techo Vortice 61742 NORDIK TROPICAL IPX5<\/strong><\/a> est\u00e1 pensado para usarse en lugares con alta humedad.<\/li>\n\n\n\n<li><strong>Tama\u00f1o del ventilador<\/strong>. Considera el tama\u00f1o de tu espacio al aire libre y elige un ventilador que se ajuste adecuadamente. Aseg\u00farate de que el flujo de aire del ventilador cubra toda el \u00e1rea deseada.<\/li>\n\n\n\n<li><strong>Caracter\u00edsticas adicionales<\/strong>. Algunos ventiladores de techo para exterior vienen con caracter\u00edsticas adicionales, como luces integradas o controles remotos. Eval\u00faa tus necesidades y preferencias para determinar si estas caracter\u00edsticas son importantes para ti.<\/li>\n<\/ul>\n\n\n\n<h4 class=\"wp-block-heading\"><strong>Instalaci\u00f3n y mantenimiento de los ventiladores de techo para exterior<\/strong><\/h4>\n\n\n\n<p>La instalaci\u00f3n adecuada y el mantenimiento regular son fundamentales para garantizar un funcionamiento seguro y eficiente de los ventiladores de techo para exterior.<\/p>\n\n\n\n<p>Antes de instalar el ventilador, aseg\u00farate de <strong>verificar que todas las partes y componentes sean resistentes a la intemperie<\/strong>. Por ejemplo, nuestro <a href=\"https:\/\/gavri.es\/inicio\/ventilador-de-techo-outdoor-classic-bz-pr\"><strong>Ventilador de Techo Outdoor Classic BZ-PR<\/strong><\/a> cuenta con un motor con protecci\u00f3n IP44, ideal para el uso en exteriores. &nbsp;<\/p>\n\n\n\n<p>Por otro lado, debes buscar un ventilador que <strong>brinde resistencia ante la humedad<\/strong>. Para ello, debes verificar que est\u00e9 equipado con las caracter\u00edsticas necesarias, como recubrimientos resistentes a la corrosi\u00f3n. El <a href=\"https:\/\/gavri.es\/inicio\/ventilador-de-techo-vortice-61022-nordik-heavy-duty-base-160cm-gris\"><strong>Ventilador de Techo Vortice 61022 NORDIK HEAVY DUTY BASE<\/strong><\/a> cuenta con protecci\u00f3n IP55 que lo hace resistente al polvo, agua y suciedad.<\/p>\n\n\n\n<p>En resumen, los ventiladores de techo para exterior son una opci\u00f3n fant\u00e1stica para mantener un ambiente fresco y agradable en tu espacio al aire libre. Con un ventilador de techo para exterior adecuado, podr\u00e1s disfrutar plenamente de tus espacios al aire libre, sin importar el clima.<\/p>\n","protected":false},"excerpt":{"rendered":"<p>Los ventiladores de techo son siempre una gran opci\u00f3n para ventilar cualquier estancia de nuestro hogar. Pero \u00bfhas pensado en colocar uno en el jard\u00edn? Cuando se trata de disfrutar de nuestros espacios al aire libre, &#8230; <a title=\"Ventiladores de techo para exterior: mant\u00e9n un ambiente fresco\" class=\"read-more\" href=\"https:\/\/gavri-src.addisnetwork.es\/blog\/ventiladores-techo-exterior-manten-ambiente-fresco.html\" aria-label=\"M\u00e1s en Ventiladores de techo para exterior: mant\u00e9n un ambiente fresco\">Leer m\u00e1s<\/a><\/p>\n","protected":false},"author":2,"featured_media":859,"comment_status":"open","ping_status":"closed","sticky":false,"template":"","format":"standard","meta":{"footnotes":""},"categories":[24],"tags":[8,9,56,103,104],"class_list":["post-858","post","type-post","status-publish","format-standard","has-post-thumbnail","hentry","category-ventiladores-de-techo","tag-ventiladores","tag-ventiladores-de-techo","tag-ventiladores-de-techo-con-luz","tag-ventiladores-de-techo-para-exterior","tag-ventiladores-para-exterior","generate-columns","tablet-grid-50","mobile-grid-100","grid-parent","grid-50","no-featured-image-padding"],"yoast_head":"<!-- This site is optimized with the Yoast SEO plugin v27.5 - https:\/\/yoast.com\/product\/yoast-seo-wordpress\/ -->\n<title>Ventiladores de techo para exterior: mant\u00e9n un ambiente fresco<\/title>\n<meta name=\"description\" content=\"Los ventiladores de techo tambi\u00e9n son perfectos para refrescar espacios en el exterior. \u00bfQuieres conocer sus beneficios? \u00a1Ven a Gavri para conocerlos!\" \/>\n<meta name=\"robots\" content=\"index, follow, max-snippet:-1, max-image-preview:large, max-video-preview:-1\" \/>\n<link rel=\"canonical\" href=\"https:\/\/gavri-src.addisnetwork.es\/blog\/ventiladores-techo-exterior-manten-ambiente-fresco.html\" \/>\n<meta property=\"og:locale\" content=\"es_ES\" \/>\n<meta property=\"og:type\" content=\"article\" \/>\n<meta property=\"og:title\" content=\"Ventiladores de techo para exterior: mant\u00e9n un ambiente fresco\" \/>\n<meta property=\"og:description\" content=\"Los ventiladores de techo tambi\u00e9n son perfectos para refrescar espacios en el exterior. \u00bfQuieres conocer sus beneficios? \u00a1Ven a Gavri para conocerlos!\" \/>\n<meta property=\"og:url\" content=\"https:\/\/gavri-src.addisnetwork.es\/blog\/ventiladores-techo-exterior-manten-ambiente-fresco.html\" \/>\n<meta property=\"og:site_name\" content=\"Blog de Gavri.es\" \/>\n<meta property=\"article:published_time\" content=\"2023-06-14T11:18:07+00:00\" \/>\n<meta property=\"article:modified_time\" content=\"2023-06-14T11:18:15+00:00\" \/>\n<meta property=\"og:image\" content=\"https:\/\/gavri-src.addisnetwork.es\/blog\/wp-content\/uploads\/2023\/06\/Ventiladores-de-techo-para-exterior-manten-un-ambiente-fresco.jpg\" \/>\n\t<meta property=\"og:image:width\" content=\"917\" \/>\n\t<meta property=\"og:image:height\" content=\"542\" \/>\n\t<meta property=\"og:image:type\" content=\"image\/jpeg\" \/>\n<meta name=\"author\" content=\"T\u00e9cnico Gavri\" \/>\n<meta name=\"twitter:card\" content=\"summary_large_image\" \/>\n<meta name=\"twitter:label1\" content=\"Escrito por\" \/>\n\t<meta name=\"twitter:data1\" content=\"T\u00e9cnico Gavri\" \/>\n\t<meta name=\"twitter:label2\" content=\"Tiempo de lectura\" \/>\n\t<meta name=\"twitter:data2\" content=\"3 minutos\" \/>\n<script type=\"application\/ld+json\" class=\"yoast-schema-graph\">{\"@context\":\"https:\\\/\\\/schema.org\",\"@graph\":[{\"@type\":\"Article\",\"@id\":\"https:\\\/\\\/gavri-src.addisnetwork.es\\\/blog\\\/ventiladores-techo-exterior-manten-ambiente-fresco.html#article\",\"isPartOf\":{\"@id\":\"https:\\\/\\\/gavri-src.addisnetwork.es\\\/blog\\\/ventiladores-techo-exterior-manten-ambiente-fresco.html\"},\"author\":{\"name\":\"T\u00e9cnico Gavri\",\"@id\":\"https:\\\/\\\/gavri-src.addisnetwork.es\\\/blog\\\/#\\\/schema\\\/person\\\/587329a98b34cfdbbfd1e7fbe7b65296\"},\"headline\":\"Ventiladores de techo para exterior: mant\u00e9n un ambiente fresco\",\"datePublished\":\"2023-06-14T11:18:07+00:00\",\"dateModified\":\"2023-06-14T11:18:15+00:00\",\"mainEntityOfPage\":{\"@id\":\"https:\\\/\\\/gavri-src.addisnetwork.es\\\/blog\\\/ventiladores-techo-exterior-manten-ambiente-fresco.html\"},\"wordCount\":720,\"commentCount\":0,\"publisher\":{\"@id\":\"https:\\\/\\\/gavri-src.addisnetwork.es\\\/blog\\\/#organization\"},\"image\":{\"@id\":\"https:\\\/\\\/gavri-src.addisnetwork.es\\\/blog\\\/ventiladores-techo-exterior-manten-ambiente-fresco.html#primaryimage\"},\"thumbnailUrl\":\"https:\\\/\\\/gavri-src.addisnetwork.es\\\/blog\\\/wp-content\\\/uploads\\\/2023\\\/06\\\/Ventiladores-de-techo-para-exterior-manten-un-ambiente-fresco.jpg\",\"keywords\":[\"ventiladores\",\"ventiladores de techo\",\"ventiladores de techo con luz\",\"ventiladores de techo para exterior\",\"ventiladores para exterior\"],\"articleSection\":[\"Ventiladores de techo\"],\"inLanguage\":\"es\",\"potentialAction\":[{\"@type\":\"CommentAction\",\"name\":\"Comment\",\"target\":[\"https:\\\/\\\/gavri-src.addisnetwork.es\\\/blog\\\/ventiladores-techo-exterior-manten-ambiente-fresco.html#respond\"]}]},{\"@type\":\"WebPage\",\"@id\":\"https:\\\/\\\/gavri-src.addisnetwork.es\\\/blog\\\/ventiladores-techo-exterior-manten-ambiente-fresco.html\",\"url\":\"https:\\\/\\\/gavri-src.addisnetwork.es\\\/blog\\\/ventiladores-techo-exterior-manten-ambiente-fresco.html\",\"name\":\"Ventiladores de techo para exterior: mant\u00e9n un ambiente fresco\",\"isPartOf\":{\"@id\":\"https:\\\/\\\/gavri-src.addisnetwork.es\\\/blog\\\/#website\"},\"primaryImageOfPage\":{\"@id\":\"https:\\\/\\\/gavri-src.addisnetwork.es\\\/blog\\\/ventiladores-techo-exterior-manten-ambiente-fresco.html#primaryimage\"},\"image\":{\"@id\":\"https:\\\/\\\/gavri-src.addisnetwork.es\\\/blog\\\/ventiladores-techo-exterior-manten-ambiente-fresco.html#primaryimage\"},\"thumbnailUrl\":\"https:\\\/\\\/gavri-src.addisnetwork.es\\\/blog\\\/wp-content\\\/uploads\\\/2023\\\/06\\\/Ventiladores-de-techo-para-exterior-manten-un-ambiente-fresco.jpg\",\"datePublished\":\"2023-06-14T11:18:07+00:00\",\"dateModified\":\"2023-06-14T11:18:15+00:00\",\"description\":\"Los ventiladores de techo tambi\u00e9n son perfectos para refrescar espacios en el exterior. \u00bfQuieres conocer sus beneficios? \u00a1Ven a Gavri para conocerlos!\",\"breadcrumb\":{\"@id\":\"https:\\\/\\\/gavri-src.addisnetwork.es\\\/blog\\\/ventiladores-techo-exterior-manten-ambiente-fresco.html#breadcrumb\"},\"inLanguage\":\"es\",\"potentialAction\":[{\"@type\":\"ReadAction\",\"target\":[\"https:\\\/\\\/gavri-src.addisnetwork.es\\\/blog\\\/ventiladores-techo-exterior-manten-ambiente-fresco.html\"]}]},{\"@type\":\"ImageObject\",\"inLanguage\":\"es\",\"@id\":\"https:\\\/\\\/gavri-src.addisnetwork.es\\\/blog\\\/ventiladores-techo-exterior-manten-ambiente-fresco.html#primaryimage\",\"url\":\"https:\\\/\\\/gavri-src.addisnetwork.es\\\/blog\\\/wp-content\\\/uploads\\\/2023\\\/06\\\/Ventiladores-de-techo-para-exterior-manten-un-ambiente-fresco.jpg\",\"contentUrl\":\"https:\\\/\\\/gavri-src.addisnetwork.es\\\/blog\\\/wp-content\\\/uploads\\\/2023\\\/06\\\/Ventiladores-de-techo-para-exterior-manten-un-ambiente-fresco.jpg\",\"width\":917,\"height\":542,\"caption\":\"Ventiladores de techo para exterior, mant\u00e9n un ambiente fresco\"},{\"@type\":\"BreadcrumbList\",\"@id\":\"https:\\\/\\\/gavri-src.addisnetwork.es\\\/blog\\\/ventiladores-techo-exterior-manten-ambiente-fresco.html#breadcrumb\",\"itemListElement\":[{\"@type\":\"ListItem\",\"position\":1,\"name\":\"Portada\",\"item\":\"https:\\\/\\\/gavri-src.addisnetwork.es\\\/blog\"},{\"@type\":\"ListItem\",\"position\":2,\"name\":\"Ventiladores de techo para exterior: mant\u00e9n un ambiente fresco\"}]},{\"@type\":\"WebSite\",\"@id\":\"https:\\\/\\\/gavri-src.addisnetwork.es\\\/blog\\\/#website\",\"url\":\"https:\\\/\\\/gavri-src.addisnetwork.es\\\/blog\\\/\",\"name\":\"Blog de Gavri.es\",\"description\":\"Blog de Gavri.es\",\"publisher\":{\"@id\":\"https:\\\/\\\/gavri-src.addisnetwork.es\\\/blog\\\/#organization\"},\"potentialAction\":[{\"@type\":\"SearchAction\",\"target\":{\"@type\":\"EntryPoint\",\"urlTemplate\":\"https:\\\/\\\/gavri-src.addisnetwork.es\\\/blog\\\/?s={search_term_string}\"},\"query-input\":{\"@type\":\"PropertyValueSpecification\",\"valueRequired\":true,\"valueName\":\"search_term_string\"}}],\"inLanguage\":\"es\"},{\"@type\":\"Organization\",\"@id\":\"https:\\\/\\\/gavri-src.addisnetwork.es\\\/blog\\\/#organization\",\"name\":\"Blog de Gavri.es\",\"url\":\"https:\\\/\\\/gavri-src.addisnetwork.es\\\/blog\\\/\",\"logo\":{\"@type\":\"ImageObject\",\"inLanguage\":\"es\",\"@id\":\"https:\\\/\\\/gavri-src.addisnetwork.es\\\/blog\\\/#\\\/schema\\\/logo\\\/image\\\/\",\"url\":\"https:\\\/\\\/gavri-src.addisnetwork.es\\\/blog\\\/wp-content\\\/uploads\\\/2021\\\/01\\\/cropped-LOGO-gavries-blog-1.png\",\"contentUrl\":\"https:\\\/\\\/gavri-src.addisnetwork.es\\\/blog\\\/wp-content\\\/uploads\\\/2021\\\/01\\\/cropped-LOGO-gavries-blog-1.png\",\"width\":520,\"height\":104,\"caption\":\"Blog de Gavri.es\"},\"image\":{\"@id\":\"https:\\\/\\\/gavri-src.addisnetwork.es\\\/blog\\\/#\\\/schema\\\/logo\\\/image\\\/\"}},{\"@type\":\"Person\",\"@id\":\"https:\\\/\\\/gavri-src.addisnetwork.es\\\/blog\\\/#\\\/schema\\\/person\\\/587329a98b34cfdbbfd1e7fbe7b65296\",\"name\":\"T\u00e9cnico Gavri\",\"image\":{\"@type\":\"ImageObject\",\"inLanguage\":\"es\",\"@id\":\"https:\\\/\\\/secure.gravatar.com\\\/avatar\\\/05be1fcb2076939c113859ec2cf09bc4b6b366950c2e7c2d51962780ab5e6d80?s=96&d=mm&r=g\",\"url\":\"https:\\\/\\\/secure.gravatar.com\\\/avatar\\\/05be1fcb2076939c113859ec2cf09bc4b6b366950c2e7c2d51962780ab5e6d80?s=96&d=mm&r=g\",\"contentUrl\":\"https:\\\/\\\/secure.gravatar.com\\\/avatar\\\/05be1fcb2076939c113859ec2cf09bc4b6b366950c2e7c2d51962780ab5e6d80?s=96&d=mm&r=g\",\"caption\":\"T\u00e9cnico Gavri\"}}]}<\/script>\n<!-- \/ Yoast SEO plugin. -->","yoast_head_json":{"title":"Ventiladores de techo para exterior: mant\u00e9n un ambiente fresco","description":"Los ventiladores de techo tambi\u00e9n son perfectos para refrescar espacios en el exterior. \u00bfQuieres conocer sus beneficios? \u00a1Ven a Gavri para conocerlos!","robots":{"index":"index","follow":"follow","max-snippet":"max-snippet:-1","max-image-preview":"max-image-preview:large","max-video-preview":"max-video-preview:-1"},"canonical":"https:\/\/gavri-src.addisnetwork.es\/blog\/ventiladores-techo-exterior-manten-ambiente-fresco.html","og_locale":"es_ES","og_type":"article","og_title":"Ventiladores de techo para exterior: mant\u00e9n un ambiente fresco","og_description":"Los ventiladores de techo tambi\u00e9n son perfectos para refrescar espacios en el exterior. \u00bfQuieres conocer sus beneficios? \u00a1Ven a Gavri para conocerlos!","og_url":"https:\/\/gavri-src.addisnetwork.es\/blog\/ventiladores-techo-exterior-manten-ambiente-fresco.html","og_site_name":"Blog de Gavri.es","article_published_time":"2023-06-14T11:18:07+00:00","article_modified_time":"2023-06-14T11:18:15+00:00","og_image":[{"width":917,"height":542,"url":"https:\/\/gavri-src.addisnetwork.es\/blog\/wp-content\/uploads\/2023\/06\/Ventiladores-de-techo-para-exterior-manten-un-ambiente-fresco.jpg","type":"image\/jpeg"}],"author":"T\u00e9cnico Gavri","twitter_card":"summary_large_image","twitter_misc":{"Escrito por":"T\u00e9cnico Gavri","Tiempo de lectura":"3 minutos"},"schema":{"@context":"https:\/\/schema.org","@graph":[{"@type":"Article","@id":"https:\/\/gavri-src.addisnetwork.es\/blog\/ventiladores-techo-exterior-manten-ambiente-fresco.html#article","isPartOf":{"@id":"https:\/\/gavri-src.addisnetwork.es\/blog\/ventiladores-techo-exterior-manten-ambiente-fresco.html"},"author":{"name":"T\u00e9cnico Gavri","@id":"https:\/\/gavri-src.addisnetwork.es\/blog\/#\/schema\/person\/587329a98b34cfdbbfd1e7fbe7b65296"},"headline":"Ventiladores de techo para exterior: mant\u00e9n un ambiente fresco","datePublished":"2023-06-14T11:18:07+00:00","dateModified":"2023-06-14T11:18:15+00:00","mainEntityOfPage":{"@id":"https:\/\/gavri-src.addisnetwork.es\/blog\/ventiladores-techo-exterior-manten-ambiente-fresco.html"},"wordCount":720,"commentCount":0,"publisher":{"@id":"https:\/\/gavri-src.addisnetwork.es\/blog\/#organization"},"image":{"@id":"https:\/\/gavri-src.addisnetwork.es\/blog\/ventiladores-techo-exterior-manten-ambiente-fresco.html#primaryimage"},"thumbnailUrl":"https:\/\/gavri-src.addisnetwork.es\/blog\/wp-content\/uploads\/2023\/06\/Ventiladores-de-techo-para-exterior-manten-un-ambiente-fresco.jpg","keywords":["ventiladores","ventiladores de techo","ventiladores de techo con luz","ventiladores de techo para exterior","ventiladores para exterior"],"articleSection":["Ventiladores de techo"],"inLanguage":"es","potentialAction":[{"@type":"CommentAction","name":"Comment","target":["https:\/\/gavri-src.addisnetwork.es\/blog\/ventiladores-techo-exterior-manten-ambiente-fresco.html#respond"]}]},{"@type":"WebPage","@id":"https:\/\/gavri-src.addisnetwork.es\/blog\/ventiladores-techo-exterior-manten-ambiente-fresco.html","url":"https:\/\/gavri-src.addisnetwork.es\/blog\/ventiladores-techo-exterior-manten-ambiente-fresco.html","name":"Ventiladores de techo para exterior: mant\u00e9n un ambiente fresco","isPartOf":{"@id":"https:\/\/gavri-src.addisnetwork.es\/blog\/#website"},"primaryImageOfPage":{"@id":"https:\/\/gavri-src.addisnetwork.es\/blog\/ventiladores-techo-exterior-manten-ambiente-fresco.html#primaryimage"},"image":{"@id":"https:\/\/gavri-src.addisnetwork.es\/blog\/ventiladores-techo-exterior-manten-ambiente-fresco.html#primaryimage"},"thumbnailUrl":"https:\/\/gavri-src.addisnetwork.es\/blog\/wp-content\/uploads\/2023\/06\/Ventiladores-de-techo-para-exterior-manten-un-ambiente-fresco.jpg","datePublished":"2023-06-14T11:18:07+00:00","dateModified":"2023-06-14T11:18:15+00:00","description":"Los ventiladores de techo tambi\u00e9n son perfectos para refrescar espacios en el exterior. \u00bfQuieres conocer sus beneficios? \u00a1Ven a Gavri para conocerlos!","breadcrumb":{"@id":"https:\/\/gavri-src.addisnetwork.es\/blog\/ventiladores-techo-exterior-manten-ambiente-fresco.html#breadcrumb"},"inLanguage":"es","potentialAction":[{"@type":"ReadAction","target":["https:\/\/gavri-src.addisnetwork.es\/blog\/ventiladores-techo-exterior-manten-ambiente-fresco.html"]}]},{"@type":"ImageObject","inLanguage":"es","@id":"https:\/\/gavri-src.addisnetwork.es\/blog\/ventiladores-techo-exterior-manten-ambiente-fresco.html#primaryimage","url":"https:\/\/gavri-src.addisnetwork.es\/blog\/wp-content\/uploads\/2023\/06\/Ventiladores-de-techo-para-exterior-manten-un-ambiente-fresco.jpg","contentUrl":"https:\/\/gavri-src.addisnetwork.es\/blog\/wp-content\/uploads\/2023\/06\/Ventiladores-de-techo-para-exterior-manten-un-ambiente-fresco.jpg","width":917,"height":542,"caption":"Ventiladores de techo para exterior, mant\u00e9n un ambiente fresco"},{"@type":"BreadcrumbList","@id":"https:\/\/gavri-src.addisnetwork.es\/blog\/ventiladores-techo-exterior-manten-ambiente-fresco.html#breadcrumb","itemListElement":[{"@type":"ListItem","position":1,"name":"Portada","item":"https:\/\/gavri-src.addisnetwork.es\/blog"},{"@type":"ListItem","position":2,"name":"Ventiladores de techo para exterior: mant\u00e9n un ambiente fresco"}]},{"@type":"WebSite","@id":"https:\/\/gavri-src.addisnetwork.es\/blog\/#website","url":"https:\/\/gavri-src.addisnetwork.es\/blog\/","name":"Blog de Gavri.es","description":"Blog de Gavri.es","publisher":{"@id":"https:\/\/gavri-src.addisnetwork.es\/blog\/#organization"},"potentialAction":[{"@type":"SearchAction","target":{"@type":"EntryPoint","urlTemplate":"https:\/\/gavri-src.addisnetwork.es\/blog\/?s={search_term_string}"},"query-input":{"@type":"PropertyValueSpecification","valueRequired":true,"valueName":"search_term_string"}}],"inLanguage":"es"},{"@type":"Organization","@id":"https:\/\/gavri-src.addisnetwork.es\/blog\/#organization","name":"Blog de Gavri.es","url":"https:\/\/gavri-src.addisnetwork.es\/blog\/","logo":{"@type":"ImageObject","inLanguage":"es","@id":"https:\/\/gavri-src.addisnetwork.es\/blog\/#\/schema\/logo\/image\/","url":"https:\/\/gavri-src.addisnetwork.es\/blog\/wp-content\/uploads\/2021\/01\/cropped-LOGO-gavries-blog-1.png","contentUrl":"https:\/\/gavri-src.addisnetwork.es\/blog\/wp-content\/uploads\/2021\/01\/cropped-LOGO-gavries-blog-1.png","width":520,"height":104,"caption":"Blog de Gavri.es"},"image":{"@id":"https:\/\/gavri-src.addisnetwork.es\/blog\/#\/schema\/logo\/image\/"}},{"@type":"Person","@id":"https:\/\/gavri-src.addisnetwork.es\/blog\/#\/schema\/person\/587329a98b34cfdbbfd1e7fbe7b65296","name":"T\u00e9cnico Gavri","image":{"@type":"ImageObject","inLanguage":"es","@id":"https:\/\/secure.gravatar.com\/avatar\/05be1fcb2076939c113859ec2cf09bc4b6b366950c2e7c2d51962780ab5e6d80?s=96&d=mm&r=g","url":"https:\/\/secure.gravatar.com\/avatar\/05be1fcb2076939c113859ec2cf09bc4b6b366950c2e7c2d51962780ab5e6d80?s=96&d=mm&r=g","contentUrl":"https:\/\/secure.gravatar.com\/avatar\/05be1fcb2076939c113859ec2cf09bc4b6b366950c2e7c2d51962780ab5e6d80?s=96&d=mm&r=g","caption":"T\u00e9cnico Gavri"}}]}},"_links":{"self":[{"href":"https:\/\/gavri-src.addisnetwork.es\/blog\/wp-json\/wp\/v2\/posts\/858","targetHints":{"allow":["GET"]}}],"collection":[{"href":"https:\/\/gavri-src.addisnetwork.es\/blog\/wp-json\/wp\/v2\/posts"}],"about":[{"href":"https:\/\/gavri-src.addisnetwork.es\/blog\/wp-json\/wp\/v2\/types\/post"}],"author":[{"embeddable":true,"href":"https:\/\/gavri-src.addisnetwork.es\/blog\/wp-json\/wp\/v2\/users\/2"}],"replies":[{"embeddable":true,"href":"https:\/\/gavri-src.addisnetwork.es\/blog\/wp-json\/wp\/v2\/comments?post=858"}],"version-history":[{"count":1,"href":"https:\/\/gavri-src.addisnetwork.es\/blog\/wp-json\/wp\/v2\/posts\/858\/revisions"}],"predecessor-version":[{"id":860,"href":"https:\/\/gavri-src.addisnetwork.es\/blog\/wp-json\/wp\/v2\/posts\/858\/revisions\/860"}],"wp:featuredmedia":[{"embeddable":true,"href":"https:\/\/gavri-src.addisnetwork.es\/blog\/wp-json\/wp\/v2\/media\/859"}],"wp:attachment":[{"href":"https:\/\/gavri-src.addisnetwork.es\/blog\/wp-json\/wp\/v2\/media?parent=858"}],"wp:term":[{"taxonomy":"category","embeddable":true,"href":"https:\/\/gavri-src.addisnetwork.es\/blog\/wp-json\/wp\/v2\/categories?post=858"},{"taxonomy":"post_tag","embeddable":true,"href":"https:\/\/gavri-src.addisnetwork.es\/blog\/wp-json\/wp\/v2\/tags?post=858"}],"curies":[{"name":"wp","href":"https:\/\/api.w.org\/{rel}","templated":true}]}}